{"id":101,"date":"2016-03-22T12:33:28","date_gmt":"2016-03-22T11:33:28","guid":{"rendered":"https:\/\/sudile.com\/paue\/?p=101"},"modified":"2016-09-18T10:46:20","modified_gmt":"2016-09-18T08:46:20","slug":"geschaeftsnachfolge-auf-muellers-gefluegelhof-in-bienenfarm","status":"publish","type":"post","link":"https:\/\/paulinenaue.info\/index.php\/geschaeftsnachfolge-auf-muellers-gefluegelhof-in-bienenfarm\/","title":{"rendered":"Gesch\u00e4ftsnachfolge auf M\u00fcllers Gefl\u00fcgelhof in Bienenfarm"},"content":{"rendered":"<p><em>Joachim Scholz, Walburga M\u00fcller<\/em><\/p>\n<p>01.01.2013. Zu Jahresbeginn 2013 wurde auf dem Bienenfarmer\u00a0<a title=\"Website Gefl\u00fcgelhof\" href=\"http:\/\/www.gefluegelhof-bienenfarm.de\/\">\u201eGefl\u00fcgelhof M\u00fcller\u201c<\/a>die Gesch\u00e4ftsf\u00fchrung von den Gr\u00fcndern Walburga und Erhard M\u00fcller an die n\u00e4chste Generation weiter gegeben. Tochter Stephanie und Schwiegersohn Dominique M\u00fcller sind selbst in Bienenfarm zu Hause und seit Jahren mit den Abl\u00e4ufen vertraut.<\/p>\n<p class=\"bildunterschrift-ng\"><img class=\"lazyload\" decoding=\"async\" title=\"Dominique und Stephanie M\u00fcller\" src=\"data:image\/gif;base64,R0lGODlhAQABAAAAACH5BAEKAAEALAAAAAABAAEAAAICTAEAOw==\" data-orig-src=\"http:\/\/paulinenaue.info\/neues\/neues_2013\/fotos\/2013\/20131019_gefluegelmueller_01.jpg\" alt=\"Gesch\u00e4ftsnachfolge\" \/><br \/>\nStephanie und Dominique M\u00fcller f\u00fchren seit Jahresbeginn das Familienunternehmen in der zweiten Generation. Foto: Famile M\u00fcller, 2005.<\/p>\n<p>&nbsp;<\/p>\n<p class=\"titel\">M\u00fcllers Gefl\u00fcgelhof \u2013 ein kurzes Unternehmensportrait<\/p>\n<p class=\"autor\">von Walburga M\u00fcller<\/p>\n<p>Unser direkt neben dem Flugplatz Bienenfarm gelegener Gefl\u00fcgelhof ist seit 1991 Arbeitgeber in der Region und stets bem\u00fcht, die W\u00fcnsche vieler zufriedener Stamm- und Neukunden im ganzen Land Brandenburg und Berlin zu erf\u00fcllen. Der Gefl\u00fcgelhof ist ein Handelsunternehmen, in dem Junggefl\u00fcgel und Kaninchen aufgezogen und je nach Bedarf und Nachfrage sowohl zur Weiterzucht als auch k\u00fcchenfertig ab Hof verkauft werden.<\/p>\n<p>Zum st\u00e4ndigen Sortiment z\u00e4hlen auch selbstverst\u00e4ndlich frische Eier, Futtermittel und Zubeh\u00f6r. Dar\u00fcber hinaus ist ein mobiles Verkaufsfahrzeug in regelm\u00e4\u00dfigen Abst\u00e4nden in vielen Orten des Landes Brandenburg mit seinem Angebot unterwegs.<\/p>\n<p>Ein weiteres Standbein des Unternehmens war bisher die Schlachtung von kundeneigenem Gefl\u00fcgel gegen Entgelt. Die Tiere wurden geschlachtet, gerupft und ausgeweidet und gingen dann k\u00fcchenfertig an den Eigent\u00fcmer zur\u00fcck.<\/p>\n<p class=\"bildunterschrift-ng\"><img class=\"lazyload\" decoding=\"async\" title=\"M\u00fcllers Gefl\u00fcgelhof in einer Luftaufnahme\" src=\"data:image\/gif;base64,R0lGODlhAQABAAAAACH5BAEKAAEALAAAAAABAAEAAAICTAEAOw==\" data-orig-src=\"http:\/\/paulinenaue.info\/neues\/neues_2013\/fotos\/04_orte\/bienenfarm_gefluegelhof_2001_01.jpg\" alt=\"M\u00fcllers Gefl\u00fcgelhof Luftaufnahme\" \/><br \/>\nM\u00fcllers Gefl\u00fcgelhof in einer Luftaufnahme. Foto: Familie M\u00fcller.<\/p>\n<p>Seit 01.01.2013 ist das Unternehmen an die n\u00e4chste Generation \u00fcbergeben worden. Diese Verj\u00fcngung war gesundheits- und altersbedingt notwendig geworden und liegt bei Schwiegersohn Dominique M\u00fcller in guten H\u00e4nden. Er ist bem\u00fcht, diesen ganz besonderen Service des Unternehmens bestm\u00f6glich weiterzuf\u00fchren und sich den Herausforderungen zu stellen.<\/p>\n<p>Der Hofladen von \u201eM\u00fcller\u00b4s Gefl\u00fcgel- und Futterservice\u201c in 14641 Paulinenaue, OT Selbelang, Bienenfarm Nr. 9a ist von Montag bis Freitag zwischen 9 und 17 Uhr und samstags von 9 bis 14 Uhr f\u00fcr Sie ge\u00f6ffnet.<\/p>\n","protected":false},"excerpt":{"rendered":"<p>Joachim Scholz, Walburga M\u00fcller 01.01.2013. Zu Jahresbeginn 2013 wurde auf [&hellip;]<\/p>\n","protected":false},"author":1,"featured_media":305,"comment_status":"open","ping_status":"open","sticky":false,"template":"","format":"standard","meta":{"_acf_changed":false,"_price":"","_stock":"","_tribe_ticket_header":"","_tribe_default_ticket_provider":"","_tribe_ticket_capacity":"0","_ticket_start_date":"","_ticket_end_date":"","_tribe_ticket_show_description":"","_tribe_ticket_show_not_going":false,"_tribe_ticket_use_global_stock":"","_tribe_ticket_global_stock_level":"","_global_stock_mode":"","_global_stock_cap":"","_tribe_rsvp_for_event":"","_tribe_ticket_going_count":"","_tribe_ticket_not_going_count":"","_tribe_tickets_list":"[]","_tribe_ticket_has_attendee_info_fields":false,"jetpack_post_was_ever_published":false,"_jetpack_newsletter_access":"","_jetpack_dont_email_post_to_subs":false,"_jetpack_newsletter_tier_id":0,"_jetpack_memberships_contains_paywalled_content":false,"_jetpack_memberships_contains_paid_content":false,"footnotes":"","jetpack_publicize_message":"","jetpack_publicize_feature_enabled":true,"jetpack_social_post_already_shared":false,"jetpack_social_options":{"image_generator_settings":{"template":"highway","default_image_id":0,"font":"","enabled":false},"version":2}},"categories":[6,25],"tags":[],"class_list":["post-101","post","type-post","status-publish","format-standard","has-post-thumbnail","hentry","category-hier-zuhause","category-wirtschaft"],"acf":[],"yoast_head":"<!-- This site is optimized with the Yoast SEO plugin v27.5 - https:\/\/yoast.com\/product\/yoast-seo-wordpress\/ -->\n<title>Gesch\u00e4ftsnachfolge auf M\u00fcllers Gefl\u00fcgelhof in Bienenfarm - Paulinenaue<\/title>\n<meta name=\"robots\" content=\"index, follow, max-snippet:-1, max-image-preview:large, max-video-preview:-1\" \/>\n<link rel=\"canonical\" href=\"https:\/\/paulinenaue.info\/index.php\/geschaeftsnachfolge-auf-muellers-gefluegelhof-in-bienenfarm\/\" \/>\n<meta property=\"og:locale\" content=\"de_DE\" \/>\n<meta property=\"og:type\" content=\"article\" \/>\n<meta property=\"og:title\" content=\"Gesch\u00e4ftsnachfolge auf M\u00fcllers Gefl\u00fcgelhof in Bienenfarm - Paulinenaue\" \/>\n<meta property=\"og:description\" content=\"Joachim Scholz, Walburga M\u00fcller 01.01.2013. Zu Jahresbeginn 2013 wurde auf [&hellip;]\" \/>\n<meta property=\"og:url\" content=\"https:\/\/paulinenaue.info\/index.php\/geschaeftsnachfolge-auf-muellers-gefluegelhof-in-bienenfarm\/\" \/>\n<meta property=\"og:site_name\" content=\"Paulinenaue\" \/>\n<meta property=\"article:published_time\" content=\"2016-03-22T11:33:28+00:00\" \/>\n<meta property=\"article:modified_time\" content=\"2016-09-18T08:46:20+00:00\" \/>\n<meta property=\"og:image\" content=\"https:\/\/i0.wp.com\/paulinenaue.info\/wp-content\/uploads\/2016\/03\/20131019_gefluegelmueller_01.jpg?fit=500%2C321&ssl=1\" \/>\n\t<meta property=\"og:image:width\" content=\"500\" \/>\n\t<meta property=\"og:image:height\" content=\"321\" \/>\n\t<meta property=\"og:image:type\" content=\"image\/jpeg\" \/>\n<meta name=\"author\" content=\"Joachim Scholz\" \/>\n<meta name=\"twitter:card\" content=\"summary_large_image\" \/>\n<meta name=\"twitter:label1\" content=\"Verfasst von\" \/>\n\t<meta name=\"twitter:data1\" content=\"Joachim Scholz\" \/>\n\t<meta name=\"twitter:label2\" content=\"Gesch\u00e4tzte Lesezeit\" \/>\n\t<meta name=\"twitter:data2\" content=\"2\u00a0Minuten\" \/>\n<script type=\"application\/ld+json\" class=\"yoast-schema-graph\">{\"@context\":\"https:\\\/\\\/schema.org\",\"@graph\":[{\"@type\":\"Article\",\"@id\":\"https:\\\/\\\/paulinenaue.info\\\/index.php\\\/geschaeftsnachfolge-auf-muellers-gefluegelhof-in-bienenfarm\\\/#article\",\"isPartOf\":{\"@id\":\"https:\\\/\\\/paulinenaue.info\\\/index.php\\\/geschaeftsnachfolge-auf-muellers-gefluegelhof-in-bienenfarm\\\/\"},\"author\":{\"name\":\"Joachim Scholz\",\"@id\":\"https:\\\/\\\/paulinenaue.info\\\/#\\\/schema\\\/person\\\/3f9e818fd7b69b0d2bd937ac506897cc\"},\"headline\":\"Gesch\u00e4ftsnachfolge auf M\u00fcllers Gefl\u00fcgelhof in Bienenfarm\",\"datePublished\":\"2016-03-22T11:33:28+00:00\",\"dateModified\":\"2016-09-18T08:46:20+00:00\",\"mainEntityOfPage\":{\"@id\":\"https:\\\/\\\/paulinenaue.info\\\/index.php\\\/geschaeftsnachfolge-auf-muellers-gefluegelhof-in-bienenfarm\\\/\"},\"wordCount\":329,\"commentCount\":0,\"image\":{\"@id\":\"https:\\\/\\\/paulinenaue.info\\\/index.php\\\/geschaeftsnachfolge-auf-muellers-gefluegelhof-in-bienenfarm\\\/#primaryimage\"},\"thumbnailUrl\":\"https:\\\/\\\/paulinenaue.info\\\/wp-content\\\/uploads\\\/2016\\\/03\\\/20131019_gefluegelmueller_01.jpg\",\"articleSection\":[\"Hier Zuhause\",\"Wirtschaft\"],\"inLanguage\":\"de\",\"potentialAction\":[{\"@type\":\"CommentAction\",\"name\":\"Comment\",\"target\":[\"https:\\\/\\\/paulinenaue.info\\\/index.php\\\/geschaeftsnachfolge-auf-muellers-gefluegelhof-in-bienenfarm\\\/#respond\"]}]},{\"@type\":\"WebPage\",\"@id\":\"https:\\\/\\\/paulinenaue.info\\\/index.php\\\/geschaeftsnachfolge-auf-muellers-gefluegelhof-in-bienenfarm\\\/\",\"url\":\"https:\\\/\\\/paulinenaue.info\\\/index.php\\\/geschaeftsnachfolge-auf-muellers-gefluegelhof-in-bienenfarm\\\/\",\"name\":\"Gesch\u00e4ftsnachfolge auf M\u00fcllers Gefl\u00fcgelhof in Bienenfarm - Paulinenaue\",\"isPartOf\":{\"@id\":\"https:\\\/\\\/paulinenaue.info\\\/#website\"},\"primaryImageOfPage\":{\"@id\":\"https:\\\/\\\/paulinenaue.info\\\/index.php\\\/geschaeftsnachfolge-auf-muellers-gefluegelhof-in-bienenfarm\\\/#primaryimage\"},\"image\":{\"@id\":\"https:\\\/\\\/paulinenaue.info\\\/index.php\\\/geschaeftsnachfolge-auf-muellers-gefluegelhof-in-bienenfarm\\\/#primaryimage\"},\"thumbnailUrl\":\"https:\\\/\\\/paulinenaue.info\\\/wp-content\\\/uploads\\\/2016\\\/03\\\/20131019_gefluegelmueller_01.jpg\",\"datePublished\":\"2016-03-22T11:33:28+00:00\",\"dateModified\":\"2016-09-18T08:46:20+00:00\",\"author\":{\"@id\":\"https:\\\/\\\/paulinenaue.info\\\/#\\\/schema\\\/person\\\/3f9e818fd7b69b0d2bd937ac506897cc\"},\"breadcrumb\":{\"@id\":\"https:\\\/\\\/paulinenaue.info\\\/index.php\\\/geschaeftsnachfolge-auf-muellers-gefluegelhof-in-bienenfarm\\\/#breadcrumb\"},\"inLanguage\":\"de\",\"potentialAction\":[{\"@type\":\"ReadAction\",\"target\":[\"https:\\\/\\\/paulinenaue.info\\\/index.php\\\/geschaeftsnachfolge-auf-muellers-gefluegelhof-in-bienenfarm\\\/\"]}]},{\"@type\":\"ImageObject\",\"inLanguage\":\"de\",\"@id\":\"https:\\\/\\\/paulinenaue.info\\\/index.php\\\/geschaeftsnachfolge-auf-muellers-gefluegelhof-in-bienenfarm\\\/#primaryimage\",\"url\":\"https:\\\/\\\/paulinenaue.info\\\/wp-content\\\/uploads\\\/2016\\\/03\\\/20131019_gefluegelmueller_01.jpg\",\"contentUrl\":\"https:\\\/\\\/paulinenaue.info\\\/wp-content\\\/uploads\\\/2016\\\/03\\\/20131019_gefluegelmueller_01.jpg\",\"width\":500,\"height\":321},{\"@type\":\"BreadcrumbList\",\"@id\":\"https:\\\/\\\/paulinenaue.info\\\/index.php\\\/geschaeftsnachfolge-auf-muellers-gefluegelhof-in-bienenfarm\\\/#breadcrumb\",\"itemListElement\":[{\"@type\":\"ListItem\",\"position\":1,\"name\":\"Home\",\"item\":\"https:\\\/\\\/paulinenaue.info\\\/\"},{\"@type\":\"ListItem\",\"position\":2,\"name\":\"Gesch\u00e4ftsnachfolge auf M\u00fcllers Gefl\u00fcgelhof in Bienenfarm\"}]},{\"@type\":\"WebSite\",\"@id\":\"https:\\\/\\\/paulinenaue.info\\\/#website\",\"url\":\"https:\\\/\\\/paulinenaue.info\\\/\",\"name\":\"Paulinenaue\",\"description\":\"Ein Dorf im Havelland\",\"potentialAction\":[{\"@type\":\"SearchAction\",\"target\":{\"@type\":\"EntryPoint\",\"urlTemplate\":\"https:\\\/\\\/paulinenaue.info\\\/?s={search_term_string}\"},\"query-input\":{\"@type\":\"PropertyValueSpecification\",\"valueRequired\":true,\"valueName\":\"search_term_string\"}}],\"inLanguage\":\"de\"},{\"@type\":\"Person\",\"@id\":\"https:\\\/\\\/paulinenaue.info\\\/#\\\/schema\\\/person\\\/3f9e818fd7b69b0d2bd937ac506897cc\",\"name\":\"Joachim Scholz\",\"url\":\"https:\\\/\\\/paulinenaue.info\\\/index.php\\\/author\\\/jjscholz\\\/\"}]}<\/script>\n<!-- \/ Yoast SEO plugin. -->","yoast_head_json":{"title":"Gesch\u00e4ftsnachfolge auf M\u00fcllers Gefl\u00fcgelhof in Bienenfarm - Paulinenaue","robots":{"index":"index","follow":"follow","max-snippet":"max-snippet:-1","max-image-preview":"max-image-preview:large","max-video-preview":"max-video-preview:-1"},"canonical":"https:\/\/paulinenaue.info\/index.php\/geschaeftsnachfolge-auf-muellers-gefluegelhof-in-bienenfarm\/","og_locale":"de_DE","og_type":"article","og_title":"Gesch\u00e4ftsnachfolge auf M\u00fcllers Gefl\u00fcgelhof in Bienenfarm - Paulinenaue","og_description":"Joachim Scholz, Walburga M\u00fcller 01.01.2013. Zu Jahresbeginn 2013 wurde auf [&hellip;]","og_url":"https:\/\/paulinenaue.info\/index.php\/geschaeftsnachfolge-auf-muellers-gefluegelhof-in-bienenfarm\/","og_site_name":"Paulinenaue","article_published_time":"2016-03-22T11:33:28+00:00","article_modified_time":"2016-09-18T08:46:20+00:00","og_image":[{"width":500,"height":321,"url":"https:\/\/i0.wp.com\/paulinenaue.info\/wp-content\/uploads\/2016\/03\/20131019_gefluegelmueller_01.jpg?fit=500%2C321&ssl=1","type":"image\/jpeg"}],"author":"Joachim Scholz","twitter_card":"summary_large_image","twitter_misc":{"Verfasst von":"Joachim Scholz","Gesch\u00e4tzte Lesezeit":"2\u00a0Minuten"},"schema":{"@context":"https:\/\/schema.org","@graph":[{"@type":"Article","@id":"https:\/\/paulinenaue.info\/index.php\/geschaeftsnachfolge-auf-muellers-gefluegelhof-in-bienenfarm\/#article","isPartOf":{"@id":"https:\/\/paulinenaue.info\/index.php\/geschaeftsnachfolge-auf-muellers-gefluegelhof-in-bienenfarm\/"},"author":{"name":"Joachim Scholz","@id":"https:\/\/paulinenaue.info\/#\/schema\/person\/3f9e818fd7b69b0d2bd937ac506897cc"},"headline":"Gesch\u00e4ftsnachfolge auf M\u00fcllers Gefl\u00fcgelhof in Bienenfarm","datePublished":"2016-03-22T11:33:28+00:00","dateModified":"2016-09-18T08:46:20+00:00","mainEntityOfPage":{"@id":"https:\/\/paulinenaue.info\/index.php\/geschaeftsnachfolge-auf-muellers-gefluegelhof-in-bienenfarm\/"},"wordCount":329,"commentCount":0,"image":{"@id":"https:\/\/paulinenaue.info\/index.php\/geschaeftsnachfolge-auf-muellers-gefluegelhof-in-bienenfarm\/#primaryimage"},"thumbnailUrl":"https:\/\/paulinenaue.info\/wp-content\/uploads\/2016\/03\/20131019_gefluegelmueller_01.jpg","articleSection":["Hier Zuhause","Wirtschaft"],"inLanguage":"de","potentialAction":[{"@type":"CommentAction","name":"Comment","target":["https:\/\/paulinenaue.info\/index.php\/geschaeftsnachfolge-auf-muellers-gefluegelhof-in-bienenfarm\/#respond"]}]},{"@type":"WebPage","@id":"https:\/\/paulinenaue.info\/index.php\/geschaeftsnachfolge-auf-muellers-gefluegelhof-in-bienenfarm\/","url":"https:\/\/paulinenaue.info\/index.php\/geschaeftsnachfolge-auf-muellers-gefluegelhof-in-bienenfarm\/","name":"Gesch\u00e4ftsnachfolge auf M\u00fcllers Gefl\u00fcgelhof in Bienenfarm - Paulinenaue","isPartOf":{"@id":"https:\/\/paulinenaue.info\/#website"},"primaryImageOfPage":{"@id":"https:\/\/paulinenaue.info\/index.php\/geschaeftsnachfolge-auf-muellers-gefluegelhof-in-bienenfarm\/#primaryimage"},"image":{"@id":"https:\/\/paulinenaue.info\/index.php\/geschaeftsnachfolge-auf-muellers-gefluegelhof-in-bienenfarm\/#primaryimage"},"thumbnailUrl":"https:\/\/paulinenaue.info\/wp-content\/uploads\/2016\/03\/20131019_gefluegelmueller_01.jpg","datePublished":"2016-03-22T11:33:28+00:00","dateModified":"2016-09-18T08:46:20+00:00","author":{"@id":"https:\/\/paulinenaue.info\/#\/schema\/person\/3f9e818fd7b69b0d2bd937ac506897cc"},"breadcrumb":{"@id":"https:\/\/paulinenaue.info\/index.php\/geschaeftsnachfolge-auf-muellers-gefluegelhof-in-bienenfarm\/#breadcrumb"},"inLanguage":"de","potentialAction":[{"@type":"ReadAction","target":["https:\/\/paulinenaue.info\/index.php\/geschaeftsnachfolge-auf-muellers-gefluegelhof-in-bienenfarm\/"]}]},{"@type":"ImageObject","inLanguage":"de","@id":"https:\/\/paulinenaue.info\/index.php\/geschaeftsnachfolge-auf-muellers-gefluegelhof-in-bienenfarm\/#primaryimage","url":"https:\/\/paulinenaue.info\/wp-content\/uploads\/2016\/03\/20131019_gefluegelmueller_01.jpg","contentUrl":"https:\/\/paulinenaue.info\/wp-content\/uploads\/2016\/03\/20131019_gefluegelmueller_01.jpg","width":500,"height":321},{"@type":"BreadcrumbList","@id":"https:\/\/paulinenaue.info\/index.php\/geschaeftsnachfolge-auf-muellers-gefluegelhof-in-bienenfarm\/#breadcrumb","itemListElement":[{"@type":"ListItem","position":1,"name":"Home","item":"https:\/\/paulinenaue.info\/"},{"@type":"ListItem","position":2,"name":"Gesch\u00e4ftsnachfolge auf M\u00fcllers Gefl\u00fcgelhof in Bienenfarm"}]},{"@type":"WebSite","@id":"https:\/\/paulinenaue.info\/#website","url":"https:\/\/paulinenaue.info\/","name":"Paulinenaue","description":"Ein Dorf im Havelland","potentialAction":[{"@type":"SearchAction","target":{"@type":"EntryPoint","urlTemplate":"https:\/\/paulinenaue.info\/?s={search_term_string}"},"query-input":{"@type":"PropertyValueSpecification","valueRequired":true,"valueName":"search_term_string"}}],"inLanguage":"de"},{"@type":"Person","@id":"https:\/\/paulinenaue.info\/#\/schema\/person\/3f9e818fd7b69b0d2bd937ac506897cc","name":"Joachim Scholz","url":"https:\/\/paulinenaue.info\/index.php\/author\/jjscholz\/"}]}},"jetpack_publicize_connections":[],"jetpack_featured_media_url":"https:\/\/paulinenaue.info\/wp-content\/uploads\/2016\/03\/20131019_gefluegelmueller_01.jpg","jetpack_sharing_enabled":true,"jetpack_shortlink":"https:\/\/wp.me\/pcYhWA-1D","jetpack-related-posts":[{"id":2145,"url":"https:\/\/paulinenaue.info\/index.php\/paulinenaue-entdecken-ein-videoprojekt-des-kulturvereins\/","url_meta":{"origin":101,"position":0},"title":"\u201ePaulinenaue entdecken\u201c \u2013 ein Videoprojekt des Kulturvereins","author":"Joachim Scholz","date":"17. Juni 2018","format":false,"excerpt":"Die Rubrik \u201ePaulinenaue entdecken\u201c auf der Paulinenauer Internetseite soll sich an Au\u00dfenstehende richten, die, wie der Name sagt, unser Dorf erst kennenlernen sollen. Der\u00a0Kulturverein wird nun aktiv, diese Rubrik mit einem filmischen Projekt weiter zu entwickeln.\u00a0 F\u00fcr\u00a0die Website sollen besondere oder nicht besondere Paulinenauer Orte in kleinen\u00a0Videos\u00a0pr\u00e4sentiert werden. In diesen\u2026","rel":"","context":"In &quot;Allgemein&quot;","block_context":{"text":"Allgemein","link":"https:\/\/paulinenaue.info\/index.php\/category\/allgemein\/"},"img":{"alt_text":"","src":"https:\/\/i0.wp.com\/paulinenaue.info\/wp-content\/uploads\/2018\/06\/DSC00808.jpg?resize=350%2C200&ssl=1","width":350,"height":200,"srcset":"https:\/\/i0.wp.com\/paulinenaue.info\/wp-content\/uploads\/2018\/06\/DSC00808.jpg?resize=350%2C200&ssl=1 1x, https:\/\/i0.wp.com\/paulinenaue.info\/wp-content\/uploads\/2018\/06\/DSC00808.jpg?resize=525%2C300&ssl=1 1.5x, https:\/\/i0.wp.com\/paulinenaue.info\/wp-content\/uploads\/2018\/06\/DSC00808.jpg?resize=700%2C400&ssl=1 2x, https:\/\/i0.wp.com\/paulinenaue.info\/wp-content\/uploads\/2018\/06\/DSC00808.jpg?resize=1050%2C600&ssl=1 3x"},"classes":[]},{"id":197,"url":"https:\/\/paulinenaue.info\/index.php\/kleine-geschichte-von-bienenfarm-und-der-lindholzfarm\/","url_meta":{"origin":101,"position":1},"title":"Kleine Geschichte von Bienenfarm und Lindholzfarm","author":"Joachim Scholz","date":"11. Februar 2013","format":false,"excerpt":"Im Schmettauschen Kartenwerk von 1774 sieht man am Waldrand des Lindholzes - den Stra\u00dfend\u00f6rfern Ribbeck, Selbelang und Pessin vorgelagert - drei \u00e4hnlich gro\u00dfe Vierseitenh\u00f6fe in der Wiesenfl\u00e4che liegen, die hier \u201edas Blache Luch\u201c hei\u00dft. An der helleren Ausmalung erkennt man die Fl\u00e4chen, die von diesen Meiereien bewirtschaftet wurden. Dass auf\u2026","rel":"","context":"In &quot;Bienenfarm&quot;","block_context":{"text":"Bienenfarm","link":"https:\/\/paulinenaue.info\/index.php\/category\/bienenfarm\/"},"img":{"alt_text":"","src":"https:\/\/i0.wp.com\/paulinenaue.info\/wp-content\/uploads\/2018\/03\/Verwalterhaus-Bienenfarm-2012.jpg?resize=350%2C200&ssl=1","width":350,"height":200,"srcset":"https:\/\/i0.wp.com\/paulinenaue.info\/wp-content\/uploads\/2018\/03\/Verwalterhaus-Bienenfarm-2012.jpg?resize=350%2C200&ssl=1 1x, https:\/\/i0.wp.com\/paulinenaue.info\/wp-content\/uploads\/2018\/03\/Verwalterhaus-Bienenfarm-2012.jpg?resize=525%2C300&ssl=1 1.5x, https:\/\/i0.wp.com\/paulinenaue.info\/wp-content\/uploads\/2018\/03\/Verwalterhaus-Bienenfarm-2012.jpg?resize=700%2C400&ssl=1 2x"},"classes":[]},{"id":4825,"url":"https:\/\/paulinenaue.info\/index.php\/wahltag\/","url_meta":{"origin":101,"position":2},"title":"Spannender Wahlabend in Paulinenaue","author":"Joachim Scholz","date":"26. Mai 2019","format":false,"excerpt":"Arne Breder wird neuer Paulinenauer B\u00fcrgermeister 21.42 Uhr: Arne Breder wird Paulinenaues B\u00fcrgermeister. Aus dem Paulinenauer Wahllokal wird bekannt, dass Arne Breder mit deutlichem Abstand vor Gabriele Hentschel und noch einmal gro\u00dfem Abstand vor Tino M\u00fcller sowohl das Paulinenauer als auch das Selbelanger Wahllokal erobert hat. In Paulinenaue erh\u00e4lt Arne\u2026","rel":"","context":"In &quot;Hier Zuhause&quot;","block_context":{"text":"Hier Zuhause","link":"https:\/\/paulinenaue.info\/index.php\/category\/hier-zuhause\/"},"img":{"alt_text":"","src":"https:\/\/i0.wp.com\/paulinenaue.info\/wp-content\/uploads\/2019\/05\/DSC01989.jpg?resize=350%2C200&ssl=1","width":350,"height":200,"srcset":"https:\/\/i0.wp.com\/paulinenaue.info\/wp-content\/uploads\/2019\/05\/DSC01989.jpg?resize=350%2C200&ssl=1 1x, https:\/\/i0.wp.com\/paulinenaue.info\/wp-content\/uploads\/2019\/05\/DSC01989.jpg?resize=525%2C300&ssl=1 1.5x, https:\/\/i0.wp.com\/paulinenaue.info\/wp-content\/uploads\/2019\/05\/DSC01989.jpg?resize=700%2C400&ssl=1 2x"},"classes":[]},{"id":5827,"url":"https:\/\/paulinenaue.info\/index.php\/erfolgreicher-fruehjahrsputz-2021\/","url_meta":{"origin":101,"position":3},"title":"Erfolgreicher Fr\u00fchjahrsputz 2021","author":"Sarah","date":"20. April 2021","format":false,"excerpt":"Der j\u00e4hrlich stattfindende Fr\u00fchjahrsputz war auch am vergangenen Samstag wieder ein kleiner Erfolg. An vielen Ecken in Paulinenaue wurde flei\u00dfig geharkt, gefegt, M\u00fcll gesammelt und Gr\u00fcnschnitt ber\u00e4umt. Trotz der andauernden Pandemie konnte unter freiem Himmel und unter Einhaltung von ausreichendem Abstand der Fr\u00fchjahrsputz durchgef\u00fchrt werden. Im Gutspark wurden die Wege\u2026","rel":"","context":"In &quot;Allgemein&quot;","block_context":{"text":"Allgemein","link":"https:\/\/paulinenaue.info\/index.php\/category\/allgemein\/"},"img":{"alt_text":"","src":"https:\/\/i0.wp.com\/paulinenaue.info\/wp-content\/uploads\/2021\/06\/paulinenaue-bahnhof-fruehjahrsputz-e1745016872473.jpg?resize=350%2C200&ssl=1","width":350,"height":200,"srcset":"https:\/\/i0.wp.com\/paulinenaue.info\/wp-content\/uploads\/2021\/06\/paulinenaue-bahnhof-fruehjahrsputz-e1745016872473.jpg?resize=350%2C200&ssl=1 1x, https:\/\/i0.wp.com\/paulinenaue.info\/wp-content\/uploads\/2021\/06\/paulinenaue-bahnhof-fruehjahrsputz-e1745016872473.jpg?resize=525%2C300&ssl=1 1.5x, https:\/\/i0.wp.com\/paulinenaue.info\/wp-content\/uploads\/2021\/06\/paulinenaue-bahnhof-fruehjahrsputz-e1745016872473.jpg?resize=700%2C400&ssl=1 2x, https:\/\/i0.wp.com\/paulinenaue.info\/wp-content\/uploads\/2021\/06\/paulinenaue-bahnhof-fruehjahrsputz-e1745016872473.jpg?resize=1050%2C600&ssl=1 3x, https:\/\/i0.wp.com\/paulinenaue.info\/wp-content\/uploads\/2021\/06\/paulinenaue-bahnhof-fruehjahrsputz-e1745016872473.jpg?resize=1400%2C800&ssl=1 4x"},"classes":[]},{"id":1230,"url":"https:\/\/paulinenaue.info\/index.php\/der-paulinenauer-fotozirkel\/","url_meta":{"origin":101,"position":4},"title":"Der Paulinenauer Fotozirkel","author":"Sarah","date":"22. Juni 2017","format":false,"excerpt":"06.09.2006 von Tilo Geisel, Angelika Kellner und Thomas M\u00fcller Text: Angelika Kellner Anfang Juli 2006 trafen sich vier \"Fotofreunde\" nach langer Zeit wieder und erinnerten sich alter Zeiten mit Bildern und k\u00fchlenden Getr\u00e4nken. Vielleicht werden sie sich auch zuk\u00fcnftig \u00fcber ihre Arbeiten austauschen und so auf irgendeine Art und Weise\u2026","rel":"","context":"In &quot;Allgemein&quot;","block_context":{"text":"Allgemein","link":"https:\/\/paulinenaue.info\/index.php\/category\/allgemein\/"},"img":{"alt_text":"","src":"https:\/\/i0.wp.com\/paulinenaue.info\/wp-content\/uploads\/2017\/06\/06.jpg?resize=350%2C200&ssl=1","width":350,"height":200},"classes":[]},{"id":111,"url":"https:\/\/paulinenaue.info\/index.php\/bruchlandung-in-bienenfarm-antonov-an-2-verunglueckt-nach-dem-start\/","url_meta":{"origin":101,"position":5},"title":"Bruchlandung in Bienenfarm \u2013 Antonov AN 2 verungl\u00fcckt nach dem Start","author":"Joachim Scholz","date":"11. August 2013","format":false,"excerpt":"10.\/11.08.2013. Der rote Antonov-Doppeldecker, den man an manchen Tagen auf dem Flugplatz Bienenfarm bestaunen konnte, musste am Samstagabend nach einem problematischen Start notlanden. Das Flugzeug \u00fcberschlug sich und blieb nahe der Kapstra\u00dfe auf dem Dach liegen. F\u00fcnf Personen wurden leicht verletzt. Damit ging der Flug, der eigentlich an die Ostsee\u2026","rel":"","context":"In &quot;Bienenfarm&quot;","block_context":{"text":"Bienenfarm","link":"https:\/\/paulinenaue.info\/index.php\/category\/bienenfarm\/"},"img":{"alt_text":"","src":"https:\/\/i0.wp.com\/paulinenaue.info\/wp-content\/uploads\/2016\/03\/2013-08-11-Verunglu%CC%88ckte-Antonov-AN-2-in-Bienenfarm.jpg?resize=350%2C200&ssl=1","width":350,"height":200,"srcset":"https:\/\/i0.wp.com\/paulinenaue.info\/wp-content\/uploads\/2016\/03\/2013-08-11-Verunglu%CC%88ckte-Antonov-AN-2-in-Bienenfarm.jpg?resize=350%2C200&ssl=1 1x, https:\/\/i0.wp.com\/paulinenaue.info\/wp-content\/uploads\/2016\/03\/2013-08-11-Verunglu%CC%88ckte-Antonov-AN-2-in-Bienenfarm.jpg?resize=525%2C300&ssl=1 1.5x, https:\/\/i0.wp.com\/paulinenaue.info\/wp-content\/uploads\/2016\/03\/2013-08-11-Verunglu%CC%88ckte-Antonov-AN-2-in-Bienenfarm.jpg?resize=700%2C400&ssl=1 2x"},"classes":[]}],"_links":{"self":[{"href":"https:\/\/paulinenaue.info\/index.php\/wp-json\/wp\/v2\/posts\/101","targetHints":{"allow":["GET"]}}],"collection":[{"href":"https:\/\/paulinenaue.info\/index.php\/wp-json\/wp\/v2\/posts"}],"about":[{"href":"https:\/\/paulinenaue.info\/index.php\/wp-json\/wp\/v2\/types\/post"}],"author":[{"embeddable":true,"href":"https:\/\/paulinenaue.info\/index.php\/wp-json\/wp\/v2\/users\/1"}],"replies":[{"embeddable":true,"href":"https:\/\/paulinenaue.info\/index.php\/wp-json\/wp\/v2\/comments?post=101"}],"version-history":[{"count":1,"href":"https:\/\/paulinenaue.info\/index.php\/wp-json\/wp\/v2\/posts\/101\/revisions"}],"predecessor-version":[{"id":102,"href":"https:\/\/paulinenaue.info\/index.php\/wp-json\/wp\/v2\/posts\/101\/revisions\/102"}],"wp:featuredmedia":[{"embeddable":true,"href":"https:\/\/paulinenaue.info\/index.php\/wp-json\/wp\/v2\/media\/305"}],"wp:attachment":[{"href":"https:\/\/paulinenaue.info\/index.php\/wp-json\/wp\/v2\/media?parent=101"}],"wp:term":[{"taxonomy":"category","embeddable":true,"href":"https:\/\/paulinenaue.info\/index.php\/wp-json\/wp\/v2\/categories?post=101"},{"taxonomy":"post_tag","embeddable":true,"href":"https:\/\/paulinenaue.info\/index.php\/wp-json\/wp\/v2\/tags?post=101"}],"curies":[{"name":"wp","href":"https:\/\/api.w.org\/{rel}","templated":true}]}}