{"id":105,"date":"2016-03-22T12:41:30","date_gmt":"2016-03-22T11:41:30","guid":{"rendered":"https:\/\/sudile.com\/paue\/?p=105"},"modified":"2023-12-10T01:49:50","modified_gmt":"2023-12-10T00:49:50","slug":"ptsv","status":"publish","type":"post","link":"https:\/\/paulinenaue.info\/index.php\/ptsv\/","title":{"rendered":"90 Jahre Paulinenauer Turn- und Sportverein \u2013 Der PTSV feiert im Saal des Mehrzweckgeb\u00e4udes"},"content":{"rendered":"<p class=\"autor\"><em>Joachim Scholz<\/em><\/p>\n<p>23.11.2013. Vor 90 Jahren wurde im Gasthaus \u201eZu den drei Landkreisen\u201c\u00a0der Paulinenauer Turn- und Sportverein gegr\u00fcndet. Das Gasthaus ist zur Zeit f\u00fcr ein Minimalgebot von 8000 \u20ac\u00a0<a href=\"http:\/\/www.immonet.de\/exposeansicht.do?object_id=22073457&amp;et_cid=180&amp;et_lid=24986681&amp;mandant=nestoria&amp;utm_source=nestoria.de&amp;utm_medium=ppc&amp;utm_campaign=verticalsearch&amp;ia-pkpmtrack=100-0343735313236323131303-157-116-101\">zur Versteigerung ausgeschrieben<\/a>, der PTSV aber steht in Flor und feiert. Seine G\u00e4ste lud der \u00e4lteste aktive Verein unseres Dorfes am Sonnabend in den Saal des Mehrzweckgeb\u00e4udes, das heute wieder eine w\u00fcrdige Kulisse f\u00fcr feierliche Anl\u00e4sse abgibt.<\/p>\n<div id=\"attachment_415592\" style=\"width: 610px\" class=\"wp-caption alignnone\"><a href=\"https:\/\/paulinenaue.info\/wp-content\/uploads\/2016\/03\/2013-11-23-PTSV-Jubilaeum-01.jpeg\"><img decoding=\"async\" aria-describedby=\"caption-attachment-415592\" data-attachment-id=\"415592\" data-permalink=\"https:\/\/paulinenaue.info\/index.php\/ptsv\/dsc04604-jpg\/\" data-orig-file=\"https:\/\/paulinenaue.info\/wp-content\/uploads\/2016\/03\/2013-11-23-PTSV-Jubilaeum-01.jpeg\" data-orig-size=\"1000,642\" data-comments-opened=\"1\" data-image-meta=\"{&quot;aperture&quot;:&quot;2.8&quot;,&quot;credit&quot;:&quot;&quot;,&quot;camera&quot;:&quot;DSC-HX1&quot;,&quot;caption&quot;:&quot;&quot;,&quot;created_timestamp&quot;:&quot;1385231859&quot;,&quot;copyright&quot;:&quot;&quot;,&quot;focal_length&quot;:&quot;5&quot;,&quot;iso&quot;:&quot;1600&quot;,&quot;shutter_speed&quot;:&quot;0.0125&quot;,&quot;title&quot;:&quot;DSC04604.JPG&quot;,&quot;orientation&quot;:&quot;1&quot;}\" data-image-title=\"DSC04604.JPG\" data-image-description=\"&lt;p&gt;Detlef Wacker bei seiner Rede auf den PTSV. Foto: Joachim Scholz, 2013.&lt;\/p&gt;\n\" data-image-caption=\"&lt;p&gt;Detlef Wacker bei seiner Rede auf den PTSV. Foto: J. Scholz, 2013.&lt;\/p&gt;\n\" data-large-file=\"https:\/\/paulinenaue.info\/wp-content\/uploads\/2016\/03\/2013-11-23-PTSV-Jubilaeum-01.jpeg\" class=\"lazyload wp-image-415592 size-fusion-600\" src=\"https:\/\/paulinenaue.info\/wp-content\/uploads\/2016\/03\/2013-11-23-PTSV-Jubilaeum-01-600x385.jpeg\" data-orig-src=\"https:\/\/paulinenaue.info\/wp-content\/uploads\/2016\/03\/2013-11-23-PTSV-Jubilaeum-01-600x385.jpeg\" alt=\"\" width=\"600\" height=\"385\" srcset=\"data:image\/svg+xml,%3Csvg%20xmlns%3D%27http%3A%2F%2Fwww.w3.org%2F2000%2Fsvg%27%20width%3D%27600%27%20height%3D%27385%27%20viewBox%3D%270%200%20600%20385%27%3E%3Crect%20width%3D%27600%27%20height%3D%27385%27%20fill-opacity%3D%220%22%2F%3E%3C%2Fsvg%3E\" data-srcset=\"https:\/\/paulinenaue.info\/wp-content\/uploads\/2016\/03\/2013-11-23-PTSV-Jubilaeum-01-200x128.jpeg 200w, https:\/\/paulinenaue.info\/wp-content\/uploads\/2016\/03\/2013-11-23-PTSV-Jubilaeum-01-300x193.jpeg 300w, https:\/\/paulinenaue.info\/wp-content\/uploads\/2016\/03\/2013-11-23-PTSV-Jubilaeum-01-400x257.jpeg 400w, https:\/\/paulinenaue.info\/wp-content\/uploads\/2016\/03\/2013-11-23-PTSV-Jubilaeum-01-600x385.jpeg 600w, https:\/\/paulinenaue.info\/wp-content\/uploads\/2016\/03\/2013-11-23-PTSV-Jubilaeum-01-768x493.jpeg 768w, https:\/\/paulinenaue.info\/wp-content\/uploads\/2016\/03\/2013-11-23-PTSV-Jubilaeum-01-800x514.jpeg 800w, https:\/\/paulinenaue.info\/wp-content\/uploads\/2016\/03\/2013-11-23-PTSV-Jubilaeum-01.jpeg 1000w\" data-sizes=\"auto\" data-orig-sizes=\"(max-width: 600px) 100vw, 600px\" \/><\/a><p id=\"caption-attachment-415592\" class=\"wp-caption-text\"><em>Detlef Wacker bei seiner Rede auf den PTSV. Foto: J. Scholz, 2013.<\/em><\/p><\/div>\n<p>Detlef Wacker lie\u00df in seiner Begr\u00fc\u00dfungsansprache auf kurzweilige Art die lange Geschichte des PTSV Revue passieren. Er berichtete aus der Zeit, als Arbeiter der Goldschmidt&#8217;schen Schwei\u00dferei den Verein gr\u00fcndeten, als man Fu\u00dfball gegen Mannschaften spielte, die in langen Bahnreisen zu den Spielen anreisen mussten, aus Zeiten, als der PTSV noch 220 Mitglieder hatte, als man gegen Herta BSC einmal 0:18 verlor und gegen die Mannschaft der Rocky-Br\u00fcder gewann. \u2013 Eine Chronik des Paulinenauer Sports und seiner Erfolge, vor allem auch im Schach und im Volleyball, steht aus und sollte geschrieben werden.<\/p>\n<p>Als einen Beitrag zu einer solchen Chronik gab Joachim Scholz vom Kulturverein dem PTSV die Traditionsbilderrahmen seiner Fu\u00dfballmannschaften zur\u00fcck, die er seit langem zur Digitalisierung und Rekonstruktion der Spielernamen verwahrt hatte. Die Wagenitzer Line-Dancer tanzten, es gab eine Tombola und so reichen Anlass zu Gespr\u00e4chen, dass selbst B\u00fcrgermeister Erhard Hesse erst um 2 Uhr Nachts nach Hause zur\u00fcckkehrte. Er hatte doppelten Grund zu feiern, denn dieser Samstag war auch sein Geburtstag. Herzlichen Gl\u00fcckwunsch!<\/p>\n","protected":false},"excerpt":{"rendered":"<p>Joachim Scholz 23.11.2013. Vor 90 Jahren wurde im Gasthaus \u201eZu [&hellip;]<\/p>\n","protected":false},"author":1,"featured_media":354,"comment_status":"open","ping_status":"open","sticky":false,"template":"","format":"standard","meta":{"_acf_changed":false,"_price":"","_stock":"","_tribe_ticket_header":"","_tribe_default_ticket_provider":"","_tribe_ticket_capacity":"0","_ticket_start_date":"","_ticket_end_date":"","_tribe_ticket_show_description":"","_tribe_ticket_show_not_going":false,"_tribe_ticket_use_global_stock":"","_tribe_ticket_global_stock_level":"","_global_stock_mode":"","_global_stock_cap":"","_tribe_rsvp_for_event":"","_tribe_ticket_going_count":"","_tribe_ticket_not_going_count":"","_tribe_tickets_list":"[]","_tribe_ticket_has_attendee_info_fields":false,"jetpack_post_was_ever_published":false,"_jetpack_newsletter_access":"","_jetpack_dont_email_post_to_subs":false,"_jetpack_newsletter_tier_id":0,"_jetpack_memberships_contains_paywalled_content":false,"_jetpack_memberships_contains_paid_content":false,"footnotes":"","jetpack_publicize_message":"","jetpack_publicize_feature_enabled":true,"jetpack_social_post_already_shared":false,"jetpack_social_options":{"image_generator_settings":{"template":"highway","default_image_id":0,"font":"","enabled":false},"version":2}},"categories":[30,502],"tags":[32,31],"class_list":["post-105","post","type-post","status-publish","format-standard","has-post-thumbnail","hentry","category-ptsv","category-sport","tag-jubilaeum","tag-ptsv"],"acf":[],"yoast_head":"<!-- This site is optimized with the Yoast SEO plugin v27.5 - https:\/\/yoast.com\/product\/yoast-seo-wordpress\/ -->\n<title>90 Jahre Paulinenauer Turn- und Sportverein \u2013 Der PTSV feiert im Saal des Mehrzweckgeb\u00e4udes - Paulinenaue<\/title>\n<meta name=\"description\" content=\"Vor 90 Jahren wurde der Paulinenauer Sportverein gegr\u00fcndet. Seine G\u00e4ste lud der \u00e4lteste Verein in den Saal des Mehrzweckgeb\u00e4udes ein.\" \/>\n<meta name=\"robots\" content=\"index, follow, max-snippet:-1, max-image-preview:large, max-video-preview:-1\" \/>\n<link rel=\"canonical\" href=\"https:\/\/paulinenaue.info\/index.php\/ptsv\/\" \/>\n<meta property=\"og:locale\" content=\"de_DE\" \/>\n<meta property=\"og:type\" content=\"article\" \/>\n<meta property=\"og:title\" content=\"90 Jahre Paulinenauer Turn- und Sportverein \u2013 Der PTSV feiert im Saal des Mehrzweckgeb\u00e4udes - Paulinenaue\" \/>\n<meta property=\"og:description\" content=\"Vor 90 Jahren wurde der Paulinenauer Sportverein gegr\u00fcndet. Seine G\u00e4ste lud der \u00e4lteste Verein in den Saal des Mehrzweckgeb\u00e4udes ein.\" \/>\n<meta property=\"og:url\" content=\"https:\/\/paulinenaue.info\/index.php\/ptsv\/\" \/>\n<meta property=\"og:site_name\" content=\"Paulinenaue\" \/>\n<meta property=\"article:published_time\" content=\"2016-03-22T11:41:30+00:00\" \/>\n<meta property=\"article:modified_time\" content=\"2023-12-10T00:49:50+00:00\" \/>\n<meta property=\"og:image\" content=\"https:\/\/paulinenaue.info\/wp-content\/uploads\/2016\/03\/20131124_ptsv_90_01.jpg\" \/>\n\t<meta property=\"og:image:width\" content=\"500\" \/>\n\t<meta property=\"og:image:height\" content=\"322\" \/>\n\t<meta property=\"og:image:type\" content=\"image\/jpeg\" \/>\n<meta name=\"author\" content=\"Joachim Scholz\" \/>\n<meta name=\"twitter:card\" content=\"summary_large_image\" \/>\n<meta name=\"twitter:label1\" content=\"Verfasst von\" \/>\n\t<meta name=\"twitter:data1\" content=\"Joachim Scholz\" \/>\n\t<meta name=\"twitter:label2\" content=\"Gesch\u00e4tzte Lesezeit\" \/>\n\t<meta name=\"twitter:data2\" content=\"2\u00a0Minuten\" \/>\n<script type=\"application\/ld+json\" class=\"yoast-schema-graph\">{\"@context\":\"https:\\\/\\\/schema.org\",\"@graph\":[{\"@type\":\"Article\",\"@id\":\"https:\\\/\\\/paulinenaue.info\\\/index.php\\\/ptsv\\\/#article\",\"isPartOf\":{\"@id\":\"https:\\\/\\\/paulinenaue.info\\\/index.php\\\/ptsv\\\/\"},\"author\":{\"name\":\"Joachim Scholz\",\"@id\":\"https:\\\/\\\/paulinenaue.info\\\/#\\\/schema\\\/person\\\/3f9e818fd7b69b0d2bd937ac506897cc\"},\"headline\":\"90 Jahre Paulinenauer Turn- und Sportverein \u2013 Der PTSV feiert im Saal des Mehrzweckgeb\u00e4udes\",\"datePublished\":\"2016-03-22T11:41:30+00:00\",\"dateModified\":\"2023-12-10T00:49:50+00:00\",\"mainEntityOfPage\":{\"@id\":\"https:\\\/\\\/paulinenaue.info\\\/index.php\\\/ptsv\\\/\"},\"wordCount\":273,\"commentCount\":0,\"image\":{\"@id\":\"https:\\\/\\\/paulinenaue.info\\\/index.php\\\/ptsv\\\/#primaryimage\"},\"thumbnailUrl\":\"https:\\\/\\\/paulinenaue.info\\\/wp-content\\\/uploads\\\/2016\\\/03\\\/20131124_ptsv_90_01.jpg\",\"keywords\":[\"Jubil\u00e4um\",\"PTSV\"],\"articleSection\":[\"PTSV\",\"Sport\"],\"inLanguage\":\"de\",\"potentialAction\":[{\"@type\":\"CommentAction\",\"name\":\"Comment\",\"target\":[\"https:\\\/\\\/paulinenaue.info\\\/index.php\\\/ptsv\\\/#respond\"]}]},{\"@type\":\"WebPage\",\"@id\":\"https:\\\/\\\/paulinenaue.info\\\/index.php\\\/ptsv\\\/\",\"url\":\"https:\\\/\\\/paulinenaue.info\\\/index.php\\\/ptsv\\\/\",\"name\":\"90 Jahre Paulinenauer Turn- und Sportverein \u2013 Der PTSV feiert im Saal des Mehrzweckgeb\u00e4udes - Paulinenaue\",\"isPartOf\":{\"@id\":\"https:\\\/\\\/paulinenaue.info\\\/#website\"},\"primaryImageOfPage\":{\"@id\":\"https:\\\/\\\/paulinenaue.info\\\/index.php\\\/ptsv\\\/#primaryimage\"},\"image\":{\"@id\":\"https:\\\/\\\/paulinenaue.info\\\/index.php\\\/ptsv\\\/#primaryimage\"},\"thumbnailUrl\":\"https:\\\/\\\/paulinenaue.info\\\/wp-content\\\/uploads\\\/2016\\\/03\\\/20131124_ptsv_90_01.jpg\",\"datePublished\":\"2016-03-22T11:41:30+00:00\",\"dateModified\":\"2023-12-10T00:49:50+00:00\",\"author\":{\"@id\":\"https:\\\/\\\/paulinenaue.info\\\/#\\\/schema\\\/person\\\/3f9e818fd7b69b0d2bd937ac506897cc\"},\"description\":\"Vor 90 Jahren wurde der Paulinenauer Sportverein gegr\u00fcndet. Seine G\u00e4ste lud der \u00e4lteste Verein in den Saal des Mehrzweckgeb\u00e4udes ein.\",\"breadcrumb\":{\"@id\":\"https:\\\/\\\/paulinenaue.info\\\/index.php\\\/ptsv\\\/#breadcrumb\"},\"inLanguage\":\"de\",\"potentialAction\":[{\"@type\":\"ReadAction\",\"target\":[\"https:\\\/\\\/paulinenaue.info\\\/index.php\\\/ptsv\\\/\"]}]},{\"@type\":\"ImageObject\",\"inLanguage\":\"de\",\"@id\":\"https:\\\/\\\/paulinenaue.info\\\/index.php\\\/ptsv\\\/#primaryimage\",\"url\":\"https:\\\/\\\/paulinenaue.info\\\/wp-content\\\/uploads\\\/2016\\\/03\\\/20131124_ptsv_90_01.jpg\",\"contentUrl\":\"https:\\\/\\\/paulinenaue.info\\\/wp-content\\\/uploads\\\/2016\\\/03\\\/20131124_ptsv_90_01.jpg\",\"width\":500,\"height\":322},{\"@type\":\"BreadcrumbList\",\"@id\":\"https:\\\/\\\/paulinenaue.info\\\/index.php\\\/ptsv\\\/#breadcrumb\",\"itemListElement\":[{\"@type\":\"ListItem\",\"position\":1,\"name\":\"Home\",\"item\":\"https:\\\/\\\/paulinenaue.info\\\/\"},{\"@type\":\"ListItem\",\"position\":2,\"name\":\"90 Jahre Paulinenauer Turn- und Sportverein \u2013 Der PTSV feiert im Saal des Mehrzweckgeb\u00e4udes\"}]},{\"@type\":\"WebSite\",\"@id\":\"https:\\\/\\\/paulinenaue.info\\\/#website\",\"url\":\"https:\\\/\\\/paulinenaue.info\\\/\",\"name\":\"Paulinenaue\",\"description\":\"Ein Dorf im Havelland\",\"potentialAction\":[{\"@type\":\"SearchAction\",\"target\":{\"@type\":\"EntryPoint\",\"urlTemplate\":\"https:\\\/\\\/paulinenaue.info\\\/?s={search_term_string}\"},\"query-input\":{\"@type\":\"PropertyValueSpecification\",\"valueRequired\":true,\"valueName\":\"search_term_string\"}}],\"inLanguage\":\"de\"},{\"@type\":\"Person\",\"@id\":\"https:\\\/\\\/paulinenaue.info\\\/#\\\/schema\\\/person\\\/3f9e818fd7b69b0d2bd937ac506897cc\",\"name\":\"Joachim Scholz\",\"url\":\"https:\\\/\\\/paulinenaue.info\\\/index.php\\\/author\\\/jjscholz\\\/\"}]}<\/script>\n<!-- \/ Yoast SEO plugin. -->","yoast_head_json":{"title":"90 Jahre Paulinenauer Turn- und Sportverein \u2013 Der PTSV feiert im Saal des Mehrzweckgeb\u00e4udes - Paulinenaue","description":"Vor 90 Jahren wurde der Paulinenauer Sportverein gegr\u00fcndet. Seine G\u00e4ste lud der \u00e4lteste Verein in den Saal des Mehrzweckgeb\u00e4udes ein.","robots":{"index":"index","follow":"follow","max-snippet":"max-snippet:-1","max-image-preview":"max-image-preview:large","max-video-preview":"max-video-preview:-1"},"canonical":"https:\/\/paulinenaue.info\/index.php\/ptsv\/","og_locale":"de_DE","og_type":"article","og_title":"90 Jahre Paulinenauer Turn- und Sportverein \u2013 Der PTSV feiert im Saal des Mehrzweckgeb\u00e4udes - Paulinenaue","og_description":"Vor 90 Jahren wurde der Paulinenauer Sportverein gegr\u00fcndet. Seine G\u00e4ste lud der \u00e4lteste Verein in den Saal des Mehrzweckgeb\u00e4udes ein.","og_url":"https:\/\/paulinenaue.info\/index.php\/ptsv\/","og_site_name":"Paulinenaue","article_published_time":"2016-03-22T11:41:30+00:00","article_modified_time":"2023-12-10T00:49:50+00:00","og_image":[{"width":500,"height":322,"url":"https:\/\/paulinenaue.info\/wp-content\/uploads\/2016\/03\/20131124_ptsv_90_01.jpg","type":"image\/jpeg"}],"author":"Joachim Scholz","twitter_card":"summary_large_image","twitter_misc":{"Verfasst von":"Joachim Scholz","Gesch\u00e4tzte Lesezeit":"2\u00a0Minuten"},"schema":{"@context":"https:\/\/schema.org","@graph":[{"@type":"Article","@id":"https:\/\/paulinenaue.info\/index.php\/ptsv\/#article","isPartOf":{"@id":"https:\/\/paulinenaue.info\/index.php\/ptsv\/"},"author":{"name":"Joachim Scholz","@id":"https:\/\/paulinenaue.info\/#\/schema\/person\/3f9e818fd7b69b0d2bd937ac506897cc"},"headline":"90 Jahre Paulinenauer Turn- und Sportverein \u2013 Der PTSV feiert im Saal des Mehrzweckgeb\u00e4udes","datePublished":"2016-03-22T11:41:30+00:00","dateModified":"2023-12-10T00:49:50+00:00","mainEntityOfPage":{"@id":"https:\/\/paulinenaue.info\/index.php\/ptsv\/"},"wordCount":273,"commentCount":0,"image":{"@id":"https:\/\/paulinenaue.info\/index.php\/ptsv\/#primaryimage"},"thumbnailUrl":"https:\/\/paulinenaue.info\/wp-content\/uploads\/2016\/03\/20131124_ptsv_90_01.jpg","keywords":["Jubil\u00e4um","PTSV"],"articleSection":["PTSV","Sport"],"inLanguage":"de","potentialAction":[{"@type":"CommentAction","name":"Comment","target":["https:\/\/paulinenaue.info\/index.php\/ptsv\/#respond"]}]},{"@type":"WebPage","@id":"https:\/\/paulinenaue.info\/index.php\/ptsv\/","url":"https:\/\/paulinenaue.info\/index.php\/ptsv\/","name":"90 Jahre Paulinenauer Turn- und Sportverein \u2013 Der PTSV feiert im Saal des Mehrzweckgeb\u00e4udes - Paulinenaue","isPartOf":{"@id":"https:\/\/paulinenaue.info\/#website"},"primaryImageOfPage":{"@id":"https:\/\/paulinenaue.info\/index.php\/ptsv\/#primaryimage"},"image":{"@id":"https:\/\/paulinenaue.info\/index.php\/ptsv\/#primaryimage"},"thumbnailUrl":"https:\/\/paulinenaue.info\/wp-content\/uploads\/2016\/03\/20131124_ptsv_90_01.jpg","datePublished":"2016-03-22T11:41:30+00:00","dateModified":"2023-12-10T00:49:50+00:00","author":{"@id":"https:\/\/paulinenaue.info\/#\/schema\/person\/3f9e818fd7b69b0d2bd937ac506897cc"},"description":"Vor 90 Jahren wurde der Paulinenauer Sportverein gegr\u00fcndet. Seine G\u00e4ste lud der \u00e4lteste Verein in den Saal des Mehrzweckgeb\u00e4udes ein.","breadcrumb":{"@id":"https:\/\/paulinenaue.info\/index.php\/ptsv\/#breadcrumb"},"inLanguage":"de","potentialAction":[{"@type":"ReadAction","target":["https:\/\/paulinenaue.info\/index.php\/ptsv\/"]}]},{"@type":"ImageObject","inLanguage":"de","@id":"https:\/\/paulinenaue.info\/index.php\/ptsv\/#primaryimage","url":"https:\/\/paulinenaue.info\/wp-content\/uploads\/2016\/03\/20131124_ptsv_90_01.jpg","contentUrl":"https:\/\/paulinenaue.info\/wp-content\/uploads\/2016\/03\/20131124_ptsv_90_01.jpg","width":500,"height":322},{"@type":"BreadcrumbList","@id":"https:\/\/paulinenaue.info\/index.php\/ptsv\/#breadcrumb","itemListElement":[{"@type":"ListItem","position":1,"name":"Home","item":"https:\/\/paulinenaue.info\/"},{"@type":"ListItem","position":2,"name":"90 Jahre Paulinenauer Turn- und Sportverein \u2013 Der PTSV feiert im Saal des Mehrzweckgeb\u00e4udes"}]},{"@type":"WebSite","@id":"https:\/\/paulinenaue.info\/#website","url":"https:\/\/paulinenaue.info\/","name":"Paulinenaue","description":"Ein Dorf im Havelland","potentialAction":[{"@type":"SearchAction","target":{"@type":"EntryPoint","urlTemplate":"https:\/\/paulinenaue.info\/?s={search_term_string}"},"query-input":{"@type":"PropertyValueSpecification","valueRequired":true,"valueName":"search_term_string"}}],"inLanguage":"de"},{"@type":"Person","@id":"https:\/\/paulinenaue.info\/#\/schema\/person\/3f9e818fd7b69b0d2bd937ac506897cc","name":"Joachim Scholz","url":"https:\/\/paulinenaue.info\/index.php\/author\/jjscholz\/"}]}},"jetpack_publicize_connections":[],"jetpack_featured_media_url":"https:\/\/paulinenaue.info\/wp-content\/uploads\/2016\/03\/20131124_ptsv_90_01.jpg","jetpack_sharing_enabled":true,"jetpack_shortlink":"https:\/\/wp.me\/scYhWA-ptsv","jetpack-related-posts":[{"id":415382,"url":"https:\/\/paulinenaue.info\/index.php\/sport-frei-100-jahre-paulinenauer-turn-und-sportverein\/","url_meta":{"origin":105,"position":0},"title":"Sport frei! \u2013 100 Jahre Paulinenauer Turn- und Sportverein","author":"Joachim Scholz","date":"25. November 2023","format":false,"excerpt":"Im Roman ,Drei Kameraden\u2018 l\u00e4sst der Schriftsteller Erich Maria Remarque seinen Protagonisten \u00fcber das Jahresende 1923 sagen: \u201eDas war in der Inflation. Zweihundert Billionen Mark hatte ich monatlich verdient. Zweimal am Tag gab es Geld und jedesmal eine halbe Stunde Urlaub, damit man in die L\u00e4den rasen und etwas kaufen\u2026","rel":"","context":"In &quot;Allgemein&quot;","block_context":{"text":"Allgemein","link":"https:\/\/paulinenaue.info\/index.php\/category\/allgemein\/"},"img":{"alt_text":"","src":"https:\/\/i0.wp.com\/paulinenaue.info\/wp-content\/uploads\/2023\/11\/1952_mannschaft_01.jpg?resize=350%2C200&ssl=1","width":350,"height":200,"srcset":"https:\/\/i0.wp.com\/paulinenaue.info\/wp-content\/uploads\/2023\/11\/1952_mannschaft_01.jpg?resize=350%2C200&ssl=1 1x, https:\/\/i0.wp.com\/paulinenaue.info\/wp-content\/uploads\/2023\/11\/1952_mannschaft_01.jpg?resize=525%2C300&ssl=1 1.5x, https:\/\/i0.wp.com\/paulinenaue.info\/wp-content\/uploads\/2023\/11\/1952_mannschaft_01.jpg?resize=700%2C400&ssl=1 2x, https:\/\/i0.wp.com\/paulinenaue.info\/wp-content\/uploads\/2023\/11\/1952_mannschaft_01.jpg?resize=1050%2C600&ssl=1 3x, https:\/\/i0.wp.com\/paulinenaue.info\/wp-content\/uploads\/2023\/11\/1952_mannschaft_01.jpg?resize=1400%2C800&ssl=1 4x"},"classes":[]},{"id":415552,"url":"https:\/\/paulinenaue.info\/index.php\/rueckblick-auf-die-feier-zum-ptsv-jubilaeum-am-25-november-2023\/","url_meta":{"origin":105,"position":1},"title":"R\u00fcckblick auf die Feier zum PTSV-Jubil\u00e4um am 25. November 2023","author":"Joachim Scholz","date":"9. Dezember 2023","format":false,"excerpt":"Viele Sportlerinnen und Sportler, die aktiven und die nicht mehr so aktiven, wohnten am 25. November 2023 der Feier zum Jubil\u00e4um der Gr\u00fcndung des Paulinenauer Turn- und Sportvereins bei, die auf den Tag genau 100 Jahre zuvor am selben Ort, im Gasthaus \u201eZu den drei Landkreisen\u201c (heute \u201eApne 3\u201c) stattfand.\u2026","rel":"","context":"In &quot;PTSV&quot;","block_context":{"text":"PTSV","link":"https:\/\/paulinenaue.info\/index.php\/category\/ptsv\/"},"img":{"alt_text":"","src":"https:\/\/i0.wp.com\/paulinenaue.info\/wp-content\/uploads\/2023\/12\/2023-11-25-Apne-3-100-Jahre-PTSV-03.jpeg?resize=350%2C200&ssl=1","width":350,"height":200,"srcset":"https:\/\/i0.wp.com\/paulinenaue.info\/wp-content\/uploads\/2023\/12\/2023-11-25-Apne-3-100-Jahre-PTSV-03.jpeg?resize=350%2C200&ssl=1 1x, https:\/\/i0.wp.com\/paulinenaue.info\/wp-content\/uploads\/2023\/12\/2023-11-25-Apne-3-100-Jahre-PTSV-03.jpeg?resize=525%2C300&ssl=1 1.5x, https:\/\/i0.wp.com\/paulinenaue.info\/wp-content\/uploads\/2023\/12\/2023-11-25-Apne-3-100-Jahre-PTSV-03.jpeg?resize=700%2C400&ssl=1 2x"},"classes":[]},{"id":203,"url":"https:\/\/paulinenaue.info\/index.php\/die-schwarze-martha\/","url_meta":{"origin":105,"position":2},"title":"Die \u201eSchwarze Martha\u201c \u2013 Wer sind die Paulinenauer M\u00e4dchen auf dem Foto von 1930?","author":"Joachim Scholz","date":"29. August 2012","format":false,"excerpt":"Anfang des Jahres 2012 brachte die Digitalisierung des Bildarchivs des Paulinenauer Landwirtschaftsinstitutes eine von Georg Drasch\u00e9 abfotografierte alte Chronik des Paulinenauer Sportvereins\u00a0zu Tage. Unter den Negativen war auch das Bild einer Gruppe M\u00e4dchen, die in bequemen Gew\u00e4ndern in freier Natur vor der Kamera posiert. Wer sie sind und wann und\u2026","rel":"","context":"In &quot;Hier Zuhause&quot;","block_context":{"text":"Hier Zuhause","link":"https:\/\/paulinenaue.info\/index.php\/category\/hier-zuhause\/"},"img":{"alt_text":"","src":"https:\/\/i0.wp.com\/paulinenaue.info\/wp-content\/uploads\/2012\/08\/Schwarze-Martha-1930.jpg?resize=350%2C200&ssl=1","width":350,"height":200,"srcset":"https:\/\/i0.wp.com\/paulinenaue.info\/wp-content\/uploads\/2012\/08\/Schwarze-Martha-1930.jpg?resize=350%2C200&ssl=1 1x, https:\/\/i0.wp.com\/paulinenaue.info\/wp-content\/uploads\/2012\/08\/Schwarze-Martha-1930.jpg?resize=525%2C300&ssl=1 1.5x, https:\/\/i0.wp.com\/paulinenaue.info\/wp-content\/uploads\/2012\/08\/Schwarze-Martha-1930.jpg?resize=700%2C400&ssl=1 2x, https:\/\/i0.wp.com\/paulinenaue.info\/wp-content\/uploads\/2012\/08\/Schwarze-Martha-1930.jpg?resize=1050%2C600&ssl=1 3x"},"classes":[]},{"id":415440,"url":"https:\/\/paulinenaue.info\/index.php\/einhundert-jahre-ptsv-1923-eine-chronik\/","url_meta":{"origin":105,"position":3},"title":"Einhundert Jahre PTSV 1923 \u2013 eine Chronik","author":"Joachim Scholz","date":"9. Dezember 2023","format":false,"excerpt":"","rel":"","context":"In &quot;Dorfentwicklung&quot;","block_context":{"text":"Dorfentwicklung","link":"https:\/\/paulinenaue.info\/index.php\/category\/dorfentwicklung\/"},"img":{"alt_text":"","src":"https:\/\/i0.wp.com\/paulinenaue.info\/wp-content\/uploads\/2023\/12\/1958-05-1958-PTSV-am-Himmelfahrtstag-vor-der-Abfahrt-irgendwohin.jpg?resize=350%2C200&ssl=1","width":350,"height":200,"srcset":"https:\/\/i0.wp.com\/paulinenaue.info\/wp-content\/uploads\/2023\/12\/1958-05-1958-PTSV-am-Himmelfahrtstag-vor-der-Abfahrt-irgendwohin.jpg?resize=350%2C200&ssl=1 1x, https:\/\/i0.wp.com\/paulinenaue.info\/wp-content\/uploads\/2023\/12\/1958-05-1958-PTSV-am-Himmelfahrtstag-vor-der-Abfahrt-irgendwohin.jpg?resize=525%2C300&ssl=1 1.5x, https:\/\/i0.wp.com\/paulinenaue.info\/wp-content\/uploads\/2023\/12\/1958-05-1958-PTSV-am-Himmelfahrtstag-vor-der-Abfahrt-irgendwohin.jpg?resize=700%2C400&ssl=1 2x"},"classes":[]},{"id":419241,"url":"https:\/\/paulinenaue.info\/index.php\/zweites-tischtennis-freizeitturnier\/","url_meta":{"origin":105,"position":4},"title":"Zweites Tischtennis-Freizeitturnier","author":"Joachim Scholz","date":"3. April 2026","format":false,"excerpt":"Bild und Text: Eberhard Schwarz Im Veranstaltungskalender von Paulinenaue standen am 28. M\u00e4rz zwei Veranstaltungen: Fr\u00fchjahrsputz und\u00a0 TT-Freizeitturnier 2026. Die Planungen der Veranstalter konnten diese Dopplung nicht verhindern. Trotzdem wurden beide Veranstaltungen erfolgreich und mit guter Beteiligung durchgef\u00fchrt. Zu dem TT-Freizeitturnier meldeten sich Starter der Sektion TT des PTSV und\u2026","rel":"","context":"In &quot;Neuigkeiten&quot;","block_context":{"text":"Neuigkeiten","link":"https:\/\/paulinenaue.info\/index.php\/category\/neuigkeiten\/"},"img":{"alt_text":"","src":"https:\/\/i0.wp.com\/paulinenaue.info\/wp-content\/uploads\/2026\/04\/2026-03-28_TT-Paue-034.jpeg?resize=350%2C200&ssl=1","width":350,"height":200,"srcset":"https:\/\/i0.wp.com\/paulinenaue.info\/wp-content\/uploads\/2026\/04\/2026-03-28_TT-Paue-034.jpeg?resize=350%2C200&ssl=1 1x, https:\/\/i0.wp.com\/paulinenaue.info\/wp-content\/uploads\/2026\/04\/2026-03-28_TT-Paue-034.jpeg?resize=525%2C300&ssl=1 1.5x, https:\/\/i0.wp.com\/paulinenaue.info\/wp-content\/uploads\/2026\/04\/2026-03-28_TT-Paue-034.jpeg?resize=700%2C400&ssl=1 2x"},"classes":[]},{"id":415207,"url":"https:\/\/paulinenaue.info\/index.php\/paulinenauer-ptsv-1923-plant-ein-sportfest-fuer-alle\/","url_meta":{"origin":105,"position":5},"title":"Paulinenauer PTSV 1923 plant ein Sportfest f\u00fcr alle","author":"Joachim Scholz","date":"29. April 2023","format":false,"excerpt":"29.04.2023. Der Paulinenauer Turn- und Sportverein 1923 e.V. verbreitet im 100. Vereinsjahr den folgenden Aufruf zu einem Sportfest, wie es fr\u00fcher war: A\u0308ltere Paulinenauer ko\u0308nnen sich vielleicht noch erinnern. Sportfeste haben in Paulinenaue eine lange Tradition und geho\u0308rten zum Dorfleben. Gerne wu\u0308rde wir diese wieder zum Leben erwecken! Dafu\u0308r beno\u0308tigen\u2026","rel":"","context":"In &quot;Hier Zuhause&quot;","block_context":{"text":"Hier Zuhause","link":"https:\/\/paulinenaue.info\/index.php\/category\/hier-zuhause\/"},"img":{"alt_text":"","src":"https:\/\/i0.wp.com\/paulinenaue.info\/wp-content\/uploads\/2023\/04\/Paulinenaue-Sportplatz-o.J.-ca.-1960.jpeg?resize=350%2C200&ssl=1","width":350,"height":200,"srcset":"https:\/\/i0.wp.com\/paulinenaue.info\/wp-content\/uploads\/2023\/04\/Paulinenaue-Sportplatz-o.J.-ca.-1960.jpeg?resize=350%2C200&ssl=1 1x, https:\/\/i0.wp.com\/paulinenaue.info\/wp-content\/uploads\/2023\/04\/Paulinenaue-Sportplatz-o.J.-ca.-1960.jpeg?resize=525%2C300&ssl=1 1.5x, https:\/\/i0.wp.com\/paulinenaue.info\/wp-content\/uploads\/2023\/04\/Paulinenaue-Sportplatz-o.J.-ca.-1960.jpeg?resize=700%2C400&ssl=1 2x"},"classes":[]}],"_links":{"self":[{"href":"https:\/\/paulinenaue.info\/index.php\/wp-json\/wp\/v2\/posts\/105","targetHints":{"allow":["GET"]}}],"collection":[{"href":"https:\/\/paulinenaue.info\/index.php\/wp-json\/wp\/v2\/posts"}],"about":[{"href":"https:\/\/paulinenaue.info\/index.php\/wp-json\/wp\/v2\/types\/post"}],"author":[{"embeddable":true,"href":"https:\/\/paulinenaue.info\/index.php\/wp-json\/wp\/v2\/users\/1"}],"replies":[{"embeddable":true,"href":"https:\/\/paulinenaue.info\/index.php\/wp-json\/wp\/v2\/comments?post=105"}],"version-history":[{"count":3,"href":"https:\/\/paulinenaue.info\/index.php\/wp-json\/wp\/v2\/posts\/105\/revisions"}],"predecessor-version":[{"id":415594,"href":"https:\/\/paulinenaue.info\/index.php\/wp-json\/wp\/v2\/posts\/105\/revisions\/415594"}],"wp:featuredmedia":[{"embeddable":true,"href":"https:\/\/paulinenaue.info\/index.php\/wp-json\/wp\/v2\/media\/354"}],"wp:attachment":[{"href":"https:\/\/paulinenaue.info\/index.php\/wp-json\/wp\/v2\/media?parent=105"}],"wp:term":[{"taxonomy":"category","embeddable":true,"href":"https:\/\/paulinenaue.info\/index.php\/wp-json\/wp\/v2\/categories?post=105"},{"taxonomy":"post_tag","embeddable":true,"href":"https:\/\/paulinenaue.info\/index.php\/wp-json\/wp\/v2\/tags?post=105"}],"curies":[{"name":"wp","href":"https:\/\/api.w.org\/{rel}","templated":true}]}}