{"id":1138,"date":"2017-06-21T09:06:31","date_gmt":"2017-06-21T07:06:31","guid":{"rendered":"http:\/\/paulinenaue.info\/?p=1138"},"modified":"2017-06-21T09:07:48","modified_gmt":"2017-06-21T07:07:48","slug":"zu-besuch-in-chociule-kutschlau-heute","status":"publish","type":"post","link":"https:\/\/paulinenaue.info\/index.php\/zu-besuch-in-chociule-kutschlau-heute\/","title":{"rendered":"Zu Besuch in Chociule &#8211; Kutschlau heute"},"content":{"rendered":"<h6 class=\"erstellt\">10.08.2005<\/h6>\n<p>Das polnische Dorf Chociule geh\u00f6rte vor dem Zweiten Weltkrieg zur Provinz Brandenburg und hie\u00df Kutschlau. Von 1941 bis 1945 bewirtschaftete dort Eilhard Alfred Mitscherlich, damals bereits emeritierter Professor der Universit\u00e4t K\u00f6nigsberg und sp\u00e4ter erster Direktor des Paulinenauer Landwirtschaftsinstitutes, das Familiengut seines verstorbenen Onkels. Als Mitscherlich im Januar 1945 vor der nahenden Front floh, zogen viele Kutschlauer Familien mit ihm gen Westen, bis ins Havelland. So kommt es, dass manche Paulinenauer Familie ihre alte Heimat in Kutschlau hat. Die Erinnerung an das Dorf und die Geschichte der gemeinsamen Flucht verbindet die Kutschlauer bis heute.<\/p>\n<p>Wie es in unseren Tagen im ehemaligen Kutschlau aussieht, zeigen die folgenden Bilder, die am 9. August 2005 auf einer Fahrradreise durch Polen entstanden.<\/p>\n<div id=\"attachment_1145\" style=\"width: 310px\" class=\"wp-caption alignnone\"><a href=\"http:\/\/paulinenaue.info\/wp-content\/uploads\/2017\/06\/20050809_kutschlau.jpg\"><img decoding=\"async\" aria-describedby=\"caption-attachment-1145\" data-attachment-id=\"1145\" data-permalink=\"https:\/\/paulinenaue.info\/index.php\/zu-besuch-in-chociule-kutschlau-heute\/20050809_kutschlau\/\" data-orig-file=\"https:\/\/paulinenaue.info\/wp-content\/uploads\/2017\/06\/20050809_kutschlau.jpg\" data-orig-size=\"350,263\" data-comments-opened=\"1\" data-image-meta=\"{&quot;aperture&quot;:&quot;5.6&quot;,&quot;credit&quot;:&quot;&quot;,&quot;camera&quot;:&quot;DSC-P72&quot;,&quot;caption&quot;:&quot;&quot;,&quot;created_timestamp&quot;:&quot;1123576167&quot;,&quot;copyright&quot;:&quot;&quot;,&quot;focal_length&quot;:&quot;18&quot;,&quot;iso&quot;:&quot;100&quot;,&quot;shutter_speed&quot;:&quot;0.008&quot;,&quot;title&quot;:&quot;&quot;,&quot;orientation&quot;:&quot;1&quot;}\" data-image-title=\"20050809_kutschlau\" data-image-description=\"\" data-image-caption=\"\" data-large-file=\"https:\/\/paulinenaue.info\/wp-content\/uploads\/2017\/06\/20050809_kutschlau.jpg\" class=\"lazyload wp-image-1145 size-medium\" src=\"http:\/\/paulinenaue.info\/wp-content\/uploads\/2017\/06\/20050809_kutschlau-300x225.jpg\" data-orig-src=\"http:\/\/paulinenaue.info\/wp-content\/uploads\/2017\/06\/20050809_kutschlau-300x225.jpg\" alt=\"Im Havelland soll es Mitscherlich auch deshalb gefallen haben, weil ihn die Umgebung an Kutschlau erinnerte. \" width=\"300\" height=\"225\" srcset=\"data:image\/svg+xml,%3Csvg%20xmlns%3D%27http%3A%2F%2Fwww.w3.org%2F2000%2Fsvg%27%20width%3D%27300%27%20height%3D%27225%27%20viewBox%3D%270%200%20300%20225%27%3E%3Crect%20width%3D%27300%27%20height%3D%27225%27%20fill-opacity%3D%220%22%2F%3E%3C%2Fsvg%3E\" data-srcset=\"https:\/\/paulinenaue.info\/wp-content\/uploads\/2017\/06\/20050809_kutschlau-300x225.jpg 300w, https:\/\/paulinenaue.info\/wp-content\/uploads\/2017\/06\/20050809_kutschlau.jpg 350w\" data-sizes=\"auto\" data-orig-sizes=\"(max-width: 300px) 100vw, 300px\" \/><\/a><p id=\"caption-attachment-1145\" class=\"wp-caption-text\">Im Havelland soll es Mitscherlich auch deshalb gefallen haben, weil ihn die Umgebung an Kutschlau erinnerte.<\/p><\/div>\n<div id=\"attachment_1146\" style=\"width: 235px\" class=\"wp-caption alignnone\"><a href=\"http:\/\/paulinenaue.info\/wp-content\/uploads\/2017\/06\/20050809_schloss_kutschlau.jpg\"><img decoding=\"async\" aria-describedby=\"caption-attachment-1146\" data-attachment-id=\"1146\" data-permalink=\"https:\/\/paulinenaue.info\/index.php\/zu-besuch-in-chociule-kutschlau-heute\/20050809_schloss_kutschlau\/\" data-orig-file=\"https:\/\/paulinenaue.info\/wp-content\/uploads\/2017\/06\/20050809_schloss_kutschlau.jpg\" data-orig-size=\"263,350\" data-comments-opened=\"1\" data-image-meta=\"{&quot;aperture&quot;:&quot;5.6&quot;,&quot;credit&quot;:&quot;&quot;,&quot;camera&quot;:&quot;DSC-P72&quot;,&quot;caption&quot;:&quot;&quot;,&quot;created_timestamp&quot;:&quot;1123581294&quot;,&quot;copyright&quot;:&quot;&quot;,&quot;focal_length&quot;:&quot;6&quot;,&quot;iso&quot;:&quot;100&quot;,&quot;shutter_speed&quot;:&quot;0.008&quot;,&quot;title&quot;:&quot;&quot;,&quot;orientation&quot;:&quot;1&quot;}\" data-image-title=\"20050809_schloss_kutschlau\" data-image-description=\"\" data-image-caption=\"\" data-large-file=\"https:\/\/paulinenaue.info\/wp-content\/uploads\/2017\/06\/20050809_schloss_kutschlau.jpg\" class=\"lazyload wp-image-1146 size-medium\" src=\"http:\/\/paulinenaue.info\/wp-content\/uploads\/2017\/06\/20050809_schloss_kutschlau-225x300.jpg\" data-orig-src=\"http:\/\/paulinenaue.info\/wp-content\/uploads\/2017\/06\/20050809_schloss_kutschlau-225x300.jpg\" alt=\"Seit 1945 ist im Kutschlauer Schloss ein Kinderheim untergebracht. \" width=\"225\" height=\"300\" srcset=\"data:image\/svg+xml,%3Csvg%20xmlns%3D%27http%3A%2F%2Fwww.w3.org%2F2000%2Fsvg%27%20width%3D%27225%27%20height%3D%27300%27%20viewBox%3D%270%200%20225%20300%27%3E%3Crect%20width%3D%27225%27%20height%3D%27300%27%20fill-opacity%3D%220%22%2F%3E%3C%2Fsvg%3E\" data-srcset=\"https:\/\/paulinenaue.info\/wp-content\/uploads\/2017\/06\/20050809_schloss_kutschlau-225x300.jpg 225w, https:\/\/paulinenaue.info\/wp-content\/uploads\/2017\/06\/20050809_schloss_kutschlau.jpg 263w\" data-sizes=\"auto\" data-orig-sizes=\"(max-width: 225px) 100vw, 225px\" \/><\/a><p id=\"caption-attachment-1146\" class=\"wp-caption-text\">Seit 1945 ist im Kutschlauer Schloss ein Kinderheim untergebracht.<\/p><\/div>\n<div id=\"attachment_1142\" style=\"width: 310px\" class=\"wp-caption alignnone\"><a href=\"http:\/\/paulinenaue.info\/wp-content\/uploads\/2017\/06\/20050809_gutshof_kutschlau.jpg\"><img decoding=\"async\" aria-describedby=\"caption-attachment-1142\" data-attachment-id=\"1142\" data-permalink=\"https:\/\/paulinenaue.info\/index.php\/zu-besuch-in-chociule-kutschlau-heute\/20050809_gutshof_kutschlau\/\" data-orig-file=\"https:\/\/paulinenaue.info\/wp-content\/uploads\/2017\/06\/20050809_gutshof_kutschlau.jpg\" data-orig-size=\"350,263\" data-comments-opened=\"1\" data-image-meta=\"{&quot;aperture&quot;:&quot;5.6&quot;,&quot;credit&quot;:&quot;&quot;,&quot;camera&quot;:&quot;DSC-P72&quot;,&quot;caption&quot;:&quot;&quot;,&quot;created_timestamp&quot;:&quot;1123581469&quot;,&quot;copyright&quot;:&quot;&quot;,&quot;focal_length&quot;:&quot;6&quot;,&quot;iso&quot;:&quot;100&quot;,&quot;shutter_speed&quot;:&quot;0.008&quot;,&quot;title&quot;:&quot;&quot;,&quot;orientation&quot;:&quot;1&quot;}\" data-image-title=\"20050809_gutshof_kutschlau\" data-image-description=\"\" data-image-caption=\"\" data-large-file=\"https:\/\/paulinenaue.info\/wp-content\/uploads\/2017\/06\/20050809_gutshof_kutschlau.jpg\" class=\"lazyload wp-image-1142 size-medium\" src=\"http:\/\/paulinenaue.info\/wp-content\/uploads\/2017\/06\/20050809_gutshof_kutschlau-300x225.jpg\" data-orig-src=\"http:\/\/paulinenaue.info\/wp-content\/uploads\/2017\/06\/20050809_gutshof_kutschlau-300x225.jpg\" alt=\"Auf dem Gut konnte Mitscherlich seine theoretischen Erkenntnisse in der Praxis erproben. Hier richtete er bereits eine Gef\u00e4\u00dfstation ein, um alle B\u00f6den mit der von ihm entwickelten pflanzenphysiologischen Methode untersuchen und die Ertr\u00e4ge des Betriebes steigern zu k\u00f6nnen. In Paulinenaue setzte der Pflanzenkundler seine Arbeit fort. \" width=\"300\" height=\"225\" srcset=\"data:image\/svg+xml,%3Csvg%20xmlns%3D%27http%3A%2F%2Fwww.w3.org%2F2000%2Fsvg%27%20width%3D%27300%27%20height%3D%27225%27%20viewBox%3D%270%200%20300%20225%27%3E%3Crect%20width%3D%27300%27%20height%3D%27225%27%20fill-opacity%3D%220%22%2F%3E%3C%2Fsvg%3E\" data-srcset=\"https:\/\/paulinenaue.info\/wp-content\/uploads\/2017\/06\/20050809_gutshof_kutschlau-300x225.jpg 300w, https:\/\/paulinenaue.info\/wp-content\/uploads\/2017\/06\/20050809_gutshof_kutschlau.jpg 350w\" data-sizes=\"auto\" data-orig-sizes=\"(max-width: 300px) 100vw, 300px\" \/><\/a><p id=\"caption-attachment-1142\" class=\"wp-caption-text\">Auf dem Gut konnte Mitscherlich seine theoretischen Erkenntnisse in der Praxis erproben. Hier richtete er bereits eine Gef\u00e4\u00dfstation ein, um alle B\u00f6den mit der von ihm entwickelten pflanzenphysiologischen Methode untersuchen und die Ertr\u00e4ge des Betriebes steigern zu k\u00f6nnen. In Paulinenaue setzte der Pflanzenkundler seine Arbeit fort.<\/p><\/div>\n<div id=\"attachment_1139\" style=\"width: 310px\" class=\"wp-caption alignnone\"><a href=\"http:\/\/paulinenaue.info\/wp-content\/uploads\/2017\/06\/20050809_freitreppe_kutschlau.jpg\"><img decoding=\"async\" aria-describedby=\"caption-attachment-1139\" data-attachment-id=\"1139\" data-permalink=\"https:\/\/paulinenaue.info\/index.php\/zu-besuch-in-chociule-kutschlau-heute\/20050809_freitreppe_kutschlau\/\" data-orig-file=\"https:\/\/paulinenaue.info\/wp-content\/uploads\/2017\/06\/20050809_freitreppe_kutschlau.jpg\" data-orig-size=\"350,263\" data-comments-opened=\"1\" data-image-meta=\"{&quot;aperture&quot;:&quot;5.6&quot;,&quot;credit&quot;:&quot;&quot;,&quot;camera&quot;:&quot;DSC-P72&quot;,&quot;caption&quot;:&quot;&quot;,&quot;created_timestamp&quot;:&quot;1123581397&quot;,&quot;copyright&quot;:&quot;&quot;,&quot;focal_length&quot;:&quot;6&quot;,&quot;iso&quot;:&quot;100&quot;,&quot;shutter_speed&quot;:&quot;0.01&quot;,&quot;title&quot;:&quot;&quot;,&quot;orientation&quot;:&quot;1&quot;}\" data-image-title=\"20050809_freitreppe_kutschlau\" data-image-description=\"\" data-image-caption=\"\" data-large-file=\"https:\/\/paulinenaue.info\/wp-content\/uploads\/2017\/06\/20050809_freitreppe_kutschlau.jpg\" class=\"lazyload wp-image-1139 size-medium\" src=\"http:\/\/paulinenaue.info\/wp-content\/uploads\/2017\/06\/20050809_freitreppe_kutschlau-300x225.jpg\" data-orig-src=\"http:\/\/paulinenaue.info\/wp-content\/uploads\/2017\/06\/20050809_freitreppe_kutschlau-300x225.jpg\" alt=\"Der Wintergarten und die Freitreppe des Schlosses werden gerade neu verputzt. \" width=\"300\" height=\"225\" srcset=\"data:image\/svg+xml,%3Csvg%20xmlns%3D%27http%3A%2F%2Fwww.w3.org%2F2000%2Fsvg%27%20width%3D%27300%27%20height%3D%27225%27%20viewBox%3D%270%200%20300%20225%27%3E%3Crect%20width%3D%27300%27%20height%3D%27225%27%20fill-opacity%3D%220%22%2F%3E%3C%2Fsvg%3E\" data-srcset=\"https:\/\/paulinenaue.info\/wp-content\/uploads\/2017\/06\/20050809_freitreppe_kutschlau-300x225.jpg 300w, https:\/\/paulinenaue.info\/wp-content\/uploads\/2017\/06\/20050809_freitreppe_kutschlau.jpg 350w\" data-sizes=\"auto\" data-orig-sizes=\"(max-width: 300px) 100vw, 300px\" \/><\/a><p id=\"caption-attachment-1139\" class=\"wp-caption-text\">Der Wintergarten und die Freitreppe des Schlosses werden gerade neu verputzt.<\/p><\/div>\n<div id=\"attachment_1144\" style=\"width: 235px\" class=\"wp-caption alignnone\"><a href=\"http:\/\/paulinenaue.info\/wp-content\/uploads\/2017\/06\/20050809_kirche_kutschlau_02.jpg\"><img decoding=\"async\" aria-describedby=\"caption-attachment-1144\" data-attachment-id=\"1144\" data-permalink=\"https:\/\/paulinenaue.info\/index.php\/zu-besuch-in-chociule-kutschlau-heute\/20050809_kirche_kutschlau_02\/\" data-orig-file=\"https:\/\/paulinenaue.info\/wp-content\/uploads\/2017\/06\/20050809_kirche_kutschlau_02.jpg\" data-orig-size=\"263,350\" data-comments-opened=\"1\" data-image-meta=\"{&quot;aperture&quot;:&quot;5.6&quot;,&quot;credit&quot;:&quot;&quot;,&quot;camera&quot;:&quot;DSC-P72&quot;,&quot;caption&quot;:&quot;&quot;,&quot;created_timestamp&quot;:&quot;1123579356&quot;,&quot;copyright&quot;:&quot;&quot;,&quot;focal_length&quot;:&quot;6&quot;,&quot;iso&quot;:&quot;100&quot;,&quot;shutter_speed&quot;:&quot;0.004&quot;,&quot;title&quot;:&quot;&quot;,&quot;orientation&quot;:&quot;1&quot;}\" data-image-title=\"20050809_kirche_kutschlau_02\" data-image-description=\"\" data-image-caption=\"\" data-large-file=\"https:\/\/paulinenaue.info\/wp-content\/uploads\/2017\/06\/20050809_kirche_kutschlau_02.jpg\" class=\"lazyload wp-image-1144 size-medium\" src=\"http:\/\/paulinenaue.info\/wp-content\/uploads\/2017\/06\/20050809_kirche_kutschlau_02-225x300.jpg\" data-orig-src=\"http:\/\/paulinenaue.info\/wp-content\/uploads\/2017\/06\/20050809_kirche_kutschlau_02-225x300.jpg\" alt=\"Die mittelalterliche Kirche steht unter Denkmalschutz, ist aber einsturzgef\u00e4hrdet und darf nicht betreten werden. \" width=\"225\" height=\"300\" srcset=\"data:image\/svg+xml,%3Csvg%20xmlns%3D%27http%3A%2F%2Fwww.w3.org%2F2000%2Fsvg%27%20width%3D%27225%27%20height%3D%27300%27%20viewBox%3D%270%200%20225%20300%27%3E%3Crect%20width%3D%27225%27%20height%3D%27300%27%20fill-opacity%3D%220%22%2F%3E%3C%2Fsvg%3E\" data-srcset=\"https:\/\/paulinenaue.info\/wp-content\/uploads\/2017\/06\/20050809_kirche_kutschlau_02-225x300.jpg 225w, https:\/\/paulinenaue.info\/wp-content\/uploads\/2017\/06\/20050809_kirche_kutschlau_02.jpg 263w\" data-sizes=\"auto\" data-orig-sizes=\"(max-width: 225px) 100vw, 225px\" \/><\/a><p id=\"caption-attachment-1144\" class=\"wp-caption-text\">Die mittelalterliche Kirche steht unter Denkmalschutz, ist aber einsturzgef\u00e4hrdet und darf nicht betreten werden.<\/p><\/div>\n<div id=\"attachment_1143\" style=\"width: 310px\" class=\"wp-caption alignnone\"><a href=\"http:\/\/paulinenaue.info\/wp-content\/uploads\/2017\/06\/20050809_kirche_kutschlau.jpg\"><img decoding=\"async\" aria-describedby=\"caption-attachment-1143\" data-attachment-id=\"1143\" data-permalink=\"https:\/\/paulinenaue.info\/index.php\/zu-besuch-in-chociule-kutschlau-heute\/20050809_kirche_kutschlau\/\" data-orig-file=\"https:\/\/paulinenaue.info\/wp-content\/uploads\/2017\/06\/20050809_kirche_kutschlau.jpg\" data-orig-size=\"350,256\" data-comments-opened=\"1\" data-image-meta=\"{&quot;aperture&quot;:&quot;5.6&quot;,&quot;credit&quot;:&quot;&quot;,&quot;camera&quot;:&quot;DSC-P72&quot;,&quot;caption&quot;:&quot;&quot;,&quot;created_timestamp&quot;:&quot;1123579304&quot;,&quot;copyright&quot;:&quot;&quot;,&quot;focal_length&quot;:&quot;6&quot;,&quot;iso&quot;:&quot;100&quot;,&quot;shutter_speed&quot;:&quot;0.0025&quot;,&quot;title&quot;:&quot;&quot;,&quot;orientation&quot;:&quot;1&quot;}\" data-image-title=\"20050809_kirche_kutschlau\" data-image-description=\"\" data-image-caption=\"\" data-large-file=\"https:\/\/paulinenaue.info\/wp-content\/uploads\/2017\/06\/20050809_kirche_kutschlau.jpg\" class=\"lazyload wp-image-1143 size-medium\" src=\"http:\/\/paulinenaue.info\/wp-content\/uploads\/2017\/06\/20050809_kirche_kutschlau-300x219.jpg\" data-orig-src=\"http:\/\/paulinenaue.info\/wp-content\/uploads\/2017\/06\/20050809_kirche_kutschlau-300x219.jpg\" alt=\"Der Gottesdienst findet in der zweiten Kirche des Ortes statt. \" width=\"300\" height=\"219\" srcset=\"data:image\/svg+xml,%3Csvg%20xmlns%3D%27http%3A%2F%2Fwww.w3.org%2F2000%2Fsvg%27%20width%3D%27300%27%20height%3D%27219%27%20viewBox%3D%270%200%20300%20219%27%3E%3Crect%20width%3D%27300%27%20height%3D%27219%27%20fill-opacity%3D%220%22%2F%3E%3C%2Fsvg%3E\" data-srcset=\"https:\/\/paulinenaue.info\/wp-content\/uploads\/2017\/06\/20050809_kirche_kutschlau-300x219.jpg 300w, https:\/\/paulinenaue.info\/wp-content\/uploads\/2017\/06\/20050809_kirche_kutschlau.jpg 350w\" data-sizes=\"auto\" data-orig-sizes=\"(max-width: 300px) 100vw, 300px\" \/><\/a><p id=\"caption-attachment-1143\" class=\"wp-caption-text\">Der Gottesdienst findet in der zweiten Kirche des Ortes statt.<\/p><\/div>\n<div id=\"attachment_1148\" style=\"width: 310px\" class=\"wp-caption alignnone\"><a href=\"http:\/\/paulinenaue.info\/wp-content\/uploads\/2017\/06\/20050809_strasse_kutschlau_01.jpg\"><img decoding=\"async\" aria-describedby=\"caption-attachment-1148\" data-attachment-id=\"1148\" data-permalink=\"https:\/\/paulinenaue.info\/index.php\/zu-besuch-in-chociule-kutschlau-heute\/20050809_strasse_kutschlau_01\/\" data-orig-file=\"https:\/\/paulinenaue.info\/wp-content\/uploads\/2017\/06\/20050809_strasse_kutschlau_01.jpg\" data-orig-size=\"350,263\" data-comments-opened=\"1\" data-image-meta=\"{&quot;aperture&quot;:&quot;5.6&quot;,&quot;credit&quot;:&quot;&quot;,&quot;camera&quot;:&quot;DSC-P72&quot;,&quot;caption&quot;:&quot;&quot;,&quot;created_timestamp&quot;:&quot;1123580051&quot;,&quot;copyright&quot;:&quot;&quot;,&quot;focal_length&quot;:&quot;6&quot;,&quot;iso&quot;:&quot;100&quot;,&quot;shutter_speed&quot;:&quot;0.008&quot;,&quot;title&quot;:&quot;&quot;,&quot;orientation&quot;:&quot;1&quot;}\" data-image-title=\"20050809_strasse_kutschlau_01\" data-image-description=\"\" data-image-caption=\"\" data-large-file=\"https:\/\/paulinenaue.info\/wp-content\/uploads\/2017\/06\/20050809_strasse_kutschlau_01.jpg\" class=\"lazyload wp-image-1148 size-medium\" src=\"http:\/\/paulinenaue.info\/wp-content\/uploads\/2017\/06\/20050809_strasse_kutschlau_01-300x225.jpg\" data-orig-src=\"http:\/\/paulinenaue.info\/wp-content\/uploads\/2017\/06\/20050809_strasse_kutschlau_01-300x225.jpg\" alt=\"Nur zwei gr\u00f6\u00dfere Stra\u00dfen durchziehen das Dorf.\" width=\"300\" height=\"225\" srcset=\"data:image\/svg+xml,%3Csvg%20xmlns%3D%27http%3A%2F%2Fwww.w3.org%2F2000%2Fsvg%27%20width%3D%27300%27%20height%3D%27225%27%20viewBox%3D%270%200%20300%20225%27%3E%3Crect%20width%3D%27300%27%20height%3D%27225%27%20fill-opacity%3D%220%22%2F%3E%3C%2Fsvg%3E\" data-srcset=\"https:\/\/paulinenaue.info\/wp-content\/uploads\/2017\/06\/20050809_strasse_kutschlau_01-300x225.jpg 300w, https:\/\/paulinenaue.info\/wp-content\/uploads\/2017\/06\/20050809_strasse_kutschlau_01.jpg 350w\" data-sizes=\"auto\" data-orig-sizes=\"(max-width: 300px) 100vw, 300px\" \/><\/a><p id=\"caption-attachment-1148\" class=\"wp-caption-text\">Nur zwei gr\u00f6\u00dfere Stra\u00dfen durchziehen das Dorf.<\/p><\/div>\n<div id=\"attachment_1141\" style=\"width: 310px\" class=\"wp-caption alignnone\"><a href=\"http:\/\/paulinenaue.info\/wp-content\/uploads\/2017\/06\/20050809_gasthof_kutschlau.jpg\"><img decoding=\"async\" aria-describedby=\"caption-attachment-1141\" data-attachment-id=\"1141\" data-permalink=\"https:\/\/paulinenaue.info\/index.php\/zu-besuch-in-chociule-kutschlau-heute\/20050809_gasthof_kutschlau\/\" data-orig-file=\"https:\/\/paulinenaue.info\/wp-content\/uploads\/2017\/06\/20050809_gasthof_kutschlau.jpg\" data-orig-size=\"350,228\" data-comments-opened=\"1\" data-image-meta=\"{&quot;aperture&quot;:&quot;5.6&quot;,&quot;credit&quot;:&quot;&quot;,&quot;camera&quot;:&quot;DSC-P72&quot;,&quot;caption&quot;:&quot;&quot;,&quot;created_timestamp&quot;:&quot;1123576485&quot;,&quot;copyright&quot;:&quot;&quot;,&quot;focal_length&quot;:&quot;6&quot;,&quot;iso&quot;:&quot;100&quot;,&quot;shutter_speed&quot;:&quot;0.005&quot;,&quot;title&quot;:&quot;&quot;,&quot;orientation&quot;:&quot;1&quot;}\" data-image-title=\"20050809_gasthof_kutschlau\" data-image-description=\"\" data-image-caption=\"\" data-large-file=\"https:\/\/paulinenaue.info\/wp-content\/uploads\/2017\/06\/20050809_gasthof_kutschlau.jpg\" class=\"lazyload wp-image-1141 size-medium\" src=\"http:\/\/paulinenaue.info\/wp-content\/uploads\/2017\/06\/20050809_gasthof_kutschlau-300x195.jpg\" data-orig-src=\"http:\/\/paulinenaue.info\/wp-content\/uploads\/2017\/06\/20050809_gasthof_kutschlau-300x195.jpg\" alt=\"Der Gasthof von Chociule hat geschlossen. \" width=\"300\" height=\"195\" srcset=\"data:image\/svg+xml,%3Csvg%20xmlns%3D%27http%3A%2F%2Fwww.w3.org%2F2000%2Fsvg%27%20width%3D%27300%27%20height%3D%27195%27%20viewBox%3D%270%200%20300%20195%27%3E%3Crect%20width%3D%27300%27%20height%3D%27195%27%20fill-opacity%3D%220%22%2F%3E%3C%2Fsvg%3E\" data-srcset=\"https:\/\/paulinenaue.info\/wp-content\/uploads\/2017\/06\/20050809_gasthof_kutschlau-300x195.jpg 300w, https:\/\/paulinenaue.info\/wp-content\/uploads\/2017\/06\/20050809_gasthof_kutschlau.jpg 350w\" data-sizes=\"auto\" data-orig-sizes=\"(max-width: 300px) 100vw, 300px\" \/><\/a><p id=\"caption-attachment-1141\" class=\"wp-caption-text\">Der Gasthof von Chociule hat geschlossen.<\/p><\/div>\n<div id=\"attachment_1147\" style=\"width: 310px\" class=\"wp-caption alignnone\"><a href=\"http:\/\/paulinenaue.info\/wp-content\/uploads\/2017\/06\/20050809_strasse_kutschlau.jpg\"><img decoding=\"async\" aria-describedby=\"caption-attachment-1147\" data-attachment-id=\"1147\" data-permalink=\"https:\/\/paulinenaue.info\/index.php\/zu-besuch-in-chociule-kutschlau-heute\/20050809_strasse_kutschlau\/\" data-orig-file=\"https:\/\/paulinenaue.info\/wp-content\/uploads\/2017\/06\/20050809_strasse_kutschlau.jpg\" data-orig-size=\"350,263\" data-comments-opened=\"1\" data-image-meta=\"{&quot;aperture&quot;:&quot;7.1&quot;,&quot;credit&quot;:&quot;&quot;,&quot;camera&quot;:&quot;DSC-P72&quot;,&quot;caption&quot;:&quot;&quot;,&quot;created_timestamp&quot;:&quot;1123576520&quot;,&quot;copyright&quot;:&quot;&quot;,&quot;focal_length&quot;:&quot;10.3&quot;,&quot;iso&quot;:&quot;100&quot;,&quot;shutter_speed&quot;:&quot;0.0125&quot;,&quot;title&quot;:&quot;&quot;,&quot;orientation&quot;:&quot;1&quot;}\" data-image-title=\"20050809_strasse_kutschlau\" data-image-description=\"\" data-image-caption=\"\" data-large-file=\"https:\/\/paulinenaue.info\/wp-content\/uploads\/2017\/06\/20050809_strasse_kutschlau.jpg\" class=\"lazyload wp-image-1147 size-medium\" src=\"http:\/\/paulinenaue.info\/wp-content\/uploads\/2017\/06\/20050809_strasse_kutschlau-300x225.jpg\" data-orig-src=\"http:\/\/paulinenaue.info\/wp-content\/uploads\/2017\/06\/20050809_strasse_kutschlau-300x225.jpg\" alt=\"Stra\u00dfenszene, im Hintergrund Gutsgeb\u00e4ude \" width=\"300\" height=\"225\" srcset=\"data:image\/svg+xml,%3Csvg%20xmlns%3D%27http%3A%2F%2Fwww.w3.org%2F2000%2Fsvg%27%20width%3D%27300%27%20height%3D%27225%27%20viewBox%3D%270%200%20300%20225%27%3E%3Crect%20width%3D%27300%27%20height%3D%27225%27%20fill-opacity%3D%220%22%2F%3E%3C%2Fsvg%3E\" data-srcset=\"https:\/\/paulinenaue.info\/wp-content\/uploads\/2017\/06\/20050809_strasse_kutschlau-300x225.jpg 300w, https:\/\/paulinenaue.info\/wp-content\/uploads\/2017\/06\/20050809_strasse_kutschlau.jpg 350w\" data-sizes=\"auto\" data-orig-sizes=\"(max-width: 300px) 100vw, 300px\" \/><\/a><p id=\"caption-attachment-1147\" class=\"wp-caption-text\">Stra\u00dfenszene, im Hintergrund Gutsgeb\u00e4ude<\/p><\/div>\n<div id=\"attachment_1140\" style=\"width: 310px\" class=\"wp-caption alignnone\"><a href=\"http:\/\/paulinenaue.info\/wp-content\/uploads\/2017\/06\/20050809_friedhof_kutschlau.jpg\"><img decoding=\"async\" aria-describedby=\"caption-attachment-1140\" data-attachment-id=\"1140\" data-permalink=\"https:\/\/paulinenaue.info\/index.php\/zu-besuch-in-chociule-kutschlau-heute\/20050809_friedhof_kutschlau\/\" data-orig-file=\"https:\/\/paulinenaue.info\/wp-content\/uploads\/2017\/06\/20050809_friedhof_kutschlau.jpg\" data-orig-size=\"350,263\" data-comments-opened=\"1\" data-image-meta=\"{&quot;aperture&quot;:&quot;3.2&quot;,&quot;credit&quot;:&quot;&quot;,&quot;camera&quot;:&quot;DSC-P72&quot;,&quot;caption&quot;:&quot;&quot;,&quot;created_timestamp&quot;:&quot;1123575545&quot;,&quot;copyright&quot;:&quot;&quot;,&quot;focal_length&quot;:&quot;6.9&quot;,&quot;iso&quot;:&quot;100&quot;,&quot;shutter_speed&quot;:&quot;0.0125&quot;,&quot;title&quot;:&quot;&quot;,&quot;orientation&quot;:&quot;1&quot;}\" data-image-title=\"20050809_friedhof_kutschlau\" data-image-description=\"\" data-image-caption=\"\" data-large-file=\"https:\/\/paulinenaue.info\/wp-content\/uploads\/2017\/06\/20050809_friedhof_kutschlau.jpg\" class=\"lazyload wp-image-1140 size-medium\" src=\"http:\/\/paulinenaue.info\/wp-content\/uploads\/2017\/06\/20050809_friedhof_kutschlau-300x225.jpg\" data-orig-src=\"http:\/\/paulinenaue.info\/wp-content\/uploads\/2017\/06\/20050809_friedhof_kutschlau-300x225.jpg\" alt=\"Nur am Rande des Friedhofes findet man Reste deutscher Familiengr\u00e4ber. Die alten Grabsteine wurden zum Bau des Trauerpodestes verwendet.\" width=\"300\" height=\"225\" srcset=\"data:image\/svg+xml,%3Csvg%20xmlns%3D%27http%3A%2F%2Fwww.w3.org%2F2000%2Fsvg%27%20width%3D%27300%27%20height%3D%27225%27%20viewBox%3D%270%200%20300%20225%27%3E%3Crect%20width%3D%27300%27%20height%3D%27225%27%20fill-opacity%3D%220%22%2F%3E%3C%2Fsvg%3E\" data-srcset=\"https:\/\/paulinenaue.info\/wp-content\/uploads\/2017\/06\/20050809_friedhof_kutschlau-300x225.jpg 300w, https:\/\/paulinenaue.info\/wp-content\/uploads\/2017\/06\/20050809_friedhof_kutschlau.jpg 350w\" data-sizes=\"auto\" data-orig-sizes=\"(max-width: 300px) 100vw, 300px\" \/><\/a><p id=\"caption-attachment-1140\" class=\"wp-caption-text\">Nur am Rande des Friedhofes findet man Reste deutscher Familiengr\u00e4ber. Die alten Grabsteine wurden zum Bau des Trauerpodestes verwendet.<\/p><\/div>\n<p>Wie ich in Paulinenaue eine neue Heimat gefunden habe. Helmut Fritsch erinnert sich an Kutschlau, Vertreibung und Neuanfang. <a href=\"https:\/\/paulinenaue.info\/index.php\/helmut-fritsch-wie-ich-in-paulinenaue-eine-neue-heimat-gefunden-habe-teil-1-2\/\">[mehr&#8230;]<\/a><\/p>\n<p class=\"untertitel\">Fotos: Joachim Scholz, 2005<\/p>\n","protected":false},"excerpt":{"rendered":"<p>10.08.2005 Das polnische Dorf Chociule geh\u00f6rte vor dem Zweiten Weltkrieg [&hellip;]<\/p>\n","protected":false},"author":3,"featured_media":1143,"comment_status":"open","ping_status":"open","sticky":false,"template":"","format":"standard","meta":{"_acf_changed":false,"_price":"","_stock":"","_tribe_ticket_header":"","_tribe_default_ticket_provider":"","_tribe_ticket_capacity":"0","_ticket_start_date":"","_ticket_end_date":"","_tribe_ticket_show_description":"","_tribe_ticket_show_not_going":false,"_tribe_ticket_use_global_stock":"","_tribe_ticket_global_stock_level":"","_global_stock_mode":"","_global_stock_cap":"","_tribe_rsvp_for_event":"","_tribe_ticket_going_count":"","_tribe_ticket_not_going_count":"","_tribe_tickets_list":"[]","_tribe_ticket_has_attendee_info_fields":false,"jetpack_post_was_ever_published":false,"_jetpack_newsletter_access":"","_jetpack_dont_email_post_to_subs":false,"_jetpack_newsletter_tier_id":0,"_jetpack_memberships_contains_paywalled_content":false,"_jetpack_memberships_contains_paid_content":false,"footnotes":"","jetpack_publicize_message":"","jetpack_publicize_feature_enabled":true,"jetpack_social_post_already_shared":true,"jetpack_social_options":{"image_generator_settings":{"template":"highway","default_image_id":0,"font":"","enabled":false},"version":2}},"categories":[1,7],"tags":[147,134],"class_list":["post-1138","post","type-post","status-publish","format-standard","has-post-thumbnail","hentry","category-allgemein","category-historie","tag-chociule","tag-kutschlau"],"acf":[],"yoast_head":"<!-- This site is optimized with the Yoast SEO plugin v27.5 - https:\/\/yoast.com\/product\/yoast-seo-wordpress\/ -->\n<title>Zu Besuch in Chociule - Kutschlau heute - Paulinenaue<\/title>\n<meta name=\"robots\" content=\"index, follow, max-snippet:-1, max-image-preview:large, max-video-preview:-1\" \/>\n<link rel=\"canonical\" href=\"https:\/\/paulinenaue.info\/index.php\/zu-besuch-in-chociule-kutschlau-heute\/\" \/>\n<meta property=\"og:locale\" content=\"de_DE\" \/>\n<meta property=\"og:type\" content=\"article\" \/>\n<meta property=\"og:title\" content=\"Zu Besuch in Chociule - Kutschlau heute - Paulinenaue\" \/>\n<meta property=\"og:description\" content=\"10.08.2005 Das polnische Dorf Chociule geh\u00f6rte vor dem Zweiten Weltkrieg [&hellip;]\" \/>\n<meta property=\"og:url\" content=\"https:\/\/paulinenaue.info\/index.php\/zu-besuch-in-chociule-kutschlau-heute\/\" \/>\n<meta property=\"og:site_name\" content=\"Paulinenaue\" \/>\n<meta property=\"article:published_time\" content=\"2017-06-21T07:06:31+00:00\" \/>\n<meta property=\"article:modified_time\" content=\"2017-06-21T07:07:48+00:00\" \/>\n<meta property=\"og:image\" content=\"https:\/\/i1.wp.com\/paulinenaue.info\/wp-content\/uploads\/2017\/06\/20050809_kirche_kutschlau.jpg?fit=350%2C256&ssl=1\" \/>\n\t<meta property=\"og:image:width\" content=\"350\" \/>\n\t<meta property=\"og:image:height\" content=\"256\" \/>\n\t<meta property=\"og:image:type\" content=\"image\/jpeg\" \/>\n<meta name=\"author\" content=\"Sarah\" \/>\n<meta name=\"twitter:card\" content=\"summary_large_image\" \/>\n<meta name=\"twitter:label1\" content=\"Verfasst von\" \/>\n\t<meta name=\"twitter:data1\" content=\"Sarah\" \/>\n\t<meta name=\"twitter:label2\" content=\"Gesch\u00e4tzte Lesezeit\" \/>\n\t<meta name=\"twitter:data2\" content=\"2\u00a0Minuten\" \/>\n<script type=\"application\/ld+json\" class=\"yoast-schema-graph\">{\"@context\":\"https:\\\/\\\/schema.org\",\"@graph\":[{\"@type\":\"Article\",\"@id\":\"https:\\\/\\\/paulinenaue.info\\\/index.php\\\/zu-besuch-in-chociule-kutschlau-heute\\\/#article\",\"isPartOf\":{\"@id\":\"https:\\\/\\\/paulinenaue.info\\\/index.php\\\/zu-besuch-in-chociule-kutschlau-heute\\\/\"},\"author\":{\"name\":\"Sarah\",\"@id\":\"https:\\\/\\\/paulinenaue.info\\\/#\\\/schema\\\/person\\\/e5be566a57b5b3f65d2c65a58c42325e\"},\"headline\":\"Zu Besuch in Chociule &#8211; Kutschlau heute\",\"datePublished\":\"2017-06-21T07:06:31+00:00\",\"dateModified\":\"2017-06-21T07:07:48+00:00\",\"mainEntityOfPage\":{\"@id\":\"https:\\\/\\\/paulinenaue.info\\\/index.php\\\/zu-besuch-in-chociule-kutschlau-heute\\\/\"},\"wordCount\":366,\"commentCount\":0,\"image\":{\"@id\":\"https:\\\/\\\/paulinenaue.info\\\/index.php\\\/zu-besuch-in-chociule-kutschlau-heute\\\/#primaryimage\"},\"thumbnailUrl\":\"https:\\\/\\\/paulinenaue.info\\\/wp-content\\\/uploads\\\/2017\\\/06\\\/20050809_kirche_kutschlau.jpg\",\"keywords\":[\"Chociule\",\"Kutschlau\"],\"articleSection\":{\"1\":\"Historie\"},\"inLanguage\":\"de\",\"potentialAction\":[{\"@type\":\"CommentAction\",\"name\":\"Comment\",\"target\":[\"https:\\\/\\\/paulinenaue.info\\\/index.php\\\/zu-besuch-in-chociule-kutschlau-heute\\\/#respond\"]}]},{\"@type\":\"WebPage\",\"@id\":\"https:\\\/\\\/paulinenaue.info\\\/index.php\\\/zu-besuch-in-chociule-kutschlau-heute\\\/\",\"url\":\"https:\\\/\\\/paulinenaue.info\\\/index.php\\\/zu-besuch-in-chociule-kutschlau-heute\\\/\",\"name\":\"Zu Besuch in Chociule - Kutschlau heute - Paulinenaue\",\"isPartOf\":{\"@id\":\"https:\\\/\\\/paulinenaue.info\\\/#website\"},\"primaryImageOfPage\":{\"@id\":\"https:\\\/\\\/paulinenaue.info\\\/index.php\\\/zu-besuch-in-chociule-kutschlau-heute\\\/#primaryimage\"},\"image\":{\"@id\":\"https:\\\/\\\/paulinenaue.info\\\/index.php\\\/zu-besuch-in-chociule-kutschlau-heute\\\/#primaryimage\"},\"thumbnailUrl\":\"https:\\\/\\\/paulinenaue.info\\\/wp-content\\\/uploads\\\/2017\\\/06\\\/20050809_kirche_kutschlau.jpg\",\"datePublished\":\"2017-06-21T07:06:31+00:00\",\"dateModified\":\"2017-06-21T07:07:48+00:00\",\"author\":{\"@id\":\"https:\\\/\\\/paulinenaue.info\\\/#\\\/schema\\\/person\\\/e5be566a57b5b3f65d2c65a58c42325e\"},\"breadcrumb\":{\"@id\":\"https:\\\/\\\/paulinenaue.info\\\/index.php\\\/zu-besuch-in-chociule-kutschlau-heute\\\/#breadcrumb\"},\"inLanguage\":\"de\",\"potentialAction\":[{\"@type\":\"ReadAction\",\"target\":[\"https:\\\/\\\/paulinenaue.info\\\/index.php\\\/zu-besuch-in-chociule-kutschlau-heute\\\/\"]}]},{\"@type\":\"ImageObject\",\"inLanguage\":\"de\",\"@id\":\"https:\\\/\\\/paulinenaue.info\\\/index.php\\\/zu-besuch-in-chociule-kutschlau-heute\\\/#primaryimage\",\"url\":\"https:\\\/\\\/paulinenaue.info\\\/wp-content\\\/uploads\\\/2017\\\/06\\\/20050809_kirche_kutschlau.jpg\",\"contentUrl\":\"https:\\\/\\\/paulinenaue.info\\\/wp-content\\\/uploads\\\/2017\\\/06\\\/20050809_kirche_kutschlau.jpg\",\"width\":\"350\",\"height\":\"256\"},{\"@type\":\"BreadcrumbList\",\"@id\":\"https:\\\/\\\/paulinenaue.info\\\/index.php\\\/zu-besuch-in-chociule-kutschlau-heute\\\/#breadcrumb\",\"itemListElement\":[{\"@type\":\"ListItem\",\"position\":1,\"name\":\"Home\",\"item\":\"https:\\\/\\\/paulinenaue.info\\\/\"},{\"@type\":\"ListItem\",\"position\":2,\"name\":\"Zu Besuch in Chociule &#8211; Kutschlau heute\"}]},{\"@type\":\"WebSite\",\"@id\":\"https:\\\/\\\/paulinenaue.info\\\/#website\",\"url\":\"https:\\\/\\\/paulinenaue.info\\\/\",\"name\":\"Paulinenaue\",\"description\":\"Ein Dorf im Havelland\",\"potentialAction\":[{\"@type\":\"SearchAction\",\"target\":{\"@type\":\"EntryPoint\",\"urlTemplate\":\"https:\\\/\\\/paulinenaue.info\\\/?s={search_term_string}\"},\"query-input\":{\"@type\":\"PropertyValueSpecification\",\"valueRequired\":true,\"valueName\":\"search_term_string\"}}],\"inLanguage\":\"de\"},{\"@type\":\"Person\",\"@id\":\"https:\\\/\\\/paulinenaue.info\\\/#\\\/schema\\\/person\\\/e5be566a57b5b3f65d2c65a58c42325e\",\"name\":\"Sarah\",\"url\":\"https:\\\/\\\/paulinenaue.info\\\/index.php\\\/author\\\/sarah\\\/\"}]}<\/script>\n<!-- \/ Yoast SEO plugin. -->","yoast_head_json":{"title":"Zu Besuch in Chociule - Kutschlau heute - Paulinenaue","robots":{"index":"index","follow":"follow","max-snippet":"max-snippet:-1","max-image-preview":"max-image-preview:large","max-video-preview":"max-video-preview:-1"},"canonical":"https:\/\/paulinenaue.info\/index.php\/zu-besuch-in-chociule-kutschlau-heute\/","og_locale":"de_DE","og_type":"article","og_title":"Zu Besuch in Chociule - Kutschlau heute - Paulinenaue","og_description":"10.08.2005 Das polnische Dorf Chociule geh\u00f6rte vor dem Zweiten Weltkrieg [&hellip;]","og_url":"https:\/\/paulinenaue.info\/index.php\/zu-besuch-in-chociule-kutschlau-heute\/","og_site_name":"Paulinenaue","article_published_time":"2017-06-21T07:06:31+00:00","article_modified_time":"2017-06-21T07:07:48+00:00","og_image":[{"width":350,"height":256,"url":"https:\/\/i1.wp.com\/paulinenaue.info\/wp-content\/uploads\/2017\/06\/20050809_kirche_kutschlau.jpg?fit=350%2C256&ssl=1","type":"image\/jpeg"}],"author":"Sarah","twitter_card":"summary_large_image","twitter_misc":{"Verfasst von":"Sarah","Gesch\u00e4tzte Lesezeit":"2\u00a0Minuten"},"schema":{"@context":"https:\/\/schema.org","@graph":[{"@type":"Article","@id":"https:\/\/paulinenaue.info\/index.php\/zu-besuch-in-chociule-kutschlau-heute\/#article","isPartOf":{"@id":"https:\/\/paulinenaue.info\/index.php\/zu-besuch-in-chociule-kutschlau-heute\/"},"author":{"name":"Sarah","@id":"https:\/\/paulinenaue.info\/#\/schema\/person\/e5be566a57b5b3f65d2c65a58c42325e"},"headline":"Zu Besuch in Chociule &#8211; Kutschlau heute","datePublished":"2017-06-21T07:06:31+00:00","dateModified":"2017-06-21T07:07:48+00:00","mainEntityOfPage":{"@id":"https:\/\/paulinenaue.info\/index.php\/zu-besuch-in-chociule-kutschlau-heute\/"},"wordCount":366,"commentCount":0,"image":{"@id":"https:\/\/paulinenaue.info\/index.php\/zu-besuch-in-chociule-kutschlau-heute\/#primaryimage"},"thumbnailUrl":"https:\/\/paulinenaue.info\/wp-content\/uploads\/2017\/06\/20050809_kirche_kutschlau.jpg","keywords":["Chociule","Kutschlau"],"articleSection":{"1":"Historie"},"inLanguage":"de","potentialAction":[{"@type":"CommentAction","name":"Comment","target":["https:\/\/paulinenaue.info\/index.php\/zu-besuch-in-chociule-kutschlau-heute\/#respond"]}]},{"@type":"WebPage","@id":"https:\/\/paulinenaue.info\/index.php\/zu-besuch-in-chociule-kutschlau-heute\/","url":"https:\/\/paulinenaue.info\/index.php\/zu-besuch-in-chociule-kutschlau-heute\/","name":"Zu Besuch in Chociule - Kutschlau heute - Paulinenaue","isPartOf":{"@id":"https:\/\/paulinenaue.info\/#website"},"primaryImageOfPage":{"@id":"https:\/\/paulinenaue.info\/index.php\/zu-besuch-in-chociule-kutschlau-heute\/#primaryimage"},"image":{"@id":"https:\/\/paulinenaue.info\/index.php\/zu-besuch-in-chociule-kutschlau-heute\/#primaryimage"},"thumbnailUrl":"https:\/\/paulinenaue.info\/wp-content\/uploads\/2017\/06\/20050809_kirche_kutschlau.jpg","datePublished":"2017-06-21T07:06:31+00:00","dateModified":"2017-06-21T07:07:48+00:00","author":{"@id":"https:\/\/paulinenaue.info\/#\/schema\/person\/e5be566a57b5b3f65d2c65a58c42325e"},"breadcrumb":{"@id":"https:\/\/paulinenaue.info\/index.php\/zu-besuch-in-chociule-kutschlau-heute\/#breadcrumb"},"inLanguage":"de","potentialAction":[{"@type":"ReadAction","target":["https:\/\/paulinenaue.info\/index.php\/zu-besuch-in-chociule-kutschlau-heute\/"]}]},{"@type":"ImageObject","inLanguage":"de","@id":"https:\/\/paulinenaue.info\/index.php\/zu-besuch-in-chociule-kutschlau-heute\/#primaryimage","url":"https:\/\/paulinenaue.info\/wp-content\/uploads\/2017\/06\/20050809_kirche_kutschlau.jpg","contentUrl":"https:\/\/paulinenaue.info\/wp-content\/uploads\/2017\/06\/20050809_kirche_kutschlau.jpg","width":"350","height":"256"},{"@type":"BreadcrumbList","@id":"https:\/\/paulinenaue.info\/index.php\/zu-besuch-in-chociule-kutschlau-heute\/#breadcrumb","itemListElement":[{"@type":"ListItem","position":1,"name":"Home","item":"https:\/\/paulinenaue.info\/"},{"@type":"ListItem","position":2,"name":"Zu Besuch in Chociule &#8211; Kutschlau heute"}]},{"@type":"WebSite","@id":"https:\/\/paulinenaue.info\/#website","url":"https:\/\/paulinenaue.info\/","name":"Paulinenaue","description":"Ein Dorf im Havelland","potentialAction":[{"@type":"SearchAction","target":{"@type":"EntryPoint","urlTemplate":"https:\/\/paulinenaue.info\/?s={search_term_string}"},"query-input":{"@type":"PropertyValueSpecification","valueRequired":true,"valueName":"search_term_string"}}],"inLanguage":"de"},{"@type":"Person","@id":"https:\/\/paulinenaue.info\/#\/schema\/person\/e5be566a57b5b3f65d2c65a58c42325e","name":"Sarah","url":"https:\/\/paulinenaue.info\/index.php\/author\/sarah\/"}]}},"jetpack_publicize_connections":[],"jetpack_featured_media_url":"https:\/\/paulinenaue.info\/wp-content\/uploads\/2017\/06\/20050809_kirche_kutschlau.jpg","jetpack_sharing_enabled":true,"jetpack_shortlink":"https:\/\/wp.me\/pcYhWA-im","jetpack-related-posts":[{"id":1065,"url":"https:\/\/paulinenaue.info\/index.php\/helmut-fritsch-wie-ich-in-paulinenaue-eine-neue-heimat-gefunden-habe-teil-1-2\/","url_meta":{"origin":1138,"position":0},"title":"Helmut Fritsch: &#8222;Wie ich in Paulinenaue eine neue Heimat gefunden habe.&#8220; (Teil 1)","author":"Sarah","date":"20. Juni 2017","format":false,"excerpt":"08.03.2005 Erster Teil Helmut Fritsch ist so etwas wie ein Paulinenauer Urgestein, doch lebt er nicht seit eh und je in unserem Dorf. Er geh\u00f6rt zu den \"Kutschlauern\", die nach dem zweiten Weltkrieg im Gefolge Prof. Mitscherlichs aus Ostbrandenburg ins Havelland zogen. Urspr\u00fcnglich f\u00fcr ein Schulprojekt und nun f\u00fcr unsere\u2026","rel":"","context":"In &quot;Allgemein&quot;","block_context":{"text":"Allgemein","link":"https:\/\/paulinenaue.info\/index.php\/category\/allgemein\/"},"img":{"alt_text":"","src":"https:\/\/i0.wp.com\/paulinenaue.info\/wp-content\/uploads\/2017\/06\/kutschlauer.jpg?resize=350%2C200&ssl=1","width":350,"height":200},"classes":[]},{"id":211,"url":"https:\/\/paulinenaue.info\/index.php\/helmut-fritsch-wie-ich-in-paulinenaue-eine-neue-heimat-gefunden-habe-teil-1\/","url_meta":{"origin":1138,"position":1},"title":"Helmut Fritsch: Wie ich in Paulinenaue eine neue Heimat gefunden habe (Teil 1)","author":"Joachim Scholz","date":"22. M\u00e4rz 2016","format":false,"excerpt":"Helmut Fritsch ist so etwas wie ein Paulinenauer Urgestein, doch lebt er nicht seit eh und je in unserem Dorf. Er geh\u00f6rt zu den \"Kutschlauern\", die nach dem zweiten Weltkrieg im Gefolge Prof. Mitscherlichs aus Ostbrandenburg ins Havelland zogen. Urspr\u00fcnglich f\u00fcr ein Schulprojekt und nun f\u00fcr unsere Internetseite erz\u00e4hlt Helmut\u2026","rel":"","context":"In &quot;Hier Zuhause&quot;","block_context":{"text":"Hier Zuhause","link":"https:\/\/paulinenaue.info\/index.php\/category\/hier-zuhause\/"},"img":{"alt_text":"","src":"https:\/\/i0.wp.com\/paulinenaue.info\/wp-content\/uploads\/2016\/03\/fritsch.jpg?resize=350%2C200&ssl=1","width":350,"height":200},"classes":[]},{"id":1006,"url":"https:\/\/paulinenaue.info\/index.php\/80-jahre-gemeinde-paulinenaue-eine-serie-zur-ortsgeschichte-teil-6\/","url_meta":{"origin":1138,"position":2},"title":"80 Jahre Gemeinde Paulinenaue \u2013 Eine Serie zur Ortsgeschichte (Teil 6)","author":"Sarah","date":"19. Juni 2017","format":false,"excerpt":"18.11.2004 Teil 6 Von Angelika Kellner 1945 bis 1990 An die Jahre von 1945 bis 1990 haben die meisten Paulinenauer noch eigene Erinnerungen. Nach Kriegsende ver\u00e4nderte sich in Paulinenaue vieles. Neben Bodenreform und Zuwanderung von Menschen, die ihre Heimat verloren hatten, war die Ankunft eines Mannes im Ort von entscheidender\u2026","rel":"","context":"In &quot;Allgemein&quot;","block_context":{"text":"Allgemein","link":"https:\/\/paulinenaue.info\/index.php\/category\/allgemein\/"},"img":{"alt_text":"","src":"https:\/\/i0.wp.com\/paulinenaue.info\/wp-content\/uploads\/2017\/06\/mitscherlichhaus.jpg?resize=350%2C200&ssl=1","width":350,"height":200},"classes":[]},{"id":1072,"url":"https:\/\/paulinenaue.info\/index.php\/helmut-fritsch-wie-ich-in-paulinenaue-eine-neue-heimat-gefunden-habe-teil-2-2\/","url_meta":{"origin":1138,"position":3},"title":"Helmut Fritsch: &#8222;Wie ich in Paulinenaue eine neue Heimat gefunden habe.&#8220; (Teil 2)","author":"Sarah","date":"20. Juni 2017","format":false,"excerpt":"16.03.2005 Zweiter Teil Im ersten Teil erz\u00e4hlte Helmut Fritsch \u00fcber seine alte Heimat in Kutschlau und die Verteibung am Ende des zweiten Weltkrieges. Im zweiten Teil der Geschichte berichtet er \u00fcber den Entschluss zur \u00dcbersiedlung nach Paulinenaue, vom Hineinwachsen in das durchs Institut gepr\u00e4gte Leben des Dorfes, von einer gl\u00fccklichen\u2026","rel":"","context":"In &quot;Allgemein&quot;","block_context":{"text":"Allgemein","link":"https:\/\/paulinenaue.info\/index.php\/category\/allgemein\/"},"img":{"alt_text":"","src":"https:\/\/i0.wp.com\/paulinenaue.info\/wp-content\/uploads\/2017\/06\/pferdegespann.jpg?resize=350%2C200&ssl=1","width":350,"height":200},"classes":[]},{"id":213,"url":"https:\/\/paulinenaue.info\/index.php\/helmut-fritsch-wie-ich-in-paulinenaue-eine-neue-heimat-gefunden-habe-teil-2\/","url_meta":{"origin":1138,"position":4},"title":"Helmut Fritsch: Wie ich in Paulinenaue eine neue Heimat gefunden habe (Teil 2)","author":"Joachim Scholz","date":"22. M\u00e4rz 2016","format":false,"excerpt":"Im ersten Teil erz\u00e4hlte Helmut Fritsch \u00fcber seine alte Heimat in Kutschlau und die Verteibung am Ende des zweiten Weltkrieges. Im zweiten Teil der Geschichte berichtet er \u00fcber den Entschluss zur \u00dcbersiedlung nach Paulinenaue, vom Hineinwachsen in das durchs Institut gepr\u00e4gte Leben des Dorfes, von einer gl\u00fccklichen Familiengeschichte und wir\u2026","rel":"","context":"In &quot;Historie&quot;","block_context":{"text":"Historie","link":"https:\/\/paulinenaue.info\/index.php\/category\/historie\/"},"img":{"alt_text":"","src":"https:\/\/i0.wp.com\/paulinenaue.info\/wp-content\/uploads\/2016\/03\/fritsch-pferdegespann.jpg?resize=350%2C200&ssl=1","width":350,"height":200},"classes":[]},{"id":415702,"url":"https:\/\/paulinenaue.info\/index.php\/ehrengraeber-auf-dem-paulinenauer-friedhof\/","url_meta":{"origin":1138,"position":5},"title":"Ehrengr\u00e4ber auf dem Paulinenauer Friedhof","author":"Joachim Scholz","date":"14. Januar 2024","format":false,"excerpt":"Er ist einer der wenigen \u00f6ffentlichen Orte in Paulinenaue, an dem man zugleich etwas Sinnvolles tun, Leute treffen, sich erz\u00e4hlen und vielleicht sogar erholen kann: unser Friedhof. Selbst wenn niemand hier gerade harkt und hegt, ist man auf dem Friedhof Verwandten, Nachbarn und Freunden nah. Je l\u00e4nger man lebt, desto\u2026","rel":"","context":"In &quot;Dorfentwicklung&quot;","block_context":{"text":"Dorfentwicklung","link":"https:\/\/paulinenaue.info\/index.php\/category\/dorfentwicklung\/"},"img":{"alt_text":"","src":"https:\/\/i0.wp.com\/paulinenaue.info\/wp-content\/uploads\/2024\/01\/2021-09-18-Grabstelle-Ramsauer.jpeg?resize=350%2C200&ssl=1","width":350,"height":200,"srcset":"https:\/\/i0.wp.com\/paulinenaue.info\/wp-content\/uploads\/2024\/01\/2021-09-18-Grabstelle-Ramsauer.jpeg?resize=350%2C200&ssl=1 1x, https:\/\/i0.wp.com\/paulinenaue.info\/wp-content\/uploads\/2024\/01\/2021-09-18-Grabstelle-Ramsauer.jpeg?resize=525%2C300&ssl=1 1.5x, https:\/\/i0.wp.com\/paulinenaue.info\/wp-content\/uploads\/2024\/01\/2021-09-18-Grabstelle-Ramsauer.jpeg?resize=700%2C400&ssl=1 2x"},"classes":[]}],"_links":{"self":[{"href":"https:\/\/paulinenaue.info\/index.php\/wp-json\/wp\/v2\/posts\/1138","targetHints":{"allow":["GET"]}}],"collection":[{"href":"https:\/\/paulinenaue.info\/index.php\/wp-json\/wp\/v2\/posts"}],"about":[{"href":"https:\/\/paulinenaue.info\/index.php\/wp-json\/wp\/v2\/types\/post"}],"author":[{"embeddable":true,"href":"https:\/\/paulinenaue.info\/index.php\/wp-json\/wp\/v2\/users\/3"}],"replies":[{"embeddable":true,"href":"https:\/\/paulinenaue.info\/index.php\/wp-json\/wp\/v2\/comments?post=1138"}],"version-history":[{"count":2,"href":"https:\/\/paulinenaue.info\/index.php\/wp-json\/wp\/v2\/posts\/1138\/revisions"}],"predecessor-version":[{"id":1150,"href":"https:\/\/paulinenaue.info\/index.php\/wp-json\/wp\/v2\/posts\/1138\/revisions\/1150"}],"wp:featuredmedia":[{"embeddable":true,"href":"https:\/\/paulinenaue.info\/index.php\/wp-json\/wp\/v2\/media\/1143"}],"wp:attachment":[{"href":"https:\/\/paulinenaue.info\/index.php\/wp-json\/wp\/v2\/media?parent=1138"}],"wp:term":[{"taxonomy":"category","embeddable":true,"href":"https:\/\/paulinenaue.info\/index.php\/wp-json\/wp\/v2\/categories?post=1138"},{"taxonomy":"post_tag","embeddable":true,"href":"https:\/\/paulinenaue.info\/index.php\/wp-json\/wp\/v2\/tags?post=1138"}],"curies":[{"name":"wp","href":"https:\/\/api.w.org\/{rel}","templated":true}]}}