{"id":116,"date":"2013-04-27T13:13:33","date_gmt":"2013-04-27T11:13:33","guid":{"rendered":"https:\/\/sudile.com\/paue\/?p=116"},"modified":"2018-03-30T23:34:18","modified_gmt":"2018-03-30T21:34:18","slug":"baugeschehen-in-der-ersten-jahreshaelfte","status":"publish","type":"post","link":"https:\/\/paulinenaue.info\/index.php\/baugeschehen-in-der-ersten-jahreshaelfte\/","title":{"rendered":"Baugeschehen in der ersten Jahresh\u00e4lfte 2013"},"content":{"rendered":"<p>27.04.2013. Die bauliche Gestalt des Dorfes ist st\u00e4ndig im Wandel. Geb\u00e4ude verfallen, werden umgebaut, saniert oder neu errichtet. Neben Neubauten fallen bislang in diesem Jahr einige Umgestaltungen auf, die hier leider blo\u00df im etwas tr\u00fcben Licht dieses Fr\u00fchlings erscheinen, aber doch dokumentiert sein wollen.<\/p>\n<div id=\"attachment_2038\" style=\"width: 810px\" class=\"wp-caption alignleft\"><a href=\"http:\/\/paulinenaue.info\/wp-content\/uploads\/2018\/03\/DSC07637.jpg\"><img decoding=\"async\" aria-describedby=\"caption-attachment-2038\" data-attachment-id=\"2038\" data-permalink=\"https:\/\/paulinenaue.info\/index.php\/baugeschehen-in-der-ersten-jahreshaelfte\/paulinenaue-kraehenwinkel\/\" data-orig-file=\"https:\/\/paulinenaue.info\/wp-content\/uploads\/2018\/03\/DSC07637.jpg\" data-orig-size=\"800,600\" data-comments-opened=\"1\" data-image-meta=\"{&quot;aperture&quot;:&quot;4&quot;,&quot;credit&quot;:&quot;&quot;,&quot;camera&quot;:&quot;DSC-HX1&quot;,&quot;caption&quot;:&quot;Am Kr\\u00e4henwinkel begann das Baujahr 2013. Im Ostteil des Geb\\u00e4udes wurde eine Wohnung saniert. Man sieht es ihm nicht an, aber es ist eines der \\u00e4ltesten Paulinenauer H\\u00e4user. Foto: Joachim Scholz, 2013.&quot;,&quot;created_timestamp&quot;:&quot;1367085918&quot;,&quot;copyright&quot;:&quot;&quot;,&quot;focal_length&quot;:&quot;5&quot;,&quot;iso&quot;:&quot;125&quot;,&quot;shutter_speed&quot;:&quot;0.01&quot;,&quot;title&quot;:&quot;Paulinenaue, Kr\\u00e4henwinkel&quot;,&quot;orientation&quot;:&quot;1&quot;}\" data-image-title=\"Paulinenaue, Kr\u00e4henwinkel\" data-image-description=\"\" data-image-caption=\"&lt;p&gt;Am Kr\u00e4henwinkel begann das Baujahr 2013. Im Ostteil des Geb\u00e4udes wurde eine Wohnung saniert. Man sieht es ihm nicht an, aber es ist eines der \u00e4ltesten Paulinenauer H\u00e4user. Foto: Joachim Scholz, 2013.&lt;\/p&gt;\n\" data-large-file=\"https:\/\/paulinenaue.info\/wp-content\/uploads\/2018\/03\/DSC07637.jpg\" class=\"lazyload wp-image-2038 size-full\" src=\"http:\/\/paulinenaue.info\/wp-content\/uploads\/2018\/03\/DSC07637.jpg\" data-orig-src=\"http:\/\/paulinenaue.info\/wp-content\/uploads\/2018\/03\/DSC07637.jpg\" alt=\"Kr\u00e4henwinkel 2013\" width=\"800\" height=\"600\" srcset=\"data:image\/svg+xml,%3Csvg%20xmlns%3D%27http%3A%2F%2Fwww.w3.org%2F2000%2Fsvg%27%20width%3D%27800%27%20height%3D%27600%27%20viewBox%3D%270%200%20800%20600%27%3E%3Crect%20width%3D%27800%27%20height%3D%27600%27%20fill-opacity%3D%220%22%2F%3E%3C%2Fsvg%3E\" data-srcset=\"https:\/\/paulinenaue.info\/wp-content\/uploads\/2018\/03\/DSC07637-300x225.jpg 300w, https:\/\/paulinenaue.info\/wp-content\/uploads\/2018\/03\/DSC07637-768x576.jpg 768w, https:\/\/paulinenaue.info\/wp-content\/uploads\/2018\/03\/DSC07637.jpg 800w\" data-sizes=\"auto\" data-orig-sizes=\"(max-width: 800px) 100vw, 800px\" \/><\/a><p id=\"caption-attachment-2038\" class=\"wp-caption-text\">Am Kr\u00e4henwinkel begann das Baujahr. Im Ostteil des Geb\u00e4udes wurde eine Wohnung saniert. Man sieht es ihm nicht an, aber es ist eines der \u00e4ltesten Paulinenauer H\u00e4user. Foto: Joachim Scholz, 2013.<\/p><\/div>\n<p>&nbsp;<\/p>\n<div id=\"attachment_2037\" style=\"width: 810px\" class=\"wp-caption alignleft\"><a href=\"http:\/\/paulinenaue.info\/wp-content\/uploads\/2018\/03\/DSC07608.jpg\"><img decoding=\"async\" aria-describedby=\"caption-attachment-2037\" data-attachment-id=\"2037\" data-permalink=\"https:\/\/paulinenaue.info\/index.php\/baugeschehen-in-der-ersten-jahreshaelfte\/dsc07608-jpg\/\" data-orig-file=\"https:\/\/paulinenaue.info\/wp-content\/uploads\/2018\/03\/DSC07608.jpg\" data-orig-size=\"800,600\" data-comments-opened=\"1\" data-image-meta=\"{&quot;aperture&quot;:&quot;4&quot;,&quot;credit&quot;:&quot;&quot;,&quot;camera&quot;:&quot;DSC-HX1&quot;,&quot;caption&quot;:&quot;Nur etwa zehn Jahre j\\u00fcnger als der Kr\\u00e4henwinkel ist dieses Geb\\u00e4ude der alten Bahnkolonie, das im letzten Herbst verkauft wurde. Das Haus soll nach seiner Sanierung wieder Wohnzwecken dienen. Foto: Joachim Scholz, 2013.&quot;,&quot;created_timestamp&quot;:&quot;1367084619&quot;,&quot;copyright&quot;:&quot;&quot;,&quot;focal_length&quot;:&quot;5&quot;,&quot;iso&quot;:&quot;125&quot;,&quot;shutter_speed&quot;:&quot;0.01&quot;,&quot;title&quot;:&quot;DSC07608.JPG&quot;,&quot;orientation&quot;:&quot;1&quot;}\" data-image-title=\"DSC07608.JPG\" data-image-description=\"\" data-image-caption=\"&lt;p&gt;Nur etwa zehn Jahre j\u00fcnger als der Kr\u00e4henwinkel ist dieses Geb\u00e4ude der alten Bahnkolonie, das im letzten Herbst verkauft wurde. Das Haus soll nach seiner Sanierung wieder Wohnzwecken dienen. Foto: Joachim Scholz, 2013.&lt;\/p&gt;\n\" data-large-file=\"https:\/\/paulinenaue.info\/wp-content\/uploads\/2018\/03\/DSC07608.jpg\" class=\"lazyload wp-image-2037 size-full\" src=\"http:\/\/paulinenaue.info\/wp-content\/uploads\/2018\/03\/DSC07608.jpg\" data-orig-src=\"http:\/\/paulinenaue.info\/wp-content\/uploads\/2018\/03\/DSC07608.jpg\" alt=\"Bahnerhaus 2013\" width=\"800\" height=\"600\" srcset=\"data:image\/svg+xml,%3Csvg%20xmlns%3D%27http%3A%2F%2Fwww.w3.org%2F2000%2Fsvg%27%20width%3D%27800%27%20height%3D%27600%27%20viewBox%3D%270%200%20800%20600%27%3E%3Crect%20width%3D%27800%27%20height%3D%27600%27%20fill-opacity%3D%220%22%2F%3E%3C%2Fsvg%3E\" data-srcset=\"https:\/\/paulinenaue.info\/wp-content\/uploads\/2018\/03\/DSC07608-300x225.jpg 300w, https:\/\/paulinenaue.info\/wp-content\/uploads\/2018\/03\/DSC07608-768x576.jpg 768w, https:\/\/paulinenaue.info\/wp-content\/uploads\/2018\/03\/DSC07608.jpg 800w\" data-sizes=\"auto\" data-orig-sizes=\"(max-width: 800px) 100vw, 800px\" \/><\/a><p id=\"caption-attachment-2037\" class=\"wp-caption-text\">Nur etwa zehn Jahre j\u00fcnger als der Kr\u00e4henwinkel ist dieses Geb\u00e4ude der alten Bahnkolonie, das im letzten Herbst verkauft wurde. Das Haus soll nach seiner Sanierung wieder Wohnzwecken dienen. Foto: Joachim Scholz, 2013.<\/p><\/div>\n<div id=\"attachment_2039\" style=\"width: 810px\" class=\"wp-caption alignleft\"><a href=\"http:\/\/paulinenaue.info\/wp-content\/uploads\/2018\/03\/DSC08366.jpg\"><img decoding=\"async\" aria-describedby=\"caption-attachment-2039\" data-attachment-id=\"2039\" data-permalink=\"https:\/\/paulinenaue.info\/index.php\/baugeschehen-in-der-ersten-jahreshaelfte\/dsc08366-jpg\/\" data-orig-file=\"https:\/\/paulinenaue.info\/wp-content\/uploads\/2018\/03\/DSC08366.jpg\" data-orig-size=\"800,600\" data-comments-opened=\"1\" data-image-meta=\"{&quot;aperture&quot;:&quot;4.5&quot;,&quot;credit&quot;:&quot;&quot;,&quot;camera&quot;:&quot;DSC-HX1&quot;,&quot;caption&quot;:&quot;&quot;,&quot;created_timestamp&quot;:&quot;1369573836&quot;,&quot;copyright&quot;:&quot;&quot;,&quot;focal_length&quot;:&quot;31.5&quot;,&quot;iso&quot;:&quot;125&quot;,&quot;shutter_speed&quot;:&quot;0.00625&quot;,&quot;title&quot;:&quot;DSC08366.JPG&quot;,&quot;orientation&quot;:&quot;1&quot;}\" data-image-title=\"DSC08366.JPG\" data-image-description=\"\" data-image-caption=\"\" data-large-file=\"https:\/\/paulinenaue.info\/wp-content\/uploads\/2018\/03\/DSC08366.jpg\" class=\"lazyload wp-image-2039 size-full\" src=\"http:\/\/paulinenaue.info\/wp-content\/uploads\/2018\/03\/DSC08366.jpg\" data-orig-src=\"http:\/\/paulinenaue.info\/wp-content\/uploads\/2018\/03\/DSC08366.jpg\" alt=\"Bahnerhaus\" width=\"800\" height=\"600\" srcset=\"data:image\/svg+xml,%3Csvg%20xmlns%3D%27http%3A%2F%2Fwww.w3.org%2F2000%2Fsvg%27%20width%3D%27800%27%20height%3D%27600%27%20viewBox%3D%270%200%20800%20600%27%3E%3Crect%20width%3D%27800%27%20height%3D%27600%27%20fill-opacity%3D%220%22%2F%3E%3C%2Fsvg%3E\" data-srcset=\"https:\/\/paulinenaue.info\/wp-content\/uploads\/2018\/03\/DSC08366-300x225.jpg 300w, https:\/\/paulinenaue.info\/wp-content\/uploads\/2018\/03\/DSC08366-768x576.jpg 768w, https:\/\/paulinenaue.info\/wp-content\/uploads\/2018\/03\/DSC08366.jpg 800w\" data-sizes=\"auto\" data-orig-sizes=\"(max-width: 800px) 100vw, 800px\" \/><\/a><p id=\"caption-attachment-2039\" class=\"wp-caption-text\">Im Inneren des Hauses und am Dach wird bereits gearbeitet. Foto: Joachim Scholz, 2013.<\/p><\/div>\n<div id=\"attachment_2040\" style=\"width: 810px\" class=\"wp-caption alignleft\"><a href=\"http:\/\/paulinenaue.info\/wp-content\/uploads\/2018\/03\/DSC08368.jpg\"><img decoding=\"async\" aria-describedby=\"caption-attachment-2040\" data-attachment-id=\"2040\" data-permalink=\"https:\/\/paulinenaue.info\/index.php\/baugeschehen-in-der-ersten-jahreshaelfte\/paulinenaue-mzg\/\" data-orig-file=\"https:\/\/paulinenaue.info\/wp-content\/uploads\/2018\/03\/DSC08368.jpg\" data-orig-size=\"800,600\" data-comments-opened=\"1\" data-image-meta=\"{&quot;aperture&quot;:&quot;2.8&quot;,&quot;credit&quot;:&quot;&quot;,&quot;camera&quot;:&quot;DSC-HX1&quot;,&quot;caption&quot;:&quot;MZG Verbinder&quot;,&quot;created_timestamp&quot;:&quot;1369596611&quot;,&quot;copyright&quot;:&quot;&quot;,&quot;focal_length&quot;:&quot;5&quot;,&quot;iso&quot;:&quot;125&quot;,&quot;shutter_speed&quot;:&quot;0.033333333333333&quot;,&quot;title&quot;:&quot;Paulinenaue, MZG&quot;,&quot;orientation&quot;:&quot;1&quot;}\" data-image-title=\"Paulinenaue, MZG\" data-image-description=\"\" data-image-caption=\"&lt;p&gt;MZG Verbinder&lt;\/p&gt;\n\" data-large-file=\"https:\/\/paulinenaue.info\/wp-content\/uploads\/2018\/03\/DSC08368.jpg\" class=\"lazyload wp-image-2040 size-full\" src=\"http:\/\/paulinenaue.info\/wp-content\/uploads\/2018\/03\/DSC08368.jpg\" data-orig-src=\"http:\/\/paulinenaue.info\/wp-content\/uploads\/2018\/03\/DSC08368.jpg\" alt=\"\" width=\"800\" height=\"600\" srcset=\"data:image\/svg+xml,%3Csvg%20xmlns%3D%27http%3A%2F%2Fwww.w3.org%2F2000%2Fsvg%27%20width%3D%27800%27%20height%3D%27600%27%20viewBox%3D%270%200%20800%20600%27%3E%3Crect%20width%3D%27800%27%20height%3D%27600%27%20fill-opacity%3D%220%22%2F%3E%3C%2Fsvg%3E\" data-srcset=\"https:\/\/paulinenaue.info\/wp-content\/uploads\/2018\/03\/DSC08368-300x225.jpg 300w, https:\/\/paulinenaue.info\/wp-content\/uploads\/2018\/03\/DSC08368-768x576.jpg 768w, https:\/\/paulinenaue.info\/wp-content\/uploads\/2018\/03\/DSC08368.jpg 800w\" data-sizes=\"auto\" data-orig-sizes=\"(max-width: 800px) 100vw, 800px\" \/><\/a><p id=\"caption-attachment-2040\" class=\"wp-caption-text\">Schauplatz ILLUT. Mit dem Abriss und der baulichen Erweiterung des alten Verbinders zwischen dem ehemaligen Mehrzweckgeb\u00e4ude und dem Ledigenwohnheim des Institutes nimmt auch dieses l\u00e4ngerfristige Ausbauprojekt Formen an. Es hei\u00dft, dass an dieser Stelle bald gastronomische Angebote f\u00fcr Radtouristen angeboten werden. Foto: Joachim Scholz, 2013.<\/p><\/div>\n<p>&nbsp;<\/p>\n","protected":false},"excerpt":{"rendered":"<p>27.04.2013. Die bauliche Gestalt des Dorfes ist st\u00e4ndig im Wandel. [&hellip;]<\/p>\n","protected":false},"author":1,"featured_media":308,"comment_status":"open","ping_status":"open","sticky":false,"template":"","format":"standard","meta":{"_acf_changed":false,"_price":"","_stock":"","_tribe_ticket_header":"","_tribe_default_ticket_provider":"","_tribe_ticket_capacity":"0","_ticket_start_date":"","_ticket_end_date":"","_tribe_ticket_show_description":"","_tribe_ticket_show_not_going":false,"_tribe_ticket_use_global_stock":"","_tribe_ticket_global_stock_level":"","_global_stock_mode":"","_global_stock_cap":"","_tribe_rsvp_for_event":"","_tribe_ticket_going_count":"","_tribe_ticket_not_going_count":"","_tribe_tickets_list":"[]","_tribe_ticket_has_attendee_info_fields":false,"jetpack_post_was_ever_published":false,"_jetpack_newsletter_access":"","_jetpack_dont_email_post_to_subs":false,"_jetpack_newsletter_tier_id":0,"_jetpack_memberships_contains_paywalled_content":false,"_jetpack_memberships_contains_paid_content":false,"footnotes":"","jetpack_publicize_message":"","jetpack_publicize_feature_enabled":true,"jetpack_social_post_already_shared":false,"jetpack_social_options":{"image_generator_settings":{"template":"highway","default_image_id":0,"font":"","enabled":false},"version":2}},"categories":[40,6],"tags":[41,246,91],"class_list":["post-116","post","type-post","status-publish","format-standard","has-post-thumbnail","hentry","category-dorfentwicklung","category-hier-zuhause","tag-baugeschehen","tag-dorfentwicklung","tag-paulinenaue"],"acf":[],"yoast_head":"<!-- This site is optimized with the Yoast SEO plugin v27.5 - https:\/\/yoast.com\/product\/yoast-seo-wordpress\/ -->\n<title>Baugeschehen in der ersten Jahresh\u00e4lfte 2013 - Paulinenaue<\/title>\n<meta name=\"robots\" content=\"index, follow, max-snippet:-1, max-image-preview:large, max-video-preview:-1\" \/>\n<link rel=\"canonical\" href=\"https:\/\/paulinenaue.info\/index.php\/baugeschehen-in-der-ersten-jahreshaelfte\/\" \/>\n<meta property=\"og:locale\" content=\"de_DE\" \/>\n<meta property=\"og:type\" content=\"article\" \/>\n<meta property=\"og:title\" content=\"Baugeschehen in der ersten Jahresh\u00e4lfte 2013 - Paulinenaue\" \/>\n<meta property=\"og:description\" content=\"27.04.2013. Die bauliche Gestalt des Dorfes ist st\u00e4ndig im Wandel. [&hellip;]\" \/>\n<meta property=\"og:url\" content=\"https:\/\/paulinenaue.info\/index.php\/baugeschehen-in-der-ersten-jahreshaelfte\/\" \/>\n<meta property=\"og:site_name\" content=\"Paulinenaue\" \/>\n<meta property=\"article:published_time\" content=\"2013-04-27T11:13:33+00:00\" \/>\n<meta property=\"article:modified_time\" content=\"2018-03-30T21:34:18+00:00\" \/>\n<meta property=\"og:image\" content=\"https:\/\/i2.wp.com\/paulinenaue.info\/wp-content\/uploads\/2016\/03\/20130526_ruppinerstrasse_01_01.jpg?fit=500%2C369&ssl=1\" \/>\n\t<meta property=\"og:image:width\" content=\"500\" \/>\n\t<meta property=\"og:image:height\" content=\"369\" \/>\n\t<meta property=\"og:image:type\" content=\"image\/jpeg\" \/>\n<meta name=\"author\" content=\"Joachim Scholz\" \/>\n<meta name=\"twitter:card\" content=\"summary_large_image\" \/>\n<meta name=\"twitter:label1\" content=\"Verfasst von\" \/>\n\t<meta name=\"twitter:data1\" content=\"Joachim Scholz\" \/>\n\t<meta name=\"twitter:label2\" content=\"Gesch\u00e4tzte Lesezeit\" \/>\n\t<meta name=\"twitter:data2\" content=\"1\u00a0Minute\" \/>\n<script type=\"application\/ld+json\" class=\"yoast-schema-graph\">{\"@context\":\"https:\\\/\\\/schema.org\",\"@graph\":[{\"@type\":\"Article\",\"@id\":\"https:\\\/\\\/paulinenaue.info\\\/index.php\\\/baugeschehen-in-der-ersten-jahreshaelfte\\\/#article\",\"isPartOf\":{\"@id\":\"https:\\\/\\\/paulinenaue.info\\\/index.php\\\/baugeschehen-in-der-ersten-jahreshaelfte\\\/\"},\"author\":{\"name\":\"Joachim Scholz\",\"@id\":\"https:\\\/\\\/paulinenaue.info\\\/#\\\/schema\\\/person\\\/3f9e818fd7b69b0d2bd937ac506897cc\"},\"headline\":\"Baugeschehen in der ersten Jahresh\u00e4lfte 2013\",\"datePublished\":\"2013-04-27T11:13:33+00:00\",\"dateModified\":\"2018-03-30T21:34:18+00:00\",\"mainEntityOfPage\":{\"@id\":\"https:\\\/\\\/paulinenaue.info\\\/index.php\\\/baugeschehen-in-der-ersten-jahreshaelfte\\\/\"},\"wordCount\":212,\"commentCount\":0,\"image\":{\"@id\":\"https:\\\/\\\/paulinenaue.info\\\/index.php\\\/baugeschehen-in-der-ersten-jahreshaelfte\\\/#primaryimage\"},\"thumbnailUrl\":\"https:\\\/\\\/paulinenaue.info\\\/wp-content\\\/uploads\\\/2016\\\/03\\\/20130526_ruppinerstrasse_01_01.jpg\",\"keywords\":[\"Baugeschehen\",\"Dorfentwicklung\",\"Paulinenaue\"],\"articleSection\":[\"Dorfentwicklung\",\"Hier Zuhause\"],\"inLanguage\":\"de\",\"potentialAction\":[{\"@type\":\"CommentAction\",\"name\":\"Comment\",\"target\":[\"https:\\\/\\\/paulinenaue.info\\\/index.php\\\/baugeschehen-in-der-ersten-jahreshaelfte\\\/#respond\"]}]},{\"@type\":\"WebPage\",\"@id\":\"https:\\\/\\\/paulinenaue.info\\\/index.php\\\/baugeschehen-in-der-ersten-jahreshaelfte\\\/\",\"url\":\"https:\\\/\\\/paulinenaue.info\\\/index.php\\\/baugeschehen-in-der-ersten-jahreshaelfte\\\/\",\"name\":\"Baugeschehen in der ersten Jahresh\u00e4lfte 2013 - Paulinenaue\",\"isPartOf\":{\"@id\":\"https:\\\/\\\/paulinenaue.info\\\/#website\"},\"primaryImageOfPage\":{\"@id\":\"https:\\\/\\\/paulinenaue.info\\\/index.php\\\/baugeschehen-in-der-ersten-jahreshaelfte\\\/#primaryimage\"},\"image\":{\"@id\":\"https:\\\/\\\/paulinenaue.info\\\/index.php\\\/baugeschehen-in-der-ersten-jahreshaelfte\\\/#primaryimage\"},\"thumbnailUrl\":\"https:\\\/\\\/paulinenaue.info\\\/wp-content\\\/uploads\\\/2016\\\/03\\\/20130526_ruppinerstrasse_01_01.jpg\",\"datePublished\":\"2013-04-27T11:13:33+00:00\",\"dateModified\":\"2018-03-30T21:34:18+00:00\",\"author\":{\"@id\":\"https:\\\/\\\/paulinenaue.info\\\/#\\\/schema\\\/person\\\/3f9e818fd7b69b0d2bd937ac506897cc\"},\"breadcrumb\":{\"@id\":\"https:\\\/\\\/paulinenaue.info\\\/index.php\\\/baugeschehen-in-der-ersten-jahreshaelfte\\\/#breadcrumb\"},\"inLanguage\":\"de\",\"potentialAction\":[{\"@type\":\"ReadAction\",\"target\":[\"https:\\\/\\\/paulinenaue.info\\\/index.php\\\/baugeschehen-in-der-ersten-jahreshaelfte\\\/\"]}]},{\"@type\":\"ImageObject\",\"inLanguage\":\"de\",\"@id\":\"https:\\\/\\\/paulinenaue.info\\\/index.php\\\/baugeschehen-in-der-ersten-jahreshaelfte\\\/#primaryimage\",\"url\":\"https:\\\/\\\/paulinenaue.info\\\/wp-content\\\/uploads\\\/2016\\\/03\\\/20130526_ruppinerstrasse_01_01.jpg\",\"contentUrl\":\"https:\\\/\\\/paulinenaue.info\\\/wp-content\\\/uploads\\\/2016\\\/03\\\/20130526_ruppinerstrasse_01_01.jpg\",\"width\":500,\"height\":369},{\"@type\":\"BreadcrumbList\",\"@id\":\"https:\\\/\\\/paulinenaue.info\\\/index.php\\\/baugeschehen-in-der-ersten-jahreshaelfte\\\/#breadcrumb\",\"itemListElement\":[{\"@type\":\"ListItem\",\"position\":1,\"name\":\"Home\",\"item\":\"https:\\\/\\\/paulinenaue.info\\\/\"},{\"@type\":\"ListItem\",\"position\":2,\"name\":\"Baugeschehen in der ersten Jahresh\u00e4lfte 2013\"}]},{\"@type\":\"WebSite\",\"@id\":\"https:\\\/\\\/paulinenaue.info\\\/#website\",\"url\":\"https:\\\/\\\/paulinenaue.info\\\/\",\"name\":\"Paulinenaue\",\"description\":\"Ein Dorf im Havelland\",\"potentialAction\":[{\"@type\":\"SearchAction\",\"target\":{\"@type\":\"EntryPoint\",\"urlTemplate\":\"https:\\\/\\\/paulinenaue.info\\\/?s={search_term_string}\"},\"query-input\":{\"@type\":\"PropertyValueSpecification\",\"valueRequired\":true,\"valueName\":\"search_term_string\"}}],\"inLanguage\":\"de\"},{\"@type\":\"Person\",\"@id\":\"https:\\\/\\\/paulinenaue.info\\\/#\\\/schema\\\/person\\\/3f9e818fd7b69b0d2bd937ac506897cc\",\"name\":\"Joachim Scholz\",\"url\":\"https:\\\/\\\/paulinenaue.info\\\/index.php\\\/author\\\/jjscholz\\\/\"}]}<\/script>\n<!-- \/ Yoast SEO plugin. -->","yoast_head_json":{"title":"Baugeschehen in der ersten Jahresh\u00e4lfte 2013 - Paulinenaue","robots":{"index":"index","follow":"follow","max-snippet":"max-snippet:-1","max-image-preview":"max-image-preview:large","max-video-preview":"max-video-preview:-1"},"canonical":"https:\/\/paulinenaue.info\/index.php\/baugeschehen-in-der-ersten-jahreshaelfte\/","og_locale":"de_DE","og_type":"article","og_title":"Baugeschehen in der ersten Jahresh\u00e4lfte 2013 - Paulinenaue","og_description":"27.04.2013. Die bauliche Gestalt des Dorfes ist st\u00e4ndig im Wandel. [&hellip;]","og_url":"https:\/\/paulinenaue.info\/index.php\/baugeschehen-in-der-ersten-jahreshaelfte\/","og_site_name":"Paulinenaue","article_published_time":"2013-04-27T11:13:33+00:00","article_modified_time":"2018-03-30T21:34:18+00:00","og_image":[{"width":500,"height":369,"url":"https:\/\/i2.wp.com\/paulinenaue.info\/wp-content\/uploads\/2016\/03\/20130526_ruppinerstrasse_01_01.jpg?fit=500%2C369&ssl=1","type":"image\/jpeg"}],"author":"Joachim Scholz","twitter_card":"summary_large_image","twitter_misc":{"Verfasst von":"Joachim Scholz","Gesch\u00e4tzte Lesezeit":"1\u00a0Minute"},"schema":{"@context":"https:\/\/schema.org","@graph":[{"@type":"Article","@id":"https:\/\/paulinenaue.info\/index.php\/baugeschehen-in-der-ersten-jahreshaelfte\/#article","isPartOf":{"@id":"https:\/\/paulinenaue.info\/index.php\/baugeschehen-in-der-ersten-jahreshaelfte\/"},"author":{"name":"Joachim Scholz","@id":"https:\/\/paulinenaue.info\/#\/schema\/person\/3f9e818fd7b69b0d2bd937ac506897cc"},"headline":"Baugeschehen in der ersten Jahresh\u00e4lfte 2013","datePublished":"2013-04-27T11:13:33+00:00","dateModified":"2018-03-30T21:34:18+00:00","mainEntityOfPage":{"@id":"https:\/\/paulinenaue.info\/index.php\/baugeschehen-in-der-ersten-jahreshaelfte\/"},"wordCount":212,"commentCount":0,"image":{"@id":"https:\/\/paulinenaue.info\/index.php\/baugeschehen-in-der-ersten-jahreshaelfte\/#primaryimage"},"thumbnailUrl":"https:\/\/paulinenaue.info\/wp-content\/uploads\/2016\/03\/20130526_ruppinerstrasse_01_01.jpg","keywords":["Baugeschehen","Dorfentwicklung","Paulinenaue"],"articleSection":["Dorfentwicklung","Hier Zuhause"],"inLanguage":"de","potentialAction":[{"@type":"CommentAction","name":"Comment","target":["https:\/\/paulinenaue.info\/index.php\/baugeschehen-in-der-ersten-jahreshaelfte\/#respond"]}]},{"@type":"WebPage","@id":"https:\/\/paulinenaue.info\/index.php\/baugeschehen-in-der-ersten-jahreshaelfte\/","url":"https:\/\/paulinenaue.info\/index.php\/baugeschehen-in-der-ersten-jahreshaelfte\/","name":"Baugeschehen in der ersten Jahresh\u00e4lfte 2013 - Paulinenaue","isPartOf":{"@id":"https:\/\/paulinenaue.info\/#website"},"primaryImageOfPage":{"@id":"https:\/\/paulinenaue.info\/index.php\/baugeschehen-in-der-ersten-jahreshaelfte\/#primaryimage"},"image":{"@id":"https:\/\/paulinenaue.info\/index.php\/baugeschehen-in-der-ersten-jahreshaelfte\/#primaryimage"},"thumbnailUrl":"https:\/\/paulinenaue.info\/wp-content\/uploads\/2016\/03\/20130526_ruppinerstrasse_01_01.jpg","datePublished":"2013-04-27T11:13:33+00:00","dateModified":"2018-03-30T21:34:18+00:00","author":{"@id":"https:\/\/paulinenaue.info\/#\/schema\/person\/3f9e818fd7b69b0d2bd937ac506897cc"},"breadcrumb":{"@id":"https:\/\/paulinenaue.info\/index.php\/baugeschehen-in-der-ersten-jahreshaelfte\/#breadcrumb"},"inLanguage":"de","potentialAction":[{"@type":"ReadAction","target":["https:\/\/paulinenaue.info\/index.php\/baugeschehen-in-der-ersten-jahreshaelfte\/"]}]},{"@type":"ImageObject","inLanguage":"de","@id":"https:\/\/paulinenaue.info\/index.php\/baugeschehen-in-der-ersten-jahreshaelfte\/#primaryimage","url":"https:\/\/paulinenaue.info\/wp-content\/uploads\/2016\/03\/20130526_ruppinerstrasse_01_01.jpg","contentUrl":"https:\/\/paulinenaue.info\/wp-content\/uploads\/2016\/03\/20130526_ruppinerstrasse_01_01.jpg","width":500,"height":369},{"@type":"BreadcrumbList","@id":"https:\/\/paulinenaue.info\/index.php\/baugeschehen-in-der-ersten-jahreshaelfte\/#breadcrumb","itemListElement":[{"@type":"ListItem","position":1,"name":"Home","item":"https:\/\/paulinenaue.info\/"},{"@type":"ListItem","position":2,"name":"Baugeschehen in der ersten Jahresh\u00e4lfte 2013"}]},{"@type":"WebSite","@id":"https:\/\/paulinenaue.info\/#website","url":"https:\/\/paulinenaue.info\/","name":"Paulinenaue","description":"Ein Dorf im Havelland","potentialAction":[{"@type":"SearchAction","target":{"@type":"EntryPoint","urlTemplate":"https:\/\/paulinenaue.info\/?s={search_term_string}"},"query-input":{"@type":"PropertyValueSpecification","valueRequired":true,"valueName":"search_term_string"}}],"inLanguage":"de"},{"@type":"Person","@id":"https:\/\/paulinenaue.info\/#\/schema\/person\/3f9e818fd7b69b0d2bd937ac506897cc","name":"Joachim Scholz","url":"https:\/\/paulinenaue.info\/index.php\/author\/jjscholz\/"}]}},"jetpack_publicize_connections":[],"jetpack_featured_media_url":"https:\/\/paulinenaue.info\/wp-content\/uploads\/2016\/03\/20130526_ruppinerstrasse_01_01.jpg","jetpack_sharing_enabled":true,"jetpack_shortlink":"https:\/\/wp.me\/pcYhWA-1S","jetpack-related-posts":[{"id":184284,"url":"https:\/\/paulinenaue.info\/index.php\/kirche-wird-saniert-und-multifunktional-nutzbar\/","url_meta":{"origin":116,"position":0},"title":"Kirche wird saniert und multifunktional nutzbar","author":"Joachim Scholz","date":"29. Mai 2022","format":false,"excerpt":"von Andreas Flender, ehrenamtlicher Mitarbeiter und Bauverantwortlicher der evangelischen Kirchengemeinde In der Paulinenauer Kirche soll demn\u00e4chst ein Dorftreff entstehen. Es gibt daf\u00fcr Interesse von Vereinen, die bisher keine eigenen R\u00e4ume haben. Denkbar ist, dass der Kulturverein oder das Gemeinschaftswerk Soziale Dienste den Treff nutzen wird. Die Notfallseelsorge m\u00f6chte dort Gruppenabende\u2026","rel":"","context":"In &quot;Allgemein&quot;","block_context":{"text":"Allgemein","link":"https:\/\/paulinenaue.info\/index.php\/category\/allgemein\/"},"img":{"alt_text":"","src":"https:\/\/i0.wp.com\/paulinenaue.info\/wp-content\/uploads\/2022\/05\/2022-05-28-Paulinenaue-Kirche.jpg?resize=350%2C200&ssl=1","width":350,"height":200,"srcset":"https:\/\/i0.wp.com\/paulinenaue.info\/wp-content\/uploads\/2022\/05\/2022-05-28-Paulinenaue-Kirche.jpg?resize=350%2C200&ssl=1 1x, https:\/\/i0.wp.com\/paulinenaue.info\/wp-content\/uploads\/2022\/05\/2022-05-28-Paulinenaue-Kirche.jpg?resize=525%2C300&ssl=1 1.5x, https:\/\/i0.wp.com\/paulinenaue.info\/wp-content\/uploads\/2022\/05\/2022-05-28-Paulinenaue-Kirche.jpg?resize=700%2C400&ssl=1 2x"},"classes":[]},{"id":1430,"url":"https:\/\/paulinenaue.info\/index.php\/erste-schritte-in-die-zukunft-des-paulinenauer-bahnhofsgebaeude\/","url_meta":{"origin":116,"position":1},"title":"Erste Schritte in die Zukunft des Paulinenauer Bahnhofsgeb\u00e4udes","author":"Joachim Scholz","date":"3. Februar 2008","format":false,"excerpt":"Im Bahnhof k\u00f6nnte wieder das Herz des Dorfes schlagen Ein Zeichen, dass in Paulinenaues Mitte etwas in Gang kommt, ist mit dem k\u00fcrzlich sanierten Bahnhofsvorplatz bereits gesetzt. Der schmucke Platz aber hat seit seiner Fertigstellung den Handlungsbedarf beim Bahnhofsgeb\u00e4ude selbst nur noch mehr hervortreten lassen und da die Gemeinde den\u2026","rel":"","context":"In &quot;Allgemein&quot;","block_context":{"text":"Allgemein","link":"https:\/\/paulinenaue.info\/index.php\/category\/allgemein\/"},"img":{"alt_text":"","src":"https:\/\/i0.wp.com\/paulinenaue.info\/wp-content\/uploads\/2019\/01\/2007-12-01-Bahnhof.jpg?resize=350%2C200&ssl=1","width":350,"height":200,"srcset":"https:\/\/i0.wp.com\/paulinenaue.info\/wp-content\/uploads\/2019\/01\/2007-12-01-Bahnhof.jpg?resize=350%2C200&ssl=1 1x, https:\/\/i0.wp.com\/paulinenaue.info\/wp-content\/uploads\/2019\/01\/2007-12-01-Bahnhof.jpg?resize=525%2C300&ssl=1 1.5x, https:\/\/i0.wp.com\/paulinenaue.info\/wp-content\/uploads\/2019\/01\/2007-12-01-Bahnhof.jpg?resize=700%2C400&ssl=1 2x"},"classes":[]},{"id":418004,"url":"https:\/\/paulinenaue.info\/index.php\/kirchsanierung-paulinenaue\/","url_meta":{"origin":116,"position":2},"title":"Das n\u00e4chste Mal in zwei Generationen:\u00a0Paulinenaue feiert Kirchsanierung","author":"Joachim Scholz","date":"2. Juni 2025","format":false,"excerpt":"Lange im Vorfeld war der Termin f\u00fcr das Kirchenfest am 1. Juni festgelegt worden. Je n\u00e4her er heranr\u00fcckte, desto emsiger liefen die Vorbereitungen. Pfarrer Michael Jurk wollte nichts dem Zufall \u00fcberlassen, denn der Anlass war so selten wie sch\u00f6n: Gefeiert wurde der Abschluss der Sanierung der Paulinenauer Dorfkirche. Die letzten\u2026","rel":"","context":"In &quot;Allgemein&quot;","block_context":{"text":"Allgemein","link":"https:\/\/paulinenaue.info\/index.php\/category\/allgemein\/"},"img":{"alt_text":"","src":"https:\/\/i0.wp.com\/paulinenaue.info\/wp-content\/uploads\/2025\/06\/DSC07228.jpeg?resize=350%2C200&ssl=1","width":350,"height":200,"srcset":"https:\/\/i0.wp.com\/paulinenaue.info\/wp-content\/uploads\/2025\/06\/DSC07228.jpeg?resize=350%2C200&ssl=1 1x, https:\/\/i0.wp.com\/paulinenaue.info\/wp-content\/uploads\/2025\/06\/DSC07228.jpeg?resize=525%2C300&ssl=1 1.5x, https:\/\/i0.wp.com\/paulinenaue.info\/wp-content\/uploads\/2025\/06\/DSC07228.jpeg?resize=700%2C400&ssl=1 2x"},"classes":[]},{"id":168,"url":"https:\/\/paulinenaue.info\/index.php\/konsumabriss-oeffnet-wieder-den-blick-auf-den-bahnhof\/","url_meta":{"origin":116,"position":3},"title":"Konsumabriss \u00f6ffnet wieder den Blick auf den Bahnhof","author":"Joachim Scholz","date":"8. Oktober 2010","format":false,"excerpt":"08.10.2010. Mehr als 34 Jahren war das Paulinenauer Bahnhofsgeb\u00e4ude durch den Konsum aus DDR-Zeiten verdeckt. F\u00fcr die \u00e4sthetischen Aspekte, die die historische Dorfentwicklung aufwies, gab es damals kaum Verst\u00e4ndnis. Doch seit am Freitag die Giebelfront des im Abriss befindlichen Flachbaus fiel, \u00f6ffnet sich wieder der Blick auf das imposante, wenn\u2026","rel":"","context":"In &quot;Bahnhof&quot;","block_context":{"text":"Bahnhof","link":"https:\/\/paulinenaue.info\/index.php\/category\/bahnhof\/"},"img":{"alt_text":"","src":"https:\/\/i0.wp.com\/paulinenaue.info\/wp-content\/uploads\/2016\/03\/20101008_sichtachse_bahnhof_02.jpg?resize=350%2C200&ssl=1","width":350,"height":200},"classes":[]},{"id":1022,"url":"https:\/\/paulinenaue.info\/index.php\/zum-80-gemeindejubilaeum-historische-ortsansichten-von-paulinenaue\/","url_meta":{"origin":116,"position":4},"title":"Zum 80. Gemeindejubil\u00e4um: Historische Ortsansichten von Paulinenaue","author":"Sarah","date":"19. Juni 2017","format":false,"excerpt":"08.12.2004 Historische Ortsansichten von Paulinenaue zum 80. Jahrestag der Gemeindegr\u00fcndung 1924 Eine der \u00e4ltesten fotografischen Aufnahmen unseres Dorfes. Das Sch\u00e4ferhaus auf dem Gutshof (links) war strohgedeckt und z\u00e4hlte vermutlich noch zu den Geb\u00e4uden der Bardelebenschen Meierei. Der Bahnhof in seiner ganzen Pracht. Die Kundschaft des Gasthofes hat im Biergarten vor\u2026","rel":"","context":"In &quot;Allgemein&quot;","block_context":{"text":"Allgemein","link":"https:\/\/paulinenaue.info\/index.php\/category\/allgemein\/"},"img":{"alt_text":"Foto: Sammlung Joachim Scholz","src":"https:\/\/i0.wp.com\/paulinenaue.info\/wp-content\/uploads\/2017\/06\/meierei-300x215.jpg?resize=350%2C200","width":350,"height":200},"classes":[]},{"id":127,"url":"https:\/\/paulinenaue.info\/index.php\/bahnhof-gasthaus-fleischerei-das-oeffentliche-leben-ist-in-paulinenaue-auf-dem-rueckzug\/","url_meta":{"origin":116,"position":5},"title":"Bahnhof, Gasthaus, Fleischerei \u2013 Das \u00f6ffentliche Leben ist in Paulinenaue auf dem R\u00fcckzug","author":"Joachim Scholz","date":"26. Dezember 2012","format":false,"excerpt":"26.12.2012. Auf ihrer Sitzung am 5. November 2012 hat die Gemeindevertretung Paulinenaue das Amt Friesack mit der Ver\u00e4u\u00dferung des Bahnhofsgeb\u00e4udes an einen Privatinvestor beauftragt, denn seit sie den Bahnhof vor f\u00fcnf Jahren im Zuge der Neugestaltung der Parkpl\u00e4tze \u00fcbernehmen musste, war es nicht gelungen, eine tragf\u00e4hige Perspektive f\u00fcr das denkmalgesch\u00fctzte\u2026","rel":"","context":"In &quot;Bahnhof&quot;","block_context":{"text":"Bahnhof","link":"https:\/\/paulinenaue.info\/index.php\/category\/bahnhof\/"},"img":{"alt_text":"","src":"https:\/\/i0.wp.com\/paulinenaue.info\/wp-content\/uploads\/2016\/03\/20101225_bahnhof.jpg?resize=350%2C200&ssl=1","width":350,"height":200},"classes":[]}],"_links":{"self":[{"href":"https:\/\/paulinenaue.info\/index.php\/wp-json\/wp\/v2\/posts\/116","targetHints":{"allow":["GET"]}}],"collection":[{"href":"https:\/\/paulinenaue.info\/index.php\/wp-json\/wp\/v2\/posts"}],"about":[{"href":"https:\/\/paulinenaue.info\/index.php\/wp-json\/wp\/v2\/types\/post"}],"author":[{"embeddable":true,"href":"https:\/\/paulinenaue.info\/index.php\/wp-json\/wp\/v2\/users\/1"}],"replies":[{"embeddable":true,"href":"https:\/\/paulinenaue.info\/index.php\/wp-json\/wp\/v2\/comments?post=116"}],"version-history":[{"count":6,"href":"https:\/\/paulinenaue.info\/index.php\/wp-json\/wp\/v2\/posts\/116\/revisions"}],"predecessor-version":[{"id":2043,"href":"https:\/\/paulinenaue.info\/index.php\/wp-json\/wp\/v2\/posts\/116\/revisions\/2043"}],"wp:featuredmedia":[{"embeddable":true,"href":"https:\/\/paulinenaue.info\/index.php\/wp-json\/wp\/v2\/media\/308"}],"wp:attachment":[{"href":"https:\/\/paulinenaue.info\/index.php\/wp-json\/wp\/v2\/media?parent=116"}],"wp:term":[{"taxonomy":"category","embeddable":true,"href":"https:\/\/paulinenaue.info\/index.php\/wp-json\/wp\/v2\/categories?post=116"},{"taxonomy":"post_tag","embeddable":true,"href":"https:\/\/paulinenaue.info\/index.php\/wp-json\/wp\/v2\/tags?post=116"}],"curies":[{"name":"wp","href":"https:\/\/api.w.org\/{rel}","templated":true}]}}