{"id":1166,"date":"2017-06-21T20:44:53","date_gmt":"2017-06-21T18:44:53","guid":{"rendered":"http:\/\/paulinenaue.info\/?p=1166"},"modified":"2017-06-21T20:47:09","modified_gmt":"2017-06-21T18:47:09","slug":"paulinenaues-nachbarn","status":"publish","type":"post","link":"https:\/\/paulinenaue.info\/index.php\/paulinenaues-nachbarn\/","title":{"rendered":"Paulinenaues Nachbarn"},"content":{"rendered":"<h6>29.11.2005<\/h6>\n<p>Nach der Novemberumfrage im Fotoforum k\u00f6nnte man vermuten, dass Wagenitzer unter den Besuchern unserer Interetseite reichlich vertreten sind. Oder sollte Wagenitz wirklich so sch\u00f6n sein? Ein Fototoermin an einem der letzten sonnigen Herbstwochenenden ergab das folgende Portrait der wichtigsten Nachbarorte Paulinenaues und eine interessante Verteilung von engagiertem Auschwung und einigerma\u00dfen trostlosem Verharren. Und nat\u00fcrlich macht ein Blick auf die Nachbarn auch \u00fcber Paulinenaue selbst nachdenklich.<\/p>\n<h3><span style=\"color: #000000;\">&#8222;Paulinenaues sch\u00f6nstes Nachbardorf ist &#8230;&#8220;<\/span><\/h3>\n<div id=\"attachment_1167\" style=\"width: 278px\" class=\"wp-caption alignnone\"><a href=\"http:\/\/paulinenaue.info\/wp-content\/uploads\/2017\/06\/200511_nachbarorte.jpg\"><img decoding=\"async\" aria-describedby=\"caption-attachment-1167\" data-attachment-id=\"1167\" data-permalink=\"https:\/\/paulinenaue.info\/index.php\/paulinenaues-nachbarn\/200511_nachbarorte\/\" data-orig-file=\"https:\/\/paulinenaue.info\/wp-content\/uploads\/2017\/06\/200511_nachbarorte.jpg\" data-orig-size=\"268,191\" data-comments-opened=\"1\" data-image-meta=\"{&quot;aperture&quot;:&quot;0&quot;,&quot;credit&quot;:&quot;&quot;,&quot;camera&quot;:&quot;&quot;,&quot;caption&quot;:&quot;&quot;,&quot;created_timestamp&quot;:&quot;0&quot;,&quot;copyright&quot;:&quot;&quot;,&quot;focal_length&quot;:&quot;0&quot;,&quot;iso&quot;:&quot;0&quot;,&quot;shutter_speed&quot;:&quot;0&quot;,&quot;title&quot;:&quot;&quot;,&quot;orientation&quot;:&quot;1&quot;}\" data-image-title=\"200511_nachbarorte\" data-image-description=\"\" data-image-caption=\"\" data-large-file=\"https:\/\/paulinenaue.info\/wp-content\/uploads\/2017\/06\/200511_nachbarorte.jpg\" class=\"lazyload wp-image-1167 size-full\" src=\"data:image\/svg+xml,%3Csvg%20xmlns%3D%27http%3A%2F%2Fwww.w3.org%2F2000%2Fsvg%27%20width%3D%27268%27%20height%3D%27191%27%20viewBox%3D%270%200%20268%20191%27%3E%3Crect%20width%3D%27268%27%20height%3D%27191%27%20fill-opacity%3D%220%22%2F%3E%3C%2Fsvg%3E\" data-orig-src=\"http:\/\/paulinenaue.info\/wp-content\/uploads\/2017\/06\/200511_nachbarorte.jpg\" alt=\"Umfrage im Fotoforum vom 20.10. bis 21.11.2005 mit 47 Stimmen.\" width=\"268\" height=\"191\" \/><\/a><p id=\"caption-attachment-1167\" class=\"wp-caption-text\">Umfrage im Fotoforum vom 20.10. bis 21.11.2005 mit 47 Stimmen.<\/p><\/div>\n<p>Machen Sie sich am besten selbst ein Bild. Erleben Sie Wagenitz und die anderen Nachbarn von Paulinenaue in der Reihenfolge der Umfrageergebnisse. Oder besser noch &#8211; fahren Sie in unsere sch\u00f6nen Nachbarorte und schauen Sie sich einmal um. Was dirkt vor der Haust\u00fcr liegt, betrachtet man doch h\u00e4ufig am seltensten.<\/p>\n<p>&nbsp;<\/p>\n<h3>Wagenitz<\/h3>\n<p>Wagenitz war einst mit einem au\u00dfergew\u00f6hnlich imposanten Herrenhaus der Familie von Bredow best\u00fcckt und die Ortschaft versteht es offenbar, den Glanz ihrer Vergangenheit auch heute noch auszubeuten. Zwar brannte das Schloss am Ende des Krieges aus, aber es gibt noch den Schwedenturm, die barocke Kirche und den romantisch verwilderten Gutspark.<\/p>\n<div id=\"attachment_1168\" style=\"width: 239px\" class=\"wp-caption alignnone\"><a href=\"http:\/\/paulinenaue.info\/wp-content\/uploads\/2017\/06\/20051029_wagenitz_01.jpg\"><img decoding=\"async\" aria-describedby=\"caption-attachment-1168\" data-attachment-id=\"1168\" data-permalink=\"https:\/\/paulinenaue.info\/index.php\/paulinenaues-nachbarn\/20051029_wagenitz_01\/\" data-orig-file=\"https:\/\/paulinenaue.info\/wp-content\/uploads\/2017\/06\/20051029_wagenitz_01.jpg\" data-orig-size=\"267,350\" data-comments-opened=\"1\" data-image-meta=\"{&quot;aperture&quot;:&quot;5.6&quot;,&quot;credit&quot;:&quot;&quot;,&quot;camera&quot;:&quot;DSC-P72&quot;,&quot;caption&quot;:&quot;&quot;,&quot;created_timestamp&quot;:&quot;1130582613&quot;,&quot;copyright&quot;:&quot;&quot;,&quot;focal_length&quot;:&quot;6&quot;,&quot;iso&quot;:&quot;100&quot;,&quot;shutter_speed&quot;:&quot;0.004&quot;,&quot;title&quot;:&quot;&quot;,&quot;orientation&quot;:&quot;1&quot;}\" data-image-title=\"20051029_wagenitz_01\" data-image-description=\"\" data-image-caption=\"\" data-large-file=\"https:\/\/paulinenaue.info\/wp-content\/uploads\/2017\/06\/20051029_wagenitz_01.jpg\" class=\"lazyload wp-image-1168 size-medium\" src=\"http:\/\/paulinenaue.info\/wp-content\/uploads\/2017\/06\/20051029_wagenitz_01-229x300.jpg\" data-orig-src=\"http:\/\/paulinenaue.info\/wp-content\/uploads\/2017\/06\/20051029_wagenitz_01-229x300.jpg\" alt=\"Der Schwedenturm, ein zum Schloss geh\u00f6render K\u00fcchenbau, wurde 1571 errichtet und ist wohl die gr\u00f6\u00dfte Attraktion des Dorfes. Schwedenturm und Kirche im Hintergrund sind nach der Wende wieder hergerichtet worden. \" width=\"229\" height=\"300\" srcset=\"data:image\/svg+xml,%3Csvg%20xmlns%3D%27http%3A%2F%2Fwww.w3.org%2F2000%2Fsvg%27%20width%3D%27229%27%20height%3D%27300%27%20viewBox%3D%270%200%20229%20300%27%3E%3Crect%20width%3D%27229%27%20height%3D%27300%27%20fill-opacity%3D%220%22%2F%3E%3C%2Fsvg%3E\" data-srcset=\"https:\/\/paulinenaue.info\/wp-content\/uploads\/2017\/06\/20051029_wagenitz_01-229x300.jpg 229w, https:\/\/paulinenaue.info\/wp-content\/uploads\/2017\/06\/20051029_wagenitz_01.jpg 267w\" data-sizes=\"auto\" data-orig-sizes=\"(max-width: 229px) 100vw, 229px\" \/><\/a><p id=\"caption-attachment-1168\" class=\"wp-caption-text\">Der Schwedenturm, ein zum Schloss geh\u00f6render K\u00fcchenbau, wurde 1571 errichtet und ist wohl die gr\u00f6\u00dfte Attraktion des Dorfes. Schwedenturm und Kirche im Hintergrund sind nach der Wende wieder hergerichtet worden.<\/p><\/div>\n<div id=\"attachment_1169\" style=\"width: 235px\" class=\"wp-caption alignnone\"><a href=\"http:\/\/paulinenaue.info\/wp-content\/uploads\/2017\/06\/20051029_wagenitz_02.jpg\"><img decoding=\"async\" aria-describedby=\"caption-attachment-1169\" data-attachment-id=\"1169\" data-permalink=\"https:\/\/paulinenaue.info\/index.php\/paulinenaues-nachbarn\/20051029_wagenitz_02\/\" data-orig-file=\"https:\/\/paulinenaue.info\/wp-content\/uploads\/2017\/06\/20051029_wagenitz_02.jpg\" data-orig-size=\"263,350\" data-comments-opened=\"1\" data-image-meta=\"{&quot;aperture&quot;:&quot;2.8&quot;,&quot;credit&quot;:&quot;&quot;,&quot;camera&quot;:&quot;DSC-P72&quot;,&quot;caption&quot;:&quot;&quot;,&quot;created_timestamp&quot;:&quot;1130582970&quot;,&quot;copyright&quot;:&quot;&quot;,&quot;focal_length&quot;:&quot;6&quot;,&quot;iso&quot;:&quot;100&quot;,&quot;shutter_speed&quot;:&quot;0.033333333333333&quot;,&quot;title&quot;:&quot;&quot;,&quot;orientation&quot;:&quot;1&quot;}\" data-image-title=\"20051029_wagenitz_02\" data-image-description=\"\" data-image-caption=\"\" data-large-file=\"https:\/\/paulinenaue.info\/wp-content\/uploads\/2017\/06\/20051029_wagenitz_02.jpg\" class=\"lazyload wp-image-1169 size-medium\" src=\"http:\/\/paulinenaue.info\/wp-content\/uploads\/2017\/06\/20051029_wagenitz_02-225x300.jpg\" data-orig-src=\"http:\/\/paulinenaue.info\/wp-content\/uploads\/2017\/06\/20051029_wagenitz_02-225x300.jpg\" alt=\"Im Wagenitzer Park haben einige Bredows ihre Spuren hinterlassen. \" width=\"225\" height=\"300\" srcset=\"data:image\/svg+xml,%3Csvg%20xmlns%3D%27http%3A%2F%2Fwww.w3.org%2F2000%2Fsvg%27%20width%3D%27225%27%20height%3D%27300%27%20viewBox%3D%270%200%20225%20300%27%3E%3Crect%20width%3D%27225%27%20height%3D%27300%27%20fill-opacity%3D%220%22%2F%3E%3C%2Fsvg%3E\" data-srcset=\"https:\/\/paulinenaue.info\/wp-content\/uploads\/2017\/06\/20051029_wagenitz_02-225x300.jpg 225w, https:\/\/paulinenaue.info\/wp-content\/uploads\/2017\/06\/20051029_wagenitz_02.jpg 263w\" data-sizes=\"auto\" data-orig-sizes=\"(max-width: 225px) 100vw, 225px\" \/><\/a><p id=\"caption-attachment-1169\" class=\"wp-caption-text\">Im Wagenitzer Park haben einige Bredows ihre Spuren hinterlassen.<\/p><\/div>\n<p>&nbsp;<\/p>\n<h3>Pessin<\/h3>\n<p>Das \u00e4lteste erhaltene Herrenhaus Brandenburgs, es steht in Pessin und geh\u00f6rte der Familie von Knoblauch. Mit Pessin und dem Namen von Knoblauch ist auch die Paulinenauer Ortsgeschichte auf das engste verbunden, denn Paulinenaue war Pessiner Vorwerk.<\/p>\n<div id=\"attachment_1170\" style=\"width: 310px\" class=\"wp-caption alignnone\"><a href=\"http:\/\/paulinenaue.info\/wp-content\/uploads\/2017\/06\/20051029_pessin_01.jpg\"><img decoding=\"async\" aria-describedby=\"caption-attachment-1170\" data-attachment-id=\"1170\" data-permalink=\"https:\/\/paulinenaue.info\/index.php\/paulinenaues-nachbarn\/20051029_pessin_01\/\" data-orig-file=\"https:\/\/paulinenaue.info\/wp-content\/uploads\/2017\/06\/20051029_pessin_01.jpg\" data-orig-size=\"350,263\" data-comments-opened=\"1\" data-image-meta=\"{&quot;aperture&quot;:&quot;5.6&quot;,&quot;credit&quot;:&quot;&quot;,&quot;camera&quot;:&quot;DSC-P72&quot;,&quot;caption&quot;:&quot;&quot;,&quot;created_timestamp&quot;:&quot;1130584584&quot;,&quot;copyright&quot;:&quot;&quot;,&quot;focal_length&quot;:&quot;6&quot;,&quot;iso&quot;:&quot;100&quot;,&quot;shutter_speed&quot;:&quot;0.005&quot;,&quot;title&quot;:&quot;&quot;,&quot;orientation&quot;:&quot;1&quot;}\" data-image-title=\"20051029_pessin_01\" data-image-description=\"\" data-image-caption=\"\" data-large-file=\"https:\/\/paulinenaue.info\/wp-content\/uploads\/2017\/06\/20051029_pessin_01.jpg\" class=\"lazyload wp-image-1170 size-medium\" src=\"http:\/\/paulinenaue.info\/wp-content\/uploads\/2017\/06\/20051029_pessin_01-300x225.jpg\" data-orig-src=\"http:\/\/paulinenaue.info\/wp-content\/uploads\/2017\/06\/20051029_pessin_01-300x225.jpg\" alt=\"Das Knoblauchsche Herrenhaus in Pessin zeigt Teile verschiedener Bauphasen. Hier der Kernbau aus dem Jahre 1419.\" width=\"300\" height=\"225\" srcset=\"data:image\/svg+xml,%3Csvg%20xmlns%3D%27http%3A%2F%2Fwww.w3.org%2F2000%2Fsvg%27%20width%3D%27300%27%20height%3D%27225%27%20viewBox%3D%270%200%20300%20225%27%3E%3Crect%20width%3D%27300%27%20height%3D%27225%27%20fill-opacity%3D%220%22%2F%3E%3C%2Fsvg%3E\" data-srcset=\"https:\/\/paulinenaue.info\/wp-content\/uploads\/2017\/06\/20051029_pessin_01-300x225.jpg 300w, https:\/\/paulinenaue.info\/wp-content\/uploads\/2017\/06\/20051029_pessin_01.jpg 350w\" data-sizes=\"auto\" data-orig-sizes=\"(max-width: 300px) 100vw, 300px\" \/><\/a><p id=\"caption-attachment-1170\" class=\"wp-caption-text\">Das Knoblauchsche Herrenhaus in Pessin zeigt Teile verschiedener Bauphasen. Hier der Kernbau aus dem Jahre 1419.<\/p><\/div>\n<div id=\"attachment_1172\" style=\"width: 310px\" class=\"wp-caption alignnone\"><a href=\"http:\/\/paulinenaue.info\/wp-content\/uploads\/2017\/06\/20051029_pessin_02.jpg\"><img decoding=\"async\" aria-describedby=\"caption-attachment-1172\" data-attachment-id=\"1172\" data-permalink=\"https:\/\/paulinenaue.info\/index.php\/paulinenaues-nachbarn\/20051029_pessin_02\/\" data-orig-file=\"https:\/\/paulinenaue.info\/wp-content\/uploads\/2017\/06\/20051029_pessin_02.jpg\" data-orig-size=\"350,237\" data-comments-opened=\"1\" data-image-meta=\"{&quot;aperture&quot;:&quot;7.1&quot;,&quot;credit&quot;:&quot;&quot;,&quot;camera&quot;:&quot;DSC-P72&quot;,&quot;caption&quot;:&quot;&quot;,&quot;created_timestamp&quot;:&quot;1130585135&quot;,&quot;copyright&quot;:&quot;&quot;,&quot;focal_length&quot;:&quot;10.3&quot;,&quot;iso&quot;:&quot;100&quot;,&quot;shutter_speed&quot;:&quot;0.004&quot;,&quot;title&quot;:&quot;&quot;,&quot;orientation&quot;:&quot;1&quot;}\" data-image-title=\"20051029_pessin_02\" data-image-description=\"\" data-image-caption=\"\" data-large-file=\"https:\/\/paulinenaue.info\/wp-content\/uploads\/2017\/06\/20051029_pessin_02.jpg\" class=\"lazyload wp-image-1172 size-medium\" src=\"http:\/\/paulinenaue.info\/wp-content\/uploads\/2017\/06\/20051029_pessin_02-300x203.jpg\" data-orig-src=\"http:\/\/paulinenaue.info\/wp-content\/uploads\/2017\/06\/20051029_pessin_02-300x203.jpg\" alt=\"Die Pessiner Kirche wurde 1739 erbaut. Das Familienwappen Pauline von Knoblauchs im Innern der Kirche sollte jeder Paulinenauer einmal gesehen haben. \" width=\"300\" height=\"203\" srcset=\"data:image\/svg+xml,%3Csvg%20xmlns%3D%27http%3A%2F%2Fwww.w3.org%2F2000%2Fsvg%27%20width%3D%27300%27%20height%3D%27203%27%20viewBox%3D%270%200%20300%20203%27%3E%3Crect%20width%3D%27300%27%20height%3D%27203%27%20fill-opacity%3D%220%22%2F%3E%3C%2Fsvg%3E\" data-srcset=\"https:\/\/paulinenaue.info\/wp-content\/uploads\/2017\/06\/20051029_pessin_02-300x203.jpg 300w, https:\/\/paulinenaue.info\/wp-content\/uploads\/2017\/06\/20051029_pessin_02.jpg 350w\" data-sizes=\"auto\" data-orig-sizes=\"(max-width: 300px) 100vw, 300px\" \/><\/a><p id=\"caption-attachment-1172\" class=\"wp-caption-text\">Die Pessiner Kirche wurde 1739 erbaut. Das Familienwappen Pauline von Knoblauchs im Innern der Kirche sollte jeder Paulinenauer einmal gesehen haben.<\/p><\/div>\n<div id=\"attachment_1171\" style=\"width: 235px\" class=\"wp-caption alignnone\"><a href=\"http:\/\/paulinenaue.info\/wp-content\/uploads\/2017\/06\/20040515_pessin_pauline.jpg\"><img decoding=\"async\" aria-describedby=\"caption-attachment-1171\" data-attachment-id=\"1171\" data-permalink=\"https:\/\/paulinenaue.info\/index.php\/paulinenaues-nachbarn\/20040515_pessin_pauline\/\" data-orig-file=\"https:\/\/paulinenaue.info\/wp-content\/uploads\/2017\/06\/20040515_pessin_pauline.jpg\" data-orig-size=\"263,350\" data-comments-opened=\"1\" data-image-meta=\"{&quot;aperture&quot;:&quot;2.8&quot;,&quot;credit&quot;:&quot;&quot;,&quot;camera&quot;:&quot;DSC-P72&quot;,&quot;caption&quot;:&quot;&quot;,&quot;created_timestamp&quot;:&quot;1084548742&quot;,&quot;copyright&quot;:&quot;&quot;,&quot;focal_length&quot;:&quot;6&quot;,&quot;iso&quot;:&quot;100&quot;,&quot;shutter_speed&quot;:&quot;0.00625&quot;,&quot;title&quot;:&quot;&quot;,&quot;orientation&quot;:&quot;1&quot;}\" data-image-title=\"20040515_pessin_pauline\" data-image-description=\"\" data-image-caption=\"\" data-large-file=\"https:\/\/paulinenaue.info\/wp-content\/uploads\/2017\/06\/20040515_pessin_pauline.jpg\" class=\"lazyload wp-image-1171 size-medium\" src=\"http:\/\/paulinenaue.info\/wp-content\/uploads\/2017\/06\/20040515_pessin_pauline-225x300.jpg\" data-orig-src=\"http:\/\/paulinenaue.info\/wp-content\/uploads\/2017\/06\/20040515_pessin_pauline-225x300.jpg\" alt=\"Eine unbedingte Sehensw\u00fcrdigkeit sind auch die Grabst\u00e4tten der von Knoblauchs auf dem Pessiner Friedhof. Auch Pauline von Knoblauch, der Paulinenaue seinen Namen verdankt, liegt hier begraben.\" width=\"225\" height=\"300\" srcset=\"data:image\/svg+xml,%3Csvg%20xmlns%3D%27http%3A%2F%2Fwww.w3.org%2F2000%2Fsvg%27%20width%3D%27225%27%20height%3D%27300%27%20viewBox%3D%270%200%20225%20300%27%3E%3Crect%20width%3D%27225%27%20height%3D%27300%27%20fill-opacity%3D%220%22%2F%3E%3C%2Fsvg%3E\" data-srcset=\"https:\/\/paulinenaue.info\/wp-content\/uploads\/2017\/06\/20040515_pessin_pauline-225x300.jpg 225w, https:\/\/paulinenaue.info\/wp-content\/uploads\/2017\/06\/20040515_pessin_pauline.jpg 263w\" data-sizes=\"auto\" data-orig-sizes=\"(max-width: 225px) 100vw, 225px\" \/><\/a><p id=\"caption-attachment-1171\" class=\"wp-caption-text\">Eine unbedingte Sehensw\u00fcrdigkeit sind auch die Grabst\u00e4tten der von Knoblauchs auf dem Pessiner Friedhof. Auch Pauline von Knoblauch, der Paulinenaue seinen Namen verdankt, liegt hier begraben.<\/p><\/div>\n<h3><\/h3>\n<h3>Ribbeck<\/h3>\n<p>Ribbeck ist durch Theodor Fontanes Gedicht vom Birnbaum ber\u00fchmt geworden und pflegt sein Erbe auf beispielhafte Weise. Die Kirche ist saniert und beinhaltet Museum, Cafe und einen Souvenirstand. Der Pfarrgarten wurde gartengestalterisch veredelt, der Havellandradweg ber\u00fchrt das Dorf. Wer Ribbeck lange nicht besucht hat, ger\u00e4t heute zwangsl\u00e4ufig ins Staunen.<\/p>\n<div id=\"attachment_1173\" style=\"width: 310px\" class=\"wp-caption alignnone\"><a href=\"http:\/\/paulinenaue.info\/wp-content\/uploads\/2017\/06\/20051029_ribbeck_01.jpg\"><img decoding=\"async\" aria-describedby=\"caption-attachment-1173\" data-attachment-id=\"1173\" data-permalink=\"https:\/\/paulinenaue.info\/index.php\/paulinenaues-nachbarn\/20051029_ribbeck_01\/\" data-orig-file=\"https:\/\/paulinenaue.info\/wp-content\/uploads\/2017\/06\/20051029_ribbeck_01.jpg\" data-orig-size=\"350,263\" data-comments-opened=\"1\" data-image-meta=\"{&quot;aperture&quot;:&quot;5.6&quot;,&quot;credit&quot;:&quot;&quot;,&quot;camera&quot;:&quot;DSC-P72&quot;,&quot;caption&quot;:&quot;&quot;,&quot;created_timestamp&quot;:&quot;1130586991&quot;,&quot;copyright&quot;:&quot;&quot;,&quot;focal_length&quot;:&quot;6&quot;,&quot;iso&quot;:&quot;100&quot;,&quot;shutter_speed&quot;:&quot;0.0025&quot;,&quot;title&quot;:&quot;&quot;,&quot;orientation&quot;:&quot;1&quot;}\" data-image-title=\"20051029_ribbeck_01\" data-image-description=\"\" data-image-caption=\"\" data-large-file=\"https:\/\/paulinenaue.info\/wp-content\/uploads\/2017\/06\/20051029_ribbeck_01.jpg\" class=\"lazyload wp-image-1173 size-medium\" src=\"http:\/\/paulinenaue.info\/wp-content\/uploads\/2017\/06\/20051029_ribbeck_01-300x225.jpg\" data-orig-src=\"http:\/\/paulinenaue.info\/wp-content\/uploads\/2017\/06\/20051029_ribbeck_01-300x225.jpg\" alt=\"Ein Spaziergang durch den Ribbecker Pfarrgarten \" width=\"300\" height=\"225\" srcset=\"data:image\/svg+xml,%3Csvg%20xmlns%3D%27http%3A%2F%2Fwww.w3.org%2F2000%2Fsvg%27%20width%3D%27300%27%20height%3D%27225%27%20viewBox%3D%270%200%20300%20225%27%3E%3Crect%20width%3D%27300%27%20height%3D%27225%27%20fill-opacity%3D%220%22%2F%3E%3C%2Fsvg%3E\" data-srcset=\"https:\/\/paulinenaue.info\/wp-content\/uploads\/2017\/06\/20051029_ribbeck_01-300x225.jpg 300w, https:\/\/paulinenaue.info\/wp-content\/uploads\/2017\/06\/20051029_ribbeck_01.jpg 350w\" data-sizes=\"auto\" data-orig-sizes=\"(max-width: 300px) 100vw, 300px\" \/><\/a><p id=\"caption-attachment-1173\" class=\"wp-caption-text\">Ein Spaziergang durch den Ribbecker Pfarrgarten<\/p><\/div>\n<div id=\"attachment_1174\" style=\"width: 235px\" class=\"wp-caption alignnone\"><a href=\"http:\/\/paulinenaue.info\/wp-content\/uploads\/2017\/06\/20051029_ribbeck_birnbaum.jpg\"><img decoding=\"async\" aria-describedby=\"caption-attachment-1174\" data-attachment-id=\"1174\" data-permalink=\"https:\/\/paulinenaue.info\/index.php\/paulinenaues-nachbarn\/20051029_ribbeck_birnbaum\/\" data-orig-file=\"https:\/\/paulinenaue.info\/wp-content\/uploads\/2017\/06\/20051029_ribbeck_birnbaum.jpg\" data-orig-size=\"263,350\" data-comments-opened=\"1\" data-image-meta=\"{&quot;aperture&quot;:&quot;5.6&quot;,&quot;credit&quot;:&quot;&quot;,&quot;camera&quot;:&quot;DSC-P72&quot;,&quot;caption&quot;:&quot;&quot;,&quot;created_timestamp&quot;:&quot;1130590726&quot;,&quot;copyright&quot;:&quot;&quot;,&quot;focal_length&quot;:&quot;6&quot;,&quot;iso&quot;:&quot;100&quot;,&quot;shutter_speed&quot;:&quot;0.00625&quot;,&quot;title&quot;:&quot;&quot;,&quot;orientation&quot;:&quot;1&quot;}\" data-image-title=\"20051029_ribbeck_birnbaum\" data-image-description=\"\" data-image-caption=\"\" data-large-file=\"https:\/\/paulinenaue.info\/wp-content\/uploads\/2017\/06\/20051029_ribbeck_birnbaum.jpg\" class=\"lazyload wp-image-1174 size-medium\" src=\"http:\/\/paulinenaue.info\/wp-content\/uploads\/2017\/06\/20051029_ribbeck_birnbaum-225x300.jpg\" data-orig-src=\"http:\/\/paulinenaue.info\/wp-content\/uploads\/2017\/06\/20051029_ribbeck_birnbaum-225x300.jpg\" alt=\"Der legend\u00e4re Birnbaum musste nachgepflanzt werden. In der Kirche aber kann man noch einen Teil des urspr\u00fcnglichen Baumes sehen. \" width=\"225\" height=\"300\" srcset=\"data:image\/svg+xml,%3Csvg%20xmlns%3D%27http%3A%2F%2Fwww.w3.org%2F2000%2Fsvg%27%20width%3D%27225%27%20height%3D%27300%27%20viewBox%3D%270%200%20225%20300%27%3E%3Crect%20width%3D%27225%27%20height%3D%27300%27%20fill-opacity%3D%220%22%2F%3E%3C%2Fsvg%3E\" data-srcset=\"https:\/\/paulinenaue.info\/wp-content\/uploads\/2017\/06\/20051029_ribbeck_birnbaum-225x300.jpg 225w, https:\/\/paulinenaue.info\/wp-content\/uploads\/2017\/06\/20051029_ribbeck_birnbaum.jpg 263w\" data-sizes=\"auto\" data-orig-sizes=\"(max-width: 225px) 100vw, 225px\" \/><\/a><p id=\"caption-attachment-1174\" class=\"wp-caption-text\">Der legend\u00e4re Birnbaum musste nachgepflanzt werden. In der Kirche aber kann man noch einen Teil des urspr\u00fcnglichen Baumes sehen.<\/p><\/div>\n<div id=\"attachment_1175\" style=\"width: 310px\" class=\"wp-caption alignnone\"><a href=\"http:\/\/paulinenaue.info\/wp-content\/uploads\/2017\/06\/20051029_ribbeck_schloss.jpg\"><img decoding=\"async\" aria-describedby=\"caption-attachment-1175\" data-attachment-id=\"1175\" data-permalink=\"https:\/\/paulinenaue.info\/index.php\/paulinenaues-nachbarn\/20051029_ribbeck_schloss\/\" data-orig-file=\"https:\/\/paulinenaue.info\/wp-content\/uploads\/2017\/06\/20051029_ribbeck_schloss.jpg\" data-orig-size=\"350,261\" data-comments-opened=\"1\" data-image-meta=\"{&quot;aperture&quot;:&quot;9&quot;,&quot;credit&quot;:&quot;&quot;,&quot;camera&quot;:&quot;DSC-P72&quot;,&quot;caption&quot;:&quot;&quot;,&quot;created_timestamp&quot;:&quot;1130589875&quot;,&quot;copyright&quot;:&quot;&quot;,&quot;focal_length&quot;:&quot;15.4&quot;,&quot;iso&quot;:&quot;100&quot;,&quot;shutter_speed&quot;:&quot;0.00625&quot;,&quot;title&quot;:&quot;&quot;,&quot;orientation&quot;:&quot;1&quot;}\" data-image-title=\"20051029_ribbeck_schloss\" data-image-description=\"\" data-image-caption=\"\" data-large-file=\"https:\/\/paulinenaue.info\/wp-content\/uploads\/2017\/06\/20051029_ribbeck_schloss.jpg\" class=\"lazyload wp-image-1175 size-medium\" src=\"http:\/\/paulinenaue.info\/wp-content\/uploads\/2017\/06\/20051029_ribbeck_schloss-300x224.jpg\" data-orig-src=\"http:\/\/paulinenaue.info\/wp-content\/uploads\/2017\/06\/20051029_ribbeck_schloss-300x224.jpg\" alt=\"Der alte Herr von Ribbeck auf Ribbeck im Havelland lebte nicht in diesem Schlossbau. Dieses neuere Schloss aus dem Jahre 1893 war in der DDR-Zeiten in ein Altersheim umgebaut worden. Das Schloss wird in naher Zukunft durch den Landkreis Havelland saniert werden. \" width=\"300\" height=\"224\" srcset=\"data:image\/svg+xml,%3Csvg%20xmlns%3D%27http%3A%2F%2Fwww.w3.org%2F2000%2Fsvg%27%20width%3D%27300%27%20height%3D%27224%27%20viewBox%3D%270%200%20300%20224%27%3E%3Crect%20width%3D%27300%27%20height%3D%27224%27%20fill-opacity%3D%220%22%2F%3E%3C%2Fsvg%3E\" data-srcset=\"https:\/\/paulinenaue.info\/wp-content\/uploads\/2017\/06\/20051029_ribbeck_schloss-300x224.jpg 300w, https:\/\/paulinenaue.info\/wp-content\/uploads\/2017\/06\/20051029_ribbeck_schloss.jpg 350w\" data-sizes=\"auto\" data-orig-sizes=\"(max-width: 300px) 100vw, 300px\" \/><\/a><p id=\"caption-attachment-1175\" class=\"wp-caption-text\">Der alte Herr von Ribbeck auf Ribbeck im Havelland lebte nicht in diesem Schlossbau. Dieses neuere Schloss aus dem Jahre 1893 war in der DDR-Zeiten in ein Altersheim umgebaut worden. Das Schloss wird in naher Zukunft durch den Landkreis Havelland saniert werden.<\/p><\/div>\n<h2><\/h2>\n<h3>Br\u00e4dikow<\/h3>\n<p>Bei Br\u00e4dikow grenzt das Havell\u00e4ndische Luch an das h\u00f6her gelegene L\u00e4ndchen Friesack, so dass man noch im Dorf einen regelrechten Berg besteigen kann. Ansonsten gibt es in dem typischen Stra\u00dfendorf nicht viel zu sehen.<\/p>\n<div id=\"attachment_1176\" style=\"width: 310px\" class=\"wp-caption alignnone\"><a href=\"http:\/\/paulinenaue.info\/wp-content\/uploads\/2017\/06\/20051029_braedikow_01.jpg\"><img decoding=\"async\" aria-describedby=\"caption-attachment-1176\" data-attachment-id=\"1176\" data-permalink=\"https:\/\/paulinenaue.info\/index.php\/paulinenaues-nachbarn\/20051029_braedikow_01\/\" data-orig-file=\"https:\/\/paulinenaue.info\/wp-content\/uploads\/2017\/06\/20051029_braedikow_01.jpg\" data-orig-size=\"350,266\" data-comments-opened=\"1\" data-image-meta=\"{&quot;aperture&quot;:&quot;5.6&quot;,&quot;credit&quot;:&quot;&quot;,&quot;camera&quot;:&quot;DSC-P72&quot;,&quot;caption&quot;:&quot;&quot;,&quot;created_timestamp&quot;:&quot;1130582066&quot;,&quot;copyright&quot;:&quot;&quot;,&quot;focal_length&quot;:&quot;6&quot;,&quot;iso&quot;:&quot;100&quot;,&quot;shutter_speed&quot;:&quot;0.002&quot;,&quot;title&quot;:&quot;&quot;,&quot;orientation&quot;:&quot;1&quot;}\" data-image-title=\"20051029_braedikow_01\" data-image-description=\"\" data-image-caption=\"\" data-large-file=\"https:\/\/paulinenaue.info\/wp-content\/uploads\/2017\/06\/20051029_braedikow_01.jpg\" class=\"lazyload wp-image-1176 size-medium\" src=\"http:\/\/paulinenaue.info\/wp-content\/uploads\/2017\/06\/20051029_braedikow_01-300x228.jpg\" data-orig-src=\"http:\/\/paulinenaue.info\/wp-content\/uploads\/2017\/06\/20051029_braedikow_01-300x228.jpg\" alt=\"Die Halle der Br\u00e4dikower Kirche wurde Mitte der 70er Jahre abgerissen. Der noch vorhandene Kirchturm ist j\u00fcnger als der Ursrungsbau und stammt aus dem 19. Jahrhundert.\" width=\"300\" height=\"228\" srcset=\"data:image\/svg+xml,%3Csvg%20xmlns%3D%27http%3A%2F%2Fwww.w3.org%2F2000%2Fsvg%27%20width%3D%27300%27%20height%3D%27228%27%20viewBox%3D%270%200%20300%20228%27%3E%3Crect%20width%3D%27300%27%20height%3D%27228%27%20fill-opacity%3D%220%22%2F%3E%3C%2Fsvg%3E\" data-srcset=\"https:\/\/paulinenaue.info\/wp-content\/uploads\/2017\/06\/20051029_braedikow_01-300x228.jpg 300w, https:\/\/paulinenaue.info\/wp-content\/uploads\/2017\/06\/20051029_braedikow_01.jpg 350w\" data-sizes=\"auto\" data-orig-sizes=\"(max-width: 300px) 100vw, 300px\" \/><\/a><p id=\"caption-attachment-1176\" class=\"wp-caption-text\">Die Halle der Br\u00e4dikower Kirche wurde Mitte der 70er Jahre abgerissen. Der noch vorhandene Kirchturm ist j\u00fcnger als der Ursrungsbau und stammt aus dem 19. Jahrhundert.<\/p><\/div>\n<div id=\"attachment_1177\" style=\"width: 251px\" class=\"wp-caption alignnone\"><a href=\"http:\/\/paulinenaue.info\/wp-content\/uploads\/2017\/06\/20051029_braedikow_wegweiser.jpg\"><img decoding=\"async\" aria-describedby=\"caption-attachment-1177\" data-attachment-id=\"1177\" data-permalink=\"https:\/\/paulinenaue.info\/index.php\/paulinenaues-nachbarn\/20051029_braedikow_wegweiser\/\" data-orig-file=\"https:\/\/paulinenaue.info\/wp-content\/uploads\/2017\/06\/20051029_braedikow_wegweiser.jpg\" data-orig-size=\"281,350\" data-comments-opened=\"1\" data-image-meta=\"{&quot;aperture&quot;:&quot;5.6&quot;,&quot;credit&quot;:&quot;&quot;,&quot;camera&quot;:&quot;DSC-P72&quot;,&quot;caption&quot;:&quot;&quot;,&quot;created_timestamp&quot;:&quot;1130585493&quot;,&quot;copyright&quot;:&quot;&quot;,&quot;focal_length&quot;:&quot;18&quot;,&quot;iso&quot;:&quot;100&quot;,&quot;shutter_speed&quot;:&quot;0.008&quot;,&quot;title&quot;:&quot;&quot;,&quot;orientation&quot;:&quot;1&quot;}\" data-image-title=\"20051029_braedikow_wegweiser\" data-image-description=\"\" data-image-caption=\"\" data-large-file=\"https:\/\/paulinenaue.info\/wp-content\/uploads\/2017\/06\/20051029_braedikow_wegweiser.jpg\" class=\"lazyload wp-image-1177 size-medium\" src=\"http:\/\/paulinenaue.info\/wp-content\/uploads\/2017\/06\/20051029_braedikow_wegweiser-241x300.jpg\" data-orig-src=\"http:\/\/paulinenaue.info\/wp-content\/uploads\/2017\/06\/20051029_braedikow_wegweiser-241x300.jpg\" alt=\"Der einzige nach Paulinenaue zeigende Wegstein der Welt steht in Br\u00e4dikow. F\u00fcnf Kilometer betr\u00e4gt die Entfernung zwischen den beiden Orten. \" width=\"241\" height=\"300\" srcset=\"data:image\/svg+xml,%3Csvg%20xmlns%3D%27http%3A%2F%2Fwww.w3.org%2F2000%2Fsvg%27%20width%3D%27241%27%20height%3D%27300%27%20viewBox%3D%270%200%20241%20300%27%3E%3Crect%20width%3D%27241%27%20height%3D%27300%27%20fill-opacity%3D%220%22%2F%3E%3C%2Fsvg%3E\" data-srcset=\"https:\/\/paulinenaue.info\/wp-content\/uploads\/2017\/06\/20051029_braedikow_wegweiser-241x300.jpg 241w, https:\/\/paulinenaue.info\/wp-content\/uploads\/2017\/06\/20051029_braedikow_wegweiser.jpg 281w\" data-sizes=\"auto\" data-orig-sizes=\"(max-width: 241px) 100vw, 241px\" \/><\/a><p id=\"caption-attachment-1177\" class=\"wp-caption-text\">Der einzige nach Paulinenaue zeigende Wegstein der Welt steht in Br\u00e4dikow. F\u00fcnf Kilometer betr\u00e4gt die Entfernung zwischen den beiden Orten.<\/p><\/div>\n<h2><\/h2>\n<h3>Selbelang<\/h3>\n<p>In grauer Vorzeit geh\u00f6rte das Gebiet von Paulinenaue zu Selbelang, heute ist es umgekehrt. Der Name Selbelang bedeutet \u00fcbrigens &#8222;Schildkr\u00f6tensumpf&#8220;, denn es gab Sumpfschildkr\u00f6ten in der Gegend. Selbelang besitzt eine mittelalterliche Kirche, ein Schloss und Reste eines Gutsparkes. Das ansich reizvolle Ensemble ist jedoch durch kulturlose Bauten aus DDR-Zeiten heute einigerma\u00dfen entstellt.<\/p>\n<div id=\"attachment_1178\" style=\"width: 310px\" class=\"wp-caption alignnone\"><a href=\"http:\/\/paulinenaue.info\/wp-content\/uploads\/2017\/06\/20051029_selbelang_01.jpg\"><img decoding=\"async\" aria-describedby=\"caption-attachment-1178\" data-attachment-id=\"1178\" data-permalink=\"https:\/\/paulinenaue.info\/index.php\/paulinenaues-nachbarn\/20051029_selbelang_01\/\" data-orig-file=\"https:\/\/paulinenaue.info\/wp-content\/uploads\/2017\/06\/20051029_selbelang_01.jpg\" data-orig-size=\"350,246\" data-comments-opened=\"1\" data-image-meta=\"{&quot;aperture&quot;:&quot;5.6&quot;,&quot;credit&quot;:&quot;&quot;,&quot;camera&quot;:&quot;DSC-P72&quot;,&quot;caption&quot;:&quot;&quot;,&quot;created_timestamp&quot;:&quot;1130585927&quot;,&quot;copyright&quot;:&quot;&quot;,&quot;focal_length&quot;:&quot;6&quot;,&quot;iso&quot;:&quot;100&quot;,&quot;shutter_speed&quot;:&quot;0.0025&quot;,&quot;title&quot;:&quot;&quot;,&quot;orientation&quot;:&quot;1&quot;}\" data-image-title=\"20051029_selbelang_01\" data-image-description=\"\" data-image-caption=\"\" data-large-file=\"https:\/\/paulinenaue.info\/wp-content\/uploads\/2017\/06\/20051029_selbelang_01.jpg\" class=\"lazyload wp-image-1178 size-medium\" src=\"http:\/\/paulinenaue.info\/wp-content\/uploads\/2017\/06\/20051029_selbelang_01-300x211.jpg\" data-orig-src=\"http:\/\/paulinenaue.info\/wp-content\/uploads\/2017\/06\/20051029_selbelang_01-300x211.jpg\" alt=\"Selbelang besitzt ein cremefarbenes Herrenhaus, das 132 Jahre alt ist. \" width=\"300\" height=\"211\" srcset=\"data:image\/svg+xml,%3Csvg%20xmlns%3D%27http%3A%2F%2Fwww.w3.org%2F2000%2Fsvg%27%20width%3D%27300%27%20height%3D%27211%27%20viewBox%3D%270%200%20300%20211%27%3E%3Crect%20width%3D%27300%27%20height%3D%27211%27%20fill-opacity%3D%220%22%2F%3E%3C%2Fsvg%3E\" data-srcset=\"https:\/\/paulinenaue.info\/wp-content\/uploads\/2017\/06\/20051029_selbelang_01-300x211.jpg 300w, https:\/\/paulinenaue.info\/wp-content\/uploads\/2017\/06\/20051029_selbelang_01.jpg 350w\" data-sizes=\"auto\" data-orig-sizes=\"(max-width: 300px) 100vw, 300px\" \/><\/a><p id=\"caption-attachment-1178\" class=\"wp-caption-text\">Selbelang besitzt ein cremefarbenes Herrenhaus, das 132 Jahre alt ist.<\/p><\/div>\n<div id=\"attachment_1179\" style=\"width: 220px\" class=\"wp-caption alignnone\"><a href=\"http:\/\/paulinenaue.info\/wp-content\/uploads\/2017\/06\/20051029_selbelang_02.jpg\"><img decoding=\"async\" aria-describedby=\"caption-attachment-1179\" data-attachment-id=\"1179\" data-permalink=\"https:\/\/paulinenaue.info\/index.php\/paulinenaues-nachbarn\/20051029_selbelang_02\/\" data-orig-file=\"https:\/\/paulinenaue.info\/wp-content\/uploads\/2017\/06\/20051029_selbelang_02.jpg\" data-orig-size=\"245,350\" data-comments-opened=\"1\" data-image-meta=\"{&quot;aperture&quot;:&quot;5.6&quot;,&quot;credit&quot;:&quot;&quot;,&quot;camera&quot;:&quot;DSC-P72&quot;,&quot;caption&quot;:&quot;&quot;,&quot;created_timestamp&quot;:&quot;1130586151&quot;,&quot;copyright&quot;:&quot;&quot;,&quot;focal_length&quot;:&quot;6&quot;,&quot;iso&quot;:&quot;100&quot;,&quot;shutter_speed&quot;:&quot;0.0015625&quot;,&quot;title&quot;:&quot;&quot;,&quot;orientation&quot;:&quot;1&quot;}\" data-image-title=\"20051029_selbelang_02\" data-image-description=\"\" data-image-caption=\"\" data-large-file=\"https:\/\/paulinenaue.info\/wp-content\/uploads\/2017\/06\/20051029_selbelang_02.jpg\" class=\"lazyload wp-image-1179 size-medium\" src=\"http:\/\/paulinenaue.info\/wp-content\/uploads\/2017\/06\/20051029_selbelang_02-210x300.jpg\" data-orig-src=\"http:\/\/paulinenaue.info\/wp-content\/uploads\/2017\/06\/20051029_selbelang_02-210x300.jpg\" alt=\"Das DDR-Konsumgeb\u00e4ude und die mittelalterliche Selbelanger Kirche trennen nur wenige Zentimeter. Direkt gegen\u00fcber stehen im Gutspark diese futuristischen Silos. \" width=\"210\" height=\"300\" srcset=\"data:image\/svg+xml,%3Csvg%20xmlns%3D%27http%3A%2F%2Fwww.w3.org%2F2000%2Fsvg%27%20width%3D%27210%27%20height%3D%27300%27%20viewBox%3D%270%200%20210%20300%27%3E%3Crect%20width%3D%27210%27%20height%3D%27300%27%20fill-opacity%3D%220%22%2F%3E%3C%2Fsvg%3E\" data-srcset=\"https:\/\/paulinenaue.info\/wp-content\/uploads\/2017\/06\/20051029_selbelang_02-210x300.jpg 210w, https:\/\/paulinenaue.info\/wp-content\/uploads\/2017\/06\/20051029_selbelang_02.jpg 245w\" data-sizes=\"auto\" data-orig-sizes=\"(max-width: 210px) 100vw, 210px\" \/><\/a><p id=\"caption-attachment-1179\" class=\"wp-caption-text\">Das DDR-Konsumgeb\u00e4ude und die mittelalterliche Selbelanger Kirche trennen nur wenige Zentimeter. Direkt gegen\u00fcber stehen im Gutspark diese futuristischen Silos.<\/p><\/div>\n<p>&nbsp;<\/p>\n<h3>Berge<\/h3>\n<p>Berge ist eine der \u00e4ltesten Siedlungen des Havellands und kann auf die lange herrschaftliche Familiengeschichte derer von Hake zur\u00fcckblicken, von der sich in der sch\u00f6nen Kirche noch etliche Spuren erhalten haben. An den ehemaligen Gutsanlagen sind auch in Berge nach dem Krieg durch Abriss und unsensibles Bauen Verunstaltungen zu bemerken. So ist der Gutspark nur noch in k\u00fcmmerlichen Resten erkennbar.<\/p>\n<div id=\"attachment_1181\" style=\"width: 235px\" class=\"wp-caption alignnone\"><a href=\"http:\/\/paulinenaue.info\/wp-content\/uploads\/2017\/06\/20051029_berge_01.jpg\"><img decoding=\"async\" aria-describedby=\"caption-attachment-1181\" data-attachment-id=\"1181\" data-permalink=\"https:\/\/paulinenaue.info\/index.php\/paulinenaues-nachbarn\/20051029_berge_01\/\" data-orig-file=\"https:\/\/paulinenaue.info\/wp-content\/uploads\/2017\/06\/20051029_berge_01.jpg\" data-orig-size=\"263,350\" data-comments-opened=\"1\" data-image-meta=\"{&quot;aperture&quot;:&quot;5.6&quot;,&quot;credit&quot;:&quot;&quot;,&quot;camera&quot;:&quot;DSC-P72&quot;,&quot;caption&quot;:&quot;&quot;,&quot;created_timestamp&quot;:&quot;1130593394&quot;,&quot;copyright&quot;:&quot;&quot;,&quot;focal_length&quot;:&quot;6&quot;,&quot;iso&quot;:&quot;100&quot;,&quot;shutter_speed&quot;:&quot;0.004&quot;,&quot;title&quot;:&quot;&quot;,&quot;orientation&quot;:&quot;1&quot;}\" data-image-title=\"20051029_berge_01\" data-image-description=\"\" data-image-caption=\"\" data-large-file=\"https:\/\/paulinenaue.info\/wp-content\/uploads\/2017\/06\/20051029_berge_01.jpg\" class=\"lazyload wp-image-1181 size-medium\" src=\"http:\/\/paulinenaue.info\/wp-content\/uploads\/2017\/06\/20051029_berge_01-225x300.jpg\" data-orig-src=\"http:\/\/paulinenaue.info\/wp-content\/uploads\/2017\/06\/20051029_berge_01-225x300.jpg\" alt=\"In der Gruft unter dem Turm der 1744 errichteten Kirche zu Berge liegen zwei \u00fcber 400 Jahre alte Mumien.\" width=\"225\" height=\"300\" srcset=\"data:image\/svg+xml,%3Csvg%20xmlns%3D%27http%3A%2F%2Fwww.w3.org%2F2000%2Fsvg%27%20width%3D%27225%27%20height%3D%27300%27%20viewBox%3D%270%200%20225%20300%27%3E%3Crect%20width%3D%27225%27%20height%3D%27300%27%20fill-opacity%3D%220%22%2F%3E%3C%2Fsvg%3E\" data-srcset=\"https:\/\/paulinenaue.info\/wp-content\/uploads\/2017\/06\/20051029_berge_01-225x300.jpg 225w, https:\/\/paulinenaue.info\/wp-content\/uploads\/2017\/06\/20051029_berge_01.jpg 263w\" data-sizes=\"auto\" data-orig-sizes=\"(max-width: 225px) 100vw, 225px\" \/><\/a><p id=\"caption-attachment-1181\" class=\"wp-caption-text\">In der Gruft unter dem Turm der 1744 errichteten Kirche zu Berge liegen zwei \u00fcber 400 Jahre alte Mumien.<\/p><\/div>\n<div id=\"attachment_1180\" style=\"width: 310px\" class=\"wp-caption alignnone\"><a href=\"http:\/\/paulinenaue.info\/wp-content\/uploads\/2017\/06\/20051029_berge_02.jpg\"><img decoding=\"async\" aria-describedby=\"caption-attachment-1180\" data-attachment-id=\"1180\" data-permalink=\"https:\/\/paulinenaue.info\/index.php\/paulinenaues-nachbarn\/20051029_berge_02\/\" data-orig-file=\"https:\/\/paulinenaue.info\/wp-content\/uploads\/2017\/06\/20051029_berge_02.jpg\" data-orig-size=\"350,263\" data-comments-opened=\"1\" data-image-meta=\"{&quot;aperture&quot;:&quot;5.6&quot;,&quot;credit&quot;:&quot;&quot;,&quot;camera&quot;:&quot;DSC-P72&quot;,&quot;caption&quot;:&quot;&quot;,&quot;created_timestamp&quot;:&quot;1130593503&quot;,&quot;copyright&quot;:&quot;&quot;,&quot;focal_length&quot;:&quot;6&quot;,&quot;iso&quot;:&quot;100&quot;,&quot;shutter_speed&quot;:&quot;0.003125&quot;,&quot;title&quot;:&quot;&quot;,&quot;orientation&quot;:&quot;1&quot;}\" data-image-title=\"20051029_berge_02\" data-image-description=\"\" data-image-caption=\"\" data-large-file=\"https:\/\/paulinenaue.info\/wp-content\/uploads\/2017\/06\/20051029_berge_02.jpg\" class=\"lazyload wp-image-1180 size-medium\" src=\"http:\/\/paulinenaue.info\/wp-content\/uploads\/2017\/06\/20051029_berge_02-300x225.jpg\" data-orig-src=\"http:\/\/paulinenaue.info\/wp-content\/uploads\/2017\/06\/20051029_berge_02-300x225.jpg\" alt=\"Der motorisierte Paulinenauer durchquert Berge auf dem Weg nach Nauen.\" width=\"300\" height=\"225\" srcset=\"data:image\/svg+xml,%3Csvg%20xmlns%3D%27http%3A%2F%2Fwww.w3.org%2F2000%2Fsvg%27%20width%3D%27300%27%20height%3D%27225%27%20viewBox%3D%270%200%20300%20225%27%3E%3Crect%20width%3D%27300%27%20height%3D%27225%27%20fill-opacity%3D%220%22%2F%3E%3C%2Fsvg%3E\" data-srcset=\"https:\/\/paulinenaue.info\/wp-content\/uploads\/2017\/06\/20051029_berge_02-300x225.jpg 300w, https:\/\/paulinenaue.info\/wp-content\/uploads\/2017\/06\/20051029_berge_02.jpg 350w\" data-sizes=\"auto\" data-orig-sizes=\"(max-width: 300px) 100vw, 300px\" \/><\/a><p id=\"caption-attachment-1180\" class=\"wp-caption-text\">Der motorisierte Paulinenauer durchquert Berge auf dem Weg nach Nauen.<\/p><\/div>\n<p>&nbsp;<\/p>\n","protected":false},"excerpt":{"rendered":"<p>29.11.2005 Nach der Novemberumfrage im Fotoforum k\u00f6nnte man vermuten, dass [&hellip;]<\/p>\n","protected":false},"author":3,"featured_media":1177,"comment_status":"open","ping_status":"open","sticky":false,"template":"","format":"standard","meta":{"_acf_changed":false,"_price":"","_stock":"","_tribe_ticket_header":"","_tribe_default_ticket_provider":"","_tribe_ticket_capacity":"0","_ticket_start_date":"","_ticket_end_date":"","_tribe_ticket_show_description":"","_tribe_ticket_show_not_going":false,"_tribe_ticket_use_global_stock":"","_tribe_ticket_global_stock_level":"","_global_stock_mode":"","_global_stock_cap":"","_tribe_rsvp_for_event":"","_tribe_ticket_going_count":"","_tribe_ticket_not_going_count":"","_tribe_tickets_list":"[]","_tribe_ticket_has_attendee_info_fields":false,"jetpack_post_was_ever_published":false,"_jetpack_newsletter_access":"","_jetpack_dont_email_post_to_subs":false,"_jetpack_newsletter_tier_id":0,"_jetpack_memberships_contains_paywalled_content":false,"_jetpack_memberships_contains_paid_content":false,"footnotes":"","jetpack_publicize_message":"","jetpack_publicize_feature_enabled":true,"jetpack_social_post_already_shared":true,"jetpack_social_options":{"image_generator_settings":{"template":"highway","default_image_id":0,"font":"","enabled":false},"version":2}},"categories":[1,7],"tags":[154,152,148,150,151,153,149],"class_list":["post-1166","post","type-post","status-publish","format-standard","has-post-thumbnail","hentry","category-allgemein","category-historie","tag-berge","tag-braedikow","tag-nachbarorte","tag-pessin","tag-ribbeck","tag-selbelang","tag-wagenitz"],"acf":[],"yoast_head":"<!-- This site is optimized with the Yoast SEO plugin v27.5 - https:\/\/yoast.com\/product\/yoast-seo-wordpress\/ -->\n<title>Paulinenaues Nachbarn - Paulinenaue<\/title>\n<meta name=\"robots\" content=\"index, follow, max-snippet:-1, max-image-preview:large, max-video-preview:-1\" \/>\n<link rel=\"canonical\" href=\"https:\/\/paulinenaue.info\/index.php\/paulinenaues-nachbarn\/\" \/>\n<meta property=\"og:locale\" content=\"de_DE\" \/>\n<meta property=\"og:type\" content=\"article\" \/>\n<meta property=\"og:title\" content=\"Paulinenaues Nachbarn - Paulinenaue\" \/>\n<meta property=\"og:description\" content=\"29.11.2005 Nach der Novemberumfrage im Fotoforum k\u00f6nnte man vermuten, dass [&hellip;]\" \/>\n<meta property=\"og:url\" content=\"https:\/\/paulinenaue.info\/index.php\/paulinenaues-nachbarn\/\" \/>\n<meta property=\"og:site_name\" content=\"Paulinenaue\" \/>\n<meta property=\"article:published_time\" content=\"2017-06-21T18:44:53+00:00\" \/>\n<meta property=\"article:modified_time\" content=\"2017-06-21T18:47:09+00:00\" \/>\n<meta property=\"og:image\" content=\"https:\/\/i1.wp.com\/paulinenaue.info\/wp-content\/uploads\/2017\/06\/20051029_braedikow_wegweiser.jpg?fit=281%2C350&ssl=1\" \/>\n\t<meta property=\"og:image:width\" content=\"281\" \/>\n\t<meta property=\"og:image:height\" content=\"350\" \/>\n\t<meta property=\"og:image:type\" content=\"image\/jpeg\" \/>\n<meta name=\"author\" content=\"Sarah\" \/>\n<meta name=\"twitter:card\" content=\"summary_large_image\" \/>\n<meta name=\"twitter:label1\" content=\"Verfasst von\" \/>\n\t<meta name=\"twitter:data1\" content=\"Sarah\" \/>\n\t<meta name=\"twitter:label2\" content=\"Gesch\u00e4tzte Lesezeit\" \/>\n\t<meta name=\"twitter:data2\" content=\"4\u00a0Minuten\" \/>\n<script type=\"application\/ld+json\" class=\"yoast-schema-graph\">{\"@context\":\"https:\\\/\\\/schema.org\",\"@graph\":[{\"@type\":\"Article\",\"@id\":\"https:\\\/\\\/paulinenaue.info\\\/index.php\\\/paulinenaues-nachbarn\\\/#article\",\"isPartOf\":{\"@id\":\"https:\\\/\\\/paulinenaue.info\\\/index.php\\\/paulinenaues-nachbarn\\\/\"},\"author\":{\"name\":\"Sarah\",\"@id\":\"https:\\\/\\\/paulinenaue.info\\\/#\\\/schema\\\/person\\\/e5be566a57b5b3f65d2c65a58c42325e\"},\"headline\":\"Paulinenaues Nachbarn\",\"datePublished\":\"2017-06-21T18:44:53+00:00\",\"dateModified\":\"2017-06-21T18:47:09+00:00\",\"mainEntityOfPage\":{\"@id\":\"https:\\\/\\\/paulinenaue.info\\\/index.php\\\/paulinenaues-nachbarn\\\/\"},\"wordCount\":832,\"commentCount\":0,\"image\":{\"@id\":\"https:\\\/\\\/paulinenaue.info\\\/index.php\\\/paulinenaues-nachbarn\\\/#primaryimage\"},\"thumbnailUrl\":\"https:\\\/\\\/paulinenaue.info\\\/wp-content\\\/uploads\\\/2017\\\/06\\\/20051029_braedikow_wegweiser.jpg\",\"keywords\":[\"Berge\",\"Br\u00e4dikow\",\"Nachbarorte\",\"Pessin\",\"Ribbeck\",\"Selbelang\",\"Wagenitz\"],\"articleSection\":{\"1\":\"Historie\"},\"inLanguage\":\"de\",\"potentialAction\":[{\"@type\":\"CommentAction\",\"name\":\"Comment\",\"target\":[\"https:\\\/\\\/paulinenaue.info\\\/index.php\\\/paulinenaues-nachbarn\\\/#respond\"]}]},{\"@type\":\"WebPage\",\"@id\":\"https:\\\/\\\/paulinenaue.info\\\/index.php\\\/paulinenaues-nachbarn\\\/\",\"url\":\"https:\\\/\\\/paulinenaue.info\\\/index.php\\\/paulinenaues-nachbarn\\\/\",\"name\":\"Paulinenaues Nachbarn - Paulinenaue\",\"isPartOf\":{\"@id\":\"https:\\\/\\\/paulinenaue.info\\\/#website\"},\"primaryImageOfPage\":{\"@id\":\"https:\\\/\\\/paulinenaue.info\\\/index.php\\\/paulinenaues-nachbarn\\\/#primaryimage\"},\"image\":{\"@id\":\"https:\\\/\\\/paulinenaue.info\\\/index.php\\\/paulinenaues-nachbarn\\\/#primaryimage\"},\"thumbnailUrl\":\"https:\\\/\\\/paulinenaue.info\\\/wp-content\\\/uploads\\\/2017\\\/06\\\/20051029_braedikow_wegweiser.jpg\",\"datePublished\":\"2017-06-21T18:44:53+00:00\",\"dateModified\":\"2017-06-21T18:47:09+00:00\",\"author\":{\"@id\":\"https:\\\/\\\/paulinenaue.info\\\/#\\\/schema\\\/person\\\/e5be566a57b5b3f65d2c65a58c42325e\"},\"breadcrumb\":{\"@id\":\"https:\\\/\\\/paulinenaue.info\\\/index.php\\\/paulinenaues-nachbarn\\\/#breadcrumb\"},\"inLanguage\":\"de\",\"potentialAction\":[{\"@type\":\"ReadAction\",\"target\":[\"https:\\\/\\\/paulinenaue.info\\\/index.php\\\/paulinenaues-nachbarn\\\/\"]}]},{\"@type\":\"ImageObject\",\"inLanguage\":\"de\",\"@id\":\"https:\\\/\\\/paulinenaue.info\\\/index.php\\\/paulinenaues-nachbarn\\\/#primaryimage\",\"url\":\"https:\\\/\\\/paulinenaue.info\\\/wp-content\\\/uploads\\\/2017\\\/06\\\/20051029_braedikow_wegweiser.jpg\",\"contentUrl\":\"https:\\\/\\\/paulinenaue.info\\\/wp-content\\\/uploads\\\/2017\\\/06\\\/20051029_braedikow_wegweiser.jpg\",\"width\":\"281\",\"height\":\"350\"},{\"@type\":\"BreadcrumbList\",\"@id\":\"https:\\\/\\\/paulinenaue.info\\\/index.php\\\/paulinenaues-nachbarn\\\/#breadcrumb\",\"itemListElement\":[{\"@type\":\"ListItem\",\"position\":1,\"name\":\"Home\",\"item\":\"https:\\\/\\\/paulinenaue.info\\\/\"},{\"@type\":\"ListItem\",\"position\":2,\"name\":\"Paulinenaues Nachbarn\"}]},{\"@type\":\"WebSite\",\"@id\":\"https:\\\/\\\/paulinenaue.info\\\/#website\",\"url\":\"https:\\\/\\\/paulinenaue.info\\\/\",\"name\":\"Paulinenaue\",\"description\":\"Ein Dorf im Havelland\",\"potentialAction\":[{\"@type\":\"SearchAction\",\"target\":{\"@type\":\"EntryPoint\",\"urlTemplate\":\"https:\\\/\\\/paulinenaue.info\\\/?s={search_term_string}\"},\"query-input\":{\"@type\":\"PropertyValueSpecification\",\"valueRequired\":true,\"valueName\":\"search_term_string\"}}],\"inLanguage\":\"de\"},{\"@type\":\"Person\",\"@id\":\"https:\\\/\\\/paulinenaue.info\\\/#\\\/schema\\\/person\\\/e5be566a57b5b3f65d2c65a58c42325e\",\"name\":\"Sarah\",\"url\":\"https:\\\/\\\/paulinenaue.info\\\/index.php\\\/author\\\/sarah\\\/\"}]}<\/script>\n<!-- \/ Yoast SEO plugin. -->","yoast_head_json":{"title":"Paulinenaues Nachbarn - Paulinenaue","robots":{"index":"index","follow":"follow","max-snippet":"max-snippet:-1","max-image-preview":"max-image-preview:large","max-video-preview":"max-video-preview:-1"},"canonical":"https:\/\/paulinenaue.info\/index.php\/paulinenaues-nachbarn\/","og_locale":"de_DE","og_type":"article","og_title":"Paulinenaues Nachbarn - Paulinenaue","og_description":"29.11.2005 Nach der Novemberumfrage im Fotoforum k\u00f6nnte man vermuten, dass [&hellip;]","og_url":"https:\/\/paulinenaue.info\/index.php\/paulinenaues-nachbarn\/","og_site_name":"Paulinenaue","article_published_time":"2017-06-21T18:44:53+00:00","article_modified_time":"2017-06-21T18:47:09+00:00","og_image":[{"width":281,"height":350,"url":"https:\/\/i1.wp.com\/paulinenaue.info\/wp-content\/uploads\/2017\/06\/20051029_braedikow_wegweiser.jpg?fit=281%2C350&ssl=1","type":"image\/jpeg"}],"author":"Sarah","twitter_card":"summary_large_image","twitter_misc":{"Verfasst von":"Sarah","Gesch\u00e4tzte Lesezeit":"4\u00a0Minuten"},"schema":{"@context":"https:\/\/schema.org","@graph":[{"@type":"Article","@id":"https:\/\/paulinenaue.info\/index.php\/paulinenaues-nachbarn\/#article","isPartOf":{"@id":"https:\/\/paulinenaue.info\/index.php\/paulinenaues-nachbarn\/"},"author":{"name":"Sarah","@id":"https:\/\/paulinenaue.info\/#\/schema\/person\/e5be566a57b5b3f65d2c65a58c42325e"},"headline":"Paulinenaues Nachbarn","datePublished":"2017-06-21T18:44:53+00:00","dateModified":"2017-06-21T18:47:09+00:00","mainEntityOfPage":{"@id":"https:\/\/paulinenaue.info\/index.php\/paulinenaues-nachbarn\/"},"wordCount":832,"commentCount":0,"image":{"@id":"https:\/\/paulinenaue.info\/index.php\/paulinenaues-nachbarn\/#primaryimage"},"thumbnailUrl":"https:\/\/paulinenaue.info\/wp-content\/uploads\/2017\/06\/20051029_braedikow_wegweiser.jpg","keywords":["Berge","Br\u00e4dikow","Nachbarorte","Pessin","Ribbeck","Selbelang","Wagenitz"],"articleSection":{"1":"Historie"},"inLanguage":"de","potentialAction":[{"@type":"CommentAction","name":"Comment","target":["https:\/\/paulinenaue.info\/index.php\/paulinenaues-nachbarn\/#respond"]}]},{"@type":"WebPage","@id":"https:\/\/paulinenaue.info\/index.php\/paulinenaues-nachbarn\/","url":"https:\/\/paulinenaue.info\/index.php\/paulinenaues-nachbarn\/","name":"Paulinenaues Nachbarn - Paulinenaue","isPartOf":{"@id":"https:\/\/paulinenaue.info\/#website"},"primaryImageOfPage":{"@id":"https:\/\/paulinenaue.info\/index.php\/paulinenaues-nachbarn\/#primaryimage"},"image":{"@id":"https:\/\/paulinenaue.info\/index.php\/paulinenaues-nachbarn\/#primaryimage"},"thumbnailUrl":"https:\/\/paulinenaue.info\/wp-content\/uploads\/2017\/06\/20051029_braedikow_wegweiser.jpg","datePublished":"2017-06-21T18:44:53+00:00","dateModified":"2017-06-21T18:47:09+00:00","author":{"@id":"https:\/\/paulinenaue.info\/#\/schema\/person\/e5be566a57b5b3f65d2c65a58c42325e"},"breadcrumb":{"@id":"https:\/\/paulinenaue.info\/index.php\/paulinenaues-nachbarn\/#breadcrumb"},"inLanguage":"de","potentialAction":[{"@type":"ReadAction","target":["https:\/\/paulinenaue.info\/index.php\/paulinenaues-nachbarn\/"]}]},{"@type":"ImageObject","inLanguage":"de","@id":"https:\/\/paulinenaue.info\/index.php\/paulinenaues-nachbarn\/#primaryimage","url":"https:\/\/paulinenaue.info\/wp-content\/uploads\/2017\/06\/20051029_braedikow_wegweiser.jpg","contentUrl":"https:\/\/paulinenaue.info\/wp-content\/uploads\/2017\/06\/20051029_braedikow_wegweiser.jpg","width":"281","height":"350"},{"@type":"BreadcrumbList","@id":"https:\/\/paulinenaue.info\/index.php\/paulinenaues-nachbarn\/#breadcrumb","itemListElement":[{"@type":"ListItem","position":1,"name":"Home","item":"https:\/\/paulinenaue.info\/"},{"@type":"ListItem","position":2,"name":"Paulinenaues Nachbarn"}]},{"@type":"WebSite","@id":"https:\/\/paulinenaue.info\/#website","url":"https:\/\/paulinenaue.info\/","name":"Paulinenaue","description":"Ein Dorf im Havelland","potentialAction":[{"@type":"SearchAction","target":{"@type":"EntryPoint","urlTemplate":"https:\/\/paulinenaue.info\/?s={search_term_string}"},"query-input":{"@type":"PropertyValueSpecification","valueRequired":true,"valueName":"search_term_string"}}],"inLanguage":"de"},{"@type":"Person","@id":"https:\/\/paulinenaue.info\/#\/schema\/person\/e5be566a57b5b3f65d2c65a58c42325e","name":"Sarah","url":"https:\/\/paulinenaue.info\/index.php\/author\/sarah\/"}]}},"jetpack_publicize_connections":[],"jetpack_featured_media_url":"https:\/\/paulinenaue.info\/wp-content\/uploads\/2017\/06\/20051029_braedikow_wegweiser.jpg","jetpack_sharing_enabled":true,"jetpack_shortlink":"https:\/\/wp.me\/pcYhWA-iO","jetpack-related-posts":[{"id":1537,"url":"https:\/\/paulinenaue.info\/index.php\/nach-der-bundestagswahl-2017\/","url_meta":{"origin":1166,"position":0},"title":"Nach der Bundestagswahl 2017","author":"Joachim Scholz","date":"1. Oktober 2017","format":false,"excerpt":"Nach der Bundestagswahl 2017 kann man sagen, dass sich, wie auch bundesweit, in Paulinenaue die eingespielte Parteiensympathie-Verteilung drastisch verschoben hat. Gew\u00e4hlt wurde an diesem 24. September im Feuerwehrdepot. Schon bevor Wahlleiter Dieter Czerniak von dort gegen 19.25 Uhr das Ergebnis nach Friesack durchgab, war zwischen emsigem Zettelrascheln das Staunen greifbar:\u2026","rel":"","context":"In &quot;Allgemein&quot;","block_context":{"text":"Allgemein","link":"https:\/\/paulinenaue.info\/index.php\/category\/allgemein\/"},"img":{"alt_text":"Zweitstimmen Bundestagswahl 2017","src":"https:\/\/i0.wp.com\/paulinenaue.info\/wp-content\/uploads\/2017\/09\/Zweitstimmen-Bundestagswahl-2017.jpg?resize=350%2C200&ssl=1","width":350,"height":200,"srcset":"https:\/\/i0.wp.com\/paulinenaue.info\/wp-content\/uploads\/2017\/09\/Zweitstimmen-Bundestagswahl-2017.jpg?resize=350%2C200&ssl=1 1x, https:\/\/i0.wp.com\/paulinenaue.info\/wp-content\/uploads\/2017\/09\/Zweitstimmen-Bundestagswahl-2017.jpg?resize=525%2C300&ssl=1 1.5x, https:\/\/i0.wp.com\/paulinenaue.info\/wp-content\/uploads\/2017\/09\/Zweitstimmen-Bundestagswahl-2017.jpg?resize=700%2C400&ssl=1 2x"},"classes":[]},{"id":35376,"url":"https:\/\/paulinenaue.info\/index.php\/fleischer-schroeder-schliesst\/","url_meta":{"origin":1166,"position":1},"title":"Fleischer Schr\u00f6der schlie\u00dft","author":"Joachim Scholz","date":"2. Juli 2003","format":false,"excerpt":"Zu Besuch am letzten \u00d6ffnungstag Am Samstag, dem 28. Juni 2003, war die Fleischerei Herbert Schr\u00f6der (\u201eMulle\u201c) zum letzten Mal f\u00fcr ihre Kundschaft ge\u00f6ffnet. Nach 72 Jahren wird das traditionsreiche Familienunternehmen an den \u201eM\u00e4rkischen Hof\u201c Selbelang \u00fcbergeben, der wahrscheinlich schon im Juli den Fleischereibetrieb wieder aufnehmen wird. Der letzte \u00d6ffnungstag\u2026","rel":"","context":"In &quot;Dorfentwicklung&quot;","block_context":{"text":"Dorfentwicklung","link":"https:\/\/paulinenaue.info\/index.php\/category\/dorfentwicklung\/"},"img":{"alt_text":"","src":"https:\/\/i0.wp.com\/paulinenaue.info\/wp-content\/uploads\/2022\/02\/2003-06-28-Fleischerei-Schro%CC%88der-02.jpg?resize=350%2C200&ssl=1","width":350,"height":200,"srcset":"https:\/\/i0.wp.com\/paulinenaue.info\/wp-content\/uploads\/2022\/02\/2003-06-28-Fleischerei-Schro%CC%88der-02.jpg?resize=350%2C200&ssl=1 1x, https:\/\/i0.wp.com\/paulinenaue.info\/wp-content\/uploads\/2022\/02\/2003-06-28-Fleischerei-Schro%CC%88der-02.jpg?resize=525%2C300&ssl=1 1.5x, https:\/\/i0.wp.com\/paulinenaue.info\/wp-content\/uploads\/2022\/02\/2003-06-28-Fleischerei-Schro%CC%88der-02.jpg?resize=700%2C400&ssl=1 2x, https:\/\/i0.wp.com\/paulinenaue.info\/wp-content\/uploads\/2022\/02\/2003-06-28-Fleischerei-Schro%CC%88der-02.jpg?resize=1050%2C600&ssl=1 3x, https:\/\/i0.wp.com\/paulinenaue.info\/wp-content\/uploads\/2022\/02\/2003-06-28-Fleischerei-Schro%CC%88der-02.jpg?resize=1400%2C800&ssl=1 4x"},"classes":[]},{"id":881,"url":"https:\/\/paulinenaue.info\/index.php\/eine-kleine-sammlung-paulinenauer-souvenirs\/","url_meta":{"origin":1166,"position":2},"title":"Eine kleine Sammlung Paulinenauer Souvenirs","author":"Sarah","date":"10. Juni 2017","format":false,"excerpt":"28.05.2003","rel":"","context":"In &quot;Allgemein&quot;","block_context":{"text":"Allgemein","link":"https:\/\/paulinenaue.info\/index.php\/category\/allgemein\/"},"img":{"alt_text":"","src":"https:\/\/i0.wp.com\/paulinenaue.info\/wp-content\/uploads\/2017\/06\/20030507_kuhkrug.jpg?resize=350%2C200&ssl=1","width":350,"height":200},"classes":[]},{"id":6017,"url":"https:\/\/paulinenaue.info\/index.php\/die-bundestagswahl-in-paulinenaue-2021-im-ueberblick\/","url_meta":{"origin":1166,"position":3},"title":"Die Bundestagswahl in Paulinenaue 2021 im \u00dcberblick","author":"Joachim Scholz","date":"6. Oktober 2021","format":false,"excerpt":"Die Bundestagswahl 2021, die nun auch schon wieder einige Tage zur\u00fcckliegt, hat die politischen Gewichte in Deutschland verschoben. Verlusten bei der CDU, der Linken und \u2013 in kleinerem Ma\u00dfe \u2013\u00a0bei der AfD stehen Gewinne bei SPD, Gr\u00fcnen und der FDP gegen\u00fcber. Die SPD mag auf die politische B\u00fchne zur\u00fcckgekehrt sein,\u2026","rel":"","context":"In &quot;Allgemein&quot;","block_context":{"text":"Allgemein","link":"https:\/\/paulinenaue.info\/index.php\/category\/allgemein\/"},"img":{"alt_text":"","src":"https:\/\/i0.wp.com\/paulinenaue.info\/wp-content\/uploads\/2021\/10\/20210926_zum_wahlraum.jpg?resize=350%2C200&ssl=1","width":350,"height":200,"srcset":"https:\/\/i0.wp.com\/paulinenaue.info\/wp-content\/uploads\/2021\/10\/20210926_zum_wahlraum.jpg?resize=350%2C200&ssl=1 1x, https:\/\/i0.wp.com\/paulinenaue.info\/wp-content\/uploads\/2021\/10\/20210926_zum_wahlraum.jpg?resize=525%2C300&ssl=1 1.5x, https:\/\/i0.wp.com\/paulinenaue.info\/wp-content\/uploads\/2021\/10\/20210926_zum_wahlraum.jpg?resize=700%2C400&ssl=1 2x"},"classes":[]},{"id":1135,"url":"https:\/\/paulinenaue.info\/index.php\/mit-225-kmh-durchs-dorf\/","url_meta":{"origin":1166,"position":4},"title":"Mit 225 km\/h durchs Dorf","author":"Sarah","date":"21. Juni 2017","format":false,"excerpt":"20.06.2005 Joachim Scholz Ein ICE f\u00e4hrt durch Paulinenaue. Husch, da ist es auch schon wieder vorbei! Fast wie bei einer Sternschnuppe, nur dass man sich nichts w\u00fcnschen kann, denn es geschieht zu oft und zu unromantisch. Seltener kommt es vor, dass man selbst einmal mit dem ICE durch Paulinenaue f\u00e4hrt.\u2026","rel":"","context":"In &quot;Allgemein&quot;","block_context":{"text":"Allgemein","link":"https:\/\/paulinenaue.info\/index.php\/category\/allgemein\/"},"img":{"alt_text":"","src":"https:\/\/i0.wp.com\/paulinenaue.info\/wp-content\/uploads\/2017\/06\/2004_icedurchfahrt_dbbildarchiv.jpg?resize=350%2C200&ssl=1","width":350,"height":200},"classes":[]},{"id":1561,"url":"https:\/\/paulinenaue.info\/index.php\/kraniche-beobachten-entlang-dem-havellandradweg\/","url_meta":{"origin":1166,"position":5},"title":"Kraniche beobachten entlang dem Havellandradweg","author":"Joachim Scholz","date":"1. Oktober 2017","format":false,"excerpt":"01.10.2017. Den letzten sonnigen Nachmittag vor dem Wetterumschwung am Sonntag verbrachten auf Einladung des Kulturvereins knapp 40 Naturfreunde auf dem Fahrrad, um mit Anke Goersz vom Kranichschutz Osthavelland die rastenden Gro\u00dfv\u00f6gel auf ihren \u00c4sungsfl\u00e4chen zu besuchen. Anfangs schien die Fahrt einfach nur Freude am Radfahren durch die herbstliche Natur zu\u2026","rel":"","context":"In &quot;Allgemein&quot;","block_context":{"text":"Allgemein","link":"https:\/\/paulinenaue.info\/index.php\/category\/allgemein\/"},"img":{"alt_text":"","src":"https:\/\/i0.wp.com\/paulinenaue.info\/wp-content\/uploads\/2017\/10\/DSC07807.jpg?resize=350%2C200&ssl=1","width":350,"height":200,"srcset":"https:\/\/i0.wp.com\/paulinenaue.info\/wp-content\/uploads\/2017\/10\/DSC07807.jpg?resize=350%2C200&ssl=1 1x, https:\/\/i0.wp.com\/paulinenaue.info\/wp-content\/uploads\/2017\/10\/DSC07807.jpg?resize=525%2C300&ssl=1 1.5x, https:\/\/i0.wp.com\/paulinenaue.info\/wp-content\/uploads\/2017\/10\/DSC07807.jpg?resize=700%2C400&ssl=1 2x"},"classes":[]}],"_links":{"self":[{"href":"https:\/\/paulinenaue.info\/index.php\/wp-json\/wp\/v2\/posts\/1166","targetHints":{"allow":["GET"]}}],"collection":[{"href":"https:\/\/paulinenaue.info\/index.php\/wp-json\/wp\/v2\/posts"}],"about":[{"href":"https:\/\/paulinenaue.info\/index.php\/wp-json\/wp\/v2\/types\/post"}],"author":[{"embeddable":true,"href":"https:\/\/paulinenaue.info\/index.php\/wp-json\/wp\/v2\/users\/3"}],"replies":[{"embeddable":true,"href":"https:\/\/paulinenaue.info\/index.php\/wp-json\/wp\/v2\/comments?post=1166"}],"version-history":[{"count":4,"href":"https:\/\/paulinenaue.info\/index.php\/wp-json\/wp\/v2\/posts\/1166\/revisions"}],"predecessor-version":[{"id":1185,"href":"https:\/\/paulinenaue.info\/index.php\/wp-json\/wp\/v2\/posts\/1166\/revisions\/1185"}],"wp:featuredmedia":[{"embeddable":true,"href":"https:\/\/paulinenaue.info\/index.php\/wp-json\/wp\/v2\/media\/1177"}],"wp:attachment":[{"href":"https:\/\/paulinenaue.info\/index.php\/wp-json\/wp\/v2\/media?parent=1166"}],"wp:term":[{"taxonomy":"category","embeddable":true,"href":"https:\/\/paulinenaue.info\/index.php\/wp-json\/wp\/v2\/categories?post=1166"},{"taxonomy":"post_tag","embeddable":true,"href":"https:\/\/paulinenaue.info\/index.php\/wp-json\/wp\/v2\/tags?post=1166"}],"curies":[{"name":"wp","href":"https:\/\/api.w.org\/{rel}","templated":true}]}}