{"id":1212,"date":"2017-06-22T15:17:26","date_gmt":"2017-06-22T13:17:26","guid":{"rendered":"http:\/\/paulinenaue.info\/?p=1212"},"modified":"2017-06-22T15:17:58","modified_gmt":"2017-06-22T13:17:58","slug":"einsamer-hirt-im-lindholz","status":"publish","type":"post","link":"https:\/\/paulinenaue.info\/index.php\/einsamer-hirt-im-lindholz\/","title":{"rendered":"Einsamer Hirt im Lindholz"},"content":{"rendered":"<h3>Eine 400 Jahre alte Quelle informiert \u00fcber die fr\u00fcheste Ortsgeschichte<\/h3>\n<p class=\"autor\">Joachim Scholz<\/p>\n<p>Stefan Lindemann, Archivwissenschaftler aus Potsdam, ist in Gro\u00df Behnitz aufgewachsen und ein begeisterter Ortschronist. Die Reihe seiner im Selbstverlag herausgegebenen \u201eBeitr\u00e4ge zur Geschichte der D\u00f6rfer Gro\u00df und Klein Behnitz\u201c f\u00fcllt mittlerweile eine stattliche Regalzeite. Manchmal st\u00f6\u00dft Stefan Lindemann bei seiner Archivarbeit auf Verbindungen zwischen der Behnitzer und der Paulinenauer Ortsgeschichte. Die folgende Geschichte entdeckte er im Selbelanger Gutsarchiv, das heute im Domstiftsarchiv Brandenburg verwahrt wird. Sie ist eine der \u00e4ltesten, vielleicht sogar die \u00e4lteste \u00fcberlieferte Geschichte unseres Dorfes, festgehalten in einem Kammergerichtsurteil von 1589.<\/p>\n<p>Damals hegten die adligen Herren der D\u00f6rfer Ribbeck, Selbelang, Retzow und Pessin Groll gegen Joachim von Bardeleben, der in Selbelang lebte und gemeinsam mit seinem Bruder Wiechmann eine Meierei vor dem Lindholz besa\u00df: Bardelebens Meierei, das heutige Paulinenaue. Von Bardeleben hatte den Unmut der Nachbarn auf sich gezogen, weil er seit kurzem etwas neues, \u201eeine Newerunge\u201c ausprobierte. Im Winter f\u00fchrte er das im Lindholz stehende Vieh in die Bardelebenschen Besitzungen nach Behnitz um es in den kalten Monaten dort zu versorgen und den Dung vor Ort zu nutzen. Im darauf folgenden Fr\u00fchling dann brachte er es wieder zur\u00fcck. Von der Meierei bis nach Behnitz sind es gute 12 Kilometer, man wird zu Fu\u00df und mit dem Vieh jeweils vielleicht einen halben Tag unterwegs gewesen sein. So etwas lie\u00df sich nicht verbergen. Die Nachbarn waren nun der Auffassung, dass ihnen die Wegbenutzung und H\u00fctung des fremden Viehs auf ihren Gebieten zum Schaden gereiche. Sie klagten gegen Joachim von Bardeleben. Dabei gingen die Kontrahenten so weit, dass sie den Br\u00fcdern gar den Besitz des ganzen Hofes abspensig machen wollten. Doch was sich heute kein Paulinenauer bieten lassen w\u00fcrde, das ging auch von Bardeleben damals schon zu weit. Er verteidigte sich und wandte ein, dass den Viehhof sein Vater vor mehr als drei\u00dfig Jahren h\u00e4tte erbauen lassen, um ihn dann ordentlich an seinen Bruder und ihn zu vererben. Au\u00dferdem sei durch das Vieh \u00fcberhaupt kein Schaden entstanden.<\/p>\n<div id=\"attachment_1213\" style=\"width: 232px\" class=\"wp-caption alignnone\"><a href=\"http:\/\/paulinenaue.info\/wp-content\/uploads\/2017\/06\/17_havelland.jpg\"><img decoding=\"async\" aria-describedby=\"caption-attachment-1213\" data-attachment-id=\"1213\" data-permalink=\"https:\/\/paulinenaue.info\/index.php\/einsamer-hirt-im-lindholz\/17_havelland\/\" data-orig-file=\"https:\/\/paulinenaue.info\/wp-content\/uploads\/2017\/06\/17_havelland.jpg\" data-orig-size=\"306,413\" data-comments-opened=\"1\" data-image-meta=\"{&quot;aperture&quot;:&quot;0&quot;,&quot;credit&quot;:&quot;&quot;,&quot;camera&quot;:&quot;&quot;,&quot;caption&quot;:&quot;&quot;,&quot;created_timestamp&quot;:&quot;0&quot;,&quot;copyright&quot;:&quot;&quot;,&quot;focal_length&quot;:&quot;0&quot;,&quot;iso&quot;:&quot;0&quot;,&quot;shutter_speed&quot;:&quot;0&quot;,&quot;title&quot;:&quot;&quot;,&quot;orientation&quot;:&quot;1&quot;}\" data-image-title=\"17_havelland\" data-image-description=\"\" data-image-caption=\"\" data-large-file=\"https:\/\/paulinenaue.info\/wp-content\/uploads\/2017\/06\/17_havelland.jpg\" class=\"lazyload wp-image-1213 size-medium\" src=\"http:\/\/paulinenaue.info\/wp-content\/uploads\/2017\/06\/17_havelland-222x300.jpg\" data-orig-src=\"http:\/\/paulinenaue.info\/wp-content\/uploads\/2017\/06\/17_havelland-222x300.jpg\" alt=\"Abbildung des Schauplatzes. Auf seinem Weg vom Lindholz nach Behnitz \u00fcber Selbelang ber\u00fchrte von Bardeleben die Gemarkungen mehrerer Herren. \" width=\"222\" height=\"300\" srcset=\"data:image\/svg+xml,%3Csvg%20xmlns%3D%27http%3A%2F%2Fwww.w3.org%2F2000%2Fsvg%27%20width%3D%27222%27%20height%3D%27300%27%20viewBox%3D%270%200%20222%20300%27%3E%3Crect%20width%3D%27222%27%20height%3D%27300%27%20fill-opacity%3D%220%22%2F%3E%3C%2Fsvg%3E\" data-srcset=\"https:\/\/paulinenaue.info\/wp-content\/uploads\/2017\/06\/17_havelland-222x300.jpg 222w, https:\/\/paulinenaue.info\/wp-content\/uploads\/2017\/06\/17_havelland.jpg 306w\" data-sizes=\"auto\" data-orig-sizes=\"(max-width: 222px) 100vw, 222px\" \/><\/a><p id=\"caption-attachment-1213\" class=\"wp-caption-text\">Abbildung des Schauplatzes. Auf seinem Weg vom Lindholz nach Behnitz \u00fcber Selbelang ber\u00fchrte von Bardeleben die Gemarkungen mehrerer Herren.<\/p><\/div>\n<p>Dass Quellen wie diese f\u00fcr die Ortschgeschichte gro\u00dfen Wert haben, versteht sich von selbst. Der Streitfall gibt uns aber nicht nur einen Hinweis auf das Alter von Bardelebens Meierei, die demnach in den 1550er Jahren errichtet wurde, sondern l\u00e4sst blitzartig auch die Alltagswelt der damaligen Meiereibewohner aufscheinen.<\/p>\n<p>In der Entscheidung durch die kurf\u00fcrstlichen Brandenburgischen Kammergerichtsr\u00e4te ist n\u00e4mlich zum einen davon die Rede, dass Bardeleben das Treiben des Viehes zu unterlassen habe, dass die Br\u00fcder aber ihren Viehhof im Lindholz behalten sollten. Auf der anderen Seite sollte das Urteil dann aber auch dazu dienen, die Entwicklung des kleinen Ortes m\u00f6glichst auf niedrigem Niveau zu halten, wohl um k\u00fcnftigen Konflikten vorzubeugen. Die Bardelebens durften den Hof in Zukunft weder erweitern, noch ihn allzu intensiv benutzen. Nur ein einziger Hirte solle fortan dort leben. Vor 400 Jahren war Paulinenaue also so etwas wie eine Einsiedelei.<\/p>\n<p>Im \u00dcbrigen solle, so hei\u00dft es im Urteil weiter, in der H\u00fctung und Bewegung des Viehes auf dem Hof ganz so verfahren werden, wie es der Vater einst handhabte und wie es durch ihn auf die Br\u00fcder gekommen sei. Das Vieh solle so weiden und sich bewegen, wie das Vieh der Nachbarn weide und bewegt werde. Dann werde es auch bald wieder Frieden geben und \u201ealle Irrungen und wiederwillen &#8230; zwischen genandtten Partheienn bi\u00dfhero gewesen, gentzlich vorglichenn unnd aufgehoben sein\u201c.<\/p>\n<p>F\u00fcr den, der alles noch einmal im Original lesen m\u00f6chte, folgt hier die durch Stefan Lindemann angefertigte Aktenabschrift:<\/p>\n<p><b>Kammergerichtsurteil im Streit um das Weiderecht der Gebr\u00fcder v. Bardeleben und das Treiben des Viehs von ihrem Viehhof am Lindholz nach Behnitz, 1589 (Fr nach Trinitatis):<\/b><\/p>\n<p>\u201eNachdem die vonn Ribbeck, Erichsleben, Knobeloch, Retzow unnd Selow zue Ribbeck, Selbelangk, Retzow unnd Pe\u00dfinn sich uber Joachim Bardelebenn zue Selbelangk beschwerett, da\u00df Er das Viehe aus seinem Viehe-H\u00f6ffe vor Selbelangk, am Lindtholtze gelegenn, denn Winter uber gegen Benitz thette und au\u00dffutertte, und darnach denn Sommer wieder nach Selbelangk in die gemeine Huetunge nehme, Weil aber solches eine Newerunge, die Ihnen wegenn der Ubertrifft und Huttunge zue schadenn gereichett, das Er davonn abstehenn wolte, gesuchtt, Daneben auch denselben Viehe-H\u00f6ff gefochttenn, Darkegenn Bardeleben, das Er das Viehe des Winters uber alleine wegen der Mistunge zue Benitz hielte, unnd den andernn dahero Kein schadenn zuegefuft wurde; Denn Vieheh\u00f6f aber belangendtt, hette sein Vater den mehr Al\u00df vor Drei\u00dfigk Jharenn erbawet und uf Ihn und seinen Brueder vorerbett, Sie den auch bi\u00dfhero in besitz gehabtt, Unnd was bei beiden Puncten vonn einem und dem andern Theil mehr angetzogenn wurden, einbrachtt. Als habenn die Churfurstliche Brandenburgische Cammergerichts-Rethe Bardeleben dohinn behandeltt, dass Er das Hinn und wieder treibenn des Viehes Wintters- und Sommers-Zeitt nach Benitz unnd Selbelangk guettlich eingestaltt;<\/p>\n<p>So behalten Joachim unnd Weichman die vonn Bardelebenn ungehindert den Viehe-H\u00f6f vorm Lindtholtze, wie sie denn vonn Ihrem Vater ererbett. Doch sollen sie den ferner nicht erweittern, noch gemeiner Huetunge zue abbruch altzu uberme\u00dfigk Viehe Hinschlagen, Auch allein einen Hirtenn aldo Halten und aus solchem H\u00f6ffe der Trift und Huetunge sich derma\u00dfen und anders nicht gebrauchen, Al\u00df wie Ihr Vater die gehabtt, gebrauchet unnd uf sie bracht hatt, Unnd sie dessen bi\u00dfhero berechttiget gewesen, Auch mit dem treibenn und Huetenn den benachbartenn ann Ihren Hewgra\u00dfe, Vhor- und Nachmathe, es liege im Schwade oder stehe im Hauffen, keinen schadenn zuefuegen, noch die gemeine Weide vorterbenn lassen, Sondern es Hierinnenn wie die andere Ihre Nachbarnn, so der Huetunge derer Ortter befugt, Halttenn;<\/p>\n<p>Und sollen hirmit alle Irrungen und wiederwillen, so der Ubertrifft, Viehe-Hofes und anders halben, wie obstehett, zwischen genandtten Partheienn bi\u00dfhero gewesen, gentzlich vorglichenn unnd aufgehoben sein. Urkundtlich mit dem Churf. Cammergerichts-Siegell besiegeltt. Actum Coln an der Sprew, Freitags nach Trinitatis Anno etc. 89.\u201c<\/p>\n<p>&nbsp;<\/p>\n<p class=\"untertitel\">Quelle: Domstiftsarchiv Brandenburg; Gutsarchiv Selbelang (SeH), Nr. 48: Streitsachen und Vertr\u00e4ge \u00fcber Gerechtigkeiten, 1589-1593; Abbildung: Accurate Situations-Carte des gr\u00f6sten Theils vom Havellaendischen Creise in der Mittel-Marck Brandenburg. (ca. Mitte 18. Jh.). In: BLHA in Potsdam.<\/p>\n","protected":false},"excerpt":{"rendered":"<p>Eine 400 Jahre alte Quelle informiert \u00fcber die fr\u00fcheste Ortsgeschichte [&hellip;]<\/p>\n","protected":false},"author":3,"featured_media":1213,"comment_status":"open","ping_status":"open","sticky":false,"template":"","format":"standard","meta":{"_acf_changed":false,"_price":"","_stock":"","_tribe_ticket_header":"","_tribe_default_ticket_provider":"","_tribe_ticket_capacity":"0","_ticket_start_date":"","_ticket_end_date":"","_tribe_ticket_show_description":"","_tribe_ticket_show_not_going":false,"_tribe_ticket_use_global_stock":"","_tribe_ticket_global_stock_level":"","_global_stock_mode":"","_global_stock_cap":"","_tribe_rsvp_for_event":"","_tribe_ticket_going_count":"","_tribe_ticket_not_going_count":"","_tribe_tickets_list":"[]","_tribe_ticket_has_attendee_info_fields":false,"jetpack_post_was_ever_published":false,"_jetpack_newsletter_access":"","_jetpack_dont_email_post_to_subs":false,"_jetpack_newsletter_tier_id":0,"_jetpack_memberships_contains_paywalled_content":false,"_jetpack_memberships_contains_paid_content":false,"footnotes":"","jetpack_publicize_message":"","jetpack_publicize_feature_enabled":true,"jetpack_social_post_already_shared":true,"jetpack_social_options":{"image_generator_settings":{"template":"highway","default_image_id":0,"font":"","enabled":false},"version":2}},"categories":[1,40,7],"tags":[159,79],"class_list":["post-1212","post","type-post","status-publish","format-standard","has-post-thumbnail","hentry","category-allgemein","category-dorfentwicklung","category-historie","tag-einsamer-hirt","tag-lindholz"],"acf":[],"yoast_head":"<!-- This site is optimized with the Yoast SEO plugin v27.5 - https:\/\/yoast.com\/product\/yoast-seo-wordpress\/ -->\n<title>Einsamer Hirt im Lindholz - Paulinenaue<\/title>\n<meta name=\"robots\" content=\"index, follow, max-snippet:-1, max-image-preview:large, max-video-preview:-1\" \/>\n<link rel=\"canonical\" href=\"https:\/\/paulinenaue.info\/index.php\/einsamer-hirt-im-lindholz\/\" \/>\n<meta property=\"og:locale\" content=\"de_DE\" \/>\n<meta property=\"og:type\" content=\"article\" \/>\n<meta property=\"og:title\" content=\"Einsamer Hirt im Lindholz - Paulinenaue\" \/>\n<meta property=\"og:description\" content=\"Eine 400 Jahre alte Quelle informiert \u00fcber die fr\u00fcheste Ortsgeschichte [&hellip;]\" \/>\n<meta property=\"og:url\" content=\"https:\/\/paulinenaue.info\/index.php\/einsamer-hirt-im-lindholz\/\" \/>\n<meta property=\"og:site_name\" content=\"Paulinenaue\" \/>\n<meta property=\"article:published_time\" content=\"2017-06-22T13:17:26+00:00\" \/>\n<meta property=\"article:modified_time\" content=\"2017-06-22T13:17:58+00:00\" \/>\n<meta property=\"og:image\" content=\"https:\/\/i1.wp.com\/paulinenaue.info\/wp-content\/uploads\/2017\/06\/17_havelland.jpg?fit=306%2C413&ssl=1\" \/>\n\t<meta property=\"og:image:width\" content=\"306\" \/>\n\t<meta property=\"og:image:height\" content=\"413\" \/>\n\t<meta property=\"og:image:type\" content=\"image\/jpeg\" \/>\n<meta name=\"author\" content=\"Sarah\" \/>\n<meta name=\"twitter:card\" content=\"summary_large_image\" \/>\n<meta name=\"twitter:label1\" content=\"Verfasst von\" \/>\n\t<meta name=\"twitter:data1\" content=\"Sarah\" \/>\n\t<meta name=\"twitter:label2\" content=\"Gesch\u00e4tzte Lesezeit\" \/>\n\t<meta name=\"twitter:data2\" content=\"5\u00a0Minuten\" \/>\n<script type=\"application\/ld+json\" class=\"yoast-schema-graph\">{\"@context\":\"https:\\\/\\\/schema.org\",\"@graph\":[{\"@type\":\"Article\",\"@id\":\"https:\\\/\\\/paulinenaue.info\\\/index.php\\\/einsamer-hirt-im-lindholz\\\/#article\",\"isPartOf\":{\"@id\":\"https:\\\/\\\/paulinenaue.info\\\/index.php\\\/einsamer-hirt-im-lindholz\\\/\"},\"author\":{\"name\":\"Sarah\",\"@id\":\"https:\\\/\\\/paulinenaue.info\\\/#\\\/schema\\\/person\\\/e5be566a57b5b3f65d2c65a58c42325e\"},\"headline\":\"Einsamer Hirt im Lindholz\",\"datePublished\":\"2017-06-22T13:17:26+00:00\",\"dateModified\":\"2017-06-22T13:17:58+00:00\",\"mainEntityOfPage\":{\"@id\":\"https:\\\/\\\/paulinenaue.info\\\/index.php\\\/einsamer-hirt-im-lindholz\\\/\"},\"wordCount\":1038,\"commentCount\":0,\"image\":{\"@id\":\"https:\\\/\\\/paulinenaue.info\\\/index.php\\\/einsamer-hirt-im-lindholz\\\/#primaryimage\"},\"thumbnailUrl\":\"https:\\\/\\\/paulinenaue.info\\\/wp-content\\\/uploads\\\/2017\\\/06\\\/17_havelland.jpg\",\"keywords\":[\"Einsamer Hirt\",\"Lindholz\"],\"articleSection\":{\"1\":\"Dorfentwicklung\",\"2\":\"Historie\"},\"inLanguage\":\"de\",\"potentialAction\":[{\"@type\":\"CommentAction\",\"name\":\"Comment\",\"target\":[\"https:\\\/\\\/paulinenaue.info\\\/index.php\\\/einsamer-hirt-im-lindholz\\\/#respond\"]}]},{\"@type\":\"WebPage\",\"@id\":\"https:\\\/\\\/paulinenaue.info\\\/index.php\\\/einsamer-hirt-im-lindholz\\\/\",\"url\":\"https:\\\/\\\/paulinenaue.info\\\/index.php\\\/einsamer-hirt-im-lindholz\\\/\",\"name\":\"Einsamer Hirt im Lindholz - Paulinenaue\",\"isPartOf\":{\"@id\":\"https:\\\/\\\/paulinenaue.info\\\/#website\"},\"primaryImageOfPage\":{\"@id\":\"https:\\\/\\\/paulinenaue.info\\\/index.php\\\/einsamer-hirt-im-lindholz\\\/#primaryimage\"},\"image\":{\"@id\":\"https:\\\/\\\/paulinenaue.info\\\/index.php\\\/einsamer-hirt-im-lindholz\\\/#primaryimage\"},\"thumbnailUrl\":\"https:\\\/\\\/paulinenaue.info\\\/wp-content\\\/uploads\\\/2017\\\/06\\\/17_havelland.jpg\",\"datePublished\":\"2017-06-22T13:17:26+00:00\",\"dateModified\":\"2017-06-22T13:17:58+00:00\",\"author\":{\"@id\":\"https:\\\/\\\/paulinenaue.info\\\/#\\\/schema\\\/person\\\/e5be566a57b5b3f65d2c65a58c42325e\"},\"breadcrumb\":{\"@id\":\"https:\\\/\\\/paulinenaue.info\\\/index.php\\\/einsamer-hirt-im-lindholz\\\/#breadcrumb\"},\"inLanguage\":\"de\",\"potentialAction\":[{\"@type\":\"ReadAction\",\"target\":[\"https:\\\/\\\/paulinenaue.info\\\/index.php\\\/einsamer-hirt-im-lindholz\\\/\"]}]},{\"@type\":\"ImageObject\",\"inLanguage\":\"de\",\"@id\":\"https:\\\/\\\/paulinenaue.info\\\/index.php\\\/einsamer-hirt-im-lindholz\\\/#primaryimage\",\"url\":\"https:\\\/\\\/paulinenaue.info\\\/wp-content\\\/uploads\\\/2017\\\/06\\\/17_havelland.jpg\",\"contentUrl\":\"https:\\\/\\\/paulinenaue.info\\\/wp-content\\\/uploads\\\/2017\\\/06\\\/17_havelland.jpg\",\"width\":\"306\",\"height\":\"413\"},{\"@type\":\"BreadcrumbList\",\"@id\":\"https:\\\/\\\/paulinenaue.info\\\/index.php\\\/einsamer-hirt-im-lindholz\\\/#breadcrumb\",\"itemListElement\":[{\"@type\":\"ListItem\",\"position\":1,\"name\":\"Home\",\"item\":\"https:\\\/\\\/paulinenaue.info\\\/\"},{\"@type\":\"ListItem\",\"position\":2,\"name\":\"Einsamer Hirt im Lindholz\"}]},{\"@type\":\"WebSite\",\"@id\":\"https:\\\/\\\/paulinenaue.info\\\/#website\",\"url\":\"https:\\\/\\\/paulinenaue.info\\\/\",\"name\":\"Paulinenaue\",\"description\":\"Ein Dorf im Havelland\",\"potentialAction\":[{\"@type\":\"SearchAction\",\"target\":{\"@type\":\"EntryPoint\",\"urlTemplate\":\"https:\\\/\\\/paulinenaue.info\\\/?s={search_term_string}\"},\"query-input\":{\"@type\":\"PropertyValueSpecification\",\"valueRequired\":true,\"valueName\":\"search_term_string\"}}],\"inLanguage\":\"de\"},{\"@type\":\"Person\",\"@id\":\"https:\\\/\\\/paulinenaue.info\\\/#\\\/schema\\\/person\\\/e5be566a57b5b3f65d2c65a58c42325e\",\"name\":\"Sarah\",\"url\":\"https:\\\/\\\/paulinenaue.info\\\/index.php\\\/author\\\/sarah\\\/\"}]}<\/script>\n<!-- \/ Yoast SEO plugin. -->","yoast_head_json":{"title":"Einsamer Hirt im Lindholz - Paulinenaue","robots":{"index":"index","follow":"follow","max-snippet":"max-snippet:-1","max-image-preview":"max-image-preview:large","max-video-preview":"max-video-preview:-1"},"canonical":"https:\/\/paulinenaue.info\/index.php\/einsamer-hirt-im-lindholz\/","og_locale":"de_DE","og_type":"article","og_title":"Einsamer Hirt im Lindholz - Paulinenaue","og_description":"Eine 400 Jahre alte Quelle informiert \u00fcber die fr\u00fcheste Ortsgeschichte [&hellip;]","og_url":"https:\/\/paulinenaue.info\/index.php\/einsamer-hirt-im-lindholz\/","og_site_name":"Paulinenaue","article_published_time":"2017-06-22T13:17:26+00:00","article_modified_time":"2017-06-22T13:17:58+00:00","og_image":[{"width":306,"height":413,"url":"https:\/\/i1.wp.com\/paulinenaue.info\/wp-content\/uploads\/2017\/06\/17_havelland.jpg?fit=306%2C413&ssl=1","type":"image\/jpeg"}],"author":"Sarah","twitter_card":"summary_large_image","twitter_misc":{"Verfasst von":"Sarah","Gesch\u00e4tzte Lesezeit":"5\u00a0Minuten"},"schema":{"@context":"https:\/\/schema.org","@graph":[{"@type":"Article","@id":"https:\/\/paulinenaue.info\/index.php\/einsamer-hirt-im-lindholz\/#article","isPartOf":{"@id":"https:\/\/paulinenaue.info\/index.php\/einsamer-hirt-im-lindholz\/"},"author":{"name":"Sarah","@id":"https:\/\/paulinenaue.info\/#\/schema\/person\/e5be566a57b5b3f65d2c65a58c42325e"},"headline":"Einsamer Hirt im Lindholz","datePublished":"2017-06-22T13:17:26+00:00","dateModified":"2017-06-22T13:17:58+00:00","mainEntityOfPage":{"@id":"https:\/\/paulinenaue.info\/index.php\/einsamer-hirt-im-lindholz\/"},"wordCount":1038,"commentCount":0,"image":{"@id":"https:\/\/paulinenaue.info\/index.php\/einsamer-hirt-im-lindholz\/#primaryimage"},"thumbnailUrl":"https:\/\/paulinenaue.info\/wp-content\/uploads\/2017\/06\/17_havelland.jpg","keywords":["Einsamer Hirt","Lindholz"],"articleSection":{"1":"Dorfentwicklung","2":"Historie"},"inLanguage":"de","potentialAction":[{"@type":"CommentAction","name":"Comment","target":["https:\/\/paulinenaue.info\/index.php\/einsamer-hirt-im-lindholz\/#respond"]}]},{"@type":"WebPage","@id":"https:\/\/paulinenaue.info\/index.php\/einsamer-hirt-im-lindholz\/","url":"https:\/\/paulinenaue.info\/index.php\/einsamer-hirt-im-lindholz\/","name":"Einsamer Hirt im Lindholz - Paulinenaue","isPartOf":{"@id":"https:\/\/paulinenaue.info\/#website"},"primaryImageOfPage":{"@id":"https:\/\/paulinenaue.info\/index.php\/einsamer-hirt-im-lindholz\/#primaryimage"},"image":{"@id":"https:\/\/paulinenaue.info\/index.php\/einsamer-hirt-im-lindholz\/#primaryimage"},"thumbnailUrl":"https:\/\/paulinenaue.info\/wp-content\/uploads\/2017\/06\/17_havelland.jpg","datePublished":"2017-06-22T13:17:26+00:00","dateModified":"2017-06-22T13:17:58+00:00","author":{"@id":"https:\/\/paulinenaue.info\/#\/schema\/person\/e5be566a57b5b3f65d2c65a58c42325e"},"breadcrumb":{"@id":"https:\/\/paulinenaue.info\/index.php\/einsamer-hirt-im-lindholz\/#breadcrumb"},"inLanguage":"de","potentialAction":[{"@type":"ReadAction","target":["https:\/\/paulinenaue.info\/index.php\/einsamer-hirt-im-lindholz\/"]}]},{"@type":"ImageObject","inLanguage":"de","@id":"https:\/\/paulinenaue.info\/index.php\/einsamer-hirt-im-lindholz\/#primaryimage","url":"https:\/\/paulinenaue.info\/wp-content\/uploads\/2017\/06\/17_havelland.jpg","contentUrl":"https:\/\/paulinenaue.info\/wp-content\/uploads\/2017\/06\/17_havelland.jpg","width":"306","height":"413"},{"@type":"BreadcrumbList","@id":"https:\/\/paulinenaue.info\/index.php\/einsamer-hirt-im-lindholz\/#breadcrumb","itemListElement":[{"@type":"ListItem","position":1,"name":"Home","item":"https:\/\/paulinenaue.info\/"},{"@type":"ListItem","position":2,"name":"Einsamer Hirt im Lindholz"}]},{"@type":"WebSite","@id":"https:\/\/paulinenaue.info\/#website","url":"https:\/\/paulinenaue.info\/","name":"Paulinenaue","description":"Ein Dorf im Havelland","potentialAction":[{"@type":"SearchAction","target":{"@type":"EntryPoint","urlTemplate":"https:\/\/paulinenaue.info\/?s={search_term_string}"},"query-input":{"@type":"PropertyValueSpecification","valueRequired":true,"valueName":"search_term_string"}}],"inLanguage":"de"},{"@type":"Person","@id":"https:\/\/paulinenaue.info\/#\/schema\/person\/e5be566a57b5b3f65d2c65a58c42325e","name":"Sarah","url":"https:\/\/paulinenaue.info\/index.php\/author\/sarah\/"}]}},"jetpack_publicize_connections":[],"jetpack_featured_media_url":"https:\/\/paulinenaue.info\/wp-content\/uploads\/2017\/06\/17_havelland.jpg","jetpack_sharing_enabled":true,"jetpack_shortlink":"https:\/\/wp.me\/pcYhWA-jy","jetpack-related-posts":[{"id":199,"url":"https:\/\/paulinenaue.info\/index.php\/einsamer-hirt-im-lindholz-eine-400-jahre-alte-quelle-informiert-ueber-die-frueheste-ortsgeschichte\/","url_meta":{"origin":1212,"position":0},"title":"Einsamer Hirt im Lindholz \u2013 Eine 400 Jahre alte Quelle informiert \u00fcber die fr\u00fcheste Ortsgeschichte","author":"Joachim Scholz","date":"22. M\u00e4rz 2016","format":false,"excerpt":"Stefan Lindemann, Archivwissenschaftler aus Potsdam, ist in Gro\u00df Behnitz aufgewachsen und ein begeisterter Ortschronist. Die Reihe seiner im Selbstverlag herausgegebenen \u201eBeitr\u00e4ge zur Geschichte der D\u00f6rfer Gro\u00df und Klein Behnitz\u201c f\u00fcllt mittlerweile eine stattliche Regalzeite. Manchmal st\u00f6\u00dft Stefan Lindemann bei seiner Archivarbeit auf Verbindungen zwischen der Behnitzer und der Paulinenauer Ortsgeschichte.\u2026","rel":"","context":"In &quot;Historie&quot;","block_context":{"text":"Historie","link":"https:\/\/paulinenaue.info\/index.php\/category\/historie\/"},"img":{"alt_text":"Abbildung des Schauplatzes.","src":"https:\/\/i0.wp.com\/paulinenaue.info\/neues\/extra\/extra\/2013_bienenfarm_lindholzfarm\/extra\/einzelne\/fotos\/06_karten\/17_havelland.jpg?resize=350%2C200","width":350,"height":200},"classes":[]},{"id":418075,"url":"https:\/\/paulinenaue.info\/index.php\/100-jahre-ortsgeschichtsschreibung\/","url_meta":{"origin":1212,"position":1},"title":"100 Jahre Ortsgeschichtsschreibung","author":"Joachim Scholz","date":"9. Juni 2025","format":false,"excerpt":"","rel":"","context":"In &quot;Dorfentwicklung&quot;","block_context":{"text":"Dorfentwicklung","link":"https:\/\/paulinenaue.info\/index.php\/category\/dorfentwicklung\/"},"img":{"alt_text":"","src":"https:\/\/i0.wp.com\/paulinenaue.info\/wp-content\/uploads\/2025\/06\/1900-ca.-Paulinenaue-Schaeferhaus-unbearbeitet.jpeg?resize=350%2C200&ssl=1","width":350,"height":200,"srcset":"https:\/\/i0.wp.com\/paulinenaue.info\/wp-content\/uploads\/2025\/06\/1900-ca.-Paulinenaue-Schaeferhaus-unbearbeitet.jpeg?resize=350%2C200&ssl=1 1x, https:\/\/i0.wp.com\/paulinenaue.info\/wp-content\/uploads\/2025\/06\/1900-ca.-Paulinenaue-Schaeferhaus-unbearbeitet.jpeg?resize=525%2C300&ssl=1 1.5x, https:\/\/i0.wp.com\/paulinenaue.info\/wp-content\/uploads\/2025\/06\/1900-ca.-Paulinenaue-Schaeferhaus-unbearbeitet.jpeg?resize=700%2C400&ssl=1 2x"},"classes":[]},{"id":415648,"url":"https:\/\/paulinenaue.info\/index.php\/erweiterung-des-ortshistorischen-archivs\/","url_meta":{"origin":1212,"position":2},"title":"Erweiterung des ortshistorischen Archivs","author":"Joachim Scholz","date":"27. Dezember 2023","format":false,"excerpt":"Kulturverein erh\u00e4lt wertvolles Quellenmaterial zu den Gebr\u00fcdern Knauer Es gibt Spezialgebiete des Wissens und die dazu geh\u00f6renden Spezialisten. Das ist nicht nur in den Wissenschaften so, sondern auch im Pferdesport. Interessiert man sich zum Beispiel f\u00fcr die Geschichte des deutschen Trabrennsports, kommt man an Karl Dold nicht vorbei. \u00dcber Umwege\u2026","rel":"","context":"In &quot;Dorfentwicklung&quot;","block_context":{"text":"Dorfentwicklung","link":"https:\/\/paulinenaue.info\/index.php\/category\/dorfentwicklung\/"},"img":{"alt_text":"","src":"https:\/\/i0.wp.com\/paulinenaue.info\/wp-content\/uploads\/2023\/12\/1910-ca-Arthur-Knauer-Zeichnung-scaled.jpg?resize=350%2C200&ssl=1","width":350,"height":200,"srcset":"https:\/\/i0.wp.com\/paulinenaue.info\/wp-content\/uploads\/2023\/12\/1910-ca-Arthur-Knauer-Zeichnung-scaled.jpg?resize=350%2C200&ssl=1 1x, https:\/\/i0.wp.com\/paulinenaue.info\/wp-content\/uploads\/2023\/12\/1910-ca-Arthur-Knauer-Zeichnung-scaled.jpg?resize=525%2C300&ssl=1 1.5x, https:\/\/i0.wp.com\/paulinenaue.info\/wp-content\/uploads\/2023\/12\/1910-ca-Arthur-Knauer-Zeichnung-scaled.jpg?resize=700%2C400&ssl=1 2x, https:\/\/i0.wp.com\/paulinenaue.info\/wp-content\/uploads\/2023\/12\/1910-ca-Arthur-Knauer-Zeichnung-scaled.jpg?resize=1050%2C600&ssl=1 3x, https:\/\/i0.wp.com\/paulinenaue.info\/wp-content\/uploads\/2023\/12\/1910-ca-Arthur-Knauer-Zeichnung-scaled.jpg?resize=1400%2C800&ssl=1 4x"},"classes":[]},{"id":415945,"url":"https:\/\/paulinenaue.info\/index.php\/chroniken-von-paulinenaue\/","url_meta":{"origin":1212,"position":3},"title":"Chroniken von Paulinenaue","author":"Joachim Scholz","date":"4. Februar 2024","format":false,"excerpt":"Kirchenb\u00fccher und Kriegschroniken \u2013 Die Anf\u00e4nge Paulinenaue ist ein junges Dorf, das 1833 aus einem unbedeutenden Vorwerk hervorging. F\u00fcr lange Zeit wurden Aufzeichnungen wichtiger Lebensereignisse seiner Einwohner, wie Geburten, Taufen, Hochzeiten und Todesf\u00e4lle, nur in den Kirchenb\u00fcchern der Nachbargemeinden festgehalten, zu denen es kirchenrechtlich geh\u00f6rte. Erst seit 1920 wurde in\u2026","rel":"","context":"In &quot;Dorfentwicklung&quot;","block_context":{"text":"Dorfentwicklung","link":"https:\/\/paulinenaue.info\/index.php\/category\/dorfentwicklung\/"},"img":{"alt_text":"","src":"https:\/\/i0.wp.com\/paulinenaue.info\/wp-content\/uploads\/2024\/01\/1915-05-23-Heimatszeitung-Titelblatt.jpg?resize=350%2C200&ssl=1","width":350,"height":200,"srcset":"https:\/\/i0.wp.com\/paulinenaue.info\/wp-content\/uploads\/2024\/01\/1915-05-23-Heimatszeitung-Titelblatt.jpg?resize=350%2C200&ssl=1 1x, https:\/\/i0.wp.com\/paulinenaue.info\/wp-content\/uploads\/2024\/01\/1915-05-23-Heimatszeitung-Titelblatt.jpg?resize=525%2C300&ssl=1 1.5x, https:\/\/i0.wp.com\/paulinenaue.info\/wp-content\/uploads\/2024\/01\/1915-05-23-Heimatszeitung-Titelblatt.jpg?resize=700%2C400&ssl=1 2x"},"classes":[]},{"id":1400,"url":"https:\/\/paulinenaue.info\/index.php\/160-jahre-paulinenauer-bahnhofsgebaeude-2007\/","url_meta":{"origin":1212,"position":4},"title":"160 Jahre Paulinenauer Bahnhofsgeb\u00e4ude 2007","author":"Sarah","date":"13. September 2017","format":false,"excerpt":"17.02.2008 Zukunft f\u00fcr das Bahnhofsgeb\u00e4ude Joachim Scholz Paulinenaue besitzt neben dem Herrenhaus nur ein kulturbedeutsames Geb\u00e4ude: seinen klassizistischen Bahnhof. Er hat das Aufbl\u00fchen des Dorfes im 19. Jahrhundert gew\u00e4hrleistet, ihm verdankt Paulinenaue, dass es sich \u00fcberhaupt von seinen einstigen Schwestern Bienenfarm und Lindholzfarm unterscheidet. Ein Teil des Bahnhofs bildet heute\u2026","rel":"","context":"In &quot;Allgemein&quot;","block_context":{"text":"Allgemein","link":"https:\/\/paulinenaue.info\/index.php\/category\/allgemein\/"},"img":{"alt_text":"","src":"https:\/\/i0.wp.com\/paulinenaue.info\/wp-content\/uploads\/2017\/09\/Bhf-Paulinenaue-Ansicht-von-der-Perronseite.jpg?resize=350%2C200&ssl=1","width":350,"height":200,"srcset":"https:\/\/i0.wp.com\/paulinenaue.info\/wp-content\/uploads\/2017\/09\/Bhf-Paulinenaue-Ansicht-von-der-Perronseite.jpg?resize=350%2C200&ssl=1 1x, https:\/\/i0.wp.com\/paulinenaue.info\/wp-content\/uploads\/2017\/09\/Bhf-Paulinenaue-Ansicht-von-der-Perronseite.jpg?resize=525%2C300&ssl=1 1.5x, https:\/\/i0.wp.com\/paulinenaue.info\/wp-content\/uploads\/2017\/09\/Bhf-Paulinenaue-Ansicht-von-der-Perronseite.jpg?resize=700%2C400&ssl=1 2x"},"classes":[]},{"id":4717,"url":"https:\/\/paulinenaue.info\/index.php\/thema-torf-eine-exkursion-mit-karl-weirauch\/","url_meta":{"origin":1212,"position":5},"title":"Thema Torf \u2013 eine\u00a0Exkursion mit Karl Weirauch","author":"Joachim Scholz","date":"1. Mai 2019","format":false,"excerpt":"Karl Weirauch ist ein Ph\u00e4nomen. Das \u00e4lteste Foto von ihm zeigt ihn als Dreij\u00e4hrigen auf einer monstr\u00f6sen Wiesenwalze vor dem Paulinenauer \u201eNeubau\u201c, in der heutigen Philipp-M\u00fcller-Stra\u00dfe. Es wurde 1928 aufgenommen. Wenn er heute \u00fcber das Schicksal der Walze berichtet, die Mitte der 1930er Jahre erst ausrangiert und dann ausgeweidet wurde,\u2026","rel":"","context":"In &quot;Dorfentwicklung&quot;","block_context":{"text":"Dorfentwicklung","link":"https:\/\/paulinenaue.info\/index.php\/category\/dorfentwicklung\/"},"img":{"alt_text":"","src":"https:\/\/i0.wp.com\/paulinenaue.info\/wp-content\/uploads\/2019\/04\/DSC01130.jpg?resize=350%2C200&ssl=1","width":350,"height":200,"srcset":"https:\/\/i0.wp.com\/paulinenaue.info\/wp-content\/uploads\/2019\/04\/DSC01130.jpg?resize=350%2C200&ssl=1 1x, https:\/\/i0.wp.com\/paulinenaue.info\/wp-content\/uploads\/2019\/04\/DSC01130.jpg?resize=525%2C300&ssl=1 1.5x, https:\/\/i0.wp.com\/paulinenaue.info\/wp-content\/uploads\/2019\/04\/DSC01130.jpg?resize=700%2C400&ssl=1 2x"},"classes":[]}],"_links":{"self":[{"href":"https:\/\/paulinenaue.info\/index.php\/wp-json\/wp\/v2\/posts\/1212","targetHints":{"allow":["GET"]}}],"collection":[{"href":"https:\/\/paulinenaue.info\/index.php\/wp-json\/wp\/v2\/posts"}],"about":[{"href":"https:\/\/paulinenaue.info\/index.php\/wp-json\/wp\/v2\/types\/post"}],"author":[{"embeddable":true,"href":"https:\/\/paulinenaue.info\/index.php\/wp-json\/wp\/v2\/users\/3"}],"replies":[{"embeddable":true,"href":"https:\/\/paulinenaue.info\/index.php\/wp-json\/wp\/v2\/comments?post=1212"}],"version-history":[{"count":1,"href":"https:\/\/paulinenaue.info\/index.php\/wp-json\/wp\/v2\/posts\/1212\/revisions"}],"predecessor-version":[{"id":1214,"href":"https:\/\/paulinenaue.info\/index.php\/wp-json\/wp\/v2\/posts\/1212\/revisions\/1214"}],"wp:featuredmedia":[{"embeddable":true,"href":"https:\/\/paulinenaue.info\/index.php\/wp-json\/wp\/v2\/media\/1213"}],"wp:attachment":[{"href":"https:\/\/paulinenaue.info\/index.php\/wp-json\/wp\/v2\/media?parent=1212"}],"wp:term":[{"taxonomy":"category","embeddable":true,"href":"https:\/\/paulinenaue.info\/index.php\/wp-json\/wp\/v2\/categories?post=1212"},{"taxonomy":"post_tag","embeddable":true,"href":"https:\/\/paulinenaue.info\/index.php\/wp-json\/wp\/v2\/tags?post=1212"}],"curies":[{"name":"wp","href":"https:\/\/api.w.org\/{rel}","templated":true}]}}