{"id":122,"date":"2016-03-22T13:22:49","date_gmt":"2016-03-22T12:22:49","guid":{"rendered":"https:\/\/sudile.com\/paue\/?p=122"},"modified":"2016-09-18T10:45:06","modified_gmt":"2016-09-18T08:45:06","slug":"fruehlingskonzert-der-karibu-grundschule","status":"publish","type":"post","link":"https:\/\/paulinenaue.info\/index.php\/fruehlingskonzert-der-karibu-grundschule\/","title":{"rendered":"Fr\u00fchlingskonzert der Karibu-Grundschule"},"content":{"rendered":"<p class=\"autor\"><em>Joachim Scholz<\/em><\/p>\n<p>15.03.2013. \u201eEs t\u00f6nen die Lieder, der Fr\u00fchling kehrt wieder\u201c, sangen die Schulkinder in der Paulinenauer Turnhalle, w\u00e4hrend drau\u00dfen noch eine geschlossene Schneedecke das Schulgel\u00e4nde bedeckte. Das war schon etwas merkw\u00fcrdig, doch dass der M\u00e4rz vergehen sollte, bevor tats\u00e4chlich der Fr\u00fchling in Paulinenaue einkehren w\u00fcrde, glaubte da wahrscheinlich noch keiner. Es war trotzdem lustig und sch\u00f6n wie immer. \u00c4nderungen gab es &#8211; vom Programm einmal abgesehen &#8211; nur beim Personal: Direktorin Grit Stolle richtete das traditionelle Schulfest zum ersten Mal aus, w\u00e4hrend ein bew\u00e4hrtes Moderatorenteam verabschiedet wurde.<\/p>\n<p class=\"bildunterschrift-ng\"><img class=\"lazyload\" decoding=\"async\" title=\"Eine lange Reihe parkender PKW der Festg\u00e4ste s\u00e4umt die Bahnhofstra\u00dfe\" src=\"data:image\/gif;base64,R0lGODlhAQABAAAAACH5BAEKAAEALAAAAAABAAEAAAICTAEAOw==\" data-orig-src=\"http:\/\/paulinenaue.info\/neues\/neues_2013\/fotos\/2013\/20130315_fruehlingskonzert_01.jpg\" alt=\"Bahnhofstra\u00dfe\" \/><br \/>\nSchnee beim Fr\u00fchlingsfest der Grundschule. Eine lange Reihe parkender PKW der Festg\u00e4ste s\u00e4umt die Bahnhofstra\u00dfe. Foto: Joachim Scholz, 2013.<\/p>\n<p class=\"bildunterschrift-ng\"><img class=\"lazyload\" decoding=\"async\" title=\"Direktorin Grit Stolle fiebert der Er\u00f6ffnung entgegen\" src=\"data:image\/gif;base64,R0lGODlhAQABAAAAACH5BAEKAAEALAAAAAABAAEAAAICTAEAOw==\" data-orig-src=\"http:\/\/paulinenaue.info\/neues\/neues_2013\/fotos\/2013\/20130315_fruehlingskonzert_07.jpg\" alt=\"Stolle\" \/><br \/>\nDirektorin Grit Stolle fiebert der Er\u00f6ffnung entgegen. Foto: Franziska Timm, 2013.<\/p>\n<p><img class=\"lazyload\" decoding=\"async\" title=\"Tanz in roten Kost\u00fcmen\" src=\"data:image\/gif;base64,R0lGODlhAQABAAAAACH5BAEKAAEALAAAAAABAAEAAAICTAEAOw==\" data-orig-src=\"http:\/\/paulinenaue.info\/neues\/neues_2013\/fotos\/2013\/20130315_fruehlingskonzert_02_ft.jpg\" alt=\"Tanz\" \/><br \/>\nTanz in roten Kost\u00fcmen &#8211; in der Paulinenauer Turnhalle h\u00e4lt der Fr\u00fchling Einzug. Foto: Franziska Timm, 2013.<\/p>\n<p><img class=\"lazyload\" decoding=\"async\" title=\"Blick in die gef\u00fcllte Turnhalle\" src=\"data:image\/gif;base64,R0lGODlhAQABAAAAACH5BAEKAAEALAAAAAABAAEAAAICTAEAOw==\" data-orig-src=\"http:\/\/paulinenaue.info\/neues\/neues_2013\/fotos\/2013\/20130315_fruehlingskonzert_05.jpg\" alt=\"Turnhalle\" \/><br \/>\nBlick in die gef\u00fcllte Halle. Foto: Joachim Scholz, 2013.<\/p>\n<p><img class=\"lazyload\" decoding=\"async\" title=\"Gitarrenspieler\" src=\"data:image\/gif;base64,R0lGODlhAQABAAAAACH5BAEKAAEALAAAAAABAAEAAAICTAEAOw==\" data-orig-src=\"http:\/\/paulinenaue.info\/neues\/neues_2013\/fotos\/2013\/20130315_fruehlingskonzert_06.jpg\" alt=\"Gitarrenspieler\" \/><br \/>\nJeder Beitrag &#8211; ein Auftritt vor gro\u00dfem Publikum. Foto: Franziska Timm, 2013.<\/p>\n<p><img class=\"lazyload\" decoding=\"async\" title=\"Die beiden Moderatoren Henry Schulze und Lea Vegelahn werden feierlich verabschiedet\" src=\"data:image\/gif;base64,R0lGODlhAQABAAAAACH5BAEKAAEALAAAAAABAAEAAAICTAEAOw==\" data-orig-src=\"http:\/\/paulinenaue.info\/neues\/neues_2013\/fotos\/2013\/20130315_fruehlingskonzert_10.jpg\" alt=\"Moderatorenduo\" \/><br \/>\nLetzter Auftritt eines beliebten Moderatorenduos: Henry Schulze und Lea Vegelahn (rechts) f\u00fchrten zum letzten Mal durch das Fr\u00fchlingskonzertprogramm und werden hier feierlich verabschiedet. Foto: Joachim Scholz, 2013.<\/p>\n<p><img class=\"lazyload\" decoding=\"async\" title=\"Sch\u00fclerarbeiten zum Thema Heimatorte\" src=\"data:image\/gif;base64,R0lGODlhAQABAAAAACH5BAEKAAEALAAAAAABAAEAAAICTAEAOw==\" data-orig-src=\"http:\/\/paulinenaue.info\/neues\/neues_2013\/fotos\/2013\/20130315_fruehlingskonzert_08.jpg\" alt=\"Sch\u00fclerarbeiten\" \/><br \/>\nEine Ausstellung von Sch\u00fclerarbeiten flankiert im Schulgeb\u00e4ude das Konzert. Zusammen mit dem Kulturverein sollen die Bilder zum Thema \u201eHeimatorte\u201c sogar ver\u00f6ffentlicht werden. Foto: Joachim Scholz, 2013.<\/p>\n","protected":false},"excerpt":{"rendered":"<p>Joachim Scholz 15.03.2013. \u201eEs t\u00f6nen die Lieder, der Fr\u00fchling kehrt [&hellip;]<\/p>\n","protected":false},"author":1,"featured_media":349,"comment_status":"open","ping_status":"open","sticky":false,"template":"","format":"standard","meta":{"_acf_changed":false,"_price":"","_stock":"","_tribe_ticket_header":"","_tribe_default_ticket_provider":"","_tribe_ticket_capacity":"0","_ticket_start_date":"","_ticket_end_date":"","_tribe_ticket_show_description":"","_tribe_ticket_show_not_going":false,"_tribe_ticket_use_global_stock":"","_tribe_ticket_global_stock_level":"","_global_stock_mode":"","_global_stock_cap":"","_tribe_rsvp_for_event":"","_tribe_ticket_going_count":"","_tribe_ticket_not_going_count":"","_tribe_tickets_list":"[]","_tribe_ticket_has_attendee_info_fields":false,"jetpack_post_was_ever_published":false,"_jetpack_newsletter_access":"","_jetpack_dont_email_post_to_subs":false,"_jetpack_newsletter_tier_id":0,"_jetpack_memberships_contains_paywalled_content":false,"_jetpack_memberships_contains_paid_content":false,"footnotes":"","jetpack_publicize_message":"","jetpack_publicize_feature_enabled":true,"jetpack_social_post_already_shared":false,"jetpack_social_options":{"image_generator_settings":{"template":"highway","default_image_id":0,"font":"","enabled":false},"version":2}},"categories":[43],"tags":[45,46,44],"class_list":["post-122","post","type-post","status-publish","format-standard","has-post-thumbnail","hentry","category-grundschule","tag-auftritt","tag-fruehlingskonzert","tag-grundschule"],"acf":[],"yoast_head":"<!-- This site is optimized with the Yoast SEO plugin v27.5 - https:\/\/yoast.com\/product\/yoast-seo-wordpress\/ -->\n<title>Fr\u00fchlingskonzert der Karibu-Grundschule - Paulinenaue<\/title>\n<meta name=\"robots\" content=\"index, follow, max-snippet:-1, max-image-preview:large, max-video-preview:-1\" \/>\n<link rel=\"canonical\" href=\"https:\/\/paulinenaue.info\/index.php\/fruehlingskonzert-der-karibu-grundschule\/\" \/>\n<meta property=\"og:locale\" content=\"de_DE\" \/>\n<meta property=\"og:type\" content=\"article\" \/>\n<meta property=\"og:title\" content=\"Fr\u00fchlingskonzert der Karibu-Grundschule - Paulinenaue\" \/>\n<meta property=\"og:description\" content=\"Joachim Scholz 15.03.2013. \u201eEs t\u00f6nen die Lieder, der Fr\u00fchling kehrt [&hellip;]\" \/>\n<meta property=\"og:url\" content=\"https:\/\/paulinenaue.info\/index.php\/fruehlingskonzert-der-karibu-grundschule\/\" \/>\n<meta property=\"og:site_name\" content=\"Paulinenaue\" \/>\n<meta property=\"article:published_time\" content=\"2016-03-22T12:22:49+00:00\" \/>\n<meta property=\"article:modified_time\" content=\"2016-09-18T08:45:06+00:00\" \/>\n<meta property=\"og:image\" content=\"https:\/\/i1.wp.com\/paulinenaue.info\/wp-content\/uploads\/2016\/03\/20130315_fruehlingskonzert_02_ft.jpg?fit=500%2C375&ssl=1\" \/>\n\t<meta property=\"og:image:width\" content=\"500\" \/>\n\t<meta property=\"og:image:height\" content=\"375\" \/>\n\t<meta property=\"og:image:type\" content=\"image\/jpeg\" \/>\n<meta name=\"author\" content=\"Joachim Scholz\" \/>\n<meta name=\"twitter:card\" content=\"summary_large_image\" \/>\n<meta name=\"twitter:label1\" content=\"Verfasst von\" \/>\n\t<meta name=\"twitter:data1\" content=\"Joachim Scholz\" \/>\n\t<meta name=\"twitter:label2\" content=\"Gesch\u00e4tzte Lesezeit\" \/>\n\t<meta name=\"twitter:data2\" content=\"1\u00a0Minute\" \/>\n<script type=\"application\/ld+json\" class=\"yoast-schema-graph\">{\"@context\":\"https:\\\/\\\/schema.org\",\"@graph\":[{\"@type\":\"Article\",\"@id\":\"https:\\\/\\\/paulinenaue.info\\\/index.php\\\/fruehlingskonzert-der-karibu-grundschule\\\/#article\",\"isPartOf\":{\"@id\":\"https:\\\/\\\/paulinenaue.info\\\/index.php\\\/fruehlingskonzert-der-karibu-grundschule\\\/\"},\"author\":{\"name\":\"Joachim Scholz\",\"@id\":\"https:\\\/\\\/paulinenaue.info\\\/#\\\/schema\\\/person\\\/3f9e818fd7b69b0d2bd937ac506897cc\"},\"headline\":\"Fr\u00fchlingskonzert der Karibu-Grundschule\",\"datePublished\":\"2016-03-22T12:22:49+00:00\",\"dateModified\":\"2016-09-18T08:45:06+00:00\",\"mainEntityOfPage\":{\"@id\":\"https:\\\/\\\/paulinenaue.info\\\/index.php\\\/fruehlingskonzert-der-karibu-grundschule\\\/\"},\"wordCount\":233,\"commentCount\":0,\"image\":{\"@id\":\"https:\\\/\\\/paulinenaue.info\\\/index.php\\\/fruehlingskonzert-der-karibu-grundschule\\\/#primaryimage\"},\"thumbnailUrl\":\"https:\\\/\\\/paulinenaue.info\\\/wp-content\\\/uploads\\\/2016\\\/03\\\/20130315_fruehlingskonzert_02_ft.jpg\",\"keywords\":[\"Auftritt\",\"Fr\u00fchlingskonzert\",\"Grundschule\"],\"articleSection\":[\"Grundschule\"],\"inLanguage\":\"de\",\"potentialAction\":[{\"@type\":\"CommentAction\",\"name\":\"Comment\",\"target\":[\"https:\\\/\\\/paulinenaue.info\\\/index.php\\\/fruehlingskonzert-der-karibu-grundschule\\\/#respond\"]}]},{\"@type\":\"WebPage\",\"@id\":\"https:\\\/\\\/paulinenaue.info\\\/index.php\\\/fruehlingskonzert-der-karibu-grundschule\\\/\",\"url\":\"https:\\\/\\\/paulinenaue.info\\\/index.php\\\/fruehlingskonzert-der-karibu-grundschule\\\/\",\"name\":\"Fr\u00fchlingskonzert der Karibu-Grundschule - Paulinenaue\",\"isPartOf\":{\"@id\":\"https:\\\/\\\/paulinenaue.info\\\/#website\"},\"primaryImageOfPage\":{\"@id\":\"https:\\\/\\\/paulinenaue.info\\\/index.php\\\/fruehlingskonzert-der-karibu-grundschule\\\/#primaryimage\"},\"image\":{\"@id\":\"https:\\\/\\\/paulinenaue.info\\\/index.php\\\/fruehlingskonzert-der-karibu-grundschule\\\/#primaryimage\"},\"thumbnailUrl\":\"https:\\\/\\\/paulinenaue.info\\\/wp-content\\\/uploads\\\/2016\\\/03\\\/20130315_fruehlingskonzert_02_ft.jpg\",\"datePublished\":\"2016-03-22T12:22:49+00:00\",\"dateModified\":\"2016-09-18T08:45:06+00:00\",\"author\":{\"@id\":\"https:\\\/\\\/paulinenaue.info\\\/#\\\/schema\\\/person\\\/3f9e818fd7b69b0d2bd937ac506897cc\"},\"breadcrumb\":{\"@id\":\"https:\\\/\\\/paulinenaue.info\\\/index.php\\\/fruehlingskonzert-der-karibu-grundschule\\\/#breadcrumb\"},\"inLanguage\":\"de\",\"potentialAction\":[{\"@type\":\"ReadAction\",\"target\":[\"https:\\\/\\\/paulinenaue.info\\\/index.php\\\/fruehlingskonzert-der-karibu-grundschule\\\/\"]}]},{\"@type\":\"ImageObject\",\"inLanguage\":\"de\",\"@id\":\"https:\\\/\\\/paulinenaue.info\\\/index.php\\\/fruehlingskonzert-der-karibu-grundschule\\\/#primaryimage\",\"url\":\"https:\\\/\\\/paulinenaue.info\\\/wp-content\\\/uploads\\\/2016\\\/03\\\/20130315_fruehlingskonzert_02_ft.jpg\",\"contentUrl\":\"https:\\\/\\\/paulinenaue.info\\\/wp-content\\\/uploads\\\/2016\\\/03\\\/20130315_fruehlingskonzert_02_ft.jpg\",\"width\":500,\"height\":375},{\"@type\":\"BreadcrumbList\",\"@id\":\"https:\\\/\\\/paulinenaue.info\\\/index.php\\\/fruehlingskonzert-der-karibu-grundschule\\\/#breadcrumb\",\"itemListElement\":[{\"@type\":\"ListItem\",\"position\":1,\"name\":\"Home\",\"item\":\"https:\\\/\\\/paulinenaue.info\\\/\"},{\"@type\":\"ListItem\",\"position\":2,\"name\":\"Fr\u00fchlingskonzert der Karibu-Grundschule\"}]},{\"@type\":\"WebSite\",\"@id\":\"https:\\\/\\\/paulinenaue.info\\\/#website\",\"url\":\"https:\\\/\\\/paulinenaue.info\\\/\",\"name\":\"Paulinenaue\",\"description\":\"Ein Dorf im Havelland\",\"potentialAction\":[{\"@type\":\"SearchAction\",\"target\":{\"@type\":\"EntryPoint\",\"urlTemplate\":\"https:\\\/\\\/paulinenaue.info\\\/?s={search_term_string}\"},\"query-input\":{\"@type\":\"PropertyValueSpecification\",\"valueRequired\":true,\"valueName\":\"search_term_string\"}}],\"inLanguage\":\"de\"},{\"@type\":\"Person\",\"@id\":\"https:\\\/\\\/paulinenaue.info\\\/#\\\/schema\\\/person\\\/3f9e818fd7b69b0d2bd937ac506897cc\",\"name\":\"Joachim Scholz\",\"url\":\"https:\\\/\\\/paulinenaue.info\\\/index.php\\\/author\\\/jjscholz\\\/\"}]}<\/script>\n<!-- \/ Yoast SEO plugin. -->","yoast_head_json":{"title":"Fr\u00fchlingskonzert der Karibu-Grundschule - Paulinenaue","robots":{"index":"index","follow":"follow","max-snippet":"max-snippet:-1","max-image-preview":"max-image-preview:large","max-video-preview":"max-video-preview:-1"},"canonical":"https:\/\/paulinenaue.info\/index.php\/fruehlingskonzert-der-karibu-grundschule\/","og_locale":"de_DE","og_type":"article","og_title":"Fr\u00fchlingskonzert der Karibu-Grundschule - Paulinenaue","og_description":"Joachim Scholz 15.03.2013. \u201eEs t\u00f6nen die Lieder, der Fr\u00fchling kehrt [&hellip;]","og_url":"https:\/\/paulinenaue.info\/index.php\/fruehlingskonzert-der-karibu-grundschule\/","og_site_name":"Paulinenaue","article_published_time":"2016-03-22T12:22:49+00:00","article_modified_time":"2016-09-18T08:45:06+00:00","og_image":[{"width":500,"height":375,"url":"https:\/\/i1.wp.com\/paulinenaue.info\/wp-content\/uploads\/2016\/03\/20130315_fruehlingskonzert_02_ft.jpg?fit=500%2C375&ssl=1","type":"image\/jpeg"}],"author":"Joachim Scholz","twitter_card":"summary_large_image","twitter_misc":{"Verfasst von":"Joachim Scholz","Gesch\u00e4tzte Lesezeit":"1\u00a0Minute"},"schema":{"@context":"https:\/\/schema.org","@graph":[{"@type":"Article","@id":"https:\/\/paulinenaue.info\/index.php\/fruehlingskonzert-der-karibu-grundschule\/#article","isPartOf":{"@id":"https:\/\/paulinenaue.info\/index.php\/fruehlingskonzert-der-karibu-grundschule\/"},"author":{"name":"Joachim Scholz","@id":"https:\/\/paulinenaue.info\/#\/schema\/person\/3f9e818fd7b69b0d2bd937ac506897cc"},"headline":"Fr\u00fchlingskonzert der Karibu-Grundschule","datePublished":"2016-03-22T12:22:49+00:00","dateModified":"2016-09-18T08:45:06+00:00","mainEntityOfPage":{"@id":"https:\/\/paulinenaue.info\/index.php\/fruehlingskonzert-der-karibu-grundschule\/"},"wordCount":233,"commentCount":0,"image":{"@id":"https:\/\/paulinenaue.info\/index.php\/fruehlingskonzert-der-karibu-grundschule\/#primaryimage"},"thumbnailUrl":"https:\/\/paulinenaue.info\/wp-content\/uploads\/2016\/03\/20130315_fruehlingskonzert_02_ft.jpg","keywords":["Auftritt","Fr\u00fchlingskonzert","Grundschule"],"articleSection":["Grundschule"],"inLanguage":"de","potentialAction":[{"@type":"CommentAction","name":"Comment","target":["https:\/\/paulinenaue.info\/index.php\/fruehlingskonzert-der-karibu-grundschule\/#respond"]}]},{"@type":"WebPage","@id":"https:\/\/paulinenaue.info\/index.php\/fruehlingskonzert-der-karibu-grundschule\/","url":"https:\/\/paulinenaue.info\/index.php\/fruehlingskonzert-der-karibu-grundschule\/","name":"Fr\u00fchlingskonzert der Karibu-Grundschule - Paulinenaue","isPartOf":{"@id":"https:\/\/paulinenaue.info\/#website"},"primaryImageOfPage":{"@id":"https:\/\/paulinenaue.info\/index.php\/fruehlingskonzert-der-karibu-grundschule\/#primaryimage"},"image":{"@id":"https:\/\/paulinenaue.info\/index.php\/fruehlingskonzert-der-karibu-grundschule\/#primaryimage"},"thumbnailUrl":"https:\/\/paulinenaue.info\/wp-content\/uploads\/2016\/03\/20130315_fruehlingskonzert_02_ft.jpg","datePublished":"2016-03-22T12:22:49+00:00","dateModified":"2016-09-18T08:45:06+00:00","author":{"@id":"https:\/\/paulinenaue.info\/#\/schema\/person\/3f9e818fd7b69b0d2bd937ac506897cc"},"breadcrumb":{"@id":"https:\/\/paulinenaue.info\/index.php\/fruehlingskonzert-der-karibu-grundschule\/#breadcrumb"},"inLanguage":"de","potentialAction":[{"@type":"ReadAction","target":["https:\/\/paulinenaue.info\/index.php\/fruehlingskonzert-der-karibu-grundschule\/"]}]},{"@type":"ImageObject","inLanguage":"de","@id":"https:\/\/paulinenaue.info\/index.php\/fruehlingskonzert-der-karibu-grundschule\/#primaryimage","url":"https:\/\/paulinenaue.info\/wp-content\/uploads\/2016\/03\/20130315_fruehlingskonzert_02_ft.jpg","contentUrl":"https:\/\/paulinenaue.info\/wp-content\/uploads\/2016\/03\/20130315_fruehlingskonzert_02_ft.jpg","width":500,"height":375},{"@type":"BreadcrumbList","@id":"https:\/\/paulinenaue.info\/index.php\/fruehlingskonzert-der-karibu-grundschule\/#breadcrumb","itemListElement":[{"@type":"ListItem","position":1,"name":"Home","item":"https:\/\/paulinenaue.info\/"},{"@type":"ListItem","position":2,"name":"Fr\u00fchlingskonzert der Karibu-Grundschule"}]},{"@type":"WebSite","@id":"https:\/\/paulinenaue.info\/#website","url":"https:\/\/paulinenaue.info\/","name":"Paulinenaue","description":"Ein Dorf im Havelland","potentialAction":[{"@type":"SearchAction","target":{"@type":"EntryPoint","urlTemplate":"https:\/\/paulinenaue.info\/?s={search_term_string}"},"query-input":{"@type":"PropertyValueSpecification","valueRequired":true,"valueName":"search_term_string"}}],"inLanguage":"de"},{"@type":"Person","@id":"https:\/\/paulinenaue.info\/#\/schema\/person\/3f9e818fd7b69b0d2bd937ac506897cc","name":"Joachim Scholz","url":"https:\/\/paulinenaue.info\/index.php\/author\/jjscholz\/"}]}},"jetpack_publicize_connections":[],"jetpack_featured_media_url":"https:\/\/paulinenaue.info\/wp-content\/uploads\/2016\/03\/20130315_fruehlingskonzert_02_ft.jpg","jetpack_sharing_enabled":true,"jetpack_shortlink":"https:\/\/wp.me\/pcYhWA-1Y","jetpack-related-posts":[{"id":156,"url":"https:\/\/paulinenaue.info\/index.php\/fruehlingsfest-der-karibuschule\/","url_meta":{"origin":122,"position":0},"title":"Fr\u00fchlingsfest der Karibuschule","author":"Joachim Scholz","date":"22. M\u00e4rz 2016","format":false,"excerpt":"Joachim Scholz 13.06.2011. Bei ihrem diesj\u00e4hrigen Fr\u00fchlingsfest zeigten die Karibukinder erneut ein buntes Programm aus Liedern, Gedichten, T\u00e4nzen und Sketchen. In der ausgeschm\u00fcckten Turnhalle genossen jede Menge Zuschauer die Darbietungen. In wenigen Wochen wird am selben Ort das zweite gro\u00dfe Schulfest ausgetragen. Chor der Schulhofspatzen auf dem Fr\u00fchlingst der Karibu-Grundschule.\u2026","rel":"","context":"In &quot;Grundschule&quot;","block_context":{"text":"Grundschule","link":"https:\/\/paulinenaue.info\/index.php\/category\/grundschule\/"},"img":{"alt_text":"","src":"https:\/\/i0.wp.com\/paulinenaue.info\/wp-content\/uploads\/2016\/03\/20110513_fruehlingsfest_karibuschule_01.jpg?resize=350%2C200&ssl=1","width":350,"height":200},"classes":[]},{"id":160,"url":"https:\/\/paulinenaue.info\/index.php\/schulfest-zum-150-schuljubilaeum\/","url_meta":{"origin":122,"position":1},"title":"Schulfest zum 150. Schuljubil\u00e4um","author":"Joachim Scholz","date":"22. M\u00e4rz 2016","format":false,"excerpt":"Joachim Scholz, Angelika Kellner 18.06.2011. Zum zweiten Mal schon hat sich gezeigt, dass es wohl keine bessere Gelegenheit zur Zusammenkunft vieler Paulinenauer gibt als ein Schulfest, denn kaum etwas anderes als die gemeinsam verbrachte Schulzeit verbindet so viele unterschiedliche Lebensgeschichten. Nach dem gro\u00dfen Erfolg vor f\u00fcnf Jahren hatten viele G\u00e4ste\u2026","rel":"","context":"In &quot;Grundschule&quot;","block_context":{"text":"Grundschule","link":"https:\/\/paulinenaue.info\/index.php\/category\/grundschule\/"},"img":{"alt_text":"","src":"https:\/\/i0.wp.com\/paulinenaue.info\/wp-content\/uploads\/2016\/03\/20110618_schulfest_04_ak.jpg?resize=350%2C200&ssl=1","width":350,"height":200},"classes":[]},{"id":103,"url":"https:\/\/paulinenaue.info\/index.php\/auf-dem-paulinenauer-weihnachtsmarkt-2013\/","url_meta":{"origin":122,"position":2},"title":"Auf dem Paulinenauer Weihnachtsmarkt 2013","author":"Joachim Scholz","date":"30. November 2013","format":false,"excerpt":"Mit einer Andacht zum ersten Advent begann am Samstag, also streng genommen einen Tag zu fr\u00fch, in Paulinenaue die Weihnachtszeit. Pfarrer Michael Jurk und eine Gruppe Bl\u00e4ser, die auf der Empore Platz genommen hatte, stimmten die Gemeinde festlich. Die Kirchenm\u00e4use und die Gitarrengruppe zeigten, was sie gelernt hatten. Dann ging\u2026","rel":"","context":"In &quot;Hier Zuhause&quot;","block_context":{"text":"Hier Zuhause","link":"https:\/\/paulinenaue.info\/index.php\/category\/hier-zuhause\/"},"img":{"alt_text":"","src":"https:\/\/i0.wp.com\/paulinenaue.info\/wp-content\/uploads\/2016\/03\/2013-11-30-Weihanchtsmarkt-03.jpg?resize=350%2C200&ssl=1","width":350,"height":200,"srcset":"https:\/\/i0.wp.com\/paulinenaue.info\/wp-content\/uploads\/2016\/03\/2013-11-30-Weihanchtsmarkt-03.jpg?resize=350%2C200&ssl=1 1x, https:\/\/i0.wp.com\/paulinenaue.info\/wp-content\/uploads\/2016\/03\/2013-11-30-Weihanchtsmarkt-03.jpg?resize=525%2C300&ssl=1 1.5x, https:\/\/i0.wp.com\/paulinenaue.info\/wp-content\/uploads\/2016\/03\/2013-11-30-Weihanchtsmarkt-03.jpg?resize=700%2C400&ssl=1 2x"},"classes":[]},{"id":418139,"url":"https:\/\/paulinenaue.info\/index.php\/klassentreffen-50-jahre-nach-schulabschluss\/","url_meta":{"origin":122,"position":3},"title":"Klassentreffen 50 Jahre nach Schulabschluss","author":"Joachim Scholz","date":"13. Juni 2025","format":false,"excerpt":"Im September 1967 waren sie eingeschult worden, 1975 wurden sie am Ende der 8. Klasse wieder entlassen. Erst mit dem folgenden Jahrgang wurde die Paulinenauer Schule zehnklassig. W\u00e4hrend ihrer Schulzeit fuhren noch Personenz\u00fcge nach Neuruppin, verlie\u00dfen die letzten Bewohner den Knauerhof im Lindholz, z\u00e4hlten die neue Milchviehanlage und das \u201eInstitut\u2026","rel":"","context":"In &quot;Grundschule&quot;","block_context":{"text":"Grundschule","link":"https:\/\/paulinenaue.info\/index.php\/category\/grundschule\/"},"img":{"alt_text":"","src":"https:\/\/i0.wp.com\/paulinenaue.info\/wp-content\/uploads\/2025\/06\/3262B388-38A6-4FAE-9712-8A0C0B535EAC_1_105_c.jpeg?resize=350%2C200&ssl=1","width":350,"height":200,"srcset":"https:\/\/i0.wp.com\/paulinenaue.info\/wp-content\/uploads\/2025\/06\/3262B388-38A6-4FAE-9712-8A0C0B535EAC_1_105_c.jpeg?resize=350%2C200&ssl=1 1x, https:\/\/i0.wp.com\/paulinenaue.info\/wp-content\/uploads\/2025\/06\/3262B388-38A6-4FAE-9712-8A0C0B535EAC_1_105_c.jpeg?resize=525%2C300&ssl=1 1.5x, https:\/\/i0.wp.com\/paulinenaue.info\/wp-content\/uploads\/2025\/06\/3262B388-38A6-4FAE-9712-8A0C0B535EAC_1_105_c.jpeg?resize=700%2C400&ssl=1 2x, https:\/\/i0.wp.com\/paulinenaue.info\/wp-content\/uploads\/2025\/06\/3262B388-38A6-4FAE-9712-8A0C0B535EAC_1_105_c.jpeg?resize=1050%2C600&ssl=1 3x"},"classes":[]},{"id":133,"url":"https:\/\/paulinenaue.info\/index.php\/karibu-meets-feuerwehr-beim-halloweenfest-2012\/","url_meta":{"origin":122,"position":4},"title":"Karibu meets Feuerwehr &#8230; beim Halloweenfest 2012","author":"Joachim Scholz","date":"22. Oktober 2012","format":false,"excerpt":"Gemeinsam mit der Feuerwehr gestaltete die Karibu-Grundschule am 31. Oktober 2012 wieder das Halloween-Fest. Es begann als Projekttag am Vormittag in der Schule und endete mit einem Fackelumzug am Abend. Alle Schulklassen bereiteten sich bis 11 Uhr mit Basteln, Kochen und anderem auf Halloween vor. Am Abend trafen wir uns\u2026","rel":"","context":"In &quot;Feuerwehr&quot;","block_context":{"text":"Feuerwehr","link":"https:\/\/paulinenaue.info\/index.php\/category\/feuerwehr\/"},"img":{"alt_text":"","src":"https:\/\/i0.wp.com\/paulinenaue.info\/wp-content\/uploads\/2016\/03\/Halloween-Schule-31.10.2012-01.jpg?resize=350%2C200&ssl=1","width":350,"height":200,"srcset":"https:\/\/i0.wp.com\/paulinenaue.info\/wp-content\/uploads\/2016\/03\/Halloween-Schule-31.10.2012-01.jpg?resize=350%2C200&ssl=1 1x, https:\/\/i0.wp.com\/paulinenaue.info\/wp-content\/uploads\/2016\/03\/Halloween-Schule-31.10.2012-01.jpg?resize=525%2C300&ssl=1 1.5x, https:\/\/i0.wp.com\/paulinenaue.info\/wp-content\/uploads\/2016\/03\/Halloween-Schule-31.10.2012-01.jpg?resize=700%2C400&ssl=1 2x"},"classes":[]},{"id":416768,"url":"https:\/\/paulinenaue.info\/index.php\/die-biene-und-du\/","url_meta":{"origin":122,"position":5},"title":"Die Biene und Du!","author":"Joachim Scholz","date":"11. September 2024","format":false,"excerpt":"Schulprojektwoche im Rahmen der \u201eSchnellen Vorbeifahrten\u201c 2024 Das neue Schuljahr begann an der Karibu-Grundschule au\u00dfergew\u00f6hnlich. Die Sch\u00fclerinnen und Sch\u00fcler erwartete eine Projektwoche unter dem Motto: \u201eDie Biene und Du\u201c. Dahinter verbarg sich eine Workshopreihe im Rahmen des Paulinenauer Kunstfestivals \u201eSchnelle Vorbeifahrten\u201c, das in diesem Jahr wieder vom Paulinenauer Kulturverein, dem\u2026","rel":"","context":"In &quot;\"Gr\u00fcnes Luch e.V.\"&quot;","block_context":{"text":"\"Gr\u00fcnes Luch e.V.\"","link":"https:\/\/paulinenaue.info\/index.php\/category\/hier-zuhause\/gruenes-luch-e-v\/"},"img":{"alt_text":"","src":"https:\/\/i0.wp.com\/paulinenaue.info\/wp-content\/uploads\/2024\/09\/DSCF5770.jpeg?resize=350%2C200&ssl=1","width":350,"height":200,"srcset":"https:\/\/i0.wp.com\/paulinenaue.info\/wp-content\/uploads\/2024\/09\/DSCF5770.jpeg?resize=350%2C200&ssl=1 1x, https:\/\/i0.wp.com\/paulinenaue.info\/wp-content\/uploads\/2024\/09\/DSCF5770.jpeg?resize=525%2C300&ssl=1 1.5x"},"classes":[]}],"_links":{"self":[{"href":"https:\/\/paulinenaue.info\/index.php\/wp-json\/wp\/v2\/posts\/122","targetHints":{"allow":["GET"]}}],"collection":[{"href":"https:\/\/paulinenaue.info\/index.php\/wp-json\/wp\/v2\/posts"}],"about":[{"href":"https:\/\/paulinenaue.info\/index.php\/wp-json\/wp\/v2\/types\/post"}],"author":[{"embeddable":true,"href":"https:\/\/paulinenaue.info\/index.php\/wp-json\/wp\/v2\/users\/1"}],"replies":[{"embeddable":true,"href":"https:\/\/paulinenaue.info\/index.php\/wp-json\/wp\/v2\/comments?post=122"}],"version-history":[{"count":2,"href":"https:\/\/paulinenaue.info\/index.php\/wp-json\/wp\/v2\/posts\/122\/revisions"}],"predecessor-version":[{"id":124,"href":"https:\/\/paulinenaue.info\/index.php\/wp-json\/wp\/v2\/posts\/122\/revisions\/124"}],"wp:featuredmedia":[{"embeddable":true,"href":"https:\/\/paulinenaue.info\/index.php\/wp-json\/wp\/v2\/media\/349"}],"wp:attachment":[{"href":"https:\/\/paulinenaue.info\/index.php\/wp-json\/wp\/v2\/media?parent=122"}],"wp:term":[{"taxonomy":"category","embeddable":true,"href":"https:\/\/paulinenaue.info\/index.php\/wp-json\/wp\/v2\/categories?post=122"},{"taxonomy":"post_tag","embeddable":true,"href":"https:\/\/paulinenaue.info\/index.php\/wp-json\/wp\/v2\/tags?post=122"}],"curies":[{"name":"wp","href":"https:\/\/api.w.org\/{rel}","templated":true}]}}