{"id":1230,"date":"2017-06-22T16:02:53","date_gmt":"2017-06-22T14:02:53","guid":{"rendered":"http:\/\/paulinenaue.info\/?p=1230"},"modified":"2017-06-22T16:04:28","modified_gmt":"2017-06-22T14:04:28","slug":"der-paulinenauer-fotozirkel","status":"publish","type":"post","link":"https:\/\/paulinenaue.info\/index.php\/der-paulinenauer-fotozirkel\/","title":{"rendered":"Der Paulinenauer Fotozirkel"},"content":{"rendered":"<p>06.09.2006<\/p>\n<h4>von Tilo Geisel, Angelika Kellner und Thomas M\u00fcller<\/h4>\n<p>Text: Angelika Kellner<\/p>\n<p><b>Anfang Juli 2006 trafen sich vier &#8222;Fotofreunde&#8220; nach langer Zeit wieder und erinnerten sich alter Zeiten mit Bildern und k\u00fchlenden Getr\u00e4nken. Vielleicht werden sie sich auch zuk\u00fcnftig \u00fcber ihre Arbeiten austauschen und so auf irgendeine Art und Weise die vor \u00fcber 20 Jahren begonnene Arbeit, auch mit anderen fotografisch Interessierten, fortsetzen. F\u00fcr den Anfang wurde beschlossen, \u00fcber den ehemaligen Fotozirkel zu berichten.<\/b><\/p>\n<p>1984 gr\u00fcndete Thomas M\u00fcller einen Fotozirkel am Institut f\u00fcr Futterproduktion, der ab 1986 unter Leitung von Angelika Kellner bis Juni 1990 bestand. Au\u00dferdem waren &#8211; immer oder nur zeitweise &#8211; mit von der Partie: Georg Drasch\u00e9, Tilo und Sylvia Geisel, Christian St\u00f6cker, Eberhard Schwarz, Peter Lepom, Edita Kirch, Christian Steinhauer, Thomas Kaiser, Axel Behrendt, Werner T\u00f6pfer, J\u00fcrgen Zimmermann, Matthias Frauendorf und Annett Arnold.<\/p>\n<div id=\"attachment_1236\" style=\"width: 310px\" class=\"wp-caption alignnone\"><a href=\"http:\/\/paulinenaue.info\/wp-content\/uploads\/2017\/06\/fotozirkel.jpg\"><img decoding=\"async\" aria-describedby=\"caption-attachment-1236\" data-attachment-id=\"1236\" data-permalink=\"https:\/\/paulinenaue.info\/index.php\/der-paulinenauer-fotozirkel\/fotozirkel\/\" data-orig-file=\"https:\/\/paulinenaue.info\/wp-content\/uploads\/2017\/06\/fotozirkel.jpg\" data-orig-size=\"350,262\" data-comments-opened=\"1\" data-image-meta=\"{&quot;aperture&quot;:&quot;0&quot;,&quot;credit&quot;:&quot;&quot;,&quot;camera&quot;:&quot;&quot;,&quot;caption&quot;:&quot;&quot;,&quot;created_timestamp&quot;:&quot;0&quot;,&quot;copyright&quot;:&quot;&quot;,&quot;focal_length&quot;:&quot;0&quot;,&quot;iso&quot;:&quot;0&quot;,&quot;shutter_speed&quot;:&quot;0&quot;,&quot;title&quot;:&quot;&quot;,&quot;orientation&quot;:&quot;1&quot;}\" data-image-title=\"fotozirkel\" data-image-description=\"\" data-image-caption=\"\" data-large-file=\"https:\/\/paulinenaue.info\/wp-content\/uploads\/2017\/06\/fotozirkel.jpg\" class=\"lazyload wp-image-1236 size-medium\" src=\"http:\/\/paulinenaue.info\/wp-content\/uploads\/2017\/06\/fotozirkel-300x225.jpg\" data-orig-src=\"http:\/\/paulinenaue.info\/wp-content\/uploads\/2017\/06\/fotozirkel-300x225.jpg\" alt=\"Der Fotozirkel w\u00e4hlt Bilder f\u00fcr eine Ausstellung, 1989\" width=\"300\" height=\"225\" srcset=\"data:image\/svg+xml,%3Csvg%20xmlns%3D%27http%3A%2F%2Fwww.w3.org%2F2000%2Fsvg%27%20width%3D%27300%27%20height%3D%27225%27%20viewBox%3D%270%200%20300%20225%27%3E%3Crect%20width%3D%27300%27%20height%3D%27225%27%20fill-opacity%3D%220%22%2F%3E%3C%2Fsvg%3E\" data-srcset=\"https:\/\/paulinenaue.info\/wp-content\/uploads\/2017\/06\/fotozirkel-300x225.jpg 300w, https:\/\/paulinenaue.info\/wp-content\/uploads\/2017\/06\/fotozirkel.jpg 350w\" data-sizes=\"auto\" data-orig-sizes=\"(max-width: 300px) 100vw, 300px\" \/><\/a><p id=\"caption-attachment-1236\" class=\"wp-caption-text\">Der Fotozirkel w\u00e4hlt Bilder f\u00fcr eine Ausstellung, 1989 Foto: Axel Behrendt, 1989<\/p><\/div>\n<p>Etwa acht Mal im Jahr traf man sich im Veranstaltungsraum der damaligen Gemeindebibliothek, um \u00fcber bestimmte fotografische Probleme zu diskutieren und die Arbeiten des einen oder anderen Fotofreundes vorzustellen.<\/p>\n<p>Neben der individuellen fotografischen Bet\u00e4tigung fand man sich ein- bis zweimal im Jahr zu Fotoexkursionen zusammen bzw. besichtigte gemeinsam Ausstellungen, die dann gem\u00fctlich in einer Gastst\u00e4tte ausklangen.<\/p>\n<p>Aber auch eigene Ausstellungen gab es in der damaligen Gemeindebibliothek und im Mehrzweckgeb\u00e4ude.<\/p>\n<p>&nbsp;<\/p>\n<p><b>Bildstrecke &#8211; Aus der Zirkelarbeit<br \/>\n<\/b><\/p>\n<div id=\"attachment_1249\" style=\"width: 240px\" class=\"wp-caption alignnone\"><a href=\"http:\/\/paulinenaue.info\/wp-content\/uploads\/2017\/06\/02.jpg\"><img decoding=\"async\" aria-describedby=\"caption-attachment-1249\" data-attachment-id=\"1249\" data-permalink=\"https:\/\/paulinenaue.info\/index.php\/der-paulinenauer-fotozirkel\/attachment\/02\/\" data-orig-file=\"https:\/\/paulinenaue.info\/wp-content\/uploads\/2017\/06\/02.jpg\" data-orig-size=\"384,500\" data-comments-opened=\"1\" data-image-meta=\"{&quot;aperture&quot;:&quot;0&quot;,&quot;credit&quot;:&quot;&quot;,&quot;camera&quot;:&quot;&quot;,&quot;caption&quot;:&quot;&quot;,&quot;created_timestamp&quot;:&quot;0&quot;,&quot;copyright&quot;:&quot;&quot;,&quot;focal_length&quot;:&quot;0&quot;,&quot;iso&quot;:&quot;0&quot;,&quot;shutter_speed&quot;:&quot;0&quot;,&quot;title&quot;:&quot;&quot;,&quot;orientation&quot;:&quot;1&quot;}\" data-image-title=\"02\" data-image-description=\"\" data-image-caption=\"\" data-large-file=\"https:\/\/paulinenaue.info\/wp-content\/uploads\/2017\/06\/02.jpg\" class=\"lazyload wp-image-1249 size-medium\" src=\"http:\/\/paulinenaue.info\/wp-content\/uploads\/2017\/06\/02-230x300.jpg\" data-orig-src=\"http:\/\/paulinenaue.info\/wp-content\/uploads\/2017\/06\/02-230x300.jpg\" alt=\" Haus der Gemeindebibliothek - bis 1990 Treffpunkt des Fotozirkels. \" width=\"230\" height=\"300\" srcset=\"data:image\/svg+xml,%3Csvg%20xmlns%3D%27http%3A%2F%2Fwww.w3.org%2F2000%2Fsvg%27%20width%3D%27230%27%20height%3D%27300%27%20viewBox%3D%270%200%20230%20300%27%3E%3Crect%20width%3D%27230%27%20height%3D%27300%27%20fill-opacity%3D%220%22%2F%3E%3C%2Fsvg%3E\" data-srcset=\"https:\/\/paulinenaue.info\/wp-content\/uploads\/2017\/06\/02-230x300.jpg 230w, https:\/\/paulinenaue.info\/wp-content\/uploads\/2017\/06\/02.jpg 384w\" data-sizes=\"auto\" data-orig-sizes=\"(max-width: 230px) 100vw, 230px\" \/><\/a><p id=\"caption-attachment-1249\" class=\"wp-caption-text\">Haus der Gemeindebibliothek &#8211; bis 1990 Treffpunkt des Fotozirkels. Foto: Angelika Kellner<\/p><\/div>\n<div id=\"attachment_1248\" style=\"width: 310px\" class=\"wp-caption alignnone\"><a href=\"http:\/\/paulinenaue.info\/wp-content\/uploads\/2017\/06\/01.jpg\"><img decoding=\"async\" aria-describedby=\"caption-attachment-1248\" data-attachment-id=\"1248\" data-permalink=\"https:\/\/paulinenaue.info\/index.php\/der-paulinenauer-fotozirkel\/attachment\/01\/\" data-orig-file=\"https:\/\/paulinenaue.info\/wp-content\/uploads\/2017\/06\/01.jpg\" data-orig-size=\"500,377\" data-comments-opened=\"1\" data-image-meta=\"{&quot;aperture&quot;:&quot;0&quot;,&quot;credit&quot;:&quot;&quot;,&quot;camera&quot;:&quot;&quot;,&quot;caption&quot;:&quot;&quot;,&quot;created_timestamp&quot;:&quot;0&quot;,&quot;copyright&quot;:&quot;&quot;,&quot;focal_length&quot;:&quot;0&quot;,&quot;iso&quot;:&quot;0&quot;,&quot;shutter_speed&quot;:&quot;0&quot;,&quot;title&quot;:&quot;&quot;,&quot;orientation&quot;:&quot;1&quot;}\" data-image-title=\"01\" data-image-description=\"\" data-image-caption=\"\" data-large-file=\"https:\/\/paulinenaue.info\/wp-content\/uploads\/2017\/06\/01.jpg\" class=\"lazyload wp-image-1248 size-medium\" src=\"http:\/\/paulinenaue.info\/wp-content\/uploads\/2017\/06\/01-300x226.jpg\" data-orig-src=\"http:\/\/paulinenaue.info\/wp-content\/uploads\/2017\/06\/01-300x226.jpg\" alt=\" Tilo Geisel bei der Arbeit in der von Zirkelmitstreitern selbst eingerichteten Dunkelkammer im Dachgeschoss der damaligen Gemeindebibliothek, Anfang 1989. \" width=\"300\" height=\"226\" srcset=\"data:image\/svg+xml,%3Csvg%20xmlns%3D%27http%3A%2F%2Fwww.w3.org%2F2000%2Fsvg%27%20width%3D%27300%27%20height%3D%27226%27%20viewBox%3D%270%200%20300%20226%27%3E%3Crect%20width%3D%27300%27%20height%3D%27226%27%20fill-opacity%3D%220%22%2F%3E%3C%2Fsvg%3E\" data-srcset=\"https:\/\/paulinenaue.info\/wp-content\/uploads\/2017\/06\/01-300x226.jpg 300w, https:\/\/paulinenaue.info\/wp-content\/uploads\/2017\/06\/01.jpg 500w\" data-sizes=\"auto\" data-orig-sizes=\"(max-width: 300px) 100vw, 300px\" \/><\/a><p id=\"caption-attachment-1248\" class=\"wp-caption-text\">Tilo Geisel bei der Arbeit in der von Zirkelmitstreitern selbst eingerichteten Dunkelkammer im Dachgeschoss der damaligen Gemeindebibliothek, Anfang 1989. Foto: Thomas M\u00fcller, 1989<\/p><\/div>\n<div id=\"attachment_1250\" style=\"width: 310px\" class=\"wp-caption alignnone\"><a href=\"http:\/\/paulinenaue.info\/wp-content\/uploads\/2017\/06\/03.jpg\"><img decoding=\"async\" aria-describedby=\"caption-attachment-1250\" data-attachment-id=\"1250\" data-permalink=\"https:\/\/paulinenaue.info\/index.php\/der-paulinenauer-fotozirkel\/attachment\/03\/\" data-orig-file=\"https:\/\/paulinenaue.info\/wp-content\/uploads\/2017\/06\/03.jpg\" data-orig-size=\"500,375\" data-comments-opened=\"1\" data-image-meta=\"{&quot;aperture&quot;:&quot;0&quot;,&quot;credit&quot;:&quot;&quot;,&quot;camera&quot;:&quot;&quot;,&quot;caption&quot;:&quot;&quot;,&quot;created_timestamp&quot;:&quot;0&quot;,&quot;copyright&quot;:&quot;&quot;,&quot;focal_length&quot;:&quot;0&quot;,&quot;iso&quot;:&quot;0&quot;,&quot;shutter_speed&quot;:&quot;0&quot;,&quot;title&quot;:&quot;&quot;,&quot;orientation&quot;:&quot;1&quot;}\" data-image-title=\"03\" data-image-description=\"\" data-image-caption=\"\" data-large-file=\"https:\/\/paulinenaue.info\/wp-content\/uploads\/2017\/06\/03.jpg\" class=\"lazyload wp-image-1250 size-medium\" src=\"http:\/\/paulinenaue.info\/wp-content\/uploads\/2017\/06\/03-300x225.jpg\" data-orig-src=\"http:\/\/paulinenaue.info\/wp-content\/uploads\/2017\/06\/03-300x225.jpg\" alt=\" Fotoexkursion in den Kleinen Jahnbergen, 1987. \" width=\"300\" height=\"225\" srcset=\"data:image\/svg+xml,%3Csvg%20xmlns%3D%27http%3A%2F%2Fwww.w3.org%2F2000%2Fsvg%27%20width%3D%27300%27%20height%3D%27225%27%20viewBox%3D%270%200%20300%20225%27%3E%3Crect%20width%3D%27300%27%20height%3D%27225%27%20fill-opacity%3D%220%22%2F%3E%3C%2Fsvg%3E\" data-srcset=\"https:\/\/paulinenaue.info\/wp-content\/uploads\/2017\/06\/03-300x225.jpg 300w, https:\/\/paulinenaue.info\/wp-content\/uploads\/2017\/06\/03.jpg 500w\" data-sizes=\"auto\" data-orig-sizes=\"(max-width: 300px) 100vw, 300px\" \/><\/a><p id=\"caption-attachment-1250\" class=\"wp-caption-text\">Fotoexkursion in den Kleinen Jahnbergen, 1987. Foto: Georg Drasch\u00e9, 1987<\/p><\/div>\n<div id=\"attachment_1251\" style=\"width: 235px\" class=\"wp-caption alignnone\"><a href=\"http:\/\/paulinenaue.info\/wp-content\/uploads\/2017\/06\/04.jpg\"><img decoding=\"async\" aria-describedby=\"caption-attachment-1251\" data-attachment-id=\"1251\" data-permalink=\"https:\/\/paulinenaue.info\/index.php\/der-paulinenauer-fotozirkel\/attachment\/04\/\" data-orig-file=\"https:\/\/paulinenaue.info\/wp-content\/uploads\/2017\/06\/04.jpg\" data-orig-size=\"375,500\" data-comments-opened=\"1\" data-image-meta=\"{&quot;aperture&quot;:&quot;0&quot;,&quot;credit&quot;:&quot;&quot;,&quot;camera&quot;:&quot;&quot;,&quot;caption&quot;:&quot;&quot;,&quot;created_timestamp&quot;:&quot;0&quot;,&quot;copyright&quot;:&quot;&quot;,&quot;focal_length&quot;:&quot;0&quot;,&quot;iso&quot;:&quot;0&quot;,&quot;shutter_speed&quot;:&quot;0&quot;,&quot;title&quot;:&quot;&quot;,&quot;orientation&quot;:&quot;1&quot;}\" data-image-title=\"04\" data-image-description=\"\" data-image-caption=\"\" data-large-file=\"https:\/\/paulinenaue.info\/wp-content\/uploads\/2017\/06\/04.jpg\" class=\"lazyload wp-image-1251 size-medium\" src=\"http:\/\/paulinenaue.info\/wp-content\/uploads\/2017\/06\/04-225x300.jpg\" data-orig-src=\"http:\/\/paulinenaue.info\/wp-content\/uploads\/2017\/06\/04-225x300.jpg\" alt=\" Fotosession im Luch, 1988. \" width=\"225\" height=\"300\" srcset=\"data:image\/svg+xml,%3Csvg%20xmlns%3D%27http%3A%2F%2Fwww.w3.org%2F2000%2Fsvg%27%20width%3D%27225%27%20height%3D%27300%27%20viewBox%3D%270%200%20225%20300%27%3E%3Crect%20width%3D%27225%27%20height%3D%27300%27%20fill-opacity%3D%220%22%2F%3E%3C%2Fsvg%3E\" data-srcset=\"https:\/\/paulinenaue.info\/wp-content\/uploads\/2017\/06\/04-225x300.jpg 225w, https:\/\/paulinenaue.info\/wp-content\/uploads\/2017\/06\/04.jpg 375w\" data-sizes=\"auto\" data-orig-sizes=\"(max-width: 225px) 100vw, 225px\" \/><\/a><p id=\"caption-attachment-1251\" class=\"wp-caption-text\">Fotosession im Luch, 1988. Foto: Angelika Kellner, 1988<\/p><\/div>\n<div id=\"attachment_1252\" style=\"width: 310px\" class=\"wp-caption alignnone\"><a href=\"http:\/\/paulinenaue.info\/wp-content\/uploads\/2017\/06\/05.jpg\"><img decoding=\"async\" aria-describedby=\"caption-attachment-1252\" data-attachment-id=\"1252\" data-permalink=\"https:\/\/paulinenaue.info\/index.php\/der-paulinenauer-fotozirkel\/attachment\/05\/\" data-orig-file=\"https:\/\/paulinenaue.info\/wp-content\/uploads\/2017\/06\/05.jpg\" data-orig-size=\"500,372\" data-comments-opened=\"1\" data-image-meta=\"{&quot;aperture&quot;:&quot;0&quot;,&quot;credit&quot;:&quot;&quot;,&quot;camera&quot;:&quot;&quot;,&quot;caption&quot;:&quot;&quot;,&quot;created_timestamp&quot;:&quot;0&quot;,&quot;copyright&quot;:&quot;&quot;,&quot;focal_length&quot;:&quot;0&quot;,&quot;iso&quot;:&quot;0&quot;,&quot;shutter_speed&quot;:&quot;0&quot;,&quot;title&quot;:&quot;&quot;,&quot;orientation&quot;:&quot;1&quot;}\" data-image-title=\"05\" data-image-description=\"\" data-image-caption=\"\" data-large-file=\"https:\/\/paulinenaue.info\/wp-content\/uploads\/2017\/06\/05.jpg\" class=\"lazyload wp-image-1252 size-medium\" src=\"http:\/\/paulinenaue.info\/wp-content\/uploads\/2017\/06\/05-300x223.jpg\" data-orig-src=\"http:\/\/paulinenaue.info\/wp-content\/uploads\/2017\/06\/05-300x223.jpg\" alt=\" Bildbesprechung, 1989 \" width=\"300\" height=\"223\" srcset=\"data:image\/svg+xml,%3Csvg%20xmlns%3D%27http%3A%2F%2Fwww.w3.org%2F2000%2Fsvg%27%20width%3D%27300%27%20height%3D%27223%27%20viewBox%3D%270%200%20300%20223%27%3E%3Crect%20width%3D%27300%27%20height%3D%27223%27%20fill-opacity%3D%220%22%2F%3E%3C%2Fsvg%3E\" data-srcset=\"https:\/\/paulinenaue.info\/wp-content\/uploads\/2017\/06\/05-300x223.jpg 300w, https:\/\/paulinenaue.info\/wp-content\/uploads\/2017\/06\/05.jpg 500w\" data-sizes=\"auto\" data-orig-sizes=\"(max-width: 300px) 100vw, 300px\" \/><\/a><p id=\"caption-attachment-1252\" class=\"wp-caption-text\">Bildbesprechung, 1989 Foto: Axel Behrendt, 1989<\/p><\/div>\n<div id=\"attachment_1253\" style=\"width: 310px\" class=\"wp-caption alignnone\"><a href=\"http:\/\/paulinenaue.info\/wp-content\/uploads\/2017\/06\/06.jpg\"><img decoding=\"async\" aria-describedby=\"caption-attachment-1253\" data-attachment-id=\"1253\" data-permalink=\"https:\/\/paulinenaue.info\/index.php\/der-paulinenauer-fotozirkel\/attachment\/06\/\" data-orig-file=\"https:\/\/paulinenaue.info\/wp-content\/uploads\/2017\/06\/06.jpg\" data-orig-size=\"500,375\" data-comments-opened=\"1\" data-image-meta=\"{&quot;aperture&quot;:&quot;0&quot;,&quot;credit&quot;:&quot;&quot;,&quot;camera&quot;:&quot;&quot;,&quot;caption&quot;:&quot;&quot;,&quot;created_timestamp&quot;:&quot;0&quot;,&quot;copyright&quot;:&quot;&quot;,&quot;focal_length&quot;:&quot;0&quot;,&quot;iso&quot;:&quot;0&quot;,&quot;shutter_speed&quot;:&quot;0&quot;,&quot;title&quot;:&quot;&quot;,&quot;orientation&quot;:&quot;1&quot;}\" data-image-title=\"06\" data-image-description=\"\" data-image-caption=\"\" data-large-file=\"https:\/\/paulinenaue.info\/wp-content\/uploads\/2017\/06\/06.jpg\" class=\"lazyload wp-image-1253 size-medium\" src=\"http:\/\/paulinenaue.info\/wp-content\/uploads\/2017\/06\/06-300x225.jpg\" data-orig-src=\"http:\/\/paulinenaue.info\/wp-content\/uploads\/2017\/06\/06-300x225.jpg\" alt=\" Bildbesprechung, 1989 \" width=\"300\" height=\"225\" srcset=\"data:image\/svg+xml,%3Csvg%20xmlns%3D%27http%3A%2F%2Fwww.w3.org%2F2000%2Fsvg%27%20width%3D%27300%27%20height%3D%27225%27%20viewBox%3D%270%200%20300%20225%27%3E%3Crect%20width%3D%27300%27%20height%3D%27225%27%20fill-opacity%3D%220%22%2F%3E%3C%2Fsvg%3E\" data-srcset=\"https:\/\/paulinenaue.info\/wp-content\/uploads\/2017\/06\/06-300x225.jpg 300w, https:\/\/paulinenaue.info\/wp-content\/uploads\/2017\/06\/06.jpg 500w\" data-sizes=\"auto\" data-orig-sizes=\"(max-width: 300px) 100vw, 300px\" \/><\/a><p id=\"caption-attachment-1253\" class=\"wp-caption-text\">Bildbesprechung, 1989 Foto: Axel Behrendt, 1989<\/p><\/div>\n<div id=\"attachment_1254\" style=\"width: 236px\" class=\"wp-caption alignnone\"><a href=\"http:\/\/paulinenaue.info\/wp-content\/uploads\/2017\/06\/08.jpg\"><img decoding=\"async\" aria-describedby=\"caption-attachment-1254\" data-attachment-id=\"1254\" data-permalink=\"https:\/\/paulinenaue.info\/index.php\/der-paulinenauer-fotozirkel\/attachment\/08\/\" data-orig-file=\"https:\/\/paulinenaue.info\/wp-content\/uploads\/2017\/06\/08.jpg\" data-orig-size=\"376,500\" data-comments-opened=\"1\" data-image-meta=\"{&quot;aperture&quot;:&quot;0&quot;,&quot;credit&quot;:&quot;&quot;,&quot;camera&quot;:&quot;&quot;,&quot;caption&quot;:&quot;&quot;,&quot;created_timestamp&quot;:&quot;0&quot;,&quot;copyright&quot;:&quot;&quot;,&quot;focal_length&quot;:&quot;0&quot;,&quot;iso&quot;:&quot;0&quot;,&quot;shutter_speed&quot;:&quot;0&quot;,&quot;title&quot;:&quot;&quot;,&quot;orientation&quot;:&quot;1&quot;}\" data-image-title=\"08\" data-image-description=\"\" data-image-caption=\"\" data-large-file=\"https:\/\/paulinenaue.info\/wp-content\/uploads\/2017\/06\/08.jpg\" class=\"lazyload wp-image-1254 size-medium\" src=\"http:\/\/paulinenaue.info\/wp-content\/uploads\/2017\/06\/08-226x300.jpg\" data-orig-src=\"http:\/\/paulinenaue.info\/wp-content\/uploads\/2017\/06\/08-226x300.jpg\" alt=\" Unser &quot;Lehrmeister&quot; Georg Drasch\u00e9, 1987 \" width=\"226\" height=\"300\" srcset=\"data:image\/svg+xml,%3Csvg%20xmlns%3D%27http%3A%2F%2Fwww.w3.org%2F2000%2Fsvg%27%20width%3D%27226%27%20height%3D%27300%27%20viewBox%3D%270%200%20226%20300%27%3E%3Crect%20width%3D%27226%27%20height%3D%27300%27%20fill-opacity%3D%220%22%2F%3E%3C%2Fsvg%3E\" data-srcset=\"https:\/\/paulinenaue.info\/wp-content\/uploads\/2017\/06\/08-226x300.jpg 226w, https:\/\/paulinenaue.info\/wp-content\/uploads\/2017\/06\/08.jpg 376w\" data-sizes=\"auto\" data-orig-sizes=\"(max-width: 226px) 100vw, 226px\" \/><\/a><p id=\"caption-attachment-1254\" class=\"wp-caption-text\">Unser &#8222;Lehrmeister&#8220; Georg Drasch\u00e9, 1987 Foto: Georg Drasch\u00e9, 1987<\/p><\/div>\n<p>Anfang 1989 wurde die in Eigenregie im Haus der Gemeindebibliothek erbaute Dunkelkammer eingeweiht. Sie konnte aber nur gut zwei Jahre bis zur R\u00fcckgabe des Hauses an die Deutsche Bahn genutzt werden. Bedingt durch die gravierenden Ver\u00e4nderungen im Institut und in der Gemeinde liefen die gemeinsamen fotografischen Aktivit\u00e4ten in der Nachwendezeit leider aus.<\/p>\n<p>Wie sich nun herausstellte, war der eine oder andere Paulinenauer Fotofreund in den letzten Jahren doch weiter aktiv. So sollen einige fr\u00fchere und einige heutige Arbeiten vorgestellt werden.<\/p>\n<p>&nbsp;<\/p>\n<p><b>Tilo Geisel<br \/>\n<\/b><\/p>\n<div id=\"attachment_1239\" style=\"width: 224px\" class=\"wp-caption alignnone\"><a href=\"http:\/\/paulinenaue.info\/wp-content\/uploads\/2017\/06\/Kreuzen.jpg\"><img decoding=\"async\" aria-describedby=\"caption-attachment-1239\" data-attachment-id=\"1239\" data-permalink=\"https:\/\/paulinenaue.info\/index.php\/der-paulinenauer-fotozirkel\/kreuzen\/\" data-orig-file=\"https:\/\/paulinenaue.info\/wp-content\/uploads\/2017\/06\/Kreuzen.jpg\" data-orig-size=\"356,500\" data-comments-opened=\"1\" data-image-meta=\"{&quot;aperture&quot;:&quot;0&quot;,&quot;credit&quot;:&quot;&quot;,&quot;camera&quot;:&quot;&quot;,&quot;caption&quot;:&quot;&quot;,&quot;created_timestamp&quot;:&quot;0&quot;,&quot;copyright&quot;:&quot;&quot;,&quot;focal_length&quot;:&quot;0&quot;,&quot;iso&quot;:&quot;0&quot;,&quot;shutter_speed&quot;:&quot;0&quot;,&quot;title&quot;:&quot;&quot;,&quot;orientation&quot;:&quot;1&quot;}\" data-image-title=\"Kreuzen\" data-image-description=\"\" data-image-caption=\"\" data-large-file=\"https:\/\/paulinenaue.info\/wp-content\/uploads\/2017\/06\/Kreuzen.jpg\" class=\"lazyload wp-image-1239 size-medium\" src=\"http:\/\/paulinenaue.info\/wp-content\/uploads\/2017\/06\/Kreuzen-214x300.jpg\" data-orig-src=\"http:\/\/paulinenaue.info\/wp-content\/uploads\/2017\/06\/Kreuzen-214x300.jpg\" alt=\" Beim Kreuzen \" width=\"214\" height=\"300\" srcset=\"data:image\/svg+xml,%3Csvg%20xmlns%3D%27http%3A%2F%2Fwww.w3.org%2F2000%2Fsvg%27%20width%3D%27214%27%20height%3D%27300%27%20viewBox%3D%270%200%20214%20300%27%3E%3Crect%20width%3D%27214%27%20height%3D%27300%27%20fill-opacity%3D%220%22%2F%3E%3C%2Fsvg%3E\" data-srcset=\"https:\/\/paulinenaue.info\/wp-content\/uploads\/2017\/06\/Kreuzen-214x300.jpg 214w, https:\/\/paulinenaue.info\/wp-content\/uploads\/2017\/06\/Kreuzen.jpg 356w\" data-sizes=\"auto\" data-orig-sizes=\"(max-width: 214px) 100vw, 214px\" \/><\/a><p id=\"caption-attachment-1239\" class=\"wp-caption-text\">Beim Kreuzen Foto: Tilo Geisel, 1985<\/p><\/div>\n<div id=\"attachment_1247\" style=\"width: 229px\" class=\"wp-caption alignnone\"><a href=\"http:\/\/paulinenaue.info\/wp-content\/uploads\/2017\/06\/SW.jpg\"><img decoding=\"async\" aria-describedby=\"caption-attachment-1247\" data-attachment-id=\"1247\" data-permalink=\"https:\/\/paulinenaue.info\/index.php\/der-paulinenauer-fotozirkel\/sw\/\" data-orig-file=\"https:\/\/paulinenaue.info\/wp-content\/uploads\/2017\/06\/SW.jpg\" data-orig-size=\"364,499\" data-comments-opened=\"1\" data-image-meta=\"{&quot;aperture&quot;:&quot;0&quot;,&quot;credit&quot;:&quot;&quot;,&quot;camera&quot;:&quot;&quot;,&quot;caption&quot;:&quot;&quot;,&quot;created_timestamp&quot;:&quot;0&quot;,&quot;copyright&quot;:&quot;&quot;,&quot;focal_length&quot;:&quot;0&quot;,&quot;iso&quot;:&quot;0&quot;,&quot;shutter_speed&quot;:&quot;0&quot;,&quot;title&quot;:&quot;&quot;,&quot;orientation&quot;:&quot;1&quot;}\" data-image-title=\"SW\" data-image-description=\"\" data-image-caption=\"\" data-large-file=\"https:\/\/paulinenaue.info\/wp-content\/uploads\/2017\/06\/SW.jpg\" class=\"lazyload wp-image-1247 size-medium\" src=\"http:\/\/paulinenaue.info\/wp-content\/uploads\/2017\/06\/SW-219x300.jpg\" data-orig-src=\"http:\/\/paulinenaue.info\/wp-content\/uploads\/2017\/06\/SW-219x300.jpg\" alt=\" Schwarz-wei\u00df \" width=\"219\" height=\"300\" srcset=\"data:image\/svg+xml,%3Csvg%20xmlns%3D%27http%3A%2F%2Fwww.w3.org%2F2000%2Fsvg%27%20width%3D%27219%27%20height%3D%27300%27%20viewBox%3D%270%200%20219%20300%27%3E%3Crect%20width%3D%27219%27%20height%3D%27300%27%20fill-opacity%3D%220%22%2F%3E%3C%2Fsvg%3E\" data-srcset=\"https:\/\/paulinenaue.info\/wp-content\/uploads\/2017\/06\/SW-219x300.jpg 219w, https:\/\/paulinenaue.info\/wp-content\/uploads\/2017\/06\/SW.jpg 364w\" data-sizes=\"auto\" data-orig-sizes=\"(max-width: 219px) 100vw, 219px\" \/><\/a><p id=\"caption-attachment-1247\" class=\"wp-caption-text\">Schwarz-wei\u00df Foto: Tilo Geisel, 1986<\/p><\/div>\n<div id=\"attachment_1243\" style=\"width: 310px\" class=\"wp-caption alignnone\"><a href=\"http:\/\/paulinenaue.info\/wp-content\/uploads\/2017\/06\/Rbezahl.jpg\"><img decoding=\"async\" aria-describedby=\"caption-attachment-1243\" data-attachment-id=\"1243\" data-permalink=\"https:\/\/paulinenaue.info\/index.php\/der-paulinenauer-fotozirkel\/rbezahl\/\" data-orig-file=\"https:\/\/paulinenaue.info\/wp-content\/uploads\/2017\/06\/Rbezahl.jpg\" data-orig-size=\"498,365\" data-comments-opened=\"1\" data-image-meta=\"{&quot;aperture&quot;:&quot;0&quot;,&quot;credit&quot;:&quot;&quot;,&quot;camera&quot;:&quot;&quot;,&quot;caption&quot;:&quot;&quot;,&quot;created_timestamp&quot;:&quot;0&quot;,&quot;copyright&quot;:&quot;&quot;,&quot;focal_length&quot;:&quot;0&quot;,&quot;iso&quot;:&quot;0&quot;,&quot;shutter_speed&quot;:&quot;0&quot;,&quot;title&quot;:&quot;&quot;,&quot;orientation&quot;:&quot;1&quot;}\" data-image-title=\"R?bezahl\" data-image-description=\"\" data-image-caption=\"\" data-large-file=\"https:\/\/paulinenaue.info\/wp-content\/uploads\/2017\/06\/Rbezahl.jpg\" class=\"lazyload wp-image-1243 size-medium\" src=\"http:\/\/paulinenaue.info\/wp-content\/uploads\/2017\/06\/Rbezahl-300x220.jpg\" data-orig-src=\"http:\/\/paulinenaue.info\/wp-content\/uploads\/2017\/06\/Rbezahl-300x220.jpg\" alt=\" R\u00fcbezahls Reich \" width=\"300\" height=\"220\" srcset=\"data:image\/svg+xml,%3Csvg%20xmlns%3D%27http%3A%2F%2Fwww.w3.org%2F2000%2Fsvg%27%20width%3D%27300%27%20height%3D%27220%27%20viewBox%3D%270%200%20300%20220%27%3E%3Crect%20width%3D%27300%27%20height%3D%27220%27%20fill-opacity%3D%220%22%2F%3E%3C%2Fsvg%3E\" data-srcset=\"https:\/\/paulinenaue.info\/wp-content\/uploads\/2017\/06\/Rbezahl-300x220.jpg 300w, https:\/\/paulinenaue.info\/wp-content\/uploads\/2017\/06\/Rbezahl.jpg 498w\" data-sizes=\"auto\" data-orig-sizes=\"(max-width: 300px) 100vw, 300px\" \/><\/a><p id=\"caption-attachment-1243\" class=\"wp-caption-text\">R\u00fcbezahls Reich Foto: Tilo Geisel, 1986<\/p><\/div>\n<div id=\"attachment_1234\" style=\"width: 310px\" class=\"wp-caption alignnone\"><a href=\"http:\/\/paulinenaue.info\/wp-content\/uploads\/2017\/06\/Eibe-1.jpg\"><img decoding=\"async\" aria-describedby=\"caption-attachment-1234\" data-attachment-id=\"1234\" data-permalink=\"https:\/\/paulinenaue.info\/index.php\/der-paulinenauer-fotozirkel\/eibe-2\/\" data-orig-file=\"https:\/\/paulinenaue.info\/wp-content\/uploads\/2017\/06\/Eibe-1.jpg\" data-orig-size=\"500,335\" data-comments-opened=\"1\" data-image-meta=\"{&quot;aperture&quot;:&quot;0&quot;,&quot;credit&quot;:&quot;&quot;,&quot;camera&quot;:&quot;&quot;,&quot;caption&quot;:&quot;&quot;,&quot;created_timestamp&quot;:&quot;0&quot;,&quot;copyright&quot;:&quot;&quot;,&quot;focal_length&quot;:&quot;0&quot;,&quot;iso&quot;:&quot;0&quot;,&quot;shutter_speed&quot;:&quot;0&quot;,&quot;title&quot;:&quot;&quot;,&quot;orientation&quot;:&quot;1&quot;}\" data-image-title=\"Eibe\" data-image-description=\"\" data-image-caption=\"\" data-large-file=\"https:\/\/paulinenaue.info\/wp-content\/uploads\/2017\/06\/Eibe-1.jpg\" class=\"lazyload wp-image-1234 size-medium\" src=\"http:\/\/paulinenaue.info\/wp-content\/uploads\/2017\/06\/Eibe-1-300x201.jpg\" data-orig-src=\"http:\/\/paulinenaue.info\/wp-content\/uploads\/2017\/06\/Eibe-1-300x201.jpg\" alt=\" Eibe im Gegenlicht \" width=\"300\" height=\"201\" srcset=\"data:image\/svg+xml,%3Csvg%20xmlns%3D%27http%3A%2F%2Fwww.w3.org%2F2000%2Fsvg%27%20width%3D%27300%27%20height%3D%27201%27%20viewBox%3D%270%200%20300%20201%27%3E%3Crect%20width%3D%27300%27%20height%3D%27201%27%20fill-opacity%3D%220%22%2F%3E%3C%2Fsvg%3E\" data-srcset=\"https:\/\/paulinenaue.info\/wp-content\/uploads\/2017\/06\/Eibe-1-272x182.jpg 272w, https:\/\/paulinenaue.info\/wp-content\/uploads\/2017\/06\/Eibe-1-300x201.jpg 300w, https:\/\/paulinenaue.info\/wp-content\/uploads\/2017\/06\/Eibe-1.jpg 500w\" data-sizes=\"auto\" data-orig-sizes=\"(max-width: 300px) 100vw, 300px\" \/><\/a><p id=\"caption-attachment-1234\" class=\"wp-caption-text\">Eibe im Gegenlicht Foto: Tilo Geisel, 2004<\/p><\/div>\n<div id=\"attachment_1245\" style=\"width: 310px\" class=\"wp-caption alignnone\"><a href=\"http:\/\/paulinenaue.info\/wp-content\/uploads\/2017\/06\/Spektralfarben.jpg\"><img decoding=\"async\" aria-describedby=\"caption-attachment-1245\" data-attachment-id=\"1245\" data-permalink=\"https:\/\/paulinenaue.info\/index.php\/der-paulinenauer-fotozirkel\/spektralfarben\/\" data-orig-file=\"https:\/\/paulinenaue.info\/wp-content\/uploads\/2017\/06\/Spektralfarben.jpg\" data-orig-size=\"500,335\" data-comments-opened=\"1\" data-image-meta=\"{&quot;aperture&quot;:&quot;0&quot;,&quot;credit&quot;:&quot;&quot;,&quot;camera&quot;:&quot;&quot;,&quot;caption&quot;:&quot;&quot;,&quot;created_timestamp&quot;:&quot;0&quot;,&quot;copyright&quot;:&quot;&quot;,&quot;focal_length&quot;:&quot;0&quot;,&quot;iso&quot;:&quot;0&quot;,&quot;shutter_speed&quot;:&quot;0&quot;,&quot;title&quot;:&quot;&quot;,&quot;orientation&quot;:&quot;1&quot;}\" data-image-title=\"Spektralfarben\" data-image-description=\"\" data-image-caption=\"\" data-large-file=\"https:\/\/paulinenaue.info\/wp-content\/uploads\/2017\/06\/Spektralfarben.jpg\" class=\"lazyload wp-image-1245 size-medium\" src=\"http:\/\/paulinenaue.info\/wp-content\/uploads\/2017\/06\/Spektralfarben-300x201.jpg\" data-orig-src=\"http:\/\/paulinenaue.info\/wp-content\/uploads\/2017\/06\/Spektralfarben-300x201.jpg\" alt=\" Spektralfarben \" width=\"300\" height=\"201\" srcset=\"data:image\/svg+xml,%3Csvg%20xmlns%3D%27http%3A%2F%2Fwww.w3.org%2F2000%2Fsvg%27%20width%3D%27300%27%20height%3D%27201%27%20viewBox%3D%270%200%20300%20201%27%3E%3Crect%20width%3D%27300%27%20height%3D%27201%27%20fill-opacity%3D%220%22%2F%3E%3C%2Fsvg%3E\" data-srcset=\"https:\/\/paulinenaue.info\/wp-content\/uploads\/2017\/06\/Spektralfarben-272x182.jpg 272w, https:\/\/paulinenaue.info\/wp-content\/uploads\/2017\/06\/Spektralfarben-300x201.jpg 300w, https:\/\/paulinenaue.info\/wp-content\/uploads\/2017\/06\/Spektralfarben.jpg 500w\" data-sizes=\"auto\" data-orig-sizes=\"(max-width: 300px) 100vw, 300px\" \/><\/a><p id=\"caption-attachment-1245\" class=\"wp-caption-text\">Spektralfarben Foto: Tilo Geisel, 2005<\/p><\/div>\n<div id=\"attachment_1246\" style=\"width: 310px\" class=\"wp-caption alignnone\"><a href=\"http:\/\/paulinenaue.info\/wp-content\/uploads\/2017\/06\/Sumpfdotterblumen.jpg\"><img decoding=\"async\" aria-describedby=\"caption-attachment-1246\" data-attachment-id=\"1246\" data-permalink=\"https:\/\/paulinenaue.info\/index.php\/der-paulinenauer-fotozirkel\/sumpfdotterblumen\/\" data-orig-file=\"https:\/\/paulinenaue.info\/wp-content\/uploads\/2017\/06\/Sumpfdotterblumen.jpg\" data-orig-size=\"500,335\" data-comments-opened=\"1\" data-image-meta=\"{&quot;aperture&quot;:&quot;0&quot;,&quot;credit&quot;:&quot;&quot;,&quot;camera&quot;:&quot;&quot;,&quot;caption&quot;:&quot;&quot;,&quot;created_timestamp&quot;:&quot;0&quot;,&quot;copyright&quot;:&quot;&quot;,&quot;focal_length&quot;:&quot;0&quot;,&quot;iso&quot;:&quot;0&quot;,&quot;shutter_speed&quot;:&quot;0&quot;,&quot;title&quot;:&quot;&quot;,&quot;orientation&quot;:&quot;1&quot;}\" data-image-title=\"Sumpfdotterblumen\" data-image-description=\"\" data-image-caption=\"\" data-large-file=\"https:\/\/paulinenaue.info\/wp-content\/uploads\/2017\/06\/Sumpfdotterblumen.jpg\" class=\"lazyload wp-image-1246 size-medium\" src=\"http:\/\/paulinenaue.info\/wp-content\/uploads\/2017\/06\/Sumpfdotterblumen-300x201.jpg\" data-orig-src=\"http:\/\/paulinenaue.info\/wp-content\/uploads\/2017\/06\/Sumpfdotterblumen-300x201.jpg\" alt=\" Sumpfdotterblumen \" width=\"300\" height=\"201\" srcset=\"data:image\/svg+xml,%3Csvg%20xmlns%3D%27http%3A%2F%2Fwww.w3.org%2F2000%2Fsvg%27%20width%3D%27300%27%20height%3D%27201%27%20viewBox%3D%270%200%20300%20201%27%3E%3Crect%20width%3D%27300%27%20height%3D%27201%27%20fill-opacity%3D%220%22%2F%3E%3C%2Fsvg%3E\" data-srcset=\"https:\/\/paulinenaue.info\/wp-content\/uploads\/2017\/06\/Sumpfdotterblumen-272x182.jpg 272w, https:\/\/paulinenaue.info\/wp-content\/uploads\/2017\/06\/Sumpfdotterblumen-300x201.jpg 300w, https:\/\/paulinenaue.info\/wp-content\/uploads\/2017\/06\/Sumpfdotterblumen.jpg 500w\" data-sizes=\"auto\" data-orig-sizes=\"(max-width: 300px) 100vw, 300px\" \/><\/a><p id=\"caption-attachment-1246\" class=\"wp-caption-text\">Sumpfdotterblumen Foto: Tilo Geisel, 2005<\/p><\/div>\n<p>&nbsp;<\/p>\n<p><strong>Angelika Kellner<\/strong><\/p>\n<div id=\"attachment_1240\" style=\"width: 215px\" class=\"wp-caption alignnone\"><a href=\"http:\/\/paulinenaue.info\/wp-content\/uploads\/2017\/06\/Morgennebek.jpg\"><img decoding=\"async\" aria-describedby=\"caption-attachment-1240\" data-attachment-id=\"1240\" data-permalink=\"https:\/\/paulinenaue.info\/index.php\/der-paulinenauer-fotozirkel\/morgennebek\/\" data-orig-file=\"https:\/\/paulinenaue.info\/wp-content\/uploads\/2017\/06\/Morgennebek.jpg\" data-orig-size=\"341,500\" data-comments-opened=\"1\" data-image-meta=\"{&quot;aperture&quot;:&quot;0&quot;,&quot;credit&quot;:&quot;&quot;,&quot;camera&quot;:&quot;&quot;,&quot;caption&quot;:&quot;&quot;,&quot;created_timestamp&quot;:&quot;0&quot;,&quot;copyright&quot;:&quot;&quot;,&quot;focal_length&quot;:&quot;0&quot;,&quot;iso&quot;:&quot;0&quot;,&quot;shutter_speed&quot;:&quot;0&quot;,&quot;title&quot;:&quot;&quot;,&quot;orientation&quot;:&quot;1&quot;}\" data-image-title=\"Morgennebek\" data-image-description=\"\" data-image-caption=\"\" data-large-file=\"https:\/\/paulinenaue.info\/wp-content\/uploads\/2017\/06\/Morgennebek.jpg\" class=\"lazyload wp-image-1240 size-medium\" src=\"http:\/\/paulinenaue.info\/wp-content\/uploads\/2017\/06\/Morgennebek-205x300.jpg\" data-orig-src=\"http:\/\/paulinenaue.info\/wp-content\/uploads\/2017\/06\/Morgennebek-205x300.jpg\" alt=\" Richtung Pessin im Morgennebel \" width=\"205\" height=\"300\" srcset=\"data:image\/svg+xml,%3Csvg%20xmlns%3D%27http%3A%2F%2Fwww.w3.org%2F2000%2Fsvg%27%20width%3D%27205%27%20height%3D%27300%27%20viewBox%3D%270%200%20205%20300%27%3E%3Crect%20width%3D%27205%27%20height%3D%27300%27%20fill-opacity%3D%220%22%2F%3E%3C%2Fsvg%3E\" data-srcset=\"https:\/\/paulinenaue.info\/wp-content\/uploads\/2017\/06\/Morgennebek-205x300.jpg 205w, https:\/\/paulinenaue.info\/wp-content\/uploads\/2017\/06\/Morgennebek.jpg 341w\" data-sizes=\"auto\" data-orig-sizes=\"(max-width: 205px) 100vw, 205px\" \/><\/a><p id=\"caption-attachment-1240\" class=\"wp-caption-text\">Richtung Pessin im Morgennebel Foto: Angelika Kellner, 1986<\/p><\/div>\n<div id=\"attachment_1235\" style=\"width: 310px\" class=\"wp-caption alignnone\"><a href=\"http:\/\/paulinenaue.info\/wp-content\/uploads\/2017\/06\/Fahrrad-1.jpg\"><img decoding=\"async\" aria-describedby=\"caption-attachment-1235\" data-attachment-id=\"1235\" data-permalink=\"https:\/\/paulinenaue.info\/index.php\/der-paulinenauer-fotozirkel\/fahrrad-2\/\" data-orig-file=\"https:\/\/paulinenaue.info\/wp-content\/uploads\/2017\/06\/Fahrrad-1.jpg\" data-orig-size=\"500,324\" data-comments-opened=\"1\" data-image-meta=\"{&quot;aperture&quot;:&quot;0&quot;,&quot;credit&quot;:&quot;&quot;,&quot;camera&quot;:&quot;&quot;,&quot;caption&quot;:&quot;&quot;,&quot;created_timestamp&quot;:&quot;0&quot;,&quot;copyright&quot;:&quot;&quot;,&quot;focal_length&quot;:&quot;0&quot;,&quot;iso&quot;:&quot;0&quot;,&quot;shutter_speed&quot;:&quot;0&quot;,&quot;title&quot;:&quot;&quot;,&quot;orientation&quot;:&quot;1&quot;}\" data-image-title=\"Fahrrad\" data-image-description=\"\" data-image-caption=\"\" data-large-file=\"https:\/\/paulinenaue.info\/wp-content\/uploads\/2017\/06\/Fahrrad-1.jpg\" class=\"lazyload wp-image-1235 size-medium\" src=\"http:\/\/paulinenaue.info\/wp-content\/uploads\/2017\/06\/Fahrrad-1-300x194.jpg\" data-orig-src=\"http:\/\/paulinenaue.info\/wp-content\/uploads\/2017\/06\/Fahrrad-1-300x194.jpg\" alt=\" Fahrrad mit Landschaft \" width=\"300\" height=\"194\" srcset=\"data:image\/svg+xml,%3Csvg%20xmlns%3D%27http%3A%2F%2Fwww.w3.org%2F2000%2Fsvg%27%20width%3D%27300%27%20height%3D%27194%27%20viewBox%3D%270%200%20300%20194%27%3E%3Crect%20width%3D%27300%27%20height%3D%27194%27%20fill-opacity%3D%220%22%2F%3E%3C%2Fsvg%3E\" data-srcset=\"https:\/\/paulinenaue.info\/wp-content\/uploads\/2017\/06\/Fahrrad-1-300x194.jpg 300w, https:\/\/paulinenaue.info\/wp-content\/uploads\/2017\/06\/Fahrrad-1.jpg 500w\" data-sizes=\"auto\" data-orig-sizes=\"(max-width: 300px) 100vw, 300px\" \/><\/a><p id=\"caption-attachment-1235\" class=\"wp-caption-text\">Fahrrad mit Landschaft Foto: Angelika Kellner, 1986<\/p><\/div>\n<div id=\"attachment_1233\" style=\"width: 310px\" class=\"wp-caption alignnone\"><a href=\"http:\/\/paulinenaue.info\/wp-content\/uploads\/2017\/06\/Buchenblatt-1.jpg\"><img decoding=\"async\" aria-describedby=\"caption-attachment-1233\" data-attachment-id=\"1233\" data-permalink=\"https:\/\/paulinenaue.info\/index.php\/der-paulinenauer-fotozirkel\/buchenblatt-2\/\" data-orig-file=\"https:\/\/paulinenaue.info\/wp-content\/uploads\/2017\/06\/Buchenblatt-1.jpg\" data-orig-size=\"500,335\" data-comments-opened=\"1\" data-image-meta=\"{&quot;aperture&quot;:&quot;0&quot;,&quot;credit&quot;:&quot;&quot;,&quot;camera&quot;:&quot;&quot;,&quot;caption&quot;:&quot;&quot;,&quot;created_timestamp&quot;:&quot;0&quot;,&quot;copyright&quot;:&quot;&quot;,&quot;focal_length&quot;:&quot;0&quot;,&quot;iso&quot;:&quot;0&quot;,&quot;shutter_speed&quot;:&quot;0&quot;,&quot;title&quot;:&quot;&quot;,&quot;orientation&quot;:&quot;1&quot;}\" data-image-title=\"Buchenblatt\" data-image-description=\"\" data-image-caption=\"\" data-large-file=\"https:\/\/paulinenaue.info\/wp-content\/uploads\/2017\/06\/Buchenblatt-1.jpg\" class=\"lazyload wp-image-1233 size-medium\" src=\"http:\/\/paulinenaue.info\/wp-content\/uploads\/2017\/06\/Buchenblatt-1-300x201.jpg\" data-orig-src=\"http:\/\/paulinenaue.info\/wp-content\/uploads\/2017\/06\/Buchenblatt-1-300x201.jpg\" alt=\" Buchenblatt, h\u00e4ngengeblieben \" width=\"300\" height=\"201\" srcset=\"data:image\/svg+xml,%3Csvg%20xmlns%3D%27http%3A%2F%2Fwww.w3.org%2F2000%2Fsvg%27%20width%3D%27300%27%20height%3D%27201%27%20viewBox%3D%270%200%20300%20201%27%3E%3Crect%20width%3D%27300%27%20height%3D%27201%27%20fill-opacity%3D%220%22%2F%3E%3C%2Fsvg%3E\" data-srcset=\"https:\/\/paulinenaue.info\/wp-content\/uploads\/2017\/06\/Buchenblatt-1-272x182.jpg 272w, https:\/\/paulinenaue.info\/wp-content\/uploads\/2017\/06\/Buchenblatt-1-300x201.jpg 300w, https:\/\/paulinenaue.info\/wp-content\/uploads\/2017\/06\/Buchenblatt-1.jpg 500w\" data-sizes=\"auto\" data-orig-sizes=\"(max-width: 300px) 100vw, 300px\" \/><\/a><p id=\"caption-attachment-1233\" class=\"wp-caption-text\">Buchenblatt, h\u00e4ngengeblieben Foto: Angelika Kellner, 1992<\/p><\/div>\n<div id=\"attachment_1244\" style=\"width: 310px\" class=\"wp-caption alignnone\"><a href=\"http:\/\/paulinenaue.info\/wp-content\/uploads\/2017\/06\/Sonnenblumen.jpg\"><img decoding=\"async\" aria-describedby=\"caption-attachment-1244\" data-attachment-id=\"1244\" data-permalink=\"https:\/\/paulinenaue.info\/index.php\/der-paulinenauer-fotozirkel\/sonnenblumen\/\" data-orig-file=\"https:\/\/paulinenaue.info\/wp-content\/uploads\/2017\/06\/Sonnenblumen.jpg\" data-orig-size=\"500,346\" data-comments-opened=\"1\" data-image-meta=\"{&quot;aperture&quot;:&quot;0&quot;,&quot;credit&quot;:&quot;&quot;,&quot;camera&quot;:&quot;&quot;,&quot;caption&quot;:&quot;&quot;,&quot;created_timestamp&quot;:&quot;0&quot;,&quot;copyright&quot;:&quot;&quot;,&quot;focal_length&quot;:&quot;0&quot;,&quot;iso&quot;:&quot;0&quot;,&quot;shutter_speed&quot;:&quot;0&quot;,&quot;title&quot;:&quot;&quot;,&quot;orientation&quot;:&quot;1&quot;}\" data-image-title=\"Sonnenblumen\" data-image-description=\"\" data-image-caption=\"\" data-large-file=\"https:\/\/paulinenaue.info\/wp-content\/uploads\/2017\/06\/Sonnenblumen.jpg\" class=\"lazyload wp-image-1244 size-medium\" src=\"http:\/\/paulinenaue.info\/wp-content\/uploads\/2017\/06\/Sonnenblumen-300x208.jpg\" data-orig-src=\"http:\/\/paulinenaue.info\/wp-content\/uploads\/2017\/06\/Sonnenblumen-300x208.jpg\" alt=\" Sonnen(blumen)untergang \" width=\"300\" height=\"208\" srcset=\"data:image\/svg+xml,%3Csvg%20xmlns%3D%27http%3A%2F%2Fwww.w3.org%2F2000%2Fsvg%27%20width%3D%27300%27%20height%3D%27208%27%20viewBox%3D%270%200%20300%20208%27%3E%3Crect%20width%3D%27300%27%20height%3D%27208%27%20fill-opacity%3D%220%22%2F%3E%3C%2Fsvg%3E\" data-srcset=\"https:\/\/paulinenaue.info\/wp-content\/uploads\/2017\/06\/Sonnenblumen-300x208.jpg 300w, https:\/\/paulinenaue.info\/wp-content\/uploads\/2017\/06\/Sonnenblumen.jpg 500w\" data-sizes=\"auto\" data-orig-sizes=\"(max-width: 300px) 100vw, 300px\" \/><\/a><p id=\"caption-attachment-1244\" class=\"wp-caption-text\">Sonnen(blumen)untergang Foto: Angelika Kellner, 2001<\/p><\/div>\n<div id=\"attachment_1231\" style=\"width: 212px\" class=\"wp-caption alignnone\"><a href=\"http:\/\/paulinenaue.info\/wp-content\/uploads\/2017\/06\/Bauernmalve-1.jpg\"><img decoding=\"async\" aria-describedby=\"caption-attachment-1231\" data-attachment-id=\"1231\" data-permalink=\"https:\/\/paulinenaue.info\/index.php\/der-paulinenauer-fotozirkel\/bauernmalve-2\/\" data-orig-file=\"https:\/\/paulinenaue.info\/wp-content\/uploads\/2017\/06\/Bauernmalve-1.jpg\" data-orig-size=\"336,500\" data-comments-opened=\"1\" data-image-meta=\"{&quot;aperture&quot;:&quot;0&quot;,&quot;credit&quot;:&quot;&quot;,&quot;camera&quot;:&quot;&quot;,&quot;caption&quot;:&quot;&quot;,&quot;created_timestamp&quot;:&quot;0&quot;,&quot;copyright&quot;:&quot;&quot;,&quot;focal_length&quot;:&quot;0&quot;,&quot;iso&quot;:&quot;0&quot;,&quot;shutter_speed&quot;:&quot;0&quot;,&quot;title&quot;:&quot;&quot;,&quot;orientation&quot;:&quot;1&quot;}\" data-image-title=\"Bauernmalve\" data-image-description=\"\" data-image-caption=\"\" data-large-file=\"https:\/\/paulinenaue.info\/wp-content\/uploads\/2017\/06\/Bauernmalve-1.jpg\" class=\"lazyload wp-image-1231 size-medium\" src=\"http:\/\/paulinenaue.info\/wp-content\/uploads\/2017\/06\/Bauernmalve-1-202x300.jpg\" data-orig-src=\"http:\/\/paulinenaue.info\/wp-content\/uploads\/2017\/06\/Bauernmalve-1-202x300.jpg\" alt=\" Bauernmalve \" width=\"202\" height=\"300\" srcset=\"data:image\/svg+xml,%3Csvg%20xmlns%3D%27http%3A%2F%2Fwww.w3.org%2F2000%2Fsvg%27%20width%3D%27202%27%20height%3D%27300%27%20viewBox%3D%270%200%20202%20300%27%3E%3Crect%20width%3D%27202%27%20height%3D%27300%27%20fill-opacity%3D%220%22%2F%3E%3C%2Fsvg%3E\" data-srcset=\"https:\/\/paulinenaue.info\/wp-content\/uploads\/2017\/06\/Bauernmalve-1-202x300.jpg 202w, https:\/\/paulinenaue.info\/wp-content\/uploads\/2017\/06\/Bauernmalve-1.jpg 336w\" data-sizes=\"auto\" data-orig-sizes=\"(max-width: 202px) 100vw, 202px\" \/><\/a><p id=\"caption-attachment-1231\" class=\"wp-caption-text\">Bauernmalve Foto: Angelika Kellner, 1997<\/p><\/div>\n<div id=\"attachment_1237\" style=\"width: 310px\" class=\"wp-caption alignnone\"><a href=\"http:\/\/paulinenaue.info\/wp-content\/uploads\/2017\/06\/Frost.jpg\"><img decoding=\"async\" aria-describedby=\"caption-attachment-1237\" data-attachment-id=\"1237\" data-permalink=\"https:\/\/paulinenaue.info\/index.php\/der-paulinenauer-fotozirkel\/frost\/\" data-orig-file=\"https:\/\/paulinenaue.info\/wp-content\/uploads\/2017\/06\/Frost.jpg\" data-orig-size=\"500,336\" data-comments-opened=\"1\" data-image-meta=\"{&quot;aperture&quot;:&quot;0&quot;,&quot;credit&quot;:&quot;&quot;,&quot;camera&quot;:&quot;&quot;,&quot;caption&quot;:&quot;&quot;,&quot;created_timestamp&quot;:&quot;0&quot;,&quot;copyright&quot;:&quot;&quot;,&quot;focal_length&quot;:&quot;0&quot;,&quot;iso&quot;:&quot;0&quot;,&quot;shutter_speed&quot;:&quot;0&quot;,&quot;title&quot;:&quot;&quot;,&quot;orientation&quot;:&quot;1&quot;}\" data-image-title=\"Frost\" data-image-description=\"\" data-image-caption=\"\" data-large-file=\"https:\/\/paulinenaue.info\/wp-content\/uploads\/2017\/06\/Frost.jpg\" class=\"lazyload wp-image-1237 size-medium\" src=\"http:\/\/paulinenaue.info\/wp-content\/uploads\/2017\/06\/Frost-300x202.jpg\" data-orig-src=\"http:\/\/paulinenaue.info\/wp-content\/uploads\/2017\/06\/Frost-300x202.jpg\" alt=\" Erster Frost \" width=\"300\" height=\"202\" srcset=\"data:image\/svg+xml,%3Csvg%20xmlns%3D%27http%3A%2F%2Fwww.w3.org%2F2000%2Fsvg%27%20width%3D%27300%27%20height%3D%27202%27%20viewBox%3D%270%200%20300%20202%27%3E%3Crect%20width%3D%27300%27%20height%3D%27202%27%20fill-opacity%3D%220%22%2F%3E%3C%2Fsvg%3E\" data-srcset=\"https:\/\/paulinenaue.info\/wp-content\/uploads\/2017\/06\/Frost-272x182.jpg 272w, https:\/\/paulinenaue.info\/wp-content\/uploads\/2017\/06\/Frost-300x202.jpg 300w, https:\/\/paulinenaue.info\/wp-content\/uploads\/2017\/06\/Frost.jpg 500w\" data-sizes=\"auto\" data-orig-sizes=\"(max-width: 300px) 100vw, 300px\" \/><\/a><p id=\"caption-attachment-1237\" class=\"wp-caption-text\">Erster Frost Foto: Angelika Kellner, 2005<\/p><\/div>\n<p>&nbsp;<\/p>\n<p><strong>Thomas M\u00fcller<\/strong><\/p>\n<div id=\"attachment_1241\" style=\"width: 310px\" class=\"wp-caption alignnone\"><a href=\"http:\/\/paulinenaue.info\/wp-content\/uploads\/2017\/06\/Pessiner-Heide.jpg\"><img decoding=\"async\" aria-describedby=\"caption-attachment-1241\" data-attachment-id=\"1241\" data-permalink=\"https:\/\/paulinenaue.info\/index.php\/der-paulinenauer-fotozirkel\/pessiner-heide\/\" data-orig-file=\"https:\/\/paulinenaue.info\/wp-content\/uploads\/2017\/06\/Pessiner-Heide.jpg\" data-orig-size=\"500,320\" data-comments-opened=\"1\" data-image-meta=\"{&quot;aperture&quot;:&quot;0&quot;,&quot;credit&quot;:&quot;&quot;,&quot;camera&quot;:&quot;&quot;,&quot;caption&quot;:&quot;&quot;,&quot;created_timestamp&quot;:&quot;0&quot;,&quot;copyright&quot;:&quot;&quot;,&quot;focal_length&quot;:&quot;0&quot;,&quot;iso&quot;:&quot;0&quot;,&quot;shutter_speed&quot;:&quot;0&quot;,&quot;title&quot;:&quot;&quot;,&quot;orientation&quot;:&quot;1&quot;}\" data-image-title=\"Pessiner Heide\" data-image-description=\"\" data-image-caption=\"\" data-large-file=\"https:\/\/paulinenaue.info\/wp-content\/uploads\/2017\/06\/Pessiner-Heide.jpg\" class=\"lazyload wp-image-1241 size-medium\" src=\"http:\/\/paulinenaue.info\/wp-content\/uploads\/2017\/06\/Pessiner-Heide-300x192.jpg\" data-orig-src=\"http:\/\/paulinenaue.info\/wp-content\/uploads\/2017\/06\/Pessiner-Heide-300x192.jpg\" alt=\" Gegenlicht in der Pessiner Heide \" width=\"300\" height=\"192\" srcset=\"data:image\/svg+xml,%3Csvg%20xmlns%3D%27http%3A%2F%2Fwww.w3.org%2F2000%2Fsvg%27%20width%3D%27300%27%20height%3D%27192%27%20viewBox%3D%270%200%20300%20192%27%3E%3Crect%20width%3D%27300%27%20height%3D%27192%27%20fill-opacity%3D%220%22%2F%3E%3C%2Fsvg%3E\" data-srcset=\"https:\/\/paulinenaue.info\/wp-content\/uploads\/2017\/06\/Pessiner-Heide-300x192.jpg 300w, https:\/\/paulinenaue.info\/wp-content\/uploads\/2017\/06\/Pessiner-Heide.jpg 500w\" data-sizes=\"auto\" data-orig-sizes=\"(max-width: 300px) 100vw, 300px\" \/><\/a><p id=\"caption-attachment-1241\" class=\"wp-caption-text\">Gegenlicht in der Pessiner Heide Foto: Thomas M\u00fcller, 1982<\/p><\/div>\n<div id=\"attachment_1238\" style=\"width: 310px\" class=\"wp-caption alignnone\"><a href=\"http:\/\/paulinenaue.info\/wp-content\/uploads\/2017\/06\/Kanal.jpg\"><img decoding=\"async\" aria-describedby=\"caption-attachment-1238\" data-attachment-id=\"1238\" data-permalink=\"https:\/\/paulinenaue.info\/index.php\/der-paulinenauer-fotozirkel\/kanal-2\/\" data-orig-file=\"https:\/\/paulinenaue.info\/wp-content\/uploads\/2017\/06\/Kanal.jpg\" data-orig-size=\"500,320\" data-comments-opened=\"1\" data-image-meta=\"{&quot;aperture&quot;:&quot;0&quot;,&quot;credit&quot;:&quot;&quot;,&quot;camera&quot;:&quot;&quot;,&quot;caption&quot;:&quot;&quot;,&quot;created_timestamp&quot;:&quot;0&quot;,&quot;copyright&quot;:&quot;&quot;,&quot;focal_length&quot;:&quot;0&quot;,&quot;iso&quot;:&quot;0&quot;,&quot;shutter_speed&quot;:&quot;0&quot;,&quot;title&quot;:&quot;&quot;,&quot;orientation&quot;:&quot;1&quot;}\" data-image-title=\"Kanal\" data-image-description=\"\" data-image-caption=\"\" data-large-file=\"https:\/\/paulinenaue.info\/wp-content\/uploads\/2017\/06\/Kanal.jpg\" class=\"lazyload wp-image-1238 size-medium\" src=\"http:\/\/paulinenaue.info\/wp-content\/uploads\/2017\/06\/Kanal-300x192.jpg\" data-orig-src=\"http:\/\/paulinenaue.info\/wp-content\/uploads\/2017\/06\/Kanal-300x192.jpg\" alt=\" Morgennebel am Havell\u00e4ndischen Hauptkanal \" width=\"300\" height=\"192\" srcset=\"data:image\/svg+xml,%3Csvg%20xmlns%3D%27http%3A%2F%2Fwww.w3.org%2F2000%2Fsvg%27%20width%3D%27300%27%20height%3D%27192%27%20viewBox%3D%270%200%20300%20192%27%3E%3Crect%20width%3D%27300%27%20height%3D%27192%27%20fill-opacity%3D%220%22%2F%3E%3C%2Fsvg%3E\" data-srcset=\"https:\/\/paulinenaue.info\/wp-content\/uploads\/2017\/06\/Kanal-300x192.jpg 300w, https:\/\/paulinenaue.info\/wp-content\/uploads\/2017\/06\/Kanal.jpg 500w\" data-sizes=\"auto\" data-orig-sizes=\"(max-width: 300px) 100vw, 300px\" \/><\/a><p id=\"caption-attachment-1238\" class=\"wp-caption-text\">Morgennebel am Havell\u00e4ndischen Hauptkanal Foto: Thomas M\u00fcller, 1986<\/p><\/div>\n<div id=\"attachment_1232\" style=\"width: 310px\" class=\"wp-caption alignnone\"><a href=\"http:\/\/paulinenaue.info\/wp-content\/uploads\/2017\/06\/Brdikow-1.jpg\"><img decoding=\"async\" aria-describedby=\"caption-attachment-1232\" data-attachment-id=\"1232\" data-permalink=\"https:\/\/paulinenaue.info\/index.php\/der-paulinenauer-fotozirkel\/brdikow-2\/\" data-orig-file=\"https:\/\/paulinenaue.info\/wp-content\/uploads\/2017\/06\/Brdikow-1.jpg\" data-orig-size=\"500,320\" data-comments-opened=\"1\" data-image-meta=\"{&quot;aperture&quot;:&quot;0&quot;,&quot;credit&quot;:&quot;&quot;,&quot;camera&quot;:&quot;&quot;,&quot;caption&quot;:&quot;&quot;,&quot;created_timestamp&quot;:&quot;0&quot;,&quot;copyright&quot;:&quot;&quot;,&quot;focal_length&quot;:&quot;0&quot;,&quot;iso&quot;:&quot;0&quot;,&quot;shutter_speed&quot;:&quot;0&quot;,&quot;title&quot;:&quot;&quot;,&quot;orientation&quot;:&quot;1&quot;}\" data-image-title=\"Br?dikow\" data-image-description=\"\" data-image-caption=\"\" data-large-file=\"https:\/\/paulinenaue.info\/wp-content\/uploads\/2017\/06\/Brdikow-1.jpg\" class=\"lazyload wp-image-1232 size-medium\" src=\"http:\/\/paulinenaue.info\/wp-content\/uploads\/2017\/06\/Brdikow-1-300x192.jpg\" data-orig-src=\"http:\/\/paulinenaue.info\/wp-content\/uploads\/2017\/06\/Brdikow-1-300x192.jpg\" alt=\" Ackerlandschaft am Berg von Br\u00e4dikow \" width=\"300\" height=\"192\" srcset=\"data:image\/svg+xml,%3Csvg%20xmlns%3D%27http%3A%2F%2Fwww.w3.org%2F2000%2Fsvg%27%20width%3D%27300%27%20height%3D%27192%27%20viewBox%3D%270%200%20300%20192%27%3E%3Crect%20width%3D%27300%27%20height%3D%27192%27%20fill-opacity%3D%220%22%2F%3E%3C%2Fsvg%3E\" data-srcset=\"https:\/\/paulinenaue.info\/wp-content\/uploads\/2017\/06\/Brdikow-1-300x192.jpg 300w, https:\/\/paulinenaue.info\/wp-content\/uploads\/2017\/06\/Brdikow-1.jpg 500w\" data-sizes=\"auto\" data-orig-sizes=\"(max-width: 300px) 100vw, 300px\" \/><\/a><p id=\"caption-attachment-1232\" class=\"wp-caption-text\">Ackerlandschaft am Berg von Br\u00e4dikow Foto: Thomas M\u00fcller, 2004<\/p><\/div>\n<div id=\"attachment_1255\" style=\"width: 310px\" class=\"wp-caption alignnone\"><a href=\"http:\/\/paulinenaue.info\/wp-content\/uploads\/2017\/06\/Abbendorf.jpg\"><img decoding=\"async\" aria-describedby=\"caption-attachment-1255\" data-attachment-id=\"1255\" data-permalink=\"https:\/\/paulinenaue.info\/index.php\/der-paulinenauer-fotozirkel\/abbendorf\/\" data-orig-file=\"https:\/\/paulinenaue.info\/wp-content\/uploads\/2017\/06\/Abbendorf.jpg\" data-orig-size=\"500,339\" data-comments-opened=\"1\" data-image-meta=\"{&quot;aperture&quot;:&quot;0&quot;,&quot;credit&quot;:&quot;&quot;,&quot;camera&quot;:&quot;&quot;,&quot;caption&quot;:&quot;&quot;,&quot;created_timestamp&quot;:&quot;0&quot;,&quot;copyright&quot;:&quot;&quot;,&quot;focal_length&quot;:&quot;0&quot;,&quot;iso&quot;:&quot;0&quot;,&quot;shutter_speed&quot;:&quot;0&quot;,&quot;title&quot;:&quot;&quot;,&quot;orientation&quot;:&quot;1&quot;}\" data-image-title=\"Abbendorf\" data-image-description=\"\" data-image-caption=\"\" data-large-file=\"https:\/\/paulinenaue.info\/wp-content\/uploads\/2017\/06\/Abbendorf.jpg\" class=\"lazyload wp-image-1255 size-medium\" src=\"http:\/\/paulinenaue.info\/wp-content\/uploads\/2017\/06\/Abbendorf-300x203.jpg\" data-orig-src=\"http:\/\/paulinenaue.info\/wp-content\/uploads\/2017\/06\/Abbendorf-300x203.jpg\" alt=\" Fr\u00fchjahrshochwasser der Havel bei Abbendorf, 2006 \" width=\"300\" height=\"203\" srcset=\"data:image\/svg+xml,%3Csvg%20xmlns%3D%27http%3A%2F%2Fwww.w3.org%2F2000%2Fsvg%27%20width%3D%27300%27%20height%3D%27203%27%20viewBox%3D%270%200%20300%20203%27%3E%3Crect%20width%3D%27300%27%20height%3D%27203%27%20fill-opacity%3D%220%22%2F%3E%3C%2Fsvg%3E\" data-srcset=\"https:\/\/paulinenaue.info\/wp-content\/uploads\/2017\/06\/Abbendorf-300x203.jpg 300w, https:\/\/paulinenaue.info\/wp-content\/uploads\/2017\/06\/Abbendorf.jpg 500w\" data-sizes=\"auto\" data-orig-sizes=\"(max-width: 300px) 100vw, 300px\" \/><\/a><p id=\"caption-attachment-1255\" class=\"wp-caption-text\">Fr\u00fchjahrshochwasser der Havel bei Abbendorf, 2006 Foto: Thomas M\u00fcller, 2006<\/p><\/div>\n<div id=\"attachment_1242\" style=\"width: 310px\" class=\"wp-caption alignnone\"><a href=\"http:\/\/paulinenaue.info\/wp-content\/uploads\/2017\/06\/Rot-grn.jpg\"><img decoding=\"async\" aria-describedby=\"caption-attachment-1242\" data-attachment-id=\"1242\" data-permalink=\"https:\/\/paulinenaue.info\/index.php\/der-paulinenauer-fotozirkel\/rot-grn\/\" data-orig-file=\"https:\/\/paulinenaue.info\/wp-content\/uploads\/2017\/06\/Rot-grn.jpg\" data-orig-size=\"500,337\" data-comments-opened=\"1\" data-image-meta=\"{&quot;aperture&quot;:&quot;0&quot;,&quot;credit&quot;:&quot;&quot;,&quot;camera&quot;:&quot;&quot;,&quot;caption&quot;:&quot;&quot;,&quot;created_timestamp&quot;:&quot;0&quot;,&quot;copyright&quot;:&quot;&quot;,&quot;focal_length&quot;:&quot;0&quot;,&quot;iso&quot;:&quot;0&quot;,&quot;shutter_speed&quot;:&quot;0&quot;,&quot;title&quot;:&quot;&quot;,&quot;orientation&quot;:&quot;1&quot;}\" data-image-title=\"Rot-gr?n\" data-image-description=\"\" data-image-caption=\"\" data-large-file=\"https:\/\/paulinenaue.info\/wp-content\/uploads\/2017\/06\/Rot-grn.jpg\" class=\"lazyload wp-image-1242 size-medium\" src=\"http:\/\/paulinenaue.info\/wp-content\/uploads\/2017\/06\/Rot-grn-300x202.jpg\" data-orig-src=\"http:\/\/paulinenaue.info\/wp-content\/uploads\/2017\/06\/Rot-grn-300x202.jpg\" alt=\" Rot-gr\u00fcn \" width=\"300\" height=\"202\" srcset=\"data:image\/svg+xml,%3Csvg%20xmlns%3D%27http%3A%2F%2Fwww.w3.org%2F2000%2Fsvg%27%20width%3D%27300%27%20height%3D%27202%27%20viewBox%3D%270%200%20300%20202%27%3E%3Crect%20width%3D%27300%27%20height%3D%27202%27%20fill-opacity%3D%220%22%2F%3E%3C%2Fsvg%3E\" data-srcset=\"https:\/\/paulinenaue.info\/wp-content\/uploads\/2017\/06\/Rot-grn-272x182.jpg 272w, https:\/\/paulinenaue.info\/wp-content\/uploads\/2017\/06\/Rot-grn-300x202.jpg 300w, https:\/\/paulinenaue.info\/wp-content\/uploads\/2017\/06\/Rot-grn.jpg 500w\" data-sizes=\"auto\" data-orig-sizes=\"(max-width: 300px) 100vw, 300px\" \/><\/a><p id=\"caption-attachment-1242\" class=\"wp-caption-text\">Rot-gr\u00fcn Foto: Thomas M\u00fcller, 2006<\/p><\/div>\n","protected":false},"excerpt":{"rendered":"<p>06.09.2006 von Tilo Geisel, Angelika Kellner und Thomas M\u00fcller Text: [&hellip;]<\/p>\n","protected":false},"author":3,"featured_media":1253,"comment_status":"open","ping_status":"open","sticky":false,"template":"","format":"standard","meta":{"_acf_changed":false,"_price":"","_stock":"","_tribe_ticket_header":"","_tribe_default_ticket_provider":"","_tribe_ticket_capacity":"0","_ticket_start_date":"","_ticket_end_date":"","_tribe_ticket_show_description":"","_tribe_ticket_show_not_going":false,"_tribe_ticket_use_global_stock":"","_tribe_ticket_global_stock_level":"","_global_stock_mode":"","_global_stock_cap":"","_tribe_rsvp_for_event":"","_tribe_ticket_going_count":"","_tribe_ticket_not_going_count":"","_tribe_tickets_list":"[]","_tribe_ticket_has_attendee_info_fields":false,"jetpack_post_was_ever_published":false,"_jetpack_newsletter_access":"","_jetpack_dont_email_post_to_subs":false,"_jetpack_newsletter_tier_id":0,"_jetpack_memberships_contains_paywalled_content":false,"_jetpack_memberships_contains_paid_content":false,"footnotes":"","jetpack_publicize_message":"","jetpack_publicize_feature_enabled":true,"jetpack_social_post_already_shared":true,"jetpack_social_options":{"image_generator_settings":{"template":"highway","default_image_id":0,"font":"","enabled":false},"version":2}},"categories":[1,7],"tags":[162,160,118,163,161],"class_list":["post-1230","post","type-post","status-publish","format-standard","has-post-thumbnail","hentry","category-allgemein","category-historie","tag-angelika-kellner","tag-fotozirkel","tag-georg-drasche","tag-thomas-mueller","tag-tilo-geisel"],"acf":[],"yoast_head":"<!-- This site is optimized with the Yoast SEO plugin v27.5 - https:\/\/yoast.com\/product\/yoast-seo-wordpress\/ -->\n<title>Der Paulinenauer Fotozirkel - Paulinenaue<\/title>\n<meta name=\"robots\" content=\"index, follow, max-snippet:-1, max-image-preview:large, max-video-preview:-1\" \/>\n<link rel=\"canonical\" href=\"https:\/\/paulinenaue.info\/index.php\/der-paulinenauer-fotozirkel\/\" \/>\n<meta property=\"og:locale\" content=\"de_DE\" \/>\n<meta property=\"og:type\" content=\"article\" \/>\n<meta property=\"og:title\" content=\"Der Paulinenauer Fotozirkel - Paulinenaue\" \/>\n<meta property=\"og:description\" content=\"06.09.2006 von Tilo Geisel, Angelika Kellner und Thomas M\u00fcller Text: [&hellip;]\" \/>\n<meta property=\"og:url\" content=\"https:\/\/paulinenaue.info\/index.php\/der-paulinenauer-fotozirkel\/\" \/>\n<meta property=\"og:site_name\" content=\"Paulinenaue\" \/>\n<meta property=\"article:published_time\" content=\"2017-06-22T14:02:53+00:00\" \/>\n<meta property=\"article:modified_time\" content=\"2017-06-22T14:04:28+00:00\" \/>\n<meta property=\"og:image\" content=\"https:\/\/i0.wp.com\/paulinenaue.info\/wp-content\/uploads\/2017\/06\/06.jpg?fit=500%2C375&ssl=1\" \/>\n\t<meta property=\"og:image:width\" content=\"500\" \/>\n\t<meta property=\"og:image:height\" content=\"375\" \/>\n\t<meta property=\"og:image:type\" content=\"image\/jpeg\" \/>\n<meta name=\"author\" content=\"Sarah\" \/>\n<meta name=\"twitter:card\" content=\"summary_large_image\" \/>\n<meta name=\"twitter:label1\" content=\"Verfasst von\" \/>\n\t<meta name=\"twitter:data1\" content=\"Sarah\" \/>\n\t<meta name=\"twitter:label2\" content=\"Gesch\u00e4tzte Lesezeit\" \/>\n\t<meta name=\"twitter:data2\" content=\"3\u00a0Minuten\" \/>\n<script type=\"application\/ld+json\" class=\"yoast-schema-graph\">{\"@context\":\"https:\\\/\\\/schema.org\",\"@graph\":[{\"@type\":\"Article\",\"@id\":\"https:\\\/\\\/paulinenaue.info\\\/index.php\\\/der-paulinenauer-fotozirkel\\\/#article\",\"isPartOf\":{\"@id\":\"https:\\\/\\\/paulinenaue.info\\\/index.php\\\/der-paulinenauer-fotozirkel\\\/\"},\"author\":{\"name\":\"Sarah\",\"@id\":\"https:\\\/\\\/paulinenaue.info\\\/#\\\/schema\\\/person\\\/e5be566a57b5b3f65d2c65a58c42325e\"},\"headline\":\"Der Paulinenauer Fotozirkel\",\"datePublished\":\"2017-06-22T14:02:53+00:00\",\"dateModified\":\"2017-06-22T14:04:28+00:00\",\"mainEntityOfPage\":{\"@id\":\"https:\\\/\\\/paulinenaue.info\\\/index.php\\\/der-paulinenauer-fotozirkel\\\/\"},\"wordCount\":674,\"commentCount\":0,\"image\":{\"@id\":\"https:\\\/\\\/paulinenaue.info\\\/index.php\\\/der-paulinenauer-fotozirkel\\\/#primaryimage\"},\"thumbnailUrl\":\"https:\\\/\\\/paulinenaue.info\\\/wp-content\\\/uploads\\\/2017\\\/06\\\/06.jpg\",\"keywords\":[\"Angelika Kellner\",\"Fotozirkel\",\"Georg Drasch\u00e9\",\"Thomas M\u00fcller\",\"Tilo Geisel\"],\"articleSection\":{\"1\":\"Historie\"},\"inLanguage\":\"de\",\"potentialAction\":[{\"@type\":\"CommentAction\",\"name\":\"Comment\",\"target\":[\"https:\\\/\\\/paulinenaue.info\\\/index.php\\\/der-paulinenauer-fotozirkel\\\/#respond\"]}]},{\"@type\":\"WebPage\",\"@id\":\"https:\\\/\\\/paulinenaue.info\\\/index.php\\\/der-paulinenauer-fotozirkel\\\/\",\"url\":\"https:\\\/\\\/paulinenaue.info\\\/index.php\\\/der-paulinenauer-fotozirkel\\\/\",\"name\":\"Der Paulinenauer Fotozirkel - Paulinenaue\",\"isPartOf\":{\"@id\":\"https:\\\/\\\/paulinenaue.info\\\/#website\"},\"primaryImageOfPage\":{\"@id\":\"https:\\\/\\\/paulinenaue.info\\\/index.php\\\/der-paulinenauer-fotozirkel\\\/#primaryimage\"},\"image\":{\"@id\":\"https:\\\/\\\/paulinenaue.info\\\/index.php\\\/der-paulinenauer-fotozirkel\\\/#primaryimage\"},\"thumbnailUrl\":\"https:\\\/\\\/paulinenaue.info\\\/wp-content\\\/uploads\\\/2017\\\/06\\\/06.jpg\",\"datePublished\":\"2017-06-22T14:02:53+00:00\",\"dateModified\":\"2017-06-22T14:04:28+00:00\",\"author\":{\"@id\":\"https:\\\/\\\/paulinenaue.info\\\/#\\\/schema\\\/person\\\/e5be566a57b5b3f65d2c65a58c42325e\"},\"breadcrumb\":{\"@id\":\"https:\\\/\\\/paulinenaue.info\\\/index.php\\\/der-paulinenauer-fotozirkel\\\/#breadcrumb\"},\"inLanguage\":\"de\",\"potentialAction\":[{\"@type\":\"ReadAction\",\"target\":[\"https:\\\/\\\/paulinenaue.info\\\/index.php\\\/der-paulinenauer-fotozirkel\\\/\"]}]},{\"@type\":\"ImageObject\",\"inLanguage\":\"de\",\"@id\":\"https:\\\/\\\/paulinenaue.info\\\/index.php\\\/der-paulinenauer-fotozirkel\\\/#primaryimage\",\"url\":\"https:\\\/\\\/paulinenaue.info\\\/wp-content\\\/uploads\\\/2017\\\/06\\\/06.jpg\",\"contentUrl\":\"https:\\\/\\\/paulinenaue.info\\\/wp-content\\\/uploads\\\/2017\\\/06\\\/06.jpg\",\"width\":\"500\",\"height\":\"375\"},{\"@type\":\"BreadcrumbList\",\"@id\":\"https:\\\/\\\/paulinenaue.info\\\/index.php\\\/der-paulinenauer-fotozirkel\\\/#breadcrumb\",\"itemListElement\":[{\"@type\":\"ListItem\",\"position\":1,\"name\":\"Home\",\"item\":\"https:\\\/\\\/paulinenaue.info\\\/\"},{\"@type\":\"ListItem\",\"position\":2,\"name\":\"Der Paulinenauer Fotozirkel\"}]},{\"@type\":\"WebSite\",\"@id\":\"https:\\\/\\\/paulinenaue.info\\\/#website\",\"url\":\"https:\\\/\\\/paulinenaue.info\\\/\",\"name\":\"Paulinenaue\",\"description\":\"Ein Dorf im Havelland\",\"potentialAction\":[{\"@type\":\"SearchAction\",\"target\":{\"@type\":\"EntryPoint\",\"urlTemplate\":\"https:\\\/\\\/paulinenaue.info\\\/?s={search_term_string}\"},\"query-input\":{\"@type\":\"PropertyValueSpecification\",\"valueRequired\":true,\"valueName\":\"search_term_string\"}}],\"inLanguage\":\"de\"},{\"@type\":\"Person\",\"@id\":\"https:\\\/\\\/paulinenaue.info\\\/#\\\/schema\\\/person\\\/e5be566a57b5b3f65d2c65a58c42325e\",\"name\":\"Sarah\",\"url\":\"https:\\\/\\\/paulinenaue.info\\\/index.php\\\/author\\\/sarah\\\/\"}]}<\/script>\n<!-- \/ Yoast SEO plugin. -->","yoast_head_json":{"title":"Der Paulinenauer Fotozirkel - Paulinenaue","robots":{"index":"index","follow":"follow","max-snippet":"max-snippet:-1","max-image-preview":"max-image-preview:large","max-video-preview":"max-video-preview:-1"},"canonical":"https:\/\/paulinenaue.info\/index.php\/der-paulinenauer-fotozirkel\/","og_locale":"de_DE","og_type":"article","og_title":"Der Paulinenauer Fotozirkel - Paulinenaue","og_description":"06.09.2006 von Tilo Geisel, Angelika Kellner und Thomas M\u00fcller Text: [&hellip;]","og_url":"https:\/\/paulinenaue.info\/index.php\/der-paulinenauer-fotozirkel\/","og_site_name":"Paulinenaue","article_published_time":"2017-06-22T14:02:53+00:00","article_modified_time":"2017-06-22T14:04:28+00:00","og_image":[{"width":500,"height":375,"url":"https:\/\/i0.wp.com\/paulinenaue.info\/wp-content\/uploads\/2017\/06\/06.jpg?fit=500%2C375&ssl=1","type":"image\/jpeg"}],"author":"Sarah","twitter_card":"summary_large_image","twitter_misc":{"Verfasst von":"Sarah","Gesch\u00e4tzte Lesezeit":"3\u00a0Minuten"},"schema":{"@context":"https:\/\/schema.org","@graph":[{"@type":"Article","@id":"https:\/\/paulinenaue.info\/index.php\/der-paulinenauer-fotozirkel\/#article","isPartOf":{"@id":"https:\/\/paulinenaue.info\/index.php\/der-paulinenauer-fotozirkel\/"},"author":{"name":"Sarah","@id":"https:\/\/paulinenaue.info\/#\/schema\/person\/e5be566a57b5b3f65d2c65a58c42325e"},"headline":"Der Paulinenauer Fotozirkel","datePublished":"2017-06-22T14:02:53+00:00","dateModified":"2017-06-22T14:04:28+00:00","mainEntityOfPage":{"@id":"https:\/\/paulinenaue.info\/index.php\/der-paulinenauer-fotozirkel\/"},"wordCount":674,"commentCount":0,"image":{"@id":"https:\/\/paulinenaue.info\/index.php\/der-paulinenauer-fotozirkel\/#primaryimage"},"thumbnailUrl":"https:\/\/paulinenaue.info\/wp-content\/uploads\/2017\/06\/06.jpg","keywords":["Angelika Kellner","Fotozirkel","Georg Drasch\u00e9","Thomas M\u00fcller","Tilo Geisel"],"articleSection":{"1":"Historie"},"inLanguage":"de","potentialAction":[{"@type":"CommentAction","name":"Comment","target":["https:\/\/paulinenaue.info\/index.php\/der-paulinenauer-fotozirkel\/#respond"]}]},{"@type":"WebPage","@id":"https:\/\/paulinenaue.info\/index.php\/der-paulinenauer-fotozirkel\/","url":"https:\/\/paulinenaue.info\/index.php\/der-paulinenauer-fotozirkel\/","name":"Der Paulinenauer Fotozirkel - Paulinenaue","isPartOf":{"@id":"https:\/\/paulinenaue.info\/#website"},"primaryImageOfPage":{"@id":"https:\/\/paulinenaue.info\/index.php\/der-paulinenauer-fotozirkel\/#primaryimage"},"image":{"@id":"https:\/\/paulinenaue.info\/index.php\/der-paulinenauer-fotozirkel\/#primaryimage"},"thumbnailUrl":"https:\/\/paulinenaue.info\/wp-content\/uploads\/2017\/06\/06.jpg","datePublished":"2017-06-22T14:02:53+00:00","dateModified":"2017-06-22T14:04:28+00:00","author":{"@id":"https:\/\/paulinenaue.info\/#\/schema\/person\/e5be566a57b5b3f65d2c65a58c42325e"},"breadcrumb":{"@id":"https:\/\/paulinenaue.info\/index.php\/der-paulinenauer-fotozirkel\/#breadcrumb"},"inLanguage":"de","potentialAction":[{"@type":"ReadAction","target":["https:\/\/paulinenaue.info\/index.php\/der-paulinenauer-fotozirkel\/"]}]},{"@type":"ImageObject","inLanguage":"de","@id":"https:\/\/paulinenaue.info\/index.php\/der-paulinenauer-fotozirkel\/#primaryimage","url":"https:\/\/paulinenaue.info\/wp-content\/uploads\/2017\/06\/06.jpg","contentUrl":"https:\/\/paulinenaue.info\/wp-content\/uploads\/2017\/06\/06.jpg","width":"500","height":"375"},{"@type":"BreadcrumbList","@id":"https:\/\/paulinenaue.info\/index.php\/der-paulinenauer-fotozirkel\/#breadcrumb","itemListElement":[{"@type":"ListItem","position":1,"name":"Home","item":"https:\/\/paulinenaue.info\/"},{"@type":"ListItem","position":2,"name":"Der Paulinenauer Fotozirkel"}]},{"@type":"WebSite","@id":"https:\/\/paulinenaue.info\/#website","url":"https:\/\/paulinenaue.info\/","name":"Paulinenaue","description":"Ein Dorf im Havelland","potentialAction":[{"@type":"SearchAction","target":{"@type":"EntryPoint","urlTemplate":"https:\/\/paulinenaue.info\/?s={search_term_string}"},"query-input":{"@type":"PropertyValueSpecification","valueRequired":true,"valueName":"search_term_string"}}],"inLanguage":"de"},{"@type":"Person","@id":"https:\/\/paulinenaue.info\/#\/schema\/person\/e5be566a57b5b3f65d2c65a58c42325e","name":"Sarah","url":"https:\/\/paulinenaue.info\/index.php\/author\/sarah\/"}]}},"jetpack_publicize_connections":[],"jetpack_featured_media_url":"https:\/\/paulinenaue.info\/wp-content\/uploads\/2017\/06\/06.jpg","jetpack_sharing_enabled":true,"jetpack_shortlink":"https:\/\/wp.me\/pcYhWA-jQ","jetpack-related-posts":[{"id":160,"url":"https:\/\/paulinenaue.info\/index.php\/schulfest-zum-150-schuljubilaeum\/","url_meta":{"origin":1230,"position":0},"title":"Schulfest zum 150. Schuljubil\u00e4um","author":"Joachim Scholz","date":"22. M\u00e4rz 2016","format":false,"excerpt":"Joachim Scholz, Angelika Kellner 18.06.2011. Zum zweiten Mal schon hat sich gezeigt, dass es wohl keine bessere Gelegenheit zur Zusammenkunft vieler Paulinenauer gibt als ein Schulfest, denn kaum etwas anderes als die gemeinsam verbrachte Schulzeit verbindet so viele unterschiedliche Lebensgeschichten. Nach dem gro\u00dfen Erfolg vor f\u00fcnf Jahren hatten viele G\u00e4ste\u2026","rel":"","context":"In &quot;Grundschule&quot;","block_context":{"text":"Grundschule","link":"https:\/\/paulinenaue.info\/index.php\/category\/grundschule\/"},"img":{"alt_text":"","src":"https:\/\/i0.wp.com\/paulinenaue.info\/wp-content\/uploads\/2016\/03\/20110618_schulfest_04_ak.jpg?resize=350%2C200&ssl=1","width":350,"height":200},"classes":[]},{"id":1006,"url":"https:\/\/paulinenaue.info\/index.php\/80-jahre-gemeinde-paulinenaue-eine-serie-zur-ortsgeschichte-teil-6\/","url_meta":{"origin":1230,"position":1},"title":"80 Jahre Gemeinde Paulinenaue \u2013 Eine Serie zur Ortsgeschichte (Teil 6)","author":"Sarah","date":"19. Juni 2017","format":false,"excerpt":"18.11.2004 Teil 6 Von Angelika Kellner 1945 bis 1990 An die Jahre von 1945 bis 1990 haben die meisten Paulinenauer noch eigene Erinnerungen. Nach Kriegsende ver\u00e4nderte sich in Paulinenaue vieles. Neben Bodenreform und Zuwanderung von Menschen, die ihre Heimat verloren hatten, war die Ankunft eines Mannes im Ort von entscheidender\u2026","rel":"","context":"In &quot;Allgemein&quot;","block_context":{"text":"Allgemein","link":"https:\/\/paulinenaue.info\/index.php\/category\/allgemein\/"},"img":{"alt_text":"","src":"https:\/\/i0.wp.com\/paulinenaue.info\/wp-content\/uploads\/2017\/06\/mitscherlichhaus.jpg?resize=350%2C200&ssl=1","width":350,"height":200},"classes":[]},{"id":992,"url":"https:\/\/paulinenaue.info\/index.php\/80-jahre-gemeinde-paulinenaue-eine-serie-zur-ortsgeschichte-teil-4\/","url_meta":{"origin":1230,"position":2},"title":"80 Jahre Gemeinde Paulinenaue \u2013 Eine Serie zur Ortsgeschichte (Teil 4)","author":"Sarah","date":"19. Juni 2017","format":false,"excerpt":"02.10.2004 Teil 4 Von der Jahrhundertwende bis zur Gemeindegr\u00fcndung Zu Beginn des letzten Jahrhunderts musste das Luch zum zweiten Mal trockengelegt werden, da viele wassertechnische Anlagen im Laufe der Zeit verkommen waren. 1917 erwirbt eine Landsiedlungsgesellschaft das kurz zuvor baulich aufgewertete Gut und Paulinenaue wird zum Zentrum einer Besiedlungswelle, die\u2026","rel":"","context":"In &quot;Allgemein&quot;","block_context":{"text":"Allgemein","link":"https:\/\/paulinenaue.info\/index.php\/category\/allgemein\/"},"img":{"alt_text":"","src":"https:\/\/i0.wp.com\/paulinenaue.info\/wp-content\/uploads\/2017\/06\/goldschmidt.jpg?resize=350%2C200&ssl=1","width":350,"height":200},"classes":[]},{"id":414989,"url":"https:\/\/paulinenaue.info\/index.php\/paulinenaue-kalender-2023-erschienen\/","url_meta":{"origin":1230,"position":3},"title":"Paulinenaue-Kalender 2023 erschienen","author":"Joachim Scholz","date":"2. Dezember 2022","format":false,"excerpt":"Es gibt ihn wieder, den Fotokalender mit Paulinenauer Motiven f\u00fcr das n\u00e4chste Jahr. Der aktuelle Kalender ist eine Werkschau von Eberhard Schwarz, der in den 1980er-Jahren bereits dem Fotozirkel des Institutes unter der Leitung von Georg Drasch\u00e9 angeh\u00f6rte. Schwarz, der zu vielen Anl\u00e4ssen die Kamera dabei hat, dokumentiert auch regelm\u00e4\u00dfig\u2026","rel":"","context":"In &quot;Allgemein&quot;","block_context":{"text":"Allgemein","link":"https:\/\/paulinenaue.info\/index.php\/category\/allgemein\/"},"img":{"alt_text":"","src":"https:\/\/i0.wp.com\/paulinenaue.info\/wp-content\/uploads\/2022\/12\/2022-12-02-Kalender-2023.jpeg?resize=350%2C200&ssl=1","width":350,"height":200,"srcset":"https:\/\/i0.wp.com\/paulinenaue.info\/wp-content\/uploads\/2022\/12\/2022-12-02-Kalender-2023.jpeg?resize=350%2C200&ssl=1 1x, https:\/\/i0.wp.com\/paulinenaue.info\/wp-content\/uploads\/2022\/12\/2022-12-02-Kalender-2023.jpeg?resize=525%2C300&ssl=1 1.5x, https:\/\/i0.wp.com\/paulinenaue.info\/wp-content\/uploads\/2022\/12\/2022-12-02-Kalender-2023.jpeg?resize=700%2C400&ssl=1 2x"},"classes":[]},{"id":940,"url":"https:\/\/paulinenaue.info\/index.php\/80-jahre-gemeinde-paulinenaue-eine-serie-zur-ortsgeschichte-teil-1\/","url_meta":{"origin":1230,"position":4},"title":"80 Jahre Gemeinde Paulinenaue &#8211; Eine Serie zur Ortsgeschichte (Teil 1)","author":"Sarah","date":"10. Juni 2017","format":false,"excerpt":"11.06.2004 Am 8. Dezember 1924 wurde der Gutsbezirk Paulinenaue in eine eigene Dorfgemeinde umgewandelt. Zur 80. Wiederkehr dieses Ereignisses veranstaltete im Juni 2004 die Paulinenauer Kirchengemeinde einen Bildvortrag, der von Dr. Gabriele Metzner, Angelika Kellner, Dr. Peter Pollack und Joachim Scholz gestaltet wurde. In den n\u00e4chsten Monaten werden die Beitr\u00e4ge\u2026","rel":"","context":"In &quot;Allgemein&quot;","block_context":{"text":"Allgemein","link":"https:\/\/paulinenaue.info\/index.php\/category\/allgemein\/"},"img":{"alt_text":"","src":"https:\/\/i0.wp.com\/paulinenaue.info\/wp-content\/uploads\/2017\/06\/luch.jpg?resize=350%2C200&ssl=1","width":350,"height":200},"classes":[]},{"id":6380,"url":"https:\/\/paulinenaue.info\/index.php\/rueckblick-auf-den-weihnachtsmarkt-2011\/","url_meta":{"origin":1230,"position":5},"title":"R\u00fcckblick auf den Weihnachtsmarkt 2011","author":"Joachim Scholz","date":"26. November 2011","format":false,"excerpt":"26.11.2011. Auf bew\u00e4hrtem Gel\u00e4nde und zusammen mit Kita und Kirchgemeinde fand auch 2011 wieder der vom Kulturverein initiierte Weihnachtsmarkt statt. Der j\u00e4hrliche Termin hat sich mittlerweile auf den 1. Advent eingependelt. Auch wenn die Feuerwehr diesmal nicht dabei war und kein Kalender f\u00fcr das neue Jahr angeboten werden konnte, ist\u2026","rel":"","context":"In &quot;Allgemein&quot;","block_context":{"text":"Allgemein","link":"https:\/\/paulinenaue.info\/index.php\/category\/allgemein\/"},"img":{"alt_text":"","src":"https:\/\/i0.wp.com\/paulinenaue.info\/wp-content\/uploads\/2021\/12\/2012-11-26-Weihnachtsmarkt-Paulinenaue-05.jpg?resize=350%2C200&ssl=1","width":350,"height":200,"srcset":"https:\/\/i0.wp.com\/paulinenaue.info\/wp-content\/uploads\/2021\/12\/2012-11-26-Weihnachtsmarkt-Paulinenaue-05.jpg?resize=350%2C200&ssl=1 1x, https:\/\/i0.wp.com\/paulinenaue.info\/wp-content\/uploads\/2021\/12\/2012-11-26-Weihnachtsmarkt-Paulinenaue-05.jpg?resize=525%2C300&ssl=1 1.5x, https:\/\/i0.wp.com\/paulinenaue.info\/wp-content\/uploads\/2021\/12\/2012-11-26-Weihnachtsmarkt-Paulinenaue-05.jpg?resize=700%2C400&ssl=1 2x"},"classes":[]}],"_links":{"self":[{"href":"https:\/\/paulinenaue.info\/index.php\/wp-json\/wp\/v2\/posts\/1230","targetHints":{"allow":["GET"]}}],"collection":[{"href":"https:\/\/paulinenaue.info\/index.php\/wp-json\/wp\/v2\/posts"}],"about":[{"href":"https:\/\/paulinenaue.info\/index.php\/wp-json\/wp\/v2\/types\/post"}],"author":[{"embeddable":true,"href":"https:\/\/paulinenaue.info\/index.php\/wp-json\/wp\/v2\/users\/3"}],"replies":[{"embeddable":true,"href":"https:\/\/paulinenaue.info\/index.php\/wp-json\/wp\/v2\/comments?post=1230"}],"version-history":[{"count":3,"href":"https:\/\/paulinenaue.info\/index.php\/wp-json\/wp\/v2\/posts\/1230\/revisions"}],"predecessor-version":[{"id":1258,"href":"https:\/\/paulinenaue.info\/index.php\/wp-json\/wp\/v2\/posts\/1230\/revisions\/1258"}],"wp:featuredmedia":[{"embeddable":true,"href":"https:\/\/paulinenaue.info\/index.php\/wp-json\/wp\/v2\/media\/1253"}],"wp:attachment":[{"href":"https:\/\/paulinenaue.info\/index.php\/wp-json\/wp\/v2\/media?parent=1230"}],"wp:term":[{"taxonomy":"category","embeddable":true,"href":"https:\/\/paulinenaue.info\/index.php\/wp-json\/wp\/v2\/categories?post=1230"},{"taxonomy":"post_tag","embeddable":true,"href":"https:\/\/paulinenaue.info\/index.php\/wp-json\/wp\/v2\/tags?post=1230"}],"curies":[{"name":"wp","href":"https:\/\/api.w.org\/{rel}","templated":true}]}}