{"id":125,"date":"2016-03-22T13:26:39","date_gmt":"2016-03-22T12:26:39","guid":{"rendered":"https:\/\/sudile.com\/paue\/?p=125"},"modified":"2016-10-22T23:47:02","modified_gmt":"2016-10-22T21:47:02","slug":"weihnachtsbaumverbrennen-2013","status":"publish","type":"post","link":"https:\/\/paulinenaue.info\/index.php\/weihnachtsbaumverbrennen-2013\/","title":{"rendered":"Weihnachtsbaumverbrennen 2013"},"content":{"rendered":"<p class=\"autor\"><em>Arne Breder<\/em><\/p>\n<p>26.01.2013. Schon zu einer kleinen Tradition geworden ist das Verbrennen der Weihnachtsb\u00e4ume bei der Feuerwehr Paulinenaue. In diesem Jahr war der Termin etwas sp\u00e4ter als sonst, aber es ging leider nicht anders. Die am Vormittag eingesammelten B\u00e4ume (ca. 50 St\u00fcck) wurden zu einem gro\u00dfen Haufen aufget\u00fcrmt. Um ca. 17:00 Uhr haben wir unser Feuerchen angez\u00fcndet. Das wurde auch h\u00f6chste Zeit, denn es war doch ganz sch\u00f6n kalt und die Pl\u00e4tze an der w\u00e4rmenden Feuerschale waren schnell ausgebucht. Je k\u00e4lter es ist, desto besser schmeckt der Gl\u00fchwein. Wir hatten auch Kinderpunsch, Waffeln, Brat\u00e4pfel und nat\u00fcrlich Bratwurst im Angebot. F\u00fcr die kleinen und gro\u00dfen Kinder gab es wieder Stockteig. Etwa 60 bis 70 G\u00e4ste folgten unserer Einladung. Viele nutzen die Zeit, um sich mal wieder einen Schlag zu unterhalten. Wann hat man denn sonst Gelegenheit, sich mal zu sehen.<\/p>\n<p class=\"bildunterschrift-ng\"><img class=\"lazyload\" decoding=\"async\" title=\"Beim Weihnachtsbaumverbrennen auf dem Feuerwehrvorplatz\" src=\"data:image\/gif;base64,R0lGODlhAQABAAAAACH5BAEKAAEALAAAAAABAAEAAAICTAEAOw==\" data-orig-src=\"http:\/\/..\/..\/neues\/neues_2013\/fotos\/2013\/20130126_weihnachtsbaumverbrennen_01.jpg\" alt=\"Weihnachtsbaumverbrennen\" \/><\/p>\n<p>Beim Weihnachtsbaumverbrennen auf dem Feuerwehrvorplatz. Foto: Joachim Scholz, 2013.<\/p>\n<p>Herzlichen Dank an alle Besucher, die sich auf den Weg zum Depot der FF Paulinenaue aufgemacht hatten. Es ist ein Beleg daf\u00fcr, dass wir mit unseren Veranstaltungen doch noch ein wenig Dorfgemeinschaft hervorrufen k\u00f6nnen. Die Feuerwehren sind oftmals die einzigen Veranstalter im Ort und ohne dieses Engagement w\u00fcrde in vielen D\u00f6rfern gar nichts mehr passieren.<\/p>\n<p>Wenn ich die doch rege Beteiligung sehe, freut es mich sehr und nun ist auch die ganze Zeit der Vor- und Nachbereitung vergessen, die so ein Knutfest ben\u00f6tigt. Ich sehe das als hohe Wertsch\u00e4tzung unserer Arbeit. Ohne das stetige Engagement meiner Kameraden und das der Vereinsmitglieder des F\u00f6rdervereines w\u00e4re hier schon lange Feierabend. Euch allen sei in besonderem Ma\u00dfe gedankt und wir k\u00f6nnen stolz auf uns sein.<\/p>\n<h2>Fotogalerie vom Weihnachtsbaumverbrennen<\/h2>\n<p class=\"bildunterschrift-ng\"><img class=\"lazyload\" decoding=\"async\" title=\"Beim Weihnachtsbaumverbrennen auf dem Feuerwehrvorplatz\" src=\"data:image\/gif;base64,R0lGODlhAQABAAAAACH5BAEKAAEALAAAAAABAAEAAAICTAEAOw==\" data-orig-src=\"http:\/\/paulinenaue.info\/neues\/neues_2013\/fotos\/2013\/20130126_weihnachtsbaumverbrennen_01_ab.jpg\" alt=\"Weihnachtsbaumverbrennen\" \/><br \/>\nAn der Kirche lag ein besonders gro\u00dfes Exemplar zur Abholung bereit. Foto: Arne Breder, 2013.<\/p>\n<p><img class=\"lazyload\" decoding=\"async\" title=\"Beim Weihnachtsbaumverbrennen auf dem Feuerwehrvorplatz\" src=\"data:image\/gif;base64,R0lGODlhAQABAAAAACH5BAEKAAEALAAAAAABAAEAAAICTAEAOw==\" data-orig-src=\"http:\/\/paulinenaue.info\/neues\/neues_2013\/fotos\/2013\/20130126_weihnachtsbaumverbrennen_03_ab.jpg\" alt=\"Weihnachtsbaumverbrennen\" \/><br \/>\nDie Feuerwehr gibt Rauchzeichen. Foto: Christian Gnewikow, 2013.<\/p>\n<p><img class=\"lazyload\" decoding=\"async\" title=\"Beim Weihnachtsbaumverbrennen auf dem Feuerwehrvorplatz\" src=\"data:image\/gif;base64,R0lGODlhAQABAAAAACH5BAEKAAEALAAAAAABAAEAAAICTAEAOw==\" data-orig-src=\"http:\/\/paulinenaue.info\/neues\/neues_2013\/fotos\/2013\/20130126_weihnachtsbaumverbrennen_04_ab.jpg\" alt=\"Weihnachtsbaumverbrennen\" \/><br \/>\nDas Feuer brennt nun kann es los gehen. Foto: Christian Gnewikow, 2013.<\/p>\n<p><img class=\"lazyload\" decoding=\"async\" title=\"Beim Weihnachtsbaumverbrennen auf dem Feuerwehrvorplatz\" src=\"data:image\/gif;base64,R0lGODlhAQABAAAAACH5BAEKAAEALAAAAAABAAEAAAICTAEAOw==\" data-orig-src=\"http:\/\/paulinenaue.info\/neues\/neues_2013\/fotos\/2013\/20130126_weihnachtsbaumverbrennen_05_ab.jpg\" alt=\"Weihnachtsbaumverbrennen\" \/><br \/>\nBaum f\u00fcr Baum wird Opfer der Flammen. Foto: Sven Schaarschmidt, 2013.<\/p>\n<p><img class=\"lazyload\" decoding=\"async\" title=\"Beim Weihnachtsbaumverbrennen auf dem Feuerwehrvorplatz\" src=\"data:image\/gif;base64,R0lGODlhAQABAAAAACH5BAEKAAEALAAAAAABAAEAAAICTAEAOw==\" data-orig-src=\"http:\/\/paulinenaue.info\/neues\/neues_2013\/fotos\/2013\/20130126_weihnachtsbaumverbrennen_02_ab.jpg\" alt=\"Weihnachtsbaumverbrennen\" \/><br \/>\nAbendstimmung. Foto: Freiwillige Feuerwehr Paulinenaue, 2013.<\/p>\n","protected":false},"excerpt":{"rendered":"<p>Arne Breder 26.01.2013. Schon zu einer kleinen Tradition geworden ist [&hellip;]<\/p>\n","protected":false},"author":1,"featured_media":347,"comment_status":"open","ping_status":"open","sticky":false,"template":"","format":"standard","meta":{"_acf_changed":false,"_price":"","_stock":"","_tribe_ticket_header":"","_tribe_default_ticket_provider":"","_tribe_ticket_capacity":"0","_ticket_start_date":"","_ticket_end_date":"","_tribe_ticket_show_description":"","_tribe_ticket_show_not_going":false,"_tribe_ticket_use_global_stock":"","_tribe_ticket_global_stock_level":"","_global_stock_mode":"","_global_stock_cap":"","_tribe_rsvp_for_event":"","_tribe_ticket_going_count":"","_tribe_ticket_not_going_count":"","_tribe_tickets_list":"[]","_tribe_ticket_has_attendee_info_fields":false,"jetpack_post_was_ever_published":false,"_jetpack_newsletter_access":"","_jetpack_dont_email_post_to_subs":false,"_jetpack_newsletter_tier_id":0,"_jetpack_memberships_contains_paywalled_content":false,"_jetpack_memberships_contains_paid_content":false,"footnotes":"","jetpack_publicize_message":"","jetpack_publicize_feature_enabled":true,"jetpack_social_post_already_shared":false,"jetpack_social_options":{"image_generator_settings":{"template":"highway","default_image_id":0,"font":"","enabled":false},"version":2}},"categories":[16,6],"tags":[17,18],"class_list":["post-125","post","type-post","status-publish","format-standard","has-post-thumbnail","hentry","category-feuerwehr","category-hier-zuhause","tag-feuerwehr","tag-weihnachtsbaumverbrennen"],"acf":[],"yoast_head":"<!-- This site is optimized with the Yoast SEO plugin v27.5 - https:\/\/yoast.com\/product\/yoast-seo-wordpress\/ -->\n<title>Weihnachtsbaumverbrennen 2013 - Paulinenaue<\/title>\n<meta name=\"robots\" content=\"index, follow, max-snippet:-1, max-image-preview:large, max-video-preview:-1\" \/>\n<link rel=\"canonical\" href=\"https:\/\/paulinenaue.info\/index.php\/weihnachtsbaumverbrennen-2013\/\" \/>\n<meta property=\"og:locale\" content=\"de_DE\" \/>\n<meta property=\"og:type\" content=\"article\" \/>\n<meta property=\"og:title\" content=\"Weihnachtsbaumverbrennen 2013 - Paulinenaue\" \/>\n<meta property=\"og:description\" content=\"Arne Breder 26.01.2013. Schon zu einer kleinen Tradition geworden ist [&hellip;]\" \/>\n<meta property=\"og:url\" content=\"https:\/\/paulinenaue.info\/index.php\/weihnachtsbaumverbrennen-2013\/\" \/>\n<meta property=\"og:site_name\" content=\"Paulinenaue\" \/>\n<meta property=\"article:published_time\" content=\"2016-03-22T12:26:39+00:00\" \/>\n<meta property=\"article:modified_time\" content=\"2016-10-22T21:47:02+00:00\" \/>\n<meta property=\"og:image\" content=\"https:\/\/i2.wp.com\/paulinenaue.info\/wp-content\/uploads\/2016\/03\/20130126_weihnachtsbaumverbrennen_05_ab.jpg?fit=500%2C359&ssl=1\" \/>\n\t<meta property=\"og:image:width\" content=\"500\" \/>\n\t<meta property=\"og:image:height\" content=\"359\" \/>\n\t<meta property=\"og:image:type\" content=\"image\/jpeg\" \/>\n<meta name=\"author\" content=\"Joachim Scholz\" \/>\n<meta name=\"twitter:card\" content=\"summary_large_image\" \/>\n<meta name=\"twitter:label1\" content=\"Verfasst von\" \/>\n\t<meta name=\"twitter:data1\" content=\"Joachim Scholz\" \/>\n\t<meta name=\"twitter:label2\" content=\"Gesch\u00e4tzte Lesezeit\" \/>\n\t<meta name=\"twitter:data2\" content=\"2\u00a0Minuten\" \/>\n<script type=\"application\/ld+json\" class=\"yoast-schema-graph\">{\"@context\":\"https:\\\/\\\/schema.org\",\"@graph\":[{\"@type\":\"Article\",\"@id\":\"https:\\\/\\\/paulinenaue.info\\\/index.php\\\/weihnachtsbaumverbrennen-2013\\\/#article\",\"isPartOf\":{\"@id\":\"https:\\\/\\\/paulinenaue.info\\\/index.php\\\/weihnachtsbaumverbrennen-2013\\\/\"},\"author\":{\"name\":\"Joachim Scholz\",\"@id\":\"https:\\\/\\\/paulinenaue.info\\\/#\\\/schema\\\/person\\\/3f9e818fd7b69b0d2bd937ac506897cc\"},\"headline\":\"Weihnachtsbaumverbrennen 2013\",\"datePublished\":\"2016-03-22T12:26:39+00:00\",\"dateModified\":\"2016-10-22T21:47:02+00:00\",\"mainEntityOfPage\":{\"@id\":\"https:\\\/\\\/paulinenaue.info\\\/index.php\\\/weihnachtsbaumverbrennen-2013\\\/\"},\"wordCount\":345,\"commentCount\":0,\"image\":{\"@id\":\"https:\\\/\\\/paulinenaue.info\\\/index.php\\\/weihnachtsbaumverbrennen-2013\\\/#primaryimage\"},\"thumbnailUrl\":\"https:\\\/\\\/paulinenaue.info\\\/wp-content\\\/uploads\\\/2016\\\/03\\\/20130126_weihnachtsbaumverbrennen_05_ab.jpg\",\"keywords\":[\"Feuerwehr\",\"Weihnachtsbaumverbrennen\"],\"articleSection\":[\"Feuerwehr\",\"Hier Zuhause\"],\"inLanguage\":\"de\",\"potentialAction\":[{\"@type\":\"CommentAction\",\"name\":\"Comment\",\"target\":[\"https:\\\/\\\/paulinenaue.info\\\/index.php\\\/weihnachtsbaumverbrennen-2013\\\/#respond\"]}]},{\"@type\":\"WebPage\",\"@id\":\"https:\\\/\\\/paulinenaue.info\\\/index.php\\\/weihnachtsbaumverbrennen-2013\\\/\",\"url\":\"https:\\\/\\\/paulinenaue.info\\\/index.php\\\/weihnachtsbaumverbrennen-2013\\\/\",\"name\":\"Weihnachtsbaumverbrennen 2013 - Paulinenaue\",\"isPartOf\":{\"@id\":\"https:\\\/\\\/paulinenaue.info\\\/#website\"},\"primaryImageOfPage\":{\"@id\":\"https:\\\/\\\/paulinenaue.info\\\/index.php\\\/weihnachtsbaumverbrennen-2013\\\/#primaryimage\"},\"image\":{\"@id\":\"https:\\\/\\\/paulinenaue.info\\\/index.php\\\/weihnachtsbaumverbrennen-2013\\\/#primaryimage\"},\"thumbnailUrl\":\"https:\\\/\\\/paulinenaue.info\\\/wp-content\\\/uploads\\\/2016\\\/03\\\/20130126_weihnachtsbaumverbrennen_05_ab.jpg\",\"datePublished\":\"2016-03-22T12:26:39+00:00\",\"dateModified\":\"2016-10-22T21:47:02+00:00\",\"author\":{\"@id\":\"https:\\\/\\\/paulinenaue.info\\\/#\\\/schema\\\/person\\\/3f9e818fd7b69b0d2bd937ac506897cc\"},\"breadcrumb\":{\"@id\":\"https:\\\/\\\/paulinenaue.info\\\/index.php\\\/weihnachtsbaumverbrennen-2013\\\/#breadcrumb\"},\"inLanguage\":\"de\",\"potentialAction\":[{\"@type\":\"ReadAction\",\"target\":[\"https:\\\/\\\/paulinenaue.info\\\/index.php\\\/weihnachtsbaumverbrennen-2013\\\/\"]}]},{\"@type\":\"ImageObject\",\"inLanguage\":\"de\",\"@id\":\"https:\\\/\\\/paulinenaue.info\\\/index.php\\\/weihnachtsbaumverbrennen-2013\\\/#primaryimage\",\"url\":\"https:\\\/\\\/paulinenaue.info\\\/wp-content\\\/uploads\\\/2016\\\/03\\\/20130126_weihnachtsbaumverbrennen_05_ab.jpg\",\"contentUrl\":\"https:\\\/\\\/paulinenaue.info\\\/wp-content\\\/uploads\\\/2016\\\/03\\\/20130126_weihnachtsbaumverbrennen_05_ab.jpg\",\"width\":500,\"height\":359},{\"@type\":\"BreadcrumbList\",\"@id\":\"https:\\\/\\\/paulinenaue.info\\\/index.php\\\/weihnachtsbaumverbrennen-2013\\\/#breadcrumb\",\"itemListElement\":[{\"@type\":\"ListItem\",\"position\":1,\"name\":\"Home\",\"item\":\"https:\\\/\\\/paulinenaue.info\\\/\"},{\"@type\":\"ListItem\",\"position\":2,\"name\":\"Weihnachtsbaumverbrennen 2013\"}]},{\"@type\":\"WebSite\",\"@id\":\"https:\\\/\\\/paulinenaue.info\\\/#website\",\"url\":\"https:\\\/\\\/paulinenaue.info\\\/\",\"name\":\"Paulinenaue\",\"description\":\"Ein Dorf im Havelland\",\"potentialAction\":[{\"@type\":\"SearchAction\",\"target\":{\"@type\":\"EntryPoint\",\"urlTemplate\":\"https:\\\/\\\/paulinenaue.info\\\/?s={search_term_string}\"},\"query-input\":{\"@type\":\"PropertyValueSpecification\",\"valueRequired\":true,\"valueName\":\"search_term_string\"}}],\"inLanguage\":\"de\"},{\"@type\":\"Person\",\"@id\":\"https:\\\/\\\/paulinenaue.info\\\/#\\\/schema\\\/person\\\/3f9e818fd7b69b0d2bd937ac506897cc\",\"name\":\"Joachim Scholz\",\"url\":\"https:\\\/\\\/paulinenaue.info\\\/index.php\\\/author\\\/jjscholz\\\/\"}]}<\/script>\n<!-- \/ Yoast SEO plugin. -->","yoast_head_json":{"title":"Weihnachtsbaumverbrennen 2013 - Paulinenaue","robots":{"index":"index","follow":"follow","max-snippet":"max-snippet:-1","max-image-preview":"max-image-preview:large","max-video-preview":"max-video-preview:-1"},"canonical":"https:\/\/paulinenaue.info\/index.php\/weihnachtsbaumverbrennen-2013\/","og_locale":"de_DE","og_type":"article","og_title":"Weihnachtsbaumverbrennen 2013 - Paulinenaue","og_description":"Arne Breder 26.01.2013. Schon zu einer kleinen Tradition geworden ist [&hellip;]","og_url":"https:\/\/paulinenaue.info\/index.php\/weihnachtsbaumverbrennen-2013\/","og_site_name":"Paulinenaue","article_published_time":"2016-03-22T12:26:39+00:00","article_modified_time":"2016-10-22T21:47:02+00:00","og_image":[{"width":500,"height":359,"url":"https:\/\/i2.wp.com\/paulinenaue.info\/wp-content\/uploads\/2016\/03\/20130126_weihnachtsbaumverbrennen_05_ab.jpg?fit=500%2C359&ssl=1","type":"image\/jpeg"}],"author":"Joachim Scholz","twitter_card":"summary_large_image","twitter_misc":{"Verfasst von":"Joachim Scholz","Gesch\u00e4tzte Lesezeit":"2\u00a0Minuten"},"schema":{"@context":"https:\/\/schema.org","@graph":[{"@type":"Article","@id":"https:\/\/paulinenaue.info\/index.php\/weihnachtsbaumverbrennen-2013\/#article","isPartOf":{"@id":"https:\/\/paulinenaue.info\/index.php\/weihnachtsbaumverbrennen-2013\/"},"author":{"name":"Joachim Scholz","@id":"https:\/\/paulinenaue.info\/#\/schema\/person\/3f9e818fd7b69b0d2bd937ac506897cc"},"headline":"Weihnachtsbaumverbrennen 2013","datePublished":"2016-03-22T12:26:39+00:00","dateModified":"2016-10-22T21:47:02+00:00","mainEntityOfPage":{"@id":"https:\/\/paulinenaue.info\/index.php\/weihnachtsbaumverbrennen-2013\/"},"wordCount":345,"commentCount":0,"image":{"@id":"https:\/\/paulinenaue.info\/index.php\/weihnachtsbaumverbrennen-2013\/#primaryimage"},"thumbnailUrl":"https:\/\/paulinenaue.info\/wp-content\/uploads\/2016\/03\/20130126_weihnachtsbaumverbrennen_05_ab.jpg","keywords":["Feuerwehr","Weihnachtsbaumverbrennen"],"articleSection":["Feuerwehr","Hier Zuhause"],"inLanguage":"de","potentialAction":[{"@type":"CommentAction","name":"Comment","target":["https:\/\/paulinenaue.info\/index.php\/weihnachtsbaumverbrennen-2013\/#respond"]}]},{"@type":"WebPage","@id":"https:\/\/paulinenaue.info\/index.php\/weihnachtsbaumverbrennen-2013\/","url":"https:\/\/paulinenaue.info\/index.php\/weihnachtsbaumverbrennen-2013\/","name":"Weihnachtsbaumverbrennen 2013 - Paulinenaue","isPartOf":{"@id":"https:\/\/paulinenaue.info\/#website"},"primaryImageOfPage":{"@id":"https:\/\/paulinenaue.info\/index.php\/weihnachtsbaumverbrennen-2013\/#primaryimage"},"image":{"@id":"https:\/\/paulinenaue.info\/index.php\/weihnachtsbaumverbrennen-2013\/#primaryimage"},"thumbnailUrl":"https:\/\/paulinenaue.info\/wp-content\/uploads\/2016\/03\/20130126_weihnachtsbaumverbrennen_05_ab.jpg","datePublished":"2016-03-22T12:26:39+00:00","dateModified":"2016-10-22T21:47:02+00:00","author":{"@id":"https:\/\/paulinenaue.info\/#\/schema\/person\/3f9e818fd7b69b0d2bd937ac506897cc"},"breadcrumb":{"@id":"https:\/\/paulinenaue.info\/index.php\/weihnachtsbaumverbrennen-2013\/#breadcrumb"},"inLanguage":"de","potentialAction":[{"@type":"ReadAction","target":["https:\/\/paulinenaue.info\/index.php\/weihnachtsbaumverbrennen-2013\/"]}]},{"@type":"ImageObject","inLanguage":"de","@id":"https:\/\/paulinenaue.info\/index.php\/weihnachtsbaumverbrennen-2013\/#primaryimage","url":"https:\/\/paulinenaue.info\/wp-content\/uploads\/2016\/03\/20130126_weihnachtsbaumverbrennen_05_ab.jpg","contentUrl":"https:\/\/paulinenaue.info\/wp-content\/uploads\/2016\/03\/20130126_weihnachtsbaumverbrennen_05_ab.jpg","width":500,"height":359},{"@type":"BreadcrumbList","@id":"https:\/\/paulinenaue.info\/index.php\/weihnachtsbaumverbrennen-2013\/#breadcrumb","itemListElement":[{"@type":"ListItem","position":1,"name":"Home","item":"https:\/\/paulinenaue.info\/"},{"@type":"ListItem","position":2,"name":"Weihnachtsbaumverbrennen 2013"}]},{"@type":"WebSite","@id":"https:\/\/paulinenaue.info\/#website","url":"https:\/\/paulinenaue.info\/","name":"Paulinenaue","description":"Ein Dorf im Havelland","potentialAction":[{"@type":"SearchAction","target":{"@type":"EntryPoint","urlTemplate":"https:\/\/paulinenaue.info\/?s={search_term_string}"},"query-input":{"@type":"PropertyValueSpecification","valueRequired":true,"valueName":"search_term_string"}}],"inLanguage":"de"},{"@type":"Person","@id":"https:\/\/paulinenaue.info\/#\/schema\/person\/3f9e818fd7b69b0d2bd937ac506897cc","name":"Joachim Scholz","url":"https:\/\/paulinenaue.info\/index.php\/author\/jjscholz\/"}]}},"jetpack_publicize_connections":[],"jetpack_featured_media_url":"https:\/\/paulinenaue.info\/wp-content\/uploads\/2016\/03\/20130126_weihnachtsbaumverbrennen_05_ab.jpg","jetpack_sharing_enabled":true,"jetpack_shortlink":"https:\/\/wp.me\/pcYhWA-21","jetpack-related-posts":[{"id":95,"url":"https:\/\/paulinenaue.info\/index.php\/weihnachtsbaumverbrennen-2014\/","url_meta":{"origin":125,"position":0},"title":"Weihnachtsbaumverbrennen 2014","author":"Joachim Scholz","date":"30. Januar 2014","format":false,"excerpt":"Am 25. Januar 2014 war es wieder so weit. Ab 9:00 Uhr sammelte die Feuerwehr die Weihnachtsb\u00e4ume im Ort ein. Sie sollten am Abend den Flammen \u00fcbergeben werden. Leider liegen jedes Jahr immer weniger B\u00e4ume bereit. Haben viele Paulinenauer k\u00fcnstliche Weihnachtsb\u00e4ume oder vielleicht gar keinen Baum mehr? Zum Gl\u00fcck hatten\u2026","rel":"","context":"In &quot;Feuerwehr&quot;","block_context":{"text":"Feuerwehr","link":"https:\/\/paulinenaue.info\/index.php\/category\/feuerwehr\/"},"img":{"alt_text":"","src":"https:\/\/i0.wp.com\/paulinenaue.info\/wp-content\/uploads\/2016\/03\/20140125_weihnachtsbaumverbrennen_03.jpg?resize=350%2C200&ssl=1","width":350,"height":200},"classes":[]},{"id":3976,"url":"https:\/\/paulinenaue.info\/index.php\/das-weihnachtsbaumverbrennen\/","url_meta":{"origin":125,"position":1},"title":"Das Weihnachtsbaumverbrennen","author":"Joachim Scholz","date":"25. Januar 2019","format":false,"excerpt":"F\u00fcr einen leuchtenden w\u00e4rmenden Auftakt sorgte die Feuerwehr am 12. Januar 2019. \u201eAb um neun sammelten wir wieder die B\u00e4ume ein,\u201c schreibt Ortswehrf\u00fchrer Arne Breder.\u00a0 \u201eDas Feuer spendete bis in die sp\u00e4ten Abendstunden W\u00e4rme und ein Baum nach dem anderen wurde Opfer der Flammen. Am Verpflegungsstand gab es dieses Jahr\u2026","rel":"","context":"In &quot;Allgemein&quot;","block_context":{"text":"Allgemein","link":"https:\/\/paulinenaue.info\/index.php\/category\/allgemein\/"},"img":{"alt_text":"","src":"https:\/\/i0.wp.com\/paulinenaue.info\/wp-content\/uploads\/2019\/01\/IMG-20190123-WA0004_1.jpg?resize=350%2C200&ssl=1","width":350,"height":200,"srcset":"https:\/\/i0.wp.com\/paulinenaue.info\/wp-content\/uploads\/2019\/01\/IMG-20190123-WA0004_1.jpg?resize=350%2C200&ssl=1 1x, https:\/\/i0.wp.com\/paulinenaue.info\/wp-content\/uploads\/2019\/01\/IMG-20190123-WA0004_1.jpg?resize=525%2C300&ssl=1 1.5x, https:\/\/i0.wp.com\/paulinenaue.info\/wp-content\/uploads\/2019\/01\/IMG-20190123-WA0004_1.jpg?resize=700%2C400&ssl=1 2x"},"classes":[]},{"id":1846,"url":"https:\/\/paulinenaue.info\/index.php\/das-neue-jahr-begann-mit-der-weihnachtsbaumverbrennung\/","url_meta":{"origin":125,"position":2},"title":"Warm und satt und auch noch Lichteffekte: die Feuerwehr setzt zu Jahresbeginn die richtigen Zeichen","author":"Joachim Scholz","date":"20. Januar 2018","format":false,"excerpt":"Hoch und hei\u00df her ging es wieder, als am 13. Januar die Kameraden der Freiwilligen Feuerwehr die Paulinenauer Weihnachtsb\u00e4ume verbrannten. F\u00fcr die Paulinenauer\/innen ist der Termin am Jahresanfang seit Jahren beliebt als eine Veranstaltung, die das N\u00fctzliche mit dem Angenehmen verbindet. Wenn man sich f\u00fcr einige Minuten am Feuer w\u00e4rmt\u2026","rel":"","context":"In &quot;Allgemein&quot;","block_context":{"text":"Allgemein","link":"https:\/\/paulinenaue.info\/index.php\/category\/allgemein\/"},"img":{"alt_text":"","src":"https:\/\/i0.wp.com\/paulinenaue.info\/wp-content\/uploads\/2018\/01\/DSC08811.jpg?resize=350%2C200&ssl=1","width":350,"height":200,"srcset":"https:\/\/i0.wp.com\/paulinenaue.info\/wp-content\/uploads\/2018\/01\/DSC08811.jpg?resize=350%2C200&ssl=1 1x, https:\/\/i0.wp.com\/paulinenaue.info\/wp-content\/uploads\/2018\/01\/DSC08811.jpg?resize=525%2C300&ssl=1 1.5x, https:\/\/i0.wp.com\/paulinenaue.info\/wp-content\/uploads\/2018\/01\/DSC08811.jpg?resize=700%2C400&ssl=1 2x"},"classes":[]},{"id":598,"url":"https:\/\/paulinenaue.info\/index.php\/598\/","url_meta":{"origin":125,"position":3},"title":"Traditionelle Baumverbrennung","author":"Donata Kienitz-Jannermann","date":"7. Januar 2017","format":false,"excerpt":"Die Freiwillige Feuerwehr Paulinenaue lud am 12. Januar wieder zum traditionellen Weihnachtsbaumverbrennen auf den Platz vor dem Feuerwehrdepot ein. Die Funken flogen und mit lautem Knistern wurden die gerade noch prachtvoll geschm\u00fcckten B\u00e4ume allesamt ein Opfer der Flammen. Schon um 9.00 Uhr hatten die Feuerwehrleute begonnen, die B\u00e4ume einzusammeln. \u00a0\u2026","rel":"","context":"In &quot;Feuerwehr&quot;","block_context":{"text":"Feuerwehr","link":"https:\/\/paulinenaue.info\/index.php\/category\/feuerwehr\/"},"img":{"alt_text":"","src":"https:\/\/i0.wp.com\/paulinenaue.info\/wp-content\/uploads\/2017\/01\/File0013-e1483786660710.jpg?resize=350%2C200&ssl=1","width":350,"height":200,"srcset":"https:\/\/i0.wp.com\/paulinenaue.info\/wp-content\/uploads\/2017\/01\/File0013-e1483786660710.jpg?resize=350%2C200&ssl=1 1x, https:\/\/i0.wp.com\/paulinenaue.info\/wp-content\/uploads\/2017\/01\/File0013-e1483786660710.jpg?resize=525%2C300&ssl=1 1.5x, https:\/\/i0.wp.com\/paulinenaue.info\/wp-content\/uploads\/2017\/01\/File0013-e1483786660710.jpg?resize=700%2C400&ssl=1 2x, https:\/\/i0.wp.com\/paulinenaue.info\/wp-content\/uploads\/2017\/01\/File0013-e1483786660710.jpg?resize=1050%2C600&ssl=1 3x, https:\/\/i0.wp.com\/paulinenaue.info\/wp-content\/uploads\/2017\/01\/File0013-e1483786660710.jpg?resize=1400%2C800&ssl=1 4x"},"classes":[]},{"id":5662,"url":"https:\/\/paulinenaue.info\/index.php\/jahresrueckblick-feuerwehr\/","url_meta":{"origin":125,"position":4},"title":"Jahresr\u00fcckblick Feuerwehr","author":"Christian Gnewikow","date":"15. Januar 2021","format":false,"excerpt":"Auch hinter unserer Feuerwehr liegt ein denkw\u00fcrdiges und in jeder Hinsicht au\u00dfergew\u00f6hnliches Jahr, auf das wir hier einmal zur\u00fcckblicken wollen. Begonnen hat das Jahr 2020 eher unaufgeregt. So konnten wir noch am 25. Januar in gewohnter Weise unser Weihnachtsbaumverbrennen feiern. Die Planungen f\u00fcr weitere Aktivit\u00e4ten liefen schon auf Hochtouren: wir\u2026","rel":"","context":"In &quot;Allgemein&quot;","block_context":{"text":"Allgemein","link":"https:\/\/paulinenaue.info\/index.php\/category\/allgemein\/"},"img":{"alt_text":"","src":"https:\/\/i0.wp.com\/paulinenaue.info\/wp-content\/uploads\/2021\/01\/01-WBV-300x225.jpg?resize=350%2C200&ssl=1","width":350,"height":200},"classes":[]},{"id":415469,"url":"https:\/\/paulinenaue.info\/index.php\/winterlicher-weihnachtsmarkt-2023\/","url_meta":{"origin":125,"position":5},"title":"Winterlicher Weihnachtsmarkt 2023","author":"Joachim Scholz","date":"3. Dezember 2023","format":false,"excerpt":"Den Beginn der Weihnachtszeit erlebt jeder individuell. Auch wenn man die Zeit vielleicht noch nicht f\u00fcr gekommen h\u00e4lt, an einem Punkt ist es schlie\u00dflich so weit. F\u00fcr mich ist das nun schon seit ein paar Jahren der Augenblick, wo ich dicht neben B\u00fcrgermeister Arne Breder stehe und mit ihm zusammen\u2026","rel":"","context":"In &quot;Allgemein&quot;","block_context":{"text":"Allgemein","link":"https:\/\/paulinenaue.info\/index.php\/category\/allgemein\/"},"img":{"alt_text":"","src":"https:\/\/i0.wp.com\/paulinenaue.info\/wp-content\/uploads\/2023\/12\/2023-12-01-Weihnachtsmarkt-00.jpeg?resize=350%2C200&ssl=1","width":350,"height":200,"srcset":"https:\/\/i0.wp.com\/paulinenaue.info\/wp-content\/uploads\/2023\/12\/2023-12-01-Weihnachtsmarkt-00.jpeg?resize=350%2C200&ssl=1 1x, https:\/\/i0.wp.com\/paulinenaue.info\/wp-content\/uploads\/2023\/12\/2023-12-01-Weihnachtsmarkt-00.jpeg?resize=525%2C300&ssl=1 1.5x, https:\/\/i0.wp.com\/paulinenaue.info\/wp-content\/uploads\/2023\/12\/2023-12-01-Weihnachtsmarkt-00.jpeg?resize=700%2C400&ssl=1 2x"},"classes":[]}],"_links":{"self":[{"href":"https:\/\/paulinenaue.info\/index.php\/wp-json\/wp\/v2\/posts\/125","targetHints":{"allow":["GET"]}}],"collection":[{"href":"https:\/\/paulinenaue.info\/index.php\/wp-json\/wp\/v2\/posts"}],"about":[{"href":"https:\/\/paulinenaue.info\/index.php\/wp-json\/wp\/v2\/types\/post"}],"author":[{"embeddable":true,"href":"https:\/\/paulinenaue.info\/index.php\/wp-json\/wp\/v2\/users\/1"}],"replies":[{"embeddable":true,"href":"https:\/\/paulinenaue.info\/index.php\/wp-json\/wp\/v2\/comments?post=125"}],"version-history":[{"count":5,"href":"https:\/\/paulinenaue.info\/index.php\/wp-json\/wp\/v2\/posts\/125\/revisions"}],"predecessor-version":[{"id":511,"href":"https:\/\/paulinenaue.info\/index.php\/wp-json\/wp\/v2\/posts\/125\/revisions\/511"}],"wp:featuredmedia":[{"embeddable":true,"href":"https:\/\/paulinenaue.info\/index.php\/wp-json\/wp\/v2\/media\/347"}],"wp:attachment":[{"href":"https:\/\/paulinenaue.info\/index.php\/wp-json\/wp\/v2\/media?parent=125"}],"wp:term":[{"taxonomy":"category","embeddable":true,"href":"https:\/\/paulinenaue.info\/index.php\/wp-json\/wp\/v2\/categories?post=125"},{"taxonomy":"post_tag","embeddable":true,"href":"https:\/\/paulinenaue.info\/index.php\/wp-json\/wp\/v2\/tags?post=125"}],"curies":[{"name":"wp","href":"https:\/\/api.w.org\/{rel}","templated":true}]}}