{"id":1260,"date":"2017-06-23T16:16:37","date_gmt":"2017-06-23T14:16:37","guid":{"rendered":"http:\/\/paulinenaue.info\/?p=1260"},"modified":"2022-03-27T16:25:07","modified_gmt":"2022-03-27T14:25:07","slug":"die-vertreibung-des-pfarrers-willimsky-von-widerstand-und-anpassung-im-nationalsozialismus-in-paulinenaue-und-friesack-teil-1","status":"publish","type":"post","link":"https:\/\/paulinenaue.info\/index.php\/die-vertreibung-des-pfarrers-willimsky-von-widerstand-und-anpassung-im-nationalsozialismus-in-paulinenaue-und-friesack-teil-1\/","title":{"rendered":"Die Vertreibung des Pfarrers Willimsky (1)"},"content":{"rendered":"<h6>09.01.2007<\/h6>\n<h2>Wer war Albert Willimsky?<\/h2>\n<h3>Von Widerstand und Anpassung im Nationalsozialismus in Paulinenaue und Friesack<\/h3>\n<h4>1. Teil<\/h4>\n<p class=\"autor\">Joachim Scholz<\/p>\n<p>In der Berliner St. Hedwigskathedrale ist zum Gedenken an die katholischen Geistlichen, die dem Nationalsozialismus zum Opfer gefallen sind, eine Tafel angebracht. Der Name Willimsky ist hier ebenso angegeben wie auf einer Gedenktafel in Gransee, die daran erinnert, dass Pfarrer Willimsky im Dritten Reich f\u00fcr Menschenw\u00fcrde und Menschenrecht eintrat und daf\u00fcr mit dem Leben bezahlen musste. In Friesack und den umliegenden Gemeinden aber, wo eben dieser Pfarrer Willimsky die l\u00e4ngste Zeit seines Arbeitslebens verbrachte und wo die Geschichte seines Aufbegehrens gegen die Naziherrschaft ihren Anfang nahm, ist Willimsky kaum jemandem mehr ein Begriff und auch im Heimatmuseum der Stadt Friesack wird nichts \u00fcber ihn berichtet. Am genauesten informieren uns die Akten des Potsdamer Landeshauptarchivs \u00fcber seine Geschichte als Friesacker Pfarrer.<\/p>\n<div id=\"attachment_1263\" style=\"width: 198px\" class=\"wp-caption alignnone\"><a href=\"http:\/\/paulinenaue.info\/wp-content\/uploads\/2017\/06\/willimsky.jpg\"><img decoding=\"async\" aria-describedby=\"caption-attachment-1263\" data-attachment-id=\"1263\" data-permalink=\"https:\/\/paulinenaue.info\/index.php\/die-vertreibung-des-pfarrers-willimsky-von-widerstand-und-anpassung-im-nationalsozialismus-in-paulinenaue-und-friesack-teil-1\/willimsky\/\" data-orig-file=\"https:\/\/paulinenaue.info\/wp-content\/uploads\/2017\/06\/willimsky.jpg\" data-orig-size=\"188,296\" data-comments-opened=\"1\" data-image-meta=\"{&quot;aperture&quot;:&quot;0&quot;,&quot;credit&quot;:&quot;&quot;,&quot;camera&quot;:&quot;&quot;,&quot;caption&quot;:&quot;&quot;,&quot;created_timestamp&quot;:&quot;0&quot;,&quot;copyright&quot;:&quot;&quot;,&quot;focal_length&quot;:&quot;0&quot;,&quot;iso&quot;:&quot;0&quot;,&quot;shutter_speed&quot;:&quot;0&quot;,&quot;title&quot;:&quot;&quot;,&quot;orientation&quot;:&quot;1&quot;}\" data-image-title=\"willimsky\" data-image-description=\"\" data-image-caption=\"\" data-large-file=\"https:\/\/paulinenaue.info\/wp-content\/uploads\/2017\/06\/willimsky.jpg\" class=\"lazyload wp-image-1263 size-full\" src=\"data:image\/svg+xml,%3Csvg%20xmlns%3D%27http%3A%2F%2Fwww.w3.org%2F2000%2Fsvg%27%20width%3D%27188%27%20height%3D%27296%27%20viewBox%3D%270%200%20188%20296%27%3E%3Crect%20width%3D%27188%27%20height%3D%27296%27%20fill-opacity%3D%220%22%2F%3E%3C%2Fsvg%3E\" data-orig-src=\"http:\/\/paulinenaue.info\/wp-content\/uploads\/2017\/06\/willimsky.jpg\" alt=\"Pfarrer Albert Willimsky (1890-1940)\" width=\"188\" height=\"296\" \/><\/a><p id=\"caption-attachment-1263\" class=\"wp-caption-text\">Pfarrer Albert Willimsky (1890-1940)<\/p><\/div>\n<p>Die beginnt schon im Jahre 1925, als Albert Willimsky 35j\u00e4hrig die katholische Pfarrstelle der kleinen Ackerb\u00fcrgerstadt \u00fcbernahm. Aus den \u00fcberlieferten Papieren erf\u00e4hrt man, dass Willimsky und seine katholischen Glaubensgenossen schon vor der Nazizeit keinen guten Stand unter den meist evangelischen Bewohnern des Havellandes genossen, denn die meisten Katholiken hierzulande waren polnische Saisonarbeiter, jene, wie einmal der Landrat schrieb, &#8222;moralisch minderwertigen unlauteren, mit Ungeziefer behafteten rohen Schnitterfamilien&#8220;, die zur Erntezeit auf den havell\u00e4ndischen G\u00fctern gebraucht wurden. Wenn es aber darum ging, ihnen einen Raum f\u00fcr den Gottesdienst verf\u00fcgbar zu machen, ernteten sie Absagen, wie am Beispiel der Paulinenauer, aus etwa 70 Katholiken bestehenden Gemeinde deutlich wird. Willimsky war es, der dort f\u00fcr die Schnitter eintrat. &#8222;Es ist bekannt, dass diese Arbeiter nicht gut bezahlt werden, in schlechten Wohnungen hausen und wegen mangelnder deutscher Sprachkenntnisse oft recht- und schutzlos sind&#8220; schrieb er. \u201eWenn diese Menschen nicht mehr einen Halt an der Religion finden, ist es unausbleiblich, dass sie schliesslich zu Verbrechern werden. Ich spreche daher die herzliche Bitte aus, schon aus Gr\u00fcnden der Menschlichkeit die Absage zu kassieren.\u201c Es gelang ihm damals, wenigstens in der Schnitterkaserne Gottesdienst und sp\u00e4ter auch im Schulhaus Religionsunterricht erteilen zu d\u00fcrfen.<\/p>\n<div id=\"attachment_1262\" style=\"width: 310px\" class=\"wp-caption alignnone\"><a href=\"http:\/\/paulinenaue.info\/wp-content\/uploads\/2017\/06\/1967_paulinenaue_schnitterkaserne.jpg\"><img decoding=\"async\" aria-describedby=\"caption-attachment-1262\" data-attachment-id=\"1262\" data-permalink=\"https:\/\/paulinenaue.info\/index.php\/die-vertreibung-des-pfarrers-willimsky-von-widerstand-und-anpassung-im-nationalsozialismus-in-paulinenaue-und-friesack-teil-1\/1967_paulinenaue_schnitterkaserne\/\" data-orig-file=\"https:\/\/paulinenaue.info\/wp-content\/uploads\/2017\/06\/1967_paulinenaue_schnitterkaserne.jpg\" data-orig-size=\"400,277\" data-comments-opened=\"1\" data-image-meta=\"{&quot;aperture&quot;:&quot;0&quot;,&quot;credit&quot;:&quot;&quot;,&quot;camera&quot;:&quot;&quot;,&quot;caption&quot;:&quot;&quot;,&quot;created_timestamp&quot;:&quot;0&quot;,&quot;copyright&quot;:&quot;&quot;,&quot;focal_length&quot;:&quot;0&quot;,&quot;iso&quot;:&quot;0&quot;,&quot;shutter_speed&quot;:&quot;0&quot;,&quot;title&quot;:&quot;&quot;,&quot;orientation&quot;:&quot;1&quot;}\" data-image-title=\"1967_paulinenaue_schnitterkaserne\" data-image-description=\"\" data-image-caption=\"&lt;p&gt;12\u00b0 42&amp;#8242; 36.4&amp;#8243;E 52\u00b0 40&amp;#8242; 43.0&amp;#8243;N&lt;\/p&gt;\n\" data-large-file=\"https:\/\/paulinenaue.info\/wp-content\/uploads\/2017\/06\/1967_paulinenaue_schnitterkaserne.jpg\" class=\"lazyload wp-image-1262 size-medium\" src=\"http:\/\/paulinenaue.info\/wp-content\/uploads\/2017\/06\/1967_paulinenaue_schnitterkaserne-300x208.jpg\" data-orig-src=\"http:\/\/paulinenaue.info\/wp-content\/uploads\/2017\/06\/1967_paulinenaue_schnitterkaserne-300x208.jpg\" alt=\"Die Paulinenauer Schnitterkaserne, ca. 1967. \" width=\"300\" height=\"208\" srcset=\"data:image\/svg+xml,%3Csvg%20xmlns%3D%27http%3A%2F%2Fwww.w3.org%2F2000%2Fsvg%27%20width%3D%27300%27%20height%3D%27208%27%20viewBox%3D%270%200%20300%20208%27%3E%3Crect%20width%3D%27300%27%20height%3D%27208%27%20fill-opacity%3D%220%22%2F%3E%3C%2Fsvg%3E\" data-srcset=\"https:\/\/paulinenaue.info\/wp-content\/uploads\/2017\/06\/1967_paulinenaue_schnitterkaserne-300x208.jpg 300w, https:\/\/paulinenaue.info\/wp-content\/uploads\/2017\/06\/1967_paulinenaue_schnitterkaserne.jpg 400w\" data-sizes=\"auto\" data-orig-sizes=\"(max-width: 300px) 100vw, 300px\" \/><\/a><p id=\"caption-attachment-1262\" class=\"wp-caption-text\">Die Paulinenauer Schnitterkaserne, ca. 1967. Foto: Georg Drasch\u00e9<\/p><\/div>\n<p>Man kann mit Grund annehmen, dass der Pfarrer mit seinem energischen Eintreten schon damals nicht nur beliebt gewesen ist. Die Gem\u00fcter erhitzten sich jedoch erst nach einem Vorfall, der sich im Februar 1933 wiederum in Paulinenaue zutrug. Einen Monat nach der Machtergreifung der Nationalsozialisten und kurz vor der letzten, schon nicht mehr ganz freien Reichstagswahl in Deutschland, hatte Willimsky einen Aufruf der Zentrumspartei an die am Religionsunterricht teilnehmenden Kinder verteilt und diese gebeten, das Flugblatt ihren Eltern zu \u00fcbergeben. Viele im Dorf hielten das f\u00fcr unerh\u00f6rt. Der Aufruf, hie\u00df es, verletze die \u201enationale Bev\u00f6lkerung\u201c des Kreises zutiefst. In vorauseilendem Gehorsam emp\u00f6rten sich der Paulinenauer Schullehrer Richter &#8211; vor 1933 noch Sympathisant der Kommunisten -, der pensionierte Major Prentzel und mit beiden der gesamte Paulinenauer Schulvorstand. &#8222;Unter den Mitgliedern herrschte gro\u00dfe Erregung \u00fcber das Vorgehen des Pfarrers und es wurde einhellig und mit Nachdruck abgelehnt, ihn wieder in die Schule hereinzulassen&#8220;, berichtete pflichtbewusst Landrat von Bredow nach Potsdam und er f\u00fcgte hinzu: &#8222;Seit der Pfarrer seine Stelle in Friesack angetreten hat, habe ich den Eindruck gehabt, da\u00df er es nicht versteht, mit der \u00fcberwiegend evangelischen Bev\u00f6lkerung des Kreises auszukommen. Als Neustes ist mir berichtet worden, da\u00df der Pfarrer im Gesch\u00e4ftslokal des Friesacker Banklokals, in dem der letzte Aufruf der Reichsregierung angebracht war, sich zu diesem Aufruf \u00e4u\u00dferte, er m\u00fc\u00dfte abgerissen werden. Nach alledem habe ich den Eindruck, da\u00df der Pfarrer Willimsky f\u00fcr die hiesige Gegend nicht der richtige Mann ist. Er bringt Unruhe in den Kreis und schafft unn\u00f6tige Zwietracht&#8220;.<\/p>\n<div id=\"attachment_1261\" style=\"width: 310px\" class=\"wp-caption alignnone\"><a href=\"http:\/\/paulinenaue.info\/wp-content\/uploads\/2017\/06\/1938_bahnhofsttrasse.jpg\"><img decoding=\"async\" aria-describedby=\"caption-attachment-1261\" data-attachment-id=\"1261\" data-permalink=\"https:\/\/paulinenaue.info\/index.php\/die-vertreibung-des-pfarrers-willimsky-von-widerstand-und-anpassung-im-nationalsozialismus-in-paulinenaue-und-friesack-teil-1\/1938_bahnhofsttrasse\/\" data-orig-file=\"https:\/\/paulinenaue.info\/wp-content\/uploads\/2017\/06\/1938_bahnhofsttrasse.jpg\" data-orig-size=\"400,206\" data-comments-opened=\"1\" data-image-meta=\"{&quot;aperture&quot;:&quot;0&quot;,&quot;credit&quot;:&quot;&quot;,&quot;camera&quot;:&quot;&quot;,&quot;caption&quot;:&quot;&quot;,&quot;created_timestamp&quot;:&quot;0&quot;,&quot;copyright&quot;:&quot;&quot;,&quot;focal_length&quot;:&quot;0&quot;,&quot;iso&quot;:&quot;0&quot;,&quot;shutter_speed&quot;:&quot;0&quot;,&quot;title&quot;:&quot;&quot;,&quot;orientation&quot;:&quot;1&quot;}\" data-image-title=\"1938_bahnhofsttrasse\" data-image-description=\"\" data-image-caption=\"\" data-large-file=\"https:\/\/paulinenaue.info\/wp-content\/uploads\/2017\/06\/1938_bahnhofsttrasse.jpg\" class=\"lazyload wp-image-1261 size-medium\" src=\"http:\/\/paulinenaue.info\/wp-content\/uploads\/2017\/06\/1938_bahnhofsttrasse-300x155.jpg\" data-orig-src=\"http:\/\/paulinenaue.info\/wp-content\/uploads\/2017\/06\/1938_bahnhofsttrasse-300x155.jpg\" alt=\"Paulinenaue in den 1930er Jahren, rechts das Schulhaus\" width=\"300\" height=\"155\" srcset=\"data:image\/svg+xml,%3Csvg%20xmlns%3D%27http%3A%2F%2Fwww.w3.org%2F2000%2Fsvg%27%20width%3D%27300%27%20height%3D%27155%27%20viewBox%3D%270%200%20300%20155%27%3E%3Crect%20width%3D%27300%27%20height%3D%27155%27%20fill-opacity%3D%220%22%2F%3E%3C%2Fsvg%3E\" data-srcset=\"https:\/\/paulinenaue.info\/wp-content\/uploads\/2017\/06\/1938_bahnhofsttrasse-300x155.jpg 300w, https:\/\/paulinenaue.info\/wp-content\/uploads\/2017\/06\/1938_bahnhofsttrasse.jpg 400w\" data-sizes=\"auto\" data-orig-sizes=\"(max-width: 300px) 100vw, 300px\" \/><\/a><p id=\"caption-attachment-1261\" class=\"wp-caption-text\">Paulinenaue in den 1930er Jahren, rechts das Schulhaus<\/p><\/div>\n<p>Der Brief des Landrats ist die erste aktenf\u00e4llig gewordene Denunziation in einer nun nicht mehr abrei\u00dfenden Kette aus Zeugnissen der Niedertracht und des Kleinmutes, von Verd\u00e4chtigungen und folgenreichen Entscheidungen, die Willimsky in den wenigen Jahren, die ihm noch im Amt verblieben, in Friesack, in Gransee oder Stettin, nicht mehr zur Ruhe kommen lie\u00dfen.<\/p>\n<p>&nbsp;<\/p>\n<p><a href=\"https:\/\/paulinenaue.info\/index.php\/die-vertreibung-des-pfarrers-willimsky-teil-2\/\">Hier<\/a> geht es zum Teil 2.<\/p>\n","protected":false},"excerpt":{"rendered":"<p>09.01.2007 Wer war Albert Willimsky? Von Widerstand und Anpassung im [&hellip;]<\/p>\n","protected":false},"author":3,"featured_media":1263,"comment_status":"open","ping_status":"open","sticky":false,"template":"","format":"standard","meta":{"_acf_changed":false,"_price":"","_stock":"","_tribe_ticket_header":"","_tribe_default_ticket_provider":"","_tribe_ticket_capacity":"0","_ticket_start_date":"","_ticket_end_date":"","_tribe_ticket_show_description":"","_tribe_ticket_show_not_going":false,"_tribe_ticket_use_global_stock":"","_tribe_ticket_global_stock_level":"","_global_stock_mode":"","_global_stock_cap":"","_tribe_rsvp_for_event":"","_tribe_ticket_going_count":"","_tribe_ticket_not_going_count":"","_tribe_tickets_list":"[]","_tribe_ticket_has_attendee_info_fields":false,"jetpack_post_was_ever_published":false,"_jetpack_newsletter_access":"","_jetpack_dont_email_post_to_subs":false,"_jetpack_newsletter_tier_id":0,"_jetpack_memberships_contains_paywalled_content":false,"_jetpack_memberships_contains_paid_content":false,"footnotes":"","jetpack_publicize_message":"","jetpack_publicize_feature_enabled":true,"jetpack_social_post_already_shared":true,"jetpack_social_options":{"image_generator_settings":{"template":"highway","default_image_id":0,"font":"","enabled":false},"version":2}},"categories":[1,7],"tags":[164,165],"class_list":["post-1260","post","type-post","status-publish","format-standard","has-post-thumbnail","hentry","category-allgemein","category-historie","tag-albert-willimsky","tag-nationalsozialismus"],"acf":[],"yoast_head":"<!-- This site is optimized with the Yoast SEO plugin v27.5 - https:\/\/yoast.com\/product\/yoast-seo-wordpress\/ -->\n<title>Die Vertreibung des Pfarrers Willimsky (1) - Paulinenaue<\/title>\n<meta name=\"robots\" content=\"index, follow, max-snippet:-1, max-image-preview:large, max-video-preview:-1\" \/>\n<link rel=\"canonical\" href=\"https:\/\/paulinenaue.info\/index.php\/die-vertreibung-des-pfarrers-willimsky-von-widerstand-und-anpassung-im-nationalsozialismus-in-paulinenaue-und-friesack-teil-1\/\" \/>\n<meta property=\"og:locale\" content=\"de_DE\" \/>\n<meta property=\"og:type\" content=\"article\" \/>\n<meta property=\"og:title\" content=\"Die Vertreibung des Pfarrers Willimsky (1) - Paulinenaue\" \/>\n<meta property=\"og:description\" content=\"09.01.2007 Wer war Albert Willimsky? Von Widerstand und Anpassung im [&hellip;]\" \/>\n<meta property=\"og:url\" content=\"https:\/\/paulinenaue.info\/index.php\/die-vertreibung-des-pfarrers-willimsky-von-widerstand-und-anpassung-im-nationalsozialismus-in-paulinenaue-und-friesack-teil-1\/\" \/>\n<meta property=\"og:site_name\" content=\"Paulinenaue\" \/>\n<meta property=\"article:published_time\" content=\"2017-06-23T14:16:37+00:00\" \/>\n<meta property=\"article:modified_time\" content=\"2022-03-27T14:25:07+00:00\" \/>\n<meta property=\"og:image\" content=\"https:\/\/paulinenaue.info\/wp-content\/uploads\/2017\/06\/willimsky.jpg\" \/>\n\t<meta property=\"og:image:width\" content=\"188\" \/>\n\t<meta property=\"og:image:height\" content=\"296\" \/>\n\t<meta property=\"og:image:type\" content=\"image\/jpeg\" \/>\n<meta name=\"author\" content=\"Sarah\" \/>\n<meta name=\"twitter:card\" content=\"summary_large_image\" \/>\n<meta name=\"twitter:label1\" content=\"Verfasst von\" \/>\n\t<meta name=\"twitter:data1\" content=\"Sarah\" \/>\n\t<meta name=\"twitter:label2\" content=\"Gesch\u00e4tzte Lesezeit\" \/>\n\t<meta name=\"twitter:data2\" content=\"5\u00a0Minuten\" \/>\n<script type=\"application\/ld+json\" class=\"yoast-schema-graph\">{\"@context\":\"https:\\\/\\\/schema.org\",\"@graph\":[{\"@type\":\"Article\",\"@id\":\"https:\\\/\\\/paulinenaue.info\\\/index.php\\\/die-vertreibung-des-pfarrers-willimsky-von-widerstand-und-anpassung-im-nationalsozialismus-in-paulinenaue-und-friesack-teil-1\\\/#article\",\"isPartOf\":{\"@id\":\"https:\\\/\\\/paulinenaue.info\\\/index.php\\\/die-vertreibung-des-pfarrers-willimsky-von-widerstand-und-anpassung-im-nationalsozialismus-in-paulinenaue-und-friesack-teil-1\\\/\"},\"author\":{\"name\":\"Sarah\",\"@id\":\"https:\\\/\\\/paulinenaue.info\\\/#\\\/schema\\\/person\\\/e5be566a57b5b3f65d2c65a58c42325e\"},\"headline\":\"Die Vertreibung des Pfarrers Willimsky (1)\",\"datePublished\":\"2017-06-23T14:16:37+00:00\",\"dateModified\":\"2022-03-27T14:25:07+00:00\",\"mainEntityOfPage\":{\"@id\":\"https:\\\/\\\/paulinenaue.info\\\/index.php\\\/die-vertreibung-des-pfarrers-willimsky-von-widerstand-und-anpassung-im-nationalsozialismus-in-paulinenaue-und-friesack-teil-1\\\/\"},\"wordCount\":712,\"commentCount\":0,\"image\":{\"@id\":\"https:\\\/\\\/paulinenaue.info\\\/index.php\\\/die-vertreibung-des-pfarrers-willimsky-von-widerstand-und-anpassung-im-nationalsozialismus-in-paulinenaue-und-friesack-teil-1\\\/#primaryimage\"},\"thumbnailUrl\":\"https:\\\/\\\/paulinenaue.info\\\/wp-content\\\/uploads\\\/2017\\\/06\\\/willimsky.jpg\",\"keywords\":[\"Albert WIllimsky\",\"Nationalsozialismus\"],\"articleSection\":{\"1\":\"Historie\"},\"inLanguage\":\"de\",\"potentialAction\":[{\"@type\":\"CommentAction\",\"name\":\"Comment\",\"target\":[\"https:\\\/\\\/paulinenaue.info\\\/index.php\\\/die-vertreibung-des-pfarrers-willimsky-von-widerstand-und-anpassung-im-nationalsozialismus-in-paulinenaue-und-friesack-teil-1\\\/#respond\"]}]},{\"@type\":\"WebPage\",\"@id\":\"https:\\\/\\\/paulinenaue.info\\\/index.php\\\/die-vertreibung-des-pfarrers-willimsky-von-widerstand-und-anpassung-im-nationalsozialismus-in-paulinenaue-und-friesack-teil-1\\\/\",\"url\":\"https:\\\/\\\/paulinenaue.info\\\/index.php\\\/die-vertreibung-des-pfarrers-willimsky-von-widerstand-und-anpassung-im-nationalsozialismus-in-paulinenaue-und-friesack-teil-1\\\/\",\"name\":\"Die Vertreibung des Pfarrers Willimsky (1) - Paulinenaue\",\"isPartOf\":{\"@id\":\"https:\\\/\\\/paulinenaue.info\\\/#website\"},\"primaryImageOfPage\":{\"@id\":\"https:\\\/\\\/paulinenaue.info\\\/index.php\\\/die-vertreibung-des-pfarrers-willimsky-von-widerstand-und-anpassung-im-nationalsozialismus-in-paulinenaue-und-friesack-teil-1\\\/#primaryimage\"},\"image\":{\"@id\":\"https:\\\/\\\/paulinenaue.info\\\/index.php\\\/die-vertreibung-des-pfarrers-willimsky-von-widerstand-und-anpassung-im-nationalsozialismus-in-paulinenaue-und-friesack-teil-1\\\/#primaryimage\"},\"thumbnailUrl\":\"https:\\\/\\\/paulinenaue.info\\\/wp-content\\\/uploads\\\/2017\\\/06\\\/willimsky.jpg\",\"datePublished\":\"2017-06-23T14:16:37+00:00\",\"dateModified\":\"2022-03-27T14:25:07+00:00\",\"author\":{\"@id\":\"https:\\\/\\\/paulinenaue.info\\\/#\\\/schema\\\/person\\\/e5be566a57b5b3f65d2c65a58c42325e\"},\"breadcrumb\":{\"@id\":\"https:\\\/\\\/paulinenaue.info\\\/index.php\\\/die-vertreibung-des-pfarrers-willimsky-von-widerstand-und-anpassung-im-nationalsozialismus-in-paulinenaue-und-friesack-teil-1\\\/#breadcrumb\"},\"inLanguage\":\"de\",\"potentialAction\":[{\"@type\":\"ReadAction\",\"target\":[\"https:\\\/\\\/paulinenaue.info\\\/index.php\\\/die-vertreibung-des-pfarrers-willimsky-von-widerstand-und-anpassung-im-nationalsozialismus-in-paulinenaue-und-friesack-teil-1\\\/\"]}]},{\"@type\":\"ImageObject\",\"inLanguage\":\"de\",\"@id\":\"https:\\\/\\\/paulinenaue.info\\\/index.php\\\/die-vertreibung-des-pfarrers-willimsky-von-widerstand-und-anpassung-im-nationalsozialismus-in-paulinenaue-und-friesack-teil-1\\\/#primaryimage\",\"url\":\"https:\\\/\\\/paulinenaue.info\\\/wp-content\\\/uploads\\\/2017\\\/06\\\/willimsky.jpg\",\"contentUrl\":\"https:\\\/\\\/paulinenaue.info\\\/wp-content\\\/uploads\\\/2017\\\/06\\\/willimsky.jpg\",\"width\":\"188\",\"height\":\"296\"},{\"@type\":\"BreadcrumbList\",\"@id\":\"https:\\\/\\\/paulinenaue.info\\\/index.php\\\/die-vertreibung-des-pfarrers-willimsky-von-widerstand-und-anpassung-im-nationalsozialismus-in-paulinenaue-und-friesack-teil-1\\\/#breadcrumb\",\"itemListElement\":[{\"@type\":\"ListItem\",\"position\":1,\"name\":\"Home\",\"item\":\"https:\\\/\\\/paulinenaue.info\\\/\"},{\"@type\":\"ListItem\",\"position\":2,\"name\":\"Die Vertreibung des Pfarrers Willimsky (1)\"}]},{\"@type\":\"WebSite\",\"@id\":\"https:\\\/\\\/paulinenaue.info\\\/#website\",\"url\":\"https:\\\/\\\/paulinenaue.info\\\/\",\"name\":\"Paulinenaue\",\"description\":\"Ein Dorf im Havelland\",\"potentialAction\":[{\"@type\":\"SearchAction\",\"target\":{\"@type\":\"EntryPoint\",\"urlTemplate\":\"https:\\\/\\\/paulinenaue.info\\\/?s={search_term_string}\"},\"query-input\":{\"@type\":\"PropertyValueSpecification\",\"valueRequired\":true,\"valueName\":\"search_term_string\"}}],\"inLanguage\":\"de\"},{\"@type\":\"Person\",\"@id\":\"https:\\\/\\\/paulinenaue.info\\\/#\\\/schema\\\/person\\\/e5be566a57b5b3f65d2c65a58c42325e\",\"name\":\"Sarah\",\"url\":\"https:\\\/\\\/paulinenaue.info\\\/index.php\\\/author\\\/sarah\\\/\"}]}<\/script>\n<!-- \/ Yoast SEO plugin. -->","yoast_head_json":{"title":"Die Vertreibung des Pfarrers Willimsky (1) - Paulinenaue","robots":{"index":"index","follow":"follow","max-snippet":"max-snippet:-1","max-image-preview":"max-image-preview:large","max-video-preview":"max-video-preview:-1"},"canonical":"https:\/\/paulinenaue.info\/index.php\/die-vertreibung-des-pfarrers-willimsky-von-widerstand-und-anpassung-im-nationalsozialismus-in-paulinenaue-und-friesack-teil-1\/","og_locale":"de_DE","og_type":"article","og_title":"Die Vertreibung des Pfarrers Willimsky (1) - Paulinenaue","og_description":"09.01.2007 Wer war Albert Willimsky? Von Widerstand und Anpassung im [&hellip;]","og_url":"https:\/\/paulinenaue.info\/index.php\/die-vertreibung-des-pfarrers-willimsky-von-widerstand-und-anpassung-im-nationalsozialismus-in-paulinenaue-und-friesack-teil-1\/","og_site_name":"Paulinenaue","article_published_time":"2017-06-23T14:16:37+00:00","article_modified_time":"2022-03-27T14:25:07+00:00","og_image":[{"width":188,"height":296,"url":"https:\/\/paulinenaue.info\/wp-content\/uploads\/2017\/06\/willimsky.jpg","type":"image\/jpeg"}],"author":"Sarah","twitter_card":"summary_large_image","twitter_misc":{"Verfasst von":"Sarah","Gesch\u00e4tzte Lesezeit":"5\u00a0Minuten"},"schema":{"@context":"https:\/\/schema.org","@graph":[{"@type":"Article","@id":"https:\/\/paulinenaue.info\/index.php\/die-vertreibung-des-pfarrers-willimsky-von-widerstand-und-anpassung-im-nationalsozialismus-in-paulinenaue-und-friesack-teil-1\/#article","isPartOf":{"@id":"https:\/\/paulinenaue.info\/index.php\/die-vertreibung-des-pfarrers-willimsky-von-widerstand-und-anpassung-im-nationalsozialismus-in-paulinenaue-und-friesack-teil-1\/"},"author":{"name":"Sarah","@id":"https:\/\/paulinenaue.info\/#\/schema\/person\/e5be566a57b5b3f65d2c65a58c42325e"},"headline":"Die Vertreibung des Pfarrers Willimsky (1)","datePublished":"2017-06-23T14:16:37+00:00","dateModified":"2022-03-27T14:25:07+00:00","mainEntityOfPage":{"@id":"https:\/\/paulinenaue.info\/index.php\/die-vertreibung-des-pfarrers-willimsky-von-widerstand-und-anpassung-im-nationalsozialismus-in-paulinenaue-und-friesack-teil-1\/"},"wordCount":712,"commentCount":0,"image":{"@id":"https:\/\/paulinenaue.info\/index.php\/die-vertreibung-des-pfarrers-willimsky-von-widerstand-und-anpassung-im-nationalsozialismus-in-paulinenaue-und-friesack-teil-1\/#primaryimage"},"thumbnailUrl":"https:\/\/paulinenaue.info\/wp-content\/uploads\/2017\/06\/willimsky.jpg","keywords":["Albert WIllimsky","Nationalsozialismus"],"articleSection":{"1":"Historie"},"inLanguage":"de","potentialAction":[{"@type":"CommentAction","name":"Comment","target":["https:\/\/paulinenaue.info\/index.php\/die-vertreibung-des-pfarrers-willimsky-von-widerstand-und-anpassung-im-nationalsozialismus-in-paulinenaue-und-friesack-teil-1\/#respond"]}]},{"@type":"WebPage","@id":"https:\/\/paulinenaue.info\/index.php\/die-vertreibung-des-pfarrers-willimsky-von-widerstand-und-anpassung-im-nationalsozialismus-in-paulinenaue-und-friesack-teil-1\/","url":"https:\/\/paulinenaue.info\/index.php\/die-vertreibung-des-pfarrers-willimsky-von-widerstand-und-anpassung-im-nationalsozialismus-in-paulinenaue-und-friesack-teil-1\/","name":"Die Vertreibung des Pfarrers Willimsky (1) - Paulinenaue","isPartOf":{"@id":"https:\/\/paulinenaue.info\/#website"},"primaryImageOfPage":{"@id":"https:\/\/paulinenaue.info\/index.php\/die-vertreibung-des-pfarrers-willimsky-von-widerstand-und-anpassung-im-nationalsozialismus-in-paulinenaue-und-friesack-teil-1\/#primaryimage"},"image":{"@id":"https:\/\/paulinenaue.info\/index.php\/die-vertreibung-des-pfarrers-willimsky-von-widerstand-und-anpassung-im-nationalsozialismus-in-paulinenaue-und-friesack-teil-1\/#primaryimage"},"thumbnailUrl":"https:\/\/paulinenaue.info\/wp-content\/uploads\/2017\/06\/willimsky.jpg","datePublished":"2017-06-23T14:16:37+00:00","dateModified":"2022-03-27T14:25:07+00:00","author":{"@id":"https:\/\/paulinenaue.info\/#\/schema\/person\/e5be566a57b5b3f65d2c65a58c42325e"},"breadcrumb":{"@id":"https:\/\/paulinenaue.info\/index.php\/die-vertreibung-des-pfarrers-willimsky-von-widerstand-und-anpassung-im-nationalsozialismus-in-paulinenaue-und-friesack-teil-1\/#breadcrumb"},"inLanguage":"de","potentialAction":[{"@type":"ReadAction","target":["https:\/\/paulinenaue.info\/index.php\/die-vertreibung-des-pfarrers-willimsky-von-widerstand-und-anpassung-im-nationalsozialismus-in-paulinenaue-und-friesack-teil-1\/"]}]},{"@type":"ImageObject","inLanguage":"de","@id":"https:\/\/paulinenaue.info\/index.php\/die-vertreibung-des-pfarrers-willimsky-von-widerstand-und-anpassung-im-nationalsozialismus-in-paulinenaue-und-friesack-teil-1\/#primaryimage","url":"https:\/\/paulinenaue.info\/wp-content\/uploads\/2017\/06\/willimsky.jpg","contentUrl":"https:\/\/paulinenaue.info\/wp-content\/uploads\/2017\/06\/willimsky.jpg","width":"188","height":"296"},{"@type":"BreadcrumbList","@id":"https:\/\/paulinenaue.info\/index.php\/die-vertreibung-des-pfarrers-willimsky-von-widerstand-und-anpassung-im-nationalsozialismus-in-paulinenaue-und-friesack-teil-1\/#breadcrumb","itemListElement":[{"@type":"ListItem","position":1,"name":"Home","item":"https:\/\/paulinenaue.info\/"},{"@type":"ListItem","position":2,"name":"Die Vertreibung des Pfarrers Willimsky (1)"}]},{"@type":"WebSite","@id":"https:\/\/paulinenaue.info\/#website","url":"https:\/\/paulinenaue.info\/","name":"Paulinenaue","description":"Ein Dorf im Havelland","potentialAction":[{"@type":"SearchAction","target":{"@type":"EntryPoint","urlTemplate":"https:\/\/paulinenaue.info\/?s={search_term_string}"},"query-input":{"@type":"PropertyValueSpecification","valueRequired":true,"valueName":"search_term_string"}}],"inLanguage":"de"},{"@type":"Person","@id":"https:\/\/paulinenaue.info\/#\/schema\/person\/e5be566a57b5b3f65d2c65a58c42325e","name":"Sarah","url":"https:\/\/paulinenaue.info\/index.php\/author\/sarah\/"}]}},"jetpack_publicize_connections":[],"jetpack_featured_media_url":"https:\/\/paulinenaue.info\/wp-content\/uploads\/2017\/06\/willimsky.jpg","jetpack_sharing_enabled":true,"jetpack_shortlink":"https:\/\/wp.me\/pcYhWA-kk","jetpack-related-posts":[{"id":1265,"url":"https:\/\/paulinenaue.info\/index.php\/die-vertreibung-des-pfarrers-willimsky-teil-2\/","url_meta":{"origin":1260,"position":0},"title":"Die Vertreibung des Pfarrers Willimsky (Teil 2)","author":"Sarah","date":"23. Juni 2017","format":false,"excerpt":"17.01.2007 Eine Geschichte von Anpassung und Widerstand im Nationalsozialismus in Paulinenaue und Friesack 2.Teil Joachim Scholz Die Diktatur belohnte den, der den Mund verschloss und man darf annehmen, dass sie auch den Friesacker Pfarrer verschont h\u00e4tte, h\u00e4tte der sich in Stille beschieden. Doch allen \"Friedensangeboten\" zum Trotz gab Willimsky immer\u2026","rel":"","context":"In &quot;Allgemein&quot;","block_context":{"text":"Allgemein","link":"https:\/\/paulinenaue.info\/index.php\/category\/allgemein\/"},"img":{"alt_text":"","src":"https:\/\/i0.wp.com\/paulinenaue.info\/wp-content\/uploads\/2017\/06\/tafel_gransee.jpg?resize=350%2C200&ssl=1","width":350,"height":200},"classes":[]},{"id":415303,"url":"https:\/\/paulinenaue.info\/index.php\/kirchengruft-wagenitz-restauriert\/","url_meta":{"origin":1260,"position":1},"title":"Kirchengruft Wagenitz restauriert","author":"Sarah","date":"14. Oktober 2023","format":false,"excerpt":"Pressemitteilung Gruft in historischer Dorfkirche restauriert Ostdeutsche Sparkassenstiftung und Mittelbrandenburgische Sparkasse (MBS) unterst\u00fctzten die Restaurierung eines bedeutenden Zeugnisses der Bestattungs- und Erinnerungskultur \u00a0 Wagenitz (Havelland), 14.10.2023. Die evangelische Kirchengemeinde Havell\u00e4ndisches Luch hat in den vergangenen Jahren in Zusammenarbeit mit der Denkmalpflege die Patronatsgruft der Familie von Bredow restaurieren lassen. Den\u2026","rel":"","context":"In &quot;Kirche&quot;","block_context":{"text":"Kirche","link":"https:\/\/paulinenaue.info\/index.php\/category\/kirche\/"},"img":{"alt_text":"","src":"https:\/\/i0.wp.com\/paulinenaue.info\/wp-content\/uploads\/2023\/10\/2023-10-14-PM-Gruft-in-historischer-Dorfkirche-restauriert-Familie-von-Bredow-im-Havelland.png?resize=350%2C200&ssl=1","width":350,"height":200,"srcset":"https:\/\/i0.wp.com\/paulinenaue.info\/wp-content\/uploads\/2023\/10\/2023-10-14-PM-Gruft-in-historischer-Dorfkirche-restauriert-Familie-von-Bredow-im-Havelland.png?resize=350%2C200&ssl=1 1x, https:\/\/i0.wp.com\/paulinenaue.info\/wp-content\/uploads\/2023\/10\/2023-10-14-PM-Gruft-in-historischer-Dorfkirche-restauriert-Familie-von-Bredow-im-Havelland.png?resize=525%2C300&ssl=1 1.5x, https:\/\/i0.wp.com\/paulinenaue.info\/wp-content\/uploads\/2023\/10\/2023-10-14-PM-Gruft-in-historischer-Dorfkirche-restauriert-Familie-von-Bredow-im-Havelland.png?resize=700%2C400&ssl=1 2x, https:\/\/i0.wp.com\/paulinenaue.info\/wp-content\/uploads\/2023\/10\/2023-10-14-PM-Gruft-in-historischer-Dorfkirche-restauriert-Familie-von-Bredow-im-Havelland.png?resize=1050%2C600&ssl=1 3x"},"classes":[]},{"id":6248,"url":"https:\/\/paulinenaue.info\/index.php\/100-jahre-friedhof-paulinenaue\/","url_meta":{"origin":1260,"position":2},"title":"100 Jahre Friedhof Paulinenaue","author":"Joachim Scholz","date":"31. Oktober 2021","format":false,"excerpt":"Vortrag anl\u00e4sslich der Gedenkveranstaltung am 2. Oktober 2021, von Joachim Scholz Ein seltener und auch etwas seltsamer Anlass f\u00fchrt uns heute auf den Paulinenauer Friedhof. Der Friedhof hat sozusagen Geburtstag. 100 Jahre Friedhof: Wie begeht man so einen Anlass? Soll man ihn \u00fcberhaupt begehen? Ich bin froh, dass unser Pfarrer\u2026","rel":"","context":"In &quot;Allgemein&quot;","block_context":{"text":"Allgemein","link":"https:\/\/paulinenaue.info\/index.php\/category\/allgemein\/"},"img":{"alt_text":"Friedhof Paulinenaue","src":"https:\/\/i0.wp.com\/paulinenaue.info\/wp-content\/uploads\/2021\/10\/2021-09-18-Friedhof-Paulinenaue.jpg?resize=350%2C200&ssl=1","width":350,"height":200,"srcset":"https:\/\/i0.wp.com\/paulinenaue.info\/wp-content\/uploads\/2021\/10\/2021-09-18-Friedhof-Paulinenaue.jpg?resize=350%2C200&ssl=1 1x, https:\/\/i0.wp.com\/paulinenaue.info\/wp-content\/uploads\/2021\/10\/2021-09-18-Friedhof-Paulinenaue.jpg?resize=525%2C300&ssl=1 1.5x, https:\/\/i0.wp.com\/paulinenaue.info\/wp-content\/uploads\/2021\/10\/2021-09-18-Friedhof-Paulinenaue.jpg?resize=700%2C400&ssl=1 2x"},"classes":[]},{"id":2054,"url":"https:\/\/paulinenaue.info\/index.php\/man-lauert-auf-jedes-zeichen-aus-der-aussenwelt-das-reichsarbeitsdienstlager-in-den-grossen-jahnbergen\/","url_meta":{"origin":1260,"position":3},"title":"\u201eMan lauert auf jedes Zeichen aus der Au\u00dfenwelt\u201c  &#8211; Das Reichsarbeitsdienstlager in den Gro\u00dfen Jahnbergen","author":"Joachim Scholz","date":"20. Juli 2009","format":false,"excerpt":"Die reizvollen Sandd\u00fcnen der Gro\u00dfen und Kleinen Jahnberge vermitteln inmitten der landwirtschaftlich genutzten Luchfl\u00e4chen des Havellandes den Eindruck einer urspr\u00fcnglichen Naturgestalt. Nur wenige menschliche Hinterlassenschaften sind hier anzufinden, doch war das Gebiet auch immer wieder Anlaufpunkt der Zivilisation. Das Spektrum der Eingriffe reicht von Ansiedelungen in der Vorzeit bis zu\u2026","rel":"","context":"In &quot;Allgemein&quot;","block_context":{"text":"Allgemein","link":"https:\/\/paulinenaue.info\/index.php\/category\/allgemein\/"},"img":{"alt_text":"RAD-Lager Jahnberge","src":"https:\/\/i0.wp.com\/paulinenaue.info\/wp-content\/uploads\/2009\/07\/Postkarte-RAD-Lager-Jahnberg-1937.jpg?resize=350%2C200&ssl=1","width":350,"height":200,"srcset":"https:\/\/i0.wp.com\/paulinenaue.info\/wp-content\/uploads\/2009\/07\/Postkarte-RAD-Lager-Jahnberg-1937.jpg?resize=350%2C200&ssl=1 1x, https:\/\/i0.wp.com\/paulinenaue.info\/wp-content\/uploads\/2009\/07\/Postkarte-RAD-Lager-Jahnberg-1937.jpg?resize=525%2C300&ssl=1 1.5x, https:\/\/i0.wp.com\/paulinenaue.info\/wp-content\/uploads\/2009\/07\/Postkarte-RAD-Lager-Jahnberg-1937.jpg?resize=700%2C400&ssl=1 2x"},"classes":[]},{"id":5828,"url":"https:\/\/paulinenaue.info\/index.php\/corona-schnelltest-in-friesack-moeglich\/","url_meta":{"origin":1260,"position":4},"title":"Corona-Schnelltest in Friesack m\u00f6glich","author":"Sarah","date":"1. Mai 2021","format":false,"excerpt":"Im Testzentrum Friesack k\u00f6nnen in den R\u00e4umen der Jugendfeuerwehr, Kle\u00dfener Stra\u00dfe, Corona-Schnelltests durchgef\u00fchrt werden. Weitere Informationen entnehmen Sie bitte dem untenstehenden Dokument! Dokument: Corona-Schnelltest in Friesack","rel":"","context":"In &quot;Allgemein&quot;","block_context":{"text":"Allgemein","link":"https:\/\/paulinenaue.info\/index.php\/category\/allgemein\/"},"img":{"alt_text":"","src":"https:\/\/i0.wp.com\/paulinenaue.info\/wp-content\/uploads\/2021\/06\/wappen_amt2.jpg?resize=350%2C200&ssl=1","width":350,"height":200,"srcset":"https:\/\/i0.wp.com\/paulinenaue.info\/wp-content\/uploads\/2021\/06\/wappen_amt2.jpg?resize=350%2C200&ssl=1 1x, https:\/\/i0.wp.com\/paulinenaue.info\/wp-content\/uploads\/2021\/06\/wappen_amt2.jpg?resize=525%2C300&ssl=1 1.5x, https:\/\/i0.wp.com\/paulinenaue.info\/wp-content\/uploads\/2021\/06\/wappen_amt2.jpg?resize=700%2C400&ssl=1 2x"},"classes":[]},{"id":1166,"url":"https:\/\/paulinenaue.info\/index.php\/paulinenaues-nachbarn\/","url_meta":{"origin":1260,"position":5},"title":"Paulinenaues Nachbarn","author":"Sarah","date":"21. Juni 2017","format":false,"excerpt":"29.11.2005 Nach der Novemberumfrage im Fotoforum k\u00f6nnte man vermuten, dass Wagenitzer unter den Besuchern unserer Interetseite reichlich vertreten sind. Oder sollte Wagenitz wirklich so sch\u00f6n sein? Ein Fototoermin an einem der letzten sonnigen Herbstwochenenden ergab das folgende Portrait der wichtigsten Nachbarorte Paulinenaues und eine interessante Verteilung von engagiertem Auschwung und\u2026","rel":"","context":"In &quot;Allgemein&quot;","block_context":{"text":"Allgemein","link":"https:\/\/paulinenaue.info\/index.php\/category\/allgemein\/"},"img":{"alt_text":"Umfrage im Fotoforum vom 20.10. bis 21.11.2005 mit 47 Stimmen.","src":"https:\/\/i0.wp.com\/paulinenaue.info\/wp-content\/uploads\/2017\/06\/200511_nachbarorte.jpg?resize=350%2C200","width":350,"height":200},"classes":[]}],"_links":{"self":[{"href":"https:\/\/paulinenaue.info\/index.php\/wp-json\/wp\/v2\/posts\/1260","targetHints":{"allow":["GET"]}}],"collection":[{"href":"https:\/\/paulinenaue.info\/index.php\/wp-json\/wp\/v2\/posts"}],"about":[{"href":"https:\/\/paulinenaue.info\/index.php\/wp-json\/wp\/v2\/types\/post"}],"author":[{"embeddable":true,"href":"https:\/\/paulinenaue.info\/index.php\/wp-json\/wp\/v2\/users\/3"}],"replies":[{"embeddable":true,"href":"https:\/\/paulinenaue.info\/index.php\/wp-json\/wp\/v2\/comments?post=1260"}],"version-history":[{"count":5,"href":"https:\/\/paulinenaue.info\/index.php\/wp-json\/wp\/v2\/posts\/1260\/revisions"}],"predecessor-version":[{"id":97536,"href":"https:\/\/paulinenaue.info\/index.php\/wp-json\/wp\/v2\/posts\/1260\/revisions\/97536"}],"wp:featuredmedia":[{"embeddable":true,"href":"https:\/\/paulinenaue.info\/index.php\/wp-json\/wp\/v2\/media\/1263"}],"wp:attachment":[{"href":"https:\/\/paulinenaue.info\/index.php\/wp-json\/wp\/v2\/media?parent=1260"}],"wp:term":[{"taxonomy":"category","embeddable":true,"href":"https:\/\/paulinenaue.info\/index.php\/wp-json\/wp\/v2\/categories?post=1260"},{"taxonomy":"post_tag","embeddable":true,"href":"https:\/\/paulinenaue.info\/index.php\/wp-json\/wp\/v2\/tags?post=1260"}],"curies":[{"name":"wp","href":"https:\/\/api.w.org\/{rel}","templated":true}]}}