{"id":127,"date":"2012-12-26T13:30:32","date_gmt":"2012-12-26T12:30:32","guid":{"rendered":"https:\/\/sudile.com\/paue\/?p=127"},"modified":"2021-10-28T00:16:30","modified_gmt":"2021-10-27T22:16:30","slug":"bahnhof-gasthaus-fleischerei-das-oeffentliche-leben-ist-in-paulinenaue-auf-dem-rueckzug","status":"publish","type":"post","link":"https:\/\/paulinenaue.info\/index.php\/bahnhof-gasthaus-fleischerei-das-oeffentliche-leben-ist-in-paulinenaue-auf-dem-rueckzug\/","title":{"rendered":"Bahnhof, Gasthaus, Fleischerei \u2013 Das \u00f6ffentliche Leben ist in Paulinenaue auf dem R\u00fcckzug"},"content":{"rendered":"<p>26.12.2012. Auf ihrer Sitzung am 5. November 2012 hat die Gemeindevertretung Paulinenaue das Amt Friesack mit der Ver\u00e4u\u00dferung des Bahnhofsgeb\u00e4udes an einen Privatinvestor beauftragt, denn seit sie den Bahnhof vor f\u00fcnf Jahren im Zuge der Neugestaltung der Parkpl\u00e4tze \u00fcbernehmen musste, war es nicht gelungen, eine tragf\u00e4hige Perspektive f\u00fcr das denkmalgesch\u00fctzte Geb\u00e4ude zu finden. Vor allem die Beteiligung an den Kosten des Br\u00fcckenbaus, die ihr nach der Erneuerung der ICE-Trasse aufgen\u00f6tigt worden war, hatte der Gemeinde Gestaltungsspielraum f\u00fcr das Projekt Bahnhofssanierung genommen. Trotz satter F\u00f6rderm\u00f6glichkeiten von 75 Prozent, die f\u00fcr die Bahnhofssanierung in Aussicht standen, konnte man sich dazu nicht entschlie\u00dfen. So ist das Bahnhofsgeb\u00e4ude heute vor allem wegen dr\u00fcckender Unterhaltungskosten in der Gemeinde pr\u00e4sent und alle Fraktionen teilen die Entscheidung zur Ver\u00e4u\u00dferung des Hauses. Auch in einem Pressekommentar der Regionalzeitung wird sie ausdr\u00fccklich begr\u00fc\u00dft: \u201eDas Geb\u00e4ude zu verkaufen, ist der einzig m\u00f6gliche Schritt. Unabh\u00e4ngig mal davon, ob es gelingt\u201c, liest man in der MAZ.<\/p>\n<p>Das mag stimmen, richtig ist aber auch, dass der Zeitungskommentar genau den ortstypischen Pessimismus reproduziert, der in Paulinenaue zu einer alternativlosen realpolitischen Option geworden ist. Von Chancen oder einer symbolischen Notwendigkeit, das Haus zu halten, ist immer weniger die Rede. In einer Situation aber, in der es nur noch als Klotz am Bein wahrgenommen wird, lassen sich Ideen f\u00fcr das \u00e4lteste und bauhistorisch bedeutendste Zeugnis der Paulinenauer Ortsgeschichte nicht entwickeln.<\/p>\n<div id=\"attachment_6242\" style=\"width: 610px\" class=\"wp-caption alignnone\"><a href=\"https:\/\/paulinenaue.info\/wp-content\/uploads\/2016\/03\/2010-12-25-Bahnhof-Paulinenaue.jpg\"><img decoding=\"async\" aria-describedby=\"caption-attachment-6242\" data-attachment-id=\"6242\" data-permalink=\"https:\/\/paulinenaue.info\/index.php\/bahnhof-gasthaus-fleischerei-das-oeffentliche-leben-ist-in-paulinenaue-auf-dem-rueckzug\/dsc01637-jpg\/\" data-orig-file=\"https:\/\/paulinenaue.info\/wp-content\/uploads\/2016\/03\/2010-12-25-Bahnhof-Paulinenaue.jpg\" data-orig-size=\"1000,750\" data-comments-opened=\"1\" data-image-meta=\"{&quot;aperture&quot;:&quot;4&quot;,&quot;credit&quot;:&quot;&quot;,&quot;camera&quot;:&quot;DSC-HX1&quot;,&quot;caption&quot;:&quot;Paulinenaue Bahnhof&quot;,&quot;created_timestamp&quot;:&quot;1293290042&quot;,&quot;copyright&quot;:&quot;&quot;,&quot;focal_length&quot;:&quot;20.2&quot;,&quot;iso&quot;:&quot;125&quot;,&quot;shutter_speed&quot;:&quot;0.00625&quot;,&quot;title&quot;:&quot;DSC01637.JPG&quot;,&quot;orientation&quot;:&quot;1&quot;}\" data-image-title=\"DSC01637.JPG\" data-image-description=\"&lt;p&gt;Der Paulinenauer Bahnhof im Dezember 2010.&lt;\/p&gt;\n\" data-image-caption=\"&lt;p&gt;Paulinenaues Bahnhofsgeb\u00e4ude steht mitten im Ort. Es ist das \u00e4lteste und wichtigste Haus von Paulinenaue. Die Gemeinde wollte es als Zentrum des \u00f6ffentlichen Lebens entwickeln, muss den Plan nun aber aufgeben. Foto: Joachim Scholz, 2010.&lt;\/p&gt;\n\" data-large-file=\"https:\/\/paulinenaue.info\/wp-content\/uploads\/2016\/03\/2010-12-25-Bahnhof-Paulinenaue.jpg\" class=\"lazyload size-fusion-600 wp-image-6242\" src=\"https:\/\/paulinenaue.info\/wp-content\/uploads\/2016\/03\/2010-12-25-Bahnhof-Paulinenaue-600x450.jpg\" data-orig-src=\"https:\/\/paulinenaue.info\/wp-content\/uploads\/2016\/03\/2010-12-25-Bahnhof-Paulinenaue-600x450.jpg\" alt=\"Bahnhof Paulinenaue\" width=\"600\" height=\"450\" srcset=\"data:image\/svg+xml,%3Csvg%20xmlns%3D%27http%3A%2F%2Fwww.w3.org%2F2000%2Fsvg%27%20width%3D%27600%27%20height%3D%27450%27%20viewBox%3D%270%200%20600%20450%27%3E%3Crect%20width%3D%27600%27%20height%3D%27450%27%20fill-opacity%3D%220%22%2F%3E%3C%2Fsvg%3E\" data-srcset=\"https:\/\/paulinenaue.info\/wp-content\/uploads\/2016\/03\/2010-12-25-Bahnhof-Paulinenaue-200x150.jpg 200w, https:\/\/paulinenaue.info\/wp-content\/uploads\/2016\/03\/2010-12-25-Bahnhof-Paulinenaue-300x225.jpg 300w, https:\/\/paulinenaue.info\/wp-content\/uploads\/2016\/03\/2010-12-25-Bahnhof-Paulinenaue-400x300.jpg 400w, https:\/\/paulinenaue.info\/wp-content\/uploads\/2016\/03\/2010-12-25-Bahnhof-Paulinenaue-600x450.jpg 600w, https:\/\/paulinenaue.info\/wp-content\/uploads\/2016\/03\/2010-12-25-Bahnhof-Paulinenaue-768x576.jpg 768w, https:\/\/paulinenaue.info\/wp-content\/uploads\/2016\/03\/2010-12-25-Bahnhof-Paulinenaue-800x600.jpg 800w, https:\/\/paulinenaue.info\/wp-content\/uploads\/2016\/03\/2010-12-25-Bahnhof-Paulinenaue.jpg 1000w\" data-sizes=\"auto\" data-orig-sizes=\"(max-width: 600px) 100vw, 600px\" \/><\/a><p id=\"caption-attachment-6242\" class=\"wp-caption-text\">Paulinenaues Bahnhofsgeb\u00e4ude steht mitten im Ort. Es ist das \u00e4lteste und wichtigste Haus von Paulinenaue. Die Gemeinde wollte es als Zentrum des \u00f6ffentlichen Lebens entwickeln, muss den Plan nun aber aufgeben. Foto: Joachim Scholz, 2010.<\/p><\/div>\n<p>Dar\u00fcber, ob es Aussicht hat, noch auf den Bahnhof zu setzen, h\u00f6rt man verschiedene Stimmen. Man h\u00e4tte es als Gemeinde einfach in die Hand nehmen und die Sanierung beginnen m\u00fcssen. Mit einer blo\u00df risikovermeidenden Haltung sei noch kein Sanierungsprojekt gelungen, sagen die einen. Andere meinen, den Bahnhof zu kaufen, w\u00e4re von Anfang an ein Fehler gewesen. Bahnh\u00f6fsgeb\u00e4ude an toten und also ruhigen Bahnlinien neu zu beleben, das mag vielleicht noch gehen: an einer so stark befahrenen Strecke wie der zwischen Berlin und Hamburg sei das aber aussichtslos. Die Masterarbeit von Michael Dirik widerum hatte gerade die unmittelbare Bahnanbindung als den gr\u00f6\u00dften Hoffnungsschimmer herausgestellt. Was soll man nun glauben?<\/p>\n<p>Die Verkaufsabsicht d\u00fcrfte tats\u00e4chlich die bessere Option f\u00fcr den Bahnhof sein und es bleibt zu hoffen, dass die Investorensucher auf Amstebene ihre Arbeit aktiv betreiben werden. Dazu geh\u00f6rt, den Bahnhof nicht nur als Ruine darzustellen und damit der Sache zu schaden. Denn es darf gerade vom \u00f6ffentlichen Entscheidungstr\u00e4ger nicht \u00fcbersehen werden, dass mit den zentralen Einrichtungen des alten Ortsbildes nicht blo\u00df die Geschichte des Dorfes, sondern auch k\u00fcnftige Chancen auf \u00f6ffentliches Leben hier vor Ort getilgt werden. Der Paulinenauer Gutshof ist zur H\u00e4lfte verfallen, zur anderen H\u00e4lfte bereits abgerissen. Auch vom Landwirtschaftsinstitut und der Milchviehanlage ist kaum noch etwas \u00fcbrig. Die Gastst\u00e4tte wird als der n\u00e4chste Abrisskandidat gehandelt. Gerade hat nach fast 90 Jahren die Fleischerei geschlossen und es hei\u00dft schon, dass auch der \u00fcbrig gebliebene Einzelhandel sich nicht mehr lange halten wird. \u00dcber keine \u00f6ffenliche Einrichtung wird jenseits von Fu\u00dfballverein und Feuerwehr noch eine ortsspezifische Identit\u00e4t vermittelt. Nur das Altenheimprojekt im Schloss hat \u2013 immerhin, aber doch bezeichnenderweise \u2013 Perspektive.<\/p>\n<p>Die Gemeinde hat seit der Wende immer wieder und durchaus erfolgreich Investitionen vorangetrieben, um dem privaten Leben im Wohnort einen angemessenen Rahmen zu geben. Um den \u00f6ffentlichen Raum aber ist es mittlerweile schlimm bestellt. Das zu \u00e4ndern, ist in erster Linie Sache der Einwohner von Paulinenaue. Deren Zur\u00fcckhaltung im Privaten etwas entgegen zu setzen, sollte trotzdem vitales Anliegen der Lokalpolitik bleiben.<\/p>\n","protected":false},"excerpt":{"rendered":"<p>26.12.2012. Auf ihrer Sitzung am 5. November 2012 hat die [&hellip;]<\/p>\n","protected":false},"author":1,"featured_media":304,"comment_status":"open","ping_status":"open","sticky":false,"template":"","format":"standard","meta":{"_acf_changed":false,"_price":"","_stock":"","_tribe_ticket_header":"","_tribe_default_ticket_provider":"","_tribe_ticket_capacity":"0","_ticket_start_date":"","_ticket_end_date":"","_tribe_ticket_show_description":"","_tribe_ticket_show_not_going":false,"_tribe_ticket_use_global_stock":"","_tribe_ticket_global_stock_level":"","_global_stock_mode":"","_global_stock_cap":"","_tribe_rsvp_for_event":"","_tribe_ticket_going_count":"","_tribe_ticket_not_going_count":"","_tribe_tickets_list":"[]","_tribe_ticket_has_attendee_info_fields":false,"jetpack_post_was_ever_published":false,"_jetpack_newsletter_access":"","_jetpack_dont_email_post_to_subs":false,"_jetpack_newsletter_tier_id":0,"_jetpack_memberships_contains_paywalled_content":false,"_jetpack_memberships_contains_paid_content":false,"footnotes":"","jetpack_publicize_message":"","jetpack_publicize_feature_enabled":true,"jetpack_social_post_already_shared":false,"jetpack_social_options":{"image_generator_settings":{"template":"highway","default_image_id":0,"font":"","enabled":false},"version":2}},"categories":[280,40,404,7,9,25],"tags":[21,246,406,295],"class_list":["post-127","post","type-post","status-publish","format-standard","has-post-thumbnail","hentry","category-bahnhof","category-dorfentwicklung","category-gastronomie","category-historie","category-neuigkeiten","category-wirtschaft","tag-bahnhof","tag-dorfentwicklung","tag-gastronomie","tag-gemeindevertretung"],"acf":[],"yoast_head":"<!-- This site is optimized with the Yoast SEO plugin v27.5 - https:\/\/yoast.com\/product\/yoast-seo-wordpress\/ -->\n<title>Bahnhof, Gasthaus, Fleischerei \u2013 Das \u00f6ffentliche Leben ist in Paulinenaue auf dem R\u00fcckzug - Paulinenaue<\/title>\n<meta name=\"robots\" content=\"index, follow, max-snippet:-1, max-image-preview:large, max-video-preview:-1\" \/>\n<link rel=\"canonical\" href=\"https:\/\/paulinenaue.info\/index.php\/bahnhof-gasthaus-fleischerei-das-oeffentliche-leben-ist-in-paulinenaue-auf-dem-rueckzug\/\" \/>\n<meta property=\"og:locale\" content=\"de_DE\" \/>\n<meta property=\"og:type\" content=\"article\" \/>\n<meta property=\"og:title\" content=\"Bahnhof, Gasthaus, Fleischerei \u2013 Das \u00f6ffentliche Leben ist in Paulinenaue auf dem R\u00fcckzug - Paulinenaue\" \/>\n<meta property=\"og:description\" content=\"26.12.2012. Auf ihrer Sitzung am 5. November 2012 hat die [&hellip;]\" \/>\n<meta property=\"og:url\" content=\"https:\/\/paulinenaue.info\/index.php\/bahnhof-gasthaus-fleischerei-das-oeffentliche-leben-ist-in-paulinenaue-auf-dem-rueckzug\/\" \/>\n<meta property=\"og:site_name\" content=\"Paulinenaue\" \/>\n<meta property=\"article:published_time\" content=\"2012-12-26T12:30:32+00:00\" \/>\n<meta property=\"article:modified_time\" content=\"2021-10-27T22:16:30+00:00\" \/>\n<meta property=\"og:image\" content=\"https:\/\/i2.wp.com\/paulinenaue.info\/wp-content\/uploads\/2016\/03\/20101225_bahnhof.jpg?fit=500%2C375&ssl=1\" \/>\n\t<meta property=\"og:image:width\" content=\"500\" \/>\n\t<meta property=\"og:image:height\" content=\"375\" \/>\n\t<meta property=\"og:image:type\" content=\"image\/jpeg\" \/>\n<meta name=\"author\" content=\"Joachim Scholz\" \/>\n<meta name=\"twitter:card\" content=\"summary_large_image\" \/>\n<meta name=\"twitter:label1\" content=\"Verfasst von\" \/>\n\t<meta name=\"twitter:data1\" content=\"Joachim Scholz\" \/>\n\t<meta name=\"twitter:label2\" content=\"Gesch\u00e4tzte Lesezeit\" \/>\n\t<meta name=\"twitter:data2\" content=\"3\u00a0Minuten\" \/>\n<script type=\"application\/ld+json\" class=\"yoast-schema-graph\">{\"@context\":\"https:\\\/\\\/schema.org\",\"@graph\":[{\"@type\":\"Article\",\"@id\":\"https:\\\/\\\/paulinenaue.info\\\/index.php\\\/bahnhof-gasthaus-fleischerei-das-oeffentliche-leben-ist-in-paulinenaue-auf-dem-rueckzug\\\/#article\",\"isPartOf\":{\"@id\":\"https:\\\/\\\/paulinenaue.info\\\/index.php\\\/bahnhof-gasthaus-fleischerei-das-oeffentliche-leben-ist-in-paulinenaue-auf-dem-rueckzug\\\/\"},\"author\":{\"name\":\"Joachim Scholz\",\"@id\":\"https:\\\/\\\/paulinenaue.info\\\/#\\\/schema\\\/person\\\/3f9e818fd7b69b0d2bd937ac506897cc\"},\"headline\":\"Bahnhof, Gasthaus, Fleischerei \u2013 Das \u00f6ffentliche Leben ist in Paulinenaue auf dem R\u00fcckzug\",\"datePublished\":\"2012-12-26T12:30:32+00:00\",\"dateModified\":\"2021-10-27T22:16:30+00:00\",\"mainEntityOfPage\":{\"@id\":\"https:\\\/\\\/paulinenaue.info\\\/index.php\\\/bahnhof-gasthaus-fleischerei-das-oeffentliche-leben-ist-in-paulinenaue-auf-dem-rueckzug\\\/\"},\"wordCount\":651,\"commentCount\":0,\"image\":{\"@id\":\"https:\\\/\\\/paulinenaue.info\\\/index.php\\\/bahnhof-gasthaus-fleischerei-das-oeffentliche-leben-ist-in-paulinenaue-auf-dem-rueckzug\\\/#primaryimage\"},\"thumbnailUrl\":\"https:\\\/\\\/paulinenaue.info\\\/wp-content\\\/uploads\\\/2016\\\/03\\\/20101225_bahnhof.jpg\",\"keywords\":[\"Bahnhof\",\"Dorfentwicklung\",\"Gastronomie\",\"Gemeindevertretung\"],\"articleSection\":[\"Bahnhof\",\"Dorfentwicklung\",\"Gastronomie\",\"Historie\",\"Neuigkeiten\",\"Wirtschaft\"],\"inLanguage\":\"de\",\"potentialAction\":[{\"@type\":\"CommentAction\",\"name\":\"Comment\",\"target\":[\"https:\\\/\\\/paulinenaue.info\\\/index.php\\\/bahnhof-gasthaus-fleischerei-das-oeffentliche-leben-ist-in-paulinenaue-auf-dem-rueckzug\\\/#respond\"]}]},{\"@type\":\"WebPage\",\"@id\":\"https:\\\/\\\/paulinenaue.info\\\/index.php\\\/bahnhof-gasthaus-fleischerei-das-oeffentliche-leben-ist-in-paulinenaue-auf-dem-rueckzug\\\/\",\"url\":\"https:\\\/\\\/paulinenaue.info\\\/index.php\\\/bahnhof-gasthaus-fleischerei-das-oeffentliche-leben-ist-in-paulinenaue-auf-dem-rueckzug\\\/\",\"name\":\"Bahnhof, Gasthaus, Fleischerei \u2013 Das \u00f6ffentliche Leben ist in Paulinenaue auf dem R\u00fcckzug - Paulinenaue\",\"isPartOf\":{\"@id\":\"https:\\\/\\\/paulinenaue.info\\\/#website\"},\"primaryImageOfPage\":{\"@id\":\"https:\\\/\\\/paulinenaue.info\\\/index.php\\\/bahnhof-gasthaus-fleischerei-das-oeffentliche-leben-ist-in-paulinenaue-auf-dem-rueckzug\\\/#primaryimage\"},\"image\":{\"@id\":\"https:\\\/\\\/paulinenaue.info\\\/index.php\\\/bahnhof-gasthaus-fleischerei-das-oeffentliche-leben-ist-in-paulinenaue-auf-dem-rueckzug\\\/#primaryimage\"},\"thumbnailUrl\":\"https:\\\/\\\/paulinenaue.info\\\/wp-content\\\/uploads\\\/2016\\\/03\\\/20101225_bahnhof.jpg\",\"datePublished\":\"2012-12-26T12:30:32+00:00\",\"dateModified\":\"2021-10-27T22:16:30+00:00\",\"author\":{\"@id\":\"https:\\\/\\\/paulinenaue.info\\\/#\\\/schema\\\/person\\\/3f9e818fd7b69b0d2bd937ac506897cc\"},\"breadcrumb\":{\"@id\":\"https:\\\/\\\/paulinenaue.info\\\/index.php\\\/bahnhof-gasthaus-fleischerei-das-oeffentliche-leben-ist-in-paulinenaue-auf-dem-rueckzug\\\/#breadcrumb\"},\"inLanguage\":\"de\",\"potentialAction\":[{\"@type\":\"ReadAction\",\"target\":[\"https:\\\/\\\/paulinenaue.info\\\/index.php\\\/bahnhof-gasthaus-fleischerei-das-oeffentliche-leben-ist-in-paulinenaue-auf-dem-rueckzug\\\/\"]}]},{\"@type\":\"ImageObject\",\"inLanguage\":\"de\",\"@id\":\"https:\\\/\\\/paulinenaue.info\\\/index.php\\\/bahnhof-gasthaus-fleischerei-das-oeffentliche-leben-ist-in-paulinenaue-auf-dem-rueckzug\\\/#primaryimage\",\"url\":\"https:\\\/\\\/paulinenaue.info\\\/wp-content\\\/uploads\\\/2016\\\/03\\\/20101225_bahnhof.jpg\",\"contentUrl\":\"https:\\\/\\\/paulinenaue.info\\\/wp-content\\\/uploads\\\/2016\\\/03\\\/20101225_bahnhof.jpg\",\"width\":500,\"height\":375},{\"@type\":\"BreadcrumbList\",\"@id\":\"https:\\\/\\\/paulinenaue.info\\\/index.php\\\/bahnhof-gasthaus-fleischerei-das-oeffentliche-leben-ist-in-paulinenaue-auf-dem-rueckzug\\\/#breadcrumb\",\"itemListElement\":[{\"@type\":\"ListItem\",\"position\":1,\"name\":\"Home\",\"item\":\"https:\\\/\\\/paulinenaue.info\\\/\"},{\"@type\":\"ListItem\",\"position\":2,\"name\":\"Bahnhof, Gasthaus, Fleischerei \u2013 Das \u00f6ffentliche Leben ist in Paulinenaue auf dem R\u00fcckzug\"}]},{\"@type\":\"WebSite\",\"@id\":\"https:\\\/\\\/paulinenaue.info\\\/#website\",\"url\":\"https:\\\/\\\/paulinenaue.info\\\/\",\"name\":\"Paulinenaue\",\"description\":\"Ein Dorf im Havelland\",\"potentialAction\":[{\"@type\":\"SearchAction\",\"target\":{\"@type\":\"EntryPoint\",\"urlTemplate\":\"https:\\\/\\\/paulinenaue.info\\\/?s={search_term_string}\"},\"query-input\":{\"@type\":\"PropertyValueSpecification\",\"valueRequired\":true,\"valueName\":\"search_term_string\"}}],\"inLanguage\":\"de\"},{\"@type\":\"Person\",\"@id\":\"https:\\\/\\\/paulinenaue.info\\\/#\\\/schema\\\/person\\\/3f9e818fd7b69b0d2bd937ac506897cc\",\"name\":\"Joachim Scholz\",\"url\":\"https:\\\/\\\/paulinenaue.info\\\/index.php\\\/author\\\/jjscholz\\\/\"}]}<\/script>\n<!-- \/ Yoast SEO plugin. -->","yoast_head_json":{"title":"Bahnhof, Gasthaus, Fleischerei \u2013 Das \u00f6ffentliche Leben ist in Paulinenaue auf dem R\u00fcckzug - Paulinenaue","robots":{"index":"index","follow":"follow","max-snippet":"max-snippet:-1","max-image-preview":"max-image-preview:large","max-video-preview":"max-video-preview:-1"},"canonical":"https:\/\/paulinenaue.info\/index.php\/bahnhof-gasthaus-fleischerei-das-oeffentliche-leben-ist-in-paulinenaue-auf-dem-rueckzug\/","og_locale":"de_DE","og_type":"article","og_title":"Bahnhof, Gasthaus, Fleischerei \u2013 Das \u00f6ffentliche Leben ist in Paulinenaue auf dem R\u00fcckzug - Paulinenaue","og_description":"26.12.2012. Auf ihrer Sitzung am 5. November 2012 hat die [&hellip;]","og_url":"https:\/\/paulinenaue.info\/index.php\/bahnhof-gasthaus-fleischerei-das-oeffentliche-leben-ist-in-paulinenaue-auf-dem-rueckzug\/","og_site_name":"Paulinenaue","article_published_time":"2012-12-26T12:30:32+00:00","article_modified_time":"2021-10-27T22:16:30+00:00","og_image":[{"width":500,"height":375,"url":"https:\/\/i2.wp.com\/paulinenaue.info\/wp-content\/uploads\/2016\/03\/20101225_bahnhof.jpg?fit=500%2C375&ssl=1","type":"image\/jpeg"}],"author":"Joachim Scholz","twitter_card":"summary_large_image","twitter_misc":{"Verfasst von":"Joachim Scholz","Gesch\u00e4tzte Lesezeit":"3\u00a0Minuten"},"schema":{"@context":"https:\/\/schema.org","@graph":[{"@type":"Article","@id":"https:\/\/paulinenaue.info\/index.php\/bahnhof-gasthaus-fleischerei-das-oeffentliche-leben-ist-in-paulinenaue-auf-dem-rueckzug\/#article","isPartOf":{"@id":"https:\/\/paulinenaue.info\/index.php\/bahnhof-gasthaus-fleischerei-das-oeffentliche-leben-ist-in-paulinenaue-auf-dem-rueckzug\/"},"author":{"name":"Joachim Scholz","@id":"https:\/\/paulinenaue.info\/#\/schema\/person\/3f9e818fd7b69b0d2bd937ac506897cc"},"headline":"Bahnhof, Gasthaus, Fleischerei \u2013 Das \u00f6ffentliche Leben ist in Paulinenaue auf dem R\u00fcckzug","datePublished":"2012-12-26T12:30:32+00:00","dateModified":"2021-10-27T22:16:30+00:00","mainEntityOfPage":{"@id":"https:\/\/paulinenaue.info\/index.php\/bahnhof-gasthaus-fleischerei-das-oeffentliche-leben-ist-in-paulinenaue-auf-dem-rueckzug\/"},"wordCount":651,"commentCount":0,"image":{"@id":"https:\/\/paulinenaue.info\/index.php\/bahnhof-gasthaus-fleischerei-das-oeffentliche-leben-ist-in-paulinenaue-auf-dem-rueckzug\/#primaryimage"},"thumbnailUrl":"https:\/\/paulinenaue.info\/wp-content\/uploads\/2016\/03\/20101225_bahnhof.jpg","keywords":["Bahnhof","Dorfentwicklung","Gastronomie","Gemeindevertretung"],"articleSection":["Bahnhof","Dorfentwicklung","Gastronomie","Historie","Neuigkeiten","Wirtschaft"],"inLanguage":"de","potentialAction":[{"@type":"CommentAction","name":"Comment","target":["https:\/\/paulinenaue.info\/index.php\/bahnhof-gasthaus-fleischerei-das-oeffentliche-leben-ist-in-paulinenaue-auf-dem-rueckzug\/#respond"]}]},{"@type":"WebPage","@id":"https:\/\/paulinenaue.info\/index.php\/bahnhof-gasthaus-fleischerei-das-oeffentliche-leben-ist-in-paulinenaue-auf-dem-rueckzug\/","url":"https:\/\/paulinenaue.info\/index.php\/bahnhof-gasthaus-fleischerei-das-oeffentliche-leben-ist-in-paulinenaue-auf-dem-rueckzug\/","name":"Bahnhof, Gasthaus, Fleischerei \u2013 Das \u00f6ffentliche Leben ist in Paulinenaue auf dem R\u00fcckzug - Paulinenaue","isPartOf":{"@id":"https:\/\/paulinenaue.info\/#website"},"primaryImageOfPage":{"@id":"https:\/\/paulinenaue.info\/index.php\/bahnhof-gasthaus-fleischerei-das-oeffentliche-leben-ist-in-paulinenaue-auf-dem-rueckzug\/#primaryimage"},"image":{"@id":"https:\/\/paulinenaue.info\/index.php\/bahnhof-gasthaus-fleischerei-das-oeffentliche-leben-ist-in-paulinenaue-auf-dem-rueckzug\/#primaryimage"},"thumbnailUrl":"https:\/\/paulinenaue.info\/wp-content\/uploads\/2016\/03\/20101225_bahnhof.jpg","datePublished":"2012-12-26T12:30:32+00:00","dateModified":"2021-10-27T22:16:30+00:00","author":{"@id":"https:\/\/paulinenaue.info\/#\/schema\/person\/3f9e818fd7b69b0d2bd937ac506897cc"},"breadcrumb":{"@id":"https:\/\/paulinenaue.info\/index.php\/bahnhof-gasthaus-fleischerei-das-oeffentliche-leben-ist-in-paulinenaue-auf-dem-rueckzug\/#breadcrumb"},"inLanguage":"de","potentialAction":[{"@type":"ReadAction","target":["https:\/\/paulinenaue.info\/index.php\/bahnhof-gasthaus-fleischerei-das-oeffentliche-leben-ist-in-paulinenaue-auf-dem-rueckzug\/"]}]},{"@type":"ImageObject","inLanguage":"de","@id":"https:\/\/paulinenaue.info\/index.php\/bahnhof-gasthaus-fleischerei-das-oeffentliche-leben-ist-in-paulinenaue-auf-dem-rueckzug\/#primaryimage","url":"https:\/\/paulinenaue.info\/wp-content\/uploads\/2016\/03\/20101225_bahnhof.jpg","contentUrl":"https:\/\/paulinenaue.info\/wp-content\/uploads\/2016\/03\/20101225_bahnhof.jpg","width":500,"height":375},{"@type":"BreadcrumbList","@id":"https:\/\/paulinenaue.info\/index.php\/bahnhof-gasthaus-fleischerei-das-oeffentliche-leben-ist-in-paulinenaue-auf-dem-rueckzug\/#breadcrumb","itemListElement":[{"@type":"ListItem","position":1,"name":"Home","item":"https:\/\/paulinenaue.info\/"},{"@type":"ListItem","position":2,"name":"Bahnhof, Gasthaus, Fleischerei \u2013 Das \u00f6ffentliche Leben ist in Paulinenaue auf dem R\u00fcckzug"}]},{"@type":"WebSite","@id":"https:\/\/paulinenaue.info\/#website","url":"https:\/\/paulinenaue.info\/","name":"Paulinenaue","description":"Ein Dorf im Havelland","potentialAction":[{"@type":"SearchAction","target":{"@type":"EntryPoint","urlTemplate":"https:\/\/paulinenaue.info\/?s={search_term_string}"},"query-input":{"@type":"PropertyValueSpecification","valueRequired":true,"valueName":"search_term_string"}}],"inLanguage":"de"},{"@type":"Person","@id":"https:\/\/paulinenaue.info\/#\/schema\/person\/3f9e818fd7b69b0d2bd937ac506897cc","name":"Joachim Scholz","url":"https:\/\/paulinenaue.info\/index.php\/author\/jjscholz\/"}]}},"jetpack_publicize_connections":[],"jetpack_featured_media_url":"https:\/\/paulinenaue.info\/wp-content\/uploads\/2016\/03\/20101225_bahnhof.jpg","jetpack_sharing_enabled":true,"jetpack_shortlink":"https:\/\/wp.me\/pcYhWA-23","jetpack-related-posts":[{"id":1430,"url":"https:\/\/paulinenaue.info\/index.php\/erste-schritte-in-die-zukunft-des-paulinenauer-bahnhofsgebaeude\/","url_meta":{"origin":127,"position":0},"title":"Erste Schritte in die Zukunft des Paulinenauer Bahnhofsgeb\u00e4udes","author":"Joachim Scholz","date":"3. Februar 2008","format":false,"excerpt":"Im Bahnhof k\u00f6nnte wieder das Herz des Dorfes schlagen Ein Zeichen, dass in Paulinenaues Mitte etwas in Gang kommt, ist mit dem k\u00fcrzlich sanierten Bahnhofsvorplatz bereits gesetzt. Der schmucke Platz aber hat seit seiner Fertigstellung den Handlungsbedarf beim Bahnhofsgeb\u00e4ude selbst nur noch mehr hervortreten lassen und da die Gemeinde den\u2026","rel":"","context":"In &quot;Allgemein&quot;","block_context":{"text":"Allgemein","link":"https:\/\/paulinenaue.info\/index.php\/category\/allgemein\/"},"img":{"alt_text":"","src":"https:\/\/i0.wp.com\/paulinenaue.info\/wp-content\/uploads\/2019\/01\/2007-12-01-Bahnhof.jpg?resize=350%2C200&ssl=1","width":350,"height":200,"srcset":"https:\/\/i0.wp.com\/paulinenaue.info\/wp-content\/uploads\/2019\/01\/2007-12-01-Bahnhof.jpg?resize=350%2C200&ssl=1 1x, https:\/\/i0.wp.com\/paulinenaue.info\/wp-content\/uploads\/2019\/01\/2007-12-01-Bahnhof.jpg?resize=525%2C300&ssl=1 1.5x, https:\/\/i0.wp.com\/paulinenaue.info\/wp-content\/uploads\/2019\/01\/2007-12-01-Bahnhof.jpg?resize=700%2C400&ssl=1 2x"},"classes":[]},{"id":166,"url":"https:\/\/paulinenaue.info\/index.php\/was-kommt-nach-dem-konsum\/","url_meta":{"origin":127,"position":1},"title":"Was kommt nach dem Konsum?","author":"Joachim Scholz","date":"9. April 2010","format":false,"excerpt":"09.04.2010. Die Gelegenheit zum \u201ePostkonsum-Denken\u201c ergriffen Mitglieder des Paulinenauer Kulturvereins an diesem Freitag, als sie sich gemeinsam mit Planer und Gemeindevertreter Frank Schulze \u00fcber die zuk\u00fcnftige Gestaltung des Gel\u00e4ndes der ehemaligen \"Konsum\"-Verkaufsst\u00e4tte austauschten. Nach dem Ankauf durch die Gemeinde vor einem Vierteljahr kann wom\u00f6glich bereits 2011 der gesichtslose Flachbau aus\u2026","rel":"","context":"In &quot;Bahnhof&quot;","block_context":{"text":"Bahnhof","link":"https:\/\/paulinenaue.info\/index.php\/category\/bahnhof\/"},"img":{"alt_text":"","src":"https:\/\/i0.wp.com\/paulinenaue.info\/wp-content\/uploads\/2016\/03\/20100409_konsum_planung_01.jpg?resize=350%2C200&ssl=1","width":350,"height":200},"classes":[]},{"id":5209,"url":"https:\/\/paulinenaue.info\/index.php\/es-werde-licht\/","url_meta":{"origin":127,"position":2},"title":"Es werde Licht","author":"Sarah","date":"23. Januar 2020","format":false,"excerpt":"Wer zu fr\u00fcher oder sp\u00e4ter Stunde am Bahnhof entlang kommt, wird diesen nicht mehr so leicht \u00fcbersehen. Die historischen Lampen am Bahnhofsgeb\u00e4ude wurden durch die Firma G\u00f6bel aus Pessin im Auftrag der Gemeinde wieder funktionst\u00fcchtig angeschlossen. In der letzten Gemeindevertretersitzung hatten die Studierenden der TU Berlin nochmals die Ergebnisse ihres\u2026","rel":"","context":"In &quot;Allgemein&quot;","block_context":{"text":"Allgemein","link":"https:\/\/paulinenaue.info\/index.php\/category\/allgemein\/"},"img":{"alt_text":"","src":"https:\/\/i0.wp.com\/paulinenaue.info\/wp-content\/uploads\/2020\/01\/IMG-20200123-WA0000.jpg?resize=350%2C200&ssl=1","width":350,"height":200,"srcset":"https:\/\/i0.wp.com\/paulinenaue.info\/wp-content\/uploads\/2020\/01\/IMG-20200123-WA0000.jpg?resize=350%2C200&ssl=1 1x, https:\/\/i0.wp.com\/paulinenaue.info\/wp-content\/uploads\/2020\/01\/IMG-20200123-WA0000.jpg?resize=525%2C300&ssl=1 1.5x, https:\/\/i0.wp.com\/paulinenaue.info\/wp-content\/uploads\/2020\/01\/IMG-20200123-WA0000.jpg?resize=700%2C400&ssl=1 2x, https:\/\/i0.wp.com\/paulinenaue.info\/wp-content\/uploads\/2020\/01\/IMG-20200123-WA0000.jpg?resize=1050%2C600&ssl=1 3x, https:\/\/i0.wp.com\/paulinenaue.info\/wp-content\/uploads\/2020\/01\/IMG-20200123-WA0000.jpg?resize=1400%2C800&ssl=1 4x"},"classes":[]},{"id":415111,"url":"https:\/\/paulinenaue.info\/index.php\/fruehjahrsputz-in-paulinenaue-2023\/","url_meta":{"origin":127,"position":3},"title":"Fr\u00fchjahrsputz 2023","author":"Joachim Scholz","date":"6. April 2023","format":false,"excerpt":"Ein Dank der Gemeindevertretung, von Sabine Pietschmann Trotz Nieselregens, niedriger Temperaturen und trotz des Datums folgten\u00a0 32 B\u00fcrger* innen dem Aufruf zum Fr\u00fchjahrsputz am Sonnabend, dem 1. April. Schwerpunkt war wieder der Bahnhof, aber es wurde auch auf dem Friedhof und dem Tennisplatz im Park gehackt und geharkt. Das Bahnhofsgel\u00e4nde\u2026","rel":"","context":"In &quot;Allgemein&quot;","block_context":{"text":"Allgemein","link":"https:\/\/paulinenaue.info\/index.php\/category\/allgemein\/"},"img":{"alt_text":"","src":"https:\/\/i0.wp.com\/paulinenaue.info\/wp-content\/uploads\/2023\/04\/Putz233.jpg?resize=350%2C200&ssl=1","width":350,"height":200,"srcset":"https:\/\/i0.wp.com\/paulinenaue.info\/wp-content\/uploads\/2023\/04\/Putz233.jpg?resize=350%2C200&ssl=1 1x, https:\/\/i0.wp.com\/paulinenaue.info\/wp-content\/uploads\/2023\/04\/Putz233.jpg?resize=525%2C300&ssl=1 1.5x, https:\/\/i0.wp.com\/paulinenaue.info\/wp-content\/uploads\/2023\/04\/Putz233.jpg?resize=700%2C400&ssl=1 2x, https:\/\/i0.wp.com\/paulinenaue.info\/wp-content\/uploads\/2023\/04\/Putz233.jpg?resize=1050%2C600&ssl=1 3x, https:\/\/i0.wp.com\/paulinenaue.info\/wp-content\/uploads\/2023\/04\/Putz233.jpg?resize=1400%2C800&ssl=1 4x"},"classes":[]},{"id":5098,"url":"https:\/\/paulinenaue.info\/index.php\/tu-studierende-im-bahnhof\/","url_meta":{"origin":127,"position":4},"title":"TU-Studierende im Bahnhof","author":"Sarah","date":"13. November 2019","format":false,"excerpt":"Wie k\u00f6nnen wir den Bahnhof wieder sichtbar machen? Was k\u00f6nnen wir selbst daf\u00fcr tun? Und: Wie wollen wir den Bahnhof wieder lebendig werden lassen? Fragestellungen wie diese gibt es nicht erst seit gestern. Wer in Paulinenaue wohnt oder t\u00e4glich von hier aus mit der Bahn pendelt, hat sicher die ein\u2026","rel":"","context":"In &quot;Allgemein&quot;","block_context":{"text":"Allgemein","link":"https:\/\/paulinenaue.info\/index.php\/category\/allgemein\/"},"img":{"alt_text":"","src":"https:\/\/i0.wp.com\/paulinenaue.info\/wp-content\/uploads\/2019\/11\/01_Paulinenaue11-11-19.jpeg?resize=350%2C200&ssl=1","width":350,"height":200,"srcset":"https:\/\/i0.wp.com\/paulinenaue.info\/wp-content\/uploads\/2019\/11\/01_Paulinenaue11-11-19.jpeg?resize=350%2C200&ssl=1 1x, https:\/\/i0.wp.com\/paulinenaue.info\/wp-content\/uploads\/2019\/11\/01_Paulinenaue11-11-19.jpeg?resize=525%2C300&ssl=1 1.5x, https:\/\/i0.wp.com\/paulinenaue.info\/wp-content\/uploads\/2019\/11\/01_Paulinenaue11-11-19.jpeg?resize=700%2C400&ssl=1 2x, https:\/\/i0.wp.com\/paulinenaue.info\/wp-content\/uploads\/2019\/11\/01_Paulinenaue11-11-19.jpeg?resize=1050%2C600&ssl=1 3x, https:\/\/i0.wp.com\/paulinenaue.info\/wp-content\/uploads\/2019\/11\/01_Paulinenaue11-11-19.jpeg?resize=1400%2C800&ssl=1 4x"},"classes":[]},{"id":416036,"url":"https:\/\/paulinenaue.info\/index.php\/spaziergang-durch-den-paulinenauer-bahnhof-im-februar-2024\/","url_meta":{"origin":127,"position":5},"title":"Spaziergang durch den Paulinenauer Bahnhof","author":"Joachim Scholz","date":"24. Februar 2024","format":false,"excerpt":"","rel":"","context":"In &quot;Allgemein&quot;","block_context":{"text":"Allgemein","link":"https:\/\/paulinenaue.info\/index.php\/category\/allgemein\/"},"img":{"alt_text":"","src":"https:\/\/i0.wp.com\/paulinenaue.info\/wp-content\/uploads\/2024\/02\/2024-02-11-Im-Bahnhof-01.jpeg?resize=350%2C200&ssl=1","width":350,"height":200,"srcset":"https:\/\/i0.wp.com\/paulinenaue.info\/wp-content\/uploads\/2024\/02\/2024-02-11-Im-Bahnhof-01.jpeg?resize=350%2C200&ssl=1 1x, https:\/\/i0.wp.com\/paulinenaue.info\/wp-content\/uploads\/2024\/02\/2024-02-11-Im-Bahnhof-01.jpeg?resize=525%2C300&ssl=1 1.5x, https:\/\/i0.wp.com\/paulinenaue.info\/wp-content\/uploads\/2024\/02\/2024-02-11-Im-Bahnhof-01.jpeg?resize=700%2C400&ssl=1 2x"},"classes":[]}],"_links":{"self":[{"href":"https:\/\/paulinenaue.info\/index.php\/wp-json\/wp\/v2\/posts\/127","targetHints":{"allow":["GET"]}}],"collection":[{"href":"https:\/\/paulinenaue.info\/index.php\/wp-json\/wp\/v2\/posts"}],"about":[{"href":"https:\/\/paulinenaue.info\/index.php\/wp-json\/wp\/v2\/types\/post"}],"author":[{"embeddable":true,"href":"https:\/\/paulinenaue.info\/index.php\/wp-json\/wp\/v2\/users\/1"}],"replies":[{"embeddable":true,"href":"https:\/\/paulinenaue.info\/index.php\/wp-json\/wp\/v2\/comments?post=127"}],"version-history":[{"count":4,"href":"https:\/\/paulinenaue.info\/index.php\/wp-json\/wp\/v2\/posts\/127\/revisions"}],"predecessor-version":[{"id":6245,"href":"https:\/\/paulinenaue.info\/index.php\/wp-json\/wp\/v2\/posts\/127\/revisions\/6245"}],"wp:featuredmedia":[{"embeddable":true,"href":"https:\/\/paulinenaue.info\/index.php\/wp-json\/wp\/v2\/media\/304"}],"wp:attachment":[{"href":"https:\/\/paulinenaue.info\/index.php\/wp-json\/wp\/v2\/media?parent=127"}],"wp:term":[{"taxonomy":"category","embeddable":true,"href":"https:\/\/paulinenaue.info\/index.php\/wp-json\/wp\/v2\/categories?post=127"},{"taxonomy":"post_tag","embeddable":true,"href":"https:\/\/paulinenaue.info\/index.php\/wp-json\/wp\/v2\/tags?post=127"}],"curies":[{"name":"wp","href":"https:\/\/api.w.org\/{rel}","templated":true}]}}