{"id":131,"date":"2012-12-06T13:38:10","date_gmt":"2012-12-06T12:38:10","guid":{"rendered":"https:\/\/sudile.com\/paue\/?p=131"},"modified":"2021-11-03T15:51:12","modified_gmt":"2021-11-03T14:51:12","slug":"solch-einen-stimmungsvollen-ort-habe-ich-selten-erlebt-gisela-heller-liest-im-wintergarten-des-paulinenauer-herrenhauses","status":"publish","type":"post","link":"https:\/\/paulinenaue.info\/index.php\/solch-einen-stimmungsvollen-ort-habe-ich-selten-erlebt-gisela-heller-liest-im-wintergarten-des-paulinenauer-herrenhauses\/","title":{"rendered":"\u201eSolch einen stimmungsvollen Ort habe ich selten erlebt\u201c &#8211; Gisela Heller liest im Wintergarten des Paulinenauer Herrenhauses"},"content":{"rendered":"<p>09.11.2012. \u201eUnterwegs mit Gisela\u201c hie\u00dfen die Radio-Reportagen, mit denen Gisela Heller zu DDR-Zeiten Heimatkundliches \u00fcber den \u00c4ther schickte. Gek\u00fcrzt gingen ausgew\u00e4hlte St\u00fccke dann in ihre beiden Buchpublikationen \u201eM\u00e4rkischer Bilderbogen\u201c (1976) und \u201eNeuer M\u00e4rkischer Bilderbogen\u201c (1986) ein. Eine dieser Reportagen war Paulinenaue gewidmet, denn in jenen Jahren war unser Dorf ein durch sein Landwirtschaftsinstitut mit der Welt verkn\u00fcpfter und im Republiksma\u00dfstab besonderer Ort. In der vom Paulinenauer Kulturverein organisierten Lesung, die exakt 40 Jahre nach Hellers Paulinenaue-Besuch stattfand, lie\u00df die Schriftstellerin die gro\u00dfe Zeit des Wissenschaftsstandortes Paulinenaue noch einmal aufleben.<\/p>\n<p>Das damalige G\u00e4stehaus des Institutes, vormals Paulinenaues Herrenhaus und heute saniertes Haus f\u00fcr altersgerechtes Wohnen, erwies sich als w\u00fcrdiger Rahmen. \u201eSolch einen stimmungsvollen Ort habe ich selten erlebt\u201c, sagte Gisela Heller am Beginn ihrer Lesung. Einige Tage sp\u00e4ter schickte sie noch das Manuskript ihres Radiobeitrags nach, das gegen\u00fcber der publizierten Version noch einige Anekdoten mehr enth\u00e4lt.<\/p>\n<h3>Die Lesung zum Nachh\u00f6ren<\/h3>\n<audio class=\"wp-audio-shortcode\" id=\"audio-131-1\" preload=\"none\" style=\"width: 100%;\" controls=\"controls\"><source type=\"audio\/mpeg\" src=\"https:\/\/paulinenaue.info\/wp-content\/uploads\/2012\/12\/2012-11-09-Gisela-Heller.mp3?_=1\" \/><a href=\"https:\/\/paulinenaue.info\/wp-content\/uploads\/2012\/12\/2012-11-09-Gisela-Heller.mp3\">https:\/\/paulinenaue.info\/wp-content\/uploads\/2012\/12\/2012-11-09-Gisela-Heller.mp3<\/a><\/audio>\n<p>&nbsp;<\/p>\n<p>30 G\u00e4ste besuchten die Lesung im Wintergarten des Herrenhauses. Marija Begemann und ihrem Team &#8211; besonders Schwester Nicole und Eberhard Lange &#8211; sowie Eberhard Schwarz sagen wir Danke f\u00fcr die Mitgestaltung eines sch\u00f6nen Ereignisses.<\/p>\n<p>&nbsp;<\/p>\n<div id=\"attachment_6299\" style=\"width: 610px\" class=\"wp-caption alignnone\"><a href=\"https:\/\/paulinenaue.info\/wp-content\/uploads\/2012\/12\/2012-11-09-Lesung-Gisela-Heller-Wintergarten.jpg\"><img decoding=\"async\" aria-describedby=\"caption-attachment-6299\" data-attachment-id=\"6299\" data-permalink=\"https:\/\/paulinenaue.info\/index.php\/solch-einen-stimmungsvollen-ort-habe-ich-selten-erlebt-gisela-heller-liest-im-wintergarten-des-paulinenauer-herrenhauses\/2012-11-09-lesung-gisela-heller-wintergarten\/\" data-orig-file=\"https:\/\/paulinenaue.info\/wp-content\/uploads\/2012\/12\/2012-11-09-Lesung-Gisela-Heller-Wintergarten.jpg\" data-orig-size=\"1000,750\" data-comments-opened=\"1\" data-image-meta=\"{&quot;aperture&quot;:&quot;3.3&quot;,&quot;credit&quot;:&quot;&quot;,&quot;camera&quot;:&quot;DSC-WX150&quot;,&quot;caption&quot;:&quot;&quot;,&quot;created_timestamp&quot;:&quot;1352488716&quot;,&quot;copyright&quot;:&quot;&quot;,&quot;focal_length&quot;:&quot;4.45&quot;,&quot;iso&quot;:&quot;800&quot;,&quot;shutter_speed&quot;:&quot;0.125&quot;,&quot;title&quot;:&quot;&quot;,&quot;orientation&quot;:&quot;1&quot;}\" data-image-title=\"2012-11-09, Lesung Gisela Heller, Wintergarten\" data-image-description=\"&lt;p&gt;Blick in den Wintergarten des Schlosses vor der Lesung&lt;\/p&gt;\n\" data-image-caption=\"&lt;p&gt;Einen besonders sch\u00f6ner, vielleicht der sch\u00f6nste Ort f\u00fcr eine Lesung in Paulinenaue: der Wintergarten des ehemalige Herrenhauses. Foto: Eberhard Schwarz, 2012.&lt;\/p&gt;\n\" data-large-file=\"https:\/\/paulinenaue.info\/wp-content\/uploads\/2012\/12\/2012-11-09-Lesung-Gisela-Heller-Wintergarten.jpg\" class=\"lazyload size-fusion-600 wp-image-6299\" src=\"https:\/\/paulinenaue.info\/wp-content\/uploads\/2012\/12\/2012-11-09-Lesung-Gisela-Heller-Wintergarten-600x450.jpg\" data-orig-src=\"https:\/\/paulinenaue.info\/wp-content\/uploads\/2012\/12\/2012-11-09-Lesung-Gisela-Heller-Wintergarten-600x450.jpg\" alt=\"Wintergarten Schloss\" width=\"600\" height=\"450\" srcset=\"data:image\/svg+xml,%3Csvg%20xmlns%3D%27http%3A%2F%2Fwww.w3.org%2F2000%2Fsvg%27%20width%3D%27600%27%20height%3D%27450%27%20viewBox%3D%270%200%20600%20450%27%3E%3Crect%20width%3D%27600%27%20height%3D%27450%27%20fill-opacity%3D%220%22%2F%3E%3C%2Fsvg%3E\" data-srcset=\"https:\/\/paulinenaue.info\/wp-content\/uploads\/2012\/12\/2012-11-09-Lesung-Gisela-Heller-Wintergarten-200x150.jpg 200w, https:\/\/paulinenaue.info\/wp-content\/uploads\/2012\/12\/2012-11-09-Lesung-Gisela-Heller-Wintergarten-300x225.jpg 300w, https:\/\/paulinenaue.info\/wp-content\/uploads\/2012\/12\/2012-11-09-Lesung-Gisela-Heller-Wintergarten-400x300.jpg 400w, https:\/\/paulinenaue.info\/wp-content\/uploads\/2012\/12\/2012-11-09-Lesung-Gisela-Heller-Wintergarten-600x450.jpg 600w, https:\/\/paulinenaue.info\/wp-content\/uploads\/2012\/12\/2012-11-09-Lesung-Gisela-Heller-Wintergarten-768x576.jpg 768w, https:\/\/paulinenaue.info\/wp-content\/uploads\/2012\/12\/2012-11-09-Lesung-Gisela-Heller-Wintergarten-800x600.jpg 800w, https:\/\/paulinenaue.info\/wp-content\/uploads\/2012\/12\/2012-11-09-Lesung-Gisela-Heller-Wintergarten.jpg 1000w\" data-sizes=\"auto\" data-orig-sizes=\"(max-width: 600px) 100vw, 600px\" \/><\/a><p id=\"caption-attachment-6299\" class=\"wp-caption-text\">Einen besonders sch\u00f6ner, vielleicht der sch\u00f6nste Ort f\u00fcr eine Lesung in Paulinenaue: der Wintergarten des ehemalige Herrenhauses. F\u00fcr die Bewohner des Hauses waren die Pl\u00e4tze in der ersten Reihe bestimmt. Foto: Eberhard Schwarz, 2012.<\/p><\/div>\n<p>&nbsp;<\/p>\n<div id=\"attachment_6294\" style=\"width: 610px\" class=\"wp-caption alignnone\"><a href=\"https:\/\/paulinenaue.info\/wp-content\/uploads\/2016\/03\/2012-11-09-Pra\u0308sentation-Quimburga.jpg\"><img decoding=\"async\" aria-describedby=\"caption-attachment-6294\" data-attachment-id=\"6294\" data-permalink=\"https:\/\/paulinenaue.info\/index.php\/solch-einen-stimmungsvollen-ort-habe-ich-selten-erlebt-gisela-heller-liest-im-wintergarten-des-paulinenauer-herrenhauses\/lesung-mit-gisela-heller-in-paulinenaue-5\/\" data-orig-file=\"https:\/\/paulinenaue.info\/wp-content\/uploads\/2016\/03\/2012-11-09-Pra\u0308sentation-Quimburga.jpg\" data-orig-size=\"1000,750\" data-comments-opened=\"1\" data-image-meta=\"{&quot;aperture&quot;:&quot;3.5&quot;,&quot;credit&quot;:&quot;&quot;,&quot;camera&quot;:&quot;DSC-H10&quot;,&quot;caption&quot;:&quot;&quot;,&quot;created_timestamp&quot;:&quot;1352489783&quot;,&quot;copyright&quot;:&quot;&quot;,&quot;focal_length&quot;:&quot;6.7&quot;,&quot;iso&quot;:&quot;800&quot;,&quot;shutter_speed&quot;:&quot;0.033333333333333&quot;,&quot;title&quot;:&quot;Lesung mit Gisela Heller in Paulinenaue&quot;,&quot;orientation&quot;:&quot;1&quot;}\" data-image-title=\"Lesung mit Gisela Heller in Paulinenaue\" data-image-description=\"\" data-image-caption=\"\" data-large-file=\"https:\/\/paulinenaue.info\/wp-content\/uploads\/2016\/03\/2012-11-09-Pra\u0308sentation-Quimburga.jpg\" class=\"lazyload wp-image-6294 size-fusion-600\" src=\"https:\/\/paulinenaue.info\/wp-content\/uploads\/2016\/03\/2012-11-09-Pra\u0308sentation-Quimburga-600x450.jpg\" data-orig-src=\"https:\/\/paulinenaue.info\/wp-content\/uploads\/2016\/03\/2012-11-09-Pra\u0308sentation-Quimburga-600x450.jpg\" alt=\"\" width=\"600\" height=\"450\" srcset=\"data:image\/svg+xml,%3Csvg%20xmlns%3D%27http%3A%2F%2Fwww.w3.org%2F2000%2Fsvg%27%20width%3D%27600%27%20height%3D%27450%27%20viewBox%3D%270%200%20600%20450%27%3E%3Crect%20width%3D%27600%27%20height%3D%27450%27%20fill-opacity%3D%220%22%2F%3E%3C%2Fsvg%3E\" data-srcset=\"https:\/\/paulinenaue.info\/wp-content\/uploads\/2016\/03\/2012-11-09-Pra\u0308sentation-Quimburga-200x150.jpg 200w, https:\/\/paulinenaue.info\/wp-content\/uploads\/2016\/03\/2012-11-09-Pra\u0308sentation-Quimburga-300x225.jpg 300w, https:\/\/paulinenaue.info\/wp-content\/uploads\/2016\/03\/2012-11-09-Pra\u0308sentation-Quimburga-400x300.jpg 400w, https:\/\/paulinenaue.info\/wp-content\/uploads\/2016\/03\/2012-11-09-Pra\u0308sentation-Quimburga-600x450.jpg 600w, https:\/\/paulinenaue.info\/wp-content\/uploads\/2016\/03\/2012-11-09-Pra\u0308sentation-Quimburga-768x576.jpg 768w, https:\/\/paulinenaue.info\/wp-content\/uploads\/2016\/03\/2012-11-09-Pra\u0308sentation-Quimburga-800x600.jpg 800w, https:\/\/paulinenaue.info\/wp-content\/uploads\/2016\/03\/2012-11-09-Pra\u0308sentation-Quimburga.jpg 1000w\" data-sizes=\"auto\" data-orig-sizes=\"(max-width: 600px) 100vw, 600px\" \/><\/a><p id=\"caption-attachment-6294\" class=\"wp-caption-text\">Gisela Heller besuchte Paulinenaue 1972 am selben Tag, als ein schwerer Sturm \u00fcbers Land fegte, der auch in Paulinenaue Sch\u00e4den hinterlie\u00df. Foto: Franziska Timm, 2012.<\/p><\/div>\n<p>&nbsp;<\/p>\n<div id=\"attachment_6293\" style=\"width: 610px\" class=\"wp-caption alignnone\"><a href=\"https:\/\/paulinenaue.info\/wp-content\/uploads\/2016\/03\/2012-11-09-Lesung-Gisela-Heller-Sturm-Quimburga.jpg\"><img decoding=\"async\" aria-describedby=\"caption-attachment-6293\" data-attachment-id=\"6293\" data-permalink=\"https:\/\/paulinenaue.info\/index.php\/solch-einen-stimmungsvollen-ort-habe-ich-selten-erlebt-gisela-heller-liest-im-wintergarten-des-paulinenauer-herrenhauses\/lesung-mit-gisela-heller-in-paulinenaue-4\/\" data-orig-file=\"https:\/\/paulinenaue.info\/wp-content\/uploads\/2016\/03\/2012-11-09-Lesung-Gisela-Heller-Sturm-Quimburga.jpg\" data-orig-size=\"1000,750\" data-comments-opened=\"1\" data-image-meta=\"{&quot;aperture&quot;:&quot;3.5&quot;,&quot;credit&quot;:&quot;&quot;,&quot;camera&quot;:&quot;DSC-H10&quot;,&quot;caption&quot;:&quot;&quot;,&quot;created_timestamp&quot;:&quot;1352489900&quot;,&quot;copyright&quot;:&quot;&quot;,&quot;focal_length&quot;:&quot;7.9&quot;,&quot;iso&quot;:&quot;400&quot;,&quot;shutter_speed&quot;:&quot;0.125&quot;,&quot;title&quot;:&quot;Lesung mit Gisela Heller in Paulinenaue&quot;,&quot;orientation&quot;:&quot;1&quot;}\" data-image-title=\"Lesung mit Gisela Heller in Paulinenaue\" data-image-description=\"\" data-image-caption=\"&lt;p&gt;Der Abend begann mit einer Lichtbilderschau. Die Fotos hatte Georg Drasch\u00e9 am Tag nach dem Orkan aufgenommen. Foto: Franziska Timm, 2012.&lt;\/p&gt;\n\" data-large-file=\"https:\/\/paulinenaue.info\/wp-content\/uploads\/2016\/03\/2012-11-09-Lesung-Gisela-Heller-Sturm-Quimburga.jpg\" class=\"lazyload size-fusion-600 wp-image-6293\" src=\"https:\/\/paulinenaue.info\/wp-content\/uploads\/2016\/03\/2012-11-09-Lesung-Gisela-Heller-Sturm-Quimburga-600x450.jpg\" data-orig-src=\"https:\/\/paulinenaue.info\/wp-content\/uploads\/2016\/03\/2012-11-09-Lesung-Gisela-Heller-Sturm-Quimburga-600x450.jpg\" alt=\"\" width=\"600\" height=\"450\" srcset=\"data:image\/svg+xml,%3Csvg%20xmlns%3D%27http%3A%2F%2Fwww.w3.org%2F2000%2Fsvg%27%20width%3D%27600%27%20height%3D%27450%27%20viewBox%3D%270%200%20600%20450%27%3E%3Crect%20width%3D%27600%27%20height%3D%27450%27%20fill-opacity%3D%220%22%2F%3E%3C%2Fsvg%3E\" data-srcset=\"https:\/\/paulinenaue.info\/wp-content\/uploads\/2016\/03\/2012-11-09-Lesung-Gisela-Heller-Sturm-Quimburga-200x150.jpg 200w, https:\/\/paulinenaue.info\/wp-content\/uploads\/2016\/03\/2012-11-09-Lesung-Gisela-Heller-Sturm-Quimburga-300x225.jpg 300w, https:\/\/paulinenaue.info\/wp-content\/uploads\/2016\/03\/2012-11-09-Lesung-Gisela-Heller-Sturm-Quimburga-400x300.jpg 400w, https:\/\/paulinenaue.info\/wp-content\/uploads\/2016\/03\/2012-11-09-Lesung-Gisela-Heller-Sturm-Quimburga-600x450.jpg 600w, https:\/\/paulinenaue.info\/wp-content\/uploads\/2016\/03\/2012-11-09-Lesung-Gisela-Heller-Sturm-Quimburga-768x576.jpg 768w, https:\/\/paulinenaue.info\/wp-content\/uploads\/2016\/03\/2012-11-09-Lesung-Gisela-Heller-Sturm-Quimburga-800x600.jpg 800w, https:\/\/paulinenaue.info\/wp-content\/uploads\/2016\/03\/2012-11-09-Lesung-Gisela-Heller-Sturm-Quimburga.jpg 1000w\" data-sizes=\"auto\" data-orig-sizes=\"(max-width: 600px) 100vw, 600px\" \/><\/a><p id=\"caption-attachment-6293\" class=\"wp-caption-text\">Der Abend begann mit einer Lichtbilderschau. Die Fotos hatte Georg Drasch\u00e9 am Tag nach dem Orkan aufgenommen. Foto: Franziska Timm, 2012.<\/p><\/div>\n<p>&nbsp;<\/p>\n<div id=\"attachment_6291\" style=\"width: 610px\" class=\"wp-caption alignnone\"><a href=\"https:\/\/paulinenaue.info\/wp-content\/uploads\/2016\/03\/2012-11-09-Gisela-Heller-liest-in-Paulinenaue.jpg\"><img decoding=\"async\" aria-describedby=\"caption-attachment-6291\" data-attachment-id=\"6291\" data-permalink=\"https:\/\/paulinenaue.info\/index.php\/solch-einen-stimmungsvollen-ort-habe-ich-selten-erlebt-gisela-heller-liest-im-wintergarten-des-paulinenauer-herrenhauses\/lesung-mit-gisela-heller-in-paulinenaue-2\/\" data-orig-file=\"https:\/\/paulinenaue.info\/wp-content\/uploads\/2016\/03\/2012-11-09-Gisela-Heller-liest-in-Paulinenaue.jpg\" data-orig-size=\"1000,750\" data-comments-opened=\"1\" data-image-meta=\"{&quot;aperture&quot;:&quot;4&quot;,&quot;credit&quot;:&quot;&quot;,&quot;camera&quot;:&quot;DSC-H10&quot;,&quot;caption&quot;:&quot;&quot;,&quot;created_timestamp&quot;:&quot;1352490260&quot;,&quot;copyright&quot;:&quot;&quot;,&quot;focal_length&quot;:&quot;18.9&quot;,&quot;iso&quot;:&quot;800&quot;,&quot;shutter_speed&quot;:&quot;0.125&quot;,&quot;title&quot;:&quot;Lesung mit Gisela Heller in Paulinenaue&quot;,&quot;orientation&quot;:&quot;1&quot;}\" data-image-title=\"Lesung mit Gisela Heller in Paulinenaue\" data-image-description=\"\" data-image-caption=\"&lt;p&gt;Gisela Heller (geb. 1929) w\u00e4hrend ihrer Lesung. Die ehemalige Radiomoderatorin und Autorin ist noch heute aktiv. Foto: Franziska Timm, 2012.&lt;\/p&gt;\n\" data-large-file=\"https:\/\/paulinenaue.info\/wp-content\/uploads\/2016\/03\/2012-11-09-Gisela-Heller-liest-in-Paulinenaue.jpg\" class=\"lazyload size-fusion-600 wp-image-6291\" src=\"https:\/\/paulinenaue.info\/wp-content\/uploads\/2016\/03\/2012-11-09-Gisela-Heller-liest-in-Paulinenaue-600x450.jpg\" data-orig-src=\"https:\/\/paulinenaue.info\/wp-content\/uploads\/2016\/03\/2012-11-09-Gisela-Heller-liest-in-Paulinenaue-600x450.jpg\" alt=\"\" width=\"600\" height=\"450\" srcset=\"data:image\/svg+xml,%3Csvg%20xmlns%3D%27http%3A%2F%2Fwww.w3.org%2F2000%2Fsvg%27%20width%3D%27600%27%20height%3D%27450%27%20viewBox%3D%270%200%20600%20450%27%3E%3Crect%20width%3D%27600%27%20height%3D%27450%27%20fill-opacity%3D%220%22%2F%3E%3C%2Fsvg%3E\" data-srcset=\"https:\/\/paulinenaue.info\/wp-content\/uploads\/2016\/03\/2012-11-09-Gisela-Heller-liest-in-Paulinenaue-200x150.jpg 200w, https:\/\/paulinenaue.info\/wp-content\/uploads\/2016\/03\/2012-11-09-Gisela-Heller-liest-in-Paulinenaue-300x225.jpg 300w, https:\/\/paulinenaue.info\/wp-content\/uploads\/2016\/03\/2012-11-09-Gisela-Heller-liest-in-Paulinenaue-400x300.jpg 400w, https:\/\/paulinenaue.info\/wp-content\/uploads\/2016\/03\/2012-11-09-Gisela-Heller-liest-in-Paulinenaue-600x450.jpg 600w, https:\/\/paulinenaue.info\/wp-content\/uploads\/2016\/03\/2012-11-09-Gisela-Heller-liest-in-Paulinenaue-768x576.jpg 768w, https:\/\/paulinenaue.info\/wp-content\/uploads\/2016\/03\/2012-11-09-Gisela-Heller-liest-in-Paulinenaue-800x600.jpg 800w, https:\/\/paulinenaue.info\/wp-content\/uploads\/2016\/03\/2012-11-09-Gisela-Heller-liest-in-Paulinenaue.jpg 1000w\" data-sizes=\"auto\" data-orig-sizes=\"(max-width: 600px) 100vw, 600px\" \/><\/a><p id=\"caption-attachment-6291\" class=\"wp-caption-text\">Gisela Heller (geb. 1929) w\u00e4hrend ihrer Lesung. Die ehemalige Radiomoderatorin und Autorin ist noch heute aktiv. Foto: Franziska Timm, 2012.<\/p><\/div>\n<p>&nbsp;<\/p>\n<div id=\"attachment_6290\" style=\"width: 610px\" class=\"wp-caption alignnone\"><a href=\"https:\/\/paulinenaue.info\/wp-content\/uploads\/2016\/03\/2012-11-09-Gisela-Heller-in-Paulinenaue-Autogrammstunde.jpg\"><img decoding=\"async\" aria-describedby=\"caption-attachment-6290\" data-attachment-id=\"6290\" data-permalink=\"https:\/\/paulinenaue.info\/index.php\/solch-einen-stimmungsvollen-ort-habe-ich-selten-erlebt-gisela-heller-liest-im-wintergarten-des-paulinenauer-herrenhauses\/lesung-mit-gisela-heller-in-paulinenaue\/\" data-orig-file=\"https:\/\/paulinenaue.info\/wp-content\/uploads\/2016\/03\/2012-11-09-Gisela-Heller-in-Paulinenaue-Autogrammstunde.jpg\" data-orig-size=\"1000,750\" data-comments-opened=\"1\" data-image-meta=\"{&quot;aperture&quot;:&quot;3.5&quot;,&quot;credit&quot;:&quot;&quot;,&quot;camera&quot;:&quot;DSC-H10&quot;,&quot;caption&quot;:&quot;&quot;,&quot;created_timestamp&quot;:&quot;1352494179&quot;,&quot;copyright&quot;:&quot;&quot;,&quot;focal_length&quot;:&quot;6.3&quot;,&quot;iso&quot;:&quot;800&quot;,&quot;shutter_speed&quot;:&quot;0.25&quot;,&quot;title&quot;:&quot;Lesung mit Gisela Heller in Paulinenaue&quot;,&quot;orientation&quot;:&quot;1&quot;}\" data-image-title=\"Lesung mit Gisela Heller in Paulinenaue\" data-image-description=\"\" data-image-caption=\"&lt;p&gt;Autogrammstunde: Heller signiert ihr neustes Buch \u00fcber Emilie und Theodor Fontane. Foto: Franziska Timm, 2012.&lt;\/p&gt;\n\" data-large-file=\"https:\/\/paulinenaue.info\/wp-content\/uploads\/2016\/03\/2012-11-09-Gisela-Heller-in-Paulinenaue-Autogrammstunde.jpg\" class=\"lazyload size-fusion-600 wp-image-6290\" src=\"https:\/\/paulinenaue.info\/wp-content\/uploads\/2016\/03\/2012-11-09-Gisela-Heller-in-Paulinenaue-Autogrammstunde-600x450.jpg\" data-orig-src=\"https:\/\/paulinenaue.info\/wp-content\/uploads\/2016\/03\/2012-11-09-Gisela-Heller-in-Paulinenaue-Autogrammstunde-600x450.jpg\" alt=\"\" width=\"600\" height=\"450\" srcset=\"data:image\/svg+xml,%3Csvg%20xmlns%3D%27http%3A%2F%2Fwww.w3.org%2F2000%2Fsvg%27%20width%3D%27600%27%20height%3D%27450%27%20viewBox%3D%270%200%20600%20450%27%3E%3Crect%20width%3D%27600%27%20height%3D%27450%27%20fill-opacity%3D%220%22%2F%3E%3C%2Fsvg%3E\" data-srcset=\"https:\/\/paulinenaue.info\/wp-content\/uploads\/2016\/03\/2012-11-09-Gisela-Heller-in-Paulinenaue-Autogrammstunde-200x150.jpg 200w, https:\/\/paulinenaue.info\/wp-content\/uploads\/2016\/03\/2012-11-09-Gisela-Heller-in-Paulinenaue-Autogrammstunde-300x225.jpg 300w, https:\/\/paulinenaue.info\/wp-content\/uploads\/2016\/03\/2012-11-09-Gisela-Heller-in-Paulinenaue-Autogrammstunde-400x300.jpg 400w, https:\/\/paulinenaue.info\/wp-content\/uploads\/2016\/03\/2012-11-09-Gisela-Heller-in-Paulinenaue-Autogrammstunde-600x450.jpg 600w, https:\/\/paulinenaue.info\/wp-content\/uploads\/2016\/03\/2012-11-09-Gisela-Heller-in-Paulinenaue-Autogrammstunde-768x576.jpg 768w, https:\/\/paulinenaue.info\/wp-content\/uploads\/2016\/03\/2012-11-09-Gisela-Heller-in-Paulinenaue-Autogrammstunde-800x600.jpg 800w, https:\/\/paulinenaue.info\/wp-content\/uploads\/2016\/03\/2012-11-09-Gisela-Heller-in-Paulinenaue-Autogrammstunde.jpg 1000w\" data-sizes=\"auto\" data-orig-sizes=\"(max-width: 600px) 100vw, 600px\" \/><\/a><p id=\"caption-attachment-6290\" class=\"wp-caption-text\">Autogrammstunde: Heller signiert ihr neustes Buch \u00fcber Emilie und Theodor Fontane. Foto: Franziska Timm, 2012.<\/p><\/div>\n<p>&nbsp;<\/p>\n<div id=\"attachment_6292\" style=\"width: 610px\" class=\"wp-caption alignnone\"><a href=\"https:\/\/paulinenaue.info\/wp-content\/uploads\/2016\/03\/2012-11-09-Karl-Weirauch-und-Ka\u0308the-Vierjahn.jpg\"><img decoding=\"async\" aria-describedby=\"caption-attachment-6292\" data-attachment-id=\"6292\" data-permalink=\"https:\/\/paulinenaue.info\/index.php\/solch-einen-stimmungsvollen-ort-habe-ich-selten-erlebt-gisela-heller-liest-im-wintergarten-des-paulinenauer-herrenhauses\/lesung-mit-gisela-heller-in-paulinenaue-3\/\" data-orig-file=\"https:\/\/paulinenaue.info\/wp-content\/uploads\/2016\/03\/2012-11-09-Karl-Weirauch-und-Ka\u0308the-Vierjahn.jpg\" data-orig-size=\"1000,750\" data-comments-opened=\"1\" data-image-meta=\"{&quot;aperture&quot;:&quot;2.8&quot;,&quot;credit&quot;:&quot;&quot;,&quot;camera&quot;:&quot;DSC-HX1&quot;,&quot;caption&quot;:&quot;K\\u00e4the Vierjahn, Karl Weirauch&quot;,&quot;created_timestamp&quot;:&quot;1352492310&quot;,&quot;copyright&quot;:&quot;&quot;,&quot;focal_length&quot;:&quot;5&quot;,&quot;iso&quot;:&quot;1600&quot;,&quot;shutter_speed&quot;:&quot;0.025&quot;,&quot;title&quot;:&quot;Lesung mit Gisela Heller in Paulinenaue&quot;,&quot;orientation&quot;:&quot;1&quot;}\" data-image-title=\"Lesung mit Gisela Heller in Paulinenaue\" data-image-description=\"&lt;p&gt;K\u00e4the Vierjahn, Karl Weirauch&lt;\/p&gt;\n\" data-image-caption=\"&lt;p&gt;Ausgelassenheit am Rande der Veranstaltung. Bei einem kleinen Snack konnten sich G\u00e4ste und Bewohner austauschen. Foto: Joachim Scholz, 2012.&lt;\/p&gt;\n\" data-large-file=\"https:\/\/paulinenaue.info\/wp-content\/uploads\/2016\/03\/2012-11-09-Karl-Weirauch-und-Ka\u0308the-Vierjahn.jpg\" class=\"lazyload size-fusion-600 wp-image-6292\" src=\"https:\/\/paulinenaue.info\/wp-content\/uploads\/2016\/03\/2012-11-09-Karl-Weirauch-und-Ka\u0308the-Vierjahn-600x450.jpg\" data-orig-src=\"https:\/\/paulinenaue.info\/wp-content\/uploads\/2016\/03\/2012-11-09-Karl-Weirauch-und-Ka\u0308the-Vierjahn-600x450.jpg\" alt=\"Am Rande\" width=\"600\" height=\"450\" srcset=\"data:image\/svg+xml,%3Csvg%20xmlns%3D%27http%3A%2F%2Fwww.w3.org%2F2000%2Fsvg%27%20width%3D%27600%27%20height%3D%27450%27%20viewBox%3D%270%200%20600%20450%27%3E%3Crect%20width%3D%27600%27%20height%3D%27450%27%20fill-opacity%3D%220%22%2F%3E%3C%2Fsvg%3E\" data-srcset=\"https:\/\/paulinenaue.info\/wp-content\/uploads\/2016\/03\/2012-11-09-Karl-Weirauch-und-Ka\u0308the-Vierjahn-200x150.jpg 200w, https:\/\/paulinenaue.info\/wp-content\/uploads\/2016\/03\/2012-11-09-Karl-Weirauch-und-Ka\u0308the-Vierjahn-300x225.jpg 300w, https:\/\/paulinenaue.info\/wp-content\/uploads\/2016\/03\/2012-11-09-Karl-Weirauch-und-Ka\u0308the-Vierjahn-400x300.jpg 400w, https:\/\/paulinenaue.info\/wp-content\/uploads\/2016\/03\/2012-11-09-Karl-Weirauch-und-Ka\u0308the-Vierjahn-600x450.jpg 600w, https:\/\/paulinenaue.info\/wp-content\/uploads\/2016\/03\/2012-11-09-Karl-Weirauch-und-Ka\u0308the-Vierjahn-768x576.jpg 768w, https:\/\/paulinenaue.info\/wp-content\/uploads\/2016\/03\/2012-11-09-Karl-Weirauch-und-Ka\u0308the-Vierjahn-800x600.jpg 800w, https:\/\/paulinenaue.info\/wp-content\/uploads\/2016\/03\/2012-11-09-Karl-Weirauch-und-Ka\u0308the-Vierjahn.jpg 1000w\" data-sizes=\"auto\" data-orig-sizes=\"(max-width: 600px) 100vw, 600px\" \/><\/a><p id=\"caption-attachment-6292\" class=\"wp-caption-text\">Ausgelassenheit am Rande der Veranstaltung. Bei einem kleinen Snack konnten sich G\u00e4ste und Bewohner austauschen. Foto: Joachim Scholz, 2012.<\/p><\/div>\n<h3>Download<\/h3>\n<p><strong><a href=\"https:\/\/paulinenaue.info\/wp-content\/uploads\/2012\/12\/1972-Gisela-Heller-Manuskript-Paulinenaue.pdf\">Manuskript (PDF) zum Radiobeitrag \u00fcber Paulinenaue (1972)<\/a><\/strong><\/p>\n","protected":false},"excerpt":{"rendered":"<p>09.11.2012. \u201eUnterwegs mit Gisela\u201c hie\u00dfen die Radio-Reportagen, mit denen Gisela [&hellip;]<\/p>\n","protected":false},"author":1,"featured_media":302,"comment_status":"open","ping_status":"open","sticky":false,"template":"","format":"standard","meta":{"_acf_changed":false,"_price":"","_stock":"","_tribe_ticket_header":"","_tribe_default_ticket_provider":"","_tribe_ticket_capacity":"0","_ticket_start_date":"","_ticket_end_date":"","_tribe_ticket_show_description":"","_tribe_ticket_show_not_going":false,"_tribe_ticket_use_global_stock":"","_tribe_ticket_global_stock_level":"","_global_stock_mode":"","_global_stock_cap":"","_tribe_rsvp_for_event":"","_tribe_ticket_going_count":"","_tribe_ticket_not_going_count":"","_tribe_tickets_list":"[]","_tribe_ticket_has_attendee_info_fields":false,"jetpack_post_was_ever_published":false,"_jetpack_newsletter_access":"","_jetpack_dont_email_post_to_subs":false,"_jetpack_newsletter_tier_id":0,"_jetpack_memberships_contains_paywalled_content":false,"_jetpack_memberships_contains_paid_content":false,"footnotes":"","jetpack_publicize_message":"","jetpack_publicize_feature_enabled":true,"jetpack_social_post_already_shared":false,"jetpack_social_options":{"image_generator_settings":{"template":"highway","default_image_id":0,"font":"","enabled":false},"version":2}},"categories":[7,47],"tags":[50,48,223,49],"class_list":["post-131","post","type-post","status-publish","format-standard","has-post-thumbnail","hentry","category-historie","category-kulturverein","tag-herrenhaus","tag-kultur","tag-quimburga","tag-schloss"],"acf":[],"yoast_head":"<!-- This site is optimized with the Yoast SEO plugin v27.5 - https:\/\/yoast.com\/product\/yoast-seo-wordpress\/ -->\n<title>\u201eSolch einen stimmungsvollen Ort habe ich selten erlebt\u201c - Gisela Heller liest im Wintergarten des Paulinenauer Herrenhauses - Paulinenaue<\/title>\n<meta name=\"description\" content=\"40 Jahre nachdem Gisela Heller in einer Sturmnacht Paulinenaue besuchte, las sie hier aus ihrer damals entstandenen Reportage.\" \/>\n<meta name=\"robots\" content=\"index, follow, max-snippet:-1, max-image-preview:large, max-video-preview:-1\" \/>\n<link rel=\"canonical\" href=\"https:\/\/paulinenaue.info\/index.php\/solch-einen-stimmungsvollen-ort-habe-ich-selten-erlebt-gisela-heller-liest-im-wintergarten-des-paulinenauer-herrenhauses\/\" \/>\n<meta property=\"og:locale\" content=\"de_DE\" \/>\n<meta property=\"og:type\" content=\"article\" \/>\n<meta property=\"og:title\" content=\"\u201eSolch einen stimmungsvollen Ort habe ich selten erlebt\u201c - Gisela Heller liest im Wintergarten des Paulinenauer Herrenhauses - Paulinenaue\" \/>\n<meta property=\"og:description\" content=\"40 Jahre nachdem Gisela Heller in einer Sturmnacht Paulinenaue besuchte, las sie hier aus ihrer damals entstandenen Reportage.\" \/>\n<meta property=\"og:url\" content=\"https:\/\/paulinenaue.info\/index.php\/solch-einen-stimmungsvollen-ort-habe-ich-selten-erlebt-gisela-heller-liest-im-wintergarten-des-paulinenauer-herrenhauses\/\" \/>\n<meta property=\"og:site_name\" content=\"Paulinenaue\" \/>\n<meta property=\"article:published_time\" content=\"2012-12-06T12:38:10+00:00\" \/>\n<meta property=\"article:modified_time\" content=\"2021-11-03T14:51:12+00:00\" \/>\n<meta property=\"og:image\" content=\"https:\/\/i2.wp.com\/paulinenaue.info\/wp-content\/uploads\/2016\/03\/20121109_heller_06_ft.jpg?fit=500%2C375&ssl=1\" \/>\n\t<meta property=\"og:image:width\" content=\"500\" \/>\n\t<meta property=\"og:image:height\" content=\"375\" \/>\n\t<meta property=\"og:image:type\" content=\"image\/jpeg\" \/>\n<meta name=\"author\" content=\"Joachim Scholz\" \/>\n<meta name=\"twitter:card\" content=\"summary_large_image\" \/>\n<meta name=\"twitter:label1\" content=\"Verfasst von\" \/>\n\t<meta name=\"twitter:data1\" content=\"Joachim Scholz\" \/>\n\t<meta name=\"twitter:label2\" content=\"Gesch\u00e4tzte Lesezeit\" \/>\n\t<meta name=\"twitter:data2\" content=\"3\u00a0Minuten\" \/>\n<script type=\"application\/ld+json\" class=\"yoast-schema-graph\">{\"@context\":\"https:\\\/\\\/schema.org\",\"@graph\":[{\"@type\":\"Article\",\"@id\":\"https:\\\/\\\/paulinenaue.info\\\/index.php\\\/solch-einen-stimmungsvollen-ort-habe-ich-selten-erlebt-gisela-heller-liest-im-wintergarten-des-paulinenauer-herrenhauses\\\/#article\",\"isPartOf\":{\"@id\":\"https:\\\/\\\/paulinenaue.info\\\/index.php\\\/solch-einen-stimmungsvollen-ort-habe-ich-selten-erlebt-gisela-heller-liest-im-wintergarten-des-paulinenauer-herrenhauses\\\/\"},\"author\":{\"name\":\"Joachim Scholz\",\"@id\":\"https:\\\/\\\/paulinenaue.info\\\/#\\\/schema\\\/person\\\/3f9e818fd7b69b0d2bd937ac506897cc\"},\"headline\":\"\u201eSolch einen stimmungsvollen Ort habe ich selten erlebt\u201c &#8211; Gisela Heller liest im Wintergarten des Paulinenauer Herrenhauses\",\"datePublished\":\"2012-12-06T12:38:10+00:00\",\"dateModified\":\"2021-11-03T14:51:12+00:00\",\"mainEntityOfPage\":{\"@id\":\"https:\\\/\\\/paulinenaue.info\\\/index.php\\\/solch-einen-stimmungsvollen-ort-habe-ich-selten-erlebt-gisela-heller-liest-im-wintergarten-des-paulinenauer-herrenhauses\\\/\"},\"wordCount\":416,\"commentCount\":1,\"image\":{\"@id\":\"https:\\\/\\\/paulinenaue.info\\\/index.php\\\/solch-einen-stimmungsvollen-ort-habe-ich-selten-erlebt-gisela-heller-liest-im-wintergarten-des-paulinenauer-herrenhauses\\\/#primaryimage\"},\"thumbnailUrl\":\"https:\\\/\\\/paulinenaue.info\\\/wp-content\\\/uploads\\\/2016\\\/03\\\/20121109_heller_06_ft.jpg\",\"keywords\":[\"Herrenhaus\",\"Kultur\",\"Quimburga\",\"Schloss\"],\"articleSection\":[\"Historie\",\"Kulturverein\"],\"inLanguage\":\"de\",\"potentialAction\":[{\"@type\":\"CommentAction\",\"name\":\"Comment\",\"target\":[\"https:\\\/\\\/paulinenaue.info\\\/index.php\\\/solch-einen-stimmungsvollen-ort-habe-ich-selten-erlebt-gisela-heller-liest-im-wintergarten-des-paulinenauer-herrenhauses\\\/#respond\"]}]},{\"@type\":\"WebPage\",\"@id\":\"https:\\\/\\\/paulinenaue.info\\\/index.php\\\/solch-einen-stimmungsvollen-ort-habe-ich-selten-erlebt-gisela-heller-liest-im-wintergarten-des-paulinenauer-herrenhauses\\\/\",\"url\":\"https:\\\/\\\/paulinenaue.info\\\/index.php\\\/solch-einen-stimmungsvollen-ort-habe-ich-selten-erlebt-gisela-heller-liest-im-wintergarten-des-paulinenauer-herrenhauses\\\/\",\"name\":\"\u201eSolch einen stimmungsvollen Ort habe ich selten erlebt\u201c - Gisela Heller liest im Wintergarten des Paulinenauer Herrenhauses - Paulinenaue\",\"isPartOf\":{\"@id\":\"https:\\\/\\\/paulinenaue.info\\\/#website\"},\"primaryImageOfPage\":{\"@id\":\"https:\\\/\\\/paulinenaue.info\\\/index.php\\\/solch-einen-stimmungsvollen-ort-habe-ich-selten-erlebt-gisela-heller-liest-im-wintergarten-des-paulinenauer-herrenhauses\\\/#primaryimage\"},\"image\":{\"@id\":\"https:\\\/\\\/paulinenaue.info\\\/index.php\\\/solch-einen-stimmungsvollen-ort-habe-ich-selten-erlebt-gisela-heller-liest-im-wintergarten-des-paulinenauer-herrenhauses\\\/#primaryimage\"},\"thumbnailUrl\":\"https:\\\/\\\/paulinenaue.info\\\/wp-content\\\/uploads\\\/2016\\\/03\\\/20121109_heller_06_ft.jpg\",\"datePublished\":\"2012-12-06T12:38:10+00:00\",\"dateModified\":\"2021-11-03T14:51:12+00:00\",\"author\":{\"@id\":\"https:\\\/\\\/paulinenaue.info\\\/#\\\/schema\\\/person\\\/3f9e818fd7b69b0d2bd937ac506897cc\"},\"description\":\"40 Jahre nachdem Gisela Heller in einer Sturmnacht Paulinenaue besuchte, las sie hier aus ihrer damals entstandenen Reportage.\",\"breadcrumb\":{\"@id\":\"https:\\\/\\\/paulinenaue.info\\\/index.php\\\/solch-einen-stimmungsvollen-ort-habe-ich-selten-erlebt-gisela-heller-liest-im-wintergarten-des-paulinenauer-herrenhauses\\\/#breadcrumb\"},\"inLanguage\":\"de\",\"potentialAction\":[{\"@type\":\"ReadAction\",\"target\":[\"https:\\\/\\\/paulinenaue.info\\\/index.php\\\/solch-einen-stimmungsvollen-ort-habe-ich-selten-erlebt-gisela-heller-liest-im-wintergarten-des-paulinenauer-herrenhauses\\\/\"]}]},{\"@type\":\"ImageObject\",\"inLanguage\":\"de\",\"@id\":\"https:\\\/\\\/paulinenaue.info\\\/index.php\\\/solch-einen-stimmungsvollen-ort-habe-ich-selten-erlebt-gisela-heller-liest-im-wintergarten-des-paulinenauer-herrenhauses\\\/#primaryimage\",\"url\":\"https:\\\/\\\/paulinenaue.info\\\/wp-content\\\/uploads\\\/2016\\\/03\\\/20121109_heller_06_ft.jpg\",\"contentUrl\":\"https:\\\/\\\/paulinenaue.info\\\/wp-content\\\/uploads\\\/2016\\\/03\\\/20121109_heller_06_ft.jpg\",\"width\":500,\"height\":375},{\"@type\":\"BreadcrumbList\",\"@id\":\"https:\\\/\\\/paulinenaue.info\\\/index.php\\\/solch-einen-stimmungsvollen-ort-habe-ich-selten-erlebt-gisela-heller-liest-im-wintergarten-des-paulinenauer-herrenhauses\\\/#breadcrumb\",\"itemListElement\":[{\"@type\":\"ListItem\",\"position\":1,\"name\":\"Home\",\"item\":\"https:\\\/\\\/paulinenaue.info\\\/\"},{\"@type\":\"ListItem\",\"position\":2,\"name\":\"\u201eSolch einen stimmungsvollen Ort habe ich selten erlebt\u201c &#8211; Gisela Heller liest im Wintergarten des Paulinenauer Herrenhauses\"}]},{\"@type\":\"WebSite\",\"@id\":\"https:\\\/\\\/paulinenaue.info\\\/#website\",\"url\":\"https:\\\/\\\/paulinenaue.info\\\/\",\"name\":\"Paulinenaue\",\"description\":\"Ein Dorf im Havelland\",\"potentialAction\":[{\"@type\":\"SearchAction\",\"target\":{\"@type\":\"EntryPoint\",\"urlTemplate\":\"https:\\\/\\\/paulinenaue.info\\\/?s={search_term_string}\"},\"query-input\":{\"@type\":\"PropertyValueSpecification\",\"valueRequired\":true,\"valueName\":\"search_term_string\"}}],\"inLanguage\":\"de\"},{\"@type\":\"Person\",\"@id\":\"https:\\\/\\\/paulinenaue.info\\\/#\\\/schema\\\/person\\\/3f9e818fd7b69b0d2bd937ac506897cc\",\"name\":\"Joachim Scholz\",\"url\":\"https:\\\/\\\/paulinenaue.info\\\/index.php\\\/author\\\/jjscholz\\\/\"}]}<\/script>\n<!-- \/ Yoast SEO plugin. -->","yoast_head_json":{"title":"\u201eSolch einen stimmungsvollen Ort habe ich selten erlebt\u201c - Gisela Heller liest im Wintergarten des Paulinenauer Herrenhauses - Paulinenaue","description":"40 Jahre nachdem Gisela Heller in einer Sturmnacht Paulinenaue besuchte, las sie hier aus ihrer damals entstandenen Reportage.","robots":{"index":"index","follow":"follow","max-snippet":"max-snippet:-1","max-image-preview":"max-image-preview:large","max-video-preview":"max-video-preview:-1"},"canonical":"https:\/\/paulinenaue.info\/index.php\/solch-einen-stimmungsvollen-ort-habe-ich-selten-erlebt-gisela-heller-liest-im-wintergarten-des-paulinenauer-herrenhauses\/","og_locale":"de_DE","og_type":"article","og_title":"\u201eSolch einen stimmungsvollen Ort habe ich selten erlebt\u201c - Gisela Heller liest im Wintergarten des Paulinenauer Herrenhauses - Paulinenaue","og_description":"40 Jahre nachdem Gisela Heller in einer Sturmnacht Paulinenaue besuchte, las sie hier aus ihrer damals entstandenen Reportage.","og_url":"https:\/\/paulinenaue.info\/index.php\/solch-einen-stimmungsvollen-ort-habe-ich-selten-erlebt-gisela-heller-liest-im-wintergarten-des-paulinenauer-herrenhauses\/","og_site_name":"Paulinenaue","article_published_time":"2012-12-06T12:38:10+00:00","article_modified_time":"2021-11-03T14:51:12+00:00","og_image":[{"width":500,"height":375,"url":"https:\/\/i2.wp.com\/paulinenaue.info\/wp-content\/uploads\/2016\/03\/20121109_heller_06_ft.jpg?fit=500%2C375&ssl=1","type":"image\/jpeg"}],"author":"Joachim Scholz","twitter_card":"summary_large_image","twitter_misc":{"Verfasst von":"Joachim Scholz","Gesch\u00e4tzte Lesezeit":"3\u00a0Minuten"},"schema":{"@context":"https:\/\/schema.org","@graph":[{"@type":"Article","@id":"https:\/\/paulinenaue.info\/index.php\/solch-einen-stimmungsvollen-ort-habe-ich-selten-erlebt-gisela-heller-liest-im-wintergarten-des-paulinenauer-herrenhauses\/#article","isPartOf":{"@id":"https:\/\/paulinenaue.info\/index.php\/solch-einen-stimmungsvollen-ort-habe-ich-selten-erlebt-gisela-heller-liest-im-wintergarten-des-paulinenauer-herrenhauses\/"},"author":{"name":"Joachim Scholz","@id":"https:\/\/paulinenaue.info\/#\/schema\/person\/3f9e818fd7b69b0d2bd937ac506897cc"},"headline":"\u201eSolch einen stimmungsvollen Ort habe ich selten erlebt\u201c &#8211; Gisela Heller liest im Wintergarten des Paulinenauer Herrenhauses","datePublished":"2012-12-06T12:38:10+00:00","dateModified":"2021-11-03T14:51:12+00:00","mainEntityOfPage":{"@id":"https:\/\/paulinenaue.info\/index.php\/solch-einen-stimmungsvollen-ort-habe-ich-selten-erlebt-gisela-heller-liest-im-wintergarten-des-paulinenauer-herrenhauses\/"},"wordCount":416,"commentCount":1,"image":{"@id":"https:\/\/paulinenaue.info\/index.php\/solch-einen-stimmungsvollen-ort-habe-ich-selten-erlebt-gisela-heller-liest-im-wintergarten-des-paulinenauer-herrenhauses\/#primaryimage"},"thumbnailUrl":"https:\/\/paulinenaue.info\/wp-content\/uploads\/2016\/03\/20121109_heller_06_ft.jpg","keywords":["Herrenhaus","Kultur","Quimburga","Schloss"],"articleSection":["Historie","Kulturverein"],"inLanguage":"de","potentialAction":[{"@type":"CommentAction","name":"Comment","target":["https:\/\/paulinenaue.info\/index.php\/solch-einen-stimmungsvollen-ort-habe-ich-selten-erlebt-gisela-heller-liest-im-wintergarten-des-paulinenauer-herrenhauses\/#respond"]}]},{"@type":"WebPage","@id":"https:\/\/paulinenaue.info\/index.php\/solch-einen-stimmungsvollen-ort-habe-ich-selten-erlebt-gisela-heller-liest-im-wintergarten-des-paulinenauer-herrenhauses\/","url":"https:\/\/paulinenaue.info\/index.php\/solch-einen-stimmungsvollen-ort-habe-ich-selten-erlebt-gisela-heller-liest-im-wintergarten-des-paulinenauer-herrenhauses\/","name":"\u201eSolch einen stimmungsvollen Ort habe ich selten erlebt\u201c - Gisela Heller liest im Wintergarten des Paulinenauer Herrenhauses - Paulinenaue","isPartOf":{"@id":"https:\/\/paulinenaue.info\/#website"},"primaryImageOfPage":{"@id":"https:\/\/paulinenaue.info\/index.php\/solch-einen-stimmungsvollen-ort-habe-ich-selten-erlebt-gisela-heller-liest-im-wintergarten-des-paulinenauer-herrenhauses\/#primaryimage"},"image":{"@id":"https:\/\/paulinenaue.info\/index.php\/solch-einen-stimmungsvollen-ort-habe-ich-selten-erlebt-gisela-heller-liest-im-wintergarten-des-paulinenauer-herrenhauses\/#primaryimage"},"thumbnailUrl":"https:\/\/paulinenaue.info\/wp-content\/uploads\/2016\/03\/20121109_heller_06_ft.jpg","datePublished":"2012-12-06T12:38:10+00:00","dateModified":"2021-11-03T14:51:12+00:00","author":{"@id":"https:\/\/paulinenaue.info\/#\/schema\/person\/3f9e818fd7b69b0d2bd937ac506897cc"},"description":"40 Jahre nachdem Gisela Heller in einer Sturmnacht Paulinenaue besuchte, las sie hier aus ihrer damals entstandenen Reportage.","breadcrumb":{"@id":"https:\/\/paulinenaue.info\/index.php\/solch-einen-stimmungsvollen-ort-habe-ich-selten-erlebt-gisela-heller-liest-im-wintergarten-des-paulinenauer-herrenhauses\/#breadcrumb"},"inLanguage":"de","potentialAction":[{"@type":"ReadAction","target":["https:\/\/paulinenaue.info\/index.php\/solch-einen-stimmungsvollen-ort-habe-ich-selten-erlebt-gisela-heller-liest-im-wintergarten-des-paulinenauer-herrenhauses\/"]}]},{"@type":"ImageObject","inLanguage":"de","@id":"https:\/\/paulinenaue.info\/index.php\/solch-einen-stimmungsvollen-ort-habe-ich-selten-erlebt-gisela-heller-liest-im-wintergarten-des-paulinenauer-herrenhauses\/#primaryimage","url":"https:\/\/paulinenaue.info\/wp-content\/uploads\/2016\/03\/20121109_heller_06_ft.jpg","contentUrl":"https:\/\/paulinenaue.info\/wp-content\/uploads\/2016\/03\/20121109_heller_06_ft.jpg","width":500,"height":375},{"@type":"BreadcrumbList","@id":"https:\/\/paulinenaue.info\/index.php\/solch-einen-stimmungsvollen-ort-habe-ich-selten-erlebt-gisela-heller-liest-im-wintergarten-des-paulinenauer-herrenhauses\/#breadcrumb","itemListElement":[{"@type":"ListItem","position":1,"name":"Home","item":"https:\/\/paulinenaue.info\/"},{"@type":"ListItem","position":2,"name":"\u201eSolch einen stimmungsvollen Ort habe ich selten erlebt\u201c &#8211; Gisela Heller liest im Wintergarten des Paulinenauer Herrenhauses"}]},{"@type":"WebSite","@id":"https:\/\/paulinenaue.info\/#website","url":"https:\/\/paulinenaue.info\/","name":"Paulinenaue","description":"Ein Dorf im Havelland","potentialAction":[{"@type":"SearchAction","target":{"@type":"EntryPoint","urlTemplate":"https:\/\/paulinenaue.info\/?s={search_term_string}"},"query-input":{"@type":"PropertyValueSpecification","valueRequired":true,"valueName":"search_term_string"}}],"inLanguage":"de"},{"@type":"Person","@id":"https:\/\/paulinenaue.info\/#\/schema\/person\/3f9e818fd7b69b0d2bd937ac506897cc","name":"Joachim Scholz","url":"https:\/\/paulinenaue.info\/index.php\/author\/jjscholz\/"}]}},"jetpack_publicize_connections":[],"jetpack_featured_media_url":"https:\/\/paulinenaue.info\/wp-content\/uploads\/2016\/03\/20121109_heller_06_ft.jpg","jetpack_sharing_enabled":true,"jetpack_shortlink":"https:\/\/wp.me\/pcYhWA-27","jetpack-related-posts":[{"id":201,"url":"https:\/\/paulinenaue.info\/index.php\/damals-vor-40-jahren-paulinenaue-im-ausnahmezustand\/","url_meta":{"origin":131,"position":0},"title":"Damals vor 40 Jahren: Paulinenaue im Ausnahmezustand","author":"Joachim Scholz","date":"22. M\u00e4rz 2016","format":false,"excerpt":"Georg Drasch\u00e9 fotografierte das Dorf im November 1972 nach dem Sturm \u201eQuimburga\u201c Artikel aus dem Archiv der Website vom 30.11.2012 von Joachim Scholz \u201eWetterlage:\u00a0Ein Sturmtief \u00fcberquert mit seinen Ausl\u00e4ufern im Tagesverlauf die DDR. Auf seiner R\u00fcckseite wird erneut Kaltluft herangef\u00fchrt.\u00a0Wetteraussichten:\u00a0Bedeckt und zeitweise Regen. Im sp\u00e4teren Tagesverlauf Schauer. Tagesh\u00f6chsttemperaturen 5 \u00b0C-10\u00b0C.\u2026","rel":"","context":"In &quot;Hier Zuhause&quot;","block_context":{"text":"Hier Zuhause","link":"https:\/\/paulinenaue.info\/index.php\/category\/hier-zuhause\/"},"img":{"alt_text":"","src":"https:\/\/i0.wp.com\/paulinenaue.info\/wp-content\/uploads\/2016\/03\/19721114_quimburga_10_gd.jpg?resize=350%2C200&ssl=1","width":350,"height":200},"classes":[]},{"id":184284,"url":"https:\/\/paulinenaue.info\/index.php\/kirche-wird-saniert-und-multifunktional-nutzbar\/","url_meta":{"origin":131,"position":1},"title":"Kirche wird saniert und multifunktional nutzbar","author":"Joachim Scholz","date":"29. Mai 2022","format":false,"excerpt":"von Andreas Flender, ehrenamtlicher Mitarbeiter und Bauverantwortlicher der evangelischen Kirchengemeinde In der Paulinenauer Kirche soll demn\u00e4chst ein Dorftreff entstehen. Es gibt daf\u00fcr Interesse von Vereinen, die bisher keine eigenen R\u00e4ume haben. Denkbar ist, dass der Kulturverein oder das Gemeinschaftswerk Soziale Dienste den Treff nutzen wird. Die Notfallseelsorge m\u00f6chte dort Gruppenabende\u2026","rel":"","context":"In &quot;Allgemein&quot;","block_context":{"text":"Allgemein","link":"https:\/\/paulinenaue.info\/index.php\/category\/allgemein\/"},"img":{"alt_text":"","src":"https:\/\/i0.wp.com\/paulinenaue.info\/wp-content\/uploads\/2022\/05\/2022-05-28-Paulinenaue-Kirche.jpg?resize=350%2C200&ssl=1","width":350,"height":200,"srcset":"https:\/\/i0.wp.com\/paulinenaue.info\/wp-content\/uploads\/2022\/05\/2022-05-28-Paulinenaue-Kirche.jpg?resize=350%2C200&ssl=1 1x, https:\/\/i0.wp.com\/paulinenaue.info\/wp-content\/uploads\/2022\/05\/2022-05-28-Paulinenaue-Kirche.jpg?resize=525%2C300&ssl=1 1.5x, https:\/\/i0.wp.com\/paulinenaue.info\/wp-content\/uploads\/2022\/05\/2022-05-28-Paulinenaue-Kirche.jpg?resize=700%2C400&ssl=1 2x"},"classes":[]},{"id":149345,"url":"https:\/\/paulinenaue.info\/index.php\/149345\/","url_meta":{"origin":131,"position":2},"title":"Besuch in der Waldapotheke","author":"Joachim Scholz","date":"30. April 2022","format":false,"excerpt":"Auf diesen Termin hatten sich viele schon lange gefreut. Auch in diesem Jahr ging es wieder mit Sylvia Geisel\u00a0 auf eine Kr\u00e4uterwanderung vors Dorf. Diesmal stand der Spaziergang unter dem Motto \u201eBesuch in der Waldapotheke\u201c. Die Sonne schien, es gr\u00fcnte allerorten. Den Weg zur Pessiner Heide glaubt man zu kennen\u2026","rel":"","context":"In &quot;Hier Zuhause&quot;","block_context":{"text":"Hier Zuhause","link":"https:\/\/paulinenaue.info\/index.php\/category\/hier-zuhause\/"},"img":{"alt_text":"","src":"https:\/\/i0.wp.com\/paulinenaue.info\/wp-content\/uploads\/2022\/04\/2022-04-29-Kra%CC%88uterwanderung.jpg?resize=350%2C200&ssl=1","width":350,"height":200,"srcset":"https:\/\/i0.wp.com\/paulinenaue.info\/wp-content\/uploads\/2022\/04\/2022-04-29-Kra%CC%88uterwanderung.jpg?resize=350%2C200&ssl=1 1x, https:\/\/i0.wp.com\/paulinenaue.info\/wp-content\/uploads\/2022\/04\/2022-04-29-Kra%CC%88uterwanderung.jpg?resize=525%2C300&ssl=1 1.5x, https:\/\/i0.wp.com\/paulinenaue.info\/wp-content\/uploads\/2022\/04\/2022-04-29-Kra%CC%88uterwanderung.jpg?resize=700%2C400&ssl=1 2x"},"classes":[]},{"id":1400,"url":"https:\/\/paulinenaue.info\/index.php\/160-jahre-paulinenauer-bahnhofsgebaeude-2007\/","url_meta":{"origin":131,"position":3},"title":"160 Jahre Paulinenauer Bahnhofsgeb\u00e4ude 2007","author":"Sarah","date":"13. September 2017","format":false,"excerpt":"17.02.2008 Zukunft f\u00fcr das Bahnhofsgeb\u00e4ude Joachim Scholz Paulinenaue besitzt neben dem Herrenhaus nur ein kulturbedeutsames Geb\u00e4ude: seinen klassizistischen Bahnhof. Er hat das Aufbl\u00fchen des Dorfes im 19. Jahrhundert gew\u00e4hrleistet, ihm verdankt Paulinenaue, dass es sich \u00fcberhaupt von seinen einstigen Schwestern Bienenfarm und Lindholzfarm unterscheidet. Ein Teil des Bahnhofs bildet heute\u2026","rel":"","context":"In &quot;Allgemein&quot;","block_context":{"text":"Allgemein","link":"https:\/\/paulinenaue.info\/index.php\/category\/allgemein\/"},"img":{"alt_text":"","src":"https:\/\/i0.wp.com\/paulinenaue.info\/wp-content\/uploads\/2017\/09\/Bhf-Paulinenaue-Ansicht-von-der-Perronseite.jpg?resize=350%2C200&ssl=1","width":350,"height":200,"srcset":"https:\/\/i0.wp.com\/paulinenaue.info\/wp-content\/uploads\/2017\/09\/Bhf-Paulinenaue-Ansicht-von-der-Perronseite.jpg?resize=350%2C200&ssl=1 1x, https:\/\/i0.wp.com\/paulinenaue.info\/wp-content\/uploads\/2017\/09\/Bhf-Paulinenaue-Ansicht-von-der-Perronseite.jpg?resize=525%2C300&ssl=1 1.5x, https:\/\/i0.wp.com\/paulinenaue.info\/wp-content\/uploads\/2017\/09\/Bhf-Paulinenaue-Ansicht-von-der-Perronseite.jpg?resize=700%2C400&ssl=1 2x"},"classes":[]},{"id":109773,"url":"https:\/\/paulinenaue.info\/index.php\/vor-ostern-2022\/","url_meta":{"origin":131,"position":4},"title":"Vor Ostern 2022","author":"Sarah","date":"8. April 2022","format":false,"excerpt":"","rel":"","context":"In &quot;Allgemein&quot;","block_context":{"text":"Allgemein","link":"https:\/\/paulinenaue.info\/index.php\/category\/allgemein\/"},"img":{"alt_text":"","src":"https:\/\/i0.wp.com\/paulinenaue.info\/wp-content\/uploads\/2022\/04\/ostern1.jpg?resize=350%2C200&ssl=1","width":350,"height":200,"srcset":"https:\/\/i0.wp.com\/paulinenaue.info\/wp-content\/uploads\/2022\/04\/ostern1.jpg?resize=350%2C200&ssl=1 1x, https:\/\/i0.wp.com\/paulinenaue.info\/wp-content\/uploads\/2022\/04\/ostern1.jpg?resize=525%2C300&ssl=1 1.5x, https:\/\/i0.wp.com\/paulinenaue.info\/wp-content\/uploads\/2022\/04\/ostern1.jpg?resize=700%2C400&ssl=1 2x, https:\/\/i0.wp.com\/paulinenaue.info\/wp-content\/uploads\/2022\/04\/ostern1.jpg?resize=1050%2C600&ssl=1 3x, https:\/\/i0.wp.com\/paulinenaue.info\/wp-content\/uploads\/2022\/04\/ostern1.jpg?resize=1400%2C800&ssl=1 4x"},"classes":[]},{"id":418773,"url":"https:\/\/paulinenaue.info\/index.php\/etwas-von-der-sanierung-des-paulinenauer-herrenhauses\/","url_meta":{"origin":131,"position":5},"title":"Etwas von der Sanierung des Paulinenauer Herrenhauses","author":"Joachim Scholz","date":"2. September 2009","format":false,"excerpt":"02.10.2009. Schon seit dem Sommer ist f\u00fcr jeden sichtbar: Das Paulinenauer Herrenhaus wird rundum erneuert. Einen langen Weg mussten die beiden Br\u00fcder \u2013 und V\u00e4ter des Projekts \u2013 Matthias und Burkhard Kunkel durch Beh\u00f6rdeng\u00e4nge gehen, bis es losgehen konnte. Mittlerweile nimmt ihr Vorhaben Gestalt an. Das Dach wird gedeckt und\u2026","rel":"","context":"In &quot;Allgemein&quot;","block_context":{"text":"Allgemein","link":"https:\/\/paulinenaue.info\/index.php\/category\/allgemein\/"},"img":{"alt_text":"","src":"https:\/\/i0.wp.com\/paulinenaue.info\/wp-content\/uploads\/2026\/01\/2009-09-27-Sanierung-Herrenhaus-02.jpeg?resize=350%2C200&ssl=1","width":350,"height":200,"srcset":"https:\/\/i0.wp.com\/paulinenaue.info\/wp-content\/uploads\/2026\/01\/2009-09-27-Sanierung-Herrenhaus-02.jpeg?resize=350%2C200&ssl=1 1x, https:\/\/i0.wp.com\/paulinenaue.info\/wp-content\/uploads\/2026\/01\/2009-09-27-Sanierung-Herrenhaus-02.jpeg?resize=525%2C300&ssl=1 1.5x, https:\/\/i0.wp.com\/paulinenaue.info\/wp-content\/uploads\/2026\/01\/2009-09-27-Sanierung-Herrenhaus-02.jpeg?resize=700%2C400&ssl=1 2x"},"classes":[]}],"_links":{"self":[{"href":"https:\/\/paulinenaue.info\/index.php\/wp-json\/wp\/v2\/posts\/131","targetHints":{"allow":["GET"]}}],"collection":[{"href":"https:\/\/paulinenaue.info\/index.php\/wp-json\/wp\/v2\/posts"}],"about":[{"href":"https:\/\/paulinenaue.info\/index.php\/wp-json\/wp\/v2\/types\/post"}],"author":[{"embeddable":true,"href":"https:\/\/paulinenaue.info\/index.php\/wp-json\/wp\/v2\/users\/1"}],"replies":[{"embeddable":true,"href":"https:\/\/paulinenaue.info\/index.php\/wp-json\/wp\/v2\/comments?post=131"}],"version-history":[{"count":13,"href":"https:\/\/paulinenaue.info\/index.php\/wp-json\/wp\/v2\/posts\/131\/revisions"}],"predecessor-version":[{"id":6309,"href":"https:\/\/paulinenaue.info\/index.php\/wp-json\/wp\/v2\/posts\/131\/revisions\/6309"}],"wp:featuredmedia":[{"embeddable":true,"href":"https:\/\/paulinenaue.info\/index.php\/wp-json\/wp\/v2\/media\/302"}],"wp:attachment":[{"href":"https:\/\/paulinenaue.info\/index.php\/wp-json\/wp\/v2\/media?parent=131"}],"wp:term":[{"taxonomy":"category","embeddable":true,"href":"https:\/\/paulinenaue.info\/index.php\/wp-json\/wp\/v2\/categories?post=131"},{"taxonomy":"post_tag","embeddable":true,"href":"https:\/\/paulinenaue.info\/index.php\/wp-json\/wp\/v2\/tags?post=131"}],"curies":[{"name":"wp","href":"https:\/\/api.w.org\/{rel}","templated":true}]}}