{"id":1362,"date":"2017-09-12T13:49:09","date_gmt":"2017-09-12T11:49:09","guid":{"rendered":"http:\/\/paulinenaue.info\/?p=1362"},"modified":"2018-03-14T11:03:40","modified_gmt":"2018-03-14T10:03:40","slug":"ein-2-richtfest-nach-102-jahren","status":"publish","type":"post","link":"https:\/\/paulinenaue.info\/index.php\/ein-2-richtfest-nach-102-jahren\/","title":{"rendered":"Ein 2. Richtfest nach 102 Jahren"},"content":{"rendered":"<p>Von Jan Gabriel<\/p>\n<p>Am 30.08.2017 konnte nach gut 5 Monaten Bauzeit der ehemalige Kuhstall auf dem Gutshofgel\u00e4nde zum 2. Mal in seiner Geschichte Richtfest feiern. Das Geb\u00e4ude wird derzeit saniert und zu 8 seniorengerechten Wohnungen und einer Tagespflegeeinrichtung umgebaut. Die Verst\u00e4rkungs- und Sanierungsarbeiten im Dachstuhl waren aufgrund zu kleiner vorhandener Holzquerschnitte und teils schwerer Besch\u00e4digungen durch Hausbockfrass erheblich, aber das Team der Zimmerei K\u00fchn aus Burg hat sich die letzten Monate tapfer durch das gesamte St\u00e4nderwerk gearbeitet. Der Dachstuhl ist komplett freitragend, also ohne St\u00fctzen im Raum ausgebildet, eine Konstruktion, die man in dieser Gr\u00f6\u00dfe selten zu sehen bekommt.<\/p>\n<div id=\"attachment_1345\" style=\"width: 310px\" class=\"wp-caption alignnone\"><a href=\"http:\/\/paulinenaue.info\/wp-content\/uploads\/2017\/08\/DSC06569.jpg\"><img decoding=\"async\" aria-describedby=\"caption-attachment-1345\" data-attachment-id=\"1345\" data-permalink=\"https:\/\/paulinenaue.info\/index.php\/ein-2-richtfest-nach-102-jahren\/dsc06569\/\" data-orig-file=\"https:\/\/paulinenaue.info\/wp-content\/uploads\/2017\/08\/DSC06569.jpg\" data-orig-size=\"2000,1333\" data-comments-opened=\"1\" data-image-meta=\"{&quot;aperture&quot;:&quot;5&quot;,&quot;credit&quot;:&quot;&quot;,&quot;camera&quot;:&quot;ILCE-6000&quot;,&quot;caption&quot;:&quot;&quot;,&quot;created_timestamp&quot;:&quot;1504117497&quot;,&quot;copyright&quot;:&quot;&quot;,&quot;focal_length&quot;:&quot;21&quot;,&quot;iso&quot;:&quot;100&quot;,&quot;shutter_speed&quot;:&quot;0.004&quot;,&quot;title&quot;:&quot;&quot;,&quot;orientation&quot;:&quot;1&quot;}\" data-image-title=\"DSC06569\" data-image-description=\"\" data-image-caption=\"\" data-large-file=\"https:\/\/paulinenaue.info\/wp-content\/uploads\/2017\/08\/DSC06569-1024x682.jpg\" class=\"lazyload wp-image-1345 size-medium\" src=\"http:\/\/paulinenaue.info\/wp-content\/uploads\/2017\/08\/DSC06569-300x200.jpg\" data-orig-src=\"http:\/\/paulinenaue.info\/wp-content\/uploads\/2017\/08\/DSC06569-300x200.jpg\" alt=\"In den letzten Monaten hat sich einiges auf dem Gutshof getan. Die Arbeiten am alten Kuhstall sind schon jetzt deutlich sichtbar.\" width=\"300\" height=\"200\" srcset=\"data:image\/svg+xml,%3Csvg%20xmlns%3D%27http%3A%2F%2Fwww.w3.org%2F2000%2Fsvg%27%20width%3D%27300%27%20height%3D%27200%27%20viewBox%3D%270%200%20300%20200%27%3E%3Crect%20width%3D%27300%27%20height%3D%27200%27%20fill-opacity%3D%220%22%2F%3E%3C%2Fsvg%3E\" data-srcset=\"https:\/\/paulinenaue.info\/wp-content\/uploads\/2017\/08\/DSC06569-272x182.jpg 272w, https:\/\/paulinenaue.info\/wp-content\/uploads\/2017\/08\/DSC06569-300x200.jpg 300w, https:\/\/paulinenaue.info\/wp-content\/uploads\/2017\/08\/DSC06569-600x400.jpg 600w, https:\/\/paulinenaue.info\/wp-content\/uploads\/2017\/08\/DSC06569-768x512.jpg 768w, https:\/\/paulinenaue.info\/wp-content\/uploads\/2017\/08\/DSC06569-958x639.jpg 958w, https:\/\/paulinenaue.info\/wp-content\/uploads\/2017\/08\/DSC06569-1024x682.jpg 1024w, https:\/\/paulinenaue.info\/wp-content\/uploads\/2017\/08\/DSC06569.jpg 2000w\" data-sizes=\"auto\" data-orig-sizes=\"(max-width: 300px) 100vw, 300px\" \/><\/a><p id=\"caption-attachment-1345\" class=\"wp-caption-text\">In den letzten Monaten hat sich einiges auf dem Gutshof getan. Die Arbeiten am alten Kuhstall sind schon jetzt deutlich sichtbar. Foto: Joachim Scholz<\/p><\/div>\n<div id=\"attachment_1355\" style=\"width: 310px\" class=\"wp-caption alignnone\"><a href=\"http:\/\/paulinenaue.info\/wp-content\/uploads\/2017\/08\/DSC06579.jpg\"><img decoding=\"async\" aria-describedby=\"caption-attachment-1355\" data-attachment-id=\"1355\" data-permalink=\"https:\/\/paulinenaue.info\/index.php\/ein-2-richtfest-nach-102-jahren\/dsc06579\/\" data-orig-file=\"https:\/\/paulinenaue.info\/wp-content\/uploads\/2017\/08\/DSC06579.jpg\" data-orig-size=\"2000,1333\" data-comments-opened=\"1\" data-image-meta=\"{&quot;aperture&quot;:&quot;4&quot;,&quot;credit&quot;:&quot;&quot;,&quot;camera&quot;:&quot;ILCE-6000&quot;,&quot;caption&quot;:&quot;&quot;,&quot;created_timestamp&quot;:&quot;1504119014&quot;,&quot;copyright&quot;:&quot;&quot;,&quot;focal_length&quot;:&quot;16&quot;,&quot;iso&quot;:&quot;1250&quot;,&quot;shutter_speed&quot;:&quot;0.00625&quot;,&quot;title&quot;:&quot;&quot;,&quot;orientation&quot;:&quot;1&quot;}\" data-image-title=\"DSC06579\" data-image-description=\"\" data-image-caption=\"\" data-large-file=\"https:\/\/paulinenaue.info\/wp-content\/uploads\/2017\/08\/DSC06579-1024x682.jpg\" class=\"lazyload wp-image-1355 size-medium\" src=\"http:\/\/paulinenaue.info\/wp-content\/uploads\/2017\/08\/DSC06579-300x200.jpg\" data-orig-src=\"http:\/\/paulinenaue.info\/wp-content\/uploads\/2017\/08\/DSC06579-300x200.jpg\" alt=\"Die beeindruckende Konstrktion des Dachstuhles ist nun komplett wieder hergestelt.\" width=\"300\" height=\"200\" srcset=\"data:image\/svg+xml,%3Csvg%20xmlns%3D%27http%3A%2F%2Fwww.w3.org%2F2000%2Fsvg%27%20width%3D%27300%27%20height%3D%27200%27%20viewBox%3D%270%200%20300%20200%27%3E%3Crect%20width%3D%27300%27%20height%3D%27200%27%20fill-opacity%3D%220%22%2F%3E%3C%2Fsvg%3E\" data-srcset=\"https:\/\/paulinenaue.info\/wp-content\/uploads\/2017\/08\/DSC06579-272x182.jpg 272w, https:\/\/paulinenaue.info\/wp-content\/uploads\/2017\/08\/DSC06579-300x200.jpg 300w, https:\/\/paulinenaue.info\/wp-content\/uploads\/2017\/08\/DSC06579-600x400.jpg 600w, https:\/\/paulinenaue.info\/wp-content\/uploads\/2017\/08\/DSC06579-768x512.jpg 768w, https:\/\/paulinenaue.info\/wp-content\/uploads\/2017\/08\/DSC06579-958x639.jpg 958w, https:\/\/paulinenaue.info\/wp-content\/uploads\/2017\/08\/DSC06579-1024x682.jpg 1024w, https:\/\/paulinenaue.info\/wp-content\/uploads\/2017\/08\/DSC06579.jpg 2000w\" data-sizes=\"auto\" data-orig-sizes=\"(max-width: 300px) 100vw, 300px\" \/><\/a><p id=\"caption-attachment-1355\" class=\"wp-caption-text\">Die beeindruckende Konstrktion des Dachstuhles ist nun komplett wieder hergestelt. Foto: Joachim Scholz<\/p><\/div>\n<p>Das Fest war ein eben solches, neben den Handwerkern waren weitere G\u00e4ste geladen wie z.B. die direkten Nachbarn der Baustelle, der B\u00fcrgermeister Erhard Hesse und der Historiker Joachim Scholz. Es wurde gegessen und geplaudert bis in die Nacht, wir, die Bauherren Christine und Jan Gabriel, sagen Danke an alle G\u00e4ste f\u00fcr das freudige Mitfeiern!<\/p>\n<div id=\"attachment_1327\" style=\"width: 310px\" class=\"wp-caption alignnone\"><a href=\"http:\/\/paulinenaue.info\/wp-content\/uploads\/2017\/08\/DSC06549.jpg\"><img decoding=\"async\" aria-describedby=\"caption-attachment-1327\" data-attachment-id=\"1327\" data-permalink=\"https:\/\/paulinenaue.info\/index.php\/ein-2-richtfest-nach-102-jahren\/dsc06549\/\" data-orig-file=\"https:\/\/paulinenaue.info\/wp-content\/uploads\/2017\/08\/DSC06549.jpg\" data-orig-size=\"2000,1333\" data-comments-opened=\"1\" data-image-meta=\"{&quot;aperture&quot;:&quot;5&quot;,&quot;credit&quot;:&quot;&quot;,&quot;camera&quot;:&quot;ILCE-6000&quot;,&quot;caption&quot;:&quot;&quot;,&quot;created_timestamp&quot;:&quot;1504116968&quot;,&quot;copyright&quot;:&quot;&quot;,&quot;focal_length&quot;:&quot;16&quot;,&quot;iso&quot;:&quot;100&quot;,&quot;shutter_speed&quot;:&quot;0.004&quot;,&quot;title&quot;:&quot;&quot;,&quot;orientation&quot;:&quot;1&quot;}\" data-image-title=\"DSC06549\" data-image-description=\"\" data-image-caption=\"\" data-large-file=\"https:\/\/paulinenaue.info\/wp-content\/uploads\/2017\/08\/DSC06549-1024x682.jpg\" class=\"lazyload wp-image-1327 size-medium\" src=\"http:\/\/paulinenaue.info\/wp-content\/uploads\/2017\/08\/DSC06549-300x200.jpg\" data-orig-src=\"http:\/\/paulinenaue.info\/wp-content\/uploads\/2017\/08\/DSC06549-300x200.jpg\" alt=\"Die Richtkrone schm\u00fcckt den alten Kuhstall.\" width=\"300\" height=\"200\" srcset=\"data:image\/svg+xml,%3Csvg%20xmlns%3D%27http%3A%2F%2Fwww.w3.org%2F2000%2Fsvg%27%20width%3D%27300%27%20height%3D%27200%27%20viewBox%3D%270%200%20300%20200%27%3E%3Crect%20width%3D%27300%27%20height%3D%27200%27%20fill-opacity%3D%220%22%2F%3E%3C%2Fsvg%3E\" data-srcset=\"https:\/\/paulinenaue.info\/wp-content\/uploads\/2017\/08\/DSC06549-272x182.jpg 272w, https:\/\/paulinenaue.info\/wp-content\/uploads\/2017\/08\/DSC06549-300x200.jpg 300w, https:\/\/paulinenaue.info\/wp-content\/uploads\/2017\/08\/DSC06549-600x400.jpg 600w, https:\/\/paulinenaue.info\/wp-content\/uploads\/2017\/08\/DSC06549-768x512.jpg 768w, https:\/\/paulinenaue.info\/wp-content\/uploads\/2017\/08\/DSC06549-958x639.jpg 958w, https:\/\/paulinenaue.info\/wp-content\/uploads\/2017\/08\/DSC06549-1024x682.jpg 1024w, https:\/\/paulinenaue.info\/wp-content\/uploads\/2017\/08\/DSC06549.jpg 2000w\" data-sizes=\"auto\" data-orig-sizes=\"(max-width: 300px) 100vw, 300px\" \/><\/a><p id=\"caption-attachment-1327\" class=\"wp-caption-text\">Die Richtkrone schm\u00fcckt den alten Kuhstall. Foto: Joachim Scholz<\/p><\/div>\n<p>&nbsp;<\/p>\n<div id=\"attachment_1351\" style=\"width: 310px\" class=\"wp-caption alignnone\"><a href=\"http:\/\/paulinenaue.info\/wp-content\/uploads\/2017\/08\/DSC06575.jpg\"><img decoding=\"async\" aria-describedby=\"caption-attachment-1351\" data-attachment-id=\"1351\" data-permalink=\"https:\/\/paulinenaue.info\/index.php\/ein-2-richtfest-nach-102-jahren\/dsc06575\/\" data-orig-file=\"https:\/\/paulinenaue.info\/wp-content\/uploads\/2017\/08\/DSC06575.jpg\" data-orig-size=\"2000,1333\" data-comments-opened=\"1\" data-image-meta=\"{&quot;aperture&quot;:&quot;4.5&quot;,&quot;credit&quot;:&quot;&quot;,&quot;camera&quot;:&quot;ILCE-6000&quot;,&quot;caption&quot;:&quot;&quot;,&quot;created_timestamp&quot;:&quot;1504118699&quot;,&quot;copyright&quot;:&quot;&quot;,&quot;focal_length&quot;:&quot;16&quot;,&quot;iso&quot;:&quot;100&quot;,&quot;shutter_speed&quot;:&quot;0.008&quot;,&quot;title&quot;:&quot;&quot;,&quot;orientation&quot;:&quot;1&quot;}\" data-image-title=\"DSC06575\" data-image-description=\"\" data-image-caption=\"\" data-large-file=\"https:\/\/paulinenaue.info\/wp-content\/uploads\/2017\/08\/DSC06575-1024x682.jpg\" class=\"lazyload wp-image-1351 size-medium\" src=\"http:\/\/paulinenaue.info\/wp-content\/uploads\/2017\/08\/DSC06575-300x200.jpg\" data-orig-src=\"http:\/\/paulinenaue.info\/wp-content\/uploads\/2017\/08\/DSC06575-300x200.jpg\" alt=\"Jan und Christine Gabriel mit ihrer Tochter und B\u00fcrgermeister Erhard Hesse, der neben zahlreichen G\u00e4sten zum Richtfest eingeladen war. \" width=\"300\" height=\"200\" srcset=\"data:image\/svg+xml,%3Csvg%20xmlns%3D%27http%3A%2F%2Fwww.w3.org%2F2000%2Fsvg%27%20width%3D%27300%27%20height%3D%27200%27%20viewBox%3D%270%200%20300%20200%27%3E%3Crect%20width%3D%27300%27%20height%3D%27200%27%20fill-opacity%3D%220%22%2F%3E%3C%2Fsvg%3E\" data-srcset=\"https:\/\/paulinenaue.info\/wp-content\/uploads\/2017\/08\/DSC06575-272x182.jpg 272w, https:\/\/paulinenaue.info\/wp-content\/uploads\/2017\/08\/DSC06575-300x200.jpg 300w, https:\/\/paulinenaue.info\/wp-content\/uploads\/2017\/08\/DSC06575-600x400.jpg 600w, https:\/\/paulinenaue.info\/wp-content\/uploads\/2017\/08\/DSC06575-768x512.jpg 768w, https:\/\/paulinenaue.info\/wp-content\/uploads\/2017\/08\/DSC06575-958x639.jpg 958w, https:\/\/paulinenaue.info\/wp-content\/uploads\/2017\/08\/DSC06575-1024x682.jpg 1024w, https:\/\/paulinenaue.info\/wp-content\/uploads\/2017\/08\/DSC06575.jpg 2000w\" data-sizes=\"auto\" data-orig-sizes=\"(max-width: 300px) 100vw, 300px\" \/><\/a><p id=\"caption-attachment-1351\" class=\"wp-caption-text\">Jan und Christine Gabriel mit ihrer Tochter und B\u00fcrgermeister Erhard Hesse, der neben zahlreichen G\u00e4sten zum Richtfest eingeladen war. Foto: Joachim Scholz<\/p><\/div>\n<p>&nbsp;<\/p>\n<div id=\"attachment_1326\" style=\"width: 310px\" class=\"wp-caption alignnone\"><a href=\"http:\/\/paulinenaue.info\/wp-content\/uploads\/2017\/08\/DSC06548.jpg\"><img decoding=\"async\" aria-describedby=\"caption-attachment-1326\" data-attachment-id=\"1326\" data-permalink=\"https:\/\/paulinenaue.info\/index.php\/ein-2-richtfest-nach-102-jahren\/dsc06548\/\" data-orig-file=\"https:\/\/paulinenaue.info\/wp-content\/uploads\/2017\/08\/DSC06548.jpg\" data-orig-size=\"2000,1333\" data-comments-opened=\"1\" data-image-meta=\"{&quot;aperture&quot;:&quot;5&quot;,&quot;credit&quot;:&quot;&quot;,&quot;camera&quot;:&quot;ILCE-6000&quot;,&quot;caption&quot;:&quot;&quot;,&quot;created_timestamp&quot;:&quot;1504116871&quot;,&quot;copyright&quot;:&quot;&quot;,&quot;focal_length&quot;:&quot;16&quot;,&quot;iso&quot;:&quot;100&quot;,&quot;shutter_speed&quot;:&quot;0.00625&quot;,&quot;title&quot;:&quot;&quot;,&quot;orientation&quot;:&quot;1&quot;}\" data-image-title=\"DSC06548\" data-image-description=\"\" data-image-caption=\"\" data-large-file=\"https:\/\/paulinenaue.info\/wp-content\/uploads\/2017\/08\/DSC06548-1024x682.jpg\" class=\"lazyload wp-image-1326 size-medium\" src=\"http:\/\/paulinenaue.info\/wp-content\/uploads\/2017\/08\/DSC06548-300x200.jpg\" data-orig-src=\"http:\/\/paulinenaue.info\/wp-content\/uploads\/2017\/08\/DSC06548-300x200.jpg\" alt=\"Handwerker, G\u00e4ste und Bauherren feiern ausgelassen das Richtfest.\" width=\"300\" height=\"200\" srcset=\"data:image\/svg+xml,%3Csvg%20xmlns%3D%27http%3A%2F%2Fwww.w3.org%2F2000%2Fsvg%27%20width%3D%27300%27%20height%3D%27200%27%20viewBox%3D%270%200%20300%20200%27%3E%3Crect%20width%3D%27300%27%20height%3D%27200%27%20fill-opacity%3D%220%22%2F%3E%3C%2Fsvg%3E\" data-srcset=\"https:\/\/paulinenaue.info\/wp-content\/uploads\/2017\/08\/DSC06548-272x182.jpg 272w, https:\/\/paulinenaue.info\/wp-content\/uploads\/2017\/08\/DSC06548-300x200.jpg 300w, https:\/\/paulinenaue.info\/wp-content\/uploads\/2017\/08\/DSC06548-600x400.jpg 600w, https:\/\/paulinenaue.info\/wp-content\/uploads\/2017\/08\/DSC06548-768x512.jpg 768w, https:\/\/paulinenaue.info\/wp-content\/uploads\/2017\/08\/DSC06548-958x639.jpg 958w, https:\/\/paulinenaue.info\/wp-content\/uploads\/2017\/08\/DSC06548-1024x682.jpg 1024w, https:\/\/paulinenaue.info\/wp-content\/uploads\/2017\/08\/DSC06548.jpg 2000w\" data-sizes=\"auto\" data-orig-sizes=\"(max-width: 300px) 100vw, 300px\" \/><\/a><p id=\"caption-attachment-1326\" class=\"wp-caption-text\">Handwerker, G\u00e4ste und Bauherren feiern ausgelassen das Richtfest. Foto: Joachim Scholz<\/p><\/div>\n<p>Das Geb\u00e4ude Am Gutshof 4 soll zum Fr\u00fchjahr 2018 bezugsfertig sein und trotz einiger Verz\u00f6gerungen scheint das zu klappen.<\/p>\n<p>F\u00fcr den Mieter des Geb\u00e4udes, das Gemeinschaftswerk Nauen, waren Frau Kotsch und Herr Siemenowski vor Ort und konnten berichten, dass es auf die Wohnungen schon reichlich Bewerber gibt.<\/p>\n<p>Die n\u00e4chsten Wochen werden spannend f\u00fcr den Kuhstall: Die Fenster kommen, der Innenausbau beginnt, die Dachdecker haben schon begonnen einzulatten und die Technik f\u00e4ngt an, Einzug zu halten.<\/p>\n<p>Zur Fertigstellung haben wir einen Tag der offenen T\u00fcr geplant, wir werden das rechtzeitig bekannt machen.<\/p>\n<p>&nbsp;<\/p>\n<p>&nbsp;<\/p>\n","protected":false},"excerpt":{"rendered":"<p>Von Jan Gabriel Am 30.08.2017 konnte nach gut 5 Monaten [&hellip;]<\/p>\n","protected":false},"author":1,"featured_media":1327,"comment_status":"open","ping_status":"open","sticky":false,"template":"","format":"standard","meta":{"_acf_changed":false,"_price":"","_stock":"","_tribe_ticket_header":"","_tribe_default_ticket_provider":"","_tribe_ticket_capacity":"0","_ticket_start_date":"","_ticket_end_date":"","_tribe_ticket_show_description":"","_tribe_ticket_show_not_going":false,"_tribe_ticket_use_global_stock":"","_tribe_ticket_global_stock_level":"","_global_stock_mode":"","_global_stock_cap":"","_tribe_rsvp_for_event":"","_tribe_ticket_going_count":"","_tribe_ticket_not_going_count":"","_tribe_tickets_list":"[]","_tribe_ticket_has_attendee_info_fields":false,"jetpack_post_was_ever_published":false,"_jetpack_newsletter_access":"","_jetpack_dont_email_post_to_subs":false,"_jetpack_newsletter_tier_id":0,"_jetpack_memberships_contains_paywalled_content":false,"_jetpack_memberships_contains_paid_content":false,"footnotes":"","jetpack_publicize_message":"","jetpack_publicize_feature_enabled":true,"jetpack_social_post_already_shared":true,"jetpack_social_options":{"image_generator_settings":{"template":"highway","default_image_id":0,"font":"","enabled":false},"version":2}},"categories":[1,40,7,9,25],"tags":[175,174,92,181,91,180],"class_list":["post-1362","post","type-post","status-publish","format-standard","has-post-thumbnail","hentry","category-allgemein","category-dorfentwicklung","category-historie","category-neuigkeiten","category-wirtschaft","tag-altersgerechtes-wohnen","tag-gutshof","tag-havelland","tag-kuhstall","tag-paulinenaue","tag-richtfest"],"acf":[],"yoast_head":"<!-- This site is optimized with the Yoast SEO plugin v27.5 - https:\/\/yoast.com\/product\/yoast-seo-wordpress\/ -->\n<title>Ein 2. Richtfest nach 102 Jahren - Paulinenaue<\/title>\n<meta name=\"robots\" content=\"index, follow, max-snippet:-1, max-image-preview:large, max-video-preview:-1\" \/>\n<link rel=\"canonical\" href=\"https:\/\/paulinenaue.info\/index.php\/ein-2-richtfest-nach-102-jahren\/\" \/>\n<meta property=\"og:locale\" content=\"de_DE\" \/>\n<meta property=\"og:type\" content=\"article\" \/>\n<meta property=\"og:title\" content=\"Ein 2. Richtfest nach 102 Jahren - Paulinenaue\" \/>\n<meta property=\"og:description\" content=\"Von Jan Gabriel Am 30.08.2017 konnte nach gut 5 Monaten [&hellip;]\" \/>\n<meta property=\"og:url\" content=\"https:\/\/paulinenaue.info\/index.php\/ein-2-richtfest-nach-102-jahren\/\" \/>\n<meta property=\"og:site_name\" content=\"Paulinenaue\" \/>\n<meta property=\"article:published_time\" content=\"2017-09-12T11:49:09+00:00\" \/>\n<meta property=\"article:modified_time\" content=\"2018-03-14T10:03:40+00:00\" \/>\n<meta property=\"og:image\" content=\"https:\/\/i0.wp.com\/paulinenaue.info\/wp-content\/uploads\/2017\/08\/DSC06549.jpg?fit=2000%2C1333&ssl=1\" \/>\n\t<meta property=\"og:image:width\" content=\"2000\" \/>\n\t<meta property=\"og:image:height\" content=\"1333\" \/>\n\t<meta property=\"og:image:type\" content=\"image\/jpeg\" \/>\n<meta name=\"author\" content=\"Joachim Scholz\" \/>\n<meta name=\"twitter:card\" content=\"summary_large_image\" \/>\n<meta name=\"twitter:label1\" content=\"Verfasst von\" \/>\n\t<meta name=\"twitter:data1\" content=\"Joachim Scholz\" \/>\n\t<meta name=\"twitter:label2\" content=\"Gesch\u00e4tzte Lesezeit\" \/>\n\t<meta name=\"twitter:data2\" content=\"2\u00a0Minuten\" \/>\n<script type=\"application\/ld+json\" class=\"yoast-schema-graph\">{\"@context\":\"https:\\\/\\\/schema.org\",\"@graph\":[{\"@type\":\"Article\",\"@id\":\"https:\\\/\\\/paulinenaue.info\\\/index.php\\\/ein-2-richtfest-nach-102-jahren\\\/#article\",\"isPartOf\":{\"@id\":\"https:\\\/\\\/paulinenaue.info\\\/index.php\\\/ein-2-richtfest-nach-102-jahren\\\/\"},\"author\":{\"name\":\"Joachim Scholz\",\"@id\":\"https:\\\/\\\/paulinenaue.info\\\/#\\\/schema\\\/person\\\/3f9e818fd7b69b0d2bd937ac506897cc\"},\"headline\":\"Ein 2. Richtfest nach 102 Jahren\",\"datePublished\":\"2017-09-12T11:49:09+00:00\",\"dateModified\":\"2018-03-14T10:03:40+00:00\",\"mainEntityOfPage\":{\"@id\":\"https:\\\/\\\/paulinenaue.info\\\/index.php\\\/ein-2-richtfest-nach-102-jahren\\\/\"},\"wordCount\":386,\"commentCount\":0,\"image\":{\"@id\":\"https:\\\/\\\/paulinenaue.info\\\/index.php\\\/ein-2-richtfest-nach-102-jahren\\\/#primaryimage\"},\"thumbnailUrl\":\"https:\\\/\\\/paulinenaue.info\\\/wp-content\\\/uploads\\\/2017\\\/08\\\/DSC06549.jpg\",\"keywords\":[\"Altersgerechtes Wohnen\",\"Gutshof\",\"Havelland\",\"Kuhstall\",\"Paulinenaue\",\"Richtfest\"],\"articleSection\":{\"1\":\"Dorfentwicklung\",\"2\":\"Historie\",\"3\":\"Neuigkeiten\",\"4\":\"Wirtschaft\"},\"inLanguage\":\"de\",\"potentialAction\":[{\"@type\":\"CommentAction\",\"name\":\"Comment\",\"target\":[\"https:\\\/\\\/paulinenaue.info\\\/index.php\\\/ein-2-richtfest-nach-102-jahren\\\/#respond\"]}]},{\"@type\":\"WebPage\",\"@id\":\"https:\\\/\\\/paulinenaue.info\\\/index.php\\\/ein-2-richtfest-nach-102-jahren\\\/\",\"url\":\"https:\\\/\\\/paulinenaue.info\\\/index.php\\\/ein-2-richtfest-nach-102-jahren\\\/\",\"name\":\"Ein 2. Richtfest nach 102 Jahren - Paulinenaue\",\"isPartOf\":{\"@id\":\"https:\\\/\\\/paulinenaue.info\\\/#website\"},\"primaryImageOfPage\":{\"@id\":\"https:\\\/\\\/paulinenaue.info\\\/index.php\\\/ein-2-richtfest-nach-102-jahren\\\/#primaryimage\"},\"image\":{\"@id\":\"https:\\\/\\\/paulinenaue.info\\\/index.php\\\/ein-2-richtfest-nach-102-jahren\\\/#primaryimage\"},\"thumbnailUrl\":\"https:\\\/\\\/paulinenaue.info\\\/wp-content\\\/uploads\\\/2017\\\/08\\\/DSC06549.jpg\",\"datePublished\":\"2017-09-12T11:49:09+00:00\",\"dateModified\":\"2018-03-14T10:03:40+00:00\",\"author\":{\"@id\":\"https:\\\/\\\/paulinenaue.info\\\/#\\\/schema\\\/person\\\/3f9e818fd7b69b0d2bd937ac506897cc\"},\"breadcrumb\":{\"@id\":\"https:\\\/\\\/paulinenaue.info\\\/index.php\\\/ein-2-richtfest-nach-102-jahren\\\/#breadcrumb\"},\"inLanguage\":\"de\",\"potentialAction\":[{\"@type\":\"ReadAction\",\"target\":[\"https:\\\/\\\/paulinenaue.info\\\/index.php\\\/ein-2-richtfest-nach-102-jahren\\\/\"]}]},{\"@type\":\"ImageObject\",\"inLanguage\":\"de\",\"@id\":\"https:\\\/\\\/paulinenaue.info\\\/index.php\\\/ein-2-richtfest-nach-102-jahren\\\/#primaryimage\",\"url\":\"https:\\\/\\\/paulinenaue.info\\\/wp-content\\\/uploads\\\/2017\\\/08\\\/DSC06549.jpg\",\"contentUrl\":\"https:\\\/\\\/paulinenaue.info\\\/wp-content\\\/uploads\\\/2017\\\/08\\\/DSC06549.jpg\",\"width\":\"2000\",\"height\":\"1333\"},{\"@type\":\"BreadcrumbList\",\"@id\":\"https:\\\/\\\/paulinenaue.info\\\/index.php\\\/ein-2-richtfest-nach-102-jahren\\\/#breadcrumb\",\"itemListElement\":[{\"@type\":\"ListItem\",\"position\":1,\"name\":\"Home\",\"item\":\"https:\\\/\\\/paulinenaue.info\\\/\"},{\"@type\":\"ListItem\",\"position\":2,\"name\":\"Ein 2. Richtfest nach 102 Jahren\"}]},{\"@type\":\"WebSite\",\"@id\":\"https:\\\/\\\/paulinenaue.info\\\/#website\",\"url\":\"https:\\\/\\\/paulinenaue.info\\\/\",\"name\":\"Paulinenaue\",\"description\":\"Ein Dorf im Havelland\",\"potentialAction\":[{\"@type\":\"SearchAction\",\"target\":{\"@type\":\"EntryPoint\",\"urlTemplate\":\"https:\\\/\\\/paulinenaue.info\\\/?s={search_term_string}\"},\"query-input\":{\"@type\":\"PropertyValueSpecification\",\"valueRequired\":true,\"valueName\":\"search_term_string\"}}],\"inLanguage\":\"de\"},{\"@type\":\"Person\",\"@id\":\"https:\\\/\\\/paulinenaue.info\\\/#\\\/schema\\\/person\\\/3f9e818fd7b69b0d2bd937ac506897cc\",\"name\":\"Joachim Scholz\",\"url\":\"https:\\\/\\\/paulinenaue.info\\\/index.php\\\/author\\\/jjscholz\\\/\"}]}<\/script>\n<!-- \/ Yoast SEO plugin. -->","yoast_head_json":{"title":"Ein 2. Richtfest nach 102 Jahren - Paulinenaue","robots":{"index":"index","follow":"follow","max-snippet":"max-snippet:-1","max-image-preview":"max-image-preview:large","max-video-preview":"max-video-preview:-1"},"canonical":"https:\/\/paulinenaue.info\/index.php\/ein-2-richtfest-nach-102-jahren\/","og_locale":"de_DE","og_type":"article","og_title":"Ein 2. Richtfest nach 102 Jahren - Paulinenaue","og_description":"Von Jan Gabriel Am 30.08.2017 konnte nach gut 5 Monaten [&hellip;]","og_url":"https:\/\/paulinenaue.info\/index.php\/ein-2-richtfest-nach-102-jahren\/","og_site_name":"Paulinenaue","article_published_time":"2017-09-12T11:49:09+00:00","article_modified_time":"2018-03-14T10:03:40+00:00","og_image":[{"width":2000,"height":1333,"url":"https:\/\/i0.wp.com\/paulinenaue.info\/wp-content\/uploads\/2017\/08\/DSC06549.jpg?fit=2000%2C1333&ssl=1","type":"image\/jpeg"}],"author":"Joachim Scholz","twitter_card":"summary_large_image","twitter_misc":{"Verfasst von":"Joachim Scholz","Gesch\u00e4tzte Lesezeit":"2\u00a0Minuten"},"schema":{"@context":"https:\/\/schema.org","@graph":[{"@type":"Article","@id":"https:\/\/paulinenaue.info\/index.php\/ein-2-richtfest-nach-102-jahren\/#article","isPartOf":{"@id":"https:\/\/paulinenaue.info\/index.php\/ein-2-richtfest-nach-102-jahren\/"},"author":{"name":"Joachim Scholz","@id":"https:\/\/paulinenaue.info\/#\/schema\/person\/3f9e818fd7b69b0d2bd937ac506897cc"},"headline":"Ein 2. Richtfest nach 102 Jahren","datePublished":"2017-09-12T11:49:09+00:00","dateModified":"2018-03-14T10:03:40+00:00","mainEntityOfPage":{"@id":"https:\/\/paulinenaue.info\/index.php\/ein-2-richtfest-nach-102-jahren\/"},"wordCount":386,"commentCount":0,"image":{"@id":"https:\/\/paulinenaue.info\/index.php\/ein-2-richtfest-nach-102-jahren\/#primaryimage"},"thumbnailUrl":"https:\/\/paulinenaue.info\/wp-content\/uploads\/2017\/08\/DSC06549.jpg","keywords":["Altersgerechtes Wohnen","Gutshof","Havelland","Kuhstall","Paulinenaue","Richtfest"],"articleSection":{"1":"Dorfentwicklung","2":"Historie","3":"Neuigkeiten","4":"Wirtschaft"},"inLanguage":"de","potentialAction":[{"@type":"CommentAction","name":"Comment","target":["https:\/\/paulinenaue.info\/index.php\/ein-2-richtfest-nach-102-jahren\/#respond"]}]},{"@type":"WebPage","@id":"https:\/\/paulinenaue.info\/index.php\/ein-2-richtfest-nach-102-jahren\/","url":"https:\/\/paulinenaue.info\/index.php\/ein-2-richtfest-nach-102-jahren\/","name":"Ein 2. Richtfest nach 102 Jahren - Paulinenaue","isPartOf":{"@id":"https:\/\/paulinenaue.info\/#website"},"primaryImageOfPage":{"@id":"https:\/\/paulinenaue.info\/index.php\/ein-2-richtfest-nach-102-jahren\/#primaryimage"},"image":{"@id":"https:\/\/paulinenaue.info\/index.php\/ein-2-richtfest-nach-102-jahren\/#primaryimage"},"thumbnailUrl":"https:\/\/paulinenaue.info\/wp-content\/uploads\/2017\/08\/DSC06549.jpg","datePublished":"2017-09-12T11:49:09+00:00","dateModified":"2018-03-14T10:03:40+00:00","author":{"@id":"https:\/\/paulinenaue.info\/#\/schema\/person\/3f9e818fd7b69b0d2bd937ac506897cc"},"breadcrumb":{"@id":"https:\/\/paulinenaue.info\/index.php\/ein-2-richtfest-nach-102-jahren\/#breadcrumb"},"inLanguage":"de","potentialAction":[{"@type":"ReadAction","target":["https:\/\/paulinenaue.info\/index.php\/ein-2-richtfest-nach-102-jahren\/"]}]},{"@type":"ImageObject","inLanguage":"de","@id":"https:\/\/paulinenaue.info\/index.php\/ein-2-richtfest-nach-102-jahren\/#primaryimage","url":"https:\/\/paulinenaue.info\/wp-content\/uploads\/2017\/08\/DSC06549.jpg","contentUrl":"https:\/\/paulinenaue.info\/wp-content\/uploads\/2017\/08\/DSC06549.jpg","width":"2000","height":"1333"},{"@type":"BreadcrumbList","@id":"https:\/\/paulinenaue.info\/index.php\/ein-2-richtfest-nach-102-jahren\/#breadcrumb","itemListElement":[{"@type":"ListItem","position":1,"name":"Home","item":"https:\/\/paulinenaue.info\/"},{"@type":"ListItem","position":2,"name":"Ein 2. Richtfest nach 102 Jahren"}]},{"@type":"WebSite","@id":"https:\/\/paulinenaue.info\/#website","url":"https:\/\/paulinenaue.info\/","name":"Paulinenaue","description":"Ein Dorf im Havelland","potentialAction":[{"@type":"SearchAction","target":{"@type":"EntryPoint","urlTemplate":"https:\/\/paulinenaue.info\/?s={search_term_string}"},"query-input":{"@type":"PropertyValueSpecification","valueRequired":true,"valueName":"search_term_string"}}],"inLanguage":"de"},{"@type":"Person","@id":"https:\/\/paulinenaue.info\/#\/schema\/person\/3f9e818fd7b69b0d2bd937ac506897cc","name":"Joachim Scholz","url":"https:\/\/paulinenaue.info\/index.php\/author\/jjscholz\/"}]}},"jetpack_publicize_connections":[],"jetpack_featured_media_url":"https:\/\/paulinenaue.info\/wp-content\/uploads\/2017\/08\/DSC06549.jpg","jetpack_sharing_enabled":true,"jetpack_shortlink":"https:\/\/wp.me\/pcYhWA-lY","jetpack-related-posts":[{"id":2410,"url":"https:\/\/paulinenaue.info\/index.php\/eine-arbeit-ueber-den-ehemaligen-kuhstall-auf-dem-gutshof-von-paulinenaue\/","url_meta":{"origin":1362,"position":0},"title":"Eine Arbeit \u00fcber den ehemaligen Kuhstall auf dem Gutshof von Paulinenaue","author":"Sarah","date":"12. September 2018","format":false,"excerpt":"Als Student\/in lernt man sie bald kennen: schriftliche Hausarbeiten, mit denen\u00a0man grunds\u00e4tzlich zu sp\u00e4t anf\u00e4ngt und dann Unmengen an Zeit verliert. Mit dem Ergebnis erbringt man einen Leistungsnachweis, danach verstaubt die Arbeit meist im Regal. Eigentlich schade, wenn man bedenkt, welche Arbeit darin steckt. Nat\u00fcrlich kann die ganze Sache auch\u2026","rel":"","context":"In &quot;Allgemein&quot;","block_context":{"text":"Allgemein","link":"https:\/\/paulinenaue.info\/index.php\/category\/allgemein\/"},"img":{"alt_text":"","src":"https:\/\/i0.wp.com\/paulinenaue.info\/wp-content\/uploads\/2018\/09\/2000-10-14-Joachim-Scholz-Gutshof-02.jpg?resize=350%2C200&ssl=1","width":350,"height":200,"srcset":"https:\/\/i0.wp.com\/paulinenaue.info\/wp-content\/uploads\/2018\/09\/2000-10-14-Joachim-Scholz-Gutshof-02.jpg?resize=350%2C200&ssl=1 1x, https:\/\/i0.wp.com\/paulinenaue.info\/wp-content\/uploads\/2018\/09\/2000-10-14-Joachim-Scholz-Gutshof-02.jpg?resize=525%2C300&ssl=1 1.5x, https:\/\/i0.wp.com\/paulinenaue.info\/wp-content\/uploads\/2018\/09\/2000-10-14-Joachim-Scholz-Gutshof-02.jpg?resize=700%2C400&ssl=1 2x, https:\/\/i0.wp.com\/paulinenaue.info\/wp-content\/uploads\/2018\/09\/2000-10-14-Joachim-Scholz-Gutshof-02.jpg?resize=1050%2C600&ssl=1 3x, https:\/\/i0.wp.com\/paulinenaue.info\/wp-content\/uploads\/2018\/09\/2000-10-14-Joachim-Scholz-Gutshof-02.jpg?resize=1400%2C800&ssl=1 4x"},"classes":[]},{"id":417278,"url":"https:\/\/paulinenaue.info\/index.php\/11-maerz-1925-vormittags-1-2-10-paulinenauer-speicher-wird-100\/","url_meta":{"origin":1362,"position":1},"title":"Der Paulinenauer Speicher wird 100","author":"Sarah","date":"8. M\u00e4rz 2025","format":false,"excerpt":"Von Sarah Vierjahn, Joachim Scholz und Eberhard Schwarz Als der Paulinenauer Gutsspeicher im Jahr 1925 fertiggestellt wurde, ist das sicher festlich begangen worden. Die Errichtung bedeutete f\u00fcr den gerade erst modernisierten Betrieb einen weiteren Fortschritt. Geerntetes Getreide und daraus gewonnenes Korn konnten nun witterungsgesch\u00fctzt trocknen, gelagert und im Geb\u00e4ude weiter\u2026","rel":"","context":"In &quot;Allgemein&quot;","block_context":{"text":"Allgemein","link":"https:\/\/paulinenaue.info\/index.php\/category\/allgemein\/"},"img":{"alt_text":"","src":"https:\/\/i0.wp.com\/paulinenaue.info\/wp-content\/uploads\/2025\/03\/2009-06-07-Speicher-und-Gutshof.jpeg?resize=350%2C200&ssl=1","width":350,"height":200,"srcset":"https:\/\/i0.wp.com\/paulinenaue.info\/wp-content\/uploads\/2025\/03\/2009-06-07-Speicher-und-Gutshof.jpeg?resize=350%2C200&ssl=1 1x, https:\/\/i0.wp.com\/paulinenaue.info\/wp-content\/uploads\/2025\/03\/2009-06-07-Speicher-und-Gutshof.jpeg?resize=525%2C300&ssl=1 1.5x, https:\/\/i0.wp.com\/paulinenaue.info\/wp-content\/uploads\/2025\/03\/2009-06-07-Speicher-und-Gutshof.jpeg?resize=700%2C400&ssl=1 2x"},"classes":[]},{"id":2122,"url":"https:\/\/paulinenaue.info\/index.php\/tagespflege-eroeffnet-auf-dem-gutshof\/","url_meta":{"origin":1362,"position":2},"title":"Tagespflege er\u00f6ffnet auf dem Gutshof","author":"Joachim Scholz","date":"21. April 2018","format":false,"excerpt":"Zweifellos kein Tag wie jeder andere in Paulinenaue. Das Gemeinschaftswerk Soziale Dienste er\u00f6ffnete heute auf dem Gutshof in einem der beiden ehemaligen Torgeb\u00e4ude des Gutes mit einem Tag der offenen T\u00fcr seine neue Tagespflegeeinrichtung mit betreutem Wohnen.\u00a0 Bauherr Jan Gabriel hatte den ehemaligen Rinderstall zusammen mit dem verbliebenen denkmalgesch\u00fctzten Ensemble\u2026","rel":"","context":"In &quot;Allgemein&quot;","block_context":{"text":"Allgemein","link":"https:\/\/paulinenaue.info\/index.php\/category\/allgemein\/"},"img":{"alt_text":"","src":"https:\/\/i0.wp.com\/paulinenaue.info\/wp-content\/uploads\/2018\/04\/DSC00084.jpg?resize=350%2C200&ssl=1","width":350,"height":200,"srcset":"https:\/\/i0.wp.com\/paulinenaue.info\/wp-content\/uploads\/2018\/04\/DSC00084.jpg?resize=350%2C200&ssl=1 1x, https:\/\/i0.wp.com\/paulinenaue.info\/wp-content\/uploads\/2018\/04\/DSC00084.jpg?resize=525%2C300&ssl=1 1.5x, https:\/\/i0.wp.com\/paulinenaue.info\/wp-content\/uploads\/2018\/04\/DSC00084.jpg?resize=700%2C400&ssl=1 2x"},"classes":[]},{"id":415532,"url":"https:\/\/paulinenaue.info\/index.php\/kirchsanierung-neues-dach-nach-55-jahren\/","url_meta":{"origin":1362,"position":3},"title":"Kirchsanierung &#8211; Neues Dach nach 55 Jahren","author":"Joachim Scholz","date":"6. Dezember 2023","format":false,"excerpt":"","rel":"","context":"In &quot;Allgemein&quot;","block_context":{"text":"Allgemein","link":"https:\/\/paulinenaue.info\/index.php\/category\/allgemein\/"},"img":{"alt_text":"","src":"https:\/\/i0.wp.com\/paulinenaue.info\/wp-content\/uploads\/2023\/12\/2023-11-25-Kirche-eingeruestet.jpeg?resize=350%2C200&ssl=1","width":350,"height":200,"srcset":"https:\/\/i0.wp.com\/paulinenaue.info\/wp-content\/uploads\/2023\/12\/2023-11-25-Kirche-eingeruestet.jpeg?resize=350%2C200&ssl=1 1x, https:\/\/i0.wp.com\/paulinenaue.info\/wp-content\/uploads\/2023\/12\/2023-11-25-Kirche-eingeruestet.jpeg?resize=525%2C300&ssl=1 1.5x, https:\/\/i0.wp.com\/paulinenaue.info\/wp-content\/uploads\/2023\/12\/2023-11-25-Kirche-eingeruestet.jpeg?resize=700%2C400&ssl=1 2x"},"classes":[]},{"id":417460,"url":"https:\/\/paulinenaue.info\/index.php\/der-abriss-des-paulinenauer-feuerwehrdepots\/","url_meta":{"origin":1362,"position":4},"title":"Der Abriss des Paulinenauer Feuerwehrdepots","author":"Joachim Scholz","date":"11. M\u00e4rz 2025","format":false,"excerpt":"Ein kleiner Bagger steht noch auf der ansonsten v\u00f6llig planen Fl\u00e4che am Beginn des Br\u00e4dikower Weges, wo sich bis vor Kurzem noch das Paulinenauer Feuerwehrdepot befand. Der Anblick ist neu, denn fast kann man sagen, dass hier in den letzten 60 Jahren ein richtiges kleines Feuerwehrviertel gewachsen war. 1963 begannen\u2026","rel":"","context":"In &quot;Allgemein&quot;","block_context":{"text":"Allgemein","link":"https:\/\/paulinenaue.info\/index.php\/category\/allgemein\/"},"img":{"alt_text":"","src":"https:\/\/i0.wp.com\/paulinenaue.info\/wp-content\/uploads\/2025\/03\/2025-03-10-Abriss-FFW-01.jpeg?resize=350%2C200&ssl=1","width":350,"height":200,"srcset":"https:\/\/i0.wp.com\/paulinenaue.info\/wp-content\/uploads\/2025\/03\/2025-03-10-Abriss-FFW-01.jpeg?resize=350%2C200&ssl=1 1x, https:\/\/i0.wp.com\/paulinenaue.info\/wp-content\/uploads\/2025\/03\/2025-03-10-Abriss-FFW-01.jpeg?resize=525%2C300&ssl=1 1.5x, https:\/\/i0.wp.com\/paulinenaue.info\/wp-content\/uploads\/2025\/03\/2025-03-10-Abriss-FFW-01.jpeg?resize=700%2C400&ssl=1 2x"},"classes":[]},{"id":418247,"url":"https:\/\/paulinenaue.info\/index.php\/ein-schwerer-brand-erschuettert-paulinenaue\/","url_meta":{"origin":1362,"position":5},"title":"Ein schwerer Brand ersch\u00fcttert Paulinenaue","author":"Joachim Scholz","date":"13. September 2025","format":false,"excerpt":"Am sp\u00e4ten Samstag-Nachmittag ereignete sich in Paulinenaue der vielleicht schwerste Hausbrand seiner Geschichte, mit Sicherheit der dramatischste. Noch nach Einbruch der Dunkelheit dauerten die L\u00f6scharbeiten an. Personen kamen aber offenbar nicht zu Schaden. Der ehemalige so genannte ,Russenblock\u2018, der letzte und gr\u00f6\u00dfte zu DDR-Zeiten errichtete Wohnblock, der derzeit zu einem\u2026","rel":"","context":"In &quot;Allgemein&quot;","block_context":{"text":"Allgemein","link":"https:\/\/paulinenaue.info\/index.php\/category\/allgemein\/"},"img":{"alt_text":"","src":"https:\/\/i0.wp.com\/paulinenaue.info\/wp-content\/uploads\/2025\/09\/DSC00336.jpeg?resize=350%2C200&ssl=1","width":350,"height":200,"srcset":"https:\/\/i0.wp.com\/paulinenaue.info\/wp-content\/uploads\/2025\/09\/DSC00336.jpeg?resize=350%2C200&ssl=1 1x, https:\/\/i0.wp.com\/paulinenaue.info\/wp-content\/uploads\/2025\/09\/DSC00336.jpeg?resize=525%2C300&ssl=1 1.5x, https:\/\/i0.wp.com\/paulinenaue.info\/wp-content\/uploads\/2025\/09\/DSC00336.jpeg?resize=700%2C400&ssl=1 2x"},"classes":[]}],"_links":{"self":[{"href":"https:\/\/paulinenaue.info\/index.php\/wp-json\/wp\/v2\/posts\/1362","targetHints":{"allow":["GET"]}}],"collection":[{"href":"https:\/\/paulinenaue.info\/index.php\/wp-json\/wp\/v2\/posts"}],"about":[{"href":"https:\/\/paulinenaue.info\/index.php\/wp-json\/wp\/v2\/types\/post"}],"author":[{"embeddable":true,"href":"https:\/\/paulinenaue.info\/index.php\/wp-json\/wp\/v2\/users\/1"}],"replies":[{"embeddable":true,"href":"https:\/\/paulinenaue.info\/index.php\/wp-json\/wp\/v2\/comments?post=1362"}],"version-history":[{"count":6,"href":"https:\/\/paulinenaue.info\/index.php\/wp-json\/wp\/v2\/posts\/1362\/revisions"}],"predecessor-version":[{"id":1928,"href":"https:\/\/paulinenaue.info\/index.php\/wp-json\/wp\/v2\/posts\/1362\/revisions\/1928"}],"wp:featuredmedia":[{"embeddable":true,"href":"https:\/\/paulinenaue.info\/index.php\/wp-json\/wp\/v2\/media\/1327"}],"wp:attachment":[{"href":"https:\/\/paulinenaue.info\/index.php\/wp-json\/wp\/v2\/media?parent=1362"}],"wp:term":[{"taxonomy":"category","embeddable":true,"href":"https:\/\/paulinenaue.info\/index.php\/wp-json\/wp\/v2\/categories?post=1362"},{"taxonomy":"post_tag","embeddable":true,"href":"https:\/\/paulinenaue.info\/index.php\/wp-json\/wp\/v2\/tags?post=1362"}],"curies":[{"name":"wp","href":"https:\/\/api.w.org\/{rel}","templated":true}]}}