{"id":1387,"date":"2017-09-10T16:21:56","date_gmt":"2017-09-10T14:21:56","guid":{"rendered":"http:\/\/paulinenaue.info\/?p=1387"},"modified":"2017-10-03T00:59:06","modified_gmt":"2017-10-02T22:59:06","slug":"der-polnische-zwangsarbeiter-stanislaw-kazinski-in-jahnberge","status":"publish","type":"post","link":"https:\/\/paulinenaue.info\/index.php\/der-polnische-zwangsarbeiter-stanislaw-kazinski-in-jahnberge\/","title":{"rendered":"Der polnische Zwangsarbeiter Stanis\u0142aw Kazi\u0144ski in Jahnberge &#8211; Eine Brosch\u00fcre von Anke Goersz"},"content":{"rendered":"<p>Mitten im Havell\u00e4ndischen Luch liegt Jahnberge, der kleinste Ortsteil der Gemeinde Wiesenaue. Dort lebt man, umgeben von wundersch\u00f6ner Flora und Fauna nicht nur sehr idyllisch, sondern auch mit einer interessanten Vorgeschichte<b>.<\/b><\/p>\n<p>Wortw\u00f6rtlich unter ihren F\u00fc\u00dfen fand Anke Goersz einen Teil der Geschichte Jahnberges, als sie 2006 Reste von Fundamenten auf ihrem Grundst\u00fcck entdeckte. Daraufhin begab sie sich auf eine Zeitreise durch die Vergangenheit des &#8222;100-Seelen-Ortes&#8220;.<\/p>\n<p>Was es mit den Fundamentresten auf sich hatte, wird nun in der Brosch\u00fcre &#8222;Der polnische Zwangsarbeiter Stanis\u0142aw Kazi\u0144ski in Jahnberge&#8220; vorgestellt.<\/p>\n<p>&nbsp;<\/p>\n<h3><span style=\"color: #993300;\"><strong><span style=\"color: #000000;\">Klicken Sie auf den Link, um die Brosch\u00fcre von Anke Goersz zu lesen<\/span>.<\/strong><\/span><\/h3>\n<p>Link: <a href=\"http:\/\/paulinenaue.info\/wp-content\/uploads\/2017\/09\/Der-polnische-Zwangsarbeiter-Stanisaw-Kaziski-in-Jahnberge-von-Anke-Goersz.pdf\"><strong>Der polnische Zwangsarbeiter Stanis?aw Kazi?ski in Jahnberge, von Anke Goersz<\/strong><\/a><\/p>\n","protected":false},"excerpt":{"rendered":"<p>Mitten im Havell\u00e4ndischen Luch liegt Jahnberge, der kleinste Ortsteil der [&hellip;]<\/p>\n","protected":false},"author":3,"featured_media":1389,"comment_status":"open","ping_status":"open","sticky":false,"template":"","format":"standard","meta":{"_acf_changed":false,"_price":"","_stock":"","_tribe_ticket_header":"","_tribe_default_ticket_provider":"","_tribe_ticket_capacity":"0","_ticket_start_date":"","_ticket_end_date":"","_tribe_ticket_show_description":"","_tribe_ticket_show_not_going":false,"_tribe_ticket_use_global_stock":"","_tribe_ticket_global_stock_level":"","_global_stock_mode":"","_global_stock_cap":"","_tribe_rsvp_for_event":"","_tribe_ticket_going_count":"","_tribe_ticket_not_going_count":"","_tribe_tickets_list":"[]","_tribe_ticket_has_attendee_info_fields":false,"jetpack_post_was_ever_published":false,"_jetpack_newsletter_access":"","_jetpack_dont_email_post_to_subs":false,"_jetpack_newsletter_tier_id":0,"_jetpack_memberships_contains_paywalled_content":false,"_jetpack_memberships_contains_paid_content":false,"footnotes":"","jetpack_publicize_message":"","jetpack_publicize_feature_enabled":true,"jetpack_social_post_already_shared":true,"jetpack_social_options":{"image_generator_settings":{"template":"highway","default_image_id":0,"font":"","enabled":false},"version":2}},"categories":[7,47,9],"tags":[132,179,178,177,176],"class_list":["post-1387","post","type-post","status-publish","format-standard","has-post-thumbnail","hentry","category-historie","category-kulturverein","category-neuigkeiten","tag-jahnberge","tag-rad","tag-reichsarbeitsdienstlager","tag-stanislaw-kazinski","tag-zwangsarbeiter"],"acf":[],"yoast_head":"<!-- This site is optimized with the Yoast SEO plugin v27.5 - https:\/\/yoast.com\/product\/yoast-seo-wordpress\/ -->\n<title>Der polnische Zwangsarbeiter Stanis\u0142aw Kazi\u0144ski in Jahnberge - Eine Brosch\u00fcre von Anke Goersz - Paulinenaue<\/title>\n<meta name=\"robots\" content=\"index, follow, max-snippet:-1, max-image-preview:large, max-video-preview:-1\" \/>\n<link rel=\"canonical\" href=\"https:\/\/paulinenaue.info\/index.php\/der-polnische-zwangsarbeiter-stanislaw-kazinski-in-jahnberge\/\" \/>\n<meta property=\"og:locale\" content=\"de_DE\" \/>\n<meta property=\"og:type\" content=\"article\" \/>\n<meta property=\"og:title\" content=\"Der polnische Zwangsarbeiter Stanis\u0142aw Kazi\u0144ski in Jahnberge - Eine Brosch\u00fcre von Anke Goersz - Paulinenaue\" \/>\n<meta property=\"og:description\" content=\"Mitten im Havell\u00e4ndischen Luch liegt Jahnberge, der kleinste Ortsteil der [&hellip;]\" \/>\n<meta property=\"og:url\" content=\"https:\/\/paulinenaue.info\/index.php\/der-polnische-zwangsarbeiter-stanislaw-kazinski-in-jahnberge\/\" \/>\n<meta property=\"og:site_name\" content=\"Paulinenaue\" \/>\n<meta property=\"article:published_time\" content=\"2017-09-10T14:21:56+00:00\" \/>\n<meta property=\"article:modified_time\" content=\"2017-10-02T22:59:06+00:00\" \/>\n<meta property=\"og:image\" content=\"https:\/\/i1.wp.com\/paulinenaue.info\/wp-content\/uploads\/2017\/09\/Stanisaw-Kaziski.jpg?fit=365%2C543&ssl=1\" \/>\n\t<meta property=\"og:image:width\" content=\"365\" \/>\n\t<meta property=\"og:image:height\" content=\"543\" \/>\n\t<meta property=\"og:image:type\" content=\"image\/jpeg\" \/>\n<meta name=\"author\" content=\"Sarah\" \/>\n<meta name=\"twitter:card\" content=\"summary_large_image\" \/>\n<meta name=\"twitter:label1\" content=\"Verfasst von\" \/>\n\t<meta name=\"twitter:data1\" content=\"Sarah\" \/>\n\t<meta name=\"twitter:label2\" content=\"Gesch\u00e4tzte Lesezeit\" \/>\n\t<meta name=\"twitter:data2\" content=\"1\u00a0Minute\" \/>\n<script type=\"application\/ld+json\" class=\"yoast-schema-graph\">{\"@context\":\"https:\\\/\\\/schema.org\",\"@graph\":[{\"@type\":\"Article\",\"@id\":\"https:\\\/\\\/paulinenaue.info\\\/index.php\\\/der-polnische-zwangsarbeiter-stanislaw-kazinski-in-jahnberge\\\/#article\",\"isPartOf\":{\"@id\":\"https:\\\/\\\/paulinenaue.info\\\/index.php\\\/der-polnische-zwangsarbeiter-stanislaw-kazinski-in-jahnberge\\\/\"},\"author\":{\"name\":\"Sarah\",\"@id\":\"https:\\\/\\\/paulinenaue.info\\\/#\\\/schema\\\/person\\\/e5be566a57b5b3f65d2c65a58c42325e\"},\"headline\":\"Der polnische Zwangsarbeiter Stanis\u0142aw Kazi\u0144ski in Jahnberge &#8211; Eine Brosch\u00fcre von Anke Goersz\",\"datePublished\":\"2017-09-10T14:21:56+00:00\",\"dateModified\":\"2017-10-02T22:59:06+00:00\",\"mainEntityOfPage\":{\"@id\":\"https:\\\/\\\/paulinenaue.info\\\/index.php\\\/der-polnische-zwangsarbeiter-stanislaw-kazinski-in-jahnberge\\\/\"},\"wordCount\":137,\"commentCount\":0,\"image\":{\"@id\":\"https:\\\/\\\/paulinenaue.info\\\/index.php\\\/der-polnische-zwangsarbeiter-stanislaw-kazinski-in-jahnberge\\\/#primaryimage\"},\"thumbnailUrl\":\"https:\\\/\\\/paulinenaue.info\\\/wp-content\\\/uploads\\\/2017\\\/09\\\/Stanisaw-Kaziski.jpg\",\"keywords\":[\"Jahnberge\",\"RAD\",\"Reichsarbeitsdienstlager\",\"Stanis\u0142aw Kazi\u0144ski\",\"Zwangsarbeiter\"],\"articleSection\":[\"Historie\",\"Kulturverein\",\"Neuigkeiten\"],\"inLanguage\":\"de\",\"potentialAction\":[{\"@type\":\"CommentAction\",\"name\":\"Comment\",\"target\":[\"https:\\\/\\\/paulinenaue.info\\\/index.php\\\/der-polnische-zwangsarbeiter-stanislaw-kazinski-in-jahnberge\\\/#respond\"]}]},{\"@type\":\"WebPage\",\"@id\":\"https:\\\/\\\/paulinenaue.info\\\/index.php\\\/der-polnische-zwangsarbeiter-stanislaw-kazinski-in-jahnberge\\\/\",\"url\":\"https:\\\/\\\/paulinenaue.info\\\/index.php\\\/der-polnische-zwangsarbeiter-stanislaw-kazinski-in-jahnberge\\\/\",\"name\":\"Der polnische Zwangsarbeiter Stanis\u0142aw Kazi\u0144ski in Jahnberge - Eine Brosch\u00fcre von Anke Goersz - Paulinenaue\",\"isPartOf\":{\"@id\":\"https:\\\/\\\/paulinenaue.info\\\/#website\"},\"primaryImageOfPage\":{\"@id\":\"https:\\\/\\\/paulinenaue.info\\\/index.php\\\/der-polnische-zwangsarbeiter-stanislaw-kazinski-in-jahnberge\\\/#primaryimage\"},\"image\":{\"@id\":\"https:\\\/\\\/paulinenaue.info\\\/index.php\\\/der-polnische-zwangsarbeiter-stanislaw-kazinski-in-jahnberge\\\/#primaryimage\"},\"thumbnailUrl\":\"https:\\\/\\\/paulinenaue.info\\\/wp-content\\\/uploads\\\/2017\\\/09\\\/Stanisaw-Kaziski.jpg\",\"datePublished\":\"2017-09-10T14:21:56+00:00\",\"dateModified\":\"2017-10-02T22:59:06+00:00\",\"author\":{\"@id\":\"https:\\\/\\\/paulinenaue.info\\\/#\\\/schema\\\/person\\\/e5be566a57b5b3f65d2c65a58c42325e\"},\"breadcrumb\":{\"@id\":\"https:\\\/\\\/paulinenaue.info\\\/index.php\\\/der-polnische-zwangsarbeiter-stanislaw-kazinski-in-jahnberge\\\/#breadcrumb\"},\"inLanguage\":\"de\",\"potentialAction\":[{\"@type\":\"ReadAction\",\"target\":[\"https:\\\/\\\/paulinenaue.info\\\/index.php\\\/der-polnische-zwangsarbeiter-stanislaw-kazinski-in-jahnberge\\\/\"]}]},{\"@type\":\"ImageObject\",\"inLanguage\":\"de\",\"@id\":\"https:\\\/\\\/paulinenaue.info\\\/index.php\\\/der-polnische-zwangsarbeiter-stanislaw-kazinski-in-jahnberge\\\/#primaryimage\",\"url\":\"https:\\\/\\\/paulinenaue.info\\\/wp-content\\\/uploads\\\/2017\\\/09\\\/Stanisaw-Kaziski.jpg\",\"contentUrl\":\"https:\\\/\\\/paulinenaue.info\\\/wp-content\\\/uploads\\\/2017\\\/09\\\/Stanisaw-Kaziski.jpg\",\"width\":\"365\",\"height\":\"543\"},{\"@type\":\"BreadcrumbList\",\"@id\":\"https:\\\/\\\/paulinenaue.info\\\/index.php\\\/der-polnische-zwangsarbeiter-stanislaw-kazinski-in-jahnberge\\\/#breadcrumb\",\"itemListElement\":[{\"@type\":\"ListItem\",\"position\":1,\"name\":\"Home\",\"item\":\"https:\\\/\\\/paulinenaue.info\\\/\"},{\"@type\":\"ListItem\",\"position\":2,\"name\":\"Der polnische Zwangsarbeiter Stanis\u0142aw Kazi\u0144ski in Jahnberge &#8211; Eine Brosch\u00fcre von Anke Goersz\"}]},{\"@type\":\"WebSite\",\"@id\":\"https:\\\/\\\/paulinenaue.info\\\/#website\",\"url\":\"https:\\\/\\\/paulinenaue.info\\\/\",\"name\":\"Paulinenaue\",\"description\":\"Ein Dorf im Havelland\",\"potentialAction\":[{\"@type\":\"SearchAction\",\"target\":{\"@type\":\"EntryPoint\",\"urlTemplate\":\"https:\\\/\\\/paulinenaue.info\\\/?s={search_term_string}\"},\"query-input\":{\"@type\":\"PropertyValueSpecification\",\"valueRequired\":true,\"valueName\":\"search_term_string\"}}],\"inLanguage\":\"de\"},{\"@type\":\"Person\",\"@id\":\"https:\\\/\\\/paulinenaue.info\\\/#\\\/schema\\\/person\\\/e5be566a57b5b3f65d2c65a58c42325e\",\"name\":\"Sarah\",\"url\":\"https:\\\/\\\/paulinenaue.info\\\/index.php\\\/author\\\/sarah\\\/\"}]}<\/script>\n<!-- \/ Yoast SEO plugin. -->","yoast_head_json":{"title":"Der polnische Zwangsarbeiter Stanis\u0142aw Kazi\u0144ski in Jahnberge - Eine Brosch\u00fcre von Anke Goersz - Paulinenaue","robots":{"index":"index","follow":"follow","max-snippet":"max-snippet:-1","max-image-preview":"max-image-preview:large","max-video-preview":"max-video-preview:-1"},"canonical":"https:\/\/paulinenaue.info\/index.php\/der-polnische-zwangsarbeiter-stanislaw-kazinski-in-jahnberge\/","og_locale":"de_DE","og_type":"article","og_title":"Der polnische Zwangsarbeiter Stanis\u0142aw Kazi\u0144ski in Jahnberge - Eine Brosch\u00fcre von Anke Goersz - Paulinenaue","og_description":"Mitten im Havell\u00e4ndischen Luch liegt Jahnberge, der kleinste Ortsteil der [&hellip;]","og_url":"https:\/\/paulinenaue.info\/index.php\/der-polnische-zwangsarbeiter-stanislaw-kazinski-in-jahnberge\/","og_site_name":"Paulinenaue","article_published_time":"2017-09-10T14:21:56+00:00","article_modified_time":"2017-10-02T22:59:06+00:00","og_image":[{"width":365,"height":543,"url":"https:\/\/i1.wp.com\/paulinenaue.info\/wp-content\/uploads\/2017\/09\/Stanisaw-Kaziski.jpg?fit=365%2C543&ssl=1","type":"image\/jpeg"}],"author":"Sarah","twitter_card":"summary_large_image","twitter_misc":{"Verfasst von":"Sarah","Gesch\u00e4tzte Lesezeit":"1\u00a0Minute"},"schema":{"@context":"https:\/\/schema.org","@graph":[{"@type":"Article","@id":"https:\/\/paulinenaue.info\/index.php\/der-polnische-zwangsarbeiter-stanislaw-kazinski-in-jahnberge\/#article","isPartOf":{"@id":"https:\/\/paulinenaue.info\/index.php\/der-polnische-zwangsarbeiter-stanislaw-kazinski-in-jahnberge\/"},"author":{"name":"Sarah","@id":"https:\/\/paulinenaue.info\/#\/schema\/person\/e5be566a57b5b3f65d2c65a58c42325e"},"headline":"Der polnische Zwangsarbeiter Stanis\u0142aw Kazi\u0144ski in Jahnberge &#8211; Eine Brosch\u00fcre von Anke Goersz","datePublished":"2017-09-10T14:21:56+00:00","dateModified":"2017-10-02T22:59:06+00:00","mainEntityOfPage":{"@id":"https:\/\/paulinenaue.info\/index.php\/der-polnische-zwangsarbeiter-stanislaw-kazinski-in-jahnberge\/"},"wordCount":137,"commentCount":0,"image":{"@id":"https:\/\/paulinenaue.info\/index.php\/der-polnische-zwangsarbeiter-stanislaw-kazinski-in-jahnberge\/#primaryimage"},"thumbnailUrl":"https:\/\/paulinenaue.info\/wp-content\/uploads\/2017\/09\/Stanisaw-Kaziski.jpg","keywords":["Jahnberge","RAD","Reichsarbeitsdienstlager","Stanis\u0142aw Kazi\u0144ski","Zwangsarbeiter"],"articleSection":["Historie","Kulturverein","Neuigkeiten"],"inLanguage":"de","potentialAction":[{"@type":"CommentAction","name":"Comment","target":["https:\/\/paulinenaue.info\/index.php\/der-polnische-zwangsarbeiter-stanislaw-kazinski-in-jahnberge\/#respond"]}]},{"@type":"WebPage","@id":"https:\/\/paulinenaue.info\/index.php\/der-polnische-zwangsarbeiter-stanislaw-kazinski-in-jahnberge\/","url":"https:\/\/paulinenaue.info\/index.php\/der-polnische-zwangsarbeiter-stanislaw-kazinski-in-jahnberge\/","name":"Der polnische Zwangsarbeiter Stanis\u0142aw Kazi\u0144ski in Jahnberge - Eine Brosch\u00fcre von Anke Goersz - Paulinenaue","isPartOf":{"@id":"https:\/\/paulinenaue.info\/#website"},"primaryImageOfPage":{"@id":"https:\/\/paulinenaue.info\/index.php\/der-polnische-zwangsarbeiter-stanislaw-kazinski-in-jahnberge\/#primaryimage"},"image":{"@id":"https:\/\/paulinenaue.info\/index.php\/der-polnische-zwangsarbeiter-stanislaw-kazinski-in-jahnberge\/#primaryimage"},"thumbnailUrl":"https:\/\/paulinenaue.info\/wp-content\/uploads\/2017\/09\/Stanisaw-Kaziski.jpg","datePublished":"2017-09-10T14:21:56+00:00","dateModified":"2017-10-02T22:59:06+00:00","author":{"@id":"https:\/\/paulinenaue.info\/#\/schema\/person\/e5be566a57b5b3f65d2c65a58c42325e"},"breadcrumb":{"@id":"https:\/\/paulinenaue.info\/index.php\/der-polnische-zwangsarbeiter-stanislaw-kazinski-in-jahnberge\/#breadcrumb"},"inLanguage":"de","potentialAction":[{"@type":"ReadAction","target":["https:\/\/paulinenaue.info\/index.php\/der-polnische-zwangsarbeiter-stanislaw-kazinski-in-jahnberge\/"]}]},{"@type":"ImageObject","inLanguage":"de","@id":"https:\/\/paulinenaue.info\/index.php\/der-polnische-zwangsarbeiter-stanislaw-kazinski-in-jahnberge\/#primaryimage","url":"https:\/\/paulinenaue.info\/wp-content\/uploads\/2017\/09\/Stanisaw-Kaziski.jpg","contentUrl":"https:\/\/paulinenaue.info\/wp-content\/uploads\/2017\/09\/Stanisaw-Kaziski.jpg","width":"365","height":"543"},{"@type":"BreadcrumbList","@id":"https:\/\/paulinenaue.info\/index.php\/der-polnische-zwangsarbeiter-stanislaw-kazinski-in-jahnberge\/#breadcrumb","itemListElement":[{"@type":"ListItem","position":1,"name":"Home","item":"https:\/\/paulinenaue.info\/"},{"@type":"ListItem","position":2,"name":"Der polnische Zwangsarbeiter Stanis\u0142aw Kazi\u0144ski in Jahnberge &#8211; Eine Brosch\u00fcre von Anke Goersz"}]},{"@type":"WebSite","@id":"https:\/\/paulinenaue.info\/#website","url":"https:\/\/paulinenaue.info\/","name":"Paulinenaue","description":"Ein Dorf im Havelland","potentialAction":[{"@type":"SearchAction","target":{"@type":"EntryPoint","urlTemplate":"https:\/\/paulinenaue.info\/?s={search_term_string}"},"query-input":{"@type":"PropertyValueSpecification","valueRequired":true,"valueName":"search_term_string"}}],"inLanguage":"de"},{"@type":"Person","@id":"https:\/\/paulinenaue.info\/#\/schema\/person\/e5be566a57b5b3f65d2c65a58c42325e","name":"Sarah","url":"https:\/\/paulinenaue.info\/index.php\/author\/sarah\/"}]}},"jetpack_publicize_connections":[],"jetpack_featured_media_url":"https:\/\/paulinenaue.info\/wp-content\/uploads\/2017\/09\/Stanisaw-Kaziski.jpg","jetpack_sharing_enabled":true,"jetpack_shortlink":"https:\/\/wp.me\/pcYhWA-mn","jetpack-related-posts":[{"id":2054,"url":"https:\/\/paulinenaue.info\/index.php\/man-lauert-auf-jedes-zeichen-aus-der-aussenwelt-das-reichsarbeitsdienstlager-in-den-grossen-jahnbergen\/","url_meta":{"origin":1387,"position":0},"title":"\u201eMan lauert auf jedes Zeichen aus der Au\u00dfenwelt\u201c  &#8211; Das Reichsarbeitsdienstlager in den Gro\u00dfen Jahnbergen","author":"Joachim Scholz","date":"20. Juli 2009","format":false,"excerpt":"Die reizvollen Sandd\u00fcnen der Gro\u00dfen und Kleinen Jahnberge vermitteln inmitten der landwirtschaftlich genutzten Luchfl\u00e4chen des Havellandes den Eindruck einer urspr\u00fcnglichen Naturgestalt. Nur wenige menschliche Hinterlassenschaften sind hier anzufinden, doch war das Gebiet auch immer wieder Anlaufpunkt der Zivilisation. Das Spektrum der Eingriffe reicht von Ansiedelungen in der Vorzeit bis zu\u2026","rel":"","context":"In &quot;Allgemein&quot;","block_context":{"text":"Allgemein","link":"https:\/\/paulinenaue.info\/index.php\/category\/allgemein\/"},"img":{"alt_text":"RAD-Lager Jahnberge","src":"https:\/\/i0.wp.com\/paulinenaue.info\/wp-content\/uploads\/2009\/07\/Postkarte-RAD-Lager-Jahnberg-1937.jpg?resize=350%2C200&ssl=1","width":350,"height":200,"srcset":"https:\/\/i0.wp.com\/paulinenaue.info\/wp-content\/uploads\/2009\/07\/Postkarte-RAD-Lager-Jahnberg-1937.jpg?resize=350%2C200&ssl=1 1x, https:\/\/i0.wp.com\/paulinenaue.info\/wp-content\/uploads\/2009\/07\/Postkarte-RAD-Lager-Jahnberg-1937.jpg?resize=525%2C300&ssl=1 1.5x, https:\/\/i0.wp.com\/paulinenaue.info\/wp-content\/uploads\/2009\/07\/Postkarte-RAD-Lager-Jahnberg-1937.jpg?resize=700%2C400&ssl=1 2x"},"classes":[]},{"id":971,"url":"https:\/\/paulinenaue.info\/index.php\/botanische-schaetze-auf-trockenrasen-und-unter-alten-eichen\/","url_meta":{"origin":1387,"position":1},"title":"Botanische Sch\u00e4tze auf Trockenrasen und unter alten Eichen","author":"Joachim Scholz","date":"14. Juni 2017","format":false,"excerpt":"09.06.2017. Sie sind dicht vor unserer Haust\u00fcr und stecken voller Geheimnis und Sch\u00f6nheit: In Paulinenaues unmittelbarer Umgebung liegen mit den Jahnbergen und dem Lindholz zwei reizvolle Naturschutzgebiete. \u00dcber die einzigartige Pflanzenwelt, die sich auch Dank der Arbeit von Natursch\u00fctzer_innen an beiden Stellen halten kann, informierte am 9. Juni 2017 im\u2026","rel":"","context":"In &quot;Allgemein&quot;","block_context":{"text":"Allgemein","link":"https:\/\/paulinenaue.info\/index.php\/category\/allgemein\/"},"img":{"alt_text":"","src":"https:\/\/i0.wp.com\/paulinenaue.info\/wp-content\/uploads\/2017\/06\/DSC02870.jpg?resize=350%2C200&ssl=1","width":350,"height":200,"srcset":"https:\/\/i0.wp.com\/paulinenaue.info\/wp-content\/uploads\/2017\/06\/DSC02870.jpg?resize=350%2C200&ssl=1 1x, https:\/\/i0.wp.com\/paulinenaue.info\/wp-content\/uploads\/2017\/06\/DSC02870.jpg?resize=525%2C300&ssl=1 1.5x, https:\/\/i0.wp.com\/paulinenaue.info\/wp-content\/uploads\/2017\/06\/DSC02870.jpg?resize=700%2C400&ssl=1 2x"},"classes":[]},{"id":1972,"url":"https:\/\/paulinenaue.info\/index.php\/frohe-ostern-in-paulinenaue\/","url_meta":{"origin":1387,"position":2},"title":"Frohe Ostern in Paulinenaue","author":"Joachim Scholz","date":"29. M\u00e4rz 2018","format":false,"excerpt":"Ein k\u00fchles Osterfest begehen wir in diesem Jahr, aber vor vielen Paulinenauer H\u00e4usern ist dennoch fr\u00fchlingshafte Farbenpracht zu bewundern. Das machen die vielen bunten Osterstr\u00e4u\u00dfe. Einer von ihnen, der bei Familie Gossmann in der Bahnhofstra\u00dfe 18, wurde von unserer Websiteredaktion zum \u201eOsterstrau\u00df des Jahres 2018\u201c gek\u00fcrt. Wir w\u00fcnschen Ihnen damit\u2026","rel":"","context":"In &quot;Allgemein&quot;","block_context":{"text":"Allgemein","link":"https:\/\/paulinenaue.info\/index.php\/category\/allgemein\/"},"img":{"alt_text":"Der Osterstrau\u00df des Jahres","src":"https:\/\/i0.wp.com\/paulinenaue.info\/wp-content\/uploads\/2018\/03\/DSC09383-1.jpg?resize=350%2C200&ssl=1","width":350,"height":200,"srcset":"https:\/\/i0.wp.com\/paulinenaue.info\/wp-content\/uploads\/2018\/03\/DSC09383-1.jpg?resize=350%2C200&ssl=1 1x, https:\/\/i0.wp.com\/paulinenaue.info\/wp-content\/uploads\/2018\/03\/DSC09383-1.jpg?resize=525%2C300&ssl=1 1.5x, https:\/\/i0.wp.com\/paulinenaue.info\/wp-content\/uploads\/2018\/03\/DSC09383-1.jpg?resize=700%2C400&ssl=1 2x"},"classes":[]},{"id":417260,"url":"https:\/\/paulinenaue.info\/index.php\/tippy-vermisst-und-gesucht\/","url_meta":{"origin":1387,"position":3},"title":"Tippy vermisst und gesucht","author":"Joachim Scholz","date":"13. Januar 2025","format":false,"excerpt":"Man muss nicht den franz\u00f6sischen Spielfilm \u201e\u2026 und jeder sucht sein K\u00e4tzchen\u201c von 1996 gesehen haben, um sich in die Situation versetzen zu k\u00f6nnen, in der Elfi Schulz aus Lobeofsund seit \u00fcber einem halben Jahr sich befindet. Ihre Katze ist verschwunden und sie wird bis heute schmerzlich vermisst. Die Suchanzeige,\u2026","rel":"","context":"In &quot;Hier Zuhause&quot;","block_context":{"text":"Hier Zuhause","link":"https:\/\/paulinenaue.info\/index.php\/category\/hier-zuhause\/"},"img":{"alt_text":"","src":"https:\/\/i0.wp.com\/paulinenaue.info\/wp-content\/uploads\/2025\/01\/1000089774-1-1.jpeg?resize=350%2C200&ssl=1","width":350,"height":200,"srcset":"https:\/\/i0.wp.com\/paulinenaue.info\/wp-content\/uploads\/2025\/01\/1000089774-1-1.jpeg?resize=350%2C200&ssl=1 1x, https:\/\/i0.wp.com\/paulinenaue.info\/wp-content\/uploads\/2025\/01\/1000089774-1-1.jpeg?resize=525%2C300&ssl=1 1.5x, https:\/\/i0.wp.com\/paulinenaue.info\/wp-content\/uploads\/2025\/01\/1000089774-1-1.jpeg?resize=700%2C400&ssl=1 2x"},"classes":[]},{"id":158,"url":"https:\/\/paulinenaue.info\/index.php\/protest-gegen-massive-baumfaellungen\/","url_meta":{"origin":1387,"position":4},"title":"Protest gegen massive Baumf\u00e4llungen","author":"Joachim Scholz","date":"5. Oktober 2011","format":false,"excerpt":"\u201eGenau in diesem Moment f\u00e4llen sie die B\u00e4ume in Richtung Jahnberge. Die B\u00e4ume sind noch v\u00f6llig in Ordnung, soweit ich das beurteilen kann\u201c, schreibt Andrea Wendt , die mit ihrer Familie in Eichberge lebt, am Morgen des 4. Oktober. Ihr Vater Otto Seehawer hat die Pappeln 1954 mit gepflanzt, als\u2026","rel":"","context":"In &quot;Dorfentwicklung&quot;","block_context":{"text":"Dorfentwicklung","link":"https:\/\/paulinenaue.info\/index.php\/category\/dorfentwicklung\/"},"img":{"alt_text":"","src":"https:\/\/i0.wp.com\/paulinenaue.info\/wp-content\/uploads\/2016\/03\/eichberge_allee_20101008_01.jpg?resize=350%2C200&ssl=1","width":350,"height":200},"classes":[]},{"id":197,"url":"https:\/\/paulinenaue.info\/index.php\/kleine-geschichte-von-bienenfarm-und-der-lindholzfarm\/","url_meta":{"origin":1387,"position":5},"title":"Kleine Geschichte von Bienenfarm und Lindholzfarm","author":"Joachim Scholz","date":"11. Februar 2013","format":false,"excerpt":"Im Schmettauschen Kartenwerk von 1774 sieht man am Waldrand des Lindholzes - den Stra\u00dfend\u00f6rfern Ribbeck, Selbelang und Pessin vorgelagert - drei \u00e4hnlich gro\u00dfe Vierseitenh\u00f6fe in der Wiesenfl\u00e4che liegen, die hier \u201edas Blache Luch\u201c hei\u00dft. An der helleren Ausmalung erkennt man die Fl\u00e4chen, die von diesen Meiereien bewirtschaftet wurden. Dass auf\u2026","rel":"","context":"In &quot;Bienenfarm&quot;","block_context":{"text":"Bienenfarm","link":"https:\/\/paulinenaue.info\/index.php\/category\/bienenfarm\/"},"img":{"alt_text":"","src":"https:\/\/i0.wp.com\/paulinenaue.info\/wp-content\/uploads\/2018\/03\/Verwalterhaus-Bienenfarm-2012.jpg?resize=350%2C200&ssl=1","width":350,"height":200,"srcset":"https:\/\/i0.wp.com\/paulinenaue.info\/wp-content\/uploads\/2018\/03\/Verwalterhaus-Bienenfarm-2012.jpg?resize=350%2C200&ssl=1 1x, https:\/\/i0.wp.com\/paulinenaue.info\/wp-content\/uploads\/2018\/03\/Verwalterhaus-Bienenfarm-2012.jpg?resize=525%2C300&ssl=1 1.5x, https:\/\/i0.wp.com\/paulinenaue.info\/wp-content\/uploads\/2018\/03\/Verwalterhaus-Bienenfarm-2012.jpg?resize=700%2C400&ssl=1 2x"},"classes":[]}],"_links":{"self":[{"href":"https:\/\/paulinenaue.info\/index.php\/wp-json\/wp\/v2\/posts\/1387","targetHints":{"allow":["GET"]}}],"collection":[{"href":"https:\/\/paulinenaue.info\/index.php\/wp-json\/wp\/v2\/posts"}],"about":[{"href":"https:\/\/paulinenaue.info\/index.php\/wp-json\/wp\/v2\/types\/post"}],"author":[{"embeddable":true,"href":"https:\/\/paulinenaue.info\/index.php\/wp-json\/wp\/v2\/users\/3"}],"replies":[{"embeddable":true,"href":"https:\/\/paulinenaue.info\/index.php\/wp-json\/wp\/v2\/comments?post=1387"}],"version-history":[{"count":12,"href":"https:\/\/paulinenaue.info\/index.php\/wp-json\/wp\/v2\/posts\/1387\/revisions"}],"predecessor-version":[{"id":1596,"href":"https:\/\/paulinenaue.info\/index.php\/wp-json\/wp\/v2\/posts\/1387\/revisions\/1596"}],"wp:featuredmedia":[{"embeddable":true,"href":"https:\/\/paulinenaue.info\/index.php\/wp-json\/wp\/v2\/media\/1389"}],"wp:attachment":[{"href":"https:\/\/paulinenaue.info\/index.php\/wp-json\/wp\/v2\/media?parent=1387"}],"wp:term":[{"taxonomy":"category","embeddable":true,"href":"https:\/\/paulinenaue.info\/index.php\/wp-json\/wp\/v2\/categories?post=1387"},{"taxonomy":"post_tag","embeddable":true,"href":"https:\/\/paulinenaue.info\/index.php\/wp-json\/wp\/v2\/tags?post=1387"}],"curies":[{"name":"wp","href":"https:\/\/api.w.org\/{rel}","templated":true}]}}