{"id":139,"date":"2016-03-22T13:52:50","date_gmt":"2016-03-22T12:52:50","guid":{"rendered":"https:\/\/sudile.com\/paue\/?p=139"},"modified":"2016-09-18T10:44:15","modified_gmt":"2016-09-18T08:44:15","slug":"der-kampf-mit-dem-schlauch-in-paulinenaue-findet-zum-dritten-mal-eine-meisterschaft-im-schlauchtrekking-statt","status":"publish","type":"post","link":"https:\/\/paulinenaue.info\/index.php\/der-kampf-mit-dem-schlauch-in-paulinenaue-findet-zum-dritten-mal-eine-meisterschaft-im-schlauchtrekking-statt\/","title":{"rendered":"Der Kampf mit dem Schlauch \u2013 In Paulinenaue findet zum dritten Mal eine Meisterschaft im Schlauchtrekking statt"},"content":{"rendered":"<p class=\"autor\"><em>Christian Gnewikow<\/em><\/p>\n<p>11.08.2012. Wie in den beiden Vorjahren fand das mittlerweile zur kleinen Tradition gewordene Schlauch-Trekking des Paulinenauer Feuerwehrvereins wieder am ersten Wochenende nach den Sommerferien statt. Ab 15 Uhr versammelten sich die Paulinenauer auf dem Kleinen Sportplatz in der Bahnhofstra\u00dfe bei Kaffee und Kuchen. Um 15.30 Uhr begann Clown Celly mit seiner Vorf\u00fchrung und sorgte mit seinen Sp\u00e4\u00dfen und Zaubertricks f\u00fcr Begeisterung bei Gro\u00df und Klein.<\/p>\n<p class=\"bildunterschrift-ng\"><img class=\"lazyload\" decoding=\"async\" title=\"Festzelt\" src=\"data:image\/gif;base64,R0lGODlhAQABAAAAACH5BAEKAAEALAAAAAABAAEAAAICTAEAOw==\" data-orig-src=\"http:\/\/paulinenaue.info\/neues\/neues_2012\/fotos\/2012\/20120811_schlauchtrekking_02.jpg\" alt=\"Schlauchtrekking\" \/><br \/>\nDas von G\u00e4sten gef\u00fcllte Festzelt der Paulinenauer Feuerwehr. Foto: Christian Gnewikow, 2012.<\/p>\n<p>Die Hauptattraktion &#8211; der Wettbewerb der Feuerwehren im Schlauchtrekking &#8211; sollte ab 17.00 Uhr starten, vorher zeigten aber noch die Jugendfeuerwehren aus Paulinenaue und Selbelang ihr K\u00f6nnen in einem Show-Wettkampf. Nach der ersten Disziplin L\u00f6schangriff \u201enass\u201c lag dann Selbelang klar vorne, was die Paulinenauer aber beim Schlauch-Trekking wieder ausgleichen konnten. Ein Stechen musste her und so wurden Kisten gestapelt. Hier konnte sich wiederum die Paulinenauer Wehr durchsetzen. Beide Jugendfeuerwehren wurden mit einem kleinen Pr\u00e4sent ausgezeichnet.<\/p>\n<p class=\"bildunterschrift-ng\"><img class=\"lazyload\" decoding=\"async\" title=\"L\u00f6schangriff nass der Jugenfeuerwehren\" src=\"data:image\/gif;base64,R0lGODlhAQABAAAAACH5BAEKAAEALAAAAAABAAEAAAICTAEAOw==\" data-orig-src=\"http:\/\/paulinenaue.info\/neues\/neues_2012\/fotos\/2012\/20120811_schlauchtrekking_03.jpg\" alt=\"Schlauchtrekking\" \/><br \/>\nL\u00f6schangriff nass der Jugendfeuerwehren. Foto: Christian Gnewikow, 2012.<\/p>\n<p>Dann ging es ans Eingemachte: Die aktiven Feuerwehrleute aus Nauen, Selbelang und Wagenitz traten im Schlauch-Trekking an, um den Titelverteidigern aus Paulinenaue endlich den Wanderpokal zu entrei\u00dfen. Auch in diesem Wettbewerb galt es &#8211; zus\u00e4tzlich zu den erzielten Trekking-Weiten &#8211; noch Kisten waagerecht zu stapeln, um das Gesamtergebnis noch zu verbessern. In der Gesamtheit konnte sich ein weiteres Mal die Feuerwehr aus Paulinenaue durchsetzen, dieses Mal mit der mit gro\u00dfem Abstand j\u00fcngsten Truppe im Teilnehmerfeld. Den zweiten Platz belegte die Truppe aus Selbelang, den dritten die \u201eOldies\u201c aus Paulinenaue.<\/p>\n<p class=\"bildunterschrift-ng\"><img class=\"lazyload\" decoding=\"async\" title=\"Beim Schlauchtrekking\" src=\"data:image\/gif;base64,R0lGODlhAQABAAAAACH5BAEKAAEALAAAAAABAAEAAAICTAEAOw==\" data-orig-src=\"http:\/\/paulinenaue.info\/neues\/neues_2012\/fotos\/2012\/20120811_schlauchtrekking_04.jpg\" alt=\"Schlauchtrekking\" \/><br \/>\nMitten beim Schlauchtrekking. Ein Bier zieht mit. Foto: Christian Gnewikow, 2012.<\/p>\n<p>Zeitgleich hatten alle Interessierten die M\u00f6glichkeit, sich ebenfalls im Schlauchtrekking auszuprobieren und um Pokale zu k\u00e4mpfen. Die Einzelk\u00e4mpfer gingen in den vier Wertungsklassen M\u00e4nner \u00fcber bzw. unter 80 Kilo, Frauen und Kinder an den Start. In allen Klassen wurde hart gek\u00e4mpft, aber wieder waren es die Kinder, die mit Abstand die meisten Teilnehmer hervorbrachten. Diese hatten au\u00dferdem noch die M\u00f6glichkeit, sich in einem kleinen Geschicklichkeitsparcours unter Beweis zu stellen.<\/p>\n<p class=\"bildunterschrift-ng\"><img class=\"lazyload\" decoding=\"async\" title=\"Paulinenauer Schlauchtrekker\" src=\"data:image\/gif;base64,R0lGODlhAQABAAAAACH5BAEKAAEALAAAAAABAAEAAAICTAEAOw==\" data-orig-src=\"http:\/\/paulinenaue.info\/neues\/neues_2012\/fotos\/2012\/20120811_schlauchtrekking_10.jpg\" alt=\"Schlauchtrekking\" \/><br \/>\nEs hat sich gelohnt. Selbelanger Kameraden mit der Urkunde \u00fcber den zweiten Platz im Mannschaftswettbewerb. Foto: Christian Gnewikow, 2012.<\/p>\n<p>Rund um das Schlauchtrekking gab es wieder vielf\u00e4ltige Angebote f\u00fcr das leibliche Wohl und die Kinder konnten sich schminken lassen oder sich auf der Hopseburg austoben. Nachdem am Abend die Pokale verteilt waren, waren alle Feierw\u00fctigen noch eingeladen, bei Musik von DJ KDW und dem einen oder anderen Getr\u00e4nk bis sp\u00e4t in die Nacht zu feiern.<\/p>\n<p class=\"titel\">Weitere Bilder vom Schlauchtrekking<\/p>\n<p class=\"bildunterschrift-ng\"><img class=\"lazyload\" decoding=\"async\" title=\"Ein Schlauchtrekker bei seiner Besch\u00e4ftigung\" src=\"data:image\/gif;base64,R0lGODlhAQABAAAAACH5BAEKAAEALAAAAAABAAEAAAICTAEAOw==\" data-orig-src=\"http:\/\/paulinenaue.info\/neues\/neues_2012\/fotos\/2012\/20120811_schlauchtrekking_05.jpg\" alt=\"Schlauchtrekking\" \/><br \/>\nSieht aus wie Bergsteigen auf flachem Land: Das Schlauchtrekking. Foto: Christian Gnewikow, 2012.<\/p>\n<p class=\"bildunterschrift-ng\"><img class=\"lazyload\" decoding=\"async\" title=\"Schlauchtrekking auf dem Kleinen Sportplatz\" src=\"data:image\/gif;base64,R0lGODlhAQABAAAAACH5BAEKAAEALAAAAAABAAEAAAICTAEAOw==\" data-orig-src=\"http:\/\/paulinenaue.info\/neues\/neues_2012\/fotos\/2012\/20120811_schlauchtrekking_14.jpg\" alt=\"Schlauchtrekking\" \/><br \/>\nHier wird von Kraft nicht etwa getr\u00e4umt, hier ist sie am Werk. Feuerwehrfreunde pfl\u00fcgen den Kleinen Sportplatz auf ihre Weise. Foto: Christian Gnewikow, 2012.<\/p>\n<p><img class=\"lazyload\" decoding=\"async\" title=\"Kistenstapeln\" src=\"data:image\/gif;base64,R0lGODlhAQABAAAAACH5BAEKAAEALAAAAAABAAEAAAICTAEAOw==\" data-orig-src=\"http:\/\/paulinenaue.info\/neues\/neues_2012\/fotos\/2012\/20120811_schlauchtrekking_07.jpg\" alt=\"Schlauchtrekking\" \/><br \/>\nF\u00e4higkeiten, die man immer gebrauchen kann: zum Beispiel Kistenstapeln. Foto: Christian Gnewikow, 2012.<\/p>\n<p><img class=\"lazyload\" decoding=\"async\" title=\"Gruppenbild Paulinenauer Feuerwehrleute\" src=\"data:image\/gif;base64,R0lGODlhAQABAAAAACH5BAEKAAEALAAAAAABAAEAAAICTAEAOw==\" data-orig-src=\"http:\/\/paulinenaue.info\/neues\/neues_2012\/fotos\/2012\/20120811_schlauchtrekking_09.jpg\" alt=\"Schlauchtrekking\" \/><br \/>\nIm Mannschaftswettkampf erzielten die Paulinenauer Kameraden den dritten Platz. Foto: Christian Gnewikow, 2012.<\/p>\n<p><img class=\"lazyload\" decoding=\"async\" title=\"Jugendfeuerwehr\" src=\"data:image\/gif;base64,R0lGODlhAQABAAAAACH5BAEKAAEALAAAAAABAAEAAAICTAEAOw==\" data-orig-src=\"http:\/\/paulinenaue.info\/neues\/neues_2012\/fotos\/2012\/20120811_schlauchtrekking_11.jpg\" alt=\"Schlauchtrekking\" \/><br \/>\nSo sehen die Sieger aus. Diese jungen Kameraden aus Paulinenaue erzielten den ersten Platz f\u00fcr ihre Mannschaft. Foto: Christian Gnewikow, 2012.<\/p>\n<p><img class=\"lazyload\" decoding=\"async\" title=\"Musik und H\u00fcpfburg\" src=\"data:image\/gif;base64,R0lGODlhAQABAAAAACH5BAEKAAEALAAAAAABAAEAAAICTAEAOw==\" data-orig-src=\"http:\/\/paulinenaue.info\/neues\/neues_2012\/fotos\/2012\/20120811_schlauchtrekking_12.jpg\" alt=\"Schlauchtrekking\" \/><br \/>\nMusik und H\u00fcpfburg sind wichtige Zutaten, wenn man ein Dorffest feiern will. Foto: Christian Gnewikow, 2012.<\/p>\n","protected":false},"excerpt":{"rendered":"<p>Christian Gnewikow 11.08.2012. Wie in den beiden Vorjahren fand das [&hellip;]<\/p>\n","protected":false},"author":1,"featured_media":343,"comment_status":"open","ping_status":"open","sticky":false,"template":"","format":"standard","meta":{"_acf_changed":false,"_price":"","_stock":"","_tribe_ticket_header":"","_tribe_default_ticket_provider":"","_tribe_ticket_capacity":"0","_ticket_start_date":"","_ticket_end_date":"","_tribe_ticket_show_description":"","_tribe_ticket_show_not_going":false,"_tribe_ticket_use_global_stock":"","_tribe_ticket_global_stock_level":"","_global_stock_mode":"","_global_stock_cap":"","_tribe_rsvp_for_event":"","_tribe_ticket_going_count":"","_tribe_ticket_not_going_count":"","_tribe_tickets_list":"[]","_tribe_ticket_has_attendee_info_fields":false,"jetpack_post_was_ever_published":false,"_jetpack_newsletter_access":"","_jetpack_dont_email_post_to_subs":false,"_jetpack_newsletter_tier_id":0,"_jetpack_memberships_contains_paywalled_content":false,"_jetpack_memberships_contains_paid_content":false,"footnotes":"","jetpack_publicize_message":"","jetpack_publicize_feature_enabled":true,"jetpack_social_post_already_shared":false,"jetpack_social_options":{"image_generator_settings":{"template":"highway","default_image_id":0,"font":"","enabled":false},"version":2}},"categories":[16],"tags":[17,58,57],"class_list":["post-139","post","type-post","status-publish","format-standard","has-post-thumbnail","hentry","category-feuerwehr","tag-feuerwehr","tag-schlauchtrecking","tag-wettkampf"],"acf":[],"yoast_head":"<!-- This site is optimized with the Yoast SEO plugin v27.5 - https:\/\/yoast.com\/product\/yoast-seo-wordpress\/ -->\n<title>Der Kampf mit dem Schlauch \u2013 In Paulinenaue findet zum dritten Mal eine Meisterschaft im Schlauchtrekking statt - Paulinenaue<\/title>\n<meta name=\"robots\" content=\"index, follow, max-snippet:-1, max-image-preview:large, max-video-preview:-1\" \/>\n<link rel=\"canonical\" href=\"https:\/\/paulinenaue.info\/index.php\/der-kampf-mit-dem-schlauch-in-paulinenaue-findet-zum-dritten-mal-eine-meisterschaft-im-schlauchtrekking-statt\/\" \/>\n<meta property=\"og:locale\" content=\"de_DE\" \/>\n<meta property=\"og:type\" content=\"article\" \/>\n<meta property=\"og:title\" content=\"Der Kampf mit dem Schlauch \u2013 In Paulinenaue findet zum dritten Mal eine Meisterschaft im Schlauchtrekking statt - Paulinenaue\" \/>\n<meta property=\"og:description\" content=\"Christian Gnewikow 11.08.2012. Wie in den beiden Vorjahren fand das [&hellip;]\" \/>\n<meta property=\"og:url\" content=\"https:\/\/paulinenaue.info\/index.php\/der-kampf-mit-dem-schlauch-in-paulinenaue-findet-zum-dritten-mal-eine-meisterschaft-im-schlauchtrekking-statt\/\" \/>\n<meta property=\"og:site_name\" content=\"Paulinenaue\" \/>\n<meta property=\"article:published_time\" content=\"2016-03-22T12:52:50+00:00\" \/>\n<meta property=\"article:modified_time\" content=\"2016-09-18T08:44:15+00:00\" \/>\n<meta property=\"og:image\" content=\"https:\/\/i2.wp.com\/paulinenaue.info\/wp-content\/uploads\/2016\/03\/20120811_schlauchtrekking_10.jpg?fit=333%2C500&ssl=1\" \/>\n\t<meta property=\"og:image:width\" content=\"333\" \/>\n\t<meta property=\"og:image:height\" content=\"500\" \/>\n\t<meta property=\"og:image:type\" content=\"image\/jpeg\" \/>\n<meta name=\"author\" content=\"Joachim Scholz\" \/>\n<meta name=\"twitter:card\" content=\"summary_large_image\" \/>\n<meta name=\"twitter:label1\" content=\"Verfasst von\" \/>\n\t<meta name=\"twitter:data1\" content=\"Joachim Scholz\" \/>\n\t<meta name=\"twitter:label2\" content=\"Gesch\u00e4tzte Lesezeit\" \/>\n\t<meta name=\"twitter:data2\" content=\"3\u00a0Minuten\" \/>\n<script type=\"application\/ld+json\" class=\"yoast-schema-graph\">{\"@context\":\"https:\\\/\\\/schema.org\",\"@graph\":[{\"@type\":\"Article\",\"@id\":\"https:\\\/\\\/paulinenaue.info\\\/index.php\\\/der-kampf-mit-dem-schlauch-in-paulinenaue-findet-zum-dritten-mal-eine-meisterschaft-im-schlauchtrekking-statt\\\/#article\",\"isPartOf\":{\"@id\":\"https:\\\/\\\/paulinenaue.info\\\/index.php\\\/der-kampf-mit-dem-schlauch-in-paulinenaue-findet-zum-dritten-mal-eine-meisterschaft-im-schlauchtrekking-statt\\\/\"},\"author\":{\"name\":\"Joachim Scholz\",\"@id\":\"https:\\\/\\\/paulinenaue.info\\\/#\\\/schema\\\/person\\\/3f9e818fd7b69b0d2bd937ac506897cc\"},\"headline\":\"Der Kampf mit dem Schlauch \u2013 In Paulinenaue findet zum dritten Mal eine Meisterschaft im Schlauchtrekking statt\",\"datePublished\":\"2016-03-22T12:52:50+00:00\",\"dateModified\":\"2016-09-18T08:44:15+00:00\",\"mainEntityOfPage\":{\"@id\":\"https:\\\/\\\/paulinenaue.info\\\/index.php\\\/der-kampf-mit-dem-schlauch-in-paulinenaue-findet-zum-dritten-mal-eine-meisterschaft-im-schlauchtrekking-statt\\\/\"},\"wordCount\":542,\"commentCount\":0,\"image\":{\"@id\":\"https:\\\/\\\/paulinenaue.info\\\/index.php\\\/der-kampf-mit-dem-schlauch-in-paulinenaue-findet-zum-dritten-mal-eine-meisterschaft-im-schlauchtrekking-statt\\\/#primaryimage\"},\"thumbnailUrl\":\"https:\\\/\\\/paulinenaue.info\\\/wp-content\\\/uploads\\\/2016\\\/03\\\/20120811_schlauchtrekking_10.jpg\",\"keywords\":[\"Feuerwehr\",\"Schlauchtrecking\",\"Wettkampf\"],\"articleSection\":[\"Feuerwehr\"],\"inLanguage\":\"de\",\"potentialAction\":[{\"@type\":\"CommentAction\",\"name\":\"Comment\",\"target\":[\"https:\\\/\\\/paulinenaue.info\\\/index.php\\\/der-kampf-mit-dem-schlauch-in-paulinenaue-findet-zum-dritten-mal-eine-meisterschaft-im-schlauchtrekking-statt\\\/#respond\"]}]},{\"@type\":\"WebPage\",\"@id\":\"https:\\\/\\\/paulinenaue.info\\\/index.php\\\/der-kampf-mit-dem-schlauch-in-paulinenaue-findet-zum-dritten-mal-eine-meisterschaft-im-schlauchtrekking-statt\\\/\",\"url\":\"https:\\\/\\\/paulinenaue.info\\\/index.php\\\/der-kampf-mit-dem-schlauch-in-paulinenaue-findet-zum-dritten-mal-eine-meisterschaft-im-schlauchtrekking-statt\\\/\",\"name\":\"Der Kampf mit dem Schlauch \u2013 In Paulinenaue findet zum dritten Mal eine Meisterschaft im Schlauchtrekking statt - Paulinenaue\",\"isPartOf\":{\"@id\":\"https:\\\/\\\/paulinenaue.info\\\/#website\"},\"primaryImageOfPage\":{\"@id\":\"https:\\\/\\\/paulinenaue.info\\\/index.php\\\/der-kampf-mit-dem-schlauch-in-paulinenaue-findet-zum-dritten-mal-eine-meisterschaft-im-schlauchtrekking-statt\\\/#primaryimage\"},\"image\":{\"@id\":\"https:\\\/\\\/paulinenaue.info\\\/index.php\\\/der-kampf-mit-dem-schlauch-in-paulinenaue-findet-zum-dritten-mal-eine-meisterschaft-im-schlauchtrekking-statt\\\/#primaryimage\"},\"thumbnailUrl\":\"https:\\\/\\\/paulinenaue.info\\\/wp-content\\\/uploads\\\/2016\\\/03\\\/20120811_schlauchtrekking_10.jpg\",\"datePublished\":\"2016-03-22T12:52:50+00:00\",\"dateModified\":\"2016-09-18T08:44:15+00:00\",\"author\":{\"@id\":\"https:\\\/\\\/paulinenaue.info\\\/#\\\/schema\\\/person\\\/3f9e818fd7b69b0d2bd937ac506897cc\"},\"breadcrumb\":{\"@id\":\"https:\\\/\\\/paulinenaue.info\\\/index.php\\\/der-kampf-mit-dem-schlauch-in-paulinenaue-findet-zum-dritten-mal-eine-meisterschaft-im-schlauchtrekking-statt\\\/#breadcrumb\"},\"inLanguage\":\"de\",\"potentialAction\":[{\"@type\":\"ReadAction\",\"target\":[\"https:\\\/\\\/paulinenaue.info\\\/index.php\\\/der-kampf-mit-dem-schlauch-in-paulinenaue-findet-zum-dritten-mal-eine-meisterschaft-im-schlauchtrekking-statt\\\/\"]}]},{\"@type\":\"ImageObject\",\"inLanguage\":\"de\",\"@id\":\"https:\\\/\\\/paulinenaue.info\\\/index.php\\\/der-kampf-mit-dem-schlauch-in-paulinenaue-findet-zum-dritten-mal-eine-meisterschaft-im-schlauchtrekking-statt\\\/#primaryimage\",\"url\":\"https:\\\/\\\/paulinenaue.info\\\/wp-content\\\/uploads\\\/2016\\\/03\\\/20120811_schlauchtrekking_10.jpg\",\"contentUrl\":\"https:\\\/\\\/paulinenaue.info\\\/wp-content\\\/uploads\\\/2016\\\/03\\\/20120811_schlauchtrekking_10.jpg\",\"width\":333,\"height\":500},{\"@type\":\"BreadcrumbList\",\"@id\":\"https:\\\/\\\/paulinenaue.info\\\/index.php\\\/der-kampf-mit-dem-schlauch-in-paulinenaue-findet-zum-dritten-mal-eine-meisterschaft-im-schlauchtrekking-statt\\\/#breadcrumb\",\"itemListElement\":[{\"@type\":\"ListItem\",\"position\":1,\"name\":\"Home\",\"item\":\"https:\\\/\\\/paulinenaue.info\\\/\"},{\"@type\":\"ListItem\",\"position\":2,\"name\":\"Der Kampf mit dem Schlauch \u2013 In Paulinenaue findet zum dritten Mal eine Meisterschaft im Schlauchtrekking statt\"}]},{\"@type\":\"WebSite\",\"@id\":\"https:\\\/\\\/paulinenaue.info\\\/#website\",\"url\":\"https:\\\/\\\/paulinenaue.info\\\/\",\"name\":\"Paulinenaue\",\"description\":\"Ein Dorf im Havelland\",\"potentialAction\":[{\"@type\":\"SearchAction\",\"target\":{\"@type\":\"EntryPoint\",\"urlTemplate\":\"https:\\\/\\\/paulinenaue.info\\\/?s={search_term_string}\"},\"query-input\":{\"@type\":\"PropertyValueSpecification\",\"valueRequired\":true,\"valueName\":\"search_term_string\"}}],\"inLanguage\":\"de\"},{\"@type\":\"Person\",\"@id\":\"https:\\\/\\\/paulinenaue.info\\\/#\\\/schema\\\/person\\\/3f9e818fd7b69b0d2bd937ac506897cc\",\"name\":\"Joachim Scholz\",\"url\":\"https:\\\/\\\/paulinenaue.info\\\/index.php\\\/author\\\/jjscholz\\\/\"}]}<\/script>\n<!-- \/ Yoast SEO plugin. -->","yoast_head_json":{"title":"Der Kampf mit dem Schlauch \u2013 In Paulinenaue findet zum dritten Mal eine Meisterschaft im Schlauchtrekking statt - Paulinenaue","robots":{"index":"index","follow":"follow","max-snippet":"max-snippet:-1","max-image-preview":"max-image-preview:large","max-video-preview":"max-video-preview:-1"},"canonical":"https:\/\/paulinenaue.info\/index.php\/der-kampf-mit-dem-schlauch-in-paulinenaue-findet-zum-dritten-mal-eine-meisterschaft-im-schlauchtrekking-statt\/","og_locale":"de_DE","og_type":"article","og_title":"Der Kampf mit dem Schlauch \u2013 In Paulinenaue findet zum dritten Mal eine Meisterschaft im Schlauchtrekking statt - Paulinenaue","og_description":"Christian Gnewikow 11.08.2012. Wie in den beiden Vorjahren fand das [&hellip;]","og_url":"https:\/\/paulinenaue.info\/index.php\/der-kampf-mit-dem-schlauch-in-paulinenaue-findet-zum-dritten-mal-eine-meisterschaft-im-schlauchtrekking-statt\/","og_site_name":"Paulinenaue","article_published_time":"2016-03-22T12:52:50+00:00","article_modified_time":"2016-09-18T08:44:15+00:00","og_image":[{"width":333,"height":500,"url":"https:\/\/i2.wp.com\/paulinenaue.info\/wp-content\/uploads\/2016\/03\/20120811_schlauchtrekking_10.jpg?fit=333%2C500&ssl=1","type":"image\/jpeg"}],"author":"Joachim Scholz","twitter_card":"summary_large_image","twitter_misc":{"Verfasst von":"Joachim Scholz","Gesch\u00e4tzte Lesezeit":"3\u00a0Minuten"},"schema":{"@context":"https:\/\/schema.org","@graph":[{"@type":"Article","@id":"https:\/\/paulinenaue.info\/index.php\/der-kampf-mit-dem-schlauch-in-paulinenaue-findet-zum-dritten-mal-eine-meisterschaft-im-schlauchtrekking-statt\/#article","isPartOf":{"@id":"https:\/\/paulinenaue.info\/index.php\/der-kampf-mit-dem-schlauch-in-paulinenaue-findet-zum-dritten-mal-eine-meisterschaft-im-schlauchtrekking-statt\/"},"author":{"name":"Joachim Scholz","@id":"https:\/\/paulinenaue.info\/#\/schema\/person\/3f9e818fd7b69b0d2bd937ac506897cc"},"headline":"Der Kampf mit dem Schlauch \u2013 In Paulinenaue findet zum dritten Mal eine Meisterschaft im Schlauchtrekking statt","datePublished":"2016-03-22T12:52:50+00:00","dateModified":"2016-09-18T08:44:15+00:00","mainEntityOfPage":{"@id":"https:\/\/paulinenaue.info\/index.php\/der-kampf-mit-dem-schlauch-in-paulinenaue-findet-zum-dritten-mal-eine-meisterschaft-im-schlauchtrekking-statt\/"},"wordCount":542,"commentCount":0,"image":{"@id":"https:\/\/paulinenaue.info\/index.php\/der-kampf-mit-dem-schlauch-in-paulinenaue-findet-zum-dritten-mal-eine-meisterschaft-im-schlauchtrekking-statt\/#primaryimage"},"thumbnailUrl":"https:\/\/paulinenaue.info\/wp-content\/uploads\/2016\/03\/20120811_schlauchtrekking_10.jpg","keywords":["Feuerwehr","Schlauchtrecking","Wettkampf"],"articleSection":["Feuerwehr"],"inLanguage":"de","potentialAction":[{"@type":"CommentAction","name":"Comment","target":["https:\/\/paulinenaue.info\/index.php\/der-kampf-mit-dem-schlauch-in-paulinenaue-findet-zum-dritten-mal-eine-meisterschaft-im-schlauchtrekking-statt\/#respond"]}]},{"@type":"WebPage","@id":"https:\/\/paulinenaue.info\/index.php\/der-kampf-mit-dem-schlauch-in-paulinenaue-findet-zum-dritten-mal-eine-meisterschaft-im-schlauchtrekking-statt\/","url":"https:\/\/paulinenaue.info\/index.php\/der-kampf-mit-dem-schlauch-in-paulinenaue-findet-zum-dritten-mal-eine-meisterschaft-im-schlauchtrekking-statt\/","name":"Der Kampf mit dem Schlauch \u2013 In Paulinenaue findet zum dritten Mal eine Meisterschaft im Schlauchtrekking statt - Paulinenaue","isPartOf":{"@id":"https:\/\/paulinenaue.info\/#website"},"primaryImageOfPage":{"@id":"https:\/\/paulinenaue.info\/index.php\/der-kampf-mit-dem-schlauch-in-paulinenaue-findet-zum-dritten-mal-eine-meisterschaft-im-schlauchtrekking-statt\/#primaryimage"},"image":{"@id":"https:\/\/paulinenaue.info\/index.php\/der-kampf-mit-dem-schlauch-in-paulinenaue-findet-zum-dritten-mal-eine-meisterschaft-im-schlauchtrekking-statt\/#primaryimage"},"thumbnailUrl":"https:\/\/paulinenaue.info\/wp-content\/uploads\/2016\/03\/20120811_schlauchtrekking_10.jpg","datePublished":"2016-03-22T12:52:50+00:00","dateModified":"2016-09-18T08:44:15+00:00","author":{"@id":"https:\/\/paulinenaue.info\/#\/schema\/person\/3f9e818fd7b69b0d2bd937ac506897cc"},"breadcrumb":{"@id":"https:\/\/paulinenaue.info\/index.php\/der-kampf-mit-dem-schlauch-in-paulinenaue-findet-zum-dritten-mal-eine-meisterschaft-im-schlauchtrekking-statt\/#breadcrumb"},"inLanguage":"de","potentialAction":[{"@type":"ReadAction","target":["https:\/\/paulinenaue.info\/index.php\/der-kampf-mit-dem-schlauch-in-paulinenaue-findet-zum-dritten-mal-eine-meisterschaft-im-schlauchtrekking-statt\/"]}]},{"@type":"ImageObject","inLanguage":"de","@id":"https:\/\/paulinenaue.info\/index.php\/der-kampf-mit-dem-schlauch-in-paulinenaue-findet-zum-dritten-mal-eine-meisterschaft-im-schlauchtrekking-statt\/#primaryimage","url":"https:\/\/paulinenaue.info\/wp-content\/uploads\/2016\/03\/20120811_schlauchtrekking_10.jpg","contentUrl":"https:\/\/paulinenaue.info\/wp-content\/uploads\/2016\/03\/20120811_schlauchtrekking_10.jpg","width":333,"height":500},{"@type":"BreadcrumbList","@id":"https:\/\/paulinenaue.info\/index.php\/der-kampf-mit-dem-schlauch-in-paulinenaue-findet-zum-dritten-mal-eine-meisterschaft-im-schlauchtrekking-statt\/#breadcrumb","itemListElement":[{"@type":"ListItem","position":1,"name":"Home","item":"https:\/\/paulinenaue.info\/"},{"@type":"ListItem","position":2,"name":"Der Kampf mit dem Schlauch \u2013 In Paulinenaue findet zum dritten Mal eine Meisterschaft im Schlauchtrekking statt"}]},{"@type":"WebSite","@id":"https:\/\/paulinenaue.info\/#website","url":"https:\/\/paulinenaue.info\/","name":"Paulinenaue","description":"Ein Dorf im Havelland","potentialAction":[{"@type":"SearchAction","target":{"@type":"EntryPoint","urlTemplate":"https:\/\/paulinenaue.info\/?s={search_term_string}"},"query-input":{"@type":"PropertyValueSpecification","valueRequired":true,"valueName":"search_term_string"}}],"inLanguage":"de"},{"@type":"Person","@id":"https:\/\/paulinenaue.info\/#\/schema\/person\/3f9e818fd7b69b0d2bd937ac506897cc","name":"Joachim Scholz","url":"https:\/\/paulinenaue.info\/index.php\/author\/jjscholz\/"}]}},"jetpack_publicize_connections":[],"jetpack_featured_media_url":"https:\/\/paulinenaue.info\/wp-content\/uploads\/2016\/03\/20120811_schlauchtrekking_10.jpg","jetpack_sharing_enabled":true,"jetpack_shortlink":"https:\/\/wp.me\/pcYhWA-2f","jetpack-related-posts":[{"id":417460,"url":"https:\/\/paulinenaue.info\/index.php\/der-abriss-des-paulinenauer-feuerwehrdepots\/","url_meta":{"origin":139,"position":0},"title":"Der Abriss des Paulinenauer Feuerwehrdepots","author":"Joachim Scholz","date":"11. M\u00e4rz 2025","format":false,"excerpt":"Ein kleiner Bagger steht noch auf der ansonsten v\u00f6llig planen Fl\u00e4che am Beginn des Br\u00e4dikower Weges, wo sich bis vor Kurzem noch das Paulinenauer Feuerwehrdepot befand. Der Anblick ist neu, denn fast kann man sagen, dass hier in den letzten 60 Jahren ein richtiges kleines Feuerwehrviertel gewachsen war. 1963 begannen\u2026","rel":"","context":"In &quot;Allgemein&quot;","block_context":{"text":"Allgemein","link":"https:\/\/paulinenaue.info\/index.php\/category\/allgemein\/"},"img":{"alt_text":"","src":"https:\/\/i0.wp.com\/paulinenaue.info\/wp-content\/uploads\/2025\/03\/2025-03-10-Abriss-FFW-01.jpeg?resize=350%2C200&ssl=1","width":350,"height":200,"srcset":"https:\/\/i0.wp.com\/paulinenaue.info\/wp-content\/uploads\/2025\/03\/2025-03-10-Abriss-FFW-01.jpeg?resize=350%2C200&ssl=1 1x, https:\/\/i0.wp.com\/paulinenaue.info\/wp-content\/uploads\/2025\/03\/2025-03-10-Abriss-FFW-01.jpeg?resize=525%2C300&ssl=1 1.5x, https:\/\/i0.wp.com\/paulinenaue.info\/wp-content\/uploads\/2025\/03\/2025-03-10-Abriss-FFW-01.jpeg?resize=700%2C400&ssl=1 2x"},"classes":[]},{"id":143058,"url":"https:\/\/paulinenaue.info\/index.php\/erfolgreicher-dorfputz\/","url_meta":{"origin":139,"position":1},"title":"Erfolgreicher Dorfputz","author":"Sarah","date":"26. April 2022","format":false,"excerpt":"","rel":"","context":"In &quot;Gemeinde Paulinenaue&quot;","block_context":{"text":"Gemeinde Paulinenaue","link":"https:\/\/paulinenaue.info\/index.php\/category\/gemeinde-paulinenaue\/"},"img":{"alt_text":"","src":"https:\/\/i0.wp.com\/paulinenaue.info\/wp-content\/uploads\/2022\/04\/IMG-20220409-WA0000.jpg?resize=350%2C200&ssl=1","width":350,"height":200,"srcset":"https:\/\/i0.wp.com\/paulinenaue.info\/wp-content\/uploads\/2022\/04\/IMG-20220409-WA0000.jpg?resize=350%2C200&ssl=1 1x, https:\/\/i0.wp.com\/paulinenaue.info\/wp-content\/uploads\/2022\/04\/IMG-20220409-WA0000.jpg?resize=525%2C300&ssl=1 1.5x, https:\/\/i0.wp.com\/paulinenaue.info\/wp-content\/uploads\/2022\/04\/IMG-20220409-WA0000.jpg?resize=700%2C400&ssl=1 2x"},"classes":[]},{"id":125,"url":"https:\/\/paulinenaue.info\/index.php\/weihnachtsbaumverbrennen-2013\/","url_meta":{"origin":139,"position":2},"title":"Weihnachtsbaumverbrennen 2013","author":"Joachim Scholz","date":"22. M\u00e4rz 2016","format":false,"excerpt":"Arne Breder 26.01.2013. Schon zu einer kleinen Tradition geworden ist das Verbrennen der Weihnachtsb\u00e4ume bei der Feuerwehr Paulinenaue. In diesem Jahr war der Termin etwas sp\u00e4ter als sonst, aber es ging leider nicht anders. Die am Vormittag eingesammelten B\u00e4ume (ca. 50 St\u00fcck) wurden zu einem gro\u00dfen Haufen aufget\u00fcrmt. Um ca.\u2026","rel":"","context":"In &quot;Feuerwehr&quot;","block_context":{"text":"Feuerwehr","link":"https:\/\/paulinenaue.info\/index.php\/category\/feuerwehr\/"},"img":{"alt_text":"","src":"https:\/\/i0.wp.com\/paulinenaue.info\/wp-content\/uploads\/2016\/03\/20130126_weihnachtsbaumverbrennen_05_ab.jpg?resize=350%2C200&ssl=1","width":350,"height":200},"classes":[]},{"id":1365,"url":"https:\/\/paulinenaue.info\/index.php\/neuer-fussboden-in-der-feuerwehr\/","url_meta":{"origin":139,"position":3},"title":"Neuer Fu\u00dfboden in der Feuerwehr","author":"Christian Gnewikow","date":"5. September 2017","format":false,"excerpt":"Die erfahrungsgem\u00e4\u00df etwas ruhigere Zeit w\u00e4hrend der Sommerferien haben die Kameraden der Feuerwehr Paulinenaue genutzt, um den alten Fu\u00dfbodenbelag auszutauschen. Schon Ende Juli wurden dazu alle Schr\u00e4nke leerger\u00e4umt und ausgelagert und der mittlerweile fast 15 Jahre alte Laminatbelag ausgebaut. Die Ausf\u00fchrung der Arbeiten am Fu\u00dfboden \u00fcbernahm dann die Firma Friese\u2026","rel":"","context":"In &quot;Allgemein&quot;","block_context":{"text":"Allgemein","link":"https:\/\/paulinenaue.info\/index.php\/category\/allgemein\/"},"img":{"alt_text":"","src":"https:\/\/i0.wp.com\/paulinenaue.info\/wp-content\/uploads\/2017\/09\/IMG_20170904_155508.jpg?resize=350%2C200&ssl=1","width":350,"height":200,"srcset":"https:\/\/i0.wp.com\/paulinenaue.info\/wp-content\/uploads\/2017\/09\/IMG_20170904_155508.jpg?resize=350%2C200&ssl=1 1x, https:\/\/i0.wp.com\/paulinenaue.info\/wp-content\/uploads\/2017\/09\/IMG_20170904_155508.jpg?resize=525%2C300&ssl=1 1.5x, https:\/\/i0.wp.com\/paulinenaue.info\/wp-content\/uploads\/2017\/09\/IMG_20170904_155508.jpg?resize=700%2C400&ssl=1 2x, https:\/\/i0.wp.com\/paulinenaue.info\/wp-content\/uploads\/2017\/09\/IMG_20170904_155508.jpg?resize=1050%2C600&ssl=1 3x, https:\/\/i0.wp.com\/paulinenaue.info\/wp-content\/uploads\/2017\/09\/IMG_20170904_155508.jpg?resize=1400%2C800&ssl=1 4x"},"classes":[]},{"id":5089,"url":"https:\/\/paulinenaue.info\/index.php\/halloween-2019\/","url_meta":{"origin":139,"position":4},"title":"Halloween 2019","author":"Christian Gnewikow","date":"4. November 2019","format":false,"excerpt":"Am 1. November des Jahres feierten wir wieder unser mittlerweile schon traditionelles Halloweenfest. Schon ein paar Tage zuvor hat sich unsere Kinder- und Jugendfeuerwehr zum K\u00fcrbisse-Schnitzen getroffen, die Ergebnisse konnten in einer tollen Ausstellung bewundert werden. Neben den bew\u00e4hrten K\u00f6stlichkeiten von Grill und Pfanne sowie hei\u00dfen und kalten Getr\u00e4nken hat\u2026","rel":"","context":"In &quot;Allgemein&quot;","block_context":{"text":"Allgemein","link":"https:\/\/paulinenaue.info\/index.php\/category\/allgemein\/"},"img":{"alt_text":"","src":"https:\/\/i0.wp.com\/paulinenaue.info\/wp-content\/uploads\/2019\/11\/Halloween-2019-Titelbild-ohne-Datum.jpg?resize=350%2C200&ssl=1","width":350,"height":200,"srcset":"https:\/\/i0.wp.com\/paulinenaue.info\/wp-content\/uploads\/2019\/11\/Halloween-2019-Titelbild-ohne-Datum.jpg?resize=350%2C200&ssl=1 1x, https:\/\/i0.wp.com\/paulinenaue.info\/wp-content\/uploads\/2019\/11\/Halloween-2019-Titelbild-ohne-Datum.jpg?resize=525%2C300&ssl=1 1.5x"},"classes":[]},{"id":416540,"url":"https:\/\/paulinenaue.info\/index.php\/foerdermittelscheck-an-die-freiwillige-feuerwehr-ueberreicht\/","url_meta":{"origin":139,"position":5},"title":"F\u00f6rdermittelscheck an die Freiwillige Feuerwehr \u00fcberreicht","author":"Sarah","date":"14. Juni 2024","format":false,"excerpt":"","rel":"","context":"In &quot;Feuerwehr&quot;","block_context":{"text":"Feuerwehr","link":"https:\/\/paulinenaue.info\/index.php\/category\/feuerwehr\/"},"img":{"alt_text":"","src":"https:\/\/i0.wp.com\/paulinenaue.info\/wp-content\/uploads\/2024\/06\/IMG_2914-1-klein-scaled.jpg?resize=350%2C200&ssl=1","width":350,"height":200,"srcset":"https:\/\/i0.wp.com\/paulinenaue.info\/wp-content\/uploads\/2024\/06\/IMG_2914-1-klein-scaled.jpg?resize=350%2C200&ssl=1 1x, https:\/\/i0.wp.com\/paulinenaue.info\/wp-content\/uploads\/2024\/06\/IMG_2914-1-klein-scaled.jpg?resize=525%2C300&ssl=1 1.5x, https:\/\/i0.wp.com\/paulinenaue.info\/wp-content\/uploads\/2024\/06\/IMG_2914-1-klein-scaled.jpg?resize=700%2C400&ssl=1 2x, https:\/\/i0.wp.com\/paulinenaue.info\/wp-content\/uploads\/2024\/06\/IMG_2914-1-klein-scaled.jpg?resize=1050%2C600&ssl=1 3x, https:\/\/i0.wp.com\/paulinenaue.info\/wp-content\/uploads\/2024\/06\/IMG_2914-1-klein-scaled.jpg?resize=1400%2C800&ssl=1 4x"},"classes":[]}],"_links":{"self":[{"href":"https:\/\/paulinenaue.info\/index.php\/wp-json\/wp\/v2\/posts\/139","targetHints":{"allow":["GET"]}}],"collection":[{"href":"https:\/\/paulinenaue.info\/index.php\/wp-json\/wp\/v2\/posts"}],"about":[{"href":"https:\/\/paulinenaue.info\/index.php\/wp-json\/wp\/v2\/types\/post"}],"author":[{"embeddable":true,"href":"https:\/\/paulinenaue.info\/index.php\/wp-json\/wp\/v2\/users\/1"}],"replies":[{"embeddable":true,"href":"https:\/\/paulinenaue.info\/index.php\/wp-json\/wp\/v2\/comments?post=139"}],"version-history":[{"count":2,"href":"https:\/\/paulinenaue.info\/index.php\/wp-json\/wp\/v2\/posts\/139\/revisions"}],"predecessor-version":[{"id":344,"href":"https:\/\/paulinenaue.info\/index.php\/wp-json\/wp\/v2\/posts\/139\/revisions\/344"}],"wp:featuredmedia":[{"embeddable":true,"href":"https:\/\/paulinenaue.info\/index.php\/wp-json\/wp\/v2\/media\/343"}],"wp:attachment":[{"href":"https:\/\/paulinenaue.info\/index.php\/wp-json\/wp\/v2\/media?parent=139"}],"wp:term":[{"taxonomy":"category","embeddable":true,"href":"https:\/\/paulinenaue.info\/index.php\/wp-json\/wp\/v2\/categories?post=139"},{"taxonomy":"post_tag","embeddable":true,"href":"https:\/\/paulinenaue.info\/index.php\/wp-json\/wp\/v2\/tags?post=139"}],"curies":[{"name":"wp","href":"https:\/\/api.w.org\/{rel}","templated":true}]}}