{"id":1400,"date":"2017-09-13T21:00:11","date_gmt":"2017-09-13T19:00:11","guid":{"rendered":"http:\/\/paulinenaue.info\/?p=1400"},"modified":"2017-09-13T21:00:11","modified_gmt":"2017-09-13T19:00:11","slug":"160-jahre-paulinenauer-bahnhofsgebaeude-2007","status":"publish","type":"post","link":"https:\/\/paulinenaue.info\/index.php\/160-jahre-paulinenauer-bahnhofsgebaeude-2007\/","title":{"rendered":"160 Jahre Paulinenauer Bahnhofsgeb\u00e4ude 2007"},"content":{"rendered":"<div>\n<p class=\"erstellt\">17.02.2008<\/p>\n<h3>Zukunft f\u00fcr das Bahnhofsgeb\u00e4ude<\/h3>\n<p class=\"autor\">Joachim Scholz<\/p>\n<p>Paulinenaue besitzt neben dem Herrenhaus nur ein kulturbedeutsames Geb\u00e4ude: seinen klassizistischen Bahnhof. Er hat das Aufbl\u00fchen des Dorfes im 19. Jahrhundert gew\u00e4hrleistet, ihm verdankt Paulinenaue, dass es sich \u00fcberhaupt von seinen einstigen Schwestern Bienenfarm und Lindholzfarm unterscheidet. Ein Teil des Bahnhofs bildet heute die \u00e4lteste auch \u00e4u\u00dferlich erhaltene Bausubstanz unseres Dorfes. Kurzum: wohl kein anderes Geb\u00e4ude pr\u00e4gt die Identit\u00e4t Paulinenaues so wie der Bahnhof und wahrscheinlich gibt es niemanden, der sich das Dorf ohne ihn vorstellen kann.<\/p>\n<div id=\"attachment_1401\" style=\"width: 310px\" class=\"wp-caption alignnone\"><a href=\"http:\/\/paulinenaue.info\/wp-content\/uploads\/2017\/09\/2003_bahnhof_01.jpg\"><img decoding=\"async\" aria-describedby=\"caption-attachment-1401\" data-attachment-id=\"1401\" data-permalink=\"https:\/\/paulinenaue.info\/index.php\/160-jahre-paulinenauer-bahnhofsgebaeude-2007\/2003_bahnhof_01\/\" data-orig-file=\"https:\/\/paulinenaue.info\/wp-content\/uploads\/2017\/09\/2003_bahnhof_01.jpg\" data-orig-size=\"500,365\" data-comments-opened=\"1\" data-image-meta=\"{&quot;aperture&quot;:&quot;0&quot;,&quot;credit&quot;:&quot;&quot;,&quot;camera&quot;:&quot;DSC-P72&quot;,&quot;caption&quot;:&quot;&quot;,&quot;created_timestamp&quot;:&quot;0&quot;,&quot;copyright&quot;:&quot;&quot;,&quot;focal_length&quot;:&quot;0&quot;,&quot;iso&quot;:&quot;0&quot;,&quot;shutter_speed&quot;:&quot;0&quot;,&quot;title&quot;:&quot;&quot;,&quot;orientation&quot;:&quot;1&quot;}\" data-image-title=\"2003_bahnhof_01\" data-image-description=\"\" data-image-caption=\"\" data-large-file=\"https:\/\/paulinenaue.info\/wp-content\/uploads\/2017\/09\/2003_bahnhof_01.jpg\" class=\"lazyload wp-image-1401 size-medium\" src=\"http:\/\/paulinenaue.info\/wp-content\/uploads\/2017\/09\/2003_bahnhof_01-300x219.jpg\" data-orig-src=\"http:\/\/paulinenaue.info\/wp-content\/uploads\/2017\/09\/2003_bahnhof_01-300x219.jpg\" alt=\"Das Empfangsgeb\u00e4ude des Paulinenauer Bahnhofs. \" width=\"300\" height=\"219\" srcset=\"data:image\/svg+xml,%3Csvg%20xmlns%3D%27http%3A%2F%2Fwww.w3.org%2F2000%2Fsvg%27%20width%3D%27300%27%20height%3D%27219%27%20viewBox%3D%270%200%20300%20219%27%3E%3Crect%20width%3D%27300%27%20height%3D%27219%27%20fill-opacity%3D%220%22%2F%3E%3C%2Fsvg%3E\" data-srcset=\"https:\/\/paulinenaue.info\/wp-content\/uploads\/2017\/09\/2003_bahnhof_01-300x219.jpg 300w, https:\/\/paulinenaue.info\/wp-content\/uploads\/2017\/09\/2003_bahnhof_01.jpg 500w\" data-sizes=\"auto\" data-orig-sizes=\"(max-width: 300px) 100vw, 300px\" \/><\/a><p id=\"caption-attachment-1401\" class=\"wp-caption-text\">Das Empfangsgeb\u00e4ude des Paulinenauer Bahnhofs. Foto: Joachim Scholz, 2003.<\/p><\/div>\n<\/div>\n<div><\/div>\n<div>Und doch ist es schlecht um den Bahnhof bestellt. Allgemein wird sein desolater Zustand beklagt, immer wieder kursieren Sanierungs-, aber auch Abrissger\u00fcchte, doch zu seiner Erhaltung ist bislang wenig geschehen. Die Serie \u00fcber den Paulinenauer Bahnhof, die im Jubli\u00e4umsjahr 2007 &#8211; 160 Jahre nach Erteilung der Baugenehmigung &#8211; begonnen wurde, will f\u00fcr die Geschichte des Bahnhofsgeb\u00e4udes sensibilisieren und nach Perspektiven f\u00fcr die Zukunft fragen.<\/div>\n<div>\n<p>Die erste Folge ist ein Artikel, der der Frage nachgeht, warum Paulinenaue und nicht die Nachbard\u00f6rfer Bienenfarm, Lindholzfarm oder Br\u00e4dikow in den 1840er Jahren einen Bahnhof erhielt. Hier wird neben der \u00e4ltesten Abbildung Paulinenaues, einer Lithografie aus dem Jahre 1853, auch die \u00dcbersetzung eines fr\u00fchen Eisenbahnreiseberichtes wiedergegeben.<\/p>\n<p>Lesen sie <a href=\"https:\/\/paulinenaue.info\/index.php\/warum-paulinenaue-einen-bahnhof-hat-auf-spurensuche-in-der-fruehen-ortsgeschichte-2\/\">[hier]<\/a> den Artikel <strong>&#8222;Warum Paulinenaue einen Bahnhof hat \u2013 auf Spurensuche in der fr\u00fchen Ortsgeschichte&#8220;<\/strong><\/p>\n<p><a href=\"http:\/\/paulinenaue.info\/wp-content\/uploads\/2017\/06\/1859_bahnhof.jpg\"><img decoding=\"async\" width=\"300\" height=\"210\" data-attachment-id=\"1153\" data-permalink=\"https:\/\/paulinenaue.info\/1859_bahnhof-2\/\" data-orig-file=\"https:\/\/paulinenaue.info\/wp-content\/uploads\/2017\/06\/1859_bahnhof.jpg\" data-orig-size=\"500,350\" data-comments-opened=\"1\" data-image-meta=\"{&quot;aperture&quot;:&quot;0&quot;,&quot;credit&quot;:&quot;&quot;,&quot;camera&quot;:&quot;&quot;,&quot;caption&quot;:&quot;&quot;,&quot;created_timestamp&quot;:&quot;0&quot;,&quot;copyright&quot;:&quot;&quot;,&quot;focal_length&quot;:&quot;0&quot;,&quot;iso&quot;:&quot;0&quot;,&quot;shutter_speed&quot;:&quot;0&quot;,&quot;title&quot;:&quot;&quot;,&quot;orientation&quot;:&quot;0&quot;}\" data-image-title=\"1859_bahnhof\" data-image-description=\"\" data-image-caption=\"\" data-large-file=\"https:\/\/paulinenaue.info\/wp-content\/uploads\/2017\/06\/1859_bahnhof.jpg\" class=\"lazyload alignnone size-medium wp-image-1153\" src=\"http:\/\/paulinenaue.info\/wp-content\/uploads\/2017\/06\/1859_bahnhof-300x210.jpg\" data-orig-src=\"http:\/\/paulinenaue.info\/wp-content\/uploads\/2017\/06\/1859_bahnhof-300x210.jpg\" alt=\"\" srcset=\"data:image\/svg+xml,%3Csvg%20xmlns%3D%27http%3A%2F%2Fwww.w3.org%2F2000%2Fsvg%27%20width%3D%27300%27%20height%3D%27210%27%20viewBox%3D%270%200%20300%20210%27%3E%3Crect%20width%3D%27300%27%20height%3D%27210%27%20fill-opacity%3D%220%22%2F%3E%3C%2Fsvg%3E\" data-srcset=\"https:\/\/paulinenaue.info\/wp-content\/uploads\/2017\/06\/1859_bahnhof-300x210.jpg 300w, https:\/\/paulinenaue.info\/wp-content\/uploads\/2017\/06\/1859_bahnhof.jpg 500w\" data-sizes=\"auto\" data-orig-sizes=\"(max-width: 300px) 100vw, 300px\" \/><\/a><\/p>\n<p>&nbsp;<\/p>\n<p>Das Paulinenauer klassizistische Bahnhofsgeb\u00e4ude gewinnt seine \u00fcberregionale Bedeutung als Teil eines Gesamtkunstwerkes der deutschen Fr\u00fchindustrialisierung. Erst der Blick auf seine Nachbarn entlang der Strecke zeigt unseren Bahnhof im Gef\u00fcge der &#8222;Corporate Identity&#8220;, die sich die Berlin-Hamburger Eisenbahngesellschaft unter ihrem Architekten Friedrich Neuhaus im 19. Jahrhundert verliehen hatte.<\/p>\n<p><a href=\"https:\/\/paulinenaue.info\/index.php\/die-klassizistischen-bahnhoefe-der-berlin-hamburger-eisenbahn\/\">[Hier]<\/a>\u00a0geht es zum Artikel <strong>&#8222;Die klassizistischen Bahnh\u00f6fe der Berlin-Hamburger Eisenbahn&#8220;<\/strong><\/p>\n<\/div>\n<div>\n<p><a href=\"http:\/\/paulinenaue.info\/wp-content\/uploads\/2017\/06\/titel.jpg\"><img decoding=\"async\" width=\"300\" height=\"91\" data-attachment-id=\"1113\" data-permalink=\"https:\/\/paulinenaue.info\/index.php\/die-klassizistischen-bahnhoefe-der-berlin-hamburger-eisenbahn\/titel\/\" data-orig-file=\"https:\/\/paulinenaue.info\/wp-content\/uploads\/2017\/06\/titel.jpg\" data-orig-size=\"628,190\" data-comments-opened=\"1\" data-image-meta=\"{&quot;aperture&quot;:&quot;2.8&quot;,&quot;credit&quot;:&quot;&quot;,&quot;camera&quot;:&quot;DSC-P72&quot;,&quot;caption&quot;:&quot;&quot;,&quot;created_timestamp&quot;:&quot;1085408760&quot;,&quot;copyright&quot;:&quot;&quot;,&quot;focal_length&quot;:&quot;6&quot;,&quot;iso&quot;:&quot;100&quot;,&quot;shutter_speed&quot;:&quot;0.016666666666667&quot;,&quot;title&quot;:&quot;&quot;,&quot;orientation&quot;:&quot;1&quot;}\" data-image-title=\"titel\" data-image-description=\"\" data-image-caption=\"\" data-large-file=\"https:\/\/paulinenaue.info\/wp-content\/uploads\/2017\/06\/titel.jpg\" class=\"lazyload alignnone size-medium wp-image-1113\" src=\"http:\/\/paulinenaue.info\/wp-content\/uploads\/2017\/06\/titel-300x91.jpg\" data-orig-src=\"http:\/\/paulinenaue.info\/wp-content\/uploads\/2017\/06\/titel-300x91.jpg\" alt=\"\" srcset=\"data:image\/svg+xml,%3Csvg%20xmlns%3D%27http%3A%2F%2Fwww.w3.org%2F2000%2Fsvg%27%20width%3D%27300%27%20height%3D%2791%27%20viewBox%3D%270%200%20300%2091%27%3E%3Crect%20width%3D%27300%27%20height%3D%2791%27%20fill-opacity%3D%220%22%2F%3E%3C%2Fsvg%3E\" data-srcset=\"https:\/\/paulinenaue.info\/wp-content\/uploads\/2017\/06\/titel-300x91.jpg 300w, https:\/\/paulinenaue.info\/wp-content\/uploads\/2017\/06\/titel.jpg 628w\" data-sizes=\"auto\" data-orig-sizes=\"(max-width: 300px) 100vw, 300px\" \/><\/a><\/p>\n<p>&nbsp;<\/p>\n<p>Die Darstellung eines Planes zur Vergr\u00f6\u00dferung des Empfangsgeb\u00e4udes 1883 hat sich im G\u00f6rlitzer Archiv der Deutschen Bahn erhalten und erm\u00f6glicht in Grund- und Aufrissen einen Blick in das gro\u00dfz\u00fcgig geplante Innere des Bahnhofs zur Kaiserzeit.<\/p>\n<p>Alles \u00fcber die &#8222;<strong>Verg\u00f6\u00dferung des Empfangsgeb\u00e4udes 1883&#8243;<\/strong> k\u00f6nnen Sie <a href=\"https:\/\/paulinenaue.info\/index.php\/vergroesserung-des-empfangsgebaeudes-1883\/\">[hier]<\/a> lesen.<\/p>\n<p><a href=\"http:\/\/paulinenaue.info\/wp-content\/uploads\/2017\/09\/Bhf-Paulinenaue-Ansicht-von-der-Perronseite.jpg\"><img decoding=\"async\" width=\"300\" height=\"115\" data-attachment-id=\"1416\" data-permalink=\"https:\/\/paulinenaue.info\/index.php\/vergroesserung-des-empfangsgebaeudes-1883\/bhf-paulinenaue-ansicht-von-der-perronseite\/\" data-orig-file=\"https:\/\/paulinenaue.info\/wp-content\/uploads\/2017\/09\/Bhf-Paulinenaue-Ansicht-von-der-Perronseite.jpg\" data-orig-size=\"700,269\" data-comments-opened=\"1\" data-image-meta=\"{&quot;aperture&quot;:&quot;0&quot;,&quot;credit&quot;:&quot;&quot;,&quot;camera&quot;:&quot;&quot;,&quot;caption&quot;:&quot;&quot;,&quot;created_timestamp&quot;:&quot;0&quot;,&quot;copyright&quot;:&quot;&quot;,&quot;focal_length&quot;:&quot;0&quot;,&quot;iso&quot;:&quot;0&quot;,&quot;shutter_speed&quot;:&quot;0&quot;,&quot;title&quot;:&quot;&quot;,&quot;orientation&quot;:&quot;0&quot;}\" data-image-title=\"Bhf Paulinenaue, Ansicht von der Perronseite\" data-image-description=\"\" data-image-caption=\"\" data-large-file=\"https:\/\/paulinenaue.info\/wp-content\/uploads\/2017\/09\/Bhf-Paulinenaue-Ansicht-von-der-Perronseite.jpg\" class=\"lazyload alignnone size-medium wp-image-1416\" src=\"http:\/\/paulinenaue.info\/wp-content\/uploads\/2017\/09\/Bhf-Paulinenaue-Ansicht-von-der-Perronseite-300x115.jpg\" data-orig-src=\"http:\/\/paulinenaue.info\/wp-content\/uploads\/2017\/09\/Bhf-Paulinenaue-Ansicht-von-der-Perronseite-300x115.jpg\" alt=\"\" srcset=\"data:image\/svg+xml,%3Csvg%20xmlns%3D%27http%3A%2F%2Fwww.w3.org%2F2000%2Fsvg%27%20width%3D%27300%27%20height%3D%27115%27%20viewBox%3D%270%200%20300%20115%27%3E%3Crect%20width%3D%27300%27%20height%3D%27115%27%20fill-opacity%3D%220%22%2F%3E%3C%2Fsvg%3E\" data-srcset=\"https:\/\/paulinenaue.info\/wp-content\/uploads\/2017\/09\/Bhf-Paulinenaue-Ansicht-von-der-Perronseite-300x115.jpg 300w, https:\/\/paulinenaue.info\/wp-content\/uploads\/2017\/09\/Bhf-Paulinenaue-Ansicht-von-der-Perronseite.jpg 700w\" data-sizes=\"auto\" data-orig-sizes=\"(max-width: 300px) 100vw, 300px\" \/><\/a><\/p>\n<p>&nbsp;<\/p>\n<p>Mit der Gr\u00fcndung des Paulinenauer Kulturvereins e.V. hat sich im Jahre 2006 nach dem Funktionsverlust des Empfangsgeb\u00e4udes in der Nachwendezeit ein Anwalt f\u00fcr den Erhalt des noch immer stolzen Bahnhofsgeb\u00e4udes gefunden. Kulturverein und Gemeinde suchen mittlerweile gemeinsam nach M\u00f6glichkeiten f\u00fcr die Zukunft. Auch dar\u00fcber wollen die folgenden Seiten berichten.<\/p>\n<p><a href=\"https:\/\/paulinenaue.info\/index.php\/erste-schritte-in-die-zukunft-des-paulinenauer-bahnhofsgebaeude\/\">[Hier]<\/a> geht es zum Artikel <strong>&#8222;Erste Schritte in die Zukunft des Paulinenauer Bahnhofsgeb\u00e4udes&#8220;<\/strong>.<\/p>\n<p><a href=\"http:\/\/paulinenaue.info\/wp-content\/uploads\/2017\/09\/20071202_bahnhof_post_01.jpg\"><img decoding=\"async\" width=\"225\" height=\"300\" data-attachment-id=\"1431\" data-permalink=\"https:\/\/paulinenaue.info\/index.php\/erste-schritte-in-die-zukunft-des-paulinenauer-bahnhofsgebaeude\/20071202_bahnhof_post_01\/\" data-orig-file=\"https:\/\/paulinenaue.info\/wp-content\/uploads\/2017\/09\/20071202_bahnhof_post_01.jpg\" data-orig-size=\"375,500\" data-comments-opened=\"1\" data-image-meta=\"{&quot;aperture&quot;:&quot;5.6&quot;,&quot;credit&quot;:&quot;&quot;,&quot;camera&quot;:&quot;DSC-H5&quot;,&quot;caption&quot;:&quot;&quot;,&quot;created_timestamp&quot;:&quot;1196510222&quot;,&quot;copyright&quot;:&quot;&quot;,&quot;focal_length&quot;:&quot;14.2&quot;,&quot;iso&quot;:&quot;125&quot;,&quot;shutter_speed&quot;:&quot;0.002&quot;,&quot;title&quot;:&quot;&quot;,&quot;orientation&quot;:&quot;1&quot;}\" data-image-title=\"20071202_bahnhof_post_01\" data-image-description=\"\" data-image-caption=\"\" data-large-file=\"https:\/\/paulinenaue.info\/wp-content\/uploads\/2017\/09\/20071202_bahnhof_post_01.jpg\" class=\"lazyload alignnone size-medium wp-image-1431\" src=\"http:\/\/paulinenaue.info\/wp-content\/uploads\/2017\/09\/20071202_bahnhof_post_01-225x300.jpg\" data-orig-src=\"http:\/\/paulinenaue.info\/wp-content\/uploads\/2017\/09\/20071202_bahnhof_post_01-225x300.jpg\" alt=\"\" srcset=\"data:image\/svg+xml,%3Csvg%20xmlns%3D%27http%3A%2F%2Fwww.w3.org%2F2000%2Fsvg%27%20width%3D%27225%27%20height%3D%27300%27%20viewBox%3D%270%200%20225%20300%27%3E%3Crect%20width%3D%27225%27%20height%3D%27300%27%20fill-opacity%3D%220%22%2F%3E%3C%2Fsvg%3E\" data-srcset=\"https:\/\/paulinenaue.info\/wp-content\/uploads\/2017\/09\/20071202_bahnhof_post_01-225x300.jpg 225w, https:\/\/paulinenaue.info\/wp-content\/uploads\/2017\/09\/20071202_bahnhof_post_01.jpg 375w\" data-sizes=\"auto\" data-orig-sizes=\"(max-width: 225px) 100vw, 225px\" \/><\/a><\/p>\n<\/div>\n","protected":false},"excerpt":{"rendered":"<p>17.02.2008 Zukunft f\u00fcr das Bahnhofsgeb\u00e4ude Joachim Scholz Paulinenaue besitzt neben [&hellip;]<\/p>\n","protected":false},"author":3,"featured_media":1416,"comment_status":"open","ping_status":"open","sticky":false,"template":"","format":"standard","meta":{"_acf_changed":false,"_price":"","_stock":"","_tribe_ticket_header":"","_tribe_default_ticket_provider":"","_tribe_ticket_capacity":"0","_ticket_start_date":"","_ticket_end_date":"","_tribe_ticket_show_description":"","_tribe_ticket_show_not_going":false,"_tribe_ticket_use_global_stock":"","_tribe_ticket_global_stock_level":"","_global_stock_mode":"","_global_stock_cap":"","_tribe_rsvp_for_event":"","_tribe_ticket_going_count":"","_tribe_ticket_not_going_count":"","_tribe_tickets_list":"[]","_tribe_ticket_has_attendee_info_fields":false,"jetpack_post_was_ever_published":false,"_jetpack_newsletter_access":"","_jetpack_dont_email_post_to_subs":false,"_jetpack_newsletter_tier_id":0,"_jetpack_memberships_contains_paywalled_content":false,"_jetpack_memberships_contains_paid_content":false,"footnotes":"","jetpack_publicize_message":"","jetpack_publicize_feature_enabled":true,"jetpack_social_post_already_shared":true,"jetpack_social_options":{"image_generator_settings":{"template":"highway","default_image_id":0,"font":"","enabled":false},"version":2}},"categories":[1,40,102,7],"tags":[21,189,190,188,185,187],"class_list":["post-1400","post","type-post","status-publish","format-standard","has-post-thumbnail","hentry","category-allgemein","category-dorfentwicklung","category-eisenbahn","category-historie","tag-bahnhof","tag-bahnlinie","tag-empfangsgebaeude","tag-ortsgeschichte","tag-vergroesserung","tag-zukunft"],"acf":[],"yoast_head":"<!-- This site is optimized with the Yoast SEO plugin v27.5 - https:\/\/yoast.com\/product\/yoast-seo-wordpress\/ -->\n<title>160 Jahre Paulinenauer Bahnhofsgeb\u00e4ude 2007 - Paulinenaue<\/title>\n<meta name=\"robots\" content=\"index, follow, max-snippet:-1, max-image-preview:large, max-video-preview:-1\" \/>\n<link rel=\"canonical\" href=\"https:\/\/paulinenaue.info\/index.php\/160-jahre-paulinenauer-bahnhofsgebaeude-2007\/\" \/>\n<meta property=\"og:locale\" content=\"de_DE\" \/>\n<meta property=\"og:type\" content=\"article\" \/>\n<meta property=\"og:title\" content=\"160 Jahre Paulinenauer Bahnhofsgeb\u00e4ude 2007 - Paulinenaue\" \/>\n<meta property=\"og:description\" content=\"17.02.2008 Zukunft f\u00fcr das Bahnhofsgeb\u00e4ude Joachim Scholz Paulinenaue besitzt neben [&hellip;]\" \/>\n<meta property=\"og:url\" content=\"https:\/\/paulinenaue.info\/index.php\/160-jahre-paulinenauer-bahnhofsgebaeude-2007\/\" \/>\n<meta property=\"og:site_name\" content=\"Paulinenaue\" \/>\n<meta property=\"article:published_time\" content=\"2017-09-13T19:00:11+00:00\" \/>\n<meta property=\"og:image\" content=\"https:\/\/i1.wp.com\/paulinenaue.info\/wp-content\/uploads\/2017\/09\/Bhf-Paulinenaue-Ansicht-von-der-Perronseite.jpg?fit=700%2C269&ssl=1\" \/>\n\t<meta property=\"og:image:width\" content=\"700\" \/>\n\t<meta property=\"og:image:height\" content=\"269\" \/>\n\t<meta property=\"og:image:type\" content=\"image\/jpeg\" \/>\n<meta name=\"author\" content=\"Sarah\" \/>\n<meta name=\"twitter:card\" content=\"summary_large_image\" \/>\n<meta name=\"twitter:label1\" content=\"Verfasst von\" \/>\n\t<meta name=\"twitter:data1\" content=\"Sarah\" \/>\n\t<meta name=\"twitter:label2\" content=\"Gesch\u00e4tzte Lesezeit\" \/>\n\t<meta name=\"twitter:data2\" content=\"2\u00a0Minuten\" \/>\n<script type=\"application\/ld+json\" class=\"yoast-schema-graph\">{\"@context\":\"https:\\\/\\\/schema.org\",\"@graph\":[{\"@type\":\"Article\",\"@id\":\"https:\\\/\\\/paulinenaue.info\\\/index.php\\\/160-jahre-paulinenauer-bahnhofsgebaeude-2007\\\/#article\",\"isPartOf\":{\"@id\":\"https:\\\/\\\/paulinenaue.info\\\/index.php\\\/160-jahre-paulinenauer-bahnhofsgebaeude-2007\\\/\"},\"author\":{\"name\":\"Sarah\",\"@id\":\"https:\\\/\\\/paulinenaue.info\\\/#\\\/schema\\\/person\\\/e5be566a57b5b3f65d2c65a58c42325e\"},\"headline\":\"160 Jahre Paulinenauer Bahnhofsgeb\u00e4ude 2007\",\"datePublished\":\"2017-09-13T19:00:11+00:00\",\"mainEntityOfPage\":{\"@id\":\"https:\\\/\\\/paulinenaue.info\\\/index.php\\\/160-jahre-paulinenauer-bahnhofsgebaeude-2007\\\/\"},\"wordCount\":431,\"commentCount\":0,\"image\":{\"@id\":\"https:\\\/\\\/paulinenaue.info\\\/index.php\\\/160-jahre-paulinenauer-bahnhofsgebaeude-2007\\\/#primaryimage\"},\"thumbnailUrl\":\"https:\\\/\\\/paulinenaue.info\\\/wp-content\\\/uploads\\\/2017\\\/09\\\/Bhf-Paulinenaue-Ansicht-von-der-Perronseite.jpg\",\"keywords\":[\"Bahnhof\",\"Bahnlinie\",\"Empfangsgeb\u00e4ude\",\"Ortsgeschichte\",\"Vergr\u00f6\u00dferung\",\"Zukunft\"],\"articleSection\":{\"1\":\"Dorfentwicklung\",\"2\":\"Eisenbahn\",\"3\":\"Historie\"},\"inLanguage\":\"de\",\"potentialAction\":[{\"@type\":\"CommentAction\",\"name\":\"Comment\",\"target\":[\"https:\\\/\\\/paulinenaue.info\\\/index.php\\\/160-jahre-paulinenauer-bahnhofsgebaeude-2007\\\/#respond\"]}]},{\"@type\":\"WebPage\",\"@id\":\"https:\\\/\\\/paulinenaue.info\\\/index.php\\\/160-jahre-paulinenauer-bahnhofsgebaeude-2007\\\/\",\"url\":\"https:\\\/\\\/paulinenaue.info\\\/index.php\\\/160-jahre-paulinenauer-bahnhofsgebaeude-2007\\\/\",\"name\":\"160 Jahre Paulinenauer Bahnhofsgeb\u00e4ude 2007 - Paulinenaue\",\"isPartOf\":{\"@id\":\"https:\\\/\\\/paulinenaue.info\\\/#website\"},\"primaryImageOfPage\":{\"@id\":\"https:\\\/\\\/paulinenaue.info\\\/index.php\\\/160-jahre-paulinenauer-bahnhofsgebaeude-2007\\\/#primaryimage\"},\"image\":{\"@id\":\"https:\\\/\\\/paulinenaue.info\\\/index.php\\\/160-jahre-paulinenauer-bahnhofsgebaeude-2007\\\/#primaryimage\"},\"thumbnailUrl\":\"https:\\\/\\\/paulinenaue.info\\\/wp-content\\\/uploads\\\/2017\\\/09\\\/Bhf-Paulinenaue-Ansicht-von-der-Perronseite.jpg\",\"datePublished\":\"2017-09-13T19:00:11+00:00\",\"author\":{\"@id\":\"https:\\\/\\\/paulinenaue.info\\\/#\\\/schema\\\/person\\\/e5be566a57b5b3f65d2c65a58c42325e\"},\"breadcrumb\":{\"@id\":\"https:\\\/\\\/paulinenaue.info\\\/index.php\\\/160-jahre-paulinenauer-bahnhofsgebaeude-2007\\\/#breadcrumb\"},\"inLanguage\":\"de\",\"potentialAction\":[{\"@type\":\"ReadAction\",\"target\":[\"https:\\\/\\\/paulinenaue.info\\\/index.php\\\/160-jahre-paulinenauer-bahnhofsgebaeude-2007\\\/\"]}]},{\"@type\":\"ImageObject\",\"inLanguage\":\"de\",\"@id\":\"https:\\\/\\\/paulinenaue.info\\\/index.php\\\/160-jahre-paulinenauer-bahnhofsgebaeude-2007\\\/#primaryimage\",\"url\":\"https:\\\/\\\/paulinenaue.info\\\/wp-content\\\/uploads\\\/2017\\\/09\\\/Bhf-Paulinenaue-Ansicht-von-der-Perronseite.jpg\",\"contentUrl\":\"https:\\\/\\\/paulinenaue.info\\\/wp-content\\\/uploads\\\/2017\\\/09\\\/Bhf-Paulinenaue-Ansicht-von-der-Perronseite.jpg\",\"width\":\"700\",\"height\":\"269\"},{\"@type\":\"BreadcrumbList\",\"@id\":\"https:\\\/\\\/paulinenaue.info\\\/index.php\\\/160-jahre-paulinenauer-bahnhofsgebaeude-2007\\\/#breadcrumb\",\"itemListElement\":[{\"@type\":\"ListItem\",\"position\":1,\"name\":\"Home\",\"item\":\"https:\\\/\\\/paulinenaue.info\\\/\"},{\"@type\":\"ListItem\",\"position\":2,\"name\":\"160 Jahre Paulinenauer Bahnhofsgeb\u00e4ude 2007\"}]},{\"@type\":\"WebSite\",\"@id\":\"https:\\\/\\\/paulinenaue.info\\\/#website\",\"url\":\"https:\\\/\\\/paulinenaue.info\\\/\",\"name\":\"Paulinenaue\",\"description\":\"Ein Dorf im Havelland\",\"potentialAction\":[{\"@type\":\"SearchAction\",\"target\":{\"@type\":\"EntryPoint\",\"urlTemplate\":\"https:\\\/\\\/paulinenaue.info\\\/?s={search_term_string}\"},\"query-input\":{\"@type\":\"PropertyValueSpecification\",\"valueRequired\":true,\"valueName\":\"search_term_string\"}}],\"inLanguage\":\"de\"},{\"@type\":\"Person\",\"@id\":\"https:\\\/\\\/paulinenaue.info\\\/#\\\/schema\\\/person\\\/e5be566a57b5b3f65d2c65a58c42325e\",\"name\":\"Sarah\",\"url\":\"https:\\\/\\\/paulinenaue.info\\\/index.php\\\/author\\\/sarah\\\/\"}]}<\/script>\n<!-- \/ Yoast SEO plugin. -->","yoast_head_json":{"title":"160 Jahre Paulinenauer Bahnhofsgeb\u00e4ude 2007 - Paulinenaue","robots":{"index":"index","follow":"follow","max-snippet":"max-snippet:-1","max-image-preview":"max-image-preview:large","max-video-preview":"max-video-preview:-1"},"canonical":"https:\/\/paulinenaue.info\/index.php\/160-jahre-paulinenauer-bahnhofsgebaeude-2007\/","og_locale":"de_DE","og_type":"article","og_title":"160 Jahre Paulinenauer Bahnhofsgeb\u00e4ude 2007 - Paulinenaue","og_description":"17.02.2008 Zukunft f\u00fcr das Bahnhofsgeb\u00e4ude Joachim Scholz Paulinenaue besitzt neben [&hellip;]","og_url":"https:\/\/paulinenaue.info\/index.php\/160-jahre-paulinenauer-bahnhofsgebaeude-2007\/","og_site_name":"Paulinenaue","article_published_time":"2017-09-13T19:00:11+00:00","og_image":[{"width":700,"height":269,"url":"https:\/\/i1.wp.com\/paulinenaue.info\/wp-content\/uploads\/2017\/09\/Bhf-Paulinenaue-Ansicht-von-der-Perronseite.jpg?fit=700%2C269&ssl=1","type":"image\/jpeg"}],"author":"Sarah","twitter_card":"summary_large_image","twitter_misc":{"Verfasst von":"Sarah","Gesch\u00e4tzte Lesezeit":"2\u00a0Minuten"},"schema":{"@context":"https:\/\/schema.org","@graph":[{"@type":"Article","@id":"https:\/\/paulinenaue.info\/index.php\/160-jahre-paulinenauer-bahnhofsgebaeude-2007\/#article","isPartOf":{"@id":"https:\/\/paulinenaue.info\/index.php\/160-jahre-paulinenauer-bahnhofsgebaeude-2007\/"},"author":{"name":"Sarah","@id":"https:\/\/paulinenaue.info\/#\/schema\/person\/e5be566a57b5b3f65d2c65a58c42325e"},"headline":"160 Jahre Paulinenauer Bahnhofsgeb\u00e4ude 2007","datePublished":"2017-09-13T19:00:11+00:00","mainEntityOfPage":{"@id":"https:\/\/paulinenaue.info\/index.php\/160-jahre-paulinenauer-bahnhofsgebaeude-2007\/"},"wordCount":431,"commentCount":0,"image":{"@id":"https:\/\/paulinenaue.info\/index.php\/160-jahre-paulinenauer-bahnhofsgebaeude-2007\/#primaryimage"},"thumbnailUrl":"https:\/\/paulinenaue.info\/wp-content\/uploads\/2017\/09\/Bhf-Paulinenaue-Ansicht-von-der-Perronseite.jpg","keywords":["Bahnhof","Bahnlinie","Empfangsgeb\u00e4ude","Ortsgeschichte","Vergr\u00f6\u00dferung","Zukunft"],"articleSection":{"1":"Dorfentwicklung","2":"Eisenbahn","3":"Historie"},"inLanguage":"de","potentialAction":[{"@type":"CommentAction","name":"Comment","target":["https:\/\/paulinenaue.info\/index.php\/160-jahre-paulinenauer-bahnhofsgebaeude-2007\/#respond"]}]},{"@type":"WebPage","@id":"https:\/\/paulinenaue.info\/index.php\/160-jahre-paulinenauer-bahnhofsgebaeude-2007\/","url":"https:\/\/paulinenaue.info\/index.php\/160-jahre-paulinenauer-bahnhofsgebaeude-2007\/","name":"160 Jahre Paulinenauer Bahnhofsgeb\u00e4ude 2007 - Paulinenaue","isPartOf":{"@id":"https:\/\/paulinenaue.info\/#website"},"primaryImageOfPage":{"@id":"https:\/\/paulinenaue.info\/index.php\/160-jahre-paulinenauer-bahnhofsgebaeude-2007\/#primaryimage"},"image":{"@id":"https:\/\/paulinenaue.info\/index.php\/160-jahre-paulinenauer-bahnhofsgebaeude-2007\/#primaryimage"},"thumbnailUrl":"https:\/\/paulinenaue.info\/wp-content\/uploads\/2017\/09\/Bhf-Paulinenaue-Ansicht-von-der-Perronseite.jpg","datePublished":"2017-09-13T19:00:11+00:00","author":{"@id":"https:\/\/paulinenaue.info\/#\/schema\/person\/e5be566a57b5b3f65d2c65a58c42325e"},"breadcrumb":{"@id":"https:\/\/paulinenaue.info\/index.php\/160-jahre-paulinenauer-bahnhofsgebaeude-2007\/#breadcrumb"},"inLanguage":"de","potentialAction":[{"@type":"ReadAction","target":["https:\/\/paulinenaue.info\/index.php\/160-jahre-paulinenauer-bahnhofsgebaeude-2007\/"]}]},{"@type":"ImageObject","inLanguage":"de","@id":"https:\/\/paulinenaue.info\/index.php\/160-jahre-paulinenauer-bahnhofsgebaeude-2007\/#primaryimage","url":"https:\/\/paulinenaue.info\/wp-content\/uploads\/2017\/09\/Bhf-Paulinenaue-Ansicht-von-der-Perronseite.jpg","contentUrl":"https:\/\/paulinenaue.info\/wp-content\/uploads\/2017\/09\/Bhf-Paulinenaue-Ansicht-von-der-Perronseite.jpg","width":"700","height":"269"},{"@type":"BreadcrumbList","@id":"https:\/\/paulinenaue.info\/index.php\/160-jahre-paulinenauer-bahnhofsgebaeude-2007\/#breadcrumb","itemListElement":[{"@type":"ListItem","position":1,"name":"Home","item":"https:\/\/paulinenaue.info\/"},{"@type":"ListItem","position":2,"name":"160 Jahre Paulinenauer Bahnhofsgeb\u00e4ude 2007"}]},{"@type":"WebSite","@id":"https:\/\/paulinenaue.info\/#website","url":"https:\/\/paulinenaue.info\/","name":"Paulinenaue","description":"Ein Dorf im Havelland","potentialAction":[{"@type":"SearchAction","target":{"@type":"EntryPoint","urlTemplate":"https:\/\/paulinenaue.info\/?s={search_term_string}"},"query-input":{"@type":"PropertyValueSpecification","valueRequired":true,"valueName":"search_term_string"}}],"inLanguage":"de"},{"@type":"Person","@id":"https:\/\/paulinenaue.info\/#\/schema\/person\/e5be566a57b5b3f65d2c65a58c42325e","name":"Sarah","url":"https:\/\/paulinenaue.info\/index.php\/author\/sarah\/"}]}},"jetpack_publicize_connections":[],"jetpack_featured_media_url":"https:\/\/paulinenaue.info\/wp-content\/uploads\/2017\/09\/Bhf-Paulinenaue-Ansicht-von-der-Perronseite.jpg","jetpack_sharing_enabled":true,"jetpack_shortlink":"https:\/\/wp.me\/pcYhWA-mA","jetpack-related-posts":[{"id":1409,"url":"https:\/\/paulinenaue.info\/index.php\/vergroesserung-des-empfangsgebaeudes-1883\/","url_meta":{"origin":1400,"position":0},"title":"Vergr\u00f6\u00dferung des Empfangsgeb\u00e4udes 1883","author":"Sarah","date":"18. Februar 2007","format":false,"excerpt":"18.02.2007 2007: 160 Jahre Paulinenauer Bahnhofsgeb\u00e4ude Einen Bahnhof besa\u00df Paulinenaue seit der Er\u00f6ffnung der Strecke 1847. Diese Ansicht aus dem Plan zur Erweiterung des Empfangsgeb\u00e4udes datiert auf den 2. Juli 1883. Drei Jahre zuvor hatte die Paulinenaue-Neuruppiner Eisenbahn ihren Betrieb aufgenommen und Paulinenaue war zum Umsteigebahnhof geworden. So erkl\u00e4rt sich\u2026","rel":"","context":"In &quot;Allgemein&quot;","block_context":{"text":"Allgemein","link":"https:\/\/paulinenaue.info\/index.php\/category\/allgemein\/"},"img":{"alt_text":"","src":"https:\/\/i0.wp.com\/paulinenaue.info\/wp-content\/uploads\/2017\/09\/Bhf-Paulinenaue-Ansicht-von-der-Perronseite.jpg?resize=350%2C200&ssl=1","width":350,"height":200,"srcset":"https:\/\/i0.wp.com\/paulinenaue.info\/wp-content\/uploads\/2017\/09\/Bhf-Paulinenaue-Ansicht-von-der-Perronseite.jpg?resize=350%2C200&ssl=1 1x, https:\/\/i0.wp.com\/paulinenaue.info\/wp-content\/uploads\/2017\/09\/Bhf-Paulinenaue-Ansicht-von-der-Perronseite.jpg?resize=525%2C300&ssl=1 1.5x, https:\/\/i0.wp.com\/paulinenaue.info\/wp-content\/uploads\/2017\/09\/Bhf-Paulinenaue-Ansicht-von-der-Perronseite.jpg?resize=700%2C400&ssl=1 2x"},"classes":[]},{"id":1430,"url":"https:\/\/paulinenaue.info\/index.php\/erste-schritte-in-die-zukunft-des-paulinenauer-bahnhofsgebaeude\/","url_meta":{"origin":1400,"position":1},"title":"Erste Schritte in die Zukunft des Paulinenauer Bahnhofsgeb\u00e4udes","author":"Joachim Scholz","date":"3. Februar 2008","format":false,"excerpt":"Im Bahnhof k\u00f6nnte wieder das Herz des Dorfes schlagen Ein Zeichen, dass in Paulinenaues Mitte etwas in Gang kommt, ist mit dem k\u00fcrzlich sanierten Bahnhofsvorplatz bereits gesetzt. Der schmucke Platz aber hat seit seiner Fertigstellung den Handlungsbedarf beim Bahnhofsgeb\u00e4ude selbst nur noch mehr hervortreten lassen und da die Gemeinde den\u2026","rel":"","context":"In &quot;Allgemein&quot;","block_context":{"text":"Allgemein","link":"https:\/\/paulinenaue.info\/index.php\/category\/allgemein\/"},"img":{"alt_text":"","src":"https:\/\/i0.wp.com\/paulinenaue.info\/wp-content\/uploads\/2019\/01\/2007-12-01-Bahnhof.jpg?resize=350%2C200&ssl=1","width":350,"height":200,"srcset":"https:\/\/i0.wp.com\/paulinenaue.info\/wp-content\/uploads\/2019\/01\/2007-12-01-Bahnhof.jpg?resize=350%2C200&ssl=1 1x, https:\/\/i0.wp.com\/paulinenaue.info\/wp-content\/uploads\/2019\/01\/2007-12-01-Bahnhof.jpg?resize=525%2C300&ssl=1 1.5x, https:\/\/i0.wp.com\/paulinenaue.info\/wp-content\/uploads\/2019\/01\/2007-12-01-Bahnhof.jpg?resize=700%2C400&ssl=1 2x"},"classes":[]},{"id":2503,"url":"https:\/\/paulinenaue.info\/index.php\/tu-denkmalpfleger-zu-besuch-im-bahnhofsgebaeude\/","url_meta":{"origin":1400,"position":2},"title":"TU-Denkmalpfleger zu Besuch im Bahnhofsgeb\u00e4ude","author":"Joachim Scholz","date":"6. Dezember 2018","format":false,"excerpt":"Am Nikolaustag besuchte ein Seminar der Technischen Universit\u00e4t Berlin Paulinenaue, um das Bahnhofsgeb\u00e4ude zu besichtigen. Kurz vor Einbruch der Dunkelheit kam die Gruppe aus elf Studierenden und den beiden Dozentinnen Frauke Michler und Kirsten Krempelin in Paulinenaue an. Zuvor hatten sie schon in Neustadt\/Dosse und in Friesack Gespr\u00e4che gef\u00fchrt. Das\u2026","rel":"","context":"In &quot;Allgemein&quot;","block_context":{"text":"Allgemein","link":"https:\/\/paulinenaue.info\/index.php\/category\/allgemein\/"},"img":{"alt_text":"","src":"https:\/\/i0.wp.com\/paulinenaue.info\/wp-content\/uploads\/2018\/12\/2018-12-06-Seminar-TU-Berlin.jpg?resize=350%2C200&ssl=1","width":350,"height":200,"srcset":"https:\/\/i0.wp.com\/paulinenaue.info\/wp-content\/uploads\/2018\/12\/2018-12-06-Seminar-TU-Berlin.jpg?resize=350%2C200&ssl=1 1x, https:\/\/i0.wp.com\/paulinenaue.info\/wp-content\/uploads\/2018\/12\/2018-12-06-Seminar-TU-Berlin.jpg?resize=525%2C300&ssl=1 1.5x, https:\/\/i0.wp.com\/paulinenaue.info\/wp-content\/uploads\/2018\/12\/2018-12-06-Seminar-TU-Berlin.jpg?resize=700%2C400&ssl=1 2x"},"classes":[]},{"id":416036,"url":"https:\/\/paulinenaue.info\/index.php\/spaziergang-durch-den-paulinenauer-bahnhof-im-februar-2024\/","url_meta":{"origin":1400,"position":3},"title":"Spaziergang durch den Paulinenauer Bahnhof","author":"Joachim Scholz","date":"24. Februar 2024","format":false,"excerpt":"","rel":"","context":"In &quot;Allgemein&quot;","block_context":{"text":"Allgemein","link":"https:\/\/paulinenaue.info\/index.php\/category\/allgemein\/"},"img":{"alt_text":"","src":"https:\/\/i0.wp.com\/paulinenaue.info\/wp-content\/uploads\/2024\/02\/2024-02-11-Im-Bahnhof-01.jpeg?resize=350%2C200&ssl=1","width":350,"height":200,"srcset":"https:\/\/i0.wp.com\/paulinenaue.info\/wp-content\/uploads\/2024\/02\/2024-02-11-Im-Bahnhof-01.jpeg?resize=350%2C200&ssl=1 1x, https:\/\/i0.wp.com\/paulinenaue.info\/wp-content\/uploads\/2024\/02\/2024-02-11-Im-Bahnhof-01.jpeg?resize=525%2C300&ssl=1 1.5x, https:\/\/i0.wp.com\/paulinenaue.info\/wp-content\/uploads\/2024\/02\/2024-02-11-Im-Bahnhof-01.jpeg?resize=700%2C400&ssl=1 2x"},"classes":[]},{"id":168,"url":"https:\/\/paulinenaue.info\/index.php\/konsumabriss-oeffnet-wieder-den-blick-auf-den-bahnhof\/","url_meta":{"origin":1400,"position":4},"title":"Konsumabriss \u00f6ffnet wieder den Blick auf den Bahnhof","author":"Joachim Scholz","date":"8. Oktober 2010","format":false,"excerpt":"08.10.2010. Mehr als 34 Jahren war das Paulinenauer Bahnhofsgeb\u00e4ude durch den Konsum aus DDR-Zeiten verdeckt. F\u00fcr die \u00e4sthetischen Aspekte, die die historische Dorfentwicklung aufwies, gab es damals kaum Verst\u00e4ndnis. Doch seit am Freitag die Giebelfront des im Abriss befindlichen Flachbaus fiel, \u00f6ffnet sich wieder der Blick auf das imposante, wenn\u2026","rel":"","context":"In &quot;Bahnhof&quot;","block_context":{"text":"Bahnhof","link":"https:\/\/paulinenaue.info\/index.php\/category\/bahnhof\/"},"img":{"alt_text":"","src":"https:\/\/i0.wp.com\/paulinenaue.info\/wp-content\/uploads\/2016\/03\/20101008_sichtachse_bahnhof_02.jpg?resize=350%2C200&ssl=1","width":350,"height":200},"classes":[]},{"id":5006,"url":"https:\/\/paulinenaue.info\/index.php\/bahnhof-unter-strom-am-tag-des-offenen-denkmals\/","url_meta":{"origin":1400,"position":5},"title":"Bahnhof unter Strom am Tag des offenen Denkmals","author":"Joachim Scholz","date":"9. September 2019","format":false,"excerpt":"Wieder einmal lockte der \u201eTag des offenen Denkmals\u201c am ersten Septemberwochenende viele Schaulustige nach Paulinenaue. Der Kulturverein hatte daf\u00fcr gesorgt, dass das Bahnhofsgeb\u00e4ude an diesem Tag ge\u00f6ffnet wurde. Die beiden F\u00fchrungen durch das 1847 errichtete und 1883 erweiterte imposante Geb\u00e4ude besuchten ca. 60 Personen. Etwas Besonderes war die in Teilen\u2026","rel":"","context":"In &quot;Bahnhof&quot;","block_context":{"text":"Bahnhof","link":"https:\/\/paulinenaue.info\/index.php\/category\/bahnhof\/"},"img":{"alt_text":"","src":"https:\/\/i0.wp.com\/paulinenaue.info\/wp-content\/uploads\/2019\/09\/DSC05546.jpg?resize=350%2C200&ssl=1","width":350,"height":200,"srcset":"https:\/\/i0.wp.com\/paulinenaue.info\/wp-content\/uploads\/2019\/09\/DSC05546.jpg?resize=350%2C200&ssl=1 1x, https:\/\/i0.wp.com\/paulinenaue.info\/wp-content\/uploads\/2019\/09\/DSC05546.jpg?resize=525%2C300&ssl=1 1.5x, https:\/\/i0.wp.com\/paulinenaue.info\/wp-content\/uploads\/2019\/09\/DSC05546.jpg?resize=700%2C400&ssl=1 2x"},"classes":[]}],"_links":{"self":[{"href":"https:\/\/paulinenaue.info\/index.php\/wp-json\/wp\/v2\/posts\/1400","targetHints":{"allow":["GET"]}}],"collection":[{"href":"https:\/\/paulinenaue.info\/index.php\/wp-json\/wp\/v2\/posts"}],"about":[{"href":"https:\/\/paulinenaue.info\/index.php\/wp-json\/wp\/v2\/types\/post"}],"author":[{"embeddable":true,"href":"https:\/\/paulinenaue.info\/index.php\/wp-json\/wp\/v2\/users\/3"}],"replies":[{"embeddable":true,"href":"https:\/\/paulinenaue.info\/index.php\/wp-json\/wp\/v2\/comments?post=1400"}],"version-history":[{"count":5,"href":"https:\/\/paulinenaue.info\/index.php\/wp-json\/wp\/v2\/posts\/1400\/revisions"}],"predecessor-version":[{"id":1437,"href":"https:\/\/paulinenaue.info\/index.php\/wp-json\/wp\/v2\/posts\/1400\/revisions\/1437"}],"wp:featuredmedia":[{"embeddable":true,"href":"https:\/\/paulinenaue.info\/index.php\/wp-json\/wp\/v2\/media\/1416"}],"wp:attachment":[{"href":"https:\/\/paulinenaue.info\/index.php\/wp-json\/wp\/v2\/media?parent=1400"}],"wp:term":[{"taxonomy":"category","embeddable":true,"href":"https:\/\/paulinenaue.info\/index.php\/wp-json\/wp\/v2\/categories?post=1400"},{"taxonomy":"post_tag","embeddable":true,"href":"https:\/\/paulinenaue.info\/index.php\/wp-json\/wp\/v2\/tags?post=1400"}],"curies":[{"name":"wp","href":"https:\/\/api.w.org\/{rel}","templated":true}]}}