{"id":1409,"date":"2007-02-18T20:45:16","date_gmt":"2007-02-18T19:45:16","guid":{"rendered":"http:\/\/paulinenaue.info\/?p=1409"},"modified":"2025-03-28T01:30:15","modified_gmt":"2025-03-28T00:30:15","slug":"vergroesserung-des-empfangsgebaeudes-1883","status":"publish","type":"post","link":"https:\/\/paulinenaue.info\/index.php\/vergroesserung-des-empfangsgebaeudes-1883\/","title":{"rendered":"Vergr\u00f6\u00dferung des Empfangsgeb\u00e4udes 1883"},"content":{"rendered":"<p>18.02.2007<\/p>\n<h3>2007: 160 Jahre Paulinenauer Bahnhofsgeb\u00e4ude<\/h3>\n<p><a href=\"http:\/\/paulinenaue.info\/wp-content\/uploads\/2017\/09\/Bhf-Paulinenaue-Ansicht-von-der-Perronseite.jpg\"><img decoding=\"async\" width=\"300\" height=\"115\" data-attachment-id=\"1416\" data-permalink=\"https:\/\/paulinenaue.info\/index.php\/vergroesserung-des-empfangsgebaeudes-1883\/bhf-paulinenaue-ansicht-von-der-perronseite\/\" data-orig-file=\"https:\/\/paulinenaue.info\/wp-content\/uploads\/2017\/09\/Bhf-Paulinenaue-Ansicht-von-der-Perronseite.jpg\" data-orig-size=\"700,269\" data-comments-opened=\"1\" data-image-meta=\"{&quot;aperture&quot;:&quot;0&quot;,&quot;credit&quot;:&quot;&quot;,&quot;camera&quot;:&quot;&quot;,&quot;caption&quot;:&quot;&quot;,&quot;created_timestamp&quot;:&quot;0&quot;,&quot;copyright&quot;:&quot;&quot;,&quot;focal_length&quot;:&quot;0&quot;,&quot;iso&quot;:&quot;0&quot;,&quot;shutter_speed&quot;:&quot;0&quot;,&quot;title&quot;:&quot;&quot;,&quot;orientation&quot;:&quot;0&quot;}\" data-image-title=\"Bhf Paulinenaue, Ansicht von der Perronseite\" data-image-description=\"\" data-image-caption=\"\" data-large-file=\"https:\/\/paulinenaue.info\/wp-content\/uploads\/2017\/09\/Bhf-Paulinenaue-Ansicht-von-der-Perronseite.jpg\" class=\"lazyload alignnone size-medium wp-image-1416\" src=\"http:\/\/paulinenaue.info\/wp-content\/uploads\/2017\/09\/Bhf-Paulinenaue-Ansicht-von-der-Perronseite-300x115.jpg\" data-orig-src=\"http:\/\/paulinenaue.info\/wp-content\/uploads\/2017\/09\/Bhf-Paulinenaue-Ansicht-von-der-Perronseite-300x115.jpg\" alt=\"\" srcset=\"data:image\/svg+xml,%3Csvg%20xmlns%3D%27http%3A%2F%2Fwww.w3.org%2F2000%2Fsvg%27%20width%3D%27300%27%20height%3D%27115%27%20viewBox%3D%270%200%20300%20115%27%3E%3Crect%20width%3D%27300%27%20height%3D%27115%27%20fill-opacity%3D%220%22%2F%3E%3C%2Fsvg%3E\" data-srcset=\"https:\/\/paulinenaue.info\/wp-content\/uploads\/2017\/09\/Bhf-Paulinenaue-Ansicht-von-der-Perronseite-300x115.jpg 300w, https:\/\/paulinenaue.info\/wp-content\/uploads\/2017\/09\/Bhf-Paulinenaue-Ansicht-von-der-Perronseite.jpg 700w\" data-sizes=\"auto\" data-orig-sizes=\"(max-width: 300px) 100vw, 300px\" \/><\/a><\/p>\n<p>Einen Bahnhof besa\u00df Paulinenaue seit der Er\u00f6ffnung der Strecke 1847. Diese Ansicht aus dem Plan zur Erweiterung des Empfangsgeb\u00e4udes datiert auf den 2. Juli 1883. Drei Jahre zuvor hatte die Paulinenaue-Neuruppiner Eisenbahn ihren Betrieb aufgenommen und Paulinenaue war zum Umsteigebahnhof geworden. So erkl\u00e4rt sich der damals entstandene Bedarf eines gr\u00f6\u00dferen Empfangsgeb\u00e4udes.<\/p>\n<p>&nbsp;<\/p>\n<p><a href=\"http:\/\/paulinenaue.info\/wp-content\/uploads\/2017\/09\/20030802_bhf_gesamt.jpg\"><img decoding=\"async\" width=\"300\" height=\"104\" data-attachment-id=\"1410\" data-permalink=\"https:\/\/paulinenaue.info\/index.php\/vergroesserung-des-empfangsgebaeudes-1883\/20030802_bhf_gesamt\/\" data-orig-file=\"https:\/\/paulinenaue.info\/wp-content\/uploads\/2017\/09\/20030802_bhf_gesamt.jpg\" data-orig-size=\"700,243\" data-comments-opened=\"1\" data-image-meta=\"{&quot;aperture&quot;:&quot;0&quot;,&quot;credit&quot;:&quot;&quot;,&quot;camera&quot;:&quot;&quot;,&quot;caption&quot;:&quot;&quot;,&quot;created_timestamp&quot;:&quot;0&quot;,&quot;copyright&quot;:&quot;&quot;,&quot;focal_length&quot;:&quot;0&quot;,&quot;iso&quot;:&quot;0&quot;,&quot;shutter_speed&quot;:&quot;0&quot;,&quot;title&quot;:&quot;&quot;,&quot;orientation&quot;:&quot;1&quot;}\" data-image-title=\"20030802_bhf_gesamt\" data-image-description=\"\" data-image-caption=\"\" data-large-file=\"https:\/\/paulinenaue.info\/wp-content\/uploads\/2017\/09\/20030802_bhf_gesamt.jpg\" class=\"lazyload alignnone size-medium wp-image-1410\" src=\"http:\/\/paulinenaue.info\/wp-content\/uploads\/2017\/09\/20030802_bhf_gesamt-300x104.jpg\" data-orig-src=\"http:\/\/paulinenaue.info\/wp-content\/uploads\/2017\/09\/20030802_bhf_gesamt-300x104.jpg\" alt=\"\" srcset=\"data:image\/svg+xml,%3Csvg%20xmlns%3D%27http%3A%2F%2Fwww.w3.org%2F2000%2Fsvg%27%20width%3D%27300%27%20height%3D%27104%27%20viewBox%3D%270%200%20300%20104%27%3E%3Crect%20width%3D%27300%27%20height%3D%27104%27%20fill-opacity%3D%220%22%2F%3E%3C%2Fsvg%3E\" data-srcset=\"https:\/\/paulinenaue.info\/wp-content\/uploads\/2017\/09\/20030802_bhf_gesamt-300x104.jpg 300w, https:\/\/paulinenaue.info\/wp-content\/uploads\/2017\/09\/20030802_bhf_gesamt.jpg 700w\" data-sizes=\"auto\" data-orig-sizes=\"(max-width: 300px) 100vw, 300px\" \/><\/a><\/p>\n<p>Ein unverstellter Blick auf das Paulinenauer Bahnhofsgeb\u00e4ude, wie hier im Jahre 2003 festgehalten, ist durch die neuen Sicherungsz\u00e4une der ICE-Strecke heute nicht mehr m\u00f6glich. Der Paulinenauer Bahnhof ver\u00e4ndert sich, und das nicht nur in unseren Tagen. 1883 wurde der \u00e4lteste Bauteil &#8211; auf dem Foto rechts &#8211; gr\u00f6\u00dfz\u00fcgig erweitert. In der Folgenden Serie finden Sie Informationen \u00fcber den mehr als hundertj\u00e4hrigen detaillierten Bauplan, nach dem der Paulinenauer Bahnhof seine heutige Gestalt erhielt.<\/p>\n<p>&nbsp;<\/p>\n<h3>Plan zur Vergr\u00f6\u00dferung des Paulinenauer Bahnhofsgeb\u00e4udes 1883<\/h3>\n<h4>Der \u00e4lteste Teil des Bahnhofs, erbaut 1847<\/h4>\n<div id=\"attachment_1412\" style=\"width: 310px\" class=\"wp-caption alignnone\"><a href=\"http:\/\/paulinenaue.info\/wp-content\/uploads\/2017\/09\/perronseite_rechts.jpg\"><img decoding=\"async\" aria-describedby=\"caption-attachment-1412\" data-attachment-id=\"1412\" data-permalink=\"https:\/\/paulinenaue.info\/index.php\/vergroesserung-des-empfangsgebaeudes-1883\/perronseite_rechts\/\" data-orig-file=\"https:\/\/paulinenaue.info\/wp-content\/uploads\/2017\/09\/perronseite_rechts.jpg\" data-orig-size=\"600,435\" data-comments-opened=\"1\" data-image-meta=\"{&quot;aperture&quot;:&quot;0&quot;,&quot;credit&quot;:&quot;&quot;,&quot;camera&quot;:&quot;&quot;,&quot;caption&quot;:&quot;&quot;,&quot;created_timestamp&quot;:&quot;0&quot;,&quot;copyright&quot;:&quot;&quot;,&quot;focal_length&quot;:&quot;0&quot;,&quot;iso&quot;:&quot;0&quot;,&quot;shutter_speed&quot;:&quot;0&quot;,&quot;title&quot;:&quot;&quot;,&quot;orientation&quot;:&quot;1&quot;}\" data-image-title=\"perronseite_rechts\" data-image-description=\"\" data-image-caption=\"\" data-large-file=\"https:\/\/paulinenaue.info\/wp-content\/uploads\/2017\/09\/perronseite_rechts.jpg\" class=\"lazyload wp-image-1412 size-medium\" src=\"http:\/\/paulinenaue.info\/wp-content\/uploads\/2017\/09\/perronseite_rechts-300x218.jpg\" data-orig-src=\"http:\/\/paulinenaue.info\/wp-content\/uploads\/2017\/09\/perronseite_rechts-300x218.jpg\" alt=\"Der bahnseitig rechts gelegene ist der \u00e4lteste Teil des Bahnhofs. 36 Jahre existierte er als Solit\u00e4r in dieser Form.\" width=\"300\" height=\"218\" srcset=\"data:image\/svg+xml,%3Csvg%20xmlns%3D%27http%3A%2F%2Fwww.w3.org%2F2000%2Fsvg%27%20width%3D%27300%27%20height%3D%27218%27%20viewBox%3D%270%200%20300%20218%27%3E%3Crect%20width%3D%27300%27%20height%3D%27218%27%20fill-opacity%3D%220%22%2F%3E%3C%2Fsvg%3E\" data-srcset=\"https:\/\/paulinenaue.info\/wp-content\/uploads\/2017\/09\/perronseite_rechts-300x218.jpg 300w, https:\/\/paulinenaue.info\/wp-content\/uploads\/2017\/09\/perronseite_rechts.jpg 600w\" data-sizes=\"auto\" data-orig-sizes=\"(max-width: 300px) 100vw, 300px\" \/><\/a><p id=\"caption-attachment-1412\" class=\"wp-caption-text\">Der bahnseitig rechts gelegene ist der \u00e4lteste Teil des Bahnhofs. 36 Jahre existierte er als Solit\u00e4r in dieser Form.*<\/p><\/div>\n<div id=\"attachment_1413\" style=\"width: 310px\" class=\"wp-caption alignnone\"><a href=\"http:\/\/paulinenaue.info\/wp-content\/uploads\/2017\/09\/perronseite_rechts_schnitt.jpg\"><img decoding=\"async\" aria-describedby=\"caption-attachment-1413\" data-attachment-id=\"1413\" data-permalink=\"https:\/\/paulinenaue.info\/index.php\/vergroesserung-des-empfangsgebaeudes-1883\/perronseite_rechts_schnitt\/\" data-orig-file=\"https:\/\/paulinenaue.info\/wp-content\/uploads\/2017\/09\/perronseite_rechts_schnitt.jpg\" data-orig-size=\"500,469\" data-comments-opened=\"1\" data-image-meta=\"{&quot;aperture&quot;:&quot;0&quot;,&quot;credit&quot;:&quot;&quot;,&quot;camera&quot;:&quot;&quot;,&quot;caption&quot;:&quot;&quot;,&quot;created_timestamp&quot;:&quot;0&quot;,&quot;copyright&quot;:&quot;&quot;,&quot;focal_length&quot;:&quot;0&quot;,&quot;iso&quot;:&quot;0&quot;,&quot;shutter_speed&quot;:&quot;0&quot;,&quot;title&quot;:&quot;&quot;,&quot;orientation&quot;:&quot;1&quot;}\" data-image-title=\"perronseite_rechts_schnitt\" data-image-description=\"\" data-image-caption=\"\" data-large-file=\"https:\/\/paulinenaue.info\/wp-content\/uploads\/2017\/09\/perronseite_rechts_schnitt.jpg\" class=\"lazyload wp-image-1413 size-medium\" src=\"http:\/\/paulinenaue.info\/wp-content\/uploads\/2017\/09\/perronseite_rechts_schnitt-300x281.jpg\" data-orig-src=\"http:\/\/paulinenaue.info\/wp-content\/uploads\/2017\/09\/perronseite_rechts_schnitt-300x281.jpg\" alt=\"Der L\u00e4ngsschnitt durch das Geb\u00e4ude zeigt sogar die Kellergew\u00f6lbe.\" width=\"300\" height=\"281\" srcset=\"data:image\/svg+xml,%3Csvg%20xmlns%3D%27http%3A%2F%2Fwww.w3.org%2F2000%2Fsvg%27%20width%3D%27300%27%20height%3D%27281%27%20viewBox%3D%270%200%20300%20281%27%3E%3Crect%20width%3D%27300%27%20height%3D%27281%27%20fill-opacity%3D%220%22%2F%3E%3C%2Fsvg%3E\" data-srcset=\"https:\/\/paulinenaue.info\/wp-content\/uploads\/2017\/09\/perronseite_rechts_schnitt-300x281.jpg 300w, https:\/\/paulinenaue.info\/wp-content\/uploads\/2017\/09\/perronseite_rechts_schnitt.jpg 500w\" data-sizes=\"auto\" data-orig-sizes=\"(max-width: 300px) 100vw, 300px\" \/><\/a><p id=\"caption-attachment-1413\" class=\"wp-caption-text\">Der L\u00e4ngsschnitt durch das Geb\u00e4ude zeigt sogar die Kellergew\u00f6lbe.*<\/p><\/div>\n<div id=\"attachment_1411\" style=\"width: 310px\" class=\"wp-caption alignnone\"><a href=\"http:\/\/paulinenaue.info\/wp-content\/uploads\/2017\/09\/grundriss_rechts.jpg\"><img decoding=\"async\" aria-describedby=\"caption-attachment-1411\" data-attachment-id=\"1411\" data-permalink=\"https:\/\/paulinenaue.info\/index.php\/vergroesserung-des-empfangsgebaeudes-1883\/grundriss_rechts\/\" data-orig-file=\"https:\/\/paulinenaue.info\/wp-content\/uploads\/2017\/09\/grundriss_rechts.jpg\" data-orig-size=\"600,453\" data-comments-opened=\"1\" data-image-meta=\"{&quot;aperture&quot;:&quot;0&quot;,&quot;credit&quot;:&quot;&quot;,&quot;camera&quot;:&quot;&quot;,&quot;caption&quot;:&quot;&quot;,&quot;created_timestamp&quot;:&quot;0&quot;,&quot;copyright&quot;:&quot;&quot;,&quot;focal_length&quot;:&quot;0&quot;,&quot;iso&quot;:&quot;0&quot;,&quot;shutter_speed&quot;:&quot;0&quot;,&quot;title&quot;:&quot;&quot;,&quot;orientation&quot;:&quot;1&quot;}\" data-image-title=\"grundriss_rechts\" data-image-description=\"\" data-image-caption=\"\" data-large-file=\"https:\/\/paulinenaue.info\/wp-content\/uploads\/2017\/09\/grundriss_rechts.jpg\" class=\"lazyload wp-image-1411 size-medium\" src=\"http:\/\/paulinenaue.info\/wp-content\/uploads\/2017\/09\/grundriss_rechts-300x227.jpg\" data-orig-src=\"http:\/\/paulinenaue.info\/wp-content\/uploads\/2017\/09\/grundriss_rechts-300x227.jpg\" alt=\"Zum Dorf hin und damit in etwas ruhigerer Lage ist im Plan die Wohnung des Stationsvorstehers verzeichnet. 1883 hie\u00df der Paulinenauer Stationsvorsteher Degen. Auf der Bahnsteigseite dagegen befanden sich Schalterzimmer, Postdienstzimmer, und ein Packraum. Wo heute der Zugang zu den Gleisen erfolgt, war ein Ladeperron vorgesehen. \" width=\"300\" height=\"227\" srcset=\"data:image\/svg+xml,%3Csvg%20xmlns%3D%27http%3A%2F%2Fwww.w3.org%2F2000%2Fsvg%27%20width%3D%27300%27%20height%3D%27227%27%20viewBox%3D%270%200%20300%20227%27%3E%3Crect%20width%3D%27300%27%20height%3D%27227%27%20fill-opacity%3D%220%22%2F%3E%3C%2Fsvg%3E\" data-srcset=\"https:\/\/paulinenaue.info\/wp-content\/uploads\/2017\/09\/grundriss_rechts-300x227.jpg 300w, https:\/\/paulinenaue.info\/wp-content\/uploads\/2017\/09\/grundriss_rechts.jpg 600w\" data-sizes=\"auto\" data-orig-sizes=\"(max-width: 300px) 100vw, 300px\" \/><\/a><p id=\"caption-attachment-1411\" class=\"wp-caption-text\">Zum Dorf hin und damit in etwas ruhigerer Lage ist im Plan die Wohnung des Stationsvorstehers verzeichnet. 1883 hie\u00df der Paulinenauer Stationsvorsteher Degen. Auf der Bahnsteigseite dagegen befanden sich Schalterzimmer, Postdienstzimmer, und ein Packraum. Wo heute der Zugang zu den Gleisen erfolgt, war ein Ladeperron vorgesehen.*<\/p><\/div>\n<div id=\"attachment_1414\" style=\"width: 296px\" class=\"wp-caption alignnone\"><a href=\"http:\/\/paulinenaue.info\/wp-content\/uploads\/2017\/09\/1938_rechts.jpg\"><img decoding=\"async\" aria-describedby=\"caption-attachment-1414\" data-attachment-id=\"1414\" data-permalink=\"https:\/\/paulinenaue.info\/index.php\/vergroesserung-des-empfangsgebaeudes-1883\/1938_rechts\/\" data-orig-file=\"https:\/\/paulinenaue.info\/wp-content\/uploads\/2017\/09\/1938_rechts.jpg\" data-orig-size=\"500,524\" data-comments-opened=\"1\" data-image-meta=\"{&quot;aperture&quot;:&quot;0&quot;,&quot;credit&quot;:&quot;&quot;,&quot;camera&quot;:&quot;&quot;,&quot;caption&quot;:&quot;&quot;,&quot;created_timestamp&quot;:&quot;0&quot;,&quot;copyright&quot;:&quot;&quot;,&quot;focal_length&quot;:&quot;0&quot;,&quot;iso&quot;:&quot;0&quot;,&quot;shutter_speed&quot;:&quot;0&quot;,&quot;title&quot;:&quot;&quot;,&quot;orientation&quot;:&quot;1&quot;}\" data-image-title=\"1938_rechts\" data-image-description=\"\" data-image-caption=\"\" data-large-file=\"https:\/\/paulinenaue.info\/wp-content\/uploads\/2017\/09\/1938_rechts.jpg\" class=\"lazyload wp-image-1414 size-medium\" src=\"http:\/\/paulinenaue.info\/wp-content\/uploads\/2017\/09\/1938_rechts-286x300.jpg\" data-orig-src=\"http:\/\/paulinenaue.info\/wp-content\/uploads\/2017\/09\/1938_rechts-286x300.jpg\" alt=\"Der Paulinenauer Bahnhof in den 1930er Jahren. Heute ist dieser Bauteil die \u00e4lteste in ihrer urspr\u00fcnglichen Form erhaltene Bausubstanz in Paulinenaue.\" width=\"286\" height=\"300\" srcset=\"data:image\/svg+xml,%3Csvg%20xmlns%3D%27http%3A%2F%2Fwww.w3.org%2F2000%2Fsvg%27%20width%3D%27286%27%20height%3D%27300%27%20viewBox%3D%270%200%20286%20300%27%3E%3Crect%20width%3D%27286%27%20height%3D%27300%27%20fill-opacity%3D%220%22%2F%3E%3C%2Fsvg%3E\" data-srcset=\"https:\/\/paulinenaue.info\/wp-content\/uploads\/2017\/09\/1938_rechts-286x300.jpg 286w, https:\/\/paulinenaue.info\/wp-content\/uploads\/2017\/09\/1938_rechts.jpg 500w\" data-sizes=\"auto\" data-orig-sizes=\"(max-width: 286px) 100vw, 286px\" \/><\/a><p id=\"caption-attachment-1414\" class=\"wp-caption-text\">Der Paulinenauer Bahnhof in den 1930er Jahren. Heute ist dieser Bauteil die \u00e4lteste in ihrer urspr\u00fcnglichen Form erhaltene Bausubstanz in Paulinenaue.*<\/p><\/div>\n<p>*Abbildungen: Deutsche Bahn AG, Abteilung Konzerngeschichte\/Historische Sammlung (KCP) Berlin; Foto: Sammlung Joachim Scholz.<\/p>\n<h4><\/h4>\n<p>&nbsp;<\/p>\n<h4>Mittelteil mit Vestib\u00fcl, B\u00fcros und Wartesaal 3. und 4. Klasse<\/h4>\n<div id=\"attachment_1418\" style=\"width: 310px\" class=\"wp-caption alignnone\"><a href=\"http:\/\/paulinenaue.info\/wp-content\/uploads\/2017\/09\/perronseite_mitte.jpg\"><img decoding=\"async\" aria-describedby=\"caption-attachment-1418\" data-attachment-id=\"1418\" data-permalink=\"https:\/\/paulinenaue.info\/index.php\/vergroesserung-des-empfangsgebaeudes-1883\/perronseite_mitte\/\" data-orig-file=\"https:\/\/paulinenaue.info\/wp-content\/uploads\/2017\/09\/perronseite_mitte.jpg\" data-orig-size=\"600,272\" data-comments-opened=\"1\" data-image-meta=\"{&quot;aperture&quot;:&quot;0&quot;,&quot;credit&quot;:&quot;&quot;,&quot;camera&quot;:&quot;&quot;,&quot;caption&quot;:&quot;&quot;,&quot;created_timestamp&quot;:&quot;0&quot;,&quot;copyright&quot;:&quot;&quot;,&quot;focal_length&quot;:&quot;0&quot;,&quot;iso&quot;:&quot;0&quot;,&quot;shutter_speed&quot;:&quot;0&quot;,&quot;title&quot;:&quot;&quot;,&quot;orientation&quot;:&quot;1&quot;}\" data-image-title=\"perronseite_mitte\" data-image-description=\"\" data-image-caption=\"\" data-large-file=\"https:\/\/paulinenaue.info\/wp-content\/uploads\/2017\/09\/perronseite_mitte.jpg\" class=\"lazyload wp-image-1418 size-medium\" src=\"http:\/\/paulinenaue.info\/wp-content\/uploads\/2017\/09\/perronseite_mitte-300x136.jpg\" data-orig-src=\"http:\/\/paulinenaue.info\/wp-content\/uploads\/2017\/09\/perronseite_mitte-300x136.jpg\" alt=\"Durch das &quot;Vestib\u00fcl&quot; tritt man, vom Dorf kommend, auf den Bahnsteig. Das war auch noch 100 Jahre sp\u00e4ter so \u00fcblich.\" width=\"300\" height=\"136\" srcset=\"data:image\/svg+xml,%3Csvg%20xmlns%3D%27http%3A%2F%2Fwww.w3.org%2F2000%2Fsvg%27%20width%3D%27300%27%20height%3D%27136%27%20viewBox%3D%270%200%20300%20136%27%3E%3Crect%20width%3D%27300%27%20height%3D%27136%27%20fill-opacity%3D%220%22%2F%3E%3C%2Fsvg%3E\" data-srcset=\"https:\/\/paulinenaue.info\/wp-content\/uploads\/2017\/09\/perronseite_mitte-300x136.jpg 300w, https:\/\/paulinenaue.info\/wp-content\/uploads\/2017\/09\/perronseite_mitte.jpg 600w\" data-sizes=\"auto\" data-orig-sizes=\"(max-width: 300px) 100vw, 300px\" \/><\/a><p id=\"caption-attachment-1418\" class=\"wp-caption-text\">Durch das &#8222;Vestib\u00fcl&#8220; tritt man, vom Dorf kommend, auf den Bahnsteig. Das war auch noch 100 Jahre sp\u00e4ter so \u00fcblich.*<\/p><\/div>\n<div id=\"attachment_1419\" style=\"width: 310px\" class=\"wp-caption alignnone\"><a href=\"http:\/\/paulinenaue.info\/wp-content\/uploads\/2017\/09\/perronseite_mitte_schnitt.jpg\"><img decoding=\"async\" aria-describedby=\"caption-attachment-1419\" data-attachment-id=\"1419\" data-permalink=\"https:\/\/paulinenaue.info\/index.php\/vergroesserung-des-empfangsgebaeudes-1883\/perronseite_mitte_schnitt\/\" data-orig-file=\"https:\/\/paulinenaue.info\/wp-content\/uploads\/2017\/09\/perronseite_mitte_schnitt.jpg\" data-orig-size=\"600,278\" data-comments-opened=\"1\" data-image-meta=\"{&quot;aperture&quot;:&quot;0&quot;,&quot;credit&quot;:&quot;&quot;,&quot;camera&quot;:&quot;&quot;,&quot;caption&quot;:&quot;&quot;,&quot;created_timestamp&quot;:&quot;0&quot;,&quot;copyright&quot;:&quot;&quot;,&quot;focal_length&quot;:&quot;0&quot;,&quot;iso&quot;:&quot;0&quot;,&quot;shutter_speed&quot;:&quot;0&quot;,&quot;title&quot;:&quot;&quot;,&quot;orientation&quot;:&quot;1&quot;}\" data-image-title=\"perronseite_mitte_schnitt\" data-image-description=\"\" data-image-caption=\"\" data-large-file=\"https:\/\/paulinenaue.info\/wp-content\/uploads\/2017\/09\/perronseite_mitte_schnitt.jpg\" class=\"lazyload wp-image-1419 size-medium\" src=\"http:\/\/paulinenaue.info\/wp-content\/uploads\/2017\/09\/perronseite_mitte_schnitt-300x139.jpg\" data-orig-src=\"http:\/\/paulinenaue.info\/wp-content\/uploads\/2017\/09\/perronseite_mitte_schnitt-300x139.jpg\" alt=\"L\u00e4ngsschnitt durch den mittleren Teil des Bahnhofs. Im Dachgeschoss links, \u00fcber dem Wartesaal f\u00fcr die dritte und vierte Klasse, ist ein h\u00f6lzernes Deckengew\u00f6lbe zu erkennen, das noch heute hinter einer Zwischendecke existiert (s. auch Foto unten).\" width=\"300\" height=\"139\" srcset=\"data:image\/svg+xml,%3Csvg%20xmlns%3D%27http%3A%2F%2Fwww.w3.org%2F2000%2Fsvg%27%20width%3D%27300%27%20height%3D%27139%27%20viewBox%3D%270%200%20300%20139%27%3E%3Crect%20width%3D%27300%27%20height%3D%27139%27%20fill-opacity%3D%220%22%2F%3E%3C%2Fsvg%3E\" data-srcset=\"https:\/\/paulinenaue.info\/wp-content\/uploads\/2017\/09\/perronseite_mitte_schnitt-300x139.jpg 300w, https:\/\/paulinenaue.info\/wp-content\/uploads\/2017\/09\/perronseite_mitte_schnitt.jpg 600w\" data-sizes=\"auto\" data-orig-sizes=\"(max-width: 300px) 100vw, 300px\" \/><\/a><p id=\"caption-attachment-1419\" class=\"wp-caption-text\">L\u00e4ngsschnitt durch den mittleren Teil des Bahnhofs. Im Dachgeschoss links, \u00fcber dem Wartesaal f\u00fcr die dritte und vierte Klasse, ist ein h\u00f6lzernes Deckengew\u00f6lbe zu erkennen, das noch heute hinter einer Zwischendecke existiert (s. auch Foto unten).*<\/p><\/div>\n<div id=\"attachment_1417\" style=\"width: 310px\" class=\"wp-caption alignnone\"><a href=\"http:\/\/paulinenaue.info\/wp-content\/uploads\/2017\/09\/grundriss_mitte.jpg\"><img decoding=\"async\" aria-describedby=\"caption-attachment-1417\" data-attachment-id=\"1417\" data-permalink=\"https:\/\/paulinenaue.info\/index.php\/vergroesserung-des-empfangsgebaeudes-1883\/grundriss_mitte\/\" data-orig-file=\"https:\/\/paulinenaue.info\/wp-content\/uploads\/2017\/09\/grundriss_mitte.jpg\" data-orig-size=\"600,461\" data-comments-opened=\"1\" data-image-meta=\"{&quot;aperture&quot;:&quot;0&quot;,&quot;credit&quot;:&quot;&quot;,&quot;camera&quot;:&quot;&quot;,&quot;caption&quot;:&quot;&quot;,&quot;created_timestamp&quot;:&quot;0&quot;,&quot;copyright&quot;:&quot;&quot;,&quot;focal_length&quot;:&quot;0&quot;,&quot;iso&quot;:&quot;0&quot;,&quot;shutter_speed&quot;:&quot;0&quot;,&quot;title&quot;:&quot;&quot;,&quot;orientation&quot;:&quot;1&quot;}\" data-image-title=\"grundriss_mitte\" data-image-description=\"\" data-image-caption=\"\" data-large-file=\"https:\/\/paulinenaue.info\/wp-content\/uploads\/2017\/09\/grundriss_mitte.jpg\" class=\"lazyload wp-image-1417 size-medium\" src=\"http:\/\/paulinenaue.info\/wp-content\/uploads\/2017\/09\/grundriss_mitte-300x231.jpg\" data-orig-src=\"http:\/\/paulinenaue.info\/wp-content\/uploads\/2017\/09\/grundriss_mitte-300x231.jpg\" alt=\"Der Grundriss des Erdgeschosses l\u00e4sst erahnen, wie personalintensiv der Bahnhof vor 120 Jahren betrieben wurde. F\u00fcr 1883, das Jahr, aus dem der Plan stammt, verzeichnen allein die Schulakten mehr als zehn auf dem Bahnhof besch\u00e4ftigte Personen: neben Stations-Vorsteher Degen den Restaurateur Valentin, vier Weichensteller (Pischel, Wingert, Zernikow und Frielitz) und f\u00fcnf W\u00e4rter (Freier, Jacob, Gerber, Blankenburg und Drewicke). 1904 werden auch noch ein Bahnhofswirt und ein Bahnhofsschaffner genannt. Heute arbeitet niemand mehr im Paulinenauer Bahnhofsgeb\u00e4ude.\" width=\"300\" height=\"231\" srcset=\"data:image\/svg+xml,%3Csvg%20xmlns%3D%27http%3A%2F%2Fwww.w3.org%2F2000%2Fsvg%27%20width%3D%27300%27%20height%3D%27231%27%20viewBox%3D%270%200%20300%20231%27%3E%3Crect%20width%3D%27300%27%20height%3D%27231%27%20fill-opacity%3D%220%22%2F%3E%3C%2Fsvg%3E\" data-srcset=\"https:\/\/paulinenaue.info\/wp-content\/uploads\/2017\/09\/grundriss_mitte-300x231.jpg 300w, https:\/\/paulinenaue.info\/wp-content\/uploads\/2017\/09\/grundriss_mitte.jpg 600w\" data-sizes=\"auto\" data-orig-sizes=\"(max-width: 300px) 100vw, 300px\" \/><\/a><p id=\"caption-attachment-1417\" class=\"wp-caption-text\">Der Grundriss des Erdgeschosses l\u00e4sst erahnen, wie personalintensiv der Bahnhof vor 120 Jahren betrieben wurde. F\u00fcr 1883, das Jahr, aus dem der Plan stammt, verzeichnen allein die Schulakten mehr als zehn auf dem Bahnhof besch\u00e4ftigte Personen: neben Stations-Vorsteher Degen den Restaurateur Valentin, vier Weichensteller (Pischel, Wingert, Zernikow und Frielitz) und f\u00fcnf W\u00e4rter (Freier, Jacob, Gerber, Blankenburg und Drewicke). 1904 werden auch noch ein Bahnhofswirt und ein Bahnhofsschaffner genannt. Heute arbeitet niemand mehr im Paulinenauer Bahnhofsgeb\u00e4ude.*<\/p><\/div>\n<h3><\/h3>\n<div id=\"attachment_1420\" style=\"width: 310px\" class=\"wp-caption alignnone\"><a href=\"http:\/\/paulinenaue.info\/wp-content\/uploads\/2017\/09\/20031225_bhf_dachgeschoss.jpg\"><img decoding=\"async\" aria-describedby=\"caption-attachment-1420\" data-attachment-id=\"1420\" data-permalink=\"https:\/\/paulinenaue.info\/index.php\/vergroesserung-des-empfangsgebaeudes-1883\/20031225_bhf_dachgeschoss\/\" data-orig-file=\"https:\/\/paulinenaue.info\/wp-content\/uploads\/2017\/09\/20031225_bhf_dachgeschoss.jpg\" data-orig-size=\"500,351\" data-comments-opened=\"1\" data-image-meta=\"{&quot;aperture&quot;:&quot;2.8&quot;,&quot;credit&quot;:&quot;&quot;,&quot;camera&quot;:&quot;DSC-P72&quot;,&quot;caption&quot;:&quot;&quot;,&quot;created_timestamp&quot;:&quot;1072376287&quot;,&quot;copyright&quot;:&quot;&quot;,&quot;focal_length&quot;:&quot;6&quot;,&quot;iso&quot;:&quot;200&quot;,&quot;shutter_speed&quot;:&quot;0.025&quot;,&quot;title&quot;:&quot;&quot;,&quot;orientation&quot;:&quot;1&quot;}\" data-image-title=\"20031225_bhf_dachgeschoss\" data-image-description=\"\" data-image-caption=\"\" data-large-file=\"https:\/\/paulinenaue.info\/wp-content\/uploads\/2017\/09\/20031225_bhf_dachgeschoss.jpg\" class=\"lazyload wp-image-1420 size-medium\" src=\"http:\/\/paulinenaue.info\/wp-content\/uploads\/2017\/09\/20031225_bhf_dachgeschoss-300x211.jpg\" data-orig-src=\"http:\/\/paulinenaue.info\/wp-content\/uploads\/2017\/09\/20031225_bhf_dachgeschoss-300x211.jpg\" alt=\"Seit dem Einzug einer Zwischendecke 1935 entzieht sich das Deckengew\u00f6lbe \u00fcber dem Wartesaal, der sp\u00e4ter als Bahnhofsgastst\u00e4tte genutzt wurde, den Blicken.\" width=\"300\" height=\"211\" srcset=\"data:image\/svg+xml,%3Csvg%20xmlns%3D%27http%3A%2F%2Fwww.w3.org%2F2000%2Fsvg%27%20width%3D%27300%27%20height%3D%27211%27%20viewBox%3D%270%200%20300%20211%27%3E%3Crect%20width%3D%27300%27%20height%3D%27211%27%20fill-opacity%3D%220%22%2F%3E%3C%2Fsvg%3E\" data-srcset=\"https:\/\/paulinenaue.info\/wp-content\/uploads\/2017\/09\/20031225_bhf_dachgeschoss-300x211.jpg 300w, https:\/\/paulinenaue.info\/wp-content\/uploads\/2017\/09\/20031225_bhf_dachgeschoss.jpg 500w\" data-sizes=\"auto\" data-orig-sizes=\"(max-width: 300px) 100vw, 300px\" \/><\/a><p id=\"caption-attachment-1420\" class=\"wp-caption-text\">Seit dem Einzug einer Zwischendecke 1935 entzieht sich das Deckengew\u00f6lbe \u00fcber dem Wartesaal, der sp\u00e4ter als Bahnhofsgastst\u00e4tte genutzt wurde, den Blicken.*<\/p><\/div>\n<p>*Abbildung: Deutsche Bahn AG, Abteilung Konzerngeschichte\/Historische Sammlung (KCP) Berlin; Foto: Joachim Scholz, 2003.<\/p>\n<p>&nbsp;<\/p>\n<h4>Linker Anbau mit Turmgeb\u00e4ude<\/h4>\n<div id=\"attachment_1422\" style=\"width: 276px\" class=\"wp-caption alignnone\"><a href=\"http:\/\/paulinenaue.info\/wp-content\/uploads\/2017\/09\/perronseite_links_aufriss.jpg\"><img decoding=\"async\" aria-describedby=\"caption-attachment-1422\" data-attachment-id=\"1422\" data-permalink=\"https:\/\/paulinenaue.info\/index.php\/vergroesserung-des-empfangsgebaeudes-1883\/perronseite_links_aufriss\/\" data-orig-file=\"https:\/\/paulinenaue.info\/wp-content\/uploads\/2017\/09\/perronseite_links_aufriss.jpg\" data-orig-size=\"500,563\" data-comments-opened=\"1\" data-image-meta=\"{&quot;aperture&quot;:&quot;0&quot;,&quot;credit&quot;:&quot;&quot;,&quot;camera&quot;:&quot;&quot;,&quot;caption&quot;:&quot;&quot;,&quot;created_timestamp&quot;:&quot;0&quot;,&quot;copyright&quot;:&quot;&quot;,&quot;focal_length&quot;:&quot;0&quot;,&quot;iso&quot;:&quot;0&quot;,&quot;shutter_speed&quot;:&quot;0&quot;,&quot;title&quot;:&quot;&quot;,&quot;orientation&quot;:&quot;1&quot;}\" data-image-title=\"perronseite_links_aufriss\" data-image-description=\"\" data-image-caption=\"\" data-large-file=\"https:\/\/paulinenaue.info\/wp-content\/uploads\/2017\/09\/perronseite_links_aufriss.jpg\" class=\"lazyload wp-image-1422 size-medium\" src=\"http:\/\/paulinenaue.info\/wp-content\/uploads\/2017\/09\/perronseite_links_aufriss-266x300.jpg\" data-orig-src=\"http:\/\/paulinenaue.info\/wp-content\/uploads\/2017\/09\/perronseite_links_aufriss-266x300.jpg\" alt=\"M\u00f6glicherweise war die geplante, mehr als vier Meter hohe Antenne auf dem Bahnhof Grund f\u00fcr die Errichtung des markanten Turmgeb\u00e4udes. Ob die Antenne hier jemals gestanden hat, ist allerdings zweifelhaft. Auf den \u00e4ltesten Fotografien des Bahnhofs, die um die Jahrhundertwende entstanden, stehen eine - zeitweise auch zwei - Antennen im Mittelbereich des Bahnhofs, nicht aber auf dem Turm.\" width=\"266\" height=\"300\" srcset=\"data:image\/svg+xml,%3Csvg%20xmlns%3D%27http%3A%2F%2Fwww.w3.org%2F2000%2Fsvg%27%20width%3D%27266%27%20height%3D%27300%27%20viewBox%3D%270%200%20266%20300%27%3E%3Crect%20width%3D%27266%27%20height%3D%27300%27%20fill-opacity%3D%220%22%2F%3E%3C%2Fsvg%3E\" data-srcset=\"https:\/\/paulinenaue.info\/wp-content\/uploads\/2017\/09\/perronseite_links_aufriss-266x300.jpg 266w, https:\/\/paulinenaue.info\/wp-content\/uploads\/2017\/09\/perronseite_links_aufriss.jpg 500w\" data-sizes=\"auto\" data-orig-sizes=\"(max-width: 266px) 100vw, 266px\" \/><\/a><p id=\"caption-attachment-1422\" class=\"wp-caption-text\">M\u00f6glicherweise war die geplante, mehr als vier Meter hohe Antenne auf dem Bahnhof Grund f\u00fcr die Errichtung des markanten Turmgeb\u00e4udes. Ob die Antenne hier jemals gestanden hat, ist allerdings zweifelhaft. Auf den \u00e4ltesten Fotografien des Bahnhofs, die um die Jahrhundertwende entstanden, stehen eine &#8211; zeitweise auch zwei &#8211; Antennen im Mittelbereich des Bahnhofs, nicht aber auf dem Turm.*<\/p><\/div>\n<div id=\"attachment_1423\" style=\"width: 310px\" class=\"wp-caption alignnone\"><a href=\"http:\/\/paulinenaue.info\/wp-content\/uploads\/2017\/09\/perronseite_links_schnitt.jpg\"><img decoding=\"async\" aria-describedby=\"caption-attachment-1423\" data-attachment-id=\"1423\" data-permalink=\"https:\/\/paulinenaue.info\/index.php\/vergroesserung-des-empfangsgebaeudes-1883\/perronseite_links_schnitt\/\" data-orig-file=\"https:\/\/paulinenaue.info\/wp-content\/uploads\/2017\/09\/perronseite_links_schnitt.jpg\" data-orig-size=\"500,488\" data-comments-opened=\"1\" data-image-meta=\"{&quot;aperture&quot;:&quot;0&quot;,&quot;credit&quot;:&quot;&quot;,&quot;camera&quot;:&quot;&quot;,&quot;caption&quot;:&quot;&quot;,&quot;created_timestamp&quot;:&quot;0&quot;,&quot;copyright&quot;:&quot;&quot;,&quot;focal_length&quot;:&quot;0&quot;,&quot;iso&quot;:&quot;0&quot;,&quot;shutter_speed&quot;:&quot;0&quot;,&quot;title&quot;:&quot;&quot;,&quot;orientation&quot;:&quot;1&quot;}\" data-image-title=\"perronseite_links_schnitt\" data-image-description=\"\" data-image-caption=\"\" data-large-file=\"https:\/\/paulinenaue.info\/wp-content\/uploads\/2017\/09\/perronseite_links_schnitt.jpg\" class=\"lazyload wp-image-1423 size-medium\" src=\"http:\/\/paulinenaue.info\/wp-content\/uploads\/2017\/09\/perronseite_links_schnitt-300x293.jpg\" data-orig-src=\"http:\/\/paulinenaue.info\/wp-content\/uploads\/2017\/09\/perronseite_links_schnitt-300x293.jpg\" alt=\"Der Schnitt durch das Bahnhofsgeb\u00e4ude verzichtet an dieser Stelle nicht auf die Darstellung der reichen Auskleidung des 66 qm gro\u00dfen Warteraums f\u00fcr die erste und zweite Klasse. Lange Aufenthalte in Paulinenaue waren keine Seltenheit. Viele Reisende vertrieben sich die Wartezeit mit Postkartenschreiben. \" width=\"300\" height=\"293\" srcset=\"data:image\/svg+xml,%3Csvg%20xmlns%3D%27http%3A%2F%2Fwww.w3.org%2F2000%2Fsvg%27%20width%3D%27300%27%20height%3D%27293%27%20viewBox%3D%270%200%20300%20293%27%3E%3Crect%20width%3D%27300%27%20height%3D%27293%27%20fill-opacity%3D%220%22%2F%3E%3C%2Fsvg%3E\" data-srcset=\"https:\/\/paulinenaue.info\/wp-content\/uploads\/2017\/09\/perronseite_links_schnitt-300x293.jpg 300w, https:\/\/paulinenaue.info\/wp-content\/uploads\/2017\/09\/perronseite_links_schnitt.jpg 500w\" data-sizes=\"auto\" data-orig-sizes=\"(max-width: 300px) 100vw, 300px\" \/><\/a><p id=\"caption-attachment-1423\" class=\"wp-caption-text\">Der Schnitt durch das Bahnhofsgeb\u00e4ude verzichtet an dieser Stelle nicht auf die Darstellung der reichen Auskleidung des 66 qm gro\u00dfen Warteraums f\u00fcr die erste und zweite Klasse. Lange Aufenthalte in Paulinenaue waren keine Seltenheit. Viele Reisende vertrieben sich die Wartezeit mit Postkartenschreiben.*<\/p><\/div>\n<div id=\"attachment_1425\" style=\"width: 254px\" class=\"wp-caption alignnone\"><a href=\"http:\/\/paulinenaue.info\/wp-content\/uploads\/2017\/09\/grundriss_links.jpg\"><img decoding=\"async\" aria-describedby=\"caption-attachment-1425\" data-attachment-id=\"1425\" data-permalink=\"https:\/\/paulinenaue.info\/index.php\/vergroesserung-des-empfangsgebaeudes-1883\/grundriss_links\/\" data-orig-file=\"https:\/\/paulinenaue.info\/wp-content\/uploads\/2017\/09\/grundriss_links.jpg\" data-orig-size=\"500,614\" data-comments-opened=\"1\" data-image-meta=\"{&quot;aperture&quot;:&quot;0&quot;,&quot;credit&quot;:&quot;&quot;,&quot;camera&quot;:&quot;&quot;,&quot;caption&quot;:&quot;&quot;,&quot;created_timestamp&quot;:&quot;0&quot;,&quot;copyright&quot;:&quot;&quot;,&quot;focal_length&quot;:&quot;0&quot;,&quot;iso&quot;:&quot;0&quot;,&quot;shutter_speed&quot;:&quot;0&quot;,&quot;title&quot;:&quot;&quot;,&quot;orientation&quot;:&quot;1&quot;}\" data-image-title=\"grundriss_links\" data-image-description=\"\" data-image-caption=\"\" data-large-file=\"https:\/\/paulinenaue.info\/wp-content\/uploads\/2017\/09\/grundriss_links.jpg\" class=\"lazyload wp-image-1425 size-medium\" src=\"http:\/\/paulinenaue.info\/wp-content\/uploads\/2017\/09\/grundriss_links-244x300.jpg\" data-orig-src=\"http:\/\/paulinenaue.info\/wp-content\/uploads\/2017\/09\/grundriss_links-244x300.jpg\" alt=\"Und \u00fcber weitere Besonderheiten d\u00fcrfen wir staunen. So verf\u00fcgte der Paulinenauer Bahnhof \u00fcber ein separates &quot;Damenzimmer&quot; f\u00fcr die beg\u00fcterten weiblichen Wartenden der ersten und zweiten Klasse, zu dem auch eine eigene Toilette geh\u00f6rte. An eine M\u00e4dchenkammer im Zwischengeschoss \u00fcber dem B\u00fcffet hatte man ebenfalls gedacht. \" width=\"244\" height=\"300\" srcset=\"data:image\/svg+xml,%3Csvg%20xmlns%3D%27http%3A%2F%2Fwww.w3.org%2F2000%2Fsvg%27%20width%3D%27244%27%20height%3D%27300%27%20viewBox%3D%270%200%20244%20300%27%3E%3Crect%20width%3D%27244%27%20height%3D%27300%27%20fill-opacity%3D%220%22%2F%3E%3C%2Fsvg%3E\" data-srcset=\"https:\/\/paulinenaue.info\/wp-content\/uploads\/2017\/09\/grundriss_links-244x300.jpg 244w, https:\/\/paulinenaue.info\/wp-content\/uploads\/2017\/09\/grundriss_links.jpg 500w\" data-sizes=\"auto\" data-orig-sizes=\"(max-width: 244px) 100vw, 244px\" \/><\/a><p id=\"caption-attachment-1425\" class=\"wp-caption-text\">Und \u00fcber weitere Besonderheiten d\u00fcrfen wir staunen. So verf\u00fcgte der Paulinenauer Bahnhof \u00fcber ein separates &#8222;Damenzimmer&#8220; f\u00fcr die beg\u00fcterten weiblichen Wartenden der ersten und zweiten Klasse, zu dem auch eine eigene Toilette geh\u00f6rte. An eine M\u00e4dchenkammer im Zwischengeschoss \u00fcber dem B\u00fcffet hatte man ebenfalls gedacht.*<\/p><\/div>\n<div id=\"attachment_1424\" style=\"width: 310px\" class=\"wp-caption alignnone\"><a href=\"http:\/\/paulinenaue.info\/wp-content\/uploads\/2017\/09\/20070421_restauratuer_kueche.jpg\"><img decoding=\"async\" aria-describedby=\"caption-attachment-1424\" data-attachment-id=\"1424\" data-permalink=\"https:\/\/paulinenaue.info\/index.php\/vergroesserung-des-empfangsgebaeudes-1883\/20070421_restauratuer_kueche\/\" data-orig-file=\"https:\/\/paulinenaue.info\/wp-content\/uploads\/2017\/09\/20070421_restauratuer_kueche.jpg\" data-orig-size=\"500,375\" data-comments-opened=\"1\" data-image-meta=\"{&quot;aperture&quot;:&quot;2.8&quot;,&quot;credit&quot;:&quot;&quot;,&quot;camera&quot;:&quot;DSC-P72&quot;,&quot;caption&quot;:&quot;&quot;,&quot;created_timestamp&quot;:&quot;1177155032&quot;,&quot;copyright&quot;:&quot;&quot;,&quot;focal_length&quot;:&quot;6&quot;,&quot;iso&quot;:&quot;100&quot;,&quot;shutter_speed&quot;:&quot;0.04&quot;,&quot;title&quot;:&quot;&quot;,&quot;orientation&quot;:&quot;1&quot;}\" data-image-title=\"20070421_restauratuer_kueche\" data-image-description=\"\" data-image-caption=\"\" data-large-file=\"https:\/\/paulinenaue.info\/wp-content\/uploads\/2017\/09\/20070421_restauratuer_kueche.jpg\" class=\"lazyload wp-image-1424 size-medium\" src=\"http:\/\/paulinenaue.info\/wp-content\/uploads\/2017\/09\/20070421_restauratuer_kueche-300x225.jpg\" data-orig-src=\"http:\/\/paulinenaue.info\/wp-content\/uploads\/2017\/09\/20070421_restauratuer_kueche-300x225.jpg\" alt=\"Wie der Plan zeigt, lag im Erdgeschoss dorfseitig noch die K\u00fcche des Restaurateurs Valentin. Mit Herd und Kessel ist dieser Raum auch heute recht gut erhalten.\" width=\"300\" height=\"225\" srcset=\"data:image\/svg+xml,%3Csvg%20xmlns%3D%27http%3A%2F%2Fwww.w3.org%2F2000%2Fsvg%27%20width%3D%27300%27%20height%3D%27225%27%20viewBox%3D%270%200%20300%20225%27%3E%3Crect%20width%3D%27300%27%20height%3D%27225%27%20fill-opacity%3D%220%22%2F%3E%3C%2Fsvg%3E\" data-srcset=\"https:\/\/paulinenaue.info\/wp-content\/uploads\/2017\/09\/20070421_restauratuer_kueche-300x225.jpg 300w, https:\/\/paulinenaue.info\/wp-content\/uploads\/2017\/09\/20070421_restauratuer_kueche.jpg 500w\" data-sizes=\"auto\" data-orig-sizes=\"(max-width: 300px) 100vw, 300px\" \/><\/a><p id=\"caption-attachment-1424\" class=\"wp-caption-text\">Wie der Plan zeigt, lag im Erdgeschoss dorfseitig noch die K\u00fcche des Restaurateurs Valentin. Mit Herd und Kessel ist dieser Raum auch heute recht gut erhalten.*<\/p><\/div>\n<p>*Abbildungen: Deutsche Bahn AG, Abteilung Konzerngeschichte\/Historische Sammlung (KCP) Berlin; Foto: Joachim Scholz, 2007.<\/p>\n<p>&nbsp;<\/p>\n<p>&nbsp;<\/p>\n","protected":false},"excerpt":{"rendered":"<p>18.02.2007 2007: 160 Jahre Paulinenauer Bahnhofsgeb\u00e4ude Einen Bahnhof besa\u00df Paulinenaue [&hellip;]<\/p>\n","protected":false},"author":3,"featured_media":1416,"comment_status":"open","ping_status":"open","sticky":false,"template":"","format":"standard","meta":{"_acf_changed":false,"_price":"","_stock":"","_tribe_ticket_header":"","_tribe_default_ticket_provider":"","_tribe_ticket_capacity":"0","_ticket_start_date":"","_ticket_end_date":"","_tribe_ticket_show_description":"","_tribe_ticket_show_not_going":false,"_tribe_ticket_use_global_stock":"","_tribe_ticket_global_stock_level":"","_global_stock_mode":"","_global_stock_cap":"","_tribe_rsvp_for_event":"","_tribe_ticket_going_count":"","_tribe_ticket_not_going_count":"","_tribe_tickets_list":"[]","_tribe_ticket_has_attendee_info_fields":false,"jetpack_post_was_ever_published":false,"_jetpack_newsletter_access":"","_jetpack_dont_email_post_to_subs":false,"_jetpack_newsletter_tier_id":0,"_jetpack_memberships_contains_paywalled_content":false,"_jetpack_memberships_contains_paid_content":false,"footnotes":"","jetpack_publicize_message":"","jetpack_publicize_feature_enabled":true,"jetpack_social_post_already_shared":true,"jetpack_social_options":{"image_generator_settings":{"template":"highway","default_image_id":0,"font":"","enabled":false},"version":2}},"categories":[1,40,102,7],"tags":[182,186,183,184,185],"class_list":["post-1409","post","type-post","status-publish","format-standard","has-post-thumbnail","hentry","category-allgemein","category-dorfentwicklung","category-eisenbahn","category-historie","tag-160-jahre-bahnhof","tag-186","tag-bahnhofsgebaeude","tag-bauplan","tag-vergroesserung"],"acf":[],"yoast_head":"<!-- This site is optimized with the Yoast SEO plugin v27.5 - https:\/\/yoast.com\/product\/yoast-seo-wordpress\/ -->\n<title>Vergr\u00f6\u00dferung des Empfangsgeb\u00e4udes 1883 - Paulinenaue<\/title>\n<meta name=\"robots\" content=\"index, follow, max-snippet:-1, max-image-preview:large, max-video-preview:-1\" \/>\n<link rel=\"canonical\" href=\"https:\/\/paulinenaue.info\/index.php\/vergroesserung-des-empfangsgebaeudes-1883\/\" \/>\n<meta property=\"og:locale\" content=\"de_DE\" \/>\n<meta property=\"og:type\" content=\"article\" \/>\n<meta property=\"og:title\" content=\"Vergr\u00f6\u00dferung des Empfangsgeb\u00e4udes 1883 - Paulinenaue\" \/>\n<meta property=\"og:description\" content=\"18.02.2007 2007: 160 Jahre Paulinenauer Bahnhofsgeb\u00e4ude Einen Bahnhof besa\u00df Paulinenaue [&hellip;]\" \/>\n<meta property=\"og:url\" content=\"https:\/\/paulinenaue.info\/index.php\/vergroesserung-des-empfangsgebaeudes-1883\/\" \/>\n<meta property=\"og:site_name\" content=\"Paulinenaue\" \/>\n<meta property=\"article:published_time\" content=\"2007-02-18T19:45:16+00:00\" \/>\n<meta property=\"article:modified_time\" content=\"2025-03-28T00:30:15+00:00\" \/>\n<meta property=\"og:image\" content=\"https:\/\/paulinenaue.info\/wp-content\/uploads\/2017\/09\/Bhf-Paulinenaue-Ansicht-von-der-Perronseite.jpg\" \/>\n\t<meta property=\"og:image:width\" content=\"700\" \/>\n\t<meta property=\"og:image:height\" content=\"269\" \/>\n\t<meta property=\"og:image:type\" content=\"image\/jpeg\" \/>\n<meta name=\"author\" content=\"Sarah\" \/>\n<meta name=\"twitter:card\" content=\"summary_large_image\" \/>\n<meta name=\"twitter:label1\" content=\"Verfasst von\" \/>\n\t<meta name=\"twitter:data1\" content=\"Sarah\" \/>\n\t<meta name=\"twitter:label2\" content=\"Gesch\u00e4tzte Lesezeit\" \/>\n\t<meta name=\"twitter:data2\" content=\"7\u00a0Minuten\" \/>\n<script type=\"application\/ld+json\" class=\"yoast-schema-graph\">{\"@context\":\"https:\\\/\\\/schema.org\",\"@graph\":[{\"@type\":\"Article\",\"@id\":\"https:\\\/\\\/paulinenaue.info\\\/index.php\\\/vergroesserung-des-empfangsgebaeudes-1883\\\/#article\",\"isPartOf\":{\"@id\":\"https:\\\/\\\/paulinenaue.info\\\/index.php\\\/vergroesserung-des-empfangsgebaeudes-1883\\\/\"},\"author\":{\"name\":\"Sarah\",\"@id\":\"https:\\\/\\\/paulinenaue.info\\\/#\\\/schema\\\/person\\\/e5be566a57b5b3f65d2c65a58c42325e\"},\"headline\":\"Vergr\u00f6\u00dferung des Empfangsgeb\u00e4udes 1883\",\"datePublished\":\"2007-02-18T19:45:16+00:00\",\"dateModified\":\"2025-03-28T00:30:15+00:00\",\"mainEntityOfPage\":{\"@id\":\"https:\\\/\\\/paulinenaue.info\\\/index.php\\\/vergroesserung-des-empfangsgebaeudes-1883\\\/\"},\"wordCount\":742,\"commentCount\":0,\"image\":{\"@id\":\"https:\\\/\\\/paulinenaue.info\\\/index.php\\\/vergroesserung-des-empfangsgebaeudes-1883\\\/#primaryimage\"},\"thumbnailUrl\":\"https:\\\/\\\/paulinenaue.info\\\/wp-content\\\/uploads\\\/2017\\\/09\\\/Bhf-Paulinenaue-Ansicht-von-der-Perronseite.jpg\",\"keywords\":[\"160 Jahre Bahnhof\",\"1883\",\"Bahnhofsgeb\u00e4ude\",\"Bauplan\",\"Vergr\u00f6\u00dferung\"],\"articleSection\":{\"1\":\"Dorfentwicklung\",\"2\":\"Eisenbahn\",\"3\":\"Historie\"},\"inLanguage\":\"de\",\"potentialAction\":[{\"@type\":\"CommentAction\",\"name\":\"Comment\",\"target\":[\"https:\\\/\\\/paulinenaue.info\\\/index.php\\\/vergroesserung-des-empfangsgebaeudes-1883\\\/#respond\"]}]},{\"@type\":\"WebPage\",\"@id\":\"https:\\\/\\\/paulinenaue.info\\\/index.php\\\/vergroesserung-des-empfangsgebaeudes-1883\\\/\",\"url\":\"https:\\\/\\\/paulinenaue.info\\\/index.php\\\/vergroesserung-des-empfangsgebaeudes-1883\\\/\",\"name\":\"Vergr\u00f6\u00dferung des Empfangsgeb\u00e4udes 1883 - Paulinenaue\",\"isPartOf\":{\"@id\":\"https:\\\/\\\/paulinenaue.info\\\/#website\"},\"primaryImageOfPage\":{\"@id\":\"https:\\\/\\\/paulinenaue.info\\\/index.php\\\/vergroesserung-des-empfangsgebaeudes-1883\\\/#primaryimage\"},\"image\":{\"@id\":\"https:\\\/\\\/paulinenaue.info\\\/index.php\\\/vergroesserung-des-empfangsgebaeudes-1883\\\/#primaryimage\"},\"thumbnailUrl\":\"https:\\\/\\\/paulinenaue.info\\\/wp-content\\\/uploads\\\/2017\\\/09\\\/Bhf-Paulinenaue-Ansicht-von-der-Perronseite.jpg\",\"datePublished\":\"2007-02-18T19:45:16+00:00\",\"dateModified\":\"2025-03-28T00:30:15+00:00\",\"author\":{\"@id\":\"https:\\\/\\\/paulinenaue.info\\\/#\\\/schema\\\/person\\\/e5be566a57b5b3f65d2c65a58c42325e\"},\"breadcrumb\":{\"@id\":\"https:\\\/\\\/paulinenaue.info\\\/index.php\\\/vergroesserung-des-empfangsgebaeudes-1883\\\/#breadcrumb\"},\"inLanguage\":\"de\",\"potentialAction\":[{\"@type\":\"ReadAction\",\"target\":[\"https:\\\/\\\/paulinenaue.info\\\/index.php\\\/vergroesserung-des-empfangsgebaeudes-1883\\\/\"]}]},{\"@type\":\"ImageObject\",\"inLanguage\":\"de\",\"@id\":\"https:\\\/\\\/paulinenaue.info\\\/index.php\\\/vergroesserung-des-empfangsgebaeudes-1883\\\/#primaryimage\",\"url\":\"https:\\\/\\\/paulinenaue.info\\\/wp-content\\\/uploads\\\/2017\\\/09\\\/Bhf-Paulinenaue-Ansicht-von-der-Perronseite.jpg\",\"contentUrl\":\"https:\\\/\\\/paulinenaue.info\\\/wp-content\\\/uploads\\\/2017\\\/09\\\/Bhf-Paulinenaue-Ansicht-von-der-Perronseite.jpg\",\"width\":\"700\",\"height\":\"269\"},{\"@type\":\"BreadcrumbList\",\"@id\":\"https:\\\/\\\/paulinenaue.info\\\/index.php\\\/vergroesserung-des-empfangsgebaeudes-1883\\\/#breadcrumb\",\"itemListElement\":[{\"@type\":\"ListItem\",\"position\":1,\"name\":\"Home\",\"item\":\"https:\\\/\\\/paulinenaue.info\\\/\"},{\"@type\":\"ListItem\",\"position\":2,\"name\":\"Vergr\u00f6\u00dferung des Empfangsgeb\u00e4udes 1883\"}]},{\"@type\":\"WebSite\",\"@id\":\"https:\\\/\\\/paulinenaue.info\\\/#website\",\"url\":\"https:\\\/\\\/paulinenaue.info\\\/\",\"name\":\"Paulinenaue\",\"description\":\"Ein Dorf im Havelland\",\"potentialAction\":[{\"@type\":\"SearchAction\",\"target\":{\"@type\":\"EntryPoint\",\"urlTemplate\":\"https:\\\/\\\/paulinenaue.info\\\/?s={search_term_string}\"},\"query-input\":{\"@type\":\"PropertyValueSpecification\",\"valueRequired\":true,\"valueName\":\"search_term_string\"}}],\"inLanguage\":\"de\"},{\"@type\":\"Person\",\"@id\":\"https:\\\/\\\/paulinenaue.info\\\/#\\\/schema\\\/person\\\/e5be566a57b5b3f65d2c65a58c42325e\",\"name\":\"Sarah\",\"url\":\"https:\\\/\\\/paulinenaue.info\\\/index.php\\\/author\\\/sarah\\\/\"}]}<\/script>\n<!-- \/ Yoast SEO plugin. -->","yoast_head_json":{"title":"Vergr\u00f6\u00dferung des Empfangsgeb\u00e4udes 1883 - Paulinenaue","robots":{"index":"index","follow":"follow","max-snippet":"max-snippet:-1","max-image-preview":"max-image-preview:large","max-video-preview":"max-video-preview:-1"},"canonical":"https:\/\/paulinenaue.info\/index.php\/vergroesserung-des-empfangsgebaeudes-1883\/","og_locale":"de_DE","og_type":"article","og_title":"Vergr\u00f6\u00dferung des Empfangsgeb\u00e4udes 1883 - Paulinenaue","og_description":"18.02.2007 2007: 160 Jahre Paulinenauer Bahnhofsgeb\u00e4ude Einen Bahnhof besa\u00df Paulinenaue [&hellip;]","og_url":"https:\/\/paulinenaue.info\/index.php\/vergroesserung-des-empfangsgebaeudes-1883\/","og_site_name":"Paulinenaue","article_published_time":"2007-02-18T19:45:16+00:00","article_modified_time":"2025-03-28T00:30:15+00:00","og_image":[{"width":700,"height":269,"url":"https:\/\/paulinenaue.info\/wp-content\/uploads\/2017\/09\/Bhf-Paulinenaue-Ansicht-von-der-Perronseite.jpg","type":"image\/jpeg"}],"author":"Sarah","twitter_card":"summary_large_image","twitter_misc":{"Verfasst von":"Sarah","Gesch\u00e4tzte Lesezeit":"7\u00a0Minuten"},"schema":{"@context":"https:\/\/schema.org","@graph":[{"@type":"Article","@id":"https:\/\/paulinenaue.info\/index.php\/vergroesserung-des-empfangsgebaeudes-1883\/#article","isPartOf":{"@id":"https:\/\/paulinenaue.info\/index.php\/vergroesserung-des-empfangsgebaeudes-1883\/"},"author":{"name":"Sarah","@id":"https:\/\/paulinenaue.info\/#\/schema\/person\/e5be566a57b5b3f65d2c65a58c42325e"},"headline":"Vergr\u00f6\u00dferung des Empfangsgeb\u00e4udes 1883","datePublished":"2007-02-18T19:45:16+00:00","dateModified":"2025-03-28T00:30:15+00:00","mainEntityOfPage":{"@id":"https:\/\/paulinenaue.info\/index.php\/vergroesserung-des-empfangsgebaeudes-1883\/"},"wordCount":742,"commentCount":0,"image":{"@id":"https:\/\/paulinenaue.info\/index.php\/vergroesserung-des-empfangsgebaeudes-1883\/#primaryimage"},"thumbnailUrl":"https:\/\/paulinenaue.info\/wp-content\/uploads\/2017\/09\/Bhf-Paulinenaue-Ansicht-von-der-Perronseite.jpg","keywords":["160 Jahre Bahnhof","1883","Bahnhofsgeb\u00e4ude","Bauplan","Vergr\u00f6\u00dferung"],"articleSection":{"1":"Dorfentwicklung","2":"Eisenbahn","3":"Historie"},"inLanguage":"de","potentialAction":[{"@type":"CommentAction","name":"Comment","target":["https:\/\/paulinenaue.info\/index.php\/vergroesserung-des-empfangsgebaeudes-1883\/#respond"]}]},{"@type":"WebPage","@id":"https:\/\/paulinenaue.info\/index.php\/vergroesserung-des-empfangsgebaeudes-1883\/","url":"https:\/\/paulinenaue.info\/index.php\/vergroesserung-des-empfangsgebaeudes-1883\/","name":"Vergr\u00f6\u00dferung des Empfangsgeb\u00e4udes 1883 - Paulinenaue","isPartOf":{"@id":"https:\/\/paulinenaue.info\/#website"},"primaryImageOfPage":{"@id":"https:\/\/paulinenaue.info\/index.php\/vergroesserung-des-empfangsgebaeudes-1883\/#primaryimage"},"image":{"@id":"https:\/\/paulinenaue.info\/index.php\/vergroesserung-des-empfangsgebaeudes-1883\/#primaryimage"},"thumbnailUrl":"https:\/\/paulinenaue.info\/wp-content\/uploads\/2017\/09\/Bhf-Paulinenaue-Ansicht-von-der-Perronseite.jpg","datePublished":"2007-02-18T19:45:16+00:00","dateModified":"2025-03-28T00:30:15+00:00","author":{"@id":"https:\/\/paulinenaue.info\/#\/schema\/person\/e5be566a57b5b3f65d2c65a58c42325e"},"breadcrumb":{"@id":"https:\/\/paulinenaue.info\/index.php\/vergroesserung-des-empfangsgebaeudes-1883\/#breadcrumb"},"inLanguage":"de","potentialAction":[{"@type":"ReadAction","target":["https:\/\/paulinenaue.info\/index.php\/vergroesserung-des-empfangsgebaeudes-1883\/"]}]},{"@type":"ImageObject","inLanguage":"de","@id":"https:\/\/paulinenaue.info\/index.php\/vergroesserung-des-empfangsgebaeudes-1883\/#primaryimage","url":"https:\/\/paulinenaue.info\/wp-content\/uploads\/2017\/09\/Bhf-Paulinenaue-Ansicht-von-der-Perronseite.jpg","contentUrl":"https:\/\/paulinenaue.info\/wp-content\/uploads\/2017\/09\/Bhf-Paulinenaue-Ansicht-von-der-Perronseite.jpg","width":"700","height":"269"},{"@type":"BreadcrumbList","@id":"https:\/\/paulinenaue.info\/index.php\/vergroesserung-des-empfangsgebaeudes-1883\/#breadcrumb","itemListElement":[{"@type":"ListItem","position":1,"name":"Home","item":"https:\/\/paulinenaue.info\/"},{"@type":"ListItem","position":2,"name":"Vergr\u00f6\u00dferung des Empfangsgeb\u00e4udes 1883"}]},{"@type":"WebSite","@id":"https:\/\/paulinenaue.info\/#website","url":"https:\/\/paulinenaue.info\/","name":"Paulinenaue","description":"Ein Dorf im Havelland","potentialAction":[{"@type":"SearchAction","target":{"@type":"EntryPoint","urlTemplate":"https:\/\/paulinenaue.info\/?s={search_term_string}"},"query-input":{"@type":"PropertyValueSpecification","valueRequired":true,"valueName":"search_term_string"}}],"inLanguage":"de"},{"@type":"Person","@id":"https:\/\/paulinenaue.info\/#\/schema\/person\/e5be566a57b5b3f65d2c65a58c42325e","name":"Sarah","url":"https:\/\/paulinenaue.info\/index.php\/author\/sarah\/"}]}},"jetpack_publicize_connections":[],"jetpack_featured_media_url":"https:\/\/paulinenaue.info\/wp-content\/uploads\/2017\/09\/Bhf-Paulinenaue-Ansicht-von-der-Perronseite.jpg","jetpack_sharing_enabled":true,"jetpack_shortlink":"https:\/\/wp.me\/pcYhWA-mJ","jetpack-related-posts":[{"id":1400,"url":"https:\/\/paulinenaue.info\/index.php\/160-jahre-paulinenauer-bahnhofsgebaeude-2007\/","url_meta":{"origin":1409,"position":0},"title":"160 Jahre Paulinenauer Bahnhofsgeb\u00e4ude 2007","author":"Sarah","date":"13. September 2017","format":false,"excerpt":"17.02.2008 Zukunft f\u00fcr das Bahnhofsgeb\u00e4ude Joachim Scholz Paulinenaue besitzt neben dem Herrenhaus nur ein kulturbedeutsames Geb\u00e4ude: seinen klassizistischen Bahnhof. Er hat das Aufbl\u00fchen des Dorfes im 19. Jahrhundert gew\u00e4hrleistet, ihm verdankt Paulinenaue, dass es sich \u00fcberhaupt von seinen einstigen Schwestern Bienenfarm und Lindholzfarm unterscheidet. Ein Teil des Bahnhofs bildet heute\u2026","rel":"","context":"In &quot;Allgemein&quot;","block_context":{"text":"Allgemein","link":"https:\/\/paulinenaue.info\/index.php\/category\/allgemein\/"},"img":{"alt_text":"","src":"https:\/\/i0.wp.com\/paulinenaue.info\/wp-content\/uploads\/2017\/09\/Bhf-Paulinenaue-Ansicht-von-der-Perronseite.jpg?resize=350%2C200&ssl=1","width":350,"height":200,"srcset":"https:\/\/i0.wp.com\/paulinenaue.info\/wp-content\/uploads\/2017\/09\/Bhf-Paulinenaue-Ansicht-von-der-Perronseite.jpg?resize=350%2C200&ssl=1 1x, https:\/\/i0.wp.com\/paulinenaue.info\/wp-content\/uploads\/2017\/09\/Bhf-Paulinenaue-Ansicht-von-der-Perronseite.jpg?resize=525%2C300&ssl=1 1.5x, https:\/\/i0.wp.com\/paulinenaue.info\/wp-content\/uploads\/2017\/09\/Bhf-Paulinenaue-Ansicht-von-der-Perronseite.jpg?resize=700%2C400&ssl=1 2x"},"classes":[]},{"id":1430,"url":"https:\/\/paulinenaue.info\/index.php\/erste-schritte-in-die-zukunft-des-paulinenauer-bahnhofsgebaeude\/","url_meta":{"origin":1409,"position":1},"title":"Erste Schritte in die Zukunft des Paulinenauer Bahnhofsgeb\u00e4udes","author":"Joachim Scholz","date":"3. Februar 2008","format":false,"excerpt":"Im Bahnhof k\u00f6nnte wieder das Herz des Dorfes schlagen Ein Zeichen, dass in Paulinenaues Mitte etwas in Gang kommt, ist mit dem k\u00fcrzlich sanierten Bahnhofsvorplatz bereits gesetzt. Der schmucke Platz aber hat seit seiner Fertigstellung den Handlungsbedarf beim Bahnhofsgeb\u00e4ude selbst nur noch mehr hervortreten lassen und da die Gemeinde den\u2026","rel":"","context":"In &quot;Allgemein&quot;","block_context":{"text":"Allgemein","link":"https:\/\/paulinenaue.info\/index.php\/category\/allgemein\/"},"img":{"alt_text":"","src":"https:\/\/i0.wp.com\/paulinenaue.info\/wp-content\/uploads\/2019\/01\/2007-12-01-Bahnhof.jpg?resize=350%2C200&ssl=1","width":350,"height":200,"srcset":"https:\/\/i0.wp.com\/paulinenaue.info\/wp-content\/uploads\/2019\/01\/2007-12-01-Bahnhof.jpg?resize=350%2C200&ssl=1 1x, https:\/\/i0.wp.com\/paulinenaue.info\/wp-content\/uploads\/2019\/01\/2007-12-01-Bahnhof.jpg?resize=525%2C300&ssl=1 1.5x, https:\/\/i0.wp.com\/paulinenaue.info\/wp-content\/uploads\/2019\/01\/2007-12-01-Bahnhof.jpg?resize=700%2C400&ssl=1 2x"},"classes":[]},{"id":168,"url":"https:\/\/paulinenaue.info\/index.php\/konsumabriss-oeffnet-wieder-den-blick-auf-den-bahnhof\/","url_meta":{"origin":1409,"position":2},"title":"Konsumabriss \u00f6ffnet wieder den Blick auf den Bahnhof","author":"Joachim Scholz","date":"8. Oktober 2010","format":false,"excerpt":"08.10.2010. Mehr als 34 Jahren war das Paulinenauer Bahnhofsgeb\u00e4ude durch den Konsum aus DDR-Zeiten verdeckt. F\u00fcr die \u00e4sthetischen Aspekte, die die historische Dorfentwicklung aufwies, gab es damals kaum Verst\u00e4ndnis. Doch seit am Freitag die Giebelfront des im Abriss befindlichen Flachbaus fiel, \u00f6ffnet sich wieder der Blick auf das imposante, wenn\u2026","rel":"","context":"In &quot;Bahnhof&quot;","block_context":{"text":"Bahnhof","link":"https:\/\/paulinenaue.info\/index.php\/category\/bahnhof\/"},"img":{"alt_text":"","src":"https:\/\/i0.wp.com\/paulinenaue.info\/wp-content\/uploads\/2016\/03\/20101008_sichtachse_bahnhof_02.jpg?resize=350%2C200&ssl=1","width":350,"height":200},"classes":[]},{"id":2503,"url":"https:\/\/paulinenaue.info\/index.php\/tu-denkmalpfleger-zu-besuch-im-bahnhofsgebaeude\/","url_meta":{"origin":1409,"position":3},"title":"TU-Denkmalpfleger zu Besuch im Bahnhofsgeb\u00e4ude","author":"Joachim Scholz","date":"6. Dezember 2018","format":false,"excerpt":"Am Nikolaustag besuchte ein Seminar der Technischen Universit\u00e4t Berlin Paulinenaue, um das Bahnhofsgeb\u00e4ude zu besichtigen. Kurz vor Einbruch der Dunkelheit kam die Gruppe aus elf Studierenden und den beiden Dozentinnen Frauke Michler und Kirsten Krempelin in Paulinenaue an. Zuvor hatten sie schon in Neustadt\/Dosse und in Friesack Gespr\u00e4che gef\u00fchrt. Das\u2026","rel":"","context":"In &quot;Allgemein&quot;","block_context":{"text":"Allgemein","link":"https:\/\/paulinenaue.info\/index.php\/category\/allgemein\/"},"img":{"alt_text":"","src":"https:\/\/i0.wp.com\/paulinenaue.info\/wp-content\/uploads\/2018\/12\/2018-12-06-Seminar-TU-Berlin.jpg?resize=350%2C200&ssl=1","width":350,"height":200,"srcset":"https:\/\/i0.wp.com\/paulinenaue.info\/wp-content\/uploads\/2018\/12\/2018-12-06-Seminar-TU-Berlin.jpg?resize=350%2C200&ssl=1 1x, https:\/\/i0.wp.com\/paulinenaue.info\/wp-content\/uploads\/2018\/12\/2018-12-06-Seminar-TU-Berlin.jpg?resize=525%2C300&ssl=1 1.5x, https:\/\/i0.wp.com\/paulinenaue.info\/wp-content\/uploads\/2018\/12\/2018-12-06-Seminar-TU-Berlin.jpg?resize=700%2C400&ssl=1 2x"},"classes":[]},{"id":5006,"url":"https:\/\/paulinenaue.info\/index.php\/bahnhof-unter-strom-am-tag-des-offenen-denkmals\/","url_meta":{"origin":1409,"position":4},"title":"Bahnhof unter Strom am Tag des offenen Denkmals","author":"Joachim Scholz","date":"9. September 2019","format":false,"excerpt":"Wieder einmal lockte der \u201eTag des offenen Denkmals\u201c am ersten Septemberwochenende viele Schaulustige nach Paulinenaue. Der Kulturverein hatte daf\u00fcr gesorgt, dass das Bahnhofsgeb\u00e4ude an diesem Tag ge\u00f6ffnet wurde. Die beiden F\u00fchrungen durch das 1847 errichtete und 1883 erweiterte imposante Geb\u00e4ude besuchten ca. 60 Personen. Etwas Besonderes war die in Teilen\u2026","rel":"","context":"In &quot;Bahnhof&quot;","block_context":{"text":"Bahnhof","link":"https:\/\/paulinenaue.info\/index.php\/category\/bahnhof\/"},"img":{"alt_text":"","src":"https:\/\/i0.wp.com\/paulinenaue.info\/wp-content\/uploads\/2019\/09\/DSC05546.jpg?resize=350%2C200&ssl=1","width":350,"height":200,"srcset":"https:\/\/i0.wp.com\/paulinenaue.info\/wp-content\/uploads\/2019\/09\/DSC05546.jpg?resize=350%2C200&ssl=1 1x, https:\/\/i0.wp.com\/paulinenaue.info\/wp-content\/uploads\/2019\/09\/DSC05546.jpg?resize=525%2C300&ssl=1 1.5x, https:\/\/i0.wp.com\/paulinenaue.info\/wp-content\/uploads\/2019\/09\/DSC05546.jpg?resize=700%2C400&ssl=1 2x"},"classes":[]},{"id":1081,"url":"https:\/\/paulinenaue.info\/index.php\/die-klassizistischen-bahnhoefe-der-berlin-hamburger-eisenbahn\/","url_meta":{"origin":1409,"position":5},"title":"Die klassizistischen Bahnh\u00f6fe der Berlin-Hamburger Eisenbahn","author":"Sarah","date":"21. Juni 2017","format":false,"excerpt":"21.04.2005 Eine Fotoreise von Paulinenaue nach Wittenberge Von Joachim Scholz Die \u00dcberlieferung des Eisenbahnbaus der Strecke Berlin-Hamburg aus den 40er Jahren des 19. Jahrhunderts weist meist technische Details und Eigentumsfragen aus, doch zeigt sich am Rande immer wieder auch, wie einschneidend die Bahn mit einem Schlag das Leben der Menschen\u2026","rel":"","context":"In &quot;Allgemein&quot;","block_context":{"text":"Allgemein","link":"https:\/\/paulinenaue.info\/index.php\/category\/allgemein\/"},"img":{"alt_text":"Friedrich Neuhaus (1797-1876) war Architekt der meisten Hochbauten der Berlin-Hamburger Eisenbahn. Auch der Ursprungsbau des Paulinenauer Bahnhofs wurde von ihm entworfen. ","src":"https:\/\/i0.wp.com\/paulinenaue.info\/wp-content\/uploads\/2017\/06\/1857_kl_neuhaus_friedrich.jpg?resize=350%2C200","width":350,"height":200},"classes":[]}],"_links":{"self":[{"href":"https:\/\/paulinenaue.info\/index.php\/wp-json\/wp\/v2\/posts\/1409","targetHints":{"allow":["GET"]}}],"collection":[{"href":"https:\/\/paulinenaue.info\/index.php\/wp-json\/wp\/v2\/posts"}],"about":[{"href":"https:\/\/paulinenaue.info\/index.php\/wp-json\/wp\/v2\/types\/post"}],"author":[{"embeddable":true,"href":"https:\/\/paulinenaue.info\/index.php\/wp-json\/wp\/v2\/users\/3"}],"replies":[{"embeddable":true,"href":"https:\/\/paulinenaue.info\/index.php\/wp-json\/wp\/v2\/comments?post=1409"}],"version-history":[{"count":5,"href":"https:\/\/paulinenaue.info\/index.php\/wp-json\/wp\/v2\/posts\/1409\/revisions"}],"predecessor-version":[{"id":1428,"href":"https:\/\/paulinenaue.info\/index.php\/wp-json\/wp\/v2\/posts\/1409\/revisions\/1428"}],"wp:featuredmedia":[{"embeddable":true,"href":"https:\/\/paulinenaue.info\/index.php\/wp-json\/wp\/v2\/media\/1416"}],"wp:attachment":[{"href":"https:\/\/paulinenaue.info\/index.php\/wp-json\/wp\/v2\/media?parent=1409"}],"wp:term":[{"taxonomy":"category","embeddable":true,"href":"https:\/\/paulinenaue.info\/index.php\/wp-json\/wp\/v2\/categories?post=1409"},{"taxonomy":"post_tag","embeddable":true,"href":"https:\/\/paulinenaue.info\/index.php\/wp-json\/wp\/v2\/tags?post=1409"}],"curies":[{"name":"wp","href":"https:\/\/api.w.org\/{rel}","templated":true}]}}