{"id":1438,"date":"2017-09-14T09:56:14","date_gmt":"2017-09-14T07:56:14","guid":{"rendered":"http:\/\/paulinenaue.info\/?p=1438"},"modified":"2017-09-14T09:56:14","modified_gmt":"2017-09-14T07:56:14","slug":"2002-und-2007-paulinenaue-im-fuenfjahresvergleich","status":"publish","type":"post","link":"https:\/\/paulinenaue.info\/index.php\/2002-und-2007-paulinenaue-im-fuenfjahresvergleich\/","title":{"rendered":"2002 und 2007: Paulinenaue im F\u00fcnfjahresvergleich"},"content":{"rendered":"<p>31.03.2007<\/p>\n<p>Joachim Scholz<\/p>\n<p>Vor f\u00fcnf Jahren durchstreiften zum hehren Zwecke der Dokumentation Stefan Lindemann und ich unsere Heimatd\u00f6rfer Gro\u00df Behnitz und Paulinenaue. Allein in Paulinenaue entstanden am 18. M\u00e4rz 2002 weit mehr als 100 Fotos.<\/p>\n<p>Nach f\u00fcnf Jahren schien die Zeit gekommen, einige der Bilder nachzustellen und mit den alten Aufnahmen zu vergleichen. Ist die Zeit spurlos an Paulinenaue vorbeigegangen?<\/p>\n<p>Verfolgen Sie es in der Osterzeit Tag f\u00fcr Tag an neuen Schaupl\u00e4tzen. Wir beginnen den Zeitreise-Streifzug in der Philipp-M\u00fcller-Stra\u00dfe und schreiten t\u00e4glich um ein Bildpaar voran.<\/p>\n<h2 style=\"text-align: left;\"><\/h2>\n<p><strong>Ein Blick in die Philip<\/strong><strong>p-M\u00fcller-Stra\u00dfe<\/strong><\/p>\n<div id=\"attachment_1439\" style=\"width: 310px\" class=\"wp-caption alignleft\"><a href=\"http:\/\/paulinenaue.info\/wp-content\/uploads\/2017\/09\/20020318_phmstr_01.jpg\"><img decoding=\"async\" aria-describedby=\"caption-attachment-1439\" data-attachment-id=\"1439\" data-permalink=\"https:\/\/paulinenaue.info\/index.php\/2002-und-2007-paulinenaue-im-fuenfjahresvergleich\/20020318_phmstr_01\/\" data-orig-file=\"https:\/\/paulinenaue.info\/wp-content\/uploads\/2017\/09\/20020318_phmstr_01.jpg\" data-orig-size=\"500,324\" data-comments-opened=\"1\" data-image-meta=\"{&quot;aperture&quot;:&quot;0&quot;,&quot;credit&quot;:&quot;&quot;,&quot;camera&quot;:&quot;&quot;,&quot;caption&quot;:&quot;&quot;,&quot;created_timestamp&quot;:&quot;0&quot;,&quot;copyright&quot;:&quot;&quot;,&quot;focal_length&quot;:&quot;0&quot;,&quot;iso&quot;:&quot;0&quot;,&quot;shutter_speed&quot;:&quot;0&quot;,&quot;title&quot;:&quot;&quot;,&quot;orientation&quot;:&quot;1&quot;}\" data-image-title=\"20020318_phmstr_01\" data-image-description=\"\" data-image-caption=\"\" data-large-file=\"https:\/\/paulinenaue.info\/wp-content\/uploads\/2017\/09\/20020318_phmstr_01.jpg\" class=\"lazyload wp-image-1439 size-medium\" src=\"http:\/\/paulinenaue.info\/wp-content\/uploads\/2017\/09\/20020318_phmstr_01-300x194.jpg\" data-orig-src=\"http:\/\/paulinenaue.info\/wp-content\/uploads\/2017\/09\/20020318_phmstr_01-300x194.jpg\" alt=\"Noch vor wenigen Jahren stand hier mit dem D\u00fcngerschuppen das l\u00e4ngste Geb\u00e4ude Paulinenaues. 2002 liegt der Abriss zwei Jahre zur\u00fcck und Bauarbeiten f\u00fcr Einfamilienh\u00e4user haben begonnen.\" width=\"300\" height=\"194\" srcset=\"data:image\/svg+xml,%3Csvg%20xmlns%3D%27http%3A%2F%2Fwww.w3.org%2F2000%2Fsvg%27%20width%3D%27300%27%20height%3D%27194%27%20viewBox%3D%270%200%20300%20194%27%3E%3Crect%20width%3D%27300%27%20height%3D%27194%27%20fill-opacity%3D%220%22%2F%3E%3C%2Fsvg%3E\" data-srcset=\"https:\/\/paulinenaue.info\/wp-content\/uploads\/2017\/09\/20020318_phmstr_01-300x194.jpg 300w, https:\/\/paulinenaue.info\/wp-content\/uploads\/2017\/09\/20020318_phmstr_01.jpg 500w\" data-sizes=\"auto\" data-orig-sizes=\"(max-width: 300px) 100vw, 300px\" \/><\/a><p id=\"caption-attachment-1439\" class=\"wp-caption-text\">Noch vor wenigen Jahren stand hier mit dem D\u00fcngerschuppen das l\u00e4ngste Geb\u00e4ude Paulinenaues. 2002 liegt der Abriss zwei Jahre zur\u00fcck und Bauarbeiten f\u00fcr Einfamilienh\u00e4user haben begonnen. Foto: Stefan Lindemann<\/p><\/div>\n<div id=\"attachment_1440\" style=\"width: 310px\" class=\"wp-caption alignright\"><a href=\"http:\/\/paulinenaue.info\/wp-content\/uploads\/2017\/09\/20070318_phmstr_01.jpg\"><img decoding=\"async\" aria-describedby=\"caption-attachment-1440\" data-attachment-id=\"1440\" data-permalink=\"https:\/\/paulinenaue.info\/index.php\/2002-und-2007-paulinenaue-im-fuenfjahresvergleich\/20070318_phmstr_01\/\" data-orig-file=\"https:\/\/paulinenaue.info\/wp-content\/uploads\/2017\/09\/20070318_phmstr_01.jpg\" data-orig-size=\"500,327\" data-comments-opened=\"1\" data-image-meta=\"{&quot;aperture&quot;:&quot;0&quot;,&quot;credit&quot;:&quot;&quot;,&quot;camera&quot;:&quot;&quot;,&quot;caption&quot;:&quot;&quot;,&quot;created_timestamp&quot;:&quot;0&quot;,&quot;copyright&quot;:&quot;&quot;,&quot;focal_length&quot;:&quot;0&quot;,&quot;iso&quot;:&quot;0&quot;,&quot;shutter_speed&quot;:&quot;0&quot;,&quot;title&quot;:&quot;&quot;,&quot;orientation&quot;:&quot;1&quot;}\" data-image-title=\"20070318_phmstr_01\" data-image-description=\"\" data-image-caption=\"\" data-large-file=\"https:\/\/paulinenaue.info\/wp-content\/uploads\/2017\/09\/20070318_phmstr_01.jpg\" class=\"lazyload wp-image-1440 size-medium\" src=\"http:\/\/paulinenaue.info\/wp-content\/uploads\/2017\/09\/20070318_phmstr_01-300x196.jpg\" data-orig-src=\"http:\/\/paulinenaue.info\/wp-content\/uploads\/2017\/09\/20070318_phmstr_01-300x196.jpg\" alt=\"Im Jahre 2007 ist die linke Stra\u00dfenseite bebaut. Die Strommasten sind verschwunden und auch die alte Schwei\u00dferei Goldschmidt - rechter Hand und hier nicht im Bild - ist just abgerissen worden.\" width=\"300\" height=\"196\" srcset=\"data:image\/svg+xml,%3Csvg%20xmlns%3D%27http%3A%2F%2Fwww.w3.org%2F2000%2Fsvg%27%20width%3D%27300%27%20height%3D%27196%27%20viewBox%3D%270%200%20300%20196%27%3E%3Crect%20width%3D%27300%27%20height%3D%27196%27%20fill-opacity%3D%220%22%2F%3E%3C%2Fsvg%3E\" data-srcset=\"https:\/\/paulinenaue.info\/wp-content\/uploads\/2017\/09\/20070318_phmstr_01-300x196.jpg 300w, https:\/\/paulinenaue.info\/wp-content\/uploads\/2017\/09\/20070318_phmstr_01.jpg 500w\" data-sizes=\"auto\" data-orig-sizes=\"(max-width: 300px) 100vw, 300px\" \/><\/a><p id=\"caption-attachment-1440\" class=\"wp-caption-text\">Im Jahre 2007 ist die linke Stra\u00dfenseite bebaut. Die Strommasten sind verschwunden und auch die alte Schwei\u00dferei Goldschmidt &#8211; rechter Hand und hier nicht im Bild &#8211; ist just abgerissen worden. Foto: Joachim Scholz<\/p><\/div>\n<p>&nbsp;<\/p>\n<p>&nbsp;<\/p>\n<p style=\"text-align: center;\">2002 &#8211; 2007<\/p>\n<p>&nbsp;<\/p>\n<p>&nbsp;<\/p>\n<p style=\"text-align: center;\">\n<p>&nbsp;<\/p>\n<p>&nbsp;<\/p>\n<p>&nbsp;<\/p>\n<p><strong>Vor der Kita &#8222;Paulinchen&#8220;<\/strong><\/p>\n<div id=\"attachment_1442\" style=\"width: 310px\" class=\"wp-caption alignleft\"><a href=\"http:\/\/paulinenaue.info\/wp-content\/uploads\/2017\/09\/20020318_kita_01.jpg\"><img decoding=\"async\" aria-describedby=\"caption-attachment-1442\" data-attachment-id=\"1442\" data-permalink=\"https:\/\/paulinenaue.info\/index.php\/2002-und-2007-paulinenaue-im-fuenfjahresvergleich\/20020318_kita_01\/\" data-orig-file=\"https:\/\/paulinenaue.info\/wp-content\/uploads\/2017\/09\/20020318_kita_01.jpg\" data-orig-size=\"500,336\" data-comments-opened=\"1\" data-image-meta=\"{&quot;aperture&quot;:&quot;0&quot;,&quot;credit&quot;:&quot;&quot;,&quot;camera&quot;:&quot;&quot;,&quot;caption&quot;:&quot;&quot;,&quot;created_timestamp&quot;:&quot;0&quot;,&quot;copyright&quot;:&quot;&quot;,&quot;focal_length&quot;:&quot;0&quot;,&quot;iso&quot;:&quot;0&quot;,&quot;shutter_speed&quot;:&quot;0&quot;,&quot;title&quot;:&quot;&quot;,&quot;orientation&quot;:&quot;1&quot;}\" data-image-title=\"20020318_kita_01\" data-image-description=\"\" data-image-caption=\"\" data-large-file=\"https:\/\/paulinenaue.info\/wp-content\/uploads\/2017\/09\/20020318_kita_01.jpg\" class=\"lazyload wp-image-1442 size-medium\" src=\"http:\/\/paulinenaue.info\/wp-content\/uploads\/2017\/09\/20020318_kita_01-300x202.jpg\" data-orig-src=\"http:\/\/paulinenaue.info\/wp-content\/uploads\/2017\/09\/20020318_kita_01-300x202.jpg\" alt=\"Am 18. M\u00e4rz 2002 herrschte vormittags ein munteres Treiben vor der Kita Paulinchen. Ein frisches Grafitto leuchtet auf dem Stromkasten - vielleicht ein fr\u00fches Werk von FHC?.\" width=\"300\" height=\"202\" srcset=\"data:image\/svg+xml,%3Csvg%20xmlns%3D%27http%3A%2F%2Fwww.w3.org%2F2000%2Fsvg%27%20width%3D%27300%27%20height%3D%27202%27%20viewBox%3D%270%200%20300%20202%27%3E%3Crect%20width%3D%27300%27%20height%3D%27202%27%20fill-opacity%3D%220%22%2F%3E%3C%2Fsvg%3E\" data-srcset=\"https:\/\/paulinenaue.info\/wp-content\/uploads\/2017\/09\/20020318_kita_01-272x182.jpg 272w, https:\/\/paulinenaue.info\/wp-content\/uploads\/2017\/09\/20020318_kita_01-300x202.jpg 300w, https:\/\/paulinenaue.info\/wp-content\/uploads\/2017\/09\/20020318_kita_01.jpg 500w\" data-sizes=\"auto\" data-orig-sizes=\"(max-width: 300px) 100vw, 300px\" \/><\/a><p id=\"caption-attachment-1442\" class=\"wp-caption-text\">Am 18. M\u00e4rz 2002 herrschte vormittags ein munteres Treiben vor der Kita Paulinchen. Ein frisches Graffito leuchtet auf dem Stromkasten &#8211; vielleicht ein fr\u00fches Werk von FHC?. Foto: Joachim Scholz<\/p><\/div>\n<div id=\"attachment_1441\" style=\"width: 310px\" class=\"wp-caption alignright\"><a href=\"http:\/\/paulinenaue.info\/wp-content\/uploads\/2017\/09\/20070318_kita_01.jpg\"><img decoding=\"async\" aria-describedby=\"caption-attachment-1441\" data-attachment-id=\"1441\" data-permalink=\"https:\/\/paulinenaue.info\/index.php\/2002-und-2007-paulinenaue-im-fuenfjahresvergleich\/20070318_kita_01\/\" data-orig-file=\"https:\/\/paulinenaue.info\/wp-content\/uploads\/2017\/09\/20070318_kita_01.jpg\" data-orig-size=\"500,329\" data-comments-opened=\"1\" data-image-meta=\"{&quot;aperture&quot;:&quot;0&quot;,&quot;credit&quot;:&quot;&quot;,&quot;camera&quot;:&quot;&quot;,&quot;caption&quot;:&quot;&quot;,&quot;created_timestamp&quot;:&quot;0&quot;,&quot;copyright&quot;:&quot;&quot;,&quot;focal_length&quot;:&quot;0&quot;,&quot;iso&quot;:&quot;0&quot;,&quot;shutter_speed&quot;:&quot;0&quot;,&quot;title&quot;:&quot;&quot;,&quot;orientation&quot;:&quot;1&quot;}\" data-image-title=\"20070318_kita_01\" data-image-description=\"\" data-image-caption=\"\" data-large-file=\"https:\/\/paulinenaue.info\/wp-content\/uploads\/2017\/09\/20070318_kita_01.jpg\" class=\"lazyload wp-image-1441 size-medium\" src=\"http:\/\/paulinenaue.info\/wp-content\/uploads\/2017\/09\/20070318_kita_01-300x197.jpg\" data-orig-src=\"http:\/\/paulinenaue.info\/wp-content\/uploads\/2017\/09\/20070318_kita_01-300x197.jpg\" alt=\"Auf den ersten Blick fehlen nur die Kinder. Doch es hat sich noch mehr ver\u00e4ndert: ein H\u00e4uschen wurde gebaut, ein Dach gedeckt, ein Baum gef\u00e4llt, ein Vogel hat sich ein Nest gebaut. Die Kinder gehen l\u00e4ngst zur Schule und FHC wagt sich an gr\u00f6\u00dfere Projekte.\" width=\"300\" height=\"197\" srcset=\"data:image\/svg+xml,%3Csvg%20xmlns%3D%27http%3A%2F%2Fwww.w3.org%2F2000%2Fsvg%27%20width%3D%27300%27%20height%3D%27197%27%20viewBox%3D%270%200%20300%20197%27%3E%3Crect%20width%3D%27300%27%20height%3D%27197%27%20fill-opacity%3D%220%22%2F%3E%3C%2Fsvg%3E\" data-srcset=\"https:\/\/paulinenaue.info\/wp-content\/uploads\/2017\/09\/20070318_kita_01-300x197.jpg 300w, https:\/\/paulinenaue.info\/wp-content\/uploads\/2017\/09\/20070318_kita_01.jpg 500w\" data-sizes=\"auto\" data-orig-sizes=\"(max-width: 300px) 100vw, 300px\" \/><\/a><p id=\"caption-attachment-1441\" class=\"wp-caption-text\">Auf den ersten Blick fehlen nur die Kinder. Doch es hat sich noch mehr ver\u00e4ndert: ein H\u00e4uschen wurde gebaut, ein Dach gedeckt, ein Baum gef\u00e4llt, ein Vogel hat sich ein Nest gebaut. Die Kinder gehen l\u00e4ngst zur Schule und FHC wagt sich an gr\u00f6\u00dfere Projekte. Foto: Joachim Scholz<\/p><\/div>\n<p>&nbsp;<\/p>\n<p>&nbsp;<\/p>\n<p style=\"text-align: center;\">2002 &#8211; 2007<\/p>\n<p>&nbsp;<\/p>\n<p>&nbsp;<\/p>\n<p style=\"text-align: center;\">\n<p>&nbsp;<\/p>\n<p>&nbsp;<\/p>\n<p>&nbsp;<\/p>\n<p><strong>Der Platz vor dem ehemaligen Mehrzweckgeb\u00e4ude<\/strong><\/p>\n<div id=\"attachment_1444\" style=\"width: 310px\" class=\"wp-caption alignleft\"><a href=\"http:\/\/paulinenaue.info\/wp-content\/uploads\/2017\/09\/20020318_mzg_01.jpg\"><img decoding=\"async\" aria-describedby=\"caption-attachment-1444\" data-attachment-id=\"1444\" data-permalink=\"https:\/\/paulinenaue.info\/index.php\/2002-und-2007-paulinenaue-im-fuenfjahresvergleich\/20020318_mzg_01\/\" data-orig-file=\"https:\/\/paulinenaue.info\/wp-content\/uploads\/2017\/09\/20020318_mzg_01.jpg\" data-orig-size=\"500,336\" data-comments-opened=\"1\" data-image-meta=\"{&quot;aperture&quot;:&quot;0&quot;,&quot;credit&quot;:&quot;&quot;,&quot;camera&quot;:&quot;&quot;,&quot;caption&quot;:&quot;&quot;,&quot;created_timestamp&quot;:&quot;0&quot;,&quot;copyright&quot;:&quot;&quot;,&quot;focal_length&quot;:&quot;0&quot;,&quot;iso&quot;:&quot;0&quot;,&quot;shutter_speed&quot;:&quot;0&quot;,&quot;title&quot;:&quot;&quot;,&quot;orientation&quot;:&quot;1&quot;}\" data-image-title=\"20020318_mzg_01\" data-image-description=\"\" data-image-caption=\"\" data-large-file=\"https:\/\/paulinenaue.info\/wp-content\/uploads\/2017\/09\/20020318_mzg_01.jpg\" class=\"lazyload wp-image-1444 size-medium\" src=\"http:\/\/paulinenaue.info\/wp-content\/uploads\/2017\/09\/20020318_mzg_01-300x202.jpg\" data-orig-src=\"http:\/\/paulinenaue.info\/wp-content\/uploads\/2017\/09\/20020318_mzg_01-300x202.jpg\" alt=\"Das Mehrzweckgeb\u00e4ude war in den f\u00fcr Paulinenaue so pr\u00e4genden 1970er Jahren Stolz der Gemeinde. 2002 waren bereits die besten Zeiten vor\u00fcber, obwohl durch die DEULA f\u00fcr einen Teil des Hauses die Weiternutzung gesichert war.\" width=\"300\" height=\"202\" srcset=\"data:image\/svg+xml,%3Csvg%20xmlns%3D%27http%3A%2F%2Fwww.w3.org%2F2000%2Fsvg%27%20width%3D%27300%27%20height%3D%27202%27%20viewBox%3D%270%200%20300%20202%27%3E%3Crect%20width%3D%27300%27%20height%3D%27202%27%20fill-opacity%3D%220%22%2F%3E%3C%2Fsvg%3E\" data-srcset=\"https:\/\/paulinenaue.info\/wp-content\/uploads\/2017\/09\/20020318_mzg_01-272x182.jpg 272w, https:\/\/paulinenaue.info\/wp-content\/uploads\/2017\/09\/20020318_mzg_01-300x202.jpg 300w, https:\/\/paulinenaue.info\/wp-content\/uploads\/2017\/09\/20020318_mzg_01.jpg 500w\" data-sizes=\"auto\" data-orig-sizes=\"(max-width: 300px) 100vw, 300px\" \/><\/a><p id=\"caption-attachment-1444\" class=\"wp-caption-text\">Das Mehrzweckgeb\u00e4ude war in den f\u00fcr Paulinenaue so pr\u00e4genden 1970er Jahren Stolz der Gemeinde. 2002 waren bereits die besten Zeiten vor\u00fcber, obwohl durch die DEULA f\u00fcr einen Teil des Hauses die Weiternutzung gesichert war. Foto: Joachim Scholz<\/p><\/div>\n<div id=\"attachment_1443\" style=\"width: 310px\" class=\"wp-caption alignright\"><a href=\"http:\/\/paulinenaue.info\/wp-content\/uploads\/2017\/09\/20070318_mzg_01.jpg\"><img decoding=\"async\" aria-describedby=\"caption-attachment-1443\" data-attachment-id=\"1443\" data-permalink=\"https:\/\/paulinenaue.info\/index.php\/2002-und-2007-paulinenaue-im-fuenfjahresvergleich\/20070318_mzg_01\/\" data-orig-file=\"https:\/\/paulinenaue.info\/wp-content\/uploads\/2017\/09\/20070318_mzg_01.jpg\" data-orig-size=\"500,329\" data-comments-opened=\"1\" data-image-meta=\"{&quot;aperture&quot;:&quot;0&quot;,&quot;credit&quot;:&quot;&quot;,&quot;camera&quot;:&quot;&quot;,&quot;caption&quot;:&quot;&quot;,&quot;created_timestamp&quot;:&quot;0&quot;,&quot;copyright&quot;:&quot;&quot;,&quot;focal_length&quot;:&quot;0&quot;,&quot;iso&quot;:&quot;0&quot;,&quot;shutter_speed&quot;:&quot;0&quot;,&quot;title&quot;:&quot;&quot;,&quot;orientation&quot;:&quot;1&quot;}\" data-image-title=\"20070318_mzg_01\" data-image-description=\"\" data-image-caption=\"\" data-large-file=\"https:\/\/paulinenaue.info\/wp-content\/uploads\/2017\/09\/20070318_mzg_01.jpg\" class=\"lazyload wp-image-1443 size-medium\" src=\"http:\/\/paulinenaue.info\/wp-content\/uploads\/2017\/09\/20070318_mzg_01-300x197.jpg\" data-orig-src=\"http:\/\/paulinenaue.info\/wp-content\/uploads\/2017\/09\/20070318_mzg_01-300x197.jpg\" alt=\"Kaum ver\u00e4ndert hat sich der Platz vor dem Geb\u00e4ude am Lindenweg. Ein bisschen mehr Gras am Zaun und etwas weniger Unordnung auf dem Gel\u00e4nde - das war es schon.\" width=\"300\" height=\"197\" srcset=\"data:image\/svg+xml,%3Csvg%20xmlns%3D%27http%3A%2F%2Fwww.w3.org%2F2000%2Fsvg%27%20width%3D%27300%27%20height%3D%27197%27%20viewBox%3D%270%200%20300%20197%27%3E%3Crect%20width%3D%27300%27%20height%3D%27197%27%20fill-opacity%3D%220%22%2F%3E%3C%2Fsvg%3E\" data-srcset=\"https:\/\/paulinenaue.info\/wp-content\/uploads\/2017\/09\/20070318_mzg_01-300x197.jpg 300w, https:\/\/paulinenaue.info\/wp-content\/uploads\/2017\/09\/20070318_mzg_01.jpg 500w\" data-sizes=\"auto\" data-orig-sizes=\"(max-width: 300px) 100vw, 300px\" \/><\/a><p id=\"caption-attachment-1443\" class=\"wp-caption-text\">Kaum ver\u00e4ndert hat sich der Platz vor dem Geb\u00e4ude am Lindenweg. Ein bisschen mehr Gras am Zaun und etwas weniger Unordnung auf dem Gel\u00e4nde &#8211; das war es schon. Foto: Joachim Scholz<\/p><\/div>\n<p>&nbsp;<\/p>\n<p>&nbsp;<\/p>\n<p style=\"text-align: center;\">2002 &#8211; 2007<\/p>\n<p>&nbsp;<\/p>\n<p>&nbsp;<\/p>\n<p>&nbsp;<\/p>\n<p>&nbsp;<\/p>\n<p>&nbsp;<\/p>\n<p>&nbsp;<\/p>\n<p><strong>Der Kr\u00e4henwinkel<\/strong><\/p>\n<div id=\"attachment_1453\" style=\"width: 310px\" class=\"wp-caption alignleft\"><a href=\"http:\/\/paulinenaue.info\/wp-content\/uploads\/2017\/09\/20020318_kraehenwinkel_01.jpg\"><img decoding=\"async\" aria-describedby=\"caption-attachment-1453\" data-attachment-id=\"1453\" data-permalink=\"https:\/\/paulinenaue.info\/index.php\/2002-und-2007-paulinenaue-im-fuenfjahresvergleich\/20020318_kraehenwinkel_01\/\" data-orig-file=\"https:\/\/paulinenaue.info\/wp-content\/uploads\/2017\/09\/20020318_kraehenwinkel_01.jpg\" data-orig-size=\"500,331\" data-comments-opened=\"1\" data-image-meta=\"{&quot;aperture&quot;:&quot;0&quot;,&quot;credit&quot;:&quot;&quot;,&quot;camera&quot;:&quot;&quot;,&quot;caption&quot;:&quot;&quot;,&quot;created_timestamp&quot;:&quot;0&quot;,&quot;copyright&quot;:&quot;&quot;,&quot;focal_length&quot;:&quot;0&quot;,&quot;iso&quot;:&quot;0&quot;,&quot;shutter_speed&quot;:&quot;0&quot;,&quot;title&quot;:&quot;&quot;,&quot;orientation&quot;:&quot;1&quot;}\" data-image-title=\"20020318_kraehenwinkel_01\" data-image-description=\"\" data-image-caption=\"\" data-large-file=\"https:\/\/paulinenaue.info\/wp-content\/uploads\/2017\/09\/20020318_kraehenwinkel_01.jpg\" class=\"lazyload wp-image-1453 size-medium\" src=\"http:\/\/paulinenaue.info\/wp-content\/uploads\/2017\/09\/20020318_kraehenwinkel_01-300x199.jpg\" data-orig-src=\"http:\/\/paulinenaue.info\/wp-content\/uploads\/2017\/09\/20020318_kraehenwinkel_01-300x199.jpg\" alt=\"Der Kr\u00e4henwinkel 2002. In der ehemaligen Gutsarbeitersiedlung wird noch mit Kohle geheizt. Die letzte Sanierung liegt schon mehr als 40 Jahre zur\u00fcck.\" width=\"300\" height=\"199\" srcset=\"data:image\/svg+xml,%3Csvg%20xmlns%3D%27http%3A%2F%2Fwww.w3.org%2F2000%2Fsvg%27%20width%3D%27300%27%20height%3D%27199%27%20viewBox%3D%270%200%20300%20199%27%3E%3Crect%20width%3D%27300%27%20height%3D%27199%27%20fill-opacity%3D%220%22%2F%3E%3C%2Fsvg%3E\" data-srcset=\"https:\/\/paulinenaue.info\/wp-content\/uploads\/2017\/09\/20020318_kraehenwinkel_01-300x199.jpg 300w, https:\/\/paulinenaue.info\/wp-content\/uploads\/2017\/09\/20020318_kraehenwinkel_01.jpg 500w\" data-sizes=\"auto\" data-orig-sizes=\"(max-width: 300px) 100vw, 300px\" \/><\/a><p id=\"caption-attachment-1453\" class=\"wp-caption-text\">Der Kr\u00e4henwinkel 2002. In der ehemaligen Gutsarbeitersiedlung wird noch mit Kohle geheizt. Die letzte Sanierung liegt schon mehr als 40 Jahre zur\u00fcck. Foto: Joachim Scholz<\/p><\/div>\n<div id=\"attachment_1454\" style=\"width: 310px\" class=\"wp-caption alignright\"><a href=\"http:\/\/paulinenaue.info\/wp-content\/uploads\/2017\/09\/20070318_kraehenwinkel_01.jpg\"><img decoding=\"async\" aria-describedby=\"caption-attachment-1454\" data-attachment-id=\"1454\" data-permalink=\"https:\/\/paulinenaue.info\/index.php\/2002-und-2007-paulinenaue-im-fuenfjahresvergleich\/20070318_kraehenwinkel_01\/\" data-orig-file=\"https:\/\/paulinenaue.info\/wp-content\/uploads\/2017\/09\/20070318_kraehenwinkel_01.jpg\" data-orig-size=\"500,374\" data-comments-opened=\"1\" data-image-meta=\"{&quot;aperture&quot;:&quot;0&quot;,&quot;credit&quot;:&quot;&quot;,&quot;camera&quot;:&quot;&quot;,&quot;caption&quot;:&quot;&quot;,&quot;created_timestamp&quot;:&quot;0&quot;,&quot;copyright&quot;:&quot;&quot;,&quot;focal_length&quot;:&quot;0&quot;,&quot;iso&quot;:&quot;0&quot;,&quot;shutter_speed&quot;:&quot;0&quot;,&quot;title&quot;:&quot;&quot;,&quot;orientation&quot;:&quot;1&quot;}\" data-image-title=\"20070318_kraehenwinkel_01\" data-image-description=\"\" data-image-caption=\"\" data-large-file=\"https:\/\/paulinenaue.info\/wp-content\/uploads\/2017\/09\/20070318_kraehenwinkel_01.jpg\" class=\"lazyload wp-image-1454 size-medium\" src=\"http:\/\/paulinenaue.info\/wp-content\/uploads\/2017\/09\/20070318_kraehenwinkel_01-300x224.jpg\" data-orig-src=\"http:\/\/paulinenaue.info\/wp-content\/uploads\/2017\/09\/20070318_kraehenwinkel_01-300x224.jpg\" alt=\"2007 hat sich hier einiges getan. Axel Behrend, dem der Kr\u00e4henwinkel geh\u00f6rt, hat die Wohnungen modernisieren lassen.\" width=\"300\" height=\"224\" srcset=\"data:image\/svg+xml,%3Csvg%20xmlns%3D%27http%3A%2F%2Fwww.w3.org%2F2000%2Fsvg%27%20width%3D%27300%27%20height%3D%27224%27%20viewBox%3D%270%200%20300%20224%27%3E%3Crect%20width%3D%27300%27%20height%3D%27224%27%20fill-opacity%3D%220%22%2F%3E%3C%2Fsvg%3E\" data-srcset=\"https:\/\/paulinenaue.info\/wp-content\/uploads\/2017\/09\/20070318_kraehenwinkel_01-300x224.jpg 300w, https:\/\/paulinenaue.info\/wp-content\/uploads\/2017\/09\/20070318_kraehenwinkel_01.jpg 500w\" data-sizes=\"auto\" data-orig-sizes=\"(max-width: 300px) 100vw, 300px\" \/><\/a><p id=\"caption-attachment-1454\" class=\"wp-caption-text\">2007 hat sich hier einiges getan. Axel Behrend, dem der Kr\u00e4henwinkel geh\u00f6rt, hat die Wohnungen modernisieren lassen. Foto: Joachim Scholz<\/p><\/div>\n<p>&nbsp;<\/p>\n<p>&nbsp;<\/p>\n<p style=\"text-align: center;\">2002 &#8211; 2007<\/p>\n<p>&nbsp;<\/p>\n<p>&nbsp;<\/p>\n<p>&nbsp;<\/p>\n<p>&nbsp;<\/p>\n<p>&nbsp;<\/p>\n<p><strong>Auf dem Bahnhofsvorplatz<\/strong><\/p>\n<div id=\"attachment_1456\" style=\"width: 310px\" class=\"wp-caption alignleft\"><a href=\"http:\/\/paulinenaue.info\/wp-content\/uploads\/2017\/09\/20020318_bhfvorplatz_01.jpg\"><img decoding=\"async\" aria-describedby=\"caption-attachment-1456\" data-attachment-id=\"1456\" data-permalink=\"https:\/\/paulinenaue.info\/index.php\/2002-und-2007-paulinenaue-im-fuenfjahresvergleich\/20020318_bhfvorplatz_01\/\" data-orig-file=\"https:\/\/paulinenaue.info\/wp-content\/uploads\/2017\/09\/20020318_bhfvorplatz_01.jpg\" data-orig-size=\"500,300\" data-comments-opened=\"1\" data-image-meta=\"{&quot;aperture&quot;:&quot;0&quot;,&quot;credit&quot;:&quot;&quot;,&quot;camera&quot;:&quot;&quot;,&quot;caption&quot;:&quot;&quot;,&quot;created_timestamp&quot;:&quot;0&quot;,&quot;copyright&quot;:&quot;&quot;,&quot;focal_length&quot;:&quot;0&quot;,&quot;iso&quot;:&quot;0&quot;,&quot;shutter_speed&quot;:&quot;0&quot;,&quot;title&quot;:&quot;&quot;,&quot;orientation&quot;:&quot;1&quot;}\" data-image-title=\"20020318_bhfvorplatz_01\" data-image-description=\"\" data-image-caption=\"\" data-large-file=\"https:\/\/paulinenaue.info\/wp-content\/uploads\/2017\/09\/20020318_bhfvorplatz_01.jpg\" class=\"lazyload wp-image-1456 size-medium\" src=\"http:\/\/paulinenaue.info\/wp-content\/uploads\/2017\/09\/20020318_bhfvorplatz_01-300x180.jpg\" data-orig-src=\"http:\/\/paulinenaue.info\/wp-content\/uploads\/2017\/09\/20020318_bhfvorplatz_01-300x180.jpg\" alt=\"Ein Blick \u00fcber die alte Bahnersiedlung Paulinenaue. Vor f\u00fcnf Jahren war noch nicht klar, dass die Tage des Stallgeb\u00e4udes im Vordergrund bald gez\u00e4hlt sein w\u00fcrden.\" width=\"300\" height=\"180\" srcset=\"data:image\/svg+xml,%3Csvg%20xmlns%3D%27http%3A%2F%2Fwww.w3.org%2F2000%2Fsvg%27%20width%3D%27300%27%20height%3D%27180%27%20viewBox%3D%270%200%20300%20180%27%3E%3Crect%20width%3D%27300%27%20height%3D%27180%27%20fill-opacity%3D%220%22%2F%3E%3C%2Fsvg%3E\" data-srcset=\"https:\/\/paulinenaue.info\/wp-content\/uploads\/2017\/09\/20020318_bhfvorplatz_01-300x180.jpg 300w, https:\/\/paulinenaue.info\/wp-content\/uploads\/2017\/09\/20020318_bhfvorplatz_01.jpg 500w\" data-sizes=\"auto\" data-orig-sizes=\"(max-width: 300px) 100vw, 300px\" \/><\/a><p id=\"caption-attachment-1456\" class=\"wp-caption-text\">Ein Blick \u00fcber die alte Bahnersiedlung Paulinenaue. Vor f\u00fcnf Jahren war noch nicht klar, dass die Tage des Stallgeb\u00e4udes im Vordergrund bald gez\u00e4hlt sein w\u00fcrden. Foto: Joachim Scholz<\/p><\/div>\n<div id=\"attachment_1455\" style=\"width: 310px\" class=\"wp-caption alignright\"><a href=\"http:\/\/paulinenaue.info\/wp-content\/uploads\/2017\/09\/20070318_bhfvorplatz_02.jpg\"><img decoding=\"async\" aria-describedby=\"caption-attachment-1455\" data-attachment-id=\"1455\" data-permalink=\"https:\/\/paulinenaue.info\/index.php\/2002-und-2007-paulinenaue-im-fuenfjahresvergleich\/20070318_bhfvorplatz_02\/\" data-orig-file=\"https:\/\/paulinenaue.info\/wp-content\/uploads\/2017\/09\/20070318_bhfvorplatz_02.jpg\" data-orig-size=\"500,303\" data-comments-opened=\"1\" data-image-meta=\"{&quot;aperture&quot;:&quot;5.6&quot;,&quot;credit&quot;:&quot;&quot;,&quot;camera&quot;:&quot;DSC-P72&quot;,&quot;caption&quot;:&quot;&quot;,&quot;created_timestamp&quot;:&quot;1174220166&quot;,&quot;copyright&quot;:&quot;&quot;,&quot;focal_length&quot;:&quot;6&quot;,&quot;iso&quot;:&quot;100&quot;,&quot;shutter_speed&quot;:&quot;0.01&quot;,&quot;title&quot;:&quot;&quot;,&quot;orientation&quot;:&quot;1&quot;}\" data-image-title=\"20070318_bhfvorplatz_02\" data-image-description=\"\" data-image-caption=\"\" data-large-file=\"https:\/\/paulinenaue.info\/wp-content\/uploads\/2017\/09\/20070318_bhfvorplatz_02.jpg\" class=\"lazyload wp-image-1455 size-medium\" src=\"http:\/\/paulinenaue.info\/wp-content\/uploads\/2017\/09\/20070318_bhfvorplatz_02-300x182.jpg\" data-orig-src=\"http:\/\/paulinenaue.info\/wp-content\/uploads\/2017\/09\/20070318_bhfvorplatz_02-300x182.jpg\" alt=\"Als h\u00e4tte man die H\u00e4user ausgetauscht, dabei fehlt eines. Der Fu\u00dfg\u00e4ngertunnel unter der neuen ICE-Strecke hat seinen Platz eingenommen.\" width=\"300\" height=\"182\" srcset=\"data:image\/svg+xml,%3Csvg%20xmlns%3D%27http%3A%2F%2Fwww.w3.org%2F2000%2Fsvg%27%20width%3D%27300%27%20height%3D%27182%27%20viewBox%3D%270%200%20300%20182%27%3E%3Crect%20width%3D%27300%27%20height%3D%27182%27%20fill-opacity%3D%220%22%2F%3E%3C%2Fsvg%3E\" data-srcset=\"https:\/\/paulinenaue.info\/wp-content\/uploads\/2017\/09\/20070318_bhfvorplatz_02-300x182.jpg 300w, https:\/\/paulinenaue.info\/wp-content\/uploads\/2017\/09\/20070318_bhfvorplatz_02.jpg 500w\" data-sizes=\"auto\" data-orig-sizes=\"(max-width: 300px) 100vw, 300px\" \/><\/a><p id=\"caption-attachment-1455\" class=\"wp-caption-text\">Als h\u00e4tte man die H\u00e4user ausgetauscht, dabei fehlt eines. Der Fu\u00dfg\u00e4ngertunnel unter der neuen ICE-Strecke hat seinen Platz eingenommen. Foto: Joachim Scholz<\/p><\/div>\n<p>&nbsp;<\/p>\n<p>&nbsp;<\/p>\n<p style=\"text-align: center;\">2002 &#8211; 2007<\/p>\n<p>&nbsp;<\/p>\n<p>&nbsp;<\/p>\n<p>&nbsp;<\/p>\n<p>&nbsp;<\/p>\n<p>&nbsp;<\/p>\n<p><strong>Neubauten Unter den Eichen &#8211; Lindenweg<\/strong><\/p>\n<div id=\"attachment_1458\" style=\"width: 310px\" class=\"wp-caption alignleft\"><a href=\"http:\/\/paulinenaue.info\/wp-content\/uploads\/2017\/09\/20020318_ude_lindenweg_01.jpg\"><img decoding=\"async\" aria-describedby=\"caption-attachment-1458\" data-attachment-id=\"1458\" data-permalink=\"https:\/\/paulinenaue.info\/index.php\/2002-und-2007-paulinenaue-im-fuenfjahresvergleich\/20020318_ude_lindenweg_01\/\" data-orig-file=\"https:\/\/paulinenaue.info\/wp-content\/uploads\/2017\/09\/20020318_ude_lindenweg_01.jpg\" data-orig-size=\"500,338\" data-comments-opened=\"1\" data-image-meta=\"{&quot;aperture&quot;:&quot;0&quot;,&quot;credit&quot;:&quot;&quot;,&quot;camera&quot;:&quot;&quot;,&quot;caption&quot;:&quot;&quot;,&quot;created_timestamp&quot;:&quot;0&quot;,&quot;copyright&quot;:&quot;&quot;,&quot;focal_length&quot;:&quot;0&quot;,&quot;iso&quot;:&quot;0&quot;,&quot;shutter_speed&quot;:&quot;0&quot;,&quot;title&quot;:&quot;&quot;,&quot;orientation&quot;:&quot;1&quot;}\" data-image-title=\"20020318_ude_lindenweg_01\" data-image-description=\"\" data-image-caption=\"\" data-large-file=\"https:\/\/paulinenaue.info\/wp-content\/uploads\/2017\/09\/20020318_ude_lindenweg_01.jpg\" class=\"lazyload wp-image-1458 size-medium\" src=\"http:\/\/paulinenaue.info\/wp-content\/uploads\/2017\/09\/20020318_ude_lindenweg_01-300x203.jpg\" data-orig-src=\"http:\/\/paulinenaue.info\/wp-content\/uploads\/2017\/09\/20020318_ude_lindenweg_01-300x203.jpg\" alt=\"Das Paulinenaue der Zukunft wird wohl so aussehen. Mehr als 80 solcher Einfamilienh\u00e4user sind bereits nach der Wende in Paulinenaue erbaut worden.\" width=\"300\" height=\"203\" srcset=\"data:image\/svg+xml,%3Csvg%20xmlns%3D%27http%3A%2F%2Fwww.w3.org%2F2000%2Fsvg%27%20width%3D%27300%27%20height%3D%27203%27%20viewBox%3D%270%200%20300%20203%27%3E%3Crect%20width%3D%27300%27%20height%3D%27203%27%20fill-opacity%3D%220%22%2F%3E%3C%2Fsvg%3E\" data-srcset=\"https:\/\/paulinenaue.info\/wp-content\/uploads\/2017\/09\/20020318_ude_lindenweg_01-300x203.jpg 300w, https:\/\/paulinenaue.info\/wp-content\/uploads\/2017\/09\/20020318_ude_lindenweg_01.jpg 500w\" data-sizes=\"auto\" data-orig-sizes=\"(max-width: 300px) 100vw, 300px\" \/><\/a><p id=\"caption-attachment-1458\" class=\"wp-caption-text\">Das Paulinenaue der Zukunft wird wohl so aussehen. Mehr als 80 solcher Einfamilienh\u00e4user sind bereits nach der Wende in Paulinenaue erbaut worden. Foto: Joachim Scholz<\/p><\/div>\n<div id=\"attachment_1457\" style=\"width: 310px\" class=\"wp-caption alignright\"><a href=\"http:\/\/paulinenaue.info\/wp-content\/uploads\/2017\/09\/20070318_ude_lindenweg_01.jpg\"><img decoding=\"async\" aria-describedby=\"caption-attachment-1457\" data-attachment-id=\"1457\" data-permalink=\"https:\/\/paulinenaue.info\/index.php\/2002-und-2007-paulinenaue-im-fuenfjahresvergleich\/20070318_ude_lindenweg_01\/\" data-orig-file=\"https:\/\/paulinenaue.info\/wp-content\/uploads\/2017\/09\/20070318_ude_lindenweg_01.jpg\" data-orig-size=\"500,324\" data-comments-opened=\"1\" data-image-meta=\"{&quot;aperture&quot;:&quot;0&quot;,&quot;credit&quot;:&quot;&quot;,&quot;camera&quot;:&quot;&quot;,&quot;caption&quot;:&quot;&quot;,&quot;created_timestamp&quot;:&quot;0&quot;,&quot;copyright&quot;:&quot;&quot;,&quot;focal_length&quot;:&quot;0&quot;,&quot;iso&quot;:&quot;0&quot;,&quot;shutter_speed&quot;:&quot;0&quot;,&quot;title&quot;:&quot;&quot;,&quot;orientation&quot;:&quot;1&quot;}\" data-image-title=\"20070318_ude_lindenweg_01\" data-image-description=\"\" data-image-caption=\"\" data-large-file=\"https:\/\/paulinenaue.info\/wp-content\/uploads\/2017\/09\/20070318_ude_lindenweg_01.jpg\" class=\"lazyload wp-image-1457 size-medium\" src=\"http:\/\/paulinenaue.info\/wp-content\/uploads\/2017\/09\/20070318_ude_lindenweg_01-300x194.jpg\" data-orig-src=\"http:\/\/paulinenaue.info\/wp-content\/uploads\/2017\/09\/20070318_ude_lindenweg_01-300x194.jpg\" alt=\"Bist du aber gro\u00df geworden! Das Heckenbaby oben hat sich zu einem ordentlichen Geb\u00fcsch gemausert.\" width=\"300\" height=\"194\" srcset=\"data:image\/svg+xml,%3Csvg%20xmlns%3D%27http%3A%2F%2Fwww.w3.org%2F2000%2Fsvg%27%20width%3D%27300%27%20height%3D%27194%27%20viewBox%3D%270%200%20300%20194%27%3E%3Crect%20width%3D%27300%27%20height%3D%27194%27%20fill-opacity%3D%220%22%2F%3E%3C%2Fsvg%3E\" data-srcset=\"https:\/\/paulinenaue.info\/wp-content\/uploads\/2017\/09\/20070318_ude_lindenweg_01-300x194.jpg 300w, https:\/\/paulinenaue.info\/wp-content\/uploads\/2017\/09\/20070318_ude_lindenweg_01.jpg 500w\" data-sizes=\"auto\" data-orig-sizes=\"(max-width: 300px) 100vw, 300px\" \/><\/a><p id=\"caption-attachment-1457\" class=\"wp-caption-text\">Bist du aber gro\u00df geworden! Das Heckenbaby oben hat sich zu einem ordentlichen Geb\u00fcsch gemausert. Foto: Joachim Scholz<\/p><\/div>\n<p>&nbsp;<\/p>\n<p>&nbsp;<\/p>\n<p style=\"text-align: center;\">2002 &#8211; 2007<\/p>\n<p>&nbsp;<\/p>\n<p>&nbsp;<\/p>\n<p>&nbsp;<\/p>\n<p>&nbsp;<\/p>\n<p>&nbsp;<\/p>\n<p>&nbsp;<\/p>\n<p><strong>Die Bahnhofstra\u00dfe<\/strong><\/p>\n<div id=\"attachment_1459\" style=\"width: 310px\" class=\"wp-caption alignleft\"><a href=\"http:\/\/paulinenaue.info\/wp-content\/uploads\/2017\/09\/20020318_bhfstr_02.jpg\"><img decoding=\"async\" aria-describedby=\"caption-attachment-1459\" data-attachment-id=\"1459\" data-permalink=\"https:\/\/paulinenaue.info\/index.php\/2002-und-2007-paulinenaue-im-fuenfjahresvergleich\/20020318_bhfstr_02\/\" data-orig-file=\"https:\/\/paulinenaue.info\/wp-content\/uploads\/2017\/09\/20020318_bhfstr_02.jpg\" data-orig-size=\"500,333\" data-comments-opened=\"1\" data-image-meta=\"{&quot;aperture&quot;:&quot;0&quot;,&quot;credit&quot;:&quot;&quot;,&quot;camera&quot;:&quot;&quot;,&quot;caption&quot;:&quot;&quot;,&quot;created_timestamp&quot;:&quot;0&quot;,&quot;copyright&quot;:&quot;&quot;,&quot;focal_length&quot;:&quot;0&quot;,&quot;iso&quot;:&quot;0&quot;,&quot;shutter_speed&quot;:&quot;0&quot;,&quot;title&quot;:&quot;&quot;,&quot;orientation&quot;:&quot;1&quot;}\" data-image-title=\"20020318_bhfstr_02\" data-image-description=\"\" data-image-caption=\"\" data-large-file=\"https:\/\/paulinenaue.info\/wp-content\/uploads\/2017\/09\/20020318_bhfstr_02.jpg\" class=\"lazyload wp-image-1459 size-medium\" src=\"http:\/\/paulinenaue.info\/wp-content\/uploads\/2017\/09\/20020318_bhfstr_02-300x200.jpg\" data-orig-src=\"http:\/\/paulinenaue.info\/wp-content\/uploads\/2017\/09\/20020318_bhfstr_02-300x200.jpg\" alt=\"Es gibt noch Orte, an denen die Zeit stillsteht. Die Bahnhofstra\u00dfe scheint so einer zu sein. Sie sieht 2002 ...\" width=\"300\" height=\"200\" srcset=\"data:image\/svg+xml,%3Csvg%20xmlns%3D%27http%3A%2F%2Fwww.w3.org%2F2000%2Fsvg%27%20width%3D%27300%27%20height%3D%27200%27%20viewBox%3D%270%200%20300%20200%27%3E%3Crect%20width%3D%27300%27%20height%3D%27200%27%20fill-opacity%3D%220%22%2F%3E%3C%2Fsvg%3E\" data-srcset=\"https:\/\/paulinenaue.info\/wp-content\/uploads\/2017\/09\/20020318_bhfstr_02-272x182.jpg 272w, https:\/\/paulinenaue.info\/wp-content\/uploads\/2017\/09\/20020318_bhfstr_02-300x200.jpg 300w, https:\/\/paulinenaue.info\/wp-content\/uploads\/2017\/09\/20020318_bhfstr_02.jpg 500w\" data-sizes=\"auto\" data-orig-sizes=\"(max-width: 300px) 100vw, 300px\" \/><\/a><p id=\"caption-attachment-1459\" class=\"wp-caption-text\">Es gibt noch Orte, an denen die Zeit stillsteht. Die Bahnhofstra\u00dfe scheint so einer zu sein. Sie sieht 2002 &#8230; Foto: Joachim Scholz<\/p><\/div>\n<div id=\"attachment_1460\" style=\"width: 310px\" class=\"wp-caption alignright\"><a href=\"http:\/\/paulinenaue.info\/wp-content\/uploads\/2017\/09\/20070318_bhfstr_02.jpg\"><img decoding=\"async\" aria-describedby=\"caption-attachment-1460\" data-attachment-id=\"1460\" data-permalink=\"https:\/\/paulinenaue.info\/index.php\/2002-und-2007-paulinenaue-im-fuenfjahresvergleich\/20070318_bhfstr_02\/\" data-orig-file=\"https:\/\/paulinenaue.info\/wp-content\/uploads\/2017\/09\/20070318_bhfstr_02.jpg\" data-orig-size=\"500,327\" data-comments-opened=\"1\" data-image-meta=\"{&quot;aperture&quot;:&quot;0&quot;,&quot;credit&quot;:&quot;&quot;,&quot;camera&quot;:&quot;&quot;,&quot;caption&quot;:&quot;&quot;,&quot;created_timestamp&quot;:&quot;0&quot;,&quot;copyright&quot;:&quot;&quot;,&quot;focal_length&quot;:&quot;0&quot;,&quot;iso&quot;:&quot;0&quot;,&quot;shutter_speed&quot;:&quot;0&quot;,&quot;title&quot;:&quot;&quot;,&quot;orientation&quot;:&quot;1&quot;}\" data-image-title=\"20070318_bhfstr_02\" data-image-description=\"\" data-image-caption=\"\" data-large-file=\"https:\/\/paulinenaue.info\/wp-content\/uploads\/2017\/09\/20070318_bhfstr_02.jpg\" class=\"lazyload wp-image-1460 size-medium\" src=\"http:\/\/paulinenaue.info\/wp-content\/uploads\/2017\/09\/20070318_bhfstr_02-300x196.jpg\" data-orig-src=\"http:\/\/paulinenaue.info\/wp-content\/uploads\/2017\/09\/20070318_bhfstr_02-300x196.jpg\" alt=\"... noch genauso aus wie 2007. Ob in f\u00fcnf Jahren hier noch B\u00e4ume stehen, ist allerdings fraglich. Etliche sollen bereits zur F\u00e4llung freigegeben sein.\" width=\"300\" height=\"196\" srcset=\"data:image\/svg+xml,%3Csvg%20xmlns%3D%27http%3A%2F%2Fwww.w3.org%2F2000%2Fsvg%27%20width%3D%27300%27%20height%3D%27196%27%20viewBox%3D%270%200%20300%20196%27%3E%3Crect%20width%3D%27300%27%20height%3D%27196%27%20fill-opacity%3D%220%22%2F%3E%3C%2Fsvg%3E\" data-srcset=\"https:\/\/paulinenaue.info\/wp-content\/uploads\/2017\/09\/20070318_bhfstr_02-300x196.jpg 300w, https:\/\/paulinenaue.info\/wp-content\/uploads\/2017\/09\/20070318_bhfstr_02.jpg 500w\" data-sizes=\"auto\" data-orig-sizes=\"(max-width: 300px) 100vw, 300px\" \/><\/a><p id=\"caption-attachment-1460\" class=\"wp-caption-text\">&#8230; noch genauso aus wie 2007. Ob in f\u00fcnf Jahren hier noch B\u00e4ume stehen, ist allerdings fraglich. Etliche sollen bereits zur F\u00e4llung freigegeben sein. Foto: Joachim Scholz<\/p><\/div>\n<p>&nbsp;<\/p>\n<p>&nbsp;<\/p>\n<p style=\"text-align: center;\">2002 &#8211; 2007<\/p>\n<p>&nbsp;<\/p>\n<p>&nbsp;<\/p>\n<p>&nbsp;<\/p>\n<p>&nbsp;<\/p>\n<p>&nbsp;<\/p>\n<p><strong>Vor der Sparkasse<\/strong><\/p>\n<div id=\"attachment_1461\" style=\"width: 310px\" class=\"wp-caption alignleft\"><a href=\"http:\/\/paulinenaue.info\/wp-content\/uploads\/2017\/09\/20020318_sparkasse_01.jpg\"><img decoding=\"async\" aria-describedby=\"caption-attachment-1461\" data-attachment-id=\"1461\" data-permalink=\"https:\/\/paulinenaue.info\/index.php\/2002-und-2007-paulinenaue-im-fuenfjahresvergleich\/20020318_sparkasse_01\/\" data-orig-file=\"https:\/\/paulinenaue.info\/wp-content\/uploads\/2017\/09\/20020318_sparkasse_01.jpg\" data-orig-size=\"500,308\" data-comments-opened=\"1\" data-image-meta=\"{&quot;aperture&quot;:&quot;0&quot;,&quot;credit&quot;:&quot;&quot;,&quot;camera&quot;:&quot;&quot;,&quot;caption&quot;:&quot;&quot;,&quot;created_timestamp&quot;:&quot;0&quot;,&quot;copyright&quot;:&quot;&quot;,&quot;focal_length&quot;:&quot;0&quot;,&quot;iso&quot;:&quot;0&quot;,&quot;shutter_speed&quot;:&quot;0&quot;,&quot;title&quot;:&quot;&quot;,&quot;orientation&quot;:&quot;1&quot;}\" data-image-title=\"20020318_sparkasse_01\" data-image-description=\"\" data-image-caption=\"\" data-large-file=\"https:\/\/paulinenaue.info\/wp-content\/uploads\/2017\/09\/20020318_sparkasse_01.jpg\" class=\"lazyload wp-image-1461 size-medium\" src=\"http:\/\/paulinenaue.info\/wp-content\/uploads\/2017\/09\/20020318_sparkasse_01-300x185.jpg\" data-orig-src=\"http:\/\/paulinenaue.info\/wp-content\/uploads\/2017\/09\/20020318_sparkasse_01-300x185.jpg\" alt=\"Der 18. M\u00e4rz 2002 war ein normaler Wochentag, an dem auch die Sparkassenfiliale ge\u00f6ffnet war.\" width=\"300\" height=\"185\" srcset=\"data:image\/svg+xml,%3Csvg%20xmlns%3D%27http%3A%2F%2Fwww.w3.org%2F2000%2Fsvg%27%20width%3D%27300%27%20height%3D%27185%27%20viewBox%3D%270%200%20300%20185%27%3E%3Crect%20width%3D%27300%27%20height%3D%27185%27%20fill-opacity%3D%220%22%2F%3E%3C%2Fsvg%3E\" data-srcset=\"https:\/\/paulinenaue.info\/wp-content\/uploads\/2017\/09\/20020318_sparkasse_01-300x185.jpg 300w, https:\/\/paulinenaue.info\/wp-content\/uploads\/2017\/09\/20020318_sparkasse_01.jpg 500w\" data-sizes=\"auto\" data-orig-sizes=\"(max-width: 300px) 100vw, 300px\" \/><\/a><p id=\"caption-attachment-1461\" class=\"wp-caption-text\">Der 18. M\u00e4rz 2002 war ein normaler Wochentag, an dem auch die Sparkassenfiliale ge\u00f6ffnet war. Foto: Joachim Scholz<\/p><\/div>\n<div id=\"attachment_1462\" style=\"width: 310px\" class=\"wp-caption alignright\"><a href=\"http:\/\/paulinenaue.info\/wp-content\/uploads\/2017\/09\/20070318_sparkasse_01.jpg\"><img decoding=\"async\" aria-describedby=\"caption-attachment-1462\" data-attachment-id=\"1462\" data-permalink=\"https:\/\/paulinenaue.info\/index.php\/2002-und-2007-paulinenaue-im-fuenfjahresvergleich\/20070318_sparkasse_01\/\" data-orig-file=\"https:\/\/paulinenaue.info\/wp-content\/uploads\/2017\/09\/20070318_sparkasse_01.jpg\" data-orig-size=\"500,337\" data-comments-opened=\"1\" data-image-meta=\"{&quot;aperture&quot;:&quot;5.6&quot;,&quot;credit&quot;:&quot;&quot;,&quot;camera&quot;:&quot;DSC-P72&quot;,&quot;caption&quot;:&quot;&quot;,&quot;created_timestamp&quot;:&quot;1174214634&quot;,&quot;copyright&quot;:&quot;&quot;,&quot;focal_length&quot;:&quot;6&quot;,&quot;iso&quot;:&quot;100&quot;,&quot;shutter_speed&quot;:&quot;0.0125&quot;,&quot;title&quot;:&quot;&quot;,&quot;orientation&quot;:&quot;1&quot;}\" data-image-title=\"20070318_sparkasse_01\" data-image-description=\"\" data-image-caption=\"\" data-large-file=\"https:\/\/paulinenaue.info\/wp-content\/uploads\/2017\/09\/20070318_sparkasse_01.jpg\" class=\"lazyload wp-image-1462 size-medium\" src=\"http:\/\/paulinenaue.info\/wp-content\/uploads\/2017\/09\/20070318_sparkasse_01-300x202.jpg\" data-orig-src=\"http:\/\/paulinenaue.info\/wp-content\/uploads\/2017\/09\/20070318_sparkasse_01-300x202.jpg\" alt=\"Am Sonntag, dem 18. M\u00e4rz 2007 sind die Rollos heruntergelassen. Im Dorf wird eifrig nach dem ausger\u00fcckten Hund von Frank Schrader gesucht, der derweil einen kleinen Dorfbummel macht, oder aber blo\u00df nach dem rechten sieht. In den f\u00fcnf Jahren dazwischen hat es immerhin einen Einbruchsversuch in die Sparkassenfiliale gegeben.\" width=\"300\" height=\"202\" srcset=\"data:image\/svg+xml,%3Csvg%20xmlns%3D%27http%3A%2F%2Fwww.w3.org%2F2000%2Fsvg%27%20width%3D%27300%27%20height%3D%27202%27%20viewBox%3D%270%200%20300%20202%27%3E%3Crect%20width%3D%27300%27%20height%3D%27202%27%20fill-opacity%3D%220%22%2F%3E%3C%2Fsvg%3E\" data-srcset=\"https:\/\/paulinenaue.info\/wp-content\/uploads\/2017\/09\/20070318_sparkasse_01-272x182.jpg 272w, https:\/\/paulinenaue.info\/wp-content\/uploads\/2017\/09\/20070318_sparkasse_01-300x202.jpg 300w, https:\/\/paulinenaue.info\/wp-content\/uploads\/2017\/09\/20070318_sparkasse_01.jpg 500w\" data-sizes=\"auto\" data-orig-sizes=\"(max-width: 300px) 100vw, 300px\" \/><\/a><p id=\"caption-attachment-1462\" class=\"wp-caption-text\">Am Sonntag, dem 18. M\u00e4rz 2007 sind die Rollos heruntergelassen. Im Dorf wird eifrig nach dem ausger\u00fcckten Hund von Frank Schrader gesucht, der derweil einen kleinen Dorfbummel macht, oder aber blo\u00df nach dem rechten sieht. In den f\u00fcnf Jahren dazwischen hat es immerhin einen Einbruchsversuch in die Sparkassenfiliale gegeben. Foto: Joachim Scholz<\/p><\/div>\n<p>&nbsp;<\/p>\n<p>&nbsp;<\/p>\n<p style=\"text-align: center;\">2002 &#8211; 2007<\/p>\n<p>&nbsp;<\/p>\n<p>&nbsp;<\/p>\n<p>&nbsp;<\/p>\n<p>&nbsp;<\/p>\n<p>&nbsp;<\/p>\n<p>&nbsp;<\/p>\n<p><strong>Im Kameruner Weg<\/strong><\/p>\n<div id=\"attachment_1464\" style=\"width: 310px\" class=\"wp-caption alignleft\"><a href=\"http:\/\/paulinenaue.info\/wp-content\/uploads\/2017\/09\/20020318_kamerunerweg_01.jpg\"><img decoding=\"async\" aria-describedby=\"caption-attachment-1464\" data-attachment-id=\"1464\" data-permalink=\"https:\/\/paulinenaue.info\/index.php\/2002-und-2007-paulinenaue-im-fuenfjahresvergleich\/20020318_kamerunerweg_01\/\" data-orig-file=\"https:\/\/paulinenaue.info\/wp-content\/uploads\/2017\/09\/20020318_kamerunerweg_01.jpg\" data-orig-size=\"500,332\" data-comments-opened=\"1\" data-image-meta=\"{&quot;aperture&quot;:&quot;0&quot;,&quot;credit&quot;:&quot;&quot;,&quot;camera&quot;:&quot;&quot;,&quot;caption&quot;:&quot;&quot;,&quot;created_timestamp&quot;:&quot;0&quot;,&quot;copyright&quot;:&quot;&quot;,&quot;focal_length&quot;:&quot;0&quot;,&quot;iso&quot;:&quot;0&quot;,&quot;shutter_speed&quot;:&quot;0&quot;,&quot;title&quot;:&quot;&quot;,&quot;orientation&quot;:&quot;1&quot;}\" data-image-title=\"20020318_kamerunerweg_01\" data-image-description=\"\" data-image-caption=\"\" data-large-file=\"https:\/\/paulinenaue.info\/wp-content\/uploads\/2017\/09\/20020318_kamerunerweg_01.jpg\" class=\"lazyload wp-image-1464 size-medium\" src=\"http:\/\/paulinenaue.info\/wp-content\/uploads\/2017\/09\/20020318_kamerunerweg_01-300x199.jpg\" data-orig-src=\"http:\/\/paulinenaue.info\/wp-content\/uploads\/2017\/09\/20020318_kamerunerweg_01-300x199.jpg\" alt=\"Auf den Kameruner Weg konzentriert sich schon seit den 1980er Jahren die Neubebauung durch Eigenheime. In Nachwendezeiten ist ein regelrechter Bauboom zu bemerken. Auf fast einem Kilometer L\u00e4nge wurden L\u00fccken geschlossen und vor allem die S\u00fcdseite, im Bild links, nach und nach geschlossen.\" width=\"300\" height=\"199\" srcset=\"data:image\/svg+xml,%3Csvg%20xmlns%3D%27http%3A%2F%2Fwww.w3.org%2F2000%2Fsvg%27%20width%3D%27300%27%20height%3D%27199%27%20viewBox%3D%270%200%20300%20199%27%3E%3Crect%20width%3D%27300%27%20height%3D%27199%27%20fill-opacity%3D%220%22%2F%3E%3C%2Fsvg%3E\" data-srcset=\"https:\/\/paulinenaue.info\/wp-content\/uploads\/2017\/09\/20020318_kamerunerweg_01-300x199.jpg 300w, https:\/\/paulinenaue.info\/wp-content\/uploads\/2017\/09\/20020318_kamerunerweg_01.jpg 500w\" data-sizes=\"auto\" data-orig-sizes=\"(max-width: 300px) 100vw, 300px\" \/><\/a><p id=\"caption-attachment-1464\" class=\"wp-caption-text\">Auf den Kameruner Weg konzentriert sich schon seit den 1980er Jahren die Neubebauung durch Eigenheime. In Nachwendezeiten ist ein regelrechter Bauboom zu bemerken. Auf fast einem Kilometer L\u00e4nge wurden L\u00fccken geschlossen und vor allem die S\u00fcdseite, im Bild links, nach und nach geschlossen. Foto: Joachim Scholz<\/p><\/div>\n<div id=\"attachment_1463\" style=\"width: 310px\" class=\"wp-caption alignright\"><a href=\"http:\/\/paulinenaue.info\/wp-content\/uploads\/2017\/09\/20070318_kamerunerweg_01.jpg\"><img decoding=\"async\" aria-describedby=\"caption-attachment-1463\" data-attachment-id=\"1463\" data-permalink=\"https:\/\/paulinenaue.info\/index.php\/2002-und-2007-paulinenaue-im-fuenfjahresvergleich\/20070318_kamerunerweg_01\/\" data-orig-file=\"https:\/\/paulinenaue.info\/wp-content\/uploads\/2017\/09\/20070318_kamerunerweg_01.jpg\" data-orig-size=\"500,332\" data-comments-opened=\"1\" data-image-meta=\"{&quot;aperture&quot;:&quot;5.6&quot;,&quot;credit&quot;:&quot;&quot;,&quot;camera&quot;:&quot;DSC-P72&quot;,&quot;caption&quot;:&quot;&quot;,&quot;created_timestamp&quot;:&quot;1174216283&quot;,&quot;copyright&quot;:&quot;&quot;,&quot;focal_length&quot;:&quot;6&quot;,&quot;iso&quot;:&quot;100&quot;,&quot;shutter_speed&quot;:&quot;0.01&quot;,&quot;title&quot;:&quot;&quot;,&quot;orientation&quot;:&quot;1&quot;}\" data-image-title=\"20070318_kamerunerweg_01\" data-image-description=\"\" data-image-caption=\"\" data-large-file=\"https:\/\/paulinenaue.info\/wp-content\/uploads\/2017\/09\/20070318_kamerunerweg_01.jpg\" class=\"lazyload wp-image-1463 size-medium\" src=\"http:\/\/paulinenaue.info\/wp-content\/uploads\/2017\/09\/20070318_kamerunerweg_01-300x199.jpg\" data-orig-src=\"http:\/\/paulinenaue.info\/wp-content\/uploads\/2017\/09\/20070318_kamerunerweg_01-300x199.jpg\" alt=\"Kurz vor Ende des Kameruner Weges. Blick zur\u00fcck in Richtung des Dorfes. Wieder ist es die Vegetation, die sich am meisten ver\u00e4ndert hat. Wer genau hinsieht, kann links aber auch ein neues Haus entdecken.\" width=\"300\" height=\"199\" srcset=\"data:image\/svg+xml,%3Csvg%20xmlns%3D%27http%3A%2F%2Fwww.w3.org%2F2000%2Fsvg%27%20width%3D%27300%27%20height%3D%27199%27%20viewBox%3D%270%200%20300%20199%27%3E%3Crect%20width%3D%27300%27%20height%3D%27199%27%20fill-opacity%3D%220%22%2F%3E%3C%2Fsvg%3E\" data-srcset=\"https:\/\/paulinenaue.info\/wp-content\/uploads\/2017\/09\/20070318_kamerunerweg_01-300x199.jpg 300w, https:\/\/paulinenaue.info\/wp-content\/uploads\/2017\/09\/20070318_kamerunerweg_01.jpg 500w\" data-sizes=\"auto\" data-orig-sizes=\"(max-width: 300px) 100vw, 300px\" \/><\/a><p id=\"caption-attachment-1463\" class=\"wp-caption-text\">Kurz vor Ende des Kameruner Weges. Blick zur\u00fcck in Richtung des Dorfes. Wieder ist es die Vegetation, die sich am meisten ver\u00e4ndert hat. Wer genau hinsieht, kann links aber auch ein neues Haus entdecken. Foto: Joachim Scholz<\/p><\/div>\n<p>&nbsp;<\/p>\n<p>&nbsp;<\/p>\n<p style=\"text-align: center;\">2002 &#8211; 2007<\/p>\n","protected":false},"excerpt":{"rendered":"<p>31.03.2007 Joachim Scholz Vor f\u00fcnf Jahren durchstreiften zum hehren Zwecke [&hellip;]<\/p>\n","protected":false},"author":3,"featured_media":1459,"comment_status":"open","ping_status":"open","sticky":false,"template":"","format":"standard","meta":{"_acf_changed":false,"_price":"","_stock":"","_tribe_ticket_header":"","_tribe_default_ticket_provider":"","_tribe_ticket_capacity":"0","_ticket_start_date":"","_ticket_end_date":"","_tribe_ticket_show_description":"","_tribe_ticket_show_not_going":false,"_tribe_ticket_use_global_stock":"","_tribe_ticket_global_stock_level":"","_global_stock_mode":"","_global_stock_cap":"","_tribe_rsvp_for_event":"","_tribe_ticket_going_count":"","_tribe_ticket_not_going_count":"","_tribe_tickets_list":"[]","_tribe_ticket_has_attendee_info_fields":false,"jetpack_post_was_ever_published":false,"_jetpack_newsletter_access":"","_jetpack_dont_email_post_to_subs":false,"_jetpack_newsletter_tier_id":0,"_jetpack_memberships_contains_paywalled_content":false,"_jetpack_memberships_contains_paid_content":false,"footnotes":"","jetpack_publicize_message":"","jetpack_publicize_feature_enabled":true,"jetpack_social_post_already_shared":true,"jetpack_social_options":{"image_generator_settings":{"template":"highway","default_image_id":0,"font":"","enabled":false},"version":2}},"categories":[1,40,7],"tags":[192,193,197,202,191,195,74,201,200,199,198,194,196],"class_list":["post-1438","post","type-post","status-publish","format-standard","has-post-thumbnail","hentry","category-allgemein","category-dorfentwicklung","category-historie","tag-192","tag-193","tag-bahnhofstrasse","tag-bahnhofsvorplatz","tag-fuenfjahresvergleich","tag-kameruner-weg","tag-kita-paulinchen","tag-kraehenwinkel","tag-lindenweg","tag-mehrzweckgebaeude","tag-philipp-mueller-strasse","tag-sparkasse","tag-unter-den-eichen"],"acf":[],"yoast_head":"<!-- This site is optimized with the Yoast SEO plugin v27.5 - https:\/\/yoast.com\/product\/yoast-seo-wordpress\/ -->\n<title>2002 und 2007: Paulinenaue im F\u00fcnfjahresvergleich - Paulinenaue<\/title>\n<meta name=\"robots\" content=\"index, follow, max-snippet:-1, max-image-preview:large, max-video-preview:-1\" \/>\n<link rel=\"canonical\" href=\"https:\/\/paulinenaue.info\/index.php\/2002-und-2007-paulinenaue-im-fuenfjahresvergleich\/\" \/>\n<meta property=\"og:locale\" content=\"de_DE\" \/>\n<meta property=\"og:type\" content=\"article\" \/>\n<meta property=\"og:title\" content=\"2002 und 2007: Paulinenaue im F\u00fcnfjahresvergleich - Paulinenaue\" \/>\n<meta property=\"og:description\" content=\"31.03.2007 Joachim Scholz Vor f\u00fcnf Jahren durchstreiften zum hehren Zwecke [&hellip;]\" \/>\n<meta property=\"og:url\" content=\"https:\/\/paulinenaue.info\/index.php\/2002-und-2007-paulinenaue-im-fuenfjahresvergleich\/\" \/>\n<meta property=\"og:site_name\" content=\"Paulinenaue\" \/>\n<meta property=\"article:published_time\" content=\"2017-09-14T07:56:14+00:00\" \/>\n<meta property=\"og:image\" content=\"https:\/\/i2.wp.com\/paulinenaue.info\/wp-content\/uploads\/2017\/09\/20020318_bhfstr_02.jpg?fit=500%2C333&ssl=1\" \/>\n\t<meta property=\"og:image:width\" content=\"500\" \/>\n\t<meta property=\"og:image:height\" content=\"333\" \/>\n\t<meta property=\"og:image:type\" content=\"image\/jpeg\" \/>\n<meta name=\"author\" content=\"Sarah\" \/>\n<meta name=\"twitter:card\" content=\"summary_large_image\" \/>\n<meta name=\"twitter:label1\" content=\"Verfasst von\" \/>\n\t<meta name=\"twitter:data1\" content=\"Sarah\" \/>\n\t<meta name=\"twitter:label2\" content=\"Gesch\u00e4tzte Lesezeit\" \/>\n\t<meta name=\"twitter:data2\" content=\"5\u00a0Minuten\" \/>\n<script type=\"application\/ld+json\" class=\"yoast-schema-graph\">{\"@context\":\"https:\\\/\\\/schema.org\",\"@graph\":[{\"@type\":\"Article\",\"@id\":\"https:\\\/\\\/paulinenaue.info\\\/index.php\\\/2002-und-2007-paulinenaue-im-fuenfjahresvergleich\\\/#article\",\"isPartOf\":{\"@id\":\"https:\\\/\\\/paulinenaue.info\\\/index.php\\\/2002-und-2007-paulinenaue-im-fuenfjahresvergleich\\\/\"},\"author\":{\"name\":\"Sarah\",\"@id\":\"https:\\\/\\\/paulinenaue.info\\\/#\\\/schema\\\/person\\\/e5be566a57b5b3f65d2c65a58c42325e\"},\"headline\":\"2002 und 2007: Paulinenaue im F\u00fcnfjahresvergleich\",\"datePublished\":\"2017-09-14T07:56:14+00:00\",\"mainEntityOfPage\":{\"@id\":\"https:\\\/\\\/paulinenaue.info\\\/index.php\\\/2002-und-2007-paulinenaue-im-fuenfjahresvergleich\\\/\"},\"wordCount\":917,\"commentCount\":0,\"image\":{\"@id\":\"https:\\\/\\\/paulinenaue.info\\\/index.php\\\/2002-und-2007-paulinenaue-im-fuenfjahresvergleich\\\/#primaryimage\"},\"thumbnailUrl\":\"https:\\\/\\\/paulinenaue.info\\\/wp-content\\\/uploads\\\/2017\\\/09\\\/20020318_bhfstr_02.jpg\",\"keywords\":[\"2002\",\"2007\",\"Bahnhofstra\u00dfe\",\"Bahnhofsvorplatz\",\"F\u00fcnfjahresvergleich\",\"Kameruner Weg\",\"Kita Paulinchen\",\"Kr\u00e4henwinkel\",\"Lindenweg\",\"Mehrzweckgeb\u00e4ude\",\"Philipp-M\u00fcller-Stra\u00dfe\",\"Sparkasse\",\"Unter den Eichen\"],\"articleSection\":{\"1\":\"Dorfentwicklung\",\"2\":\"Historie\"},\"inLanguage\":\"de\",\"potentialAction\":[{\"@type\":\"CommentAction\",\"name\":\"Comment\",\"target\":[\"https:\\\/\\\/paulinenaue.info\\\/index.php\\\/2002-und-2007-paulinenaue-im-fuenfjahresvergleich\\\/#respond\"]}]},{\"@type\":\"WebPage\",\"@id\":\"https:\\\/\\\/paulinenaue.info\\\/index.php\\\/2002-und-2007-paulinenaue-im-fuenfjahresvergleich\\\/\",\"url\":\"https:\\\/\\\/paulinenaue.info\\\/index.php\\\/2002-und-2007-paulinenaue-im-fuenfjahresvergleich\\\/\",\"name\":\"2002 und 2007: Paulinenaue im F\u00fcnfjahresvergleich - Paulinenaue\",\"isPartOf\":{\"@id\":\"https:\\\/\\\/paulinenaue.info\\\/#website\"},\"primaryImageOfPage\":{\"@id\":\"https:\\\/\\\/paulinenaue.info\\\/index.php\\\/2002-und-2007-paulinenaue-im-fuenfjahresvergleich\\\/#primaryimage\"},\"image\":{\"@id\":\"https:\\\/\\\/paulinenaue.info\\\/index.php\\\/2002-und-2007-paulinenaue-im-fuenfjahresvergleich\\\/#primaryimage\"},\"thumbnailUrl\":\"https:\\\/\\\/paulinenaue.info\\\/wp-content\\\/uploads\\\/2017\\\/09\\\/20020318_bhfstr_02.jpg\",\"datePublished\":\"2017-09-14T07:56:14+00:00\",\"author\":{\"@id\":\"https:\\\/\\\/paulinenaue.info\\\/#\\\/schema\\\/person\\\/e5be566a57b5b3f65d2c65a58c42325e\"},\"breadcrumb\":{\"@id\":\"https:\\\/\\\/paulinenaue.info\\\/index.php\\\/2002-und-2007-paulinenaue-im-fuenfjahresvergleich\\\/#breadcrumb\"},\"inLanguage\":\"de\",\"potentialAction\":[{\"@type\":\"ReadAction\",\"target\":[\"https:\\\/\\\/paulinenaue.info\\\/index.php\\\/2002-und-2007-paulinenaue-im-fuenfjahresvergleich\\\/\"]}]},{\"@type\":\"ImageObject\",\"inLanguage\":\"de\",\"@id\":\"https:\\\/\\\/paulinenaue.info\\\/index.php\\\/2002-und-2007-paulinenaue-im-fuenfjahresvergleich\\\/#primaryimage\",\"url\":\"https:\\\/\\\/paulinenaue.info\\\/wp-content\\\/uploads\\\/2017\\\/09\\\/20020318_bhfstr_02.jpg\",\"contentUrl\":\"https:\\\/\\\/paulinenaue.info\\\/wp-content\\\/uploads\\\/2017\\\/09\\\/20020318_bhfstr_02.jpg\",\"width\":\"500\",\"height\":\"333\"},{\"@type\":\"BreadcrumbList\",\"@id\":\"https:\\\/\\\/paulinenaue.info\\\/index.php\\\/2002-und-2007-paulinenaue-im-fuenfjahresvergleich\\\/#breadcrumb\",\"itemListElement\":[{\"@type\":\"ListItem\",\"position\":1,\"name\":\"Home\",\"item\":\"https:\\\/\\\/paulinenaue.info\\\/\"},{\"@type\":\"ListItem\",\"position\":2,\"name\":\"2002 und 2007: Paulinenaue im F\u00fcnfjahresvergleich\"}]},{\"@type\":\"WebSite\",\"@id\":\"https:\\\/\\\/paulinenaue.info\\\/#website\",\"url\":\"https:\\\/\\\/paulinenaue.info\\\/\",\"name\":\"Paulinenaue\",\"description\":\"Ein Dorf im Havelland\",\"potentialAction\":[{\"@type\":\"SearchAction\",\"target\":{\"@type\":\"EntryPoint\",\"urlTemplate\":\"https:\\\/\\\/paulinenaue.info\\\/?s={search_term_string}\"},\"query-input\":{\"@type\":\"PropertyValueSpecification\",\"valueRequired\":true,\"valueName\":\"search_term_string\"}}],\"inLanguage\":\"de\"},{\"@type\":\"Person\",\"@id\":\"https:\\\/\\\/paulinenaue.info\\\/#\\\/schema\\\/person\\\/e5be566a57b5b3f65d2c65a58c42325e\",\"name\":\"Sarah\",\"url\":\"https:\\\/\\\/paulinenaue.info\\\/index.php\\\/author\\\/sarah\\\/\"}]}<\/script>\n<!-- \/ Yoast SEO plugin. -->","yoast_head_json":{"title":"2002 und 2007: Paulinenaue im F\u00fcnfjahresvergleich - Paulinenaue","robots":{"index":"index","follow":"follow","max-snippet":"max-snippet:-1","max-image-preview":"max-image-preview:large","max-video-preview":"max-video-preview:-1"},"canonical":"https:\/\/paulinenaue.info\/index.php\/2002-und-2007-paulinenaue-im-fuenfjahresvergleich\/","og_locale":"de_DE","og_type":"article","og_title":"2002 und 2007: Paulinenaue im F\u00fcnfjahresvergleich - Paulinenaue","og_description":"31.03.2007 Joachim Scholz Vor f\u00fcnf Jahren durchstreiften zum hehren Zwecke [&hellip;]","og_url":"https:\/\/paulinenaue.info\/index.php\/2002-und-2007-paulinenaue-im-fuenfjahresvergleich\/","og_site_name":"Paulinenaue","article_published_time":"2017-09-14T07:56:14+00:00","og_image":[{"width":500,"height":333,"url":"https:\/\/i2.wp.com\/paulinenaue.info\/wp-content\/uploads\/2017\/09\/20020318_bhfstr_02.jpg?fit=500%2C333&ssl=1","type":"image\/jpeg"}],"author":"Sarah","twitter_card":"summary_large_image","twitter_misc":{"Verfasst von":"Sarah","Gesch\u00e4tzte Lesezeit":"5\u00a0Minuten"},"schema":{"@context":"https:\/\/schema.org","@graph":[{"@type":"Article","@id":"https:\/\/paulinenaue.info\/index.php\/2002-und-2007-paulinenaue-im-fuenfjahresvergleich\/#article","isPartOf":{"@id":"https:\/\/paulinenaue.info\/index.php\/2002-und-2007-paulinenaue-im-fuenfjahresvergleich\/"},"author":{"name":"Sarah","@id":"https:\/\/paulinenaue.info\/#\/schema\/person\/e5be566a57b5b3f65d2c65a58c42325e"},"headline":"2002 und 2007: Paulinenaue im F\u00fcnfjahresvergleich","datePublished":"2017-09-14T07:56:14+00:00","mainEntityOfPage":{"@id":"https:\/\/paulinenaue.info\/index.php\/2002-und-2007-paulinenaue-im-fuenfjahresvergleich\/"},"wordCount":917,"commentCount":0,"image":{"@id":"https:\/\/paulinenaue.info\/index.php\/2002-und-2007-paulinenaue-im-fuenfjahresvergleich\/#primaryimage"},"thumbnailUrl":"https:\/\/paulinenaue.info\/wp-content\/uploads\/2017\/09\/20020318_bhfstr_02.jpg","keywords":["2002","2007","Bahnhofstra\u00dfe","Bahnhofsvorplatz","F\u00fcnfjahresvergleich","Kameruner Weg","Kita Paulinchen","Kr\u00e4henwinkel","Lindenweg","Mehrzweckgeb\u00e4ude","Philipp-M\u00fcller-Stra\u00dfe","Sparkasse","Unter den Eichen"],"articleSection":{"1":"Dorfentwicklung","2":"Historie"},"inLanguage":"de","potentialAction":[{"@type":"CommentAction","name":"Comment","target":["https:\/\/paulinenaue.info\/index.php\/2002-und-2007-paulinenaue-im-fuenfjahresvergleich\/#respond"]}]},{"@type":"WebPage","@id":"https:\/\/paulinenaue.info\/index.php\/2002-und-2007-paulinenaue-im-fuenfjahresvergleich\/","url":"https:\/\/paulinenaue.info\/index.php\/2002-und-2007-paulinenaue-im-fuenfjahresvergleich\/","name":"2002 und 2007: Paulinenaue im F\u00fcnfjahresvergleich - Paulinenaue","isPartOf":{"@id":"https:\/\/paulinenaue.info\/#website"},"primaryImageOfPage":{"@id":"https:\/\/paulinenaue.info\/index.php\/2002-und-2007-paulinenaue-im-fuenfjahresvergleich\/#primaryimage"},"image":{"@id":"https:\/\/paulinenaue.info\/index.php\/2002-und-2007-paulinenaue-im-fuenfjahresvergleich\/#primaryimage"},"thumbnailUrl":"https:\/\/paulinenaue.info\/wp-content\/uploads\/2017\/09\/20020318_bhfstr_02.jpg","datePublished":"2017-09-14T07:56:14+00:00","author":{"@id":"https:\/\/paulinenaue.info\/#\/schema\/person\/e5be566a57b5b3f65d2c65a58c42325e"},"breadcrumb":{"@id":"https:\/\/paulinenaue.info\/index.php\/2002-und-2007-paulinenaue-im-fuenfjahresvergleich\/#breadcrumb"},"inLanguage":"de","potentialAction":[{"@type":"ReadAction","target":["https:\/\/paulinenaue.info\/index.php\/2002-und-2007-paulinenaue-im-fuenfjahresvergleich\/"]}]},{"@type":"ImageObject","inLanguage":"de","@id":"https:\/\/paulinenaue.info\/index.php\/2002-und-2007-paulinenaue-im-fuenfjahresvergleich\/#primaryimage","url":"https:\/\/paulinenaue.info\/wp-content\/uploads\/2017\/09\/20020318_bhfstr_02.jpg","contentUrl":"https:\/\/paulinenaue.info\/wp-content\/uploads\/2017\/09\/20020318_bhfstr_02.jpg","width":"500","height":"333"},{"@type":"BreadcrumbList","@id":"https:\/\/paulinenaue.info\/index.php\/2002-und-2007-paulinenaue-im-fuenfjahresvergleich\/#breadcrumb","itemListElement":[{"@type":"ListItem","position":1,"name":"Home","item":"https:\/\/paulinenaue.info\/"},{"@type":"ListItem","position":2,"name":"2002 und 2007: Paulinenaue im F\u00fcnfjahresvergleich"}]},{"@type":"WebSite","@id":"https:\/\/paulinenaue.info\/#website","url":"https:\/\/paulinenaue.info\/","name":"Paulinenaue","description":"Ein Dorf im Havelland","potentialAction":[{"@type":"SearchAction","target":{"@type":"EntryPoint","urlTemplate":"https:\/\/paulinenaue.info\/?s={search_term_string}"},"query-input":{"@type":"PropertyValueSpecification","valueRequired":true,"valueName":"search_term_string"}}],"inLanguage":"de"},{"@type":"Person","@id":"https:\/\/paulinenaue.info\/#\/schema\/person\/e5be566a57b5b3f65d2c65a58c42325e","name":"Sarah","url":"https:\/\/paulinenaue.info\/index.php\/author\/sarah\/"}]}},"jetpack_publicize_connections":[],"jetpack_featured_media_url":"https:\/\/paulinenaue.info\/wp-content\/uploads\/2017\/09\/20020318_bhfstr_02.jpg","jetpack_sharing_enabled":true,"jetpack_shortlink":"https:\/\/wp.me\/pcYhWA-nc","jetpack-related-posts":[{"id":418291,"url":"https:\/\/paulinenaue.info\/index.php\/hundert-jahre-alter-neubau\/","url_meta":{"origin":1438,"position":0},"title":"Hundert Jahre alter Neubau: Spaziergang durch Paulinenaues Norden","author":"Joachim Scholz","date":"21. September 2025","format":false,"excerpt":"","rel":"","context":"In &quot;Ehrenamt&quot;","block_context":{"text":"Ehrenamt","link":"https:\/\/paulinenaue.info\/index.php\/category\/ehrenamt\/"},"img":{"alt_text":"","src":"https:\/\/i0.wp.com\/paulinenaue.info\/wp-content\/uploads\/2025\/09\/2025-09-20_12-04-09-WANDERUNG.jpg?resize=350%2C200&ssl=1","width":350,"height":200,"srcset":"https:\/\/i0.wp.com\/paulinenaue.info\/wp-content\/uploads\/2025\/09\/2025-09-20_12-04-09-WANDERUNG.jpg?resize=350%2C200&ssl=1 1x, https:\/\/i0.wp.com\/paulinenaue.info\/wp-content\/uploads\/2025\/09\/2025-09-20_12-04-09-WANDERUNG.jpg?resize=525%2C300&ssl=1 1.5x, https:\/\/i0.wp.com\/paulinenaue.info\/wp-content\/uploads\/2025\/09\/2025-09-20_12-04-09-WANDERUNG.jpg?resize=700%2C400&ssl=1 2x, https:\/\/i0.wp.com\/paulinenaue.info\/wp-content\/uploads\/2025\/09\/2025-09-20_12-04-09-WANDERUNG.jpg?resize=1050%2C600&ssl=1 3x, https:\/\/i0.wp.com\/paulinenaue.info\/wp-content\/uploads\/2025\/09\/2025-09-20_12-04-09-WANDERUNG.jpg?resize=1400%2C800&ssl=1 4x"},"classes":[]},{"id":143058,"url":"https:\/\/paulinenaue.info\/index.php\/erfolgreicher-dorfputz\/","url_meta":{"origin":1438,"position":1},"title":"Erfolgreicher Dorfputz","author":"Sarah","date":"26. April 2022","format":false,"excerpt":"","rel":"","context":"In &quot;Gemeinde Paulinenaue&quot;","block_context":{"text":"Gemeinde Paulinenaue","link":"https:\/\/paulinenaue.info\/index.php\/category\/gemeinde-paulinenaue\/"},"img":{"alt_text":"","src":"https:\/\/i0.wp.com\/paulinenaue.info\/wp-content\/uploads\/2022\/04\/IMG-20220409-WA0000.jpg?resize=350%2C200&ssl=1","width":350,"height":200,"srcset":"https:\/\/i0.wp.com\/paulinenaue.info\/wp-content\/uploads\/2022\/04\/IMG-20220409-WA0000.jpg?resize=350%2C200&ssl=1 1x, https:\/\/i0.wp.com\/paulinenaue.info\/wp-content\/uploads\/2022\/04\/IMG-20220409-WA0000.jpg?resize=525%2C300&ssl=1 1.5x, https:\/\/i0.wp.com\/paulinenaue.info\/wp-content\/uploads\/2022\/04\/IMG-20220409-WA0000.jpg?resize=700%2C400&ssl=1 2x"},"classes":[]},{"id":152,"url":"https:\/\/paulinenaue.info\/index.php\/paulinenaues-schwarze-bretter-wurden-entfernt\/","url_meta":{"origin":1438,"position":2},"title":"Paulinenaues \u201eSchwarze Bretter\u201c wurden entfernt","author":"Joachim Scholz","date":"22. M\u00e4rz 2016","format":false,"excerpt":"Joachim Scholz 03.08.2011. Die Schwarzen Bretter von Paulinenaue, die kurioserweise alle braun waren, sind im Jahresverlauf \u00fcberwiegend aus dem Ortsbild verschwunden. Was im M\u00e4rz nach einer Anwohnerkritik in der Philipp-M\u00fcller-Stra\u00dfe begonnen hatte und mit Sicherheitsbedenken begr\u00fcndet wurde, zog weiter als Trend durchs Dorf. Auch \u201eUnter den Eichen\u201c und in der\u2026","rel":"","context":"In &quot;Dorfentwicklung&quot;","block_context":{"text":"Dorfentwicklung","link":"https:\/\/paulinenaue.info\/index.php\/category\/dorfentwicklung\/"},"img":{"alt_text":"","src":"https:\/\/i0.wp.com\/paulinenaue.info\/wp-content\/uploads\/2016\/03\/schwarzesbrett_20061225_phmstr_01.jpg?resize=350%2C200&ssl=1","width":350,"height":200},"classes":[]},{"id":907,"url":"https:\/\/paulinenaue.info\/index.php\/paulinenaue-aus-der-vogelperspektive-im-dezember-2003\/","url_meta":{"origin":1438,"position":3},"title":"Paulinenaue aus der Vogelperspektive im Dezember 2003","author":"Sarah","date":"10. Juni 2017","format":false,"excerpt":"22.03.2004 Joachim Scholz Zum derzeitigen intensiven Baugeschehen im Bahnbereich geh\u00f6rte auch die Aufstellung eines 50 Meter hohen Baukranes an exponierter Stelle im Dorf. Die aus luftiger H\u00f6he gemachten Fotografien entstanden im Dezember 2003.","rel":"","context":"In &quot;Allgemein&quot;","block_context":{"text":"Allgemein","link":"https:\/\/paulinenaue.info\/index.php\/category\/allgemein\/"},"img":{"alt_text":"","src":"https:\/\/i0.wp.com\/paulinenaue.info\/wp-content\/uploads\/2017\/06\/bahnhof_20031207_01.jpg?resize=350%2C200&ssl=1","width":350,"height":200},"classes":[]},{"id":4717,"url":"https:\/\/paulinenaue.info\/index.php\/thema-torf-eine-exkursion-mit-karl-weirauch\/","url_meta":{"origin":1438,"position":4},"title":"Thema Torf \u2013 eine\u00a0Exkursion mit Karl Weirauch","author":"Joachim Scholz","date":"1. Mai 2019","format":false,"excerpt":"Karl Weirauch ist ein Ph\u00e4nomen. Das \u00e4lteste Foto von ihm zeigt ihn als Dreij\u00e4hrigen auf einer monstr\u00f6sen Wiesenwalze vor dem Paulinenauer \u201eNeubau\u201c, in der heutigen Philipp-M\u00fcller-Stra\u00dfe. Es wurde 1928 aufgenommen. Wenn er heute \u00fcber das Schicksal der Walze berichtet, die Mitte der 1930er Jahre erst ausrangiert und dann ausgeweidet wurde,\u2026","rel":"","context":"In &quot;Dorfentwicklung&quot;","block_context":{"text":"Dorfentwicklung","link":"https:\/\/paulinenaue.info\/index.php\/category\/dorfentwicklung\/"},"img":{"alt_text":"","src":"https:\/\/i0.wp.com\/paulinenaue.info\/wp-content\/uploads\/2019\/04\/DSC01130.jpg?resize=350%2C200&ssl=1","width":350,"height":200,"srcset":"https:\/\/i0.wp.com\/paulinenaue.info\/wp-content\/uploads\/2019\/04\/DSC01130.jpg?resize=350%2C200&ssl=1 1x, https:\/\/i0.wp.com\/paulinenaue.info\/wp-content\/uploads\/2019\/04\/DSC01130.jpg?resize=525%2C300&ssl=1 1.5x, https:\/\/i0.wp.com\/paulinenaue.info\/wp-content\/uploads\/2019\/04\/DSC01130.jpg?resize=700%2C400&ssl=1 2x"},"classes":[]},{"id":1012,"url":"https:\/\/paulinenaue.info\/index.php\/80-jahre-gemeinde-paulinenaue-eine-serie-zur-ortsgeschichte-letzter-teil\/","url_meta":{"origin":1438,"position":5},"title":"80 Jahre Gemeinde Paulinenaue \u2013 Eine Serie zur Ortsgeschichte (Letzter Teil)","author":"Sarah","date":"19. Juni 2017","format":false,"excerpt":"21.12.2004 Letzter Teil Von Dr. Peter Pollack Paulinenaue nach der Wende Wir sind mit der geschichtlichen Entwicklung unserer Gemeinde beim Zeitpunkt der friedlichen Revolution in der DDR im Herbst 1989 und bei der Wiedervereinigung 1990 angekommen. In den vier Jahrzehnten von 1950-1990 hatte im Wesentlichen das Institut der Akademie der\u2026","rel":"","context":"In &quot;Allgemein&quot;","block_context":{"text":"Allgemein","link":"https:\/\/paulinenaue.info\/index.php\/category\/allgemein\/"},"img":{"alt_text":"Abb. 1: Institutsgel\u00e4nde Ende der 90er Jahre, links das von der DEULA sanierte Mitscherlichhaus. ","src":"https:\/\/i0.wp.com\/paulinenaue.info\/wp-content\/uploads\/2017\/06\/institut_neu-300x169.jpg?resize=350%2C200","width":350,"height":200},"classes":[]}],"_links":{"self":[{"href":"https:\/\/paulinenaue.info\/index.php\/wp-json\/wp\/v2\/posts\/1438","targetHints":{"allow":["GET"]}}],"collection":[{"href":"https:\/\/paulinenaue.info\/index.php\/wp-json\/wp\/v2\/posts"}],"about":[{"href":"https:\/\/paulinenaue.info\/index.php\/wp-json\/wp\/v2\/types\/post"}],"author":[{"embeddable":true,"href":"https:\/\/paulinenaue.info\/index.php\/wp-json\/wp\/v2\/users\/3"}],"replies":[{"embeddable":true,"href":"https:\/\/paulinenaue.info\/index.php\/wp-json\/wp\/v2\/comments?post=1438"}],"version-history":[{"count":12,"href":"https:\/\/paulinenaue.info\/index.php\/wp-json\/wp\/v2\/posts\/1438\/revisions"}],"predecessor-version":[{"id":1468,"href":"https:\/\/paulinenaue.info\/index.php\/wp-json\/wp\/v2\/posts\/1438\/revisions\/1468"}],"wp:featuredmedia":[{"embeddable":true,"href":"https:\/\/paulinenaue.info\/index.php\/wp-json\/wp\/v2\/media\/1459"}],"wp:attachment":[{"href":"https:\/\/paulinenaue.info\/index.php\/wp-json\/wp\/v2\/media?parent=1438"}],"wp:term":[{"taxonomy":"category","embeddable":true,"href":"https:\/\/paulinenaue.info\/index.php\/wp-json\/wp\/v2\/categories?post=1438"},{"taxonomy":"post_tag","embeddable":true,"href":"https:\/\/paulinenaue.info\/index.php\/wp-json\/wp\/v2\/tags?post=1438"}],"curies":[{"name":"wp","href":"https:\/\/api.w.org\/{rel}","templated":true}]}}