{"id":1474,"date":"2017-09-15T09:58:47","date_gmt":"2017-09-15T07:58:47","guid":{"rendered":"http:\/\/paulinenaue.info\/?p=1474"},"modified":"2018-03-23T22:16:52","modified_gmt":"2018-03-23T21:16:52","slug":"gutshaus-seit-mittwoch-nur-noch-ohne-linde","status":"publish","type":"post","link":"https:\/\/paulinenaue.info\/index.php\/gutshaus-seit-mittwoch-nur-noch-ohne-linde\/","title":{"rendered":"Gutshaus seit Mittwoch nur noch ohne Linde"},"content":{"rendered":"<p>15.09.2017<\/p>\n<p>F\u00fcr den Einen war sie der Kletterbaum in der Kindheit, f\u00fcr den Anderen bot sie ein schattiges Pl\u00e4tzchen im Sommer und f\u00fcr den N\u00e4chsten hatte sie dem Schloss mit seiner regelm\u00e4\u00dfigen Fasssade immer etwas harmonisches verliehen.<\/p>\n<p>Am Mittwochvormittag des 13.09.2017,\u00a0 konnten die Bewohner des Gutshauses regelrecht dabei zuschauen, wie die alte Linde am Wintergarten ihre Kr\u00e4fte verlor. Mit einem Mal lag sie quer \u00fcber die Einfahrt zum Gel\u00e4nde der DEULA Sch\u00e4nke.<\/p>\n<div id=\"attachment_1935\" style=\"width: 510px\" class=\"wp-caption alignnone\"><a href=\"http:\/\/paulinenaue.info\/wp-content\/uploads\/2017\/09\/DSC07072.jpg\"><img decoding=\"async\" aria-describedby=\"caption-attachment-1935\" data-attachment-id=\"1935\" data-permalink=\"https:\/\/paulinenaue.info\/index.php\/gutshaus-seit-mittwoch-nur-noch-ohne-linde\/dsc07072-jpg\/\" data-orig-file=\"https:\/\/paulinenaue.info\/wp-content\/uploads\/2017\/09\/DSC07072.jpg\" data-orig-size=\"800,600\" data-comments-opened=\"1\" data-image-meta=\"{&quot;aperture&quot;:&quot;4.5&quot;,&quot;credit&quot;:&quot;&quot;,&quot;camera&quot;:&quot;DSC-HX1&quot;,&quot;caption&quot;:&quot;&quot;,&quot;created_timestamp&quot;:&quot;1332859140&quot;,&quot;copyright&quot;:&quot;&quot;,&quot;focal_length&quot;:&quot;6.3&quot;,&quot;iso&quot;:&quot;125&quot;,&quot;shutter_speed&quot;:&quot;0.001&quot;,&quot;title&quot;:&quot;DSC07072.JPG&quot;,&quot;orientation&quot;:&quot;1&quot;}\" data-image-title=\"DSC07072.JPG\" data-image-description=\"\" data-image-caption=\"\" data-large-file=\"https:\/\/paulinenaue.info\/wp-content\/uploads\/2017\/09\/DSC07072.jpg\" class=\"lazyload wp-image-1935\" src=\"http:\/\/paulinenaue.info\/wp-content\/uploads\/2017\/09\/DSC07072.jpg\" data-orig-src=\"http:\/\/paulinenaue.info\/wp-content\/uploads\/2017\/09\/DSC07072.jpg\" alt=\"Linde vor dem Gutshaus\" width=\"500\" height=\"375\" srcset=\"data:image\/svg+xml,%3Csvg%20xmlns%3D%27http%3A%2F%2Fwww.w3.org%2F2000%2Fsvg%27%20width%3D%27500%27%20height%3D%27375%27%20viewBox%3D%270%200%20500%20375%27%3E%3Crect%20width%3D%27500%27%20height%3D%27375%27%20fill-opacity%3D%220%22%2F%3E%3C%2Fsvg%3E\" data-srcset=\"https:\/\/paulinenaue.info\/wp-content\/uploads\/2017\/09\/DSC07072-300x225.jpg 300w, https:\/\/paulinenaue.info\/wp-content\/uploads\/2017\/09\/DSC07072-768x576.jpg 768w, https:\/\/paulinenaue.info\/wp-content\/uploads\/2017\/09\/DSC07072.jpg 800w\" data-sizes=\"auto\" data-orig-sizes=\"(max-width: 500px) 100vw, 500px\" \/><\/a><p id=\"caption-attachment-1935\" class=\"wp-caption-text\">Schon seit langem musste er weit ausliegende Ast der Linde gest\u00fctzt werden. Foto: Joachim Scholz, 2012.<\/p><\/div>\n<p>&nbsp;<\/p>\n<div id=\"attachment_1479\" style=\"width: 510px\" class=\"wp-caption alignnone\"><a href=\"http:\/\/paulinenaue.info\/wp-content\/uploads\/2017\/09\/Linde_Winter.jpg\"><img decoding=\"async\" aria-describedby=\"caption-attachment-1479\" data-attachment-id=\"1479\" data-permalink=\"https:\/\/paulinenaue.info\/index.php\/gutshaus-seit-mittwoch-nur-noch-ohne-linde\/linde_winter\/\" data-orig-file=\"https:\/\/paulinenaue.info\/wp-content\/uploads\/2017\/09\/Linde_Winter.jpg\" data-orig-size=\"800,600\" data-comments-opened=\"1\" data-image-meta=\"{&quot;aperture&quot;:&quot;4&quot;,&quot;credit&quot;:&quot;&quot;,&quot;camera&quot;:&quot;DSC-HX1&quot;,&quot;caption&quot;:&quot;&quot;,&quot;created_timestamp&quot;:&quot;1261581988&quot;,&quot;copyright&quot;:&quot;&quot;,&quot;focal_length&quot;:&quot;15&quot;,&quot;iso&quot;:&quot;125&quot;,&quot;shutter_speed&quot;:&quot;0.008&quot;,&quot;title&quot;:&quot;&quot;,&quot;orientation&quot;:&quot;1&quot;}\" data-image-title=\"Linde_Winter\" data-image-description=\"\" data-image-caption=\"\" data-large-file=\"https:\/\/paulinenaue.info\/wp-content\/uploads\/2017\/09\/Linde_Winter.jpg\" class=\"lazyload wp-image-1479 \" src=\"http:\/\/paulinenaue.info\/wp-content\/uploads\/2017\/09\/Linde_Winter-300x225.jpg\" data-orig-src=\"http:\/\/paulinenaue.info\/wp-content\/uploads\/2017\/09\/Linde_Winter-300x225.jpg\" alt=\"Auch im Winter ein unzertrenniches Paar - Linde und Gutshaus. \" width=\"500\" height=\"375\" srcset=\"data:image\/svg+xml,%3Csvg%20xmlns%3D%27http%3A%2F%2Fwww.w3.org%2F2000%2Fsvg%27%20width%3D%27500%27%20height%3D%27375%27%20viewBox%3D%270%200%20500%20375%27%3E%3Crect%20width%3D%27500%27%20height%3D%27375%27%20fill-opacity%3D%220%22%2F%3E%3C%2Fsvg%3E\" data-srcset=\"https:\/\/paulinenaue.info\/wp-content\/uploads\/2017\/09\/Linde_Winter-300x225.jpg 300w, https:\/\/paulinenaue.info\/wp-content\/uploads\/2017\/09\/Linde_Winter-768x576.jpg 768w, https:\/\/paulinenaue.info\/wp-content\/uploads\/2017\/09\/Linde_Winter.jpg 800w\" data-sizes=\"auto\" data-orig-sizes=\"(max-width: 500px) 100vw, 500px\" \/><\/a><p id=\"caption-attachment-1479\" class=\"wp-caption-text\">Auch im Winter ein unzertrennliches Paar &#8211; Linde und Gutshaus. Foto: Joachim Scholz.<\/p><\/div>\n<p>&nbsp;<\/p>\n<p>&nbsp;<\/p>\n<p>Das schon hohe Alter, starker Wind und Regen, waren ihr Todesurteil. Schon ganz morsch und ohne jeglichen Halt im Stamm, hielf auch die St\u00fctze des Astes, der einmal abgeknickt sein muss, nichts mehr.<\/p>\n<div id=\"attachment_1477\" style=\"width: 510px\" class=\"wp-caption alignnone\"><a href=\"http:\/\/paulinenaue.info\/wp-content\/uploads\/2017\/09\/Linde_-Stamm.jpg\"><img decoding=\"async\" aria-describedby=\"caption-attachment-1477\" data-attachment-id=\"1477\" data-permalink=\"https:\/\/paulinenaue.info\/index.php\/gutshaus-seit-mittwoch-nur-noch-ohne-linde\/linde_-stamm\/\" data-orig-file=\"https:\/\/paulinenaue.info\/wp-content\/uploads\/2017\/09\/Linde_-Stamm.jpg\" data-orig-size=\"800,600\" data-comments-opened=\"1\" data-image-meta=\"{&quot;aperture&quot;:&quot;2&quot;,&quot;credit&quot;:&quot;&quot;,&quot;camera&quot;:&quot;COOLPIX P7800&quot;,&quot;caption&quot;:&quot;&quot;,&quot;created_timestamp&quot;:&quot;1505386026&quot;,&quot;copyright&quot;:&quot;&quot;,&quot;focal_length&quot;:&quot;6&quot;,&quot;iso&quot;:&quot;80&quot;,&quot;shutter_speed&quot;:&quot;0.0125&quot;,&quot;title&quot;:&quot;&quot;,&quot;orientation&quot;:&quot;1&quot;}\" data-image-title=\"Linde_ Stamm\" data-image-description=\"\" data-image-caption=\"\" data-large-file=\"https:\/\/paulinenaue.info\/wp-content\/uploads\/2017\/09\/Linde_-Stamm.jpg\" class=\"lazyload wp-image-1477 \" src=\"http:\/\/paulinenaue.info\/wp-content\/uploads\/2017\/09\/Linde_-Stamm-300x225.jpg\" data-orig-src=\"http:\/\/paulinenaue.info\/wp-content\/uploads\/2017\/09\/Linde_-Stamm-300x225.jpg\" alt=\"Ein Blick ins Innere l\u00e4sst auch den Laien schnell erkennen, dass die Linde nicht mehr viel Halt hatte\" width=\"500\" height=\"375\" srcset=\"data:image\/svg+xml,%3Csvg%20xmlns%3D%27http%3A%2F%2Fwww.w3.org%2F2000%2Fsvg%27%20width%3D%27500%27%20height%3D%27375%27%20viewBox%3D%270%200%20500%20375%27%3E%3Crect%20width%3D%27500%27%20height%3D%27375%27%20fill-opacity%3D%220%22%2F%3E%3C%2Fsvg%3E\" data-srcset=\"https:\/\/paulinenaue.info\/wp-content\/uploads\/2017\/09\/Linde_-Stamm-300x225.jpg 300w, https:\/\/paulinenaue.info\/wp-content\/uploads\/2017\/09\/Linde_-Stamm-768x576.jpg 768w, https:\/\/paulinenaue.info\/wp-content\/uploads\/2017\/09\/Linde_-Stamm.jpg 800w\" data-sizes=\"auto\" data-orig-sizes=\"(max-width: 500px) 100vw, 500px\" \/><\/a><p id=\"caption-attachment-1477\" class=\"wp-caption-text\">Ein Blick ins Innere l\u00e4sst auch den Laien schnell erkennen, dass die Linde nicht mehr viel Halt hatte. Foto: Sarah Vierjahn<\/p><\/div>\n<p>&nbsp;<\/p>\n<div id=\"attachment_1475\" style=\"width: 510px\" class=\"wp-caption alignnone\"><a href=\"http:\/\/paulinenaue.info\/wp-content\/uploads\/2017\/09\/Linde_Gutshaus.jpg\"><img decoding=\"async\" aria-describedby=\"caption-attachment-1475\" data-attachment-id=\"1475\" data-permalink=\"https:\/\/paulinenaue.info\/index.php\/gutshaus-seit-mittwoch-nur-noch-ohne-linde\/linde_gutshaus\/\" data-orig-file=\"https:\/\/paulinenaue.info\/wp-content\/uploads\/2017\/09\/Linde_Gutshaus.jpg\" data-orig-size=\"800,600\" data-comments-opened=\"1\" data-image-meta=\"{&quot;aperture&quot;:&quot;2&quot;,&quot;credit&quot;:&quot;&quot;,&quot;camera&quot;:&quot;COOLPIX P7800&quot;,&quot;caption&quot;:&quot;&quot;,&quot;created_timestamp&quot;:&quot;1505385964&quot;,&quot;copyright&quot;:&quot;&quot;,&quot;focal_length&quot;:&quot;6&quot;,&quot;iso&quot;:&quot;80&quot;,&quot;shutter_speed&quot;:&quot;0.00625&quot;,&quot;title&quot;:&quot;&quot;,&quot;orientation&quot;:&quot;1&quot;}\" data-image-title=\"Linde_Gutshaus\" data-image-description=\"\" data-image-caption=\"\" data-large-file=\"https:\/\/paulinenaue.info\/wp-content\/uploads\/2017\/09\/Linde_Gutshaus.jpg\" class=\"lazyload wp-image-1475 \" src=\"http:\/\/paulinenaue.info\/wp-content\/uploads\/2017\/09\/Linde_Gutshaus-300x225.jpg\" data-orig-src=\"http:\/\/paulinenaue.info\/wp-content\/uploads\/2017\/09\/Linde_Gutshaus-300x225.jpg\" alt=\"Die Einfahrt zur Sch\u00e4nke wurde schnell ger\u00e4umt. Noch gibt es die M\u00f6glichkeit, sich von den Resten der Linde &quot;zu verabschieden&quot;.\" width=\"500\" height=\"375\" srcset=\"data:image\/svg+xml,%3Csvg%20xmlns%3D%27http%3A%2F%2Fwww.w3.org%2F2000%2Fsvg%27%20width%3D%27500%27%20height%3D%27375%27%20viewBox%3D%270%200%20500%20375%27%3E%3Crect%20width%3D%27500%27%20height%3D%27375%27%20fill-opacity%3D%220%22%2F%3E%3C%2Fsvg%3E\" data-srcset=\"https:\/\/paulinenaue.info\/wp-content\/uploads\/2017\/09\/Linde_Gutshaus-300x225.jpg 300w, https:\/\/paulinenaue.info\/wp-content\/uploads\/2017\/09\/Linde_Gutshaus-768x576.jpg 768w, https:\/\/paulinenaue.info\/wp-content\/uploads\/2017\/09\/Linde_Gutshaus.jpg 800w\" data-sizes=\"auto\" data-orig-sizes=\"(max-width: 500px) 100vw, 500px\" \/><\/a><p id=\"caption-attachment-1475\" class=\"wp-caption-text\">Die Einfahrt zur Sch\u00e4nke wurde schnell ger\u00e4umt. Noch gibt es die M\u00f6glichkeit, sich von den Resten der Linde &#8222;zu verabschieden&#8220;. Foto: Sarah Vierjahn<\/p><\/div>\n","protected":false},"excerpt":{"rendered":"<p>15.09.2017 F\u00fcr den Einen war sie der Kletterbaum in der [&hellip;]<\/p>\n","protected":false},"author":3,"featured_media":1476,"comment_status":"open","ping_status":"open","sticky":false,"template":"","format":"standard","meta":{"_acf_changed":false,"_price":"","_stock":"","_tribe_ticket_header":"","_tribe_default_ticket_provider":"","_tribe_ticket_capacity":"0","_ticket_start_date":"","_ticket_end_date":"","_tribe_ticket_show_description":"","_tribe_ticket_show_not_going":false,"_tribe_ticket_use_global_stock":"","_tribe_ticket_global_stock_level":"","_global_stock_mode":"","_global_stock_cap":"","_tribe_rsvp_for_event":"","_tribe_ticket_going_count":"","_tribe_ticket_not_going_count":"","_tribe_tickets_list":"[]","_tribe_ticket_has_attendee_info_fields":false,"jetpack_post_was_ever_published":false,"_jetpack_newsletter_access":"","_jetpack_dont_email_post_to_subs":false,"_jetpack_newsletter_tier_id":0,"_jetpack_memberships_contains_paywalled_content":false,"_jetpack_memberships_contains_paid_content":false,"footnotes":"","jetpack_publicize_message":"","jetpack_publicize_feature_enabled":true,"jetpack_social_post_already_shared":true,"jetpack_social_options":{"image_generator_settings":{"template":"highway","default_image_id":0,"font":"","enabled":false},"version":2}},"categories":[1,9],"tags":[204,203],"class_list":["post-1474","post","type-post","status-publish","format-standard","has-post-thumbnail","hentry","category-allgemein","category-neuigkeiten","tag-gutshaus","tag-linde"],"acf":[],"yoast_head":"<!-- This site is optimized with the Yoast SEO plugin v27.5 - https:\/\/yoast.com\/product\/yoast-seo-wordpress\/ -->\n<title>Gutshaus seit Mittwoch nur noch ohne Linde - Paulinenaue<\/title>\n<meta name=\"robots\" content=\"index, follow, max-snippet:-1, max-image-preview:large, max-video-preview:-1\" \/>\n<link rel=\"canonical\" href=\"https:\/\/paulinenaue.info\/index.php\/gutshaus-seit-mittwoch-nur-noch-ohne-linde\/\" \/>\n<meta property=\"og:locale\" content=\"de_DE\" \/>\n<meta property=\"og:type\" content=\"article\" \/>\n<meta property=\"og:title\" content=\"Gutshaus seit Mittwoch nur noch ohne Linde - Paulinenaue\" \/>\n<meta property=\"og:description\" content=\"15.09.2017 F\u00fcr den Einen war sie der Kletterbaum in der [&hellip;]\" \/>\n<meta property=\"og:url\" content=\"https:\/\/paulinenaue.info\/index.php\/gutshaus-seit-mittwoch-nur-noch-ohne-linde\/\" \/>\n<meta property=\"og:site_name\" content=\"Paulinenaue\" \/>\n<meta property=\"article:published_time\" content=\"2017-09-15T07:58:47+00:00\" \/>\n<meta property=\"article:modified_time\" content=\"2018-03-23T21:16:52+00:00\" \/>\n<meta property=\"og:image\" content=\"https:\/\/i2.wp.com\/paulinenaue.info\/wp-content\/uploads\/2017\/09\/Linde_Stamm_Nahaufnahme.jpg?fit=800%2C600&ssl=1\" \/>\n\t<meta property=\"og:image:width\" content=\"800\" \/>\n\t<meta property=\"og:image:height\" content=\"600\" \/>\n\t<meta property=\"og:image:type\" content=\"image\/jpeg\" \/>\n<meta name=\"author\" content=\"Sarah\" \/>\n<meta name=\"twitter:card\" content=\"summary_large_image\" \/>\n<meta name=\"twitter:label1\" content=\"Verfasst von\" \/>\n\t<meta name=\"twitter:data1\" content=\"Sarah\" \/>\n\t<meta name=\"twitter:label2\" content=\"Gesch\u00e4tzte Lesezeit\" \/>\n\t<meta name=\"twitter:data2\" content=\"1\u00a0Minute\" \/>\n<script type=\"application\/ld+json\" class=\"yoast-schema-graph\">{\"@context\":\"https:\\\/\\\/schema.org\",\"@graph\":[{\"@type\":\"Article\",\"@id\":\"https:\\\/\\\/paulinenaue.info\\\/index.php\\\/gutshaus-seit-mittwoch-nur-noch-ohne-linde\\\/#article\",\"isPartOf\":{\"@id\":\"https:\\\/\\\/paulinenaue.info\\\/index.php\\\/gutshaus-seit-mittwoch-nur-noch-ohne-linde\\\/\"},\"author\":{\"name\":\"Sarah\",\"@id\":\"https:\\\/\\\/paulinenaue.info\\\/#\\\/schema\\\/person\\\/e5be566a57b5b3f65d2c65a58c42325e\"},\"headline\":\"Gutshaus seit Mittwoch nur noch ohne Linde\",\"datePublished\":\"2017-09-15T07:58:47+00:00\",\"dateModified\":\"2018-03-23T21:16:52+00:00\",\"mainEntityOfPage\":{\"@id\":\"https:\\\/\\\/paulinenaue.info\\\/index.php\\\/gutshaus-seit-mittwoch-nur-noch-ohne-linde\\\/\"},\"wordCount\":229,\"commentCount\":0,\"image\":{\"@id\":\"https:\\\/\\\/paulinenaue.info\\\/index.php\\\/gutshaus-seit-mittwoch-nur-noch-ohne-linde\\\/#primaryimage\"},\"thumbnailUrl\":\"https:\\\/\\\/paulinenaue.info\\\/wp-content\\\/uploads\\\/2017\\\/09\\\/Linde_Stamm_Nahaufnahme.jpg\",\"keywords\":[\"Gutshaus\",\"Linde\"],\"articleSection\":{\"1\":\"Neuigkeiten\"},\"inLanguage\":\"de\",\"potentialAction\":[{\"@type\":\"CommentAction\",\"name\":\"Comment\",\"target\":[\"https:\\\/\\\/paulinenaue.info\\\/index.php\\\/gutshaus-seit-mittwoch-nur-noch-ohne-linde\\\/#respond\"]}]},{\"@type\":\"WebPage\",\"@id\":\"https:\\\/\\\/paulinenaue.info\\\/index.php\\\/gutshaus-seit-mittwoch-nur-noch-ohne-linde\\\/\",\"url\":\"https:\\\/\\\/paulinenaue.info\\\/index.php\\\/gutshaus-seit-mittwoch-nur-noch-ohne-linde\\\/\",\"name\":\"Gutshaus seit Mittwoch nur noch ohne Linde - Paulinenaue\",\"isPartOf\":{\"@id\":\"https:\\\/\\\/paulinenaue.info\\\/#website\"},\"primaryImageOfPage\":{\"@id\":\"https:\\\/\\\/paulinenaue.info\\\/index.php\\\/gutshaus-seit-mittwoch-nur-noch-ohne-linde\\\/#primaryimage\"},\"image\":{\"@id\":\"https:\\\/\\\/paulinenaue.info\\\/index.php\\\/gutshaus-seit-mittwoch-nur-noch-ohne-linde\\\/#primaryimage\"},\"thumbnailUrl\":\"https:\\\/\\\/paulinenaue.info\\\/wp-content\\\/uploads\\\/2017\\\/09\\\/Linde_Stamm_Nahaufnahme.jpg\",\"datePublished\":\"2017-09-15T07:58:47+00:00\",\"dateModified\":\"2018-03-23T21:16:52+00:00\",\"author\":{\"@id\":\"https:\\\/\\\/paulinenaue.info\\\/#\\\/schema\\\/person\\\/e5be566a57b5b3f65d2c65a58c42325e\"},\"breadcrumb\":{\"@id\":\"https:\\\/\\\/paulinenaue.info\\\/index.php\\\/gutshaus-seit-mittwoch-nur-noch-ohne-linde\\\/#breadcrumb\"},\"inLanguage\":\"de\",\"potentialAction\":[{\"@type\":\"ReadAction\",\"target\":[\"https:\\\/\\\/paulinenaue.info\\\/index.php\\\/gutshaus-seit-mittwoch-nur-noch-ohne-linde\\\/\"]}]},{\"@type\":\"ImageObject\",\"inLanguage\":\"de\",\"@id\":\"https:\\\/\\\/paulinenaue.info\\\/index.php\\\/gutshaus-seit-mittwoch-nur-noch-ohne-linde\\\/#primaryimage\",\"url\":\"https:\\\/\\\/paulinenaue.info\\\/wp-content\\\/uploads\\\/2017\\\/09\\\/Linde_Stamm_Nahaufnahme.jpg\",\"contentUrl\":\"https:\\\/\\\/paulinenaue.info\\\/wp-content\\\/uploads\\\/2017\\\/09\\\/Linde_Stamm_Nahaufnahme.jpg\",\"width\":\"800\",\"height\":\"600\"},{\"@type\":\"BreadcrumbList\",\"@id\":\"https:\\\/\\\/paulinenaue.info\\\/index.php\\\/gutshaus-seit-mittwoch-nur-noch-ohne-linde\\\/#breadcrumb\",\"itemListElement\":[{\"@type\":\"ListItem\",\"position\":1,\"name\":\"Home\",\"item\":\"https:\\\/\\\/paulinenaue.info\\\/\"},{\"@type\":\"ListItem\",\"position\":2,\"name\":\"Gutshaus seit Mittwoch nur noch ohne Linde\"}]},{\"@type\":\"WebSite\",\"@id\":\"https:\\\/\\\/paulinenaue.info\\\/#website\",\"url\":\"https:\\\/\\\/paulinenaue.info\\\/\",\"name\":\"Paulinenaue\",\"description\":\"Ein Dorf im Havelland\",\"potentialAction\":[{\"@type\":\"SearchAction\",\"target\":{\"@type\":\"EntryPoint\",\"urlTemplate\":\"https:\\\/\\\/paulinenaue.info\\\/?s={search_term_string}\"},\"query-input\":{\"@type\":\"PropertyValueSpecification\",\"valueRequired\":true,\"valueName\":\"search_term_string\"}}],\"inLanguage\":\"de\"},{\"@type\":\"Person\",\"@id\":\"https:\\\/\\\/paulinenaue.info\\\/#\\\/schema\\\/person\\\/e5be566a57b5b3f65d2c65a58c42325e\",\"name\":\"Sarah\",\"url\":\"https:\\\/\\\/paulinenaue.info\\\/index.php\\\/author\\\/sarah\\\/\"}]}<\/script>\n<!-- \/ Yoast SEO plugin. -->","yoast_head_json":{"title":"Gutshaus seit Mittwoch nur noch ohne Linde - Paulinenaue","robots":{"index":"index","follow":"follow","max-snippet":"max-snippet:-1","max-image-preview":"max-image-preview:large","max-video-preview":"max-video-preview:-1"},"canonical":"https:\/\/paulinenaue.info\/index.php\/gutshaus-seit-mittwoch-nur-noch-ohne-linde\/","og_locale":"de_DE","og_type":"article","og_title":"Gutshaus seit Mittwoch nur noch ohne Linde - Paulinenaue","og_description":"15.09.2017 F\u00fcr den Einen war sie der Kletterbaum in der [&hellip;]","og_url":"https:\/\/paulinenaue.info\/index.php\/gutshaus-seit-mittwoch-nur-noch-ohne-linde\/","og_site_name":"Paulinenaue","article_published_time":"2017-09-15T07:58:47+00:00","article_modified_time":"2018-03-23T21:16:52+00:00","og_image":[{"width":800,"height":600,"url":"https:\/\/i2.wp.com\/paulinenaue.info\/wp-content\/uploads\/2017\/09\/Linde_Stamm_Nahaufnahme.jpg?fit=800%2C600&ssl=1","type":"image\/jpeg"}],"author":"Sarah","twitter_card":"summary_large_image","twitter_misc":{"Verfasst von":"Sarah","Gesch\u00e4tzte Lesezeit":"1\u00a0Minute"},"schema":{"@context":"https:\/\/schema.org","@graph":[{"@type":"Article","@id":"https:\/\/paulinenaue.info\/index.php\/gutshaus-seit-mittwoch-nur-noch-ohne-linde\/#article","isPartOf":{"@id":"https:\/\/paulinenaue.info\/index.php\/gutshaus-seit-mittwoch-nur-noch-ohne-linde\/"},"author":{"name":"Sarah","@id":"https:\/\/paulinenaue.info\/#\/schema\/person\/e5be566a57b5b3f65d2c65a58c42325e"},"headline":"Gutshaus seit Mittwoch nur noch ohne Linde","datePublished":"2017-09-15T07:58:47+00:00","dateModified":"2018-03-23T21:16:52+00:00","mainEntityOfPage":{"@id":"https:\/\/paulinenaue.info\/index.php\/gutshaus-seit-mittwoch-nur-noch-ohne-linde\/"},"wordCount":229,"commentCount":0,"image":{"@id":"https:\/\/paulinenaue.info\/index.php\/gutshaus-seit-mittwoch-nur-noch-ohne-linde\/#primaryimage"},"thumbnailUrl":"https:\/\/paulinenaue.info\/wp-content\/uploads\/2017\/09\/Linde_Stamm_Nahaufnahme.jpg","keywords":["Gutshaus","Linde"],"articleSection":{"1":"Neuigkeiten"},"inLanguage":"de","potentialAction":[{"@type":"CommentAction","name":"Comment","target":["https:\/\/paulinenaue.info\/index.php\/gutshaus-seit-mittwoch-nur-noch-ohne-linde\/#respond"]}]},{"@type":"WebPage","@id":"https:\/\/paulinenaue.info\/index.php\/gutshaus-seit-mittwoch-nur-noch-ohne-linde\/","url":"https:\/\/paulinenaue.info\/index.php\/gutshaus-seit-mittwoch-nur-noch-ohne-linde\/","name":"Gutshaus seit Mittwoch nur noch ohne Linde - Paulinenaue","isPartOf":{"@id":"https:\/\/paulinenaue.info\/#website"},"primaryImageOfPage":{"@id":"https:\/\/paulinenaue.info\/index.php\/gutshaus-seit-mittwoch-nur-noch-ohne-linde\/#primaryimage"},"image":{"@id":"https:\/\/paulinenaue.info\/index.php\/gutshaus-seit-mittwoch-nur-noch-ohne-linde\/#primaryimage"},"thumbnailUrl":"https:\/\/paulinenaue.info\/wp-content\/uploads\/2017\/09\/Linde_Stamm_Nahaufnahme.jpg","datePublished":"2017-09-15T07:58:47+00:00","dateModified":"2018-03-23T21:16:52+00:00","author":{"@id":"https:\/\/paulinenaue.info\/#\/schema\/person\/e5be566a57b5b3f65d2c65a58c42325e"},"breadcrumb":{"@id":"https:\/\/paulinenaue.info\/index.php\/gutshaus-seit-mittwoch-nur-noch-ohne-linde\/#breadcrumb"},"inLanguage":"de","potentialAction":[{"@type":"ReadAction","target":["https:\/\/paulinenaue.info\/index.php\/gutshaus-seit-mittwoch-nur-noch-ohne-linde\/"]}]},{"@type":"ImageObject","inLanguage":"de","@id":"https:\/\/paulinenaue.info\/index.php\/gutshaus-seit-mittwoch-nur-noch-ohne-linde\/#primaryimage","url":"https:\/\/paulinenaue.info\/wp-content\/uploads\/2017\/09\/Linde_Stamm_Nahaufnahme.jpg","contentUrl":"https:\/\/paulinenaue.info\/wp-content\/uploads\/2017\/09\/Linde_Stamm_Nahaufnahme.jpg","width":"800","height":"600"},{"@type":"BreadcrumbList","@id":"https:\/\/paulinenaue.info\/index.php\/gutshaus-seit-mittwoch-nur-noch-ohne-linde\/#breadcrumb","itemListElement":[{"@type":"ListItem","position":1,"name":"Home","item":"https:\/\/paulinenaue.info\/"},{"@type":"ListItem","position":2,"name":"Gutshaus seit Mittwoch nur noch ohne Linde"}]},{"@type":"WebSite","@id":"https:\/\/paulinenaue.info\/#website","url":"https:\/\/paulinenaue.info\/","name":"Paulinenaue","description":"Ein Dorf im Havelland","potentialAction":[{"@type":"SearchAction","target":{"@type":"EntryPoint","urlTemplate":"https:\/\/paulinenaue.info\/?s={search_term_string}"},"query-input":{"@type":"PropertyValueSpecification","valueRequired":true,"valueName":"search_term_string"}}],"inLanguage":"de"},{"@type":"Person","@id":"https:\/\/paulinenaue.info\/#\/schema\/person\/e5be566a57b5b3f65d2c65a58c42325e","name":"Sarah","url":"https:\/\/paulinenaue.info\/index.php\/author\/sarah\/"}]}},"jetpack_publicize_connections":[],"jetpack_featured_media_url":"https:\/\/paulinenaue.info\/wp-content\/uploads\/2017\/09\/Linde_Stamm_Nahaufnahme.jpg","jetpack_sharing_enabled":true,"jetpack_shortlink":"https:\/\/wp.me\/pcYhWA-nM","jetpack-related-posts":[{"id":539,"url":"https:\/\/paulinenaue.info\/index.php\/paulinenaue-im-ersten-weltkrieg\/","url_meta":{"origin":1474,"position":0},"title":"Paulinenaue im Ersten Weltkrieg","author":"Joachim Scholz","date":"4. Januar 2014","format":false,"excerpt":"Der Beginn des Ersten Weltkrieges vor einhundert Jahren findet 2014 gro\u00dfe \u00f6ffentliche Beachtung und deshalb schon ist es ein reizvolles Projekt, den \u201eGro\u00dfen Krieg\u201c im kleinen Paulinenaue auf dieser Seite vorzustellen. Gl\u00fccklicherweise sind wichtige Vorg\u00e4nge dieser Jahre durch verschiedene Quellen gut belegt, die auch erahnen lassen, wie die Menschen in\u2026","rel":"","context":"In &quot;Dorfentwicklung&quot;","block_context":{"text":"Dorfentwicklung","link":"https:\/\/paulinenaue.info\/index.php\/category\/dorfentwicklung\/"},"img":{"alt_text":"","src":"https:\/\/i0.wp.com\/paulinenaue.info\/wp-content\/uploads\/2016\/11\/1916_russische_kriegsgefangene_02.jpg?resize=350%2C200&ssl=1","width":350,"height":200},"classes":[]},{"id":176,"url":"https:\/\/paulinenaue.info\/index.php\/zweiter-tag-der-offenen-tuer-im-schloss-paulinenaue\/","url_meta":{"origin":1474,"position":1},"title":"Zweiter Tag der offenen T\u00fcr im &#8222;Schloss Paulinenaue&#8220;","author":"Joachim Scholz","date":"25. April 2010","format":false,"excerpt":"25.04.2010. Noch einen, ja sogar zwei Tage der offenen T\u00fcr im Paulinenauer Schloss innerhalb kurzer Zeit - welchen Sinn sollte das machen? Wer sich am vergangenen Freitag und Samstag auf den Weg zu dem frisch sanierten Geb\u00e4ude machte, der konnte es erfahren. Denn das Herrenhaus pr\u00e4sentiert sich nunmehr teilm\u00f6bliert und\u2026","rel":"","context":"In &quot;Allgemein&quot;","block_context":{"text":"Allgemein","link":"https:\/\/paulinenaue.info\/index.php\/category\/allgemein\/"},"img":{"alt_text":"","src":"https:\/\/i0.wp.com\/paulinenaue.info\/wp-content\/uploads\/2016\/03\/2010-04-24-Schloss-Gemeinschaftsraum.jpg?resize=350%2C200&ssl=1","width":350,"height":200,"srcset":"https:\/\/i0.wp.com\/paulinenaue.info\/wp-content\/uploads\/2016\/03\/2010-04-24-Schloss-Gemeinschaftsraum.jpg?resize=350%2C200&ssl=1 1x, https:\/\/i0.wp.com\/paulinenaue.info\/wp-content\/uploads\/2016\/03\/2010-04-24-Schloss-Gemeinschaftsraum.jpg?resize=525%2C300&ssl=1 1.5x, https:\/\/i0.wp.com\/paulinenaue.info\/wp-content\/uploads\/2016\/03\/2010-04-24-Schloss-Gemeinschaftsraum.jpg?resize=700%2C400&ssl=1 2x"},"classes":[]},{"id":919,"url":"https:\/\/paulinenaue.info\/index.php\/paulinenauer-treppen\/","url_meta":{"origin":1474,"position":2},"title":"Paulinenauer Treppen","author":"Sarah","date":"10. Juni 2017","format":false,"excerpt":"04.04.2004 In S\u00fcdbrandenburg gibt es in den N\u00e4he von L\u00fcbben einen Ort, der hei\u00dft Treppendorf. Solche Prominenz genie\u00dfen Treppen zwar in Paulinenaue nicht, aber wie \u00fcberall auf der Welt spielt das Stufensteigen auch hier seine im Alltag so wichtige Rolle. Klicken Sie zur Vergr\u00f6\u00dferung der Einblicke in das vielf\u00e4ltige Paulinenauer\u2026","rel":"","context":"In &quot;Allgemein&quot;","block_context":{"text":"Allgemein","link":"https:\/\/paulinenaue.info\/index.php\/category\/allgemein\/"},"img":{"alt_text":"Die imposante Treppe des Gutshauses ist heute eine Blumenbank. ","src":"https:\/\/i0.wp.com\/paulinenaue.info\/wp-content\/uploads\/2017\/06\/20030903_treppe_gutshaus-300x157.jpg?resize=350%2C200","width":350,"height":200},"classes":[]},{"id":5827,"url":"https:\/\/paulinenaue.info\/index.php\/erfolgreicher-fruehjahrsputz-2021\/","url_meta":{"origin":1474,"position":3},"title":"Erfolgreicher Fr\u00fchjahrsputz 2021","author":"Sarah","date":"20. April 2021","format":false,"excerpt":"Der j\u00e4hrlich stattfindende Fr\u00fchjahrsputz war auch am vergangenen Samstag wieder ein kleiner Erfolg. An vielen Ecken in Paulinenaue wurde flei\u00dfig geharkt, gefegt, M\u00fcll gesammelt und Gr\u00fcnschnitt ber\u00e4umt. Trotz der andauernden Pandemie konnte unter freiem Himmel und unter Einhaltung von ausreichendem Abstand der Fr\u00fchjahrsputz durchgef\u00fchrt werden. Im Gutspark wurden die Wege\u2026","rel":"","context":"In &quot;Allgemein&quot;","block_context":{"text":"Allgemein","link":"https:\/\/paulinenaue.info\/index.php\/category\/allgemein\/"},"img":{"alt_text":"","src":"https:\/\/i0.wp.com\/paulinenaue.info\/wp-content\/uploads\/2021\/06\/paulinenaue-bahnhof-fruehjahrsputz-e1745016872473.jpg?resize=350%2C200&ssl=1","width":350,"height":200,"srcset":"https:\/\/i0.wp.com\/paulinenaue.info\/wp-content\/uploads\/2021\/06\/paulinenaue-bahnhof-fruehjahrsputz-e1745016872473.jpg?resize=350%2C200&ssl=1 1x, https:\/\/i0.wp.com\/paulinenaue.info\/wp-content\/uploads\/2021\/06\/paulinenaue-bahnhof-fruehjahrsputz-e1745016872473.jpg?resize=525%2C300&ssl=1 1.5x, https:\/\/i0.wp.com\/paulinenaue.info\/wp-content\/uploads\/2021\/06\/paulinenaue-bahnhof-fruehjahrsputz-e1745016872473.jpg?resize=700%2C400&ssl=1 2x, https:\/\/i0.wp.com\/paulinenaue.info\/wp-content\/uploads\/2021\/06\/paulinenaue-bahnhof-fruehjahrsputz-e1745016872473.jpg?resize=1050%2C600&ssl=1 3x, https:\/\/i0.wp.com\/paulinenaue.info\/wp-content\/uploads\/2021\/06\/paulinenaue-bahnhof-fruehjahrsputz-e1745016872473.jpg?resize=1400%2C800&ssl=1 4x"},"classes":[]},{"id":1022,"url":"https:\/\/paulinenaue.info\/index.php\/zum-80-gemeindejubilaeum-historische-ortsansichten-von-paulinenaue\/","url_meta":{"origin":1474,"position":4},"title":"Zum 80. Gemeindejubil\u00e4um: Historische Ortsansichten von Paulinenaue","author":"Sarah","date":"19. Juni 2017","format":false,"excerpt":"08.12.2004 Historische Ortsansichten von Paulinenaue zum 80. Jahrestag der Gemeindegr\u00fcndung 1924 Eine der \u00e4ltesten fotografischen Aufnahmen unseres Dorfes. Das Sch\u00e4ferhaus auf dem Gutshof (links) war strohgedeckt und z\u00e4hlte vermutlich noch zu den Geb\u00e4uden der Bardelebenschen Meierei. Der Bahnhof in seiner ganzen Pracht. Die Kundschaft des Gasthofes hat im Biergarten vor\u2026","rel":"","context":"In &quot;Allgemein&quot;","block_context":{"text":"Allgemein","link":"https:\/\/paulinenaue.info\/index.php\/category\/allgemein\/"},"img":{"alt_text":"Foto: Sammlung Joachim Scholz","src":"https:\/\/i0.wp.com\/paulinenaue.info\/wp-content\/uploads\/2017\/06\/meierei-300x215.jpg?resize=350%2C200","width":350,"height":200},"classes":[]},{"id":174,"url":"https:\/\/paulinenaue.info\/index.php\/wir-wuerden-es-wieder-tun-burkhard-kunkel-zur-fertigstellung-der-paulinenauer-schlosssanierung\/","url_meta":{"origin":1474,"position":5},"title":"&#8222;Wir w\u00fcrden es wieder tun!&#8220; \u2013 Burkhard Kunkel zur Fertigstellung der Paulinenauer Schlosssanierung","author":"Joachim Scholz","date":"22. M\u00e4rz 2016","format":false,"excerpt":"Die beiden Br\u00fcder Matthias und Burkhard Kunkel haben in einer beispielhaften lokalen Initiative das in seiner aktuellen Form 1914 errichtete Paulinenauer Herrenhaus sanieren lassen. Am 28. Februar 2010, wenige Tage vor der Schl\u00fcssel\u00fcbergabe und der Er\u00f6ffnung als altersgerechte Wohnanlage \"Schloss Paulinenaue\" konnte sich die \u00d6ffentlichkeit an einem \"Tag der offenen\u2026","rel":"","context":"In &quot;Dorfentwicklung&quot;","block_context":{"text":"Dorfentwicklung","link":"https:\/\/paulinenaue.info\/index.php\/category\/dorfentwicklung\/"},"img":{"alt_text":"","src":"https:\/\/i0.wp.com\/paulinenaue.info\/wp-content\/uploads\/2015\/10\/schluss-rckseite-2-paue.jpg?resize=350%2C200&ssl=1","width":350,"height":200,"srcset":"https:\/\/i0.wp.com\/paulinenaue.info\/wp-content\/uploads\/2015\/10\/schluss-rckseite-2-paue.jpg?resize=350%2C200&ssl=1 1x, https:\/\/i0.wp.com\/paulinenaue.info\/wp-content\/uploads\/2015\/10\/schluss-rckseite-2-paue.jpg?resize=525%2C300&ssl=1 1.5x, https:\/\/i0.wp.com\/paulinenaue.info\/wp-content\/uploads\/2015\/10\/schluss-rckseite-2-paue.jpg?resize=700%2C400&ssl=1 2x"},"classes":[]}],"_links":{"self":[{"href":"https:\/\/paulinenaue.info\/index.php\/wp-json\/wp\/v2\/posts\/1474","targetHints":{"allow":["GET"]}}],"collection":[{"href":"https:\/\/paulinenaue.info\/index.php\/wp-json\/wp\/v2\/posts"}],"about":[{"href":"https:\/\/paulinenaue.info\/index.php\/wp-json\/wp\/v2\/types\/post"}],"author":[{"embeddable":true,"href":"https:\/\/paulinenaue.info\/index.php\/wp-json\/wp\/v2\/users\/3"}],"replies":[{"embeddable":true,"href":"https:\/\/paulinenaue.info\/index.php\/wp-json\/wp\/v2\/comments?post=1474"}],"version-history":[{"count":6,"href":"https:\/\/paulinenaue.info\/index.php\/wp-json\/wp\/v2\/posts\/1474\/revisions"}],"predecessor-version":[{"id":1936,"href":"https:\/\/paulinenaue.info\/index.php\/wp-json\/wp\/v2\/posts\/1474\/revisions\/1936"}],"wp:featuredmedia":[{"embeddable":true,"href":"https:\/\/paulinenaue.info\/index.php\/wp-json\/wp\/v2\/media\/1476"}],"wp:attachment":[{"href":"https:\/\/paulinenaue.info\/index.php\/wp-json\/wp\/v2\/media?parent=1474"}],"wp:term":[{"taxonomy":"category","embeddable":true,"href":"https:\/\/paulinenaue.info\/index.php\/wp-json\/wp\/v2\/categories?post=1474"},{"taxonomy":"post_tag","embeddable":true,"href":"https:\/\/paulinenaue.info\/index.php\/wp-json\/wp\/v2\/tags?post=1474"}],"curies":[{"name":"wp","href":"https:\/\/api.w.org\/{rel}","templated":true}]}}