{"id":149,"date":"2010-01-15T14:08:53","date_gmt":"2010-01-15T13:08:53","guid":{"rendered":"https:\/\/sudile.com\/paue\/?p=149"},"modified":"2022-02-13T01:03:21","modified_gmt":"2022-02-13T00:03:21","slug":"tinas-haarstudio-eroeffnet","status":"publish","type":"post","link":"https:\/\/paulinenaue.info\/index.php\/tinas-haarstudio-eroeffnet\/","title":{"rendered":"\u201eTina&#8217;s Haarstudio\u201c er\u00f6ffnet"},"content":{"rendered":"<p>Das Paulinenauer Friseurhandwerk hat Zuwachs bekommen. Am 1. Dezember 2010 er\u00f6ffnete Marina Preu\u00df im Kameruner Weg 12a ihr Haarstudio. Die freundliche, junge Friseurmeisterin aus Spandau kam im Juni nach Paulinenaue und brachte alles mit, was eben nur Friseure k\u00f6nnen. Farben, Formen, Str\u00e4hnchen und Make Up geh\u00f6ren wie alle Frisuren f\u00fcr besondere Anl\u00e4sse, etwa zur Hochzeit, zu ihrem Programm.<\/p>\n<p>Wer Tinas Haarstudio besuchen m\u00f6chte, sollte sich unter der Nummer 033237-859775 anmelden, damit stets genug Zeit f\u00fcr Kundenw\u00fcnsche bleibt. Die \u00d6ffnungszeiten sind unten angegeben.<\/p>\n<div id=\"attachment_27059\" style=\"width: 610px\" class=\"wp-caption alignnone\"><a href=\"https:\/\/paulinenaue.info\/wp-content\/uploads\/2016\/03\/2011-01-15-Tinas-Haarstudio-01.jpg\"><img decoding=\"async\" aria-describedby=\"caption-attachment-27059\" data-attachment-id=\"27059\" data-permalink=\"https:\/\/paulinenaue.info\/index.php\/tinas-haarstudio-eroeffnet\/dsc02005-jpg\/\" data-orig-file=\"https:\/\/paulinenaue.info\/wp-content\/uploads\/2016\/03\/2011-01-15-Tinas-Haarstudio-01.jpg\" data-orig-size=\"1000,750\" data-comments-opened=\"1\" data-image-meta=\"{&quot;aperture&quot;:&quot;3.2&quot;,&quot;credit&quot;:&quot;&quot;,&quot;camera&quot;:&quot;DSC-HX1&quot;,&quot;caption&quot;:&quot;Paulinenaue, Tina&#039;s Haarstudio&quot;,&quot;created_timestamp&quot;:&quot;1295102132&quot;,&quot;copyright&quot;:&quot;&quot;,&quot;focal_length&quot;:&quot;8.4&quot;,&quot;iso&quot;:&quot;125&quot;,&quot;shutter_speed&quot;:&quot;0.00625&quot;,&quot;title&quot;:&quot;DSC02005.JPG&quot;,&quot;orientation&quot;:&quot;1&quot;}\" data-image-title=\"DSC02005.JPG\" data-image-description=\"\" data-image-caption=\"&lt;p&gt;Paulinenaue, Tina&amp;#8217;s Haarstudio&lt;\/p&gt;\n\" data-large-file=\"https:\/\/paulinenaue.info\/wp-content\/uploads\/2016\/03\/2011-01-15-Tinas-Haarstudio-01.jpg\" class=\"lazyload wp-image-27059 size-fusion-600\" src=\"https:\/\/paulinenaue.info\/wp-content\/uploads\/2016\/03\/2011-01-15-Tinas-Haarstudio-01-600x450.jpg\" data-orig-src=\"https:\/\/paulinenaue.info\/wp-content\/uploads\/2016\/03\/2011-01-15-Tinas-Haarstudio-01-600x450.jpg\" alt=\"\" width=\"600\" height=\"450\" srcset=\"data:image\/svg+xml,%3Csvg%20xmlns%3D%27http%3A%2F%2Fwww.w3.org%2F2000%2Fsvg%27%20width%3D%27600%27%20height%3D%27450%27%20viewBox%3D%270%200%20600%20450%27%3E%3Crect%20width%3D%27600%27%20height%3D%27450%27%20fill-opacity%3D%220%22%2F%3E%3C%2Fsvg%3E\" data-srcset=\"https:\/\/paulinenaue.info\/wp-content\/uploads\/2016\/03\/2011-01-15-Tinas-Haarstudio-01-200x150.jpg 200w, https:\/\/paulinenaue.info\/wp-content\/uploads\/2016\/03\/2011-01-15-Tinas-Haarstudio-01-300x225.jpg 300w, https:\/\/paulinenaue.info\/wp-content\/uploads\/2016\/03\/2011-01-15-Tinas-Haarstudio-01-400x300.jpg 400w, https:\/\/paulinenaue.info\/wp-content\/uploads\/2016\/03\/2011-01-15-Tinas-Haarstudio-01-600x450.jpg 600w, https:\/\/paulinenaue.info\/wp-content\/uploads\/2016\/03\/2011-01-15-Tinas-Haarstudio-01-768x576.jpg 768w, https:\/\/paulinenaue.info\/wp-content\/uploads\/2016\/03\/2011-01-15-Tinas-Haarstudio-01-800x600.jpg 800w, https:\/\/paulinenaue.info\/wp-content\/uploads\/2016\/03\/2011-01-15-Tinas-Haarstudio-01.jpg 1000w\" data-sizes=\"auto\" data-orig-sizes=\"(max-width: 600px) 100vw, 600px\" \/><\/a><p id=\"caption-attachment-27059\" class=\"wp-caption-text\">Martina Preu\u00df vor ihrem Studio im Kameruner Weg. Nach Wunsch und individueller Typberatung versieht sie Kinder, Damen und Herren mit schmucken Frisuren. Foto: Joachim Scholz, 2011.<\/p><\/div>\n<p>&nbsp;<\/p>\n<div id=\"attachment_27060\" style=\"width: 610px\" class=\"wp-caption alignnone\"><a href=\"https:\/\/paulinenaue.info\/wp-content\/uploads\/2016\/03\/2011-01-15-Tinas-Haarstudio-02.jpg\"><img decoding=\"async\" aria-describedby=\"caption-attachment-27060\" data-attachment-id=\"27060\" data-permalink=\"https:\/\/paulinenaue.info\/index.php\/tinas-haarstudio-eroeffnet\/dsc03992-jpg\/\" data-orig-file=\"https:\/\/paulinenaue.info\/wp-content\/uploads\/2016\/03\/2011-01-15-Tinas-Haarstudio-02.jpg\" data-orig-size=\"1000,750\" data-comments-opened=\"1\" data-image-meta=\"{&quot;aperture&quot;:&quot;3.5&quot;,&quot;credit&quot;:&quot;&quot;,&quot;camera&quot;:&quot;DSC-H10&quot;,&quot;caption&quot;:&quot;&quot;,&quot;created_timestamp&quot;:&quot;1295104137&quot;,&quot;copyright&quot;:&quot;&quot;,&quot;focal_length&quot;:&quot;7.8&quot;,&quot;iso&quot;:&quot;800&quot;,&quot;shutter_speed&quot;:&quot;0.01&quot;,&quot;title&quot;:&quot;DSC03992.JPG&quot;,&quot;orientation&quot;:&quot;1&quot;}\" data-image-title=\"DSC03992.JPG\" data-image-description=\"\" data-image-caption=\"\" data-large-file=\"https:\/\/paulinenaue.info\/wp-content\/uploads\/2016\/03\/2011-01-15-Tinas-Haarstudio-02.jpg\" class=\"lazyload wp-image-27060 size-fusion-600\" src=\"https:\/\/paulinenaue.info\/wp-content\/uploads\/2016\/03\/2011-01-15-Tinas-Haarstudio-02-600x450.jpg\" data-orig-src=\"https:\/\/paulinenaue.info\/wp-content\/uploads\/2016\/03\/2011-01-15-Tinas-Haarstudio-02-600x450.jpg\" alt=\"\" width=\"600\" height=\"450\" srcset=\"data:image\/svg+xml,%3Csvg%20xmlns%3D%27http%3A%2F%2Fwww.w3.org%2F2000%2Fsvg%27%20width%3D%27600%27%20height%3D%27450%27%20viewBox%3D%270%200%20600%20450%27%3E%3Crect%20width%3D%27600%27%20height%3D%27450%27%20fill-opacity%3D%220%22%2F%3E%3C%2Fsvg%3E\" data-srcset=\"https:\/\/paulinenaue.info\/wp-content\/uploads\/2016\/03\/2011-01-15-Tinas-Haarstudio-02-200x150.jpg 200w, https:\/\/paulinenaue.info\/wp-content\/uploads\/2016\/03\/2011-01-15-Tinas-Haarstudio-02-300x225.jpg 300w, https:\/\/paulinenaue.info\/wp-content\/uploads\/2016\/03\/2011-01-15-Tinas-Haarstudio-02-400x300.jpg 400w, https:\/\/paulinenaue.info\/wp-content\/uploads\/2016\/03\/2011-01-15-Tinas-Haarstudio-02-600x450.jpg 600w, https:\/\/paulinenaue.info\/wp-content\/uploads\/2016\/03\/2011-01-15-Tinas-Haarstudio-02-768x576.jpg 768w, https:\/\/paulinenaue.info\/wp-content\/uploads\/2016\/03\/2011-01-15-Tinas-Haarstudio-02-800x600.jpg 800w, https:\/\/paulinenaue.info\/wp-content\/uploads\/2016\/03\/2011-01-15-Tinas-Haarstudio-02.jpg 1000w\" data-sizes=\"auto\" data-orig-sizes=\"(max-width: 600px) 100vw, 600px\" \/><\/a><p id=\"caption-attachment-27060\" class=\"wp-caption-text\">Ich wage den Selbsttest mit einem klassischen Nassschnitt f\u00fcr den Herrn. Zuerst hei\u00dft es Waschen. Der kleine Friseursalon ist mit allem N\u00f6tigen ausgestattet. Foto: Franziska Timm, 2011.<\/p><\/div>\n<p>&nbsp;<\/p>\n<div id=\"attachment_27061\" style=\"width: 610px\" class=\"wp-caption alignnone\"><a href=\"https:\/\/paulinenaue.info\/wp-content\/uploads\/2016\/03\/2011-01-15-Tinas-Haarstudio-03.jpg\"><img decoding=\"async\" aria-describedby=\"caption-attachment-27061\" data-attachment-id=\"27061\" data-permalink=\"https:\/\/paulinenaue.info\/index.php\/tinas-haarstudio-eroeffnet\/dsc03999-jpg\/\" data-orig-file=\"https:\/\/paulinenaue.info\/wp-content\/uploads\/2016\/03\/2011-01-15-Tinas-Haarstudio-03.jpg\" data-orig-size=\"1000,750\" data-comments-opened=\"1\" data-image-meta=\"{&quot;aperture&quot;:&quot;8&quot;,&quot;credit&quot;:&quot;&quot;,&quot;camera&quot;:&quot;DSC-H10&quot;,&quot;caption&quot;:&quot;&quot;,&quot;created_timestamp&quot;:&quot;1295104304&quot;,&quot;copyright&quot;:&quot;&quot;,&quot;focal_length&quot;:&quot;7&quot;,&quot;iso&quot;:&quot;800&quot;,&quot;shutter_speed&quot;:&quot;0.01&quot;,&quot;title&quot;:&quot;DSC03999.JPG&quot;,&quot;orientation&quot;:&quot;1&quot;}\" data-image-title=\"DSC03999.JPG\" data-image-description=\"\" data-image-caption=\"\" data-large-file=\"https:\/\/paulinenaue.info\/wp-content\/uploads\/2016\/03\/2011-01-15-Tinas-Haarstudio-03.jpg\" class=\"lazyload wp-image-27061 size-fusion-600\" src=\"https:\/\/paulinenaue.info\/wp-content\/uploads\/2016\/03\/2011-01-15-Tinas-Haarstudio-03-600x450.jpg\" data-orig-src=\"https:\/\/paulinenaue.info\/wp-content\/uploads\/2016\/03\/2011-01-15-Tinas-Haarstudio-03-600x450.jpg\" alt=\"\" width=\"600\" height=\"450\" srcset=\"data:image\/svg+xml,%3Csvg%20xmlns%3D%27http%3A%2F%2Fwww.w3.org%2F2000%2Fsvg%27%20width%3D%27600%27%20height%3D%27450%27%20viewBox%3D%270%200%20600%20450%27%3E%3Crect%20width%3D%27600%27%20height%3D%27450%27%20fill-opacity%3D%220%22%2F%3E%3C%2Fsvg%3E\" data-srcset=\"https:\/\/paulinenaue.info\/wp-content\/uploads\/2016\/03\/2011-01-15-Tinas-Haarstudio-03-200x150.jpg 200w, https:\/\/paulinenaue.info\/wp-content\/uploads\/2016\/03\/2011-01-15-Tinas-Haarstudio-03-300x225.jpg 300w, https:\/\/paulinenaue.info\/wp-content\/uploads\/2016\/03\/2011-01-15-Tinas-Haarstudio-03-400x300.jpg 400w, https:\/\/paulinenaue.info\/wp-content\/uploads\/2016\/03\/2011-01-15-Tinas-Haarstudio-03-600x450.jpg 600w, https:\/\/paulinenaue.info\/wp-content\/uploads\/2016\/03\/2011-01-15-Tinas-Haarstudio-03-768x576.jpg 768w, https:\/\/paulinenaue.info\/wp-content\/uploads\/2016\/03\/2011-01-15-Tinas-Haarstudio-03-800x600.jpg 800w, https:\/\/paulinenaue.info\/wp-content\/uploads\/2016\/03\/2011-01-15-Tinas-Haarstudio-03.jpg 1000w\" data-sizes=\"auto\" data-orig-sizes=\"(max-width: 600px) 100vw, 600px\" \/><\/a><p id=\"caption-attachment-27061\" class=\"wp-caption-text\">Es geht ans Haareschneiden, den Kern des Gesch\u00e4fts. Nebenbei berichtet Tina von ihrer Traumschere aus Japan, die ein Leben lang h\u00e4lt, ohne dass man sie sch\u00e4rfen muss. Foto: Franziska Timm, 2011.<\/p><\/div>\n<p>&nbsp;<\/p>\n<div id=\"attachment_27062\" style=\"width: 610px\" class=\"wp-caption alignnone\"><a href=\"https:\/\/paulinenaue.info\/wp-content\/uploads\/2016\/03\/2011-01-15-Tinas-Haarstudio-04.jpg\"><img decoding=\"async\" aria-describedby=\"caption-attachment-27062\" data-attachment-id=\"27062\" data-permalink=\"https:\/\/paulinenaue.info\/index.php\/tinas-haarstudio-eroeffnet\/dsc04020-jpg\/\" data-orig-file=\"https:\/\/paulinenaue.info\/wp-content\/uploads\/2016\/03\/2011-01-15-Tinas-Haarstudio-04.jpg\" data-orig-size=\"1000,750\" data-comments-opened=\"1\" data-image-meta=\"{&quot;aperture&quot;:&quot;3.5&quot;,&quot;credit&quot;:&quot;&quot;,&quot;camera&quot;:&quot;DSC-H10&quot;,&quot;caption&quot;:&quot;&quot;,&quot;created_timestamp&quot;:&quot;1295105256&quot;,&quot;copyright&quot;:&quot;&quot;,&quot;focal_length&quot;:&quot;6.3&quot;,&quot;iso&quot;:&quot;800&quot;,&quot;shutter_speed&quot;:&quot;0.01&quot;,&quot;title&quot;:&quot;DSC04020.JPG&quot;,&quot;orientation&quot;:&quot;1&quot;}\" data-image-title=\"DSC04020.JPG\" data-image-description=\"\" data-image-caption=\"\" data-large-file=\"https:\/\/paulinenaue.info\/wp-content\/uploads\/2016\/03\/2011-01-15-Tinas-Haarstudio-04.jpg\" class=\"lazyload wp-image-27062 size-fusion-600\" src=\"https:\/\/paulinenaue.info\/wp-content\/uploads\/2016\/03\/2011-01-15-Tinas-Haarstudio-04-600x450.jpg\" data-orig-src=\"https:\/\/paulinenaue.info\/wp-content\/uploads\/2016\/03\/2011-01-15-Tinas-Haarstudio-04-600x450.jpg\" alt=\"\" width=\"600\" height=\"450\" srcset=\"data:image\/svg+xml,%3Csvg%20xmlns%3D%27http%3A%2F%2Fwww.w3.org%2F2000%2Fsvg%27%20width%3D%27600%27%20height%3D%27450%27%20viewBox%3D%270%200%20600%20450%27%3E%3Crect%20width%3D%27600%27%20height%3D%27450%27%20fill-opacity%3D%220%22%2F%3E%3C%2Fsvg%3E\" data-srcset=\"https:\/\/paulinenaue.info\/wp-content\/uploads\/2016\/03\/2011-01-15-Tinas-Haarstudio-04-200x150.jpg 200w, https:\/\/paulinenaue.info\/wp-content\/uploads\/2016\/03\/2011-01-15-Tinas-Haarstudio-04-300x225.jpg 300w, https:\/\/paulinenaue.info\/wp-content\/uploads\/2016\/03\/2011-01-15-Tinas-Haarstudio-04-400x300.jpg 400w, https:\/\/paulinenaue.info\/wp-content\/uploads\/2016\/03\/2011-01-15-Tinas-Haarstudio-04-600x450.jpg 600w, https:\/\/paulinenaue.info\/wp-content\/uploads\/2016\/03\/2011-01-15-Tinas-Haarstudio-04-768x576.jpg 768w, https:\/\/paulinenaue.info\/wp-content\/uploads\/2016\/03\/2011-01-15-Tinas-Haarstudio-04-800x600.jpg 800w, https:\/\/paulinenaue.info\/wp-content\/uploads\/2016\/03\/2011-01-15-Tinas-Haarstudio-04.jpg 1000w\" data-sizes=\"auto\" data-orig-sizes=\"(max-width: 600px) 100vw, 600px\" \/><\/a><p id=\"caption-attachment-27062\" class=\"wp-caption-text\">F\u00f6nen und staunen. Auch ohne die japanische Wunderschere kann man rundherum zufrieden sein. Foto: Franziska Timm, 2011.<\/p><\/div>\n<p class=\"titel\"><strong>\u00d6ffnungszeiten \u201eTina&#8217;s Haarstudio\u201c<\/strong><\/p>\n<p>Mo 12-18.00 Uhr<br \/>\nDi 09-18.00 Uhr<br \/>\nmittwochs geschlossen<br \/>\nDo 09-18.00 Uhr<br \/>\nFr 12-20.00 Uhr<br \/>\nSa 09-12.00 Uhr<\/p>\n","protected":false},"excerpt":{"rendered":"<p>Das Paulinenauer Friseurhandwerk hat Zuwachs bekommen. Am 1. Dezember 2010 [&hellip;]<\/p>\n","protected":false},"author":1,"featured_media":289,"comment_status":"open","ping_status":"open","sticky":false,"template":"","format":"standard","meta":{"_acf_changed":false,"_price":"","_stock":"","_tribe_ticket_header":"","_tribe_default_ticket_provider":"","_tribe_ticket_capacity":"0","_ticket_start_date":"","_ticket_end_date":"","_tribe_ticket_show_description":"","_tribe_ticket_show_not_going":false,"_tribe_ticket_use_global_stock":"","_tribe_ticket_global_stock_level":"","_global_stock_mode":"","_global_stock_cap":"","_tribe_rsvp_for_event":"","_tribe_ticket_going_count":"","_tribe_ticket_not_going_count":"","_tribe_tickets_list":"[]","_tribe_ticket_has_attendee_info_fields":false,"jetpack_post_was_ever_published":false,"_jetpack_newsletter_access":"","_jetpack_dont_email_post_to_subs":false,"_jetpack_newsletter_tier_id":0,"_jetpack_memberships_contains_paywalled_content":false,"_jetpack_memberships_contains_paid_content":false,"footnotes":"","jetpack_publicize_message":"","jetpack_publicize_feature_enabled":true,"jetpack_social_post_already_shared":false,"jetpack_social_options":{"image_generator_settings":{"template":"highway","default_image_id":0,"font":"","enabled":false},"version":2}},"categories":[40,9,25],"tags":[62,455,195],"class_list":["post-149","post","type-post","status-publish","format-standard","has-post-thumbnail","hentry","category-dorfentwicklung","category-neuigkeiten","category-wirtschaft","tag-friseur","tag-gewerbe","tag-kameruner-weg"],"acf":[],"yoast_head":"<!-- This site is optimized with the Yoast SEO plugin v27.5 - https:\/\/yoast.com\/product\/yoast-seo-wordpress\/ -->\n<title>\u201eTina&#039;s Haarstudio\u201c er\u00f6ffnet - Paulinenaue<\/title>\n<meta name=\"description\" content=\"Im Dezember 2010 er\u00f6ffnete Marina Preu\u00df in Paulinenaue im Kameruner Weg ein neuer Friseursalon: Tina&#039;s Haarstudio.\" \/>\n<meta name=\"robots\" content=\"index, follow, max-snippet:-1, max-image-preview:large, max-video-preview:-1\" \/>\n<link rel=\"canonical\" href=\"https:\/\/paulinenaue.info\/index.php\/tinas-haarstudio-eroeffnet\/\" \/>\n<meta property=\"og:locale\" content=\"de_DE\" \/>\n<meta property=\"og:type\" content=\"article\" \/>\n<meta property=\"og:title\" content=\"\u201eTina&#039;s Haarstudio\u201c er\u00f6ffnet - Paulinenaue\" \/>\n<meta property=\"og:description\" content=\"Im Dezember 2010 er\u00f6ffnete Marina Preu\u00df in Paulinenaue im Kameruner Weg ein neuer Friseursalon: Tina&#039;s Haarstudio.\" \/>\n<meta property=\"og:url\" content=\"https:\/\/paulinenaue.info\/index.php\/tinas-haarstudio-eroeffnet\/\" \/>\n<meta property=\"og:site_name\" content=\"Paulinenaue\" \/>\n<meta property=\"article:published_time\" content=\"2010-01-15T13:08:53+00:00\" \/>\n<meta property=\"article:modified_time\" content=\"2022-02-13T00:03:21+00:00\" \/>\n<meta property=\"og:image\" content=\"https:\/\/paulinenaue.info\/wp-content\/uploads\/2016\/03\/preusz_martina_20110115_01.jpg\" \/>\n\t<meta property=\"og:image:width\" content=\"500\" \/>\n\t<meta property=\"og:image:height\" content=\"375\" \/>\n\t<meta property=\"og:image:type\" content=\"image\/jpeg\" \/>\n<meta name=\"author\" content=\"Joachim Scholz\" \/>\n<meta name=\"twitter:card\" content=\"summary_large_image\" \/>\n<meta name=\"twitter:label1\" content=\"Verfasst von\" \/>\n\t<meta name=\"twitter:data1\" content=\"Joachim Scholz\" \/>\n\t<meta name=\"twitter:label2\" content=\"Gesch\u00e4tzte Lesezeit\" \/>\n\t<meta name=\"twitter:data2\" content=\"3\u00a0Minuten\" \/>\n<script type=\"application\/ld+json\" class=\"yoast-schema-graph\">{\"@context\":\"https:\\\/\\\/schema.org\",\"@graph\":[{\"@type\":\"Article\",\"@id\":\"https:\\\/\\\/paulinenaue.info\\\/index.php\\\/tinas-haarstudio-eroeffnet\\\/#article\",\"isPartOf\":{\"@id\":\"https:\\\/\\\/paulinenaue.info\\\/index.php\\\/tinas-haarstudio-eroeffnet\\\/\"},\"author\":{\"name\":\"Joachim Scholz\",\"@id\":\"https:\\\/\\\/paulinenaue.info\\\/#\\\/schema\\\/person\\\/3f9e818fd7b69b0d2bd937ac506897cc\"},\"headline\":\"\u201eTina&#8217;s Haarstudio\u201c er\u00f6ffnet\",\"datePublished\":\"2010-01-15T13:08:53+00:00\",\"dateModified\":\"2022-02-13T00:03:21+00:00\",\"mainEntityOfPage\":{\"@id\":\"https:\\\/\\\/paulinenaue.info\\\/index.php\\\/tinas-haarstudio-eroeffnet\\\/\"},\"wordCount\":250,\"commentCount\":0,\"image\":{\"@id\":\"https:\\\/\\\/paulinenaue.info\\\/index.php\\\/tinas-haarstudio-eroeffnet\\\/#primaryimage\"},\"thumbnailUrl\":\"https:\\\/\\\/paulinenaue.info\\\/wp-content\\\/uploads\\\/2016\\\/03\\\/preusz_martina_20110115_01.jpg\",\"keywords\":[\"Friseur\",\"Gewerbe\",\"Kameruner Weg\"],\"articleSection\":[\"Dorfentwicklung\",\"Neuigkeiten\",\"Wirtschaft\"],\"inLanguage\":\"de\",\"potentialAction\":[{\"@type\":\"CommentAction\",\"name\":\"Comment\",\"target\":[\"https:\\\/\\\/paulinenaue.info\\\/index.php\\\/tinas-haarstudio-eroeffnet\\\/#respond\"]}]},{\"@type\":\"WebPage\",\"@id\":\"https:\\\/\\\/paulinenaue.info\\\/index.php\\\/tinas-haarstudio-eroeffnet\\\/\",\"url\":\"https:\\\/\\\/paulinenaue.info\\\/index.php\\\/tinas-haarstudio-eroeffnet\\\/\",\"name\":\"\u201eTina's Haarstudio\u201c er\u00f6ffnet - Paulinenaue\",\"isPartOf\":{\"@id\":\"https:\\\/\\\/paulinenaue.info\\\/#website\"},\"primaryImageOfPage\":{\"@id\":\"https:\\\/\\\/paulinenaue.info\\\/index.php\\\/tinas-haarstudio-eroeffnet\\\/#primaryimage\"},\"image\":{\"@id\":\"https:\\\/\\\/paulinenaue.info\\\/index.php\\\/tinas-haarstudio-eroeffnet\\\/#primaryimage\"},\"thumbnailUrl\":\"https:\\\/\\\/paulinenaue.info\\\/wp-content\\\/uploads\\\/2016\\\/03\\\/preusz_martina_20110115_01.jpg\",\"datePublished\":\"2010-01-15T13:08:53+00:00\",\"dateModified\":\"2022-02-13T00:03:21+00:00\",\"author\":{\"@id\":\"https:\\\/\\\/paulinenaue.info\\\/#\\\/schema\\\/person\\\/3f9e818fd7b69b0d2bd937ac506897cc\"},\"description\":\"Im Dezember 2010 er\u00f6ffnete Marina Preu\u00df in Paulinenaue im Kameruner Weg ein neuer Friseursalon: Tina's Haarstudio.\",\"breadcrumb\":{\"@id\":\"https:\\\/\\\/paulinenaue.info\\\/index.php\\\/tinas-haarstudio-eroeffnet\\\/#breadcrumb\"},\"inLanguage\":\"de\",\"potentialAction\":[{\"@type\":\"ReadAction\",\"target\":[\"https:\\\/\\\/paulinenaue.info\\\/index.php\\\/tinas-haarstudio-eroeffnet\\\/\"]}]},{\"@type\":\"ImageObject\",\"inLanguage\":\"de\",\"@id\":\"https:\\\/\\\/paulinenaue.info\\\/index.php\\\/tinas-haarstudio-eroeffnet\\\/#primaryimage\",\"url\":\"https:\\\/\\\/paulinenaue.info\\\/wp-content\\\/uploads\\\/2016\\\/03\\\/preusz_martina_20110115_01.jpg\",\"contentUrl\":\"https:\\\/\\\/paulinenaue.info\\\/wp-content\\\/uploads\\\/2016\\\/03\\\/preusz_martina_20110115_01.jpg\",\"width\":500,\"height\":375},{\"@type\":\"BreadcrumbList\",\"@id\":\"https:\\\/\\\/paulinenaue.info\\\/index.php\\\/tinas-haarstudio-eroeffnet\\\/#breadcrumb\",\"itemListElement\":[{\"@type\":\"ListItem\",\"position\":1,\"name\":\"Home\",\"item\":\"https:\\\/\\\/paulinenaue.info\\\/\"},{\"@type\":\"ListItem\",\"position\":2,\"name\":\"\u201eTina&#8217;s Haarstudio\u201c er\u00f6ffnet\"}]},{\"@type\":\"WebSite\",\"@id\":\"https:\\\/\\\/paulinenaue.info\\\/#website\",\"url\":\"https:\\\/\\\/paulinenaue.info\\\/\",\"name\":\"Paulinenaue\",\"description\":\"Ein Dorf im Havelland\",\"potentialAction\":[{\"@type\":\"SearchAction\",\"target\":{\"@type\":\"EntryPoint\",\"urlTemplate\":\"https:\\\/\\\/paulinenaue.info\\\/?s={search_term_string}\"},\"query-input\":{\"@type\":\"PropertyValueSpecification\",\"valueRequired\":true,\"valueName\":\"search_term_string\"}}],\"inLanguage\":\"de\"},{\"@type\":\"Person\",\"@id\":\"https:\\\/\\\/paulinenaue.info\\\/#\\\/schema\\\/person\\\/3f9e818fd7b69b0d2bd937ac506897cc\",\"name\":\"Joachim Scholz\",\"url\":\"https:\\\/\\\/paulinenaue.info\\\/index.php\\\/author\\\/jjscholz\\\/\"}]}<\/script>\n<!-- \/ Yoast SEO plugin. -->","yoast_head_json":{"title":"\u201eTina's Haarstudio\u201c er\u00f6ffnet - Paulinenaue","description":"Im Dezember 2010 er\u00f6ffnete Marina Preu\u00df in Paulinenaue im Kameruner Weg ein neuer Friseursalon: Tina's Haarstudio.","robots":{"index":"index","follow":"follow","max-snippet":"max-snippet:-1","max-image-preview":"max-image-preview:large","max-video-preview":"max-video-preview:-1"},"canonical":"https:\/\/paulinenaue.info\/index.php\/tinas-haarstudio-eroeffnet\/","og_locale":"de_DE","og_type":"article","og_title":"\u201eTina's Haarstudio\u201c er\u00f6ffnet - Paulinenaue","og_description":"Im Dezember 2010 er\u00f6ffnete Marina Preu\u00df in Paulinenaue im Kameruner Weg ein neuer Friseursalon: Tina's Haarstudio.","og_url":"https:\/\/paulinenaue.info\/index.php\/tinas-haarstudio-eroeffnet\/","og_site_name":"Paulinenaue","article_published_time":"2010-01-15T13:08:53+00:00","article_modified_time":"2022-02-13T00:03:21+00:00","og_image":[{"width":500,"height":375,"url":"https:\/\/paulinenaue.info\/wp-content\/uploads\/2016\/03\/preusz_martina_20110115_01.jpg","type":"image\/jpeg"}],"author":"Joachim Scholz","twitter_card":"summary_large_image","twitter_misc":{"Verfasst von":"Joachim Scholz","Gesch\u00e4tzte Lesezeit":"3\u00a0Minuten"},"schema":{"@context":"https:\/\/schema.org","@graph":[{"@type":"Article","@id":"https:\/\/paulinenaue.info\/index.php\/tinas-haarstudio-eroeffnet\/#article","isPartOf":{"@id":"https:\/\/paulinenaue.info\/index.php\/tinas-haarstudio-eroeffnet\/"},"author":{"name":"Joachim Scholz","@id":"https:\/\/paulinenaue.info\/#\/schema\/person\/3f9e818fd7b69b0d2bd937ac506897cc"},"headline":"\u201eTina&#8217;s Haarstudio\u201c er\u00f6ffnet","datePublished":"2010-01-15T13:08:53+00:00","dateModified":"2022-02-13T00:03:21+00:00","mainEntityOfPage":{"@id":"https:\/\/paulinenaue.info\/index.php\/tinas-haarstudio-eroeffnet\/"},"wordCount":250,"commentCount":0,"image":{"@id":"https:\/\/paulinenaue.info\/index.php\/tinas-haarstudio-eroeffnet\/#primaryimage"},"thumbnailUrl":"https:\/\/paulinenaue.info\/wp-content\/uploads\/2016\/03\/preusz_martina_20110115_01.jpg","keywords":["Friseur","Gewerbe","Kameruner Weg"],"articleSection":["Dorfentwicklung","Neuigkeiten","Wirtschaft"],"inLanguage":"de","potentialAction":[{"@type":"CommentAction","name":"Comment","target":["https:\/\/paulinenaue.info\/index.php\/tinas-haarstudio-eroeffnet\/#respond"]}]},{"@type":"WebPage","@id":"https:\/\/paulinenaue.info\/index.php\/tinas-haarstudio-eroeffnet\/","url":"https:\/\/paulinenaue.info\/index.php\/tinas-haarstudio-eroeffnet\/","name":"\u201eTina's Haarstudio\u201c er\u00f6ffnet - Paulinenaue","isPartOf":{"@id":"https:\/\/paulinenaue.info\/#website"},"primaryImageOfPage":{"@id":"https:\/\/paulinenaue.info\/index.php\/tinas-haarstudio-eroeffnet\/#primaryimage"},"image":{"@id":"https:\/\/paulinenaue.info\/index.php\/tinas-haarstudio-eroeffnet\/#primaryimage"},"thumbnailUrl":"https:\/\/paulinenaue.info\/wp-content\/uploads\/2016\/03\/preusz_martina_20110115_01.jpg","datePublished":"2010-01-15T13:08:53+00:00","dateModified":"2022-02-13T00:03:21+00:00","author":{"@id":"https:\/\/paulinenaue.info\/#\/schema\/person\/3f9e818fd7b69b0d2bd937ac506897cc"},"description":"Im Dezember 2010 er\u00f6ffnete Marina Preu\u00df in Paulinenaue im Kameruner Weg ein neuer Friseursalon: Tina's Haarstudio.","breadcrumb":{"@id":"https:\/\/paulinenaue.info\/index.php\/tinas-haarstudio-eroeffnet\/#breadcrumb"},"inLanguage":"de","potentialAction":[{"@type":"ReadAction","target":["https:\/\/paulinenaue.info\/index.php\/tinas-haarstudio-eroeffnet\/"]}]},{"@type":"ImageObject","inLanguage":"de","@id":"https:\/\/paulinenaue.info\/index.php\/tinas-haarstudio-eroeffnet\/#primaryimage","url":"https:\/\/paulinenaue.info\/wp-content\/uploads\/2016\/03\/preusz_martina_20110115_01.jpg","contentUrl":"https:\/\/paulinenaue.info\/wp-content\/uploads\/2016\/03\/preusz_martina_20110115_01.jpg","width":500,"height":375},{"@type":"BreadcrumbList","@id":"https:\/\/paulinenaue.info\/index.php\/tinas-haarstudio-eroeffnet\/#breadcrumb","itemListElement":[{"@type":"ListItem","position":1,"name":"Home","item":"https:\/\/paulinenaue.info\/"},{"@type":"ListItem","position":2,"name":"\u201eTina&#8217;s Haarstudio\u201c er\u00f6ffnet"}]},{"@type":"WebSite","@id":"https:\/\/paulinenaue.info\/#website","url":"https:\/\/paulinenaue.info\/","name":"Paulinenaue","description":"Ein Dorf im Havelland","potentialAction":[{"@type":"SearchAction","target":{"@type":"EntryPoint","urlTemplate":"https:\/\/paulinenaue.info\/?s={search_term_string}"},"query-input":{"@type":"PropertyValueSpecification","valueRequired":true,"valueName":"search_term_string"}}],"inLanguage":"de"},{"@type":"Person","@id":"https:\/\/paulinenaue.info\/#\/schema\/person\/3f9e818fd7b69b0d2bd937ac506897cc","name":"Joachim Scholz","url":"https:\/\/paulinenaue.info\/index.php\/author\/jjscholz\/"}]}},"jetpack_publicize_connections":[],"jetpack_featured_media_url":"https:\/\/paulinenaue.info\/wp-content\/uploads\/2016\/03\/preusz_martina_20110115_01.jpg","jetpack_sharing_enabled":true,"jetpack_shortlink":"https:\/\/wp.me\/pcYhWA-2p","jetpack-related-posts":[{"id":5620,"url":"https:\/\/paulinenaue.info\/index.php\/neuer-paulinenaue-kalender-erschienen\/","url_meta":{"origin":149,"position":0},"title":"Neuer Paulinenaue-Kalender erschienen","author":"Sarah","date":"4. Dezember 2020","format":false,"excerpt":"Der neue Paulinenaue-Kalender ist heute druckfrisch eingetroffen! Er zeigt Aufnahmen aus Paulinenaues G\u00e4rten im Jahresverlauf. Die Auswahl der eingesendeten Bilder war nicht einfach, vielen Dank f\u00fcr die wirklich sch\u00f6nen Aufnahmen, die mit einem Gratis-Exemplar belohnt werden. Zum Preis von 8,00 \u20ac kann der Kalender an den unten aufgef\u00fchrten Orten erworben\u2026","rel":"","context":"In &quot;Kulturverein&quot;","block_context":{"text":"Kulturverein","link":"https:\/\/paulinenaue.info\/index.php\/category\/kulturverein\/"},"img":{"alt_text":"","src":"https:\/\/i0.wp.com\/paulinenaue.info\/wp-content\/uploads\/2020\/12\/Kalender-2021-Bild-2-e1607097200767-300x207.png?resize=350%2C200&ssl=1","width":350,"height":200},"classes":[]},{"id":418845,"url":"https:\/\/paulinenaue.info\/index.php\/betriebsuebergabe-im-friseursalon-wolf\/","url_meta":{"origin":149,"position":1},"title":"Betriebs\u00fcbergabe im Friseursalon Wolf","author":"Joachim Scholz","date":"1. Januar 2003","format":false,"excerpt":"01.01.2003. Eine \u00c4ra geht zu Ende. Zu Jahresschluss k\u00fcndigte Hans-J\u00f6rg Wolf im Schaufenster die bevorstehenden Ver\u00e4nderungen an: \u201eAb Januar 2003 \u00fcbergebe ich meinen Betrieb an meine langj\u00e4hrige Mitarbeiterin Frau Martina Kurth. Ich m\u00f6chte mich bei allen Kunden, Freunden und Gesch\u00e4ftspartnern f\u00fcr die jahrelange Treue und gute Zusammenarbeit recht herzlich bedanken.\u2026","rel":"","context":"In &quot;Dorfentwicklung&quot;","block_context":{"text":"Dorfentwicklung","link":"https:\/\/paulinenaue.info\/index.php\/category\/dorfentwicklung\/"},"img":{"alt_text":"","src":"https:\/\/i0.wp.com\/paulinenaue.info\/wp-content\/uploads\/2026\/01\/2002-12-23-Leuchtreklame-Friseur-Wolf.jpeg?resize=350%2C200&ssl=1","width":350,"height":200,"srcset":"https:\/\/i0.wp.com\/paulinenaue.info\/wp-content\/uploads\/2026\/01\/2002-12-23-Leuchtreklame-Friseur-Wolf.jpeg?resize=350%2C200&ssl=1 1x, https:\/\/i0.wp.com\/paulinenaue.info\/wp-content\/uploads\/2026\/01\/2002-12-23-Leuchtreklame-Friseur-Wolf.jpeg?resize=525%2C300&ssl=1 1.5x, https:\/\/i0.wp.com\/paulinenaue.info\/wp-content\/uploads\/2026\/01\/2002-12-23-Leuchtreklame-Friseur-Wolf.jpeg?resize=700%2C400&ssl=1 2x"},"classes":[]},{"id":414989,"url":"https:\/\/paulinenaue.info\/index.php\/paulinenaue-kalender-2023-erschienen\/","url_meta":{"origin":149,"position":2},"title":"Paulinenaue-Kalender 2023 erschienen","author":"Joachim Scholz","date":"2. Dezember 2022","format":false,"excerpt":"Es gibt ihn wieder, den Fotokalender mit Paulinenauer Motiven f\u00fcr das n\u00e4chste Jahr. Der aktuelle Kalender ist eine Werkschau von Eberhard Schwarz, der in den 1980er-Jahren bereits dem Fotozirkel des Institutes unter der Leitung von Georg Drasch\u00e9 angeh\u00f6rte. Schwarz, der zu vielen Anl\u00e4ssen die Kamera dabei hat, dokumentiert auch regelm\u00e4\u00dfig\u2026","rel":"","context":"In &quot;Allgemein&quot;","block_context":{"text":"Allgemein","link":"https:\/\/paulinenaue.info\/index.php\/category\/allgemein\/"},"img":{"alt_text":"","src":"https:\/\/i0.wp.com\/paulinenaue.info\/wp-content\/uploads\/2022\/12\/2022-12-02-Kalender-2023.jpeg?resize=350%2C200&ssl=1","width":350,"height":200,"srcset":"https:\/\/i0.wp.com\/paulinenaue.info\/wp-content\/uploads\/2022\/12\/2022-12-02-Kalender-2023.jpeg?resize=350%2C200&ssl=1 1x, https:\/\/i0.wp.com\/paulinenaue.info\/wp-content\/uploads\/2022\/12\/2022-12-02-Kalender-2023.jpeg?resize=525%2C300&ssl=1 1.5x, https:\/\/i0.wp.com\/paulinenaue.info\/wp-content\/uploads\/2022\/12\/2022-12-02-Kalender-2023.jpeg?resize=700%2C400&ssl=1 2x"},"classes":[]},{"id":1438,"url":"https:\/\/paulinenaue.info\/index.php\/2002-und-2007-paulinenaue-im-fuenfjahresvergleich\/","url_meta":{"origin":149,"position":3},"title":"2002 und 2007: Paulinenaue im F\u00fcnfjahresvergleich","author":"Sarah","date":"14. September 2017","format":false,"excerpt":"31.03.2007 Joachim Scholz Vor f\u00fcnf Jahren durchstreiften zum hehren Zwecke der Dokumentation Stefan Lindemann und ich unsere Heimatd\u00f6rfer Gro\u00df Behnitz und Paulinenaue. Allein in Paulinenaue entstanden am 18. M\u00e4rz 2002 weit mehr als 100 Fotos. Nach f\u00fcnf Jahren schien die Zeit gekommen, einige der Bilder nachzustellen und mit den alten\u2026","rel":"","context":"In &quot;Allgemein&quot;","block_context":{"text":"Allgemein","link":"https:\/\/paulinenaue.info\/index.php\/category\/allgemein\/"},"img":{"alt_text":"","src":"https:\/\/i0.wp.com\/paulinenaue.info\/wp-content\/uploads\/2017\/09\/20020318_bhfstr_02.jpg?resize=350%2C200&ssl=1","width":350,"height":200},"classes":[]},{"id":1012,"url":"https:\/\/paulinenaue.info\/index.php\/80-jahre-gemeinde-paulinenaue-eine-serie-zur-ortsgeschichte-letzter-teil\/","url_meta":{"origin":149,"position":4},"title":"80 Jahre Gemeinde Paulinenaue \u2013 Eine Serie zur Ortsgeschichte (Letzter Teil)","author":"Sarah","date":"19. Juni 2017","format":false,"excerpt":"21.12.2004 Letzter Teil Von Dr. Peter Pollack Paulinenaue nach der Wende Wir sind mit der geschichtlichen Entwicklung unserer Gemeinde beim Zeitpunkt der friedlichen Revolution in der DDR im Herbst 1989 und bei der Wiedervereinigung 1990 angekommen. In den vier Jahrzehnten von 1950-1990 hatte im Wesentlichen das Institut der Akademie der\u2026","rel":"","context":"In &quot;Allgemein&quot;","block_context":{"text":"Allgemein","link":"https:\/\/paulinenaue.info\/index.php\/category\/allgemein\/"},"img":{"alt_text":"Abb. 1: Institutsgel\u00e4nde Ende der 90er Jahre, links das von der DEULA sanierte Mitscherlichhaus. ","src":"https:\/\/i0.wp.com\/paulinenaue.info\/wp-content\/uploads\/2017\/06\/institut_neu-300x169.jpg?resize=350%2C200","width":350,"height":200},"classes":[]},{"id":147,"url":"https:\/\/paulinenaue.info\/index.php\/der-paulinenauer-banksy-endlich-einmal-einfallsreiche-graffiti-im-dorf\/","url_meta":{"origin":149,"position":5},"title":"Der Paulinenauer Banksy \u2013 Endlich einmal einfallsreiche Graffiti im Dorf","author":"Joachim Scholz","date":"22. M\u00e4rz 2016","format":false,"excerpt":"Joachim Scholz 17.03.2012. Im ersten Augenblick konnte man wirklich glauben, dass Banksy in Paulinenaue war, so sehr erinnert das einfallsreiche Graffito des Mannes, der die T\u00fcr des Stromh\u00e4uschens eintritt, an den f\u00fcr seine inspirierten Motive ber\u00fchmten englischen Schablonensprayer. Dessen Werke tauchten schon an allen m\u00f6glichen Orten auf, warum nicht auch\u2026","rel":"","context":"In &quot;Dorfentwicklung&quot;","block_context":{"text":"Dorfentwicklung","link":"https:\/\/paulinenaue.info\/index.php\/category\/dorfentwicklung\/"},"img":{"alt_text":"","src":"https:\/\/i0.wp.com\/paulinenaue.info\/wp-content\/uploads\/2016\/03\/20120317_graffito_kamerun_01.jpg?resize=350%2C200&ssl=1","width":350,"height":200},"classes":[]}],"_links":{"self":[{"href":"https:\/\/paulinenaue.info\/index.php\/wp-json\/wp\/v2\/posts\/149","targetHints":{"allow":["GET"]}}],"collection":[{"href":"https:\/\/paulinenaue.info\/index.php\/wp-json\/wp\/v2\/posts"}],"about":[{"href":"https:\/\/paulinenaue.info\/index.php\/wp-json\/wp\/v2\/types\/post"}],"author":[{"embeddable":true,"href":"https:\/\/paulinenaue.info\/index.php\/wp-json\/wp\/v2\/users\/1"}],"replies":[{"embeddable":true,"href":"https:\/\/paulinenaue.info\/index.php\/wp-json\/wp\/v2\/comments?post=149"}],"version-history":[{"count":5,"href":"https:\/\/paulinenaue.info\/index.php\/wp-json\/wp\/v2\/posts\/149\/revisions"}],"predecessor-version":[{"id":27086,"href":"https:\/\/paulinenaue.info\/index.php\/wp-json\/wp\/v2\/posts\/149\/revisions\/27086"}],"wp:featuredmedia":[{"embeddable":true,"href":"https:\/\/paulinenaue.info\/index.php\/wp-json\/wp\/v2\/media\/289"}],"wp:attachment":[{"href":"https:\/\/paulinenaue.info\/index.php\/wp-json\/wp\/v2\/media?parent=149"}],"wp:term":[{"taxonomy":"category","embeddable":true,"href":"https:\/\/paulinenaue.info\/index.php\/wp-json\/wp\/v2\/categories?post=149"},{"taxonomy":"post_tag","embeddable":true,"href":"https:\/\/paulinenaue.info\/index.php\/wp-json\/wp\/v2\/tags?post=149"}],"curies":[{"name":"wp","href":"https:\/\/api.w.org\/{rel}","templated":true}]}}