{"id":149345,"date":"2022-04-30T00:10:49","date_gmt":"2022-04-29T22:10:49","guid":{"rendered":"https:\/\/paulinenaue.info\/?p=149345"},"modified":"2022-04-30T10:55:23","modified_gmt":"2022-04-30T08:55:23","slug":"149345","status":"publish","type":"post","link":"https:\/\/paulinenaue.info\/index.php\/149345\/","title":{"rendered":"Besuch in der Waldapotheke"},"content":{"rendered":"<p>Auf diesen Termin hatten sich viele schon lange gefreut. Auch in diesem Jahr ging es wieder mit Sylvia Geisel\u00a0 auf eine Kr\u00e4uterwanderung vors Dorf. Diesmal stand der Spaziergang unter dem Motto \u201eBesuch in der Waldapotheke\u201c. Die Sonne schien, es gr\u00fcnte allerorten.<\/p>\n<div id=\"attachment_149346\" style=\"width: 810px\" class=\"wp-caption alignnone\"><a href=\"https:\/\/paulinenaue.info\/wp-content\/uploads\/2022\/04\/2022-04-29-Kra\u0308uterwanderung.jpg\"><img decoding=\"async\" aria-describedby=\"caption-attachment-149346\" data-attachment-id=\"149346\" data-permalink=\"https:\/\/paulinenaue.info\/index.php\/149345\/2022-04-29-kra%cc%88uterwanderung\/\" data-orig-file=\"https:\/\/paulinenaue.info\/wp-content\/uploads\/2022\/04\/2022-04-29-Kra\u0308uterwanderung.jpg\" data-orig-size=\"1000,667\" data-comments-opened=\"1\" data-image-meta=\"{&quot;aperture&quot;:&quot;4&quot;,&quot;credit&quot;:&quot;&quot;,&quot;camera&quot;:&quot;DSC-RX10&quot;,&quot;caption&quot;:&quot;&quot;,&quot;created_timestamp&quot;:&quot;1651248138&quot;,&quot;copyright&quot;:&quot;&quot;,&quot;focal_length&quot;:&quot;8.8&quot;,&quot;iso&quot;:&quot;125&quot;,&quot;shutter_speed&quot;:&quot;0.003125&quot;,&quot;title&quot;:&quot;&quot;,&quot;orientation&quot;:&quot;1&quot;}\" data-image-title=\"2022-04-29, Kra\u0308uterwanderung\" data-image-description=\"&lt;p&gt;Bei der Kr\u00e4uterwanderung mit Sylvia Geisel am 29. April 2022&lt;\/p&gt;\n\" data-image-caption=\"&lt;p&gt;Bei der Kr\u00e4uterwanderung mit Sylvia Geisel am 29. April 2022&lt;\/p&gt;\n\" data-large-file=\"https:\/\/paulinenaue.info\/wp-content\/uploads\/2022\/04\/2022-04-29-Kra\u0308uterwanderung.jpg\" class=\"lazyload wp-image-149346 size-fusion-800\" src=\"https:\/\/paulinenaue.info\/wp-content\/uploads\/2022\/04\/2022-04-29-Kra\u0308uterwanderung-800x534.jpg\" data-orig-src=\"https:\/\/paulinenaue.info\/wp-content\/uploads\/2022\/04\/2022-04-29-Kra\u0308uterwanderung-800x534.jpg\" alt=\"\" width=\"800\" height=\"534\" srcset=\"data:image\/svg+xml,%3Csvg%20xmlns%3D%27http%3A%2F%2Fwww.w3.org%2F2000%2Fsvg%27%20width%3D%27800%27%20height%3D%27534%27%20viewBox%3D%270%200%20800%20534%27%3E%3Crect%20width%3D%27800%27%20height%3D%27534%27%20fill-opacity%3D%220%22%2F%3E%3C%2Fsvg%3E\" data-srcset=\"https:\/\/paulinenaue.info\/wp-content\/uploads\/2022\/04\/2022-04-29-Kra\u0308uterwanderung-200x133.jpg 200w, https:\/\/paulinenaue.info\/wp-content\/uploads\/2022\/04\/2022-04-29-Kra\u0308uterwanderung-300x200.jpg 300w, https:\/\/paulinenaue.info\/wp-content\/uploads\/2022\/04\/2022-04-29-Kra\u0308uterwanderung-400x267.jpg 400w, https:\/\/paulinenaue.info\/wp-content\/uploads\/2022\/04\/2022-04-29-Kra\u0308uterwanderung-600x400.jpg 600w, https:\/\/paulinenaue.info\/wp-content\/uploads\/2022\/04\/2022-04-29-Kra\u0308uterwanderung-768x512.jpg 768w, https:\/\/paulinenaue.info\/wp-content\/uploads\/2022\/04\/2022-04-29-Kra\u0308uterwanderung-800x534.jpg 800w, https:\/\/paulinenaue.info\/wp-content\/uploads\/2022\/04\/2022-04-29-Kra\u0308uterwanderung.jpg 1000w\" data-sizes=\"auto\" data-orig-sizes=\"(max-width: 800px) 100vw, 800px\" \/><\/a><p id=\"caption-attachment-149346\" class=\"wp-caption-text\">Viel zu selten geht man spazieren. Ein so lehrreicher Spaziergang aber ist eine absolute Seltenheit. Foto: Joachim Scholz, 2022.<\/p><\/div>\n<p>Den Weg zur Pessiner Heide glaubt man zu kennen wie seine Westentasche. In Wahrheit wei\u00df man kaum etwas \u00fcber ihn. Am Wegesrand blieb die Gruppe immer wieder stehen. Sylvia Geisel, die sich seit ihrem Biologiestudium f\u00fcr die Botanik interessiert und ein Hobby daraus machte, kannte jeden Baum, jeden Strauch, jedes Gew\u00e4chs beim Namen und wusste, was man ihm N\u00fctzliches, K\u00f6stliches und Interessantes abgewinnen kann. Nicht alles, was im Unterholz jetzt im Fr\u00fchling Bl\u00e4tter bildet, kann man essen. Aber erstaunlich vieles! Wir probierten ein Klettenkraut, das einem als Kind immer an den Hosen hing. Es schmeckte nach nichts. Lindenbl\u00e4tter dagegen sind etwas w\u00fcrziger. Aus dem Harz der Fichte l\u00e4sst sich eine Wundheilsalbe gewinnen, die Knospen der Linde enthalten geballte Pflanzenkraft, die zur Beruhigung dient. Kurzweilig und mit vielen Anekdoten und Erinnerungen, die bei den Interessierten Spazierg\u00e4ngern teils aus Kindestagen wieder wach wurden, verging die Zeit an der Seite unserer F\u00fchrerin wie im Fluge.<\/p>\n<p>Die frisch gebackenen Waldapothekerinnen w\u00fcnschen sich, dass die Kr\u00e4uterwanderung \u2013 mittlerweile ein Klassiker im Jahresprogramm des Kulturvereins \u2013 bald wiederholt wird. Herzlichen Dank an Sylvia Geisel!<\/p>\n<h3>Galerie mit Bildern von Heide Hesse<\/h3>\n\n\t\t<style type=\"text\/css\">\n\t\t\t#gallery-1 {\n\t\t\t\tmargin: auto;\n\t\t\t}\n\t\t\t#gallery-1 .gallery-item {\n\t\t\t\tfloat: left;\n\t\t\t\tmargin-top: 10px;\n\t\t\t\ttext-align: center;\n\t\t\t\twidth: 33%;\n\t\t\t}\n\t\t\t#gallery-1 img {\n\t\t\t\tborder: 2px solid #cfcfcf;\n\t\t\t}\n\t\t\t#gallery-1 .gallery-caption {\n\t\t\t\tmargin-left: 0;\n\t\t\t}\n\t\t\t\/* see gallery_shortcode() in wp-includes\/media.php *\/\n\t\t<\/style>\n\t\t<div data-carousel-extra='{&quot;blog_id&quot;:1,&quot;permalink&quot;:&quot;https:\/\/paulinenaue.info\/index.php\/149345\/&quot;}' id='gallery-1' class='gallery galleryid-149345 gallery-columns-3 gallery-size-thumbnail'><dl class='gallery-item'>\n\t\t\t<dt class='gallery-icon portrait'>\n\t\t\t\t<a data-rel=\"iLightbox[postimages]\" data-title=\"2022-04-29, Kra\u0308uterwanderung_09\" data-caption=\"\" href='https:\/\/paulinenaue.info\/index.php\/149345\/2022-04-29-kra%cc%88uterwanderung_09\/'><img decoding=\"async\" width=\"150\" height=\"150\" src=\"https:\/\/paulinenaue.info\/wp-content\/uploads\/2022\/04\/2022-04-29-Kra\u0308uterwanderung_09-150x150.jpeg\" class=\"attachment-thumbnail size-thumbnail lazyload\" alt=\"\" srcset=\"data:image\/svg+xml,%3Csvg%20xmlns%3D%27http%3A%2F%2Fwww.w3.org%2F2000%2Fsvg%27%20width%3D%271200%27%20height%3D%271600%27%20viewBox%3D%270%200%201200%201600%27%3E%3Crect%20width%3D%271200%27%20height%3D%271600%27%20fill-opacity%3D%220%22%2F%3E%3C%2Fsvg%3E\" data-orig-src=\"https:\/\/paulinenaue.info\/wp-content\/uploads\/2022\/04\/2022-04-29-Kra\u0308uterwanderung_09-150x150.jpeg\" data-srcset=\"https:\/\/paulinenaue.info\/wp-content\/uploads\/2022\/04\/2022-04-29-Kra\u0308uterwanderung_09-66x66.jpeg 66w, https:\/\/paulinenaue.info\/wp-content\/uploads\/2022\/04\/2022-04-29-Kra\u0308uterwanderung_09-150x150.jpeg 150w\" data-sizes=\"auto\" data-attachment-id=\"150396\" data-permalink=\"https:\/\/paulinenaue.info\/index.php\/149345\/2022-04-29-kra%cc%88uterwanderung_09\/\" data-orig-file=\"https:\/\/paulinenaue.info\/wp-content\/uploads\/2022\/04\/2022-04-29-Kra\u0308uterwanderung_09.jpeg\" data-orig-size=\"1200,1600\" data-comments-opened=\"1\" data-image-meta=\"{&quot;aperture&quot;:&quot;0&quot;,&quot;credit&quot;:&quot;&quot;,&quot;camera&quot;:&quot;&quot;,&quot;caption&quot;:&quot;&quot;,&quot;created_timestamp&quot;:&quot;0&quot;,&quot;copyright&quot;:&quot;&quot;,&quot;focal_length&quot;:&quot;0&quot;,&quot;iso&quot;:&quot;0&quot;,&quot;shutter_speed&quot;:&quot;0&quot;,&quot;title&quot;:&quot;&quot;,&quot;orientation&quot;:&quot;0&quot;}\" data-image-title=\"2022-04-29, Kra\u0308uterwanderung_09\" data-image-description=\"\" data-image-caption=\"\" data-large-file=\"https:\/\/paulinenaue.info\/wp-content\/uploads\/2022\/04\/2022-04-29-Kra\u0308uterwanderung_09-768x1024.jpeg\" \/><\/a>\n\t\t\t<\/dt><\/dl><dl class='gallery-item'>\n\t\t\t<dt class='gallery-icon portrait'>\n\t\t\t\t<a data-rel=\"iLightbox[postimages]\" data-title=\"2022-04-29, Kra\u0308uterwanderung_08\" data-caption=\"\" href='https:\/\/paulinenaue.info\/index.php\/149345\/2022-04-29-kra%cc%88uterwanderung_08\/'><img decoding=\"async\" width=\"150\" height=\"150\" src=\"https:\/\/paulinenaue.info\/wp-content\/uploads\/2022\/04\/2022-04-29-Kra\u0308uterwanderung_08-150x150.jpeg\" class=\"attachment-thumbnail size-thumbnail lazyload\" alt=\"\" srcset=\"data:image\/svg+xml,%3Csvg%20xmlns%3D%27http%3A%2F%2Fwww.w3.org%2F2000%2Fsvg%27%20width%3D%271200%27%20height%3D%271600%27%20viewBox%3D%270%200%201200%201600%27%3E%3Crect%20width%3D%271200%27%20height%3D%271600%27%20fill-opacity%3D%220%22%2F%3E%3C%2Fsvg%3E\" data-orig-src=\"https:\/\/paulinenaue.info\/wp-content\/uploads\/2022\/04\/2022-04-29-Kra\u0308uterwanderung_08-150x150.jpeg\" data-srcset=\"https:\/\/paulinenaue.info\/wp-content\/uploads\/2022\/04\/2022-04-29-Kra\u0308uterwanderung_08-66x66.jpeg 66w, https:\/\/paulinenaue.info\/wp-content\/uploads\/2022\/04\/2022-04-29-Kra\u0308uterwanderung_08-150x150.jpeg 150w\" data-sizes=\"auto\" data-attachment-id=\"150395\" data-permalink=\"https:\/\/paulinenaue.info\/index.php\/149345\/2022-04-29-kra%cc%88uterwanderung_08\/\" data-orig-file=\"https:\/\/paulinenaue.info\/wp-content\/uploads\/2022\/04\/2022-04-29-Kra\u0308uterwanderung_08.jpeg\" data-orig-size=\"1200,1600\" data-comments-opened=\"1\" data-image-meta=\"{&quot;aperture&quot;:&quot;0&quot;,&quot;credit&quot;:&quot;&quot;,&quot;camera&quot;:&quot;&quot;,&quot;caption&quot;:&quot;&quot;,&quot;created_timestamp&quot;:&quot;0&quot;,&quot;copyright&quot;:&quot;&quot;,&quot;focal_length&quot;:&quot;0&quot;,&quot;iso&quot;:&quot;0&quot;,&quot;shutter_speed&quot;:&quot;0&quot;,&quot;title&quot;:&quot;&quot;,&quot;orientation&quot;:&quot;0&quot;}\" data-image-title=\"2022-04-29, Kra\u0308uterwanderung_08\" data-image-description=\"\" data-image-caption=\"\" data-large-file=\"https:\/\/paulinenaue.info\/wp-content\/uploads\/2022\/04\/2022-04-29-Kra\u0308uterwanderung_08-768x1024.jpeg\" \/><\/a>\n\t\t\t<\/dt><\/dl><dl class='gallery-item'>\n\t\t\t<dt class='gallery-icon portrait'>\n\t\t\t\t<a data-rel=\"iLightbox[postimages]\" data-title=\"2022-04-29, Kra\u0308uterwanderung_07\" data-caption=\"\" href='https:\/\/paulinenaue.info\/index.php\/149345\/2022-04-29-kra%cc%88uterwanderung_07\/'><img decoding=\"async\" width=\"150\" height=\"150\" src=\"https:\/\/paulinenaue.info\/wp-content\/uploads\/2022\/04\/2022-04-29-Kra\u0308uterwanderung_07-150x150.jpeg\" class=\"attachment-thumbnail size-thumbnail lazyload\" alt=\"\" srcset=\"data:image\/svg+xml,%3Csvg%20xmlns%3D%27http%3A%2F%2Fwww.w3.org%2F2000%2Fsvg%27%20width%3D%271200%27%20height%3D%271600%27%20viewBox%3D%270%200%201200%201600%27%3E%3Crect%20width%3D%271200%27%20height%3D%271600%27%20fill-opacity%3D%220%22%2F%3E%3C%2Fsvg%3E\" data-orig-src=\"https:\/\/paulinenaue.info\/wp-content\/uploads\/2022\/04\/2022-04-29-Kra\u0308uterwanderung_07-150x150.jpeg\" data-srcset=\"https:\/\/paulinenaue.info\/wp-content\/uploads\/2022\/04\/2022-04-29-Kra\u0308uterwanderung_07-66x66.jpeg 66w, https:\/\/paulinenaue.info\/wp-content\/uploads\/2022\/04\/2022-04-29-Kra\u0308uterwanderung_07-150x150.jpeg 150w\" data-sizes=\"auto\" data-attachment-id=\"150394\" data-permalink=\"https:\/\/paulinenaue.info\/index.php\/149345\/2022-04-29-kra%cc%88uterwanderung_07\/\" data-orig-file=\"https:\/\/paulinenaue.info\/wp-content\/uploads\/2022\/04\/2022-04-29-Kra\u0308uterwanderung_07.jpeg\" data-orig-size=\"1200,1600\" data-comments-opened=\"1\" data-image-meta=\"{&quot;aperture&quot;:&quot;0&quot;,&quot;credit&quot;:&quot;&quot;,&quot;camera&quot;:&quot;&quot;,&quot;caption&quot;:&quot;&quot;,&quot;created_timestamp&quot;:&quot;0&quot;,&quot;copyright&quot;:&quot;&quot;,&quot;focal_length&quot;:&quot;0&quot;,&quot;iso&quot;:&quot;0&quot;,&quot;shutter_speed&quot;:&quot;0&quot;,&quot;title&quot;:&quot;&quot;,&quot;orientation&quot;:&quot;0&quot;}\" data-image-title=\"2022-04-29, Kra\u0308uterwanderung_07\" data-image-description=\"\" data-image-caption=\"\" data-large-file=\"https:\/\/paulinenaue.info\/wp-content\/uploads\/2022\/04\/2022-04-29-Kra\u0308uterwanderung_07-768x1024.jpeg\" \/><\/a>\n\t\t\t<\/dt><\/dl><br style=\"clear: both\" \/><dl class='gallery-item'>\n\t\t\t<dt class='gallery-icon landscape'>\n\t\t\t\t<a data-rel=\"iLightbox[postimages]\" data-title=\"2022-04-29, Kra\u0308uterwanderung_06\" data-caption=\"\" href='https:\/\/paulinenaue.info\/index.php\/149345\/2022-04-29-kra%cc%88uterwanderung_06\/'><img decoding=\"async\" width=\"150\" height=\"150\" src=\"https:\/\/paulinenaue.info\/wp-content\/uploads\/2022\/04\/2022-04-29-Kra\u0308uterwanderung_06-150x150.jpeg\" class=\"attachment-thumbnail size-thumbnail lazyload\" alt=\"\" srcset=\"data:image\/svg+xml,%3Csvg%20xmlns%3D%27http%3A%2F%2Fwww.w3.org%2F2000%2Fsvg%27%20width%3D%271600%27%20height%3D%271200%27%20viewBox%3D%270%200%201600%201200%27%3E%3Crect%20width%3D%271600%27%20height%3D%271200%27%20fill-opacity%3D%220%22%2F%3E%3C%2Fsvg%3E\" data-orig-src=\"https:\/\/paulinenaue.info\/wp-content\/uploads\/2022\/04\/2022-04-29-Kra\u0308uterwanderung_06-150x150.jpeg\" data-srcset=\"https:\/\/paulinenaue.info\/wp-content\/uploads\/2022\/04\/2022-04-29-Kra\u0308uterwanderung_06-66x66.jpeg 66w, https:\/\/paulinenaue.info\/wp-content\/uploads\/2022\/04\/2022-04-29-Kra\u0308uterwanderung_06-150x150.jpeg 150w\" data-sizes=\"auto\" data-attachment-id=\"150393\" data-permalink=\"https:\/\/paulinenaue.info\/index.php\/149345\/2022-04-29-kra%cc%88uterwanderung_06\/\" data-orig-file=\"https:\/\/paulinenaue.info\/wp-content\/uploads\/2022\/04\/2022-04-29-Kra\u0308uterwanderung_06.jpeg\" data-orig-size=\"1600,1200\" data-comments-opened=\"1\" data-image-meta=\"{&quot;aperture&quot;:&quot;0&quot;,&quot;credit&quot;:&quot;&quot;,&quot;camera&quot;:&quot;&quot;,&quot;caption&quot;:&quot;&quot;,&quot;created_timestamp&quot;:&quot;0&quot;,&quot;copyright&quot;:&quot;&quot;,&quot;focal_length&quot;:&quot;0&quot;,&quot;iso&quot;:&quot;0&quot;,&quot;shutter_speed&quot;:&quot;0&quot;,&quot;title&quot;:&quot;&quot;,&quot;orientation&quot;:&quot;0&quot;}\" data-image-title=\"2022-04-29, Kra\u0308uterwanderung_06\" data-image-description=\"\" data-image-caption=\"\" data-large-file=\"https:\/\/paulinenaue.info\/wp-content\/uploads\/2022\/04\/2022-04-29-Kra\u0308uterwanderung_06-1024x768.jpeg\" \/><\/a>\n\t\t\t<\/dt><\/dl><dl class='gallery-item'>\n\t\t\t<dt class='gallery-icon portrait'>\n\t\t\t\t<a data-rel=\"iLightbox[postimages]\" data-title=\"2022-04-29, Kra\u0308uterwanderung_05\" data-caption=\"\" href='https:\/\/paulinenaue.info\/index.php\/149345\/2022-04-29-kra%cc%88uterwanderung_05\/'><img decoding=\"async\" width=\"150\" height=\"150\" src=\"https:\/\/paulinenaue.info\/wp-content\/uploads\/2022\/04\/2022-04-29-Kra\u0308uterwanderung_05-150x150.jpeg\" class=\"attachment-thumbnail size-thumbnail lazyload\" alt=\"\" srcset=\"data:image\/svg+xml,%3Csvg%20xmlns%3D%27http%3A%2F%2Fwww.w3.org%2F2000%2Fsvg%27%20width%3D%271200%27%20height%3D%271600%27%20viewBox%3D%270%200%201200%201600%27%3E%3Crect%20width%3D%271200%27%20height%3D%271600%27%20fill-opacity%3D%220%22%2F%3E%3C%2Fsvg%3E\" data-orig-src=\"https:\/\/paulinenaue.info\/wp-content\/uploads\/2022\/04\/2022-04-29-Kra\u0308uterwanderung_05-150x150.jpeg\" data-srcset=\"https:\/\/paulinenaue.info\/wp-content\/uploads\/2022\/04\/2022-04-29-Kra\u0308uterwanderung_05-66x66.jpeg 66w, https:\/\/paulinenaue.info\/wp-content\/uploads\/2022\/04\/2022-04-29-Kra\u0308uterwanderung_05-150x150.jpeg 150w\" data-sizes=\"auto\" data-attachment-id=\"150392\" data-permalink=\"https:\/\/paulinenaue.info\/index.php\/149345\/2022-04-29-kra%cc%88uterwanderung_05\/\" data-orig-file=\"https:\/\/paulinenaue.info\/wp-content\/uploads\/2022\/04\/2022-04-29-Kra\u0308uterwanderung_05.jpeg\" data-orig-size=\"1200,1600\" data-comments-opened=\"1\" data-image-meta=\"{&quot;aperture&quot;:&quot;0&quot;,&quot;credit&quot;:&quot;&quot;,&quot;camera&quot;:&quot;&quot;,&quot;caption&quot;:&quot;&quot;,&quot;created_timestamp&quot;:&quot;0&quot;,&quot;copyright&quot;:&quot;&quot;,&quot;focal_length&quot;:&quot;0&quot;,&quot;iso&quot;:&quot;0&quot;,&quot;shutter_speed&quot;:&quot;0&quot;,&quot;title&quot;:&quot;&quot;,&quot;orientation&quot;:&quot;0&quot;}\" data-image-title=\"2022-04-29, Kra\u0308uterwanderung_05\" data-image-description=\"\" data-image-caption=\"\" data-large-file=\"https:\/\/paulinenaue.info\/wp-content\/uploads\/2022\/04\/2022-04-29-Kra\u0308uterwanderung_05-768x1024.jpeg\" \/><\/a>\n\t\t\t<\/dt><\/dl><dl class='gallery-item'>\n\t\t\t<dt class='gallery-icon portrait'>\n\t\t\t\t<a data-rel=\"iLightbox[postimages]\" data-title=\"2022-04-29, Kra\u0308uterwanderung_02\" data-caption=\"\" href='https:\/\/paulinenaue.info\/index.php\/149345\/2022-04-29-kra%cc%88uterwanderung_02\/'><img decoding=\"async\" width=\"150\" height=\"150\" src=\"https:\/\/paulinenaue.info\/wp-content\/uploads\/2022\/04\/2022-04-29-Kra\u0308uterwanderung_02-150x150.jpeg\" class=\"attachment-thumbnail size-thumbnail lazyload\" alt=\"\" srcset=\"data:image\/svg+xml,%3Csvg%20xmlns%3D%27http%3A%2F%2Fwww.w3.org%2F2000%2Fsvg%27%20width%3D%271200%27%20height%3D%271600%27%20viewBox%3D%270%200%201200%201600%27%3E%3Crect%20width%3D%271200%27%20height%3D%271600%27%20fill-opacity%3D%220%22%2F%3E%3C%2Fsvg%3E\" data-orig-src=\"https:\/\/paulinenaue.info\/wp-content\/uploads\/2022\/04\/2022-04-29-Kra\u0308uterwanderung_02-150x150.jpeg\" data-srcset=\"https:\/\/paulinenaue.info\/wp-content\/uploads\/2022\/04\/2022-04-29-Kra\u0308uterwanderung_02-66x66.jpeg 66w, https:\/\/paulinenaue.info\/wp-content\/uploads\/2022\/04\/2022-04-29-Kra\u0308uterwanderung_02-150x150.jpeg 150w\" data-sizes=\"auto\" data-attachment-id=\"150389\" data-permalink=\"https:\/\/paulinenaue.info\/index.php\/149345\/2022-04-29-kra%cc%88uterwanderung_02\/\" data-orig-file=\"https:\/\/paulinenaue.info\/wp-content\/uploads\/2022\/04\/2022-04-29-Kra\u0308uterwanderung_02.jpeg\" data-orig-size=\"1200,1600\" data-comments-opened=\"1\" data-image-meta=\"{&quot;aperture&quot;:&quot;0&quot;,&quot;credit&quot;:&quot;&quot;,&quot;camera&quot;:&quot;&quot;,&quot;caption&quot;:&quot;&quot;,&quot;created_timestamp&quot;:&quot;0&quot;,&quot;copyright&quot;:&quot;&quot;,&quot;focal_length&quot;:&quot;0&quot;,&quot;iso&quot;:&quot;0&quot;,&quot;shutter_speed&quot;:&quot;0&quot;,&quot;title&quot;:&quot;&quot;,&quot;orientation&quot;:&quot;0&quot;}\" data-image-title=\"2022-04-29, Kra\u0308uterwanderung_02\" data-image-description=\"\" data-image-caption=\"\" data-large-file=\"https:\/\/paulinenaue.info\/wp-content\/uploads\/2022\/04\/2022-04-29-Kra\u0308uterwanderung_02-768x1024.jpeg\" \/><\/a>\n\t\t\t<\/dt><\/dl><br style=\"clear: both\" \/><dl class='gallery-item'>\n\t\t\t<dt class='gallery-icon portrait'>\n\t\t\t\t<a data-rel=\"iLightbox[postimages]\" data-title=\"2022-04-29, Kra\u0308uterwanderung_04\" data-caption=\"\" href='https:\/\/paulinenaue.info\/index.php\/149345\/2022-04-29-kra%cc%88uterwanderung_04\/'><img decoding=\"async\" width=\"150\" height=\"150\" src=\"https:\/\/paulinenaue.info\/wp-content\/uploads\/2022\/04\/2022-04-29-Kra\u0308uterwanderung_04-150x150.jpeg\" class=\"attachment-thumbnail size-thumbnail lazyload\" alt=\"\" srcset=\"data:image\/svg+xml,%3Csvg%20xmlns%3D%27http%3A%2F%2Fwww.w3.org%2F2000%2Fsvg%27%20width%3D%271200%27%20height%3D%271600%27%20viewBox%3D%270%200%201200%201600%27%3E%3Crect%20width%3D%271200%27%20height%3D%271600%27%20fill-opacity%3D%220%22%2F%3E%3C%2Fsvg%3E\" data-orig-src=\"https:\/\/paulinenaue.info\/wp-content\/uploads\/2022\/04\/2022-04-29-Kra\u0308uterwanderung_04-150x150.jpeg\" data-srcset=\"https:\/\/paulinenaue.info\/wp-content\/uploads\/2022\/04\/2022-04-29-Kra\u0308uterwanderung_04-66x66.jpeg 66w, https:\/\/paulinenaue.info\/wp-content\/uploads\/2022\/04\/2022-04-29-Kra\u0308uterwanderung_04-150x150.jpeg 150w\" data-sizes=\"auto\" data-attachment-id=\"150391\" data-permalink=\"https:\/\/paulinenaue.info\/index.php\/149345\/2022-04-29-kra%cc%88uterwanderung_04\/\" data-orig-file=\"https:\/\/paulinenaue.info\/wp-content\/uploads\/2022\/04\/2022-04-29-Kra\u0308uterwanderung_04.jpeg\" data-orig-size=\"1200,1600\" data-comments-opened=\"1\" data-image-meta=\"{&quot;aperture&quot;:&quot;0&quot;,&quot;credit&quot;:&quot;&quot;,&quot;camera&quot;:&quot;&quot;,&quot;caption&quot;:&quot;&quot;,&quot;created_timestamp&quot;:&quot;0&quot;,&quot;copyright&quot;:&quot;&quot;,&quot;focal_length&quot;:&quot;0&quot;,&quot;iso&quot;:&quot;0&quot;,&quot;shutter_speed&quot;:&quot;0&quot;,&quot;title&quot;:&quot;&quot;,&quot;orientation&quot;:&quot;0&quot;}\" data-image-title=\"2022-04-29, Kra\u0308uterwanderung_04\" data-image-description=\"\" data-image-caption=\"\" data-large-file=\"https:\/\/paulinenaue.info\/wp-content\/uploads\/2022\/04\/2022-04-29-Kra\u0308uterwanderung_04-768x1024.jpeg\" \/><\/a>\n\t\t\t<\/dt><\/dl><dl class='gallery-item'>\n\t\t\t<dt class='gallery-icon portrait'>\n\t\t\t\t<a data-rel=\"iLightbox[postimages]\" data-title=\"2022-04-29, Kra\u0308uterwanderung_10\" data-caption=\"\" href='https:\/\/paulinenaue.info\/index.php\/149345\/2022-04-29-kra%cc%88uterwanderung_10\/'><img decoding=\"async\" width=\"150\" height=\"150\" src=\"https:\/\/paulinenaue.info\/wp-content\/uploads\/2022\/04\/2022-04-29-Kra\u0308uterwanderung_10-150x150.jpeg\" class=\"attachment-thumbnail size-thumbnail lazyload\" alt=\"\" srcset=\"data:image\/svg+xml,%3Csvg%20xmlns%3D%27http%3A%2F%2Fwww.w3.org%2F2000%2Fsvg%27%20width%3D%271200%27%20height%3D%271600%27%20viewBox%3D%270%200%201200%201600%27%3E%3Crect%20width%3D%271200%27%20height%3D%271600%27%20fill-opacity%3D%220%22%2F%3E%3C%2Fsvg%3E\" data-orig-src=\"https:\/\/paulinenaue.info\/wp-content\/uploads\/2022\/04\/2022-04-29-Kra\u0308uterwanderung_10-150x150.jpeg\" data-srcset=\"https:\/\/paulinenaue.info\/wp-content\/uploads\/2022\/04\/2022-04-29-Kra\u0308uterwanderung_10-66x66.jpeg 66w, https:\/\/paulinenaue.info\/wp-content\/uploads\/2022\/04\/2022-04-29-Kra\u0308uterwanderung_10-150x150.jpeg 150w\" data-sizes=\"auto\" data-attachment-id=\"150387\" data-permalink=\"https:\/\/paulinenaue.info\/index.php\/149345\/2022-04-29-kra%cc%88uterwanderung_10\/\" data-orig-file=\"https:\/\/paulinenaue.info\/wp-content\/uploads\/2022\/04\/2022-04-29-Kra\u0308uterwanderung_10.jpeg\" data-orig-size=\"1200,1600\" data-comments-opened=\"1\" data-image-meta=\"{&quot;aperture&quot;:&quot;0&quot;,&quot;credit&quot;:&quot;&quot;,&quot;camera&quot;:&quot;&quot;,&quot;caption&quot;:&quot;&quot;,&quot;created_timestamp&quot;:&quot;0&quot;,&quot;copyright&quot;:&quot;&quot;,&quot;focal_length&quot;:&quot;0&quot;,&quot;iso&quot;:&quot;0&quot;,&quot;shutter_speed&quot;:&quot;0&quot;,&quot;title&quot;:&quot;&quot;,&quot;orientation&quot;:&quot;0&quot;}\" data-image-title=\"2022-04-29, Kra\u0308uterwanderung_10\" data-image-description=\"\" data-image-caption=\"\" data-large-file=\"https:\/\/paulinenaue.info\/wp-content\/uploads\/2022\/04\/2022-04-29-Kra\u0308uterwanderung_10-768x1024.jpeg\" \/><\/a>\n\t\t\t<\/dt><\/dl><dl class='gallery-item'>\n\t\t\t<dt class='gallery-icon portrait'>\n\t\t\t\t<a data-rel=\"iLightbox[postimages]\" data-title=\"2022-04-29, Kra\u0308uterwanderung_01\" data-caption=\"\" href='https:\/\/paulinenaue.info\/index.php\/149345\/2022-04-29-kra%cc%88uterwanderung_01\/'><img decoding=\"async\" width=\"150\" height=\"150\" src=\"https:\/\/paulinenaue.info\/wp-content\/uploads\/2022\/04\/2022-04-29-Kra\u0308uterwanderung_01-150x150.jpeg\" class=\"attachment-thumbnail size-thumbnail lazyload\" alt=\"\" srcset=\"data:image\/svg+xml,%3Csvg%20xmlns%3D%27http%3A%2F%2Fwww.w3.org%2F2000%2Fsvg%27%20width%3D%271186%27%20height%3D%271600%27%20viewBox%3D%270%200%201186%201600%27%3E%3Crect%20width%3D%271186%27%20height%3D%271600%27%20fill-opacity%3D%220%22%2F%3E%3C%2Fsvg%3E\" data-orig-src=\"https:\/\/paulinenaue.info\/wp-content\/uploads\/2022\/04\/2022-04-29-Kra\u0308uterwanderung_01-150x150.jpeg\" data-srcset=\"https:\/\/paulinenaue.info\/wp-content\/uploads\/2022\/04\/2022-04-29-Kra\u0308uterwanderung_01-66x66.jpeg 66w, https:\/\/paulinenaue.info\/wp-content\/uploads\/2022\/04\/2022-04-29-Kra\u0308uterwanderung_01-150x150.jpeg 150w\" data-sizes=\"auto\" data-attachment-id=\"150388\" data-permalink=\"https:\/\/paulinenaue.info\/index.php\/149345\/2022-04-29-kra%cc%88uterwanderung_01\/\" data-orig-file=\"https:\/\/paulinenaue.info\/wp-content\/uploads\/2022\/04\/2022-04-29-Kra\u0308uterwanderung_01.jpeg\" data-orig-size=\"1186,1600\" data-comments-opened=\"1\" data-image-meta=\"{&quot;aperture&quot;:&quot;0&quot;,&quot;credit&quot;:&quot;&quot;,&quot;camera&quot;:&quot;&quot;,&quot;caption&quot;:&quot;&quot;,&quot;created_timestamp&quot;:&quot;0&quot;,&quot;copyright&quot;:&quot;&quot;,&quot;focal_length&quot;:&quot;0&quot;,&quot;iso&quot;:&quot;0&quot;,&quot;shutter_speed&quot;:&quot;0&quot;,&quot;title&quot;:&quot;&quot;,&quot;orientation&quot;:&quot;0&quot;}\" data-image-title=\"2022-04-29, Kra\u0308uterwanderung_01\" data-image-description=\"\" data-image-caption=\"\" data-large-file=\"https:\/\/paulinenaue.info\/wp-content\/uploads\/2022\/04\/2022-04-29-Kra\u0308uterwanderung_01-759x1024.jpeg\" \/><\/a>\n\t\t\t<\/dt><\/dl><br style=\"clear: both\" \/>\n\t\t<\/div>\n\n","protected":false},"excerpt":{"rendered":"<p>Auf diesen Termin hatten sich viele schon lange gefreut. Auch [&hellip;]<\/p>\n","protected":false},"author":1,"featured_media":149346,"comment_status":"open","ping_status":"open","sticky":false,"template":"","format":"standard","meta":{"_acf_changed":false,"_price":"","_stock":"","_tribe_ticket_header":"","_tribe_default_ticket_provider":"","_tribe_ticket_capacity":"0","_ticket_start_date":"","_ticket_end_date":"","_tribe_ticket_show_description":"","_tribe_ticket_show_not_going":false,"_tribe_ticket_use_global_stock":"","_tribe_ticket_global_stock_level":"","_global_stock_mode":"","_global_stock_cap":"","_tribe_rsvp_for_event":"","_tribe_ticket_going_count":"","_tribe_ticket_not_going_count":"","_tribe_tickets_list":"[]","_tribe_ticket_has_attendee_info_fields":false,"jetpack_post_was_ever_published":false,"_jetpack_newsletter_access":"","_jetpack_dont_email_post_to_subs":false,"_jetpack_newsletter_tier_id":0,"_jetpack_memberships_contains_paywalled_content":false,"_jetpack_memberships_contains_paid_content":false,"footnotes":"","jetpack_publicize_message":"","jetpack_publicize_feature_enabled":true,"jetpack_social_post_already_shared":true,"jetpack_social_options":{"image_generator_settings":{"template":"highway","default_image_id":0,"font":"","enabled":false},"version":2}},"categories":[6,47,216,9],"tags":[381,231,287],"class_list":["post-149345","post","type-post","status-publish","format-standard","has-post-thumbnail","hentry","category-hier-zuhause","category-kulturverein","category-natur","category-neuigkeiten","tag-kraeuterwanderung","tag-kulturverein","tag-pessiner-heide"],"acf":[],"yoast_head":"<!-- This site is optimized with the Yoast SEO plugin v27.5 - https:\/\/yoast.com\/product\/yoast-seo-wordpress\/ -->\n<title>Besuch in der Waldapotheke - Paulinenaue<\/title>\n<meta name=\"description\" content=\"Auch in diesem Jahr ging es wieder mit Sylvia Geisel\u00a0 auf eine Kr\u00e4uterwanderung vors Dorf. Diesmal stand der Spaziergang unter dem Motto \u201eBesuch in der Waldapotheke\u201c.\" \/>\n<meta name=\"robots\" content=\"index, follow, max-snippet:-1, max-image-preview:large, max-video-preview:-1\" \/>\n<link rel=\"canonical\" href=\"https:\/\/paulinenaue.info\/index.php\/149345\/\" \/>\n<meta property=\"og:locale\" content=\"de_DE\" \/>\n<meta property=\"og:type\" content=\"article\" \/>\n<meta property=\"og:title\" content=\"Besuch in der Waldapotheke - Paulinenaue\" \/>\n<meta property=\"og:description\" content=\"Auch in diesem Jahr ging es wieder mit Sylvia Geisel\u00a0 auf eine Kr\u00e4uterwanderung vors Dorf. Diesmal stand der Spaziergang unter dem Motto \u201eBesuch in der Waldapotheke\u201c.\" \/>\n<meta property=\"og:url\" content=\"https:\/\/paulinenaue.info\/index.php\/149345\/\" \/>\n<meta property=\"og:site_name\" content=\"Paulinenaue\" \/>\n<meta property=\"article:published_time\" content=\"2022-04-29T22:10:49+00:00\" \/>\n<meta property=\"article:modified_time\" content=\"2022-04-30T08:55:23+00:00\" \/>\n<meta property=\"og:image\" content=\"https:\/\/paulinenaue.info\/wp-content\/uploads\/2022\/04\/2022-04-29-Kra\u0308uterwanderung.jpg\" \/>\n\t<meta property=\"og:image:width\" content=\"1000\" \/>\n\t<meta property=\"og:image:height\" content=\"667\" \/>\n\t<meta property=\"og:image:type\" content=\"image\/jpeg\" \/>\n<meta name=\"author\" content=\"Joachim Scholz\" \/>\n<meta name=\"twitter:card\" content=\"summary_large_image\" \/>\n<meta name=\"twitter:label1\" content=\"Verfasst von\" \/>\n\t<meta name=\"twitter:data1\" content=\"Joachim Scholz\" \/>\n\t<meta name=\"twitter:label2\" content=\"Gesch\u00e4tzte Lesezeit\" \/>\n\t<meta name=\"twitter:data2\" content=\"2\u00a0Minuten\" \/>\n<script type=\"application\/ld+json\" class=\"yoast-schema-graph\">{\"@context\":\"https:\\\/\\\/schema.org\",\"@graph\":[{\"@type\":\"Article\",\"@id\":\"https:\\\/\\\/paulinenaue.info\\\/index.php\\\/149345\\\/#article\",\"isPartOf\":{\"@id\":\"https:\\\/\\\/paulinenaue.info\\\/index.php\\\/149345\\\/\"},\"author\":{\"name\":\"Joachim Scholz\",\"@id\":\"https:\\\/\\\/paulinenaue.info\\\/#\\\/schema\\\/person\\\/3f9e818fd7b69b0d2bd937ac506897cc\"},\"headline\":\"Besuch in der Waldapotheke\",\"datePublished\":\"2022-04-29T22:10:49+00:00\",\"dateModified\":\"2022-04-30T08:55:23+00:00\",\"mainEntityOfPage\":{\"@id\":\"https:\\\/\\\/paulinenaue.info\\\/index.php\\\/149345\\\/\"},\"wordCount\":269,\"commentCount\":0,\"image\":{\"@id\":\"https:\\\/\\\/paulinenaue.info\\\/index.php\\\/149345\\\/#primaryimage\"},\"thumbnailUrl\":\"https:\\\/\\\/paulinenaue.info\\\/wp-content\\\/uploads\\\/2022\\\/04\\\/2022-04-29-Kra\u0308uterwanderung.jpg\",\"keywords\":[\"Kr\u00e4uterwanderung\",\"Kulturverein\",\"Pessiner Heide\"],\"articleSection\":[\"Hier Zuhause\",\"Kulturverein\",\"Natur\",\"Neuigkeiten\"],\"inLanguage\":\"de\",\"potentialAction\":[{\"@type\":\"CommentAction\",\"name\":\"Comment\",\"target\":[\"https:\\\/\\\/paulinenaue.info\\\/index.php\\\/149345\\\/#respond\"]}]},{\"@type\":\"WebPage\",\"@id\":\"https:\\\/\\\/paulinenaue.info\\\/index.php\\\/149345\\\/\",\"url\":\"https:\\\/\\\/paulinenaue.info\\\/index.php\\\/149345\\\/\",\"name\":\"Besuch in der Waldapotheke - Paulinenaue\",\"isPartOf\":{\"@id\":\"https:\\\/\\\/paulinenaue.info\\\/#website\"},\"primaryImageOfPage\":{\"@id\":\"https:\\\/\\\/paulinenaue.info\\\/index.php\\\/149345\\\/#primaryimage\"},\"image\":{\"@id\":\"https:\\\/\\\/paulinenaue.info\\\/index.php\\\/149345\\\/#primaryimage\"},\"thumbnailUrl\":\"https:\\\/\\\/paulinenaue.info\\\/wp-content\\\/uploads\\\/2022\\\/04\\\/2022-04-29-Kra\u0308uterwanderung.jpg\",\"datePublished\":\"2022-04-29T22:10:49+00:00\",\"dateModified\":\"2022-04-30T08:55:23+00:00\",\"author\":{\"@id\":\"https:\\\/\\\/paulinenaue.info\\\/#\\\/schema\\\/person\\\/3f9e818fd7b69b0d2bd937ac506897cc\"},\"description\":\"Auch in diesem Jahr ging es wieder mit Sylvia Geisel\u00a0 auf eine Kr\u00e4uterwanderung vors Dorf. Diesmal stand der Spaziergang unter dem Motto \u201eBesuch in der Waldapotheke\u201c.\",\"breadcrumb\":{\"@id\":\"https:\\\/\\\/paulinenaue.info\\\/index.php\\\/149345\\\/#breadcrumb\"},\"inLanguage\":\"de\",\"potentialAction\":[{\"@type\":\"ReadAction\",\"target\":[\"https:\\\/\\\/paulinenaue.info\\\/index.php\\\/149345\\\/\"]}]},{\"@type\":\"ImageObject\",\"inLanguage\":\"de\",\"@id\":\"https:\\\/\\\/paulinenaue.info\\\/index.php\\\/149345\\\/#primaryimage\",\"url\":\"https:\\\/\\\/paulinenaue.info\\\/wp-content\\\/uploads\\\/2022\\\/04\\\/2022-04-29-Kra\u0308uterwanderung.jpg\",\"contentUrl\":\"https:\\\/\\\/paulinenaue.info\\\/wp-content\\\/uploads\\\/2022\\\/04\\\/2022-04-29-Kra\u0308uterwanderung.jpg\",\"width\":1000,\"height\":667,\"caption\":\"Bei der Kr\u00e4uterwanderung mit Sylvia Geisel am 29. April 2022\"},{\"@type\":\"BreadcrumbList\",\"@id\":\"https:\\\/\\\/paulinenaue.info\\\/index.php\\\/149345\\\/#breadcrumb\",\"itemListElement\":[{\"@type\":\"ListItem\",\"position\":1,\"name\":\"Home\",\"item\":\"https:\\\/\\\/paulinenaue.info\\\/\"},{\"@type\":\"ListItem\",\"position\":2,\"name\":\"Besuch in der Waldapotheke\"}]},{\"@type\":\"WebSite\",\"@id\":\"https:\\\/\\\/paulinenaue.info\\\/#website\",\"url\":\"https:\\\/\\\/paulinenaue.info\\\/\",\"name\":\"Paulinenaue\",\"description\":\"Ein Dorf im Havelland\",\"potentialAction\":[{\"@type\":\"SearchAction\",\"target\":{\"@type\":\"EntryPoint\",\"urlTemplate\":\"https:\\\/\\\/paulinenaue.info\\\/?s={search_term_string}\"},\"query-input\":{\"@type\":\"PropertyValueSpecification\",\"valueRequired\":true,\"valueName\":\"search_term_string\"}}],\"inLanguage\":\"de\"},{\"@type\":\"Person\",\"@id\":\"https:\\\/\\\/paulinenaue.info\\\/#\\\/schema\\\/person\\\/3f9e818fd7b69b0d2bd937ac506897cc\",\"name\":\"Joachim Scholz\",\"url\":\"https:\\\/\\\/paulinenaue.info\\\/index.php\\\/author\\\/jjscholz\\\/\"}]}<\/script>\n<!-- \/ Yoast SEO plugin. -->","yoast_head_json":{"title":"Besuch in der Waldapotheke - Paulinenaue","description":"Auch in diesem Jahr ging es wieder mit Sylvia Geisel\u00a0 auf eine Kr\u00e4uterwanderung vors Dorf. Diesmal stand der Spaziergang unter dem Motto \u201eBesuch in der Waldapotheke\u201c.","robots":{"index":"index","follow":"follow","max-snippet":"max-snippet:-1","max-image-preview":"max-image-preview:large","max-video-preview":"max-video-preview:-1"},"canonical":"https:\/\/paulinenaue.info\/index.php\/149345\/","og_locale":"de_DE","og_type":"article","og_title":"Besuch in der Waldapotheke - Paulinenaue","og_description":"Auch in diesem Jahr ging es wieder mit Sylvia Geisel\u00a0 auf eine Kr\u00e4uterwanderung vors Dorf. Diesmal stand der Spaziergang unter dem Motto \u201eBesuch in der Waldapotheke\u201c.","og_url":"https:\/\/paulinenaue.info\/index.php\/149345\/","og_site_name":"Paulinenaue","article_published_time":"2022-04-29T22:10:49+00:00","article_modified_time":"2022-04-30T08:55:23+00:00","og_image":[{"width":1000,"height":667,"url":"https:\/\/paulinenaue.info\/wp-content\/uploads\/2022\/04\/2022-04-29-Kra\u0308uterwanderung.jpg","type":"image\/jpeg"}],"author":"Joachim Scholz","twitter_card":"summary_large_image","twitter_misc":{"Verfasst von":"Joachim Scholz","Gesch\u00e4tzte Lesezeit":"2\u00a0Minuten"},"schema":{"@context":"https:\/\/schema.org","@graph":[{"@type":"Article","@id":"https:\/\/paulinenaue.info\/index.php\/149345\/#article","isPartOf":{"@id":"https:\/\/paulinenaue.info\/index.php\/149345\/"},"author":{"name":"Joachim Scholz","@id":"https:\/\/paulinenaue.info\/#\/schema\/person\/3f9e818fd7b69b0d2bd937ac506897cc"},"headline":"Besuch in der Waldapotheke","datePublished":"2022-04-29T22:10:49+00:00","dateModified":"2022-04-30T08:55:23+00:00","mainEntityOfPage":{"@id":"https:\/\/paulinenaue.info\/index.php\/149345\/"},"wordCount":269,"commentCount":0,"image":{"@id":"https:\/\/paulinenaue.info\/index.php\/149345\/#primaryimage"},"thumbnailUrl":"https:\/\/paulinenaue.info\/wp-content\/uploads\/2022\/04\/2022-04-29-Kra\u0308uterwanderung.jpg","keywords":["Kr\u00e4uterwanderung","Kulturverein","Pessiner Heide"],"articleSection":["Hier Zuhause","Kulturverein","Natur","Neuigkeiten"],"inLanguage":"de","potentialAction":[{"@type":"CommentAction","name":"Comment","target":["https:\/\/paulinenaue.info\/index.php\/149345\/#respond"]}]},{"@type":"WebPage","@id":"https:\/\/paulinenaue.info\/index.php\/149345\/","url":"https:\/\/paulinenaue.info\/index.php\/149345\/","name":"Besuch in der Waldapotheke - Paulinenaue","isPartOf":{"@id":"https:\/\/paulinenaue.info\/#website"},"primaryImageOfPage":{"@id":"https:\/\/paulinenaue.info\/index.php\/149345\/#primaryimage"},"image":{"@id":"https:\/\/paulinenaue.info\/index.php\/149345\/#primaryimage"},"thumbnailUrl":"https:\/\/paulinenaue.info\/wp-content\/uploads\/2022\/04\/2022-04-29-Kra\u0308uterwanderung.jpg","datePublished":"2022-04-29T22:10:49+00:00","dateModified":"2022-04-30T08:55:23+00:00","author":{"@id":"https:\/\/paulinenaue.info\/#\/schema\/person\/3f9e818fd7b69b0d2bd937ac506897cc"},"description":"Auch in diesem Jahr ging es wieder mit Sylvia Geisel\u00a0 auf eine Kr\u00e4uterwanderung vors Dorf. Diesmal stand der Spaziergang unter dem Motto \u201eBesuch in der Waldapotheke\u201c.","breadcrumb":{"@id":"https:\/\/paulinenaue.info\/index.php\/149345\/#breadcrumb"},"inLanguage":"de","potentialAction":[{"@type":"ReadAction","target":["https:\/\/paulinenaue.info\/index.php\/149345\/"]}]},{"@type":"ImageObject","inLanguage":"de","@id":"https:\/\/paulinenaue.info\/index.php\/149345\/#primaryimage","url":"https:\/\/paulinenaue.info\/wp-content\/uploads\/2022\/04\/2022-04-29-Kra\u0308uterwanderung.jpg","contentUrl":"https:\/\/paulinenaue.info\/wp-content\/uploads\/2022\/04\/2022-04-29-Kra\u0308uterwanderung.jpg","width":1000,"height":667,"caption":"Bei der Kr\u00e4uterwanderung mit Sylvia Geisel am 29. April 2022"},{"@type":"BreadcrumbList","@id":"https:\/\/paulinenaue.info\/index.php\/149345\/#breadcrumb","itemListElement":[{"@type":"ListItem","position":1,"name":"Home","item":"https:\/\/paulinenaue.info\/"},{"@type":"ListItem","position":2,"name":"Besuch in der Waldapotheke"}]},{"@type":"WebSite","@id":"https:\/\/paulinenaue.info\/#website","url":"https:\/\/paulinenaue.info\/","name":"Paulinenaue","description":"Ein Dorf im Havelland","potentialAction":[{"@type":"SearchAction","target":{"@type":"EntryPoint","urlTemplate":"https:\/\/paulinenaue.info\/?s={search_term_string}"},"query-input":{"@type":"PropertyValueSpecification","valueRequired":true,"valueName":"search_term_string"}}],"inLanguage":"de"},{"@type":"Person","@id":"https:\/\/paulinenaue.info\/#\/schema\/person\/3f9e818fd7b69b0d2bd937ac506897cc","name":"Joachim Scholz","url":"https:\/\/paulinenaue.info\/index.php\/author\/jjscholz\/"}]}},"jetpack_publicize_connections":[],"jetpack_featured_media_url":"https:\/\/paulinenaue.info\/wp-content\/uploads\/2022\/04\/2022-04-29-Kra\u0308uterwanderung.jpg","jetpack_sharing_enabled":true,"jetpack_shortlink":"https:\/\/wp.me\/scYhWA-149345","jetpack-related-posts":[{"id":5831,"url":"https:\/\/paulinenaue.info\/index.php\/kraeuterwanderung-durchs-lindholz\/","url_meta":{"origin":149345,"position":0},"title":"Kr\u00e4uterwanderung durchs Lindholz","author":"Sarah","date":"30. Mai 2021","format":false,"excerpt":"Text und Bilder: Heide Hesse Am vergangenen Freitag trafen sich rund 25 interessierte Paulinenauer:innen zur nun schon 3. Kr\u00e4uterwanderung. Der Kulturverein konnte daf\u00fcr erneut Sylvia Geisel gewinnen, die diese Veranstaltung f\u00fcr alle zum Erlebnis werden lie\u00df. Ihr Thema \"Auf der Suche nach dem Suppenkraut\" war keinesfalls so einseitig, wie man\u2026","rel":"","context":"In &quot;Allgemein&quot;","block_context":{"text":"Allgemein","link":"https:\/\/paulinenaue.info\/index.php\/category\/allgemein\/"},"img":{"alt_text":"","src":"https:\/\/i0.wp.com\/paulinenaue.info\/wp-content\/uploads\/2021\/06\/paulinauene-kraueterwanderung-2021-3.jpg?resize=350%2C200&ssl=1","width":350,"height":200,"srcset":"https:\/\/i0.wp.com\/paulinenaue.info\/wp-content\/uploads\/2021\/06\/paulinauene-kraueterwanderung-2021-3.jpg?resize=350%2C200&ssl=1 1x, https:\/\/i0.wp.com\/paulinenaue.info\/wp-content\/uploads\/2021\/06\/paulinauene-kraueterwanderung-2021-3.jpg?resize=525%2C300&ssl=1 1.5x, https:\/\/i0.wp.com\/paulinenaue.info\/wp-content\/uploads\/2021\/06\/paulinauene-kraueterwanderung-2021-3.jpg?resize=700%2C400&ssl=1 2x, https:\/\/i0.wp.com\/paulinenaue.info\/wp-content\/uploads\/2021\/06\/paulinauene-kraueterwanderung-2021-3.jpg?resize=1050%2C600&ssl=1 3x"},"classes":[]},{"id":416263,"url":"https:\/\/paulinenaue.info\/index.php\/kraeuterverkostung-2024\/","url_meta":{"origin":149345,"position":1},"title":"Kr\u00e4uterverkostung 2024","author":"Valentin Franklyn","date":"20. Mai 2024","format":false,"excerpt":"Am 4. Mai 2024 fand wieder die allj\u00e4hrliche Kr\u00e4uterwanderung mit Sylvia Geisel statt \u2013 organisiert vom Kulturverein Paulinenaue. Bei gutem Wetter und hungrigen M\u00fccken machten sich die rund 20 neugierigen Kr\u00e4uter-Pilgerer und Pilgerinnen auf den Weg, um unter Anleitung der Biologin Sylvia Geisel Spitzwegerich, L\u00f6wenzahn & co. zu erkunden und\u2026","rel":"","context":"In &quot;Allgemein&quot;","block_context":{"text":"Allgemein","link":"https:\/\/paulinenaue.info\/index.php\/category\/allgemein\/"},"img":{"alt_text":"","src":"https:\/\/i0.wp.com\/paulinenaue.info\/wp-content\/uploads\/2024\/05\/Kraeuterwanderung_4_Mai_2024_22.jpg?resize=350%2C200&ssl=1","width":350,"height":200,"srcset":"https:\/\/i0.wp.com\/paulinenaue.info\/wp-content\/uploads\/2024\/05\/Kraeuterwanderung_4_Mai_2024_22.jpg?resize=350%2C200&ssl=1 1x, https:\/\/i0.wp.com\/paulinenaue.info\/wp-content\/uploads\/2024\/05\/Kraeuterwanderung_4_Mai_2024_22.jpg?resize=525%2C300&ssl=1 1.5x, https:\/\/i0.wp.com\/paulinenaue.info\/wp-content\/uploads\/2024\/05\/Kraeuterwanderung_4_Mai_2024_22.jpg?resize=700%2C400&ssl=1 2x, https:\/\/i0.wp.com\/paulinenaue.info\/wp-content\/uploads\/2024\/05\/Kraeuterwanderung_4_Mai_2024_22.jpg?resize=1050%2C600&ssl=1 3x, https:\/\/i0.wp.com\/paulinenaue.info\/wp-content\/uploads\/2024\/05\/Kraeuterwanderung_4_Mai_2024_22.jpg?resize=1400%2C800&ssl=1 4x"},"classes":[]},{"id":2137,"url":"https:\/\/paulinenaue.info\/index.php\/ueber-heilkraefte-und-mythen-der-baeume-und-kraeuter\/","url_meta":{"origin":149345,"position":2},"title":"\u00dcber Heilkr\u00e4fte und Mythen der B\u00e4ume und Kr\u00e4uter","author":"Joachim Scholz","date":"9. Juni 2018","format":false,"excerpt":"Der Paulinenauer Kulturverein lud am 26. Mai zu einer Kr\u00e4uterwanderung mit Sylvia Geisel ein. Treffpunkt war der historische und denkmalgesch\u00fctzte Bahnhof in Paulinenaue. Die Wanderung f\u00fchrte die ca. zehn Teilnehmer entlang der Ruppiner Strasse, vorbei am Sportplatz bis zum Waldrand des Naturschutzgebietes Lindholz. Auch wenn der Weg recht kurz war,\u2026","rel":"","context":"In &quot;Allgemein&quot;","block_context":{"text":"Allgemein","link":"https:\/\/paulinenaue.info\/index.php\/category\/allgemein\/"},"img":{"alt_text":"","src":"https:\/\/i0.wp.com\/paulinenaue.info\/wp-content\/uploads\/2018\/06\/DSC_4699.jpg?resize=350%2C200&ssl=1","width":350,"height":200,"srcset":"https:\/\/i0.wp.com\/paulinenaue.info\/wp-content\/uploads\/2018\/06\/DSC_4699.jpg?resize=350%2C200&ssl=1 1x, https:\/\/i0.wp.com\/paulinenaue.info\/wp-content\/uploads\/2018\/06\/DSC_4699.jpg?resize=525%2C300&ssl=1 1.5x, https:\/\/i0.wp.com\/paulinenaue.info\/wp-content\/uploads\/2018\/06\/DSC_4699.jpg?resize=700%2C400&ssl=1 2x"},"classes":[]},{"id":4659,"url":"https:\/\/paulinenaue.info\/index.php\/ostereiertrudeln-im-sonnenschein-2019\/","url_meta":{"origin":149345,"position":3},"title":"Ostereiertrudeln im Sonnenschein 2019","author":"Joachim Scholz","date":"21. April 2019","format":false,"excerpt":"\u201eVom Eise befreit\u201c \u2013 Es w\u00e4re untertrieben, das \u00fcber die Gipfel der Eierberge in diesem Jahr zu sagen. Wahrscheinlich lag im ganzen Winter 2018\/19 kein Millimeter Schnee hier oben. Aber einen Osterspaziergang hat es dann doch gegeben. Als sich am Nachmittag des Ostersonntag 30 bis 40 Paulinenauer\/innen und G\u00e4ste flanierend\u2026","rel":"","context":"In &quot;Allgemein&quot;","block_context":{"text":"Allgemein","link":"https:\/\/paulinenaue.info\/index.php\/category\/allgemein\/"},"img":{"alt_text":"","src":"https:\/\/i0.wp.com\/paulinenaue.info\/wp-content\/uploads\/2019\/04\/DSC00818.jpg?resize=350%2C200&ssl=1","width":350,"height":200,"srcset":"https:\/\/i0.wp.com\/paulinenaue.info\/wp-content\/uploads\/2019\/04\/DSC00818.jpg?resize=350%2C200&ssl=1 1x, https:\/\/i0.wp.com\/paulinenaue.info\/wp-content\/uploads\/2019\/04\/DSC00818.jpg?resize=525%2C300&ssl=1 1.5x, https:\/\/i0.wp.com\/paulinenaue.info\/wp-content\/uploads\/2019\/04\/DSC00818.jpg?resize=700%2C400&ssl=1 2x"},"classes":[]},{"id":418291,"url":"https:\/\/paulinenaue.info\/index.php\/hundert-jahre-alter-neubau\/","url_meta":{"origin":149345,"position":4},"title":"Hundert Jahre alter Neubau: Spaziergang durch Paulinenaues Norden","author":"Joachim Scholz","date":"21. September 2025","format":false,"excerpt":"","rel":"","context":"In &quot;Ehrenamt&quot;","block_context":{"text":"Ehrenamt","link":"https:\/\/paulinenaue.info\/index.php\/category\/ehrenamt\/"},"img":{"alt_text":"","src":"https:\/\/i0.wp.com\/paulinenaue.info\/wp-content\/uploads\/2025\/09\/2025-09-20_12-04-09-WANDERUNG.jpg?resize=350%2C200&ssl=1","width":350,"height":200,"srcset":"https:\/\/i0.wp.com\/paulinenaue.info\/wp-content\/uploads\/2025\/09\/2025-09-20_12-04-09-WANDERUNG.jpg?resize=350%2C200&ssl=1 1x, https:\/\/i0.wp.com\/paulinenaue.info\/wp-content\/uploads\/2025\/09\/2025-09-20_12-04-09-WANDERUNG.jpg?resize=525%2C300&ssl=1 1.5x, https:\/\/i0.wp.com\/paulinenaue.info\/wp-content\/uploads\/2025\/09\/2025-09-20_12-04-09-WANDERUNG.jpg?resize=700%2C400&ssl=1 2x, https:\/\/i0.wp.com\/paulinenaue.info\/wp-content\/uploads\/2025\/09\/2025-09-20_12-04-09-WANDERUNG.jpg?resize=1050%2C600&ssl=1 3x, https:\/\/i0.wp.com\/paulinenaue.info\/wp-content\/uploads\/2025\/09\/2025-09-20_12-04-09-WANDERUNG.jpg?resize=1400%2C800&ssl=1 4x"},"classes":[]},{"id":5727,"url":"https:\/\/paulinenaue.info\/index.php\/osterstrauss-des-jahres-2021\/","url_meta":{"origin":149345,"position":5},"title":"Osterstrau\u00df des Jahres 2021","author":"Sarah","date":"1. April 2021","format":false,"excerpt":"Auch in diesem Jahr werden Traditionen gewahrt und der Osterstrau\u00df des Jahres gek\u00fcrt. Bei Sonnenschein machten sich zwei Kulturvereinsmitglieder auf eine Erkundungstour durch Paulinenaue, um den am sch\u00f6nsten geschm\u00fcckten Strau\u00df zu finden. Neben mehreren \u00f6sterlich dekorierten Str\u00e4uchern in den Vorg\u00e4rten, wie in der Gartenstra\u00dfe, fiel ein Exemplar ganz besonders ins\u2026","rel":"","context":"In &quot;Allgemein&quot;","block_context":{"text":"Allgemein","link":"https:\/\/paulinenaue.info\/index.php\/category\/allgemein\/"},"img":{"alt_text":"","src":"https:\/\/i0.wp.com\/paulinenaue.info\/wp-content\/uploads\/2021\/04\/osterstrauss-blog-paue-titel.jpeg?resize=350%2C200&ssl=1","width":350,"height":200,"srcset":"https:\/\/i0.wp.com\/paulinenaue.info\/wp-content\/uploads\/2021\/04\/osterstrauss-blog-paue-titel.jpeg?resize=350%2C200&ssl=1 1x, https:\/\/i0.wp.com\/paulinenaue.info\/wp-content\/uploads\/2021\/04\/osterstrauss-blog-paue-titel.jpeg?resize=525%2C300&ssl=1 1.5x, https:\/\/i0.wp.com\/paulinenaue.info\/wp-content\/uploads\/2021\/04\/osterstrauss-blog-paue-titel.jpeg?resize=700%2C400&ssl=1 2x, https:\/\/i0.wp.com\/paulinenaue.info\/wp-content\/uploads\/2021\/04\/osterstrauss-blog-paue-titel.jpeg?resize=1050%2C600&ssl=1 3x"},"classes":[]}],"_links":{"self":[{"href":"https:\/\/paulinenaue.info\/index.php\/wp-json\/wp\/v2\/posts\/149345","targetHints":{"allow":["GET"]}}],"collection":[{"href":"https:\/\/paulinenaue.info\/index.php\/wp-json\/wp\/v2\/posts"}],"about":[{"href":"https:\/\/paulinenaue.info\/index.php\/wp-json\/wp\/v2\/types\/post"}],"author":[{"embeddable":true,"href":"https:\/\/paulinenaue.info\/index.php\/wp-json\/wp\/v2\/users\/1"}],"replies":[{"embeddable":true,"href":"https:\/\/paulinenaue.info\/index.php\/wp-json\/wp\/v2\/comments?post=149345"}],"version-history":[{"count":10,"href":"https:\/\/paulinenaue.info\/index.php\/wp-json\/wp\/v2\/posts\/149345\/revisions"}],"predecessor-version":[{"id":150419,"href":"https:\/\/paulinenaue.info\/index.php\/wp-json\/wp\/v2\/posts\/149345\/revisions\/150419"}],"wp:featuredmedia":[{"embeddable":true,"href":"https:\/\/paulinenaue.info\/index.php\/wp-json\/wp\/v2\/media\/149346"}],"wp:attachment":[{"href":"https:\/\/paulinenaue.info\/index.php\/wp-json\/wp\/v2\/media?parent=149345"}],"wp:term":[{"taxonomy":"category","embeddable":true,"href":"https:\/\/paulinenaue.info\/index.php\/wp-json\/wp\/v2\/categories?post=149345"},{"taxonomy":"post_tag","embeddable":true,"href":"https:\/\/paulinenaue.info\/index.php\/wp-json\/wp\/v2\/tags?post=149345"}],"curies":[{"name":"wp","href":"https:\/\/api.w.org\/{rel}","templated":true}]}}