{"id":152,"date":"2016-03-22T14:12:21","date_gmt":"2016-03-22T13:12:21","guid":{"rendered":"https:\/\/sudile.com\/paue\/?p=152"},"modified":"2016-09-18T10:43:46","modified_gmt":"2016-09-18T08:43:46","slug":"paulinenaues-schwarze-bretter-wurden-entfernt","status":"publish","type":"post","link":"https:\/\/paulinenaue.info\/index.php\/paulinenaues-schwarze-bretter-wurden-entfernt\/","title":{"rendered":"Paulinenaues \u201eSchwarze Bretter\u201c wurden entfernt"},"content":{"rendered":"<p class=\"autor\"><em>Joachim Scholz<\/em><\/p>\n<p>03.08.2011. Die Schwarzen Bretter von Paulinenaue, die kurioserweise alle braun waren, sind im Jahresverlauf \u00fcberwiegend aus dem Ortsbild verschwunden. Was im M\u00e4rz nach einer Anwohnerkritik in der Philipp-M\u00fcller-Stra\u00dfe begonnen hatte und mit Sicherheitsbedenken begr\u00fcndet wurde, zog weiter als Trend durchs Dorf. Auch \u201eUnter den Eichen\u201c und in der Bahnhofstra\u00dfe gibt es heute die alten Schwarzen Bretter nicht mehr und nur der amtliche Kasten, der hinter Glas die \u00f6ffentlichen Bekanntmachungen gibt, ist geblieben.<\/p>\n<p class=\"bildunterschrift-ng\"><img class=\"lazyload\" decoding=\"async\" title=\"Wo in der Philipp-M\u00fcller-Stra\u00dfe das Schwarze Brett stand, ist es leer.\" src=\"data:image\/gif;base64,R0lGODlhAQABAAAAACH5BAEKAAEALAAAAAABAAEAAAICTAEAOw==\" data-orig-src=\"http:\/\/paulinenaue.info\/neues\/neues_2011\/fotos\/04_orte\/schwarzesbrett_20110307_brett_phmstr_01.jpg\" alt=\"Schwarzes Brett\" \/><br \/>\nAnfang M\u00e4rz 2011 in der Philipp-M\u00fcller-Stra\u00dfe. Das Schwarze Brett ist verschwunden. Foto: Joachim Scholz, 2011.<\/p>\n<p>Was soll man nun davon halten? Besonders h\u00fcbsch war es nicht gerade und vieles, was am Schwarzen Brett stand, war die Rei\u00dfzwecke nicht wert, mit der es dran befestigt wurde. Auch zeigt sich die Gemeinde bereit, \u00f6ffentliche Ank\u00fcndigungen, etwa der Vereine, durch Frau Kunst auch in Zukunft hinter Glas anbringen zu lassen. Doch man k\u00f6nnte auch Einw\u00e4nde gegen den eigentlich un\u00fcbersehbaren Verlust eines f\u00fcr die demokratische Beteiligung offenen Raumes vorbringen. B\u00fcrgermeister Hesse h\u00e4tte daher auch nichts gegen das Aufstellen neuer \u201eechter\u201c Schwarzer Bretter einzuwenden. Sollten die ausdr\u00fccklich gew\u00fcnscht sein, k\u00f6nnte die Gemeinde die anfallenden Kosten aufbringen.<\/p>\n<p>Lassen Sie uns an dieser Stelle einen (R\u00fcck-)Blick auf das Paulinenauer Schwarze Brett werfen:<\/p>\n<p>&nbsp;<\/p>\n<p class=\"bildunterschrift-ng\"><img class=\"lazyload\" decoding=\"async\" title=\"Das vollbesetzte Schwarze Brett in der Philipp-M\u00fcller-Stra\u00dfe 2006\" src=\"data:image\/gif;base64,R0lGODlhAQABAAAAACH5BAEKAAEALAAAAAABAAEAAAICTAEAOw==\" data-orig-src=\"http:\/\/paulinenaue.info\/neues\/neues_2011\/fotos\/04_orte\/schwarzesbrett_20061225_phmstr_01.jpg\" alt=\"Schwarzes Brett\" \/><br \/>\nSo kennt man&#8217;s: Vom Preisskat bis zum Weihnachtsbaumverkauf war auf dem Schwarzen Brett immer alles dabei: Foto: Joachim Scholz, 2006.<\/p>\n<p class=\"bildunterschrift-ng\"><img class=\"lazyload\" decoding=\"async\" title=\"Anzeige der Freiwilligen Feuerwehr anl\u00e4sslich ihres 75. Jubil\u00e4ums\" src=\"data:image\/gif;base64,R0lGODlhAQABAAAAACH5BAEKAAEALAAAAAABAAEAAAICTAEAOw==\" data-orig-src=\"http:\/\/paulinenaue.info\/neues\/neues_2011\/fotos\/04_orte\/schwarzesbrett_20040315_phmstr_01.jpg\" alt=\"Schwarzes Brett\" \/><br \/>\n\u201eJubil\u00e4um, Jubil\u00e4um\u201c t\u00f6nte es anl\u00e4sslich des 75. Feuerwehrgeburtstages 2004 vom Schwarzen Brett: Foto: Joachim Scholz.<\/p>\n<p class=\"bildunterschrift-ng\"><img class=\"lazyload\" decoding=\"async\" title=\"Anzeige f\u00fcr Nachhilfe in Deutsch und Englisch.\" src=\"data:image\/gif;base64,R0lGODlhAQABAAAAACH5BAEKAAEALAAAAAABAAEAAAICTAEAOw==\" data-orig-src=\"http:\/\/paulinenaue.info\/neues\/neues_2011\/fotos\/04_orte\/schwarzesbrett_20040821_phmstr_01.jpg\" alt=\"Schwarzes Brett\" \/><br \/>\nDass es so etwas noch gibt! Eine nette Studentin mit Universit\u00e4tsabschluss bietet Nachhilfeunterricht an. Foto: Joachim Scholz, 2004.<\/p>\n<p><img class=\"lazyload\" decoding=\"async\" title=\"Danksagung zur Hochzeit von Anika und Andy Kissmann\" src=\"data:image\/gif;base64,R0lGODlhAQABAAAAACH5BAEKAAEALAAAAAABAAEAAAICTAEAOw==\" data-orig-src=\"http:\/\/paulinenaue.info\/neues\/neues_2011\/fotos\/04_orte\/schwarzesbrett_20050911_hochzeit_kissmann_phmstr_01.jpg\" alt=\"Schwarzes Brett\" \/><br \/>\nAls die Kissmanns 2005 heirateten, lie\u00dfen sie uns am Schwarzen Brett ein St\u00fcck vom Gl\u00fcck miterleben. Foto: Joachim Scholz, 2005.<\/p>\n<p><img class=\"lazyload\" decoding=\"async\" title=\"Gro\u00dfformatige Anzeige eines internationalen Sportfestes am Schwarzen Brett in der Philipp-M\u00fcller-Stra\u00dfe\" src=\"data:image\/gif;base64,R0lGODlhAQABAAAAACH5BAEKAAEALAAAAAABAAEAAAICTAEAOw==\" data-orig-src=\"http:\/\/paulinenaue.info\/neues\/neues_2011\/fotos\/04_orte\/schwarzesbrett_20070822_phmstr_01.jpg\" alt=\"Schwarzes Brett\" \/><br \/>\nEine Gruppe Jugendlicher, die 2007 zu Gast bei der ILLUT (damals noch DEULA) war, zeigte kreativ ihr internationales Sportfest an. Foto: Joachim Scholz, 2007.<\/p>\n<p><img class=\"lazyload\" decoding=\"async\" title=\"Auf einem Zettel voller Rechtschreibfehler erbittet eine tierliebe Familie verzweifelt ein preiswertes gro\u00dfes Haus in der N\u00e4he von Paulinenaue.\" src=\"data:image\/gif;base64,R0lGODlhAQABAAAAACH5BAEKAAEALAAAAAABAAEAAAICTAEAOw==\" data-orig-src=\"http:\/\/paulinenaue.info\/neues\/neues_2011\/fotos\/04_orte\/schwarzesbrett_20090117_phmstr_04.jpg\" alt=\"Schwarzes Brett\" \/><br \/>\nManchmal hielt das Schwarze Brett auch Merkw\u00fcrdigkeiten fest, wie auf dieser Anzeige, die einen eigentlich grundsoliden Wunsch mit gesteigertem Pathos vorbrachte. Die Familientrag\u00f6die hinter der Anzeige war 2009 ein Paulinenauer Medienereignis, das sich nicht nur in der Doku-Soap \u201eChaos, K\u00e4lte, Katzendreck\u201c, sondern eben auch am Schwarzen Brett abspielte. Foto: Joachim Scholz, 2009.<\/p>\n<p><img class=\"lazyload\" decoding=\"async\" title=\"Schwarzes Brett am ehemaligen Konsumgeb\u00e4ude in der Bahnhofstra\u00dfe.\" src=\"data:image\/gif;base64,R0lGODlhAQABAAAAACH5BAEKAAEALAAAAAABAAEAAAICTAEAOw==\" data-orig-src=\"http:\/\/paulinenaue.info\/neues\/neues_2011\/fotos\/04_orte\/schwarzesbrett_20100926_konsum_01.jpg\" alt=\"Schwarzes Brett\" \/><br \/>\nDas unansehnlich gewordene Schwarze Brett in der Dorfmitte fiel mit dem Abriss des Konsumgeb\u00e4udes schon im letzten Jahr. Hier mit seiner letzten Ausstattung kurz vor dem Ende im September 2010. Foto: Joachim Scholz, 2010.<\/p>\n<p><img class=\"lazyload\" decoding=\"async\" title=\"Schwarzes Brett auf der Verkehrsinsel auf der Bahnhofstra\u00dfe.\" src=\"data:image\/gif;base64,R0lGODlhAQABAAAAACH5BAEKAAEALAAAAAABAAEAAAICTAEAOw==\" data-orig-src=\"http:\/\/paulinenaue.info\/neues\/neues_2011\/fotos\/04_orte\/schwarzesbrett_20110308_bahnhofstrasse_01.jpg\" alt=\"Schwarzes Brett\" \/><br \/>\nZentral und doch \u00e4u\u00dferst ung\u00fcnstig am Rande der Verkehrsinsel auf der Bahnhofstra\u00dfe stand dieses \u201eSchwarze Brett\u201c. Hier zu inserieren war ein zweckloses Unterfangen, denn an diesem Brett konnte man eigentlich nie jemanden lesen sehen. Foto: Joachim Scholz, 2011.<\/p>\n<p><img class=\"lazyload\" decoding=\"async\" title=\"Wo in der Philipp-M\u00fcller-Stra\u00dfe das Schwarze Brett stand, ist es leer.\" src=\"data:image\/gif;base64,R0lGODlhAQABAAAAACH5BAEKAAEALAAAAAABAAEAAAICTAEAOw==\" data-orig-src=\"http:\/\/paulinenaue.info\/neues\/neues_2011\/fotos\/04_orte\/schwarzesbrett_20110331_anzeige_katze_01.jpg\" alt=\"Schwarzes Brett\" \/><br \/>\nEigentlich k\u00f6nnte man das Ende der Schwarzen Bretter als einen \u00e4sthetischen Gewinn bezeichnen. Doch der Abgang wirft auch neue Probleme auf. Wohin nun mit der Anzeige, wenn einem die Katze entl\u00e4uft? Foto: Joachim Scholz, 2011.<\/p>\n<p><img class=\"lazyload\" decoding=\"async\" title=\"Aus Mangel an einem Schwarzen Brett werden Aush\u00e4nge an eine Eiche geheftet.\" src=\"data:image\/gif;base64,R0lGODlhAQABAAAAACH5BAEKAAEALAAAAAABAAEAAAICTAEAOw==\" data-orig-src=\"http:\/\/paulinenaue.info\/neues\/neues_2011\/fotos\/04_orte\/schwarzesbrett_20110726_mitscherlichallee_01.jpg\" alt=\"Schwarzes Brett\" \/><br \/>\nSind B\u00e4ume wirklich die L\u00f6sung? Besonders \u201eUnter den Eichen\u201c liegt diese unsch\u00f6ne Ausweichm\u00f6glichkeit doch sehr nahe. Foto: Joachim Scholz, 2011.<\/p>\n<p><img class=\"lazyload\" decoding=\"async\" title=\"Glaskasten der Gemeinde, an den von au\u00dfen eine Privatanzeige geheftet wurde.\" src=\"data:image\/gif;base64,R0lGODlhAQABAAAAACH5BAEKAAEALAAAAAABAAEAAAICTAEAOw==\" data-orig-src=\"http:\/\/paulinenaue.info\/neues\/neues_2011\/fotos\/04_orte\/schwarzesbrett_20110331_phmstr_01.jpg\" alt=\"Schwarzes Brett\" \/><br \/>\nAuch das Anheften von Anzeigen an der Scheibe des Gemeindeglaskastens l\u00e4sst sich beobachten. In solchen Anpassungsversuchen dr\u00fcckt sich zweifellos ein Interesse an echten \u201eSchwarzen Brettern\u201c aus. Joachim Scholz, 2011.<\/p>\n<p><img class=\"lazyload\" decoding=\"async\" title=\"Anzeigetafel im neuen Bahnhofspark.\" src=\"data:image\/gif;base64,R0lGODlhAQABAAAAACH5BAEKAAEALAAAAAABAAEAAAICTAEAOw==\" data-orig-src=\"http:\/\/paulinenaue.info\/neues\/neues_2011\/fotos\/04_orte\/bahnhofspark_20110521_01.jpg\" alt=\"Schwarzes Brett\" \/><br \/>\nEin Neuanfang f\u00fcr das Schwarze Brett? Wohl kaum. Die im frisch gestalteten Bahnhofspark aufgestellte Anzeigetafel wird zwar mittlerweile &#8211; und wen wundert das &#8211; auch als Schwarzes Brett genutzt, doch eine gute L\u00f6sung d\u00fcrfte das nicht sein. Hier in der Dorfmitte, wo zwei Radwege sich kreuzen, w\u00e4re eine dekorative Infotafel sicherlich n\u00f6tiger als ein Schwarzes Brett, das bei allen seinen Vorteilen nun einmal kein Aush\u00e4ngeschild f\u00fcr unser Dorf sein kann. Foto: Joachim Scholz, 2011.<\/p>\n","protected":false},"excerpt":{"rendered":"<p>Joachim Scholz 03.08.2011. Die Schwarzen Bretter von Paulinenaue, die kurioserweise [&hellip;]<\/p>\n","protected":false},"author":1,"featured_media":338,"comment_status":"open","ping_status":"open","sticky":false,"template":"","format":"standard","meta":{"_acf_changed":false,"_price":"","_stock":"","_tribe_ticket_header":"","_tribe_default_ticket_provider":"","_tribe_ticket_capacity":"0","_ticket_start_date":"","_ticket_end_date":"","_tribe_ticket_show_description":"","_tribe_ticket_show_not_going":false,"_tribe_ticket_use_global_stock":"","_tribe_ticket_global_stock_level":"","_global_stock_mode":"","_global_stock_cap":"","_tribe_rsvp_for_event":"","_tribe_ticket_going_count":"","_tribe_ticket_not_going_count":"","_tribe_tickets_list":"[]","_tribe_ticket_has_attendee_info_fields":false,"jetpack_post_was_ever_published":false,"_jetpack_newsletter_access":"","_jetpack_dont_email_post_to_subs":false,"_jetpack_newsletter_tier_id":0,"_jetpack_memberships_contains_paywalled_content":false,"_jetpack_memberships_contains_paid_content":false,"footnotes":"","jetpack_publicize_message":"","jetpack_publicize_feature_enabled":true,"jetpack_social_post_already_shared":false,"jetpack_social_options":{"image_generator_settings":{"template":"highway","default_image_id":0,"font":"","enabled":false},"version":2}},"categories":[40],"tags":[63],"class_list":["post-152","post","type-post","status-publish","format-standard","has-post-thumbnail","hentry","category-dorfentwicklung","tag-schwarzes-brett"],"acf":[],"yoast_head":"<!-- This site is optimized with the Yoast SEO plugin v27.5 - https:\/\/yoast.com\/product\/yoast-seo-wordpress\/ -->\n<title>Paulinenaues \u201eSchwarze Bretter\u201c wurden entfernt - Paulinenaue<\/title>\n<meta name=\"robots\" content=\"index, follow, max-snippet:-1, max-image-preview:large, max-video-preview:-1\" \/>\n<link rel=\"canonical\" href=\"https:\/\/paulinenaue.info\/index.php\/paulinenaues-schwarze-bretter-wurden-entfernt\/\" \/>\n<meta property=\"og:locale\" content=\"de_DE\" \/>\n<meta property=\"og:type\" content=\"article\" \/>\n<meta property=\"og:title\" content=\"Paulinenaues \u201eSchwarze Bretter\u201c wurden entfernt - Paulinenaue\" \/>\n<meta property=\"og:description\" content=\"Joachim Scholz 03.08.2011. Die Schwarzen Bretter von Paulinenaue, die kurioserweise [&hellip;]\" \/>\n<meta property=\"og:url\" content=\"https:\/\/paulinenaue.info\/index.php\/paulinenaues-schwarze-bretter-wurden-entfernt\/\" \/>\n<meta property=\"og:site_name\" content=\"Paulinenaue\" \/>\n<meta property=\"article:published_time\" content=\"2016-03-22T13:12:21+00:00\" \/>\n<meta property=\"article:modified_time\" content=\"2016-09-18T08:43:46+00:00\" \/>\n<meta property=\"og:image\" content=\"https:\/\/paulinenaue.info\/wp-content\/uploads\/2016\/03\/schwarzesbrett_20061225_phmstr_01.jpg\" \/>\n\t<meta property=\"og:image:width\" content=\"500\" \/>\n\t<meta property=\"og:image:height\" content=\"375\" \/>\n\t<meta property=\"og:image:type\" content=\"image\/jpeg\" \/>\n<meta name=\"author\" content=\"Joachim Scholz\" \/>\n<meta name=\"twitter:card\" content=\"summary_large_image\" \/>\n<meta name=\"twitter:label1\" content=\"Verfasst von\" \/>\n\t<meta name=\"twitter:data1\" content=\"Joachim Scholz\" \/>\n\t<meta name=\"twitter:label2\" content=\"Gesch\u00e4tzte Lesezeit\" \/>\n\t<meta name=\"twitter:data2\" content=\"3\u00a0Minuten\" \/>\n<script type=\"application\/ld+json\" class=\"yoast-schema-graph\">{\"@context\":\"https:\\\/\\\/schema.org\",\"@graph\":[{\"@type\":\"Article\",\"@id\":\"https:\\\/\\\/paulinenaue.info\\\/index.php\\\/paulinenaues-schwarze-bretter-wurden-entfernt\\\/#article\",\"isPartOf\":{\"@id\":\"https:\\\/\\\/paulinenaue.info\\\/index.php\\\/paulinenaues-schwarze-bretter-wurden-entfernt\\\/\"},\"author\":{\"name\":\"Joachim Scholz\",\"@id\":\"https:\\\/\\\/paulinenaue.info\\\/#\\\/schema\\\/person\\\/3f9e818fd7b69b0d2bd937ac506897cc\"},\"headline\":\"Paulinenaues \u201eSchwarze Bretter\u201c wurden entfernt\",\"datePublished\":\"2016-03-22T13:12:21+00:00\",\"dateModified\":\"2016-09-18T08:43:46+00:00\",\"mainEntityOfPage\":{\"@id\":\"https:\\\/\\\/paulinenaue.info\\\/index.php\\\/paulinenaues-schwarze-bretter-wurden-entfernt\\\/\"},\"wordCount\":617,\"commentCount\":0,\"image\":{\"@id\":\"https:\\\/\\\/paulinenaue.info\\\/index.php\\\/paulinenaues-schwarze-bretter-wurden-entfernt\\\/#primaryimage\"},\"thumbnailUrl\":\"https:\\\/\\\/paulinenaue.info\\\/wp-content\\\/uploads\\\/2016\\\/03\\\/schwarzesbrett_20061225_phmstr_01.jpg\",\"keywords\":[\"Schwarzes Brett\"],\"articleSection\":[\"Dorfentwicklung\"],\"inLanguage\":\"de\",\"potentialAction\":[{\"@type\":\"CommentAction\",\"name\":\"Comment\",\"target\":[\"https:\\\/\\\/paulinenaue.info\\\/index.php\\\/paulinenaues-schwarze-bretter-wurden-entfernt\\\/#respond\"]}]},{\"@type\":\"WebPage\",\"@id\":\"https:\\\/\\\/paulinenaue.info\\\/index.php\\\/paulinenaues-schwarze-bretter-wurden-entfernt\\\/\",\"url\":\"https:\\\/\\\/paulinenaue.info\\\/index.php\\\/paulinenaues-schwarze-bretter-wurden-entfernt\\\/\",\"name\":\"Paulinenaues \u201eSchwarze Bretter\u201c wurden entfernt - Paulinenaue\",\"isPartOf\":{\"@id\":\"https:\\\/\\\/paulinenaue.info\\\/#website\"},\"primaryImageOfPage\":{\"@id\":\"https:\\\/\\\/paulinenaue.info\\\/index.php\\\/paulinenaues-schwarze-bretter-wurden-entfernt\\\/#primaryimage\"},\"image\":{\"@id\":\"https:\\\/\\\/paulinenaue.info\\\/index.php\\\/paulinenaues-schwarze-bretter-wurden-entfernt\\\/#primaryimage\"},\"thumbnailUrl\":\"https:\\\/\\\/paulinenaue.info\\\/wp-content\\\/uploads\\\/2016\\\/03\\\/schwarzesbrett_20061225_phmstr_01.jpg\",\"datePublished\":\"2016-03-22T13:12:21+00:00\",\"dateModified\":\"2016-09-18T08:43:46+00:00\",\"author\":{\"@id\":\"https:\\\/\\\/paulinenaue.info\\\/#\\\/schema\\\/person\\\/3f9e818fd7b69b0d2bd937ac506897cc\"},\"breadcrumb\":{\"@id\":\"https:\\\/\\\/paulinenaue.info\\\/index.php\\\/paulinenaues-schwarze-bretter-wurden-entfernt\\\/#breadcrumb\"},\"inLanguage\":\"de\",\"potentialAction\":[{\"@type\":\"ReadAction\",\"target\":[\"https:\\\/\\\/paulinenaue.info\\\/index.php\\\/paulinenaues-schwarze-bretter-wurden-entfernt\\\/\"]}]},{\"@type\":\"ImageObject\",\"inLanguage\":\"de\",\"@id\":\"https:\\\/\\\/paulinenaue.info\\\/index.php\\\/paulinenaues-schwarze-bretter-wurden-entfernt\\\/#primaryimage\",\"url\":\"https:\\\/\\\/paulinenaue.info\\\/wp-content\\\/uploads\\\/2016\\\/03\\\/schwarzesbrett_20061225_phmstr_01.jpg\",\"contentUrl\":\"https:\\\/\\\/paulinenaue.info\\\/wp-content\\\/uploads\\\/2016\\\/03\\\/schwarzesbrett_20061225_phmstr_01.jpg\",\"width\":500,\"height\":375},{\"@type\":\"BreadcrumbList\",\"@id\":\"https:\\\/\\\/paulinenaue.info\\\/index.php\\\/paulinenaues-schwarze-bretter-wurden-entfernt\\\/#breadcrumb\",\"itemListElement\":[{\"@type\":\"ListItem\",\"position\":1,\"name\":\"Home\",\"item\":\"https:\\\/\\\/paulinenaue.info\\\/\"},{\"@type\":\"ListItem\",\"position\":2,\"name\":\"Paulinenaues \u201eSchwarze Bretter\u201c wurden entfernt\"}]},{\"@type\":\"WebSite\",\"@id\":\"https:\\\/\\\/paulinenaue.info\\\/#website\",\"url\":\"https:\\\/\\\/paulinenaue.info\\\/\",\"name\":\"Paulinenaue\",\"description\":\"Ein Dorf im Havelland\",\"potentialAction\":[{\"@type\":\"SearchAction\",\"target\":{\"@type\":\"EntryPoint\",\"urlTemplate\":\"https:\\\/\\\/paulinenaue.info\\\/?s={search_term_string}\"},\"query-input\":{\"@type\":\"PropertyValueSpecification\",\"valueRequired\":true,\"valueName\":\"search_term_string\"}}],\"inLanguage\":\"de\"},{\"@type\":\"Person\",\"@id\":\"https:\\\/\\\/paulinenaue.info\\\/#\\\/schema\\\/person\\\/3f9e818fd7b69b0d2bd937ac506897cc\",\"name\":\"Joachim Scholz\",\"url\":\"https:\\\/\\\/paulinenaue.info\\\/index.php\\\/author\\\/jjscholz\\\/\"}]}<\/script>\n<!-- \/ Yoast SEO plugin. -->","yoast_head_json":{"title":"Paulinenaues \u201eSchwarze Bretter\u201c wurden entfernt - Paulinenaue","robots":{"index":"index","follow":"follow","max-snippet":"max-snippet:-1","max-image-preview":"max-image-preview:large","max-video-preview":"max-video-preview:-1"},"canonical":"https:\/\/paulinenaue.info\/index.php\/paulinenaues-schwarze-bretter-wurden-entfernt\/","og_locale":"de_DE","og_type":"article","og_title":"Paulinenaues \u201eSchwarze Bretter\u201c wurden entfernt - Paulinenaue","og_description":"Joachim Scholz 03.08.2011. Die Schwarzen Bretter von Paulinenaue, die kurioserweise [&hellip;]","og_url":"https:\/\/paulinenaue.info\/index.php\/paulinenaues-schwarze-bretter-wurden-entfernt\/","og_site_name":"Paulinenaue","article_published_time":"2016-03-22T13:12:21+00:00","article_modified_time":"2016-09-18T08:43:46+00:00","og_image":[{"width":500,"height":375,"url":"https:\/\/paulinenaue.info\/wp-content\/uploads\/2016\/03\/schwarzesbrett_20061225_phmstr_01.jpg","type":"image\/jpeg"}],"author":"Joachim Scholz","twitter_card":"summary_large_image","twitter_misc":{"Verfasst von":"Joachim Scholz","Gesch\u00e4tzte Lesezeit":"3\u00a0Minuten"},"schema":{"@context":"https:\/\/schema.org","@graph":[{"@type":"Article","@id":"https:\/\/paulinenaue.info\/index.php\/paulinenaues-schwarze-bretter-wurden-entfernt\/#article","isPartOf":{"@id":"https:\/\/paulinenaue.info\/index.php\/paulinenaues-schwarze-bretter-wurden-entfernt\/"},"author":{"name":"Joachim Scholz","@id":"https:\/\/paulinenaue.info\/#\/schema\/person\/3f9e818fd7b69b0d2bd937ac506897cc"},"headline":"Paulinenaues \u201eSchwarze Bretter\u201c wurden entfernt","datePublished":"2016-03-22T13:12:21+00:00","dateModified":"2016-09-18T08:43:46+00:00","mainEntityOfPage":{"@id":"https:\/\/paulinenaue.info\/index.php\/paulinenaues-schwarze-bretter-wurden-entfernt\/"},"wordCount":617,"commentCount":0,"image":{"@id":"https:\/\/paulinenaue.info\/index.php\/paulinenaues-schwarze-bretter-wurden-entfernt\/#primaryimage"},"thumbnailUrl":"https:\/\/paulinenaue.info\/wp-content\/uploads\/2016\/03\/schwarzesbrett_20061225_phmstr_01.jpg","keywords":["Schwarzes Brett"],"articleSection":["Dorfentwicklung"],"inLanguage":"de","potentialAction":[{"@type":"CommentAction","name":"Comment","target":["https:\/\/paulinenaue.info\/index.php\/paulinenaues-schwarze-bretter-wurden-entfernt\/#respond"]}]},{"@type":"WebPage","@id":"https:\/\/paulinenaue.info\/index.php\/paulinenaues-schwarze-bretter-wurden-entfernt\/","url":"https:\/\/paulinenaue.info\/index.php\/paulinenaues-schwarze-bretter-wurden-entfernt\/","name":"Paulinenaues \u201eSchwarze Bretter\u201c wurden entfernt - Paulinenaue","isPartOf":{"@id":"https:\/\/paulinenaue.info\/#website"},"primaryImageOfPage":{"@id":"https:\/\/paulinenaue.info\/index.php\/paulinenaues-schwarze-bretter-wurden-entfernt\/#primaryimage"},"image":{"@id":"https:\/\/paulinenaue.info\/index.php\/paulinenaues-schwarze-bretter-wurden-entfernt\/#primaryimage"},"thumbnailUrl":"https:\/\/paulinenaue.info\/wp-content\/uploads\/2016\/03\/schwarzesbrett_20061225_phmstr_01.jpg","datePublished":"2016-03-22T13:12:21+00:00","dateModified":"2016-09-18T08:43:46+00:00","author":{"@id":"https:\/\/paulinenaue.info\/#\/schema\/person\/3f9e818fd7b69b0d2bd937ac506897cc"},"breadcrumb":{"@id":"https:\/\/paulinenaue.info\/index.php\/paulinenaues-schwarze-bretter-wurden-entfernt\/#breadcrumb"},"inLanguage":"de","potentialAction":[{"@type":"ReadAction","target":["https:\/\/paulinenaue.info\/index.php\/paulinenaues-schwarze-bretter-wurden-entfernt\/"]}]},{"@type":"ImageObject","inLanguage":"de","@id":"https:\/\/paulinenaue.info\/index.php\/paulinenaues-schwarze-bretter-wurden-entfernt\/#primaryimage","url":"https:\/\/paulinenaue.info\/wp-content\/uploads\/2016\/03\/schwarzesbrett_20061225_phmstr_01.jpg","contentUrl":"https:\/\/paulinenaue.info\/wp-content\/uploads\/2016\/03\/schwarzesbrett_20061225_phmstr_01.jpg","width":500,"height":375},{"@type":"BreadcrumbList","@id":"https:\/\/paulinenaue.info\/index.php\/paulinenaues-schwarze-bretter-wurden-entfernt\/#breadcrumb","itemListElement":[{"@type":"ListItem","position":1,"name":"Home","item":"https:\/\/paulinenaue.info\/"},{"@type":"ListItem","position":2,"name":"Paulinenaues \u201eSchwarze Bretter\u201c wurden entfernt"}]},{"@type":"WebSite","@id":"https:\/\/paulinenaue.info\/#website","url":"https:\/\/paulinenaue.info\/","name":"Paulinenaue","description":"Ein Dorf im Havelland","potentialAction":[{"@type":"SearchAction","target":{"@type":"EntryPoint","urlTemplate":"https:\/\/paulinenaue.info\/?s={search_term_string}"},"query-input":{"@type":"PropertyValueSpecification","valueRequired":true,"valueName":"search_term_string"}}],"inLanguage":"de"},{"@type":"Person","@id":"https:\/\/paulinenaue.info\/#\/schema\/person\/3f9e818fd7b69b0d2bd937ac506897cc","name":"Joachim Scholz","url":"https:\/\/paulinenaue.info\/index.php\/author\/jjscholz\/"}]}},"jetpack_publicize_connections":[],"jetpack_featured_media_url":"https:\/\/paulinenaue.info\/wp-content\/uploads\/2016\/03\/schwarzesbrett_20061225_phmstr_01.jpg","jetpack_sharing_enabled":true,"jetpack_shortlink":"https:\/\/wp.me\/pcYhWA-2s","jetpack-related-posts":[{"id":418291,"url":"https:\/\/paulinenaue.info\/index.php\/hundert-jahre-alter-neubau\/","url_meta":{"origin":152,"position":0},"title":"Hundert Jahre alter Neubau: Spaziergang durch Paulinenaues Norden","author":"Joachim Scholz","date":"21. September 2025","format":false,"excerpt":"","rel":"","context":"In &quot;Ehrenamt&quot;","block_context":{"text":"Ehrenamt","link":"https:\/\/paulinenaue.info\/index.php\/category\/ehrenamt\/"},"img":{"alt_text":"","src":"https:\/\/i0.wp.com\/paulinenaue.info\/wp-content\/uploads\/2025\/09\/2025-09-20_12-04-09-WANDERUNG.jpg?resize=350%2C200&ssl=1","width":350,"height":200,"srcset":"https:\/\/i0.wp.com\/paulinenaue.info\/wp-content\/uploads\/2025\/09\/2025-09-20_12-04-09-WANDERUNG.jpg?resize=350%2C200&ssl=1 1x, https:\/\/i0.wp.com\/paulinenaue.info\/wp-content\/uploads\/2025\/09\/2025-09-20_12-04-09-WANDERUNG.jpg?resize=525%2C300&ssl=1 1.5x, https:\/\/i0.wp.com\/paulinenaue.info\/wp-content\/uploads\/2025\/09\/2025-09-20_12-04-09-WANDERUNG.jpg?resize=700%2C400&ssl=1 2x, https:\/\/i0.wp.com\/paulinenaue.info\/wp-content\/uploads\/2025\/09\/2025-09-20_12-04-09-WANDERUNG.jpg?resize=1050%2C600&ssl=1 3x, https:\/\/i0.wp.com\/paulinenaue.info\/wp-content\/uploads\/2025\/09\/2025-09-20_12-04-09-WANDERUNG.jpg?resize=1400%2C800&ssl=1 4x"},"classes":[]},{"id":1438,"url":"https:\/\/paulinenaue.info\/index.php\/2002-und-2007-paulinenaue-im-fuenfjahresvergleich\/","url_meta":{"origin":152,"position":1},"title":"2002 und 2007: Paulinenaue im F\u00fcnfjahresvergleich","author":"Sarah","date":"14. September 2017","format":false,"excerpt":"31.03.2007 Joachim Scholz Vor f\u00fcnf Jahren durchstreiften zum hehren Zwecke der Dokumentation Stefan Lindemann und ich unsere Heimatd\u00f6rfer Gro\u00df Behnitz und Paulinenaue. Allein in Paulinenaue entstanden am 18. M\u00e4rz 2002 weit mehr als 100 Fotos. Nach f\u00fcnf Jahren schien die Zeit gekommen, einige der Bilder nachzustellen und mit den alten\u2026","rel":"","context":"In &quot;Allgemein&quot;","block_context":{"text":"Allgemein","link":"https:\/\/paulinenaue.info\/index.php\/category\/allgemein\/"},"img":{"alt_text":"","src":"https:\/\/i0.wp.com\/paulinenaue.info\/wp-content\/uploads\/2017\/09\/20020318_bhfstr_02.jpg?resize=350%2C200&ssl=1","width":350,"height":200},"classes":[]},{"id":6209,"url":"https:\/\/paulinenaue.info\/index.php\/bruecke-weg-biber-da\/","url_meta":{"origin":152,"position":2},"title":"Br\u00fccke weg \u2013\u00a0Biber da","author":"Joachim Scholz","date":"10. August 2008","format":false,"excerpt":"10.08.2008. Gew\u00f6hnungsbed\u00fcrftig ist der neue Blick den Kanal hinab in nordwestliche Richtung, der hier zur Abendstunde festgehalten ist. Die Eisenbahnbr\u00fccke ist nun bis auf ihre gemauerten Fundamente ganz und gar verschwunden. Statt ihrer fand Eberhard Schwarz, von dem die Bilder stammen, hier Anfang des Monats Baumst\u00fcmpfe, die wie von einem\u2026","rel":"","context":"In &quot;Allgemein&quot;","block_context":{"text":"Allgemein","link":"https:\/\/paulinenaue.info\/index.php\/category\/allgemein\/"},"img":{"alt_text":"","src":"https:\/\/i0.wp.com\/paulinenaue.info\/wp-content\/uploads\/2008\/08\/010-Eisenbahnbruecke.jpg?resize=350%2C200&ssl=1","width":350,"height":200,"srcset":"https:\/\/i0.wp.com\/paulinenaue.info\/wp-content\/uploads\/2008\/08\/010-Eisenbahnbruecke.jpg?resize=350%2C200&ssl=1 1x, https:\/\/i0.wp.com\/paulinenaue.info\/wp-content\/uploads\/2008\/08\/010-Eisenbahnbruecke.jpg?resize=525%2C300&ssl=1 1.5x, https:\/\/i0.wp.com\/paulinenaue.info\/wp-content\/uploads\/2008\/08\/010-Eisenbahnbruecke.jpg?resize=700%2C400&ssl=1 2x"},"classes":[]},{"id":170,"url":"https:\/\/paulinenaue.info\/index.php\/unterwegs-auf-dem-neuen-radweg-paulinenaue-fehrbellin\/","url_meta":{"origin":152,"position":3},"title":"Unterwegs auf dem neuen Radweg \u201eStille Pauline\u201c\u00a0zwischen Paulinenaue und Fehrbellin","author":"Joachim Scholz","date":"22. April 2011","format":false,"excerpt":"Eberhard Schwarz, Joachim Scholz 26.04.2011. Der baulich fertiggestellte Radweg Paulinenaue-Fehrbellin wird seit Beginn des Fr\u00fchlingswetters bereits eifrig genutzt. Burkhard Kunkel konnte man hier schon auf Inlinern treffen und Eberhard Schwarz, der im Ort eigentlich als eifriger L\u00e4ufer bekannt ist, brach zusammen mit seiner Frau am Osterwochenende zu einer Fahrradunternehmung nach\u2026","rel":"","context":"In &quot;Dorfentwicklung&quot;","block_context":{"text":"Dorfentwicklung","link":"https:\/\/paulinenaue.info\/index.php\/category\/dorfentwicklung\/"},"img":{"alt_text":"","src":"https:\/\/i0.wp.com\/paulinenaue.info\/wp-content\/uploads\/2016\/03\/20110426_radweg_05_lobe_01.jpg?resize=350%2C200&ssl=1","width":350,"height":200},"classes":[]},{"id":907,"url":"https:\/\/paulinenaue.info\/index.php\/paulinenaue-aus-der-vogelperspektive-im-dezember-2003\/","url_meta":{"origin":152,"position":4},"title":"Paulinenaue aus der Vogelperspektive im Dezember 2003","author":"Sarah","date":"10. Juni 2017","format":false,"excerpt":"22.03.2004 Joachim Scholz Zum derzeitigen intensiven Baugeschehen im Bahnbereich geh\u00f6rte auch die Aufstellung eines 50 Meter hohen Baukranes an exponierter Stelle im Dorf. Die aus luftiger H\u00f6he gemachten Fotografien entstanden im Dezember 2003.","rel":"","context":"In &quot;Allgemein&quot;","block_context":{"text":"Allgemein","link":"https:\/\/paulinenaue.info\/index.php\/category\/allgemein\/"},"img":{"alt_text":"","src":"https:\/\/i0.wp.com\/paulinenaue.info\/wp-content\/uploads\/2017\/06\/bahnhof_20031207_01.jpg?resize=350%2C200&ssl=1","width":350,"height":200},"classes":[]},{"id":419258,"url":"https:\/\/paulinenaue.info\/index.php\/der-osterstrauss-des-jahres-2026\/","url_meta":{"origin":152,"position":5},"title":"Der Osterstrau\u00df des Jahres 2026","author":"Joachim Scholz","date":"4. April 2026","format":false,"excerpt":"Erkundungen in Paulinenaue und Selbelang \u201eThere is nothing you can do that can't be done,\u201c sangen 1967 die Beatles in ihrem Klassiker \u201eAll You Need is Love\u201c. Es gibt nichts Originelles, alles ist so oder \u00e4hnlich schon mal da gewesen. Wenn man allerdings \u201eOsterstrau\u00df des Jahres \u201c in die KI\u2026","rel":"","context":"In &quot;Allgemein&quot;","block_context":{"text":"Allgemein","link":"https:\/\/paulinenaue.info\/index.php\/category\/allgemein\/"},"img":{"alt_text":"","src":"https:\/\/i0.wp.com\/paulinenaue.info\/wp-content\/uploads\/2026\/04\/2026-04-04-Osterstrauss-01.jpeg?resize=350%2C200&ssl=1","width":350,"height":200,"srcset":"https:\/\/i0.wp.com\/paulinenaue.info\/wp-content\/uploads\/2026\/04\/2026-04-04-Osterstrauss-01.jpeg?resize=350%2C200&ssl=1 1x, https:\/\/i0.wp.com\/paulinenaue.info\/wp-content\/uploads\/2026\/04\/2026-04-04-Osterstrauss-01.jpeg?resize=525%2C300&ssl=1 1.5x, https:\/\/i0.wp.com\/paulinenaue.info\/wp-content\/uploads\/2026\/04\/2026-04-04-Osterstrauss-01.jpeg?resize=700%2C400&ssl=1 2x"},"classes":[]}],"_links":{"self":[{"href":"https:\/\/paulinenaue.info\/index.php\/wp-json\/wp\/v2\/posts\/152","targetHints":{"allow":["GET"]}}],"collection":[{"href":"https:\/\/paulinenaue.info\/index.php\/wp-json\/wp\/v2\/posts"}],"about":[{"href":"https:\/\/paulinenaue.info\/index.php\/wp-json\/wp\/v2\/types\/post"}],"author":[{"embeddable":true,"href":"https:\/\/paulinenaue.info\/index.php\/wp-json\/wp\/v2\/users\/1"}],"replies":[{"embeddable":true,"href":"https:\/\/paulinenaue.info\/index.php\/wp-json\/wp\/v2\/comments?post=152"}],"version-history":[{"count":3,"href":"https:\/\/paulinenaue.info\/index.php\/wp-json\/wp\/v2\/posts\/152\/revisions"}],"predecessor-version":[{"id":6655,"href":"https:\/\/paulinenaue.info\/index.php\/wp-json\/wp\/v2\/posts\/152\/revisions\/6655"}],"wp:featuredmedia":[{"embeddable":true,"href":"https:\/\/paulinenaue.info\/index.php\/wp-json\/wp\/v2\/media\/338"}],"wp:attachment":[{"href":"https:\/\/paulinenaue.info\/index.php\/wp-json\/wp\/v2\/media?parent=152"}],"wp:term":[{"taxonomy":"category","embeddable":true,"href":"https:\/\/paulinenaue.info\/index.php\/wp-json\/wp\/v2\/categories?post=152"},{"taxonomy":"post_tag","embeddable":true,"href":"https:\/\/paulinenaue.info\/index.php\/wp-json\/wp\/v2\/tags?post=152"}],"curies":[{"name":"wp","href":"https:\/\/api.w.org\/{rel}","templated":true}]}}