{"id":1537,"date":"2017-10-01T00:11:58","date_gmt":"2017-09-30T22:11:58","guid":{"rendered":"http:\/\/paulinenaue.info\/?p=1537"},"modified":"2017-10-01T00:32:42","modified_gmt":"2017-09-30T22:32:42","slug":"nach-der-bundestagswahl-2017","status":"publish","type":"post","link":"https:\/\/paulinenaue.info\/index.php\/nach-der-bundestagswahl-2017\/","title":{"rendered":"Nach der Bundestagswahl 2017"},"content":{"rendered":"<p>Nach der Bundestagswahl 2017 kann man sagen, dass sich, wie auch bundesweit, in Paulinenaue die eingespielte Parteiensympathie-Verteilung drastisch verschoben hat. Gew\u00e4hlt wurde an diesem 24. September im Feuerwehrdepot. Schon bevor Wahlleiter Dieter Czerniak von dort gegen 19.25 Uhr das Ergebnis nach Friesack durchgab, war zwischen emsigem Zettelrascheln das Staunen greifbar: \u201eNach dem, was ich hier gesehen habe, hat die AFD die meisten Stimmen,\u201c hie\u00df es aus einer Ecke, \u201eNee hat se nicht\u201c, aus der andern. Am Ende sah die Verteilung folgenderma\u00dfen aus:<\/p>\n<p>Die Wahlbeteiligung betrug magere 58,4 %. Nur 479 von 820 Wahlberechtigten hatten abgestimmt, 135 (16,5 %) davon per Briefwahl. Von den 479 im Wahllokal abgegebenen Stimmen wiederum gewann die CDU 127 Erststimmen und 115 Zweitstimmen (24,5 %). Den zweiten Platz bei den Erststimmen, aber den ersten bei den Zweitstimmen belegte die SPD mit 116 Erst- und 119 Zweitstimmen (25,4 %), den dritten bei Erst- und Zeitstimmen die AfD mit 108 Erst- und 99 Zweitstimmen (21,1 %). Die Linke erzielte 67 Erststimmen und 55 Zweitstimmen (11,7 %). Die FDP wurde mit 16 Erststimmen und 32 Zweitstimmen (6,8 %) f\u00fcnftst\u00e4rkste Kraft. Die Gr\u00fcnen schlie\u00dflich erhielten 22 Erststimmen und 21 Zweitstimmen (4,5 %). Von den \u00fcbrigen Parteien sind lediglich die sieben Zweitstimmen f\u00fcr die NPD und die sechs f\u00fcr die Tierschutzpartei abgegebenen noch erw\u00e4hnenswert.<\/p>\n<div id=\"attachment_1538\" style=\"width: 810px\" class=\"wp-caption alignnone\"><a href=\"http:\/\/paulinenaue.info\/wp-content\/uploads\/2017\/09\/DSC07537.jpg\"><img decoding=\"async\" aria-describedby=\"caption-attachment-1538\" data-attachment-id=\"1538\" data-permalink=\"https:\/\/paulinenaue.info\/index.php\/nach-der-bundestagswahl-2017\/dsc07537\/\" data-orig-file=\"https:\/\/paulinenaue.info\/wp-content\/uploads\/2017\/09\/DSC07537.jpg\" data-orig-size=\"800,533\" data-comments-opened=\"1\" data-image-meta=\"{&quot;aperture&quot;:&quot;4.5&quot;,&quot;credit&quot;:&quot;&quot;,&quot;camera&quot;:&quot;ILCE-6000&quot;,&quot;caption&quot;:&quot;&quot;,&quot;created_timestamp&quot;:&quot;1505669586&quot;,&quot;copyright&quot;:&quot;&quot;,&quot;focal_length&quot;:&quot;16&quot;,&quot;iso&quot;:&quot;100&quot;,&quot;shutter_speed&quot;:&quot;0.005&quot;,&quot;title&quot;:&quot;&quot;,&quot;orientation&quot;:&quot;1&quot;}\" data-image-title=\"Wahlwerbung zur Bundestagswahl\" data-image-description=\"&lt;p&gt;Ein SPD-Wahlwerbeplakat in der Brandenburger Allee&lt;\/p&gt;\n\" data-image-caption=\"\" data-large-file=\"https:\/\/paulinenaue.info\/wp-content\/uploads\/2017\/09\/DSC07537.jpg\" class=\"lazyload wp-image-1538 size-full\" src=\"http:\/\/paulinenaue.info\/wp-content\/uploads\/2017\/09\/DSC07537.jpg\" data-orig-src=\"http:\/\/paulinenaue.info\/wp-content\/uploads\/2017\/09\/DSC07537.jpg\" alt=\"\" width=\"800\" height=\"533\" srcset=\"data:image\/svg+xml,%3Csvg%20xmlns%3D%27http%3A%2F%2Fwww.w3.org%2F2000%2Fsvg%27%20width%3D%27800%27%20height%3D%27533%27%20viewBox%3D%270%200%20800%20533%27%3E%3Crect%20width%3D%27800%27%20height%3D%27533%27%20fill-opacity%3D%220%22%2F%3E%3C%2Fsvg%3E\" data-srcset=\"https:\/\/paulinenaue.info\/wp-content\/uploads\/2017\/09\/DSC07537-272x182.jpg 272w, https:\/\/paulinenaue.info\/wp-content\/uploads\/2017\/09\/DSC07537-300x200.jpg 300w, https:\/\/paulinenaue.info\/wp-content\/uploads\/2017\/09\/DSC07537-600x400.jpg 600w, https:\/\/paulinenaue.info\/wp-content\/uploads\/2017\/09\/DSC07537-768x512.jpg 768w, https:\/\/paulinenaue.info\/wp-content\/uploads\/2017\/09\/DSC07537.jpg 800w\" data-sizes=\"auto\" data-orig-sizes=\"(max-width: 800px) 100vw, 800px\" \/><\/a><p id=\"caption-attachment-1538\" class=\"wp-caption-text\">Wahlwerbung der SPD in der Brandenburger Allee. Bei den Zweitstimmen liegt die Partei in Paulinenaue wieder vorn.<\/p><\/div>\n<p>Im <a href=\"http:\/\/archiv.paulinenaue.info\/neues\/neues\/neues_2013\/20130922_bundestagswahl.html?m=2013\">Vergleich zur Bundestagswahl 2013<\/a>\u00a0wird deutlich, wie stark mit Ausnahme von FDP und Gr\u00fcnen alle anderen Parteien an W\u00e4hlergunst verloren haben. Dass die SPD zumindest bei den Zweitstimmen wieder st\u00e4rkste Kraft im Dorf ist, f\u00e4llt kaum auf gegen die Tatsache, dass es nunmehr drei fast gleich starke Gruppen gibt, denen mehr als zwei Drittel der Paulinenauer\/innen anh\u00e4ngen: SPD, CDU und eben auch die AfD. Die Linke aber verlor in den letzten 12 Jahren fast zwei Drittel ihrer W\u00e4hlerschaft (162 Zweitstimmen 2005 bei 79% Wahlbeteiligung, noch 55 waren es 2017, bei 58% Wahlbeteiligung).<\/p>\n<h3>Wahllokal Paulinenaue: Prozentualer Zweitstimmenanteil im Vergleich zu 2013<\/h3>\n<p><a href=\"http:\/\/paulinenaue.info\/wp-content\/uploads\/2017\/09\/Zweitstimmen-Bundestagswahl-2017.jpg\"><img decoding=\"async\" width=\"880\" height=\"544\" data-attachment-id=\"1540\" data-permalink=\"https:\/\/paulinenaue.info\/index.php\/nach-der-bundestagswahl-2017\/zweitstimmen-bundestagswahl-2017\/\" data-orig-file=\"https:\/\/paulinenaue.info\/wp-content\/uploads\/2017\/09\/Zweitstimmen-Bundestagswahl-2017.jpg\" data-orig-size=\"880,544\" data-comments-opened=\"1\" data-image-meta=\"{&quot;aperture&quot;:&quot;0&quot;,&quot;credit&quot;:&quot;&quot;,&quot;camera&quot;:&quot;&quot;,&quot;caption&quot;:&quot;&quot;,&quot;created_timestamp&quot;:&quot;0&quot;,&quot;copyright&quot;:&quot;&quot;,&quot;focal_length&quot;:&quot;0&quot;,&quot;iso&quot;:&quot;0&quot;,&quot;shutter_speed&quot;:&quot;0&quot;,&quot;title&quot;:&quot;&quot;,&quot;orientation&quot;:&quot;0&quot;}\" data-image-title=\"Zweitstimmen Bundestagswahl 2017\" data-image-description=\"&lt;p&gt;Die prozentuale Verteilung der Zweitstimmen bei der Bundestgswahl im Wahllokal Paulinenaue &lt;\/p&gt;\n\" data-image-caption=\"\" data-large-file=\"https:\/\/paulinenaue.info\/wp-content\/uploads\/2017\/09\/Zweitstimmen-Bundestagswahl-2017.jpg\" class=\"lazyload alignnone size-full wp-image-1540\" src=\"http:\/\/paulinenaue.info\/wp-content\/uploads\/2017\/09\/Zweitstimmen-Bundestagswahl-2017.jpg\" data-orig-src=\"http:\/\/paulinenaue.info\/wp-content\/uploads\/2017\/09\/Zweitstimmen-Bundestagswahl-2017.jpg\" alt=\"Zweitstimmen Bundestagswahl 2017\" srcset=\"data:image\/svg+xml,%3Csvg%20xmlns%3D%27http%3A%2F%2Fwww.w3.org%2F2000%2Fsvg%27%20width%3D%27880%27%20height%3D%27544%27%20viewBox%3D%270%200%20880%20544%27%3E%3Crect%20width%3D%27880%27%20height%3D%27544%27%20fill-opacity%3D%220%22%2F%3E%3C%2Fsvg%3E\" data-srcset=\"https:\/\/paulinenaue.info\/wp-content\/uploads\/2017\/09\/Zweitstimmen-Bundestagswahl-2017-200x125.jpg 200w, https:\/\/paulinenaue.info\/wp-content\/uploads\/2017\/09\/Zweitstimmen-Bundestagswahl-2017-300x185.jpg 300w, https:\/\/paulinenaue.info\/wp-content\/uploads\/2017\/09\/Zweitstimmen-Bundestagswahl-2017-768x475.jpg 768w, https:\/\/paulinenaue.info\/wp-content\/uploads\/2017\/09\/Zweitstimmen-Bundestagswahl-2017.jpg 880w\" data-sizes=\"auto\" data-orig-sizes=\"(max-width: 880px) 100vw, 880px\" \/><\/a><\/p>\n<p>Ist Paulinenaue im Vergleich zu seinen Nachbarn eine AfD-Hochburg?\u00a0 Na ja, wir liegen da im Mittelfeld, vergleichbar mit Nauen und etwas \u00fcber dem Landesdurchschnitt von 20.2 Prozent. Wer indes meinte, dass ein Wissenschaftsstandort oder auch ein Ort, der in seiner Geschichte mehrfach radikale Bev\u00f6lkerungsumschichtungen erlebt hat, liberaler w\u00e4hlt und einer fremdenfeindliche Partei eher nicht seine Stimme gibt,\u00a0 hat sich geirrt. Da muss man \u2013 warum auch immer \u2013 nach Br\u00e4dikow oder nach Wagenitz schauen. Es w\u00e4re interessant zu erfahren, wo die dortige relative Resistenz ihre Ursache hat.<\/p>\n<h3>AfD-Anteil an den Zweitstimmen in relevanten Nachbarorten von Paulinenaue<\/h3>\n<p><a href=\"http:\/\/paulinenaue.info\/wp-content\/uploads\/2017\/09\/AfD-Anteil-Nachbarn.jpg\"><img decoding=\"async\" width=\"869\" height=\"468\" data-attachment-id=\"1542\" data-permalink=\"https:\/\/paulinenaue.info\/index.php\/nach-der-bundestagswahl-2017\/afd-anteil-nachbarn\/\" data-orig-file=\"https:\/\/paulinenaue.info\/wp-content\/uploads\/2017\/09\/AfD-Anteil-Nachbarn.jpg\" data-orig-size=\"869,468\" data-comments-opened=\"1\" data-image-meta=\"{&quot;aperture&quot;:&quot;0&quot;,&quot;credit&quot;:&quot;&quot;,&quot;camera&quot;:&quot;&quot;,&quot;caption&quot;:&quot;&quot;,&quot;created_timestamp&quot;:&quot;0&quot;,&quot;copyright&quot;:&quot;&quot;,&quot;focal_length&quot;:&quot;0&quot;,&quot;iso&quot;:&quot;0&quot;,&quot;shutter_speed&quot;:&quot;0&quot;,&quot;title&quot;:&quot;&quot;,&quot;orientation&quot;:&quot;0&quot;}\" data-image-title=\"AfD-Anteil Nachbarn\" data-image-description=\"\" data-image-caption=\"\" data-large-file=\"https:\/\/paulinenaue.info\/wp-content\/uploads\/2017\/09\/AfD-Anteil-Nachbarn.jpg\" class=\"lazyload alignnone size-full wp-image-1542\" src=\"http:\/\/paulinenaue.info\/wp-content\/uploads\/2017\/09\/AfD-Anteil-Nachbarn.jpg\" data-orig-src=\"http:\/\/paulinenaue.info\/wp-content\/uploads\/2017\/09\/AfD-Anteil-Nachbarn.jpg\" alt=\"\" srcset=\"data:image\/svg+xml,%3Csvg%20xmlns%3D%27http%3A%2F%2Fwww.w3.org%2F2000%2Fsvg%27%20width%3D%27869%27%20height%3D%27468%27%20viewBox%3D%270%200%20869%20468%27%3E%3Crect%20width%3D%27869%27%20height%3D%27468%27%20fill-opacity%3D%220%22%2F%3E%3C%2Fsvg%3E\" data-srcset=\"https:\/\/paulinenaue.info\/wp-content\/uploads\/2017\/09\/AfD-Anteil-Nachbarn-300x162.jpg 300w, https:\/\/paulinenaue.info\/wp-content\/uploads\/2017\/09\/AfD-Anteil-Nachbarn-768x414.jpg 768w, https:\/\/paulinenaue.info\/wp-content\/uploads\/2017\/09\/AfD-Anteil-Nachbarn.jpg 869w\" data-sizes=\"auto\" data-orig-sizes=\"(max-width: 869px) 100vw, 869px\" \/><\/a><\/p>\n<p>&nbsp;<\/p>\n<p>&nbsp;<\/p>\n<p>&nbsp;<\/p>\n<p>&nbsp;<\/p>\n","protected":false},"excerpt":{"rendered":"<p>Nach der Bundestagswahl 2017 kann man sagen, dass sich, wie [&hellip;]<\/p>\n","protected":false},"author":1,"featured_media":1540,"comment_status":"open","ping_status":"open","sticky":false,"template":"","format":"standard","meta":{"_acf_changed":false,"_price":"","_stock":"","_tribe_ticket_header":"","_tribe_default_ticket_provider":"","_tribe_ticket_capacity":"0","_ticket_start_date":"","_ticket_end_date":"","_tribe_ticket_show_description":"","_tribe_ticket_show_not_going":false,"_tribe_ticket_use_global_stock":"","_tribe_ticket_global_stock_level":"","_global_stock_mode":"","_global_stock_cap":"","_tribe_rsvp_for_event":"","_tribe_ticket_going_count":"","_tribe_ticket_not_going_count":"","_tribe_tickets_list":"[]","_tribe_ticket_has_attendee_info_fields":false,"jetpack_post_was_ever_published":false,"_jetpack_newsletter_access":"","_jetpack_dont_email_post_to_subs":false,"_jetpack_newsletter_tier_id":0,"_jetpack_memberships_contains_paywalled_content":false,"_jetpack_memberships_contains_paid_content":false,"footnotes":"","jetpack_publicize_message":"","jetpack_publicize_feature_enabled":true,"jetpack_social_post_already_shared":true,"jetpack_social_options":{"image_generator_settings":{"template":"highway","default_image_id":0,"font":"","enabled":false},"version":2}},"categories":[1,40,9],"tags":[215,214],"class_list":["post-1537","post","type-post","status-publish","format-standard","has-post-thumbnail","hentry","category-allgemein","category-dorfentwicklung","category-neuigkeiten","tag-afd","tag-bundestagswahl"],"acf":[],"yoast_head":"<!-- This site is optimized with the Yoast SEO plugin v27.5 - https:\/\/yoast.com\/product\/yoast-seo-wordpress\/ -->\n<title>Nach der Bundestagswahl 2017 - Paulinenaue<\/title>\n<meta name=\"robots\" content=\"index, follow, max-snippet:-1, max-image-preview:large, max-video-preview:-1\" \/>\n<link rel=\"canonical\" href=\"https:\/\/paulinenaue.info\/index.php\/nach-der-bundestagswahl-2017\/\" \/>\n<meta property=\"og:locale\" content=\"de_DE\" \/>\n<meta property=\"og:type\" content=\"article\" \/>\n<meta property=\"og:title\" content=\"Nach der Bundestagswahl 2017 - Paulinenaue\" \/>\n<meta property=\"og:description\" content=\"Nach der Bundestagswahl 2017 kann man sagen, dass sich, wie [&hellip;]\" \/>\n<meta property=\"og:url\" content=\"https:\/\/paulinenaue.info\/index.php\/nach-der-bundestagswahl-2017\/\" \/>\n<meta property=\"og:site_name\" content=\"Paulinenaue\" \/>\n<meta property=\"article:published_time\" content=\"2017-09-30T22:11:58+00:00\" \/>\n<meta property=\"article:modified_time\" content=\"2017-09-30T22:32:42+00:00\" \/>\n<meta property=\"og:image\" content=\"https:\/\/i0.wp.com\/paulinenaue.info\/wp-content\/uploads\/2017\/09\/Zweitstimmen-Bundestagswahl-2017.jpg?fit=880%2C544&ssl=1\" \/>\n\t<meta property=\"og:image:width\" content=\"880\" \/>\n\t<meta property=\"og:image:height\" content=\"544\" \/>\n\t<meta property=\"og:image:type\" content=\"image\/jpeg\" \/>\n<meta name=\"author\" content=\"Joachim Scholz\" \/>\n<meta name=\"twitter:card\" content=\"summary_large_image\" \/>\n<meta name=\"twitter:label1\" content=\"Verfasst von\" \/>\n\t<meta name=\"twitter:data1\" content=\"Joachim Scholz\" \/>\n\t<meta name=\"twitter:label2\" content=\"Gesch\u00e4tzte Lesezeit\" \/>\n\t<meta name=\"twitter:data2\" content=\"2\u00a0Minuten\" \/>\n<script type=\"application\/ld+json\" class=\"yoast-schema-graph\">{\"@context\":\"https:\\\/\\\/schema.org\",\"@graph\":[{\"@type\":\"Article\",\"@id\":\"https:\\\/\\\/paulinenaue.info\\\/index.php\\\/nach-der-bundestagswahl-2017\\\/#article\",\"isPartOf\":{\"@id\":\"https:\\\/\\\/paulinenaue.info\\\/index.php\\\/nach-der-bundestagswahl-2017\\\/\"},\"author\":{\"name\":\"Joachim Scholz\",\"@id\":\"https:\\\/\\\/paulinenaue.info\\\/#\\\/schema\\\/person\\\/3f9e818fd7b69b0d2bd937ac506897cc\"},\"headline\":\"Nach der Bundestagswahl 2017\",\"datePublished\":\"2017-09-30T22:11:58+00:00\",\"dateModified\":\"2017-09-30T22:32:42+00:00\",\"mainEntityOfPage\":{\"@id\":\"https:\\\/\\\/paulinenaue.info\\\/index.php\\\/nach-der-bundestagswahl-2017\\\/\"},\"wordCount\":414,\"commentCount\":1,\"image\":{\"@id\":\"https:\\\/\\\/paulinenaue.info\\\/index.php\\\/nach-der-bundestagswahl-2017\\\/#primaryimage\"},\"thumbnailUrl\":\"https:\\\/\\\/paulinenaue.info\\\/wp-content\\\/uploads\\\/2017\\\/09\\\/Zweitstimmen-Bundestagswahl-2017.jpg\",\"keywords\":[\"AfD\",\"Bundestagswahl\"],\"articleSection\":{\"1\":\"Dorfentwicklung\",\"2\":\"Neuigkeiten\"},\"inLanguage\":\"de\",\"potentialAction\":[{\"@type\":\"CommentAction\",\"name\":\"Comment\",\"target\":[\"https:\\\/\\\/paulinenaue.info\\\/index.php\\\/nach-der-bundestagswahl-2017\\\/#respond\"]}]},{\"@type\":\"WebPage\",\"@id\":\"https:\\\/\\\/paulinenaue.info\\\/index.php\\\/nach-der-bundestagswahl-2017\\\/\",\"url\":\"https:\\\/\\\/paulinenaue.info\\\/index.php\\\/nach-der-bundestagswahl-2017\\\/\",\"name\":\"Nach der Bundestagswahl 2017 - Paulinenaue\",\"isPartOf\":{\"@id\":\"https:\\\/\\\/paulinenaue.info\\\/#website\"},\"primaryImageOfPage\":{\"@id\":\"https:\\\/\\\/paulinenaue.info\\\/index.php\\\/nach-der-bundestagswahl-2017\\\/#primaryimage\"},\"image\":{\"@id\":\"https:\\\/\\\/paulinenaue.info\\\/index.php\\\/nach-der-bundestagswahl-2017\\\/#primaryimage\"},\"thumbnailUrl\":\"https:\\\/\\\/paulinenaue.info\\\/wp-content\\\/uploads\\\/2017\\\/09\\\/Zweitstimmen-Bundestagswahl-2017.jpg\",\"datePublished\":\"2017-09-30T22:11:58+00:00\",\"dateModified\":\"2017-09-30T22:32:42+00:00\",\"author\":{\"@id\":\"https:\\\/\\\/paulinenaue.info\\\/#\\\/schema\\\/person\\\/3f9e818fd7b69b0d2bd937ac506897cc\"},\"breadcrumb\":{\"@id\":\"https:\\\/\\\/paulinenaue.info\\\/index.php\\\/nach-der-bundestagswahl-2017\\\/#breadcrumb\"},\"inLanguage\":\"de\",\"potentialAction\":[{\"@type\":\"ReadAction\",\"target\":[\"https:\\\/\\\/paulinenaue.info\\\/index.php\\\/nach-der-bundestagswahl-2017\\\/\"]}]},{\"@type\":\"ImageObject\",\"inLanguage\":\"de\",\"@id\":\"https:\\\/\\\/paulinenaue.info\\\/index.php\\\/nach-der-bundestagswahl-2017\\\/#primaryimage\",\"url\":\"https:\\\/\\\/paulinenaue.info\\\/wp-content\\\/uploads\\\/2017\\\/09\\\/Zweitstimmen-Bundestagswahl-2017.jpg\",\"contentUrl\":\"https:\\\/\\\/paulinenaue.info\\\/wp-content\\\/uploads\\\/2017\\\/09\\\/Zweitstimmen-Bundestagswahl-2017.jpg\",\"width\":\"880\",\"height\":\"544\",\"caption\":\"Zweitstimmen Bundestagswahl 2017\"},{\"@type\":\"BreadcrumbList\",\"@id\":\"https:\\\/\\\/paulinenaue.info\\\/index.php\\\/nach-der-bundestagswahl-2017\\\/#breadcrumb\",\"itemListElement\":[{\"@type\":\"ListItem\",\"position\":1,\"name\":\"Home\",\"item\":\"https:\\\/\\\/paulinenaue.info\\\/\"},{\"@type\":\"ListItem\",\"position\":2,\"name\":\"Nach der Bundestagswahl 2017\"}]},{\"@type\":\"WebSite\",\"@id\":\"https:\\\/\\\/paulinenaue.info\\\/#website\",\"url\":\"https:\\\/\\\/paulinenaue.info\\\/\",\"name\":\"Paulinenaue\",\"description\":\"Ein Dorf im Havelland\",\"potentialAction\":[{\"@type\":\"SearchAction\",\"target\":{\"@type\":\"EntryPoint\",\"urlTemplate\":\"https:\\\/\\\/paulinenaue.info\\\/?s={search_term_string}\"},\"query-input\":{\"@type\":\"PropertyValueSpecification\",\"valueRequired\":true,\"valueName\":\"search_term_string\"}}],\"inLanguage\":\"de\"},{\"@type\":\"Person\",\"@id\":\"https:\\\/\\\/paulinenaue.info\\\/#\\\/schema\\\/person\\\/3f9e818fd7b69b0d2bd937ac506897cc\",\"name\":\"Joachim Scholz\",\"url\":\"https:\\\/\\\/paulinenaue.info\\\/index.php\\\/author\\\/jjscholz\\\/\"}]}<\/script>\n<!-- \/ Yoast SEO plugin. -->","yoast_head_json":{"title":"Nach der Bundestagswahl 2017 - Paulinenaue","robots":{"index":"index","follow":"follow","max-snippet":"max-snippet:-1","max-image-preview":"max-image-preview:large","max-video-preview":"max-video-preview:-1"},"canonical":"https:\/\/paulinenaue.info\/index.php\/nach-der-bundestagswahl-2017\/","og_locale":"de_DE","og_type":"article","og_title":"Nach der Bundestagswahl 2017 - Paulinenaue","og_description":"Nach der Bundestagswahl 2017 kann man sagen, dass sich, wie [&hellip;]","og_url":"https:\/\/paulinenaue.info\/index.php\/nach-der-bundestagswahl-2017\/","og_site_name":"Paulinenaue","article_published_time":"2017-09-30T22:11:58+00:00","article_modified_time":"2017-09-30T22:32:42+00:00","og_image":[{"width":880,"height":544,"url":"https:\/\/i0.wp.com\/paulinenaue.info\/wp-content\/uploads\/2017\/09\/Zweitstimmen-Bundestagswahl-2017.jpg?fit=880%2C544&ssl=1","type":"image\/jpeg"}],"author":"Joachim Scholz","twitter_card":"summary_large_image","twitter_misc":{"Verfasst von":"Joachim Scholz","Gesch\u00e4tzte Lesezeit":"2\u00a0Minuten"},"schema":{"@context":"https:\/\/schema.org","@graph":[{"@type":"Article","@id":"https:\/\/paulinenaue.info\/index.php\/nach-der-bundestagswahl-2017\/#article","isPartOf":{"@id":"https:\/\/paulinenaue.info\/index.php\/nach-der-bundestagswahl-2017\/"},"author":{"name":"Joachim Scholz","@id":"https:\/\/paulinenaue.info\/#\/schema\/person\/3f9e818fd7b69b0d2bd937ac506897cc"},"headline":"Nach der Bundestagswahl 2017","datePublished":"2017-09-30T22:11:58+00:00","dateModified":"2017-09-30T22:32:42+00:00","mainEntityOfPage":{"@id":"https:\/\/paulinenaue.info\/index.php\/nach-der-bundestagswahl-2017\/"},"wordCount":414,"commentCount":1,"image":{"@id":"https:\/\/paulinenaue.info\/index.php\/nach-der-bundestagswahl-2017\/#primaryimage"},"thumbnailUrl":"https:\/\/paulinenaue.info\/wp-content\/uploads\/2017\/09\/Zweitstimmen-Bundestagswahl-2017.jpg","keywords":["AfD","Bundestagswahl"],"articleSection":{"1":"Dorfentwicklung","2":"Neuigkeiten"},"inLanguage":"de","potentialAction":[{"@type":"CommentAction","name":"Comment","target":["https:\/\/paulinenaue.info\/index.php\/nach-der-bundestagswahl-2017\/#respond"]}]},{"@type":"WebPage","@id":"https:\/\/paulinenaue.info\/index.php\/nach-der-bundestagswahl-2017\/","url":"https:\/\/paulinenaue.info\/index.php\/nach-der-bundestagswahl-2017\/","name":"Nach der Bundestagswahl 2017 - Paulinenaue","isPartOf":{"@id":"https:\/\/paulinenaue.info\/#website"},"primaryImageOfPage":{"@id":"https:\/\/paulinenaue.info\/index.php\/nach-der-bundestagswahl-2017\/#primaryimage"},"image":{"@id":"https:\/\/paulinenaue.info\/index.php\/nach-der-bundestagswahl-2017\/#primaryimage"},"thumbnailUrl":"https:\/\/paulinenaue.info\/wp-content\/uploads\/2017\/09\/Zweitstimmen-Bundestagswahl-2017.jpg","datePublished":"2017-09-30T22:11:58+00:00","dateModified":"2017-09-30T22:32:42+00:00","author":{"@id":"https:\/\/paulinenaue.info\/#\/schema\/person\/3f9e818fd7b69b0d2bd937ac506897cc"},"breadcrumb":{"@id":"https:\/\/paulinenaue.info\/index.php\/nach-der-bundestagswahl-2017\/#breadcrumb"},"inLanguage":"de","potentialAction":[{"@type":"ReadAction","target":["https:\/\/paulinenaue.info\/index.php\/nach-der-bundestagswahl-2017\/"]}]},{"@type":"ImageObject","inLanguage":"de","@id":"https:\/\/paulinenaue.info\/index.php\/nach-der-bundestagswahl-2017\/#primaryimage","url":"https:\/\/paulinenaue.info\/wp-content\/uploads\/2017\/09\/Zweitstimmen-Bundestagswahl-2017.jpg","contentUrl":"https:\/\/paulinenaue.info\/wp-content\/uploads\/2017\/09\/Zweitstimmen-Bundestagswahl-2017.jpg","width":"880","height":"544","caption":"Zweitstimmen Bundestagswahl 2017"},{"@type":"BreadcrumbList","@id":"https:\/\/paulinenaue.info\/index.php\/nach-der-bundestagswahl-2017\/#breadcrumb","itemListElement":[{"@type":"ListItem","position":1,"name":"Home","item":"https:\/\/paulinenaue.info\/"},{"@type":"ListItem","position":2,"name":"Nach der Bundestagswahl 2017"}]},{"@type":"WebSite","@id":"https:\/\/paulinenaue.info\/#website","url":"https:\/\/paulinenaue.info\/","name":"Paulinenaue","description":"Ein Dorf im Havelland","potentialAction":[{"@type":"SearchAction","target":{"@type":"EntryPoint","urlTemplate":"https:\/\/paulinenaue.info\/?s={search_term_string}"},"query-input":{"@type":"PropertyValueSpecification","valueRequired":true,"valueName":"search_term_string"}}],"inLanguage":"de"},{"@type":"Person","@id":"https:\/\/paulinenaue.info\/#\/schema\/person\/3f9e818fd7b69b0d2bd937ac506897cc","name":"Joachim Scholz","url":"https:\/\/paulinenaue.info\/index.php\/author\/jjscholz\/"}]}},"jetpack_publicize_connections":[],"jetpack_featured_media_url":"https:\/\/paulinenaue.info\/wp-content\/uploads\/2017\/09\/Zweitstimmen-Bundestagswahl-2017.jpg","jetpack_sharing_enabled":true,"jetpack_shortlink":"https:\/\/wp.me\/pcYhWA-oN","jetpack-related-posts":[{"id":6017,"url":"https:\/\/paulinenaue.info\/index.php\/die-bundestagswahl-in-paulinenaue-2021-im-ueberblick\/","url_meta":{"origin":1537,"position":0},"title":"Die Bundestagswahl in Paulinenaue 2021 im \u00dcberblick","author":"Joachim Scholz","date":"6. Oktober 2021","format":false,"excerpt":"Die Bundestagswahl 2021, die nun auch schon wieder einige Tage zur\u00fcckliegt, hat die politischen Gewichte in Deutschland verschoben. Verlusten bei der CDU, der Linken und \u2013 in kleinerem Ma\u00dfe \u2013\u00a0bei der AfD stehen Gewinne bei SPD, Gr\u00fcnen und der FDP gegen\u00fcber. Die SPD mag auf die politische B\u00fchne zur\u00fcckgekehrt sein,\u2026","rel":"","context":"In &quot;Allgemein&quot;","block_context":{"text":"Allgemein","link":"https:\/\/paulinenaue.info\/index.php\/category\/allgemein\/"},"img":{"alt_text":"","src":"https:\/\/i0.wp.com\/paulinenaue.info\/wp-content\/uploads\/2021\/10\/20210926_zum_wahlraum.jpg?resize=350%2C200&ssl=1","width":350,"height":200,"srcset":"https:\/\/i0.wp.com\/paulinenaue.info\/wp-content\/uploads\/2021\/10\/20210926_zum_wahlraum.jpg?resize=350%2C200&ssl=1 1x, https:\/\/i0.wp.com\/paulinenaue.info\/wp-content\/uploads\/2021\/10\/20210926_zum_wahlraum.jpg?resize=525%2C300&ssl=1 1.5x, https:\/\/i0.wp.com\/paulinenaue.info\/wp-content\/uploads\/2021\/10\/20210926_zum_wahlraum.jpg?resize=700%2C400&ssl=1 2x"},"classes":[]},{"id":417323,"url":"https:\/\/paulinenaue.info\/index.php\/bundestagswahl-2025-in-paulinenaue\/","url_meta":{"origin":1537,"position":1},"title":"Bundestagswahl 2025 in Paulinenaue","author":"Joachim Scholz","date":"24. Februar 2025","format":false,"excerpt":"Die vorgezogene Bundestagswahl fand am 23. Februar 2025 in Paulinenaue nicht mehr wie \u00fcblich im Feuerwehrdepot, sondern in der Schule statt. Das traditionsreiche Wahllokal wird gerade abgerissen. Auch die Mehrheitsverh\u00e4ltnisse sind nicht mehr die gewohnten. Das auffallendste Ergebnis dieser Wahl ist zweifellos, dass die rechtspopulistische AfD mit 37,7 Prozent (ohne\u2026","rel":"","context":"In &quot;Politik&quot;","block_context":{"text":"Politik","link":"https:\/\/paulinenaue.info\/index.php\/category\/politik\/"},"img":{"alt_text":"","src":"https:\/\/i0.wp.com\/paulinenaue.info\/wp-content\/uploads\/2025\/02\/DSC05268.jpeg?resize=350%2C200&ssl=1","width":350,"height":200,"srcset":"https:\/\/i0.wp.com\/paulinenaue.info\/wp-content\/uploads\/2025\/02\/DSC05268.jpeg?resize=350%2C200&ssl=1 1x, https:\/\/i0.wp.com\/paulinenaue.info\/wp-content\/uploads\/2025\/02\/DSC05268.jpeg?resize=525%2C300&ssl=1 1.5x, https:\/\/i0.wp.com\/paulinenaue.info\/wp-content\/uploads\/2025\/02\/DSC05268.jpeg?resize=700%2C400&ssl=1 2x"},"classes":[]},{"id":416863,"url":"https:\/\/paulinenaue.info\/index.php\/spd-gewinnt-landtagswahl-in-paulinenaue-besonders-in-selbelang\/","url_meta":{"origin":1537,"position":2},"title":"SPD gewinnt Landtagswahl in Paulinenaue \u2013\u00a0besonders in Selbelang","author":"Joachim Scholz","date":"23. September 2024","format":false,"excerpt":"Als letzte der drei ostdeutschen Landtagswahlen dieses Jahres komplettierte nach Th\u00fcringen und Sachsen am 22. September 2024 die Wahl in Brandenburg den Abstimmungsreigen auf Landesebene. Alle drei Wahlen fanden bundesweit starke Beachtung, da der sich abzeichnende\u00a0 Zugewinn populistischer Parteien und Gruppierungen wie der AfD oder des neuen \u201eB\u00fcndnis Sarah Wagenknecht\u201c\u2026","rel":"","context":"In &quot;Neuigkeiten&quot;","block_context":{"text":"Neuigkeiten","link":"https:\/\/paulinenaue.info\/index.php\/category\/neuigkeiten\/"},"img":{"alt_text":"","src":"https:\/\/i0.wp.com\/paulinenaue.info\/wp-content\/uploads\/2024\/09\/2024-09-24-Landtagswahl-02.jpeg?resize=350%2C200&ssl=1","width":350,"height":200,"srcset":"https:\/\/i0.wp.com\/paulinenaue.info\/wp-content\/uploads\/2024\/09\/2024-09-24-Landtagswahl-02.jpeg?resize=350%2C200&ssl=1 1x, https:\/\/i0.wp.com\/paulinenaue.info\/wp-content\/uploads\/2024\/09\/2024-09-24-Landtagswahl-02.jpeg?resize=525%2C300&ssl=1 1.5x, https:\/\/i0.wp.com\/paulinenaue.info\/wp-content\/uploads\/2024\/09\/2024-09-24-Landtagswahl-02.jpeg?resize=700%2C400&ssl=1 2x, https:\/\/i0.wp.com\/paulinenaue.info\/wp-content\/uploads\/2024\/09\/2024-09-24-Landtagswahl-02.jpeg?resize=1050%2C600&ssl=1 3x, https:\/\/i0.wp.com\/paulinenaue.info\/wp-content\/uploads\/2024\/09\/2024-09-24-Landtagswahl-02.jpeg?resize=1400%2C800&ssl=1 4x"},"classes":[]},{"id":4968,"url":"https:\/\/paulinenaue.info\/index.php\/landtagswahl-2019-in-paulinenaue\/","url_meta":{"origin":1537,"position":3},"title":"Landtagswahl 2019 in Paulinenaue","author":"Joachim Scholz","date":"2. September 2019","format":false,"excerpt":"Ein Blick auf die Zweitstimmenverteilung In Brandenburg und in Sachsen ist am 1. September 2019 ein neuer Landtag gew\u00e4hlt worden. In beiden L\u00e4ndern war mit Spannung vor allem das Ergebnis der populistischen rechtsnationalen \u201eAlternative f\u00fcr Deutschland\u201c erwartet worden, die in den Umfragen zeitweise als Favoritin in der W\u00e4hlergunst galt. Am\u2026","rel":"","context":"In &quot;Allgemein&quot;","block_context":{"text":"Allgemein","link":"https:\/\/paulinenaue.info\/index.php\/category\/allgemein\/"},"img":{"alt_text":"","src":"https:\/\/i0.wp.com\/paulinenaue.info\/wp-content\/uploads\/2019\/09\/DSC04992.jpg?resize=350%2C200&ssl=1","width":350,"height":200,"srcset":"https:\/\/i0.wp.com\/paulinenaue.info\/wp-content\/uploads\/2019\/09\/DSC04992.jpg?resize=350%2C200&ssl=1 1x, https:\/\/i0.wp.com\/paulinenaue.info\/wp-content\/uploads\/2019\/09\/DSC04992.jpg?resize=525%2C300&ssl=1 1.5x, https:\/\/i0.wp.com\/paulinenaue.info\/wp-content\/uploads\/2019\/09\/DSC04992.jpg?resize=700%2C400&ssl=1 2x"},"classes":[]},{"id":4865,"url":"https:\/\/paulinenaue.info\/index.php\/paulinenaue-in-der-kommunal-kreistags-und-europawahl-2019\/","url_meta":{"origin":1537,"position":4},"title":"Paulinenaue in der Kommunal-, Kreistags- und Europawahl 2019","author":"Joachim Scholz","date":"27. Mai 2019","format":false,"excerpt":"Arne Breder wird Paulinenaues neuer B\u00fcrgermeister So lang wie einige der Wahlzettel war der gestrige Wahlabend in Paulinenaue, an dem die ehrenamtlichen Helfer noch bis um Mitternacht z\u00e4hlten und die Ergebnisse pr\u00fcften. Nun stehen die Resultate der Mehrfachwahl fest und k\u00f6nnen im Netz, aufbereitet auf vielf\u00e4ltige Art und Weise, abgerufen\u2026","rel":"","context":"In &quot;Hier Zuhause&quot;","block_context":{"text":"Hier Zuhause","link":"https:\/\/paulinenaue.info\/index.php\/category\/hier-zuhause\/"},"img":{"alt_text":"","src":"https:\/\/i0.wp.com\/paulinenaue.info\/wp-content\/uploads\/2019\/05\/DSC01242.jpg?resize=350%2C200&ssl=1","width":350,"height":200,"srcset":"https:\/\/i0.wp.com\/paulinenaue.info\/wp-content\/uploads\/2019\/05\/DSC01242.jpg?resize=350%2C200&ssl=1 1x, https:\/\/i0.wp.com\/paulinenaue.info\/wp-content\/uploads\/2019\/05\/DSC01242.jpg?resize=525%2C300&ssl=1 1.5x, https:\/\/i0.wp.com\/paulinenaue.info\/wp-content\/uploads\/2019\/05\/DSC01242.jpg?resize=700%2C400&ssl=1 2x"},"classes":[]},{"id":416495,"url":"https:\/\/paulinenaue.info\/index.php\/wahlergebnisse-europa-und-kommunal\/","url_meta":{"origin":1537,"position":5},"title":"Wahlen: Europa, Gemeindevertretung und B\u00fcrgermeister","author":"Joachim Scholz","date":"10. Juni 2024","format":false,"excerpt":"Wie in ganz Deutschland tritt auch in Paulinenaue und Selbelang das Wahljahr 2024 nunmehr in seine hei\u00dfe Phase. Die Wahl des havell\u00e4ndischen Landrates am 26. Mai hatte den Anfang gemacht und die Richtung ausgewiesen. Zwar vereinte der Amtsinhaber Roger Lewandowski (CDU) in der Gemeinde mit 45,4 Prozent die meisten W\u00e4hlerstimmen\u2026","rel":"","context":"In &quot;Allgemein&quot;","block_context":{"text":"Allgemein","link":"https:\/\/paulinenaue.info\/index.php\/category\/allgemein\/"},"img":{"alt_text":"","src":"https:\/\/i0.wp.com\/paulinenaue.info\/wp-content\/uploads\/2024\/06\/2024-06-09-Paulinenaue-Plakate-Europawahl.jpeg?resize=350%2C200&ssl=1","width":350,"height":200,"srcset":"https:\/\/i0.wp.com\/paulinenaue.info\/wp-content\/uploads\/2024\/06\/2024-06-09-Paulinenaue-Plakate-Europawahl.jpeg?resize=350%2C200&ssl=1 1x, https:\/\/i0.wp.com\/paulinenaue.info\/wp-content\/uploads\/2024\/06\/2024-06-09-Paulinenaue-Plakate-Europawahl.jpeg?resize=525%2C300&ssl=1 1.5x, https:\/\/i0.wp.com\/paulinenaue.info\/wp-content\/uploads\/2024\/06\/2024-06-09-Paulinenaue-Plakate-Europawahl.jpeg?resize=700%2C400&ssl=1 2x"},"classes":[]}],"_links":{"self":[{"href":"https:\/\/paulinenaue.info\/index.php\/wp-json\/wp\/v2\/posts\/1537","targetHints":{"allow":["GET"]}}],"collection":[{"href":"https:\/\/paulinenaue.info\/index.php\/wp-json\/wp\/v2\/posts"}],"about":[{"href":"https:\/\/paulinenaue.info\/index.php\/wp-json\/wp\/v2\/types\/post"}],"author":[{"embeddable":true,"href":"https:\/\/paulinenaue.info\/index.php\/wp-json\/wp\/v2\/users\/1"}],"replies":[{"embeddable":true,"href":"https:\/\/paulinenaue.info\/index.php\/wp-json\/wp\/v2\/comments?post=1537"}],"version-history":[{"count":18,"href":"https:\/\/paulinenaue.info\/index.php\/wp-json\/wp\/v2\/posts\/1537\/revisions"}],"predecessor-version":[{"id":1559,"href":"https:\/\/paulinenaue.info\/index.php\/wp-json\/wp\/v2\/posts\/1537\/revisions\/1559"}],"wp:featuredmedia":[{"embeddable":true,"href":"https:\/\/paulinenaue.info\/index.php\/wp-json\/wp\/v2\/media\/1540"}],"wp:attachment":[{"href":"https:\/\/paulinenaue.info\/index.php\/wp-json\/wp\/v2\/media?parent=1537"}],"wp:term":[{"taxonomy":"category","embeddable":true,"href":"https:\/\/paulinenaue.info\/index.php\/wp-json\/wp\/v2\/categories?post=1537"},{"taxonomy":"post_tag","embeddable":true,"href":"https:\/\/paulinenaue.info\/index.php\/wp-json\/wp\/v2\/tags?post=1537"}],"curies":[{"name":"wp","href":"https:\/\/api.w.org\/{rel}","templated":true}]}}