{"id":162,"date":"2016-03-22T14:28:37","date_gmt":"2016-03-22T13:28:37","guid":{"rendered":"https:\/\/sudile.com\/paue\/?p=162"},"modified":"2016-09-18T10:43:17","modified_gmt":"2016-09-18T08:43:17","slug":"die-gruenflaeche-am-bahnhof-nach-der-fertigstellung-kritik-an-fehlender-rasenpflege","status":"publish","type":"post","link":"https:\/\/paulinenaue.info\/index.php\/die-gruenflaeche-am-bahnhof-nach-der-fertigstellung-kritik-an-fehlender-rasenpflege\/","title":{"rendered":"Die Gr\u00fcnfl\u00e4che am Bahnhof nach der Fertigstellung \u2013 Kritik an fehlender Rasenpflege"},"content":{"rendered":"<p class=\"autor\"><em>Joachim Scholz<\/em><\/p>\n<p>09.07.2011. Die Gestaltung der Gr\u00fcnfl\u00e4che vor dem Bahnhof sei nunmehr abgeschlossen, teilte Mitte Mai 2011 Frank Schulze vom B\u00fcro f\u00fcr Umweltplanung mit. Sie habe sich am finanziellen Rahmen und daran ausgerichtet, welche Objekte im F\u00f6rderungsrahmen lagen. \u201eEs erfolgte\u201c, so Schulze, \u201eeine zweimalige Vorstellung und Diskussion in der Gemeindevertretung, so dass im Endeffekt die jetzige kleine kosteng\u00fcnstige Anlage daraus entstand. Es wurde auch versucht, gem\u00e4\u00df letztj\u00e4hrigem Gespr\u00e4ch mit dem Kulturverein, die Sichtachse auf den Westfl\u00fcgel nicht zu verstellen bzw. m\u00f6glichst keine gro\u00dfkronigen B\u00e4ume zu verwenden.\u201c Tats\u00e4chlich sind einige Pl\u00e4ne des Kulturvereins zur Gestaltung des Platzes vom Verein nicht weiter verfolgt und andere &#8211; wie die Beibehaltung der Reste der fr\u00fcheren Obstbaumbepflanzung &#8211; von den Ausf\u00fchrenden nicht weiter beachtet worden. Dennoch kann man mit dem Ergebnis vorerst mehr als zufrieden sein. Der durch den Abriss des Konsums und die Neugestaltung erzielte Gewinn f\u00fcr das Ortsbild ist augenf\u00e4llig.<\/p>\n<p>Berechtigte Kritik macht sich an der weiteren Pflege des Bahnhofsparks nach dessen Fertigstellung fest. \u201eAuf den &#8218;Gr\u00fcnfl\u00e4chen&#8216; neben den neugepflasterten Wegen ist Rasenansaat aufgebracht &#8211; jedoch ohne bew\u00e4ssert zu sein, nach tagelanger Trockenheit. Ob hier die Saat wohl aufgeht?\u201c fragte schon am 22. Mai Ingo Ludwig, der sicher nicht der Einzige in Ort war, dem die Vernachl\u00e4ssigung der neuen Gr\u00fcnfl\u00e4chen aufgefallen war. Mittlerweile hat sich einiges verwachsen, stellenweise sind aber kahle Stellen noch immer zu erkennen.<\/p>\n<p class=\"bildunterschrift-ng\"><img class=\"lazyload\" decoding=\"async\" title=\"In den ersten Maitagen ist auf dem Areal mit der Wegepflasterung begonnen worden und ein Kreis von B\u00e4nken ist entstanden\" src=\"data:image\/gif;base64,R0lGODlhAQABAAAAACH5BAEKAAEALAAAAAABAAEAAAICTAEAOw==\" data-orig-src=\"http:\/\/paulinenaue.info\/neues\/neues_2011\/fotos\/2011\/20110510_bahnhofspark_02.jpg\" alt=\"Freifl\u00e4che am Bahnhofsvorplatz\" \/><br \/>\nIn den ersten Maitagen ist auf dem Areal mit der Wegepflasterung begonnen worden und ein Kreis von B\u00e4nken ist entstanden. Foto: Joachim Scholz, 2011.<\/p>\n<p><img class=\"lazyload\" decoding=\"async\" title=\"Drei M\u00e4dchen flanieren \u00fcber den Platz.\" src=\"data:image\/gif;base64,R0lGODlhAQABAAAAACH5BAEKAAEALAAAAAABAAEAAAICTAEAOw==\" data-orig-src=\"http:\/\/paulinenaue.info\/neues\/neues_2011\/fotos\/2011\/20110513_bahnhof_bahnhofspark_01.jpg\" alt=\"M\u00e4dchen\" \/><br \/>\nJugend testet die neuen Verh\u00e4ltnisse. Foto: Joachim Scholz, 2011.<\/p>\n<p><img class=\"lazyload\" decoding=\"async\" title=\"Rasen wird gewalzt.\" src=\"data:image\/gif;base64,R0lGODlhAQABAAAAACH5BAEKAAEALAAAAAABAAEAAAICTAEAOw==\" data-orig-src=\"http:\/\/paulinenaue.info\/neues\/neues_2011\/fotos\/2011\/20110516_bahnhofspark_01.jpg\" alt=\"Rasen\" \/><br \/>\nAm 16. Mai wird der neu anges\u00e4hte Rasen gewalzt, doch wird sp\u00e4ter vergessen, ihn auch zu w\u00e4ssern. Foto: Joachim Scholz, 2011.<\/p>\n<p><img class=\"lazyload\" decoding=\"async\" title=\"Blick \u00fcber den fertigen Platz\" src=\"data:image\/gif;base64,R0lGODlhAQABAAAAACH5BAEKAAEALAAAAAABAAEAAAICTAEAOw==\" data-orig-src=\"http:\/\/paulinenaue.info\/neues\/neues_2011\/fotos\/2011\/20110520_bahnhofspark_01_il.jpg\" alt=\"bahnhofspark\" \/><br \/>\nSehr h\u00fcbsch &#8211; der Bahnhofspark am 20. Mai. Foto: Ingo Ludwig, 2011.<\/p>\n<p><img class=\"lazyload\" decoding=\"async\" title=\"Rasen wird gewalzt.\" src=\"data:image\/gif;base64,R0lGODlhAQABAAAAACH5BAEKAAEALAAAAAABAAEAAAICTAEAOw==\" data-orig-src=\"http:\/\/paulinenaue.info\/neues\/neues_2011\/fotos\/2011\/20110709_bahnhofspark_01.jpg\" alt=\"Rasen\" \/><br \/>\n(Fast) alles gr\u00fcnt: trotz der Vernachl\u00e4ssigungen hat sich die Grasansaat einigerma\u00dfen entwickelt, wie sich auf diesem im Juli aufgenommenen Bild zeigt. Auf heimischen Rasen w\u00fcrde man sich aber mit einem solchen Ergebnis eher nicht zufrieden geben. Das Problem ist in diesem Fall hausgemacht. Foto: Joachim Scholz, 2011.<\/p>\n","protected":false},"excerpt":{"rendered":"<p>Joachim Scholz 09.07.2011. Die Gestaltung der Gr\u00fcnfl\u00e4che vor dem Bahnhof [&hellip;]<\/p>\n","protected":false},"author":1,"featured_media":331,"comment_status":"open","ping_status":"open","sticky":false,"template":"","format":"standard","meta":{"_acf_changed":false,"_price":"","_stock":"","_tribe_ticket_header":"","_tribe_default_ticket_provider":"","_tribe_ticket_capacity":"0","_ticket_start_date":"","_ticket_end_date":"","_tribe_ticket_show_description":"","_tribe_ticket_show_not_going":false,"_tribe_ticket_use_global_stock":"","_tribe_ticket_global_stock_level":"","_global_stock_mode":"","_global_stock_cap":"","_tribe_rsvp_for_event":"","_tribe_ticket_going_count":"","_tribe_ticket_not_going_count":"","_tribe_tickets_list":"[]","_tribe_ticket_has_attendee_info_fields":false,"jetpack_post_was_ever_published":false,"_jetpack_newsletter_access":"","_jetpack_dont_email_post_to_subs":false,"_jetpack_newsletter_tier_id":0,"_jetpack_memberships_contains_paywalled_content":false,"_jetpack_memberships_contains_paid_content":false,"footnotes":"","jetpack_publicize_message":"","jetpack_publicize_feature_enabled":true,"jetpack_social_post_already_shared":false,"jetpack_social_options":{"image_generator_settings":{"template":"highway","default_image_id":0,"font":"","enabled":false},"version":2}},"categories":[40],"tags":[21,66,65],"class_list":["post-162","post","type-post","status-publish","format-standard","has-post-thumbnail","hentry","category-dorfentwicklung","tag-bahnhof","tag-gruenflaeche","tag-spielplatz"],"acf":[],"yoast_head":"<!-- This site is optimized with the Yoast SEO plugin v27.5 - https:\/\/yoast.com\/product\/yoast-seo-wordpress\/ -->\n<title>Die Gr\u00fcnfl\u00e4che am Bahnhof nach der Fertigstellung \u2013 Kritik an fehlender Rasenpflege - Paulinenaue<\/title>\n<meta name=\"robots\" content=\"index, follow, max-snippet:-1, max-image-preview:large, max-video-preview:-1\" \/>\n<link rel=\"canonical\" href=\"https:\/\/paulinenaue.info\/index.php\/die-gruenflaeche-am-bahnhof-nach-der-fertigstellung-kritik-an-fehlender-rasenpflege\/\" \/>\n<meta property=\"og:locale\" content=\"de_DE\" \/>\n<meta property=\"og:type\" content=\"article\" \/>\n<meta property=\"og:title\" content=\"Die Gr\u00fcnfl\u00e4che am Bahnhof nach der Fertigstellung \u2013 Kritik an fehlender Rasenpflege - Paulinenaue\" \/>\n<meta property=\"og:description\" content=\"Joachim Scholz 09.07.2011. Die Gestaltung der Gr\u00fcnfl\u00e4che vor dem Bahnhof [&hellip;]\" \/>\n<meta property=\"og:url\" content=\"https:\/\/paulinenaue.info\/index.php\/die-gruenflaeche-am-bahnhof-nach-der-fertigstellung-kritik-an-fehlender-rasenpflege\/\" \/>\n<meta property=\"og:site_name\" content=\"Paulinenaue\" \/>\n<meta property=\"article:published_time\" content=\"2016-03-22T13:28:37+00:00\" \/>\n<meta property=\"article:modified_time\" content=\"2016-09-18T08:43:17+00:00\" \/>\n<meta property=\"og:image\" content=\"https:\/\/i1.wp.com\/paulinenaue.info\/wp-content\/uploads\/2016\/03\/20110709_bahnhofspark_01.jpg?fit=500%2C375&ssl=1\" \/>\n\t<meta property=\"og:image:width\" content=\"500\" \/>\n\t<meta property=\"og:image:height\" content=\"375\" \/>\n\t<meta property=\"og:image:type\" content=\"image\/jpeg\" \/>\n<meta name=\"author\" content=\"Joachim Scholz\" \/>\n<meta name=\"twitter:card\" content=\"summary_large_image\" \/>\n<meta name=\"twitter:label1\" content=\"Verfasst von\" \/>\n\t<meta name=\"twitter:data1\" content=\"Joachim Scholz\" \/>\n\t<meta name=\"twitter:label2\" content=\"Gesch\u00e4tzte Lesezeit\" \/>\n\t<meta name=\"twitter:data2\" content=\"2\u00a0Minuten\" \/>\n<script type=\"application\/ld+json\" class=\"yoast-schema-graph\">{\"@context\":\"https:\\\/\\\/schema.org\",\"@graph\":[{\"@type\":\"Article\",\"@id\":\"https:\\\/\\\/paulinenaue.info\\\/index.php\\\/die-gruenflaeche-am-bahnhof-nach-der-fertigstellung-kritik-an-fehlender-rasenpflege\\\/#article\",\"isPartOf\":{\"@id\":\"https:\\\/\\\/paulinenaue.info\\\/index.php\\\/die-gruenflaeche-am-bahnhof-nach-der-fertigstellung-kritik-an-fehlender-rasenpflege\\\/\"},\"author\":{\"name\":\"Joachim Scholz\",\"@id\":\"https:\\\/\\\/paulinenaue.info\\\/#\\\/schema\\\/person\\\/3f9e818fd7b69b0d2bd937ac506897cc\"},\"headline\":\"Die Gr\u00fcnfl\u00e4che am Bahnhof nach der Fertigstellung \u2013 Kritik an fehlender Rasenpflege\",\"datePublished\":\"2016-03-22T13:28:37+00:00\",\"dateModified\":\"2016-09-18T08:43:17+00:00\",\"mainEntityOfPage\":{\"@id\":\"https:\\\/\\\/paulinenaue.info\\\/index.php\\\/die-gruenflaeche-am-bahnhof-nach-der-fertigstellung-kritik-an-fehlender-rasenpflege\\\/\"},\"wordCount\":373,\"commentCount\":0,\"image\":{\"@id\":\"https:\\\/\\\/paulinenaue.info\\\/index.php\\\/die-gruenflaeche-am-bahnhof-nach-der-fertigstellung-kritik-an-fehlender-rasenpflege\\\/#primaryimage\"},\"thumbnailUrl\":\"https:\\\/\\\/paulinenaue.info\\\/wp-content\\\/uploads\\\/2016\\\/03\\\/20110709_bahnhofspark_01.jpg\",\"keywords\":[\"Bahnhof\",\"Gr\u00fcnfl\u00e4che\",\"Spielplatz\"],\"articleSection\":[\"Dorfentwicklung\"],\"inLanguage\":\"de\",\"potentialAction\":[{\"@type\":\"CommentAction\",\"name\":\"Comment\",\"target\":[\"https:\\\/\\\/paulinenaue.info\\\/index.php\\\/die-gruenflaeche-am-bahnhof-nach-der-fertigstellung-kritik-an-fehlender-rasenpflege\\\/#respond\"]}]},{\"@type\":\"WebPage\",\"@id\":\"https:\\\/\\\/paulinenaue.info\\\/index.php\\\/die-gruenflaeche-am-bahnhof-nach-der-fertigstellung-kritik-an-fehlender-rasenpflege\\\/\",\"url\":\"https:\\\/\\\/paulinenaue.info\\\/index.php\\\/die-gruenflaeche-am-bahnhof-nach-der-fertigstellung-kritik-an-fehlender-rasenpflege\\\/\",\"name\":\"Die Gr\u00fcnfl\u00e4che am Bahnhof nach der Fertigstellung \u2013 Kritik an fehlender Rasenpflege - Paulinenaue\",\"isPartOf\":{\"@id\":\"https:\\\/\\\/paulinenaue.info\\\/#website\"},\"primaryImageOfPage\":{\"@id\":\"https:\\\/\\\/paulinenaue.info\\\/index.php\\\/die-gruenflaeche-am-bahnhof-nach-der-fertigstellung-kritik-an-fehlender-rasenpflege\\\/#primaryimage\"},\"image\":{\"@id\":\"https:\\\/\\\/paulinenaue.info\\\/index.php\\\/die-gruenflaeche-am-bahnhof-nach-der-fertigstellung-kritik-an-fehlender-rasenpflege\\\/#primaryimage\"},\"thumbnailUrl\":\"https:\\\/\\\/paulinenaue.info\\\/wp-content\\\/uploads\\\/2016\\\/03\\\/20110709_bahnhofspark_01.jpg\",\"datePublished\":\"2016-03-22T13:28:37+00:00\",\"dateModified\":\"2016-09-18T08:43:17+00:00\",\"author\":{\"@id\":\"https:\\\/\\\/paulinenaue.info\\\/#\\\/schema\\\/person\\\/3f9e818fd7b69b0d2bd937ac506897cc\"},\"breadcrumb\":{\"@id\":\"https:\\\/\\\/paulinenaue.info\\\/index.php\\\/die-gruenflaeche-am-bahnhof-nach-der-fertigstellung-kritik-an-fehlender-rasenpflege\\\/#breadcrumb\"},\"inLanguage\":\"de\",\"potentialAction\":[{\"@type\":\"ReadAction\",\"target\":[\"https:\\\/\\\/paulinenaue.info\\\/index.php\\\/die-gruenflaeche-am-bahnhof-nach-der-fertigstellung-kritik-an-fehlender-rasenpflege\\\/\"]}]},{\"@type\":\"ImageObject\",\"inLanguage\":\"de\",\"@id\":\"https:\\\/\\\/paulinenaue.info\\\/index.php\\\/die-gruenflaeche-am-bahnhof-nach-der-fertigstellung-kritik-an-fehlender-rasenpflege\\\/#primaryimage\",\"url\":\"https:\\\/\\\/paulinenaue.info\\\/wp-content\\\/uploads\\\/2016\\\/03\\\/20110709_bahnhofspark_01.jpg\",\"contentUrl\":\"https:\\\/\\\/paulinenaue.info\\\/wp-content\\\/uploads\\\/2016\\\/03\\\/20110709_bahnhofspark_01.jpg\",\"width\":500,\"height\":375},{\"@type\":\"BreadcrumbList\",\"@id\":\"https:\\\/\\\/paulinenaue.info\\\/index.php\\\/die-gruenflaeche-am-bahnhof-nach-der-fertigstellung-kritik-an-fehlender-rasenpflege\\\/#breadcrumb\",\"itemListElement\":[{\"@type\":\"ListItem\",\"position\":1,\"name\":\"Home\",\"item\":\"https:\\\/\\\/paulinenaue.info\\\/\"},{\"@type\":\"ListItem\",\"position\":2,\"name\":\"Die Gr\u00fcnfl\u00e4che am Bahnhof nach der Fertigstellung \u2013 Kritik an fehlender Rasenpflege\"}]},{\"@type\":\"WebSite\",\"@id\":\"https:\\\/\\\/paulinenaue.info\\\/#website\",\"url\":\"https:\\\/\\\/paulinenaue.info\\\/\",\"name\":\"Paulinenaue\",\"description\":\"Ein Dorf im Havelland\",\"potentialAction\":[{\"@type\":\"SearchAction\",\"target\":{\"@type\":\"EntryPoint\",\"urlTemplate\":\"https:\\\/\\\/paulinenaue.info\\\/?s={search_term_string}\"},\"query-input\":{\"@type\":\"PropertyValueSpecification\",\"valueRequired\":true,\"valueName\":\"search_term_string\"}}],\"inLanguage\":\"de\"},{\"@type\":\"Person\",\"@id\":\"https:\\\/\\\/paulinenaue.info\\\/#\\\/schema\\\/person\\\/3f9e818fd7b69b0d2bd937ac506897cc\",\"name\":\"Joachim Scholz\",\"url\":\"https:\\\/\\\/paulinenaue.info\\\/index.php\\\/author\\\/jjscholz\\\/\"}]}<\/script>\n<!-- \/ Yoast SEO plugin. -->","yoast_head_json":{"title":"Die Gr\u00fcnfl\u00e4che am Bahnhof nach der Fertigstellung \u2013 Kritik an fehlender Rasenpflege - Paulinenaue","robots":{"index":"index","follow":"follow","max-snippet":"max-snippet:-1","max-image-preview":"max-image-preview:large","max-video-preview":"max-video-preview:-1"},"canonical":"https:\/\/paulinenaue.info\/index.php\/die-gruenflaeche-am-bahnhof-nach-der-fertigstellung-kritik-an-fehlender-rasenpflege\/","og_locale":"de_DE","og_type":"article","og_title":"Die Gr\u00fcnfl\u00e4che am Bahnhof nach der Fertigstellung \u2013 Kritik an fehlender Rasenpflege - Paulinenaue","og_description":"Joachim Scholz 09.07.2011. Die Gestaltung der Gr\u00fcnfl\u00e4che vor dem Bahnhof [&hellip;]","og_url":"https:\/\/paulinenaue.info\/index.php\/die-gruenflaeche-am-bahnhof-nach-der-fertigstellung-kritik-an-fehlender-rasenpflege\/","og_site_name":"Paulinenaue","article_published_time":"2016-03-22T13:28:37+00:00","article_modified_time":"2016-09-18T08:43:17+00:00","og_image":[{"width":500,"height":375,"url":"https:\/\/i1.wp.com\/paulinenaue.info\/wp-content\/uploads\/2016\/03\/20110709_bahnhofspark_01.jpg?fit=500%2C375&ssl=1","type":"image\/jpeg"}],"author":"Joachim Scholz","twitter_card":"summary_large_image","twitter_misc":{"Verfasst von":"Joachim Scholz","Gesch\u00e4tzte Lesezeit":"2\u00a0Minuten"},"schema":{"@context":"https:\/\/schema.org","@graph":[{"@type":"Article","@id":"https:\/\/paulinenaue.info\/index.php\/die-gruenflaeche-am-bahnhof-nach-der-fertigstellung-kritik-an-fehlender-rasenpflege\/#article","isPartOf":{"@id":"https:\/\/paulinenaue.info\/index.php\/die-gruenflaeche-am-bahnhof-nach-der-fertigstellung-kritik-an-fehlender-rasenpflege\/"},"author":{"name":"Joachim Scholz","@id":"https:\/\/paulinenaue.info\/#\/schema\/person\/3f9e818fd7b69b0d2bd937ac506897cc"},"headline":"Die Gr\u00fcnfl\u00e4che am Bahnhof nach der Fertigstellung \u2013 Kritik an fehlender Rasenpflege","datePublished":"2016-03-22T13:28:37+00:00","dateModified":"2016-09-18T08:43:17+00:00","mainEntityOfPage":{"@id":"https:\/\/paulinenaue.info\/index.php\/die-gruenflaeche-am-bahnhof-nach-der-fertigstellung-kritik-an-fehlender-rasenpflege\/"},"wordCount":373,"commentCount":0,"image":{"@id":"https:\/\/paulinenaue.info\/index.php\/die-gruenflaeche-am-bahnhof-nach-der-fertigstellung-kritik-an-fehlender-rasenpflege\/#primaryimage"},"thumbnailUrl":"https:\/\/paulinenaue.info\/wp-content\/uploads\/2016\/03\/20110709_bahnhofspark_01.jpg","keywords":["Bahnhof","Gr\u00fcnfl\u00e4che","Spielplatz"],"articleSection":["Dorfentwicklung"],"inLanguage":"de","potentialAction":[{"@type":"CommentAction","name":"Comment","target":["https:\/\/paulinenaue.info\/index.php\/die-gruenflaeche-am-bahnhof-nach-der-fertigstellung-kritik-an-fehlender-rasenpflege\/#respond"]}]},{"@type":"WebPage","@id":"https:\/\/paulinenaue.info\/index.php\/die-gruenflaeche-am-bahnhof-nach-der-fertigstellung-kritik-an-fehlender-rasenpflege\/","url":"https:\/\/paulinenaue.info\/index.php\/die-gruenflaeche-am-bahnhof-nach-der-fertigstellung-kritik-an-fehlender-rasenpflege\/","name":"Die Gr\u00fcnfl\u00e4che am Bahnhof nach der Fertigstellung \u2013 Kritik an fehlender Rasenpflege - Paulinenaue","isPartOf":{"@id":"https:\/\/paulinenaue.info\/#website"},"primaryImageOfPage":{"@id":"https:\/\/paulinenaue.info\/index.php\/die-gruenflaeche-am-bahnhof-nach-der-fertigstellung-kritik-an-fehlender-rasenpflege\/#primaryimage"},"image":{"@id":"https:\/\/paulinenaue.info\/index.php\/die-gruenflaeche-am-bahnhof-nach-der-fertigstellung-kritik-an-fehlender-rasenpflege\/#primaryimage"},"thumbnailUrl":"https:\/\/paulinenaue.info\/wp-content\/uploads\/2016\/03\/20110709_bahnhofspark_01.jpg","datePublished":"2016-03-22T13:28:37+00:00","dateModified":"2016-09-18T08:43:17+00:00","author":{"@id":"https:\/\/paulinenaue.info\/#\/schema\/person\/3f9e818fd7b69b0d2bd937ac506897cc"},"breadcrumb":{"@id":"https:\/\/paulinenaue.info\/index.php\/die-gruenflaeche-am-bahnhof-nach-der-fertigstellung-kritik-an-fehlender-rasenpflege\/#breadcrumb"},"inLanguage":"de","potentialAction":[{"@type":"ReadAction","target":["https:\/\/paulinenaue.info\/index.php\/die-gruenflaeche-am-bahnhof-nach-der-fertigstellung-kritik-an-fehlender-rasenpflege\/"]}]},{"@type":"ImageObject","inLanguage":"de","@id":"https:\/\/paulinenaue.info\/index.php\/die-gruenflaeche-am-bahnhof-nach-der-fertigstellung-kritik-an-fehlender-rasenpflege\/#primaryimage","url":"https:\/\/paulinenaue.info\/wp-content\/uploads\/2016\/03\/20110709_bahnhofspark_01.jpg","contentUrl":"https:\/\/paulinenaue.info\/wp-content\/uploads\/2016\/03\/20110709_bahnhofspark_01.jpg","width":500,"height":375},{"@type":"BreadcrumbList","@id":"https:\/\/paulinenaue.info\/index.php\/die-gruenflaeche-am-bahnhof-nach-der-fertigstellung-kritik-an-fehlender-rasenpflege\/#breadcrumb","itemListElement":[{"@type":"ListItem","position":1,"name":"Home","item":"https:\/\/paulinenaue.info\/"},{"@type":"ListItem","position":2,"name":"Die Gr\u00fcnfl\u00e4che am Bahnhof nach der Fertigstellung \u2013 Kritik an fehlender Rasenpflege"}]},{"@type":"WebSite","@id":"https:\/\/paulinenaue.info\/#website","url":"https:\/\/paulinenaue.info\/","name":"Paulinenaue","description":"Ein Dorf im Havelland","potentialAction":[{"@type":"SearchAction","target":{"@type":"EntryPoint","urlTemplate":"https:\/\/paulinenaue.info\/?s={search_term_string}"},"query-input":{"@type":"PropertyValueSpecification","valueRequired":true,"valueName":"search_term_string"}}],"inLanguage":"de"},{"@type":"Person","@id":"https:\/\/paulinenaue.info\/#\/schema\/person\/3f9e818fd7b69b0d2bd937ac506897cc","name":"Joachim Scholz","url":"https:\/\/paulinenaue.info\/index.php\/author\/jjscholz\/"}]}},"jetpack_publicize_connections":[],"jetpack_featured_media_url":"https:\/\/paulinenaue.info\/wp-content\/uploads\/2016\/03\/20110709_bahnhofspark_01.jpg","jetpack_sharing_enabled":true,"jetpack_shortlink":"https:\/\/wp.me\/pcYhWA-2C","jetpack-related-posts":[{"id":166,"url":"https:\/\/paulinenaue.info\/index.php\/was-kommt-nach-dem-konsum\/","url_meta":{"origin":162,"position":0},"title":"Was kommt nach dem Konsum?","author":"Joachim Scholz","date":"9. April 2010","format":false,"excerpt":"09.04.2010. Die Gelegenheit zum \u201ePostkonsum-Denken\u201c ergriffen Mitglieder des Paulinenauer Kulturvereins an diesem Freitag, als sie sich gemeinsam mit Planer und Gemeindevertreter Frank Schulze \u00fcber die zuk\u00fcnftige Gestaltung des Gel\u00e4ndes der ehemaligen \"Konsum\"-Verkaufsst\u00e4tte austauschten. Nach dem Ankauf durch die Gemeinde vor einem Vierteljahr kann wom\u00f6glich bereits 2011 der gesichtslose Flachbau aus\u2026","rel":"","context":"In &quot;Bahnhof&quot;","block_context":{"text":"Bahnhof","link":"https:\/\/paulinenaue.info\/index.php\/category\/bahnhof\/"},"img":{"alt_text":"","src":"https:\/\/i0.wp.com\/paulinenaue.info\/wp-content\/uploads\/2016\/03\/20100409_konsum_planung_01.jpg?resize=350%2C200&ssl=1","width":350,"height":200},"classes":[]},{"id":1430,"url":"https:\/\/paulinenaue.info\/index.php\/erste-schritte-in-die-zukunft-des-paulinenauer-bahnhofsgebaeude\/","url_meta":{"origin":162,"position":1},"title":"Erste Schritte in die Zukunft des Paulinenauer Bahnhofsgeb\u00e4udes","author":"Joachim Scholz","date":"3. Februar 2008","format":false,"excerpt":"Im Bahnhof k\u00f6nnte wieder das Herz des Dorfes schlagen Ein Zeichen, dass in Paulinenaues Mitte etwas in Gang kommt, ist mit dem k\u00fcrzlich sanierten Bahnhofsvorplatz bereits gesetzt. Der schmucke Platz aber hat seit seiner Fertigstellung den Handlungsbedarf beim Bahnhofsgeb\u00e4ude selbst nur noch mehr hervortreten lassen und da die Gemeinde den\u2026","rel":"","context":"In &quot;Allgemein&quot;","block_context":{"text":"Allgemein","link":"https:\/\/paulinenaue.info\/index.php\/category\/allgemein\/"},"img":{"alt_text":"","src":"https:\/\/i0.wp.com\/paulinenaue.info\/wp-content\/uploads\/2019\/01\/2007-12-01-Bahnhof.jpg?resize=350%2C200&ssl=1","width":350,"height":200,"srcset":"https:\/\/i0.wp.com\/paulinenaue.info\/wp-content\/uploads\/2019\/01\/2007-12-01-Bahnhof.jpg?resize=350%2C200&ssl=1 1x, https:\/\/i0.wp.com\/paulinenaue.info\/wp-content\/uploads\/2019\/01\/2007-12-01-Bahnhof.jpg?resize=525%2C300&ssl=1 1.5x, https:\/\/i0.wp.com\/paulinenaue.info\/wp-content\/uploads\/2019\/01\/2007-12-01-Bahnhof.jpg?resize=700%2C400&ssl=1 2x"},"classes":[]},{"id":417887,"url":"https:\/\/paulinenaue.info\/index.php\/bahnhof-paulinenaue-knotenpunkt-adresse-und-moeglichkeitsraum\/","url_meta":{"origin":162,"position":2},"title":"Bahnhof Paulinenaue: Knotenpunkt, Adresse und M\u00f6glichkeitsraum","author":"Joachim Scholz","date":"18. Mai 2025","format":false,"excerpt":"Joachim Schultz-Granberg wuchs in Paulinenaue auf. Heute ist er Architekt, Stadtplaner und Professor f\u00fcr St\u00e4dtebau an der MSA | M\u00fcnster School of Architecture. Er geh\u00f6rt zum Team, das sich aktuell der Perspektivsuche f\u00fcr das Bahnhofsgeb\u00e4ude zusammengefunden hat und unterbreitet hier seine Vision f\u00fcr das Bahnhofsgeb\u00e4ude.\u00a0\u00a0 Ausgangspunkt Das 1847 erbaute Bahnhofsgeb\u00e4ude\u2026","rel":"","context":"In &quot;Bahnhof&quot;","block_context":{"text":"Bahnhof","link":"https:\/\/paulinenaue.info\/index.php\/category\/bahnhof\/"},"img":{"alt_text":"","src":"https:\/\/i0.wp.com\/paulinenaue.info\/wp-content\/uploads\/2025\/05\/2024-11-30-Bahnhof-Vogelperspektive-01.jpg?resize=350%2C200&ssl=1","width":350,"height":200,"srcset":"https:\/\/i0.wp.com\/paulinenaue.info\/wp-content\/uploads\/2025\/05\/2024-11-30-Bahnhof-Vogelperspektive-01.jpg?resize=350%2C200&ssl=1 1x, https:\/\/i0.wp.com\/paulinenaue.info\/wp-content\/uploads\/2025\/05\/2024-11-30-Bahnhof-Vogelperspektive-01.jpg?resize=525%2C300&ssl=1 1.5x, https:\/\/i0.wp.com\/paulinenaue.info\/wp-content\/uploads\/2025\/05\/2024-11-30-Bahnhof-Vogelperspektive-01.jpg?resize=700%2C400&ssl=1 2x"},"classes":[]},{"id":164,"url":"https:\/\/paulinenaue.info\/index.php\/in-paulinenaues-mitte-entsteht-kleiner-park\/","url_meta":{"origin":162,"position":3},"title":"In Paulinenaues Mitte entsteht ein kleiner Park","author":"Joachim Scholz","date":"23. April 2011","format":false,"excerpt":"Erste Bodenbewegungen lie\u00dfen bereits in den Ostertagen die Wegestruktur des kleinen Parks erkennen, der auf dem ehemaligen Konsumgel\u00e4nde entsteht. Der Abriss des \"Lypiko\" hatte im letzten Herbst den Platz zur Gestaltung frei gemacht. Man darf nun gespannt sein, wie sie ihren Fortgang nimmt. Vor einem Jahr hatte es ein Treffen\u2026","rel":"","context":"In &quot;Bahnhof&quot;","block_context":{"text":"Bahnhof","link":"https:\/\/paulinenaue.info\/index.php\/category\/bahnhof\/"},"img":{"alt_text":"","src":"https:\/\/i0.wp.com\/paulinenaue.info\/wp-content\/uploads\/2016\/03\/20110423_park_bahnhof_01.jpg?resize=350%2C200&ssl=1","width":350,"height":200},"classes":[]},{"id":416036,"url":"https:\/\/paulinenaue.info\/index.php\/spaziergang-durch-den-paulinenauer-bahnhof-im-februar-2024\/","url_meta":{"origin":162,"position":4},"title":"Spaziergang durch den Paulinenauer Bahnhof","author":"Joachim Scholz","date":"24. Februar 2024","format":false,"excerpt":"","rel":"","context":"In &quot;Allgemein&quot;","block_context":{"text":"Allgemein","link":"https:\/\/paulinenaue.info\/index.php\/category\/allgemein\/"},"img":{"alt_text":"","src":"https:\/\/i0.wp.com\/paulinenaue.info\/wp-content\/uploads\/2024\/02\/2024-02-11-Im-Bahnhof-01.jpeg?resize=350%2C200&ssl=1","width":350,"height":200,"srcset":"https:\/\/i0.wp.com\/paulinenaue.info\/wp-content\/uploads\/2024\/02\/2024-02-11-Im-Bahnhof-01.jpeg?resize=350%2C200&ssl=1 1x, https:\/\/i0.wp.com\/paulinenaue.info\/wp-content\/uploads\/2024\/02\/2024-02-11-Im-Bahnhof-01.jpeg?resize=525%2C300&ssl=1 1.5x, https:\/\/i0.wp.com\/paulinenaue.info\/wp-content\/uploads\/2024\/02\/2024-02-11-Im-Bahnhof-01.jpeg?resize=700%2C400&ssl=1 2x"},"classes":[]},{"id":2503,"url":"https:\/\/paulinenaue.info\/index.php\/tu-denkmalpfleger-zu-besuch-im-bahnhofsgebaeude\/","url_meta":{"origin":162,"position":5},"title":"TU-Denkmalpfleger zu Besuch im Bahnhofsgeb\u00e4ude","author":"Joachim Scholz","date":"6. Dezember 2018","format":false,"excerpt":"Am Nikolaustag besuchte ein Seminar der Technischen Universit\u00e4t Berlin Paulinenaue, um das Bahnhofsgeb\u00e4ude zu besichtigen. Kurz vor Einbruch der Dunkelheit kam die Gruppe aus elf Studierenden und den beiden Dozentinnen Frauke Michler und Kirsten Krempelin in Paulinenaue an. Zuvor hatten sie schon in Neustadt\/Dosse und in Friesack Gespr\u00e4che gef\u00fchrt. Das\u2026","rel":"","context":"In &quot;Allgemein&quot;","block_context":{"text":"Allgemein","link":"https:\/\/paulinenaue.info\/index.php\/category\/allgemein\/"},"img":{"alt_text":"","src":"https:\/\/i0.wp.com\/paulinenaue.info\/wp-content\/uploads\/2018\/12\/2018-12-06-Seminar-TU-Berlin.jpg?resize=350%2C200&ssl=1","width":350,"height":200,"srcset":"https:\/\/i0.wp.com\/paulinenaue.info\/wp-content\/uploads\/2018\/12\/2018-12-06-Seminar-TU-Berlin.jpg?resize=350%2C200&ssl=1 1x, https:\/\/i0.wp.com\/paulinenaue.info\/wp-content\/uploads\/2018\/12\/2018-12-06-Seminar-TU-Berlin.jpg?resize=525%2C300&ssl=1 1.5x, https:\/\/i0.wp.com\/paulinenaue.info\/wp-content\/uploads\/2018\/12\/2018-12-06-Seminar-TU-Berlin.jpg?resize=700%2C400&ssl=1 2x"},"classes":[]}],"_links":{"self":[{"href":"https:\/\/paulinenaue.info\/index.php\/wp-json\/wp\/v2\/posts\/162","targetHints":{"allow":["GET"]}}],"collection":[{"href":"https:\/\/paulinenaue.info\/index.php\/wp-json\/wp\/v2\/posts"}],"about":[{"href":"https:\/\/paulinenaue.info\/index.php\/wp-json\/wp\/v2\/types\/post"}],"author":[{"embeddable":true,"href":"https:\/\/paulinenaue.info\/index.php\/wp-json\/wp\/v2\/users\/1"}],"replies":[{"embeddable":true,"href":"https:\/\/paulinenaue.info\/index.php\/wp-json\/wp\/v2\/comments?post=162"}],"version-history":[{"count":2,"href":"https:\/\/paulinenaue.info\/index.php\/wp-json\/wp\/v2\/posts\/162\/revisions"}],"predecessor-version":[{"id":332,"href":"https:\/\/paulinenaue.info\/index.php\/wp-json\/wp\/v2\/posts\/162\/revisions\/332"}],"wp:featuredmedia":[{"embeddable":true,"href":"https:\/\/paulinenaue.info\/index.php\/wp-json\/wp\/v2\/media\/331"}],"wp:attachment":[{"href":"https:\/\/paulinenaue.info\/index.php\/wp-json\/wp\/v2\/media?parent=162"}],"wp:term":[{"taxonomy":"category","embeddable":true,"href":"https:\/\/paulinenaue.info\/index.php\/wp-json\/wp\/v2\/categories?post=162"},{"taxonomy":"post_tag","embeddable":true,"href":"https:\/\/paulinenaue.info\/index.php\/wp-json\/wp\/v2\/tags?post=162"}],"curies":[{"name":"wp","href":"https:\/\/api.w.org\/{rel}","templated":true}]}}