{"id":166,"date":"2010-04-09T14:37:58","date_gmt":"2010-04-09T12:37:58","guid":{"rendered":"https:\/\/sudile.com\/paue\/?p=166"},"modified":"2021-11-30T17:30:14","modified_gmt":"2021-11-30T16:30:14","slug":"was-kommt-nach-dem-konsum","status":"publish","type":"post","link":"https:\/\/paulinenaue.info\/index.php\/was-kommt-nach-dem-konsum\/","title":{"rendered":"Was kommt nach dem Konsum?"},"content":{"rendered":"<p>09.04.2010. Die Gelegenheit zum \u201ePostkonsum-Denken\u201c ergriffen Mitglieder des Paulinenauer Kulturvereins an diesem Freitag, als sie sich gemeinsam mit Planer und Gemeindevertreter Frank Schulze \u00fcber die zuk\u00fcnftige Gestaltung des Gel\u00e4ndes der ehemaligen &#8222;Konsum&#8220;-Verkaufsst\u00e4tte austauschten. Nach dem Ankauf durch die Gemeinde vor einem Vierteljahr kann wom\u00f6glich bereits 2011 der gesichtslose Flachbau aus DDR-Zeiten abgerissen werden. Auf diese Weise wird in der Ortsmitte ein Filetst\u00fcck von 1200 qm frei, das gewissenhaft gestaltet werden m\u00f6chte.<\/p>\n<div id=\"attachment_6367\" style=\"width: 610px\" class=\"wp-caption alignnone\"><a href=\"https:\/\/paulinenaue.info\/wp-content\/uploads\/2016\/03\/DSC03516.jpg\"><img decoding=\"async\" aria-describedby=\"caption-attachment-6367\" data-attachment-id=\"6367\" data-permalink=\"https:\/\/paulinenaue.info\/index.php\/was-kommt-nach-dem-konsum\/dsc03516-jpg\/\" data-orig-file=\"https:\/\/paulinenaue.info\/wp-content\/uploads\/2016\/03\/DSC03516.jpg\" data-orig-size=\"1000,678\" data-comments-opened=\"1\" data-image-meta=\"{&quot;aperture&quot;:&quot;4&quot;,&quot;credit&quot;:&quot;&quot;,&quot;camera&quot;:&quot;DSC-HX1&quot;,&quot;caption&quot;:&quot;Paulinenaue, Konsum, Lypiko, Bahnhof, Kulturverein, Frank Schulze, Helga Breder, Gisela R\\u00fccker, Hans Winkler&quot;,&quot;created_timestamp&quot;:&quot;1270834681&quot;,&quot;copyright&quot;:&quot;&quot;,&quot;focal_length&quot;:&quot;5&quot;,&quot;iso&quot;:&quot;125&quot;,&quot;shutter_speed&quot;:&quot;0.008&quot;,&quot;title&quot;:&quot;DSC03516.JPG&quot;,&quot;orientation&quot;:&quot;1&quot;}\" data-image-title=\"DSC03516.JPG\" data-image-description=\"\" data-image-caption=\"&lt;p&gt;Paulinenaue, Konsum, Lypiko, Bahnhof, Kulturverein, Frank Schulze, Helga Breder, Gisela R\u00fccker, Hans Winkler&lt;\/p&gt;\n\" data-large-file=\"https:\/\/paulinenaue.info\/wp-content\/uploads\/2016\/03\/DSC03516.jpg\" class=\"lazyload wp-image-6367 size-fusion-600\" src=\"https:\/\/paulinenaue.info\/wp-content\/uploads\/2016\/03\/DSC03516-600x407.jpg\" data-orig-src=\"https:\/\/paulinenaue.info\/wp-content\/uploads\/2016\/03\/DSC03516-600x407.jpg\" alt=\"\" width=\"600\" height=\"407\" srcset=\"data:image\/svg+xml,%3Csvg%20xmlns%3D%27http%3A%2F%2Fwww.w3.org%2F2000%2Fsvg%27%20width%3D%27600%27%20height%3D%27407%27%20viewBox%3D%270%200%20600%20407%27%3E%3Crect%20width%3D%27600%27%20height%3D%27407%27%20fill-opacity%3D%220%22%2F%3E%3C%2Fsvg%3E\" data-srcset=\"https:\/\/paulinenaue.info\/wp-content\/uploads\/2016\/03\/DSC03516-200x136.jpg 200w, https:\/\/paulinenaue.info\/wp-content\/uploads\/2016\/03\/DSC03516-300x203.jpg 300w, https:\/\/paulinenaue.info\/wp-content\/uploads\/2016\/03\/DSC03516-400x271.jpg 400w, https:\/\/paulinenaue.info\/wp-content\/uploads\/2016\/03\/DSC03516-600x407.jpg 600w, https:\/\/paulinenaue.info\/wp-content\/uploads\/2016\/03\/DSC03516-768x521.jpg 768w, https:\/\/paulinenaue.info\/wp-content\/uploads\/2016\/03\/DSC03516-800x542.jpg 800w, https:\/\/paulinenaue.info\/wp-content\/uploads\/2016\/03\/DSC03516.jpg 1000w\" data-sizes=\"auto\" data-orig-sizes=\"(max-width: 600px) 100vw, 600px\" \/><\/a><p id=\"caption-attachment-6367\" class=\"wp-caption-text\">Bald kreuzen sich hier zwei Radwege mit Eisenbahn und Kreisstra\u00dfe und es ist abzusehen, dass Paulinenaue zu einem Knotenpunkt des Fahrradtourismus wird. Mit dem Abriss des Konsums wird aber auch die vor 34 Jahren verstellte Sichtachse auf das Empfangsgeb\u00e4ude des Bahnhofs wieder entstehen. Foto: Joachim Scholz, 2010.<\/p><\/div>\n<p>&nbsp;<\/p>\n<div id=\"attachment_6368\" style=\"width: 610px\" class=\"wp-caption alignnone\"><a href=\"https:\/\/paulinenaue.info\/wp-content\/uploads\/2016\/03\/DSC03521.jpg\"><img decoding=\"async\" aria-describedby=\"caption-attachment-6368\" data-attachment-id=\"6368\" data-permalink=\"https:\/\/paulinenaue.info\/index.php\/was-kommt-nach-dem-konsum\/dsc03521-jpg\/\" data-orig-file=\"https:\/\/paulinenaue.info\/wp-content\/uploads\/2016\/03\/DSC03521.jpg\" data-orig-size=\"1000,750\" data-comments-opened=\"1\" data-image-meta=\"{&quot;aperture&quot;:&quot;3.2&quot;,&quot;credit&quot;:&quot;&quot;,&quot;camera&quot;:&quot;DSC-HX1&quot;,&quot;caption&quot;:&quot;Paulinenaue, Konsum, Lypiko, Bahnhof, Kulturverein, Frank Schulze, Park, Planung&quot;,&quot;created_timestamp&quot;:&quot;1270835413&quot;,&quot;copyright&quot;:&quot;&quot;,&quot;focal_length&quot;:&quot;5&quot;,&quot;iso&quot;:&quot;125&quot;,&quot;shutter_speed&quot;:&quot;0.0125&quot;,&quot;title&quot;:&quot;DSC03521.JPG&quot;,&quot;orientation&quot;:&quot;1&quot;}\" data-image-title=\"DSC03521.JPG\" data-image-description=\"\" data-image-caption=\"&lt;p&gt;Paulinenaue, Konsum, Lypiko, Bahnhof, Kulturverein, Frank Schulze, Park, Planung&lt;\/p&gt;\n\" data-large-file=\"https:\/\/paulinenaue.info\/wp-content\/uploads\/2016\/03\/DSC03521.jpg\" class=\"lazyload wp-image-6368 size-fusion-600\" src=\"https:\/\/paulinenaue.info\/wp-content\/uploads\/2016\/03\/DSC03521-600x450.jpg\" data-orig-src=\"https:\/\/paulinenaue.info\/wp-content\/uploads\/2016\/03\/DSC03521-600x450.jpg\" alt=\"\" width=\"600\" height=\"450\" srcset=\"data:image\/svg+xml,%3Csvg%20xmlns%3D%27http%3A%2F%2Fwww.w3.org%2F2000%2Fsvg%27%20width%3D%27600%27%20height%3D%27450%27%20viewBox%3D%270%200%20600%20450%27%3E%3Crect%20width%3D%27600%27%20height%3D%27450%27%20fill-opacity%3D%220%22%2F%3E%3C%2Fsvg%3E\" data-srcset=\"https:\/\/paulinenaue.info\/wp-content\/uploads\/2016\/03\/DSC03521-200x150.jpg 200w, https:\/\/paulinenaue.info\/wp-content\/uploads\/2016\/03\/DSC03521-300x225.jpg 300w, https:\/\/paulinenaue.info\/wp-content\/uploads\/2016\/03\/DSC03521-400x300.jpg 400w, https:\/\/paulinenaue.info\/wp-content\/uploads\/2016\/03\/DSC03521-600x450.jpg 600w, https:\/\/paulinenaue.info\/wp-content\/uploads\/2016\/03\/DSC03521-768x576.jpg 768w, https:\/\/paulinenaue.info\/wp-content\/uploads\/2016\/03\/DSC03521-800x600.jpg 800w, https:\/\/paulinenaue.info\/wp-content\/uploads\/2016\/03\/DSC03521.jpg 1000w\" data-sizes=\"auto\" data-orig-sizes=\"(max-width: 600px) 100vw, 600px\" \/><\/a><p id=\"caption-attachment-6368\" class=\"wp-caption-text\">Planungen f\u00fcr Paulinenaues Mitte. Den ersten \u00dcberlegungen zufolge k\u00f6nnte der entstehende Park u.a. eine Infotafel \u00fcber Paulinenaue, Obstb\u00e4ume und als Pendant zum Denkmal vor der Paulinen-Apotheke in Neuruppin eine Erinnerung an die Eisenbahn &#8222;Pauline&#8220; erhalten. Der Paulinenauer Kulturverein m\u00f6chte der Gemeinde bei allen \u00dcberlegungen zur Seite stehen. Foto: Joachim Scholz, 2010.<\/p><\/div>\n<p>&nbsp;<\/p>\n<div id=\"attachment_6369\" style=\"width: 610px\" class=\"wp-caption alignnone\"><a href=\"https:\/\/paulinenaue.info\/wp-content\/uploads\/2016\/03\/DSC03522.jpg\"><img decoding=\"async\" aria-describedby=\"caption-attachment-6369\" data-attachment-id=\"6369\" data-permalink=\"https:\/\/paulinenaue.info\/index.php\/was-kommt-nach-dem-konsum\/dsc03522-jpg\/\" data-orig-file=\"https:\/\/paulinenaue.info\/wp-content\/uploads\/2016\/03\/DSC03522.jpg\" data-orig-size=\"1000,750\" data-comments-opened=\"1\" data-image-meta=\"{&quot;aperture&quot;:&quot;4&quot;,&quot;credit&quot;:&quot;&quot;,&quot;camera&quot;:&quot;DSC-HX1&quot;,&quot;caption&quot;:&quot;Paulinenaue, Konsum, Lypiko, Bahnhof, Schandfleck&quot;,&quot;created_timestamp&quot;:&quot;1270835593&quot;,&quot;copyright&quot;:&quot;&quot;,&quot;focal_length&quot;:&quot;5&quot;,&quot;iso&quot;:&quot;125&quot;,&quot;shutter_speed&quot;:&quot;0.0125&quot;,&quot;title&quot;:&quot;DSC03522.JPG&quot;,&quot;orientation&quot;:&quot;1&quot;}\" data-image-title=\"DSC03522.JPG\" data-image-description=\"\" data-image-caption=\"&lt;p&gt;Paulinenaue, Konsum, Lypiko, Bahnhof, Schandfleck&lt;\/p&gt;\n\" data-large-file=\"https:\/\/paulinenaue.info\/wp-content\/uploads\/2016\/03\/DSC03522.jpg\" class=\"lazyload size-fusion-600 wp-image-6369\" src=\"https:\/\/paulinenaue.info\/wp-content\/uploads\/2016\/03\/DSC03522-600x450.jpg\" data-orig-src=\"https:\/\/paulinenaue.info\/wp-content\/uploads\/2016\/03\/DSC03522-600x450.jpg\" alt=\"\" width=\"600\" height=\"450\" srcset=\"data:image\/svg+xml,%3Csvg%20xmlns%3D%27http%3A%2F%2Fwww.w3.org%2F2000%2Fsvg%27%20width%3D%27600%27%20height%3D%27450%27%20viewBox%3D%270%200%20600%20450%27%3E%3Crect%20width%3D%27600%27%20height%3D%27450%27%20fill-opacity%3D%220%22%2F%3E%3C%2Fsvg%3E\" data-srcset=\"https:\/\/paulinenaue.info\/wp-content\/uploads\/2016\/03\/DSC03522-200x150.jpg 200w, https:\/\/paulinenaue.info\/wp-content\/uploads\/2016\/03\/DSC03522-300x225.jpg 300w, https:\/\/paulinenaue.info\/wp-content\/uploads\/2016\/03\/DSC03522-400x300.jpg 400w, https:\/\/paulinenaue.info\/wp-content\/uploads\/2016\/03\/DSC03522-600x450.jpg 600w, https:\/\/paulinenaue.info\/wp-content\/uploads\/2016\/03\/DSC03522-768x576.jpg 768w, https:\/\/paulinenaue.info\/wp-content\/uploads\/2016\/03\/DSC03522-800x600.jpg 800w, https:\/\/paulinenaue.info\/wp-content\/uploads\/2016\/03\/DSC03522.jpg 1000w\" data-sizes=\"auto\" data-orig-sizes=\"(max-width: 600px) 100vw, 600px\" \/><\/a><p id=\"caption-attachment-6369\" class=\"wp-caption-text\">Schon vor hundert Jahren war das Gel\u00e4nde ein \u00f6ffentlicher Park, in dem z.B. die Paulinenauer Schulkinder turnten. Derzeit ist das alte Konsumgeb\u00e4ude nach unsteter Nutzung ein uns\u00e4glicher Schandfleck mitten im Dorf. Der Ankauf und die aktuelle Umgestaltungsabsicht der Gemeinde waren der einzig richtige Schritt, fanden die Beteiligten. Foto: Joachim Scholz, 2010.<\/p><\/div>\n","protected":false},"excerpt":{"rendered":"<p>09.04.2010. Die Gelegenheit zum \u201ePostkonsum-Denken\u201c ergriffen Mitglieder des Paulinenauer Kulturvereins [&hellip;]<\/p>\n","protected":false},"author":1,"featured_media":328,"comment_status":"open","ping_status":"open","sticky":false,"template":"","format":"standard","meta":{"_acf_changed":false,"_price":"","_stock":"","_tribe_ticket_header":"","_tribe_default_ticket_provider":"","_tribe_ticket_capacity":"0","_ticket_start_date":"","_ticket_end_date":"","_tribe_ticket_show_description":"","_tribe_ticket_show_not_going":false,"_tribe_ticket_use_global_stock":"","_tribe_ticket_global_stock_level":"","_global_stock_mode":"","_global_stock_cap":"","_tribe_rsvp_for_event":"","_tribe_ticket_going_count":"","_tribe_ticket_not_going_count":"","_tribe_tickets_list":"[]","_tribe_ticket_has_attendee_info_fields":false,"jetpack_post_was_ever_published":false,"_jetpack_newsletter_access":"","_jetpack_dont_email_post_to_subs":false,"_jetpack_newsletter_tier_id":0,"_jetpack_memberships_contains_paywalled_content":false,"_jetpack_memberships_contains_paid_content":false,"footnotes":"","jetpack_publicize_message":"","jetpack_publicize_feature_enabled":true,"jetpack_social_post_already_shared":false,"jetpack_social_options":{"image_generator_settings":{"template":"highway","default_image_id":0,"font":"","enabled":false},"version":2}},"categories":[280,40,47,9],"tags":[21,425,68],"class_list":["post-166","post","type-post","status-publish","format-standard","has-post-thumbnail","hentry","category-bahnhof","category-dorfentwicklung","category-kulturverein","category-neuigkeiten","tag-bahnhof","tag-dorfgestaltung","tag-konsum"],"acf":[],"yoast_head":"<!-- This site is optimized with the Yoast SEO plugin v27.5 - https:\/\/yoast.com\/product\/yoast-seo-wordpress\/ -->\n<title>Was kommt nach dem Konsum? - Paulinenaue<\/title>\n<meta name=\"description\" content=\"Vor dem Abriss des ehemaligen Paulinenauer Konsum-Warenhauses informiert Frank Schultze Mitglieder des Kulturvereins \u00fcber den Plan.\" \/>\n<meta name=\"robots\" content=\"index, follow, max-snippet:-1, max-image-preview:large, max-video-preview:-1\" \/>\n<link rel=\"canonical\" href=\"https:\/\/paulinenaue.info\/index.php\/was-kommt-nach-dem-konsum\/\" \/>\n<meta property=\"og:locale\" content=\"de_DE\" \/>\n<meta property=\"og:type\" content=\"article\" \/>\n<meta property=\"og:title\" content=\"Was kommt nach dem Konsum? - Paulinenaue\" \/>\n<meta property=\"og:description\" content=\"Vor dem Abriss des ehemaligen Paulinenauer Konsum-Warenhauses informiert Frank Schultze Mitglieder des Kulturvereins \u00fcber den Plan.\" \/>\n<meta property=\"og:url\" content=\"https:\/\/paulinenaue.info\/index.php\/was-kommt-nach-dem-konsum\/\" \/>\n<meta property=\"og:site_name\" content=\"Paulinenaue\" \/>\n<meta property=\"article:published_time\" content=\"2010-04-09T12:37:58+00:00\" \/>\n<meta property=\"article:modified_time\" content=\"2021-11-30T16:30:14+00:00\" \/>\n<meta property=\"og:image\" content=\"https:\/\/paulinenaue.info\/wp-content\/uploads\/2016\/03\/20100409_konsum_planung_01.jpg\" \/>\n\t<meta property=\"og:image:width\" content=\"500\" \/>\n\t<meta property=\"og:image:height\" content=\"319\" \/>\n\t<meta property=\"og:image:type\" content=\"image\/jpeg\" \/>\n<meta name=\"author\" content=\"Joachim Scholz\" \/>\n<meta name=\"twitter:card\" content=\"summary_large_image\" \/>\n<meta name=\"twitter:label1\" content=\"Verfasst von\" \/>\n\t<meta name=\"twitter:data1\" content=\"Joachim Scholz\" \/>\n\t<meta name=\"twitter:label2\" content=\"Gesch\u00e4tzte Lesezeit\" \/>\n\t<meta name=\"twitter:data2\" content=\"2\u00a0Minuten\" \/>\n<script type=\"application\/ld+json\" class=\"yoast-schema-graph\">{\"@context\":\"https:\\\/\\\/schema.org\",\"@graph\":[{\"@type\":\"Article\",\"@id\":\"https:\\\/\\\/paulinenaue.info\\\/index.php\\\/was-kommt-nach-dem-konsum\\\/#article\",\"isPartOf\":{\"@id\":\"https:\\\/\\\/paulinenaue.info\\\/index.php\\\/was-kommt-nach-dem-konsum\\\/\"},\"author\":{\"name\":\"Joachim Scholz\",\"@id\":\"https:\\\/\\\/paulinenaue.info\\\/#\\\/schema\\\/person\\\/3f9e818fd7b69b0d2bd937ac506897cc\"},\"headline\":\"Was kommt nach dem Konsum?\",\"datePublished\":\"2010-04-09T12:37:58+00:00\",\"dateModified\":\"2021-11-30T16:30:14+00:00\",\"mainEntityOfPage\":{\"@id\":\"https:\\\/\\\/paulinenaue.info\\\/index.php\\\/was-kommt-nach-dem-konsum\\\/\"},\"wordCount\":259,\"commentCount\":0,\"image\":{\"@id\":\"https:\\\/\\\/paulinenaue.info\\\/index.php\\\/was-kommt-nach-dem-konsum\\\/#primaryimage\"},\"thumbnailUrl\":\"https:\\\/\\\/paulinenaue.info\\\/wp-content\\\/uploads\\\/2016\\\/03\\\/20100409_konsum_planung_01.jpg\",\"keywords\":[\"Bahnhof\",\"Dorfgestaltung\",\"Konsum\"],\"articleSection\":[\"Bahnhof\",\"Dorfentwicklung\",\"Kulturverein\",\"Neuigkeiten\"],\"inLanguage\":\"de\",\"potentialAction\":[{\"@type\":\"CommentAction\",\"name\":\"Comment\",\"target\":[\"https:\\\/\\\/paulinenaue.info\\\/index.php\\\/was-kommt-nach-dem-konsum\\\/#respond\"]}]},{\"@type\":\"WebPage\",\"@id\":\"https:\\\/\\\/paulinenaue.info\\\/index.php\\\/was-kommt-nach-dem-konsum\\\/\",\"url\":\"https:\\\/\\\/paulinenaue.info\\\/index.php\\\/was-kommt-nach-dem-konsum\\\/\",\"name\":\"Was kommt nach dem Konsum? - Paulinenaue\",\"isPartOf\":{\"@id\":\"https:\\\/\\\/paulinenaue.info\\\/#website\"},\"primaryImageOfPage\":{\"@id\":\"https:\\\/\\\/paulinenaue.info\\\/index.php\\\/was-kommt-nach-dem-konsum\\\/#primaryimage\"},\"image\":{\"@id\":\"https:\\\/\\\/paulinenaue.info\\\/index.php\\\/was-kommt-nach-dem-konsum\\\/#primaryimage\"},\"thumbnailUrl\":\"https:\\\/\\\/paulinenaue.info\\\/wp-content\\\/uploads\\\/2016\\\/03\\\/20100409_konsum_planung_01.jpg\",\"datePublished\":\"2010-04-09T12:37:58+00:00\",\"dateModified\":\"2021-11-30T16:30:14+00:00\",\"author\":{\"@id\":\"https:\\\/\\\/paulinenaue.info\\\/#\\\/schema\\\/person\\\/3f9e818fd7b69b0d2bd937ac506897cc\"},\"description\":\"Vor dem Abriss des ehemaligen Paulinenauer Konsum-Warenhauses informiert Frank Schultze Mitglieder des Kulturvereins \u00fcber den Plan.\",\"breadcrumb\":{\"@id\":\"https:\\\/\\\/paulinenaue.info\\\/index.php\\\/was-kommt-nach-dem-konsum\\\/#breadcrumb\"},\"inLanguage\":\"de\",\"potentialAction\":[{\"@type\":\"ReadAction\",\"target\":[\"https:\\\/\\\/paulinenaue.info\\\/index.php\\\/was-kommt-nach-dem-konsum\\\/\"]}]},{\"@type\":\"ImageObject\",\"inLanguage\":\"de\",\"@id\":\"https:\\\/\\\/paulinenaue.info\\\/index.php\\\/was-kommt-nach-dem-konsum\\\/#primaryimage\",\"url\":\"https:\\\/\\\/paulinenaue.info\\\/wp-content\\\/uploads\\\/2016\\\/03\\\/20100409_konsum_planung_01.jpg\",\"contentUrl\":\"https:\\\/\\\/paulinenaue.info\\\/wp-content\\\/uploads\\\/2016\\\/03\\\/20100409_konsum_planung_01.jpg\",\"width\":500,\"height\":319},{\"@type\":\"BreadcrumbList\",\"@id\":\"https:\\\/\\\/paulinenaue.info\\\/index.php\\\/was-kommt-nach-dem-konsum\\\/#breadcrumb\",\"itemListElement\":[{\"@type\":\"ListItem\",\"position\":1,\"name\":\"Home\",\"item\":\"https:\\\/\\\/paulinenaue.info\\\/\"},{\"@type\":\"ListItem\",\"position\":2,\"name\":\"Was kommt nach dem Konsum?\"}]},{\"@type\":\"WebSite\",\"@id\":\"https:\\\/\\\/paulinenaue.info\\\/#website\",\"url\":\"https:\\\/\\\/paulinenaue.info\\\/\",\"name\":\"Paulinenaue\",\"description\":\"Ein Dorf im Havelland\",\"potentialAction\":[{\"@type\":\"SearchAction\",\"target\":{\"@type\":\"EntryPoint\",\"urlTemplate\":\"https:\\\/\\\/paulinenaue.info\\\/?s={search_term_string}\"},\"query-input\":{\"@type\":\"PropertyValueSpecification\",\"valueRequired\":true,\"valueName\":\"search_term_string\"}}],\"inLanguage\":\"de\"},{\"@type\":\"Person\",\"@id\":\"https:\\\/\\\/paulinenaue.info\\\/#\\\/schema\\\/person\\\/3f9e818fd7b69b0d2bd937ac506897cc\",\"name\":\"Joachim Scholz\",\"url\":\"https:\\\/\\\/paulinenaue.info\\\/index.php\\\/author\\\/jjscholz\\\/\"}]}<\/script>\n<!-- \/ Yoast SEO plugin. -->","yoast_head_json":{"title":"Was kommt nach dem Konsum? - Paulinenaue","description":"Vor dem Abriss des ehemaligen Paulinenauer Konsum-Warenhauses informiert Frank Schultze Mitglieder des Kulturvereins \u00fcber den Plan.","robots":{"index":"index","follow":"follow","max-snippet":"max-snippet:-1","max-image-preview":"max-image-preview:large","max-video-preview":"max-video-preview:-1"},"canonical":"https:\/\/paulinenaue.info\/index.php\/was-kommt-nach-dem-konsum\/","og_locale":"de_DE","og_type":"article","og_title":"Was kommt nach dem Konsum? - Paulinenaue","og_description":"Vor dem Abriss des ehemaligen Paulinenauer Konsum-Warenhauses informiert Frank Schultze Mitglieder des Kulturvereins \u00fcber den Plan.","og_url":"https:\/\/paulinenaue.info\/index.php\/was-kommt-nach-dem-konsum\/","og_site_name":"Paulinenaue","article_published_time":"2010-04-09T12:37:58+00:00","article_modified_time":"2021-11-30T16:30:14+00:00","og_image":[{"width":500,"height":319,"url":"https:\/\/paulinenaue.info\/wp-content\/uploads\/2016\/03\/20100409_konsum_planung_01.jpg","type":"image\/jpeg"}],"author":"Joachim Scholz","twitter_card":"summary_large_image","twitter_misc":{"Verfasst von":"Joachim Scholz","Gesch\u00e4tzte Lesezeit":"2\u00a0Minuten"},"schema":{"@context":"https:\/\/schema.org","@graph":[{"@type":"Article","@id":"https:\/\/paulinenaue.info\/index.php\/was-kommt-nach-dem-konsum\/#article","isPartOf":{"@id":"https:\/\/paulinenaue.info\/index.php\/was-kommt-nach-dem-konsum\/"},"author":{"name":"Joachim Scholz","@id":"https:\/\/paulinenaue.info\/#\/schema\/person\/3f9e818fd7b69b0d2bd937ac506897cc"},"headline":"Was kommt nach dem Konsum?","datePublished":"2010-04-09T12:37:58+00:00","dateModified":"2021-11-30T16:30:14+00:00","mainEntityOfPage":{"@id":"https:\/\/paulinenaue.info\/index.php\/was-kommt-nach-dem-konsum\/"},"wordCount":259,"commentCount":0,"image":{"@id":"https:\/\/paulinenaue.info\/index.php\/was-kommt-nach-dem-konsum\/#primaryimage"},"thumbnailUrl":"https:\/\/paulinenaue.info\/wp-content\/uploads\/2016\/03\/20100409_konsum_planung_01.jpg","keywords":["Bahnhof","Dorfgestaltung","Konsum"],"articleSection":["Bahnhof","Dorfentwicklung","Kulturverein","Neuigkeiten"],"inLanguage":"de","potentialAction":[{"@type":"CommentAction","name":"Comment","target":["https:\/\/paulinenaue.info\/index.php\/was-kommt-nach-dem-konsum\/#respond"]}]},{"@type":"WebPage","@id":"https:\/\/paulinenaue.info\/index.php\/was-kommt-nach-dem-konsum\/","url":"https:\/\/paulinenaue.info\/index.php\/was-kommt-nach-dem-konsum\/","name":"Was kommt nach dem Konsum? - Paulinenaue","isPartOf":{"@id":"https:\/\/paulinenaue.info\/#website"},"primaryImageOfPage":{"@id":"https:\/\/paulinenaue.info\/index.php\/was-kommt-nach-dem-konsum\/#primaryimage"},"image":{"@id":"https:\/\/paulinenaue.info\/index.php\/was-kommt-nach-dem-konsum\/#primaryimage"},"thumbnailUrl":"https:\/\/paulinenaue.info\/wp-content\/uploads\/2016\/03\/20100409_konsum_planung_01.jpg","datePublished":"2010-04-09T12:37:58+00:00","dateModified":"2021-11-30T16:30:14+00:00","author":{"@id":"https:\/\/paulinenaue.info\/#\/schema\/person\/3f9e818fd7b69b0d2bd937ac506897cc"},"description":"Vor dem Abriss des ehemaligen Paulinenauer Konsum-Warenhauses informiert Frank Schultze Mitglieder des Kulturvereins \u00fcber den Plan.","breadcrumb":{"@id":"https:\/\/paulinenaue.info\/index.php\/was-kommt-nach-dem-konsum\/#breadcrumb"},"inLanguage":"de","potentialAction":[{"@type":"ReadAction","target":["https:\/\/paulinenaue.info\/index.php\/was-kommt-nach-dem-konsum\/"]}]},{"@type":"ImageObject","inLanguage":"de","@id":"https:\/\/paulinenaue.info\/index.php\/was-kommt-nach-dem-konsum\/#primaryimage","url":"https:\/\/paulinenaue.info\/wp-content\/uploads\/2016\/03\/20100409_konsum_planung_01.jpg","contentUrl":"https:\/\/paulinenaue.info\/wp-content\/uploads\/2016\/03\/20100409_konsum_planung_01.jpg","width":500,"height":319},{"@type":"BreadcrumbList","@id":"https:\/\/paulinenaue.info\/index.php\/was-kommt-nach-dem-konsum\/#breadcrumb","itemListElement":[{"@type":"ListItem","position":1,"name":"Home","item":"https:\/\/paulinenaue.info\/"},{"@type":"ListItem","position":2,"name":"Was kommt nach dem Konsum?"}]},{"@type":"WebSite","@id":"https:\/\/paulinenaue.info\/#website","url":"https:\/\/paulinenaue.info\/","name":"Paulinenaue","description":"Ein Dorf im Havelland","potentialAction":[{"@type":"SearchAction","target":{"@type":"EntryPoint","urlTemplate":"https:\/\/paulinenaue.info\/?s={search_term_string}"},"query-input":{"@type":"PropertyValueSpecification","valueRequired":true,"valueName":"search_term_string"}}],"inLanguage":"de"},{"@type":"Person","@id":"https:\/\/paulinenaue.info\/#\/schema\/person\/3f9e818fd7b69b0d2bd937ac506897cc","name":"Joachim Scholz","url":"https:\/\/paulinenaue.info\/index.php\/author\/jjscholz\/"}]}},"jetpack_publicize_connections":[],"jetpack_featured_media_url":"https:\/\/paulinenaue.info\/wp-content\/uploads\/2016\/03\/20100409_konsum_planung_01.jpg","jetpack_sharing_enabled":true,"jetpack_shortlink":"https:\/\/wp.me\/pcYhWA-2G","jetpack-related-posts":[{"id":162,"url":"https:\/\/paulinenaue.info\/index.php\/die-gruenflaeche-am-bahnhof-nach-der-fertigstellung-kritik-an-fehlender-rasenpflege\/","url_meta":{"origin":166,"position":0},"title":"Die Gr\u00fcnfl\u00e4che am Bahnhof nach der Fertigstellung \u2013 Kritik an fehlender Rasenpflege","author":"Joachim Scholz","date":"22. M\u00e4rz 2016","format":false,"excerpt":"Joachim Scholz 09.07.2011. Die Gestaltung der Gr\u00fcnfl\u00e4che vor dem Bahnhof sei nunmehr abgeschlossen, teilte Mitte Mai 2011 Frank Schulze vom B\u00fcro f\u00fcr Umweltplanung mit. Sie habe sich am finanziellen Rahmen und daran ausgerichtet, welche Objekte im F\u00f6rderungsrahmen lagen. \u201eEs erfolgte\u201c, so Schulze, \u201eeine zweimalige Vorstellung und Diskussion in der Gemeindevertretung,\u2026","rel":"","context":"In &quot;Dorfentwicklung&quot;","block_context":{"text":"Dorfentwicklung","link":"https:\/\/paulinenaue.info\/index.php\/category\/dorfentwicklung\/"},"img":{"alt_text":"","src":"https:\/\/i0.wp.com\/paulinenaue.info\/wp-content\/uploads\/2016\/03\/20110709_bahnhofspark_01.jpg?resize=350%2C200&ssl=1","width":350,"height":200},"classes":[]},{"id":164,"url":"https:\/\/paulinenaue.info\/index.php\/in-paulinenaues-mitte-entsteht-kleiner-park\/","url_meta":{"origin":166,"position":1},"title":"In Paulinenaues Mitte entsteht ein kleiner Park","author":"Joachim Scholz","date":"23. April 2011","format":false,"excerpt":"Erste Bodenbewegungen lie\u00dfen bereits in den Ostertagen die Wegestruktur des kleinen Parks erkennen, der auf dem ehemaligen Konsumgel\u00e4nde entsteht. Der Abriss des \"Lypiko\" hatte im letzten Herbst den Platz zur Gestaltung frei gemacht. Man darf nun gespannt sein, wie sie ihren Fortgang nimmt. Vor einem Jahr hatte es ein Treffen\u2026","rel":"","context":"In &quot;Bahnhof&quot;","block_context":{"text":"Bahnhof","link":"https:\/\/paulinenaue.info\/index.php\/category\/bahnhof\/"},"img":{"alt_text":"","src":"https:\/\/i0.wp.com\/paulinenaue.info\/wp-content\/uploads\/2016\/03\/20110423_park_bahnhof_01.jpg?resize=350%2C200&ssl=1","width":350,"height":200},"classes":[]},{"id":168,"url":"https:\/\/paulinenaue.info\/index.php\/konsumabriss-oeffnet-wieder-den-blick-auf-den-bahnhof\/","url_meta":{"origin":166,"position":2},"title":"Konsumabriss \u00f6ffnet wieder den Blick auf den Bahnhof","author":"Joachim Scholz","date":"8. Oktober 2010","format":false,"excerpt":"08.10.2010. Mehr als 34 Jahren war das Paulinenauer Bahnhofsgeb\u00e4ude durch den Konsum aus DDR-Zeiten verdeckt. F\u00fcr die \u00e4sthetischen Aspekte, die die historische Dorfentwicklung aufwies, gab es damals kaum Verst\u00e4ndnis. Doch seit am Freitag die Giebelfront des im Abriss befindlichen Flachbaus fiel, \u00f6ffnet sich wieder der Blick auf das imposante, wenn\u2026","rel":"","context":"In &quot;Bahnhof&quot;","block_context":{"text":"Bahnhof","link":"https:\/\/paulinenaue.info\/index.php\/category\/bahnhof\/"},"img":{"alt_text":"","src":"https:\/\/i0.wp.com\/paulinenaue.info\/wp-content\/uploads\/2016\/03\/20101008_sichtachse_bahnhof_02.jpg?resize=350%2C200&ssl=1","width":350,"height":200},"classes":[]},{"id":1430,"url":"https:\/\/paulinenaue.info\/index.php\/erste-schritte-in-die-zukunft-des-paulinenauer-bahnhofsgebaeude\/","url_meta":{"origin":166,"position":3},"title":"Erste Schritte in die Zukunft des Paulinenauer Bahnhofsgeb\u00e4udes","author":"Joachim Scholz","date":"3. Februar 2008","format":false,"excerpt":"Im Bahnhof k\u00f6nnte wieder das Herz des Dorfes schlagen Ein Zeichen, dass in Paulinenaues Mitte etwas in Gang kommt, ist mit dem k\u00fcrzlich sanierten Bahnhofsvorplatz bereits gesetzt. Der schmucke Platz aber hat seit seiner Fertigstellung den Handlungsbedarf beim Bahnhofsgeb\u00e4ude selbst nur noch mehr hervortreten lassen und da die Gemeinde den\u2026","rel":"","context":"In &quot;Allgemein&quot;","block_context":{"text":"Allgemein","link":"https:\/\/paulinenaue.info\/index.php\/category\/allgemein\/"},"img":{"alt_text":"","src":"https:\/\/i0.wp.com\/paulinenaue.info\/wp-content\/uploads\/2019\/01\/2007-12-01-Bahnhof.jpg?resize=350%2C200&ssl=1","width":350,"height":200,"srcset":"https:\/\/i0.wp.com\/paulinenaue.info\/wp-content\/uploads\/2019\/01\/2007-12-01-Bahnhof.jpg?resize=350%2C200&ssl=1 1x, https:\/\/i0.wp.com\/paulinenaue.info\/wp-content\/uploads\/2019\/01\/2007-12-01-Bahnhof.jpg?resize=525%2C300&ssl=1 1.5x, https:\/\/i0.wp.com\/paulinenaue.info\/wp-content\/uploads\/2019\/01\/2007-12-01-Bahnhof.jpg?resize=700%2C400&ssl=1 2x"},"classes":[]},{"id":417887,"url":"https:\/\/paulinenaue.info\/index.php\/bahnhof-paulinenaue-knotenpunkt-adresse-und-moeglichkeitsraum\/","url_meta":{"origin":166,"position":4},"title":"Bahnhof Paulinenaue: Knotenpunkt, Adresse und M\u00f6glichkeitsraum","author":"Joachim Scholz","date":"18. Mai 2025","format":false,"excerpt":"Joachim Schultz-Granberg wuchs in Paulinenaue auf. Heute ist er Architekt, Stadtplaner und Professor f\u00fcr St\u00e4dtebau an der MSA | M\u00fcnster School of Architecture. Er geh\u00f6rt zum Team, das sich aktuell der Perspektivsuche f\u00fcr das Bahnhofsgeb\u00e4ude zusammengefunden hat und unterbreitet hier seine Vision f\u00fcr das Bahnhofsgeb\u00e4ude.\u00a0\u00a0 Ausgangspunkt Das 1847 erbaute Bahnhofsgeb\u00e4ude\u2026","rel":"","context":"In &quot;Bahnhof&quot;","block_context":{"text":"Bahnhof","link":"https:\/\/paulinenaue.info\/index.php\/category\/bahnhof\/"},"img":{"alt_text":"","src":"https:\/\/i0.wp.com\/paulinenaue.info\/wp-content\/uploads\/2025\/05\/2024-11-30-Bahnhof-Vogelperspektive-01.jpg?resize=350%2C200&ssl=1","width":350,"height":200,"srcset":"https:\/\/i0.wp.com\/paulinenaue.info\/wp-content\/uploads\/2025\/05\/2024-11-30-Bahnhof-Vogelperspektive-01.jpg?resize=350%2C200&ssl=1 1x, https:\/\/i0.wp.com\/paulinenaue.info\/wp-content\/uploads\/2025\/05\/2024-11-30-Bahnhof-Vogelperspektive-01.jpg?resize=525%2C300&ssl=1 1.5x, https:\/\/i0.wp.com\/paulinenaue.info\/wp-content\/uploads\/2025\/05\/2024-11-30-Bahnhof-Vogelperspektive-01.jpg?resize=700%2C400&ssl=1 2x"},"classes":[]},{"id":1215,"url":"https:\/\/paulinenaue.info\/index.php\/zum-30-kleine-bildgeschichte-vom-paulinenauer-konsum\/","url_meta":{"origin":166,"position":5},"title":"Zum 30.: Kleine Bildgeschichte vom Paulinenauer Konsum","author":"Sarah","date":"30. April 2006","format":false,"excerpt":"Er\u00f6ffnung des Konsumgeb\u00e4udes vor 30 Jahren Joachim Scholz 30.04.2006: \"Dies war seit mehr als einem Jahrzehnt der Wunschtraum der B\u00fcrger unseres Ortes. Die vier vorhandenen, zu kleinen Konsum-Verkaufsstellen befanden sich seit langem in einem schlechten baulichen Zustand, entsprachen nicht immer den hygienischen Anforderungen und konnten die gewachsenen Bed\u00fcrfnisse unserer Bev\u00f6lkerung\u2026","rel":"","context":"In &quot;Allgemein&quot;","block_context":{"text":"Allgemein","link":"https:\/\/paulinenaue.info\/index.php\/category\/allgemein\/"},"img":{"alt_text":"","src":"https:\/\/i0.wp.com\/paulinenaue.info\/wp-content\/uploads\/2017\/06\/konsum_198x_02.jpg?resize=350%2C200&ssl=1","width":350,"height":200},"classes":[]}],"_links":{"self":[{"href":"https:\/\/paulinenaue.info\/index.php\/wp-json\/wp\/v2\/posts\/166","targetHints":{"allow":["GET"]}}],"collection":[{"href":"https:\/\/paulinenaue.info\/index.php\/wp-json\/wp\/v2\/posts"}],"about":[{"href":"https:\/\/paulinenaue.info\/index.php\/wp-json\/wp\/v2\/types\/post"}],"author":[{"embeddable":true,"href":"https:\/\/paulinenaue.info\/index.php\/wp-json\/wp\/v2\/users\/1"}],"replies":[{"embeddable":true,"href":"https:\/\/paulinenaue.info\/index.php\/wp-json\/wp\/v2\/comments?post=166"}],"version-history":[{"count":4,"href":"https:\/\/paulinenaue.info\/index.php\/wp-json\/wp\/v2\/posts\/166\/revisions"}],"predecessor-version":[{"id":6370,"href":"https:\/\/paulinenaue.info\/index.php\/wp-json\/wp\/v2\/posts\/166\/revisions\/6370"}],"wp:featuredmedia":[{"embeddable":true,"href":"https:\/\/paulinenaue.info\/index.php\/wp-json\/wp\/v2\/media\/328"}],"wp:attachment":[{"href":"https:\/\/paulinenaue.info\/index.php\/wp-json\/wp\/v2\/media?parent=166"}],"wp:term":[{"taxonomy":"category","embeddable":true,"href":"https:\/\/paulinenaue.info\/index.php\/wp-json\/wp\/v2\/categories?post=166"},{"taxonomy":"post_tag","embeddable":true,"href":"https:\/\/paulinenaue.info\/index.php\/wp-json\/wp\/v2\/tags?post=166"}],"curies":[{"name":"wp","href":"https:\/\/api.w.org\/{rel}","templated":true}]}}