{"id":1668,"date":"2017-10-06T23:33:30","date_gmt":"2017-10-06T21:33:30","guid":{"rendered":"http:\/\/paulinenaue.info\/?p=1668"},"modified":"2018-03-30T00:27:42","modified_gmt":"2018-03-29T22:27:42","slug":"der-sturm-xavier-in-paulinenaue","status":"publish","type":"post","link":"https:\/\/paulinenaue.info\/index.php\/der-sturm-xavier-in-paulinenaue\/","title":{"rendered":"Sturmtief \u201eXavier\u201c \u00fcber Paulinenaue"},"content":{"rendered":"<p>Am Donnerstag fegte ein schwerer Sturm \u00fcber den Norden und Osten Deutschlands. In Paulinenaue hat \u201eXavier\u201c zum Teil enorme Sch\u00e4den verursacht. Vor allem die entwurzelten oder umgeknickten Baumriesen der Alleen zeugen tags drauf davon, aber auch von Dachsch\u00e4den wird berichtet. Die Kreisstra\u00dfe nach Pessin war noch am Freitag gesperrt. Es hei\u00dft, Anwohner mussten mit robusten Fahrzeugen \u00fcber die Felder nach Hause gefahren werden. Auch der Zugverkehr war noch am Folgetag eingestellt, als im Ort die Beseitigung der Sch\u00e4den in vollem Gange war. Die folgenden Bilder illustrieren nur einen Teil der Sch\u00e4den. Haben auch Sie Sch\u00e4den dokumentiert? Mailen Sie Bilder an kontakt@paulinenaue.info oder stellen Sie sie auf der Internetseite online.<\/p>\n<div id=\"attachment_1642\" style=\"width: 810px\" class=\"wp-caption alignleft\"><a href=\"http:\/\/paulinenaue.info\/wp-content\/uploads\/2017\/10\/DSC07134.jpg\"><img decoding=\"async\" aria-describedby=\"caption-attachment-1642\" data-attachment-id=\"1642\" data-permalink=\"https:\/\/paulinenaue.info\/index.php\/der-sturm-xavier-in-paulinenaue\/dsc07134\/\" data-orig-file=\"https:\/\/paulinenaue.info\/wp-content\/uploads\/2017\/10\/DSC07134.jpg\" data-orig-size=\"800,533\" data-comments-opened=\"1\" data-image-meta=\"{&quot;aperture&quot;:&quot;2.8&quot;,&quot;credit&quot;:&quot;&quot;,&quot;camera&quot;:&quot;DSC-RX10&quot;,&quot;caption&quot;:&quot;&quot;,&quot;created_timestamp&quot;:&quot;1507312510&quot;,&quot;copyright&quot;:&quot;&quot;,&quot;focal_length&quot;:&quot;8.8&quot;,&quot;iso&quot;:&quot;125&quot;,&quot;shutter_speed&quot;:&quot;0.025&quot;,&quot;title&quot;:&quot;&quot;,&quot;orientation&quot;:&quot;1&quot;}\" data-image-title=\"DSC07134\" data-image-description=\"\" data-image-caption=\"&lt;p&gt;An der Bienenfarmer Stra\u00dfe hat es eine Eiche umgehauen. Der Plattenweg nach Selbelang  ist am Freitag f\u00fcr den Verkehr gesperrt.&lt;\/p&gt;\n\" data-large-file=\"https:\/\/paulinenaue.info\/wp-content\/uploads\/2017\/10\/DSC07134.jpg\" class=\"lazyload wp-image-1642 size-full\" src=\"http:\/\/paulinenaue.info\/wp-content\/uploads\/2017\/10\/DSC07134.jpg\" data-orig-src=\"http:\/\/paulinenaue.info\/wp-content\/uploads\/2017\/10\/DSC07134.jpg\" alt=\"Bei Bienenfarm\" width=\"800\" height=\"533\" srcset=\"data:image\/svg+xml,%3Csvg%20xmlns%3D%27http%3A%2F%2Fwww.w3.org%2F2000%2Fsvg%27%20width%3D%27800%27%20height%3D%27533%27%20viewBox%3D%270%200%20800%20533%27%3E%3Crect%20width%3D%27800%27%20height%3D%27533%27%20fill-opacity%3D%220%22%2F%3E%3C%2Fsvg%3E\" data-srcset=\"https:\/\/paulinenaue.info\/wp-content\/uploads\/2017\/10\/DSC07134-272x182.jpg 272w, https:\/\/paulinenaue.info\/wp-content\/uploads\/2017\/10\/DSC07134-300x200.jpg 300w, https:\/\/paulinenaue.info\/wp-content\/uploads\/2017\/10\/DSC07134-600x400.jpg 600w, https:\/\/paulinenaue.info\/wp-content\/uploads\/2017\/10\/DSC07134-768x512.jpg 768w, https:\/\/paulinenaue.info\/wp-content\/uploads\/2017\/10\/DSC07134.jpg 800w\" data-sizes=\"auto\" data-orig-sizes=\"(max-width: 800px) 100vw, 800px\" \/><\/a><p id=\"caption-attachment-1642\" class=\"wp-caption-text\">Bei Bienenfarm hat es eine Eiche umgehauen. Der Plattenweg nach Selbelang ist noch am Freitag nicht befahrbar. Die umgest\u00fcrztern B\u00e4ume werden erst Ende M\u00e4rz 2018 beseitigt. Foto: Joachim Scholz, 2017.<\/p><\/div>\n<div id=\"attachment_1645\" style=\"width: 810px\" class=\"wp-caption alignnone\"><a href=\"http:\/\/paulinenaue.info\/wp-content\/uploads\/2017\/10\/DSC07145.jpg\"><img decoding=\"async\" aria-describedby=\"caption-attachment-1645\" data-attachment-id=\"1645\" data-permalink=\"https:\/\/paulinenaue.info\/index.php\/der-sturm-xavier-in-paulinenaue\/dsc07145\/\" data-orig-file=\"https:\/\/paulinenaue.info\/wp-content\/uploads\/2017\/10\/DSC07145.jpg\" data-orig-size=\"800,533\" data-comments-opened=\"1\" data-image-meta=\"{&quot;aperture&quot;:&quot;2.8&quot;,&quot;credit&quot;:&quot;&quot;,&quot;camera&quot;:&quot;DSC-RX10&quot;,&quot;caption&quot;:&quot;&quot;,&quot;created_timestamp&quot;:&quot;1507312896&quot;,&quot;copyright&quot;:&quot;&quot;,&quot;focal_length&quot;:&quot;8.8&quot;,&quot;iso&quot;:&quot;125&quot;,&quot;shutter_speed&quot;:&quot;0.01&quot;,&quot;title&quot;:&quot;&quot;,&quot;orientation&quot;:&quot;1&quot;}\" data-image-title=\"DSC07145\" data-image-description=\"\" data-image-caption=\"\" data-large-file=\"https:\/\/paulinenaue.info\/wp-content\/uploads\/2017\/10\/DSC07145.jpg\" class=\"lazyload wp-image-1645 size-full\" src=\"http:\/\/paulinenaue.info\/wp-content\/uploads\/2017\/10\/DSC07145.jpg\" data-orig-src=\"http:\/\/paulinenaue.info\/wp-content\/uploads\/2017\/10\/DSC07145.jpg\" alt=\"\" width=\"800\" height=\"533\" srcset=\"data:image\/svg+xml,%3Csvg%20xmlns%3D%27http%3A%2F%2Fwww.w3.org%2F2000%2Fsvg%27%20width%3D%27800%27%20height%3D%27533%27%20viewBox%3D%270%200%20800%20533%27%3E%3Crect%20width%3D%27800%27%20height%3D%27533%27%20fill-opacity%3D%220%22%2F%3E%3C%2Fsvg%3E\" data-srcset=\"https:\/\/paulinenaue.info\/wp-content\/uploads\/2017\/10\/DSC07145-272x182.jpg 272w, https:\/\/paulinenaue.info\/wp-content\/uploads\/2017\/10\/DSC07145-300x200.jpg 300w, https:\/\/paulinenaue.info\/wp-content\/uploads\/2017\/10\/DSC07145-600x400.jpg 600w, https:\/\/paulinenaue.info\/wp-content\/uploads\/2017\/10\/DSC07145-768x512.jpg 768w, https:\/\/paulinenaue.info\/wp-content\/uploads\/2017\/10\/DSC07145.jpg 800w\" data-sizes=\"auto\" data-orig-sizes=\"(max-width: 800px) 100vw, 800px\" \/><\/a><p id=\"caption-attachment-1645\" class=\"wp-caption-text\">Bei der Schadensbeseitigung. Foto: Joachim Scholz, 2017.<\/p><\/div>\n<div id=\"attachment_1646\" style=\"width: 810px\" class=\"wp-caption alignnone\"><a href=\"http:\/\/paulinenaue.info\/wp-content\/uploads\/2017\/10\/DSC07147.jpg\"><img decoding=\"async\" aria-describedby=\"caption-attachment-1646\" data-attachment-id=\"1646\" data-permalink=\"https:\/\/paulinenaue.info\/index.php\/der-sturm-xavier-in-paulinenaue\/dsc07147\/\" data-orig-file=\"https:\/\/paulinenaue.info\/wp-content\/uploads\/2017\/10\/DSC07147.jpg\" data-orig-size=\"800,533\" data-comments-opened=\"1\" data-image-meta=\"{&quot;aperture&quot;:&quot;2.8&quot;,&quot;credit&quot;:&quot;&quot;,&quot;camera&quot;:&quot;DSC-RX10&quot;,&quot;caption&quot;:&quot;&quot;,&quot;created_timestamp&quot;:&quot;1507312925&quot;,&quot;copyright&quot;:&quot;&quot;,&quot;focal_length&quot;:&quot;15.45&quot;,&quot;iso&quot;:&quot;125&quot;,&quot;shutter_speed&quot;:&quot;0.01&quot;,&quot;title&quot;:&quot;&quot;,&quot;orientation&quot;:&quot;1&quot;}\" data-image-title=\"DSC07147\" data-image-description=\"\" data-image-caption=\"\" data-large-file=\"https:\/\/paulinenaue.info\/wp-content\/uploads\/2017\/10\/DSC07147.jpg\" class=\"lazyload wp-image-1646 size-full\" src=\"http:\/\/paulinenaue.info\/wp-content\/uploads\/2017\/10\/DSC07147.jpg\" data-orig-src=\"http:\/\/paulinenaue.info\/wp-content\/uploads\/2017\/10\/DSC07147.jpg\" alt=\"\" width=\"800\" height=\"533\" srcset=\"data:image\/svg+xml,%3Csvg%20xmlns%3D%27http%3A%2F%2Fwww.w3.org%2F2000%2Fsvg%27%20width%3D%27800%27%20height%3D%27533%27%20viewBox%3D%270%200%20800%20533%27%3E%3Crect%20width%3D%27800%27%20height%3D%27533%27%20fill-opacity%3D%220%22%2F%3E%3C%2Fsvg%3E\" data-srcset=\"https:\/\/paulinenaue.info\/wp-content\/uploads\/2017\/10\/DSC07147-272x182.jpg 272w, https:\/\/paulinenaue.info\/wp-content\/uploads\/2017\/10\/DSC07147-300x200.jpg 300w, https:\/\/paulinenaue.info\/wp-content\/uploads\/2017\/10\/DSC07147-600x400.jpg 600w, https:\/\/paulinenaue.info\/wp-content\/uploads\/2017\/10\/DSC07147-768x512.jpg 768w, https:\/\/paulinenaue.info\/wp-content\/uploads\/2017\/10\/DSC07147.jpg 800w\" data-sizes=\"auto\" data-orig-sizes=\"(max-width: 800px) 100vw, 800px\" \/><\/a><p id=\"caption-attachment-1646\" class=\"wp-caption-text\">Durch Xavier b\u00fc\u00dfte die in den 1880er Jahren angelegte Brandenburger Allee wieder einige ihrer sch\u00f6nen B\u00e4ume ein. An den Baumst\u00fcmpfen kann man mit Leichtigkeit die mehr als 130 Jahresringe z\u00e4hlen.\u00a0Foto: Joachim Scholz, 2017.<\/p><\/div>\n<div id=\"attachment_1648\" style=\"width: 810px\" class=\"wp-caption alignnone\"><a href=\"http:\/\/paulinenaue.info\/wp-content\/uploads\/2017\/10\/DSC07151.jpg\"><img decoding=\"async\" aria-describedby=\"caption-attachment-1648\" data-attachment-id=\"1648\" data-permalink=\"https:\/\/paulinenaue.info\/index.php\/der-sturm-xavier-in-paulinenaue\/dsc07151\/\" data-orig-file=\"https:\/\/paulinenaue.info\/wp-content\/uploads\/2017\/10\/DSC07151.jpg\" data-orig-size=\"800,533\" data-comments-opened=\"1\" data-image-meta=\"{&quot;aperture&quot;:&quot;2.8&quot;,&quot;credit&quot;:&quot;&quot;,&quot;camera&quot;:&quot;DSC-RX10&quot;,&quot;caption&quot;:&quot;&quot;,&quot;created_timestamp&quot;:&quot;1507313246&quot;,&quot;copyright&quot;:&quot;&quot;,&quot;focal_length&quot;:&quot;57.31&quot;,&quot;iso&quot;:&quot;160&quot;,&quot;shutter_speed&quot;:&quot;0.00625&quot;,&quot;title&quot;:&quot;&quot;,&quot;orientation&quot;:&quot;1&quot;}\" data-image-title=\"DSC07151\" data-image-description=\"\" data-image-caption=\"\" data-large-file=\"https:\/\/paulinenaue.info\/wp-content\/uploads\/2017\/10\/DSC07151.jpg\" class=\"lazyload wp-image-1648 size-full\" src=\"http:\/\/paulinenaue.info\/wp-content\/uploads\/2017\/10\/DSC07151.jpg\" data-orig-src=\"http:\/\/paulinenaue.info\/wp-content\/uploads\/2017\/10\/DSC07151.jpg\" alt=\"\" width=\"800\" height=\"533\" srcset=\"data:image\/svg+xml,%3Csvg%20xmlns%3D%27http%3A%2F%2Fwww.w3.org%2F2000%2Fsvg%27%20width%3D%27800%27%20height%3D%27533%27%20viewBox%3D%270%200%20800%20533%27%3E%3Crect%20width%3D%27800%27%20height%3D%27533%27%20fill-opacity%3D%220%22%2F%3E%3C%2Fsvg%3E\" data-srcset=\"https:\/\/paulinenaue.info\/wp-content\/uploads\/2017\/10\/DSC07151-272x182.jpg 272w, https:\/\/paulinenaue.info\/wp-content\/uploads\/2017\/10\/DSC07151-300x200.jpg 300w, https:\/\/paulinenaue.info\/wp-content\/uploads\/2017\/10\/DSC07151-600x400.jpg 600w, https:\/\/paulinenaue.info\/wp-content\/uploads\/2017\/10\/DSC07151-768x512.jpg 768w, https:\/\/paulinenaue.info\/wp-content\/uploads\/2017\/10\/DSC07151.jpg 800w\" data-sizes=\"auto\" data-orig-sizes=\"(max-width: 800px) 100vw, 800px\" \/><\/a><p id=\"caption-attachment-1648\" class=\"wp-caption-text\">Auf den Weidefl\u00e4chen liegen breit verstreut \u00c4ste. Das Rindvieh schabt sich an ihnen die R\u00fccken und genie\u00dft die B\u00e4tter.\u00a0Foto: Joachim Scholz, 2017.<\/p><\/div>\n<div id=\"attachment_1650\" style=\"width: 810px\" class=\"wp-caption alignnone\"><a href=\"http:\/\/paulinenaue.info\/wp-content\/uploads\/2017\/10\/DSC07159.jpg\"><img decoding=\"async\" aria-describedby=\"caption-attachment-1650\" data-attachment-id=\"1650\" data-permalink=\"https:\/\/paulinenaue.info\/index.php\/der-sturm-xavier-in-paulinenaue\/dsc07159\/\" data-orig-file=\"https:\/\/paulinenaue.info\/wp-content\/uploads\/2017\/10\/DSC07159.jpg\" data-orig-size=\"800,533\" data-comments-opened=\"1\" data-image-meta=\"{&quot;aperture&quot;:&quot;2.8&quot;,&quot;credit&quot;:&quot;&quot;,&quot;camera&quot;:&quot;DSC-RX10&quot;,&quot;caption&quot;:&quot;&quot;,&quot;created_timestamp&quot;:&quot;1507313441&quot;,&quot;copyright&quot;:&quot;&quot;,&quot;focal_length&quot;:&quot;8.8&quot;,&quot;iso&quot;:&quot;125&quot;,&quot;shutter_speed&quot;:&quot;0.02&quot;,&quot;title&quot;:&quot;&quot;,&quot;orientation&quot;:&quot;1&quot;}\" data-image-title=\"DSC07159\" data-image-description=\"\" data-image-caption=\"\" data-large-file=\"https:\/\/paulinenaue.info\/wp-content\/uploads\/2017\/10\/DSC07159.jpg\" class=\"lazyload wp-image-1650 size-full\" src=\"http:\/\/paulinenaue.info\/wp-content\/uploads\/2017\/10\/DSC07159.jpg\" data-orig-src=\"http:\/\/paulinenaue.info\/wp-content\/uploads\/2017\/10\/DSC07159.jpg\" alt=\"\" width=\"800\" height=\"533\" srcset=\"data:image\/svg+xml,%3Csvg%20xmlns%3D%27http%3A%2F%2Fwww.w3.org%2F2000%2Fsvg%27%20width%3D%27800%27%20height%3D%27533%27%20viewBox%3D%270%200%20800%20533%27%3E%3Crect%20width%3D%27800%27%20height%3D%27533%27%20fill-opacity%3D%220%22%2F%3E%3C%2Fsvg%3E\" data-srcset=\"https:\/\/paulinenaue.info\/wp-content\/uploads\/2017\/10\/DSC07159-272x182.jpg 272w, https:\/\/paulinenaue.info\/wp-content\/uploads\/2017\/10\/DSC07159-300x200.jpg 300w, https:\/\/paulinenaue.info\/wp-content\/uploads\/2017\/10\/DSC07159-600x400.jpg 600w, https:\/\/paulinenaue.info\/wp-content\/uploads\/2017\/10\/DSC07159-768x512.jpg 768w, https:\/\/paulinenaue.info\/wp-content\/uploads\/2017\/10\/DSC07159.jpg 800w\" data-sizes=\"auto\" data-orig-sizes=\"(max-width: 800px) 100vw, 800px\" \/><\/a><p id=\"caption-attachment-1650\" class=\"wp-caption-text\">Weniger vergn\u00fcglich ist der Sturm f\u00fcr die Einwohner von Paulinenaue, von denen es manche hart getroffen hat.\u00a0 Von den 20 B\u00e4umen, die dieses Grundst\u00fcck am Roten Husaren begrenzten, blieben nur drei mehr oder weniger aufrecht stehen. Am Freitagabend teilen auch sie schlie\u00dflich das Schicksal ihrer Br\u00fcder.\u00a0Foto: Joachim Scholz, 2017.<\/p><\/div>\n<div id=\"attachment_1655\" style=\"width: 810px\" class=\"wp-caption alignleft\"><a href=\"http:\/\/paulinenaue.info\/wp-content\/uploads\/2017\/10\/DSC07165.jpg\"><img decoding=\"async\" aria-describedby=\"caption-attachment-1655\" data-attachment-id=\"1655\" data-permalink=\"https:\/\/paulinenaue.info\/index.php\/der-sturm-xavier-in-paulinenaue\/dsc07165\/\" data-orig-file=\"https:\/\/paulinenaue.info\/wp-content\/uploads\/2017\/10\/DSC07165.jpg\" data-orig-size=\"800,533\" data-comments-opened=\"1\" data-image-meta=\"{&quot;aperture&quot;:&quot;2.8&quot;,&quot;credit&quot;:&quot;&quot;,&quot;camera&quot;:&quot;DSC-RX10&quot;,&quot;caption&quot;:&quot;&quot;,&quot;created_timestamp&quot;:&quot;1507313547&quot;,&quot;copyright&quot;:&quot;&quot;,&quot;focal_length&quot;:&quot;8.8&quot;,&quot;iso&quot;:&quot;500&quot;,&quot;shutter_speed&quot;:&quot;0.033333333333333&quot;,&quot;title&quot;:&quot;&quot;,&quot;orientation&quot;:&quot;1&quot;}\" data-image-title=\"DSC07165\" data-image-description=\"\" data-image-caption=\"\" data-large-file=\"https:\/\/paulinenaue.info\/wp-content\/uploads\/2017\/10\/DSC07165.jpg\" class=\"lazyload wp-image-1655 size-full\" src=\"http:\/\/paulinenaue.info\/wp-content\/uploads\/2017\/10\/DSC07165.jpg\" data-orig-src=\"http:\/\/paulinenaue.info\/wp-content\/uploads\/2017\/10\/DSC07165.jpg\" alt=\"\" width=\"800\" height=\"533\" srcset=\"data:image\/svg+xml,%3Csvg%20xmlns%3D%27http%3A%2F%2Fwww.w3.org%2F2000%2Fsvg%27%20width%3D%27800%27%20height%3D%27533%27%20viewBox%3D%270%200%20800%20533%27%3E%3Crect%20width%3D%27800%27%20height%3D%27533%27%20fill-opacity%3D%220%22%2F%3E%3C%2Fsvg%3E\" data-srcset=\"https:\/\/paulinenaue.info\/wp-content\/uploads\/2017\/10\/DSC07165-272x182.jpg 272w, https:\/\/paulinenaue.info\/wp-content\/uploads\/2017\/10\/DSC07165-300x200.jpg 300w, https:\/\/paulinenaue.info\/wp-content\/uploads\/2017\/10\/DSC07165-600x400.jpg 600w, https:\/\/paulinenaue.info\/wp-content\/uploads\/2017\/10\/DSC07165-768x512.jpg 768w, https:\/\/paulinenaue.info\/wp-content\/uploads\/2017\/10\/DSC07165.jpg 800w\" data-sizes=\"auto\" data-orig-sizes=\"(max-width: 800px) 100vw, 800px\" \/><\/a><p id=\"caption-attachment-1655\" class=\"wp-caption-text\">Im Wald nebenan herrscht unaufger\u00e4umtes Durcheinander. Bilder wie dieses kennt man in Paulinenaue allenfalls von den den Aufnahmen, <a href=\"http:\/\/paulinenaue.info\/index.php\/damals-vor-40-jahren-paulinenaue-im-ausnahmezustand\/\">die Georg Drasch\u00e9 1972 am selben Ort nach dem Orkan \u201eQuimburga\u201c machte<\/a>. Foto: Joachim Scholz, 2017.<\/p><\/div>\n<div id=\"attachment_1658\" style=\"width: 810px\" class=\"wp-caption alignnone\"><a href=\"http:\/\/paulinenaue.info\/wp-content\/uploads\/2017\/10\/DSC07170.jpg\"><img decoding=\"async\" aria-describedby=\"caption-attachment-1658\" data-attachment-id=\"1658\" data-permalink=\"https:\/\/paulinenaue.info\/index.php\/der-sturm-xavier-in-paulinenaue\/dsc07170\/\" data-orig-file=\"https:\/\/paulinenaue.info\/wp-content\/uploads\/2017\/10\/DSC07170.jpg\" data-orig-size=\"800,533\" data-comments-opened=\"1\" data-image-meta=\"{&quot;aperture&quot;:&quot;2.8&quot;,&quot;credit&quot;:&quot;&quot;,&quot;camera&quot;:&quot;DSC-RX10&quot;,&quot;caption&quot;:&quot;&quot;,&quot;created_timestamp&quot;:&quot;1507313648&quot;,&quot;copyright&quot;:&quot;&quot;,&quot;focal_length&quot;:&quot;54.09&quot;,&quot;iso&quot;:&quot;800&quot;,&quot;shutter_speed&quot;:&quot;0.008&quot;,&quot;title&quot;:&quot;&quot;,&quot;orientation&quot;:&quot;1&quot;}\" data-image-title=\"DSC07170\" data-image-description=\"\" data-image-caption=\"\" data-large-file=\"https:\/\/paulinenaue.info\/wp-content\/uploads\/2017\/10\/DSC07170.jpg\" class=\"lazyload wp-image-1658 size-full\" src=\"http:\/\/paulinenaue.info\/wp-content\/uploads\/2017\/10\/DSC07170.jpg\" data-orig-src=\"http:\/\/paulinenaue.info\/wp-content\/uploads\/2017\/10\/DSC07170.jpg\" alt=\"\" width=\"800\" height=\"533\" srcset=\"data:image\/svg+xml,%3Csvg%20xmlns%3D%27http%3A%2F%2Fwww.w3.org%2F2000%2Fsvg%27%20width%3D%27800%27%20height%3D%27533%27%20viewBox%3D%270%200%20800%20533%27%3E%3Crect%20width%3D%27800%27%20height%3D%27533%27%20fill-opacity%3D%220%22%2F%3E%3C%2Fsvg%3E\" data-srcset=\"https:\/\/paulinenaue.info\/wp-content\/uploads\/2017\/10\/DSC07170-272x182.jpg 272w, https:\/\/paulinenaue.info\/wp-content\/uploads\/2017\/10\/DSC07170-300x200.jpg 300w, https:\/\/paulinenaue.info\/wp-content\/uploads\/2017\/10\/DSC07170-600x400.jpg 600w, https:\/\/paulinenaue.info\/wp-content\/uploads\/2017\/10\/DSC07170-768x512.jpg 768w, https:\/\/paulinenaue.info\/wp-content\/uploads\/2017\/10\/DSC07170.jpg 800w\" data-sizes=\"auto\" data-orig-sizes=\"(max-width: 800px) 100vw, 800px\" \/><\/a><p id=\"caption-attachment-1658\" class=\"wp-caption-text\">Gefahr in den \u00c4sten. Mit schwerem Ger\u00e4t werden die Baumkronen untersucht und von losen \u00c4sten befreit.\u00a0Foto: Joachim Scholz, 2017.<\/p><\/div>\n<div id=\"attachment_1661\" style=\"width: 810px\" class=\"wp-caption alignnone\"><a href=\"http:\/\/paulinenaue.info\/wp-content\/uploads\/2017\/10\/DSC07175.jpg\"><img decoding=\"async\" aria-describedby=\"caption-attachment-1661\" data-attachment-id=\"1661\" data-permalink=\"https:\/\/paulinenaue.info\/index.php\/der-sturm-xavier-in-paulinenaue\/dsc07175\/\" data-orig-file=\"https:\/\/paulinenaue.info\/wp-content\/uploads\/2017\/10\/DSC07175.jpg\" data-orig-size=\"800,533\" data-comments-opened=\"1\" data-image-meta=\"{&quot;aperture&quot;:&quot;2.8&quot;,&quot;credit&quot;:&quot;&quot;,&quot;camera&quot;:&quot;DSC-RX10&quot;,&quot;caption&quot;:&quot;&quot;,&quot;created_timestamp&quot;:&quot;1507314076&quot;,&quot;copyright&quot;:&quot;&quot;,&quot;focal_length&quot;:&quot;8.8&quot;,&quot;iso&quot;:&quot;320&quot;,&quot;shutter_speed&quot;:&quot;0.033333333333333&quot;,&quot;title&quot;:&quot;&quot;,&quot;orientation&quot;:&quot;1&quot;}\" data-image-title=\"DSC07175\" data-image-description=\"\" data-image-caption=\"\" data-large-file=\"https:\/\/paulinenaue.info\/wp-content\/uploads\/2017\/10\/DSC07175.jpg\" class=\"lazyload wp-image-1661 size-full\" src=\"http:\/\/paulinenaue.info\/wp-content\/uploads\/2017\/10\/DSC07175.jpg\" data-orig-src=\"http:\/\/paulinenaue.info\/wp-content\/uploads\/2017\/10\/DSC07175.jpg\" alt=\"\" width=\"800\" height=\"533\" srcset=\"data:image\/svg+xml,%3Csvg%20xmlns%3D%27http%3A%2F%2Fwww.w3.org%2F2000%2Fsvg%27%20width%3D%27800%27%20height%3D%27533%27%20viewBox%3D%270%200%20800%20533%27%3E%3Crect%20width%3D%27800%27%20height%3D%27533%27%20fill-opacity%3D%220%22%2F%3E%3C%2Fsvg%3E\" data-srcset=\"https:\/\/paulinenaue.info\/wp-content\/uploads\/2017\/10\/DSC07175-272x182.jpg 272w, https:\/\/paulinenaue.info\/wp-content\/uploads\/2017\/10\/DSC07175-300x200.jpg 300w, https:\/\/paulinenaue.info\/wp-content\/uploads\/2017\/10\/DSC07175-600x400.jpg 600w, https:\/\/paulinenaue.info\/wp-content\/uploads\/2017\/10\/DSC07175-768x512.jpg 768w, https:\/\/paulinenaue.info\/wp-content\/uploads\/2017\/10\/DSC07175.jpg 800w\" data-sizes=\"auto\" data-orig-sizes=\"(max-width: 800px) 100vw, 800px\" \/><\/a><p id=\"caption-attachment-1661\" class=\"wp-caption-text\">Wo Schatten, da auch Licht. Spazierg\u00e4nger in den Stra\u00dfen von Paulinenaue konnten nach Xaviers Durchzug manches brauchbare St\u00fcck finden, das sich noch gebrauchen lie\u00df. Foto: Joachim Scholz, 2017.<\/p><\/div>\n<div id=\"attachment_1667\" style=\"width: 810px\" class=\"wp-caption alignnone\"><a href=\"http:\/\/paulinenaue.info\/wp-content\/uploads\/2017\/10\/DSC07181.jpg\"><img decoding=\"async\" aria-describedby=\"caption-attachment-1667\" data-attachment-id=\"1667\" data-permalink=\"https:\/\/paulinenaue.info\/index.php\/der-sturm-xavier-in-paulinenaue\/dsc07181\/\" data-orig-file=\"https:\/\/paulinenaue.info\/wp-content\/uploads\/2017\/10\/DSC07181.jpg\" data-orig-size=\"800,533\" data-comments-opened=\"1\" data-image-meta=\"{&quot;aperture&quot;:&quot;2.8&quot;,&quot;credit&quot;:&quot;&quot;,&quot;camera&quot;:&quot;DSC-RX10&quot;,&quot;caption&quot;:&quot;&quot;,&quot;created_timestamp&quot;:&quot;1507314986&quot;,&quot;copyright&quot;:&quot;&quot;,&quot;focal_length&quot;:&quot;8.8&quot;,&quot;iso&quot;:&quot;320&quot;,&quot;shutter_speed&quot;:&quot;0.033333333333333&quot;,&quot;title&quot;:&quot;&quot;,&quot;orientation&quot;:&quot;1&quot;}\" data-image-title=\"DSC07181\" data-image-description=\"\" data-image-caption=\"\" data-large-file=\"https:\/\/paulinenaue.info\/wp-content\/uploads\/2017\/10\/DSC07181.jpg\" class=\"lazyload wp-image-1667 size-full\" src=\"http:\/\/paulinenaue.info\/wp-content\/uploads\/2017\/10\/DSC07181.jpg\" data-orig-src=\"http:\/\/paulinenaue.info\/wp-content\/uploads\/2017\/10\/DSC07181.jpg\" alt=\"\" width=\"800\" height=\"533\" srcset=\"data:image\/svg+xml,%3Csvg%20xmlns%3D%27http%3A%2F%2Fwww.w3.org%2F2000%2Fsvg%27%20width%3D%27800%27%20height%3D%27533%27%20viewBox%3D%270%200%20800%20533%27%3E%3Crect%20width%3D%27800%27%20height%3D%27533%27%20fill-opacity%3D%220%22%2F%3E%3C%2Fsvg%3E\" data-srcset=\"https:\/\/paulinenaue.info\/wp-content\/uploads\/2017\/10\/DSC07181-272x182.jpg 272w, https:\/\/paulinenaue.info\/wp-content\/uploads\/2017\/10\/DSC07181-300x200.jpg 300w, https:\/\/paulinenaue.info\/wp-content\/uploads\/2017\/10\/DSC07181-600x400.jpg 600w, https:\/\/paulinenaue.info\/wp-content\/uploads\/2017\/10\/DSC07181-768x512.jpg 768w, https:\/\/paulinenaue.info\/wp-content\/uploads\/2017\/10\/DSC07181.jpg 800w\" data-sizes=\"auto\" data-orig-sizes=\"(max-width: 800px) 100vw, 800px\" \/><\/a><p id=\"caption-attachment-1667\" class=\"wp-caption-text\">Dem alten Aprikosenbaum im Gartenweg war es zu viel.\u00a0Foto: Joachim Scholz, 2017.<\/p><\/div>\n","protected":false},"excerpt":{"rendered":"<p>Am Donnerstag fegte ein schwerer Sturm \u00fcber den Norden und [&hellip;]<\/p>\n","protected":false},"author":1,"featured_media":1645,"comment_status":"open","ping_status":"open","sticky":false,"template":"","format":"standard","meta":{"_acf_changed":false,"_price":"","_stock":"","_tribe_ticket_header":"","_tribe_default_ticket_provider":"","_tribe_ticket_capacity":"0","_ticket_start_date":"","_ticket_end_date":"","_tribe_ticket_show_description":"","_tribe_ticket_show_not_going":false,"_tribe_ticket_use_global_stock":"","_tribe_ticket_global_stock_level":"","_global_stock_mode":"","_global_stock_cap":"","_tribe_rsvp_for_event":"","_tribe_ticket_going_count":"","_tribe_ticket_not_going_count":"","_tribe_tickets_list":"[]","_tribe_ticket_has_attendee_info_fields":false,"jetpack_post_was_ever_published":false,"_jetpack_newsletter_access":"","_jetpack_dont_email_post_to_subs":false,"_jetpack_newsletter_tier_id":0,"_jetpack_memberships_contains_paywalled_content":false,"_jetpack_memberships_contains_paid_content":false,"footnotes":"","jetpack_publicize_message":"","jetpack_publicize_feature_enabled":true,"jetpack_social_post_already_shared":true,"jetpack_social_options":{"image_generator_settings":{"template":"highway","default_image_id":0,"font":"","enabled":false},"version":2}},"categories":[1,6,216,9],"tags":[222,221,80,220,219],"class_list":["post-1668","post","type-post","status-publish","format-standard","has-post-thumbnail","hentry","category-allgemein","category-hier-zuhause","category-natur","category-neuigkeiten","tag-brandenburger-allee","tag-sturm","tag-sturmschaeden","tag-wetterereignisse","tag-xavier"],"acf":[],"yoast_head":"<!-- This site is optimized with the Yoast SEO plugin v27.5 - https:\/\/yoast.com\/product\/yoast-seo-wordpress\/ -->\n<title>Sturmtief \u201eXavier\u201c \u00fcber Paulinenaue - Paulinenaue<\/title>\n<meta name=\"robots\" content=\"index, follow, max-snippet:-1, max-image-preview:large, max-video-preview:-1\" \/>\n<link rel=\"canonical\" href=\"https:\/\/paulinenaue.info\/index.php\/der-sturm-xavier-in-paulinenaue\/\" \/>\n<meta property=\"og:locale\" content=\"de_DE\" \/>\n<meta property=\"og:type\" content=\"article\" \/>\n<meta property=\"og:title\" content=\"Sturmtief \u201eXavier\u201c \u00fcber Paulinenaue - Paulinenaue\" \/>\n<meta property=\"og:description\" content=\"Am Donnerstag fegte ein schwerer Sturm \u00fcber den Norden und [&hellip;]\" \/>\n<meta property=\"og:url\" content=\"https:\/\/paulinenaue.info\/index.php\/der-sturm-xavier-in-paulinenaue\/\" \/>\n<meta property=\"og:site_name\" content=\"Paulinenaue\" \/>\n<meta property=\"article:published_time\" content=\"2017-10-06T21:33:30+00:00\" \/>\n<meta property=\"article:modified_time\" content=\"2018-03-29T22:27:42+00:00\" \/>\n<meta property=\"og:image\" content=\"https:\/\/i1.wp.com\/paulinenaue.info\/wp-content\/uploads\/2017\/10\/DSC07145.jpg?fit=800%2C533&ssl=1\" \/>\n\t<meta property=\"og:image:width\" content=\"800\" \/>\n\t<meta property=\"og:image:height\" content=\"533\" \/>\n\t<meta property=\"og:image:type\" content=\"image\/jpeg\" \/>\n<meta name=\"author\" content=\"Joachim Scholz\" \/>\n<meta name=\"twitter:card\" content=\"summary_large_image\" \/>\n<meta name=\"twitter:label1\" content=\"Verfasst von\" \/>\n\t<meta name=\"twitter:data1\" content=\"Joachim Scholz\" \/>\n\t<meta name=\"twitter:label2\" content=\"Gesch\u00e4tzte Lesezeit\" \/>\n\t<meta name=\"twitter:data2\" content=\"2\u00a0Minuten\" \/>\n<script type=\"application\/ld+json\" class=\"yoast-schema-graph\">{\"@context\":\"https:\\\/\\\/schema.org\",\"@graph\":[{\"@type\":\"Article\",\"@id\":\"https:\\\/\\\/paulinenaue.info\\\/index.php\\\/der-sturm-xavier-in-paulinenaue\\\/#article\",\"isPartOf\":{\"@id\":\"https:\\\/\\\/paulinenaue.info\\\/index.php\\\/der-sturm-xavier-in-paulinenaue\\\/\"},\"author\":{\"name\":\"Joachim Scholz\",\"@id\":\"https:\\\/\\\/paulinenaue.info\\\/#\\\/schema\\\/person\\\/3f9e818fd7b69b0d2bd937ac506897cc\"},\"headline\":\"Sturmtief \u201eXavier\u201c \u00fcber Paulinenaue\",\"datePublished\":\"2017-10-06T21:33:30+00:00\",\"dateModified\":\"2018-03-29T22:27:42+00:00\",\"mainEntityOfPage\":{\"@id\":\"https:\\\/\\\/paulinenaue.info\\\/index.php\\\/der-sturm-xavier-in-paulinenaue\\\/\"},\"wordCount\":434,\"commentCount\":0,\"image\":{\"@id\":\"https:\\\/\\\/paulinenaue.info\\\/index.php\\\/der-sturm-xavier-in-paulinenaue\\\/#primaryimage\"},\"thumbnailUrl\":\"https:\\\/\\\/paulinenaue.info\\\/wp-content\\\/uploads\\\/2017\\\/10\\\/DSC07145.jpg\",\"keywords\":[\"Brandenburger Allee\",\"Sturm\",\"Sturmsch\u00e4den\",\"Wetterereignisse\",\"Xavier\"],\"articleSection\":{\"1\":\"Hier Zuhause\",\"2\":\"Natur\",\"3\":\"Neuigkeiten\"},\"inLanguage\":\"de\",\"potentialAction\":[{\"@type\":\"CommentAction\",\"name\":\"Comment\",\"target\":[\"https:\\\/\\\/paulinenaue.info\\\/index.php\\\/der-sturm-xavier-in-paulinenaue\\\/#respond\"]}]},{\"@type\":\"WebPage\",\"@id\":\"https:\\\/\\\/paulinenaue.info\\\/index.php\\\/der-sturm-xavier-in-paulinenaue\\\/\",\"url\":\"https:\\\/\\\/paulinenaue.info\\\/index.php\\\/der-sturm-xavier-in-paulinenaue\\\/\",\"name\":\"Sturmtief \u201eXavier\u201c \u00fcber Paulinenaue - Paulinenaue\",\"isPartOf\":{\"@id\":\"https:\\\/\\\/paulinenaue.info\\\/#website\"},\"primaryImageOfPage\":{\"@id\":\"https:\\\/\\\/paulinenaue.info\\\/index.php\\\/der-sturm-xavier-in-paulinenaue\\\/#primaryimage\"},\"image\":{\"@id\":\"https:\\\/\\\/paulinenaue.info\\\/index.php\\\/der-sturm-xavier-in-paulinenaue\\\/#primaryimage\"},\"thumbnailUrl\":\"https:\\\/\\\/paulinenaue.info\\\/wp-content\\\/uploads\\\/2017\\\/10\\\/DSC07145.jpg\",\"datePublished\":\"2017-10-06T21:33:30+00:00\",\"dateModified\":\"2018-03-29T22:27:42+00:00\",\"author\":{\"@id\":\"https:\\\/\\\/paulinenaue.info\\\/#\\\/schema\\\/person\\\/3f9e818fd7b69b0d2bd937ac506897cc\"},\"breadcrumb\":{\"@id\":\"https:\\\/\\\/paulinenaue.info\\\/index.php\\\/der-sturm-xavier-in-paulinenaue\\\/#breadcrumb\"},\"inLanguage\":\"de\",\"potentialAction\":[{\"@type\":\"ReadAction\",\"target\":[\"https:\\\/\\\/paulinenaue.info\\\/index.php\\\/der-sturm-xavier-in-paulinenaue\\\/\"]}]},{\"@type\":\"ImageObject\",\"inLanguage\":\"de\",\"@id\":\"https:\\\/\\\/paulinenaue.info\\\/index.php\\\/der-sturm-xavier-in-paulinenaue\\\/#primaryimage\",\"url\":\"https:\\\/\\\/paulinenaue.info\\\/wp-content\\\/uploads\\\/2017\\\/10\\\/DSC07145.jpg\",\"contentUrl\":\"https:\\\/\\\/paulinenaue.info\\\/wp-content\\\/uploads\\\/2017\\\/10\\\/DSC07145.jpg\",\"width\":800,\"height\":533},{\"@type\":\"BreadcrumbList\",\"@id\":\"https:\\\/\\\/paulinenaue.info\\\/index.php\\\/der-sturm-xavier-in-paulinenaue\\\/#breadcrumb\",\"itemListElement\":[{\"@type\":\"ListItem\",\"position\":1,\"name\":\"Home\",\"item\":\"https:\\\/\\\/paulinenaue.info\\\/\"},{\"@type\":\"ListItem\",\"position\":2,\"name\":\"Sturmtief \u201eXavier\u201c \u00fcber Paulinenaue\"}]},{\"@type\":\"WebSite\",\"@id\":\"https:\\\/\\\/paulinenaue.info\\\/#website\",\"url\":\"https:\\\/\\\/paulinenaue.info\\\/\",\"name\":\"Paulinenaue\",\"description\":\"Ein Dorf im Havelland\",\"potentialAction\":[{\"@type\":\"SearchAction\",\"target\":{\"@type\":\"EntryPoint\",\"urlTemplate\":\"https:\\\/\\\/paulinenaue.info\\\/?s={search_term_string}\"},\"query-input\":{\"@type\":\"PropertyValueSpecification\",\"valueRequired\":true,\"valueName\":\"search_term_string\"}}],\"inLanguage\":\"de\"},{\"@type\":\"Person\",\"@id\":\"https:\\\/\\\/paulinenaue.info\\\/#\\\/schema\\\/person\\\/3f9e818fd7b69b0d2bd937ac506897cc\",\"name\":\"Joachim Scholz\",\"url\":\"https:\\\/\\\/paulinenaue.info\\\/index.php\\\/author\\\/jjscholz\\\/\"}]}<\/script>\n<!-- \/ Yoast SEO plugin. -->","yoast_head_json":{"title":"Sturmtief \u201eXavier\u201c \u00fcber Paulinenaue - Paulinenaue","robots":{"index":"index","follow":"follow","max-snippet":"max-snippet:-1","max-image-preview":"max-image-preview:large","max-video-preview":"max-video-preview:-1"},"canonical":"https:\/\/paulinenaue.info\/index.php\/der-sturm-xavier-in-paulinenaue\/","og_locale":"de_DE","og_type":"article","og_title":"Sturmtief \u201eXavier\u201c \u00fcber Paulinenaue - Paulinenaue","og_description":"Am Donnerstag fegte ein schwerer Sturm \u00fcber den Norden und [&hellip;]","og_url":"https:\/\/paulinenaue.info\/index.php\/der-sturm-xavier-in-paulinenaue\/","og_site_name":"Paulinenaue","article_published_time":"2017-10-06T21:33:30+00:00","article_modified_time":"2018-03-29T22:27:42+00:00","og_image":[{"width":800,"height":533,"url":"https:\/\/i1.wp.com\/paulinenaue.info\/wp-content\/uploads\/2017\/10\/DSC07145.jpg?fit=800%2C533&ssl=1","type":"image\/jpeg"}],"author":"Joachim Scholz","twitter_card":"summary_large_image","twitter_misc":{"Verfasst von":"Joachim Scholz","Gesch\u00e4tzte Lesezeit":"2\u00a0Minuten"},"schema":{"@context":"https:\/\/schema.org","@graph":[{"@type":"Article","@id":"https:\/\/paulinenaue.info\/index.php\/der-sturm-xavier-in-paulinenaue\/#article","isPartOf":{"@id":"https:\/\/paulinenaue.info\/index.php\/der-sturm-xavier-in-paulinenaue\/"},"author":{"name":"Joachim Scholz","@id":"https:\/\/paulinenaue.info\/#\/schema\/person\/3f9e818fd7b69b0d2bd937ac506897cc"},"headline":"Sturmtief \u201eXavier\u201c \u00fcber Paulinenaue","datePublished":"2017-10-06T21:33:30+00:00","dateModified":"2018-03-29T22:27:42+00:00","mainEntityOfPage":{"@id":"https:\/\/paulinenaue.info\/index.php\/der-sturm-xavier-in-paulinenaue\/"},"wordCount":434,"commentCount":0,"image":{"@id":"https:\/\/paulinenaue.info\/index.php\/der-sturm-xavier-in-paulinenaue\/#primaryimage"},"thumbnailUrl":"https:\/\/paulinenaue.info\/wp-content\/uploads\/2017\/10\/DSC07145.jpg","keywords":["Brandenburger Allee","Sturm","Sturmsch\u00e4den","Wetterereignisse","Xavier"],"articleSection":{"1":"Hier Zuhause","2":"Natur","3":"Neuigkeiten"},"inLanguage":"de","potentialAction":[{"@type":"CommentAction","name":"Comment","target":["https:\/\/paulinenaue.info\/index.php\/der-sturm-xavier-in-paulinenaue\/#respond"]}]},{"@type":"WebPage","@id":"https:\/\/paulinenaue.info\/index.php\/der-sturm-xavier-in-paulinenaue\/","url":"https:\/\/paulinenaue.info\/index.php\/der-sturm-xavier-in-paulinenaue\/","name":"Sturmtief \u201eXavier\u201c \u00fcber Paulinenaue - Paulinenaue","isPartOf":{"@id":"https:\/\/paulinenaue.info\/#website"},"primaryImageOfPage":{"@id":"https:\/\/paulinenaue.info\/index.php\/der-sturm-xavier-in-paulinenaue\/#primaryimage"},"image":{"@id":"https:\/\/paulinenaue.info\/index.php\/der-sturm-xavier-in-paulinenaue\/#primaryimage"},"thumbnailUrl":"https:\/\/paulinenaue.info\/wp-content\/uploads\/2017\/10\/DSC07145.jpg","datePublished":"2017-10-06T21:33:30+00:00","dateModified":"2018-03-29T22:27:42+00:00","author":{"@id":"https:\/\/paulinenaue.info\/#\/schema\/person\/3f9e818fd7b69b0d2bd937ac506897cc"},"breadcrumb":{"@id":"https:\/\/paulinenaue.info\/index.php\/der-sturm-xavier-in-paulinenaue\/#breadcrumb"},"inLanguage":"de","potentialAction":[{"@type":"ReadAction","target":["https:\/\/paulinenaue.info\/index.php\/der-sturm-xavier-in-paulinenaue\/"]}]},{"@type":"ImageObject","inLanguage":"de","@id":"https:\/\/paulinenaue.info\/index.php\/der-sturm-xavier-in-paulinenaue\/#primaryimage","url":"https:\/\/paulinenaue.info\/wp-content\/uploads\/2017\/10\/DSC07145.jpg","contentUrl":"https:\/\/paulinenaue.info\/wp-content\/uploads\/2017\/10\/DSC07145.jpg","width":800,"height":533},{"@type":"BreadcrumbList","@id":"https:\/\/paulinenaue.info\/index.php\/der-sturm-xavier-in-paulinenaue\/#breadcrumb","itemListElement":[{"@type":"ListItem","position":1,"name":"Home","item":"https:\/\/paulinenaue.info\/"},{"@type":"ListItem","position":2,"name":"Sturmtief \u201eXavier\u201c \u00fcber Paulinenaue"}]},{"@type":"WebSite","@id":"https:\/\/paulinenaue.info\/#website","url":"https:\/\/paulinenaue.info\/","name":"Paulinenaue","description":"Ein Dorf im Havelland","potentialAction":[{"@type":"SearchAction","target":{"@type":"EntryPoint","urlTemplate":"https:\/\/paulinenaue.info\/?s={search_term_string}"},"query-input":{"@type":"PropertyValueSpecification","valueRequired":true,"valueName":"search_term_string"}}],"inLanguage":"de"},{"@type":"Person","@id":"https:\/\/paulinenaue.info\/#\/schema\/person\/3f9e818fd7b69b0d2bd937ac506897cc","name":"Joachim Scholz","url":"https:\/\/paulinenaue.info\/index.php\/author\/jjscholz\/"}]}},"jetpack_publicize_connections":[],"jetpack_featured_media_url":"https:\/\/paulinenaue.info\/wp-content\/uploads\/2017\/10\/DSC07145.jpg","jetpack_sharing_enabled":true,"jetpack_shortlink":"https:\/\/wp.me\/pcYhWA-qU","jetpack-related-posts":[{"id":201,"url":"https:\/\/paulinenaue.info\/index.php\/damals-vor-40-jahren-paulinenaue-im-ausnahmezustand\/","url_meta":{"origin":1668,"position":0},"title":"Damals vor 40 Jahren: Paulinenaue im Ausnahmezustand","author":"Joachim Scholz","date":"22. M\u00e4rz 2016","format":false,"excerpt":"Georg Drasch\u00e9 fotografierte das Dorf im November 1972 nach dem Sturm \u201eQuimburga\u201c Artikel aus dem Archiv der Website vom 30.11.2012 von Joachim Scholz \u201eWetterlage:\u00a0Ein Sturmtief \u00fcberquert mit seinen Ausl\u00e4ufern im Tagesverlauf die DDR. Auf seiner R\u00fcckseite wird erneut Kaltluft herangef\u00fchrt.\u00a0Wetteraussichten:\u00a0Bedeckt und zeitweise Regen. Im sp\u00e4teren Tagesverlauf Schauer. Tagesh\u00f6chsttemperaturen 5 \u00b0C-10\u00b0C.\u2026","rel":"","context":"In &quot;Hier Zuhause&quot;","block_context":{"text":"Hier Zuhause","link":"https:\/\/paulinenaue.info\/index.php\/category\/hier-zuhause\/"},"img":{"alt_text":"","src":"https:\/\/i0.wp.com\/paulinenaue.info\/wp-content\/uploads\/2016\/03\/19721114_quimburga_10_gd.jpg?resize=350%2C200&ssl=1","width":350,"height":200},"classes":[]},{"id":131,"url":"https:\/\/paulinenaue.info\/index.php\/solch-einen-stimmungsvollen-ort-habe-ich-selten-erlebt-gisela-heller-liest-im-wintergarten-des-paulinenauer-herrenhauses\/","url_meta":{"origin":1668,"position":1},"title":"\u201eSolch einen stimmungsvollen Ort habe ich selten erlebt\u201c &#8211; Gisela Heller liest im Wintergarten des Paulinenauer Herrenhauses","author":"Joachim Scholz","date":"6. Dezember 2012","format":false,"excerpt":"09.11.2012. \u201eUnterwegs mit Gisela\u201c hie\u00dfen die Radio-Reportagen, mit denen Gisela Heller zu DDR-Zeiten Heimatkundliches \u00fcber den \u00c4ther schickte. Gek\u00fcrzt gingen ausgew\u00e4hlte St\u00fccke dann in ihre beiden Buchpublikationen \u201eM\u00e4rkischer Bilderbogen\u201c (1976) und \u201eNeuer M\u00e4rkischer Bilderbogen\u201c (1986) ein. Eine dieser Reportagen war Paulinenaue gewidmet, denn in jenen Jahren war unser Dorf ein\u2026","rel":"","context":"In &quot;Historie&quot;","block_context":{"text":"Historie","link":"https:\/\/paulinenaue.info\/index.php\/category\/historie\/"},"img":{"alt_text":"","src":"https:\/\/i0.wp.com\/paulinenaue.info\/wp-content\/uploads\/2016\/03\/20121109_heller_06_ft.jpg?resize=350%2C200&ssl=1","width":350,"height":200},"classes":[]},{"id":158,"url":"https:\/\/paulinenaue.info\/index.php\/protest-gegen-massive-baumfaellungen\/","url_meta":{"origin":1668,"position":2},"title":"Protest gegen massive Baumf\u00e4llungen","author":"Joachim Scholz","date":"5. Oktober 2011","format":false,"excerpt":"\u201eGenau in diesem Moment f\u00e4llen sie die B\u00e4ume in Richtung Jahnberge. Die B\u00e4ume sind noch v\u00f6llig in Ordnung, soweit ich das beurteilen kann\u201c, schreibt Andrea Wendt , die mit ihrer Familie in Eichberge lebt, am Morgen des 4. Oktober. Ihr Vater Otto Seehawer hat die Pappeln 1954 mit gepflanzt, als\u2026","rel":"","context":"In &quot;Dorfentwicklung&quot;","block_context":{"text":"Dorfentwicklung","link":"https:\/\/paulinenaue.info\/index.php\/category\/dorfentwicklung\/"},"img":{"alt_text":"","src":"https:\/\/i0.wp.com\/paulinenaue.info\/wp-content\/uploads\/2016\/03\/eichberge_allee_20101008_01.jpg?resize=350%2C200&ssl=1","width":350,"height":200},"classes":[]},{"id":37586,"url":"https:\/\/paulinenaue.info\/index.php\/storchenankunft-2022\/","url_meta":{"origin":1668,"position":3},"title":"Vom Winde verweht?","author":"Joachim Scholz","date":"19. Februar 2022","format":false,"excerpt":"Storchenankunft wahrscheinlich blo\u00df vorl\u00e4ufig Der Storch stellte sich in den vergangenen Jahren mal fr\u00fcher und mal sp\u00e4ter in Paulinenaue ein. Sein Erscheinen auf dem Nest in der Jahnstra\u00dfe am 17. Februar z\u00e4hlt sicherlich zu den fr\u00fcheren Terminen. Es blieb im Dorf nicht unbemerkt. Heide Hesse wurde von Nachbarn informiert und\u2026","rel":"","context":"In &quot;Hier Zuhause&quot;","block_context":{"text":"Hier Zuhause","link":"https:\/\/paulinenaue.info\/index.php\/category\/hier-zuhause\/"},"img":{"alt_text":"","src":"https:\/\/i0.wp.com\/paulinenaue.info\/wp-content\/uploads\/2022\/02\/2022-02-17-Storchensichtung-kl.jpg?resize=350%2C200&ssl=1","width":350,"height":200,"srcset":"https:\/\/i0.wp.com\/paulinenaue.info\/wp-content\/uploads\/2022\/02\/2022-02-17-Storchensichtung-kl.jpg?resize=350%2C200&ssl=1 1x, https:\/\/i0.wp.com\/paulinenaue.info\/wp-content\/uploads\/2022\/02\/2022-02-17-Storchensichtung-kl.jpg?resize=525%2C300&ssl=1 1.5x, https:\/\/i0.wp.com\/paulinenaue.info\/wp-content\/uploads\/2022\/02\/2022-02-17-Storchensichtung-kl.jpg?resize=700%2C400&ssl=1 2x"},"classes":[]},{"id":417641,"url":"https:\/\/paulinenaue.info\/index.php\/die-bahn-baut-bei-paulinenaue\/","url_meta":{"origin":1668,"position":4},"title":"Die Bahn baut bei Paulinenaue","author":"Joachim Scholz","date":"13. Juli 2003","format":false,"excerpt":"06.07.2003. Am Montag, den 14. Juli 2003 beginnen intensive Bahnbauarbeiten an der Berlin-Hamburger Strecke. Der Schienenverkehr wird dann f\u00fcr mehrere Wochen eingestellt und bis zu 500 Bauarbeiter werden rund um die Uhr an der Ert\u00fcchtigung des Gleisk\u00f6rpers f\u00fcr Hochgeschwindigkeitsz\u00fcge arbeiten. Gemeinden, die wie Paulinenaue direkt von der Bahn durchquert werden,\u2026","rel":"","context":"In &quot;Bienenfarm&quot;","block_context":{"text":"Bienenfarm","link":"https:\/\/paulinenaue.info\/index.php\/category\/bienenfarm\/"},"img":{"alt_text":"","src":"https:\/\/i0.wp.com\/paulinenaue.info\/wp-content\/uploads\/2025\/03\/2003-07-06-Bruecke-an-der-Luchsiedlung-ES-01.jpeg?resize=350%2C200&ssl=1","width":350,"height":200,"srcset":"https:\/\/i0.wp.com\/paulinenaue.info\/wp-content\/uploads\/2025\/03\/2003-07-06-Bruecke-an-der-Luchsiedlung-ES-01.jpeg?resize=350%2C200&ssl=1 1x, https:\/\/i0.wp.com\/paulinenaue.info\/wp-content\/uploads\/2025\/03\/2003-07-06-Bruecke-an-der-Luchsiedlung-ES-01.jpeg?resize=525%2C300&ssl=1 1.5x, https:\/\/i0.wp.com\/paulinenaue.info\/wp-content\/uploads\/2025\/03\/2003-07-06-Bruecke-an-der-Luchsiedlung-ES-01.jpeg?resize=700%2C400&ssl=1 2x"},"classes":[]},{"id":189,"url":"https:\/\/paulinenaue.info\/index.php\/50-jahre-heizhausschornstein-wir-erinnern-an-die-erstbesteigung-des-hoechsten-paulinenauer-bauwerks\/","url_meta":{"origin":1668,"position":5},"title":"50 Jahre Heizhausschornstein 2013 \u2013 Wir erinnern an die Erstbesteigung des h\u00f6chsten Paulinenauer Bauwerks","author":"Joachim Scholz","date":"25. August 2013","format":false,"excerpt":"Joachim Scholz Der Schornstein am Heizhaus ist (2013) 50 Jahre alt und 34 Meter hoch. \u201eDass Du da nicht wieder hochkletterst\u201c, warnt Gerlinde Schmidt ihren Mann noch kurz vor unserem Fototermin am alten Heizhaus. Vielleicht war es vor 50 Jahren \u00e4hnlich, als beide sich noch gar nicht lange kannten und\u2026","rel":"","context":"In &quot;Dorfentwicklung&quot;","block_context":{"text":"Dorfentwicklung","link":"https:\/\/paulinenaue.info\/index.php\/category\/dorfentwicklung\/"},"img":{"alt_text":"","src":"https:\/\/i0.wp.com\/paulinenaue.info\/wp-content\/uploads\/2016\/03\/schornstein_20130825_01.jpg?resize=350%2C200&ssl=1","width":350,"height":200},"classes":[]}],"_links":{"self":[{"href":"https:\/\/paulinenaue.info\/index.php\/wp-json\/wp\/v2\/posts\/1668","targetHints":{"allow":["GET"]}}],"collection":[{"href":"https:\/\/paulinenaue.info\/index.php\/wp-json\/wp\/v2\/posts"}],"about":[{"href":"https:\/\/paulinenaue.info\/index.php\/wp-json\/wp\/v2\/types\/post"}],"author":[{"embeddable":true,"href":"https:\/\/paulinenaue.info\/index.php\/wp-json\/wp\/v2\/users\/1"}],"replies":[{"embeddable":true,"href":"https:\/\/paulinenaue.info\/index.php\/wp-json\/wp\/v2\/comments?post=1668"}],"version-history":[{"count":19,"href":"https:\/\/paulinenaue.info\/index.php\/wp-json\/wp\/v2\/posts\/1668\/revisions"}],"predecessor-version":[{"id":1990,"href":"https:\/\/paulinenaue.info\/index.php\/wp-json\/wp\/v2\/posts\/1668\/revisions\/1990"}],"wp:featuredmedia":[{"embeddable":true,"href":"https:\/\/paulinenaue.info\/index.php\/wp-json\/wp\/v2\/media\/1645"}],"wp:attachment":[{"href":"https:\/\/paulinenaue.info\/index.php\/wp-json\/wp\/v2\/media?parent=1668"}],"wp:term":[{"taxonomy":"category","embeddable":true,"href":"https:\/\/paulinenaue.info\/index.php\/wp-json\/wp\/v2\/categories?post=1668"},{"taxonomy":"post_tag","embeddable":true,"href":"https:\/\/paulinenaue.info\/index.php\/wp-json\/wp\/v2\/tags?post=1668"}],"curies":[{"name":"wp","href":"https:\/\/api.w.org\/{rel}","templated":true}]}}