{"id":172,"date":"2016-03-22T14:46:17","date_gmt":"2016-03-22T13:46:17","guid":{"rendered":"https:\/\/sudile.com\/paue\/?p=172"},"modified":"2016-09-18T10:42:53","modified_gmt":"2016-09-18T08:42:53","slug":"parkgestaltung-hat-begonnen","status":"publish","type":"post","link":"https:\/\/paulinenaue.info\/index.php\/parkgestaltung-hat-begonnen\/","title":{"rendered":"Parkgestaltung hat begonnen"},"content":{"rendered":"<p class=\"autor\"><em>Joachim Scholz, Walter Siegmund<\/em><\/p>\n<p>09.10.2010. Was Spazierg\u00e4nger an den sch\u00f6nen Herbsttagen des letzten Wochenendes im Paulinenauer Gutspark sehen, soll erst der Anfang der Versch\u00f6nerung des unter Denkmalschutz stehenden Parkgel\u00e4ndes sein. Bis Ende 2011 will die\u00a0<abbr title=\"Internationale Lehranstalt f\u00fcr Landwirtschaft, Umwelt und Technik Berlin-Brandenburg e.V. \">ILLUT<\/abbr>\u00a0hier von Sch\u00fclerinnen und Sch\u00fclern einer polnischen Partnerschule einen Erholungspark gestalten. Die Zustimmungen sowohl der Gemeinde, der die Fl\u00e4che geh\u00f6rt, als auch der Denkmalschutzbeh\u00f6rde zu diesem Projekt liegen vor. Schon jetzt l\u00e4sst es sich, zumal vor der Kulisse des frisch sanierten Herrenhauses, mit Genuss durch den Park flanieren.<\/p>\n<p><img class=\"lazyload\" decoding=\"async\" title=\"Beim Spaziergang durch den Paulinenauer Gutspark\" src=\"data:image\/gif;base64,R0lGODlhAQABAAAAACH5BAEKAAEALAAAAAABAAEAAAICTAEAOw==\" data-orig-src=\"http:\/\/paulinenaue.info\/neues\/fotos\/neues_2010\/20101009_park_01.jpg\" alt=\"Park\" \/><\/p>\n<p class=\"bildunterschrift\">Der Park kann sich sehen lassen. Die Parkfl\u00e4chen und Hecken wurden ges\u00e4ubert, die Wegkanten nachgezogen. Foto: Joachim Scholz, 2010.<\/p>\n<p><img class=\"lazyload\" decoding=\"async\" title=\"Das Paulinenauer Herrenhaus\" src=\"data:image\/gif;base64,R0lGODlhAQABAAAAACH5BAEKAAEALAAAAAABAAEAAAICTAEAOw==\" data-orig-src=\"http:\/\/paulinenaue.info\/neues\/neues\/fotos\/01_gebaeude\/herrenhaus_20101008_01.jpg\" alt=\"Gutshaus\" \/><\/p>\n<p class=\"bildunterschrift\">Die s\u00fcdliche Parkseite des Paulinenauer Herrenhauses. Von der Neugestaltung profitieren Schloss und Park. Foto: Joachim Scholz, 2010<\/p>\n","protected":false},"excerpt":{"rendered":"<p>Joachim Scholz, Walter Siegmund 09.10.2010. Was Spazierg\u00e4nger an den sch\u00f6nen [&hellip;]<\/p>\n","protected":false},"author":1,"featured_media":325,"comment_status":"open","ping_status":"open","sticky":false,"template":"","format":"standard","meta":{"_acf_changed":false,"_price":"","_stock":"","_tribe_ticket_header":"","_tribe_default_ticket_provider":"","_tribe_ticket_capacity":"0","_ticket_start_date":"","_ticket_end_date":"","_tribe_ticket_show_description":"","_tribe_ticket_show_not_going":false,"_tribe_ticket_use_global_stock":"","_tribe_ticket_global_stock_level":"","_global_stock_mode":"","_global_stock_cap":"","_tribe_rsvp_for_event":"","_tribe_ticket_going_count":"","_tribe_ticket_not_going_count":"","_tribe_tickets_list":"[]","_tribe_ticket_has_attendee_info_fields":false,"jetpack_post_was_ever_published":false,"_jetpack_newsletter_access":"","_jetpack_dont_email_post_to_subs":false,"_jetpack_newsletter_tier_id":0,"_jetpack_memberships_contains_paywalled_content":false,"_jetpack_memberships_contains_paid_content":false,"footnotes":"","jetpack_publicize_message":"","jetpack_publicize_feature_enabled":true,"jetpack_social_post_already_shared":false,"jetpack_social_options":{"image_generator_settings":{"template":"highway","default_image_id":0,"font":"","enabled":false},"version":2}},"categories":[40],"tags":[67,49],"class_list":["post-172","post","type-post","status-publish","format-standard","has-post-thumbnail","hentry","category-dorfentwicklung","tag-park","tag-schloss"],"acf":[],"yoast_head":"<!-- This site is optimized with the Yoast SEO plugin v27.5 - https:\/\/yoast.com\/product\/yoast-seo-wordpress\/ -->\n<title>Parkgestaltung hat begonnen - Paulinenaue<\/title>\n<meta name=\"robots\" content=\"index, follow, max-snippet:-1, max-image-preview:large, max-video-preview:-1\" \/>\n<link rel=\"canonical\" href=\"https:\/\/paulinenaue.info\/index.php\/parkgestaltung-hat-begonnen\/\" \/>\n<meta property=\"og:locale\" content=\"de_DE\" \/>\n<meta property=\"og:type\" content=\"article\" \/>\n<meta property=\"og:title\" content=\"Parkgestaltung hat begonnen - Paulinenaue\" \/>\n<meta property=\"og:description\" content=\"Joachim Scholz, Walter Siegmund 09.10.2010. Was Spazierg\u00e4nger an den sch\u00f6nen [&hellip;]\" \/>\n<meta property=\"og:url\" content=\"https:\/\/paulinenaue.info\/index.php\/parkgestaltung-hat-begonnen\/\" \/>\n<meta property=\"og:site_name\" content=\"Paulinenaue\" \/>\n<meta property=\"article:published_time\" content=\"2016-03-22T13:46:17+00:00\" \/>\n<meta property=\"article:modified_time\" content=\"2016-09-18T08:42:53+00:00\" \/>\n<meta property=\"og:image\" content=\"https:\/\/i2.wp.com\/paulinenaue.info\/wp-content\/uploads\/2016\/03\/20101009_park_01.jpg?fit=500%2C375&ssl=1\" \/>\n\t<meta property=\"og:image:width\" content=\"500\" \/>\n\t<meta property=\"og:image:height\" content=\"375\" \/>\n\t<meta property=\"og:image:type\" content=\"image\/jpeg\" \/>\n<meta name=\"author\" content=\"Joachim Scholz\" \/>\n<meta name=\"twitter:card\" content=\"summary_large_image\" \/>\n<meta name=\"twitter:label1\" content=\"Verfasst von\" \/>\n\t<meta name=\"twitter:data1\" content=\"Joachim Scholz\" \/>\n\t<meta name=\"twitter:label2\" content=\"Gesch\u00e4tzte Lesezeit\" \/>\n\t<meta name=\"twitter:data2\" content=\"1\u00a0Minute\" \/>\n<script type=\"application\/ld+json\" class=\"yoast-schema-graph\">{\"@context\":\"https:\\\/\\\/schema.org\",\"@graph\":[{\"@type\":\"Article\",\"@id\":\"https:\\\/\\\/paulinenaue.info\\\/index.php\\\/parkgestaltung-hat-begonnen\\\/#article\",\"isPartOf\":{\"@id\":\"https:\\\/\\\/paulinenaue.info\\\/index.php\\\/parkgestaltung-hat-begonnen\\\/\"},\"author\":{\"name\":\"Joachim Scholz\",\"@id\":\"https:\\\/\\\/paulinenaue.info\\\/#\\\/schema\\\/person\\\/3f9e818fd7b69b0d2bd937ac506897cc\"},\"headline\":\"Parkgestaltung hat begonnen\",\"datePublished\":\"2016-03-22T13:46:17+00:00\",\"dateModified\":\"2016-09-18T08:42:53+00:00\",\"mainEntityOfPage\":{\"@id\":\"https:\\\/\\\/paulinenaue.info\\\/index.php\\\/parkgestaltung-hat-begonnen\\\/\"},\"wordCount\":132,\"commentCount\":0,\"image\":{\"@id\":\"https:\\\/\\\/paulinenaue.info\\\/index.php\\\/parkgestaltung-hat-begonnen\\\/#primaryimage\"},\"thumbnailUrl\":\"https:\\\/\\\/paulinenaue.info\\\/wp-content\\\/uploads\\\/2016\\\/03\\\/20101009_park_01.jpg\",\"keywords\":[\"Park\",\"Schloss\"],\"articleSection\":[\"Dorfentwicklung\"],\"inLanguage\":\"de\",\"potentialAction\":[{\"@type\":\"CommentAction\",\"name\":\"Comment\",\"target\":[\"https:\\\/\\\/paulinenaue.info\\\/index.php\\\/parkgestaltung-hat-begonnen\\\/#respond\"]}]},{\"@type\":\"WebPage\",\"@id\":\"https:\\\/\\\/paulinenaue.info\\\/index.php\\\/parkgestaltung-hat-begonnen\\\/\",\"url\":\"https:\\\/\\\/paulinenaue.info\\\/index.php\\\/parkgestaltung-hat-begonnen\\\/\",\"name\":\"Parkgestaltung hat begonnen - Paulinenaue\",\"isPartOf\":{\"@id\":\"https:\\\/\\\/paulinenaue.info\\\/#website\"},\"primaryImageOfPage\":{\"@id\":\"https:\\\/\\\/paulinenaue.info\\\/index.php\\\/parkgestaltung-hat-begonnen\\\/#primaryimage\"},\"image\":{\"@id\":\"https:\\\/\\\/paulinenaue.info\\\/index.php\\\/parkgestaltung-hat-begonnen\\\/#primaryimage\"},\"thumbnailUrl\":\"https:\\\/\\\/paulinenaue.info\\\/wp-content\\\/uploads\\\/2016\\\/03\\\/20101009_park_01.jpg\",\"datePublished\":\"2016-03-22T13:46:17+00:00\",\"dateModified\":\"2016-09-18T08:42:53+00:00\",\"author\":{\"@id\":\"https:\\\/\\\/paulinenaue.info\\\/#\\\/schema\\\/person\\\/3f9e818fd7b69b0d2bd937ac506897cc\"},\"breadcrumb\":{\"@id\":\"https:\\\/\\\/paulinenaue.info\\\/index.php\\\/parkgestaltung-hat-begonnen\\\/#breadcrumb\"},\"inLanguage\":\"de\",\"potentialAction\":[{\"@type\":\"ReadAction\",\"target\":[\"https:\\\/\\\/paulinenaue.info\\\/index.php\\\/parkgestaltung-hat-begonnen\\\/\"]}]},{\"@type\":\"ImageObject\",\"inLanguage\":\"de\",\"@id\":\"https:\\\/\\\/paulinenaue.info\\\/index.php\\\/parkgestaltung-hat-begonnen\\\/#primaryimage\",\"url\":\"https:\\\/\\\/paulinenaue.info\\\/wp-content\\\/uploads\\\/2016\\\/03\\\/20101009_park_01.jpg\",\"contentUrl\":\"https:\\\/\\\/paulinenaue.info\\\/wp-content\\\/uploads\\\/2016\\\/03\\\/20101009_park_01.jpg\",\"width\":500,\"height\":375},{\"@type\":\"BreadcrumbList\",\"@id\":\"https:\\\/\\\/paulinenaue.info\\\/index.php\\\/parkgestaltung-hat-begonnen\\\/#breadcrumb\",\"itemListElement\":[{\"@type\":\"ListItem\",\"position\":1,\"name\":\"Home\",\"item\":\"https:\\\/\\\/paulinenaue.info\\\/\"},{\"@type\":\"ListItem\",\"position\":2,\"name\":\"Parkgestaltung hat begonnen\"}]},{\"@type\":\"WebSite\",\"@id\":\"https:\\\/\\\/paulinenaue.info\\\/#website\",\"url\":\"https:\\\/\\\/paulinenaue.info\\\/\",\"name\":\"Paulinenaue\",\"description\":\"Ein Dorf im Havelland\",\"potentialAction\":[{\"@type\":\"SearchAction\",\"target\":{\"@type\":\"EntryPoint\",\"urlTemplate\":\"https:\\\/\\\/paulinenaue.info\\\/?s={search_term_string}\"},\"query-input\":{\"@type\":\"PropertyValueSpecification\",\"valueRequired\":true,\"valueName\":\"search_term_string\"}}],\"inLanguage\":\"de\"},{\"@type\":\"Person\",\"@id\":\"https:\\\/\\\/paulinenaue.info\\\/#\\\/schema\\\/person\\\/3f9e818fd7b69b0d2bd937ac506897cc\",\"name\":\"Joachim Scholz\",\"url\":\"https:\\\/\\\/paulinenaue.info\\\/index.php\\\/author\\\/jjscholz\\\/\"}]}<\/script>\n<!-- \/ Yoast SEO plugin. -->","yoast_head_json":{"title":"Parkgestaltung hat begonnen - Paulinenaue","robots":{"index":"index","follow":"follow","max-snippet":"max-snippet:-1","max-image-preview":"max-image-preview:large","max-video-preview":"max-video-preview:-1"},"canonical":"https:\/\/paulinenaue.info\/index.php\/parkgestaltung-hat-begonnen\/","og_locale":"de_DE","og_type":"article","og_title":"Parkgestaltung hat begonnen - Paulinenaue","og_description":"Joachim Scholz, Walter Siegmund 09.10.2010. Was Spazierg\u00e4nger an den sch\u00f6nen [&hellip;]","og_url":"https:\/\/paulinenaue.info\/index.php\/parkgestaltung-hat-begonnen\/","og_site_name":"Paulinenaue","article_published_time":"2016-03-22T13:46:17+00:00","article_modified_time":"2016-09-18T08:42:53+00:00","og_image":[{"width":500,"height":375,"url":"https:\/\/i2.wp.com\/paulinenaue.info\/wp-content\/uploads\/2016\/03\/20101009_park_01.jpg?fit=500%2C375&ssl=1","type":"image\/jpeg"}],"author":"Joachim Scholz","twitter_card":"summary_large_image","twitter_misc":{"Verfasst von":"Joachim Scholz","Gesch\u00e4tzte Lesezeit":"1\u00a0Minute"},"schema":{"@context":"https:\/\/schema.org","@graph":[{"@type":"Article","@id":"https:\/\/paulinenaue.info\/index.php\/parkgestaltung-hat-begonnen\/#article","isPartOf":{"@id":"https:\/\/paulinenaue.info\/index.php\/parkgestaltung-hat-begonnen\/"},"author":{"name":"Joachim Scholz","@id":"https:\/\/paulinenaue.info\/#\/schema\/person\/3f9e818fd7b69b0d2bd937ac506897cc"},"headline":"Parkgestaltung hat begonnen","datePublished":"2016-03-22T13:46:17+00:00","dateModified":"2016-09-18T08:42:53+00:00","mainEntityOfPage":{"@id":"https:\/\/paulinenaue.info\/index.php\/parkgestaltung-hat-begonnen\/"},"wordCount":132,"commentCount":0,"image":{"@id":"https:\/\/paulinenaue.info\/index.php\/parkgestaltung-hat-begonnen\/#primaryimage"},"thumbnailUrl":"https:\/\/paulinenaue.info\/wp-content\/uploads\/2016\/03\/20101009_park_01.jpg","keywords":["Park","Schloss"],"articleSection":["Dorfentwicklung"],"inLanguage":"de","potentialAction":[{"@type":"CommentAction","name":"Comment","target":["https:\/\/paulinenaue.info\/index.php\/parkgestaltung-hat-begonnen\/#respond"]}]},{"@type":"WebPage","@id":"https:\/\/paulinenaue.info\/index.php\/parkgestaltung-hat-begonnen\/","url":"https:\/\/paulinenaue.info\/index.php\/parkgestaltung-hat-begonnen\/","name":"Parkgestaltung hat begonnen - Paulinenaue","isPartOf":{"@id":"https:\/\/paulinenaue.info\/#website"},"primaryImageOfPage":{"@id":"https:\/\/paulinenaue.info\/index.php\/parkgestaltung-hat-begonnen\/#primaryimage"},"image":{"@id":"https:\/\/paulinenaue.info\/index.php\/parkgestaltung-hat-begonnen\/#primaryimage"},"thumbnailUrl":"https:\/\/paulinenaue.info\/wp-content\/uploads\/2016\/03\/20101009_park_01.jpg","datePublished":"2016-03-22T13:46:17+00:00","dateModified":"2016-09-18T08:42:53+00:00","author":{"@id":"https:\/\/paulinenaue.info\/#\/schema\/person\/3f9e818fd7b69b0d2bd937ac506897cc"},"breadcrumb":{"@id":"https:\/\/paulinenaue.info\/index.php\/parkgestaltung-hat-begonnen\/#breadcrumb"},"inLanguage":"de","potentialAction":[{"@type":"ReadAction","target":["https:\/\/paulinenaue.info\/index.php\/parkgestaltung-hat-begonnen\/"]}]},{"@type":"ImageObject","inLanguage":"de","@id":"https:\/\/paulinenaue.info\/index.php\/parkgestaltung-hat-begonnen\/#primaryimage","url":"https:\/\/paulinenaue.info\/wp-content\/uploads\/2016\/03\/20101009_park_01.jpg","contentUrl":"https:\/\/paulinenaue.info\/wp-content\/uploads\/2016\/03\/20101009_park_01.jpg","width":500,"height":375},{"@type":"BreadcrumbList","@id":"https:\/\/paulinenaue.info\/index.php\/parkgestaltung-hat-begonnen\/#breadcrumb","itemListElement":[{"@type":"ListItem","position":1,"name":"Home","item":"https:\/\/paulinenaue.info\/"},{"@type":"ListItem","position":2,"name":"Parkgestaltung hat begonnen"}]},{"@type":"WebSite","@id":"https:\/\/paulinenaue.info\/#website","url":"https:\/\/paulinenaue.info\/","name":"Paulinenaue","description":"Ein Dorf im Havelland","potentialAction":[{"@type":"SearchAction","target":{"@type":"EntryPoint","urlTemplate":"https:\/\/paulinenaue.info\/?s={search_term_string}"},"query-input":{"@type":"PropertyValueSpecification","valueRequired":true,"valueName":"search_term_string"}}],"inLanguage":"de"},{"@type":"Person","@id":"https:\/\/paulinenaue.info\/#\/schema\/person\/3f9e818fd7b69b0d2bd937ac506897cc","name":"Joachim Scholz","url":"https:\/\/paulinenaue.info\/index.php\/author\/jjscholz\/"}]}},"jetpack_publicize_connections":[],"jetpack_featured_media_url":"https:\/\/paulinenaue.info\/wp-content\/uploads\/2016\/03\/20101009_park_01.jpg","jetpack_sharing_enabled":true,"jetpack_shortlink":"https:\/\/wp.me\/pcYhWA-2M","jetpack-related-posts":[{"id":166,"url":"https:\/\/paulinenaue.info\/index.php\/was-kommt-nach-dem-konsum\/","url_meta":{"origin":172,"position":0},"title":"Was kommt nach dem Konsum?","author":"Joachim Scholz","date":"9. April 2010","format":false,"excerpt":"09.04.2010. Die Gelegenheit zum \u201ePostkonsum-Denken\u201c ergriffen Mitglieder des Paulinenauer Kulturvereins an diesem Freitag, als sie sich gemeinsam mit Planer und Gemeindevertreter Frank Schulze \u00fcber die zuk\u00fcnftige Gestaltung des Gel\u00e4ndes der ehemaligen \"Konsum\"-Verkaufsst\u00e4tte austauschten. Nach dem Ankauf durch die Gemeinde vor einem Vierteljahr kann wom\u00f6glich bereits 2011 der gesichtslose Flachbau aus\u2026","rel":"","context":"In &quot;Bahnhof&quot;","block_context":{"text":"Bahnhof","link":"https:\/\/paulinenaue.info\/index.php\/category\/bahnhof\/"},"img":{"alt_text":"","src":"https:\/\/i0.wp.com\/paulinenaue.info\/wp-content\/uploads\/2016\/03\/20100409_konsum_planung_01.jpg?resize=350%2C200&ssl=1","width":350,"height":200},"classes":[]},{"id":419164,"url":"https:\/\/paulinenaue.info\/index.php\/senioren-wg\/","url_meta":{"origin":172,"position":1},"title":"Neues Geb\u00e4ude f\u00fcr Seniorenwohngemeinschaft","author":"Joachim Scholz","date":"20. M\u00e4rz 2026","format":false,"excerpt":"Text und Fotos: Eckhard Vierjahn Das ehemalige Pf\u00f6rtnerhaus vom Institut und der Betonzaun mit Wabenmuster waren im vergangenen Jahr schnell abgerissen und auch die Fundamentplatte f\u00fcr den Neubau war recht schnell fertig. Dann kam der Winter und blieb l\u00e4nger als erwartet. Sehr schnell ging es dann mit dem Aufbau der\u2026","rel":"","context":"In &quot;Dorfentwicklung&quot;","block_context":{"text":"Dorfentwicklung","link":"https:\/\/paulinenaue.info\/index.php\/category\/dorfentwicklung\/"},"img":{"alt_text":"","src":"https:\/\/i0.wp.com\/paulinenaue.info\/wp-content\/uploads\/2026\/03\/2026-03-Neubau-Senioren-Wohngemeinschaft-01.jpeg?resize=350%2C200&ssl=1","width":350,"height":200,"srcset":"https:\/\/i0.wp.com\/paulinenaue.info\/wp-content\/uploads\/2026\/03\/2026-03-Neubau-Senioren-Wohngemeinschaft-01.jpeg?resize=350%2C200&ssl=1 1x, https:\/\/i0.wp.com\/paulinenaue.info\/wp-content\/uploads\/2026\/03\/2026-03-Neubau-Senioren-Wohngemeinschaft-01.jpeg?resize=525%2C300&ssl=1 1.5x, https:\/\/i0.wp.com\/paulinenaue.info\/wp-content\/uploads\/2026\/03\/2026-03-Neubau-Senioren-Wohngemeinschaft-01.jpeg?resize=700%2C400&ssl=1 2x"},"classes":[]},{"id":164,"url":"https:\/\/paulinenaue.info\/index.php\/in-paulinenaues-mitte-entsteht-kleiner-park\/","url_meta":{"origin":172,"position":2},"title":"In Paulinenaues Mitte entsteht ein kleiner Park","author":"Joachim Scholz","date":"23. April 2011","format":false,"excerpt":"Erste Bodenbewegungen lie\u00dfen bereits in den Ostertagen die Wegestruktur des kleinen Parks erkennen, der auf dem ehemaligen Konsumgel\u00e4nde entsteht. Der Abriss des \"Lypiko\" hatte im letzten Herbst den Platz zur Gestaltung frei gemacht. Man darf nun gespannt sein, wie sie ihren Fortgang nimmt. Vor einem Jahr hatte es ein Treffen\u2026","rel":"","context":"In &quot;Bahnhof&quot;","block_context":{"text":"Bahnhof","link":"https:\/\/paulinenaue.info\/index.php\/category\/bahnhof\/"},"img":{"alt_text":"","src":"https:\/\/i0.wp.com\/paulinenaue.info\/wp-content\/uploads\/2016\/03\/20110423_park_bahnhof_01.jpg?resize=350%2C200&ssl=1","width":350,"height":200},"classes":[]},{"id":417887,"url":"https:\/\/paulinenaue.info\/index.php\/bahnhof-paulinenaue-knotenpunkt-adresse-und-moeglichkeitsraum\/","url_meta":{"origin":172,"position":3},"title":"Bahnhof Paulinenaue: Knotenpunkt, Adresse und M\u00f6glichkeitsraum","author":"Joachim Scholz","date":"18. Mai 2025","format":false,"excerpt":"Joachim Schultz-Granberg wuchs in Paulinenaue auf. Heute ist er Architekt, Stadtplaner und Professor f\u00fcr St\u00e4dtebau an der MSA | M\u00fcnster School of Architecture. Er geh\u00f6rt zum Team, das sich aktuell der Perspektivsuche f\u00fcr das Bahnhofsgeb\u00e4ude zusammengefunden hat und unterbreitet hier seine Vision f\u00fcr das Bahnhofsgeb\u00e4ude.\u00a0\u00a0 Ausgangspunkt Das 1847 erbaute Bahnhofsgeb\u00e4ude\u2026","rel":"","context":"In &quot;Bahnhof&quot;","block_context":{"text":"Bahnhof","link":"https:\/\/paulinenaue.info\/index.php\/category\/bahnhof\/"},"img":{"alt_text":"","src":"https:\/\/i0.wp.com\/paulinenaue.info\/wp-content\/uploads\/2025\/05\/2024-11-30-Bahnhof-Vogelperspektive-01.jpg?resize=350%2C200&ssl=1","width":350,"height":200,"srcset":"https:\/\/i0.wp.com\/paulinenaue.info\/wp-content\/uploads\/2025\/05\/2024-11-30-Bahnhof-Vogelperspektive-01.jpg?resize=350%2C200&ssl=1 1x, https:\/\/i0.wp.com\/paulinenaue.info\/wp-content\/uploads\/2025\/05\/2024-11-30-Bahnhof-Vogelperspektive-01.jpg?resize=525%2C300&ssl=1 1.5x, https:\/\/i0.wp.com\/paulinenaue.info\/wp-content\/uploads\/2025\/05\/2024-11-30-Bahnhof-Vogelperspektive-01.jpg?resize=700%2C400&ssl=1 2x"},"classes":[]},{"id":414827,"url":"https:\/\/paulinenaue.info\/index.php\/vom-donut-zum-pfannkuchen-gemeindevertretersitzung-zur-neuen-mitte-paulinenaue-stoesst-auf-grosses-interesse\/","url_meta":{"origin":172,"position":4},"title":"Vom Donut zum Pfannkuchen: Gemeindevertretersitzung zur Neuen Mitte Paulinenaue st\u00f6\u00dft auf gro\u00dfes Interesse","author":"Joachim Scholz","date":"6. September 2022","format":false,"excerpt":"","rel":"","context":"In &quot;Allgemein&quot;","block_context":{"text":"Allgemein","link":"https:\/\/paulinenaue.info\/index.php\/category\/allgemein\/"},"img":{"alt_text":"","src":"https:\/\/i0.wp.com\/paulinenaue.info\/wp-content\/uploads\/2022\/09\/2022-09-05-GV-Neue-Mitte-01.jpeg?resize=350%2C200&ssl=1","width":350,"height":200,"srcset":"https:\/\/i0.wp.com\/paulinenaue.info\/wp-content\/uploads\/2022\/09\/2022-09-05-GV-Neue-Mitte-01.jpeg?resize=350%2C200&ssl=1 1x, https:\/\/i0.wp.com\/paulinenaue.info\/wp-content\/uploads\/2022\/09\/2022-09-05-GV-Neue-Mitte-01.jpeg?resize=525%2C300&ssl=1 1.5x, https:\/\/i0.wp.com\/paulinenaue.info\/wp-content\/uploads\/2022\/09\/2022-09-05-GV-Neue-Mitte-01.jpeg?resize=700%2C400&ssl=1 2x"},"classes":[]},{"id":415124,"url":"https:\/\/paulinenaue.info\/index.php\/eindrucksvoller-osterschmuck-2023\/","url_meta":{"origin":172,"position":5},"title":"Eindrucksvoller Osterschmuck 2023","author":"Joachim Scholz","date":"7. April 2023","format":false,"excerpt":"Von Heide Hesse und Helga Henning 04.04.2023. Regen, Wind und niedrige Temperaturen lassen keine richtigen Fr\u00fchlingsgef\u00fchle aufkommen. Doch in unseren G\u00e4rten gr\u00fcnt und bl\u00fcht es. Das konnten wir auf unserem traditionellen Streifzug durch den Ort auf der Suche nach der sch\u00f6nsten Paulinenauer Osterdekoration feststellen. Es gab wieder vieles zu entdecken!\u2026","rel":"","context":"In &quot;Hier Zuhause&quot;","block_context":{"text":"Hier Zuhause","link":"https:\/\/paulinenaue.info\/index.php\/category\/hier-zuhause\/"},"img":{"alt_text":"","src":"https:\/\/i0.wp.com\/paulinenaue.info\/wp-content\/uploads\/2023\/04\/2023-04-04-Osterschmuck-01.jpg?resize=350%2C200&ssl=1","width":350,"height":200,"srcset":"https:\/\/i0.wp.com\/paulinenaue.info\/wp-content\/uploads\/2023\/04\/2023-04-04-Osterschmuck-01.jpg?resize=350%2C200&ssl=1 1x, https:\/\/i0.wp.com\/paulinenaue.info\/wp-content\/uploads\/2023\/04\/2023-04-04-Osterschmuck-01.jpg?resize=525%2C300&ssl=1 1.5x, https:\/\/i0.wp.com\/paulinenaue.info\/wp-content\/uploads\/2023\/04\/2023-04-04-Osterschmuck-01.jpg?resize=700%2C400&ssl=1 2x, https:\/\/i0.wp.com\/paulinenaue.info\/wp-content\/uploads\/2023\/04\/2023-04-04-Osterschmuck-01.jpg?resize=1050%2C600&ssl=1 3x"},"classes":[]}],"_links":{"self":[{"href":"https:\/\/paulinenaue.info\/index.php\/wp-json\/wp\/v2\/posts\/172","targetHints":{"allow":["GET"]}}],"collection":[{"href":"https:\/\/paulinenaue.info\/index.php\/wp-json\/wp\/v2\/posts"}],"about":[{"href":"https:\/\/paulinenaue.info\/index.php\/wp-json\/wp\/v2\/types\/post"}],"author":[{"embeddable":true,"href":"https:\/\/paulinenaue.info\/index.php\/wp-json\/wp\/v2\/users\/1"}],"replies":[{"embeddable":true,"href":"https:\/\/paulinenaue.info\/index.php\/wp-json\/wp\/v2\/comments?post=172"}],"version-history":[{"count":1,"href":"https:\/\/paulinenaue.info\/index.php\/wp-json\/wp\/v2\/posts\/172\/revisions"}],"predecessor-version":[{"id":173,"href":"https:\/\/paulinenaue.info\/index.php\/wp-json\/wp\/v2\/posts\/172\/revisions\/173"}],"wp:featuredmedia":[{"embeddable":true,"href":"https:\/\/paulinenaue.info\/index.php\/wp-json\/wp\/v2\/media\/325"}],"wp:attachment":[{"href":"https:\/\/paulinenaue.info\/index.php\/wp-json\/wp\/v2\/media?parent=172"}],"wp:term":[{"taxonomy":"category","embeddable":true,"href":"https:\/\/paulinenaue.info\/index.php\/wp-json\/wp\/v2\/categories?post=172"},{"taxonomy":"post_tag","embeddable":true,"href":"https:\/\/paulinenaue.info\/index.php\/wp-json\/wp\/v2\/tags?post=172"}],"curies":[{"name":"wp","href":"https:\/\/api.w.org\/{rel}","templated":true}]}}