{"id":174,"date":"2016-03-22T14:48:37","date_gmt":"2016-03-22T13:48:37","guid":{"rendered":"https:\/\/sudile.com\/paue\/?p=174"},"modified":"2016-09-18T10:42:26","modified_gmt":"2016-09-18T08:42:26","slug":"wir-wuerden-es-wieder-tun-burkhard-kunkel-zur-fertigstellung-der-paulinenauer-schlosssanierung","status":"publish","type":"post","link":"https:\/\/paulinenaue.info\/index.php\/wir-wuerden-es-wieder-tun-burkhard-kunkel-zur-fertigstellung-der-paulinenauer-schlosssanierung\/","title":{"rendered":"&#8222;Wir w\u00fcrden es wieder tun!&#8220; \u2013 Burkhard Kunkel zur Fertigstellung der Paulinenauer Schlosssanierung"},"content":{"rendered":"<p><i>Die beiden Br\u00fcder Matthias und Burkhard Kunkel haben in einer beispielhaften lokalen Initiative das in seiner aktuellen Form 1914 errichtete Paulinenauer Herrenhaus sanieren lassen. Am 28. Februar 2010, wenige Tage vor der Schl\u00fcssel\u00fcbergabe und der Er\u00f6ffnung als altersgerechte Wohnanlage &#8222;Schloss Paulinenaue&#8220; konnte sich die \u00d6ffentlichkeit an einem &#8222;Tag der offenen T\u00fcr&#8220; vom Resultat \u00fcberzeugen. Im folgenden Text zieht Burkhard Kunkel Bilanz \u00fcber das ehrgeizige Vorhaben und spricht den an der Sanierung Beteiligten Dank aus.<\/i><\/p>\n<p>Das Paulinenauer Schloss stand sehr viele Jahre zum Verkauf, doch nichts passierte. Das &#8222;Zu-Verkaufen&#8220;-Schild mit der Telefonnummer des Landesverm\u00f6gensamtes liegt noch auf der Baustelle. Jedes Mal, wenn Matthias und ich von oder zu meinen Eltern spazierten, haben wir die Blicke nicht vom Schloss lassen k\u00f6nnen, unsere Kindheitserinnerungen ausgetauscht und waren immer wieder von der Idee angetan, dieses Haus zu kaufen. Irgendetwas musste doch mit diesem historisch wertvollen und sch\u00f6nen Geb\u00e4ude passieren, in dem wir die ersten Jahre noch unsere Schulspeisung verabreicht bekamen und ich bei Dr. Geithner noch Schach gespielt hatte. Dessen Schachstrategie hie\u00df immer: &#8222;Kr\u00e4fte mobilisieren, Kr\u00e4fte mobilisieren&#8220;. Ja, das passte auch auf das Schloss &#8211; doch leider tat sich nichts.<\/p>\n<p><img class=\"lazyload\" decoding=\"async\" title=\"Das Paulinenauer Herrenhaus 2006\" src=\"data:image\/gif;base64,R0lGODlhAQABAAAAACH5BAEKAAEALAAAAAABAAEAAAICTAEAOw==\" data-orig-src=\"http:\/\/paulinenaue.info\/neues\/neues\/neues_2010\/fotos\/01_gebaeude\/herrenhaus_20060414_01.jpg\" alt=\"Gutshaus\" \/><\/p>\n<p class=\"bildunterschrift\">Im Dornr\u00f6schenschlaf &#8211; Das Paulinenauer Herrenhaus wartet auf einen K\u00e4ufer. Foto: Joachim Scholz, 2006.<\/p>\n<p>Unsere ersten Anfragen und Bem\u00fchungen beim Landesverm\u00f6gensamt waren auch nicht gleich erfolgreich. Erst nach einiger Zeit und vielen Erl\u00e4uterungsgespr\u00e4chen kam der Kaufvertrag zustande. Das war 2007. Dann sind wir immer wieder im Schloss gewesen und haben unsere Phantasie bem\u00fcht &#8211; was kann man nur wie machen? Verschiedene Planungen sind wir im Kopf durchgegangen, haben gedanklich W\u00e4nde versetzt, die m\u00f6glichen Wohnvarianten durchgespielt und durchgerechnet. Irgendwie brauchten wir mehr Input. Wir sind mit dem Architektenehepaar Arndt und Sonja Hermann aus Ribbeck befreundet und haben uns dann auch mit diesen zusammengesetzt und \u00fcber das Projekt philosophiert und verschiedene M\u00f6glichkeiten und Ideen besprochen. W\u00e4hrend dieser Phase festigte sich gedanklich das heute umgesetzte Projekt. Im Februar 2008 haben wir dann den Bauantrag eingereicht. Die Abstimmungen und Auflagen des Bauamtes hatten einigen &#8222;Zunder geladen&#8220;. Zun\u00e4chst der Verzweiflung nahe, haben wir dann nach einem Jahr und einer Woche im Februar 2009 doch die Baugenehmigung feiern k\u00f6nnen. Ende 2008 \/ Anfang 2009 haben wir mit den Mietern \u00fcber den vor\u00fcbergehenden Auszug gesprochen. Beide haben die Option zum R\u00fcckzug bekommen, den aber beide heute nicht umsetzen. Im Mai 2009 sind dann die Mieter ausgezogen. Hinter der Umzugsfirma standen auch schon die Handwerker mit schwerem Ger\u00e4t. Die Bauphase hatte begonnen &#8211; von Null auf 180. Jeden Mittwoch haben wir uns zur Baubesprechung getroffen, um alles voranzutreiben und auf kurzen Wegen abzustimmen.<\/p>\n<p><img class=\"lazyload\" decoding=\"async\" title=\"Das Paulinenauer Herrenhaus 2009\" src=\"data:image\/gif;base64,R0lGODlhAQABAAAAACH5BAEKAAEALAAAAAABAAEAAAICTAEAOw==\" data-orig-src=\"http:\/\/paulinenaue.info\/neues\/neues\/neues_2010\/fotos\/01_gebaeude\/herrenhaus_20090607_01.jpg\" alt=\"Gutshaus\" \/><\/p>\n<p class=\"bildunterschrift\">Im Herrenhaus zu Beginn der Sanierung im Juni 2009. Foto: Joachim Scholz, 2009.<\/p>\n<p>An dieser Stelle wird es Zeit, Danke zu sagen. Mein gr\u00f6\u00dfter Dank und Anerkennung gilt meinem Bruder, der mit super viel Einsatz und Energie immer hautnah am Geschehen war. Unser gemeinsamer Dank geht dann an unsere Frauen und Familien, die uns immer unterst\u00fctzt haben und ihnen m\u00f6gliche Dinge \u00fcbernommen haben. So gehen beispielsweise die Fliesenbemusterung und Kauf auf ihr Konto. Und jeder, der mal gebaut hat wei\u00df, wie viel Zeit das kostet. Der Dank geht gleich weiter an das Architekturb\u00fcro &#8222;pha Arndt Hermann und Benedikt Banniza&#8220; aus Ribbeck. Sie haben viele Ideen eingebracht und viel Abstimmungsarbeit mit \u00c4mtern und Firmen geleistet. Ich denke, das gr\u00f6\u00dfte Lob k\u00f6nnte so aussehen: Wenn jemand den Bahnhof in Paulinenaue gut konzipieren und sanieren kann &#8211; dann sind es die beiden. Ein Dank geht auch an die Denkmalbeh\u00f6rde. Sie war in den Abstimmungserfordernissen immer konstruktiv und kooperativ. Klar gab es Auflagen, aber darunter war nichts Unm\u00f6gliches &#8211; und es gab auch Kompromisse, die von der Denkmalbeh\u00f6rde getragen wurden. Es war teilweise nicht einfach, den Kompromiss zwischen den Anforderungen der Bauordnung, dem Brandschutz und \u00f6kologischem Bauen mit der Denkmalerhaltung und ihren Auflagen zu finden. Letztlich ist es gegl\u00fcckt. Dank auch an die meisten Firmen und ihre Mitarbeiter. Die Liste w\u00e4re lang. Fast alle haben richtig reingehauen und alles gegeben, sich konstruktiv eingebracht. Richtig schief lief es mit einer Metallbaufirma aus Zeestow. Nach monatelangem Ringen haben wir uns von ihr getrennt. Hier der Dank an die Firmen Frank K\u00fcther Metallbau und G &amp; P Metallbau, die uns gemeinsam aus der Misere halfen.<\/p>\n<p><img class=\"lazyload\" decoding=\"async\" title=\"Das Paulinenauer Herrenhaus 2010\" src=\"data:image\/gif;base64,R0lGODlhAQABAAAAACH5BAEKAAEALAAAAAABAAEAAAICTAEAOw==\" data-orig-src=\"http:\/\/paulinenaue.info\/neues\/neues\/neues_2010\/fotos\/neues_2010\/20100228_gutshaus_18.jpg\" alt=\"Gutshaus\" \/><\/p>\n<p class=\"bildunterschrift\">Die originale Freitreppe des Schlosses konnte wiederentstehen. Sie wurde durch die Firma Frank K\u00fcther Metallbau u.a. neu verzinkt. Foto: Joachim Scholz, 2010.<\/p>\n<p>Nat\u00fcrlich ist das Ganze auch ein Investitionsvorhaben, allerdings gibt es unter Renditegesichtspunkten sicher bessere. Ohne Lokalpatriotismus kann man ein solches Vorhaben nicht umsetzen. So denken wir, dass wir neben der Umsetzung unseres Investitionsvorhabens auch etwas f\u00fcr Paulinenaue erreichen konnten. Das hat uns auch auf die Idee des &#8222;Tags der offenen T\u00fcr&#8220; am 28. Februar 2010 gebracht. So konnten sich noch einmal alle Interessierten, ob sie dort einmal gearbeitet oder gewohnt haben oder einfach nur schauen wollten, \u00fcber den aktuellen Stand und das, was aus dem Schloss geworden ist, einen \u00dcberblick verschaffen und die Eindr\u00fccke auf sich wirken lassen. Das au\u00dferordentliche Interesse hat uns sehr gefreut. Mit so viel Besuch hatten wir nicht gerechnet und das Feedback war durchweg positiv. Das ist ein sch\u00f6ner Lohn f\u00fcr die M\u00fchen und Anstrengungen der vergangenen Monate und sogar Jahre. Trotz der Anstrengungen hat uns dieses Vorhaben sehr viel Spa\u00df gemacht. Wir w\u00fcrden es wieder tun!<\/p>\n","protected":false},"excerpt":{"rendered":"<p>Die beiden Br\u00fcder Matthias und Burkhard Kunkel haben in einer [&hellip;]<\/p>\n","protected":false},"author":1,"featured_media":267,"comment_status":"open","ping_status":"open","sticky":false,"template":"","format":"standard","meta":{"_acf_changed":false,"_price":"","_stock":"","_tribe_ticket_header":"","_tribe_default_ticket_provider":"","_tribe_ticket_capacity":"0","_ticket_start_date":"","_ticket_end_date":"","_tribe_ticket_show_description":"","_tribe_ticket_show_not_going":false,"_tribe_ticket_use_global_stock":"","_tribe_ticket_global_stock_level":"","_global_stock_mode":"","_global_stock_cap":"","_tribe_rsvp_for_event":"","_tribe_ticket_going_count":"","_tribe_ticket_not_going_count":"","_tribe_tickets_list":"[]","_tribe_ticket_has_attendee_info_fields":false,"jetpack_post_was_ever_published":false,"_jetpack_newsletter_access":"","_jetpack_dont_email_post_to_subs":false,"_jetpack_newsletter_tier_id":0,"_jetpack_memberships_contains_paywalled_content":false,"_jetpack_memberships_contains_paid_content":false,"footnotes":"","jetpack_publicize_message":"","jetpack_publicize_feature_enabled":true,"jetpack_social_post_already_shared":false,"jetpack_social_options":{"image_generator_settings":{"template":"highway","default_image_id":0,"font":"","enabled":false},"version":2}},"categories":[40],"tags":[70,49],"class_list":["post-174","post","type-post","status-publish","format-standard","has-post-thumbnail","hentry","category-dorfentwicklung","tag-sanierung","tag-schloss"],"acf":[],"yoast_head":"<!-- This site is optimized with the Yoast SEO plugin v27.5 - https:\/\/yoast.com\/product\/yoast-seo-wordpress\/ -->\n<title>&quot;Wir w\u00fcrden es wieder tun!&quot; \u2013 Burkhard Kunkel zur Fertigstellung der Paulinenauer Schlosssanierung - Paulinenaue<\/title>\n<meta name=\"robots\" content=\"index, follow, max-snippet:-1, max-image-preview:large, max-video-preview:-1\" \/>\n<link rel=\"canonical\" href=\"https:\/\/paulinenaue.info\/index.php\/wir-wuerden-es-wieder-tun-burkhard-kunkel-zur-fertigstellung-der-paulinenauer-schlosssanierung\/\" \/>\n<meta property=\"og:locale\" content=\"de_DE\" \/>\n<meta property=\"og:type\" content=\"article\" \/>\n<meta property=\"og:title\" content=\"&quot;Wir w\u00fcrden es wieder tun!&quot; \u2013 Burkhard Kunkel zur Fertigstellung der Paulinenauer Schlosssanierung - Paulinenaue\" \/>\n<meta property=\"og:description\" content=\"Die beiden Br\u00fcder Matthias und Burkhard Kunkel haben in einer [&hellip;]\" \/>\n<meta property=\"og:url\" content=\"https:\/\/paulinenaue.info\/index.php\/wir-wuerden-es-wieder-tun-burkhard-kunkel-zur-fertigstellung-der-paulinenauer-schlosssanierung\/\" \/>\n<meta property=\"og:site_name\" content=\"Paulinenaue\" \/>\n<meta property=\"article:published_time\" content=\"2016-03-22T13:48:37+00:00\" \/>\n<meta property=\"article:modified_time\" content=\"2016-09-18T08:42:26+00:00\" \/>\n<meta property=\"og:image\" content=\"https:\/\/i2.wp.com\/paulinenaue.info\/wp-content\/uploads\/2015\/10\/schluss-rckseite-2-paue.jpg?fit=1000%2C600&ssl=1\" \/>\n\t<meta property=\"og:image:width\" content=\"1000\" \/>\n\t<meta property=\"og:image:height\" content=\"600\" \/>\n\t<meta property=\"og:image:type\" content=\"image\/jpeg\" \/>\n<meta name=\"author\" content=\"Joachim Scholz\" \/>\n<meta name=\"twitter:card\" content=\"summary_large_image\" \/>\n<meta name=\"twitter:label1\" content=\"Verfasst von\" \/>\n\t<meta name=\"twitter:data1\" content=\"Joachim Scholz\" \/>\n\t<meta name=\"twitter:label2\" content=\"Gesch\u00e4tzte Lesezeit\" \/>\n\t<meta name=\"twitter:data2\" content=\"4\u00a0Minuten\" \/>\n<script type=\"application\/ld+json\" class=\"yoast-schema-graph\">{\"@context\":\"https:\\\/\\\/schema.org\",\"@graph\":[{\"@type\":\"Article\",\"@id\":\"https:\\\/\\\/paulinenaue.info\\\/index.php\\\/wir-wuerden-es-wieder-tun-burkhard-kunkel-zur-fertigstellung-der-paulinenauer-schlosssanierung\\\/#article\",\"isPartOf\":{\"@id\":\"https:\\\/\\\/paulinenaue.info\\\/index.php\\\/wir-wuerden-es-wieder-tun-burkhard-kunkel-zur-fertigstellung-der-paulinenauer-schlosssanierung\\\/\"},\"author\":{\"name\":\"Joachim Scholz\",\"@id\":\"https:\\\/\\\/paulinenaue.info\\\/#\\\/schema\\\/person\\\/3f9e818fd7b69b0d2bd937ac506897cc\"},\"headline\":\"&#8222;Wir w\u00fcrden es wieder tun!&#8220; \u2013 Burkhard Kunkel zur Fertigstellung der Paulinenauer Schlosssanierung\",\"datePublished\":\"2016-03-22T13:48:37+00:00\",\"dateModified\":\"2016-09-18T08:42:26+00:00\",\"mainEntityOfPage\":{\"@id\":\"https:\\\/\\\/paulinenaue.info\\\/index.php\\\/wir-wuerden-es-wieder-tun-burkhard-kunkel-zur-fertigstellung-der-paulinenauer-schlosssanierung\\\/\"},\"wordCount\":909,\"commentCount\":0,\"image\":{\"@id\":\"https:\\\/\\\/paulinenaue.info\\\/index.php\\\/wir-wuerden-es-wieder-tun-burkhard-kunkel-zur-fertigstellung-der-paulinenauer-schlosssanierung\\\/#primaryimage\"},\"thumbnailUrl\":\"https:\\\/\\\/paulinenaue.info\\\/wp-content\\\/uploads\\\/2015\\\/10\\\/schluss-rckseite-2-paue.jpg\",\"keywords\":[\"Sanierung\",\"Schloss\"],\"articleSection\":[\"Dorfentwicklung\"],\"inLanguage\":\"de\",\"potentialAction\":[{\"@type\":\"CommentAction\",\"name\":\"Comment\",\"target\":[\"https:\\\/\\\/paulinenaue.info\\\/index.php\\\/wir-wuerden-es-wieder-tun-burkhard-kunkel-zur-fertigstellung-der-paulinenauer-schlosssanierung\\\/#respond\"]}]},{\"@type\":\"WebPage\",\"@id\":\"https:\\\/\\\/paulinenaue.info\\\/index.php\\\/wir-wuerden-es-wieder-tun-burkhard-kunkel-zur-fertigstellung-der-paulinenauer-schlosssanierung\\\/\",\"url\":\"https:\\\/\\\/paulinenaue.info\\\/index.php\\\/wir-wuerden-es-wieder-tun-burkhard-kunkel-zur-fertigstellung-der-paulinenauer-schlosssanierung\\\/\",\"name\":\"\\\"Wir w\u00fcrden es wieder tun!\\\" \u2013 Burkhard Kunkel zur Fertigstellung der Paulinenauer Schlosssanierung - Paulinenaue\",\"isPartOf\":{\"@id\":\"https:\\\/\\\/paulinenaue.info\\\/#website\"},\"primaryImageOfPage\":{\"@id\":\"https:\\\/\\\/paulinenaue.info\\\/index.php\\\/wir-wuerden-es-wieder-tun-burkhard-kunkel-zur-fertigstellung-der-paulinenauer-schlosssanierung\\\/#primaryimage\"},\"image\":{\"@id\":\"https:\\\/\\\/paulinenaue.info\\\/index.php\\\/wir-wuerden-es-wieder-tun-burkhard-kunkel-zur-fertigstellung-der-paulinenauer-schlosssanierung\\\/#primaryimage\"},\"thumbnailUrl\":\"https:\\\/\\\/paulinenaue.info\\\/wp-content\\\/uploads\\\/2015\\\/10\\\/schluss-rckseite-2-paue.jpg\",\"datePublished\":\"2016-03-22T13:48:37+00:00\",\"dateModified\":\"2016-09-18T08:42:26+00:00\",\"author\":{\"@id\":\"https:\\\/\\\/paulinenaue.info\\\/#\\\/schema\\\/person\\\/3f9e818fd7b69b0d2bd937ac506897cc\"},\"breadcrumb\":{\"@id\":\"https:\\\/\\\/paulinenaue.info\\\/index.php\\\/wir-wuerden-es-wieder-tun-burkhard-kunkel-zur-fertigstellung-der-paulinenauer-schlosssanierung\\\/#breadcrumb\"},\"inLanguage\":\"de\",\"potentialAction\":[{\"@type\":\"ReadAction\",\"target\":[\"https:\\\/\\\/paulinenaue.info\\\/index.php\\\/wir-wuerden-es-wieder-tun-burkhard-kunkel-zur-fertigstellung-der-paulinenauer-schlosssanierung\\\/\"]}]},{\"@type\":\"ImageObject\",\"inLanguage\":\"de\",\"@id\":\"https:\\\/\\\/paulinenaue.info\\\/index.php\\\/wir-wuerden-es-wieder-tun-burkhard-kunkel-zur-fertigstellung-der-paulinenauer-schlosssanierung\\\/#primaryimage\",\"url\":\"https:\\\/\\\/paulinenaue.info\\\/wp-content\\\/uploads\\\/2015\\\/10\\\/schluss-rckseite-2-paue.jpg\",\"contentUrl\":\"https:\\\/\\\/paulinenaue.info\\\/wp-content\\\/uploads\\\/2015\\\/10\\\/schluss-rckseite-2-paue.jpg\",\"width\":1000,\"height\":600},{\"@type\":\"BreadcrumbList\",\"@id\":\"https:\\\/\\\/paulinenaue.info\\\/index.php\\\/wir-wuerden-es-wieder-tun-burkhard-kunkel-zur-fertigstellung-der-paulinenauer-schlosssanierung\\\/#breadcrumb\",\"itemListElement\":[{\"@type\":\"ListItem\",\"position\":1,\"name\":\"Home\",\"item\":\"https:\\\/\\\/paulinenaue.info\\\/\"},{\"@type\":\"ListItem\",\"position\":2,\"name\":\"&#8222;Wir w\u00fcrden es wieder tun!&#8220; \u2013 Burkhard Kunkel zur Fertigstellung der Paulinenauer Schlosssanierung\"}]},{\"@type\":\"WebSite\",\"@id\":\"https:\\\/\\\/paulinenaue.info\\\/#website\",\"url\":\"https:\\\/\\\/paulinenaue.info\\\/\",\"name\":\"Paulinenaue\",\"description\":\"Ein Dorf im Havelland\",\"potentialAction\":[{\"@type\":\"SearchAction\",\"target\":{\"@type\":\"EntryPoint\",\"urlTemplate\":\"https:\\\/\\\/paulinenaue.info\\\/?s={search_term_string}\"},\"query-input\":{\"@type\":\"PropertyValueSpecification\",\"valueRequired\":true,\"valueName\":\"search_term_string\"}}],\"inLanguage\":\"de\"},{\"@type\":\"Person\",\"@id\":\"https:\\\/\\\/paulinenaue.info\\\/#\\\/schema\\\/person\\\/3f9e818fd7b69b0d2bd937ac506897cc\",\"name\":\"Joachim Scholz\",\"url\":\"https:\\\/\\\/paulinenaue.info\\\/index.php\\\/author\\\/jjscholz\\\/\"}]}<\/script>\n<!-- \/ Yoast SEO plugin. -->","yoast_head_json":{"title":"\"Wir w\u00fcrden es wieder tun!\" \u2013 Burkhard Kunkel zur Fertigstellung der Paulinenauer Schlosssanierung - Paulinenaue","robots":{"index":"index","follow":"follow","max-snippet":"max-snippet:-1","max-image-preview":"max-image-preview:large","max-video-preview":"max-video-preview:-1"},"canonical":"https:\/\/paulinenaue.info\/index.php\/wir-wuerden-es-wieder-tun-burkhard-kunkel-zur-fertigstellung-der-paulinenauer-schlosssanierung\/","og_locale":"de_DE","og_type":"article","og_title":"\"Wir w\u00fcrden es wieder tun!\" \u2013 Burkhard Kunkel zur Fertigstellung der Paulinenauer Schlosssanierung - Paulinenaue","og_description":"Die beiden Br\u00fcder Matthias und Burkhard Kunkel haben in einer [&hellip;]","og_url":"https:\/\/paulinenaue.info\/index.php\/wir-wuerden-es-wieder-tun-burkhard-kunkel-zur-fertigstellung-der-paulinenauer-schlosssanierung\/","og_site_name":"Paulinenaue","article_published_time":"2016-03-22T13:48:37+00:00","article_modified_time":"2016-09-18T08:42:26+00:00","og_image":[{"width":1000,"height":600,"url":"https:\/\/i2.wp.com\/paulinenaue.info\/wp-content\/uploads\/2015\/10\/schluss-rckseite-2-paue.jpg?fit=1000%2C600&ssl=1","type":"image\/jpeg"}],"author":"Joachim Scholz","twitter_card":"summary_large_image","twitter_misc":{"Verfasst von":"Joachim Scholz","Gesch\u00e4tzte Lesezeit":"4\u00a0Minuten"},"schema":{"@context":"https:\/\/schema.org","@graph":[{"@type":"Article","@id":"https:\/\/paulinenaue.info\/index.php\/wir-wuerden-es-wieder-tun-burkhard-kunkel-zur-fertigstellung-der-paulinenauer-schlosssanierung\/#article","isPartOf":{"@id":"https:\/\/paulinenaue.info\/index.php\/wir-wuerden-es-wieder-tun-burkhard-kunkel-zur-fertigstellung-der-paulinenauer-schlosssanierung\/"},"author":{"name":"Joachim Scholz","@id":"https:\/\/paulinenaue.info\/#\/schema\/person\/3f9e818fd7b69b0d2bd937ac506897cc"},"headline":"&#8222;Wir w\u00fcrden es wieder tun!&#8220; \u2013 Burkhard Kunkel zur Fertigstellung der Paulinenauer Schlosssanierung","datePublished":"2016-03-22T13:48:37+00:00","dateModified":"2016-09-18T08:42:26+00:00","mainEntityOfPage":{"@id":"https:\/\/paulinenaue.info\/index.php\/wir-wuerden-es-wieder-tun-burkhard-kunkel-zur-fertigstellung-der-paulinenauer-schlosssanierung\/"},"wordCount":909,"commentCount":0,"image":{"@id":"https:\/\/paulinenaue.info\/index.php\/wir-wuerden-es-wieder-tun-burkhard-kunkel-zur-fertigstellung-der-paulinenauer-schlosssanierung\/#primaryimage"},"thumbnailUrl":"https:\/\/paulinenaue.info\/wp-content\/uploads\/2015\/10\/schluss-rckseite-2-paue.jpg","keywords":["Sanierung","Schloss"],"articleSection":["Dorfentwicklung"],"inLanguage":"de","potentialAction":[{"@type":"CommentAction","name":"Comment","target":["https:\/\/paulinenaue.info\/index.php\/wir-wuerden-es-wieder-tun-burkhard-kunkel-zur-fertigstellung-der-paulinenauer-schlosssanierung\/#respond"]}]},{"@type":"WebPage","@id":"https:\/\/paulinenaue.info\/index.php\/wir-wuerden-es-wieder-tun-burkhard-kunkel-zur-fertigstellung-der-paulinenauer-schlosssanierung\/","url":"https:\/\/paulinenaue.info\/index.php\/wir-wuerden-es-wieder-tun-burkhard-kunkel-zur-fertigstellung-der-paulinenauer-schlosssanierung\/","name":"\"Wir w\u00fcrden es wieder tun!\" \u2013 Burkhard Kunkel zur Fertigstellung der Paulinenauer Schlosssanierung - Paulinenaue","isPartOf":{"@id":"https:\/\/paulinenaue.info\/#website"},"primaryImageOfPage":{"@id":"https:\/\/paulinenaue.info\/index.php\/wir-wuerden-es-wieder-tun-burkhard-kunkel-zur-fertigstellung-der-paulinenauer-schlosssanierung\/#primaryimage"},"image":{"@id":"https:\/\/paulinenaue.info\/index.php\/wir-wuerden-es-wieder-tun-burkhard-kunkel-zur-fertigstellung-der-paulinenauer-schlosssanierung\/#primaryimage"},"thumbnailUrl":"https:\/\/paulinenaue.info\/wp-content\/uploads\/2015\/10\/schluss-rckseite-2-paue.jpg","datePublished":"2016-03-22T13:48:37+00:00","dateModified":"2016-09-18T08:42:26+00:00","author":{"@id":"https:\/\/paulinenaue.info\/#\/schema\/person\/3f9e818fd7b69b0d2bd937ac506897cc"},"breadcrumb":{"@id":"https:\/\/paulinenaue.info\/index.php\/wir-wuerden-es-wieder-tun-burkhard-kunkel-zur-fertigstellung-der-paulinenauer-schlosssanierung\/#breadcrumb"},"inLanguage":"de","potentialAction":[{"@type":"ReadAction","target":["https:\/\/paulinenaue.info\/index.php\/wir-wuerden-es-wieder-tun-burkhard-kunkel-zur-fertigstellung-der-paulinenauer-schlosssanierung\/"]}]},{"@type":"ImageObject","inLanguage":"de","@id":"https:\/\/paulinenaue.info\/index.php\/wir-wuerden-es-wieder-tun-burkhard-kunkel-zur-fertigstellung-der-paulinenauer-schlosssanierung\/#primaryimage","url":"https:\/\/paulinenaue.info\/wp-content\/uploads\/2015\/10\/schluss-rckseite-2-paue.jpg","contentUrl":"https:\/\/paulinenaue.info\/wp-content\/uploads\/2015\/10\/schluss-rckseite-2-paue.jpg","width":1000,"height":600},{"@type":"BreadcrumbList","@id":"https:\/\/paulinenaue.info\/index.php\/wir-wuerden-es-wieder-tun-burkhard-kunkel-zur-fertigstellung-der-paulinenauer-schlosssanierung\/#breadcrumb","itemListElement":[{"@type":"ListItem","position":1,"name":"Home","item":"https:\/\/paulinenaue.info\/"},{"@type":"ListItem","position":2,"name":"&#8222;Wir w\u00fcrden es wieder tun!&#8220; \u2013 Burkhard Kunkel zur Fertigstellung der Paulinenauer Schlosssanierung"}]},{"@type":"WebSite","@id":"https:\/\/paulinenaue.info\/#website","url":"https:\/\/paulinenaue.info\/","name":"Paulinenaue","description":"Ein Dorf im Havelland","potentialAction":[{"@type":"SearchAction","target":{"@type":"EntryPoint","urlTemplate":"https:\/\/paulinenaue.info\/?s={search_term_string}"},"query-input":{"@type":"PropertyValueSpecification","valueRequired":true,"valueName":"search_term_string"}}],"inLanguage":"de"},{"@type":"Person","@id":"https:\/\/paulinenaue.info\/#\/schema\/person\/3f9e818fd7b69b0d2bd937ac506897cc","name":"Joachim Scholz","url":"https:\/\/paulinenaue.info\/index.php\/author\/jjscholz\/"}]}},"jetpack_publicize_connections":[],"jetpack_featured_media_url":"https:\/\/paulinenaue.info\/wp-content\/uploads\/2015\/10\/schluss-rckseite-2-paue.jpg","jetpack_sharing_enabled":true,"jetpack_shortlink":"https:\/\/wp.me\/pcYhWA-2O","jetpack-related-posts":[{"id":418773,"url":"https:\/\/paulinenaue.info\/index.php\/etwas-von-der-sanierung-des-paulinenauer-herrenhauses\/","url_meta":{"origin":174,"position":0},"title":"Etwas von der Sanierung des Paulinenauer Herrenhauses","author":"Joachim Scholz","date":"2. September 2009","format":false,"excerpt":"02.10.2009. Schon seit dem Sommer ist f\u00fcr jeden sichtbar: Das Paulinenauer Herrenhaus wird rundum erneuert. Einen langen Weg mussten die beiden Br\u00fcder \u2013 und V\u00e4ter des Projekts \u2013 Matthias und Burkhard Kunkel durch Beh\u00f6rdeng\u00e4nge gehen, bis es losgehen konnte. Mittlerweile nimmt ihr Vorhaben Gestalt an. Das Dach wird gedeckt und\u2026","rel":"","context":"In &quot;Allgemein&quot;","block_context":{"text":"Allgemein","link":"https:\/\/paulinenaue.info\/index.php\/category\/allgemein\/"},"img":{"alt_text":"","src":"https:\/\/i0.wp.com\/paulinenaue.info\/wp-content\/uploads\/2026\/01\/2009-09-27-Sanierung-Herrenhaus-02.jpeg?resize=350%2C200&ssl=1","width":350,"height":200,"srcset":"https:\/\/i0.wp.com\/paulinenaue.info\/wp-content\/uploads\/2026\/01\/2009-09-27-Sanierung-Herrenhaus-02.jpeg?resize=350%2C200&ssl=1 1x, https:\/\/i0.wp.com\/paulinenaue.info\/wp-content\/uploads\/2026\/01\/2009-09-27-Sanierung-Herrenhaus-02.jpeg?resize=525%2C300&ssl=1 1.5x, https:\/\/i0.wp.com\/paulinenaue.info\/wp-content\/uploads\/2026\/01\/2009-09-27-Sanierung-Herrenhaus-02.jpeg?resize=700%2C400&ssl=1 2x"},"classes":[]},{"id":419164,"url":"https:\/\/paulinenaue.info\/index.php\/senioren-wg\/","url_meta":{"origin":174,"position":1},"title":"Neues Geb\u00e4ude f\u00fcr Seniorenwohngemeinschaft","author":"Joachim Scholz","date":"20. M\u00e4rz 2026","format":false,"excerpt":"Text und Fotos: Eckhard Vierjahn Das ehemalige Pf\u00f6rtnerhaus vom Institut und der Betonzaun mit Wabenmuster waren im vergangenen Jahr schnell abgerissen und auch die Fundamentplatte f\u00fcr den Neubau war recht schnell fertig. Dann kam der Winter und blieb l\u00e4nger als erwartet. Sehr schnell ging es dann mit dem Aufbau der\u2026","rel":"","context":"In &quot;Dorfentwicklung&quot;","block_context":{"text":"Dorfentwicklung","link":"https:\/\/paulinenaue.info\/index.php\/category\/dorfentwicklung\/"},"img":{"alt_text":"","src":"https:\/\/i0.wp.com\/paulinenaue.info\/wp-content\/uploads\/2026\/03\/2026-03-Neubau-Senioren-Wohngemeinschaft-01.jpeg?resize=350%2C200&ssl=1","width":350,"height":200,"srcset":"https:\/\/i0.wp.com\/paulinenaue.info\/wp-content\/uploads\/2026\/03\/2026-03-Neubau-Senioren-Wohngemeinschaft-01.jpeg?resize=350%2C200&ssl=1 1x, https:\/\/i0.wp.com\/paulinenaue.info\/wp-content\/uploads\/2026\/03\/2026-03-Neubau-Senioren-Wohngemeinschaft-01.jpeg?resize=525%2C300&ssl=1 1.5x, https:\/\/i0.wp.com\/paulinenaue.info\/wp-content\/uploads\/2026\/03\/2026-03-Neubau-Senioren-Wohngemeinschaft-01.jpeg?resize=700%2C400&ssl=1 2x"},"classes":[]},{"id":417771,"url":"https:\/\/paulinenaue.info\/index.php\/neuer-anlauf-zur-rettung-des-bahnhofsgebaeudes\/","url_meta":{"origin":174,"position":2},"title":"Neuer Anlauf zur Rettung des Bahnhofsgeb\u00e4udes","author":"Joachim Scholz","date":"19. April 2025","format":false,"excerpt":"Es haben sich schon viele Menschen viele Gedanken zur Rettung des Paulinenauer Bahnhofsgeb\u00e4udes gemacht. Viele Nutzungsideen wurden diskutiert und verworfen, andere, neue kamen hinzu. Und dennoch: keine f\u00fchrte zum Erfolg, das Geb\u00e4ude konnte einer Sanierung nicht zugef\u00fchrt werden. Nun gibt es einen neuen Anlauf. Eine Gruppe von Fachleuten mit unterschiedlichsten\u2026","rel":"","context":"In &quot;Bahnhof&quot;","block_context":{"text":"Bahnhof","link":"https:\/\/paulinenaue.info\/index.php\/category\/bahnhof\/"},"img":{"alt_text":"","src":"https:\/\/i0.wp.com\/paulinenaue.info\/wp-content\/uploads\/2021\/06\/paulinenaue-bahnhof-fruehjahrsputz-e1745016872473.jpg?resize=350%2C200&ssl=1","width":350,"height":200,"srcset":"https:\/\/i0.wp.com\/paulinenaue.info\/wp-content\/uploads\/2021\/06\/paulinenaue-bahnhof-fruehjahrsputz-e1745016872473.jpg?resize=350%2C200&ssl=1 1x, https:\/\/i0.wp.com\/paulinenaue.info\/wp-content\/uploads\/2021\/06\/paulinenaue-bahnhof-fruehjahrsputz-e1745016872473.jpg?resize=525%2C300&ssl=1 1.5x, https:\/\/i0.wp.com\/paulinenaue.info\/wp-content\/uploads\/2021\/06\/paulinenaue-bahnhof-fruehjahrsputz-e1745016872473.jpg?resize=700%2C400&ssl=1 2x, https:\/\/i0.wp.com\/paulinenaue.info\/wp-content\/uploads\/2021\/06\/paulinenaue-bahnhof-fruehjahrsputz-e1745016872473.jpg?resize=1050%2C600&ssl=1 3x, https:\/\/i0.wp.com\/paulinenaue.info\/wp-content\/uploads\/2021\/06\/paulinenaue-bahnhof-fruehjahrsputz-e1745016872473.jpg?resize=1400%2C800&ssl=1 4x"},"classes":[]},{"id":4747,"url":"https:\/\/paulinenaue.info\/index.php\/der-paulinenauer-kulturverein-bei-der-kommunalwahl-2019\/","url_meta":{"origin":174,"position":3},"title":"Der Paulinenauer Kulturverein bei der Kommunalwahl 2019","author":"Joachim Scholz","date":"10. Mai 2019","format":false,"excerpt":"Bei den Kommunalwahlen am 26. Mai 2019 treten wir, der Paulinenauer Kulturverein e.V., erstmals zur Wahl der Gemeindevertretung an. Wir m\u00f6chten den Zusammenhalt in unserer rasch wachsenden Gemeinde durch die Pflege des kulturellen Lebens f\u00f6rdern, es durch vielf\u00e4ltige Veranstaltungen bereichern und die Ortsgeschichte lebendig halten. Besonders am Herzen liegt uns\u2026","rel":"","context":"In &quot;Kulturverein&quot;","block_context":{"text":"Kulturverein","link":"https:\/\/paulinenaue.info\/index.php\/category\/kulturverein\/"},"img":{"alt_text":"","src":"https:\/\/i0.wp.com\/paulinenaue.info\/wp-content\/uploads\/2019\/05\/DSC00942-1.jpg?resize=350%2C200&ssl=1","width":350,"height":200,"srcset":"https:\/\/i0.wp.com\/paulinenaue.info\/wp-content\/uploads\/2019\/05\/DSC00942-1.jpg?resize=350%2C200&ssl=1 1x, https:\/\/i0.wp.com\/paulinenaue.info\/wp-content\/uploads\/2019\/05\/DSC00942-1.jpg?resize=525%2C300&ssl=1 1.5x, https:\/\/i0.wp.com\/paulinenaue.info\/wp-content\/uploads\/2019\/05\/DSC00942-1.jpg?resize=700%2C400&ssl=1 2x"},"classes":[]},{"id":1430,"url":"https:\/\/paulinenaue.info\/index.php\/erste-schritte-in-die-zukunft-des-paulinenauer-bahnhofsgebaeude\/","url_meta":{"origin":174,"position":4},"title":"Erste Schritte in die Zukunft des Paulinenauer Bahnhofsgeb\u00e4udes","author":"Joachim Scholz","date":"3. Februar 2008","format":false,"excerpt":"Im Bahnhof k\u00f6nnte wieder das Herz des Dorfes schlagen Ein Zeichen, dass in Paulinenaues Mitte etwas in Gang kommt, ist mit dem k\u00fcrzlich sanierten Bahnhofsvorplatz bereits gesetzt. Der schmucke Platz aber hat seit seiner Fertigstellung den Handlungsbedarf beim Bahnhofsgeb\u00e4ude selbst nur noch mehr hervortreten lassen und da die Gemeinde den\u2026","rel":"","context":"In &quot;Allgemein&quot;","block_context":{"text":"Allgemein","link":"https:\/\/paulinenaue.info\/index.php\/category\/allgemein\/"},"img":{"alt_text":"","src":"https:\/\/i0.wp.com\/paulinenaue.info\/wp-content\/uploads\/2019\/01\/2007-12-01-Bahnhof.jpg?resize=350%2C200&ssl=1","width":350,"height":200,"srcset":"https:\/\/i0.wp.com\/paulinenaue.info\/wp-content\/uploads\/2019\/01\/2007-12-01-Bahnhof.jpg?resize=350%2C200&ssl=1 1x, https:\/\/i0.wp.com\/paulinenaue.info\/wp-content\/uploads\/2019\/01\/2007-12-01-Bahnhof.jpg?resize=525%2C300&ssl=1 1.5x, https:\/\/i0.wp.com\/paulinenaue.info\/wp-content\/uploads\/2019\/01\/2007-12-01-Bahnhof.jpg?resize=700%2C400&ssl=1 2x"},"classes":[]},{"id":415620,"url":"https:\/\/paulinenaue.info\/index.php\/zum-ersten-zum-zweiten-zu-den-drei-landkreisen\/","url_meta":{"origin":174,"position":5},"title":"Zum ersten, zum zweiten &#8211; Zu den drei Landkreisen","author":"Joachim Scholz","date":"7. Dezember 2013","format":false,"excerpt":"Das Paulinenauer Gasthaus wird versteigert 2012 lief es nicht gut f\u00fcr einige \u00f6ffentliche Einrichtungen von Paulinenaue. Es traf vor allem H\u00e4user mit Tradition. Im Laufe des Jahres schwanden die Hoffnungen auf eine baldige Sanierung des Bahnhofsgeb\u00e4udes und als im Dezember die Fleischerei dicht machte, hatte das Gasthaus \u201eZu den drei\u2026","rel":"","context":"In &quot;Allgemein&quot;","block_context":{"text":"Allgemein","link":"https:\/\/paulinenaue.info\/index.php\/category\/allgemein\/"},"img":{"alt_text":"","src":"https:\/\/i0.wp.com\/paulinenaue.info\/wp-content\/uploads\/2023\/12\/2013-12-01-Gasthaus-zu-den-drei-Landkreisen.jpeg?resize=350%2C200&ssl=1","width":350,"height":200,"srcset":"https:\/\/i0.wp.com\/paulinenaue.info\/wp-content\/uploads\/2023\/12\/2013-12-01-Gasthaus-zu-den-drei-Landkreisen.jpeg?resize=350%2C200&ssl=1 1x, https:\/\/i0.wp.com\/paulinenaue.info\/wp-content\/uploads\/2023\/12\/2013-12-01-Gasthaus-zu-den-drei-Landkreisen.jpeg?resize=525%2C300&ssl=1 1.5x, https:\/\/i0.wp.com\/paulinenaue.info\/wp-content\/uploads\/2023\/12\/2013-12-01-Gasthaus-zu-den-drei-Landkreisen.jpeg?resize=700%2C400&ssl=1 2x"},"classes":[]}],"_links":{"self":[{"href":"https:\/\/paulinenaue.info\/index.php\/wp-json\/wp\/v2\/posts\/174","targetHints":{"allow":["GET"]}}],"collection":[{"href":"https:\/\/paulinenaue.info\/index.php\/wp-json\/wp\/v2\/posts"}],"about":[{"href":"https:\/\/paulinenaue.info\/index.php\/wp-json\/wp\/v2\/types\/post"}],"author":[{"embeddable":true,"href":"https:\/\/paulinenaue.info\/index.php\/wp-json\/wp\/v2\/users\/1"}],"replies":[{"embeddable":true,"href":"https:\/\/paulinenaue.info\/index.php\/wp-json\/wp\/v2\/comments?post=174"}],"version-history":[{"count":1,"href":"https:\/\/paulinenaue.info\/index.php\/wp-json\/wp\/v2\/posts\/174\/revisions"}],"predecessor-version":[{"id":175,"href":"https:\/\/paulinenaue.info\/index.php\/wp-json\/wp\/v2\/posts\/174\/revisions\/175"}],"wp:featuredmedia":[{"embeddable":true,"href":"https:\/\/paulinenaue.info\/index.php\/wp-json\/wp\/v2\/media\/267"}],"wp:attachment":[{"href":"https:\/\/paulinenaue.info\/index.php\/wp-json\/wp\/v2\/media?parent=174"}],"wp:term":[{"taxonomy":"category","embeddable":true,"href":"https:\/\/paulinenaue.info\/index.php\/wp-json\/wp\/v2\/categories?post=174"},{"taxonomy":"post_tag","embeddable":true,"href":"https:\/\/paulinenaue.info\/index.php\/wp-json\/wp\/v2\/tags?post=174"}],"curies":[{"name":"wp","href":"https:\/\/api.w.org\/{rel}","templated":true}]}}