{"id":1827,"date":"2017-11-26T22:19:08","date_gmt":"2017-11-26T21:19:08","guid":{"rendered":"http:\/\/paulinenaue.info\/?p=1827"},"modified":"2017-11-26T22:20:39","modified_gmt":"2017-11-26T21:20:39","slug":"der-neue-kalender-paulinenaue-nach-der-gemeindegruendung-1924-1933-erscheint-zum-weihnachtsmarkt","status":"publish","type":"post","link":"https:\/\/paulinenaue.info\/index.php\/der-neue-kalender-paulinenaue-nach-der-gemeindegruendung-1924-1933-erscheint-zum-weihnachtsmarkt\/","title":{"rendered":"Ein neuer Kalender erscheint zum Weihnachtsmarkt!"},"content":{"rendered":"<p class=\"p1\"><span class=\"s1\">\u201eWas war das f\u00fcr eine Zeit, als die heute \u00e4ltesten <\/span>Paulinenauer kleine Kinder waren?\u201c, wird im neuen Kalender f\u00fcr das n\u00e4chste Jahr 2018 gefragt.\u00a0P\u00fcnktlich zum Weihnachtsmarkt am 2. Dezember soll der Kalender fertig sein und kann dort am Stand des Kulturvereins zum Preis von 10,- \u20ac erworben werden. Mit seinen 13 Bild- und einer Informationsseite ist der im Offsetdruck erscheinende Kalender in diesem Jahr etwas ganz Besonderes. Er versammelt vorwiegend Motive aus Privatbesitz, die bisher nur wenig bekannt sind. Die Schwarz-Wei\u00df-Aufnahmen vermitteln einen intensiven Eindruck aus einer hochinteressanten Phase, in der Paulinenaue sich sehr rasant zu einer stattlichen Dorfgemeinde entwickelte.<\/p>\n<p class=\"p1\">Eine Vorbestellung des Kalenders ist \u00fcber die Mailadresse jjscholz@gmail.com m\u00f6glich.<\/p>\n<div id=\"attachment_1829\" style=\"width: 810px\" class=\"wp-caption alignnone\"><a href=\"http:\/\/paulinenaue.info\/wp-content\/uploads\/2017\/11\/Kalender_Paulinenaue_2018_01.jpg\"><img decoding=\"async\" aria-describedby=\"caption-attachment-1829\" data-attachment-id=\"1829\" data-permalink=\"https:\/\/paulinenaue.info\/index.php\/der-neue-kalender-paulinenaue-nach-der-gemeindegruendung-1924-1933-erscheint-zum-weihnachtsmarkt\/kalender_paulinenaue_2018_01\/\" data-orig-file=\"https:\/\/paulinenaue.info\/wp-content\/uploads\/2017\/11\/Kalender_Paulinenaue_2018_01.jpg\" data-orig-size=\"800,568\" data-comments-opened=\"1\" data-image-meta=\"{&quot;aperture&quot;:&quot;0&quot;,&quot;credit&quot;:&quot;&quot;,&quot;camera&quot;:&quot;&quot;,&quot;caption&quot;:&quot;&quot;,&quot;created_timestamp&quot;:&quot;0&quot;,&quot;copyright&quot;:&quot;&quot;,&quot;focal_length&quot;:&quot;0&quot;,&quot;iso&quot;:&quot;0&quot;,&quot;shutter_speed&quot;:&quot;0&quot;,&quot;title&quot;:&quot;&quot;,&quot;orientation&quot;:&quot;0&quot;}\" data-image-title=\"Kalender_Paulinenaue_2018_01\" data-image-description=\"\" data-image-caption=\"&lt;p&gt;Kalender \u201ePaulinenaue nach der Gemeindegr\u00fcndung\u201c Titelseite&lt;\/p&gt;\n\" data-large-file=\"https:\/\/paulinenaue.info\/wp-content\/uploads\/2017\/11\/Kalender_Paulinenaue_2018_01.jpg\" class=\"lazyload wp-image-1829 size-full\" src=\"http:\/\/paulinenaue.info\/wp-content\/uploads\/2017\/11\/Kalender_Paulinenaue_2018_01.jpg\" data-orig-src=\"http:\/\/paulinenaue.info\/wp-content\/uploads\/2017\/11\/Kalender_Paulinenaue_2018_01.jpg\" alt=\"\" width=\"800\" height=\"568\" srcset=\"data:image\/svg+xml,%3Csvg%20xmlns%3D%27http%3A%2F%2Fwww.w3.org%2F2000%2Fsvg%27%20width%3D%27800%27%20height%3D%27568%27%20viewBox%3D%270%200%20800%20568%27%3E%3Crect%20width%3D%27800%27%20height%3D%27568%27%20fill-opacity%3D%220%22%2F%3E%3C%2Fsvg%3E\" data-srcset=\"https:\/\/paulinenaue.info\/wp-content\/uploads\/2017\/11\/Kalender_Paulinenaue_2018_01-300x213.jpg 300w, https:\/\/paulinenaue.info\/wp-content\/uploads\/2017\/11\/Kalender_Paulinenaue_2018_01-768x545.jpg 768w, https:\/\/paulinenaue.info\/wp-content\/uploads\/2017\/11\/Kalender_Paulinenaue_2018_01.jpg 800w\" data-sizes=\"auto\" data-orig-sizes=\"(max-width: 800px) 100vw, 800px\" \/><\/a><p id=\"caption-attachment-1829\" class=\"wp-caption-text\">Die Titelseite des neuen Kalenders zeigt das Paulinenauer Bahnhofsgeb\u00e4ude.<\/p><\/div>\n<p>&nbsp;<\/p>\n<div id=\"attachment_1828\" style=\"width: 810px\" class=\"wp-caption alignnone\"><a href=\"http:\/\/paulinenaue.info\/wp-content\/uploads\/2017\/11\/Kalender_Paulinenaue_2018_02.jpg\"><img decoding=\"async\" aria-describedby=\"caption-attachment-1828\" data-attachment-id=\"1828\" data-permalink=\"https:\/\/paulinenaue.info\/index.php\/der-neue-kalender-paulinenaue-nach-der-gemeindegruendung-1924-1933-erscheint-zum-weihnachtsmarkt\/kalender_paulinenaue_2018_02\/\" data-orig-file=\"https:\/\/paulinenaue.info\/wp-content\/uploads\/2017\/11\/Kalender_Paulinenaue_2018_02.jpg\" data-orig-size=\"800,570\" data-comments-opened=\"1\" data-image-meta=\"{&quot;aperture&quot;:&quot;0&quot;,&quot;credit&quot;:&quot;&quot;,&quot;camera&quot;:&quot;&quot;,&quot;caption&quot;:&quot;&quot;,&quot;created_timestamp&quot;:&quot;0&quot;,&quot;copyright&quot;:&quot;&quot;,&quot;focal_length&quot;:&quot;0&quot;,&quot;iso&quot;:&quot;0&quot;,&quot;shutter_speed&quot;:&quot;0&quot;,&quot;title&quot;:&quot;&quot;,&quot;orientation&quot;:&quot;0&quot;}\" data-image-title=\"Kalender_Paulinenaue_2018_02\" data-image-description=\"\" data-image-caption=\"\" data-large-file=\"https:\/\/paulinenaue.info\/wp-content\/uploads\/2017\/11\/Kalender_Paulinenaue_2018_02.jpg\" class=\"lazyload wp-image-1828 size-full\" src=\"http:\/\/paulinenaue.info\/wp-content\/uploads\/2017\/11\/Kalender_Paulinenaue_2018_02.jpg\" data-orig-src=\"http:\/\/paulinenaue.info\/wp-content\/uploads\/2017\/11\/Kalender_Paulinenaue_2018_02.jpg\" alt=\"\" width=\"800\" height=\"570\" srcset=\"data:image\/svg+xml,%3Csvg%20xmlns%3D%27http%3A%2F%2Fwww.w3.org%2F2000%2Fsvg%27%20width%3D%27800%27%20height%3D%27570%27%20viewBox%3D%270%200%20800%20570%27%3E%3Crect%20width%3D%27800%27%20height%3D%27570%27%20fill-opacity%3D%220%22%2F%3E%3C%2Fsvg%3E\" data-srcset=\"https:\/\/paulinenaue.info\/wp-content\/uploads\/2017\/11\/Kalender_Paulinenaue_2018_02-300x214.jpg 300w, https:\/\/paulinenaue.info\/wp-content\/uploads\/2017\/11\/Kalender_Paulinenaue_2018_02-768x547.jpg 768w, https:\/\/paulinenaue.info\/wp-content\/uploads\/2017\/11\/Kalender_Paulinenaue_2018_02.jpg 800w\" data-sizes=\"auto\" data-orig-sizes=\"(max-width: 800px) 100vw, 800px\" \/><\/a><p id=\"caption-attachment-1828\" class=\"wp-caption-text\">Neben der Eisenbahn war das Gut Hauptarbeitgeber in Paulinenaue.<\/p><\/div>\n<p>&nbsp;<\/p>\n<div id=\"attachment_1830\" style=\"width: 810px\" class=\"wp-caption alignnone\"><a href=\"http:\/\/paulinenaue.info\/wp-content\/uploads\/2017\/11\/Kalender_Paulinenaue_2018_03.jpg\"><img decoding=\"async\" aria-describedby=\"caption-attachment-1830\" data-attachment-id=\"1830\" data-permalink=\"https:\/\/paulinenaue.info\/index.php\/der-neue-kalender-paulinenaue-nach-der-gemeindegruendung-1924-1933-erscheint-zum-weihnachtsmarkt\/kalender_paulinenaue_2018_03\/\" data-orig-file=\"https:\/\/paulinenaue.info\/wp-content\/uploads\/2017\/11\/Kalender_Paulinenaue_2018_03.jpg\" data-orig-size=\"800,569\" data-comments-opened=\"1\" data-image-meta=\"{&quot;aperture&quot;:&quot;0&quot;,&quot;credit&quot;:&quot;&quot;,&quot;camera&quot;:&quot;&quot;,&quot;caption&quot;:&quot;&quot;,&quot;created_timestamp&quot;:&quot;0&quot;,&quot;copyright&quot;:&quot;&quot;,&quot;focal_length&quot;:&quot;0&quot;,&quot;iso&quot;:&quot;0&quot;,&quot;shutter_speed&quot;:&quot;0&quot;,&quot;title&quot;:&quot;&quot;,&quot;orientation&quot;:&quot;0&quot;}\" data-image-title=\"Kalender_Paulinenaue_2018_03\" data-image-description=\"\" data-image-caption=\"\" data-large-file=\"https:\/\/paulinenaue.info\/wp-content\/uploads\/2017\/11\/Kalender_Paulinenaue_2018_03.jpg\" class=\"lazyload wp-image-1830 size-full\" src=\"http:\/\/paulinenaue.info\/wp-content\/uploads\/2017\/11\/Kalender_Paulinenaue_2018_03.jpg\" data-orig-src=\"http:\/\/paulinenaue.info\/wp-content\/uploads\/2017\/11\/Kalender_Paulinenaue_2018_03.jpg\" alt=\"\" width=\"800\" height=\"569\" srcset=\"data:image\/svg+xml,%3Csvg%20xmlns%3D%27http%3A%2F%2Fwww.w3.org%2F2000%2Fsvg%27%20width%3D%27800%27%20height%3D%27569%27%20viewBox%3D%270%200%20800%20569%27%3E%3Crect%20width%3D%27800%27%20height%3D%27569%27%20fill-opacity%3D%220%22%2F%3E%3C%2Fsvg%3E\" data-srcset=\"https:\/\/paulinenaue.info\/wp-content\/uploads\/2017\/11\/Kalender_Paulinenaue_2018_03-300x213.jpg 300w, https:\/\/paulinenaue.info\/wp-content\/uploads\/2017\/11\/Kalender_Paulinenaue_2018_03-768x546.jpg 768w, https:\/\/paulinenaue.info\/wp-content\/uploads\/2017\/11\/Kalender_Paulinenaue_2018_03.jpg 800w\" data-sizes=\"auto\" data-orig-sizes=\"(max-width: 800px) 100vw, 800px\" \/><\/a><p id=\"caption-attachment-1830\" class=\"wp-caption-text\">Viele bis heute pr\u00e4gende Bauvorhaben entstanden in der Zwischenkriegszeit, die im Kalender n\u00e4her in den Blick genommen wird. Der Speicher, der Gro\u00dfe Sportplatz oder wie im Septemberbild: die Evangelische Kirche.<\/p><\/div>\n","protected":false},"excerpt":{"rendered":"<p>\u201eWas war das f\u00fcr eine Zeit, als die heute \u00e4ltesten [&hellip;]<\/p>\n","protected":false},"author":1,"featured_media":1829,"comment_status":"open","ping_status":"open","sticky":false,"template":"","format":"standard","meta":{"_acf_changed":false,"_price":"","_stock":"","_tribe_ticket_header":"","_tribe_default_ticket_provider":"","_tribe_ticket_capacity":"0","_ticket_start_date":"","_ticket_end_date":"","_tribe_ticket_show_description":"","_tribe_ticket_show_not_going":false,"_tribe_ticket_use_global_stock":"","_tribe_ticket_global_stock_level":"","_global_stock_mode":"","_global_stock_cap":"","_tribe_rsvp_for_event":"","_tribe_ticket_going_count":"","_tribe_ticket_not_going_count":"","_tribe_tickets_list":"[]","_tribe_ticket_has_attendee_info_fields":false,"jetpack_post_was_ever_published":false,"_jetpack_newsletter_access":"","_jetpack_dont_email_post_to_subs":false,"_jetpack_newsletter_tier_id":0,"_jetpack_memberships_contains_paywalled_content":false,"_jetpack_memberships_contains_paid_content":false,"footnotes":"","jetpack_publicize_message":"","jetpack_publicize_feature_enabled":true,"jetpack_social_post_already_shared":true,"jetpack_social_options":{"image_generator_settings":{"template":"highway","default_image_id":0,"font":"","enabled":false},"version":2}},"categories":[1,40,6,7,47,9],"tags":[90,231,188,28],"class_list":["post-1827","post","type-post","status-publish","format-standard","has-post-thumbnail","hentry","category-allgemein","category-dorfentwicklung","category-hier-zuhause","category-historie","category-kulturverein","category-neuigkeiten","tag-kalender","tag-kulturverein","tag-ortsgeschichte","tag-weihnachtsmarkt"],"acf":[],"yoast_head":"<!-- This site is optimized with the Yoast SEO plugin v27.5 - https:\/\/yoast.com\/product\/yoast-seo-wordpress\/ -->\n<title>Ein neuer Kalender erscheint zum Weihnachtsmarkt! - Paulinenaue<\/title>\n<meta name=\"robots\" content=\"index, follow, max-snippet:-1, max-image-preview:large, max-video-preview:-1\" \/>\n<link rel=\"canonical\" href=\"https:\/\/paulinenaue.info\/index.php\/der-neue-kalender-paulinenaue-nach-der-gemeindegruendung-1924-1933-erscheint-zum-weihnachtsmarkt\/\" \/>\n<meta property=\"og:locale\" content=\"de_DE\" \/>\n<meta property=\"og:type\" content=\"article\" \/>\n<meta property=\"og:title\" content=\"Ein neuer Kalender erscheint zum Weihnachtsmarkt! - Paulinenaue\" \/>\n<meta property=\"og:description\" content=\"\u201eWas war das f\u00fcr eine Zeit, als die heute \u00e4ltesten [&hellip;]\" \/>\n<meta property=\"og:url\" content=\"https:\/\/paulinenaue.info\/index.php\/der-neue-kalender-paulinenaue-nach-der-gemeindegruendung-1924-1933-erscheint-zum-weihnachtsmarkt\/\" \/>\n<meta property=\"og:site_name\" content=\"Paulinenaue\" \/>\n<meta property=\"article:published_time\" content=\"2017-11-26T21:19:08+00:00\" \/>\n<meta property=\"article:modified_time\" content=\"2017-11-26T21:20:39+00:00\" \/>\n<meta property=\"og:image\" content=\"https:\/\/i0.wp.com\/paulinenaue.info\/wp-content\/uploads\/2017\/11\/Kalender_Paulinenaue_2018_01.jpg?fit=800%2C568&ssl=1\" \/>\n\t<meta property=\"og:image:width\" content=\"800\" \/>\n\t<meta property=\"og:image:height\" content=\"568\" \/>\n\t<meta property=\"og:image:type\" content=\"image\/jpeg\" \/>\n<meta name=\"author\" content=\"Joachim Scholz\" \/>\n<meta name=\"twitter:card\" content=\"summary_large_image\" \/>\n<meta name=\"twitter:label1\" content=\"Verfasst von\" \/>\n\t<meta name=\"twitter:data1\" content=\"Joachim Scholz\" \/>\n\t<meta name=\"twitter:label2\" content=\"Gesch\u00e4tzte Lesezeit\" \/>\n\t<meta name=\"twitter:data2\" content=\"1\u00a0Minute\" \/>\n<script type=\"application\/ld+json\" class=\"yoast-schema-graph\">{\"@context\":\"https:\\\/\\\/schema.org\",\"@graph\":[{\"@type\":\"Article\",\"@id\":\"https:\\\/\\\/paulinenaue.info\\\/index.php\\\/der-neue-kalender-paulinenaue-nach-der-gemeindegruendung-1924-1933-erscheint-zum-weihnachtsmarkt\\\/#article\",\"isPartOf\":{\"@id\":\"https:\\\/\\\/paulinenaue.info\\\/index.php\\\/der-neue-kalender-paulinenaue-nach-der-gemeindegruendung-1924-1933-erscheint-zum-weihnachtsmarkt\\\/\"},\"author\":{\"name\":\"Joachim Scholz\",\"@id\":\"https:\\\/\\\/paulinenaue.info\\\/#\\\/schema\\\/person\\\/3f9e818fd7b69b0d2bd937ac506897cc\"},\"headline\":\"Ein neuer Kalender erscheint zum Weihnachtsmarkt!\",\"datePublished\":\"2017-11-26T21:19:08+00:00\",\"dateModified\":\"2017-11-26T21:20:39+00:00\",\"mainEntityOfPage\":{\"@id\":\"https:\\\/\\\/paulinenaue.info\\\/index.php\\\/der-neue-kalender-paulinenaue-nach-der-gemeindegruendung-1924-1933-erscheint-zum-weihnachtsmarkt\\\/\"},\"wordCount\":196,\"commentCount\":0,\"image\":{\"@id\":\"https:\\\/\\\/paulinenaue.info\\\/index.php\\\/der-neue-kalender-paulinenaue-nach-der-gemeindegruendung-1924-1933-erscheint-zum-weihnachtsmarkt\\\/#primaryimage\"},\"thumbnailUrl\":\"https:\\\/\\\/paulinenaue.info\\\/wp-content\\\/uploads\\\/2017\\\/11\\\/Kalender_Paulinenaue_2018_01.jpg\",\"keywords\":[\"Kalender\",\"Kulturverein\",\"Ortsgeschichte\",\"Weihnachtsmarkt\"],\"articleSection\":{\"1\":\"Dorfentwicklung\",\"2\":\"Hier Zuhause\",\"3\":\"Historie\",\"4\":\"Kulturverein\",\"5\":\"Neuigkeiten\"},\"inLanguage\":\"de\",\"potentialAction\":[{\"@type\":\"CommentAction\",\"name\":\"Comment\",\"target\":[\"https:\\\/\\\/paulinenaue.info\\\/index.php\\\/der-neue-kalender-paulinenaue-nach-der-gemeindegruendung-1924-1933-erscheint-zum-weihnachtsmarkt\\\/#respond\"]}]},{\"@type\":\"WebPage\",\"@id\":\"https:\\\/\\\/paulinenaue.info\\\/index.php\\\/der-neue-kalender-paulinenaue-nach-der-gemeindegruendung-1924-1933-erscheint-zum-weihnachtsmarkt\\\/\",\"url\":\"https:\\\/\\\/paulinenaue.info\\\/index.php\\\/der-neue-kalender-paulinenaue-nach-der-gemeindegruendung-1924-1933-erscheint-zum-weihnachtsmarkt\\\/\",\"name\":\"Ein neuer Kalender erscheint zum Weihnachtsmarkt! - Paulinenaue\",\"isPartOf\":{\"@id\":\"https:\\\/\\\/paulinenaue.info\\\/#website\"},\"primaryImageOfPage\":{\"@id\":\"https:\\\/\\\/paulinenaue.info\\\/index.php\\\/der-neue-kalender-paulinenaue-nach-der-gemeindegruendung-1924-1933-erscheint-zum-weihnachtsmarkt\\\/#primaryimage\"},\"image\":{\"@id\":\"https:\\\/\\\/paulinenaue.info\\\/index.php\\\/der-neue-kalender-paulinenaue-nach-der-gemeindegruendung-1924-1933-erscheint-zum-weihnachtsmarkt\\\/#primaryimage\"},\"thumbnailUrl\":\"https:\\\/\\\/paulinenaue.info\\\/wp-content\\\/uploads\\\/2017\\\/11\\\/Kalender_Paulinenaue_2018_01.jpg\",\"datePublished\":\"2017-11-26T21:19:08+00:00\",\"dateModified\":\"2017-11-26T21:20:39+00:00\",\"author\":{\"@id\":\"https:\\\/\\\/paulinenaue.info\\\/#\\\/schema\\\/person\\\/3f9e818fd7b69b0d2bd937ac506897cc\"},\"breadcrumb\":{\"@id\":\"https:\\\/\\\/paulinenaue.info\\\/index.php\\\/der-neue-kalender-paulinenaue-nach-der-gemeindegruendung-1924-1933-erscheint-zum-weihnachtsmarkt\\\/#breadcrumb\"},\"inLanguage\":\"de\",\"potentialAction\":[{\"@type\":\"ReadAction\",\"target\":[\"https:\\\/\\\/paulinenaue.info\\\/index.php\\\/der-neue-kalender-paulinenaue-nach-der-gemeindegruendung-1924-1933-erscheint-zum-weihnachtsmarkt\\\/\"]}]},{\"@type\":\"ImageObject\",\"inLanguage\":\"de\",\"@id\":\"https:\\\/\\\/paulinenaue.info\\\/index.php\\\/der-neue-kalender-paulinenaue-nach-der-gemeindegruendung-1924-1933-erscheint-zum-weihnachtsmarkt\\\/#primaryimage\",\"url\":\"https:\\\/\\\/paulinenaue.info\\\/wp-content\\\/uploads\\\/2017\\\/11\\\/Kalender_Paulinenaue_2018_01.jpg\",\"contentUrl\":\"https:\\\/\\\/paulinenaue.info\\\/wp-content\\\/uploads\\\/2017\\\/11\\\/Kalender_Paulinenaue_2018_01.jpg\",\"width\":800,\"height\":568,\"caption\":\"Kalender \u201ePaulinenaue nach der Gemeindegr\u00fcndung\u201c Titelseite\"},{\"@type\":\"BreadcrumbList\",\"@id\":\"https:\\\/\\\/paulinenaue.info\\\/index.php\\\/der-neue-kalender-paulinenaue-nach-der-gemeindegruendung-1924-1933-erscheint-zum-weihnachtsmarkt\\\/#breadcrumb\",\"itemListElement\":[{\"@type\":\"ListItem\",\"position\":1,\"name\":\"Home\",\"item\":\"https:\\\/\\\/paulinenaue.info\\\/\"},{\"@type\":\"ListItem\",\"position\":2,\"name\":\"Ein neuer Kalender erscheint zum Weihnachtsmarkt!\"}]},{\"@type\":\"WebSite\",\"@id\":\"https:\\\/\\\/paulinenaue.info\\\/#website\",\"url\":\"https:\\\/\\\/paulinenaue.info\\\/\",\"name\":\"Paulinenaue\",\"description\":\"Ein Dorf im Havelland\",\"potentialAction\":[{\"@type\":\"SearchAction\",\"target\":{\"@type\":\"EntryPoint\",\"urlTemplate\":\"https:\\\/\\\/paulinenaue.info\\\/?s={search_term_string}\"},\"query-input\":{\"@type\":\"PropertyValueSpecification\",\"valueRequired\":true,\"valueName\":\"search_term_string\"}}],\"inLanguage\":\"de\"},{\"@type\":\"Person\",\"@id\":\"https:\\\/\\\/paulinenaue.info\\\/#\\\/schema\\\/person\\\/3f9e818fd7b69b0d2bd937ac506897cc\",\"name\":\"Joachim Scholz\",\"url\":\"https:\\\/\\\/paulinenaue.info\\\/index.php\\\/author\\\/jjscholz\\\/\"}]}<\/script>\n<!-- \/ Yoast SEO plugin. -->","yoast_head_json":{"title":"Ein neuer Kalender erscheint zum Weihnachtsmarkt! - Paulinenaue","robots":{"index":"index","follow":"follow","max-snippet":"max-snippet:-1","max-image-preview":"max-image-preview:large","max-video-preview":"max-video-preview:-1"},"canonical":"https:\/\/paulinenaue.info\/index.php\/der-neue-kalender-paulinenaue-nach-der-gemeindegruendung-1924-1933-erscheint-zum-weihnachtsmarkt\/","og_locale":"de_DE","og_type":"article","og_title":"Ein neuer Kalender erscheint zum Weihnachtsmarkt! - Paulinenaue","og_description":"\u201eWas war das f\u00fcr eine Zeit, als die heute \u00e4ltesten [&hellip;]","og_url":"https:\/\/paulinenaue.info\/index.php\/der-neue-kalender-paulinenaue-nach-der-gemeindegruendung-1924-1933-erscheint-zum-weihnachtsmarkt\/","og_site_name":"Paulinenaue","article_published_time":"2017-11-26T21:19:08+00:00","article_modified_time":"2017-11-26T21:20:39+00:00","og_image":[{"width":800,"height":568,"url":"https:\/\/i0.wp.com\/paulinenaue.info\/wp-content\/uploads\/2017\/11\/Kalender_Paulinenaue_2018_01.jpg?fit=800%2C568&ssl=1","type":"image\/jpeg"}],"author":"Joachim Scholz","twitter_card":"summary_large_image","twitter_misc":{"Verfasst von":"Joachim Scholz","Gesch\u00e4tzte Lesezeit":"1\u00a0Minute"},"schema":{"@context":"https:\/\/schema.org","@graph":[{"@type":"Article","@id":"https:\/\/paulinenaue.info\/index.php\/der-neue-kalender-paulinenaue-nach-der-gemeindegruendung-1924-1933-erscheint-zum-weihnachtsmarkt\/#article","isPartOf":{"@id":"https:\/\/paulinenaue.info\/index.php\/der-neue-kalender-paulinenaue-nach-der-gemeindegruendung-1924-1933-erscheint-zum-weihnachtsmarkt\/"},"author":{"name":"Joachim Scholz","@id":"https:\/\/paulinenaue.info\/#\/schema\/person\/3f9e818fd7b69b0d2bd937ac506897cc"},"headline":"Ein neuer Kalender erscheint zum Weihnachtsmarkt!","datePublished":"2017-11-26T21:19:08+00:00","dateModified":"2017-11-26T21:20:39+00:00","mainEntityOfPage":{"@id":"https:\/\/paulinenaue.info\/index.php\/der-neue-kalender-paulinenaue-nach-der-gemeindegruendung-1924-1933-erscheint-zum-weihnachtsmarkt\/"},"wordCount":196,"commentCount":0,"image":{"@id":"https:\/\/paulinenaue.info\/index.php\/der-neue-kalender-paulinenaue-nach-der-gemeindegruendung-1924-1933-erscheint-zum-weihnachtsmarkt\/#primaryimage"},"thumbnailUrl":"https:\/\/paulinenaue.info\/wp-content\/uploads\/2017\/11\/Kalender_Paulinenaue_2018_01.jpg","keywords":["Kalender","Kulturverein","Ortsgeschichte","Weihnachtsmarkt"],"articleSection":{"1":"Dorfentwicklung","2":"Hier Zuhause","3":"Historie","4":"Kulturverein","5":"Neuigkeiten"},"inLanguage":"de","potentialAction":[{"@type":"CommentAction","name":"Comment","target":["https:\/\/paulinenaue.info\/index.php\/der-neue-kalender-paulinenaue-nach-der-gemeindegruendung-1924-1933-erscheint-zum-weihnachtsmarkt\/#respond"]}]},{"@type":"WebPage","@id":"https:\/\/paulinenaue.info\/index.php\/der-neue-kalender-paulinenaue-nach-der-gemeindegruendung-1924-1933-erscheint-zum-weihnachtsmarkt\/","url":"https:\/\/paulinenaue.info\/index.php\/der-neue-kalender-paulinenaue-nach-der-gemeindegruendung-1924-1933-erscheint-zum-weihnachtsmarkt\/","name":"Ein neuer Kalender erscheint zum Weihnachtsmarkt! - Paulinenaue","isPartOf":{"@id":"https:\/\/paulinenaue.info\/#website"},"primaryImageOfPage":{"@id":"https:\/\/paulinenaue.info\/index.php\/der-neue-kalender-paulinenaue-nach-der-gemeindegruendung-1924-1933-erscheint-zum-weihnachtsmarkt\/#primaryimage"},"image":{"@id":"https:\/\/paulinenaue.info\/index.php\/der-neue-kalender-paulinenaue-nach-der-gemeindegruendung-1924-1933-erscheint-zum-weihnachtsmarkt\/#primaryimage"},"thumbnailUrl":"https:\/\/paulinenaue.info\/wp-content\/uploads\/2017\/11\/Kalender_Paulinenaue_2018_01.jpg","datePublished":"2017-11-26T21:19:08+00:00","dateModified":"2017-11-26T21:20:39+00:00","author":{"@id":"https:\/\/paulinenaue.info\/#\/schema\/person\/3f9e818fd7b69b0d2bd937ac506897cc"},"breadcrumb":{"@id":"https:\/\/paulinenaue.info\/index.php\/der-neue-kalender-paulinenaue-nach-der-gemeindegruendung-1924-1933-erscheint-zum-weihnachtsmarkt\/#breadcrumb"},"inLanguage":"de","potentialAction":[{"@type":"ReadAction","target":["https:\/\/paulinenaue.info\/index.php\/der-neue-kalender-paulinenaue-nach-der-gemeindegruendung-1924-1933-erscheint-zum-weihnachtsmarkt\/"]}]},{"@type":"ImageObject","inLanguage":"de","@id":"https:\/\/paulinenaue.info\/index.php\/der-neue-kalender-paulinenaue-nach-der-gemeindegruendung-1924-1933-erscheint-zum-weihnachtsmarkt\/#primaryimage","url":"https:\/\/paulinenaue.info\/wp-content\/uploads\/2017\/11\/Kalender_Paulinenaue_2018_01.jpg","contentUrl":"https:\/\/paulinenaue.info\/wp-content\/uploads\/2017\/11\/Kalender_Paulinenaue_2018_01.jpg","width":800,"height":568,"caption":"Kalender \u201ePaulinenaue nach der Gemeindegr\u00fcndung\u201c Titelseite"},{"@type":"BreadcrumbList","@id":"https:\/\/paulinenaue.info\/index.php\/der-neue-kalender-paulinenaue-nach-der-gemeindegruendung-1924-1933-erscheint-zum-weihnachtsmarkt\/#breadcrumb","itemListElement":[{"@type":"ListItem","position":1,"name":"Home","item":"https:\/\/paulinenaue.info\/"},{"@type":"ListItem","position":2,"name":"Ein neuer Kalender erscheint zum Weihnachtsmarkt!"}]},{"@type":"WebSite","@id":"https:\/\/paulinenaue.info\/#website","url":"https:\/\/paulinenaue.info\/","name":"Paulinenaue","description":"Ein Dorf im Havelland","potentialAction":[{"@type":"SearchAction","target":{"@type":"EntryPoint","urlTemplate":"https:\/\/paulinenaue.info\/?s={search_term_string}"},"query-input":{"@type":"PropertyValueSpecification","valueRequired":true,"valueName":"search_term_string"}}],"inLanguage":"de"},{"@type":"Person","@id":"https:\/\/paulinenaue.info\/#\/schema\/person\/3f9e818fd7b69b0d2bd937ac506897cc","name":"Joachim Scholz","url":"https:\/\/paulinenaue.info\/index.php\/author\/jjscholz\/"}]}},"jetpack_publicize_connections":[],"jetpack_featured_media_url":"https:\/\/paulinenaue.info\/wp-content\/uploads\/2017\/11\/Kalender_Paulinenaue_2018_01.jpg","jetpack_sharing_enabled":true,"jetpack_shortlink":"https:\/\/wp.me\/pcYhWA-tt","jetpack-related-posts":[{"id":5132,"url":"https:\/\/paulinenaue.info\/index.php\/nachwendejahre-in-paulinenaue-kalender-2020-erscheint-zum-weihnachtsmarkt\/","url_meta":{"origin":1827,"position":0},"title":"Nachwendejahre in Paulinenaue \u2013\u00a0Kalender 2020 erscheint zum Weihnachtsmarkt","author":"Joachim Scholz","date":"23. November 2019","format":false,"excerpt":"Der neue Paulinenaue-Kalender ist fertig und wartet auf das kommende Jahr 2020. Die insgesamt 13 Motive sind ca. ein Vierteljahrhundert alt und entstanden in den Nachwendejahren. Paulinenaue in den 1990ern zeigt noch das Ortsbild der durch Gut, Eisenbahn und das Institut fu\u0308r Futterproduktion gepr\u00e4gten Jahrzehnte zuvor, und doch brachte die\u2026","rel":"","context":"In &quot;Allgemein&quot;","block_context":{"text":"Allgemein","link":"https:\/\/paulinenaue.info\/index.php\/category\/allgemein\/"},"img":{"alt_text":"","src":"https:\/\/i0.wp.com\/paulinenaue.info\/wp-content\/uploads\/2019\/11\/Deckblatt-Kalender-2020.jpg?resize=350%2C200&ssl=1","width":350,"height":200,"srcset":"https:\/\/i0.wp.com\/paulinenaue.info\/wp-content\/uploads\/2019\/11\/Deckblatt-Kalender-2020.jpg?resize=350%2C200&ssl=1 1x, https:\/\/i0.wp.com\/paulinenaue.info\/wp-content\/uploads\/2019\/11\/Deckblatt-Kalender-2020.jpg?resize=525%2C300&ssl=1 1.5x, https:\/\/i0.wp.com\/paulinenaue.info\/wp-content\/uploads\/2019\/11\/Deckblatt-Kalender-2020.jpg?resize=700%2C400&ssl=1 2x"},"classes":[]},{"id":415369,"url":"https:\/\/paulinenaue.info\/index.php\/paulinenaue-kalender-2024-erscheint-zum-weihnachtsmarkt\/","url_meta":{"origin":1827,"position":1},"title":"Paulinenaue-Kalender 2024 erscheint zum Weihnachtsmarkt","author":"Joachim Scholz","date":"18. November 2023","format":false,"excerpt":"Am 8. Dezember 2024 begeht Paulinenaue den 100. Jahrestag seiner Gemeindegr\u00fcndung. Unser Kalender weist in diesem Jahr auf Spuren und Traditionen aus der Zeit der Gemeindegr\u00fcndung hin, die heute noch sichtbar und erfahrbar sind. Zugleich m\u00f6chten wir mit ihm auf Besonderheiten unseres Dorfes hinweisen, die im Alltag \u00fcbersehen werden oder\u2026","rel":"","context":"In &quot;Allgemein&quot;","block_context":{"text":"Allgemein","link":"https:\/\/paulinenaue.info\/index.php\/category\/allgemein\/"},"img":{"alt_text":"","src":"https:\/\/i0.wp.com\/paulinenaue.info\/wp-content\/uploads\/2023\/11\/kalender2024.jpg?resize=350%2C200&ssl=1","width":350,"height":200,"srcset":"https:\/\/i0.wp.com\/paulinenaue.info\/wp-content\/uploads\/2023\/11\/kalender2024.jpg?resize=350%2C200&ssl=1 1x, https:\/\/i0.wp.com\/paulinenaue.info\/wp-content\/uploads\/2023\/11\/kalender2024.jpg?resize=525%2C300&ssl=1 1.5x, https:\/\/i0.wp.com\/paulinenaue.info\/wp-content\/uploads\/2023\/11\/kalender2024.jpg?resize=700%2C400&ssl=1 2x"},"classes":[]},{"id":182,"url":"https:\/\/paulinenaue.info\/index.php\/der-paulinenauer-weihnachtsmarkt-in-diesem-jahr\/","url_meta":{"origin":1827,"position":2},"title":"Der Paulinenauer Weihnachtsmarkt in diesem Jahr","author":"Joachim Scholz","date":"22. M\u00e4rz 2016","format":false,"excerpt":"Joachim Scholz 28.11.2010. Eine feine Reifschicht bedeckte das Kirchengel\u00e4nde, als allen Terrorwarnungen im Lande zum Trotz viele Paulinenauer am Samstag vor dem ersten Advent auf den belebten Weihnachtsmarkt str\u00f6mten. Vor f\u00fcnf Jahren hatte der Kulturverein den Markt ins Leben gerufen, den seither die Vereine des Ortes und die Kirchengemeinde ohne\u2026","rel":"","context":"In &quot;Kulturverein&quot;","block_context":{"text":"Kulturverein","link":"https:\/\/paulinenaue.info\/index.php\/category\/kulturverein\/"},"img":{"alt_text":"","src":"https:\/\/i0.wp.com\/paulinenaue.info\/wp-content\/uploads\/2016\/03\/20101127_weihnachtsmarkt_03.jpg?resize=350%2C200&ssl=1","width":350,"height":200},"classes":[]},{"id":554,"url":"https:\/\/paulinenaue.info\/index.php\/neuer-kalender-paulinenaue-im-havelland-2017-erschienen\/","url_meta":{"origin":1827,"position":3},"title":"Neuer Kalender \u201ePaulinenaue im Havelland 2017\u201c erschienen","author":"Joachim Scholz","date":"25. November 2016","format":false,"excerpt":"P\u00fcnktlich zum zehnten Paulinenauer Weihnachtsmarkt am Ersten Advent gibt der Kulturverein wieder einen Kalender f\u00fcr das neue Jahr 2017 heraus. In ihm finden sich Fotografien von Tilo Geisel, Joachim Scholz, Sarah Vierjahn und Henriette von der Waydbrink, von der auch das Titelbild \u2013 ein besonders stimmungsvoller Sonnenuntergang am Kanal \u2013\u2026","rel":"","context":"In &quot;Hier Zuhause&quot;","block_context":{"text":"Hier Zuhause","link":"https:\/\/paulinenaue.info\/index.php\/category\/hier-zuhause\/"},"img":{"alt_text":"","src":"https:\/\/i0.wp.com\/paulinenaue.info\/wp-content\/uploads\/2016\/11\/Kalender_Paulinenaue_2017_01_pdf.jpg?resize=350%2C200&ssl=1","width":350,"height":200,"srcset":"https:\/\/i0.wp.com\/paulinenaue.info\/wp-content\/uploads\/2016\/11\/Kalender_Paulinenaue_2017_01_pdf.jpg?resize=350%2C200&ssl=1 1x, https:\/\/i0.wp.com\/paulinenaue.info\/wp-content\/uploads\/2016\/11\/Kalender_Paulinenaue_2017_01_pdf.jpg?resize=525%2C300&ssl=1 1.5x, https:\/\/i0.wp.com\/paulinenaue.info\/wp-content\/uploads\/2016\/11\/Kalender_Paulinenaue_2017_01_pdf.jpg?resize=700%2C400&ssl=1 2x, https:\/\/i0.wp.com\/paulinenaue.info\/wp-content\/uploads\/2016\/11\/Kalender_Paulinenaue_2017_01_pdf.jpg?resize=1050%2C600&ssl=1 3x, https:\/\/i0.wp.com\/paulinenaue.info\/wp-content\/uploads\/2016\/11\/Kalender_Paulinenaue_2017_01_pdf.jpg?resize=1400%2C800&ssl=1 4x"},"classes":[]},{"id":558,"url":"https:\/\/paulinenaue.info\/index.php\/zehnter-paulinenauer-weihnachtsmarkt\/","url_meta":{"origin":1827,"position":4},"title":"Zehnter Paulinenauer Weihnachtsmarkt","author":"Joachim Scholz","date":"28. November 2016","format":false,"excerpt":"Einen Weihnachtsmarkt abzuhalten, wie es in anderen Orten hier und dort bereits \u00fcblich war, geh\u00f6rte im Herbst 2006 zu den ersten Zielen und Vorhaben des neu gegr\u00fcndeten Paulinenauer Kulturvereins. Doch seitdem er vor zehn Jahren das erste Mal seine Pforten er\u00f6ffnete, wurde der Weihnachtsmarkt stets von Vielen gestaltet.\u00a02016 fand er\u2026","rel":"","context":"In &quot;Allgemein&quot;","block_context":{"text":"Allgemein","link":"https:\/\/paulinenaue.info\/index.php\/category\/allgemein\/"},"img":{"alt_text":"","src":"https:\/\/i0.wp.com\/paulinenaue.info\/wp-content\/uploads\/2016\/11\/DSC07450.jpg?resize=350%2C200&ssl=1","width":350,"height":200,"srcset":"https:\/\/i0.wp.com\/paulinenaue.info\/wp-content\/uploads\/2016\/11\/DSC07450.jpg?resize=350%2C200&ssl=1 1x, https:\/\/i0.wp.com\/paulinenaue.info\/wp-content\/uploads\/2016\/11\/DSC07450.jpg?resize=525%2C300&ssl=1 1.5x, https:\/\/i0.wp.com\/paulinenaue.info\/wp-content\/uploads\/2016\/11\/DSC07450.jpg?resize=700%2C400&ssl=1 2x"},"classes":[]},{"id":2465,"url":"https:\/\/paulinenaue.info\/index.php\/mit-dem-weihnachtsmarkt-in-den-advent\/","url_meta":{"origin":1827,"position":5},"title":"Mit dem Weihnachtsmarkt in den Advent","author":"Joachim Scholz","date":"2. Dezember 2018","format":false,"excerpt":"Am Samstag vor dem Ersten Advent fand in Paulinenaue wieder der Weihnachtsmarkt auf dem Gel\u00e4nde der Evangelischen Kirche statt. Mit den Vorbereitungen hatte das Organisationsteam schon im Juni begonnen. In den letzten Wochen wurde es dann spannend. An so vieles musste gedacht und alles koordiniert werden. Zum Paulinenauer Weihnachtsmarkt geh\u00f6ren\u2026","rel":"","context":"In &quot;Allgemein&quot;","block_context":{"text":"Allgemein","link":"https:\/\/paulinenaue.info\/index.php\/category\/allgemein\/"},"img":{"alt_text":"","src":"https:\/\/i0.wp.com\/paulinenaue.info\/wp-content\/uploads\/2018\/12\/DSC05940.jpg?resize=350%2C200&ssl=1","width":350,"height":200,"srcset":"https:\/\/i0.wp.com\/paulinenaue.info\/wp-content\/uploads\/2018\/12\/DSC05940.jpg?resize=350%2C200&ssl=1 1x, https:\/\/i0.wp.com\/paulinenaue.info\/wp-content\/uploads\/2018\/12\/DSC05940.jpg?resize=525%2C300&ssl=1 1.5x, https:\/\/i0.wp.com\/paulinenaue.info\/wp-content\/uploads\/2018\/12\/DSC05940.jpg?resize=700%2C400&ssl=1 2x"},"classes":[]}],"_links":{"self":[{"href":"https:\/\/paulinenaue.info\/index.php\/wp-json\/wp\/v2\/posts\/1827","targetHints":{"allow":["GET"]}}],"collection":[{"href":"https:\/\/paulinenaue.info\/index.php\/wp-json\/wp\/v2\/posts"}],"about":[{"href":"https:\/\/paulinenaue.info\/index.php\/wp-json\/wp\/v2\/types\/post"}],"author":[{"embeddable":true,"href":"https:\/\/paulinenaue.info\/index.php\/wp-json\/wp\/v2\/users\/1"}],"replies":[{"embeddable":true,"href":"https:\/\/paulinenaue.info\/index.php\/wp-json\/wp\/v2\/comments?post=1827"}],"version-history":[{"count":5,"href":"https:\/\/paulinenaue.info\/index.php\/wp-json\/wp\/v2\/posts\/1827\/revisions"}],"predecessor-version":[{"id":1835,"href":"https:\/\/paulinenaue.info\/index.php\/wp-json\/wp\/v2\/posts\/1827\/revisions\/1835"}],"wp:featuredmedia":[{"embeddable":true,"href":"https:\/\/paulinenaue.info\/index.php\/wp-json\/wp\/v2\/media\/1829"}],"wp:attachment":[{"href":"https:\/\/paulinenaue.info\/index.php\/wp-json\/wp\/v2\/media?parent=1827"}],"wp:term":[{"taxonomy":"category","embeddable":true,"href":"https:\/\/paulinenaue.info\/index.php\/wp-json\/wp\/v2\/categories?post=1827"},{"taxonomy":"post_tag","embeddable":true,"href":"https:\/\/paulinenaue.info\/index.php\/wp-json\/wp\/v2\/tags?post=1827"}],"curies":[{"name":"wp","href":"https:\/\/api.w.org\/{rel}","templated":true}]}}