{"id":18357,"date":"2022-02-06T11:51:33","date_gmt":"2022-02-06T10:51:33","guid":{"rendered":"https:\/\/paulinenaue.info\/?p=18357"},"modified":"2022-02-10T00:15:27","modified_gmt":"2022-02-09T23:15:27","slug":"anlaesslich-des-jubilaeums-des-baus-der-turnhalle-und-der-wiederfreigabe-fuer-den-sport-hatte-die-gemeinde-am-29-januar-eingeladen","status":"publish","type":"post","link":"https:\/\/paulinenaue.info\/index.php\/anlaesslich-des-jubilaeums-des-baus-der-turnhalle-und-der-wiederfreigabe-fuer-den-sport-hatte-die-gemeinde-am-29-januar-eingeladen\/","title":{"rendered":"40 Jahre Turnhalle Paulinenaue und Wiederfreigabe f\u00fcr den Sport"},"content":{"rendered":"<p>Anl\u00e4sslich des 40. Jubil\u00e4ums ihrer Erbauung und der Wiederfreigabe f\u00fcr den Sport hatte die Gemeinde am 29. Januar in die Paulinenauer Turnhalle eingeladen. Etwa 40 B\u00fcrgerInnen waren der Einladung gefolgt und fanden sich zu der kleinen Feierstunde in der nun teilsanierten Sporthalle ein. Schon beim Betreten fielen die frische Farbe der W\u00e4nde sowie der neue Bodenbelag in den Umkleiden ins Auge. B\u00fcrgermeister Arne Breder f\u00fchrte in einer Ansprache die Umst\u00e4nde auf, unter denen es Ende letzten Jahres zur Sperrung der Turnhalle kam. Vor allem der fehlende Prallschutz stellte einen wesentlichen Mangel dar, der dank g\u00fcnstiger Umst\u00e4nde fr\u00fchzeitig durch ein Fachunternehmen angebracht werden konnte.<\/p>\n\n\t\t<style type=\"text\/css\">\n\t\t\t#gallery-1 {\n\t\t\t\tmargin: auto;\n\t\t\t}\n\t\t\t#gallery-1 .gallery-item {\n\t\t\t\tfloat: left;\n\t\t\t\tmargin-top: 10px;\n\t\t\t\ttext-align: center;\n\t\t\t\twidth: 25%;\n\t\t\t}\n\t\t\t#gallery-1 img {\n\t\t\t\tborder: 2px solid #cfcfcf;\n\t\t\t}\n\t\t\t#gallery-1 .gallery-caption {\n\t\t\t\tmargin-left: 0;\n\t\t\t}\n\t\t\t\/* see gallery_shortcode() in wp-includes\/media.php *\/\n\t\t<\/style>\n\t\t<div data-carousel-extra='{&quot;blog_id&quot;:1,&quot;permalink&quot;:&quot;https:\/\/paulinenaue.info\/index.php\/anlaesslich-des-jubilaeums-des-baus-der-turnhalle-und-der-wiederfreigabe-fuer-den-sport-hatte-die-gemeinde-am-29-januar-eingeladen\/&quot;}' id='gallery-1' class='gallery galleryid-18357 gallery-columns-4 gallery-size-thumbnail'><dl class='gallery-item'>\n\t\t\t<dt class='gallery-icon landscape'>\n\t\t\t\t<a data-rel=\"iLightbox[postimages]\" data-title=\"2022-01-29_Turnhalle_010\" data-caption=\"B\u00fcrgermeister Arne Breder sowie die Gemeindevertretrinnen Sabine Pietschmann und Dorit Zahn bedanken sich f\u00fcr das Engagement des Sportvereins. Foto: Eberhard Schwarz\" href='https:\/\/paulinenaue.info\/index.php\/anlaesslich-des-jubilaeums-des-baus-der-turnhalle-und-der-wiederfreigabe-fuer-den-sport-hatte-die-gemeinde-am-29-januar-eingeladen\/2022-01-29_turnhalle_010\/'><img decoding=\"async\" width=\"150\" height=\"150\" src=\"https:\/\/paulinenaue.info\/wp-content\/uploads\/2022\/02\/2022-01-29_Turnhalle_010-150x150.jpg\" class=\"attachment-thumbnail size-thumbnail lazyload\" alt=\"\" aria-describedby=\"gallery-1-18403\" srcset=\"data:image\/svg+xml,%3Csvg%20xmlns%3D%27http%3A%2F%2Fwww.w3.org%2F2000%2Fsvg%27%20width%3D%271000%27%20height%3D%27563%27%20viewBox%3D%270%200%201000%20563%27%3E%3Crect%20width%3D%271000%27%20height%3D%27563%27%20fill-opacity%3D%220%22%2F%3E%3C%2Fsvg%3E\" data-orig-src=\"https:\/\/paulinenaue.info\/wp-content\/uploads\/2022\/02\/2022-01-29_Turnhalle_010-150x150.jpg\" data-srcset=\"https:\/\/paulinenaue.info\/wp-content\/uploads\/2022\/02\/2022-01-29_Turnhalle_010-66x66.jpg 66w, https:\/\/paulinenaue.info\/wp-content\/uploads\/2022\/02\/2022-01-29_Turnhalle_010-150x150.jpg 150w\" data-sizes=\"auto\" data-attachment-id=\"18403\" data-permalink=\"https:\/\/paulinenaue.info\/index.php\/anlaesslich-des-jubilaeums-des-baus-der-turnhalle-und-der-wiederfreigabe-fuer-den-sport-hatte-die-gemeinde-am-29-januar-eingeladen\/2022-01-29_turnhalle_010\/\" data-orig-file=\"https:\/\/paulinenaue.info\/wp-content\/uploads\/2022\/02\/2022-01-29_Turnhalle_010.jpg\" data-orig-size=\"1000,563\" data-comments-opened=\"1\" data-image-meta=\"{&quot;aperture&quot;:&quot;3.5&quot;,&quot;credit&quot;:&quot;Eberhard Schwarz&quot;,&quot;camera&quot;:&quot;DSC-RX10M3&quot;,&quot;caption&quot;:&quot;&quot;,&quot;created_timestamp&quot;:&quot;1643451759&quot;,&quot;copyright&quot;:&quot;J.W.Westby&quot;,&quot;focal_length&quot;:&quot;33.51&quot;,&quot;iso&quot;:&quot;800&quot;,&quot;shutter_speed&quot;:&quot;0.016666666666667&quot;,&quot;title&quot;:&quot;&quot;,&quot;orientation&quot;:&quot;1&quot;}\" data-image-title=\"2022-01-29_Turnhalle_010\" data-image-description=\"\" data-image-caption=\"&lt;p&gt;B\u00fcrgermeister Arne Breder sowie die Gemeindevertretrinnen Sabine Pietschmann und Dorit Zahn bedanken sich f\u00fcr das Engagement des Sportvereins. Foto: Eberhard Schwarz&lt;\/p&gt;\n\" data-large-file=\"https:\/\/paulinenaue.info\/wp-content\/uploads\/2022\/02\/2022-01-29_Turnhalle_010.jpg\" \/><\/a>\n\t\t\t<\/dt>\n\t\t\t\t<dd class='wp-caption-text gallery-caption' id='gallery-1-18403'>\n\t\t\t\tB\u00fcrgermeister Arne Breder sowie die Gemeindevertretrinnen Sabine Pietschmann und Dorit Zahn bedanken sich f\u00fcr das Engagement des Sportvereins. Foto: Eberhard Schwarz\n\t\t\t\t<\/dd><\/dl><dl class='gallery-item'>\n\t\t\t<dt class='gallery-icon landscape'>\n\t\t\t\t<a data-rel=\"iLightbox[postimages]\" data-title=\"2022-01-29_Turnhalle_047\" data-caption=\"An den W\u00e4nden der Halle wurde ein Prallschutz angebracht. Foto: Eberhard Schwarz\" href='https:\/\/paulinenaue.info\/index.php\/anlaesslich-des-jubilaeums-des-baus-der-turnhalle-und-der-wiederfreigabe-fuer-den-sport-hatte-die-gemeinde-am-29-januar-eingeladen\/2022-01-29_turnhalle_047\/'><img decoding=\"async\" width=\"150\" height=\"150\" src=\"https:\/\/paulinenaue.info\/wp-content\/uploads\/2022\/02\/2022-01-29_Turnhalle_047-150x150.jpg\" class=\"attachment-thumbnail size-thumbnail lazyload\" alt=\"\" aria-describedby=\"gallery-1-18408\" srcset=\"data:image\/svg+xml,%3Csvg%20xmlns%3D%27http%3A%2F%2Fwww.w3.org%2F2000%2Fsvg%27%20width%3D%271000%27%20height%3D%27563%27%20viewBox%3D%270%200%201000%20563%27%3E%3Crect%20width%3D%271000%27%20height%3D%27563%27%20fill-opacity%3D%220%22%2F%3E%3C%2Fsvg%3E\" data-orig-src=\"https:\/\/paulinenaue.info\/wp-content\/uploads\/2022\/02\/2022-01-29_Turnhalle_047-150x150.jpg\" data-srcset=\"https:\/\/paulinenaue.info\/wp-content\/uploads\/2022\/02\/2022-01-29_Turnhalle_047-66x66.jpg 66w, https:\/\/paulinenaue.info\/wp-content\/uploads\/2022\/02\/2022-01-29_Turnhalle_047-150x150.jpg 150w\" data-sizes=\"auto\" data-attachment-id=\"18408\" data-permalink=\"https:\/\/paulinenaue.info\/index.php\/anlaesslich-des-jubilaeums-des-baus-der-turnhalle-und-der-wiederfreigabe-fuer-den-sport-hatte-die-gemeinde-am-29-januar-eingeladen\/2022-01-29_turnhalle_047\/\" data-orig-file=\"https:\/\/paulinenaue.info\/wp-content\/uploads\/2022\/02\/2022-01-29_Turnhalle_047.jpg\" data-orig-size=\"1000,563\" data-comments-opened=\"1\" data-image-meta=\"{&quot;aperture&quot;:&quot;2.4&quot;,&quot;credit&quot;:&quot;Eberhard Schwarz&quot;,&quot;camera&quot;:&quot;DSC-RX10M3&quot;,&quot;caption&quot;:&quot;&quot;,&quot;created_timestamp&quot;:&quot;1643451005&quot;,&quot;copyright&quot;:&quot;J.W.Westby&quot;,&quot;focal_length&quot;:&quot;8.8&quot;,&quot;iso&quot;:&quot;125&quot;,&quot;shutter_speed&quot;:&quot;0.033333333333333&quot;,&quot;title&quot;:&quot;&quot;,&quot;orientation&quot;:&quot;1&quot;}\" data-image-title=\"2022-01-29_Turnhalle_047\" data-image-description=\"\" data-image-caption=\"&lt;p&gt;An den W\u00e4nden der Halle wurde ein Prallschutz angebracht. Foto: Eberhard Schwarz&lt;\/p&gt;\n\" data-large-file=\"https:\/\/paulinenaue.info\/wp-content\/uploads\/2022\/02\/2022-01-29_Turnhalle_047.jpg\" \/><\/a>\n\t\t\t<\/dt>\n\t\t\t\t<dd class='wp-caption-text gallery-caption' id='gallery-1-18408'>\n\t\t\t\tAn den W\u00e4nden der Halle wurde ein Prallschutz angebracht. Foto: Eberhard Schwarz\n\t\t\t\t<\/dd><\/dl><dl class='gallery-item'>\n\t\t\t<dt class='gallery-icon landscape'>\n\t\t\t\t<a data-rel=\"iLightbox[postimages]\" data-title=\"2022-01-29_Turnhalle\" data-caption=\"Die Wiederer\u00f6ffnung fand Interesse bei den PaulinenauerInnen. Foto. Sarah Vierjahn\" href='https:\/\/paulinenaue.info\/index.php\/anlaesslich-des-jubilaeums-des-baus-der-turnhalle-und-der-wiederfreigabe-fuer-den-sport-hatte-die-gemeinde-am-29-januar-eingeladen\/2022-01-29_turnhalle\/'><img decoding=\"async\" width=\"150\" height=\"150\" src=\"https:\/\/paulinenaue.info\/wp-content\/uploads\/2022\/02\/2022-01-29_Turnhalle-150x150.jpg\" class=\"attachment-thumbnail size-thumbnail lazyload\" alt=\"\" aria-describedby=\"gallery-1-18402\" srcset=\"data:image\/svg+xml,%3Csvg%20xmlns%3D%27http%3A%2F%2Fwww.w3.org%2F2000%2Fsvg%27%20width%3D%271000%27%20height%3D%27750%27%20viewBox%3D%270%200%201000%20750%27%3E%3Crect%20width%3D%271000%27%20height%3D%27750%27%20fill-opacity%3D%220%22%2F%3E%3C%2Fsvg%3E\" data-orig-src=\"https:\/\/paulinenaue.info\/wp-content\/uploads\/2022\/02\/2022-01-29_Turnhalle-150x150.jpg\" data-srcset=\"https:\/\/paulinenaue.info\/wp-content\/uploads\/2022\/02\/2022-01-29_Turnhalle-66x66.jpg 66w, https:\/\/paulinenaue.info\/wp-content\/uploads\/2022\/02\/2022-01-29_Turnhalle-150x150.jpg 150w\" data-sizes=\"auto\" data-attachment-id=\"18402\" data-permalink=\"https:\/\/paulinenaue.info\/index.php\/anlaesslich-des-jubilaeums-des-baus-der-turnhalle-und-der-wiederfreigabe-fuer-den-sport-hatte-die-gemeinde-am-29-januar-eingeladen\/2022-01-29_turnhalle\/\" data-orig-file=\"https:\/\/paulinenaue.info\/wp-content\/uploads\/2022\/02\/2022-01-29_Turnhalle.jpg\" data-orig-size=\"1000,750\" data-comments-opened=\"1\" data-image-meta=\"{&quot;aperture&quot;:&quot;2.2&quot;,&quot;credit&quot;:&quot;&quot;,&quot;camera&quot;:&quot;FIG-LX1&quot;,&quot;caption&quot;:&quot;&quot;,&quot;created_timestamp&quot;:&quot;1643451155&quot;,&quot;copyright&quot;:&quot;&quot;,&quot;focal_length&quot;:&quot;3.21&quot;,&quot;iso&quot;:&quot;200&quot;,&quot;shutter_speed&quot;:&quot;0.03&quot;,&quot;title&quot;:&quot;&quot;,&quot;orientation&quot;:&quot;1&quot;}\" data-image-title=\"2022-01-29_Turnhalle\" data-image-description=\"\" data-image-caption=\"&lt;p&gt;Die Wiederer\u00f6ffnung fand Interesse bei den PaulinenauerInnen. Foto. Sarah Vierjahn&lt;\/p&gt;\n\" data-large-file=\"https:\/\/paulinenaue.info\/wp-content\/uploads\/2022\/02\/2022-01-29_Turnhalle.jpg\" \/><\/a>\n\t\t\t<\/dt>\n\t\t\t\t<dd class='wp-caption-text gallery-caption' id='gallery-1-18402'>\n\t\t\t\tDie Wiederer\u00f6ffnung fand Interesse bei den PaulinenauerInnen. Foto. Sarah Vierjahn\n\t\t\t\t<\/dd><\/dl><dl class='gallery-item'>\n\t\t\t<dt class='gallery-icon landscape'>\n\t\t\t\t<a data-rel=\"iLightbox[postimages]\" data-title=\"2022-01-29_Turnhalle_044\" data-caption=\"Die Umkleidekabinen erscheinen nun mit frischer Wandfarbe und neuem Bodenbelag. Foto: Eberhard Schwarz\" href='https:\/\/paulinenaue.info\/index.php\/anlaesslich-des-jubilaeums-des-baus-der-turnhalle-und-der-wiederfreigabe-fuer-den-sport-hatte-die-gemeinde-am-29-januar-eingeladen\/2022-01-29_turnhalle_044\/'><img decoding=\"async\" width=\"150\" height=\"150\" src=\"https:\/\/paulinenaue.info\/wp-content\/uploads\/2022\/02\/2022-01-29_Turnhalle_044-150x150.jpg\" class=\"attachment-thumbnail size-thumbnail lazyload\" alt=\"\" aria-describedby=\"gallery-1-18406\" srcset=\"data:image\/svg+xml,%3Csvg%20xmlns%3D%27http%3A%2F%2Fwww.w3.org%2F2000%2Fsvg%27%20width%3D%271000%27%20height%3D%27563%27%20viewBox%3D%270%200%201000%20563%27%3E%3Crect%20width%3D%271000%27%20height%3D%27563%27%20fill-opacity%3D%220%22%2F%3E%3C%2Fsvg%3E\" data-orig-src=\"https:\/\/paulinenaue.info\/wp-content\/uploads\/2022\/02\/2022-01-29_Turnhalle_044-150x150.jpg\" data-srcset=\"https:\/\/paulinenaue.info\/wp-content\/uploads\/2022\/02\/2022-01-29_Turnhalle_044-66x66.jpg 66w, https:\/\/paulinenaue.info\/wp-content\/uploads\/2022\/02\/2022-01-29_Turnhalle_044-150x150.jpg 150w\" data-sizes=\"auto\" data-attachment-id=\"18406\" data-permalink=\"https:\/\/paulinenaue.info\/index.php\/anlaesslich-des-jubilaeums-des-baus-der-turnhalle-und-der-wiederfreigabe-fuer-den-sport-hatte-die-gemeinde-am-29-januar-eingeladen\/2022-01-29_turnhalle_044\/\" data-orig-file=\"https:\/\/paulinenaue.info\/wp-content\/uploads\/2022\/02\/2022-01-29_Turnhalle_044.jpg\" data-orig-size=\"1000,563\" data-comments-opened=\"1\" data-image-meta=\"{&quot;aperture&quot;:&quot;2.4&quot;,&quot;credit&quot;:&quot;Eberhard Schwarz&quot;,&quot;camera&quot;:&quot;DSC-RX10M3&quot;,&quot;caption&quot;:&quot;&quot;,&quot;created_timestamp&quot;:&quot;1643456282&quot;,&quot;copyright&quot;:&quot;J.W.Westby&quot;,&quot;focal_length&quot;:&quot;8.8&quot;,&quot;iso&quot;:&quot;200&quot;,&quot;shutter_speed&quot;:&quot;0.033333333333333&quot;,&quot;title&quot;:&quot;&quot;,&quot;orientation&quot;:&quot;1&quot;}\" data-image-title=\"2022-01-29_Turnhalle_044\" data-image-description=\"\" data-image-caption=\"&lt;p&gt;Die Umkleidekabinen erscheinen nun mit frischer Wandfarbe und neuem Bodenbelag. Foto: Eberhard Schwarz&lt;\/p&gt;\n\" data-large-file=\"https:\/\/paulinenaue.info\/wp-content\/uploads\/2022\/02\/2022-01-29_Turnhalle_044.jpg\" \/><\/a>\n\t\t\t<\/dt>\n\t\t\t\t<dd class='wp-caption-text gallery-caption' id='gallery-1-18406'>\n\t\t\t\tDie Umkleidekabinen erscheinen nun mit frischer Wandfarbe und neuem Bodenbelag. Foto: Eberhard Schwarz\n\t\t\t\t<\/dd><\/dl><br style=\"clear: both\" \/>\n\t\t<\/div>\n\n<p>Einen nicht zu verachtenden, sehr wertvollen Teil der Arbeit leisteten au\u00dferdem Mitglieder des Paulinenauer Sportvereins PTSV&#8217;23, die f\u00fcr das frische Aussehen der R\u00e4ume sorgten und Reparaturarbeiten durchf\u00fchrten. Ihrem Engagement ist die so schnelle Freigabe f\u00fcr die Wiederaufnahme des Sports zu verdanken. Unter der Organisation von Gemeindevertreterin Sabine Pietschmann und Vereinsmitglied Dieter Czerniak wurde das ben\u00f6tigte Material besorgt und die Arbeiten der freiwilligen Mitglieder koordiniert. In zahlreichen Arbeitseins\u00e4tzen mit etwa 270 Arbeitsstunden wurden der Fu\u00dfboden ausgeglichen, neuer Fu\u00dfbodenbelag verlegt, W\u00e4nde und Heizk\u00f6rper gestrichen sowie T\u00fcren erneuert. Einen gro\u00dfen Dank daf\u00fcr sprachen auch der Vereinsvorsitzende Detlef Wacker sowie der Vorsitzende des Kreissportbundes Havelland J\u00f6rg Wartenberg aus, der gleichzeitig Lehrkraft an der Grundschule ist. Beide betonten die so wichtige Funktion von Vereinen und lobten neben dem Einsatz des Vereins auch die schnelle und nachdr\u00fcckliche Handlung der Gemeinde, die durch ihre Beschlussfassung und den Austausch mit dem Verein f\u00fcr die schnelle Teil-Sanierung sorgte. Als Dankesch\u00f6n gab es f\u00fcr alle Beteiligten kleine Pr\u00e4sente der Gemeinde. Abschlie\u00dfend erinnerte Gert Neubert mit einer Bilder-Pr\u00e4sentation an den Bau der Halle in den Jahren 1979-82, an dem er selbst beteiligt war. Auch viele Anwesende erinnerten sich noch an den Bau der Halle, f\u00fcr den auch damals viele freiwillige Arbeitseins\u00e4tze geleistet wurden.<\/p>\n\n\t\t<style type=\"text\/css\">\n\t\t\t#gallery-2 {\n\t\t\t\tmargin: auto;\n\t\t\t}\n\t\t\t#gallery-2 .gallery-item {\n\t\t\t\tfloat: left;\n\t\t\t\tmargin-top: 10px;\n\t\t\t\ttext-align: center;\n\t\t\t\twidth: 25%;\n\t\t\t}\n\t\t\t#gallery-2 img {\n\t\t\t\tborder: 2px solid #cfcfcf;\n\t\t\t}\n\t\t\t#gallery-2 .gallery-caption {\n\t\t\t\tmargin-left: 0;\n\t\t\t}\n\t\t\t\/* see gallery_shortcode() in wp-includes\/media.php *\/\n\t\t<\/style>\n\t\t<div data-carousel-extra='{&quot;blog_id&quot;:1,&quot;permalink&quot;:&quot;https:\/\/paulinenaue.info\/index.php\/anlaesslich-des-jubilaeums-des-baus-der-turnhalle-und-der-wiederfreigabe-fuer-den-sport-hatte-die-gemeinde-am-29-januar-eingeladen\/&quot;}' id='gallery-2' class='gallery galleryid-18357 gallery-columns-4 gallery-size-thumbnail'><dl class='gallery-item'>\n\t\t\t<dt class='gallery-icon landscape'>\n\t\t\t\t<a data-rel=\"iLightbox[postimages]\" data-title=\"2022-01-29_Turnhalle_032\" data-caption=\"Gert Neubert erz\u00e4hlt vom Bau der Halle. Foto: Eberhard Schwarz\" href='https:\/\/paulinenaue.info\/index.php\/anlaesslich-des-jubilaeums-des-baus-der-turnhalle-und-der-wiederfreigabe-fuer-den-sport-hatte-die-gemeinde-am-29-januar-eingeladen\/2022-01-29_turnhalle_032\/'><img decoding=\"async\" width=\"150\" height=\"150\" src=\"https:\/\/paulinenaue.info\/wp-content\/uploads\/2022\/02\/2022-01-29_Turnhalle_032-150x150.jpg\" class=\"attachment-thumbnail size-thumbnail lazyload\" alt=\"\" aria-describedby=\"gallery-2-18405\" srcset=\"data:image\/svg+xml,%3Csvg%20xmlns%3D%27http%3A%2F%2Fwww.w3.org%2F2000%2Fsvg%27%20width%3D%271000%27%20height%3D%27563%27%20viewBox%3D%270%200%201000%20563%27%3E%3Crect%20width%3D%271000%27%20height%3D%27563%27%20fill-opacity%3D%220%22%2F%3E%3C%2Fsvg%3E\" data-orig-src=\"https:\/\/paulinenaue.info\/wp-content\/uploads\/2022\/02\/2022-01-29_Turnhalle_032-150x150.jpg\" data-srcset=\"https:\/\/paulinenaue.info\/wp-content\/uploads\/2022\/02\/2022-01-29_Turnhalle_032-66x66.jpg 66w, https:\/\/paulinenaue.info\/wp-content\/uploads\/2022\/02\/2022-01-29_Turnhalle_032-150x150.jpg 150w\" data-sizes=\"auto\" data-attachment-id=\"18405\" data-permalink=\"https:\/\/paulinenaue.info\/index.php\/anlaesslich-des-jubilaeums-des-baus-der-turnhalle-und-der-wiederfreigabe-fuer-den-sport-hatte-die-gemeinde-am-29-januar-eingeladen\/2022-01-29_turnhalle_032\/\" data-orig-file=\"https:\/\/paulinenaue.info\/wp-content\/uploads\/2022\/02\/2022-01-29_Turnhalle_032.jpg\" data-orig-size=\"1000,563\" data-comments-opened=\"1\" data-image-meta=\"{&quot;aperture&quot;:&quot;3.5&quot;,&quot;credit&quot;:&quot;Eberhard Schwarz&quot;,&quot;camera&quot;:&quot;DSC-RX10M3&quot;,&quot;caption&quot;:&quot;&quot;,&quot;created_timestamp&quot;:&quot;1643452613&quot;,&quot;copyright&quot;:&quot;J.W.Westby&quot;,&quot;focal_length&quot;:&quot;28.07&quot;,&quot;iso&quot;:&quot;800&quot;,&quot;shutter_speed&quot;:&quot;0.076923076923077&quot;,&quot;title&quot;:&quot;&quot;,&quot;orientation&quot;:&quot;1&quot;}\" data-image-title=\"2022-01-29_Turnhalle_032\" data-image-description=\"\" data-image-caption=\"&lt;p&gt;Gert Neubert erz\u00e4hlt vom Bau der Halle. Foto: Eberhard Schwarz&lt;\/p&gt;\n\" data-large-file=\"https:\/\/paulinenaue.info\/wp-content\/uploads\/2022\/02\/2022-01-29_Turnhalle_032.jpg\" \/><\/a>\n\t\t\t<\/dt>\n\t\t\t\t<dd class='wp-caption-text gallery-caption' id='gallery-2-18405'>\n\t\t\t\tGert Neubert erz\u00e4hlt vom Bau der Halle. Foto: Eberhard Schwarz\n\t\t\t\t<\/dd><\/dl><dl class='gallery-item'>\n\t\t\t<dt class='gallery-icon landscape'>\n\t\t\t\t<a data-rel=\"iLightbox[postimages]\" data-title=\"Bau Turnhalle\" data-caption=\"Viele Freiwillige halfen damals beim Bau. Aus: Sammlung Joachim Schloz\" href='https:\/\/paulinenaue.info\/index.php\/anlaesslich-des-jubilaeums-des-baus-der-turnhalle-und-der-wiederfreigabe-fuer-den-sport-hatte-die-gemeinde-am-29-januar-eingeladen\/bau-turnhalle\/'><img decoding=\"async\" width=\"150\" height=\"150\" src=\"https:\/\/paulinenaue.info\/wp-content\/uploads\/2022\/02\/Bau-Turnhalle-150x150.jpg\" class=\"attachment-thumbnail size-thumbnail lazyload\" alt=\"\" aria-describedby=\"gallery-2-18498\" srcset=\"data:image\/svg+xml,%3Csvg%20xmlns%3D%27http%3A%2F%2Fwww.w3.org%2F2000%2Fsvg%27%20width%3D%271000%27%20height%3D%27658%27%20viewBox%3D%270%200%201000%20658%27%3E%3Crect%20width%3D%271000%27%20height%3D%27658%27%20fill-opacity%3D%220%22%2F%3E%3C%2Fsvg%3E\" data-orig-src=\"https:\/\/paulinenaue.info\/wp-content\/uploads\/2022\/02\/Bau-Turnhalle-150x150.jpg\" data-srcset=\"https:\/\/paulinenaue.info\/wp-content\/uploads\/2022\/02\/Bau-Turnhalle-66x66.jpg 66w, https:\/\/paulinenaue.info\/wp-content\/uploads\/2022\/02\/Bau-Turnhalle-150x150.jpg 150w\" data-sizes=\"auto\" data-attachment-id=\"18498\" data-permalink=\"https:\/\/paulinenaue.info\/index.php\/anlaesslich-des-jubilaeums-des-baus-der-turnhalle-und-der-wiederfreigabe-fuer-den-sport-hatte-die-gemeinde-am-29-januar-eingeladen\/bau-turnhalle\/\" data-orig-file=\"https:\/\/paulinenaue.info\/wp-content\/uploads\/2022\/02\/Bau-Turnhalle.jpg\" data-orig-size=\"1000,658\" data-comments-opened=\"1\" data-image-meta=\"{&quot;aperture&quot;:&quot;0&quot;,&quot;credit&quot;:&quot;&quot;,&quot;camera&quot;:&quot;&quot;,&quot;caption&quot;:&quot;&quot;,&quot;created_timestamp&quot;:&quot;0&quot;,&quot;copyright&quot;:&quot;&quot;,&quot;focal_length&quot;:&quot;0&quot;,&quot;iso&quot;:&quot;0&quot;,&quot;shutter_speed&quot;:&quot;0&quot;,&quot;title&quot;:&quot;&quot;,&quot;orientation&quot;:&quot;0&quot;}\" data-image-title=\"Bau Turnhalle\" data-image-description=\"\" data-image-caption=\"&lt;p&gt;Viele Freiwillige halfen damals beim Bau. Aus: Sammlung Joachim Schloz&lt;\/p&gt;\n\" data-large-file=\"https:\/\/paulinenaue.info\/wp-content\/uploads\/2022\/02\/Bau-Turnhalle.jpg\" \/><\/a>\n\t\t\t<\/dt>\n\t\t\t\t<dd class='wp-caption-text gallery-caption' id='gallery-2-18498'>\n\t\t\t\tViele Freiwillige halfen damals beim Bau. Aus: Sammlung Joachim Schloz\n\t\t\t\t<\/dd><\/dl><dl class='gallery-item'>\n\t\t\t<dt class='gallery-icon landscape'>\n\t\t\t\t<a data-rel=\"iLightbox[postimages]\" data-title=\"2022-01-29_Turnhalle_028\" data-caption=\"An die erbrachten Leistungen erinnert die Tafel im Eingangsbereich. Foto: Eberhard Schwarz\" href='https:\/\/paulinenaue.info\/index.php\/anlaesslich-des-jubilaeums-des-baus-der-turnhalle-und-der-wiederfreigabe-fuer-den-sport-hatte-die-gemeinde-am-29-januar-eingeladen\/2022-01-29_turnhalle_028\/'><img decoding=\"async\" width=\"150\" height=\"150\" src=\"https:\/\/paulinenaue.info\/wp-content\/uploads\/2022\/02\/2022-01-29_Turnhalle_028-150x150.jpg\" class=\"attachment-thumbnail size-thumbnail lazyload\" alt=\"\" aria-describedby=\"gallery-2-18404\" srcset=\"data:image\/svg+xml,%3Csvg%20xmlns%3D%27http%3A%2F%2Fwww.w3.org%2F2000%2Fsvg%27%20width%3D%271000%27%20height%3D%27563%27%20viewBox%3D%270%200%201000%20563%27%3E%3Crect%20width%3D%271000%27%20height%3D%27563%27%20fill-opacity%3D%220%22%2F%3E%3C%2Fsvg%3E\" data-orig-src=\"https:\/\/paulinenaue.info\/wp-content\/uploads\/2022\/02\/2022-01-29_Turnhalle_028-150x150.jpg\" data-srcset=\"https:\/\/paulinenaue.info\/wp-content\/uploads\/2022\/02\/2022-01-29_Turnhalle_028-66x66.jpg 66w, https:\/\/paulinenaue.info\/wp-content\/uploads\/2022\/02\/2022-01-29_Turnhalle_028-150x150.jpg 150w\" data-sizes=\"auto\" data-attachment-id=\"18404\" data-permalink=\"https:\/\/paulinenaue.info\/index.php\/anlaesslich-des-jubilaeums-des-baus-der-turnhalle-und-der-wiederfreigabe-fuer-den-sport-hatte-die-gemeinde-am-29-januar-eingeladen\/2022-01-29_turnhalle_028\/\" data-orig-file=\"https:\/\/paulinenaue.info\/wp-content\/uploads\/2022\/02\/2022-01-29_Turnhalle_028.jpg\" data-orig-size=\"1000,563\" data-comments-opened=\"1\" data-image-meta=\"{&quot;aperture&quot;:&quot;3.2&quot;,&quot;credit&quot;:&quot;Eberhard Schwarz&quot;,&quot;camera&quot;:&quot;DSC-RX10M3&quot;,&quot;caption&quot;:&quot;&quot;,&quot;created_timestamp&quot;:&quot;1643452450&quot;,&quot;copyright&quot;:&quot;J.W.Westby&quot;,&quot;focal_length&quot;:&quot;12.96&quot;,&quot;iso&quot;:&quot;320&quot;,&quot;shutter_speed&quot;:&quot;0.025&quot;,&quot;title&quot;:&quot;&quot;,&quot;orientation&quot;:&quot;1&quot;}\" data-image-title=\"2022-01-29_Turnhalle_028\" data-image-description=\"\" data-image-caption=\"&lt;p&gt;An die erbrachten Leistungen erinnert die Tafel im Eingangsbereich. Foto: Eberhard Schwarz&lt;\/p&gt;\n\" data-large-file=\"https:\/\/paulinenaue.info\/wp-content\/uploads\/2022\/02\/2022-01-29_Turnhalle_028.jpg\" \/><\/a>\n\t\t\t<\/dt>\n\t\t\t\t<dd class='wp-caption-text gallery-caption' id='gallery-2-18404'>\n\t\t\t\tAn die erbrachten Leistungen erinnert die Tafel im Eingangsbereich. Foto: Eberhard Schwarz\n\t\t\t\t<\/dd><\/dl><dl class='gallery-item'>\n\t\t\t<dt class='gallery-icon landscape'>\n\t\t\t\t<a data-rel=\"iLightbox[postimages]\" data-title=\"2022-01-29_Turnhalle_049\" data-caption=\"Ein Dank der Schulleiterin. Foto: Eberhard Schwarz\" href='https:\/\/paulinenaue.info\/index.php\/anlaesslich-des-jubilaeums-des-baus-der-turnhalle-und-der-wiederfreigabe-fuer-den-sport-hatte-die-gemeinde-am-29-januar-eingeladen\/2022-01-29_turnhalle_049\/'><img decoding=\"async\" width=\"150\" height=\"150\" src=\"https:\/\/paulinenaue.info\/wp-content\/uploads\/2022\/02\/2022-01-29_Turnhalle_049-150x150.jpg\" class=\"attachment-thumbnail size-thumbnail lazyload\" alt=\"\" aria-describedby=\"gallery-2-18409\" srcset=\"data:image\/svg+xml,%3Csvg%20xmlns%3D%27http%3A%2F%2Fwww.w3.org%2F2000%2Fsvg%27%20width%3D%271000%27%20height%3D%27563%27%20viewBox%3D%270%200%201000%20563%27%3E%3Crect%20width%3D%271000%27%20height%3D%27563%27%20fill-opacity%3D%220%22%2F%3E%3C%2Fsvg%3E\" data-orig-src=\"https:\/\/paulinenaue.info\/wp-content\/uploads\/2022\/02\/2022-01-29_Turnhalle_049-150x150.jpg\" data-srcset=\"https:\/\/paulinenaue.info\/wp-content\/uploads\/2022\/02\/2022-01-29_Turnhalle_049-66x66.jpg 66w, https:\/\/paulinenaue.info\/wp-content\/uploads\/2022\/02\/2022-01-29_Turnhalle_049-150x150.jpg 150w\" data-sizes=\"auto\" data-attachment-id=\"18409\" data-permalink=\"https:\/\/paulinenaue.info\/index.php\/anlaesslich-des-jubilaeums-des-baus-der-turnhalle-und-der-wiederfreigabe-fuer-den-sport-hatte-die-gemeinde-am-29-januar-eingeladen\/2022-01-29_turnhalle_049\/\" data-orig-file=\"https:\/\/paulinenaue.info\/wp-content\/uploads\/2022\/02\/2022-01-29_Turnhalle_049.jpg\" data-orig-size=\"1000,563\" data-comments-opened=\"1\" data-image-meta=\"{&quot;aperture&quot;:&quot;3.2&quot;,&quot;credit&quot;:&quot;Eberhard Schwarz&quot;,&quot;camera&quot;:&quot;DSC-RX10M3&quot;,&quot;caption&quot;:&quot;&quot;,&quot;created_timestamp&quot;:&quot;1643456264&quot;,&quot;copyright&quot;:&quot;J.W.Westby&quot;,&quot;focal_length&quot;:&quot;12.96&quot;,&quot;iso&quot;:&quot;800&quot;,&quot;shutter_speed&quot;:&quot;0.025&quot;,&quot;title&quot;:&quot;&quot;,&quot;orientation&quot;:&quot;1&quot;}\" data-image-title=\"2022-01-29_Turnhalle_049\" data-image-description=\"&lt;p&gt;Ein Dank der Schulleiterin. Foto: Eberhard Schwarz&lt;\/p&gt;\n\" data-image-caption=\"&lt;p&gt;Ein Dank der Schulleiterin. Foto: Eberhard Schwarz&lt;\/p&gt;\n\" data-large-file=\"https:\/\/paulinenaue.info\/wp-content\/uploads\/2022\/02\/2022-01-29_Turnhalle_049.jpg\" \/><\/a>\n\t\t\t<\/dt>\n\t\t\t\t<dd class='wp-caption-text gallery-caption' id='gallery-2-18409'>\n\t\t\t\tEin Dank der Schulleiterin. Foto: Eberhard Schwarz\n\t\t\t\t<\/dd><\/dl><br style=\"clear: both\" \/>\n\t\t<\/div>\n\n<p>Nicht nur den Sportlern, sondern vor allem auch den Schulkindern steht nun wieder die M\u00f6glichkeit offen, die Halle zu nutzen, bis eine weitere Sanierung ansteht. Denn diese wird auch trotz der nun durchgef\u00fchrten Arbeiten in absehbarer Zeit notwendig werden. Die Gemeinde pr\u00fcft nun mit dem Amt die M\u00f6glichkeit einer Sanierung der Halle oder gar eines Neubaus. Bis dahin werden jedoch noch viele Sportfreudige die Halle nutzen und die erfolgten Arbeiten sch\u00e4tzen.<\/p>\n","protected":false},"excerpt":{"rendered":"<p>Anl\u00e4sslich des 40. Jubil\u00e4ums ihrer Erbauung und der Wiederfreigabe f\u00fcr [&hellip;]<\/p>\n","protected":false},"author":3,"featured_media":18408,"comment_status":"open","ping_status":"open","sticky":false,"template":"","format":"standard","meta":{"_acf_changed":false,"_price":"","_stock":"","_tribe_ticket_header":"","_tribe_default_ticket_provider":"","_tribe_ticket_capacity":"0","_ticket_start_date":"","_ticket_end_date":"","_tribe_ticket_show_description":"","_tribe_ticket_show_not_going":false,"_tribe_ticket_use_global_stock":"","_tribe_ticket_global_stock_level":"","_global_stock_mode":"","_global_stock_cap":"","_tribe_rsvp_for_event":"","_tribe_ticket_going_count":"","_tribe_ticket_not_going_count":"","_tribe_tickets_list":"[]","_tribe_ticket_has_attendee_info_fields":false,"jetpack_post_was_ever_published":false,"_jetpack_newsletter_access":"","_jetpack_dont_email_post_to_subs":false,"_jetpack_newsletter_tier_id":0,"_jetpack_memberships_contains_paywalled_content":false,"_jetpack_memberships_contains_paid_content":false,"footnotes":"","jetpack_publicize_message":"","jetpack_publicize_feature_enabled":true,"jetpack_social_post_already_shared":true,"jetpack_social_options":{"image_generator_settings":{"template":"highway","default_image_id":0,"font":"","enabled":false},"version":2}},"categories":[1,40,439,7,9,30,10],"tags":[96,449,437,274,436],"class_list":["post-18357","post","type-post","status-publish","format-standard","has-post-thumbnail","hentry","category-allgemein","category-dorfentwicklung","category-gemeinde-paulinenaue","category-historie","category-neuigkeiten","category-ptsv","category-vereine","tag-gemeinde","tag-schule","tag-sporthalle","tag-sportverein","tag-turnhalle"],"acf":[],"yoast_head":"<!-- This site is optimized with the Yoast SEO plugin v27.5 - https:\/\/yoast.com\/product\/yoast-seo-wordpress\/ -->\n<title>40 Jahre Turnhalle Paulinenaue und Wiederfreigabe f\u00fcr den Sport - Paulinenaue<\/title>\n<meta name=\"description\" content=\"Zum 40. Jubil\u00e4um ihrer Erbauung und der Wiederfreigabe hatte die Gemeinde am 29. Januar in die Paulinenauer Turnhalle eingeladen.\" \/>\n<meta name=\"robots\" content=\"index, follow, max-snippet:-1, max-image-preview:large, max-video-preview:-1\" \/>\n<link rel=\"canonical\" href=\"https:\/\/paulinenaue.info\/index.php\/anlaesslich-des-jubilaeums-des-baus-der-turnhalle-und-der-wiederfreigabe-fuer-den-sport-hatte-die-gemeinde-am-29-januar-eingeladen\/\" \/>\n<meta property=\"og:locale\" content=\"de_DE\" \/>\n<meta property=\"og:type\" content=\"article\" \/>\n<meta property=\"og:title\" content=\"40 Jahre Turnhalle Paulinenaue und Wiederfreigabe f\u00fcr den Sport - Paulinenaue\" \/>\n<meta property=\"og:description\" content=\"Zum 40. Jubil\u00e4um ihrer Erbauung und der Wiederfreigabe hatte die Gemeinde am 29. Januar in die Paulinenauer Turnhalle eingeladen.\" \/>\n<meta property=\"og:url\" content=\"https:\/\/paulinenaue.info\/index.php\/anlaesslich-des-jubilaeums-des-baus-der-turnhalle-und-der-wiederfreigabe-fuer-den-sport-hatte-die-gemeinde-am-29-januar-eingeladen\/\" \/>\n<meta property=\"og:site_name\" content=\"Paulinenaue\" \/>\n<meta property=\"article:published_time\" content=\"2022-02-06T10:51:33+00:00\" \/>\n<meta property=\"article:modified_time\" content=\"2022-02-09T23:15:27+00:00\" \/>\n<meta property=\"og:image\" content=\"https:\/\/paulinenaue.info\/wp-content\/uploads\/2022\/02\/2022-01-29_Turnhalle_047.jpg\" \/>\n\t<meta property=\"og:image:width\" content=\"1000\" \/>\n\t<meta property=\"og:image:height\" content=\"563\" \/>\n\t<meta property=\"og:image:type\" content=\"image\/jpeg\" \/>\n<meta name=\"author\" content=\"Sarah\" \/>\n<meta name=\"twitter:card\" content=\"summary_large_image\" \/>\n<meta name=\"twitter:label1\" content=\"Verfasst von\" \/>\n\t<meta name=\"twitter:data1\" content=\"Sarah\" \/>\n\t<meta name=\"twitter:label2\" content=\"Gesch\u00e4tzte Lesezeit\" \/>\n\t<meta name=\"twitter:data2\" content=\"3\u00a0Minuten\" \/>\n<script type=\"application\/ld+json\" class=\"yoast-schema-graph\">{\"@context\":\"https:\\\/\\\/schema.org\",\"@graph\":[{\"@type\":\"Article\",\"@id\":\"https:\\\/\\\/paulinenaue.info\\\/index.php\\\/anlaesslich-des-jubilaeums-des-baus-der-turnhalle-und-der-wiederfreigabe-fuer-den-sport-hatte-die-gemeinde-am-29-januar-eingeladen\\\/#article\",\"isPartOf\":{\"@id\":\"https:\\\/\\\/paulinenaue.info\\\/index.php\\\/anlaesslich-des-jubilaeums-des-baus-der-turnhalle-und-der-wiederfreigabe-fuer-den-sport-hatte-die-gemeinde-am-29-januar-eingeladen\\\/\"},\"author\":{\"name\":\"Sarah\",\"@id\":\"https:\\\/\\\/paulinenaue.info\\\/#\\\/schema\\\/person\\\/e5be566a57b5b3f65d2c65a58c42325e\"},\"headline\":\"40 Jahre Turnhalle Paulinenaue und Wiederfreigabe f\u00fcr den Sport\",\"datePublished\":\"2022-02-06T10:51:33+00:00\",\"dateModified\":\"2022-02-09T23:15:27+00:00\",\"mainEntityOfPage\":{\"@id\":\"https:\\\/\\\/paulinenaue.info\\\/index.php\\\/anlaesslich-des-jubilaeums-des-baus-der-turnhalle-und-der-wiederfreigabe-fuer-den-sport-hatte-die-gemeinde-am-29-januar-eingeladen\\\/\"},\"wordCount\":429,\"commentCount\":0,\"image\":{\"@id\":\"https:\\\/\\\/paulinenaue.info\\\/index.php\\\/anlaesslich-des-jubilaeums-des-baus-der-turnhalle-und-der-wiederfreigabe-fuer-den-sport-hatte-die-gemeinde-am-29-januar-eingeladen\\\/#primaryimage\"},\"thumbnailUrl\":\"https:\\\/\\\/paulinenaue.info\\\/wp-content\\\/uploads\\\/2022\\\/02\\\/2022-01-29_Turnhalle_047.jpg\",\"keywords\":[\"Gemeinde\",\"Schule\",\"Sporthalle\",\"Sportverein\",\"Turnhalle\"],\"articleSection\":{\"1\":\"Dorfentwicklung\",\"2\":\"Gemeinde Paulinenaue\",\"3\":\"Historie\",\"4\":\"Neuigkeiten\",\"5\":\"PTSV\",\"6\":\"Vereine\"},\"inLanguage\":\"de\",\"potentialAction\":[{\"@type\":\"CommentAction\",\"name\":\"Comment\",\"target\":[\"https:\\\/\\\/paulinenaue.info\\\/index.php\\\/anlaesslich-des-jubilaeums-des-baus-der-turnhalle-und-der-wiederfreigabe-fuer-den-sport-hatte-die-gemeinde-am-29-januar-eingeladen\\\/#respond\"]}]},{\"@type\":\"WebPage\",\"@id\":\"https:\\\/\\\/paulinenaue.info\\\/index.php\\\/anlaesslich-des-jubilaeums-des-baus-der-turnhalle-und-der-wiederfreigabe-fuer-den-sport-hatte-die-gemeinde-am-29-januar-eingeladen\\\/\",\"url\":\"https:\\\/\\\/paulinenaue.info\\\/index.php\\\/anlaesslich-des-jubilaeums-des-baus-der-turnhalle-und-der-wiederfreigabe-fuer-den-sport-hatte-die-gemeinde-am-29-januar-eingeladen\\\/\",\"name\":\"40 Jahre Turnhalle Paulinenaue und Wiederfreigabe f\u00fcr den Sport - Paulinenaue\",\"isPartOf\":{\"@id\":\"https:\\\/\\\/paulinenaue.info\\\/#website\"},\"primaryImageOfPage\":{\"@id\":\"https:\\\/\\\/paulinenaue.info\\\/index.php\\\/anlaesslich-des-jubilaeums-des-baus-der-turnhalle-und-der-wiederfreigabe-fuer-den-sport-hatte-die-gemeinde-am-29-januar-eingeladen\\\/#primaryimage\"},\"image\":{\"@id\":\"https:\\\/\\\/paulinenaue.info\\\/index.php\\\/anlaesslich-des-jubilaeums-des-baus-der-turnhalle-und-der-wiederfreigabe-fuer-den-sport-hatte-die-gemeinde-am-29-januar-eingeladen\\\/#primaryimage\"},\"thumbnailUrl\":\"https:\\\/\\\/paulinenaue.info\\\/wp-content\\\/uploads\\\/2022\\\/02\\\/2022-01-29_Turnhalle_047.jpg\",\"datePublished\":\"2022-02-06T10:51:33+00:00\",\"dateModified\":\"2022-02-09T23:15:27+00:00\",\"author\":{\"@id\":\"https:\\\/\\\/paulinenaue.info\\\/#\\\/schema\\\/person\\\/e5be566a57b5b3f65d2c65a58c42325e\"},\"description\":\"Zum 40. Jubil\u00e4um ihrer Erbauung und der Wiederfreigabe hatte die Gemeinde am 29. Januar in die Paulinenauer Turnhalle eingeladen.\",\"breadcrumb\":{\"@id\":\"https:\\\/\\\/paulinenaue.info\\\/index.php\\\/anlaesslich-des-jubilaeums-des-baus-der-turnhalle-und-der-wiederfreigabe-fuer-den-sport-hatte-die-gemeinde-am-29-januar-eingeladen\\\/#breadcrumb\"},\"inLanguage\":\"de\",\"potentialAction\":[{\"@type\":\"ReadAction\",\"target\":[\"https:\\\/\\\/paulinenaue.info\\\/index.php\\\/anlaesslich-des-jubilaeums-des-baus-der-turnhalle-und-der-wiederfreigabe-fuer-den-sport-hatte-die-gemeinde-am-29-januar-eingeladen\\\/\"]}]},{\"@type\":\"ImageObject\",\"inLanguage\":\"de\",\"@id\":\"https:\\\/\\\/paulinenaue.info\\\/index.php\\\/anlaesslich-des-jubilaeums-des-baus-der-turnhalle-und-der-wiederfreigabe-fuer-den-sport-hatte-die-gemeinde-am-29-januar-eingeladen\\\/#primaryimage\",\"url\":\"https:\\\/\\\/paulinenaue.info\\\/wp-content\\\/uploads\\\/2022\\\/02\\\/2022-01-29_Turnhalle_047.jpg\",\"contentUrl\":\"https:\\\/\\\/paulinenaue.info\\\/wp-content\\\/uploads\\\/2022\\\/02\\\/2022-01-29_Turnhalle_047.jpg\",\"width\":1000,\"height\":563,\"caption\":\"An den W\u00e4nden der Halle wurde ein Prallschutz angebracht. Foto: Eberhard Schwarz\"},{\"@type\":\"BreadcrumbList\",\"@id\":\"https:\\\/\\\/paulinenaue.info\\\/index.php\\\/anlaesslich-des-jubilaeums-des-baus-der-turnhalle-und-der-wiederfreigabe-fuer-den-sport-hatte-die-gemeinde-am-29-januar-eingeladen\\\/#breadcrumb\",\"itemListElement\":[{\"@type\":\"ListItem\",\"position\":1,\"name\":\"Home\",\"item\":\"https:\\\/\\\/paulinenaue.info\\\/\"},{\"@type\":\"ListItem\",\"position\":2,\"name\":\"40 Jahre Turnhalle Paulinenaue und Wiederfreigabe f\u00fcr den Sport\"}]},{\"@type\":\"WebSite\",\"@id\":\"https:\\\/\\\/paulinenaue.info\\\/#website\",\"url\":\"https:\\\/\\\/paulinenaue.info\\\/\",\"name\":\"Paulinenaue\",\"description\":\"Ein Dorf im Havelland\",\"potentialAction\":[{\"@type\":\"SearchAction\",\"target\":{\"@type\":\"EntryPoint\",\"urlTemplate\":\"https:\\\/\\\/paulinenaue.info\\\/?s={search_term_string}\"},\"query-input\":{\"@type\":\"PropertyValueSpecification\",\"valueRequired\":true,\"valueName\":\"search_term_string\"}}],\"inLanguage\":\"de\"},{\"@type\":\"Person\",\"@id\":\"https:\\\/\\\/paulinenaue.info\\\/#\\\/schema\\\/person\\\/e5be566a57b5b3f65d2c65a58c42325e\",\"name\":\"Sarah\",\"url\":\"https:\\\/\\\/paulinenaue.info\\\/index.php\\\/author\\\/sarah\\\/\"}]}<\/script>\n<!-- \/ Yoast SEO plugin. -->","yoast_head_json":{"title":"40 Jahre Turnhalle Paulinenaue und Wiederfreigabe f\u00fcr den Sport - Paulinenaue","description":"Zum 40. Jubil\u00e4um ihrer Erbauung und der Wiederfreigabe hatte die Gemeinde am 29. Januar in die Paulinenauer Turnhalle eingeladen.","robots":{"index":"index","follow":"follow","max-snippet":"max-snippet:-1","max-image-preview":"max-image-preview:large","max-video-preview":"max-video-preview:-1"},"canonical":"https:\/\/paulinenaue.info\/index.php\/anlaesslich-des-jubilaeums-des-baus-der-turnhalle-und-der-wiederfreigabe-fuer-den-sport-hatte-die-gemeinde-am-29-januar-eingeladen\/","og_locale":"de_DE","og_type":"article","og_title":"40 Jahre Turnhalle Paulinenaue und Wiederfreigabe f\u00fcr den Sport - Paulinenaue","og_description":"Zum 40. Jubil\u00e4um ihrer Erbauung und der Wiederfreigabe hatte die Gemeinde am 29. Januar in die Paulinenauer Turnhalle eingeladen.","og_url":"https:\/\/paulinenaue.info\/index.php\/anlaesslich-des-jubilaeums-des-baus-der-turnhalle-und-der-wiederfreigabe-fuer-den-sport-hatte-die-gemeinde-am-29-januar-eingeladen\/","og_site_name":"Paulinenaue","article_published_time":"2022-02-06T10:51:33+00:00","article_modified_time":"2022-02-09T23:15:27+00:00","og_image":[{"width":1000,"height":563,"url":"https:\/\/paulinenaue.info\/wp-content\/uploads\/2022\/02\/2022-01-29_Turnhalle_047.jpg","type":"image\/jpeg"}],"author":"Sarah","twitter_card":"summary_large_image","twitter_misc":{"Verfasst von":"Sarah","Gesch\u00e4tzte Lesezeit":"3\u00a0Minuten"},"schema":{"@context":"https:\/\/schema.org","@graph":[{"@type":"Article","@id":"https:\/\/paulinenaue.info\/index.php\/anlaesslich-des-jubilaeums-des-baus-der-turnhalle-und-der-wiederfreigabe-fuer-den-sport-hatte-die-gemeinde-am-29-januar-eingeladen\/#article","isPartOf":{"@id":"https:\/\/paulinenaue.info\/index.php\/anlaesslich-des-jubilaeums-des-baus-der-turnhalle-und-der-wiederfreigabe-fuer-den-sport-hatte-die-gemeinde-am-29-januar-eingeladen\/"},"author":{"name":"Sarah","@id":"https:\/\/paulinenaue.info\/#\/schema\/person\/e5be566a57b5b3f65d2c65a58c42325e"},"headline":"40 Jahre Turnhalle Paulinenaue und Wiederfreigabe f\u00fcr den Sport","datePublished":"2022-02-06T10:51:33+00:00","dateModified":"2022-02-09T23:15:27+00:00","mainEntityOfPage":{"@id":"https:\/\/paulinenaue.info\/index.php\/anlaesslich-des-jubilaeums-des-baus-der-turnhalle-und-der-wiederfreigabe-fuer-den-sport-hatte-die-gemeinde-am-29-januar-eingeladen\/"},"wordCount":429,"commentCount":0,"image":{"@id":"https:\/\/paulinenaue.info\/index.php\/anlaesslich-des-jubilaeums-des-baus-der-turnhalle-und-der-wiederfreigabe-fuer-den-sport-hatte-die-gemeinde-am-29-januar-eingeladen\/#primaryimage"},"thumbnailUrl":"https:\/\/paulinenaue.info\/wp-content\/uploads\/2022\/02\/2022-01-29_Turnhalle_047.jpg","keywords":["Gemeinde","Schule","Sporthalle","Sportverein","Turnhalle"],"articleSection":{"1":"Dorfentwicklung","2":"Gemeinde Paulinenaue","3":"Historie","4":"Neuigkeiten","5":"PTSV","6":"Vereine"},"inLanguage":"de","potentialAction":[{"@type":"CommentAction","name":"Comment","target":["https:\/\/paulinenaue.info\/index.php\/anlaesslich-des-jubilaeums-des-baus-der-turnhalle-und-der-wiederfreigabe-fuer-den-sport-hatte-die-gemeinde-am-29-januar-eingeladen\/#respond"]}]},{"@type":"WebPage","@id":"https:\/\/paulinenaue.info\/index.php\/anlaesslich-des-jubilaeums-des-baus-der-turnhalle-und-der-wiederfreigabe-fuer-den-sport-hatte-die-gemeinde-am-29-januar-eingeladen\/","url":"https:\/\/paulinenaue.info\/index.php\/anlaesslich-des-jubilaeums-des-baus-der-turnhalle-und-der-wiederfreigabe-fuer-den-sport-hatte-die-gemeinde-am-29-januar-eingeladen\/","name":"40 Jahre Turnhalle Paulinenaue und Wiederfreigabe f\u00fcr den Sport - Paulinenaue","isPartOf":{"@id":"https:\/\/paulinenaue.info\/#website"},"primaryImageOfPage":{"@id":"https:\/\/paulinenaue.info\/index.php\/anlaesslich-des-jubilaeums-des-baus-der-turnhalle-und-der-wiederfreigabe-fuer-den-sport-hatte-die-gemeinde-am-29-januar-eingeladen\/#primaryimage"},"image":{"@id":"https:\/\/paulinenaue.info\/index.php\/anlaesslich-des-jubilaeums-des-baus-der-turnhalle-und-der-wiederfreigabe-fuer-den-sport-hatte-die-gemeinde-am-29-januar-eingeladen\/#primaryimage"},"thumbnailUrl":"https:\/\/paulinenaue.info\/wp-content\/uploads\/2022\/02\/2022-01-29_Turnhalle_047.jpg","datePublished":"2022-02-06T10:51:33+00:00","dateModified":"2022-02-09T23:15:27+00:00","author":{"@id":"https:\/\/paulinenaue.info\/#\/schema\/person\/e5be566a57b5b3f65d2c65a58c42325e"},"description":"Zum 40. Jubil\u00e4um ihrer Erbauung und der Wiederfreigabe hatte die Gemeinde am 29. Januar in die Paulinenauer Turnhalle eingeladen.","breadcrumb":{"@id":"https:\/\/paulinenaue.info\/index.php\/anlaesslich-des-jubilaeums-des-baus-der-turnhalle-und-der-wiederfreigabe-fuer-den-sport-hatte-die-gemeinde-am-29-januar-eingeladen\/#breadcrumb"},"inLanguage":"de","potentialAction":[{"@type":"ReadAction","target":["https:\/\/paulinenaue.info\/index.php\/anlaesslich-des-jubilaeums-des-baus-der-turnhalle-und-der-wiederfreigabe-fuer-den-sport-hatte-die-gemeinde-am-29-januar-eingeladen\/"]}]},{"@type":"ImageObject","inLanguage":"de","@id":"https:\/\/paulinenaue.info\/index.php\/anlaesslich-des-jubilaeums-des-baus-der-turnhalle-und-der-wiederfreigabe-fuer-den-sport-hatte-die-gemeinde-am-29-januar-eingeladen\/#primaryimage","url":"https:\/\/paulinenaue.info\/wp-content\/uploads\/2022\/02\/2022-01-29_Turnhalle_047.jpg","contentUrl":"https:\/\/paulinenaue.info\/wp-content\/uploads\/2022\/02\/2022-01-29_Turnhalle_047.jpg","width":1000,"height":563,"caption":"An den W\u00e4nden der Halle wurde ein Prallschutz angebracht. Foto: Eberhard Schwarz"},{"@type":"BreadcrumbList","@id":"https:\/\/paulinenaue.info\/index.php\/anlaesslich-des-jubilaeums-des-baus-der-turnhalle-und-der-wiederfreigabe-fuer-den-sport-hatte-die-gemeinde-am-29-januar-eingeladen\/#breadcrumb","itemListElement":[{"@type":"ListItem","position":1,"name":"Home","item":"https:\/\/paulinenaue.info\/"},{"@type":"ListItem","position":2,"name":"40 Jahre Turnhalle Paulinenaue und Wiederfreigabe f\u00fcr den Sport"}]},{"@type":"WebSite","@id":"https:\/\/paulinenaue.info\/#website","url":"https:\/\/paulinenaue.info\/","name":"Paulinenaue","description":"Ein Dorf im Havelland","potentialAction":[{"@type":"SearchAction","target":{"@type":"EntryPoint","urlTemplate":"https:\/\/paulinenaue.info\/?s={search_term_string}"},"query-input":{"@type":"PropertyValueSpecification","valueRequired":true,"valueName":"search_term_string"}}],"inLanguage":"de"},{"@type":"Person","@id":"https:\/\/paulinenaue.info\/#\/schema\/person\/e5be566a57b5b3f65d2c65a58c42325e","name":"Sarah","url":"https:\/\/paulinenaue.info\/index.php\/author\/sarah\/"}]}},"jetpack_publicize_connections":[],"jetpack_featured_media_url":"https:\/\/paulinenaue.info\/wp-content\/uploads\/2022\/02\/2022-01-29_Turnhalle_047.jpg","jetpack_sharing_enabled":true,"jetpack_shortlink":"https:\/\/wp.me\/pcYhWA-4M5","jetpack-related-posts":[{"id":6755,"url":"https:\/\/paulinenaue.info\/index.php\/40-jahre-turnhalle-paulinenaue\/","url_meta":{"origin":18357,"position":0},"title":"40 Jahre Turnhalle Paulinenaue","author":"Sarah","date":"19. Januar 2022","format":false,"excerpt":"40 Jahre Turnhalle Paulinenaue Am 23.01.1982 wurde die Turnhalle nach 6500 freiwillig erbrachten Arbeitsstunden eingeweiht und seitdem ununterbrochen f\u00fcr den Schul- und Vereinssport genutzt. Nach der Sperrung Ende letzten Jahres infolge von festgestellten M\u00e4ngeln, haben sich Vereinsmitglieder aktiv f\u00fcr eine schnelle Wiederaufnahme des Sports eingesetzt und in \u00fcber 270 geleisteten\u2026","rel":"","context":"In &quot;Allgemein&quot;","block_context":{"text":"Allgemein","link":"https:\/\/paulinenaue.info\/index.php\/category\/allgemein\/"},"img":{"alt_text":"","src":"https:\/\/i0.wp.com\/paulinenaue.info\/wp-content\/uploads\/2022\/01\/Bau-der-Turnhalle.jpg?resize=350%2C200&ssl=1","width":350,"height":200,"srcset":"https:\/\/i0.wp.com\/paulinenaue.info\/wp-content\/uploads\/2022\/01\/Bau-der-Turnhalle.jpg?resize=350%2C200&ssl=1 1x, https:\/\/i0.wp.com\/paulinenaue.info\/wp-content\/uploads\/2022\/01\/Bau-der-Turnhalle.jpg?resize=525%2C300&ssl=1 1.5x, https:\/\/i0.wp.com\/paulinenaue.info\/wp-content\/uploads\/2022\/01\/Bau-der-Turnhalle.jpg?resize=700%2C400&ssl=1 2x, https:\/\/i0.wp.com\/paulinenaue.info\/wp-content\/uploads\/2022\/01\/Bau-der-Turnhalle.jpg?resize=1050%2C600&ssl=1 3x, https:\/\/i0.wp.com\/paulinenaue.info\/wp-content\/uploads\/2022\/01\/Bau-der-Turnhalle.jpg?resize=1400%2C800&ssl=1 4x"},"classes":[]},{"id":419241,"url":"https:\/\/paulinenaue.info\/index.php\/zweites-tischtennis-freizeitturnier\/","url_meta":{"origin":18357,"position":1},"title":"Zweites Tischtennis-Freizeitturnier","author":"Joachim Scholz","date":"3. April 2026","format":false,"excerpt":"Bild und Text: Eberhard Schwarz Im Veranstaltungskalender von Paulinenaue standen am 28. M\u00e4rz zwei Veranstaltungen: Fr\u00fchjahrsputz und\u00a0 TT-Freizeitturnier 2026. Die Planungen der Veranstalter konnten diese Dopplung nicht verhindern. Trotzdem wurden beide Veranstaltungen erfolgreich und mit guter Beteiligung durchgef\u00fchrt. Zu dem TT-Freizeitturnier meldeten sich Starter der Sektion TT des PTSV und\u2026","rel":"","context":"In &quot;Neuigkeiten&quot;","block_context":{"text":"Neuigkeiten","link":"https:\/\/paulinenaue.info\/index.php\/category\/neuigkeiten\/"},"img":{"alt_text":"","src":"https:\/\/i0.wp.com\/paulinenaue.info\/wp-content\/uploads\/2026\/04\/2026-03-28_TT-Paue-034.jpeg?resize=350%2C200&ssl=1","width":350,"height":200,"srcset":"https:\/\/i0.wp.com\/paulinenaue.info\/wp-content\/uploads\/2026\/04\/2026-03-28_TT-Paue-034.jpeg?resize=350%2C200&ssl=1 1x, https:\/\/i0.wp.com\/paulinenaue.info\/wp-content\/uploads\/2026\/04\/2026-03-28_TT-Paue-034.jpeg?resize=525%2C300&ssl=1 1.5x, https:\/\/i0.wp.com\/paulinenaue.info\/wp-content\/uploads\/2026\/04\/2026-03-28_TT-Paue-034.jpeg?resize=700%2C400&ssl=1 2x"},"classes":[]},{"id":415382,"url":"https:\/\/paulinenaue.info\/index.php\/sport-frei-100-jahre-paulinenauer-turn-und-sportverein\/","url_meta":{"origin":18357,"position":2},"title":"Sport frei! \u2013 100 Jahre Paulinenauer Turn- und Sportverein","author":"Joachim Scholz","date":"25. November 2023","format":false,"excerpt":"Im Roman ,Drei Kameraden\u2018 l\u00e4sst der Schriftsteller Erich Maria Remarque seinen Protagonisten \u00fcber das Jahresende 1923 sagen: \u201eDas war in der Inflation. Zweihundert Billionen Mark hatte ich monatlich verdient. Zweimal am Tag gab es Geld und jedesmal eine halbe Stunde Urlaub, damit man in die L\u00e4den rasen und etwas kaufen\u2026","rel":"","context":"In &quot;Allgemein&quot;","block_context":{"text":"Allgemein","link":"https:\/\/paulinenaue.info\/index.php\/category\/allgemein\/"},"img":{"alt_text":"","src":"https:\/\/i0.wp.com\/paulinenaue.info\/wp-content\/uploads\/2023\/11\/1952_mannschaft_01.jpg?resize=350%2C200&ssl=1","width":350,"height":200,"srcset":"https:\/\/i0.wp.com\/paulinenaue.info\/wp-content\/uploads\/2023\/11\/1952_mannschaft_01.jpg?resize=350%2C200&ssl=1 1x, https:\/\/i0.wp.com\/paulinenaue.info\/wp-content\/uploads\/2023\/11\/1952_mannschaft_01.jpg?resize=525%2C300&ssl=1 1.5x, https:\/\/i0.wp.com\/paulinenaue.info\/wp-content\/uploads\/2023\/11\/1952_mannschaft_01.jpg?resize=700%2C400&ssl=1 2x, https:\/\/i0.wp.com\/paulinenaue.info\/wp-content\/uploads\/2023\/11\/1952_mannschaft_01.jpg?resize=1050%2C600&ssl=1 3x, https:\/\/i0.wp.com\/paulinenaue.info\/wp-content\/uploads\/2023\/11\/1952_mannschaft_01.jpg?resize=1400%2C800&ssl=1 4x"},"classes":[]},{"id":416001,"url":"https:\/\/paulinenaue.info\/index.php\/fernsehtipp-eine-besondere-freundschaft\/","url_meta":{"origin":18357,"position":3},"title":"Fernsehtipp &#8211; Eine besondere Freundschaft","author":"Joachim Scholz","date":"10. Februar 2024","format":false,"excerpt":"Im Format \u201eDER TAG in Berlin & Brandenburg\u201c h\u00e4lt der RBB f\u00fcr seine Zuschauerinnen und Zuschauer Besonderheiten des Alltags fest. Am 8. Februar wird die Geschichte einer Paulinenauer Freundschaft erz\u00e4hlt, der von Fabian Kr\u00fcger und Philipp Kaffke. Die beiden Sportsfreunde wohnen zwar nicht mehr in Paulinenaue, halten aber ihrem Verein\u2026","rel":"","context":"In &quot;Hier Zuhause&quot;","block_context":{"text":"Hier Zuhause","link":"https:\/\/paulinenaue.info\/index.php\/category\/hier-zuhause\/"},"img":{"alt_text":"","src":"https:\/\/i0.wp.com\/paulinenaue.info\/wp-content\/uploads\/2024\/02\/2024-02-08-RBB.jpg?resize=350%2C200&ssl=1","width":350,"height":200,"srcset":"https:\/\/i0.wp.com\/paulinenaue.info\/wp-content\/uploads\/2024\/02\/2024-02-08-RBB.jpg?resize=350%2C200&ssl=1 1x, https:\/\/i0.wp.com\/paulinenaue.info\/wp-content\/uploads\/2024\/02\/2024-02-08-RBB.jpg?resize=525%2C300&ssl=1 1.5x, https:\/\/i0.wp.com\/paulinenaue.info\/wp-content\/uploads\/2024\/02\/2024-02-08-RBB.jpg?resize=700%2C400&ssl=1 2x"},"classes":[]},{"id":122,"url":"https:\/\/paulinenaue.info\/index.php\/fruehlingskonzert-der-karibu-grundschule\/","url_meta":{"origin":18357,"position":4},"title":"Fr\u00fchlingskonzert der Karibu-Grundschule","author":"Joachim Scholz","date":"22. M\u00e4rz 2016","format":false,"excerpt":"Joachim Scholz 15.03.2013. \u201eEs t\u00f6nen die Lieder, der Fr\u00fchling kehrt wieder\u201c, sangen die Schulkinder in der Paulinenauer Turnhalle, w\u00e4hrend drau\u00dfen noch eine geschlossene Schneedecke das Schulgel\u00e4nde bedeckte. Das war schon etwas merkw\u00fcrdig, doch dass der M\u00e4rz vergehen sollte, bevor tats\u00e4chlich der Fr\u00fchling in Paulinenaue einkehren w\u00fcrde, glaubte da wahrscheinlich noch\u2026","rel":"","context":"In &quot;Grundschule&quot;","block_context":{"text":"Grundschule","link":"https:\/\/paulinenaue.info\/index.php\/category\/grundschule\/"},"img":{"alt_text":"","src":"https:\/\/i0.wp.com\/paulinenaue.info\/wp-content\/uploads\/2016\/03\/20130315_fruehlingskonzert_02_ft.jpg?resize=350%2C200&ssl=1","width":350,"height":200},"classes":[]},{"id":415440,"url":"https:\/\/paulinenaue.info\/index.php\/einhundert-jahre-ptsv-1923-eine-chronik\/","url_meta":{"origin":18357,"position":5},"title":"Einhundert Jahre PTSV 1923 \u2013 eine Chronik","author":"Joachim Scholz","date":"9. Dezember 2023","format":false,"excerpt":"","rel":"","context":"In &quot;Dorfentwicklung&quot;","block_context":{"text":"Dorfentwicklung","link":"https:\/\/paulinenaue.info\/index.php\/category\/dorfentwicklung\/"},"img":{"alt_text":"","src":"https:\/\/i0.wp.com\/paulinenaue.info\/wp-content\/uploads\/2023\/12\/1958-05-1958-PTSV-am-Himmelfahrtstag-vor-der-Abfahrt-irgendwohin.jpg?resize=350%2C200&ssl=1","width":350,"height":200,"srcset":"https:\/\/i0.wp.com\/paulinenaue.info\/wp-content\/uploads\/2023\/12\/1958-05-1958-PTSV-am-Himmelfahrtstag-vor-der-Abfahrt-irgendwohin.jpg?resize=350%2C200&ssl=1 1x, https:\/\/i0.wp.com\/paulinenaue.info\/wp-content\/uploads\/2023\/12\/1958-05-1958-PTSV-am-Himmelfahrtstag-vor-der-Abfahrt-irgendwohin.jpg?resize=525%2C300&ssl=1 1.5x, https:\/\/i0.wp.com\/paulinenaue.info\/wp-content\/uploads\/2023\/12\/1958-05-1958-PTSV-am-Himmelfahrtstag-vor-der-Abfahrt-irgendwohin.jpg?resize=700%2C400&ssl=1 2x"},"classes":[]}],"_links":{"self":[{"href":"https:\/\/paulinenaue.info\/index.php\/wp-json\/wp\/v2\/posts\/18357","targetHints":{"allow":["GET"]}}],"collection":[{"href":"https:\/\/paulinenaue.info\/index.php\/wp-json\/wp\/v2\/posts"}],"about":[{"href":"https:\/\/paulinenaue.info\/index.php\/wp-json\/wp\/v2\/types\/post"}],"author":[{"embeddable":true,"href":"https:\/\/paulinenaue.info\/index.php\/wp-json\/wp\/v2\/users\/3"}],"replies":[{"embeddable":true,"href":"https:\/\/paulinenaue.info\/index.php\/wp-json\/wp\/v2\/comments?post=18357"}],"version-history":[{"count":9,"href":"https:\/\/paulinenaue.info\/index.php\/wp-json\/wp\/v2\/posts\/18357\/revisions"}],"predecessor-version":[{"id":22994,"href":"https:\/\/paulinenaue.info\/index.php\/wp-json\/wp\/v2\/posts\/18357\/revisions\/22994"}],"wp:featuredmedia":[{"embeddable":true,"href":"https:\/\/paulinenaue.info\/index.php\/wp-json\/wp\/v2\/media\/18408"}],"wp:attachment":[{"href":"https:\/\/paulinenaue.info\/index.php\/wp-json\/wp\/v2\/media?parent=18357"}],"wp:term":[{"taxonomy":"category","embeddable":true,"href":"https:\/\/paulinenaue.info\/index.php\/wp-json\/wp\/v2\/categories?post=18357"},{"taxonomy":"post_tag","embeddable":true,"href":"https:\/\/paulinenaue.info\/index.php\/wp-json\/wp\/v2\/tags?post=18357"}],"curies":[{"name":"wp","href":"https:\/\/api.w.org\/{rel}","templated":true}]}}