{"id":1843,"date":"2019-02-26T10:20:25","date_gmt":"2019-02-26T09:20:25","guid":{"rendered":"http:\/\/paulinenaue.info\/?p=1843"},"modified":"2019-02-26T15:04:05","modified_gmt":"2019-02-26T14:04:05","slug":"kita-sucht-erzieher-in","status":"publish","type":"post","link":"https:\/\/paulinenaue.info\/index.php\/kita-sucht-erzieher-in\/","title":{"rendered":"Kita sucht Erzieher\/in"},"content":{"rendered":"<h3><span style=\"color: #ff0000;\">Aktuell<\/span><span style=\"color: #ff0000;\"> (26.02.2019)<\/span><span style=\"color: #ff0000;\">: Stellenausschreibung<\/span><\/h3>\n<p><strong>Erzieher\/in gesucht (m\/w\/d)<\/strong><\/p>\n<p>Die Kita \u201ePaulinchen\u201c e.V. in Paulinenaue sucht zum n\u00e4chstm\u00f6glichen Zeitpunkt eine\/n Erzieher\/in (Teilzeit\/Vollzeit). Unser Verein betreibt in Paulinenaue eine Kita mit 60 Pl\u00e4tzen f\u00fcr Kinder von 0 Jahren bis zur Einschulung. Im Herbst 2019 werden wir uns vergr\u00f6\u00dfern.<\/p>\n<p>Wir w\u00fcnschen uns von Ihnen:<\/p>\n<ul>\n<li>Ausbildung als Erzieher\/in, staatlich anerkannt<\/li>\n<li class=\"p1\">Herzblut f\u00fcr Ihren Beruf<\/li>\n<li>Interesse an Montessori-P\u00e4dagogik<\/li>\n<li>Hohes Ma\u00df an Teamf\u00e4higkeit<\/li>\n<li>Offene, engangierte Haltung<\/li>\n<\/ul>\n<p>Wir freuen uns auf Ihre vollst\u00e4ndigen Bewerbungsunterlagen:<\/p>\n<p>Kita \u201ePaulinchen\u201c e.V., Bahnhofstr. 9, 14641 Paulinenaue, Tel.:\u00a0<a href=\"tel:033237%2F88204\">033237\/88204<\/a><\/p>\n<p><a href=\"http:\/\/paulinenaue.info\/wp-content\/uploads\/2018\/10\/Erzieherin_Paulinenaue_20180926.pdf\">[PDF der Ausschreibung]<\/a><\/p>\n","protected":false},"excerpt":{"rendered":"<p>Aktuell (26.02.2019): Stellenausschreibung Erzieher\/in gesucht (m\/w\/d) Die Kita \u201ePaulinchen\u201c e.V. [&hellip;]<\/p>\n","protected":false},"author":1,"featured_media":0,"comment_status":"open","ping_status":"open","sticky":false,"template":"","format":"standard","meta":{"_acf_changed":false,"_price":"","_stock":"","_tribe_ticket_header":"","_tribe_default_ticket_provider":"","_tribe_ticket_capacity":"0","_ticket_start_date":"","_ticket_end_date":"","_tribe_ticket_show_description":"","_tribe_ticket_show_not_going":false,"_tribe_ticket_use_global_stock":"","_tribe_ticket_global_stock_level":"","_global_stock_mode":"","_global_stock_cap":"","_tribe_rsvp_for_event":"","_tribe_ticket_going_count":"","_tribe_ticket_not_going_count":"","_tribe_tickets_list":"[]","_tribe_ticket_has_attendee_info_fields":false,"jetpack_post_was_ever_published":false,"_jetpack_newsletter_access":"","_jetpack_dont_email_post_to_subs":false,"_jetpack_newsletter_tier_id":0,"_jetpack_memberships_contains_paywalled_content":false,"_jetpack_memberships_contains_paid_content":false,"footnotes":"","jetpack_publicize_message":"","jetpack_publicize_feature_enabled":true,"jetpack_social_post_already_shared":true,"jetpack_social_options":{"image_generator_settings":{"template":"highway","default_image_id":0,"font":"","enabled":false},"version":2}},"categories":[6,14,9,10,25],"tags":[235,234,11,91,233],"class_list":["post-1843","post","type-post","status-publish","format-standard","hentry","category-hier-zuhause","category-kita","category-neuigkeiten","category-vereine","category-wirtschaft","tag-erzieher","tag-erzieherin","tag-kita","tag-paulinenaue","tag-stellenanzeigen"],"acf":[],"yoast_head":"<!-- This site is optimized with the Yoast SEO plugin v27.5 - https:\/\/yoast.com\/product\/yoast-seo-wordpress\/ -->\n<title>Kita sucht Erzieher\/in - Paulinenaue<\/title>\n<meta name=\"robots\" content=\"index, follow, max-snippet:-1, max-image-preview:large, max-video-preview:-1\" \/>\n<link rel=\"canonical\" href=\"https:\/\/paulinenaue.info\/index.php\/kita-sucht-erzieher-in\/\" \/>\n<meta property=\"og:locale\" content=\"de_DE\" \/>\n<meta property=\"og:type\" content=\"article\" \/>\n<meta property=\"og:title\" content=\"Kita sucht Erzieher\/in - Paulinenaue\" \/>\n<meta property=\"og:description\" content=\"Aktuell (26.02.2019): Stellenausschreibung Erzieher\/in gesucht (m\/w\/d) Die Kita \u201ePaulinchen\u201c e.V. [&hellip;]\" \/>\n<meta property=\"og:url\" content=\"https:\/\/paulinenaue.info\/index.php\/kita-sucht-erzieher-in\/\" \/>\n<meta property=\"og:site_name\" content=\"Paulinenaue\" \/>\n<meta property=\"article:published_time\" content=\"2019-02-26T09:20:25+00:00\" \/>\n<meta property=\"article:modified_time\" content=\"2019-02-26T14:04:05+00:00\" \/>\n<meta name=\"author\" content=\"Joachim Scholz\" \/>\n<meta name=\"twitter:card\" content=\"summary_large_image\" \/>\n<meta name=\"twitter:label1\" content=\"Verfasst von\" \/>\n\t<meta name=\"twitter:data1\" content=\"Joachim Scholz\" \/>\n<script type=\"application\/ld+json\" class=\"yoast-schema-graph\">{\"@context\":\"https:\\\/\\\/schema.org\",\"@graph\":[{\"@type\":\"Article\",\"@id\":\"https:\\\/\\\/paulinenaue.info\\\/index.php\\\/kita-sucht-erzieher-in\\\/#article\",\"isPartOf\":{\"@id\":\"https:\\\/\\\/paulinenaue.info\\\/index.php\\\/kita-sucht-erzieher-in\\\/\"},\"author\":{\"name\":\"Joachim Scholz\",\"@id\":\"https:\\\/\\\/paulinenaue.info\\\/#\\\/schema\\\/person\\\/3f9e818fd7b69b0d2bd937ac506897cc\"},\"headline\":\"Kita sucht Erzieher\\\/in\",\"datePublished\":\"2019-02-26T09:20:25+00:00\",\"dateModified\":\"2019-02-26T14:04:05+00:00\",\"mainEntityOfPage\":{\"@id\":\"https:\\\/\\\/paulinenaue.info\\\/index.php\\\/kita-sucht-erzieher-in\\\/\"},\"wordCount\":103,\"commentCount\":0,\"keywords\":[\"Erzieher\",\"Erzieherin\",\"KITA\",\"Paulinenaue\",\"Stellenanzeigen\"],\"articleSection\":[\"Hier Zuhause\",\"Kita\",\"Neuigkeiten\",\"Vereine\",\"Wirtschaft\"],\"inLanguage\":\"de\",\"potentialAction\":[{\"@type\":\"CommentAction\",\"name\":\"Comment\",\"target\":[\"https:\\\/\\\/paulinenaue.info\\\/index.php\\\/kita-sucht-erzieher-in\\\/#respond\"]}]},{\"@type\":\"WebPage\",\"@id\":\"https:\\\/\\\/paulinenaue.info\\\/index.php\\\/kita-sucht-erzieher-in\\\/\",\"url\":\"https:\\\/\\\/paulinenaue.info\\\/index.php\\\/kita-sucht-erzieher-in\\\/\",\"name\":\"Kita sucht Erzieher\\\/in - Paulinenaue\",\"isPartOf\":{\"@id\":\"https:\\\/\\\/paulinenaue.info\\\/#website\"},\"datePublished\":\"2019-02-26T09:20:25+00:00\",\"dateModified\":\"2019-02-26T14:04:05+00:00\",\"author\":{\"@id\":\"https:\\\/\\\/paulinenaue.info\\\/#\\\/schema\\\/person\\\/3f9e818fd7b69b0d2bd937ac506897cc\"},\"breadcrumb\":{\"@id\":\"https:\\\/\\\/paulinenaue.info\\\/index.php\\\/kita-sucht-erzieher-in\\\/#breadcrumb\"},\"inLanguage\":\"de\",\"potentialAction\":[{\"@type\":\"ReadAction\",\"target\":[\"https:\\\/\\\/paulinenaue.info\\\/index.php\\\/kita-sucht-erzieher-in\\\/\"]}]},{\"@type\":\"BreadcrumbList\",\"@id\":\"https:\\\/\\\/paulinenaue.info\\\/index.php\\\/kita-sucht-erzieher-in\\\/#breadcrumb\",\"itemListElement\":[{\"@type\":\"ListItem\",\"position\":1,\"name\":\"Home\",\"item\":\"https:\\\/\\\/paulinenaue.info\\\/\"},{\"@type\":\"ListItem\",\"position\":2,\"name\":\"Kita sucht Erzieher\\\/in\"}]},{\"@type\":\"WebSite\",\"@id\":\"https:\\\/\\\/paulinenaue.info\\\/#website\",\"url\":\"https:\\\/\\\/paulinenaue.info\\\/\",\"name\":\"Paulinenaue\",\"description\":\"Ein Dorf im Havelland\",\"potentialAction\":[{\"@type\":\"SearchAction\",\"target\":{\"@type\":\"EntryPoint\",\"urlTemplate\":\"https:\\\/\\\/paulinenaue.info\\\/?s={search_term_string}\"},\"query-input\":{\"@type\":\"PropertyValueSpecification\",\"valueRequired\":true,\"valueName\":\"search_term_string\"}}],\"inLanguage\":\"de\"},{\"@type\":\"Person\",\"@id\":\"https:\\\/\\\/paulinenaue.info\\\/#\\\/schema\\\/person\\\/3f9e818fd7b69b0d2bd937ac506897cc\",\"name\":\"Joachim Scholz\",\"url\":\"https:\\\/\\\/paulinenaue.info\\\/index.php\\\/author\\\/jjscholz\\\/\"}]}<\/script>\n<!-- \/ Yoast SEO plugin. -->","yoast_head_json":{"title":"Kita sucht Erzieher\/in - Paulinenaue","robots":{"index":"index","follow":"follow","max-snippet":"max-snippet:-1","max-image-preview":"max-image-preview:large","max-video-preview":"max-video-preview:-1"},"canonical":"https:\/\/paulinenaue.info\/index.php\/kita-sucht-erzieher-in\/","og_locale":"de_DE","og_type":"article","og_title":"Kita sucht Erzieher\/in - Paulinenaue","og_description":"Aktuell (26.02.2019): Stellenausschreibung Erzieher\/in gesucht (m\/w\/d) Die Kita \u201ePaulinchen\u201c e.V. [&hellip;]","og_url":"https:\/\/paulinenaue.info\/index.php\/kita-sucht-erzieher-in\/","og_site_name":"Paulinenaue","article_published_time":"2019-02-26T09:20:25+00:00","article_modified_time":"2019-02-26T14:04:05+00:00","author":"Joachim Scholz","twitter_card":"summary_large_image","twitter_misc":{"Verfasst von":"Joachim Scholz"},"schema":{"@context":"https:\/\/schema.org","@graph":[{"@type":"Article","@id":"https:\/\/paulinenaue.info\/index.php\/kita-sucht-erzieher-in\/#article","isPartOf":{"@id":"https:\/\/paulinenaue.info\/index.php\/kita-sucht-erzieher-in\/"},"author":{"name":"Joachim Scholz","@id":"https:\/\/paulinenaue.info\/#\/schema\/person\/3f9e818fd7b69b0d2bd937ac506897cc"},"headline":"Kita sucht Erzieher\/in","datePublished":"2019-02-26T09:20:25+00:00","dateModified":"2019-02-26T14:04:05+00:00","mainEntityOfPage":{"@id":"https:\/\/paulinenaue.info\/index.php\/kita-sucht-erzieher-in\/"},"wordCount":103,"commentCount":0,"keywords":["Erzieher","Erzieherin","KITA","Paulinenaue","Stellenanzeigen"],"articleSection":["Hier Zuhause","Kita","Neuigkeiten","Vereine","Wirtschaft"],"inLanguage":"de","potentialAction":[{"@type":"CommentAction","name":"Comment","target":["https:\/\/paulinenaue.info\/index.php\/kita-sucht-erzieher-in\/#respond"]}]},{"@type":"WebPage","@id":"https:\/\/paulinenaue.info\/index.php\/kita-sucht-erzieher-in\/","url":"https:\/\/paulinenaue.info\/index.php\/kita-sucht-erzieher-in\/","name":"Kita sucht Erzieher\/in - Paulinenaue","isPartOf":{"@id":"https:\/\/paulinenaue.info\/#website"},"datePublished":"2019-02-26T09:20:25+00:00","dateModified":"2019-02-26T14:04:05+00:00","author":{"@id":"https:\/\/paulinenaue.info\/#\/schema\/person\/3f9e818fd7b69b0d2bd937ac506897cc"},"breadcrumb":{"@id":"https:\/\/paulinenaue.info\/index.php\/kita-sucht-erzieher-in\/#breadcrumb"},"inLanguage":"de","potentialAction":[{"@type":"ReadAction","target":["https:\/\/paulinenaue.info\/index.php\/kita-sucht-erzieher-in\/"]}]},{"@type":"BreadcrumbList","@id":"https:\/\/paulinenaue.info\/index.php\/kita-sucht-erzieher-in\/#breadcrumb","itemListElement":[{"@type":"ListItem","position":1,"name":"Home","item":"https:\/\/paulinenaue.info\/"},{"@type":"ListItem","position":2,"name":"Kita sucht Erzieher\/in"}]},{"@type":"WebSite","@id":"https:\/\/paulinenaue.info\/#website","url":"https:\/\/paulinenaue.info\/","name":"Paulinenaue","description":"Ein Dorf im Havelland","potentialAction":[{"@type":"SearchAction","target":{"@type":"EntryPoint","urlTemplate":"https:\/\/paulinenaue.info\/?s={search_term_string}"},"query-input":{"@type":"PropertyValueSpecification","valueRequired":true,"valueName":"search_term_string"}}],"inLanguage":"de"},{"@type":"Person","@id":"https:\/\/paulinenaue.info\/#\/schema\/person\/3f9e818fd7b69b0d2bd937ac506897cc","name":"Joachim Scholz","url":"https:\/\/paulinenaue.info\/index.php\/author\/jjscholz\/"}]}},"jetpack_publicize_connections":[],"jetpack_featured_media_url":"","jetpack_sharing_enabled":true,"jetpack_shortlink":"https:\/\/wp.me\/pcYhWA-tJ","jetpack-related-posts":[{"id":180,"url":"https:\/\/paulinenaue.info\/index.php\/die-kita-sucht-auch-2010-den-nikolaus\/","url_meta":{"origin":1843,"position":0},"title":"Die Kita sucht auch 2010 \u2013 den Nikolaus","author":"Joachim Scholz","date":"22. M\u00e4rz 2016","format":false,"excerpt":"Petra H\u00e4nsel, Joachim Scholz 06.12.2010. Und wieder begaben sich die Kleinsten Paulinenauer auf die Suche nach dem gro\u00dfen Unbekannten, dem Nikolaus. Sie wurden nicht entt\u00e4uscht und wie immer mehrfach belohnt, mit vielen kleinen Geschenken und mit gleich drei Nikol\u00e4usen. Wetter und Stimmung waren perfekt, als sie diesmal durch Paulinenaue zogen.\u2026","rel":"","context":"In &quot;Kita&quot;","block_context":{"text":"Kita","link":"https:\/\/paulinenaue.info\/index.php\/category\/kita\/"},"img":{"alt_text":"","src":"https:\/\/i0.wp.com\/paulinenaue.info\/wp-content\/uploads\/2016\/03\/20101206_kita_03.jpg?resize=350%2C200&ssl=1","width":350,"height":200},"classes":[]},{"id":5657,"url":"https:\/\/paulinenaue.info\/index.php\/30-jahre-kita-paulinchen-e-v\/","url_meta":{"origin":1843,"position":1},"title":"30 Jahre Kita &#8222;Paulinchen&#8220; e.V.","author":"Anja Paech","date":"7. Januar 2021","format":false,"excerpt":"30 Jahre Kita \"Paulinchen\" e.V. ... ein Meilenstein... \u00a0 \u00a0 \u00a0\"Zum Erfolg gibt es keinen Lift, man muss die Treppe benutzen.\" \u00a0 \u00a0 \u00a0 \u00a0 \u00a0 \u00a0 \u00a0 \u00a0 \u00a0 \u00a0 \u00a0 \u00a0 \u00a0 \u00a0 \u00a0 \u00a0 \u00a0 \u00a0 \u00a0 \u00a0 \u00a0 \u00a0 \u00a0 \u00a0 \u00a0 \u00a0\u00a0\u00a0\u00a0\u00a0\u00a0\u00a0\u00a0\u00a0\u00a0\u00a0\u00a0\u00a0\u00a0\u00a0\u00a0\u00a0\u00a0\u00a0\u00a0\u00a0\u00a0\u00a0\u00a0\u00a0\u00a0\u00a0\u00a0\u00a0\u00a0\u00a0\u00a0\u00a0\u00a0\u00a0\u00a0\u00a0\u00a0\u00a0\u00a0\u00a0\u00a0\u00a0\u00a0\u00a0\u00a0\u00a0\u00a0\u00a0\u00a0\u00a0\u00a0\u00a0\u00a0\u00a0\u00a0\u00a0\u00a0\u00a0\u00a0\u00a0\u00a0\u00a0\u00a0\u00a0\u00a0\u00a0\u00a0\u00a0\u00a0\u00a0\u00a0\u00a0\u00a0\u00a0\u00a0\u00a0\u00a0\u00a0\u00a0\u00a0\u00a0\u00a0\u00a0\u00a0\u00a0\u00a0\u00a0\u00a0\u00a0\u00a0\u00a0\u00a0\u00a0\u00a0\u00a0\u00a0\u00a0\u00a0\u00a0\u00a0\u00a0\u00a0\u00a0\u00a0\u00a0\u00a0\u00a0\u00a0\u00a0\u00a0\u00a0\u00a0\u00a0\u00a0\u00a0\u00a0\u00a0\u00a0\u00a0\u00a0\u00a0\u00a0\u00a0\u00a0\u00a0\u00a0\u00a0\u00a0\u00a0\u00a0\u00a0\u00a0\u00a0\u00a0\u00a0\u00a0\u00a0\u00a0\u00a0\u00a0\u00a0\u00a0\u00a0\u00a0\u00a0\u00a0\u00a0\u00a0\u00a0\u00a0\u00a0\u00a0\u00a0\u00a0\u00a0\u00a0\u00a0\u00a0\u00a0\u00a0\u00a0\u00a0\u00a0\u00a0\u00a0\u00a0\u00a0\u00a0\u00a0\u00a0\u00a0\u00a0\u00a0\u00a0\u00a0\u00a0\u00a0\u00a0\u00a0\u00a0\u00a0 (Emil Oesch) \u00a0\u2026","rel":"","context":"In &quot;Kita&quot;","block_context":{"text":"Kita","link":"https:\/\/paulinenaue.info\/index.php\/category\/kita\/"},"img":{"alt_text":"","src":"https:\/\/i0.wp.com\/paulinenaue.info\/wp-content\/uploads\/2021\/01\/30-jahre-scaled-e1610041144400.jpeg?resize=350%2C200&ssl=1","width":350,"height":200,"srcset":"https:\/\/i0.wp.com\/paulinenaue.info\/wp-content\/uploads\/2021\/01\/30-jahre-scaled-e1610041144400.jpeg?resize=350%2C200&ssl=1 1x, https:\/\/i0.wp.com\/paulinenaue.info\/wp-content\/uploads\/2021\/01\/30-jahre-scaled-e1610041144400.jpeg?resize=525%2C300&ssl=1 1.5x, https:\/\/i0.wp.com\/paulinenaue.info\/wp-content\/uploads\/2021\/01\/30-jahre-scaled-e1610041144400.jpeg?resize=700%2C400&ssl=1 2x, https:\/\/i0.wp.com\/paulinenaue.info\/wp-content\/uploads\/2021\/01\/30-jahre-scaled-e1610041144400.jpeg?resize=1050%2C600&ssl=1 3x, https:\/\/i0.wp.com\/paulinenaue.info\/wp-content\/uploads\/2021\/01\/30-jahre-scaled-e1610041144400.jpeg?resize=1400%2C800&ssl=1 4x"},"classes":[]},{"id":184284,"url":"https:\/\/paulinenaue.info\/index.php\/kirche-wird-saniert-und-multifunktional-nutzbar\/","url_meta":{"origin":1843,"position":2},"title":"Kirche wird saniert und multifunktional nutzbar","author":"Joachim Scholz","date":"29. Mai 2022","format":false,"excerpt":"von Andreas Flender, ehrenamtlicher Mitarbeiter und Bauverantwortlicher der evangelischen Kirchengemeinde In der Paulinenauer Kirche soll demn\u00e4chst ein Dorftreff entstehen. Es gibt daf\u00fcr Interesse von Vereinen, die bisher keine eigenen R\u00e4ume haben. Denkbar ist, dass der Kulturverein oder das Gemeinschaftswerk Soziale Dienste den Treff nutzen wird. Die Notfallseelsorge m\u00f6chte dort Gruppenabende\u2026","rel":"","context":"In &quot;Allgemein&quot;","block_context":{"text":"Allgemein","link":"https:\/\/paulinenaue.info\/index.php\/category\/allgemein\/"},"img":{"alt_text":"","src":"https:\/\/i0.wp.com\/paulinenaue.info\/wp-content\/uploads\/2022\/05\/2022-05-28-Paulinenaue-Kirche.jpg?resize=350%2C200&ssl=1","width":350,"height":200,"srcset":"https:\/\/i0.wp.com\/paulinenaue.info\/wp-content\/uploads\/2022\/05\/2022-05-28-Paulinenaue-Kirche.jpg?resize=350%2C200&ssl=1 1x, https:\/\/i0.wp.com\/paulinenaue.info\/wp-content\/uploads\/2022\/05\/2022-05-28-Paulinenaue-Kirche.jpg?resize=525%2C300&ssl=1 1.5x, https:\/\/i0.wp.com\/paulinenaue.info\/wp-content\/uploads\/2022\/05\/2022-05-28-Paulinenaue-Kirche.jpg?resize=700%2C400&ssl=1 2x"},"classes":[]},{"id":154,"url":"https:\/\/paulinenaue.info\/index.php\/20-jahre-kitaverein-grosses-fest-im-sonnenschein\/","url_meta":{"origin":1843,"position":3},"title":"20 Jahre Kitaverein \u2013 gro\u00dfes Fest im Sonnenschein","author":"Joachim Scholz","date":"22. M\u00e4rz 2016","format":false,"excerpt":"Joachim Scholz 17.04.2011. \"Paulinchen\" hie\u00df der Kindergarten in Paulinenaue schon in DDR-Zeiten, doch der Neuanfang als Verein in turbulenten Wendezeiten hat der Kita eine ganz neue Identit\u00e4t geschaffen. So feierte, wie viele Einrichtungen in den neuen Bundesl\u00e4ndern, auch die Paulinenauer Kita jetzt 20. Geburtstag. An einem sonnigen Wochenende standen die\u2026","rel":"","context":"In &quot;Kita&quot;","block_context":{"text":"Kita","link":"https:\/\/paulinenaue.info\/index.php\/category\/kita\/"},"img":{"alt_text":"","src":"https:\/\/i0.wp.com\/paulinenaue.info\/wp-content\/uploads\/2016\/03\/20110416_kita_01.jpg?resize=350%2C200&ssl=1","width":350,"height":200},"classes":[]},{"id":178,"url":"https:\/\/paulinenaue.info\/index.php\/plaetzchen-backen-im-schloss\/","url_meta":{"origin":1843,"position":4},"title":"Pl\u00e4tzchen backen im Schloss","author":"Joachim Scholz","date":"22. M\u00e4rz 2016","format":false,"excerpt":"Petra H\u00e4nsel, Joachim Scholz 09.12.2010. Am Donnerstag vor dem dritten Advent waren einige Kindergartenkinder im Schloss und haben mit den Senioren gemeinsam Pl\u00e4tzchen gebacken. Es hat, wie unsere Bilder beweisen, allen gro\u00dfen Spa\u00df bereitet. Das Paulinenauer Schloss wurde zur Weihnachtsb\u00e4ckerei und zum Treffpunkt der Generationen. Foto: Kita Paulinchen, 2010. Gekonnt\u2026","rel":"","context":"In &quot;Kita&quot;","block_context":{"text":"Kita","link":"https:\/\/paulinenaue.info\/index.php\/category\/kita\/"},"img":{"alt_text":"","src":"https:\/\/i0.wp.com\/paulinenaue.info\/wp-content\/uploads\/2016\/03\/20101209_kekse_kita_03.jpg?resize=350%2C200&ssl=1","width":350,"height":200},"classes":[]},{"id":416182,"url":"https:\/\/paulinenaue.info\/index.php\/elke-janneck-kita-legende-tritt-in-den-ruhestand\/","url_meta":{"origin":1843,"position":5},"title":"Elke Janneck:  Kita-Legende tritt in den Ruhestand","author":"Joachim Scholz","date":"13. April 2024","format":false,"excerpt":"Am 1. April h\u00e4tte sie ihren ersten Tag als Rentnerin verleben k\u00f6nnen, aber Elke Janneck vertrat eine Kollegin. Erst heute verabschiedete ihr Team sie in den Ruhestand. In der Kita \u201ePaulinchen\u201c haben sich um 13.00 Uhr alle versammelt. Petra H\u00e4nsel, die Kitaleiterin, hat eine Diashow und Dankesrede vorbereitet. \u00dcber drei\u00dfig\u2026","rel":"","context":"In &quot;Kita&quot;","block_context":{"text":"Kita","link":"https:\/\/paulinenaue.info\/index.php\/category\/kita\/"},"img":{"alt_text":"","src":"https:\/\/i0.wp.com\/paulinenaue.info\/wp-content\/uploads\/2024\/04\/2024-04-12-Verabschiedung-Elke-Janneck.jpeg?resize=350%2C200&ssl=1","width":350,"height":200,"srcset":"https:\/\/i0.wp.com\/paulinenaue.info\/wp-content\/uploads\/2024\/04\/2024-04-12-Verabschiedung-Elke-Janneck.jpeg?resize=350%2C200&ssl=1 1x, https:\/\/i0.wp.com\/paulinenaue.info\/wp-content\/uploads\/2024\/04\/2024-04-12-Verabschiedung-Elke-Janneck.jpeg?resize=525%2C300&ssl=1 1.5x, https:\/\/i0.wp.com\/paulinenaue.info\/wp-content\/uploads\/2024\/04\/2024-04-12-Verabschiedung-Elke-Janneck.jpeg?resize=700%2C400&ssl=1 2x"},"classes":[]}],"_links":{"self":[{"href":"https:\/\/paulinenaue.info\/index.php\/wp-json\/wp\/v2\/posts\/1843","targetHints":{"allow":["GET"]}}],"collection":[{"href":"https:\/\/paulinenaue.info\/index.php\/wp-json\/wp\/v2\/posts"}],"about":[{"href":"https:\/\/paulinenaue.info\/index.php\/wp-json\/wp\/v2\/types\/post"}],"author":[{"embeddable":true,"href":"https:\/\/paulinenaue.info\/index.php\/wp-json\/wp\/v2\/users\/1"}],"replies":[{"embeddable":true,"href":"https:\/\/paulinenaue.info\/index.php\/wp-json\/wp\/v2\/comments?post=1843"}],"version-history":[{"count":5,"href":"https:\/\/paulinenaue.info\/index.php\/wp-json\/wp\/v2\/posts\/1843\/revisions"}],"predecessor-version":[{"id":4594,"href":"https:\/\/paulinenaue.info\/index.php\/wp-json\/wp\/v2\/posts\/1843\/revisions\/4594"}],"wp:attachment":[{"href":"https:\/\/paulinenaue.info\/index.php\/wp-json\/wp\/v2\/media?parent=1843"}],"wp:term":[{"taxonomy":"category","embeddable":true,"href":"https:\/\/paulinenaue.info\/index.php\/wp-json\/wp\/v2\/categories?post=1843"},{"taxonomy":"post_tag","embeddable":true,"href":"https:\/\/paulinenaue.info\/index.php\/wp-json\/wp\/v2\/tags?post=1843"}],"curies":[{"name":"wp","href":"https:\/\/api.w.org\/{rel}","templated":true}]}}