{"id":193,"date":"2013-04-22T15:10:35","date_gmt":"2013-04-22T13:10:35","guid":{"rendered":"https:\/\/sudile.com\/paue\/?p=193"},"modified":"2018-09-10T23:46:14","modified_gmt":"2018-09-10T21:46:14","slug":"kennen-sie-heinz-oetjen-erinnerungen-an-einen-paulinenauer-buergermeister-gesucht","status":"publish","type":"post","link":"https:\/\/paulinenaue.info\/index.php\/kennen-sie-heinz-oetjen-erinnerungen-an-einen-paulinenauer-buergermeister-gesucht\/","title":{"rendered":"Kennen Sie Heinz Oetjen? \u2013 Erinnerungen an einen Paulinenauer B\u00fcrgermeister gesucht"},"content":{"rendered":"<p>Gerhard Oetjen war ein kleiner Junge von f\u00fcnf Jahren, als 1964 sein Vater und ein halbes Jahr darauf sein Gro\u00dfvater verstarben. Seine Mutter f\u00fchrte nach den beiden Todesf\u00e4llen den Kontakt zur Familie des Vaters nicht weiter, so dass Gerhard heute, zwei Jahre nach ihrem Tod, nur sehr wenig \u00fcber die v\u00e4terliche Linie wei\u00df. Dabei ist die nicht uninteressant. Mit Gro\u00dfvater Heinz Oetjen (1913-1965) weist sie sogar eine ziemlich schillernde Figur auf. Dessen Geschichte ist der Enkel gerade auf der Spur. Sie f\u00fchrt auch nach Paulinenaue.<\/p>\n<p>Denn Heinz Oetjen war in seinem Leben nicht blo\u00df ein ausgebildeter Operns\u00e4nger, ein Kriminalist und zeitweise aufstrebender SED-Funktion\u00e4r, sondern in den 1950er Jahren auch B\u00fcrgermeister von Nauen &#8211; und von Paulinenaue. In Heinz Oetjens Fotoalbum aus den Nauener Jahren, das erhalten geblieben ist, sieht man ihn als tatkr\u00e4ftigen Arbeiterfunktion\u00e4r, der Reden h\u00e4lt, Karneval feiert und sich mit Arbeitern und Honoratioren gleicherma\u00dfen verbr\u00fcdert. Seine Lebensfreude &#8211; so vermutet Enkel Gerhard \u2013\u00a0hat ihn 1958 wohlm\u00f6glich das Nauener Amt gekostet. Genaueres wei\u00df man nicht, aber damals wurde Heinz Oetjen von Nauen nach Paulinenaue versetzt, w\u00e4hrend der vorherige Paulinenauer B\u00fcrgermeister Gerhard Buchholz nach Falkensee und 1971 dann auch nach Nauen wechselte.<\/p>\n<div id=\"attachment_2402\" style=\"width: 709px\" class=\"wp-caption alignnone\"><a href=\"http:\/\/paulinenaue.info\/wp-content\/uploads\/2018\/09\/Heinz-Oetjen.jpg\"><img decoding=\"async\" aria-describedby=\"caption-attachment-2402\" data-attachment-id=\"2402\" data-permalink=\"https:\/\/paulinenaue.info\/index.php\/kennen-sie-heinz-oetjen-erinnerungen-an-einen-paulinenauer-buergermeister-gesucht\/heinz-oetjen\/\" data-orig-file=\"https:\/\/paulinenaue.info\/wp-content\/uploads\/2018\/09\/Heinz-Oetjen.jpg\" data-orig-size=\"699,1000\" data-comments-opened=\"1\" data-image-meta=\"{&quot;aperture&quot;:&quot;0&quot;,&quot;credit&quot;:&quot;&quot;,&quot;camera&quot;:&quot;&quot;,&quot;caption&quot;:&quot;&quot;,&quot;created_timestamp&quot;:&quot;0&quot;,&quot;copyright&quot;:&quot;&quot;,&quot;focal_length&quot;:&quot;0&quot;,&quot;iso&quot;:&quot;0&quot;,&quot;shutter_speed&quot;:&quot;0&quot;,&quot;title&quot;:&quot;&quot;,&quot;orientation&quot;:&quot;1&quot;}\" data-image-title=\"Heinz Oetjen\" data-image-description=\"\" data-image-caption=\"\" data-large-file=\"https:\/\/paulinenaue.info\/wp-content\/uploads\/2018\/09\/Heinz-Oetjen.jpg\" class=\"lazyload wp-image-2402 size-full\" src=\"http:\/\/paulinenaue.info\/wp-content\/uploads\/2018\/09\/Heinz-Oetjen.jpg\" data-orig-src=\"http:\/\/paulinenaue.info\/wp-content\/uploads\/2018\/09\/Heinz-Oetjen.jpg\" alt=\"\" width=\"699\" height=\"1000\" srcset=\"data:image\/svg+xml,%3Csvg%20xmlns%3D%27http%3A%2F%2Fwww.w3.org%2F2000%2Fsvg%27%20width%3D%27699%27%20height%3D%271000%27%20viewBox%3D%270%200%20699%201000%27%3E%3Crect%20width%3D%27699%27%20height%3D%271000%27%20fill-opacity%3D%220%22%2F%3E%3C%2Fsvg%3E\" data-srcset=\"https:\/\/paulinenaue.info\/wp-content\/uploads\/2018\/09\/Heinz-Oetjen-210x300.jpg 210w, https:\/\/paulinenaue.info\/wp-content\/uploads\/2018\/09\/Heinz-Oetjen.jpg 699w\" data-sizes=\"auto\" data-orig-sizes=\"(max-width: 699px) 100vw, 699px\" \/><\/a><p id=\"caption-attachment-2402\" class=\"wp-caption-text\">Der Paulinenauer B\u00fcrgermeister Heinz Oetjen ca. 1960. Sammlung Gerhard Oetjen.<\/p><\/div>\n<p class=\"bildunterschrift-ng\">\nHeinz Oetjen musste, als es ihn aufs Dorf verschlug, nicht zum ersten Mal einen Karrierebruch verkraften. Der Umstand, dass seine Mutter bei Bremen, also im Westen lebte, hatte schon ein paar Jahre zuvor seine recht aussichtsreiche Polizeikarriere gebremst. Und doch sieht es so aus, als habe sich Oetjen mit dem Wandel der Situation gut arrangieren k\u00f6nnen. Auch in Paulinenaue zeigte er einigen Einsatz. Jedenfalls resignierte er nicht, sondern wurde ein aktiver F\u00f6rderer der Freiwilligen Feuerwehr und war 1963 an der Gr\u00fcndung des Kleintierzuchtvereins beteiligt. In seine Amtszeit fallen die Gr\u00fcndung eines Gemeindekindergartens sowie der Bau des Heizhauses und der gro\u00dfen Wohnblocks im Ortszentrum. Fast \u00fcberall dort, wo Paulinenaue heute noch ein typisches DDR-Gesicht zeigt, bekam es das, als Heinz Oetjen hier B\u00fcrgermeister war. Auch die Gr\u00fcndung von LPG und GPG und damit die problematische Phase der Kollektiverung der Landwirtschaft vollzog sich in jenen Jahren.<\/p>\n<p>Die Rolle, die Oetjen bei alledem spielte, ist nicht klar. Der ehemalige B\u00fcrgermeister ist in Paulinenaue fast, nicht aber ganz vergessen. Noch heute tr\u00e4gt der F\u00f6rderverein der Freiwilligen Feuerwehr Paulinenaue e.V. seinen Namen. Er hat ihn 1989 erhalten. Zwar wei\u00df kaum einer der Kameraden und Vereinsmitglieder heute noch, warum das geschah, aber dass noch nicht alle Erinnerungen an seinen Gro\u00dfvater verloren sind, darauf hofft Gerd Oetjen.<\/p>\n<p>Er fragt nun, wer noch etwas \u00fcber Heinz Oetjen wei\u00df und w\u00fcrde sich freuen, wenn Sie zu ihm Kontakt aufnehmen. \u00dcber die Emailadresse kontakt(at)paulinenaue.info oder per Telefon 03321-4236853 vermittle ich gern den Kontakt.<\/p>\n<p class=\"untertitel\"><strong>Quellen<\/strong>: Wacker, G\u00fcnter:\u00a0Paulinenaue. Eine Ortschronik aius dem Havelland. Gespr\u00e4che und Emails mit Gerhard Oetjen, Wolfgang Wiech (Nauen) und Arne Breder (Paulinenaue).<\/p>\n","protected":false},"excerpt":{"rendered":"<p>Gerhard Oetjen war ein kleiner Junge von f\u00fcnf Jahren, als [&hellip;]<\/p>\n","protected":false},"author":1,"featured_media":2402,"comment_status":"open","ping_status":"open","sticky":false,"template":"","format":"standard","meta":{"_acf_changed":false,"_price":"","_stock":"","_tribe_ticket_header":"","_tribe_default_ticket_provider":"","_tribe_ticket_capacity":"0","_ticket_start_date":"","_ticket_end_date":"","_tribe_ticket_show_description":"","_tribe_ticket_show_not_going":false,"_tribe_ticket_use_global_stock":"","_tribe_ticket_global_stock_level":"","_global_stock_mode":"","_global_stock_cap":"","_tribe_rsvp_for_event":"","_tribe_ticket_going_count":"","_tribe_ticket_not_going_count":"","_tribe_tickets_list":"[]","_tribe_ticket_has_attendee_info_fields":false,"jetpack_post_was_ever_published":false,"_jetpack_newsletter_access":"","_jetpack_dont_email_post_to_subs":false,"_jetpack_newsletter_tier_id":0,"_jetpack_memberships_contains_paywalled_content":false,"_jetpack_memberships_contains_paid_content":false,"footnotes":"","jetpack_publicize_message":"","jetpack_publicize_feature_enabled":true,"jetpack_social_post_already_shared":false,"jetpack_social_options":{"image_generator_settings":{"template":"highway","default_image_id":0,"font":"","enabled":false},"version":2}},"categories":[1,40,6,7],"tags":[77,78],"class_list":["post-193","post","type-post","status-publish","format-standard","has-post-thumbnail","hentry","category-allgemein","category-dorfentwicklung","category-hier-zuhause","category-historie","tag-buergermeister","tag-heinz-oetjen"],"acf":[],"yoast_head":"<!-- This site is optimized with the Yoast SEO plugin v27.5 - https:\/\/yoast.com\/product\/yoast-seo-wordpress\/ -->\n<title>Kennen Sie Heinz Oetjen? \u2013 Erinnerungen an einen Paulinenauer B\u00fcrgermeister gesucht - Paulinenaue<\/title>\n<meta name=\"robots\" content=\"index, follow, max-snippet:-1, max-image-preview:large, max-video-preview:-1\" \/>\n<link rel=\"canonical\" href=\"https:\/\/paulinenaue.info\/index.php\/kennen-sie-heinz-oetjen-erinnerungen-an-einen-paulinenauer-buergermeister-gesucht\/\" \/>\n<meta property=\"og:locale\" content=\"de_DE\" \/>\n<meta property=\"og:type\" content=\"article\" \/>\n<meta property=\"og:title\" content=\"Kennen Sie Heinz Oetjen? \u2013 Erinnerungen an einen Paulinenauer B\u00fcrgermeister gesucht - Paulinenaue\" \/>\n<meta property=\"og:description\" content=\"Gerhard Oetjen war ein kleiner Junge von f\u00fcnf Jahren, als [&hellip;]\" \/>\n<meta property=\"og:url\" content=\"https:\/\/paulinenaue.info\/index.php\/kennen-sie-heinz-oetjen-erinnerungen-an-einen-paulinenauer-buergermeister-gesucht\/\" \/>\n<meta property=\"og:site_name\" content=\"Paulinenaue\" \/>\n<meta property=\"article:published_time\" content=\"2013-04-22T13:10:35+00:00\" \/>\n<meta property=\"article:modified_time\" content=\"2018-09-10T21:46:14+00:00\" \/>\n<meta property=\"og:image\" content=\"https:\/\/i0.wp.com\/paulinenaue.info\/wp-content\/uploads\/2018\/09\/Heinz-Oetjen.jpg?fit=699%2C1000&ssl=1\" \/>\n\t<meta property=\"og:image:width\" content=\"699\" \/>\n\t<meta property=\"og:image:height\" content=\"1000\" \/>\n\t<meta property=\"og:image:type\" content=\"image\/jpeg\" \/>\n<meta name=\"author\" content=\"Joachim Scholz\" \/>\n<meta name=\"twitter:card\" content=\"summary_large_image\" \/>\n<meta name=\"twitter:label1\" content=\"Verfasst von\" \/>\n\t<meta name=\"twitter:data1\" content=\"Joachim Scholz\" \/>\n\t<meta name=\"twitter:label2\" content=\"Gesch\u00e4tzte Lesezeit\" \/>\n\t<meta name=\"twitter:data2\" content=\"3\u00a0Minuten\" \/>\n<script type=\"application\/ld+json\" class=\"yoast-schema-graph\">{\"@context\":\"https:\\\/\\\/schema.org\",\"@graph\":[{\"@type\":\"Article\",\"@id\":\"https:\\\/\\\/paulinenaue.info\\\/index.php\\\/kennen-sie-heinz-oetjen-erinnerungen-an-einen-paulinenauer-buergermeister-gesucht\\\/#article\",\"isPartOf\":{\"@id\":\"https:\\\/\\\/paulinenaue.info\\\/index.php\\\/kennen-sie-heinz-oetjen-erinnerungen-an-einen-paulinenauer-buergermeister-gesucht\\\/\"},\"author\":{\"name\":\"Joachim Scholz\",\"@id\":\"https:\\\/\\\/paulinenaue.info\\\/#\\\/schema\\\/person\\\/3f9e818fd7b69b0d2bd937ac506897cc\"},\"headline\":\"Kennen Sie Heinz Oetjen? \u2013 Erinnerungen an einen Paulinenauer B\u00fcrgermeister gesucht\",\"datePublished\":\"2013-04-22T13:10:35+00:00\",\"dateModified\":\"2018-09-10T21:46:14+00:00\",\"mainEntityOfPage\":{\"@id\":\"https:\\\/\\\/paulinenaue.info\\\/index.php\\\/kennen-sie-heinz-oetjen-erinnerungen-an-einen-paulinenauer-buergermeister-gesucht\\\/\"},\"wordCount\":516,\"commentCount\":0,\"image\":{\"@id\":\"https:\\\/\\\/paulinenaue.info\\\/index.php\\\/kennen-sie-heinz-oetjen-erinnerungen-an-einen-paulinenauer-buergermeister-gesucht\\\/#primaryimage\"},\"thumbnailUrl\":\"https:\\\/\\\/paulinenaue.info\\\/wp-content\\\/uploads\\\/2018\\\/09\\\/Heinz-Oetjen.jpg\",\"keywords\":[\"B\u00fcrgermeister\",\"Heinz Oetjen\"],\"articleSection\":{\"1\":\"Dorfentwicklung\",\"2\":\"Hier Zuhause\",\"3\":\"Historie\"},\"inLanguage\":\"de\",\"potentialAction\":[{\"@type\":\"CommentAction\",\"name\":\"Comment\",\"target\":[\"https:\\\/\\\/paulinenaue.info\\\/index.php\\\/kennen-sie-heinz-oetjen-erinnerungen-an-einen-paulinenauer-buergermeister-gesucht\\\/#respond\"]}]},{\"@type\":\"WebPage\",\"@id\":\"https:\\\/\\\/paulinenaue.info\\\/index.php\\\/kennen-sie-heinz-oetjen-erinnerungen-an-einen-paulinenauer-buergermeister-gesucht\\\/\",\"url\":\"https:\\\/\\\/paulinenaue.info\\\/index.php\\\/kennen-sie-heinz-oetjen-erinnerungen-an-einen-paulinenauer-buergermeister-gesucht\\\/\",\"name\":\"Kennen Sie Heinz Oetjen? \u2013 Erinnerungen an einen Paulinenauer B\u00fcrgermeister gesucht - Paulinenaue\",\"isPartOf\":{\"@id\":\"https:\\\/\\\/paulinenaue.info\\\/#website\"},\"primaryImageOfPage\":{\"@id\":\"https:\\\/\\\/paulinenaue.info\\\/index.php\\\/kennen-sie-heinz-oetjen-erinnerungen-an-einen-paulinenauer-buergermeister-gesucht\\\/#primaryimage\"},\"image\":{\"@id\":\"https:\\\/\\\/paulinenaue.info\\\/index.php\\\/kennen-sie-heinz-oetjen-erinnerungen-an-einen-paulinenauer-buergermeister-gesucht\\\/#primaryimage\"},\"thumbnailUrl\":\"https:\\\/\\\/paulinenaue.info\\\/wp-content\\\/uploads\\\/2018\\\/09\\\/Heinz-Oetjen.jpg\",\"datePublished\":\"2013-04-22T13:10:35+00:00\",\"dateModified\":\"2018-09-10T21:46:14+00:00\",\"author\":{\"@id\":\"https:\\\/\\\/paulinenaue.info\\\/#\\\/schema\\\/person\\\/3f9e818fd7b69b0d2bd937ac506897cc\"},\"breadcrumb\":{\"@id\":\"https:\\\/\\\/paulinenaue.info\\\/index.php\\\/kennen-sie-heinz-oetjen-erinnerungen-an-einen-paulinenauer-buergermeister-gesucht\\\/#breadcrumb\"},\"inLanguage\":\"de\",\"potentialAction\":[{\"@type\":\"ReadAction\",\"target\":[\"https:\\\/\\\/paulinenaue.info\\\/index.php\\\/kennen-sie-heinz-oetjen-erinnerungen-an-einen-paulinenauer-buergermeister-gesucht\\\/\"]}]},{\"@type\":\"ImageObject\",\"inLanguage\":\"de\",\"@id\":\"https:\\\/\\\/paulinenaue.info\\\/index.php\\\/kennen-sie-heinz-oetjen-erinnerungen-an-einen-paulinenauer-buergermeister-gesucht\\\/#primaryimage\",\"url\":\"https:\\\/\\\/paulinenaue.info\\\/wp-content\\\/uploads\\\/2018\\\/09\\\/Heinz-Oetjen.jpg\",\"contentUrl\":\"https:\\\/\\\/paulinenaue.info\\\/wp-content\\\/uploads\\\/2018\\\/09\\\/Heinz-Oetjen.jpg\",\"width\":699,\"height\":1000},{\"@type\":\"BreadcrumbList\",\"@id\":\"https:\\\/\\\/paulinenaue.info\\\/index.php\\\/kennen-sie-heinz-oetjen-erinnerungen-an-einen-paulinenauer-buergermeister-gesucht\\\/#breadcrumb\",\"itemListElement\":[{\"@type\":\"ListItem\",\"position\":1,\"name\":\"Home\",\"item\":\"https:\\\/\\\/paulinenaue.info\\\/\"},{\"@type\":\"ListItem\",\"position\":2,\"name\":\"Kennen Sie Heinz Oetjen? \u2013 Erinnerungen an einen Paulinenauer B\u00fcrgermeister gesucht\"}]},{\"@type\":\"WebSite\",\"@id\":\"https:\\\/\\\/paulinenaue.info\\\/#website\",\"url\":\"https:\\\/\\\/paulinenaue.info\\\/\",\"name\":\"Paulinenaue\",\"description\":\"Ein Dorf im Havelland\",\"potentialAction\":[{\"@type\":\"SearchAction\",\"target\":{\"@type\":\"EntryPoint\",\"urlTemplate\":\"https:\\\/\\\/paulinenaue.info\\\/?s={search_term_string}\"},\"query-input\":{\"@type\":\"PropertyValueSpecification\",\"valueRequired\":true,\"valueName\":\"search_term_string\"}}],\"inLanguage\":\"de\"},{\"@type\":\"Person\",\"@id\":\"https:\\\/\\\/paulinenaue.info\\\/#\\\/schema\\\/person\\\/3f9e818fd7b69b0d2bd937ac506897cc\",\"name\":\"Joachim Scholz\",\"url\":\"https:\\\/\\\/paulinenaue.info\\\/index.php\\\/author\\\/jjscholz\\\/\"}]}<\/script>\n<!-- \/ Yoast SEO plugin. -->","yoast_head_json":{"title":"Kennen Sie Heinz Oetjen? \u2013 Erinnerungen an einen Paulinenauer B\u00fcrgermeister gesucht - Paulinenaue","robots":{"index":"index","follow":"follow","max-snippet":"max-snippet:-1","max-image-preview":"max-image-preview:large","max-video-preview":"max-video-preview:-1"},"canonical":"https:\/\/paulinenaue.info\/index.php\/kennen-sie-heinz-oetjen-erinnerungen-an-einen-paulinenauer-buergermeister-gesucht\/","og_locale":"de_DE","og_type":"article","og_title":"Kennen Sie Heinz Oetjen? \u2013 Erinnerungen an einen Paulinenauer B\u00fcrgermeister gesucht - Paulinenaue","og_description":"Gerhard Oetjen war ein kleiner Junge von f\u00fcnf Jahren, als [&hellip;]","og_url":"https:\/\/paulinenaue.info\/index.php\/kennen-sie-heinz-oetjen-erinnerungen-an-einen-paulinenauer-buergermeister-gesucht\/","og_site_name":"Paulinenaue","article_published_time":"2013-04-22T13:10:35+00:00","article_modified_time":"2018-09-10T21:46:14+00:00","og_image":[{"width":699,"height":1000,"url":"https:\/\/i0.wp.com\/paulinenaue.info\/wp-content\/uploads\/2018\/09\/Heinz-Oetjen.jpg?fit=699%2C1000&ssl=1","type":"image\/jpeg"}],"author":"Joachim Scholz","twitter_card":"summary_large_image","twitter_misc":{"Verfasst von":"Joachim Scholz","Gesch\u00e4tzte Lesezeit":"3\u00a0Minuten"},"schema":{"@context":"https:\/\/schema.org","@graph":[{"@type":"Article","@id":"https:\/\/paulinenaue.info\/index.php\/kennen-sie-heinz-oetjen-erinnerungen-an-einen-paulinenauer-buergermeister-gesucht\/#article","isPartOf":{"@id":"https:\/\/paulinenaue.info\/index.php\/kennen-sie-heinz-oetjen-erinnerungen-an-einen-paulinenauer-buergermeister-gesucht\/"},"author":{"name":"Joachim Scholz","@id":"https:\/\/paulinenaue.info\/#\/schema\/person\/3f9e818fd7b69b0d2bd937ac506897cc"},"headline":"Kennen Sie Heinz Oetjen? \u2013 Erinnerungen an einen Paulinenauer B\u00fcrgermeister gesucht","datePublished":"2013-04-22T13:10:35+00:00","dateModified":"2018-09-10T21:46:14+00:00","mainEntityOfPage":{"@id":"https:\/\/paulinenaue.info\/index.php\/kennen-sie-heinz-oetjen-erinnerungen-an-einen-paulinenauer-buergermeister-gesucht\/"},"wordCount":516,"commentCount":0,"image":{"@id":"https:\/\/paulinenaue.info\/index.php\/kennen-sie-heinz-oetjen-erinnerungen-an-einen-paulinenauer-buergermeister-gesucht\/#primaryimage"},"thumbnailUrl":"https:\/\/paulinenaue.info\/wp-content\/uploads\/2018\/09\/Heinz-Oetjen.jpg","keywords":["B\u00fcrgermeister","Heinz Oetjen"],"articleSection":{"1":"Dorfentwicklung","2":"Hier Zuhause","3":"Historie"},"inLanguage":"de","potentialAction":[{"@type":"CommentAction","name":"Comment","target":["https:\/\/paulinenaue.info\/index.php\/kennen-sie-heinz-oetjen-erinnerungen-an-einen-paulinenauer-buergermeister-gesucht\/#respond"]}]},{"@type":"WebPage","@id":"https:\/\/paulinenaue.info\/index.php\/kennen-sie-heinz-oetjen-erinnerungen-an-einen-paulinenauer-buergermeister-gesucht\/","url":"https:\/\/paulinenaue.info\/index.php\/kennen-sie-heinz-oetjen-erinnerungen-an-einen-paulinenauer-buergermeister-gesucht\/","name":"Kennen Sie Heinz Oetjen? \u2013 Erinnerungen an einen Paulinenauer B\u00fcrgermeister gesucht - Paulinenaue","isPartOf":{"@id":"https:\/\/paulinenaue.info\/#website"},"primaryImageOfPage":{"@id":"https:\/\/paulinenaue.info\/index.php\/kennen-sie-heinz-oetjen-erinnerungen-an-einen-paulinenauer-buergermeister-gesucht\/#primaryimage"},"image":{"@id":"https:\/\/paulinenaue.info\/index.php\/kennen-sie-heinz-oetjen-erinnerungen-an-einen-paulinenauer-buergermeister-gesucht\/#primaryimage"},"thumbnailUrl":"https:\/\/paulinenaue.info\/wp-content\/uploads\/2018\/09\/Heinz-Oetjen.jpg","datePublished":"2013-04-22T13:10:35+00:00","dateModified":"2018-09-10T21:46:14+00:00","author":{"@id":"https:\/\/paulinenaue.info\/#\/schema\/person\/3f9e818fd7b69b0d2bd937ac506897cc"},"breadcrumb":{"@id":"https:\/\/paulinenaue.info\/index.php\/kennen-sie-heinz-oetjen-erinnerungen-an-einen-paulinenauer-buergermeister-gesucht\/#breadcrumb"},"inLanguage":"de","potentialAction":[{"@type":"ReadAction","target":["https:\/\/paulinenaue.info\/index.php\/kennen-sie-heinz-oetjen-erinnerungen-an-einen-paulinenauer-buergermeister-gesucht\/"]}]},{"@type":"ImageObject","inLanguage":"de","@id":"https:\/\/paulinenaue.info\/index.php\/kennen-sie-heinz-oetjen-erinnerungen-an-einen-paulinenauer-buergermeister-gesucht\/#primaryimage","url":"https:\/\/paulinenaue.info\/wp-content\/uploads\/2018\/09\/Heinz-Oetjen.jpg","contentUrl":"https:\/\/paulinenaue.info\/wp-content\/uploads\/2018\/09\/Heinz-Oetjen.jpg","width":699,"height":1000},{"@type":"BreadcrumbList","@id":"https:\/\/paulinenaue.info\/index.php\/kennen-sie-heinz-oetjen-erinnerungen-an-einen-paulinenauer-buergermeister-gesucht\/#breadcrumb","itemListElement":[{"@type":"ListItem","position":1,"name":"Home","item":"https:\/\/paulinenaue.info\/"},{"@type":"ListItem","position":2,"name":"Kennen Sie Heinz Oetjen? \u2013 Erinnerungen an einen Paulinenauer B\u00fcrgermeister gesucht"}]},{"@type":"WebSite","@id":"https:\/\/paulinenaue.info\/#website","url":"https:\/\/paulinenaue.info\/","name":"Paulinenaue","description":"Ein Dorf im Havelland","potentialAction":[{"@type":"SearchAction","target":{"@type":"EntryPoint","urlTemplate":"https:\/\/paulinenaue.info\/?s={search_term_string}"},"query-input":{"@type":"PropertyValueSpecification","valueRequired":true,"valueName":"search_term_string"}}],"inLanguage":"de"},{"@type":"Person","@id":"https:\/\/paulinenaue.info\/#\/schema\/person\/3f9e818fd7b69b0d2bd937ac506897cc","name":"Joachim Scholz","url":"https:\/\/paulinenaue.info\/index.php\/author\/jjscholz\/"}]}},"jetpack_publicize_connections":[],"jetpack_featured_media_url":"https:\/\/paulinenaue.info\/wp-content\/uploads\/2018\/09\/Heinz-Oetjen.jpg","jetpack_sharing_enabled":true,"jetpack_shortlink":"https:\/\/wp.me\/pcYhWA-37","jetpack-related-posts":[{"id":415440,"url":"https:\/\/paulinenaue.info\/index.php\/einhundert-jahre-ptsv-1923-eine-chronik\/","url_meta":{"origin":193,"position":0},"title":"Einhundert Jahre PTSV 1923 \u2013 eine Chronik","author":"Joachim Scholz","date":"9. Dezember 2023","format":false,"excerpt":"","rel":"","context":"In &quot;Dorfentwicklung&quot;","block_context":{"text":"Dorfentwicklung","link":"https:\/\/paulinenaue.info\/index.php\/category\/dorfentwicklung\/"},"img":{"alt_text":"","src":"https:\/\/i0.wp.com\/paulinenaue.info\/wp-content\/uploads\/2023\/12\/1958-05-1958-PTSV-am-Himmelfahrtstag-vor-der-Abfahrt-irgendwohin.jpg?resize=350%2C200&ssl=1","width":350,"height":200,"srcset":"https:\/\/i0.wp.com\/paulinenaue.info\/wp-content\/uploads\/2023\/12\/1958-05-1958-PTSV-am-Himmelfahrtstag-vor-der-Abfahrt-irgendwohin.jpg?resize=350%2C200&ssl=1 1x, https:\/\/i0.wp.com\/paulinenaue.info\/wp-content\/uploads\/2023\/12\/1958-05-1958-PTSV-am-Himmelfahrtstag-vor-der-Abfahrt-irgendwohin.jpg?resize=525%2C300&ssl=1 1.5x, https:\/\/i0.wp.com\/paulinenaue.info\/wp-content\/uploads\/2023\/12\/1958-05-1958-PTSV-am-Himmelfahrtstag-vor-der-Abfahrt-irgendwohin.jpg?resize=700%2C400&ssl=1 2x"},"classes":[]},{"id":418075,"url":"https:\/\/paulinenaue.info\/index.php\/100-jahre-ortsgeschichtsschreibung\/","url_meta":{"origin":193,"position":1},"title":"100 Jahre Ortsgeschichtsschreibung","author":"Joachim Scholz","date":"9. Juni 2025","format":false,"excerpt":"","rel":"","context":"In &quot;Dorfentwicklung&quot;","block_context":{"text":"Dorfentwicklung","link":"https:\/\/paulinenaue.info\/index.php\/category\/dorfentwicklung\/"},"img":{"alt_text":"","src":"https:\/\/i0.wp.com\/paulinenaue.info\/wp-content\/uploads\/2025\/06\/1900-ca.-Paulinenaue-Schaeferhaus-unbearbeitet.jpeg?resize=350%2C200&ssl=1","width":350,"height":200,"srcset":"https:\/\/i0.wp.com\/paulinenaue.info\/wp-content\/uploads\/2025\/06\/1900-ca.-Paulinenaue-Schaeferhaus-unbearbeitet.jpeg?resize=350%2C200&ssl=1 1x, https:\/\/i0.wp.com\/paulinenaue.info\/wp-content\/uploads\/2025\/06\/1900-ca.-Paulinenaue-Schaeferhaus-unbearbeitet.jpeg?resize=525%2C300&ssl=1 1.5x, https:\/\/i0.wp.com\/paulinenaue.info\/wp-content\/uploads\/2025\/06\/1900-ca.-Paulinenaue-Schaeferhaus-unbearbeitet.jpeg?resize=700%2C400&ssl=1 2x"},"classes":[]},{"id":415552,"url":"https:\/\/paulinenaue.info\/index.php\/rueckblick-auf-die-feier-zum-ptsv-jubilaeum-am-25-november-2023\/","url_meta":{"origin":193,"position":2},"title":"R\u00fcckblick auf die Feier zum PTSV-Jubil\u00e4um am 25. November 2023","author":"Joachim Scholz","date":"9. Dezember 2023","format":false,"excerpt":"Viele Sportlerinnen und Sportler, die aktiven und die nicht mehr so aktiven, wohnten am 25. November 2023 der Feier zum Jubil\u00e4um der Gr\u00fcndung des Paulinenauer Turn- und Sportvereins bei, die auf den Tag genau 100 Jahre zuvor am selben Ort, im Gasthaus \u201eZu den drei Landkreisen\u201c (heute \u201eApne 3\u201c) stattfand.\u2026","rel":"","context":"In &quot;PTSV&quot;","block_context":{"text":"PTSV","link":"https:\/\/paulinenaue.info\/index.php\/category\/ptsv\/"},"img":{"alt_text":"","src":"https:\/\/i0.wp.com\/paulinenaue.info\/wp-content\/uploads\/2023\/12\/2023-11-25-Apne-3-100-Jahre-PTSV-03.jpeg?resize=350%2C200&ssl=1","width":350,"height":200,"srcset":"https:\/\/i0.wp.com\/paulinenaue.info\/wp-content\/uploads\/2023\/12\/2023-11-25-Apne-3-100-Jahre-PTSV-03.jpeg?resize=350%2C200&ssl=1 1x, https:\/\/i0.wp.com\/paulinenaue.info\/wp-content\/uploads\/2023\/12\/2023-11-25-Apne-3-100-Jahre-PTSV-03.jpeg?resize=525%2C300&ssl=1 1.5x, https:\/\/i0.wp.com\/paulinenaue.info\/wp-content\/uploads\/2023\/12\/2023-11-25-Apne-3-100-Jahre-PTSV-03.jpeg?resize=700%2C400&ssl=1 2x"},"classes":[]},{"id":415945,"url":"https:\/\/paulinenaue.info\/index.php\/chroniken-von-paulinenaue\/","url_meta":{"origin":193,"position":3},"title":"Chroniken von Paulinenaue","author":"Joachim Scholz","date":"4. Februar 2024","format":false,"excerpt":"Kirchenb\u00fccher und Kriegschroniken \u2013 Die Anf\u00e4nge Paulinenaue ist ein junges Dorf, das 1833 aus einem unbedeutenden Vorwerk hervorging. F\u00fcr lange Zeit wurden Aufzeichnungen wichtiger Lebensereignisse seiner Einwohner, wie Geburten, Taufen, Hochzeiten und Todesf\u00e4lle, nur in den Kirchenb\u00fcchern der Nachbargemeinden festgehalten, zu denen es kirchenrechtlich geh\u00f6rte. Erst seit 1920 wurde in\u2026","rel":"","context":"In &quot;Dorfentwicklung&quot;","block_context":{"text":"Dorfentwicklung","link":"https:\/\/paulinenaue.info\/index.php\/category\/dorfentwicklung\/"},"img":{"alt_text":"","src":"https:\/\/i0.wp.com\/paulinenaue.info\/wp-content\/uploads\/2024\/01\/1915-05-23-Heimatszeitung-Titelblatt.jpg?resize=350%2C200&ssl=1","width":350,"height":200,"srcset":"https:\/\/i0.wp.com\/paulinenaue.info\/wp-content\/uploads\/2024\/01\/1915-05-23-Heimatszeitung-Titelblatt.jpg?resize=350%2C200&ssl=1 1x, https:\/\/i0.wp.com\/paulinenaue.info\/wp-content\/uploads\/2024\/01\/1915-05-23-Heimatszeitung-Titelblatt.jpg?resize=525%2C300&ssl=1 1.5x, https:\/\/i0.wp.com\/paulinenaue.info\/wp-content\/uploads\/2024\/01\/1915-05-23-Heimatszeitung-Titelblatt.jpg?resize=700%2C400&ssl=1 2x"},"classes":[]},{"id":418440,"url":"https:\/\/paulinenaue.info\/index.php\/lost-places-exkursion-an-einem-sonntag-im-herbst\/","url_meta":{"origin":193,"position":4},"title":"Lost-Places-Exkursion an einem Sonntag im Herbst","author":"Joachim Scholz","date":"13. Oktober 2025","format":false,"excerpt":"","rel":"","context":"In &quot;Hier Zuhause&quot;","block_context":{"text":"Hier Zuhause","link":"https:\/\/paulinenaue.info\/index.php\/category\/hier-zuhause\/"},"img":{"alt_text":"","src":"https:\/\/i0.wp.com\/paulinenaue.info\/wp-content\/uploads\/2025\/10\/2025-10-12-MVA-02.jpeg?resize=350%2C200&ssl=1","width":350,"height":200,"srcset":"https:\/\/i0.wp.com\/paulinenaue.info\/wp-content\/uploads\/2025\/10\/2025-10-12-MVA-02.jpeg?resize=350%2C200&ssl=1 1x, https:\/\/i0.wp.com\/paulinenaue.info\/wp-content\/uploads\/2025\/10\/2025-10-12-MVA-02.jpeg?resize=525%2C300&ssl=1 1.5x, https:\/\/i0.wp.com\/paulinenaue.info\/wp-content\/uploads\/2025\/10\/2025-10-12-MVA-02.jpeg?resize=700%2C400&ssl=1 2x"},"classes":[]},{"id":416434,"url":"https:\/\/paulinenaue.info\/index.php\/vor-der-wahl-befragt-buergermeister-arne-breder\/","url_meta":{"origin":193,"position":5},"title":"Vor der Wahl befragt: B\u00fcrgermeister Arne Breder","author":"Joachim Scholz","date":"6. Juni 2024","format":false,"excerpt":"Bei der Kommunalwahl im Jahr 2019 schied Paulinenaues langj\u00e4hriger B\u00fcrgermeister Erhard Hesse aus dem Amt. Ein Nachfolger musste gefunden werden. Mit gro\u00dfer Mehrheit ist damals Arne Breder zum B\u00fcrgermeister von Paulinenaue und Selbelang gew\u00e4hlt worden. Breder (geb. 1978), der vor seiner Wahl bereits als Leiter einer caritativen Einrichtung sowie als\u2026","rel":"","context":"In &quot;Allgemein&quot;","block_context":{"text":"Allgemein","link":"https:\/\/paulinenaue.info\/index.php\/category\/allgemein\/"},"img":{"alt_text":"","src":"https:\/\/i0.wp.com\/paulinenaue.info\/wp-content\/uploads\/2024\/06\/2021-10-03-Arne-Breder.jpeg?resize=350%2C200&ssl=1","width":350,"height":200,"srcset":"https:\/\/i0.wp.com\/paulinenaue.info\/wp-content\/uploads\/2024\/06\/2021-10-03-Arne-Breder.jpeg?resize=350%2C200&ssl=1 1x, https:\/\/i0.wp.com\/paulinenaue.info\/wp-content\/uploads\/2024\/06\/2021-10-03-Arne-Breder.jpeg?resize=525%2C300&ssl=1 1.5x, https:\/\/i0.wp.com\/paulinenaue.info\/wp-content\/uploads\/2024\/06\/2021-10-03-Arne-Breder.jpeg?resize=700%2C400&ssl=1 2x"},"classes":[]}],"_links":{"self":[{"href":"https:\/\/paulinenaue.info\/index.php\/wp-json\/wp\/v2\/posts\/193","targetHints":{"allow":["GET"]}}],"collection":[{"href":"https:\/\/paulinenaue.info\/index.php\/wp-json\/wp\/v2\/posts"}],"about":[{"href":"https:\/\/paulinenaue.info\/index.php\/wp-json\/wp\/v2\/types\/post"}],"author":[{"embeddable":true,"href":"https:\/\/paulinenaue.info\/index.php\/wp-json\/wp\/v2\/users\/1"}],"replies":[{"embeddable":true,"href":"https:\/\/paulinenaue.info\/index.php\/wp-json\/wp\/v2\/comments?post=193"}],"version-history":[{"count":3,"href":"https:\/\/paulinenaue.info\/index.php\/wp-json\/wp\/v2\/posts\/193\/revisions"}],"predecessor-version":[{"id":2404,"href":"https:\/\/paulinenaue.info\/index.php\/wp-json\/wp\/v2\/posts\/193\/revisions\/2404"}],"wp:featuredmedia":[{"embeddable":true,"href":"https:\/\/paulinenaue.info\/index.php\/wp-json\/wp\/v2\/media\/2402"}],"wp:attachment":[{"href":"https:\/\/paulinenaue.info\/index.php\/wp-json\/wp\/v2\/media?parent=193"}],"wp:term":[{"taxonomy":"category","embeddable":true,"href":"https:\/\/paulinenaue.info\/index.php\/wp-json\/wp\/v2\/categories?post=193"},{"taxonomy":"post_tag","embeddable":true,"href":"https:\/\/paulinenaue.info\/index.php\/wp-json\/wp\/v2\/tags?post=193"}],"curies":[{"name":"wp","href":"https:\/\/api.w.org\/{rel}","templated":true}]}}