{"id":2054,"date":"2009-07-20T16:09:42","date_gmt":"2009-07-20T14:09:42","guid":{"rendered":"http:\/\/paulinenaue.info\/?p=2054"},"modified":"2018-03-31T16:22:57","modified_gmt":"2018-03-31T14:22:57","slug":"man-lauert-auf-jedes-zeichen-aus-der-aussenwelt-das-reichsarbeitsdienstlager-in-den-grossen-jahnbergen","status":"publish","type":"post","link":"https:\/\/paulinenaue.info\/index.php\/man-lauert-auf-jedes-zeichen-aus-der-aussenwelt-das-reichsarbeitsdienstlager-in-den-grossen-jahnbergen\/","title":{"rendered":"\u201eMan lauert auf jedes Zeichen aus der Au\u00dfenwelt\u201c  &#8211; Das Reichsarbeitsdienstlager in den Gro\u00dfen Jahnbergen"},"content":{"rendered":"<p>Die reizvollen Sandd\u00fcnen der Gro\u00dfen und Kleinen Jahnberge vermitteln inmitten der landwirtschaftlich genutzten Luchfl\u00e4chen des Havellandes den Eindruck einer urspr\u00fcnglichen Naturgestalt. Nur wenige menschliche Hinterlassenschaften sind hier anzufinden, doch war das Gebiet auch immer wieder Anlaufpunkt der Zivilisation. Das Spektrum der Eingriffe reicht von Ansiedelungen in der Vorzeit bis zu einem gl\u00fccklicherweise abgewendeten Vorschlag aus den 1970er Jahren, die Paulinenauer Milchviehanlage an den gesch\u00fctzten Jahnbergen zu errichten. Auch w\u00e4hrend der nationalsozialistischen Herrschaft hatte man ein Auge auf diesen Ort. An der Nordseite der Gro\u00dfen Jahnberge hatte der so genannte \u201eReichsarbeitsdienst\u201c (<abbr title=\"Reichsarbeitsdienst\">RAD<\/abbr>) ein Lager errichtet, das nach Rittmeister Emanuel von Froben, einem m\u00e4rkischen Helden aus der Schlacht bei Fehrbellin, benannt worden war. Wie sah dieses Lager aus, wer belegte es und wie muss man sich das Leben darin vorstellen? Was war \u00fcberhaupt die Aufgabe, die der Reichsarbeitsdienst an dieser entlegenen Stelle im Havell\u00e4ndischen Luch wahrnehmen sollte?<\/p>\n<p>Der freiwillige Arbeitsdienst (<abbr title=\"Freiwilliger Arbeitsdienst\">FAD<\/abbr>) war urspr\u00fcnglich eine Arbeitsbeschaffungsma\u00dfnahme f\u00fcr Jugendliche in der wirtschaftlichen Krisensituation am Ende der Weimarer Republik. Idee und erste Realisierungsversuche reichen also vor die Nazizeit zur\u00fcck, doch erst das Dritte Reich baute den Arbeitsdienst aus und stellte ihn in den Dienst des nationalsozialistischen Erziehungsgedankens. Als \u201eSoldaten der Arbeit\u201c sollten die Angeh\u00f6rigen des Reichsarbeitsdienstes Tugenden wie Flei\u00df, Gehorsam und selbstlose Gemeinschaftlichkeit ein\u00fcben und nebenbei n\u00fctzliche Arbeit verrichten. Sp\u00e4ter gewannen die wirtschaftlichen Dienstleistungen an Bedeutung und ab dem Krieg half die Organisation zunehmend auch bei der Umsetzung milit\u00e4rischer Ziele. Klaus Kiran Pathel hat in seinem Standardwerk den\u00a0<abbr title=\"Reichsarbeitsdienst\">RAD<\/abbr>\u00a0als \u201eeine Art Feuerwehr\u201c bezeichnet, \u201edie dort eingesetzt wurde, wo die Krisenhaftigkeit des Regimes am deutlichsten zum Ausdruck kam\u201c. Die jungen Arbeitsdienstler &#8211; ab 1935 war von jedem m\u00e4nnlichen Jugendlichen eine sechsmonatige Pflichtzeit zu absolvieren &#8211; waren unter den genannten Zielsetzungen oft genug blo\u00df Objekte von Ausbeutung und Drill. Die anfangs mitlaufende Absicht, den Jugendlichen die \u201eAugen zu \u00f6ffnen f\u00fcr die Sch\u00f6nheiten der Natur\u201c, wie es der Reichskommissar des Arbeitsdienstes Konstantin Hierl formulierte, trat dahinter zur\u00fcck.<\/p>\n<div style=\"width: 510px\" class=\"wp-caption alignnone\"><img class=\"lazyload\" decoding=\"async\" title=\"Postkarte des Reichsarbeitsdienstlagers in den Gro\u00dfen Jahnbergen\" src=\"data:image\/svg+xml,%3Csvg%20xmlns%3D%27http%3A%2F%2Fwww.w3.org%2F2000%2Fsvg%27%20width%3D%27500%27%20height%3D%27324%27%20viewBox%3D%270%200%20500%20324%27%3E%3Crect%20width%3D%27500%27%20height%3D%27324%27%20fill-opacity%3D%220%22%2F%3E%3C%2Fsvg%3E\" data-orig-src=\"http:\/\/archiv.paulinenaue.info\/extra\/extra\/extra\/extra\/extra\/extra\/einzelne\/fotos\/04_orte\/19380910_postkarte_rad_lager_jahnberge_01.jpg\" alt=\"RAD-Lager Jahnberge\" width=\"500\" height=\"324\" \/><p class=\"wp-caption-text\">Postkarte des Reichsarbeitsdienstlagers in den Gro\u00dfen Jahnbergen. Sammlung Frank Schrader, Paulinenaue<\/p><\/div>\n<p>Auf einigen Postkartenmotiven l\u00e4sst sich die \u00e4u\u00dfere Gestalt des Lagers Jahnberge ausmachen. Es bestand aus sechs Baracken in einfacher Holzbauweise, sehr gut erkennt man den regelm\u00e4\u00dfigen Grundriss mit Lagerhof, Wirtschaftsgarten, Flaggenmasten und Schilderh\u00e4usern, wie er f\u00fcr alle deutschen Arbeitsdienstlager typisch war. An der Einfahrt patrolliert ein Posten mit obligatorischem Sch\u00e4ferhund. Eine andere Karte zeigt einen \u00fcbergro\u00dfen Reichsadler, der beim Eintritt den Eindruck nationaler Macht und Gr\u00f6\u00dfe hervorrufen sollte. Auch im Innern dominierten nationalsozialistische Ordnungsvorstellungen. Auf einer Postkarte aus dem Jahr 1937 beschreibt ein Arbeitsdienstler knapp einige Eindr\u00fccke seines Aufenthaltes: \u201eWenig Zeit zum Schreiben, morgen Baustelle, Wetter schwankend, Essen gut, Lager gut, nur einsam. &#8230; Man lauert auf jedes Zeichen aus der Au\u00dfenwelt. &#8230; 5 Uhr Wecken, 9 Uhr Zapfenstreich. Dienst bis auf die Minute geregelt.\u201c<\/p>\n<p>Tats\u00e4chlich wird man sich das Lagerleben in Jahnberge als eine Mischung aus strenger vormilit\u00e4rischer Ausbildung und harter bodenwirtschaftlicher Arbeit vorstellen k\u00f6nnen. Die Insassen waren seit 1937 mit der Fortf\u00fchrung von Meliorationsarbeiten besch\u00e4ftigt, die im Havell\u00e4ndischen Luch dauernd anfielen. Indem sie in den umliegenden Gemarkungen die Grundr\u00e4umung von Gr\u00e4ben besorgten, sich an der Errichtung von Br\u00fccken, Wegen und Windschutzstreifen oder am Ausbau des Kleinen Havell\u00e4ndischen Hauptkanals beteiligten, \u00fcbernahmen sie immer wieder Aufgaben, die eigentlich dem Wasser- und Bodenverband zufielen. Neben Jahnberge bestanden im Havell\u00e4ndischen Luch weitere Lager in Mangelshorst, G\u00f6rne, Nauen, Bienenfarm und in Buckow.<\/p>\n<div style=\"width: 312px\" class=\"wp-caption alignnone\"><img class=\"lazyload\" decoding=\"async\" title=\"Reichsadler am Eingang des RAD-Lagers Jahnberge\" src=\"data:image\/svg+xml,%3Csvg%20xmlns%3D%27http%3A%2F%2Fwww.w3.org%2F2000%2Fsvg%27%20width%3D%27302%27%20height%3D%27500%27%20viewBox%3D%270%200%20302%20500%27%3E%3Crect%20width%3D%27302%27%20height%3D%27500%27%20fill-opacity%3D%220%22%2F%3E%3C%2Fsvg%3E\" data-orig-src=\"http:\/\/archiv.paulinenaue.info\/extra\/extra\/extra\/extra\/extra\/extra\/einzelne\/fotos\/04_orte\/19390914_postkarte_rad_lager_jahnberge_01.jpg\" alt=\"Adler RAD\" width=\"302\" height=\"500\" \/><p class=\"wp-caption-text\">Reichsadler am Eingang des RAD-Lagers Jahnberge.\u00a0Sammlung Frank Schrader, Paulinenaue<\/p><\/div>\n<p class=\"bildunterschrift-ng\">Wie sehr die milit\u00e4rische Erziehung zu willf\u00e4hrigen Soldaten das Lagerleben bestimmte, geht aus einem Fundus von Feldpostbriefen hervor, die der Berliner Jugendliche Joachim Kowarik in den letzten Kriegstagen aus Jahnberge an seine Eltern in Charlottenburg schrieb. Unverbl\u00fcmt beschreibt Kowarik die Schikanen und die totale Kontrolle, der er ausgesetzt war. Sein Vorgesetzter sei \u201eein guter Pg. (Parteigenosse) und richtiges Nazigestell\u201c und erteile den Jungen politischen Unterricht: \u201eBei diesem Genossen haben wir den meisten politischen Unterricht. Am 2. oder 3. Tag kam dieser Nazi in unsere Truppstube, er richtete an uns einige politische Fragen, ich gab eine gute Antwort und wurde als erster in seine Liste eingetragen; wie ich sp\u00e4ter erfuhr, sind alle, die auf seiner Liste standen, die Auslese, bezw. die Intelligenz. Am 3ten Tag ging es zum ersten Mal auf den Platz zum Ordnungsdienst. Dort fiel ich durch eine schlechte Haltung auf und wurde aus den Reihen der sogenannten Intelligenz ausgeschieden. Die Auslese wird besonders ausgebildet. Diese sollen, glaube ich, als\u00a0<abbr title=\"Reichsarbeitsdienst\">RAD<\/abbr>-F\u00fchrer &#8230; herangezogen werden, inzwischen hat sich meine Haltung zu Gunsten ge\u00e4ndert.\u201c<\/p>\n<div style=\"width: 510px\" class=\"wp-caption alignnone\"><img class=\"lazyload\" decoding=\"async\" title=\"Reichsarbeitsdienstler auf dem Paulinenauer Bahnhof\" src=\"data:image\/svg+xml,%3Csvg%20xmlns%3D%27http%3A%2F%2Fwww.w3.org%2F2000%2Fsvg%27%20width%3D%27500%27%20height%3D%27306%27%20viewBox%3D%270%200%20500%20306%27%3E%3Crect%20width%3D%27500%27%20height%3D%27306%27%20fill-opacity%3D%220%22%2F%3E%3C%2Fsvg%3E\" data-orig-src=\"http:\/\/archiv.paulinenaue.info\/extra\/extra\/extra\/extra\/extra\/extra\/einzelne\/fotos\/04_orte\/1938_bahnhof_01.jpg\" alt=\"Arbeitsdienstler\" width=\"500\" height=\"306\" \/><p class=\"wp-caption-text\">Eine Gruppe Arbeitsdienstler am Paulinenauer Bahnhof 1938. Sammlung Frank Schrader, Paulinenaue<\/p><\/div>\n<p class=\"bildunterschrift-ng\">Joachims Gedanken kreisen noch einige Tage um seine k\u00f6rperliche Kondition, er schreibt \u00fcber seine Leistungen auf der Hindernisbahn, bei Klimmzug- und Weitsprung\u00fcbungen, doch sp\u00e4testens, als er von der Bombardierung Potsdams am 14. April 1945 erf\u00e4hrt und das N\u00e4herkommen der Front selbst beobachten kann, ergreift ihn offenbar die schiere Angst. Wenige Tage, bevor polnische Einheiten Ende April 1945 in das Havelland vordrangen, datieren Kowariks letzte erhaltene Zeilen: \u201eIch schreibe diesen Brief gerade in der Dienstzeit, zu einer Zeit, wo gerade drei oder vier feindliche Tiefflieger hier \u00fcber unser[em] Lager erscheinen und mit Bordwaffen, Kanonen u.s.w. Bahnhof Paulinenaue nebst Eisenbahnen beschie\u00dfen. Dieses ist nun schon der dritte Angriff, den wir in kurzer Zeit hier unmittelbar erhalten\u201c. Wie viele junge Soldaten ersehnt er nun vor allem ein Wiedersehen mit seiner Mutter, f\u00fcr die er Brot und Butter gespart hat, Dinge, die sie noch erhalten soll, bevor, wie er schreibt, \u201eder Herr uns wohl in die Gefangenschaft stecken m\u00f6ge\u201c.<\/p>\n<p>Was aus Joachim Kowarik geworden ist und wie das Jahnberger Arbeitsdienstlager letztendlich aufgel\u00f6st wurde, d\u00fcrfte sich nur schwer ermitteln lassen. Die Briefe des jungen Arbeitsmannes geben jedoch wertvolle Einblicke in das chaotische Ende des Naziregimes und in die bis dahin fortdauernde Existenz einer Organisation, von der vor Ort heute kaum noch sichtbare Spuren zu finden sind. Die Baracken sind restlos verschwunden, nur einzelne damals angepflanzte Fliederhecken und die eine oder andere regelm\u00e4\u00dfig verlaufende Baumreihe zeugen noch von jener kurzen Episode in der Geschichte des heutigen Naturschutzgebietes. Alles andere hat sich, zum Gl\u00fcck, l\u00e4ngst die urw\u00fcchsige Landschaft zur\u00fcckerobert.<\/p>\n<p class=\"untertitel\"><strong>Literatur:<\/strong>\u00a0Patel, Kiran Klaus (2003): &#8222;Soldaten der Arbeit&#8220;: Arbeitsdienste in Deutschland und den USA 1933-1945. G\u00f6ttingen: Vandenhoeck &amp; Ruprecht.\u00a0<strong>Quellen:<\/strong>\u00a0Feldpostbriefe des Arbeitsmannes Joachim Kowarik aus dem Reichsarbeitsdienstlager &#8222;Rittmeister von Froben&#8220; in den Gro\u00dfen Jahnbergen an seine Eltern, Familie H. Kowarik in Berlin Charlottenburg, April 1945. Archiv Frank Schrader, Paulinenaue. Postkarte von Hans ? aus dem Reichsarbeitsdienstlager Jahnberge an Helmut Micheli vom 12.04.1937, Original bei Frank Schrader, Paulinenaue. Archiv Frank Schrader, Paulinenaue.<\/p>\n","protected":false},"excerpt":{"rendered":"<p>Die reizvollen Sandd\u00fcnen der Gro\u00dfen und Kleinen Jahnberge vermitteln inmitten [&hellip;]<\/p>\n","protected":false},"author":1,"featured_media":2058,"comment_status":"open","ping_status":"open","sticky":false,"template":"","format":"standard","meta":{"_acf_changed":false,"_price":"","_stock":"","_tribe_ticket_header":"","_tribe_default_ticket_provider":"","_tribe_ticket_capacity":"0","_ticket_start_date":"","_ticket_end_date":"","_tribe_ticket_show_description":"","_tribe_ticket_show_not_going":false,"_tribe_ticket_use_global_stock":"","_tribe_ticket_global_stock_level":"","_global_stock_mode":"","_global_stock_cap":"","_tribe_rsvp_for_event":"","_tribe_ticket_going_count":"","_tribe_ticket_not_going_count":"","_tribe_tickets_list":"[]","_tribe_ticket_has_attendee_info_fields":false,"jetpack_post_was_ever_published":false,"_jetpack_newsletter_access":"","_jetpack_dont_email_post_to_subs":false,"_jetpack_newsletter_tier_id":0,"_jetpack_memberships_contains_paywalled_content":false,"_jetpack_memberships_contains_paid_content":false,"footnotes":"","jetpack_publicize_message":"","jetpack_publicize_feature_enabled":true,"jetpack_social_post_already_shared":true,"jetpack_social_options":{"image_generator_settings":{"template":"highway","default_image_id":0,"font":"","enabled":false},"version":2}},"categories":[1,7],"tags":[132,165,178],"class_list":["post-2054","post","type-post","status-publish","format-standard","has-post-thumbnail","hentry","category-allgemein","category-historie","tag-jahnberge","tag-nationalsozialismus","tag-reichsarbeitsdienstlager"],"acf":[],"yoast_head":"<!-- This site is optimized with the Yoast SEO plugin v27.5 - https:\/\/yoast.com\/product\/yoast-seo-wordpress\/ -->\n<title>\u201eMan lauert auf jedes Zeichen aus der Au\u00dfenwelt\u201c - Das Reichsarbeitsdienstlager in den Gro\u00dfen Jahnbergen - Paulinenaue<\/title>\n<meta name=\"robots\" content=\"index, follow, max-snippet:-1, max-image-preview:large, max-video-preview:-1\" \/>\n<link rel=\"canonical\" href=\"https:\/\/paulinenaue.info\/index.php\/man-lauert-auf-jedes-zeichen-aus-der-aussenwelt-das-reichsarbeitsdienstlager-in-den-grossen-jahnbergen\/\" \/>\n<meta property=\"og:locale\" content=\"de_DE\" \/>\n<meta property=\"og:type\" content=\"article\" \/>\n<meta property=\"og:title\" content=\"\u201eMan lauert auf jedes Zeichen aus der Au\u00dfenwelt\u201c - Das Reichsarbeitsdienstlager in den Gro\u00dfen Jahnbergen - Paulinenaue\" \/>\n<meta property=\"og:description\" content=\"Die reizvollen Sandd\u00fcnen der Gro\u00dfen und Kleinen Jahnberge vermitteln inmitten [&hellip;]\" \/>\n<meta property=\"og:url\" content=\"https:\/\/paulinenaue.info\/index.php\/man-lauert-auf-jedes-zeichen-aus-der-aussenwelt-das-reichsarbeitsdienstlager-in-den-grossen-jahnbergen\/\" \/>\n<meta property=\"og:site_name\" content=\"Paulinenaue\" \/>\n<meta property=\"article:published_time\" content=\"2009-07-20T14:09:42+00:00\" \/>\n<meta property=\"article:modified_time\" content=\"2018-03-31T14:22:57+00:00\" \/>\n<meta property=\"og:image\" content=\"https:\/\/i0.wp.com\/paulinenaue.info\/wp-content\/uploads\/2009\/07\/Postkarte-RAD-Lager-Jahnberg-1937.jpg?fit=800%2C498&ssl=1\" \/>\n\t<meta property=\"og:image:width\" content=\"800\" \/>\n\t<meta property=\"og:image:height\" content=\"498\" \/>\n\t<meta property=\"og:image:type\" content=\"image\/jpeg\" \/>\n<meta name=\"author\" content=\"Joachim Scholz\" \/>\n<meta name=\"twitter:card\" content=\"summary_large_image\" \/>\n<meta name=\"twitter:label1\" content=\"Verfasst von\" \/>\n\t<meta name=\"twitter:data1\" content=\"Joachim Scholz\" \/>\n\t<meta name=\"twitter:label2\" content=\"Gesch\u00e4tzte Lesezeit\" \/>\n\t<meta name=\"twitter:data2\" content=\"6\u00a0Minuten\" \/>\n<script type=\"application\/ld+json\" class=\"yoast-schema-graph\">{\"@context\":\"https:\\\/\\\/schema.org\",\"@graph\":[{\"@type\":\"Article\",\"@id\":\"https:\\\/\\\/paulinenaue.info\\\/index.php\\\/man-lauert-auf-jedes-zeichen-aus-der-aussenwelt-das-reichsarbeitsdienstlager-in-den-grossen-jahnbergen\\\/#article\",\"isPartOf\":{\"@id\":\"https:\\\/\\\/paulinenaue.info\\\/index.php\\\/man-lauert-auf-jedes-zeichen-aus-der-aussenwelt-das-reichsarbeitsdienstlager-in-den-grossen-jahnbergen\\\/\"},\"author\":{\"name\":\"Joachim Scholz\",\"@id\":\"https:\\\/\\\/paulinenaue.info\\\/#\\\/schema\\\/person\\\/3f9e818fd7b69b0d2bd937ac506897cc\"},\"headline\":\"\u201eMan lauert auf jedes Zeichen aus der Au\u00dfenwelt\u201c &#8211; Das Reichsarbeitsdienstlager in den Gro\u00dfen Jahnbergen\",\"datePublished\":\"2009-07-20T14:09:42+00:00\",\"dateModified\":\"2018-03-31T14:22:57+00:00\",\"mainEntityOfPage\":{\"@id\":\"https:\\\/\\\/paulinenaue.info\\\/index.php\\\/man-lauert-auf-jedes-zeichen-aus-der-aussenwelt-das-reichsarbeitsdienstlager-in-den-grossen-jahnbergen\\\/\"},\"wordCount\":1157,\"commentCount\":0,\"image\":{\"@id\":\"https:\\\/\\\/paulinenaue.info\\\/index.php\\\/man-lauert-auf-jedes-zeichen-aus-der-aussenwelt-das-reichsarbeitsdienstlager-in-den-grossen-jahnbergen\\\/#primaryimage\"},\"thumbnailUrl\":\"https:\\\/\\\/paulinenaue.info\\\/wp-content\\\/uploads\\\/2009\\\/07\\\/Postkarte-RAD-Lager-Jahnberg-1937.jpg\",\"keywords\":[\"Jahnberge\",\"Nationalsozialismus\",\"Reichsarbeitsdienstlager\"],\"articleSection\":{\"1\":\"Historie\"},\"inLanguage\":\"de\",\"potentialAction\":[{\"@type\":\"CommentAction\",\"name\":\"Comment\",\"target\":[\"https:\\\/\\\/paulinenaue.info\\\/index.php\\\/man-lauert-auf-jedes-zeichen-aus-der-aussenwelt-das-reichsarbeitsdienstlager-in-den-grossen-jahnbergen\\\/#respond\"]}]},{\"@type\":\"WebPage\",\"@id\":\"https:\\\/\\\/paulinenaue.info\\\/index.php\\\/man-lauert-auf-jedes-zeichen-aus-der-aussenwelt-das-reichsarbeitsdienstlager-in-den-grossen-jahnbergen\\\/\",\"url\":\"https:\\\/\\\/paulinenaue.info\\\/index.php\\\/man-lauert-auf-jedes-zeichen-aus-der-aussenwelt-das-reichsarbeitsdienstlager-in-den-grossen-jahnbergen\\\/\",\"name\":\"\u201eMan lauert auf jedes Zeichen aus der Au\u00dfenwelt\u201c - Das Reichsarbeitsdienstlager in den Gro\u00dfen Jahnbergen - Paulinenaue\",\"isPartOf\":{\"@id\":\"https:\\\/\\\/paulinenaue.info\\\/#website\"},\"primaryImageOfPage\":{\"@id\":\"https:\\\/\\\/paulinenaue.info\\\/index.php\\\/man-lauert-auf-jedes-zeichen-aus-der-aussenwelt-das-reichsarbeitsdienstlager-in-den-grossen-jahnbergen\\\/#primaryimage\"},\"image\":{\"@id\":\"https:\\\/\\\/paulinenaue.info\\\/index.php\\\/man-lauert-auf-jedes-zeichen-aus-der-aussenwelt-das-reichsarbeitsdienstlager-in-den-grossen-jahnbergen\\\/#primaryimage\"},\"thumbnailUrl\":\"https:\\\/\\\/paulinenaue.info\\\/wp-content\\\/uploads\\\/2009\\\/07\\\/Postkarte-RAD-Lager-Jahnberg-1937.jpg\",\"datePublished\":\"2009-07-20T14:09:42+00:00\",\"dateModified\":\"2018-03-31T14:22:57+00:00\",\"author\":{\"@id\":\"https:\\\/\\\/paulinenaue.info\\\/#\\\/schema\\\/person\\\/3f9e818fd7b69b0d2bd937ac506897cc\"},\"breadcrumb\":{\"@id\":\"https:\\\/\\\/paulinenaue.info\\\/index.php\\\/man-lauert-auf-jedes-zeichen-aus-der-aussenwelt-das-reichsarbeitsdienstlager-in-den-grossen-jahnbergen\\\/#breadcrumb\"},\"inLanguage\":\"de\",\"potentialAction\":[{\"@type\":\"ReadAction\",\"target\":[\"https:\\\/\\\/paulinenaue.info\\\/index.php\\\/man-lauert-auf-jedes-zeichen-aus-der-aussenwelt-das-reichsarbeitsdienstlager-in-den-grossen-jahnbergen\\\/\"]}]},{\"@type\":\"ImageObject\",\"inLanguage\":\"de\",\"@id\":\"https:\\\/\\\/paulinenaue.info\\\/index.php\\\/man-lauert-auf-jedes-zeichen-aus-der-aussenwelt-das-reichsarbeitsdienstlager-in-den-grossen-jahnbergen\\\/#primaryimage\",\"url\":\"https:\\\/\\\/paulinenaue.info\\\/wp-content\\\/uploads\\\/2009\\\/07\\\/Postkarte-RAD-Lager-Jahnberg-1937.jpg\",\"contentUrl\":\"https:\\\/\\\/paulinenaue.info\\\/wp-content\\\/uploads\\\/2009\\\/07\\\/Postkarte-RAD-Lager-Jahnberg-1937.jpg\",\"width\":\"800\",\"height\":\"498\",\"caption\":\"Postkarte aus dem Reichsarbeitsdienstlager Jahnberge, 1937\"},{\"@type\":\"BreadcrumbList\",\"@id\":\"https:\\\/\\\/paulinenaue.info\\\/index.php\\\/man-lauert-auf-jedes-zeichen-aus-der-aussenwelt-das-reichsarbeitsdienstlager-in-den-grossen-jahnbergen\\\/#breadcrumb\",\"itemListElement\":[{\"@type\":\"ListItem\",\"position\":1,\"name\":\"Home\",\"item\":\"https:\\\/\\\/paulinenaue.info\\\/\"},{\"@type\":\"ListItem\",\"position\":2,\"name\":\"\u201eMan lauert auf jedes Zeichen aus der Au\u00dfenwelt\u201c &#8211; Das Reichsarbeitsdienstlager in den Gro\u00dfen Jahnbergen\"}]},{\"@type\":\"WebSite\",\"@id\":\"https:\\\/\\\/paulinenaue.info\\\/#website\",\"url\":\"https:\\\/\\\/paulinenaue.info\\\/\",\"name\":\"Paulinenaue\",\"description\":\"Ein Dorf im Havelland\",\"potentialAction\":[{\"@type\":\"SearchAction\",\"target\":{\"@type\":\"EntryPoint\",\"urlTemplate\":\"https:\\\/\\\/paulinenaue.info\\\/?s={search_term_string}\"},\"query-input\":{\"@type\":\"PropertyValueSpecification\",\"valueRequired\":true,\"valueName\":\"search_term_string\"}}],\"inLanguage\":\"de\"},{\"@type\":\"Person\",\"@id\":\"https:\\\/\\\/paulinenaue.info\\\/#\\\/schema\\\/person\\\/3f9e818fd7b69b0d2bd937ac506897cc\",\"name\":\"Joachim Scholz\",\"url\":\"https:\\\/\\\/paulinenaue.info\\\/index.php\\\/author\\\/jjscholz\\\/\"}]}<\/script>\n<!-- \/ Yoast SEO plugin. -->","yoast_head_json":{"title":"\u201eMan lauert auf jedes Zeichen aus der Au\u00dfenwelt\u201c - Das Reichsarbeitsdienstlager in den Gro\u00dfen Jahnbergen - Paulinenaue","robots":{"index":"index","follow":"follow","max-snippet":"max-snippet:-1","max-image-preview":"max-image-preview:large","max-video-preview":"max-video-preview:-1"},"canonical":"https:\/\/paulinenaue.info\/index.php\/man-lauert-auf-jedes-zeichen-aus-der-aussenwelt-das-reichsarbeitsdienstlager-in-den-grossen-jahnbergen\/","og_locale":"de_DE","og_type":"article","og_title":"\u201eMan lauert auf jedes Zeichen aus der Au\u00dfenwelt\u201c - Das Reichsarbeitsdienstlager in den Gro\u00dfen Jahnbergen - Paulinenaue","og_description":"Die reizvollen Sandd\u00fcnen der Gro\u00dfen und Kleinen Jahnberge vermitteln inmitten [&hellip;]","og_url":"https:\/\/paulinenaue.info\/index.php\/man-lauert-auf-jedes-zeichen-aus-der-aussenwelt-das-reichsarbeitsdienstlager-in-den-grossen-jahnbergen\/","og_site_name":"Paulinenaue","article_published_time":"2009-07-20T14:09:42+00:00","article_modified_time":"2018-03-31T14:22:57+00:00","og_image":[{"width":800,"height":498,"url":"https:\/\/i0.wp.com\/paulinenaue.info\/wp-content\/uploads\/2009\/07\/Postkarte-RAD-Lager-Jahnberg-1937.jpg?fit=800%2C498&ssl=1","type":"image\/jpeg"}],"author":"Joachim Scholz","twitter_card":"summary_large_image","twitter_misc":{"Verfasst von":"Joachim Scholz","Gesch\u00e4tzte Lesezeit":"6\u00a0Minuten"},"schema":{"@context":"https:\/\/schema.org","@graph":[{"@type":"Article","@id":"https:\/\/paulinenaue.info\/index.php\/man-lauert-auf-jedes-zeichen-aus-der-aussenwelt-das-reichsarbeitsdienstlager-in-den-grossen-jahnbergen\/#article","isPartOf":{"@id":"https:\/\/paulinenaue.info\/index.php\/man-lauert-auf-jedes-zeichen-aus-der-aussenwelt-das-reichsarbeitsdienstlager-in-den-grossen-jahnbergen\/"},"author":{"name":"Joachim Scholz","@id":"https:\/\/paulinenaue.info\/#\/schema\/person\/3f9e818fd7b69b0d2bd937ac506897cc"},"headline":"\u201eMan lauert auf jedes Zeichen aus der Au\u00dfenwelt\u201c &#8211; Das Reichsarbeitsdienstlager in den Gro\u00dfen Jahnbergen","datePublished":"2009-07-20T14:09:42+00:00","dateModified":"2018-03-31T14:22:57+00:00","mainEntityOfPage":{"@id":"https:\/\/paulinenaue.info\/index.php\/man-lauert-auf-jedes-zeichen-aus-der-aussenwelt-das-reichsarbeitsdienstlager-in-den-grossen-jahnbergen\/"},"wordCount":1157,"commentCount":0,"image":{"@id":"https:\/\/paulinenaue.info\/index.php\/man-lauert-auf-jedes-zeichen-aus-der-aussenwelt-das-reichsarbeitsdienstlager-in-den-grossen-jahnbergen\/#primaryimage"},"thumbnailUrl":"https:\/\/paulinenaue.info\/wp-content\/uploads\/2009\/07\/Postkarte-RAD-Lager-Jahnberg-1937.jpg","keywords":["Jahnberge","Nationalsozialismus","Reichsarbeitsdienstlager"],"articleSection":{"1":"Historie"},"inLanguage":"de","potentialAction":[{"@type":"CommentAction","name":"Comment","target":["https:\/\/paulinenaue.info\/index.php\/man-lauert-auf-jedes-zeichen-aus-der-aussenwelt-das-reichsarbeitsdienstlager-in-den-grossen-jahnbergen\/#respond"]}]},{"@type":"WebPage","@id":"https:\/\/paulinenaue.info\/index.php\/man-lauert-auf-jedes-zeichen-aus-der-aussenwelt-das-reichsarbeitsdienstlager-in-den-grossen-jahnbergen\/","url":"https:\/\/paulinenaue.info\/index.php\/man-lauert-auf-jedes-zeichen-aus-der-aussenwelt-das-reichsarbeitsdienstlager-in-den-grossen-jahnbergen\/","name":"\u201eMan lauert auf jedes Zeichen aus der Au\u00dfenwelt\u201c - Das Reichsarbeitsdienstlager in den Gro\u00dfen Jahnbergen - Paulinenaue","isPartOf":{"@id":"https:\/\/paulinenaue.info\/#website"},"primaryImageOfPage":{"@id":"https:\/\/paulinenaue.info\/index.php\/man-lauert-auf-jedes-zeichen-aus-der-aussenwelt-das-reichsarbeitsdienstlager-in-den-grossen-jahnbergen\/#primaryimage"},"image":{"@id":"https:\/\/paulinenaue.info\/index.php\/man-lauert-auf-jedes-zeichen-aus-der-aussenwelt-das-reichsarbeitsdienstlager-in-den-grossen-jahnbergen\/#primaryimage"},"thumbnailUrl":"https:\/\/paulinenaue.info\/wp-content\/uploads\/2009\/07\/Postkarte-RAD-Lager-Jahnberg-1937.jpg","datePublished":"2009-07-20T14:09:42+00:00","dateModified":"2018-03-31T14:22:57+00:00","author":{"@id":"https:\/\/paulinenaue.info\/#\/schema\/person\/3f9e818fd7b69b0d2bd937ac506897cc"},"breadcrumb":{"@id":"https:\/\/paulinenaue.info\/index.php\/man-lauert-auf-jedes-zeichen-aus-der-aussenwelt-das-reichsarbeitsdienstlager-in-den-grossen-jahnbergen\/#breadcrumb"},"inLanguage":"de","potentialAction":[{"@type":"ReadAction","target":["https:\/\/paulinenaue.info\/index.php\/man-lauert-auf-jedes-zeichen-aus-der-aussenwelt-das-reichsarbeitsdienstlager-in-den-grossen-jahnbergen\/"]}]},{"@type":"ImageObject","inLanguage":"de","@id":"https:\/\/paulinenaue.info\/index.php\/man-lauert-auf-jedes-zeichen-aus-der-aussenwelt-das-reichsarbeitsdienstlager-in-den-grossen-jahnbergen\/#primaryimage","url":"https:\/\/paulinenaue.info\/wp-content\/uploads\/2009\/07\/Postkarte-RAD-Lager-Jahnberg-1937.jpg","contentUrl":"https:\/\/paulinenaue.info\/wp-content\/uploads\/2009\/07\/Postkarte-RAD-Lager-Jahnberg-1937.jpg","width":"800","height":"498","caption":"Postkarte aus dem Reichsarbeitsdienstlager Jahnberge, 1937"},{"@type":"BreadcrumbList","@id":"https:\/\/paulinenaue.info\/index.php\/man-lauert-auf-jedes-zeichen-aus-der-aussenwelt-das-reichsarbeitsdienstlager-in-den-grossen-jahnbergen\/#breadcrumb","itemListElement":[{"@type":"ListItem","position":1,"name":"Home","item":"https:\/\/paulinenaue.info\/"},{"@type":"ListItem","position":2,"name":"\u201eMan lauert auf jedes Zeichen aus der Au\u00dfenwelt\u201c &#8211; Das Reichsarbeitsdienstlager in den Gro\u00dfen Jahnbergen"}]},{"@type":"WebSite","@id":"https:\/\/paulinenaue.info\/#website","url":"https:\/\/paulinenaue.info\/","name":"Paulinenaue","description":"Ein Dorf im Havelland","potentialAction":[{"@type":"SearchAction","target":{"@type":"EntryPoint","urlTemplate":"https:\/\/paulinenaue.info\/?s={search_term_string}"},"query-input":{"@type":"PropertyValueSpecification","valueRequired":true,"valueName":"search_term_string"}}],"inLanguage":"de"},{"@type":"Person","@id":"https:\/\/paulinenaue.info\/#\/schema\/person\/3f9e818fd7b69b0d2bd937ac506897cc","name":"Joachim Scholz","url":"https:\/\/paulinenaue.info\/index.php\/author\/jjscholz\/"}]}},"jetpack_publicize_connections":[],"jetpack_featured_media_url":"https:\/\/paulinenaue.info\/wp-content\/uploads\/2009\/07\/Postkarte-RAD-Lager-Jahnberg-1937.jpg","jetpack_sharing_enabled":true,"jetpack_shortlink":"https:\/\/wp.me\/pcYhWA-x8","jetpack-related-posts":[{"id":1387,"url":"https:\/\/paulinenaue.info\/index.php\/der-polnische-zwangsarbeiter-stanislaw-kazinski-in-jahnberge\/","url_meta":{"origin":2054,"position":0},"title":"Der polnische Zwangsarbeiter Stanis\u0142aw Kazi\u0144ski in Jahnberge &#8211; Eine Brosch\u00fcre von Anke Goersz","author":"Sarah","date":"10. September 2017","format":false,"excerpt":"Mitten im Havell\u00e4ndischen Luch liegt Jahnberge, der kleinste Ortsteil der Gemeinde Wiesenaue. Dort lebt man, umgeben von wundersch\u00f6ner Flora und Fauna nicht nur sehr idyllisch, sondern auch mit einer interessanten Vorgeschichte. Wortw\u00f6rtlich unter ihren F\u00fc\u00dfen fand Anke Goersz einen Teil der Geschichte Jahnberges, als sie 2006 Reste von Fundamenten auf\u2026","rel":"","context":"In &quot;Historie&quot;","block_context":{"text":"Historie","link":"https:\/\/paulinenaue.info\/index.php\/category\/historie\/"},"img":{"alt_text":"","src":"https:\/\/i0.wp.com\/paulinenaue.info\/wp-content\/uploads\/2017\/09\/Stanisaw-Kaziski.jpg?resize=350%2C200&ssl=1","width":350,"height":200},"classes":[]},{"id":971,"url":"https:\/\/paulinenaue.info\/index.php\/botanische-schaetze-auf-trockenrasen-und-unter-alten-eichen\/","url_meta":{"origin":2054,"position":1},"title":"Botanische Sch\u00e4tze auf Trockenrasen und unter alten Eichen","author":"Joachim Scholz","date":"14. Juni 2017","format":false,"excerpt":"09.06.2017. Sie sind dicht vor unserer Haust\u00fcr und stecken voller Geheimnis und Sch\u00f6nheit: In Paulinenaues unmittelbarer Umgebung liegen mit den Jahnbergen und dem Lindholz zwei reizvolle Naturschutzgebiete. \u00dcber die einzigartige Pflanzenwelt, die sich auch Dank der Arbeit von Natursch\u00fctzer_innen an beiden Stellen halten kann, informierte am 9. Juni 2017 im\u2026","rel":"","context":"In &quot;Allgemein&quot;","block_context":{"text":"Allgemein","link":"https:\/\/paulinenaue.info\/index.php\/category\/allgemein\/"},"img":{"alt_text":"","src":"https:\/\/i0.wp.com\/paulinenaue.info\/wp-content\/uploads\/2017\/06\/DSC02870.jpg?resize=350%2C200&ssl=1","width":350,"height":200,"srcset":"https:\/\/i0.wp.com\/paulinenaue.info\/wp-content\/uploads\/2017\/06\/DSC02870.jpg?resize=350%2C200&ssl=1 1x, https:\/\/i0.wp.com\/paulinenaue.info\/wp-content\/uploads\/2017\/06\/DSC02870.jpg?resize=525%2C300&ssl=1 1.5x, https:\/\/i0.wp.com\/paulinenaue.info\/wp-content\/uploads\/2017\/06\/DSC02870.jpg?resize=700%2C400&ssl=1 2x"},"classes":[]},{"id":158,"url":"https:\/\/paulinenaue.info\/index.php\/protest-gegen-massive-baumfaellungen\/","url_meta":{"origin":2054,"position":2},"title":"Protest gegen massive Baumf\u00e4llungen","author":"Joachim Scholz","date":"5. Oktober 2011","format":false,"excerpt":"\u201eGenau in diesem Moment f\u00e4llen sie die B\u00e4ume in Richtung Jahnberge. Die B\u00e4ume sind noch v\u00f6llig in Ordnung, soweit ich das beurteilen kann\u201c, schreibt Andrea Wendt , die mit ihrer Familie in Eichberge lebt, am Morgen des 4. Oktober. Ihr Vater Otto Seehawer hat die Pappeln 1954 mit gepflanzt, als\u2026","rel":"","context":"In &quot;Dorfentwicklung&quot;","block_context":{"text":"Dorfentwicklung","link":"https:\/\/paulinenaue.info\/index.php\/category\/dorfentwicklung\/"},"img":{"alt_text":"","src":"https:\/\/i0.wp.com\/paulinenaue.info\/wp-content\/uploads\/2016\/03\/eichberge_allee_20101008_01.jpg?resize=350%2C200&ssl=1","width":350,"height":200},"classes":[]},{"id":415683,"url":"https:\/\/paulinenaue.info\/index.php\/hochwasser-im-luch\/","url_meta":{"origin":2054,"position":3},"title":"Hochwasser im Luch","author":"Joachim Scholz","date":"30. Dezember 2023","format":false,"excerpt":"Im Havell\u00e4ndischen Luch stehen momentan gro\u00dfe Fl\u00e4chen unter Wasser. K\u00fche suchen h\u00f6her gelegene Stellen, die ICEs scheinen aus Vorsicht langsamer durch Paulinenaue zu fahren. Und auch wenn die meisten Keller noch trocken sein sollen, war eine Hochwassersituation wohl selten so ausgepr\u00e4gt wie an diesem Jahresende 2023. Mit 69 mm wurden\u2026","rel":"","context":"In &quot;Allgemein&quot;","block_context":{"text":"Allgemein","link":"https:\/\/paulinenaue.info\/index.php\/category\/allgemein\/"},"img":{"alt_text":"","src":"https:\/\/i0.wp.com\/paulinenaue.info\/wp-content\/uploads\/2023\/12\/2023-12-29-Luch-unter-Wasser.jpeg?resize=350%2C200&ssl=1","width":350,"height":200,"srcset":"https:\/\/i0.wp.com\/paulinenaue.info\/wp-content\/uploads\/2023\/12\/2023-12-29-Luch-unter-Wasser.jpeg?resize=350%2C200&ssl=1 1x, https:\/\/i0.wp.com\/paulinenaue.info\/wp-content\/uploads\/2023\/12\/2023-12-29-Luch-unter-Wasser.jpeg?resize=525%2C300&ssl=1 1.5x, https:\/\/i0.wp.com\/paulinenaue.info\/wp-content\/uploads\/2023\/12\/2023-12-29-Luch-unter-Wasser.jpeg?resize=700%2C400&ssl=1 2x"},"classes":[]},{"id":417260,"url":"https:\/\/paulinenaue.info\/index.php\/tippy-vermisst-und-gesucht\/","url_meta":{"origin":2054,"position":4},"title":"Tippy vermisst und gesucht","author":"Joachim Scholz","date":"13. Januar 2025","format":false,"excerpt":"Man muss nicht den franz\u00f6sischen Spielfilm \u201e\u2026 und jeder sucht sein K\u00e4tzchen\u201c von 1996 gesehen haben, um sich in die Situation versetzen zu k\u00f6nnen, in der Elfi Schulz aus Lobeofsund seit \u00fcber einem halben Jahr sich befindet. Ihre Katze ist verschwunden und sie wird bis heute schmerzlich vermisst. Die Suchanzeige,\u2026","rel":"","context":"In &quot;Hier Zuhause&quot;","block_context":{"text":"Hier Zuhause","link":"https:\/\/paulinenaue.info\/index.php\/category\/hier-zuhause\/"},"img":{"alt_text":"","src":"https:\/\/i0.wp.com\/paulinenaue.info\/wp-content\/uploads\/2025\/01\/1000089774-1-1.jpeg?resize=350%2C200&ssl=1","width":350,"height":200,"srcset":"https:\/\/i0.wp.com\/paulinenaue.info\/wp-content\/uploads\/2025\/01\/1000089774-1-1.jpeg?resize=350%2C200&ssl=1 1x, https:\/\/i0.wp.com\/paulinenaue.info\/wp-content\/uploads\/2025\/01\/1000089774-1-1.jpeg?resize=525%2C300&ssl=1 1.5x, https:\/\/i0.wp.com\/paulinenaue.info\/wp-content\/uploads\/2025\/01\/1000089774-1-1.jpeg?resize=700%2C400&ssl=1 2x"},"classes":[]},{"id":197,"url":"https:\/\/paulinenaue.info\/index.php\/kleine-geschichte-von-bienenfarm-und-der-lindholzfarm\/","url_meta":{"origin":2054,"position":5},"title":"Kleine Geschichte von Bienenfarm und Lindholzfarm","author":"Joachim Scholz","date":"11. Februar 2013","format":false,"excerpt":"Im Schmettauschen Kartenwerk von 1774 sieht man am Waldrand des Lindholzes - den Stra\u00dfend\u00f6rfern Ribbeck, Selbelang und Pessin vorgelagert - drei \u00e4hnlich gro\u00dfe Vierseitenh\u00f6fe in der Wiesenfl\u00e4che liegen, die hier \u201edas Blache Luch\u201c hei\u00dft. An der helleren Ausmalung erkennt man die Fl\u00e4chen, die von diesen Meiereien bewirtschaftet wurden. Dass auf\u2026","rel":"","context":"In &quot;Bienenfarm&quot;","block_context":{"text":"Bienenfarm","link":"https:\/\/paulinenaue.info\/index.php\/category\/bienenfarm\/"},"img":{"alt_text":"","src":"https:\/\/i0.wp.com\/paulinenaue.info\/wp-content\/uploads\/2018\/03\/Verwalterhaus-Bienenfarm-2012.jpg?resize=350%2C200&ssl=1","width":350,"height":200,"srcset":"https:\/\/i0.wp.com\/paulinenaue.info\/wp-content\/uploads\/2018\/03\/Verwalterhaus-Bienenfarm-2012.jpg?resize=350%2C200&ssl=1 1x, https:\/\/i0.wp.com\/paulinenaue.info\/wp-content\/uploads\/2018\/03\/Verwalterhaus-Bienenfarm-2012.jpg?resize=525%2C300&ssl=1 1.5x, https:\/\/i0.wp.com\/paulinenaue.info\/wp-content\/uploads\/2018\/03\/Verwalterhaus-Bienenfarm-2012.jpg?resize=700%2C400&ssl=1 2x"},"classes":[]}],"_links":{"self":[{"href":"https:\/\/paulinenaue.info\/index.php\/wp-json\/wp\/v2\/posts\/2054","targetHints":{"allow":["GET"]}}],"collection":[{"href":"https:\/\/paulinenaue.info\/index.php\/wp-json\/wp\/v2\/posts"}],"about":[{"href":"https:\/\/paulinenaue.info\/index.php\/wp-json\/wp\/v2\/types\/post"}],"author":[{"embeddable":true,"href":"https:\/\/paulinenaue.info\/index.php\/wp-json\/wp\/v2\/users\/1"}],"replies":[{"embeddable":true,"href":"https:\/\/paulinenaue.info\/index.php\/wp-json\/wp\/v2\/comments?post=2054"}],"version-history":[{"count":4,"href":"https:\/\/paulinenaue.info\/index.php\/wp-json\/wp\/v2\/posts\/2054\/revisions"}],"predecessor-version":[{"id":2059,"href":"https:\/\/paulinenaue.info\/index.php\/wp-json\/wp\/v2\/posts\/2054\/revisions\/2059"}],"wp:featuredmedia":[{"embeddable":true,"href":"https:\/\/paulinenaue.info\/index.php\/wp-json\/wp\/v2\/media\/2058"}],"wp:attachment":[{"href":"https:\/\/paulinenaue.info\/index.php\/wp-json\/wp\/v2\/media?parent=2054"}],"wp:term":[{"taxonomy":"category","embeddable":true,"href":"https:\/\/paulinenaue.info\/index.php\/wp-json\/wp\/v2\/categories?post=2054"},{"taxonomy":"post_tag","embeddable":true,"href":"https:\/\/paulinenaue.info\/index.php\/wp-json\/wp\/v2\/tags?post=2054"}],"curies":[{"name":"wp","href":"https:\/\/api.w.org\/{rel}","templated":true}]}}