{"id":207,"date":"2016-03-22T15:30:41","date_gmt":"2016-03-22T14:30:41","guid":{"rendered":"https:\/\/sudile.com\/paue\/?p=207"},"modified":"2016-09-18T10:39:22","modified_gmt":"2016-09-18T08:39:22","slug":"einmal-um-die-ganze-welt-die-haelfte-davon-am-rande-des-havellaendischen-luchs","status":"publish","type":"post","link":"https:\/\/paulinenaue.info\/index.php\/einmal-um-die-ganze-welt-die-haelfte-davon-am-rande-des-havellaendischen-luchs\/","title":{"rendered":"Einmal um die ganze Welt \u2013 Die H\u00e4lfte davon am Rande des Havell\u00e4ndischen Luchs"},"content":{"rendered":"<p class=\"autor\"><em>Anton Scholz<\/em><\/p>\n<p><i>Vorbemerkung: Nach seiner Pensionierung hat mein Vater Anton Scholz mit Leidenschaft und Phantasie sein sportliches Hobby, das Laufen, gepflegt. Die t\u00e4glich entlang der Berlin-Hamburger Eisenbahn zur\u00fcckgelegte Strecke trug er auf einer Landkarte entlang dem 10. L\u00e4ngengrad ab und begab sich so auf Weltreise. Er hatte auch ein Buch geplant, das &#8222;Laufen im Alter&#8220; hei\u00dfen sollte und f\u00fcr das er viele Daten und Weisheiten sammelte, ohne doch wirklich mit dem Schreiben zu beginnen. Ich habe ihn 2009 ermuntert &#8211; gewisserma\u00dfen als eine Vorarbeit zu diesem Buch &#8211; einmal f\u00fcr meine Internetseite etwas zu schreiben. Kurz bevor er im Mai 2009 seine Krebsdiagnose erhielt, hat er mir den Gefallen getan und den folgenden Text verfasst. Danach hielten wir es f\u00fcr unangemessen, die Aufzeichnungen auf die Seite zu stellen und haben sie aus dem Blick verloren.<br \/>\nMein Vater, der noch w\u00e4hrend seiner Chemotherapie gelaufen ist, ist am 5. Mai 2011 gestorben. Ich hoffe, die Ver\u00f6ffentlichung seines Artikels ist in seinem Sinn.<br \/>\nJoachim Scholz, 04.07.2011.<\/i><\/p>\n<p>&nbsp;<\/p>\n<p>Am 4. Januar 2007 las ich in der MAZ: \u201eDer Leipziger Extremsportler Robby Clemens ist gestern zu einem Lauf rund um die Welt gestartet. [&#8230;] In den n\u00e4chsten 298 Tagen will der 45-j\u00e4hrige 23 000 km zur\u00fccklegen.\u201c Gez\u00e4hlt w\u00fcrden von ihm Festlandstrecken auf der n\u00f6rdlichen Erdhalbkugel. Doch schon nach einem Monat ist dieses Projekt, wie man im Internet nachlesen kann, abgebrochen worden. Ich finde unter dem Artikel der MAZ den von mir spontan niedergeschriebenen Vermerk: &#8222;Das ist unm\u00f6glich; er untersch\u00e4tzt die Risiken.&#8220; Als Altl\u00e4ufer wei\u00df ich, wovon ich spreche. Meine Skepsis bei der Ank\u00fcndigung gr\u00fcndet sich auf die Erfahrung, dass ich in 14 Jahren bei regelm\u00e4\u00dfigem Lauf 30 Schmerzattacken durchstehen musste, die mich mehrmals \u00fcber Wochen aus der Bahn geworfen haben. Ich laufe seit dem Ausstieg aus dem Arbeitsleben mit 65 Jahren etwa f\u00fcnf Mal in der Woche. Nur bestimmte zwingende Alltagstermine halten mich davon ab, t\u00e4glich zu laufen, was mir das liebste w\u00e4re. Regelm\u00e4\u00dfigkeit, so meine ich, hat bei der Lauferei einen ganz besonderen Stellenwert.<\/p>\n<p><img class=\"lazyload\" decoding=\"async\" title=\"Anton Scholz beim Laufen\" src=\"data:image\/gif;base64,R0lGODlhAQABAAAAACH5BAEKAAEALAAAAAABAAEAAAICTAEAOw==\" data-orig-src=\"http:\/\/paulinenaue.info\/neues\/extra\/extra\/fotos\/02_personen\/scholz_anton_200007_02.jpg\" alt=\"Anton Scholz\" \/><\/p>\n<p class=\"bildunterschrift\">Anton Scholz l\u00e4uft den 10. L\u00e4ngengrad entlang &#8211; in Paulinenaue. Foto: Joachim Scholz, 2000.<\/p>\n<h2>Die Idee &#8211; vom Nordpol zum \u00c4quator auf einem Paulinenauer Acker<\/h2>\n<p>Da man nicht jahrelang ziel- und gedankenlos durch die Gegend laufen kann, kam ich mit 70 Jahren, nachdem ich f\u00fcnf Jahre gelaufen war, auf die Idee, meine t\u00e4gliche Leistung in eine virtuelle Laufstrecke zu \u00fcbertragen.<\/p>\n<p>Die Phantasie war neben K\u00f6rper und Geist von Anfang an ein wesentliches Kriterium meiner Laufmotivation. Was nun K\u00f6rper und Geist bei meiner Lauferei anbelangt, so soll das einer gezielten Auswertung der mehr als 10.000 Me\u00dfwerte vorbehalten bleiben. Im vorliegenden Beitrag steht, veranla\u00dft durch den Titel \u201eUm die ganze Welt\u201c im Vordergrund die Phantasie, die mich anregte, in der Spur des zehnten L\u00e4ngengrades vom Nordpol bis zum \u00c4quator zu laufen. Nach vierzehn Jahren ist es in der N\u00e4he des 80. Lebensjahres nicht ganz abwegig, eine vorl\u00e4ufige Bilanz zu ziehen und mitzuteilen, was im fortgeschrittenen Alter machbar ist &#8211; machbar mit phantasiegest\u00fctzten Eindr\u00fccken. Das setzt voraus, dass man die wichtigsten Orte, die der gew\u00e4hlte L\u00e4ngengrad durchschneidet, studiert. So h\u00e4tte ich vorher nie gedacht, dass mich mein Lauf dem ber\u00fchmten Geigenbauer Stradivari nahebringen w\u00fcrde, der von mir im oberitalienischen Cremona tangiert wurde. Und als mich nach elf Jahren Laufzeit nahe am \u00c4quator der Kratergipfel eines Viertausenders (Kamerunberg 4070 m) gr\u00fc\u00dfte, war ich \u00fcberrascht. Den hatte ich in diesem Teil Afrikas nicht erwartet.<\/p>\n<p><img class=\"lazyload\" decoding=\"async\" title=\"kamerunberg\" src=\"data:image\/gif;base64,R0lGODlhAQABAAAAACH5BAEKAAEALAAAAAABAAEAAAICTAEAOw==\" data-orig-src=\"http:\/\/paulinenaue.info\/neues\/extra\/extra\/fotos\/08_sonstiges\/kamerunberg_01.jpg\" alt=\"Kamerunberg\" \/><\/p>\n<p class=\"bildunterschrift\">Der Kamerunberg. Foto mit freundlicher Genehmigung von Captain Peter\u00a0<a title=\"www.confluence.org\" href=\"http:\/\/confluence.org\/confluence.php?lat=4&amp;lon=9\">www.confluence.org<\/a>.<\/p>\n<p>Im April des Jahres 2006 erreichte ich in der N\u00e4he von Libreville mein erstes Ziel, den \u00c4quator. Es lief noch gut und so beschloss ich, meine virtuelle Trasse tausend Kilometer nach Osten zu verlegen und auf dem 19. L\u00e4ngengrad in Richtung Kap der Guten Hoffnung zu laufen. Diese Vorgabe hatte einen ermutigenden Klang. Am 12.12.2008 hob ich wie ein Olympiagewinner beide Arme. Es war zwar keiner da, um mich zu begr\u00fc\u00dfen, aber mit vergn\u00fcglicher Genugtuung malte ich in mein Lauftagebuch eine Skizze mit allen wichtigen Ordinaten, Zielpunkten und Landesgrenzen.<\/p>\n<p>Meine anschlie\u00dfenden \u00dcberlegungen ergaben ganz klar, dass &#8222;Rund um die Welt&#8220; f\u00fcr einen Altl\u00e4ufer meiner Kategorie mit 15 kg \u00dcbergewicht bei fortgeschrittenem Alter kein Thema sein kann. Ich \u00fcberlasse das meinen Kollegen, die mit dem Fahrrad unterwegs sind. Und wieder half mir die Phantasie. Ich lie\u00df mich in Kapstadt in westlicher Richtung einschiffen und am 13. L\u00e4ngengrad zum Start in Richtung Nord aussetzen. Die Wahl des 13. L\u00e4ngengrades bleibt zun\u00e4chst mein Geheimnis. Ich wei\u00df nach meinem Gef\u00fchl nur eines: wenn ich mir einen Bruchteil der Gedankenk\u00fchnheit des eingangs erw\u00e4hnten Robby Clemens aneigne, dann werde ich Ende des Jahres 2009 das westafrikanische Festland von Namibia erreichen. Hier endet die motivierende Phantasie meiner Lauferei.<\/p>\n<p>Betrachtet man die Realit\u00e4t des Laufens im Alter, so sollte die Diskussion dar\u00fcber eigentlich nicht mit geplanten und zur\u00fcckgelegten Strecken beginnen. Das hat sich hier nur aus dem Aufh\u00e4nger des Zeitungsartikels ergeben. Da g\u00e4be es sehr viel N\u00fctzlicheres mitzuteilen; denn die Wirkung des Laufens auf die Gesundheit, insbesondere die Beweglichkeit, ist immens: Kreislauftraining, Sauerstoffdusche, Muskelerhaltung und -neubildung, Knorpelern\u00e4hrung durch Kompression und Dekompression, Gleichgewichtstraining auf verschneitem Pfad bis hin zum Ritual des Laufs, das etwa dem Gebet im Kloster gleichzusetzen ist. Dar\u00fcber zu schreiben, w\u00e4re wichtig, weil von einigen Kritikern das Laufen im Alter als l\u00e4cherlich hingestellt wird, auch h\u00f6rt man die Meinung, dass der Altl\u00e4ufer augenscheinlich dem hinterher l\u00e4uft, was er im Leben davor nicht erreicht hat. Man sollte auf Fehler hinweisen, die man beim Laufen machen kann und die altersbedingten Auslaufphasen aufzeigen. Nat\u00fcrlich muss man, wie der Volksmund sagt, &#8222;gut zu Fu\u00df&#8220; sein.<\/p>\n<p><img class=\"lazyload\" decoding=\"async\" title=\"Anton Scholz beim Laufen\" src=\"data:image\/gif;base64,R0lGODlhAQABAAAAACH5BAEKAAEALAAAAAABAAEAAAICTAEAOw==\" data-orig-src=\"http:\/\/paulinenaue.info\/neues\/extra\/extra\/fotos\/02_personen\/scholz_anton_20090829_01.jpg\" alt=\"Anton Scholz\" \/><\/p>\n<p class=\"bildunterschrift\">Im August 2009. Foto: Joachim Scholz.<\/p>\n<p>In der Laufliteratur trifft man immer wieder auf den Begriff \u201eLaufwohlbefinden\u201c. Was es damit auf sich hat, wollte ich wissen, als ich mit der regelm\u00e4\u00dfigen Lauferei anfing. Nach zwei Jahren schrieb ich dazu: Wer dieses Paradies erreichen will, muss die H\u00f6lle der Selbstzucht konsequent durchwandern. Zur Oase, die man \u201eLaufwohlbefinden\u201c nennt, f\u00fchrt also der Weg durch die W\u00fcste. Doch dieser Weg lohnt sich.<\/p>\n<p>T\u00e4gliches Laufen ist nicht nur Freude. Es gibt eben auch Tage, wo man nicht so gut drauf ist. Deshalb sollte man es dem L\u00e4ufer nicht ganz ver\u00fcbeln, wenn er dann und wann doch mal von der zur\u00fcckgelegten Strecke spricht. Leistung ist Trost, mit dem man Engp\u00e4sse leichter \u00fcberwindet. Die im Phantasieteil skizzierte Strecke habe ich am Rande des Havell\u00e4ndischen Luchs auf einer 500-m-Bahn zur\u00fcckgelegt. Interessant ist, dass diese Bahn im Satellitenbild nachweisbar ist. Googelt man den nord\u00f6stlichen Ortsteil von Paulinenaue, dann findet man au\u00dferhalb des Ortes westlich der Eisenbahn einen hellen Streifen, der parallel zur Bahn verl\u00e4uft. Eigentlich ist es ein wenig befahrener vergraster Zweispurweg. Doch nur eine Bahn davon wurde in mehr als zehn Jahren durch meine Lauferei blankgetreten. So wurde die H\u00e4lfte der eingangs erw\u00e4hnten Clemens&#8217;schen Strecke \u201eRund um die Welt\u201c am Rande des Havell\u00e4ndischen Luchs f\u00fcr alle Welt sichtbar dokumentiert.<\/p>\n<p>Meine derzeitige Realit\u00e4t des Laufens wird von der Frage dominiert, wann der Alterslauf zu Ende geht. Dass der Tag kommt, an dem nichts mehr l\u00e4uft, ist so sicher wie das Amen in der Kirche. Aber bis zu diesem Tage will ich noch mit Hingabe und eben auch mit Phantasie laufen.<\/p>\n","protected":false},"excerpt":{"rendered":"<p>Anton Scholz Vorbemerkung: Nach seiner Pensionierung hat mein Vater Anton [&hellip;]<\/p>\n","protected":false},"author":1,"featured_media":276,"comment_status":"open","ping_status":"open","sticky":false,"template":"","format":"standard","meta":{"_acf_changed":false,"_price":"","_stock":"","_tribe_ticket_header":"","_tribe_default_ticket_provider":"","_tribe_ticket_capacity":"0","_ticket_start_date":"","_ticket_end_date":"","_tribe_ticket_show_description":"","_tribe_ticket_show_not_going":false,"_tribe_ticket_use_global_stock":"","_tribe_ticket_global_stock_level":"","_global_stock_mode":"","_global_stock_cap":"","_tribe_rsvp_for_event":"","_tribe_ticket_going_count":"","_tribe_ticket_not_going_count":"","_tribe_tickets_list":"[]","_tribe_ticket_has_attendee_info_fields":false,"jetpack_post_was_ever_published":false,"_jetpack_newsletter_access":"","_jetpack_dont_email_post_to_subs":false,"_jetpack_newsletter_tier_id":0,"_jetpack_memberships_contains_paywalled_content":false,"_jetpack_memberships_contains_paid_content":false,"footnotes":"","jetpack_publicize_message":"","jetpack_publicize_feature_enabled":true,"jetpack_social_post_already_shared":false,"jetpack_social_options":{"image_generator_settings":{"template":"highway","default_image_id":0,"font":"","enabled":false},"version":2}},"categories":[1],"tags":[],"class_list":["post-207","post","type-post","status-publish","format-standard","has-post-thumbnail","hentry","category-allgemein"],"acf":[],"yoast_head":"<!-- This site is optimized with the Yoast SEO plugin v27.5 - https:\/\/yoast.com\/product\/yoast-seo-wordpress\/ -->\n<title>Einmal um die ganze Welt \u2013 Die H\u00e4lfte davon am Rande des Havell\u00e4ndischen Luchs - Paulinenaue<\/title>\n<meta name=\"robots\" content=\"index, follow, max-snippet:-1, max-image-preview:large, max-video-preview:-1\" \/>\n<link rel=\"canonical\" href=\"https:\/\/paulinenaue.info\/index.php\/einmal-um-die-ganze-welt-die-haelfte-davon-am-rande-des-havellaendischen-luchs\/\" \/>\n<meta property=\"og:locale\" content=\"de_DE\" \/>\n<meta property=\"og:type\" content=\"article\" \/>\n<meta property=\"og:title\" content=\"Einmal um die ganze Welt \u2013 Die H\u00e4lfte davon am Rande des Havell\u00e4ndischen Luchs - Paulinenaue\" \/>\n<meta property=\"og:description\" content=\"Anton Scholz Vorbemerkung: Nach seiner Pensionierung hat mein Vater Anton [&hellip;]\" \/>\n<meta property=\"og:url\" content=\"https:\/\/paulinenaue.info\/index.php\/einmal-um-die-ganze-welt-die-haelfte-davon-am-rande-des-havellaendischen-luchs\/\" \/>\n<meta property=\"og:site_name\" content=\"Paulinenaue\" \/>\n<meta property=\"article:published_time\" content=\"2016-03-22T14:30:41+00:00\" \/>\n<meta property=\"article:modified_time\" content=\"2016-09-18T08:39:22+00:00\" \/>\n<meta property=\"og:image\" content=\"https:\/\/i2.wp.com\/paulinenaue.info\/wp-content\/uploads\/2016\/03\/scholz_anton_20090829_01.jpg?fit=500%2C369&ssl=1\" \/>\n\t<meta property=\"og:image:width\" content=\"500\" \/>\n\t<meta property=\"og:image:height\" content=\"369\" \/>\n\t<meta property=\"og:image:type\" content=\"image\/jpeg\" \/>\n<meta name=\"author\" content=\"Joachim Scholz\" \/>\n<meta name=\"twitter:card\" content=\"summary_large_image\" \/>\n<meta name=\"twitter:label1\" content=\"Verfasst von\" \/>\n\t<meta name=\"twitter:data1\" content=\"Joachim Scholz\" \/>\n\t<meta name=\"twitter:label2\" content=\"Gesch\u00e4tzte Lesezeit\" \/>\n\t<meta name=\"twitter:data2\" content=\"6\u00a0Minuten\" \/>\n<script type=\"application\/ld+json\" class=\"yoast-schema-graph\">{\"@context\":\"https:\\\/\\\/schema.org\",\"@graph\":[{\"@type\":\"Article\",\"@id\":\"https:\\\/\\\/paulinenaue.info\\\/index.php\\\/einmal-um-die-ganze-welt-die-haelfte-davon-am-rande-des-havellaendischen-luchs\\\/#article\",\"isPartOf\":{\"@id\":\"https:\\\/\\\/paulinenaue.info\\\/index.php\\\/einmal-um-die-ganze-welt-die-haelfte-davon-am-rande-des-havellaendischen-luchs\\\/\"},\"author\":{\"name\":\"Joachim Scholz\",\"@id\":\"https:\\\/\\\/paulinenaue.info\\\/#\\\/schema\\\/person\\\/3f9e818fd7b69b0d2bd937ac506897cc\"},\"headline\":\"Einmal um die ganze Welt \u2013 Die H\u00e4lfte davon am Rande des Havell\u00e4ndischen Luchs\",\"datePublished\":\"2016-03-22T14:30:41+00:00\",\"dateModified\":\"2016-09-18T08:39:22+00:00\",\"mainEntityOfPage\":{\"@id\":\"https:\\\/\\\/paulinenaue.info\\\/index.php\\\/einmal-um-die-ganze-welt-die-haelfte-davon-am-rande-des-havellaendischen-luchs\\\/\"},\"wordCount\":1257,\"commentCount\":0,\"image\":{\"@id\":\"https:\\\/\\\/paulinenaue.info\\\/index.php\\\/einmal-um-die-ganze-welt-die-haelfte-davon-am-rande-des-havellaendischen-luchs\\\/#primaryimage\"},\"thumbnailUrl\":\"https:\\\/\\\/paulinenaue.info\\\/wp-content\\\/uploads\\\/2016\\\/03\\\/scholz_anton_20090829_01.jpg\",\"inLanguage\":\"de\",\"potentialAction\":[{\"@type\":\"CommentAction\",\"name\":\"Comment\",\"target\":[\"https:\\\/\\\/paulinenaue.info\\\/index.php\\\/einmal-um-die-ganze-welt-die-haelfte-davon-am-rande-des-havellaendischen-luchs\\\/#respond\"]}]},{\"@type\":\"WebPage\",\"@id\":\"https:\\\/\\\/paulinenaue.info\\\/index.php\\\/einmal-um-die-ganze-welt-die-haelfte-davon-am-rande-des-havellaendischen-luchs\\\/\",\"url\":\"https:\\\/\\\/paulinenaue.info\\\/index.php\\\/einmal-um-die-ganze-welt-die-haelfte-davon-am-rande-des-havellaendischen-luchs\\\/\",\"name\":\"Einmal um die ganze Welt \u2013 Die H\u00e4lfte davon am Rande des Havell\u00e4ndischen Luchs - Paulinenaue\",\"isPartOf\":{\"@id\":\"https:\\\/\\\/paulinenaue.info\\\/#website\"},\"primaryImageOfPage\":{\"@id\":\"https:\\\/\\\/paulinenaue.info\\\/index.php\\\/einmal-um-die-ganze-welt-die-haelfte-davon-am-rande-des-havellaendischen-luchs\\\/#primaryimage\"},\"image\":{\"@id\":\"https:\\\/\\\/paulinenaue.info\\\/index.php\\\/einmal-um-die-ganze-welt-die-haelfte-davon-am-rande-des-havellaendischen-luchs\\\/#primaryimage\"},\"thumbnailUrl\":\"https:\\\/\\\/paulinenaue.info\\\/wp-content\\\/uploads\\\/2016\\\/03\\\/scholz_anton_20090829_01.jpg\",\"datePublished\":\"2016-03-22T14:30:41+00:00\",\"dateModified\":\"2016-09-18T08:39:22+00:00\",\"author\":{\"@id\":\"https:\\\/\\\/paulinenaue.info\\\/#\\\/schema\\\/person\\\/3f9e818fd7b69b0d2bd937ac506897cc\"},\"breadcrumb\":{\"@id\":\"https:\\\/\\\/paulinenaue.info\\\/index.php\\\/einmal-um-die-ganze-welt-die-haelfte-davon-am-rande-des-havellaendischen-luchs\\\/#breadcrumb\"},\"inLanguage\":\"de\",\"potentialAction\":[{\"@type\":\"ReadAction\",\"target\":[\"https:\\\/\\\/paulinenaue.info\\\/index.php\\\/einmal-um-die-ganze-welt-die-haelfte-davon-am-rande-des-havellaendischen-luchs\\\/\"]}]},{\"@type\":\"ImageObject\",\"inLanguage\":\"de\",\"@id\":\"https:\\\/\\\/paulinenaue.info\\\/index.php\\\/einmal-um-die-ganze-welt-die-haelfte-davon-am-rande-des-havellaendischen-luchs\\\/#primaryimage\",\"url\":\"https:\\\/\\\/paulinenaue.info\\\/wp-content\\\/uploads\\\/2016\\\/03\\\/scholz_anton_20090829_01.jpg\",\"contentUrl\":\"https:\\\/\\\/paulinenaue.info\\\/wp-content\\\/uploads\\\/2016\\\/03\\\/scholz_anton_20090829_01.jpg\",\"width\":500,\"height\":369},{\"@type\":\"BreadcrumbList\",\"@id\":\"https:\\\/\\\/paulinenaue.info\\\/index.php\\\/einmal-um-die-ganze-welt-die-haelfte-davon-am-rande-des-havellaendischen-luchs\\\/#breadcrumb\",\"itemListElement\":[{\"@type\":\"ListItem\",\"position\":1,\"name\":\"Home\",\"item\":\"https:\\\/\\\/paulinenaue.info\\\/\"},{\"@type\":\"ListItem\",\"position\":2,\"name\":\"Einmal um die ganze Welt \u2013 Die H\u00e4lfte davon am Rande des Havell\u00e4ndischen Luchs\"}]},{\"@type\":\"WebSite\",\"@id\":\"https:\\\/\\\/paulinenaue.info\\\/#website\",\"url\":\"https:\\\/\\\/paulinenaue.info\\\/\",\"name\":\"Paulinenaue\",\"description\":\"Ein Dorf im Havelland\",\"potentialAction\":[{\"@type\":\"SearchAction\",\"target\":{\"@type\":\"EntryPoint\",\"urlTemplate\":\"https:\\\/\\\/paulinenaue.info\\\/?s={search_term_string}\"},\"query-input\":{\"@type\":\"PropertyValueSpecification\",\"valueRequired\":true,\"valueName\":\"search_term_string\"}}],\"inLanguage\":\"de\"},{\"@type\":\"Person\",\"@id\":\"https:\\\/\\\/paulinenaue.info\\\/#\\\/schema\\\/person\\\/3f9e818fd7b69b0d2bd937ac506897cc\",\"name\":\"Joachim Scholz\",\"url\":\"https:\\\/\\\/paulinenaue.info\\\/index.php\\\/author\\\/jjscholz\\\/\"}]}<\/script>\n<!-- \/ Yoast SEO plugin. -->","yoast_head_json":{"title":"Einmal um die ganze Welt \u2013 Die H\u00e4lfte davon am Rande des Havell\u00e4ndischen Luchs - Paulinenaue","robots":{"index":"index","follow":"follow","max-snippet":"max-snippet:-1","max-image-preview":"max-image-preview:large","max-video-preview":"max-video-preview:-1"},"canonical":"https:\/\/paulinenaue.info\/index.php\/einmal-um-die-ganze-welt-die-haelfte-davon-am-rande-des-havellaendischen-luchs\/","og_locale":"de_DE","og_type":"article","og_title":"Einmal um die ganze Welt \u2013 Die H\u00e4lfte davon am Rande des Havell\u00e4ndischen Luchs - Paulinenaue","og_description":"Anton Scholz Vorbemerkung: Nach seiner Pensionierung hat mein Vater Anton [&hellip;]","og_url":"https:\/\/paulinenaue.info\/index.php\/einmal-um-die-ganze-welt-die-haelfte-davon-am-rande-des-havellaendischen-luchs\/","og_site_name":"Paulinenaue","article_published_time":"2016-03-22T14:30:41+00:00","article_modified_time":"2016-09-18T08:39:22+00:00","og_image":[{"width":500,"height":369,"url":"https:\/\/i2.wp.com\/paulinenaue.info\/wp-content\/uploads\/2016\/03\/scholz_anton_20090829_01.jpg?fit=500%2C369&ssl=1","type":"image\/jpeg"}],"author":"Joachim Scholz","twitter_card":"summary_large_image","twitter_misc":{"Verfasst von":"Joachim Scholz","Gesch\u00e4tzte Lesezeit":"6\u00a0Minuten"},"schema":{"@context":"https:\/\/schema.org","@graph":[{"@type":"Article","@id":"https:\/\/paulinenaue.info\/index.php\/einmal-um-die-ganze-welt-die-haelfte-davon-am-rande-des-havellaendischen-luchs\/#article","isPartOf":{"@id":"https:\/\/paulinenaue.info\/index.php\/einmal-um-die-ganze-welt-die-haelfte-davon-am-rande-des-havellaendischen-luchs\/"},"author":{"name":"Joachim Scholz","@id":"https:\/\/paulinenaue.info\/#\/schema\/person\/3f9e818fd7b69b0d2bd937ac506897cc"},"headline":"Einmal um die ganze Welt \u2013 Die H\u00e4lfte davon am Rande des Havell\u00e4ndischen Luchs","datePublished":"2016-03-22T14:30:41+00:00","dateModified":"2016-09-18T08:39:22+00:00","mainEntityOfPage":{"@id":"https:\/\/paulinenaue.info\/index.php\/einmal-um-die-ganze-welt-die-haelfte-davon-am-rande-des-havellaendischen-luchs\/"},"wordCount":1257,"commentCount":0,"image":{"@id":"https:\/\/paulinenaue.info\/index.php\/einmal-um-die-ganze-welt-die-haelfte-davon-am-rande-des-havellaendischen-luchs\/#primaryimage"},"thumbnailUrl":"https:\/\/paulinenaue.info\/wp-content\/uploads\/2016\/03\/scholz_anton_20090829_01.jpg","inLanguage":"de","potentialAction":[{"@type":"CommentAction","name":"Comment","target":["https:\/\/paulinenaue.info\/index.php\/einmal-um-die-ganze-welt-die-haelfte-davon-am-rande-des-havellaendischen-luchs\/#respond"]}]},{"@type":"WebPage","@id":"https:\/\/paulinenaue.info\/index.php\/einmal-um-die-ganze-welt-die-haelfte-davon-am-rande-des-havellaendischen-luchs\/","url":"https:\/\/paulinenaue.info\/index.php\/einmal-um-die-ganze-welt-die-haelfte-davon-am-rande-des-havellaendischen-luchs\/","name":"Einmal um die ganze Welt \u2013 Die H\u00e4lfte davon am Rande des Havell\u00e4ndischen Luchs - Paulinenaue","isPartOf":{"@id":"https:\/\/paulinenaue.info\/#website"},"primaryImageOfPage":{"@id":"https:\/\/paulinenaue.info\/index.php\/einmal-um-die-ganze-welt-die-haelfte-davon-am-rande-des-havellaendischen-luchs\/#primaryimage"},"image":{"@id":"https:\/\/paulinenaue.info\/index.php\/einmal-um-die-ganze-welt-die-haelfte-davon-am-rande-des-havellaendischen-luchs\/#primaryimage"},"thumbnailUrl":"https:\/\/paulinenaue.info\/wp-content\/uploads\/2016\/03\/scholz_anton_20090829_01.jpg","datePublished":"2016-03-22T14:30:41+00:00","dateModified":"2016-09-18T08:39:22+00:00","author":{"@id":"https:\/\/paulinenaue.info\/#\/schema\/person\/3f9e818fd7b69b0d2bd937ac506897cc"},"breadcrumb":{"@id":"https:\/\/paulinenaue.info\/index.php\/einmal-um-die-ganze-welt-die-haelfte-davon-am-rande-des-havellaendischen-luchs\/#breadcrumb"},"inLanguage":"de","potentialAction":[{"@type":"ReadAction","target":["https:\/\/paulinenaue.info\/index.php\/einmal-um-die-ganze-welt-die-haelfte-davon-am-rande-des-havellaendischen-luchs\/"]}]},{"@type":"ImageObject","inLanguage":"de","@id":"https:\/\/paulinenaue.info\/index.php\/einmal-um-die-ganze-welt-die-haelfte-davon-am-rande-des-havellaendischen-luchs\/#primaryimage","url":"https:\/\/paulinenaue.info\/wp-content\/uploads\/2016\/03\/scholz_anton_20090829_01.jpg","contentUrl":"https:\/\/paulinenaue.info\/wp-content\/uploads\/2016\/03\/scholz_anton_20090829_01.jpg","width":500,"height":369},{"@type":"BreadcrumbList","@id":"https:\/\/paulinenaue.info\/index.php\/einmal-um-die-ganze-welt-die-haelfte-davon-am-rande-des-havellaendischen-luchs\/#breadcrumb","itemListElement":[{"@type":"ListItem","position":1,"name":"Home","item":"https:\/\/paulinenaue.info\/"},{"@type":"ListItem","position":2,"name":"Einmal um die ganze Welt \u2013 Die H\u00e4lfte davon am Rande des Havell\u00e4ndischen Luchs"}]},{"@type":"WebSite","@id":"https:\/\/paulinenaue.info\/#website","url":"https:\/\/paulinenaue.info\/","name":"Paulinenaue","description":"Ein Dorf im Havelland","potentialAction":[{"@type":"SearchAction","target":{"@type":"EntryPoint","urlTemplate":"https:\/\/paulinenaue.info\/?s={search_term_string}"},"query-input":{"@type":"PropertyValueSpecification","valueRequired":true,"valueName":"search_term_string"}}],"inLanguage":"de"},{"@type":"Person","@id":"https:\/\/paulinenaue.info\/#\/schema\/person\/3f9e818fd7b69b0d2bd937ac506897cc","name":"Joachim Scholz","url":"https:\/\/paulinenaue.info\/index.php\/author\/jjscholz\/"}]}},"jetpack_publicize_connections":[],"jetpack_featured_media_url":"https:\/\/paulinenaue.info\/wp-content\/uploads\/2016\/03\/scholz_anton_20090829_01.jpg","jetpack_sharing_enabled":true,"jetpack_shortlink":"https:\/\/wp.me\/pcYhWA-3l","jetpack-related-posts":[{"id":907,"url":"https:\/\/paulinenaue.info\/index.php\/paulinenaue-aus-der-vogelperspektive-im-dezember-2003\/","url_meta":{"origin":207,"position":0},"title":"Paulinenaue aus der Vogelperspektive im Dezember 2003","author":"Sarah","date":"10. Juni 2017","format":false,"excerpt":"22.03.2004 Joachim Scholz Zum derzeitigen intensiven Baugeschehen im Bahnbereich geh\u00f6rte auch die Aufstellung eines 50 Meter hohen Baukranes an exponierter Stelle im Dorf. Die aus luftiger H\u00f6he gemachten Fotografien entstanden im Dezember 2003.","rel":"","context":"In &quot;Allgemein&quot;","block_context":{"text":"Allgemein","link":"https:\/\/paulinenaue.info\/index.php\/category\/allgemein\/"},"img":{"alt_text":"","src":"https:\/\/i0.wp.com\/paulinenaue.info\/wp-content\/uploads\/2017\/06\/bahnhof_20031207_01.jpg?resize=350%2C200&ssl=1","width":350,"height":200},"classes":[]},{"id":418773,"url":"https:\/\/paulinenaue.info\/index.php\/etwas-von-der-sanierung-des-paulinenauer-herrenhauses\/","url_meta":{"origin":207,"position":1},"title":"Etwas von der Sanierung des Paulinenauer Herrenhauses","author":"Joachim Scholz","date":"2. September 2009","format":false,"excerpt":"02.10.2009. Schon seit dem Sommer ist f\u00fcr jeden sichtbar: Das Paulinenauer Herrenhaus wird rundum erneuert. Einen langen Weg mussten die beiden Br\u00fcder \u2013 und V\u00e4ter des Projekts \u2013 Matthias und Burkhard Kunkel durch Beh\u00f6rdeng\u00e4nge gehen, bis es losgehen konnte. Mittlerweile nimmt ihr Vorhaben Gestalt an. Das Dach wird gedeckt und\u2026","rel":"","context":"In &quot;Allgemein&quot;","block_context":{"text":"Allgemein","link":"https:\/\/paulinenaue.info\/index.php\/category\/allgemein\/"},"img":{"alt_text":"","src":"https:\/\/i0.wp.com\/paulinenaue.info\/wp-content\/uploads\/2026\/01\/2009-09-27-Sanierung-Herrenhaus-02.jpeg?resize=350%2C200&ssl=1","width":350,"height":200,"srcset":"https:\/\/i0.wp.com\/paulinenaue.info\/wp-content\/uploads\/2026\/01\/2009-09-27-Sanierung-Herrenhaus-02.jpeg?resize=350%2C200&ssl=1 1x, https:\/\/i0.wp.com\/paulinenaue.info\/wp-content\/uploads\/2026\/01\/2009-09-27-Sanierung-Herrenhaus-02.jpeg?resize=525%2C300&ssl=1 1.5x, https:\/\/i0.wp.com\/paulinenaue.info\/wp-content\/uploads\/2026\/01\/2009-09-27-Sanierung-Herrenhaus-02.jpeg?resize=700%2C400&ssl=1 2x"},"classes":[]},{"id":184,"url":"https:\/\/paulinenaue.info\/index.php\/der-radweg-paulinenaue-fehrbellin-entsteht\/","url_meta":{"origin":207,"position":2},"title":"Der Radweg Paulinenaue-Fehrbellin entsteht","author":"Joachim Scholz","date":"26. September 2010","format":false,"excerpt":"26.09.2010. Die Arbeiten am Radweg seien bisher kaum sichtbar, zitierte die M\u00e4rkische Allgemeine in den Tagen des Baubeginns am neuen Radweg zwischen Fehrbellin und Paulinenaue den Fehrbelliner Bauamtsleiter Rasmus Krebs. Nun, vier Wochen sp\u00e4ter, zieht sich bereits die planierte Linie eines befestigten Sandweges durch die Luchwiesen, den ehemaligen Schienenstrang der\u2026","rel":"","context":"In &quot;Dorfentwicklung&quot;","block_context":{"text":"Dorfentwicklung","link":"https:\/\/paulinenaue.info\/index.php\/category\/dorfentwicklung\/"},"img":{"alt_text":"","src":"https:\/\/i0.wp.com\/paulinenaue.info\/wp-content\/uploads\/2016\/03\/20100926_radweg_paue_fehrbellin_01.jpg?resize=350%2C200&ssl=1","width":350,"height":200},"classes":[]},{"id":205,"url":"https:\/\/paulinenaue.info\/index.php\/50-todestag-von-professor-asmus-petersen-2012\/","url_meta":{"origin":207,"position":3},"title":"50. Todestag von Professor Asmus Petersen 2012","author":"Joachim Scholz","date":"22. M\u00e4rz 2016","format":false,"excerpt":"Joachim Scholz 04.01.2011. Der f\u00fcr Paulinenaue vielleicht wichtigste Erinnerungstag dieses neuen Jahres liegt bereits wieder in der Vergangenheit. Am 4. Januar vor 50 Jahren verstarb im Alter von 61 Jahren Professor Asmus Petersen, Paulinenaues zweiter Institutsdirektor (von 1957 bis 1962). Kaum weniger bekannt als sein Vorg\u00e4nger Eilhard Alfred Mitscherlich, ist\u2026","rel":"","context":"In &quot;Historie&quot;","block_context":{"text":"Historie","link":"https:\/\/paulinenaue.info\/index.php\/category\/historie\/"},"img":{"alt_text":"Petersen, Exkursion","src":"https:\/\/i0.wp.com\/paulinenaue.info\/wp-content\/uploads\/2016\/03\/1960_petersen_u_schueler_knauerexkursion_01_mh.jpg?resize=350%2C200&ssl=1","width":350,"height":200},"classes":[]},{"id":1561,"url":"https:\/\/paulinenaue.info\/index.php\/kraniche-beobachten-entlang-dem-havellandradweg\/","url_meta":{"origin":207,"position":4},"title":"Kraniche beobachten entlang dem Havellandradweg","author":"Joachim Scholz","date":"1. Oktober 2017","format":false,"excerpt":"01.10.2017. Den letzten sonnigen Nachmittag vor dem Wetterumschwung am Sonntag verbrachten auf Einladung des Kulturvereins knapp 40 Naturfreunde auf dem Fahrrad, um mit Anke Goersz vom Kranichschutz Osthavelland die rastenden Gro\u00dfv\u00f6gel auf ihren \u00c4sungsfl\u00e4chen zu besuchen. Anfangs schien die Fahrt einfach nur Freude am Radfahren durch die herbstliche Natur zu\u2026","rel":"","context":"In &quot;Allgemein&quot;","block_context":{"text":"Allgemein","link":"https:\/\/paulinenaue.info\/index.php\/category\/allgemein\/"},"img":{"alt_text":"","src":"https:\/\/i0.wp.com\/paulinenaue.info\/wp-content\/uploads\/2017\/10\/DSC07807.jpg?resize=350%2C200&ssl=1","width":350,"height":200,"srcset":"https:\/\/i0.wp.com\/paulinenaue.info\/wp-content\/uploads\/2017\/10\/DSC07807.jpg?resize=350%2C200&ssl=1 1x, https:\/\/i0.wp.com\/paulinenaue.info\/wp-content\/uploads\/2017\/10\/DSC07807.jpg?resize=525%2C300&ssl=1 1.5x, https:\/\/i0.wp.com\/paulinenaue.info\/wp-content\/uploads\/2017\/10\/DSC07807.jpg?resize=700%2C400&ssl=1 2x"},"classes":[]},{"id":174,"url":"https:\/\/paulinenaue.info\/index.php\/wir-wuerden-es-wieder-tun-burkhard-kunkel-zur-fertigstellung-der-paulinenauer-schlosssanierung\/","url_meta":{"origin":207,"position":5},"title":"&#8222;Wir w\u00fcrden es wieder tun!&#8220; \u2013 Burkhard Kunkel zur Fertigstellung der Paulinenauer Schlosssanierung","author":"Joachim Scholz","date":"22. M\u00e4rz 2016","format":false,"excerpt":"Die beiden Br\u00fcder Matthias und Burkhard Kunkel haben in einer beispielhaften lokalen Initiative das in seiner aktuellen Form 1914 errichtete Paulinenauer Herrenhaus sanieren lassen. Am 28. Februar 2010, wenige Tage vor der Schl\u00fcssel\u00fcbergabe und der Er\u00f6ffnung als altersgerechte Wohnanlage \"Schloss Paulinenaue\" konnte sich die \u00d6ffentlichkeit an einem \"Tag der offenen\u2026","rel":"","context":"In &quot;Dorfentwicklung&quot;","block_context":{"text":"Dorfentwicklung","link":"https:\/\/paulinenaue.info\/index.php\/category\/dorfentwicklung\/"},"img":{"alt_text":"","src":"https:\/\/i0.wp.com\/paulinenaue.info\/wp-content\/uploads\/2015\/10\/schluss-rckseite-2-paue.jpg?resize=350%2C200&ssl=1","width":350,"height":200,"srcset":"https:\/\/i0.wp.com\/paulinenaue.info\/wp-content\/uploads\/2015\/10\/schluss-rckseite-2-paue.jpg?resize=350%2C200&ssl=1 1x, https:\/\/i0.wp.com\/paulinenaue.info\/wp-content\/uploads\/2015\/10\/schluss-rckseite-2-paue.jpg?resize=525%2C300&ssl=1 1.5x, https:\/\/i0.wp.com\/paulinenaue.info\/wp-content\/uploads\/2015\/10\/schluss-rckseite-2-paue.jpg?resize=700%2C400&ssl=1 2x"},"classes":[]}],"_links":{"self":[{"href":"https:\/\/paulinenaue.info\/index.php\/wp-json\/wp\/v2\/posts\/207","targetHints":{"allow":["GET"]}}],"collection":[{"href":"https:\/\/paulinenaue.info\/index.php\/wp-json\/wp\/v2\/posts"}],"about":[{"href":"https:\/\/paulinenaue.info\/index.php\/wp-json\/wp\/v2\/types\/post"}],"author":[{"embeddable":true,"href":"https:\/\/paulinenaue.info\/index.php\/wp-json\/wp\/v2\/users\/1"}],"replies":[{"embeddable":true,"href":"https:\/\/paulinenaue.info\/index.php\/wp-json\/wp\/v2\/comments?post=207"}],"version-history":[{"count":1,"href":"https:\/\/paulinenaue.info\/index.php\/wp-json\/wp\/v2\/posts\/207\/revisions"}],"predecessor-version":[{"id":208,"href":"https:\/\/paulinenaue.info\/index.php\/wp-json\/wp\/v2\/posts\/207\/revisions\/208"}],"wp:featuredmedia":[{"embeddable":true,"href":"https:\/\/paulinenaue.info\/index.php\/wp-json\/wp\/v2\/media\/276"}],"wp:attachment":[{"href":"https:\/\/paulinenaue.info\/index.php\/wp-json\/wp\/v2\/media?parent=207"}],"wp:term":[{"taxonomy":"category","embeddable":true,"href":"https:\/\/paulinenaue.info\/index.php\/wp-json\/wp\/v2\/categories?post=207"},{"taxonomy":"post_tag","embeddable":true,"href":"https:\/\/paulinenaue.info\/index.php\/wp-json\/wp\/v2\/tags?post=207"}],"curies":[{"name":"wp","href":"https:\/\/api.w.org\/{rel}","templated":true}]}}