{"id":211,"date":"2016-03-22T15:34:57","date_gmt":"2016-03-22T14:34:57","guid":{"rendered":"https:\/\/sudile.com\/paue\/?p=211"},"modified":"2016-09-18T10:39:05","modified_gmt":"2016-09-18T08:39:05","slug":"helmut-fritsch-wie-ich-in-paulinenaue-eine-neue-heimat-gefunden-habe-teil-1","status":"publish","type":"post","link":"https:\/\/paulinenaue.info\/index.php\/helmut-fritsch-wie-ich-in-paulinenaue-eine-neue-heimat-gefunden-habe-teil-1\/","title":{"rendered":"Helmut Fritsch: Wie ich in Paulinenaue eine neue Heimat gefunden habe (Teil 1)"},"content":{"rendered":"<p><b>Helmut Fritsch ist so etwas wie ein Paulinenauer Urgestein, doch lebt er nicht seit eh und je in unserem Dorf. Er geh\u00f6rt zu den &#8222;Kutschlauern&#8220;, die nach dem zweiten Weltkrieg im Gefolge Prof. Mitscherlichs aus Ostbrandenburg ins Havelland zogen. Urspr\u00fcnglich f\u00fcr ein Schulprojekt und nun f\u00fcr unsere Internetseite erz\u00e4hlt Helmut Fritsch seine Erinnerungen an Kutschlau, die Zeit der Vertreibung und seinen Weg nach Paulinenaue, wo er eine neue Heimat gefunden hat.<\/b><\/p>\n<p>Ich wurde am 21.3.1924 in Kutschlau, einem Dorf im Kreis Z\u00fcllichau-Schwiebus, geboren. Unser Dorf geh\u00f6rte zum \u00f6stlichen Teil der Mark Brandenburg und liegt ca. 75 km \u00f6stlich von Frankfurt an der Oder, also in einem Gebiet, aus dem nach Kriegsende alle Deutschen vertrieben wurden.<\/p>\n<p><img class=\"lazyload\" decoding=\"async\" src=\"data:image\/svg+xml,%3Csvg%20xmlns%3D%27http%3A%2F%2Fwww.w3.org%2F2000%2Fsvg%27%20width%3D%27350%27%20height%3D%27217%27%20viewBox%3D%270%200%20350%20217%27%3E%3Crect%20width%3D%27350%27%20height%3D%27217%27%20fill-opacity%3D%220%22%2F%3E%3C%2Fsvg%3E\" data-orig-src=\"http:\/\/paulinenaue.info\/neues\/extra\/fotos\/20050228_fritsch\/kutschlau.jpg\" alt=\"Kutschlau auf einer alen Postkarte\" width=\"350\" height=\"217\" \/><\/p>\n<p class=\"bildunterschrift\">Kutschlau auf einer alen Postkarte<\/p>\n<p>In Kutschlau bin ich zur Schule gegangen und habe schon als Kind meinen Eltern im Rahmen meiner Kr\u00e4fte in der Landwirtschaft geholfen. Denn sie bewirtschafteten beide einen 12 ha Bauernhof. Im 10. Lebensjahr wurde mir von der Schulleitung angeboten, nach Schwiebus zum Gymnasium zu gehen und eine h\u00f6here Schulbildung anzustreben. So wurde ich schon in jungen Jahren vor eine Entscheidung gestellt. Aber meine schon mithelfende T\u00e4tigkeit in der elterlichen Landwirtschaft und das gute Verh\u00e4ltnis zu meinen Eltern lie\u00dfen mich den Weg zum landwirtschaftlichen Beruf gehen, der besonders in den ersten Kriegsjahren bis zur Einberufung zum Kriegsdienst hohen Einsatz von mir forderte.<\/p>\n<p>Zu Anfang des Krieges erlitt mein Vater einen schweren Unfall und der Onkel mu\u00dfte in den Krieg. So mu\u00dfte ich dann auch in dessen Landwirtschaft mithelfen. Am 2. Dezember bis zum Kriegsende mu\u00dfte ich in den Kriegsdienst. W\u00e4hrend dieser schrecklichen Zeit war ich einmal schwer krank und wurde 2 Mal leicht verwundet, kam im Mai 1945 in amerikanische Gefangenschaft bei Schwerin und sp\u00e4ter nach Schleswig Holstein. Hier habe ich nun erfahren, da\u00df meine Heimat schon Ende Januar 1945 von den Russen \u00fcberrannt wurde und meine Eltern dort verblieben waren. Da in dieser Zeit winterliche Bedingungen mit Glatteis geherrscht hatten und der Vormarsch der russischen Truppen so schnell erfolgt war, hatten sie nicht mehr fl\u00fcchten k\u00f6nnen und mu\u00dften dann unter der Besatzung arbeiten, Vater kam im April auch noch in ein Arbeitslager.<\/p>\n<p><img class=\"lazyload\" decoding=\"async\" src=\"data:image\/svg+xml,%3Csvg%20xmlns%3D%27http%3A%2F%2Fwww.w3.org%2F2000%2Fsvg%27%20width%3D%27350%27%20height%3D%27211%27%20viewBox%3D%270%200%20350%20211%27%3E%3Crect%20width%3D%27350%27%20height%3D%27211%27%20fill-opacity%3D%220%22%2F%3E%3C%2Fsvg%3E\" data-orig-src=\"http:\/\/paulinenaue.info\/neues\/extra\/fotos\/20050228_fritsch\/fritsch_haus_1947.jpg\" alt=\"Haus der Familie Fritsch in Kutschlau, wenige Jahre nach dem Krieg\" width=\"350\" height=\"211\" \/><\/p>\n<p class=\"bildunterschrift\">Das Haus der Familie Fritsch in Kutschlau, wenige Jahre nach dem Krieg<\/p>\n<p>Uns wurde im Gefangenenlager mitgeteilt, da\u00df aus den Gebieten \u00f6stlich der Oder alle Deutschen vertrieben wurden. So wurde mir bewu\u00dft, du hast also keine Heimat mehr. Im Juni 1945 wurden schon viele meiner Kameraden, die in den westlichen Besatzungszonen ihre Heimat hatten, entlassen. Aber uns, die wir im Osten, in dem russisch besetzten Gebiet zu Hause waren, wurde die M\u00f6glichkeit gegeben, uns zur Arbeit in der Landwirtschaft in den westlichen Zonen zu melden. Dies habe ich auch sofort getan, und so wurde ich schon am 12. Juli 1945 entlassen und kam nach Holdorf in Oldenburg. Mir wurde eine Arbeit in einer kleinen Landwirtschaft &#8230; zugewiesen. Meine Unterkunft war ein kleines K\u00e4mmerlein auf der Diele neben zwei Ochsen. Aber ich war ein freier Mensch und hatte satt zu essen. Nur eine gro\u00dfe Sorge qu\u00e4lte mich, wo sind meine Eltern?<\/p>\n<p>Im November suchte ich mir eine neue Arbeitsst\u00e4tte ganz in der Nachbarschaft. Hier erhielt ich eine bessere Unterkunft. Ich konnte auch bei der t\u00e4glichen Arbeit mit Pferden arbeiten und mu\u00dfte mich nicht mehr mit Ochsen herumqu\u00e4len. Hier blieb ich dann bis November 1948. Im Dezember 1945 erhielt ich dann \u00fcber Verwandte aus Berlin die Nachricht, da\u00df meine Eltern noch leben, sie im November mit einem Fl\u00fcchtlingstransport durch Berlin gekommen seien und weiter nach Mecklenburg transportiert worden waren. Das war das sch\u00f6nste Weihnachtsgeschenk f\u00fcr mich. Ich erhielt auch bald von ihnen ein Lebenszeichen. Mein Wunsch und auch der meiner Eltern war, da\u00df wir recht bald wieder gemeinsam zusammen sein wollen. Aber im zweiten Brief von meinem Vater teilte er mir mit: &#8222;Hierher nach Mecklenburg brauchst du nicht zu kommen, denn hier festzusitzen ist eine Versklaverei auf Generationen und keine Heimat f\u00fcr uns.&#8220;<\/p>\n<p>So hat mein Vater im Jahre 1946 alles versucht, von dort wegzukommen. Auf dieser Suche nach einer neuen Heimat mit Arbeit und Wohnung f\u00fchrte es ihn auch nach Paulinenaue, denn hier waren die [Kutschlauer] Familien Spie\u00df-Drescher, Exner und Rohmann. Mit deren Unterst\u00fctzung gelang es ihm, Arbeit und eine kleine Wohnung auf dem von der russischen Besatzungsmacht geleiteten Gut zu finden.<\/p>\n<p><img class=\"lazyload\" decoding=\"async\" src=\"data:image\/svg+xml,%3Csvg%20xmlns%3D%27http%3A%2F%2Fwww.w3.org%2F2000%2Fsvg%27%20width%3D%27350%27%20height%3D%27248%27%20viewBox%3D%270%200%20350%20248%27%3E%3Crect%20width%3D%27350%27%20height%3D%27248%27%20fill-opacity%3D%220%22%2F%3E%3C%2Fsvg%3E\" data-orig-src=\"http:\/\/paulinenaue.info\/neues\/extra\/fotos\/20050228_fritsch\/kutschlauer.jpg\" alt=\"Die Kutschlauer Familien in Paulinenaue, 1947\" width=\"350\" height=\"248\" \/><\/p>\n<p class=\"bildunterschrift\">Die Kutschlauer Familien in Paulinenaue, 1947<\/p>\n<p>Ende Oktober begann die Vertreibung. In Schwiebus wurden alle von den Polen gepl\u00fcndert. Es wurde [ihnen] alles, Papiere, Wertsachen bis auf ein paar kleine Habseligkeiten abgenommen. Sie hatten also nichts mehr. Vater hat sie dann im November in Ulrikenhof im Kreis B\u00fctzow wiedergefunden.<\/p>\n<p>Noch kurz zu den Erlebnissen meiner Eltern u. Bruder von Januar 1945 bis Oktober 1945 unter der russischen, sp\u00e4ter polnischen Besatzung in der alten Heimat. Mein Vater wurde im April weggeholt, kam in ein Internierungslager nach Schwiebus und sp\u00e4ter nach Posen. Meine Mutter und alle anderen Verwandten mu\u00dften in dieser Zeit in Kutschlau unter der Besatzungsmacht bei der Eintreibung der Ernte arbeiten, das war die einzige M\u00f6glichkeit, ein St\u00fcck Brot zu erhalten.<\/p>\n<p>Text und Fotos: Helmut Fritsch, Paulinenaue.<\/p>\n","protected":false},"excerpt":{"rendered":"<p>Helmut Fritsch ist so etwas wie ein Paulinenauer Urgestein, doch [&hellip;]<\/p>\n","protected":false},"author":1,"featured_media":274,"comment_status":"open","ping_status":"open","sticky":false,"template":"","format":"standard","meta":{"_acf_changed":false,"_price":"","_stock":"","_tribe_ticket_header":"","_tribe_default_ticket_provider":"","_tribe_ticket_capacity":"0","_ticket_start_date":"","_ticket_end_date":"","_tribe_ticket_show_description":"","_tribe_ticket_show_not_going":false,"_tribe_ticket_use_global_stock":"","_tribe_ticket_global_stock_level":"","_global_stock_mode":"","_global_stock_cap":"","_tribe_rsvp_for_event":"","_tribe_ticket_going_count":"","_tribe_ticket_not_going_count":"","_tribe_tickets_list":"[]","_tribe_ticket_has_attendee_info_fields":false,"jetpack_post_was_ever_published":false,"_jetpack_newsletter_access":"","_jetpack_dont_email_post_to_subs":false,"_jetpack_newsletter_tier_id":0,"_jetpack_memberships_contains_paywalled_content":false,"_jetpack_memberships_contains_paid_content":false,"footnotes":"","jetpack_publicize_message":"","jetpack_publicize_feature_enabled":true,"jetpack_social_post_already_shared":false,"jetpack_social_options":{"image_generator_settings":{"template":"highway","default_image_id":0,"font":"","enabled":false},"version":2}},"categories":[6,7],"tags":[85],"class_list":["post-211","post","type-post","status-publish","format-standard","has-post-thumbnail","hentry","category-hier-zuhause","category-historie","tag-heimat"],"acf":[],"yoast_head":"<!-- This site is optimized with the Yoast SEO plugin v27.5 - https:\/\/yoast.com\/product\/yoast-seo-wordpress\/ -->\n<title>Helmut Fritsch: Wie ich in Paulinenaue eine neue Heimat gefunden habe (Teil 1) - Paulinenaue<\/title>\n<meta name=\"robots\" content=\"index, follow, max-snippet:-1, max-image-preview:large, max-video-preview:-1\" \/>\n<link rel=\"canonical\" href=\"https:\/\/paulinenaue.info\/index.php\/helmut-fritsch-wie-ich-in-paulinenaue-eine-neue-heimat-gefunden-habe-teil-1\/\" \/>\n<meta property=\"og:locale\" content=\"de_DE\" \/>\n<meta property=\"og:type\" content=\"article\" \/>\n<meta property=\"og:title\" content=\"Helmut Fritsch: Wie ich in Paulinenaue eine neue Heimat gefunden habe (Teil 1) - Paulinenaue\" \/>\n<meta property=\"og:description\" content=\"Helmut Fritsch ist so etwas wie ein Paulinenauer Urgestein, doch [&hellip;]\" \/>\n<meta property=\"og:url\" content=\"https:\/\/paulinenaue.info\/index.php\/helmut-fritsch-wie-ich-in-paulinenaue-eine-neue-heimat-gefunden-habe-teil-1\/\" \/>\n<meta property=\"og:site_name\" content=\"Paulinenaue\" \/>\n<meta property=\"article:published_time\" content=\"2016-03-22T14:34:57+00:00\" \/>\n<meta property=\"article:modified_time\" content=\"2016-09-18T08:39:05+00:00\" \/>\n<meta property=\"og:image\" content=\"https:\/\/i1.wp.com\/paulinenaue.info\/wp-content\/uploads\/2016\/03\/fritsch.jpg?fit=350%2C248&ssl=1\" \/>\n\t<meta property=\"og:image:width\" content=\"350\" \/>\n\t<meta property=\"og:image:height\" content=\"248\" \/>\n\t<meta property=\"og:image:type\" content=\"image\/jpeg\" \/>\n<meta name=\"author\" content=\"Joachim Scholz\" \/>\n<meta name=\"twitter:card\" content=\"summary_large_image\" \/>\n<meta name=\"twitter:label1\" content=\"Verfasst von\" \/>\n\t<meta name=\"twitter:data1\" content=\"Joachim Scholz\" \/>\n\t<meta name=\"twitter:label2\" content=\"Gesch\u00e4tzte Lesezeit\" \/>\n\t<meta name=\"twitter:data2\" content=\"4\u00a0Minuten\" \/>\n<script type=\"application\/ld+json\" class=\"yoast-schema-graph\">{\"@context\":\"https:\\\/\\\/schema.org\",\"@graph\":[{\"@type\":\"Article\",\"@id\":\"https:\\\/\\\/paulinenaue.info\\\/index.php\\\/helmut-fritsch-wie-ich-in-paulinenaue-eine-neue-heimat-gefunden-habe-teil-1\\\/#article\",\"isPartOf\":{\"@id\":\"https:\\\/\\\/paulinenaue.info\\\/index.php\\\/helmut-fritsch-wie-ich-in-paulinenaue-eine-neue-heimat-gefunden-habe-teil-1\\\/\"},\"author\":{\"name\":\"Joachim Scholz\",\"@id\":\"https:\\\/\\\/paulinenaue.info\\\/#\\\/schema\\\/person\\\/3f9e818fd7b69b0d2bd937ac506897cc\"},\"headline\":\"Helmut Fritsch: Wie ich in Paulinenaue eine neue Heimat gefunden habe (Teil 1)\",\"datePublished\":\"2016-03-22T14:34:57+00:00\",\"dateModified\":\"2016-09-18T08:39:05+00:00\",\"mainEntityOfPage\":{\"@id\":\"https:\\\/\\\/paulinenaue.info\\\/index.php\\\/helmut-fritsch-wie-ich-in-paulinenaue-eine-neue-heimat-gefunden-habe-teil-1\\\/\"},\"wordCount\":867,\"commentCount\":0,\"image\":{\"@id\":\"https:\\\/\\\/paulinenaue.info\\\/index.php\\\/helmut-fritsch-wie-ich-in-paulinenaue-eine-neue-heimat-gefunden-habe-teil-1\\\/#primaryimage\"},\"thumbnailUrl\":\"https:\\\/\\\/paulinenaue.info\\\/wp-content\\\/uploads\\\/2016\\\/03\\\/fritsch.jpg\",\"keywords\":[\"Heimat\"],\"articleSection\":[\"Hier Zuhause\",\"Historie\"],\"inLanguage\":\"de\",\"potentialAction\":[{\"@type\":\"CommentAction\",\"name\":\"Comment\",\"target\":[\"https:\\\/\\\/paulinenaue.info\\\/index.php\\\/helmut-fritsch-wie-ich-in-paulinenaue-eine-neue-heimat-gefunden-habe-teil-1\\\/#respond\"]}]},{\"@type\":\"WebPage\",\"@id\":\"https:\\\/\\\/paulinenaue.info\\\/index.php\\\/helmut-fritsch-wie-ich-in-paulinenaue-eine-neue-heimat-gefunden-habe-teil-1\\\/\",\"url\":\"https:\\\/\\\/paulinenaue.info\\\/index.php\\\/helmut-fritsch-wie-ich-in-paulinenaue-eine-neue-heimat-gefunden-habe-teil-1\\\/\",\"name\":\"Helmut Fritsch: Wie ich in Paulinenaue eine neue Heimat gefunden habe (Teil 1) - Paulinenaue\",\"isPartOf\":{\"@id\":\"https:\\\/\\\/paulinenaue.info\\\/#website\"},\"primaryImageOfPage\":{\"@id\":\"https:\\\/\\\/paulinenaue.info\\\/index.php\\\/helmut-fritsch-wie-ich-in-paulinenaue-eine-neue-heimat-gefunden-habe-teil-1\\\/#primaryimage\"},\"image\":{\"@id\":\"https:\\\/\\\/paulinenaue.info\\\/index.php\\\/helmut-fritsch-wie-ich-in-paulinenaue-eine-neue-heimat-gefunden-habe-teil-1\\\/#primaryimage\"},\"thumbnailUrl\":\"https:\\\/\\\/paulinenaue.info\\\/wp-content\\\/uploads\\\/2016\\\/03\\\/fritsch.jpg\",\"datePublished\":\"2016-03-22T14:34:57+00:00\",\"dateModified\":\"2016-09-18T08:39:05+00:00\",\"author\":{\"@id\":\"https:\\\/\\\/paulinenaue.info\\\/#\\\/schema\\\/person\\\/3f9e818fd7b69b0d2bd937ac506897cc\"},\"breadcrumb\":{\"@id\":\"https:\\\/\\\/paulinenaue.info\\\/index.php\\\/helmut-fritsch-wie-ich-in-paulinenaue-eine-neue-heimat-gefunden-habe-teil-1\\\/#breadcrumb\"},\"inLanguage\":\"de\",\"potentialAction\":[{\"@type\":\"ReadAction\",\"target\":[\"https:\\\/\\\/paulinenaue.info\\\/index.php\\\/helmut-fritsch-wie-ich-in-paulinenaue-eine-neue-heimat-gefunden-habe-teil-1\\\/\"]}]},{\"@type\":\"ImageObject\",\"inLanguage\":\"de\",\"@id\":\"https:\\\/\\\/paulinenaue.info\\\/index.php\\\/helmut-fritsch-wie-ich-in-paulinenaue-eine-neue-heimat-gefunden-habe-teil-1\\\/#primaryimage\",\"url\":\"https:\\\/\\\/paulinenaue.info\\\/wp-content\\\/uploads\\\/2016\\\/03\\\/fritsch.jpg\",\"contentUrl\":\"https:\\\/\\\/paulinenaue.info\\\/wp-content\\\/uploads\\\/2016\\\/03\\\/fritsch.jpg\",\"width\":350,\"height\":248},{\"@type\":\"BreadcrumbList\",\"@id\":\"https:\\\/\\\/paulinenaue.info\\\/index.php\\\/helmut-fritsch-wie-ich-in-paulinenaue-eine-neue-heimat-gefunden-habe-teil-1\\\/#breadcrumb\",\"itemListElement\":[{\"@type\":\"ListItem\",\"position\":1,\"name\":\"Home\",\"item\":\"https:\\\/\\\/paulinenaue.info\\\/\"},{\"@type\":\"ListItem\",\"position\":2,\"name\":\"Helmut Fritsch: Wie ich in Paulinenaue eine neue Heimat gefunden habe (Teil 1)\"}]},{\"@type\":\"WebSite\",\"@id\":\"https:\\\/\\\/paulinenaue.info\\\/#website\",\"url\":\"https:\\\/\\\/paulinenaue.info\\\/\",\"name\":\"Paulinenaue\",\"description\":\"Ein Dorf im Havelland\",\"potentialAction\":[{\"@type\":\"SearchAction\",\"target\":{\"@type\":\"EntryPoint\",\"urlTemplate\":\"https:\\\/\\\/paulinenaue.info\\\/?s={search_term_string}\"},\"query-input\":{\"@type\":\"PropertyValueSpecification\",\"valueRequired\":true,\"valueName\":\"search_term_string\"}}],\"inLanguage\":\"de\"},{\"@type\":\"Person\",\"@id\":\"https:\\\/\\\/paulinenaue.info\\\/#\\\/schema\\\/person\\\/3f9e818fd7b69b0d2bd937ac506897cc\",\"name\":\"Joachim Scholz\",\"url\":\"https:\\\/\\\/paulinenaue.info\\\/index.php\\\/author\\\/jjscholz\\\/\"}]}<\/script>\n<!-- \/ Yoast SEO plugin. -->","yoast_head_json":{"title":"Helmut Fritsch: Wie ich in Paulinenaue eine neue Heimat gefunden habe (Teil 1) - Paulinenaue","robots":{"index":"index","follow":"follow","max-snippet":"max-snippet:-1","max-image-preview":"max-image-preview:large","max-video-preview":"max-video-preview:-1"},"canonical":"https:\/\/paulinenaue.info\/index.php\/helmut-fritsch-wie-ich-in-paulinenaue-eine-neue-heimat-gefunden-habe-teil-1\/","og_locale":"de_DE","og_type":"article","og_title":"Helmut Fritsch: Wie ich in Paulinenaue eine neue Heimat gefunden habe (Teil 1) - Paulinenaue","og_description":"Helmut Fritsch ist so etwas wie ein Paulinenauer Urgestein, doch [&hellip;]","og_url":"https:\/\/paulinenaue.info\/index.php\/helmut-fritsch-wie-ich-in-paulinenaue-eine-neue-heimat-gefunden-habe-teil-1\/","og_site_name":"Paulinenaue","article_published_time":"2016-03-22T14:34:57+00:00","article_modified_time":"2016-09-18T08:39:05+00:00","og_image":[{"width":350,"height":248,"url":"https:\/\/i1.wp.com\/paulinenaue.info\/wp-content\/uploads\/2016\/03\/fritsch.jpg?fit=350%2C248&ssl=1","type":"image\/jpeg"}],"author":"Joachim Scholz","twitter_card":"summary_large_image","twitter_misc":{"Verfasst von":"Joachim Scholz","Gesch\u00e4tzte Lesezeit":"4\u00a0Minuten"},"schema":{"@context":"https:\/\/schema.org","@graph":[{"@type":"Article","@id":"https:\/\/paulinenaue.info\/index.php\/helmut-fritsch-wie-ich-in-paulinenaue-eine-neue-heimat-gefunden-habe-teil-1\/#article","isPartOf":{"@id":"https:\/\/paulinenaue.info\/index.php\/helmut-fritsch-wie-ich-in-paulinenaue-eine-neue-heimat-gefunden-habe-teil-1\/"},"author":{"name":"Joachim Scholz","@id":"https:\/\/paulinenaue.info\/#\/schema\/person\/3f9e818fd7b69b0d2bd937ac506897cc"},"headline":"Helmut Fritsch: Wie ich in Paulinenaue eine neue Heimat gefunden habe (Teil 1)","datePublished":"2016-03-22T14:34:57+00:00","dateModified":"2016-09-18T08:39:05+00:00","mainEntityOfPage":{"@id":"https:\/\/paulinenaue.info\/index.php\/helmut-fritsch-wie-ich-in-paulinenaue-eine-neue-heimat-gefunden-habe-teil-1\/"},"wordCount":867,"commentCount":0,"image":{"@id":"https:\/\/paulinenaue.info\/index.php\/helmut-fritsch-wie-ich-in-paulinenaue-eine-neue-heimat-gefunden-habe-teil-1\/#primaryimage"},"thumbnailUrl":"https:\/\/paulinenaue.info\/wp-content\/uploads\/2016\/03\/fritsch.jpg","keywords":["Heimat"],"articleSection":["Hier Zuhause","Historie"],"inLanguage":"de","potentialAction":[{"@type":"CommentAction","name":"Comment","target":["https:\/\/paulinenaue.info\/index.php\/helmut-fritsch-wie-ich-in-paulinenaue-eine-neue-heimat-gefunden-habe-teil-1\/#respond"]}]},{"@type":"WebPage","@id":"https:\/\/paulinenaue.info\/index.php\/helmut-fritsch-wie-ich-in-paulinenaue-eine-neue-heimat-gefunden-habe-teil-1\/","url":"https:\/\/paulinenaue.info\/index.php\/helmut-fritsch-wie-ich-in-paulinenaue-eine-neue-heimat-gefunden-habe-teil-1\/","name":"Helmut Fritsch: Wie ich in Paulinenaue eine neue Heimat gefunden habe (Teil 1) - Paulinenaue","isPartOf":{"@id":"https:\/\/paulinenaue.info\/#website"},"primaryImageOfPage":{"@id":"https:\/\/paulinenaue.info\/index.php\/helmut-fritsch-wie-ich-in-paulinenaue-eine-neue-heimat-gefunden-habe-teil-1\/#primaryimage"},"image":{"@id":"https:\/\/paulinenaue.info\/index.php\/helmut-fritsch-wie-ich-in-paulinenaue-eine-neue-heimat-gefunden-habe-teil-1\/#primaryimage"},"thumbnailUrl":"https:\/\/paulinenaue.info\/wp-content\/uploads\/2016\/03\/fritsch.jpg","datePublished":"2016-03-22T14:34:57+00:00","dateModified":"2016-09-18T08:39:05+00:00","author":{"@id":"https:\/\/paulinenaue.info\/#\/schema\/person\/3f9e818fd7b69b0d2bd937ac506897cc"},"breadcrumb":{"@id":"https:\/\/paulinenaue.info\/index.php\/helmut-fritsch-wie-ich-in-paulinenaue-eine-neue-heimat-gefunden-habe-teil-1\/#breadcrumb"},"inLanguage":"de","potentialAction":[{"@type":"ReadAction","target":["https:\/\/paulinenaue.info\/index.php\/helmut-fritsch-wie-ich-in-paulinenaue-eine-neue-heimat-gefunden-habe-teil-1\/"]}]},{"@type":"ImageObject","inLanguage":"de","@id":"https:\/\/paulinenaue.info\/index.php\/helmut-fritsch-wie-ich-in-paulinenaue-eine-neue-heimat-gefunden-habe-teil-1\/#primaryimage","url":"https:\/\/paulinenaue.info\/wp-content\/uploads\/2016\/03\/fritsch.jpg","contentUrl":"https:\/\/paulinenaue.info\/wp-content\/uploads\/2016\/03\/fritsch.jpg","width":350,"height":248},{"@type":"BreadcrumbList","@id":"https:\/\/paulinenaue.info\/index.php\/helmut-fritsch-wie-ich-in-paulinenaue-eine-neue-heimat-gefunden-habe-teil-1\/#breadcrumb","itemListElement":[{"@type":"ListItem","position":1,"name":"Home","item":"https:\/\/paulinenaue.info\/"},{"@type":"ListItem","position":2,"name":"Helmut Fritsch: Wie ich in Paulinenaue eine neue Heimat gefunden habe (Teil 1)"}]},{"@type":"WebSite","@id":"https:\/\/paulinenaue.info\/#website","url":"https:\/\/paulinenaue.info\/","name":"Paulinenaue","description":"Ein Dorf im Havelland","potentialAction":[{"@type":"SearchAction","target":{"@type":"EntryPoint","urlTemplate":"https:\/\/paulinenaue.info\/?s={search_term_string}"},"query-input":{"@type":"PropertyValueSpecification","valueRequired":true,"valueName":"search_term_string"}}],"inLanguage":"de"},{"@type":"Person","@id":"https:\/\/paulinenaue.info\/#\/schema\/person\/3f9e818fd7b69b0d2bd937ac506897cc","name":"Joachim Scholz","url":"https:\/\/paulinenaue.info\/index.php\/author\/jjscholz\/"}]}},"jetpack_publicize_connections":[],"jetpack_featured_media_url":"https:\/\/paulinenaue.info\/wp-content\/uploads\/2016\/03\/fritsch.jpg","jetpack_sharing_enabled":true,"jetpack_shortlink":"https:\/\/wp.me\/pcYhWA-3p","jetpack-related-posts":[{"id":1065,"url":"https:\/\/paulinenaue.info\/index.php\/helmut-fritsch-wie-ich-in-paulinenaue-eine-neue-heimat-gefunden-habe-teil-1-2\/","url_meta":{"origin":211,"position":0},"title":"Helmut Fritsch: &#8222;Wie ich in Paulinenaue eine neue Heimat gefunden habe.&#8220; (Teil 1)","author":"Sarah","date":"20. Juni 2017","format":false,"excerpt":"08.03.2005 Erster Teil Helmut Fritsch ist so etwas wie ein Paulinenauer Urgestein, doch lebt er nicht seit eh und je in unserem Dorf. Er geh\u00f6rt zu den \"Kutschlauern\", die nach dem zweiten Weltkrieg im Gefolge Prof. Mitscherlichs aus Ostbrandenburg ins Havelland zogen. Urspr\u00fcnglich f\u00fcr ein Schulprojekt und nun f\u00fcr unsere\u2026","rel":"","context":"In &quot;Allgemein&quot;","block_context":{"text":"Allgemein","link":"https:\/\/paulinenaue.info\/index.php\/category\/allgemein\/"},"img":{"alt_text":"","src":"https:\/\/i0.wp.com\/paulinenaue.info\/wp-content\/uploads\/2017\/06\/kutschlauer.jpg?resize=350%2C200&ssl=1","width":350,"height":200},"classes":[]},{"id":1072,"url":"https:\/\/paulinenaue.info\/index.php\/helmut-fritsch-wie-ich-in-paulinenaue-eine-neue-heimat-gefunden-habe-teil-2-2\/","url_meta":{"origin":211,"position":1},"title":"Helmut Fritsch: &#8222;Wie ich in Paulinenaue eine neue Heimat gefunden habe.&#8220; (Teil 2)","author":"Sarah","date":"20. Juni 2017","format":false,"excerpt":"16.03.2005 Zweiter Teil Im ersten Teil erz\u00e4hlte Helmut Fritsch \u00fcber seine alte Heimat in Kutschlau und die Verteibung am Ende des zweiten Weltkrieges. Im zweiten Teil der Geschichte berichtet er \u00fcber den Entschluss zur \u00dcbersiedlung nach Paulinenaue, vom Hineinwachsen in das durchs Institut gepr\u00e4gte Leben des Dorfes, von einer gl\u00fccklichen\u2026","rel":"","context":"In &quot;Allgemein&quot;","block_context":{"text":"Allgemein","link":"https:\/\/paulinenaue.info\/index.php\/category\/allgemein\/"},"img":{"alt_text":"","src":"https:\/\/i0.wp.com\/paulinenaue.info\/wp-content\/uploads\/2017\/06\/pferdegespann.jpg?resize=350%2C200&ssl=1","width":350,"height":200},"classes":[]},{"id":213,"url":"https:\/\/paulinenaue.info\/index.php\/helmut-fritsch-wie-ich-in-paulinenaue-eine-neue-heimat-gefunden-habe-teil-2\/","url_meta":{"origin":211,"position":2},"title":"Helmut Fritsch: Wie ich in Paulinenaue eine neue Heimat gefunden habe (Teil 2)","author":"Joachim Scholz","date":"22. M\u00e4rz 2016","format":false,"excerpt":"Im ersten Teil erz\u00e4hlte Helmut Fritsch \u00fcber seine alte Heimat in Kutschlau und die Verteibung am Ende des zweiten Weltkrieges. Im zweiten Teil der Geschichte berichtet er \u00fcber den Entschluss zur \u00dcbersiedlung nach Paulinenaue, vom Hineinwachsen in das durchs Institut gepr\u00e4gte Leben des Dorfes, von einer gl\u00fccklichen Familiengeschichte und wir\u2026","rel":"","context":"In &quot;Historie&quot;","block_context":{"text":"Historie","link":"https:\/\/paulinenaue.info\/index.php\/category\/historie\/"},"img":{"alt_text":"","src":"https:\/\/i0.wp.com\/paulinenaue.info\/wp-content\/uploads\/2016\/03\/fritsch-pferdegespann.jpg?resize=350%2C200&ssl=1","width":350,"height":200},"classes":[]},{"id":1138,"url":"https:\/\/paulinenaue.info\/index.php\/zu-besuch-in-chociule-kutschlau-heute\/","url_meta":{"origin":211,"position":3},"title":"Zu Besuch in Chociule &#8211; Kutschlau heute","author":"Sarah","date":"21. Juni 2017","format":false,"excerpt":"10.08.2005 Das polnische Dorf Chociule geh\u00f6rte vor dem Zweiten Weltkrieg zur Provinz Brandenburg und hie\u00df Kutschlau. Von 1941 bis 1945 bewirtschaftete dort Eilhard Alfred Mitscherlich, damals bereits emeritierter Professor der Universit\u00e4t K\u00f6nigsberg und sp\u00e4ter erster Direktor des Paulinenauer Landwirtschaftsinstitutes, das Familiengut seines verstorbenen Onkels. Als Mitscherlich im Januar 1945 vor\u2026","rel":"","context":"In &quot;Allgemein&quot;","block_context":{"text":"Allgemein","link":"https:\/\/paulinenaue.info\/index.php\/category\/allgemein\/"},"img":{"alt_text":"","src":"https:\/\/i0.wp.com\/paulinenaue.info\/wp-content\/uploads\/2017\/06\/20050809_kirche_kutschlau.jpg?resize=350%2C200&ssl=1","width":350,"height":200},"classes":[]},{"id":1006,"url":"https:\/\/paulinenaue.info\/index.php\/80-jahre-gemeinde-paulinenaue-eine-serie-zur-ortsgeschichte-teil-6\/","url_meta":{"origin":211,"position":4},"title":"80 Jahre Gemeinde Paulinenaue \u2013 Eine Serie zur Ortsgeschichte (Teil 6)","author":"Sarah","date":"19. Juni 2017","format":false,"excerpt":"18.11.2004 Teil 6 Von Angelika Kellner 1945 bis 1990 An die Jahre von 1945 bis 1990 haben die meisten Paulinenauer noch eigene Erinnerungen. Nach Kriegsende ver\u00e4nderte sich in Paulinenaue vieles. Neben Bodenreform und Zuwanderung von Menschen, die ihre Heimat verloren hatten, war die Ankunft eines Mannes im Ort von entscheidender\u2026","rel":"","context":"In &quot;Allgemein&quot;","block_context":{"text":"Allgemein","link":"https:\/\/paulinenaue.info\/index.php\/category\/allgemein\/"},"img":{"alt_text":"","src":"https:\/\/i0.wp.com\/paulinenaue.info\/wp-content\/uploads\/2017\/06\/mitscherlichhaus.jpg?resize=350%2C200&ssl=1","width":350,"height":200},"classes":[]},{"id":1056,"url":"https:\/\/paulinenaue.info\/index.php\/paulinenauer-schilderwelten-wolfgang-arndt-oeffnet-sein-archiv\/","url_meta":{"origin":211,"position":5},"title":"Paulinenauer Schilderwelten Wolfgang Arndt \u00f6ffnet sein Archiv","author":"Sarah","date":"19. Juni 2017","format":false,"excerpt":"27.01.2005 Wolfgang Arndt ist seit langer Zeit Hausmeister an der Paulinenauer Schule. Als in Wendezeiten die Schuleinrichtung neu geordnet wurde, rettete er manches Kleinod der Ortsgeschichte vor gedankenloser Beseitigung, darunter auch die hier abgebildeten Schilder vergangener Tage. Klicken Sie zur Vergr\u00f6\u00dferung in die Bilder.","rel":"","context":"In &quot;Allgemein&quot;","block_context":{"text":"Allgemein","link":"https:\/\/paulinenaue.info\/index.php\/category\/allgemein\/"},"img":{"alt_text":"","src":"https:\/\/i0.wp.com\/paulinenaue.info\/wp-content\/uploads\/2017\/06\/schild_rat_der_gemeinde_01.jpg?resize=350%2C200&ssl=1","width":350,"height":200},"classes":[]}],"_links":{"self":[{"href":"https:\/\/paulinenaue.info\/index.php\/wp-json\/wp\/v2\/posts\/211","targetHints":{"allow":["GET"]}}],"collection":[{"href":"https:\/\/paulinenaue.info\/index.php\/wp-json\/wp\/v2\/posts"}],"about":[{"href":"https:\/\/paulinenaue.info\/index.php\/wp-json\/wp\/v2\/types\/post"}],"author":[{"embeddable":true,"href":"https:\/\/paulinenaue.info\/index.php\/wp-json\/wp\/v2\/users\/1"}],"replies":[{"embeddable":true,"href":"https:\/\/paulinenaue.info\/index.php\/wp-json\/wp\/v2\/comments?post=211"}],"version-history":[{"count":1,"href":"https:\/\/paulinenaue.info\/index.php\/wp-json\/wp\/v2\/posts\/211\/revisions"}],"predecessor-version":[{"id":212,"href":"https:\/\/paulinenaue.info\/index.php\/wp-json\/wp\/v2\/posts\/211\/revisions\/212"}],"wp:featuredmedia":[{"embeddable":true,"href":"https:\/\/paulinenaue.info\/index.php\/wp-json\/wp\/v2\/media\/274"}],"wp:attachment":[{"href":"https:\/\/paulinenaue.info\/index.php\/wp-json\/wp\/v2\/media?parent=211"}],"wp:term":[{"taxonomy":"category","embeddable":true,"href":"https:\/\/paulinenaue.info\/index.php\/wp-json\/wp\/v2\/categories?post=211"},{"taxonomy":"post_tag","embeddable":true,"href":"https:\/\/paulinenaue.info\/index.php\/wp-json\/wp\/v2\/tags?post=211"}],"curies":[{"name":"wp","href":"https:\/\/api.w.org\/{rel}","templated":true}]}}