{"id":213,"date":"2016-03-22T15:36:33","date_gmt":"2016-03-22T14:36:33","guid":{"rendered":"https:\/\/sudile.com\/paue\/?p=213"},"modified":"2016-09-18T10:38:59","modified_gmt":"2016-09-18T08:38:59","slug":"helmut-fritsch-wie-ich-in-paulinenaue-eine-neue-heimat-gefunden-habe-teil-2","status":"publish","type":"post","link":"https:\/\/paulinenaue.info\/index.php\/helmut-fritsch-wie-ich-in-paulinenaue-eine-neue-heimat-gefunden-habe-teil-2\/","title":{"rendered":"Helmut Fritsch: Wie ich in Paulinenaue eine neue Heimat gefunden habe (Teil 2)"},"content":{"rendered":"<p><b>Im ersten Teil erz\u00e4hlte Helmut Fritsch \u00fcber seine alte Heimat in Kutschlau und die Verteibung am Ende des zweiten Weltkrieges. Im zweiten Teil der Geschichte berichtet er \u00fcber den Entschluss zur \u00dcbersiedlung nach Paulinenaue, vom Hineinwachsen in das durchs Institut gepr\u00e4gte Leben des Dorfes, von einer gl\u00fccklichen Familiengeschichte und wir erfahren schlie\u00dflich, warum Helmut Fritsch Paulinenaue nie verlassen wollte.<\/b><\/p>\n<p>Im Februar 1947 habe ich mich aufgemacht, um meine Eltern in Paulinenaue zu besuchen. An der Grenze bei Marienborn wurde ich aufgegriffen und von den Russen einen Tag eingesperrt, aber man lie\u00df mich wieder raus und ich konnte meine Fahrt fortsetzen und hier in Paulinenaue meine Familie in die Arme schlie\u00dfen. Ich blieb vier Wochen und f\u00fchlte mich trotz der noch bestehenden schwierigen Versorgungslage sehr wohl. Denn auch schon alle lieben Bekannten aus unserer alten Heimat gaben mir ein St\u00fcck neue Heimat. Ich fuhr wieder nach Oldenburg zur\u00fcck, bin aber zum Weihnachtsfest 1947 wieder f\u00fcr vier Wochen nach Paulinenaue gefahren. Zu dieser Zeit hatte sich meine Familie hier gut eingelebt. Zur Verbesserung der Versorgung stand eine Kuh im Stall. Mein Vater hatte nur den Wunsch, ob ich nicht auch zu ihnen nach Paulinenaue kommen wolle.<\/p>\n<p>In Oldenburg, wo ich eine gute Arbeitsstelle hatte und auch von meinem Arbeitgeber und der ganzen Familie aufgrund meiner guten zuverl\u00e4ssigen Arbeit geachtet wurde, kam es mir doch zum Bewu\u00dftsein, da\u00df ich hier immer als Fremder gelten werde und keine rechte Heimat finden werde.<\/p>\n<p>Ich fa\u00dfte im Fr\u00fchjahr 1948 dann den Entschlu\u00df und teilte dies meinen Eltern mit, da\u00df ich im Sp\u00e4therbst 1948 nach Paulinenaue kommen werde. Ende November packte ich dann meinen Rucksack und fuhr ab in Richtung Paulinenaue. An der Grenze bei Salzwedel wurde ich dann auch noch mal wegen illegalen Grenz\u00fcbertritts f\u00fcr einen Tag bei den Russen eingesperrt. Hier in Paulinenaue bei den Eltern angekommen begann nun mein neuer Lebensabschnitt und ich will nun weiter beschreiben, wie mir Paulinenaue zur neuen Heimat wurde.<\/p>\n<p><img class=\"lazyload\" decoding=\"async\" src=\"data:image\/gif;base64,R0lGODlhAQABAAAAACH5BAEKAAEALAAAAAABAAEAAAICTAEAOw==\" data-orig-src=\"http:\/\/paulinenaue.info\/neues\/extra\/fotos\/20050228_fritsch\/gutshof.jpg\" alt=\"Auf dem Paulinenauer Gutshof, 50er Jahre\" \/><\/p>\n<p class=\"bildunterschrift\">Auf dem Paulinenauer Gutshof, 50er Jahre<\/p>\n<p>Durch Vermittlung meines Vaters bekam ich Arbeit in dem von der russischen Besatzungsmacht verwalteten Gut. Am 1. Juni 1949 wurde das Gut an die Akademie der Wissenschaften abgegeben. Die Leitung \u00fcbernahm der auch fr\u00fcher in Kutschlau wohnende Prof. Mitscherlich und es wurde zum Institut zur Steigerung der Pflanzenertr\u00e4ge ausgebaut. Ich wurde ab diesem Tag von Prof. Mitscherlich zur Unterst\u00fctzung des Leiters des Gutes als Assistent eingesetzt.<\/p>\n<p>Jetzt begann f\u00fcr mich eine verantwortungsvolle T\u00e4tigkeit, denn ich war unter loser Oberleitung verantwortlich f\u00fcr den Arbeitsablauf des gesamten Gutsbetriebes. Zur Erweiterung meiner theoretischen Kenntnis wurde ich von Oktober 1950 bis August 1951 zur Fachschule Kr\u00fcnzlin geschickt. Nach der R\u00fcckkehr wurde ich dann als Wirtschaftsleiter eingesetzt. In der folgenden Zeit lernte ich auch meine Frau kennen, wir heirateten dann am 20. M\u00e4rz 1953, bekamen auch im Juli eine kleine Zweizimmerwohnung und gr\u00fcndeten eine Familie. Ich hatte Paulinenaue nun schon liebgewonnen. Ich hatte eine Familie, eine Wohnung, eine verantwortungsvolle Arbeit, [&#8230;] die Eltern und Schwiegereltern wohnten und arbeiteten auch hier in Paulinenaue.<\/p>\n<p><img class=\"lazyload\" decoding=\"async\" src=\"data:image\/gif;base64,R0lGODlhAQABAAAAACH5BAEKAAEALAAAAAABAAEAAAICTAEAOw==\" data-orig-src=\"http:\/\/paulinenaue.info\/neues\/extra\/fotos\/20050228_fritsch\/pferdegespann.jpg\" alt=\"Helmut Fritsch in Fahrt: Mitte der 50er Jahre auf der Philipp-M\u00fcller-Stra\u00dfe\" \/><\/p>\n<p class=\"bildunterschrift\">Helmut Fritsch in Fahrt: Mitte der 50er Jahre auf der Philipp-M\u00fcller-Stra\u00dfe<\/p>\n<p>Im Jahre 1953 und 1956 wurden unsere beiden T\u00f6chter geboren. Da unsere Familie gr\u00f6\u00dfer geworden war, erhielten wir im Februar 1957 eine neue Wohnung im Gartenweg, die H\u00e4lfte eines Doppelhauses mit Stall und Garten. Das war der Grundstein zu einem besseren Leben meiner Familie, hier wurde auch im Juli 1961 unser Sohn geboren. Im M\u00e4rz 1958 wurde ich in die Forschungsabteilung des Institutes versetzt, als Versuchsleiter f\u00fcr technische Erprobung von Futtermaschinen; diese T\u00e4tigkeit \u00fcbte ich bis zum Rentenalter 1989 aus. Von 1959 bis 1964 absolvierte ich noch ein Fachschulfernstudium zur Vervollkommnung meiner theoretischen Kenntnisse.<\/p>\n<p>Nachdem die Kinder nun gr\u00f6\u00dfer wurden, nahm meine Frau ab 1960 die T\u00e4tigkeit im Au\u00dfendienst bei der Deutschen Versicherungsanstalt auf. Und ab 1969 bis zum Rentenalter war sie Zweigstellenleiter bei der Sparkasse in Paulinenaue.<\/p>\n<p>W\u00e4hrend meiner T\u00e4tigkeit im Institut wurde mir des \u00f6fteren von meinen Kollegen die Frage gestellt, wie ich es denn so lange hier in Paulinenaue aushalten k\u00f6nnte, denn hier k\u00f6nnte man doch nicht das gro\u00dfe Geld verdienen. Meine Antwort darauf war immer: Hier habe ich meine Familie, habe eine mir zusagende Arbeit, habe eine gute Wohnung, einen kurzen Weg zu meiner Arbeitsstelle und gute Voraussetzungen und Arbeitsbedingungen. Und au\u00dferdem gef\u00e4llt mir der Ort Paulinenaue sehr, gute Bahnverbindungen sowie Post, B\u00e4cker, Fleischer, Arzt und Zahnarzt. Auch wurde man hier von den alten Einwohnern immer als gleichwertiger Mensch gesehen und nicht als l\u00e4stiger Fl\u00fcchtling.<\/p>\n<p><img class=\"lazyload\" decoding=\"async\" src=\"data:image\/gif;base64,R0lGODlhAQABAAAAACH5BAEKAAEALAAAAAABAAEAAAICTAEAOw==\" data-orig-src=\"http:\/\/paulinenaue.info\/neues\/extra\/fotos\/20050228_fritsch\/fritsch_0002.jpg\" alt=\"Am 22.03.2003 feierten Helmut und Hildegard Fritsch ihre Goldene Hochzeit.\" \/><\/p>\n<p class=\"bildunterschrift\">Am 22.03.2003 feierten Helmut und Hildegard Fritsch ihre Goldene Hochzeit.<\/p>\n<p>Auch auf Grund unserer Arbeit in Paulinenaue ist es uns gelungen unsern drei Kindern eine gute Ausbildung zu gew\u00e4hrleisten. Unser gemeinsames Ziel war es immer, unsere Kinder so zu erziehen, da\u00df sie das Vertrauen zu ihren Eltern nicht verlieren und ihr Elternhaus immer als eine Heimat betrachten.<\/p>\n<p>Im Juni 1990 ist es noch gelungen, das Haus, in dem wir seit 1953 wohnen, als Eigentum zu erwerben, was wir noch als H\u00f6hepunkt unserer Lebensarbeit und Liebe zu unserem Heimatort betrachten. Wir hoffen doch, da\u00df wir hier unseren gemeinsamen Lebensabend recht oft im Kreise unserer Kinder und Enkelkinder verleben k\u00f6nnen.<\/p>\n<p>Im Juli 1970 war ich noch einmal mit meiner Frau, Tochter und Bruder in meiner alten Heimat Kutschlau und mu\u00dfte feststellen, es hat sich viel ver\u00e4ndert. Ich sah nur fremde Menschen. Als ich in meinem Elternhaus war, die fremden Leute sah, alle Gegenst\u00e4nde waren andre, nicht mehr das alte vertraute Mobiliar, da kam mir die Erkenntnis, das ist nicht mehr deine Heimat, da geh\u00f6rst du nicht mehr hin.<\/p>\n<p>Auch auf dem Friedhof waren alle Grabstellen unserer Vorfahren glatt gemacht, damit keiner mehr sich erinnern darf. So ist auch mir der Friedhof in Paulinenaue ein St\u00fcck Heimat geworden, denn hier sind meine Eltern und Schwiegereltern begraben, und oft denkt man bei der Pflege der Grabstellen dar\u00fcber nach, wie viele sch\u00f6ne Stunden man mit ihnen hier in Paulinenaue verleben konnte. Denn auch ihnen habe ich zu danken, da\u00df ich in Paulinenaue eine neue Heimat gefunden habe.<\/p>\n","protected":false},"excerpt":{"rendered":"<p>Im ersten Teil erz\u00e4hlte Helmut Fritsch \u00fcber seine alte Heimat [&hellip;]<\/p>\n","protected":false},"author":1,"featured_media":273,"comment_status":"open","ping_status":"open","sticky":false,"template":"","format":"standard","meta":{"_acf_changed":false,"_price":"","_stock":"","_tribe_ticket_header":"","_tribe_default_ticket_provider":"","_tribe_ticket_capacity":"0","_ticket_start_date":"","_ticket_end_date":"","_tribe_ticket_show_description":"","_tribe_ticket_show_not_going":false,"_tribe_ticket_use_global_stock":"","_tribe_ticket_global_stock_level":"","_global_stock_mode":"","_global_stock_cap":"","_tribe_rsvp_for_event":"","_tribe_ticket_going_count":"","_tribe_ticket_not_going_count":"","_tribe_tickets_list":"[]","_tribe_ticket_has_attendee_info_fields":false,"jetpack_post_was_ever_published":false,"_jetpack_newsletter_access":"","_jetpack_dont_email_post_to_subs":false,"_jetpack_newsletter_tier_id":0,"_jetpack_memberships_contains_paywalled_content":false,"_jetpack_memberships_contains_paid_content":false,"footnotes":"","jetpack_publicize_message":"","jetpack_publicize_feature_enabled":true,"jetpack_social_post_already_shared":false,"jetpack_social_options":{"image_generator_settings":{"template":"highway","default_image_id":0,"font":"","enabled":false},"version":2}},"categories":[7],"tags":[85],"class_list":["post-213","post","type-post","status-publish","format-standard","has-post-thumbnail","hentry","category-historie","tag-heimat"],"acf":[],"yoast_head":"<!-- This site is optimized with the Yoast SEO plugin v27.5 - https:\/\/yoast.com\/product\/yoast-seo-wordpress\/ -->\n<title>Helmut Fritsch: Wie ich in Paulinenaue eine neue Heimat gefunden habe (Teil 2) - Paulinenaue<\/title>\n<meta name=\"robots\" content=\"index, follow, max-snippet:-1, max-image-preview:large, max-video-preview:-1\" \/>\n<link rel=\"canonical\" href=\"https:\/\/paulinenaue.info\/index.php\/helmut-fritsch-wie-ich-in-paulinenaue-eine-neue-heimat-gefunden-habe-teil-2\/\" \/>\n<meta property=\"og:locale\" content=\"de_DE\" \/>\n<meta property=\"og:type\" content=\"article\" \/>\n<meta property=\"og:title\" content=\"Helmut Fritsch: Wie ich in Paulinenaue eine neue Heimat gefunden habe (Teil 2) - Paulinenaue\" \/>\n<meta property=\"og:description\" content=\"Im ersten Teil erz\u00e4hlte Helmut Fritsch \u00fcber seine alte Heimat [&hellip;]\" \/>\n<meta property=\"og:url\" content=\"https:\/\/paulinenaue.info\/index.php\/helmut-fritsch-wie-ich-in-paulinenaue-eine-neue-heimat-gefunden-habe-teil-2\/\" \/>\n<meta property=\"og:site_name\" content=\"Paulinenaue\" \/>\n<meta property=\"article:published_time\" content=\"2016-03-22T14:36:33+00:00\" \/>\n<meta property=\"article:modified_time\" content=\"2016-09-18T08:38:59+00:00\" \/>\n<meta property=\"og:image\" content=\"https:\/\/i0.wp.com\/paulinenaue.info\/wp-content\/uploads\/2016\/03\/fritsch-pferdegespann.jpg?fit=350%2C236&ssl=1\" \/>\n\t<meta property=\"og:image:width\" content=\"350\" \/>\n\t<meta property=\"og:image:height\" content=\"236\" \/>\n\t<meta property=\"og:image:type\" content=\"image\/jpeg\" \/>\n<meta name=\"author\" content=\"Joachim Scholz\" \/>\n<meta name=\"twitter:card\" content=\"summary_large_image\" \/>\n<meta name=\"twitter:label1\" content=\"Verfasst von\" \/>\n\t<meta name=\"twitter:data1\" content=\"Joachim Scholz\" \/>\n\t<meta name=\"twitter:label2\" content=\"Gesch\u00e4tzte Lesezeit\" \/>\n\t<meta name=\"twitter:data2\" content=\"5\u00a0Minuten\" \/>\n<script type=\"application\/ld+json\" class=\"yoast-schema-graph\">{\"@context\":\"https:\\\/\\\/schema.org\",\"@graph\":[{\"@type\":\"Article\",\"@id\":\"https:\\\/\\\/paulinenaue.info\\\/index.php\\\/helmut-fritsch-wie-ich-in-paulinenaue-eine-neue-heimat-gefunden-habe-teil-2\\\/#article\",\"isPartOf\":{\"@id\":\"https:\\\/\\\/paulinenaue.info\\\/index.php\\\/helmut-fritsch-wie-ich-in-paulinenaue-eine-neue-heimat-gefunden-habe-teil-2\\\/\"},\"author\":{\"name\":\"Joachim Scholz\",\"@id\":\"https:\\\/\\\/paulinenaue.info\\\/#\\\/schema\\\/person\\\/3f9e818fd7b69b0d2bd937ac506897cc\"},\"headline\":\"Helmut Fritsch: Wie ich in Paulinenaue eine neue Heimat gefunden habe (Teil 2)\",\"datePublished\":\"2016-03-22T14:36:33+00:00\",\"dateModified\":\"2016-09-18T08:38:59+00:00\",\"mainEntityOfPage\":{\"@id\":\"https:\\\/\\\/paulinenaue.info\\\/index.php\\\/helmut-fritsch-wie-ich-in-paulinenaue-eine-neue-heimat-gefunden-habe-teil-2\\\/\"},\"wordCount\":1029,\"commentCount\":0,\"image\":{\"@id\":\"https:\\\/\\\/paulinenaue.info\\\/index.php\\\/helmut-fritsch-wie-ich-in-paulinenaue-eine-neue-heimat-gefunden-habe-teil-2\\\/#primaryimage\"},\"thumbnailUrl\":\"https:\\\/\\\/paulinenaue.info\\\/wp-content\\\/uploads\\\/2016\\\/03\\\/fritsch-pferdegespann.jpg\",\"keywords\":[\"Heimat\"],\"articleSection\":[\"Historie\"],\"inLanguage\":\"de\",\"potentialAction\":[{\"@type\":\"CommentAction\",\"name\":\"Comment\",\"target\":[\"https:\\\/\\\/paulinenaue.info\\\/index.php\\\/helmut-fritsch-wie-ich-in-paulinenaue-eine-neue-heimat-gefunden-habe-teil-2\\\/#respond\"]}]},{\"@type\":\"WebPage\",\"@id\":\"https:\\\/\\\/paulinenaue.info\\\/index.php\\\/helmut-fritsch-wie-ich-in-paulinenaue-eine-neue-heimat-gefunden-habe-teil-2\\\/\",\"url\":\"https:\\\/\\\/paulinenaue.info\\\/index.php\\\/helmut-fritsch-wie-ich-in-paulinenaue-eine-neue-heimat-gefunden-habe-teil-2\\\/\",\"name\":\"Helmut Fritsch: Wie ich in Paulinenaue eine neue Heimat gefunden habe (Teil 2) - Paulinenaue\",\"isPartOf\":{\"@id\":\"https:\\\/\\\/paulinenaue.info\\\/#website\"},\"primaryImageOfPage\":{\"@id\":\"https:\\\/\\\/paulinenaue.info\\\/index.php\\\/helmut-fritsch-wie-ich-in-paulinenaue-eine-neue-heimat-gefunden-habe-teil-2\\\/#primaryimage\"},\"image\":{\"@id\":\"https:\\\/\\\/paulinenaue.info\\\/index.php\\\/helmut-fritsch-wie-ich-in-paulinenaue-eine-neue-heimat-gefunden-habe-teil-2\\\/#primaryimage\"},\"thumbnailUrl\":\"https:\\\/\\\/paulinenaue.info\\\/wp-content\\\/uploads\\\/2016\\\/03\\\/fritsch-pferdegespann.jpg\",\"datePublished\":\"2016-03-22T14:36:33+00:00\",\"dateModified\":\"2016-09-18T08:38:59+00:00\",\"author\":{\"@id\":\"https:\\\/\\\/paulinenaue.info\\\/#\\\/schema\\\/person\\\/3f9e818fd7b69b0d2bd937ac506897cc\"},\"breadcrumb\":{\"@id\":\"https:\\\/\\\/paulinenaue.info\\\/index.php\\\/helmut-fritsch-wie-ich-in-paulinenaue-eine-neue-heimat-gefunden-habe-teil-2\\\/#breadcrumb\"},\"inLanguage\":\"de\",\"potentialAction\":[{\"@type\":\"ReadAction\",\"target\":[\"https:\\\/\\\/paulinenaue.info\\\/index.php\\\/helmut-fritsch-wie-ich-in-paulinenaue-eine-neue-heimat-gefunden-habe-teil-2\\\/\"]}]},{\"@type\":\"ImageObject\",\"inLanguage\":\"de\",\"@id\":\"https:\\\/\\\/paulinenaue.info\\\/index.php\\\/helmut-fritsch-wie-ich-in-paulinenaue-eine-neue-heimat-gefunden-habe-teil-2\\\/#primaryimage\",\"url\":\"https:\\\/\\\/paulinenaue.info\\\/wp-content\\\/uploads\\\/2016\\\/03\\\/fritsch-pferdegespann.jpg\",\"contentUrl\":\"https:\\\/\\\/paulinenaue.info\\\/wp-content\\\/uploads\\\/2016\\\/03\\\/fritsch-pferdegespann.jpg\",\"width\":350,\"height\":236},{\"@type\":\"BreadcrumbList\",\"@id\":\"https:\\\/\\\/paulinenaue.info\\\/index.php\\\/helmut-fritsch-wie-ich-in-paulinenaue-eine-neue-heimat-gefunden-habe-teil-2\\\/#breadcrumb\",\"itemListElement\":[{\"@type\":\"ListItem\",\"position\":1,\"name\":\"Home\",\"item\":\"https:\\\/\\\/paulinenaue.info\\\/\"},{\"@type\":\"ListItem\",\"position\":2,\"name\":\"Helmut Fritsch: Wie ich in Paulinenaue eine neue Heimat gefunden habe (Teil 2)\"}]},{\"@type\":\"WebSite\",\"@id\":\"https:\\\/\\\/paulinenaue.info\\\/#website\",\"url\":\"https:\\\/\\\/paulinenaue.info\\\/\",\"name\":\"Paulinenaue\",\"description\":\"Ein Dorf im Havelland\",\"potentialAction\":[{\"@type\":\"SearchAction\",\"target\":{\"@type\":\"EntryPoint\",\"urlTemplate\":\"https:\\\/\\\/paulinenaue.info\\\/?s={search_term_string}\"},\"query-input\":{\"@type\":\"PropertyValueSpecification\",\"valueRequired\":true,\"valueName\":\"search_term_string\"}}],\"inLanguage\":\"de\"},{\"@type\":\"Person\",\"@id\":\"https:\\\/\\\/paulinenaue.info\\\/#\\\/schema\\\/person\\\/3f9e818fd7b69b0d2bd937ac506897cc\",\"name\":\"Joachim Scholz\",\"url\":\"https:\\\/\\\/paulinenaue.info\\\/index.php\\\/author\\\/jjscholz\\\/\"}]}<\/script>\n<!-- \/ Yoast SEO plugin. -->","yoast_head_json":{"title":"Helmut Fritsch: Wie ich in Paulinenaue eine neue Heimat gefunden habe (Teil 2) - Paulinenaue","robots":{"index":"index","follow":"follow","max-snippet":"max-snippet:-1","max-image-preview":"max-image-preview:large","max-video-preview":"max-video-preview:-1"},"canonical":"https:\/\/paulinenaue.info\/index.php\/helmut-fritsch-wie-ich-in-paulinenaue-eine-neue-heimat-gefunden-habe-teil-2\/","og_locale":"de_DE","og_type":"article","og_title":"Helmut Fritsch: Wie ich in Paulinenaue eine neue Heimat gefunden habe (Teil 2) - Paulinenaue","og_description":"Im ersten Teil erz\u00e4hlte Helmut Fritsch \u00fcber seine alte Heimat [&hellip;]","og_url":"https:\/\/paulinenaue.info\/index.php\/helmut-fritsch-wie-ich-in-paulinenaue-eine-neue-heimat-gefunden-habe-teil-2\/","og_site_name":"Paulinenaue","article_published_time":"2016-03-22T14:36:33+00:00","article_modified_time":"2016-09-18T08:38:59+00:00","og_image":[{"width":350,"height":236,"url":"https:\/\/i0.wp.com\/paulinenaue.info\/wp-content\/uploads\/2016\/03\/fritsch-pferdegespann.jpg?fit=350%2C236&ssl=1","type":"image\/jpeg"}],"author":"Joachim Scholz","twitter_card":"summary_large_image","twitter_misc":{"Verfasst von":"Joachim Scholz","Gesch\u00e4tzte Lesezeit":"5\u00a0Minuten"},"schema":{"@context":"https:\/\/schema.org","@graph":[{"@type":"Article","@id":"https:\/\/paulinenaue.info\/index.php\/helmut-fritsch-wie-ich-in-paulinenaue-eine-neue-heimat-gefunden-habe-teil-2\/#article","isPartOf":{"@id":"https:\/\/paulinenaue.info\/index.php\/helmut-fritsch-wie-ich-in-paulinenaue-eine-neue-heimat-gefunden-habe-teil-2\/"},"author":{"name":"Joachim Scholz","@id":"https:\/\/paulinenaue.info\/#\/schema\/person\/3f9e818fd7b69b0d2bd937ac506897cc"},"headline":"Helmut Fritsch: Wie ich in Paulinenaue eine neue Heimat gefunden habe (Teil 2)","datePublished":"2016-03-22T14:36:33+00:00","dateModified":"2016-09-18T08:38:59+00:00","mainEntityOfPage":{"@id":"https:\/\/paulinenaue.info\/index.php\/helmut-fritsch-wie-ich-in-paulinenaue-eine-neue-heimat-gefunden-habe-teil-2\/"},"wordCount":1029,"commentCount":0,"image":{"@id":"https:\/\/paulinenaue.info\/index.php\/helmut-fritsch-wie-ich-in-paulinenaue-eine-neue-heimat-gefunden-habe-teil-2\/#primaryimage"},"thumbnailUrl":"https:\/\/paulinenaue.info\/wp-content\/uploads\/2016\/03\/fritsch-pferdegespann.jpg","keywords":["Heimat"],"articleSection":["Historie"],"inLanguage":"de","potentialAction":[{"@type":"CommentAction","name":"Comment","target":["https:\/\/paulinenaue.info\/index.php\/helmut-fritsch-wie-ich-in-paulinenaue-eine-neue-heimat-gefunden-habe-teil-2\/#respond"]}]},{"@type":"WebPage","@id":"https:\/\/paulinenaue.info\/index.php\/helmut-fritsch-wie-ich-in-paulinenaue-eine-neue-heimat-gefunden-habe-teil-2\/","url":"https:\/\/paulinenaue.info\/index.php\/helmut-fritsch-wie-ich-in-paulinenaue-eine-neue-heimat-gefunden-habe-teil-2\/","name":"Helmut Fritsch: Wie ich in Paulinenaue eine neue Heimat gefunden habe (Teil 2) - Paulinenaue","isPartOf":{"@id":"https:\/\/paulinenaue.info\/#website"},"primaryImageOfPage":{"@id":"https:\/\/paulinenaue.info\/index.php\/helmut-fritsch-wie-ich-in-paulinenaue-eine-neue-heimat-gefunden-habe-teil-2\/#primaryimage"},"image":{"@id":"https:\/\/paulinenaue.info\/index.php\/helmut-fritsch-wie-ich-in-paulinenaue-eine-neue-heimat-gefunden-habe-teil-2\/#primaryimage"},"thumbnailUrl":"https:\/\/paulinenaue.info\/wp-content\/uploads\/2016\/03\/fritsch-pferdegespann.jpg","datePublished":"2016-03-22T14:36:33+00:00","dateModified":"2016-09-18T08:38:59+00:00","author":{"@id":"https:\/\/paulinenaue.info\/#\/schema\/person\/3f9e818fd7b69b0d2bd937ac506897cc"},"breadcrumb":{"@id":"https:\/\/paulinenaue.info\/index.php\/helmut-fritsch-wie-ich-in-paulinenaue-eine-neue-heimat-gefunden-habe-teil-2\/#breadcrumb"},"inLanguage":"de","potentialAction":[{"@type":"ReadAction","target":["https:\/\/paulinenaue.info\/index.php\/helmut-fritsch-wie-ich-in-paulinenaue-eine-neue-heimat-gefunden-habe-teil-2\/"]}]},{"@type":"ImageObject","inLanguage":"de","@id":"https:\/\/paulinenaue.info\/index.php\/helmut-fritsch-wie-ich-in-paulinenaue-eine-neue-heimat-gefunden-habe-teil-2\/#primaryimage","url":"https:\/\/paulinenaue.info\/wp-content\/uploads\/2016\/03\/fritsch-pferdegespann.jpg","contentUrl":"https:\/\/paulinenaue.info\/wp-content\/uploads\/2016\/03\/fritsch-pferdegespann.jpg","width":350,"height":236},{"@type":"BreadcrumbList","@id":"https:\/\/paulinenaue.info\/index.php\/helmut-fritsch-wie-ich-in-paulinenaue-eine-neue-heimat-gefunden-habe-teil-2\/#breadcrumb","itemListElement":[{"@type":"ListItem","position":1,"name":"Home","item":"https:\/\/paulinenaue.info\/"},{"@type":"ListItem","position":2,"name":"Helmut Fritsch: Wie ich in Paulinenaue eine neue Heimat gefunden habe (Teil 2)"}]},{"@type":"WebSite","@id":"https:\/\/paulinenaue.info\/#website","url":"https:\/\/paulinenaue.info\/","name":"Paulinenaue","description":"Ein Dorf im Havelland","potentialAction":[{"@type":"SearchAction","target":{"@type":"EntryPoint","urlTemplate":"https:\/\/paulinenaue.info\/?s={search_term_string}"},"query-input":{"@type":"PropertyValueSpecification","valueRequired":true,"valueName":"search_term_string"}}],"inLanguage":"de"},{"@type":"Person","@id":"https:\/\/paulinenaue.info\/#\/schema\/person\/3f9e818fd7b69b0d2bd937ac506897cc","name":"Joachim Scholz","url":"https:\/\/paulinenaue.info\/index.php\/author\/jjscholz\/"}]}},"jetpack_publicize_connections":[],"jetpack_featured_media_url":"https:\/\/paulinenaue.info\/wp-content\/uploads\/2016\/03\/fritsch-pferdegespann.jpg","jetpack_sharing_enabled":true,"jetpack_shortlink":"https:\/\/wp.me\/pcYhWA-3r","jetpack-related-posts":[{"id":1072,"url":"https:\/\/paulinenaue.info\/index.php\/helmut-fritsch-wie-ich-in-paulinenaue-eine-neue-heimat-gefunden-habe-teil-2-2\/","url_meta":{"origin":213,"position":0},"title":"Helmut Fritsch: &#8222;Wie ich in Paulinenaue eine neue Heimat gefunden habe.&#8220; (Teil 2)","author":"Sarah","date":"20. Juni 2017","format":false,"excerpt":"16.03.2005 Zweiter Teil Im ersten Teil erz\u00e4hlte Helmut Fritsch \u00fcber seine alte Heimat in Kutschlau und die Verteibung am Ende des zweiten Weltkrieges. Im zweiten Teil der Geschichte berichtet er \u00fcber den Entschluss zur \u00dcbersiedlung nach Paulinenaue, vom Hineinwachsen in das durchs Institut gepr\u00e4gte Leben des Dorfes, von einer gl\u00fccklichen\u2026","rel":"","context":"In &quot;Allgemein&quot;","block_context":{"text":"Allgemein","link":"https:\/\/paulinenaue.info\/index.php\/category\/allgemein\/"},"img":{"alt_text":"","src":"https:\/\/i0.wp.com\/paulinenaue.info\/wp-content\/uploads\/2017\/06\/pferdegespann.jpg?resize=350%2C200&ssl=1","width":350,"height":200},"classes":[]},{"id":1065,"url":"https:\/\/paulinenaue.info\/index.php\/helmut-fritsch-wie-ich-in-paulinenaue-eine-neue-heimat-gefunden-habe-teil-1-2\/","url_meta":{"origin":213,"position":1},"title":"Helmut Fritsch: &#8222;Wie ich in Paulinenaue eine neue Heimat gefunden habe.&#8220; (Teil 1)","author":"Sarah","date":"20. Juni 2017","format":false,"excerpt":"08.03.2005 Erster Teil Helmut Fritsch ist so etwas wie ein Paulinenauer Urgestein, doch lebt er nicht seit eh und je in unserem Dorf. Er geh\u00f6rt zu den \"Kutschlauern\", die nach dem zweiten Weltkrieg im Gefolge Prof. Mitscherlichs aus Ostbrandenburg ins Havelland zogen. Urspr\u00fcnglich f\u00fcr ein Schulprojekt und nun f\u00fcr unsere\u2026","rel":"","context":"In &quot;Allgemein&quot;","block_context":{"text":"Allgemein","link":"https:\/\/paulinenaue.info\/index.php\/category\/allgemein\/"},"img":{"alt_text":"","src":"https:\/\/i0.wp.com\/paulinenaue.info\/wp-content\/uploads\/2017\/06\/kutschlauer.jpg?resize=350%2C200&ssl=1","width":350,"height":200},"classes":[]},{"id":211,"url":"https:\/\/paulinenaue.info\/index.php\/helmut-fritsch-wie-ich-in-paulinenaue-eine-neue-heimat-gefunden-habe-teil-1\/","url_meta":{"origin":213,"position":2},"title":"Helmut Fritsch: Wie ich in Paulinenaue eine neue Heimat gefunden habe (Teil 1)","author":"Joachim Scholz","date":"22. M\u00e4rz 2016","format":false,"excerpt":"Helmut Fritsch ist so etwas wie ein Paulinenauer Urgestein, doch lebt er nicht seit eh und je in unserem Dorf. Er geh\u00f6rt zu den \"Kutschlauern\", die nach dem zweiten Weltkrieg im Gefolge Prof. Mitscherlichs aus Ostbrandenburg ins Havelland zogen. Urspr\u00fcnglich f\u00fcr ein Schulprojekt und nun f\u00fcr unsere Internetseite erz\u00e4hlt Helmut\u2026","rel":"","context":"In &quot;Hier Zuhause&quot;","block_context":{"text":"Hier Zuhause","link":"https:\/\/paulinenaue.info\/index.php\/category\/hier-zuhause\/"},"img":{"alt_text":"","src":"https:\/\/i0.wp.com\/paulinenaue.info\/wp-content\/uploads\/2016\/03\/fritsch.jpg?resize=350%2C200&ssl=1","width":350,"height":200},"classes":[]},{"id":1138,"url":"https:\/\/paulinenaue.info\/index.php\/zu-besuch-in-chociule-kutschlau-heute\/","url_meta":{"origin":213,"position":3},"title":"Zu Besuch in Chociule &#8211; Kutschlau heute","author":"Sarah","date":"21. Juni 2017","format":false,"excerpt":"10.08.2005 Das polnische Dorf Chociule geh\u00f6rte vor dem Zweiten Weltkrieg zur Provinz Brandenburg und hie\u00df Kutschlau. Von 1941 bis 1945 bewirtschaftete dort Eilhard Alfred Mitscherlich, damals bereits emeritierter Professor der Universit\u00e4t K\u00f6nigsberg und sp\u00e4ter erster Direktor des Paulinenauer Landwirtschaftsinstitutes, das Familiengut seines verstorbenen Onkels. Als Mitscherlich im Januar 1945 vor\u2026","rel":"","context":"In &quot;Allgemein&quot;","block_context":{"text":"Allgemein","link":"https:\/\/paulinenaue.info\/index.php\/category\/allgemein\/"},"img":{"alt_text":"","src":"https:\/\/i0.wp.com\/paulinenaue.info\/wp-content\/uploads\/2017\/06\/20050809_kirche_kutschlau.jpg?resize=350%2C200&ssl=1","width":350,"height":200},"classes":[]},{"id":1006,"url":"https:\/\/paulinenaue.info\/index.php\/80-jahre-gemeinde-paulinenaue-eine-serie-zur-ortsgeschichte-teil-6\/","url_meta":{"origin":213,"position":4},"title":"80 Jahre Gemeinde Paulinenaue \u2013 Eine Serie zur Ortsgeschichte (Teil 6)","author":"Sarah","date":"19. Juni 2017","format":false,"excerpt":"18.11.2004 Teil 6 Von Angelika Kellner 1945 bis 1990 An die Jahre von 1945 bis 1990 haben die meisten Paulinenauer noch eigene Erinnerungen. Nach Kriegsende ver\u00e4nderte sich in Paulinenaue vieles. Neben Bodenreform und Zuwanderung von Menschen, die ihre Heimat verloren hatten, war die Ankunft eines Mannes im Ort von entscheidender\u2026","rel":"","context":"In &quot;Allgemein&quot;","block_context":{"text":"Allgemein","link":"https:\/\/paulinenaue.info\/index.php\/category\/allgemein\/"},"img":{"alt_text":"","src":"https:\/\/i0.wp.com\/paulinenaue.info\/wp-content\/uploads\/2017\/06\/mitscherlichhaus.jpg?resize=350%2C200&ssl=1","width":350,"height":200},"classes":[]},{"id":145,"url":"https:\/\/paulinenaue.info\/index.php\/mit-dem-rad-durch-den-nauener-stadtforst-paulinenauer-kulturverein-und-nauener-heimatfreunde-auf-tour\/","url_meta":{"origin":213,"position":5},"title":"Mit dem Rad durch den Nauener Stadtforst \u2013 Paulinenauer Kulturverein und Nauener Heimatfreunde auf Tour","author":"Joachim Scholz","date":"22. M\u00e4rz 2016","format":false,"excerpt":"Joachim Scholz 17.06.2012. Einmal nicht durchs Luch, sondern duch den Nauener Stadtforst ging es mit dem Paulinenauer Kulturverein in diesem Jahr auf Radtour. Gef\u00fchrt vom Nauener Stadtf\u00f6rster und Paulinenauer Vereinsmitglied Thomas Meyer und sachkundig begleitet durch die \u201eNauener Heimatfreunde\u201c, die sich uns angeschlossen hatten, erlebten etwa 30 Radler einen vergn\u00fcglichen\u2026","rel":"","context":"In &quot;Kulturverein&quot;","block_context":{"text":"Kulturverein","link":"https:\/\/paulinenaue.info\/index.php\/category\/kulturverein\/"},"img":{"alt_text":"","src":"https:\/\/i0.wp.com\/paulinenaue.info\/wp-content\/uploads\/2016\/03\/20120617_radtour_kv_02.jpg?resize=350%2C200&ssl=1","width":350,"height":200},"classes":[]}],"_links":{"self":[{"href":"https:\/\/paulinenaue.info\/index.php\/wp-json\/wp\/v2\/posts\/213","targetHints":{"allow":["GET"]}}],"collection":[{"href":"https:\/\/paulinenaue.info\/index.php\/wp-json\/wp\/v2\/posts"}],"about":[{"href":"https:\/\/paulinenaue.info\/index.php\/wp-json\/wp\/v2\/types\/post"}],"author":[{"embeddable":true,"href":"https:\/\/paulinenaue.info\/index.php\/wp-json\/wp\/v2\/users\/1"}],"replies":[{"embeddable":true,"href":"https:\/\/paulinenaue.info\/index.php\/wp-json\/wp\/v2\/comments?post=213"}],"version-history":[{"count":1,"href":"https:\/\/paulinenaue.info\/index.php\/wp-json\/wp\/v2\/posts\/213\/revisions"}],"predecessor-version":[{"id":214,"href":"https:\/\/paulinenaue.info\/index.php\/wp-json\/wp\/v2\/posts\/213\/revisions\/214"}],"wp:featuredmedia":[{"embeddable":true,"href":"https:\/\/paulinenaue.info\/index.php\/wp-json\/wp\/v2\/media\/273"}],"wp:attachment":[{"href":"https:\/\/paulinenaue.info\/index.php\/wp-json\/wp\/v2\/media?parent=213"}],"wp:term":[{"taxonomy":"category","embeddable":true,"href":"https:\/\/paulinenaue.info\/index.php\/wp-json\/wp\/v2\/categories?post=213"},{"taxonomy":"post_tag","embeddable":true,"href":"https:\/\/paulinenaue.info\/index.php\/wp-json\/wp\/v2\/tags?post=213"}],"curies":[{"name":"wp","href":"https:\/\/api.w.org\/{rel}","templated":true}]}}