{"id":2137,"date":"2018-06-09T10:50:19","date_gmt":"2018-06-09T08:50:19","guid":{"rendered":"http:\/\/paulinenaue.info\/?p=2137"},"modified":"2018-06-09T10:54:24","modified_gmt":"2018-06-09T08:54:24","slug":"ueber-heilkraefte-und-mythen-der-baeume-und-kraeuter","status":"publish","type":"post","link":"https:\/\/paulinenaue.info\/index.php\/ueber-heilkraefte-und-mythen-der-baeume-und-kraeuter\/","title":{"rendered":"\u00dcber Heilkr\u00e4fte und Mythen der B\u00e4ume und Kr\u00e4uter"},"content":{"rendered":"<p>Der Paulinenauer Kulturverein lud am 26. Mai zu einer Kr\u00e4uterwanderung mit Sylvia Geisel ein.<\/p>\n<p>Treffpunkt war der historische und denkmalgesch\u00fctzte Bahnhof in Paulinenaue. Die Wanderung f\u00fchrte die ca. zehn Teilnehmer entlang der Ruppiner Strasse, vorbei am Sportplatz bis zum Waldrand des Naturschutzgebietes Lindholz.<\/p>\n<p>Auch wenn der Weg recht kurz war, war er umso informativer. Schon am Beispiel von Allerweltspflanzen am Wegesrand, wie L\u00f6wenzahn, G\u00e4nsebl\u00fcmchen, Spitzwegerich und Schafgarbe oder auch Brennessel erfuhren die Teilnehmer etwas \u00fcber deren Bitter- und Gerbstoffe, \u00e4therische \u00d6le und deren Wirkung auf das Wohlbefinden des K\u00f6rpers. Das Staunen war gro\u00df, als Frau Geisel ausf\u00fchrte, mit welch einfachen Mitteln seit der Steinzeit Wundheilung betrieben wird, wie die verschiedenen Pflanzen positiv auf Herz und Kreislauf oder auch das Verdauungssystem wirken.<\/p>\n<p><a href=\"http:\/\/paulinenaue.info\/wp-content\/uploads\/2018\/06\/DSC_4706.jpg\"><img decoding=\"async\" width=\"1000\" height=\"667\" data-attachment-id=\"2139\" data-permalink=\"https:\/\/paulinenaue.info\/index.php\/ueber-heilkraefte-und-mythen-der-baeume-und-kraeuter\/dsc_4706\/\" data-orig-file=\"https:\/\/paulinenaue.info\/wp-content\/uploads\/2018\/06\/DSC_4706.jpg\" data-orig-size=\"1000,667\" data-comments-opened=\"1\" data-image-meta=\"{&quot;aperture&quot;:&quot;13&quot;,&quot;credit&quot;:&quot;Tilo Geisel&quot;,&quot;camera&quot;:&quot;NIKON D610&quot;,&quot;caption&quot;:&quot;&quot;,&quot;created_timestamp&quot;:&quot;1527343937&quot;,&quot;copyright&quot;:&quot;Tilo Geisel&quot;,&quot;focal_length&quot;:&quot;24&quot;,&quot;iso&quot;:&quot;400&quot;,&quot;shutter_speed&quot;:&quot;0.00625&quot;,&quot;title&quot;:&quot;&quot;,&quot;orientation&quot;:&quot;1&quot;}\" data-image-title=\"DSC_4706\" data-image-description=\"\" data-image-caption=\"\" data-large-file=\"https:\/\/paulinenaue.info\/wp-content\/uploads\/2018\/06\/DSC_4706.jpg\" class=\"lazyload alignnone size-large wp-image-2139\" src=\"http:\/\/paulinenaue.info\/wp-content\/uploads\/2018\/06\/DSC_4706.jpg\" data-orig-src=\"http:\/\/paulinenaue.info\/wp-content\/uploads\/2018\/06\/DSC_4706.jpg\" alt=\"\" srcset=\"data:image\/svg+xml,%3Csvg%20xmlns%3D%27http%3A%2F%2Fwww.w3.org%2F2000%2Fsvg%27%20width%3D%271000%27%20height%3D%27667%27%20viewBox%3D%270%200%201000%20667%27%3E%3Crect%20width%3D%271000%27%20height%3D%27667%27%20fill-opacity%3D%220%22%2F%3E%3C%2Fsvg%3E\" data-srcset=\"https:\/\/paulinenaue.info\/wp-content\/uploads\/2018\/06\/DSC_4706-272x182.jpg 272w, https:\/\/paulinenaue.info\/wp-content\/uploads\/2018\/06\/DSC_4706-300x200.jpg 300w, https:\/\/paulinenaue.info\/wp-content\/uploads\/2018\/06\/DSC_4706-600x400.jpg 600w, https:\/\/paulinenaue.info\/wp-content\/uploads\/2018\/06\/DSC_4706-768x512.jpg 768w, https:\/\/paulinenaue.info\/wp-content\/uploads\/2018\/06\/DSC_4706-958x639.jpg 958w, https:\/\/paulinenaue.info\/wp-content\/uploads\/2018\/06\/DSC_4706.jpg 1000w\" data-sizes=\"auto\" data-orig-sizes=\"(max-width: 1000px) 100vw, 1000px\" \/><\/a><\/p>\n<p>Damit auch alle Sinne auf der Wanderung gefordert wurden, gab es nicht nur Duftproben von verschiedenen \u00e4therischen \u00d6len, auch jeder Teilnehmer sollte mit wachen Augen die Natur durchstreifen und einfach 5 verschiedene Dinge aus der Natur sammeln. Der Austausch dar\u00fcber, warum gerade bestimmte Bl\u00e4tter, Bl\u00fcten oder Holzst\u00fccken gesammelt wurden, zeigte, dass es oft die Farben, Formen oder auch die Symbolik der Objekte waren, die Anlass zum Sammeln gaben.<\/p>\n<p>&nbsp;<\/p>\n<p>Galt der Ahorn bei den Japanern als Baum der Harmonie und Leichtigkeit, war er f\u00fcr die Germanen Symbol f\u00fcr Freiheit und Frieden. So kann er auch wegen seiner beruhigenden und k\u00fchlenden Wirkung gegen Fieber Schwellungen, Entz\u00fcndungen oder auch zur Pflege trockener Haut eingesetzt werden. Die Birke, die Jugend und Wachstum symbolisiert, eignet sich dagegen sehr zur Blutreinigung, Entgiftung des K\u00f6rpers oder auch zur St\u00e4rkung des Haarwachstums. Schnell erinnerten sich einige Teilnehmer an Birkenhaarwasser oder Shampoo.<\/p>\n<p>Zahlreichen Mythen ranken sich auch um die Eiche, aber die Erw\u00e4hnung des Eichelkaffees weckte besonderes Interesse. Aus zerkleinerten und bei m\u00e4\u00dfiger Hitze in der Pfanne ger\u00f6steten Eicheln, die anschlie\u00dfend gemahlen und unter Hinzugabe von etwas Kardamon aufgebr\u00fcht werden, entsteht ein milder Eichelkaffee.<\/p>\n<p>In geselliger Runde und regem Austausch fand die Wanderung am Rande des Lindholzes bei einem kleinen Picknick im Gr\u00fcnen ein Ende. Um viele wertvolle Informationen zur heimischen Pflanzenwelt reicher, ging es zur\u00fcck, nat\u00fcrlich mit dem Wunsch der Fortsetzung im Herbst.<\/p>\n<p><em>Sylvia und Tilo Geisel<\/em><\/p>\n<p>&nbsp;<\/p>\n<p>&nbsp;<\/p>\n<p>&nbsp;<\/p>\n<p>&nbsp;<\/p>\n<p>&nbsp;<\/p>\n","protected":false},"excerpt":{"rendered":"<p>Der Paulinenauer Kulturverein lud am 26. Mai zu einer Kr\u00e4uterwanderung [&hellip;]<\/p>\n","protected":false},"author":1,"featured_media":2138,"comment_status":"open","ping_status":"open","sticky":false,"template":"","format":"standard","meta":{"_acf_changed":false,"_price":"","_stock":"","_tribe_ticket_header":"","_tribe_default_ticket_provider":"","_tribe_ticket_capacity":"0","_ticket_start_date":"","_ticket_end_date":"","_tribe_ticket_show_description":"","_tribe_ticket_show_not_going":false,"_tribe_ticket_use_global_stock":"","_tribe_ticket_global_stock_level":"","_global_stock_mode":"","_global_stock_cap":"","_tribe_rsvp_for_event":"","_tribe_ticket_going_count":"","_tribe_ticket_not_going_count":"","_tribe_tickets_list":"[]","_tribe_ticket_has_attendee_info_fields":false,"jetpack_post_was_ever_published":false,"_jetpack_newsletter_access":"","_jetpack_dont_email_post_to_subs":false,"_jetpack_newsletter_tier_id":0,"_jetpack_memberships_contains_paywalled_content":false,"_jetpack_memberships_contains_paid_content":false,"footnotes":"","jetpack_publicize_message":"","jetpack_publicize_feature_enabled":true,"jetpack_social_post_already_shared":true,"jetpack_social_options":{"image_generator_settings":{"template":"highway","default_image_id":0,"font":"","enabled":false},"version":2}},"categories":[1,6,47,216,9,93,10],"tags":[255,79,254,253],"class_list":["post-2137","post","type-post","status-publish","format-standard","has-post-thumbnail","hentry","category-allgemein","category-hier-zuhause","category-kulturverein","category-natur","category-neuigkeiten","category-veranstaltungen","category-vereine","tag-heilkraeuter","tag-lindholz","tag-natur","tag-wanderung"],"acf":[],"yoast_head":"<!-- This site is optimized with the Yoast SEO plugin v27.5 - https:\/\/yoast.com\/product\/yoast-seo-wordpress\/ -->\n<title>\u00dcber Heilkr\u00e4fte und Mythen der B\u00e4ume und Kr\u00e4uter - Paulinenaue<\/title>\n<meta name=\"robots\" content=\"index, follow, max-snippet:-1, max-image-preview:large, max-video-preview:-1\" \/>\n<link rel=\"canonical\" href=\"https:\/\/paulinenaue.info\/index.php\/ueber-heilkraefte-und-mythen-der-baeume-und-kraeuter\/\" \/>\n<meta property=\"og:locale\" content=\"de_DE\" \/>\n<meta property=\"og:type\" content=\"article\" \/>\n<meta property=\"og:title\" content=\"\u00dcber Heilkr\u00e4fte und Mythen der B\u00e4ume und Kr\u00e4uter - Paulinenaue\" \/>\n<meta property=\"og:description\" content=\"Der Paulinenauer Kulturverein lud am 26. Mai zu einer Kr\u00e4uterwanderung [&hellip;]\" \/>\n<meta property=\"og:url\" content=\"https:\/\/paulinenaue.info\/index.php\/ueber-heilkraefte-und-mythen-der-baeume-und-kraeuter\/\" \/>\n<meta property=\"og:site_name\" content=\"Paulinenaue\" \/>\n<meta property=\"article:published_time\" content=\"2018-06-09T08:50:19+00:00\" \/>\n<meta property=\"article:modified_time\" content=\"2018-06-09T08:54:24+00:00\" \/>\n<meta property=\"og:image\" content=\"https:\/\/i1.wp.com\/paulinenaue.info\/wp-content\/uploads\/2018\/06\/DSC_4699.jpg?fit=1000%2C675&ssl=1\" \/>\n\t<meta property=\"og:image:width\" content=\"1000\" \/>\n\t<meta property=\"og:image:height\" content=\"675\" \/>\n\t<meta property=\"og:image:type\" content=\"image\/jpeg\" \/>\n<meta name=\"author\" content=\"Joachim Scholz\" \/>\n<meta name=\"twitter:card\" content=\"summary_large_image\" \/>\n<meta name=\"twitter:label1\" content=\"Verfasst von\" \/>\n\t<meta name=\"twitter:data1\" content=\"Joachim Scholz\" \/>\n\t<meta name=\"twitter:label2\" content=\"Gesch\u00e4tzte Lesezeit\" \/>\n\t<meta name=\"twitter:data2\" content=\"2\u00a0Minuten\" \/>\n<script type=\"application\/ld+json\" class=\"yoast-schema-graph\">{\"@context\":\"https:\\\/\\\/schema.org\",\"@graph\":[{\"@type\":\"Article\",\"@id\":\"https:\\\/\\\/paulinenaue.info\\\/index.php\\\/ueber-heilkraefte-und-mythen-der-baeume-und-kraeuter\\\/#article\",\"isPartOf\":{\"@id\":\"https:\\\/\\\/paulinenaue.info\\\/index.php\\\/ueber-heilkraefte-und-mythen-der-baeume-und-kraeuter\\\/\"},\"author\":{\"name\":\"Joachim Scholz\",\"@id\":\"https:\\\/\\\/paulinenaue.info\\\/#\\\/schema\\\/person\\\/3f9e818fd7b69b0d2bd937ac506897cc\"},\"headline\":\"\u00dcber Heilkr\u00e4fte und Mythen der B\u00e4ume und Kr\u00e4uter\",\"datePublished\":\"2018-06-09T08:50:19+00:00\",\"dateModified\":\"2018-06-09T08:54:24+00:00\",\"mainEntityOfPage\":{\"@id\":\"https:\\\/\\\/paulinenaue.info\\\/index.php\\\/ueber-heilkraefte-und-mythen-der-baeume-und-kraeuter\\\/\"},\"wordCount\":391,\"commentCount\":0,\"image\":{\"@id\":\"https:\\\/\\\/paulinenaue.info\\\/index.php\\\/ueber-heilkraefte-und-mythen-der-baeume-und-kraeuter\\\/#primaryimage\"},\"thumbnailUrl\":\"https:\\\/\\\/paulinenaue.info\\\/wp-content\\\/uploads\\\/2018\\\/06\\\/DSC_4699.jpg\",\"keywords\":[\"Heilkr\u00e4uter\",\"Lindholz\",\"Natur\",\"Wanderung\"],\"articleSection\":{\"1\":\"Hier Zuhause\",\"2\":\"Kulturverein\",\"3\":\"Natur\",\"4\":\"Neuigkeiten\",\"5\":\"Veranstaltungen\",\"6\":\"Vereine\"},\"inLanguage\":\"de\",\"potentialAction\":[{\"@type\":\"CommentAction\",\"name\":\"Comment\",\"target\":[\"https:\\\/\\\/paulinenaue.info\\\/index.php\\\/ueber-heilkraefte-und-mythen-der-baeume-und-kraeuter\\\/#respond\"]}]},{\"@type\":\"WebPage\",\"@id\":\"https:\\\/\\\/paulinenaue.info\\\/index.php\\\/ueber-heilkraefte-und-mythen-der-baeume-und-kraeuter\\\/\",\"url\":\"https:\\\/\\\/paulinenaue.info\\\/index.php\\\/ueber-heilkraefte-und-mythen-der-baeume-und-kraeuter\\\/\",\"name\":\"\u00dcber Heilkr\u00e4fte und Mythen der B\u00e4ume und Kr\u00e4uter - Paulinenaue\",\"isPartOf\":{\"@id\":\"https:\\\/\\\/paulinenaue.info\\\/#website\"},\"primaryImageOfPage\":{\"@id\":\"https:\\\/\\\/paulinenaue.info\\\/index.php\\\/ueber-heilkraefte-und-mythen-der-baeume-und-kraeuter\\\/#primaryimage\"},\"image\":{\"@id\":\"https:\\\/\\\/paulinenaue.info\\\/index.php\\\/ueber-heilkraefte-und-mythen-der-baeume-und-kraeuter\\\/#primaryimage\"},\"thumbnailUrl\":\"https:\\\/\\\/paulinenaue.info\\\/wp-content\\\/uploads\\\/2018\\\/06\\\/DSC_4699.jpg\",\"datePublished\":\"2018-06-09T08:50:19+00:00\",\"dateModified\":\"2018-06-09T08:54:24+00:00\",\"author\":{\"@id\":\"https:\\\/\\\/paulinenaue.info\\\/#\\\/schema\\\/person\\\/3f9e818fd7b69b0d2bd937ac506897cc\"},\"breadcrumb\":{\"@id\":\"https:\\\/\\\/paulinenaue.info\\\/index.php\\\/ueber-heilkraefte-und-mythen-der-baeume-und-kraeuter\\\/#breadcrumb\"},\"inLanguage\":\"de\",\"potentialAction\":[{\"@type\":\"ReadAction\",\"target\":[\"https:\\\/\\\/paulinenaue.info\\\/index.php\\\/ueber-heilkraefte-und-mythen-der-baeume-und-kraeuter\\\/\"]}]},{\"@type\":\"ImageObject\",\"inLanguage\":\"de\",\"@id\":\"https:\\\/\\\/paulinenaue.info\\\/index.php\\\/ueber-heilkraefte-und-mythen-der-baeume-und-kraeuter\\\/#primaryimage\",\"url\":\"https:\\\/\\\/paulinenaue.info\\\/wp-content\\\/uploads\\\/2018\\\/06\\\/DSC_4699.jpg\",\"contentUrl\":\"https:\\\/\\\/paulinenaue.info\\\/wp-content\\\/uploads\\\/2018\\\/06\\\/DSC_4699.jpg\",\"width\":\"1000\",\"height\":\"675\"},{\"@type\":\"BreadcrumbList\",\"@id\":\"https:\\\/\\\/paulinenaue.info\\\/index.php\\\/ueber-heilkraefte-und-mythen-der-baeume-und-kraeuter\\\/#breadcrumb\",\"itemListElement\":[{\"@type\":\"ListItem\",\"position\":1,\"name\":\"Home\",\"item\":\"https:\\\/\\\/paulinenaue.info\\\/\"},{\"@type\":\"ListItem\",\"position\":2,\"name\":\"\u00dcber Heilkr\u00e4fte und Mythen der B\u00e4ume und Kr\u00e4uter\"}]},{\"@type\":\"WebSite\",\"@id\":\"https:\\\/\\\/paulinenaue.info\\\/#website\",\"url\":\"https:\\\/\\\/paulinenaue.info\\\/\",\"name\":\"Paulinenaue\",\"description\":\"Ein Dorf im Havelland\",\"potentialAction\":[{\"@type\":\"SearchAction\",\"target\":{\"@type\":\"EntryPoint\",\"urlTemplate\":\"https:\\\/\\\/paulinenaue.info\\\/?s={search_term_string}\"},\"query-input\":{\"@type\":\"PropertyValueSpecification\",\"valueRequired\":true,\"valueName\":\"search_term_string\"}}],\"inLanguage\":\"de\"},{\"@type\":\"Person\",\"@id\":\"https:\\\/\\\/paulinenaue.info\\\/#\\\/schema\\\/person\\\/3f9e818fd7b69b0d2bd937ac506897cc\",\"name\":\"Joachim Scholz\",\"url\":\"https:\\\/\\\/paulinenaue.info\\\/index.php\\\/author\\\/jjscholz\\\/\"}]}<\/script>\n<!-- \/ Yoast SEO plugin. -->","yoast_head_json":{"title":"\u00dcber Heilkr\u00e4fte und Mythen der B\u00e4ume und Kr\u00e4uter - Paulinenaue","robots":{"index":"index","follow":"follow","max-snippet":"max-snippet:-1","max-image-preview":"max-image-preview:large","max-video-preview":"max-video-preview:-1"},"canonical":"https:\/\/paulinenaue.info\/index.php\/ueber-heilkraefte-und-mythen-der-baeume-und-kraeuter\/","og_locale":"de_DE","og_type":"article","og_title":"\u00dcber Heilkr\u00e4fte und Mythen der B\u00e4ume und Kr\u00e4uter - Paulinenaue","og_description":"Der Paulinenauer Kulturverein lud am 26. Mai zu einer Kr\u00e4uterwanderung [&hellip;]","og_url":"https:\/\/paulinenaue.info\/index.php\/ueber-heilkraefte-und-mythen-der-baeume-und-kraeuter\/","og_site_name":"Paulinenaue","article_published_time":"2018-06-09T08:50:19+00:00","article_modified_time":"2018-06-09T08:54:24+00:00","og_image":[{"width":1000,"height":675,"url":"https:\/\/i1.wp.com\/paulinenaue.info\/wp-content\/uploads\/2018\/06\/DSC_4699.jpg?fit=1000%2C675&ssl=1","type":"image\/jpeg"}],"author":"Joachim Scholz","twitter_card":"summary_large_image","twitter_misc":{"Verfasst von":"Joachim Scholz","Gesch\u00e4tzte Lesezeit":"2\u00a0Minuten"},"schema":{"@context":"https:\/\/schema.org","@graph":[{"@type":"Article","@id":"https:\/\/paulinenaue.info\/index.php\/ueber-heilkraefte-und-mythen-der-baeume-und-kraeuter\/#article","isPartOf":{"@id":"https:\/\/paulinenaue.info\/index.php\/ueber-heilkraefte-und-mythen-der-baeume-und-kraeuter\/"},"author":{"name":"Joachim Scholz","@id":"https:\/\/paulinenaue.info\/#\/schema\/person\/3f9e818fd7b69b0d2bd937ac506897cc"},"headline":"\u00dcber Heilkr\u00e4fte und Mythen der B\u00e4ume und Kr\u00e4uter","datePublished":"2018-06-09T08:50:19+00:00","dateModified":"2018-06-09T08:54:24+00:00","mainEntityOfPage":{"@id":"https:\/\/paulinenaue.info\/index.php\/ueber-heilkraefte-und-mythen-der-baeume-und-kraeuter\/"},"wordCount":391,"commentCount":0,"image":{"@id":"https:\/\/paulinenaue.info\/index.php\/ueber-heilkraefte-und-mythen-der-baeume-und-kraeuter\/#primaryimage"},"thumbnailUrl":"https:\/\/paulinenaue.info\/wp-content\/uploads\/2018\/06\/DSC_4699.jpg","keywords":["Heilkr\u00e4uter","Lindholz","Natur","Wanderung"],"articleSection":{"1":"Hier Zuhause","2":"Kulturverein","3":"Natur","4":"Neuigkeiten","5":"Veranstaltungen","6":"Vereine"},"inLanguage":"de","potentialAction":[{"@type":"CommentAction","name":"Comment","target":["https:\/\/paulinenaue.info\/index.php\/ueber-heilkraefte-und-mythen-der-baeume-und-kraeuter\/#respond"]}]},{"@type":"WebPage","@id":"https:\/\/paulinenaue.info\/index.php\/ueber-heilkraefte-und-mythen-der-baeume-und-kraeuter\/","url":"https:\/\/paulinenaue.info\/index.php\/ueber-heilkraefte-und-mythen-der-baeume-und-kraeuter\/","name":"\u00dcber Heilkr\u00e4fte und Mythen der B\u00e4ume und Kr\u00e4uter - Paulinenaue","isPartOf":{"@id":"https:\/\/paulinenaue.info\/#website"},"primaryImageOfPage":{"@id":"https:\/\/paulinenaue.info\/index.php\/ueber-heilkraefte-und-mythen-der-baeume-und-kraeuter\/#primaryimage"},"image":{"@id":"https:\/\/paulinenaue.info\/index.php\/ueber-heilkraefte-und-mythen-der-baeume-und-kraeuter\/#primaryimage"},"thumbnailUrl":"https:\/\/paulinenaue.info\/wp-content\/uploads\/2018\/06\/DSC_4699.jpg","datePublished":"2018-06-09T08:50:19+00:00","dateModified":"2018-06-09T08:54:24+00:00","author":{"@id":"https:\/\/paulinenaue.info\/#\/schema\/person\/3f9e818fd7b69b0d2bd937ac506897cc"},"breadcrumb":{"@id":"https:\/\/paulinenaue.info\/index.php\/ueber-heilkraefte-und-mythen-der-baeume-und-kraeuter\/#breadcrumb"},"inLanguage":"de","potentialAction":[{"@type":"ReadAction","target":["https:\/\/paulinenaue.info\/index.php\/ueber-heilkraefte-und-mythen-der-baeume-und-kraeuter\/"]}]},{"@type":"ImageObject","inLanguage":"de","@id":"https:\/\/paulinenaue.info\/index.php\/ueber-heilkraefte-und-mythen-der-baeume-und-kraeuter\/#primaryimage","url":"https:\/\/paulinenaue.info\/wp-content\/uploads\/2018\/06\/DSC_4699.jpg","contentUrl":"https:\/\/paulinenaue.info\/wp-content\/uploads\/2018\/06\/DSC_4699.jpg","width":"1000","height":"675"},{"@type":"BreadcrumbList","@id":"https:\/\/paulinenaue.info\/index.php\/ueber-heilkraefte-und-mythen-der-baeume-und-kraeuter\/#breadcrumb","itemListElement":[{"@type":"ListItem","position":1,"name":"Home","item":"https:\/\/paulinenaue.info\/"},{"@type":"ListItem","position":2,"name":"\u00dcber Heilkr\u00e4fte und Mythen der B\u00e4ume und Kr\u00e4uter"}]},{"@type":"WebSite","@id":"https:\/\/paulinenaue.info\/#website","url":"https:\/\/paulinenaue.info\/","name":"Paulinenaue","description":"Ein Dorf im Havelland","potentialAction":[{"@type":"SearchAction","target":{"@type":"EntryPoint","urlTemplate":"https:\/\/paulinenaue.info\/?s={search_term_string}"},"query-input":{"@type":"PropertyValueSpecification","valueRequired":true,"valueName":"search_term_string"}}],"inLanguage":"de"},{"@type":"Person","@id":"https:\/\/paulinenaue.info\/#\/schema\/person\/3f9e818fd7b69b0d2bd937ac506897cc","name":"Joachim Scholz","url":"https:\/\/paulinenaue.info\/index.php\/author\/jjscholz\/"}]}},"jetpack_publicize_connections":[],"jetpack_featured_media_url":"https:\/\/paulinenaue.info\/wp-content\/uploads\/2018\/06\/DSC_4699.jpg","jetpack_sharing_enabled":true,"jetpack_shortlink":"https:\/\/wp.me\/pcYhWA-yt","jetpack-related-posts":[{"id":149345,"url":"https:\/\/paulinenaue.info\/index.php\/149345\/","url_meta":{"origin":2137,"position":0},"title":"Besuch in der Waldapotheke","author":"Joachim Scholz","date":"30. April 2022","format":false,"excerpt":"Auf diesen Termin hatten sich viele schon lange gefreut. Auch in diesem Jahr ging es wieder mit Sylvia Geisel\u00a0 auf eine Kr\u00e4uterwanderung vors Dorf. Diesmal stand der Spaziergang unter dem Motto \u201eBesuch in der Waldapotheke\u201c. Die Sonne schien, es gr\u00fcnte allerorten. Den Weg zur Pessiner Heide glaubt man zu kennen\u2026","rel":"","context":"In &quot;Hier Zuhause&quot;","block_context":{"text":"Hier Zuhause","link":"https:\/\/paulinenaue.info\/index.php\/category\/hier-zuhause\/"},"img":{"alt_text":"","src":"https:\/\/i0.wp.com\/paulinenaue.info\/wp-content\/uploads\/2022\/04\/2022-04-29-Kra%CC%88uterwanderung.jpg?resize=350%2C200&ssl=1","width":350,"height":200,"srcset":"https:\/\/i0.wp.com\/paulinenaue.info\/wp-content\/uploads\/2022\/04\/2022-04-29-Kra%CC%88uterwanderung.jpg?resize=350%2C200&ssl=1 1x, https:\/\/i0.wp.com\/paulinenaue.info\/wp-content\/uploads\/2022\/04\/2022-04-29-Kra%CC%88uterwanderung.jpg?resize=525%2C300&ssl=1 1.5x, https:\/\/i0.wp.com\/paulinenaue.info\/wp-content\/uploads\/2022\/04\/2022-04-29-Kra%CC%88uterwanderung.jpg?resize=700%2C400&ssl=1 2x"},"classes":[]},{"id":5831,"url":"https:\/\/paulinenaue.info\/index.php\/kraeuterwanderung-durchs-lindholz\/","url_meta":{"origin":2137,"position":1},"title":"Kr\u00e4uterwanderung durchs Lindholz","author":"Sarah","date":"30. Mai 2021","format":false,"excerpt":"Text und Bilder: Heide Hesse Am vergangenen Freitag trafen sich rund 25 interessierte Paulinenauer:innen zur nun schon 3. Kr\u00e4uterwanderung. Der Kulturverein konnte daf\u00fcr erneut Sylvia Geisel gewinnen, die diese Veranstaltung f\u00fcr alle zum Erlebnis werden lie\u00df. Ihr Thema \"Auf der Suche nach dem Suppenkraut\" war keinesfalls so einseitig, wie man\u2026","rel":"","context":"In &quot;Allgemein&quot;","block_context":{"text":"Allgemein","link":"https:\/\/paulinenaue.info\/index.php\/category\/allgemein\/"},"img":{"alt_text":"","src":"https:\/\/i0.wp.com\/paulinenaue.info\/wp-content\/uploads\/2021\/06\/paulinauene-kraueterwanderung-2021-3.jpg?resize=350%2C200&ssl=1","width":350,"height":200,"srcset":"https:\/\/i0.wp.com\/paulinenaue.info\/wp-content\/uploads\/2021\/06\/paulinauene-kraueterwanderung-2021-3.jpg?resize=350%2C200&ssl=1 1x, https:\/\/i0.wp.com\/paulinenaue.info\/wp-content\/uploads\/2021\/06\/paulinauene-kraueterwanderung-2021-3.jpg?resize=525%2C300&ssl=1 1.5x, https:\/\/i0.wp.com\/paulinenaue.info\/wp-content\/uploads\/2021\/06\/paulinauene-kraueterwanderung-2021-3.jpg?resize=700%2C400&ssl=1 2x, https:\/\/i0.wp.com\/paulinenaue.info\/wp-content\/uploads\/2021\/06\/paulinauene-kraueterwanderung-2021-3.jpg?resize=1050%2C600&ssl=1 3x"},"classes":[]},{"id":971,"url":"https:\/\/paulinenaue.info\/index.php\/botanische-schaetze-auf-trockenrasen-und-unter-alten-eichen\/","url_meta":{"origin":2137,"position":2},"title":"Botanische Sch\u00e4tze auf Trockenrasen und unter alten Eichen","author":"Joachim Scholz","date":"14. Juni 2017","format":false,"excerpt":"09.06.2017. Sie sind dicht vor unserer Haust\u00fcr und stecken voller Geheimnis und Sch\u00f6nheit: In Paulinenaues unmittelbarer Umgebung liegen mit den Jahnbergen und dem Lindholz zwei reizvolle Naturschutzgebiete. \u00dcber die einzigartige Pflanzenwelt, die sich auch Dank der Arbeit von Natursch\u00fctzer_innen an beiden Stellen halten kann, informierte am 9. Juni 2017 im\u2026","rel":"","context":"In &quot;Allgemein&quot;","block_context":{"text":"Allgemein","link":"https:\/\/paulinenaue.info\/index.php\/category\/allgemein\/"},"img":{"alt_text":"","src":"https:\/\/i0.wp.com\/paulinenaue.info\/wp-content\/uploads\/2017\/06\/DSC02870.jpg?resize=350%2C200&ssl=1","width":350,"height":200,"srcset":"https:\/\/i0.wp.com\/paulinenaue.info\/wp-content\/uploads\/2017\/06\/DSC02870.jpg?resize=350%2C200&ssl=1 1x, https:\/\/i0.wp.com\/paulinenaue.info\/wp-content\/uploads\/2017\/06\/DSC02870.jpg?resize=525%2C300&ssl=1 1.5x, https:\/\/i0.wp.com\/paulinenaue.info\/wp-content\/uploads\/2017\/06\/DSC02870.jpg?resize=700%2C400&ssl=1 2x"},"classes":[]},{"id":416263,"url":"https:\/\/paulinenaue.info\/index.php\/kraeuterverkostung-2024\/","url_meta":{"origin":2137,"position":3},"title":"Kr\u00e4uterverkostung 2024","author":"Valentin Franklyn","date":"20. Mai 2024","format":false,"excerpt":"Am 4. Mai 2024 fand wieder die allj\u00e4hrliche Kr\u00e4uterwanderung mit Sylvia Geisel statt \u2013 organisiert vom Kulturverein Paulinenaue. Bei gutem Wetter und hungrigen M\u00fccken machten sich die rund 20 neugierigen Kr\u00e4uter-Pilgerer und Pilgerinnen auf den Weg, um unter Anleitung der Biologin Sylvia Geisel Spitzwegerich, L\u00f6wenzahn & co. zu erkunden und\u2026","rel":"","context":"In &quot;Allgemein&quot;","block_context":{"text":"Allgemein","link":"https:\/\/paulinenaue.info\/index.php\/category\/allgemein\/"},"img":{"alt_text":"","src":"https:\/\/i0.wp.com\/paulinenaue.info\/wp-content\/uploads\/2024\/05\/Kraeuterwanderung_4_Mai_2024_22.jpg?resize=350%2C200&ssl=1","width":350,"height":200,"srcset":"https:\/\/i0.wp.com\/paulinenaue.info\/wp-content\/uploads\/2024\/05\/Kraeuterwanderung_4_Mai_2024_22.jpg?resize=350%2C200&ssl=1 1x, https:\/\/i0.wp.com\/paulinenaue.info\/wp-content\/uploads\/2024\/05\/Kraeuterwanderung_4_Mai_2024_22.jpg?resize=525%2C300&ssl=1 1.5x, https:\/\/i0.wp.com\/paulinenaue.info\/wp-content\/uploads\/2024\/05\/Kraeuterwanderung_4_Mai_2024_22.jpg?resize=700%2C400&ssl=1 2x, https:\/\/i0.wp.com\/paulinenaue.info\/wp-content\/uploads\/2024\/05\/Kraeuterwanderung_4_Mai_2024_22.jpg?resize=1050%2C600&ssl=1 3x, https:\/\/i0.wp.com\/paulinenaue.info\/wp-content\/uploads\/2024\/05\/Kraeuterwanderung_4_Mai_2024_22.jpg?resize=1400%2C800&ssl=1 4x"},"classes":[]},{"id":5490,"url":"https:\/\/paulinenaue.info\/index.php\/kraeuter-so-weit-das-auge-reicht\/","url_meta":{"origin":2137,"position":4},"title":"Kr\u00e4uter so weit das Auge reicht","author":"Sarah","date":"13. September 2020","format":false,"excerpt":"Wenn man ganz allt\u00e4glich durch Paulinenaue geht, achtet man wenig auf sie - die vielen Pflanzen rechts und links der Wege. Viele sind f\u00fcr uns einfach nur Unkr\u00e4uter, die uns im heimischen Garten \u00e4rgern oder gar weh tun, wenn man sie ber\u00fchrt. Doch in ihnen steckt so manche unbekannte Wirkung,\u2026","rel":"","context":"In &quot;Natur&quot;","block_context":{"text":"Natur","link":"https:\/\/paulinenaue.info\/index.php\/category\/natur\/"},"img":{"alt_text":"","src":"https:\/\/i0.wp.com\/paulinenaue.info\/wp-content\/uploads\/2020\/09\/IMG_20200913_121826-scaled.jpg?resize=350%2C200&ssl=1","width":350,"height":200,"srcset":"https:\/\/i0.wp.com\/paulinenaue.info\/wp-content\/uploads\/2020\/09\/IMG_20200913_121826-scaled.jpg?resize=350%2C200&ssl=1 1x, https:\/\/i0.wp.com\/paulinenaue.info\/wp-content\/uploads\/2020\/09\/IMG_20200913_121826-scaled.jpg?resize=525%2C300&ssl=1 1.5x, https:\/\/i0.wp.com\/paulinenaue.info\/wp-content\/uploads\/2020\/09\/IMG_20200913_121826-scaled.jpg?resize=700%2C400&ssl=1 2x, https:\/\/i0.wp.com\/paulinenaue.info\/wp-content\/uploads\/2020\/09\/IMG_20200913_121826-scaled.jpg?resize=1050%2C600&ssl=1 3x, https:\/\/i0.wp.com\/paulinenaue.info\/wp-content\/uploads\/2020\/09\/IMG_20200913_121826-scaled.jpg?resize=1400%2C800&ssl=1 4x"},"classes":[]},{"id":621,"url":"https:\/\/paulinenaue.info\/index.php\/ein-wanderweg-fuer-paulinenaue\/","url_meta":{"origin":2137,"position":5},"title":"Ein Wanderweg f\u00fcr Paulinenaue","author":"Joachim Scholz","date":"20. Juli 2017","format":false,"excerpt":"In vielen D\u00f6rfern sind in der letzten Zeit Wanderwege angelegt worden. Paulinenaue ist bisher zwar Knotenpunkt zweier gro\u00dfer Radwege, einen Wanderweg aber gibt es noch nicht. Im Kulturverein gibt es die Idee, das zu \u00e4ndern. Die Idee f\u00fcr eine Route, die vom Bahnhof aus entlang der Sehensw\u00fcrdigkeiten von Paulinenaue und\u2026","rel":"","context":"In &quot;Allgemein&quot;","block_context":{"text":"Allgemein","link":"https:\/\/paulinenaue.info\/index.php\/category\/allgemein\/"},"img":{"alt_text":"","src":"https:\/\/i0.wp.com\/paulinenaue.info\/wp-content\/uploads\/2017\/01\/Wanderweg-01.jpg?resize=350%2C200","width":350,"height":200,"srcset":"https:\/\/i0.wp.com\/paulinenaue.info\/wp-content\/uploads\/2017\/01\/Wanderweg-01.jpg?resize=350%2C200 1x, https:\/\/i0.wp.com\/paulinenaue.info\/wp-content\/uploads\/2017\/01\/Wanderweg-01.jpg?resize=525%2C300 1.5x, https:\/\/i0.wp.com\/paulinenaue.info\/wp-content\/uploads\/2017\/01\/Wanderweg-01.jpg?resize=700%2C400 2x"},"classes":[]}],"_links":{"self":[{"href":"https:\/\/paulinenaue.info\/index.php\/wp-json\/wp\/v2\/posts\/2137","targetHints":{"allow":["GET"]}}],"collection":[{"href":"https:\/\/paulinenaue.info\/index.php\/wp-json\/wp\/v2\/posts"}],"about":[{"href":"https:\/\/paulinenaue.info\/index.php\/wp-json\/wp\/v2\/types\/post"}],"author":[{"embeddable":true,"href":"https:\/\/paulinenaue.info\/index.php\/wp-json\/wp\/v2\/users\/1"}],"replies":[{"embeddable":true,"href":"https:\/\/paulinenaue.info\/index.php\/wp-json\/wp\/v2\/comments?post=2137"}],"version-history":[{"count":2,"href":"https:\/\/paulinenaue.info\/index.php\/wp-json\/wp\/v2\/posts\/2137\/revisions"}],"predecessor-version":[{"id":2141,"href":"https:\/\/paulinenaue.info\/index.php\/wp-json\/wp\/v2\/posts\/2137\/revisions\/2141"}],"wp:featuredmedia":[{"embeddable":true,"href":"https:\/\/paulinenaue.info\/index.php\/wp-json\/wp\/v2\/media\/2138"}],"wp:attachment":[{"href":"https:\/\/paulinenaue.info\/index.php\/wp-json\/wp\/v2\/media?parent=2137"}],"wp:term":[{"taxonomy":"category","embeddable":true,"href":"https:\/\/paulinenaue.info\/index.php\/wp-json\/wp\/v2\/categories?post=2137"},{"taxonomy":"post_tag","embeddable":true,"href":"https:\/\/paulinenaue.info\/index.php\/wp-json\/wp\/v2\/tags?post=2137"}],"curies":[{"name":"wp","href":"https:\/\/api.w.org\/{rel}","templated":true}]}}