{"id":2145,"date":"2018-06-17T01:10:19","date_gmt":"2018-06-16T23:10:19","guid":{"rendered":"http:\/\/paulinenaue.info\/?p=2145"},"modified":"2018-06-18T00:26:51","modified_gmt":"2018-06-17T22:26:51","slug":"paulinenaue-entdecken-ein-videoprojekt-des-kulturvereins","status":"publish","type":"post","link":"https:\/\/paulinenaue.info\/index.php\/paulinenaue-entdecken-ein-videoprojekt-des-kulturvereins\/","title":{"rendered":"\u201ePaulinenaue entdecken\u201c \u2013 ein Videoprojekt des Kulturvereins"},"content":{"rendered":"<div>Die Rubrik \u201ePaulinenaue entdecken\u201c auf der Paulinenauer Internetseite soll sich an Au\u00dfenstehende richten, die, wie der Name sagt, unser Dorf erst kennenlernen sollen. Der\u00a0Kulturverein wird nun aktiv, diese Rubrik mit einem filmischen Projekt weiter zu entwickeln.\u00a0 F\u00fcr\u00a0die Website sollen besondere oder nicht besondere Paulinenauer Orte in kleinen\u00a0Videos\u00a0pr\u00e4sentiert werden. In diesen filmischen Beitr\u00e4gen\u00a0sollen Personen auftreten, die mit Paulinenaue etwas verbinden. Sie tun das, indem sie zu einem selbst gew\u00e4hlten Ort im Dorf ein kurzes Statement abgeben. Der kleine Film soll dann auf einer Landkarte von Paulinenaue auftauchen und von dort abrufbar sein. Die Nennung des eigenen Namens ist nicht erforderlich.<\/div>\n<p><\/p>\n<div>Beginnen m\u00f6chten wir mit einigen wenigen Filmen, die dann auf dem Sommerfest am 30. Juni gezeigt werden und andere Leute ermuntern sollen, ebenfalls als Geschichtenerz\u00e4hler\/innen aufzutreten.<\/div>\n<p><\/p>\n<div>Filmemacherin und Vereinsmitglied Karo Schnelle, Tobias Geisel und Konstantin von der Waydbrink, die beide Erfahrungen aus dem Waldb\u00e4r-Projekt mitbringen, realisieren zusammen mit anderen Mitgliedern das neue Projekt des Kulturvereins. Am Samstag, dem 16.06.2018, begannen mit Christian Gnewikow an der Feuerwehr und mit Christiane M\u00fcller und ihrer Familie am Gefl\u00fcgelhof in Bienenfarm die Aufnahmen. Aus dem Material entstehen dann die kleinen Beitr\u00e4ge von ca. 1-2 Minuten L\u00e4nge. <strong><\/p>\n<p>  Welchen Ort sollten Besucher von Paulinenaue unbedingt gesehen haben? Wer sich vorstellen kann, einen Ort seiner\/ihrer Wahl vorzustellen, den bitten wir, sich schnell unter kontakt@paulinenaue.info zu melden.<\/strong> <\/div>\n<\/div>\n","protected":false},"excerpt":{"rendered":"<p>Die Rubrik \u201ePaulinenaue entdecken\u201c auf der Paulinenauer Internetseite soll sich [&hellip;]<\/p>\n","protected":false},"author":1,"featured_media":2142,"comment_status":"open","ping_status":"open","sticky":false,"template":"","format":"standard","meta":{"_acf_changed":false,"_price":"","_stock":"","_tribe_ticket_header":"","_tribe_default_ticket_provider":"","_tribe_ticket_capacity":"0","_ticket_start_date":"","_ticket_end_date":"","_tribe_ticket_show_description":"","_tribe_ticket_show_not_going":false,"_tribe_ticket_use_global_stock":"","_tribe_ticket_global_stock_level":"","_global_stock_mode":"","_global_stock_cap":"","_tribe_rsvp_for_event":"","_tribe_ticket_going_count":"","_tribe_ticket_not_going_count":"","_tribe_tickets_list":"[]","_tribe_ticket_has_attendee_info_fields":false,"jetpack_post_was_ever_published":false,"_jetpack_newsletter_access":"","_jetpack_dont_email_post_to_subs":false,"_jetpack_newsletter_tier_id":0,"_jetpack_memberships_contains_paywalled_content":false,"_jetpack_memberships_contains_paid_content":false,"footnotes":"","jetpack_publicize_message":"","jetpack_publicize_feature_enabled":true,"jetpack_social_post_already_shared":true,"jetpack_social_options":{"image_generator_settings":{"template":"highway","default_image_id":0,"font":"","enabled":false},"version":2}},"categories":[1,36,40,16,6,47,9,93,10],"tags":[110,256,188],"class_list":["post-2145","post","type-post","status-publish","format-standard","has-post-thumbnail","hentry","category-allgemein","category-bienenfarm","category-dorfentwicklung","category-feuerwehr","category-hier-zuhause","category-kulturverein","category-neuigkeiten","category-veranstaltungen","category-vereine","tag-geschichten","tag-leute","tag-ortsgeschichte"],"acf":[],"yoast_head":"<!-- This site is optimized with the Yoast SEO plugin v27.5 - https:\/\/yoast.com\/product\/yoast-seo-wordpress\/ -->\n<title>\u201ePaulinenaue entdecken\u201c \u2013 ein Videoprojekt des Kulturvereins - Paulinenaue<\/title>\n<meta name=\"robots\" content=\"index, follow, max-snippet:-1, max-image-preview:large, max-video-preview:-1\" \/>\n<link rel=\"canonical\" href=\"https:\/\/paulinenaue.info\/index.php\/paulinenaue-entdecken-ein-videoprojekt-des-kulturvereins\/\" \/>\n<meta property=\"og:locale\" content=\"de_DE\" \/>\n<meta property=\"og:type\" content=\"article\" \/>\n<meta property=\"og:title\" content=\"\u201ePaulinenaue entdecken\u201c \u2013 ein Videoprojekt des Kulturvereins - Paulinenaue\" \/>\n<meta property=\"og:description\" content=\"Die Rubrik \u201ePaulinenaue entdecken\u201c auf der Paulinenauer Internetseite soll sich [&hellip;]\" \/>\n<meta property=\"og:url\" content=\"https:\/\/paulinenaue.info\/index.php\/paulinenaue-entdecken-ein-videoprojekt-des-kulturvereins\/\" \/>\n<meta property=\"og:site_name\" content=\"Paulinenaue\" \/>\n<meta property=\"article:published_time\" content=\"2018-06-16T23:10:19+00:00\" \/>\n<meta property=\"article:modified_time\" content=\"2018-06-17T22:26:51+00:00\" \/>\n<meta property=\"og:image\" content=\"https:\/\/i1.wp.com\/paulinenaue.info\/wp-content\/uploads\/2018\/06\/DSC00808.jpg?fit=1200%2C800&ssl=1\" \/>\n\t<meta property=\"og:image:width\" content=\"1200\" \/>\n\t<meta property=\"og:image:height\" content=\"800\" \/>\n\t<meta property=\"og:image:type\" content=\"image\/jpeg\" \/>\n<meta name=\"author\" content=\"Joachim Scholz\" \/>\n<meta name=\"twitter:card\" content=\"summary_large_image\" \/>\n<meta name=\"twitter:label1\" content=\"Verfasst von\" \/>\n\t<meta name=\"twitter:data1\" content=\"Joachim Scholz\" \/>\n\t<meta name=\"twitter:label2\" content=\"Gesch\u00e4tzte Lesezeit\" \/>\n\t<meta name=\"twitter:data2\" content=\"1\u00a0Minute\" \/>\n<script type=\"application\/ld+json\" class=\"yoast-schema-graph\">{\"@context\":\"https:\\\/\\\/schema.org\",\"@graph\":[{\"@type\":\"Article\",\"@id\":\"https:\\\/\\\/paulinenaue.info\\\/index.php\\\/paulinenaue-entdecken-ein-videoprojekt-des-kulturvereins\\\/#article\",\"isPartOf\":{\"@id\":\"https:\\\/\\\/paulinenaue.info\\\/index.php\\\/paulinenaue-entdecken-ein-videoprojekt-des-kulturvereins\\\/\"},\"author\":{\"name\":\"Joachim Scholz\",\"@id\":\"https:\\\/\\\/paulinenaue.info\\\/#\\\/schema\\\/person\\\/3f9e818fd7b69b0d2bd937ac506897cc\"},\"headline\":\"\u201ePaulinenaue entdecken\u201c \u2013 ein Videoprojekt des Kulturvereins\",\"datePublished\":\"2018-06-16T23:10:19+00:00\",\"dateModified\":\"2018-06-17T22:26:51+00:00\",\"mainEntityOfPage\":{\"@id\":\"https:\\\/\\\/paulinenaue.info\\\/index.php\\\/paulinenaue-entdecken-ein-videoprojekt-des-kulturvereins\\\/\"},\"wordCount\":243,\"commentCount\":1,\"image\":{\"@id\":\"https:\\\/\\\/paulinenaue.info\\\/index.php\\\/paulinenaue-entdecken-ein-videoprojekt-des-kulturvereins\\\/#primaryimage\"},\"thumbnailUrl\":\"https:\\\/\\\/paulinenaue.info\\\/wp-content\\\/uploads\\\/2018\\\/06\\\/DSC00808.jpg\",\"keywords\":[\"Geschichten\",\"Leute\",\"Ortsgeschichte\"],\"articleSection\":{\"1\":\"Bienenfarm\",\"2\":\"Dorfentwicklung\",\"3\":\"Feuerwehr\",\"4\":\"Hier Zuhause\",\"5\":\"Kulturverein\",\"6\":\"Neuigkeiten\",\"7\":\"Veranstaltungen\",\"8\":\"Vereine\"},\"inLanguage\":\"de\",\"potentialAction\":[{\"@type\":\"CommentAction\",\"name\":\"Comment\",\"target\":[\"https:\\\/\\\/paulinenaue.info\\\/index.php\\\/paulinenaue-entdecken-ein-videoprojekt-des-kulturvereins\\\/#respond\"]}]},{\"@type\":\"WebPage\",\"@id\":\"https:\\\/\\\/paulinenaue.info\\\/index.php\\\/paulinenaue-entdecken-ein-videoprojekt-des-kulturvereins\\\/\",\"url\":\"https:\\\/\\\/paulinenaue.info\\\/index.php\\\/paulinenaue-entdecken-ein-videoprojekt-des-kulturvereins\\\/\",\"name\":\"\u201ePaulinenaue entdecken\u201c \u2013 ein Videoprojekt des Kulturvereins - Paulinenaue\",\"isPartOf\":{\"@id\":\"https:\\\/\\\/paulinenaue.info\\\/#website\"},\"primaryImageOfPage\":{\"@id\":\"https:\\\/\\\/paulinenaue.info\\\/index.php\\\/paulinenaue-entdecken-ein-videoprojekt-des-kulturvereins\\\/#primaryimage\"},\"image\":{\"@id\":\"https:\\\/\\\/paulinenaue.info\\\/index.php\\\/paulinenaue-entdecken-ein-videoprojekt-des-kulturvereins\\\/#primaryimage\"},\"thumbnailUrl\":\"https:\\\/\\\/paulinenaue.info\\\/wp-content\\\/uploads\\\/2018\\\/06\\\/DSC00808.jpg\",\"datePublished\":\"2018-06-16T23:10:19+00:00\",\"dateModified\":\"2018-06-17T22:26:51+00:00\",\"author\":{\"@id\":\"https:\\\/\\\/paulinenaue.info\\\/#\\\/schema\\\/person\\\/3f9e818fd7b69b0d2bd937ac506897cc\"},\"breadcrumb\":{\"@id\":\"https:\\\/\\\/paulinenaue.info\\\/index.php\\\/paulinenaue-entdecken-ein-videoprojekt-des-kulturvereins\\\/#breadcrumb\"},\"inLanguage\":\"de\",\"potentialAction\":[{\"@type\":\"ReadAction\",\"target\":[\"https:\\\/\\\/paulinenaue.info\\\/index.php\\\/paulinenaue-entdecken-ein-videoprojekt-des-kulturvereins\\\/\"]}]},{\"@type\":\"ImageObject\",\"inLanguage\":\"de\",\"@id\":\"https:\\\/\\\/paulinenaue.info\\\/index.php\\\/paulinenaue-entdecken-ein-videoprojekt-des-kulturvereins\\\/#primaryimage\",\"url\":\"https:\\\/\\\/paulinenaue.info\\\/wp-content\\\/uploads\\\/2018\\\/06\\\/DSC00808.jpg\",\"contentUrl\":\"https:\\\/\\\/paulinenaue.info\\\/wp-content\\\/uploads\\\/2018\\\/06\\\/DSC00808.jpg\",\"width\":\"1200\",\"height\":\"800\"},{\"@type\":\"BreadcrumbList\",\"@id\":\"https:\\\/\\\/paulinenaue.info\\\/index.php\\\/paulinenaue-entdecken-ein-videoprojekt-des-kulturvereins\\\/#breadcrumb\",\"itemListElement\":[{\"@type\":\"ListItem\",\"position\":1,\"name\":\"Home\",\"item\":\"https:\\\/\\\/paulinenaue.info\\\/\"},{\"@type\":\"ListItem\",\"position\":2,\"name\":\"\u201ePaulinenaue entdecken\u201c \u2013 ein Videoprojekt des Kulturvereins\"}]},{\"@type\":\"WebSite\",\"@id\":\"https:\\\/\\\/paulinenaue.info\\\/#website\",\"url\":\"https:\\\/\\\/paulinenaue.info\\\/\",\"name\":\"Paulinenaue\",\"description\":\"Ein Dorf im Havelland\",\"potentialAction\":[{\"@type\":\"SearchAction\",\"target\":{\"@type\":\"EntryPoint\",\"urlTemplate\":\"https:\\\/\\\/paulinenaue.info\\\/?s={search_term_string}\"},\"query-input\":{\"@type\":\"PropertyValueSpecification\",\"valueRequired\":true,\"valueName\":\"search_term_string\"}}],\"inLanguage\":\"de\"},{\"@type\":\"Person\",\"@id\":\"https:\\\/\\\/paulinenaue.info\\\/#\\\/schema\\\/person\\\/3f9e818fd7b69b0d2bd937ac506897cc\",\"name\":\"Joachim Scholz\",\"url\":\"https:\\\/\\\/paulinenaue.info\\\/index.php\\\/author\\\/jjscholz\\\/\"}]}<\/script>\n<!-- \/ Yoast SEO plugin. -->","yoast_head_json":{"title":"\u201ePaulinenaue entdecken\u201c \u2013 ein Videoprojekt des Kulturvereins - Paulinenaue","robots":{"index":"index","follow":"follow","max-snippet":"max-snippet:-1","max-image-preview":"max-image-preview:large","max-video-preview":"max-video-preview:-1"},"canonical":"https:\/\/paulinenaue.info\/index.php\/paulinenaue-entdecken-ein-videoprojekt-des-kulturvereins\/","og_locale":"de_DE","og_type":"article","og_title":"\u201ePaulinenaue entdecken\u201c \u2013 ein Videoprojekt des Kulturvereins - Paulinenaue","og_description":"Die Rubrik \u201ePaulinenaue entdecken\u201c auf der Paulinenauer Internetseite soll sich [&hellip;]","og_url":"https:\/\/paulinenaue.info\/index.php\/paulinenaue-entdecken-ein-videoprojekt-des-kulturvereins\/","og_site_name":"Paulinenaue","article_published_time":"2018-06-16T23:10:19+00:00","article_modified_time":"2018-06-17T22:26:51+00:00","og_image":[{"width":1200,"height":800,"url":"https:\/\/i1.wp.com\/paulinenaue.info\/wp-content\/uploads\/2018\/06\/DSC00808.jpg?fit=1200%2C800&ssl=1","type":"image\/jpeg"}],"author":"Joachim Scholz","twitter_card":"summary_large_image","twitter_misc":{"Verfasst von":"Joachim Scholz","Gesch\u00e4tzte Lesezeit":"1\u00a0Minute"},"schema":{"@context":"https:\/\/schema.org","@graph":[{"@type":"Article","@id":"https:\/\/paulinenaue.info\/index.php\/paulinenaue-entdecken-ein-videoprojekt-des-kulturvereins\/#article","isPartOf":{"@id":"https:\/\/paulinenaue.info\/index.php\/paulinenaue-entdecken-ein-videoprojekt-des-kulturvereins\/"},"author":{"name":"Joachim Scholz","@id":"https:\/\/paulinenaue.info\/#\/schema\/person\/3f9e818fd7b69b0d2bd937ac506897cc"},"headline":"\u201ePaulinenaue entdecken\u201c \u2013 ein Videoprojekt des Kulturvereins","datePublished":"2018-06-16T23:10:19+00:00","dateModified":"2018-06-17T22:26:51+00:00","mainEntityOfPage":{"@id":"https:\/\/paulinenaue.info\/index.php\/paulinenaue-entdecken-ein-videoprojekt-des-kulturvereins\/"},"wordCount":243,"commentCount":1,"image":{"@id":"https:\/\/paulinenaue.info\/index.php\/paulinenaue-entdecken-ein-videoprojekt-des-kulturvereins\/#primaryimage"},"thumbnailUrl":"https:\/\/paulinenaue.info\/wp-content\/uploads\/2018\/06\/DSC00808.jpg","keywords":["Geschichten","Leute","Ortsgeschichte"],"articleSection":{"1":"Bienenfarm","2":"Dorfentwicklung","3":"Feuerwehr","4":"Hier Zuhause","5":"Kulturverein","6":"Neuigkeiten","7":"Veranstaltungen","8":"Vereine"},"inLanguage":"de","potentialAction":[{"@type":"CommentAction","name":"Comment","target":["https:\/\/paulinenaue.info\/index.php\/paulinenaue-entdecken-ein-videoprojekt-des-kulturvereins\/#respond"]}]},{"@type":"WebPage","@id":"https:\/\/paulinenaue.info\/index.php\/paulinenaue-entdecken-ein-videoprojekt-des-kulturvereins\/","url":"https:\/\/paulinenaue.info\/index.php\/paulinenaue-entdecken-ein-videoprojekt-des-kulturvereins\/","name":"\u201ePaulinenaue entdecken\u201c \u2013 ein Videoprojekt des Kulturvereins - Paulinenaue","isPartOf":{"@id":"https:\/\/paulinenaue.info\/#website"},"primaryImageOfPage":{"@id":"https:\/\/paulinenaue.info\/index.php\/paulinenaue-entdecken-ein-videoprojekt-des-kulturvereins\/#primaryimage"},"image":{"@id":"https:\/\/paulinenaue.info\/index.php\/paulinenaue-entdecken-ein-videoprojekt-des-kulturvereins\/#primaryimage"},"thumbnailUrl":"https:\/\/paulinenaue.info\/wp-content\/uploads\/2018\/06\/DSC00808.jpg","datePublished":"2018-06-16T23:10:19+00:00","dateModified":"2018-06-17T22:26:51+00:00","author":{"@id":"https:\/\/paulinenaue.info\/#\/schema\/person\/3f9e818fd7b69b0d2bd937ac506897cc"},"breadcrumb":{"@id":"https:\/\/paulinenaue.info\/index.php\/paulinenaue-entdecken-ein-videoprojekt-des-kulturvereins\/#breadcrumb"},"inLanguage":"de","potentialAction":[{"@type":"ReadAction","target":["https:\/\/paulinenaue.info\/index.php\/paulinenaue-entdecken-ein-videoprojekt-des-kulturvereins\/"]}]},{"@type":"ImageObject","inLanguage":"de","@id":"https:\/\/paulinenaue.info\/index.php\/paulinenaue-entdecken-ein-videoprojekt-des-kulturvereins\/#primaryimage","url":"https:\/\/paulinenaue.info\/wp-content\/uploads\/2018\/06\/DSC00808.jpg","contentUrl":"https:\/\/paulinenaue.info\/wp-content\/uploads\/2018\/06\/DSC00808.jpg","width":"1200","height":"800"},{"@type":"BreadcrumbList","@id":"https:\/\/paulinenaue.info\/index.php\/paulinenaue-entdecken-ein-videoprojekt-des-kulturvereins\/#breadcrumb","itemListElement":[{"@type":"ListItem","position":1,"name":"Home","item":"https:\/\/paulinenaue.info\/"},{"@type":"ListItem","position":2,"name":"\u201ePaulinenaue entdecken\u201c \u2013 ein Videoprojekt des Kulturvereins"}]},{"@type":"WebSite","@id":"https:\/\/paulinenaue.info\/#website","url":"https:\/\/paulinenaue.info\/","name":"Paulinenaue","description":"Ein Dorf im Havelland","potentialAction":[{"@type":"SearchAction","target":{"@type":"EntryPoint","urlTemplate":"https:\/\/paulinenaue.info\/?s={search_term_string}"},"query-input":{"@type":"PropertyValueSpecification","valueRequired":true,"valueName":"search_term_string"}}],"inLanguage":"de"},{"@type":"Person","@id":"https:\/\/paulinenaue.info\/#\/schema\/person\/3f9e818fd7b69b0d2bd937ac506897cc","name":"Joachim Scholz","url":"https:\/\/paulinenaue.info\/index.php\/author\/jjscholz\/"}]}},"jetpack_publicize_connections":[],"jetpack_featured_media_url":"https:\/\/paulinenaue.info\/wp-content\/uploads\/2018\/06\/DSC00808.jpg","jetpack_sharing_enabled":true,"jetpack_shortlink":"https:\/\/wp.me\/pcYhWA-yB","jetpack-related-posts":[{"id":184284,"url":"https:\/\/paulinenaue.info\/index.php\/kirche-wird-saniert-und-multifunktional-nutzbar\/","url_meta":{"origin":2145,"position":0},"title":"Kirche wird saniert und multifunktional nutzbar","author":"Joachim Scholz","date":"29. Mai 2022","format":false,"excerpt":"von Andreas Flender, ehrenamtlicher Mitarbeiter und Bauverantwortlicher der evangelischen Kirchengemeinde In der Paulinenauer Kirche soll demn\u00e4chst ein Dorftreff entstehen. Es gibt daf\u00fcr Interesse von Vereinen, die bisher keine eigenen R\u00e4ume haben. Denkbar ist, dass der Kulturverein oder das Gemeinschaftswerk Soziale Dienste den Treff nutzen wird. Die Notfallseelsorge m\u00f6chte dort Gruppenabende\u2026","rel":"","context":"In &quot;Allgemein&quot;","block_context":{"text":"Allgemein","link":"https:\/\/paulinenaue.info\/index.php\/category\/allgemein\/"},"img":{"alt_text":"","src":"https:\/\/i0.wp.com\/paulinenaue.info\/wp-content\/uploads\/2022\/05\/2022-05-28-Paulinenaue-Kirche.jpg?resize=350%2C200&ssl=1","width":350,"height":200,"srcset":"https:\/\/i0.wp.com\/paulinenaue.info\/wp-content\/uploads\/2022\/05\/2022-05-28-Paulinenaue-Kirche.jpg?resize=350%2C200&ssl=1 1x, https:\/\/i0.wp.com\/paulinenaue.info\/wp-content\/uploads\/2022\/05\/2022-05-28-Paulinenaue-Kirche.jpg?resize=525%2C300&ssl=1 1.5x, https:\/\/i0.wp.com\/paulinenaue.info\/wp-content\/uploads\/2022\/05\/2022-05-28-Paulinenaue-Kirche.jpg?resize=700%2C400&ssl=1 2x"},"classes":[]},{"id":149345,"url":"https:\/\/paulinenaue.info\/index.php\/149345\/","url_meta":{"origin":2145,"position":1},"title":"Besuch in der Waldapotheke","author":"Joachim Scholz","date":"30. April 2022","format":false,"excerpt":"Auf diesen Termin hatten sich viele schon lange gefreut. Auch in diesem Jahr ging es wieder mit Sylvia Geisel\u00a0 auf eine Kr\u00e4uterwanderung vors Dorf. Diesmal stand der Spaziergang unter dem Motto \u201eBesuch in der Waldapotheke\u201c. Die Sonne schien, es gr\u00fcnte allerorten. Den Weg zur Pessiner Heide glaubt man zu kennen\u2026","rel":"","context":"In &quot;Hier Zuhause&quot;","block_context":{"text":"Hier Zuhause","link":"https:\/\/paulinenaue.info\/index.php\/category\/hier-zuhause\/"},"img":{"alt_text":"","src":"https:\/\/i0.wp.com\/paulinenaue.info\/wp-content\/uploads\/2022\/04\/2022-04-29-Kra%CC%88uterwanderung.jpg?resize=350%2C200&ssl=1","width":350,"height":200,"srcset":"https:\/\/i0.wp.com\/paulinenaue.info\/wp-content\/uploads\/2022\/04\/2022-04-29-Kra%CC%88uterwanderung.jpg?resize=350%2C200&ssl=1 1x, https:\/\/i0.wp.com\/paulinenaue.info\/wp-content\/uploads\/2022\/04\/2022-04-29-Kra%CC%88uterwanderung.jpg?resize=525%2C300&ssl=1 1.5x, https:\/\/i0.wp.com\/paulinenaue.info\/wp-content\/uploads\/2022\/04\/2022-04-29-Kra%CC%88uterwanderung.jpg?resize=700%2C400&ssl=1 2x"},"classes":[]},{"id":109773,"url":"https:\/\/paulinenaue.info\/index.php\/vor-ostern-2022\/","url_meta":{"origin":2145,"position":2},"title":"Vor Ostern 2022","author":"Sarah","date":"8. April 2022","format":false,"excerpt":"","rel":"","context":"In &quot;Allgemein&quot;","block_context":{"text":"Allgemein","link":"https:\/\/paulinenaue.info\/index.php\/category\/allgemein\/"},"img":{"alt_text":"","src":"https:\/\/i0.wp.com\/paulinenaue.info\/wp-content\/uploads\/2022\/04\/ostern1.jpg?resize=350%2C200&ssl=1","width":350,"height":200,"srcset":"https:\/\/i0.wp.com\/paulinenaue.info\/wp-content\/uploads\/2022\/04\/ostern1.jpg?resize=350%2C200&ssl=1 1x, https:\/\/i0.wp.com\/paulinenaue.info\/wp-content\/uploads\/2022\/04\/ostern1.jpg?resize=525%2C300&ssl=1 1.5x, https:\/\/i0.wp.com\/paulinenaue.info\/wp-content\/uploads\/2022\/04\/ostern1.jpg?resize=700%2C400&ssl=1 2x, https:\/\/i0.wp.com\/paulinenaue.info\/wp-content\/uploads\/2022\/04\/ostern1.jpg?resize=1050%2C600&ssl=1 3x, https:\/\/i0.wp.com\/paulinenaue.info\/wp-content\/uploads\/2022\/04\/ostern1.jpg?resize=1400%2C800&ssl=1 4x"},"classes":[]},{"id":416102,"url":"https:\/\/paulinenaue.info\/index.php\/kulturverein-zur-kommunalwahl-2024\/","url_meta":{"origin":2145,"position":3},"title":"Kulturverein zur Kommunalwahl 2024","author":"Joachim Scholz","date":"15. M\u00e4rz 2024","format":false,"excerpt":"Die Kandidaten des Kulturvereins stellen sich vor Der Paulinenauer Kulturverein pflegt mit Veranstaltungen wie dem Weihnachtsmarkt, dem Tag des offenen Denkmals oder dem Kunstfestival \u201eSchnelle Vorbeifahrten\u201c das gemeinschaftliche Leben in Paulinenaue. Unser Verein bewahrt die Geschichte des Ortes und h\u00e4lt sie auf der Internetseite www.paulinenaue.info lebendig. Besonders am Herzen liegt\u2026","rel":"","context":"In &quot;Allgemein&quot;","block_context":{"text":"Allgemein","link":"https:\/\/paulinenaue.info\/index.php\/category\/allgemein\/"},"img":{"alt_text":"","src":"https:\/\/i0.wp.com\/paulinenaue.info\/wp-content\/uploads\/2024\/03\/Kandidaten-Kulturverein-2024.jpeg?resize=350%2C200&ssl=1","width":350,"height":200,"srcset":"https:\/\/i0.wp.com\/paulinenaue.info\/wp-content\/uploads\/2024\/03\/Kandidaten-Kulturverein-2024.jpeg?resize=350%2C200&ssl=1 1x, https:\/\/i0.wp.com\/paulinenaue.info\/wp-content\/uploads\/2024\/03\/Kandidaten-Kulturverein-2024.jpeg?resize=525%2C300&ssl=1 1.5x, https:\/\/i0.wp.com\/paulinenaue.info\/wp-content\/uploads\/2024\/03\/Kandidaten-Kulturverein-2024.jpeg?resize=700%2C400&ssl=1 2x"},"classes":[]},{"id":5466,"url":"https:\/\/paulinenaue.info\/index.php\/projekt-geocaching-in-paulinenaue\/","url_meta":{"origin":2145,"position":4},"title":"Projekt Geocaching in Paulinenaue","author":"Sarah","date":"17. September 2020","format":false,"excerpt":"Die schon l\u00e4nger bestehende Idee eines Wanderweges entlang von, zum Teil historischen, Orten in Paulinenaue soll nun in Form eines Geocaching-Weges umgesetzt werden. Dabei kann man sich per App oder GPS-Ger\u00e4t zu Koordinaten f\u00fchren lassen, an denen ein Beh\u00e4ltnis zu finden ist. In diesem k\u00f6nnen neben einem Logbuch auch Klinigkeiten\u2026","rel":"","context":"In &quot;Dorfentwicklung&quot;","block_context":{"text":"Dorfentwicklung","link":"https:\/\/paulinenaue.info\/index.php\/category\/dorfentwicklung\/"},"img":{"alt_text":"","src":"","width":0,"height":0},"classes":[]},{"id":415945,"url":"https:\/\/paulinenaue.info\/index.php\/chroniken-von-paulinenaue\/","url_meta":{"origin":2145,"position":5},"title":"Chroniken von Paulinenaue","author":"Joachim Scholz","date":"4. Februar 2024","format":false,"excerpt":"Kirchenb\u00fccher und Kriegschroniken \u2013 Die Anf\u00e4nge Paulinenaue ist ein junges Dorf, das 1833 aus einem unbedeutenden Vorwerk hervorging. F\u00fcr lange Zeit wurden Aufzeichnungen wichtiger Lebensereignisse seiner Einwohner, wie Geburten, Taufen, Hochzeiten und Todesf\u00e4lle, nur in den Kirchenb\u00fcchern der Nachbargemeinden festgehalten, zu denen es kirchenrechtlich geh\u00f6rte. Erst seit 1920 wurde in\u2026","rel":"","context":"In &quot;Dorfentwicklung&quot;","block_context":{"text":"Dorfentwicklung","link":"https:\/\/paulinenaue.info\/index.php\/category\/dorfentwicklung\/"},"img":{"alt_text":"","src":"https:\/\/i0.wp.com\/paulinenaue.info\/wp-content\/uploads\/2024\/01\/1915-05-23-Heimatszeitung-Titelblatt.jpg?resize=350%2C200&ssl=1","width":350,"height":200,"srcset":"https:\/\/i0.wp.com\/paulinenaue.info\/wp-content\/uploads\/2024\/01\/1915-05-23-Heimatszeitung-Titelblatt.jpg?resize=350%2C200&ssl=1 1x, https:\/\/i0.wp.com\/paulinenaue.info\/wp-content\/uploads\/2024\/01\/1915-05-23-Heimatszeitung-Titelblatt.jpg?resize=525%2C300&ssl=1 1.5x, https:\/\/i0.wp.com\/paulinenaue.info\/wp-content\/uploads\/2024\/01\/1915-05-23-Heimatszeitung-Titelblatt.jpg?resize=700%2C400&ssl=1 2x"},"classes":[]}],"_links":{"self":[{"href":"https:\/\/paulinenaue.info\/index.php\/wp-json\/wp\/v2\/posts\/2145","targetHints":{"allow":["GET"]}}],"collection":[{"href":"https:\/\/paulinenaue.info\/index.php\/wp-json\/wp\/v2\/posts"}],"about":[{"href":"https:\/\/paulinenaue.info\/index.php\/wp-json\/wp\/v2\/types\/post"}],"author":[{"embeddable":true,"href":"https:\/\/paulinenaue.info\/index.php\/wp-json\/wp\/v2\/users\/1"}],"replies":[{"embeddable":true,"href":"https:\/\/paulinenaue.info\/index.php\/wp-json\/wp\/v2\/comments?post=2145"}],"version-history":[{"count":13,"href":"https:\/\/paulinenaue.info\/index.php\/wp-json\/wp\/v2\/posts\/2145\/revisions"}],"predecessor-version":[{"id":2160,"href":"https:\/\/paulinenaue.info\/index.php\/wp-json\/wp\/v2\/posts\/2145\/revisions\/2160"}],"wp:featuredmedia":[{"embeddable":true,"href":"https:\/\/paulinenaue.info\/index.php\/wp-json\/wp\/v2\/media\/2142"}],"wp:attachment":[{"href":"https:\/\/paulinenaue.info\/index.php\/wp-json\/wp\/v2\/media?parent=2145"}],"wp:term":[{"taxonomy":"category","embeddable":true,"href":"https:\/\/paulinenaue.info\/index.php\/wp-json\/wp\/v2\/categories?post=2145"},{"taxonomy":"post_tag","embeddable":true,"href":"https:\/\/paulinenaue.info\/index.php\/wp-json\/wp\/v2\/tags?post=2145"}],"curies":[{"name":"wp","href":"https:\/\/api.w.org\/{rel}","templated":true}]}}