{"id":215195,"date":"2022-06-12T23:52:17","date_gmt":"2022-06-12T21:52:17","guid":{"rendered":"https:\/\/paulinenaue.info\/?p=215195"},"modified":"2024-06-07T00:45:21","modified_gmt":"2024-06-06T22:45:21","slug":"andenken-an-die-gebrueder-knauer","status":"publish","type":"post","link":"https:\/\/paulinenaue.info\/index.php\/andenken-an-die-gebrueder-knauer\/","title":{"rendered":"Andenken an die Gebr\u00fcder Knauer"},"content":{"rendered":"<h3>Paulinenaue feiert die Sanierung des Grabsteins der ber\u00fchmten Pferdez\u00fcchter<\/h3>\n<p>Im Paulinenauer Kulturverein wurde hin und her \u00fcberlegt, ob nicht einer der frisch in den sanierten Grabstein geschlagenen Datumseintr\u00e4ge sich f\u00fcr die feierliche \u00dcbergabe eben dieses Steines eignen w\u00fcrde. Doch bis zum 150. Geburtstag von Arthur Knauer sind es noch zwei Jahre und so lange wollte keiner warten. So fiel die Wahl \u2013 vielleicht etwas ungl\u00fccklich \u2013 auf diesen Sonntag, als von Lindholzfarm kommend Oldtimerflugzeuge \u00fcbers Luch knatterten und in Berlin Pferderennen stattfanden. Es war also laut \u00fcber dem ehemaligen Knauerschen Gest\u00fct, dem Lindenhof, und von den Spendern, denen zu Ehren zuallererst die Veranstaltung stattfinden sollte, mussten einige sportbedingt fehlen.<\/p>\n<p>Die ca. 30 G\u00e4ste, die gekommen waren, erlebten einen abwechslungsreichen Nachmittag im Sonnenschein. In der Feierhalle hielt Pfarrer Michael Jurk eine Andacht und Joachim Scholz vom Kulturverein einen kleinen Vortrag zu Ehren der beiden Pferdez\u00fcchter und ihrer Haush\u00e4lterin Charlotte Quoo\u00df, die sich mit den beiden Paulinenauer Ber\u00fchmtheiten die Grabstelle teilt. Jurk und Scholz dankten f\u00fcr die gro\u00dfz\u00fcgigen Spenden, die diesen Tag erst m\u00f6glich gemacht hatten. Zu der Geschichte des einst deutschlandweit ber\u00fchmten Gest\u00fcts, <a href=\"https:\/\/paulinenaue.info\/index.php\/die-pferde-haben-uns\/\">die man auf unserer Internetseite nachlesen kann<\/a>, wurden dabei noch Anekdoten beigetragen, die die \u00e4lteren, teilweise bereits verstorbenen Paulinenauer*innen \u00fcber die Knauers noch zu erz\u00e4hlen wussten. So war Ursula Haseloff (1921-2017) in Erinnerung geblieben, wie Arthur Knauer oft von der Bahn kommend zum Lindenhof spazierte, dabei \u00fcber dem Kopf die Peitsche schwang und Selbstgespr\u00e4che f\u00fchrte. Ursula war Mitte der 1930er-Jahre Haushaltshilfe bei Fleischer Schr\u00f6der. Bruno Brunsch (1922-2019), Sohn des Bienenfarmer Verwalters, erinnerte sich in einem Interview 2012 vor allem an Carl Knauer, der sich als Landwirt um den Hof k\u00fcmmerte, w\u00e4hrend sein Bruder Arthur in Berlin die Au\u00dfenpolitik betrieb:<\/p>\n<blockquote><p>\u201eNa ja, was der j\u00fcngere war, der Carl. Der kam auch immer mit einem Sulky gefahren nach Bienenfarm. Meine Eltern haben vertrieben hier Rauchware und Flaschen Bier, Wein und so. Und da kam der \u00f6fters. Hat seine Zigaretten geholt. Und ich wusste schon immer, wat er denn haben will. Ick denn rein, hab geholt, er hat ne Runde gedreht: Das Pferd wollte ja nicht so lange still stehen. Und denn, ick hinterhejeloofen und hab ihm die Zigaretten jegeben und er mir dit Geld. | JS: Im Fahren sozusagen. | Ja ja!\u201c (Bruno Brunsch 2012)<\/p><\/blockquote>\n<p class=\"p1\">Wenn die Knauers vor dem Krieg zum Tontaubenschie\u00dfen luden, sammelten die Paulinenauer Jungs danach die abgeschossenen Tontauben auf. Als einmal Max Schmeling, der damals ber\u00fchmteste Sportler Deutschlands, die Knauers besuchte, war Bruno Brunsch nicht dabei: \u201eAusgerechnet dit Mal war ick nich da. Max Schmeling, Donnerwetter, hab ick mich ge\u00e4rgert,\u201c klagte er noch ein Dreivierteljahrhundert sp\u00e4ter. An den langen Leichenzug zur Beerdigung von Arthur Knauer kann sich heute noch Gertraud Exner entsinnen. Sie hatte die Prozession 1964 vom Dachfenster im Gartenweg beobachtet.<\/p>\n<p class=\"p1\">Dass die Knauers auch mehr als 50 Jahre nach dem Ende ihrer k\u00fchnen Unternehmung hoch in Ehren stehen, zeigte Dr. Christian Ziegener, der f\u00fcr den Berliner <a href=\"https:\/\/trab-halloffame.de\/\">Verein \u201eHall of Fame\u201c des Deutschen Trabrennsports<\/a> am Grab der Knauers einen Kranz niederlegte. Nach der heutigen Feierstunde setzte sich ein Zug von Radlerinnen und Radlern vom Friedhof aus in entgegengesetzte Richtung in Bewegung. Es ging zum \u201eLindenhof\u201c. Hier lud der Kulturverein noch zum Kaffeetrinken am historischen Ort.<\/p>\n<h4>Ein paar Fotoeindr\u00fccke<\/h4>\n<div id=\"attachment_215289\" style=\"width: 810px\" class=\"wp-caption alignnone\"><a href=\"https:\/\/paulinenaue.info\/wp-content\/uploads\/2022\/06\/2022-06-12-Knauerehrung-03.jpeg\"><img decoding=\"async\" aria-describedby=\"caption-attachment-215289\" data-attachment-id=\"215289\" data-permalink=\"https:\/\/paulinenaue.info\/index.php\/andenken-an-die-gebrueder-knauer\/2022-06-12-knauerehrung-03\/\" data-orig-file=\"https:\/\/paulinenaue.info\/wp-content\/uploads\/2022\/06\/2022-06-12-Knauerehrung-03.jpeg\" data-orig-size=\"1000,667\" data-comments-opened=\"1\" data-image-meta=\"{&quot;aperture&quot;:&quot;4&quot;,&quot;credit&quot;:&quot;&quot;,&quot;camera&quot;:&quot;DSC-RX10M3&quot;,&quot;caption&quot;:&quot;&quot;,&quot;created_timestamp&quot;:&quot;1655039272&quot;,&quot;copyright&quot;:&quot;&quot;,&quot;focal_length&quot;:&quot;8.82&quot;,&quot;iso&quot;:&quot;100&quot;,&quot;shutter_speed&quot;:&quot;0.004&quot;,&quot;title&quot;:&quot;&quot;,&quot;orientation&quot;:&quot;0&quot;}\" data-image-title=\"2022-06-12, Knauerehrung 03\" data-image-description=\"\" data-image-caption=\"&lt;p&gt;Christian Ziegener legt f\u00fcr den Verein \u201eHall of Fame\u201c einen Kranz zu Ehren der ber\u00fchmten Paulinenauer Pferdez\u00fcchter nieder. Der Verein beteiligte sich mit einer gro\u00dfz\u00fcgigen Spende an der Sanierung des Steins. &lt;\/p&gt;\n\" data-large-file=\"https:\/\/paulinenaue.info\/wp-content\/uploads\/2022\/06\/2022-06-12-Knauerehrung-03.jpeg\" class=\"lazyload size-fusion-800 wp-image-215289\" src=\"https:\/\/paulinenaue.info\/wp-content\/uploads\/2022\/06\/2022-06-12-Knauerehrung-03-800x534.jpeg\" data-orig-src=\"https:\/\/paulinenaue.info\/wp-content\/uploads\/2022\/06\/2022-06-12-Knauerehrung-03-800x534.jpeg\" alt=\"\" width=\"800\" height=\"534\" srcset=\"data:image\/svg+xml,%3Csvg%20xmlns%3D%27http%3A%2F%2Fwww.w3.org%2F2000%2Fsvg%27%20width%3D%27800%27%20height%3D%27534%27%20viewBox%3D%270%200%20800%20534%27%3E%3Crect%20width%3D%27800%27%20height%3D%27534%27%20fill-opacity%3D%220%22%2F%3E%3C%2Fsvg%3E\" data-srcset=\"https:\/\/paulinenaue.info\/wp-content\/uploads\/2022\/06\/2022-06-12-Knauerehrung-03-200x133.jpeg 200w, https:\/\/paulinenaue.info\/wp-content\/uploads\/2022\/06\/2022-06-12-Knauerehrung-03-300x200.jpeg 300w, https:\/\/paulinenaue.info\/wp-content\/uploads\/2022\/06\/2022-06-12-Knauerehrung-03-400x267.jpeg 400w, https:\/\/paulinenaue.info\/wp-content\/uploads\/2022\/06\/2022-06-12-Knauerehrung-03-600x400.jpeg 600w, https:\/\/paulinenaue.info\/wp-content\/uploads\/2022\/06\/2022-06-12-Knauerehrung-03-768x512.jpeg 768w, https:\/\/paulinenaue.info\/wp-content\/uploads\/2022\/06\/2022-06-12-Knauerehrung-03-800x534.jpeg 800w, https:\/\/paulinenaue.info\/wp-content\/uploads\/2022\/06\/2022-06-12-Knauerehrung-03.jpeg 1000w\" data-sizes=\"auto\" data-orig-sizes=\"(max-width: 800px) 100vw, 800px\" \/><\/a><p id=\"caption-attachment-215289\" class=\"wp-caption-text\"><em>Christian Ziegener legt f\u00fcr den Verein \u201eHall of Fame\u201c einen Kranz zu Ehren der ber\u00fchmten Paulinenauer Pferdez\u00fcchter nieder. Der Verein beteiligte sich mit einer gro\u00dfz\u00fcgigen Spende an der Sanierung des Grabsteins. Foto: Joachim Scholz 2022.<\/em><\/p><\/div>\n<p>&nbsp;<\/p>\n<div id=\"attachment_215287\" style=\"width: 810px\" class=\"wp-caption alignnone\"><a href=\"https:\/\/paulinenaue.info\/wp-content\/uploads\/2022\/06\/2022-06-12-Knauerehrung-01.jpeg\"><img decoding=\"async\" aria-describedby=\"caption-attachment-215287\" data-attachment-id=\"215287\" data-permalink=\"https:\/\/paulinenaue.info\/index.php\/andenken-an-die-gebrueder-knauer\/2022-06-12-knauerehrung-01\/\" data-orig-file=\"https:\/\/paulinenaue.info\/wp-content\/uploads\/2022\/06\/2022-06-12-Knauerehrung-01.jpeg\" data-orig-size=\"1000,667\" data-comments-opened=\"1\" data-image-meta=\"{&quot;aperture&quot;:&quot;3.2&quot;,&quot;credit&quot;:&quot;&quot;,&quot;camera&quot;:&quot;DSC-RX10M3&quot;,&quot;caption&quot;:&quot;&quot;,&quot;created_timestamp&quot;:&quot;1655037037&quot;,&quot;copyright&quot;:&quot;&quot;,&quot;focal_length&quot;:&quot;18.92&quot;,&quot;iso&quot;:&quot;400&quot;,&quot;shutter_speed&quot;:&quot;0.016666666666667&quot;,&quot;title&quot;:&quot;&quot;,&quot;orientation&quot;:&quot;0&quot;}\" data-image-title=\"2022-06-12, Knauerehrung 01\" data-image-description=\"\" data-image-caption=\"&lt;p&gt;Joachim Scholz beim Vortrag \u00fcber die Geschichte der Knauers. Foto: Sarah Vierjahn 2022.&lt;\/p&gt;\n\" data-large-file=\"https:\/\/paulinenaue.info\/wp-content\/uploads\/2022\/06\/2022-06-12-Knauerehrung-01.jpeg\" class=\"lazyload size-fusion-800 wp-image-215287\" src=\"https:\/\/paulinenaue.info\/wp-content\/uploads\/2022\/06\/2022-06-12-Knauerehrung-01-800x534.jpeg\" data-orig-src=\"https:\/\/paulinenaue.info\/wp-content\/uploads\/2022\/06\/2022-06-12-Knauerehrung-01-800x534.jpeg\" alt=\"\" width=\"800\" height=\"534\" srcset=\"data:image\/svg+xml,%3Csvg%20xmlns%3D%27http%3A%2F%2Fwww.w3.org%2F2000%2Fsvg%27%20width%3D%27800%27%20height%3D%27534%27%20viewBox%3D%270%200%20800%20534%27%3E%3Crect%20width%3D%27800%27%20height%3D%27534%27%20fill-opacity%3D%220%22%2F%3E%3C%2Fsvg%3E\" data-srcset=\"https:\/\/paulinenaue.info\/wp-content\/uploads\/2022\/06\/2022-06-12-Knauerehrung-01-200x133.jpeg 200w, https:\/\/paulinenaue.info\/wp-content\/uploads\/2022\/06\/2022-06-12-Knauerehrung-01-300x200.jpeg 300w, https:\/\/paulinenaue.info\/wp-content\/uploads\/2022\/06\/2022-06-12-Knauerehrung-01-400x267.jpeg 400w, https:\/\/paulinenaue.info\/wp-content\/uploads\/2022\/06\/2022-06-12-Knauerehrung-01-600x400.jpeg 600w, https:\/\/paulinenaue.info\/wp-content\/uploads\/2022\/06\/2022-06-12-Knauerehrung-01-768x512.jpeg 768w, https:\/\/paulinenaue.info\/wp-content\/uploads\/2022\/06\/2022-06-12-Knauerehrung-01-800x534.jpeg 800w, https:\/\/paulinenaue.info\/wp-content\/uploads\/2022\/06\/2022-06-12-Knauerehrung-01.jpeg 1000w\" data-sizes=\"auto\" data-orig-sizes=\"(max-width: 800px) 100vw, 800px\" \/><\/a><p id=\"caption-attachment-215287\" class=\"wp-caption-text\"><em>Vortrag \u00fcber die Geschichte der Knauers. Foto: Sarah Vierjahn 2022.<\/em><\/p><\/div>\n<p>&nbsp;<\/p>\n<div id=\"attachment_215290\" style=\"width: 810px\" class=\"wp-caption alignnone\"><a href=\"https:\/\/paulinenaue.info\/wp-content\/uploads\/2022\/06\/2022-06-12-Knauerehrung-04.jpeg\"><img decoding=\"async\" aria-describedby=\"caption-attachment-215290\" data-attachment-id=\"215290\" data-permalink=\"https:\/\/paulinenaue.info\/index.php\/andenken-an-die-gebrueder-knauer\/2022-06-12-knauerehrung-04\/\" data-orig-file=\"https:\/\/paulinenaue.info\/wp-content\/uploads\/2022\/06\/2022-06-12-Knauerehrung-04.jpeg\" data-orig-size=\"1000,667\" data-comments-opened=\"1\" data-image-meta=\"{&quot;aperture&quot;:&quot;4&quot;,&quot;credit&quot;:&quot;&quot;,&quot;camera&quot;:&quot;DSC-RX10M3&quot;,&quot;caption&quot;:&quot;&quot;,&quot;created_timestamp&quot;:&quot;1655041432&quot;,&quot;copyright&quot;:&quot;&quot;,&quot;focal_length&quot;:&quot;8.8&quot;,&quot;iso&quot;:&quot;100&quot;,&quot;shutter_speed&quot;:&quot;0.003125&quot;,&quot;title&quot;:&quot;&quot;,&quot;orientation&quot;:&quot;0&quot;}\" data-image-title=\"2022-06-12, Knauerehrung 04\" data-image-description=\"\" data-image-caption=\"&lt;p&gt;Abgleich des heutigen Zustandes mit dem historischen Foto. Hier lebten und wirkten die Knauers.&lt;\/p&gt;\n\" data-large-file=\"https:\/\/paulinenaue.info\/wp-content\/uploads\/2022\/06\/2022-06-12-Knauerehrung-04.jpeg\" class=\"lazyload size-fusion-800 wp-image-215290\" src=\"https:\/\/paulinenaue.info\/wp-content\/uploads\/2022\/06\/2022-06-12-Knauerehrung-04-800x534.jpeg\" data-orig-src=\"https:\/\/paulinenaue.info\/wp-content\/uploads\/2022\/06\/2022-06-12-Knauerehrung-04-800x534.jpeg\" alt=\"\" width=\"800\" height=\"534\" srcset=\"data:image\/svg+xml,%3Csvg%20xmlns%3D%27http%3A%2F%2Fwww.w3.org%2F2000%2Fsvg%27%20width%3D%27800%27%20height%3D%27534%27%20viewBox%3D%270%200%20800%20534%27%3E%3Crect%20width%3D%27800%27%20height%3D%27534%27%20fill-opacity%3D%220%22%2F%3E%3C%2Fsvg%3E\" data-srcset=\"https:\/\/paulinenaue.info\/wp-content\/uploads\/2022\/06\/2022-06-12-Knauerehrung-04-200x133.jpeg 200w, https:\/\/paulinenaue.info\/wp-content\/uploads\/2022\/06\/2022-06-12-Knauerehrung-04-300x200.jpeg 300w, https:\/\/paulinenaue.info\/wp-content\/uploads\/2022\/06\/2022-06-12-Knauerehrung-04-400x267.jpeg 400w, https:\/\/paulinenaue.info\/wp-content\/uploads\/2022\/06\/2022-06-12-Knauerehrung-04-600x400.jpeg 600w, https:\/\/paulinenaue.info\/wp-content\/uploads\/2022\/06\/2022-06-12-Knauerehrung-04-768x512.jpeg 768w, https:\/\/paulinenaue.info\/wp-content\/uploads\/2022\/06\/2022-06-12-Knauerehrung-04-800x534.jpeg 800w, https:\/\/paulinenaue.info\/wp-content\/uploads\/2022\/06\/2022-06-12-Knauerehrung-04.jpeg 1000w\" data-sizes=\"auto\" data-orig-sizes=\"(max-width: 800px) 100vw, 800px\" \/><\/a><p id=\"caption-attachment-215290\" class=\"wp-caption-text\"><em>Auf dem Lindenhof beim Abgleich des heutigen Zustandes mit dem historischen Foto. Hier lebten und wirkten die Knauers. Foto: Joachim Scholz 2022.<\/em><\/p><\/div>\n<p>&nbsp;<\/p>\n<div id=\"attachment_215291\" style=\"width: 810px\" class=\"wp-caption alignnone\"><a href=\"https:\/\/paulinenaue.info\/wp-content\/uploads\/2022\/06\/2022-06-12-Knauerehrung-05.jpeg\"><img decoding=\"async\" aria-describedby=\"caption-attachment-215291\" data-attachment-id=\"215291\" data-permalink=\"https:\/\/paulinenaue.info\/index.php\/andenken-an-die-gebrueder-knauer\/2022-06-12-knauerehrung-05\/\" data-orig-file=\"https:\/\/paulinenaue.info\/wp-content\/uploads\/2022\/06\/2022-06-12-Knauerehrung-05.jpeg\" data-orig-size=\"1000,667\" data-comments-opened=\"1\" data-image-meta=\"{&quot;aperture&quot;:&quot;4&quot;,&quot;credit&quot;:&quot;&quot;,&quot;camera&quot;:&quot;DSC-RX10M3&quot;,&quot;caption&quot;:&quot;&quot;,&quot;created_timestamp&quot;:&quot;1655041737&quot;,&quot;copyright&quot;:&quot;&quot;,&quot;focal_length&quot;:&quot;8.82&quot;,&quot;iso&quot;:&quot;100&quot;,&quot;shutter_speed&quot;:&quot;0.0025&quot;,&quot;title&quot;:&quot;&quot;,&quot;orientation&quot;:&quot;0&quot;}\" data-image-title=\"2022-06-12, Knauerehrung 05\" data-image-description=\"\" data-image-caption=\"&lt;p&gt;Helga Henning brachte mit dem Auto  Kulinarisches in die Wildnis. Unterst\u00fctzung erhielt sie von Annerose Quandt. &lt;\/p&gt;\n\" data-large-file=\"https:\/\/paulinenaue.info\/wp-content\/uploads\/2022\/06\/2022-06-12-Knauerehrung-05.jpeg\" class=\"lazyload size-fusion-800 wp-image-215291\" src=\"https:\/\/paulinenaue.info\/wp-content\/uploads\/2022\/06\/2022-06-12-Knauerehrung-05-800x534.jpeg\" data-orig-src=\"https:\/\/paulinenaue.info\/wp-content\/uploads\/2022\/06\/2022-06-12-Knauerehrung-05-800x534.jpeg\" alt=\"\" width=\"800\" height=\"534\" srcset=\"data:image\/svg+xml,%3Csvg%20xmlns%3D%27http%3A%2F%2Fwww.w3.org%2F2000%2Fsvg%27%20width%3D%27800%27%20height%3D%27534%27%20viewBox%3D%270%200%20800%20534%27%3E%3Crect%20width%3D%27800%27%20height%3D%27534%27%20fill-opacity%3D%220%22%2F%3E%3C%2Fsvg%3E\" data-srcset=\"https:\/\/paulinenaue.info\/wp-content\/uploads\/2022\/06\/2022-06-12-Knauerehrung-05-200x133.jpeg 200w, https:\/\/paulinenaue.info\/wp-content\/uploads\/2022\/06\/2022-06-12-Knauerehrung-05-300x200.jpeg 300w, https:\/\/paulinenaue.info\/wp-content\/uploads\/2022\/06\/2022-06-12-Knauerehrung-05-400x267.jpeg 400w, https:\/\/paulinenaue.info\/wp-content\/uploads\/2022\/06\/2022-06-12-Knauerehrung-05-600x400.jpeg 600w, https:\/\/paulinenaue.info\/wp-content\/uploads\/2022\/06\/2022-06-12-Knauerehrung-05-768x512.jpeg 768w, https:\/\/paulinenaue.info\/wp-content\/uploads\/2022\/06\/2022-06-12-Knauerehrung-05-800x534.jpeg 800w, https:\/\/paulinenaue.info\/wp-content\/uploads\/2022\/06\/2022-06-12-Knauerehrung-05.jpeg 1000w\" data-sizes=\"auto\" data-orig-sizes=\"(max-width: 800px) 100vw, 800px\" \/><\/a><p id=\"caption-attachment-215291\" class=\"wp-caption-text\"><em>Helga Henning (Mitte) brachte mit dem Auto Kulinarisches in die Wildnis. Auch um die Grabgestaltung hatte sie sich gek\u00fcmmert. Unterst\u00fctzung erhielt sie von Annerose Quandt. Foto: Joachim Scholz 2022.<\/em><\/p><\/div>\n<p>&nbsp;<\/p>\n<div id=\"attachment_215292\" style=\"width: 810px\" class=\"wp-caption alignnone\"><a href=\"https:\/\/paulinenaue.info\/wp-content\/uploads\/2022\/06\/2022-06-12-Knauerehrung-06.jpeg\"><img decoding=\"async\" aria-describedby=\"caption-attachment-215292\" data-attachment-id=\"215292\" data-permalink=\"https:\/\/paulinenaue.info\/index.php\/andenken-an-die-gebrueder-knauer\/2022-06-12-knauerehrung-06\/\" data-orig-file=\"https:\/\/paulinenaue.info\/wp-content\/uploads\/2022\/06\/2022-06-12-Knauerehrung-06.jpeg\" data-orig-size=\"1000,667\" data-comments-opened=\"1\" data-image-meta=\"{&quot;aperture&quot;:&quot;4&quot;,&quot;credit&quot;:&quot;&quot;,&quot;camera&quot;:&quot;DSC-RX10M3&quot;,&quot;caption&quot;:&quot;&quot;,&quot;created_timestamp&quot;:&quot;1655044732&quot;,&quot;copyright&quot;:&quot;&quot;,&quot;focal_length&quot;:&quot;8.8&quot;,&quot;iso&quot;:&quot;100&quot;,&quot;shutter_speed&quot;:&quot;0.00125&quot;,&quot;title&quot;:&quot;&quot;,&quot;orientation&quot;:&quot;0&quot;}\" data-image-title=\"2022-06-12, Knauerehrung 06\" data-image-description=\"\" data-image-caption=\"&lt;p&gt;Spaziergang \u00fcber die L\u00e4ndereien. Auf den ausgedehnten Fl\u00e4chen des ehemaligen Gest\u00fcts lassen sich noch heute Spuren des Wirkens der Pferdez\u00fcchter finden. Foto: Joachim Scholz 2022. &lt;\/p&gt;\n\" data-large-file=\"https:\/\/paulinenaue.info\/wp-content\/uploads\/2022\/06\/2022-06-12-Knauerehrung-06.jpeg\" class=\"lazyload size-fusion-800 wp-image-215292\" src=\"https:\/\/paulinenaue.info\/wp-content\/uploads\/2022\/06\/2022-06-12-Knauerehrung-06-800x534.jpeg\" data-orig-src=\"https:\/\/paulinenaue.info\/wp-content\/uploads\/2022\/06\/2022-06-12-Knauerehrung-06-800x534.jpeg\" alt=\"\" width=\"800\" height=\"534\" srcset=\"data:image\/svg+xml,%3Csvg%20xmlns%3D%27http%3A%2F%2Fwww.w3.org%2F2000%2Fsvg%27%20width%3D%27800%27%20height%3D%27534%27%20viewBox%3D%270%200%20800%20534%27%3E%3Crect%20width%3D%27800%27%20height%3D%27534%27%20fill-opacity%3D%220%22%2F%3E%3C%2Fsvg%3E\" data-srcset=\"https:\/\/paulinenaue.info\/wp-content\/uploads\/2022\/06\/2022-06-12-Knauerehrung-06-200x133.jpeg 200w, https:\/\/paulinenaue.info\/wp-content\/uploads\/2022\/06\/2022-06-12-Knauerehrung-06-300x200.jpeg 300w, https:\/\/paulinenaue.info\/wp-content\/uploads\/2022\/06\/2022-06-12-Knauerehrung-06-400x267.jpeg 400w, https:\/\/paulinenaue.info\/wp-content\/uploads\/2022\/06\/2022-06-12-Knauerehrung-06-600x400.jpeg 600w, https:\/\/paulinenaue.info\/wp-content\/uploads\/2022\/06\/2022-06-12-Knauerehrung-06-768x512.jpeg 768w, https:\/\/paulinenaue.info\/wp-content\/uploads\/2022\/06\/2022-06-12-Knauerehrung-06-800x534.jpeg 800w, https:\/\/paulinenaue.info\/wp-content\/uploads\/2022\/06\/2022-06-12-Knauerehrung-06.jpeg 1000w\" data-sizes=\"auto\" data-orig-sizes=\"(max-width: 800px) 100vw, 800px\" \/><\/a><p id=\"caption-attachment-215292\" class=\"wp-caption-text\"><em>Spaziergang \u00fcber die L\u00e4ndereien. Auf den ausgedehnten Fl\u00e4chen des ehemaligen Gest\u00fcts lassen sich noch heute Spuren des Wirkens der Pferdez\u00fcchter finden. Foto: Joachim Scholz 2022.<\/em><\/p><\/div>\n","protected":false},"excerpt":{"rendered":"<p>Paulinenaue feiert die Sanierung des Grabsteins der ber\u00fchmten Pferdez\u00fcchter Im [&hellip;]<\/p>\n","protected":false},"author":1,"featured_media":215289,"comment_status":"open","ping_status":"open","sticky":false,"template":"","format":"standard","meta":{"_acf_changed":false,"_price":"","_stock":"","_tribe_ticket_header":"","_tribe_default_ticket_provider":"","_tribe_ticket_capacity":"0","_ticket_start_date":"","_ticket_end_date":"","_tribe_ticket_show_description":"","_tribe_ticket_show_not_going":false,"_tribe_ticket_use_global_stock":"","_tribe_ticket_global_stock_level":"","_global_stock_mode":"","_global_stock_cap":"","_tribe_rsvp_for_event":"","_tribe_ticket_going_count":"","_tribe_ticket_not_going_count":"","_tribe_tickets_list":"[]","_tribe_ticket_has_attendee_info_fields":false,"jetpack_post_was_ever_published":false,"_jetpack_newsletter_access":"","_jetpack_dont_email_post_to_subs":false,"_jetpack_newsletter_tier_id":0,"_jetpack_memberships_contains_paywalled_content":false,"_jetpack_memberships_contains_paid_content":false,"footnotes":"","jetpack_publicize_message":"","jetpack_publicize_feature_enabled":true,"jetpack_social_post_already_shared":true,"jetpack_social_options":{"image_generator_settings":{"template":"highway","default_image_id":0,"font":"","enabled":false},"version":2}},"categories":[36,442,6,7,26,474,47,216,9,8,475,93],"tags":[123,408,476],"class_list":["post-215195","post","type-post","status-publish","format-standard","has-post-thumbnail","hentry","category-bienenfarm","category-friedhof","category-hier-zuhause","category-historie","category-kirche","category-knauers-lindenhof","category-kulturverein","category-natur","category-neuigkeiten","category-tourismus","category-trabrennsport","category-veranstaltungen","tag-gebrueder-knauer","tag-pferdesport","tag-trabrennsport"],"acf":[],"yoast_head":"<!-- This site is optimized with the Yoast SEO plugin v27.5 - https:\/\/yoast.com\/product\/yoast-seo-wordpress\/ -->\n<title>Andenken an die Gebr\u00fcder Knauer - Paulinenaue<\/title>\n<meta name=\"description\" content=\"In Paulinenaue fand zu Ehren der ber\u00fchmten Pferdez\u00fcchter Knauer eine Gedenkveranstaltung statt. Anlass war die Sanierung ihres Grabsteins.\" \/>\n<meta name=\"robots\" content=\"index, follow, max-snippet:-1, max-image-preview:large, max-video-preview:-1\" \/>\n<link rel=\"canonical\" href=\"https:\/\/paulinenaue.info\/index.php\/andenken-an-die-gebrueder-knauer\/\" \/>\n<meta property=\"og:locale\" content=\"de_DE\" \/>\n<meta property=\"og:type\" content=\"article\" \/>\n<meta property=\"og:title\" content=\"Andenken an die Gebr\u00fcder Knauer - Paulinenaue\" \/>\n<meta property=\"og:description\" content=\"In Paulinenaue fand zu Ehren der ber\u00fchmten Pferdez\u00fcchter Knauer eine Gedenkveranstaltung statt. Anlass war die Sanierung ihres Grabsteins.\" \/>\n<meta property=\"og:url\" content=\"https:\/\/paulinenaue.info\/index.php\/andenken-an-die-gebrueder-knauer\/\" \/>\n<meta property=\"og:site_name\" content=\"Paulinenaue\" \/>\n<meta property=\"article:published_time\" content=\"2022-06-12T21:52:17+00:00\" \/>\n<meta property=\"article:modified_time\" content=\"2024-06-06T22:45:21+00:00\" \/>\n<meta property=\"og:image\" content=\"https:\/\/paulinenaue.info\/wp-content\/uploads\/2022\/06\/2022-06-12-Knauerehrung-03.jpeg\" \/>\n\t<meta property=\"og:image:width\" content=\"1000\" \/>\n\t<meta property=\"og:image:height\" content=\"667\" \/>\n\t<meta property=\"og:image:type\" content=\"image\/jpeg\" \/>\n<meta name=\"author\" content=\"Joachim Scholz\" \/>\n<meta name=\"twitter:card\" content=\"summary_large_image\" \/>\n<meta name=\"twitter:label1\" content=\"Verfasst von\" \/>\n\t<meta name=\"twitter:data1\" content=\"Joachim Scholz\" \/>\n\t<meta name=\"twitter:label2\" content=\"Gesch\u00e4tzte Lesezeit\" \/>\n\t<meta name=\"twitter:data2\" content=\"5\u00a0Minuten\" \/>\n<script type=\"application\/ld+json\" class=\"yoast-schema-graph\">{\"@context\":\"https:\\\/\\\/schema.org\",\"@graph\":[{\"@type\":\"Article\",\"@id\":\"https:\\\/\\\/paulinenaue.info\\\/index.php\\\/andenken-an-die-gebrueder-knauer\\\/#article\",\"isPartOf\":{\"@id\":\"https:\\\/\\\/paulinenaue.info\\\/index.php\\\/andenken-an-die-gebrueder-knauer\\\/\"},\"author\":{\"name\":\"Joachim Scholz\",\"@id\":\"https:\\\/\\\/paulinenaue.info\\\/#\\\/schema\\\/person\\\/3f9e818fd7b69b0d2bd937ac506897cc\"},\"headline\":\"Andenken an die Gebr\u00fcder Knauer\",\"datePublished\":\"2022-06-12T21:52:17+00:00\",\"dateModified\":\"2024-06-06T22:45:21+00:00\",\"mainEntityOfPage\":{\"@id\":\"https:\\\/\\\/paulinenaue.info\\\/index.php\\\/andenken-an-die-gebrueder-knauer\\\/\"},\"wordCount\":728,\"commentCount\":0,\"image\":{\"@id\":\"https:\\\/\\\/paulinenaue.info\\\/index.php\\\/andenken-an-die-gebrueder-knauer\\\/#primaryimage\"},\"thumbnailUrl\":\"https:\\\/\\\/paulinenaue.info\\\/wp-content\\\/uploads\\\/2022\\\/06\\\/2022-06-12-Knauerehrung-03.jpeg\",\"keywords\":[\"Gebr\u00fcder Knauer\",\"Pferdesport\",\"Trabrennsport\"],\"articleSection\":[\"Bienenfarm\",\"Friedhof\",\"Hier Zuhause\",\"Historie\",\"Kirche\",\"Knauers Lindenhof\",\"Kulturverein\",\"Natur\",\"Neuigkeiten\",\"Tourismus\",\"Trabrennsport\",\"Veranstaltungen\"],\"inLanguage\":\"de\",\"potentialAction\":[{\"@type\":\"CommentAction\",\"name\":\"Comment\",\"target\":[\"https:\\\/\\\/paulinenaue.info\\\/index.php\\\/andenken-an-die-gebrueder-knauer\\\/#respond\"]}]},{\"@type\":\"WebPage\",\"@id\":\"https:\\\/\\\/paulinenaue.info\\\/index.php\\\/andenken-an-die-gebrueder-knauer\\\/\",\"url\":\"https:\\\/\\\/paulinenaue.info\\\/index.php\\\/andenken-an-die-gebrueder-knauer\\\/\",\"name\":\"Andenken an die Gebr\u00fcder Knauer - Paulinenaue\",\"isPartOf\":{\"@id\":\"https:\\\/\\\/paulinenaue.info\\\/#website\"},\"primaryImageOfPage\":{\"@id\":\"https:\\\/\\\/paulinenaue.info\\\/index.php\\\/andenken-an-die-gebrueder-knauer\\\/#primaryimage\"},\"image\":{\"@id\":\"https:\\\/\\\/paulinenaue.info\\\/index.php\\\/andenken-an-die-gebrueder-knauer\\\/#primaryimage\"},\"thumbnailUrl\":\"https:\\\/\\\/paulinenaue.info\\\/wp-content\\\/uploads\\\/2022\\\/06\\\/2022-06-12-Knauerehrung-03.jpeg\",\"datePublished\":\"2022-06-12T21:52:17+00:00\",\"dateModified\":\"2024-06-06T22:45:21+00:00\",\"author\":{\"@id\":\"https:\\\/\\\/paulinenaue.info\\\/#\\\/schema\\\/person\\\/3f9e818fd7b69b0d2bd937ac506897cc\"},\"description\":\"In Paulinenaue fand zu Ehren der ber\u00fchmten Pferdez\u00fcchter Knauer eine Gedenkveranstaltung statt. Anlass war die Sanierung ihres Grabsteins.\",\"breadcrumb\":{\"@id\":\"https:\\\/\\\/paulinenaue.info\\\/index.php\\\/andenken-an-die-gebrueder-knauer\\\/#breadcrumb\"},\"inLanguage\":\"de\",\"potentialAction\":[{\"@type\":\"ReadAction\",\"target\":[\"https:\\\/\\\/paulinenaue.info\\\/index.php\\\/andenken-an-die-gebrueder-knauer\\\/\"]}]},{\"@type\":\"ImageObject\",\"inLanguage\":\"de\",\"@id\":\"https:\\\/\\\/paulinenaue.info\\\/index.php\\\/andenken-an-die-gebrueder-knauer\\\/#primaryimage\",\"url\":\"https:\\\/\\\/paulinenaue.info\\\/wp-content\\\/uploads\\\/2022\\\/06\\\/2022-06-12-Knauerehrung-03.jpeg\",\"contentUrl\":\"https:\\\/\\\/paulinenaue.info\\\/wp-content\\\/uploads\\\/2022\\\/06\\\/2022-06-12-Knauerehrung-03.jpeg\",\"width\":1000,\"height\":667,\"caption\":\"Christian Ziegener legt f\u00fcr den Verein \u201eHall of Fame\u201c einen Kranz zu Ehren der ber\u00fchmten Paulinenauer Pferdez\u00fcchter nieder. Der Verein beteiligte sich mit einer gro\u00dfz\u00fcgigen Spende an der Sanierung des Steins.\"},{\"@type\":\"BreadcrumbList\",\"@id\":\"https:\\\/\\\/paulinenaue.info\\\/index.php\\\/andenken-an-die-gebrueder-knauer\\\/#breadcrumb\",\"itemListElement\":[{\"@type\":\"ListItem\",\"position\":1,\"name\":\"Home\",\"item\":\"https:\\\/\\\/paulinenaue.info\\\/\"},{\"@type\":\"ListItem\",\"position\":2,\"name\":\"Andenken an die Gebr\u00fcder Knauer\"}]},{\"@type\":\"WebSite\",\"@id\":\"https:\\\/\\\/paulinenaue.info\\\/#website\",\"url\":\"https:\\\/\\\/paulinenaue.info\\\/\",\"name\":\"Paulinenaue\",\"description\":\"Ein Dorf im Havelland\",\"potentialAction\":[{\"@type\":\"SearchAction\",\"target\":{\"@type\":\"EntryPoint\",\"urlTemplate\":\"https:\\\/\\\/paulinenaue.info\\\/?s={search_term_string}\"},\"query-input\":{\"@type\":\"PropertyValueSpecification\",\"valueRequired\":true,\"valueName\":\"search_term_string\"}}],\"inLanguage\":\"de\"},{\"@type\":\"Person\",\"@id\":\"https:\\\/\\\/paulinenaue.info\\\/#\\\/schema\\\/person\\\/3f9e818fd7b69b0d2bd937ac506897cc\",\"name\":\"Joachim Scholz\",\"url\":\"https:\\\/\\\/paulinenaue.info\\\/index.php\\\/author\\\/jjscholz\\\/\"}]}<\/script>\n<!-- \/ Yoast SEO plugin. -->","yoast_head_json":{"title":"Andenken an die Gebr\u00fcder Knauer - Paulinenaue","description":"In Paulinenaue fand zu Ehren der ber\u00fchmten Pferdez\u00fcchter Knauer eine Gedenkveranstaltung statt. Anlass war die Sanierung ihres Grabsteins.","robots":{"index":"index","follow":"follow","max-snippet":"max-snippet:-1","max-image-preview":"max-image-preview:large","max-video-preview":"max-video-preview:-1"},"canonical":"https:\/\/paulinenaue.info\/index.php\/andenken-an-die-gebrueder-knauer\/","og_locale":"de_DE","og_type":"article","og_title":"Andenken an die Gebr\u00fcder Knauer - Paulinenaue","og_description":"In Paulinenaue fand zu Ehren der ber\u00fchmten Pferdez\u00fcchter Knauer eine Gedenkveranstaltung statt. Anlass war die Sanierung ihres Grabsteins.","og_url":"https:\/\/paulinenaue.info\/index.php\/andenken-an-die-gebrueder-knauer\/","og_site_name":"Paulinenaue","article_published_time":"2022-06-12T21:52:17+00:00","article_modified_time":"2024-06-06T22:45:21+00:00","og_image":[{"width":1000,"height":667,"url":"https:\/\/paulinenaue.info\/wp-content\/uploads\/2022\/06\/2022-06-12-Knauerehrung-03.jpeg","type":"image\/jpeg"}],"author":"Joachim Scholz","twitter_card":"summary_large_image","twitter_misc":{"Verfasst von":"Joachim Scholz","Gesch\u00e4tzte Lesezeit":"5\u00a0Minuten"},"schema":{"@context":"https:\/\/schema.org","@graph":[{"@type":"Article","@id":"https:\/\/paulinenaue.info\/index.php\/andenken-an-die-gebrueder-knauer\/#article","isPartOf":{"@id":"https:\/\/paulinenaue.info\/index.php\/andenken-an-die-gebrueder-knauer\/"},"author":{"name":"Joachim Scholz","@id":"https:\/\/paulinenaue.info\/#\/schema\/person\/3f9e818fd7b69b0d2bd937ac506897cc"},"headline":"Andenken an die Gebr\u00fcder Knauer","datePublished":"2022-06-12T21:52:17+00:00","dateModified":"2024-06-06T22:45:21+00:00","mainEntityOfPage":{"@id":"https:\/\/paulinenaue.info\/index.php\/andenken-an-die-gebrueder-knauer\/"},"wordCount":728,"commentCount":0,"image":{"@id":"https:\/\/paulinenaue.info\/index.php\/andenken-an-die-gebrueder-knauer\/#primaryimage"},"thumbnailUrl":"https:\/\/paulinenaue.info\/wp-content\/uploads\/2022\/06\/2022-06-12-Knauerehrung-03.jpeg","keywords":["Gebr\u00fcder Knauer","Pferdesport","Trabrennsport"],"articleSection":["Bienenfarm","Friedhof","Hier Zuhause","Historie","Kirche","Knauers Lindenhof","Kulturverein","Natur","Neuigkeiten","Tourismus","Trabrennsport","Veranstaltungen"],"inLanguage":"de","potentialAction":[{"@type":"CommentAction","name":"Comment","target":["https:\/\/paulinenaue.info\/index.php\/andenken-an-die-gebrueder-knauer\/#respond"]}]},{"@type":"WebPage","@id":"https:\/\/paulinenaue.info\/index.php\/andenken-an-die-gebrueder-knauer\/","url":"https:\/\/paulinenaue.info\/index.php\/andenken-an-die-gebrueder-knauer\/","name":"Andenken an die Gebr\u00fcder Knauer - Paulinenaue","isPartOf":{"@id":"https:\/\/paulinenaue.info\/#website"},"primaryImageOfPage":{"@id":"https:\/\/paulinenaue.info\/index.php\/andenken-an-die-gebrueder-knauer\/#primaryimage"},"image":{"@id":"https:\/\/paulinenaue.info\/index.php\/andenken-an-die-gebrueder-knauer\/#primaryimage"},"thumbnailUrl":"https:\/\/paulinenaue.info\/wp-content\/uploads\/2022\/06\/2022-06-12-Knauerehrung-03.jpeg","datePublished":"2022-06-12T21:52:17+00:00","dateModified":"2024-06-06T22:45:21+00:00","author":{"@id":"https:\/\/paulinenaue.info\/#\/schema\/person\/3f9e818fd7b69b0d2bd937ac506897cc"},"description":"In Paulinenaue fand zu Ehren der ber\u00fchmten Pferdez\u00fcchter Knauer eine Gedenkveranstaltung statt. Anlass war die Sanierung ihres Grabsteins.","breadcrumb":{"@id":"https:\/\/paulinenaue.info\/index.php\/andenken-an-die-gebrueder-knauer\/#breadcrumb"},"inLanguage":"de","potentialAction":[{"@type":"ReadAction","target":["https:\/\/paulinenaue.info\/index.php\/andenken-an-die-gebrueder-knauer\/"]}]},{"@type":"ImageObject","inLanguage":"de","@id":"https:\/\/paulinenaue.info\/index.php\/andenken-an-die-gebrueder-knauer\/#primaryimage","url":"https:\/\/paulinenaue.info\/wp-content\/uploads\/2022\/06\/2022-06-12-Knauerehrung-03.jpeg","contentUrl":"https:\/\/paulinenaue.info\/wp-content\/uploads\/2022\/06\/2022-06-12-Knauerehrung-03.jpeg","width":1000,"height":667,"caption":"Christian Ziegener legt f\u00fcr den Verein \u201eHall of Fame\u201c einen Kranz zu Ehren der ber\u00fchmten Paulinenauer Pferdez\u00fcchter nieder. Der Verein beteiligte sich mit einer gro\u00dfz\u00fcgigen Spende an der Sanierung des Steins."},{"@type":"BreadcrumbList","@id":"https:\/\/paulinenaue.info\/index.php\/andenken-an-die-gebrueder-knauer\/#breadcrumb","itemListElement":[{"@type":"ListItem","position":1,"name":"Home","item":"https:\/\/paulinenaue.info\/"},{"@type":"ListItem","position":2,"name":"Andenken an die Gebr\u00fcder Knauer"}]},{"@type":"WebSite","@id":"https:\/\/paulinenaue.info\/#website","url":"https:\/\/paulinenaue.info\/","name":"Paulinenaue","description":"Ein Dorf im Havelland","potentialAction":[{"@type":"SearchAction","target":{"@type":"EntryPoint","urlTemplate":"https:\/\/paulinenaue.info\/?s={search_term_string}"},"query-input":{"@type":"PropertyValueSpecification","valueRequired":true,"valueName":"search_term_string"}}],"inLanguage":"de"},{"@type":"Person","@id":"https:\/\/paulinenaue.info\/#\/schema\/person\/3f9e818fd7b69b0d2bd937ac506897cc","name":"Joachim Scholz","url":"https:\/\/paulinenaue.info\/index.php\/author\/jjscholz\/"}]}},"jetpack_publicize_connections":[],"jetpack_featured_media_url":"https:\/\/paulinenaue.info\/wp-content\/uploads\/2022\/06\/2022-06-12-Knauerehrung-03.jpeg","jetpack_sharing_enabled":true,"jetpack_shortlink":"https:\/\/wp.me\/pcYhWA-TYT","jetpack-related-posts":[{"id":6135,"url":"https:\/\/paulinenaue.info\/index.php\/spendenaufruf-fuer-das-grab-der-gebrueder-knauer\/","url_meta":{"origin":215195,"position":0},"title":"Spendenaufruf f\u00fcr das Grab der Gebr\u00fcder Knauer","author":"Joachim Scholz","date":"23. Oktober 2021","format":false,"excerpt":"","rel":"","context":"In &quot;Historie&quot;","block_context":{"text":"Historie","link":"https:\/\/paulinenaue.info\/index.php\/category\/historie\/"},"img":{"alt_text":"Grab der Gebr\u00fcder Knauer","src":"https:\/\/i0.wp.com\/paulinenaue.info\/wp-content\/uploads\/2021\/10\/2021-09-18-Grab-Knauers.jpg?resize=350%2C200&ssl=1","width":350,"height":200,"srcset":"https:\/\/i0.wp.com\/paulinenaue.info\/wp-content\/uploads\/2021\/10\/2021-09-18-Grab-Knauers.jpg?resize=350%2C200&ssl=1 1x, https:\/\/i0.wp.com\/paulinenaue.info\/wp-content\/uploads\/2021\/10\/2021-09-18-Grab-Knauers.jpg?resize=525%2C300&ssl=1 1.5x, https:\/\/i0.wp.com\/paulinenaue.info\/wp-content\/uploads\/2021\/10\/2021-09-18-Grab-Knauers.jpg?resize=700%2C400&ssl=1 2x"},"classes":[]},{"id":416666,"url":"https:\/\/paulinenaue.info\/index.php\/arthur-knauer-150-jahre\/","url_meta":{"origin":215195,"position":1},"title":"Arthur Knauer \u2013\u00a0150 Jahre","author":"Joachim Scholz","date":"28. Juli 2024","format":false,"excerpt":"Unter den wenigen Paulinenauer Ber\u00fchmtheiten rangiert er weit vorn \u2013\u00a0und das, ohne Wissenschaftler gewesen zu sein! Die Rede ist von Arthur Knauer (1874\u20131964), der zur Zeit des Ersten Weltkrieges gemeinsam mit seinem Bruder Carl aus Berlin kommend in unser Dorf \u00fcbersiedelte, um auf dem frisch urbar gemachten Luchland eine Pferdezucht\u2026","rel":"","context":"In &quot;Ehrenamt&quot;","block_context":{"text":"Ehrenamt","link":"https:\/\/paulinenaue.info\/index.php\/category\/ehrenamt\/"},"img":{"alt_text":"","src":"https:\/\/i0.wp.com\/paulinenaue.info\/wp-content\/uploads\/2024\/07\/2024-07-28-Knauergrab-01.jpeg?resize=350%2C200&ssl=1","width":350,"height":200,"srcset":"https:\/\/i0.wp.com\/paulinenaue.info\/wp-content\/uploads\/2024\/07\/2024-07-28-Knauergrab-01.jpeg?resize=350%2C200&ssl=1 1x, https:\/\/i0.wp.com\/paulinenaue.info\/wp-content\/uploads\/2024\/07\/2024-07-28-Knauergrab-01.jpeg?resize=525%2C300&ssl=1 1.5x, https:\/\/i0.wp.com\/paulinenaue.info\/wp-content\/uploads\/2024\/07\/2024-07-28-Knauergrab-01.jpeg?resize=700%2C400&ssl=1 2x"},"classes":[]},{"id":415648,"url":"https:\/\/paulinenaue.info\/index.php\/erweiterung-des-ortshistorischen-archivs\/","url_meta":{"origin":215195,"position":2},"title":"Erweiterung des ortshistorischen Archivs","author":"Joachim Scholz","date":"27. Dezember 2023","format":false,"excerpt":"Kulturverein erh\u00e4lt wertvolles Quellenmaterial zu den Gebr\u00fcdern Knauer Es gibt Spezialgebiete des Wissens und die dazu geh\u00f6renden Spezialisten. Das ist nicht nur in den Wissenschaften so, sondern auch im Pferdesport. Interessiert man sich zum Beispiel f\u00fcr die Geschichte des deutschen Trabrennsports, kommt man an Karl Dold nicht vorbei. \u00dcber Umwege\u2026","rel":"","context":"In &quot;Dorfentwicklung&quot;","block_context":{"text":"Dorfentwicklung","link":"https:\/\/paulinenaue.info\/index.php\/category\/dorfentwicklung\/"},"img":{"alt_text":"","src":"https:\/\/i0.wp.com\/paulinenaue.info\/wp-content\/uploads\/2023\/12\/1910-ca-Arthur-Knauer-Zeichnung-scaled.jpg?resize=350%2C200&ssl=1","width":350,"height":200,"srcset":"https:\/\/i0.wp.com\/paulinenaue.info\/wp-content\/uploads\/2023\/12\/1910-ca-Arthur-Knauer-Zeichnung-scaled.jpg?resize=350%2C200&ssl=1 1x, https:\/\/i0.wp.com\/paulinenaue.info\/wp-content\/uploads\/2023\/12\/1910-ca-Arthur-Knauer-Zeichnung-scaled.jpg?resize=525%2C300&ssl=1 1.5x, https:\/\/i0.wp.com\/paulinenaue.info\/wp-content\/uploads\/2023\/12\/1910-ca-Arthur-Knauer-Zeichnung-scaled.jpg?resize=700%2C400&ssl=1 2x, https:\/\/i0.wp.com\/paulinenaue.info\/wp-content\/uploads\/2023\/12\/1910-ca-Arthur-Knauer-Zeichnung-scaled.jpg?resize=1050%2C600&ssl=1 3x, https:\/\/i0.wp.com\/paulinenaue.info\/wp-content\/uploads\/2023\/12\/1910-ca-Arthur-Knauer-Zeichnung-scaled.jpg?resize=1400%2C800&ssl=1 4x"},"classes":[]},{"id":415702,"url":"https:\/\/paulinenaue.info\/index.php\/ehrengraeber-auf-dem-paulinenauer-friedhof\/","url_meta":{"origin":215195,"position":3},"title":"Ehrengr\u00e4ber auf dem Paulinenauer Friedhof","author":"Joachim Scholz","date":"14. Januar 2024","format":false,"excerpt":"Er ist einer der wenigen \u00f6ffentlichen Orte in Paulinenaue, an dem man zugleich etwas Sinnvolles tun, Leute treffen, sich erz\u00e4hlen und vielleicht sogar erholen kann: unser Friedhof. Selbst wenn niemand hier gerade harkt und hegt, ist man auf dem Friedhof Verwandten, Nachbarn und Freunden nah. Je l\u00e4nger man lebt, desto\u2026","rel":"","context":"In &quot;Dorfentwicklung&quot;","block_context":{"text":"Dorfentwicklung","link":"https:\/\/paulinenaue.info\/index.php\/category\/dorfentwicklung\/"},"img":{"alt_text":"","src":"https:\/\/i0.wp.com\/paulinenaue.info\/wp-content\/uploads\/2024\/01\/2021-09-18-Grabstelle-Ramsauer.jpeg?resize=350%2C200&ssl=1","width":350,"height":200,"srcset":"https:\/\/i0.wp.com\/paulinenaue.info\/wp-content\/uploads\/2024\/01\/2021-09-18-Grabstelle-Ramsauer.jpeg?resize=350%2C200&ssl=1 1x, https:\/\/i0.wp.com\/paulinenaue.info\/wp-content\/uploads\/2024\/01\/2021-09-18-Grabstelle-Ramsauer.jpeg?resize=525%2C300&ssl=1 1.5x, https:\/\/i0.wp.com\/paulinenaue.info\/wp-content\/uploads\/2024\/01\/2021-09-18-Grabstelle-Ramsauer.jpeg?resize=700%2C400&ssl=1 2x"},"classes":[]},{"id":900,"url":"https:\/\/paulinenaue.info\/index.php\/der-lindenhof-das-legendaere-gestuet-der-brueder-knauer-seltene-fotografien-aus-dem-jahre-1960\/","url_meta":{"origin":215195,"position":4},"title":"Der Lindenhof &#8211; das legend\u00e4re Gest\u00fct der Br\u00fcder Knauer. Seltene Fotografien aus dem Jahre 1960","author":"Sarah","date":"31. Januar 2004","format":false,"excerpt":"Text: Joachim Scholz (2004), Fotos: Manfred H\u00e4nsch (1960) Seit 1916 und bis in die 70er-Jahre des letzten Jahrhunderts bestand am Nordrand des Lindholzes hinter dem Kanal das von Carl und Arthur Knauer bewirtschaftete Gest\u00fct \u201eLindenhof\u201c. Durch kluge Zucht und als Ergebnis der Importpolitik beider Br\u00fcder brachte der Knauersche Hof bis\u2026","rel":"","context":"In &quot;Allgemein&quot;","block_context":{"text":"Allgemein","link":"https:\/\/paulinenaue.info\/index.php\/category\/allgemein\/"},"img":{"alt_text":"Knauerhof 1960","src":"https:\/\/i0.wp.com\/paulinenaue.info\/wp-content\/uploads\/2017\/06\/1960-Fru%CC%88hjahr-Knauerhof-Hengst-Ewald-01.jpg?resize=350%2C200&ssl=1","width":350,"height":200,"srcset":"https:\/\/i0.wp.com\/paulinenaue.info\/wp-content\/uploads\/2017\/06\/1960-Fru%CC%88hjahr-Knauerhof-Hengst-Ewald-01.jpg?resize=350%2C200&ssl=1 1x, https:\/\/i0.wp.com\/paulinenaue.info\/wp-content\/uploads\/2017\/06\/1960-Fru%CC%88hjahr-Knauerhof-Hengst-Ewald-01.jpg?resize=525%2C300&ssl=1 1.5x, https:\/\/i0.wp.com\/paulinenaue.info\/wp-content\/uploads\/2017\/06\/1960-Fru%CC%88hjahr-Knauerhof-Hengst-Ewald-01.jpg?resize=700%2C400&ssl=1 2x"},"classes":[]},{"id":6791,"url":"https:\/\/paulinenaue.info\/index.php\/in-arbeit-der-knauergrabstein\/","url_meta":{"origin":215195,"position":5},"title":"In Arbeit \u2013 Der Knauergrabstein wird saniert","author":"Joachim Scholz","date":"28. Januar 2022","format":false,"excerpt":"Manchem Friedhofsbesucher wird am letzten Wochenende aufgefallen sein, dass pl\u00f6tzlich ein Grab auf dem Paulinenauer Friedhof fehlte, oder besser: ein Grabstein. Wo bis vor kurzem der tonnenschwere Granitfindling stand, unter dem die Gebr\u00fcder Knauer und ihre Haush\u00e4lterin vor Jahrzehnten ihre letzte Ruhest\u00e4tte gefunden haben, tut sich ein klaffendes Loch auf.\u2026","rel":"","context":"In &quot;Friedhof&quot;","block_context":{"text":"Friedhof","link":"https:\/\/paulinenaue.info\/index.php\/category\/friedhof\/"},"img":{"alt_text":"","src":"https:\/\/i0.wp.com\/paulinenaue.info\/wp-content\/uploads\/2022\/01\/2022-01-27-Knauer-Grabstein-04.jpg?resize=350%2C200&ssl=1","width":350,"height":200,"srcset":"https:\/\/i0.wp.com\/paulinenaue.info\/wp-content\/uploads\/2022\/01\/2022-01-27-Knauer-Grabstein-04.jpg?resize=350%2C200&ssl=1 1x, https:\/\/i0.wp.com\/paulinenaue.info\/wp-content\/uploads\/2022\/01\/2022-01-27-Knauer-Grabstein-04.jpg?resize=525%2C300&ssl=1 1.5x, https:\/\/i0.wp.com\/paulinenaue.info\/wp-content\/uploads\/2022\/01\/2022-01-27-Knauer-Grabstein-04.jpg?resize=700%2C400&ssl=1 2x"},"classes":[]}],"_links":{"self":[{"href":"https:\/\/paulinenaue.info\/index.php\/wp-json\/wp\/v2\/posts\/215195","targetHints":{"allow":["GET"]}}],"collection":[{"href":"https:\/\/paulinenaue.info\/index.php\/wp-json\/wp\/v2\/posts"}],"about":[{"href":"https:\/\/paulinenaue.info\/index.php\/wp-json\/wp\/v2\/types\/post"}],"author":[{"embeddable":true,"href":"https:\/\/paulinenaue.info\/index.php\/wp-json\/wp\/v2\/users\/1"}],"replies":[{"embeddable":true,"href":"https:\/\/paulinenaue.info\/index.php\/wp-json\/wp\/v2\/comments?post=215195"}],"version-history":[{"count":56,"href":"https:\/\/paulinenaue.info\/index.php\/wp-json\/wp\/v2\/posts\/215195\/revisions"}],"predecessor-version":[{"id":416488,"href":"https:\/\/paulinenaue.info\/index.php\/wp-json\/wp\/v2\/posts\/215195\/revisions\/416488"}],"wp:featuredmedia":[{"embeddable":true,"href":"https:\/\/paulinenaue.info\/index.php\/wp-json\/wp\/v2\/media\/215289"}],"wp:attachment":[{"href":"https:\/\/paulinenaue.info\/index.php\/wp-json\/wp\/v2\/media?parent=215195"}],"wp:term":[{"taxonomy":"category","embeddable":true,"href":"https:\/\/paulinenaue.info\/index.php\/wp-json\/wp\/v2\/categories?post=215195"},{"taxonomy":"post_tag","embeddable":true,"href":"https:\/\/paulinenaue.info\/index.php\/wp-json\/wp\/v2\/tags?post=215195"}],"curies":[{"name":"wp","href":"https:\/\/api.w.org\/{rel}","templated":true}]}}