{"id":2285,"date":"2018-08-22T22:58:55","date_gmt":"2018-08-22T20:58:55","guid":{"rendered":"http:\/\/paulinenaue.info\/?p=2285"},"modified":"2018-09-03T21:51:03","modified_gmt":"2018-09-03T19:51:03","slug":"super-schnelle-vorbeifahrten","status":"publish","type":"post","link":"https:\/\/paulinenaue.info\/index.php\/super-schnelle-vorbeifahrten\/","title":{"rendered":"\u201eSchnelle Vorbeifahrten\u201c"},"content":{"rendered":"\r\n<h2 class=\"wp-block-heading\">Ein Landart-Parcour zum Kanaljubil\u00e4um und ein Fest f\u00fcr den Bahnhof<\/h2>\r\n\r\n\r\n\r\n<p>Ein Kulturereignis dieses Formates hat es in Paulinenaue noch nicht gegeben. Was noch vor zwei Jahren, als der Ausstellungsmacher R\u00fcdiger Stern zusammen mit dem Theaterschaffenden Stefan Bischoff die \u201eSchnellen Vorbeifahrten\u201c im kleinen Rahmen in seinem Atelierhaus ins Leben rief, bereits das Interesse mancher Paulinenauer auf sich zog, hat sich im zweiten Durchlauf zu einer gro\u00dfen Sache f\u00fcr das Dorf und die n\u00e4here und weitere Umgebung entwickelt.<\/p>\r\n\r\n\r\n\r\n<figure class=\"wp-block-image\"><img decoding=\"async\" width=\"2000\" height=\"1333\" data-attachment-id=\"2292\" data-permalink=\"https:\/\/paulinenaue.info\/index.php\/super-schnelle-vorbeifahrten\/dsc02555\/\" data-orig-file=\"https:\/\/paulinenaue.info\/wp-content\/uploads\/2018\/08\/DSC02555.jpg\" data-orig-size=\"2000,1333\" data-comments-opened=\"1\" data-image-meta=\"{&quot;aperture&quot;:&quot;4&quot;,&quot;credit&quot;:&quot;&quot;,&quot;camera&quot;:&quot;DSC-RX10&quot;,&quot;caption&quot;:&quot;&quot;,&quot;created_timestamp&quot;:&quot;1534604416&quot;,&quot;copyright&quot;:&quot;&quot;,&quot;focal_length&quot;:&quot;22.4&quot;,&quot;iso&quot;:&quot;125&quot;,&quot;shutter_speed&quot;:&quot;0.0025&quot;,&quot;title&quot;:&quot;&quot;,&quot;orientation&quot;:&quot;1&quot;}\" data-image-title=\"DSC02555\" data-image-description=\"\" data-image-caption=\"\" data-large-file=\"https:\/\/paulinenaue.info\/wp-content\/uploads\/2018\/08\/DSC02555-1024x682.jpg\" class=\"lazyload wp-image-2292\" src=\"https:\/\/paulinenaue.info\/wp-content\/uploads\/2018\/08\/DSC02555.jpg\" data-orig-src=\"https:\/\/paulinenaue.info\/wp-content\/uploads\/2018\/08\/DSC02555.jpg\" alt=\"\" srcset=\"data:image\/svg+xml,%3Csvg%20xmlns%3D%27http%3A%2F%2Fwww.w3.org%2F2000%2Fsvg%27%20width%3D%272000%27%20height%3D%271333%27%20viewBox%3D%270%200%202000%201333%27%3E%3Crect%20width%3D%272000%27%20height%3D%271333%27%20fill-opacity%3D%220%22%2F%3E%3C%2Fsvg%3E\" data-srcset=\"https:\/\/paulinenaue.info\/wp-content\/uploads\/2018\/08\/DSC02555-272x182.jpg 272w, https:\/\/paulinenaue.info\/wp-content\/uploads\/2018\/08\/DSC02555-300x200.jpg 300w, https:\/\/paulinenaue.info\/wp-content\/uploads\/2018\/08\/DSC02555-600x400.jpg 600w, https:\/\/paulinenaue.info\/wp-content\/uploads\/2018\/08\/DSC02555-768x512.jpg 768w, https:\/\/paulinenaue.info\/wp-content\/uploads\/2018\/08\/DSC02555-958x639.jpg 958w, https:\/\/paulinenaue.info\/wp-content\/uploads\/2018\/08\/DSC02555-1024x682.jpg 1024w, https:\/\/paulinenaue.info\/wp-content\/uploads\/2018\/08\/DSC02555.jpg 2000w\" data-sizes=\"auto\" data-orig-sizes=\"(max-width: 2000px) 100vw, 2000px\" \/>\r\n<figcaption>Stefan Bischoff erl\u00e4utert seine Arbeit \u201eDie Paulinen\u201c im Schaukasten der Gemeinde. <br \/>Foto: J. Scholz, 2018\u00a0<br \/><br \/><\/figcaption>\r\n<\/figure>\r\n\r\n\r\n\r\n<figure class=\"wp-block-image\"><img decoding=\"async\" data-attachment-id=\"2287\" data-permalink=\"https:\/\/paulinenaue.info\/index.php\/super-schnelle-vorbeifahrten\/dsc02774\/\" data-orig-file=\"https:\/\/paulinenaue.info\/wp-content\/uploads\/2018\/08\/DSC02774.jpg\" data-orig-size=\"2000,1333\" data-comments-opened=\"1\" data-image-meta=\"{&quot;aperture&quot;:&quot;4&quot;,&quot;credit&quot;:&quot;&quot;,&quot;camera&quot;:&quot;DSC-RX10&quot;,&quot;caption&quot;:&quot;&quot;,&quot;created_timestamp&quot;:&quot;1534670045&quot;,&quot;copyright&quot;:&quot;&quot;,&quot;focal_length&quot;:&quot;8.8&quot;,&quot;iso&quot;:&quot;320&quot;,&quot;shutter_speed&quot;:&quot;0.005&quot;,&quot;title&quot;:&quot;&quot;,&quot;orientation&quot;:&quot;1&quot;}\" data-image-title=\"DSC02774\" data-image-description=\"\" data-image-caption=\"\" data-large-file=\"https:\/\/paulinenaue.info\/wp-content\/uploads\/2018\/08\/DSC02774-1024x682.jpg\" class=\"lazyload wp-image-2287\" src=\"data:image\/svg+xml,%3Csvg%20xmlns%3D%27http%3A%2F%2Fwww.w3.org%2F2000%2Fsvg%27%20width%3D%27734%27%20height%3D%27551%27%20viewBox%3D%270%200%20734%20551%27%3E%3Crect%20width%3D%27734%27%20height%3D%27551%27%20fill-opacity%3D%220%22%2F%3E%3C%2Fsvg%3E\" data-orig-src=\"https:\/\/paulinenaue.info\/wp-content\/uploads\/2018\/08\/Healing01-1024x768.jpg\" alt=\"\" width=\"734\" height=\"551\" \/>\r\n<figcaption>Interaktive Land-Art Intervention \u201eHealing\u201c, R\u00fcdiger Stern<br \/><br \/><\/figcaption>\r\n<\/figure>\r\n\r\n\r\n\r\n<p>An zwei Tagen konnten am zur\u00fcckliegenden Wochenende G\u00e4ste aus nah und fern einen Kulturspaziergang\u00a0 erleben, auf dem zehn internationale K\u00fcnstlerinnen und K\u00fcnstler \u2013 viele von ihnen aus der Schweiz \u2013 ihre Werke entlang des Havell\u00e4ndischen Hauptkanals ausstellten. Zu bestaunen war so einiges am Ufer oder inmitten des in diesem Jahr 300 Jahre alten Wasserbauwerkes. Etwa ein \u00fcbergro\u00dfes Papierschiffchen, das auf dem Wasser schwamm und auf unwirklich sch\u00f6ne Weise Eindruck machte (Eliane Rutishauser), eine skurrile Figur aus Edelstahl (Axel Anklam), Experimente mit Farben, Formen und interaktiven Elementen (z.B. R\u00fcdiger Stern, Valentina Berthelon), die Vertrautes aufnahmen und verfremdeten und dem sonst etwas zu linear und eint\u00f6nig erscheinenden Kanal sozusagen ein Geburtstagskleid verpassten.<\/p>\r\n<p>&nbsp;<\/p>\r\n\r\n\r\n\r\n<figure class=\"wp-block-image\"><img decoding=\"async\" data-attachment-id=\"2287\" data-permalink=\"https:\/\/paulinenaue.info\/index.php\/super-schnelle-vorbeifahrten\/dsc02774\/\" data-orig-file=\"https:\/\/paulinenaue.info\/wp-content\/uploads\/2018\/08\/DSC02774.jpg\" data-orig-size=\"2000,1333\" data-comments-opened=\"1\" data-image-meta=\"{&quot;aperture&quot;:&quot;4&quot;,&quot;credit&quot;:&quot;&quot;,&quot;camera&quot;:&quot;DSC-RX10&quot;,&quot;caption&quot;:&quot;&quot;,&quot;created_timestamp&quot;:&quot;1534670045&quot;,&quot;copyright&quot;:&quot;&quot;,&quot;focal_length&quot;:&quot;8.8&quot;,&quot;iso&quot;:&quot;320&quot;,&quot;shutter_speed&quot;:&quot;0.005&quot;,&quot;title&quot;:&quot;&quot;,&quot;orientation&quot;:&quot;1&quot;}\" data-image-title=\"DSC02774\" data-image-description=\"\" data-image-caption=\"\" data-large-file=\"https:\/\/paulinenaue.info\/wp-content\/uploads\/2018\/08\/DSC02774-1024x682.jpg\" class=\"lazyload wp-image-2287\" src=\"https:\/\/paulinenaue.info\/wp-content\/uploads\/2018\/08\/DSC02774.jpg\" data-orig-src=\"https:\/\/paulinenaue.info\/wp-content\/uploads\/2018\/08\/DSC02774.jpg\" alt=\"\" width=\"734\" height=\"490\" srcset=\"data:image\/svg+xml,%3Csvg%20xmlns%3D%27http%3A%2F%2Fwww.w3.org%2F2000%2Fsvg%27%20width%3D%27734%27%20height%3D%27490%27%20viewBox%3D%270%200%20734%20490%27%3E%3Crect%20width%3D%27734%27%20height%3D%27490%27%20fill-opacity%3D%220%22%2F%3E%3C%2Fsvg%3E\" data-srcset=\"https:\/\/paulinenaue.info\/wp-content\/uploads\/2018\/08\/DSC02774-272x182.jpg 272w, https:\/\/paulinenaue.info\/wp-content\/uploads\/2018\/08\/DSC02774-300x200.jpg 300w, https:\/\/paulinenaue.info\/wp-content\/uploads\/2018\/08\/DSC02774-600x400.jpg 600w, https:\/\/paulinenaue.info\/wp-content\/uploads\/2018\/08\/DSC02774-768x512.jpg 768w, https:\/\/paulinenaue.info\/wp-content\/uploads\/2018\/08\/DSC02774-958x639.jpg 958w, https:\/\/paulinenaue.info\/wp-content\/uploads\/2018\/08\/DSC02774-1024x682.jpg 1024w, https:\/\/paulinenaue.info\/wp-content\/uploads\/2018\/08\/DSC02774.jpg 2000w\" data-sizes=\"auto\" data-orig-sizes=\"(max-width: 734px) 100vw, 734px\" \/>\r\n<figcaption>Kunstbetrachtung an der Knauerbr\u00fccke vor der Arbeit \u201eZeit\u201c von Valentina Berthelon. Foto: J. Scholz, 2018.<br \/><br \/><\/figcaption>\r\n<img decoding=\"async\" data-attachment-id=\"2287\" data-permalink=\"https:\/\/paulinenaue.info\/index.php\/super-schnelle-vorbeifahrten\/dsc02774\/\" data-orig-file=\"https:\/\/paulinenaue.info\/wp-content\/uploads\/2018\/08\/DSC02774.jpg\" data-orig-size=\"2000,1333\" data-comments-opened=\"1\" data-image-meta=\"{&quot;aperture&quot;:&quot;4&quot;,&quot;credit&quot;:&quot;&quot;,&quot;camera&quot;:&quot;DSC-RX10&quot;,&quot;caption&quot;:&quot;&quot;,&quot;created_timestamp&quot;:&quot;1534670045&quot;,&quot;copyright&quot;:&quot;&quot;,&quot;focal_length&quot;:&quot;8.8&quot;,&quot;iso&quot;:&quot;320&quot;,&quot;shutter_speed&quot;:&quot;0.005&quot;,&quot;title&quot;:&quot;&quot;,&quot;orientation&quot;:&quot;1&quot;}\" data-image-title=\"DSC02774\" data-image-description=\"\" data-image-caption=\"\" data-large-file=\"https:\/\/paulinenaue.info\/wp-content\/uploads\/2018\/08\/DSC02774-1024x682.jpg\" class=\"lazyload wp-image-2287\" src=\"data:image\/svg+xml,%3Csvg%20xmlns%3D%27http%3A%2F%2Fwww.w3.org%2F2000%2Fsvg%27%20width%3D%27734%27%20height%3D%27490%27%20viewBox%3D%270%200%20734%20490%27%3E%3Crect%20width%3D%27734%27%20height%3D%27490%27%20fill-opacity%3D%220%22%2F%3E%3C%2Fsvg%3E\" data-orig-src=\"https:\/\/paulinenaue.info\/wp-content\/uploads\/2018\/08\/think.jpg\" alt=\"\" width=\"734\" height=\"490\" \/><\/figure>\r\n\r\n\r\n\r\n<p>&nbsp;<\/p>\r\n<p>Neben dem Kanal war die zweite Achse die Bahnlinie, die hier fast parallel, nur wenige hundert Meter s\u00fcdlich die Landschaft durchschneidet. Von ihr her bezog das Festival seinen Namen \u201eSchnelle Vorbeifahrten!\u201c, denn so warnen seit der Erneuerung der ICE-Strecke vor einigen Jahren knallgelbe Schilder am Paulinenauer Bahnsteigrand. Manche Kunstwerke stellten direkte Bez\u00fcge zwischen den beiden \u201eLebenslinien\u201c Kanal und Bahn her (Karo Schnelle, Ingrid Jebram), auf dem Gemeindeschaukasten in der Philipp-M\u00fcller-Stra\u00dfe wurde die Landschaft gar v\u00f6llig neu interpretiert (Stefan Bischoff).<\/p>\r\n<!-- \/wp:post-content -->\r\n\r\n<!-- wp:image {\"id\":2287} -->\r\n<figure class=\"wp-block-image\"><img decoding=\"async\" data-attachment-id=\"2287\" data-permalink=\"https:\/\/paulinenaue.info\/index.php\/super-schnelle-vorbeifahrten\/dsc02774\/\" data-orig-file=\"https:\/\/paulinenaue.info\/wp-content\/uploads\/2018\/08\/DSC02774.jpg\" data-orig-size=\"2000,1333\" data-comments-opened=\"1\" data-image-meta=\"{&quot;aperture&quot;:&quot;4&quot;,&quot;credit&quot;:&quot;&quot;,&quot;camera&quot;:&quot;DSC-RX10&quot;,&quot;caption&quot;:&quot;&quot;,&quot;created_timestamp&quot;:&quot;1534670045&quot;,&quot;copyright&quot;:&quot;&quot;,&quot;focal_length&quot;:&quot;8.8&quot;,&quot;iso&quot;:&quot;320&quot;,&quot;shutter_speed&quot;:&quot;0.005&quot;,&quot;title&quot;:&quot;&quot;,&quot;orientation&quot;:&quot;1&quot;}\" data-image-title=\"DSC02774\" data-image-description=\"\" data-image-caption=\"\" data-large-file=\"https:\/\/paulinenaue.info\/wp-content\/uploads\/2018\/08\/DSC02774-1024x682.jpg\" class=\"lazyload wp-image-2287\" src=\"data:image\/svg+xml,%3Csvg%20xmlns%3D%27http%3A%2F%2Fwww.w3.org%2F2000%2Fsvg%27%20width%3D%27716%27%20height%3D%27477%27%20viewBox%3D%270%200%20716%20477%27%3E%3Crect%20width%3D%27716%27%20height%3D%27477%27%20fill-opacity%3D%220%22%2F%3E%3C%2Fsvg%3E\" data-orig-src=\"https:\/\/paulinenaue.info\/wp-content\/uploads\/2018\/08\/DSC02898.jpg\" alt=\"\" width=\"716\" height=\"477\" \/>\r\n<figcaption>Am Kanal informierte Anke Goersz \u00fcber \u201eDas Gro\u00dfe Luch\u201c und die Geschichte seiner Melioration(en). Foto: J. Scholz, 2018<\/figcaption>\r\n<\/figure>\r\n<!-- \/wp:image -->\r\n<p>&nbsp;<\/p>\r\n<p>Zum Einfallsreichtum der K\u00fcnstlerinnen und K\u00fcnstler gesellten sich Veranstaltungselemente, mit denen der Paulinenauer Kulturverein als Mitinitiator Akzente setzte. Das Hauptanliegen war es, Aufmerksamkeit nicht nur auf das Jubil\u00e4um, sondern auch auf das Bahnhofsgeb\u00e4ude zu lenken, dessen Schicksal dringend einer \u00c4nderung bedarf. Dank der Kooperationsbereitschaft des Amtes Friesack, der Nachbarn und der ortsans\u00e4ssigen Firmen konnte wenigstens ein Teil des eingez\u00e4unten Hauses ge\u00f6ffnet, zug\u00e4nglich gemacht und mit Strom versorgt werden. Etwa eine Woche dauerten die Vorbereitungen im Haus, bei denen der ehemalige Durchgangssaal nach etwa 20 Jahren wieder frei wurde.<\/p>\r\n<p>Auch hier, wo einst Fahrkarten verkauft wurden, gab es mit raffinierten Projektionen in den ehemaligen Schalterraum und einer Videoinstallation von Susanne Hofer Kunst zu bestaunen und am Samstagabend spielte eine Band (Zenbelly) im Bahnhof. Wie vor hundert Jahren schon konnte dank Catering, Grillstand und Kuchenspenden der Bahnsteig als Caf\u00e9 und Restaurant genutzt werden. Mit F\u00fchrungen und Vortr\u00e4gen (Anke Goersz, Joachim Scholz) und einem Fotoworkshop (Tilo Geisel) leistete der Kulturverein auch inhaltliche Beitr\u00e4ge zum Gelingen dieses gro\u00dfen Ereignisses.<\/p>\r\n<!-- \/wp:paragraph -->\r\n\r\n<!-- wp:image {\"id\":2289,\"width\":399,\"height\":598} --><!-- \/wp:image -->\r\n\r\n<!-- wp:paragraph --><!-- \/wp:paragraph -->\r\n\r\n<!-- wp:image {\"id\":2293} -->\r\n<figure class=\"wp-block-image\"><img decoding=\"async\" width=\"2000\" height=\"1335\" data-attachment-id=\"2293\" data-permalink=\"https:\/\/paulinenaue.info\/index.php\/super-schnelle-vorbeifahrten\/20180819-_dsc7966\/\" data-orig-file=\"https:\/\/paulinenaue.info\/wp-content\/uploads\/2018\/08\/20180819-_DSC7966.jpg\" data-orig-size=\"2000,1335\" data-comments-opened=\"1\" data-image-meta=\"{&quot;aperture&quot;:&quot;0&quot;,&quot;credit&quot;:&quot;leeli.ch&quot;,&quot;camera&quot;:&quot;&quot;,&quot;caption&quot;:&quot;&quot;,&quot;created_timestamp&quot;:&quot;1534708716&quot;,&quot;copyright&quot;:&quot;@ Lee Li | Photography&quot;,&quot;focal_length&quot;:&quot;0&quot;,&quot;iso&quot;:&quot;0&quot;,&quot;shutter_speed&quot;:&quot;0&quot;,&quot;title&quot;:&quot;&quot;,&quot;orientation&quot;:&quot;1&quot;}\" data-image-title=\"20180819-_DSC7966\" data-image-description=\"\" data-image-caption=\"\" data-large-file=\"https:\/\/paulinenaue.info\/wp-content\/uploads\/2018\/08\/20180819-_DSC7966-1024x684.jpg\" class=\"lazyload wp-image-2293\" src=\"https:\/\/paulinenaue.info\/wp-content\/uploads\/2018\/08\/20180819-_DSC7966.jpg\" data-orig-src=\"https:\/\/paulinenaue.info\/wp-content\/uploads\/2018\/08\/20180819-_DSC7966.jpg\" alt=\"\" srcset=\"data:image\/svg+xml,%3Csvg%20xmlns%3D%27http%3A%2F%2Fwww.w3.org%2F2000%2Fsvg%27%20width%3D%272000%27%20height%3D%271335%27%20viewBox%3D%270%200%202000%201335%27%3E%3Crect%20width%3D%272000%27%20height%3D%271335%27%20fill-opacity%3D%220%22%2F%3E%3C%2Fsvg%3E\" data-srcset=\"https:\/\/paulinenaue.info\/wp-content\/uploads\/2018\/08\/20180819-_DSC7966-272x182.jpg 272w, https:\/\/paulinenaue.info\/wp-content\/uploads\/2018\/08\/20180819-_DSC7966-300x200.jpg 300w, https:\/\/paulinenaue.info\/wp-content\/uploads\/2018\/08\/20180819-_DSC7966-600x400.jpg 600w, https:\/\/paulinenaue.info\/wp-content\/uploads\/2018\/08\/20180819-_DSC7966-768x513.jpg 768w, https:\/\/paulinenaue.info\/wp-content\/uploads\/2018\/08\/20180819-_DSC7966-958x639.jpg 958w, https:\/\/paulinenaue.info\/wp-content\/uploads\/2018\/08\/20180819-_DSC7966-1024x684.jpg 1024w, https:\/\/paulinenaue.info\/wp-content\/uploads\/2018\/08\/20180819-_DSC7966.jpg 2000w\" data-sizes=\"auto\" data-orig-sizes=\"(max-width: 2000px) 100vw, 2000px\" \/>\r\n<figcaption>Projektion in den Schalterraum des Paulinenauer Bahnhofs von Susanne Hofer. Foto: E.\u00a0Rutishauser, <a href=\"http:\/\/leeli.ch\">Lee Li | Photography<\/a>, 2018.<\/figcaption>\r\n<\/figure>\r\n<!-- \/wp:image -->\r\n\r\n<!-- wp:paragraph -->\r\n<p>&nbsp;<\/p>\r\n<p>Ob das vielschichtige Gesamtkonzept aufgehen w\u00fcrde, das war bis zuletzt nicht ganz klar, aber es funktionierte. Der Erfolg zeigte sich an der Atmosph\u00e4re am Samstagabend, wo die Gespr\u00e4che vor allem auch dar\u00fcber gef\u00fchrt wurden, wie es wohl mit dem wunderbaren Paulinenauer Bahnhofsgeb\u00e4ude weitergehen wird, sowie an den Kommentaren der vielen\u00a0 Menschen, die \u00fcber den Parcour gewanderten waren. Viele w\u00fcnschten sich, dass ein solcher Kunstausflug in zwei Jahren wieder stattfinden wird.<\/p>\r\n<!-- \/wp:paragraph -->\r\n\r\n<!-- wp:paragraph -->\r\n<p><strong>Die Veranstalter danken insbesondere den folgenden Unterst\u00fctzer\/innen:<\/strong><\/p>\r\n<!-- \/wp:paragraph -->\r\n\r\n<!-- wp:paragraph -->\r\n<p>Andreas Bangert, <a href=\"http:\/\/www.kunkel-elektro.de\">Matthias Kunkel<\/a>, <a href=\"http:\/\/www.schaller-online.de\">Firma Schaller Heizungs- und Sanit\u00e4rbau GmbH Paulinenaue<\/a>, Detlef Wacker (M\u00e4rkischer Hof Selbelang GbR), <a href=\"http:\/\/www.kaim-agrar.de\">kaim agrar-service Ribbeck<\/a>, Eiscaf\u00e9 Neumann Friesack, Cora Frischling und dem <a href=\"https:\/\/ribbeck-havelland.de\/\">Kulturverein Ribbeck<\/a>, dem Amt Friesack, der Gemeinde Paulinenaue, den Grundbesitzern und der Jagdgenossenschaft Paulinenaue, dem <a href=\"https:\/\/www.hagebau.de\/baumarkt\/buerger-bau-und-heimwerkermaerkte-gmbh-hbm-nauen-nauen-sn132525\/\">Hagebaumarkt Nauen<\/a>, <a href=\"https:\/\/www.proviant-limo.de\/\">Proviant Limonade<\/a>, <a href=\"http:\/\/printartists.de\/startseite.html\">Bartnek Print Artists Berlin<\/a>, Dieter Czerniak, Alexander von Drenkmann, Olaf Hermann, Wiebke Germeyer, Anja und Friedrich Gollrad, Issam Kanjo, Ingo Lehmann, Kai L\u00fcbeck, Familie Schilling, Sebastian Weirich, Michael Winterhagen und Dieter Wolter und der Band <a href=\"https:\/\/www.facebook.com\/zenbelly.band\/\">Zenbelly<\/a>.<\/p>\r\n<!-- \/wp:paragraph -->\r\n\r\n<!-- wp:paragraph -->\r\n<p><strong>Die K\u00fcnstler\/innen:\u00a0<\/strong>Axel Anklam, Valentina Berthlon,\u00a0Stefan Bischoff, Susanne Hofer, Ingrid Jebram, Enrico Niemann, Eliane Rutishauser, Karo Schnelle, R\u00fcdiger Stern, Anita Zimmermann<\/p>\r\n<p><strong>K\u00fcnstlerische Leitung:<\/strong> R\u00fcdiger Stern, Stefan Bischoff<\/p>\r\n<div><strong>Produktion<\/strong>: Karo Schnelle, Joachim Scholz, Daniel D., Iris Stern<\/div>\r\n<p>Titelfoto dieses Beitrags: Die Bilder d\u00fcrfen nur im Zusammenhang mit dem Projekt \u201eSchnelle Vorbeifahrten\u201c genutzt werden. Anderwertige Nutzung bitte absprechen.<\/p>\r\n<!-- \/wp:paragraph -->","protected":false},"excerpt":{"rendered":"<p>Ein Landart-Parcour zum Kanaljubil\u00e4um und ein Fest f\u00fcr den Bahnhof [&hellip;]<\/p>\n","protected":false},"author":1,"featured_media":2294,"comment_status":"open","ping_status":"open","sticky":false,"template":"","format":"standard","meta":{"_acf_changed":false,"_price":"","_stock":"","_tribe_ticket_header":"","_tribe_default_ticket_provider":"","_tribe_ticket_capacity":"0","_ticket_start_date":"","_ticket_end_date":"","_tribe_ticket_show_description":"","_tribe_ticket_show_not_going":false,"_tribe_ticket_use_global_stock":"","_tribe_ticket_global_stock_level":"","_global_stock_mode":"","_global_stock_cap":"","_tribe_rsvp_for_event":"","_tribe_ticket_going_count":"","_tribe_ticket_not_going_count":"","_tribe_tickets_list":"[]","_tribe_ticket_has_attendee_info_fields":false,"jetpack_post_was_ever_published":false,"_jetpack_newsletter_access":"","_jetpack_dont_email_post_to_subs":false,"_jetpack_newsletter_tier_id":0,"_jetpack_memberships_contains_paywalled_content":false,"_jetpack_memberships_contains_paid_content":false,"footnotes":"","jetpack_publicize_message":"","jetpack_publicize_feature_enabled":true,"jetpack_social_post_already_shared":true,"jetpack_social_options":{"image_generator_settings":{"template":"highway","default_image_id":0,"font":"","enabled":false},"version":2}},"categories":[1,40,102,6,7,47,216,9,8,93,10],"tags":[269,270,92,267,268,48,19],"class_list":["post-2285","post","type-post","status-publish","format-standard","has-post-thumbnail","hentry","category-allgemein","category-dorfentwicklung","category-eisenbahn","category-hier-zuhause","category-historie","category-kulturverein","category-natur","category-neuigkeiten","category-tourismus","category-veranstaltungen","category-vereine","tag-atelier-haus-stern","tag-bahnhof-paulinenaue","tag-havelland","tag-havellaendischer-grosser-hauptkanal","tag-havellaendisches-luch","tag-kultur","tag-kunst"],"acf":[],"yoast_head":"<!-- This site is optimized with the Yoast SEO plugin v27.5 - https:\/\/yoast.com\/product\/yoast-seo-wordpress\/ -->\n<title>\u201eSchnelle Vorbeifahrten\u201c - Paulinenaue<\/title>\n<meta name=\"robots\" content=\"index, follow, max-snippet:-1, max-image-preview:large, max-video-preview:-1\" \/>\n<link rel=\"canonical\" href=\"https:\/\/paulinenaue.info\/index.php\/super-schnelle-vorbeifahrten\/\" \/>\n<meta property=\"og:locale\" content=\"de_DE\" \/>\n<meta property=\"og:type\" content=\"article\" \/>\n<meta property=\"og:title\" content=\"\u201eSchnelle Vorbeifahrten\u201c - Paulinenaue\" \/>\n<meta property=\"og:description\" content=\"Ein Landart-Parcour zum Kanaljubil\u00e4um und ein Fest f\u00fcr den Bahnhof [&hellip;]\" \/>\n<meta property=\"og:url\" content=\"https:\/\/paulinenaue.info\/index.php\/super-schnelle-vorbeifahrten\/\" \/>\n<meta property=\"og:site_name\" content=\"Paulinenaue\" \/>\n<meta property=\"article:published_time\" content=\"2018-08-22T20:58:55+00:00\" \/>\n<meta property=\"article:modified_time\" content=\"2018-09-03T19:51:03+00:00\" \/>\n<meta property=\"og:image\" content=\"https:\/\/i2.wp.com\/paulinenaue.info\/wp-content\/uploads\/2018\/01\/20180819-_DSC7879.jpg?fit=2000%2C1335&ssl=1\" \/>\n\t<meta property=\"og:image:width\" content=\"2000\" \/>\n\t<meta property=\"og:image:height\" content=\"1335\" \/>\n\t<meta property=\"og:image:type\" content=\"image\/jpeg\" \/>\n<meta name=\"author\" content=\"Joachim Scholz\" \/>\n<meta name=\"twitter:card\" content=\"summary_large_image\" \/>\n<meta name=\"twitter:label1\" content=\"Verfasst von\" \/>\n\t<meta name=\"twitter:data1\" content=\"Joachim Scholz\" \/>\n\t<meta name=\"twitter:label2\" content=\"Gesch\u00e4tzte Lesezeit\" \/>\n\t<meta name=\"twitter:data2\" content=\"4\u00a0Minuten\" \/>\n<script type=\"application\/ld+json\" class=\"yoast-schema-graph\">{\"@context\":\"https:\\\/\\\/schema.org\",\"@graph\":[{\"@type\":\"Article\",\"@id\":\"https:\\\/\\\/paulinenaue.info\\\/index.php\\\/super-schnelle-vorbeifahrten\\\/#article\",\"isPartOf\":{\"@id\":\"https:\\\/\\\/paulinenaue.info\\\/index.php\\\/super-schnelle-vorbeifahrten\\\/\"},\"author\":{\"name\":\"Joachim Scholz\",\"@id\":\"https:\\\/\\\/paulinenaue.info\\\/#\\\/schema\\\/person\\\/3f9e818fd7b69b0d2bd937ac506897cc\"},\"headline\":\"\u201eSchnelle Vorbeifahrten\u201c\",\"datePublished\":\"2018-08-22T20:58:55+00:00\",\"dateModified\":\"2018-09-03T19:51:03+00:00\",\"mainEntityOfPage\":{\"@id\":\"https:\\\/\\\/paulinenaue.info\\\/index.php\\\/super-schnelle-vorbeifahrten\\\/\"},\"wordCount\":781,\"commentCount\":0,\"image\":{\"@id\":\"https:\\\/\\\/paulinenaue.info\\\/index.php\\\/super-schnelle-vorbeifahrten\\\/#primaryimage\"},\"thumbnailUrl\":\"https:\\\/\\\/paulinenaue.info\\\/wp-content\\\/uploads\\\/2018\\\/01\\\/20180819-_DSC7879.jpg\",\"keywords\":[\"Atelier Haus Stern\",\"Bahnhof Paulinenaue\",\"Havelland\",\"Havell\u00e4ndischer Gro\u00dfer Hauptkanal\",\"Havell\u00e4ndisches Luch\",\"Kultur\",\"Kunst\"],\"articleSection\":{\"1\":\"Dorfentwicklung\",\"2\":\"Eisenbahn\",\"3\":\"Hier Zuhause\",\"4\":\"Historie\",\"5\":\"Kulturverein\",\"6\":\"Natur\",\"7\":\"Neuigkeiten\",\"8\":\"Tourismus\",\"9\":\"Veranstaltungen\",\"10\":\"Vereine\"},\"inLanguage\":\"de\",\"potentialAction\":[{\"@type\":\"CommentAction\",\"name\":\"Comment\",\"target\":[\"https:\\\/\\\/paulinenaue.info\\\/index.php\\\/super-schnelle-vorbeifahrten\\\/#respond\"]}]},{\"@type\":\"WebPage\",\"@id\":\"https:\\\/\\\/paulinenaue.info\\\/index.php\\\/super-schnelle-vorbeifahrten\\\/\",\"url\":\"https:\\\/\\\/paulinenaue.info\\\/index.php\\\/super-schnelle-vorbeifahrten\\\/\",\"name\":\"\u201eSchnelle Vorbeifahrten\u201c - Paulinenaue\",\"isPartOf\":{\"@id\":\"https:\\\/\\\/paulinenaue.info\\\/#website\"},\"primaryImageOfPage\":{\"@id\":\"https:\\\/\\\/paulinenaue.info\\\/index.php\\\/super-schnelle-vorbeifahrten\\\/#primaryimage\"},\"image\":{\"@id\":\"https:\\\/\\\/paulinenaue.info\\\/index.php\\\/super-schnelle-vorbeifahrten\\\/#primaryimage\"},\"thumbnailUrl\":\"https:\\\/\\\/paulinenaue.info\\\/wp-content\\\/uploads\\\/2018\\\/01\\\/20180819-_DSC7879.jpg\",\"datePublished\":\"2018-08-22T20:58:55+00:00\",\"dateModified\":\"2018-09-03T19:51:03+00:00\",\"author\":{\"@id\":\"https:\\\/\\\/paulinenaue.info\\\/#\\\/schema\\\/person\\\/3f9e818fd7b69b0d2bd937ac506897cc\"},\"breadcrumb\":{\"@id\":\"https:\\\/\\\/paulinenaue.info\\\/index.php\\\/super-schnelle-vorbeifahrten\\\/#breadcrumb\"},\"inLanguage\":\"de\",\"potentialAction\":[{\"@type\":\"ReadAction\",\"target\":[\"https:\\\/\\\/paulinenaue.info\\\/index.php\\\/super-schnelle-vorbeifahrten\\\/\"]}]},{\"@type\":\"ImageObject\",\"inLanguage\":\"de\",\"@id\":\"https:\\\/\\\/paulinenaue.info\\\/index.php\\\/super-schnelle-vorbeifahrten\\\/#primaryimage\",\"url\":\"https:\\\/\\\/paulinenaue.info\\\/wp-content\\\/uploads\\\/2018\\\/01\\\/20180819-_DSC7879.jpg\",\"contentUrl\":\"https:\\\/\\\/paulinenaue.info\\\/wp-content\\\/uploads\\\/2018\\\/01\\\/20180819-_DSC7879.jpg\",\"width\":2000,\"height\":1335},{\"@type\":\"BreadcrumbList\",\"@id\":\"https:\\\/\\\/paulinenaue.info\\\/index.php\\\/super-schnelle-vorbeifahrten\\\/#breadcrumb\",\"itemListElement\":[{\"@type\":\"ListItem\",\"position\":1,\"name\":\"Home\",\"item\":\"https:\\\/\\\/paulinenaue.info\\\/\"},{\"@type\":\"ListItem\",\"position\":2,\"name\":\"\u201eSchnelle Vorbeifahrten\u201c\"}]},{\"@type\":\"WebSite\",\"@id\":\"https:\\\/\\\/paulinenaue.info\\\/#website\",\"url\":\"https:\\\/\\\/paulinenaue.info\\\/\",\"name\":\"Paulinenaue\",\"description\":\"Ein Dorf im Havelland\",\"potentialAction\":[{\"@type\":\"SearchAction\",\"target\":{\"@type\":\"EntryPoint\",\"urlTemplate\":\"https:\\\/\\\/paulinenaue.info\\\/?s={search_term_string}\"},\"query-input\":{\"@type\":\"PropertyValueSpecification\",\"valueRequired\":true,\"valueName\":\"search_term_string\"}}],\"inLanguage\":\"de\"},{\"@type\":\"Person\",\"@id\":\"https:\\\/\\\/paulinenaue.info\\\/#\\\/schema\\\/person\\\/3f9e818fd7b69b0d2bd937ac506897cc\",\"name\":\"Joachim Scholz\",\"url\":\"https:\\\/\\\/paulinenaue.info\\\/index.php\\\/author\\\/jjscholz\\\/\"}]}<\/script>\n<!-- \/ Yoast SEO plugin. -->","yoast_head_json":{"title":"\u201eSchnelle Vorbeifahrten\u201c - Paulinenaue","robots":{"index":"index","follow":"follow","max-snippet":"max-snippet:-1","max-image-preview":"max-image-preview:large","max-video-preview":"max-video-preview:-1"},"canonical":"https:\/\/paulinenaue.info\/index.php\/super-schnelle-vorbeifahrten\/","og_locale":"de_DE","og_type":"article","og_title":"\u201eSchnelle Vorbeifahrten\u201c - Paulinenaue","og_description":"Ein Landart-Parcour zum Kanaljubil\u00e4um und ein Fest f\u00fcr den Bahnhof [&hellip;]","og_url":"https:\/\/paulinenaue.info\/index.php\/super-schnelle-vorbeifahrten\/","og_site_name":"Paulinenaue","article_published_time":"2018-08-22T20:58:55+00:00","article_modified_time":"2018-09-03T19:51:03+00:00","og_image":[{"width":2000,"height":1335,"url":"https:\/\/i2.wp.com\/paulinenaue.info\/wp-content\/uploads\/2018\/01\/20180819-_DSC7879.jpg?fit=2000%2C1335&ssl=1","type":"image\/jpeg"}],"author":"Joachim Scholz","twitter_card":"summary_large_image","twitter_misc":{"Verfasst von":"Joachim Scholz","Gesch\u00e4tzte Lesezeit":"4\u00a0Minuten"},"schema":{"@context":"https:\/\/schema.org","@graph":[{"@type":"Article","@id":"https:\/\/paulinenaue.info\/index.php\/super-schnelle-vorbeifahrten\/#article","isPartOf":{"@id":"https:\/\/paulinenaue.info\/index.php\/super-schnelle-vorbeifahrten\/"},"author":{"name":"Joachim Scholz","@id":"https:\/\/paulinenaue.info\/#\/schema\/person\/3f9e818fd7b69b0d2bd937ac506897cc"},"headline":"\u201eSchnelle Vorbeifahrten\u201c","datePublished":"2018-08-22T20:58:55+00:00","dateModified":"2018-09-03T19:51:03+00:00","mainEntityOfPage":{"@id":"https:\/\/paulinenaue.info\/index.php\/super-schnelle-vorbeifahrten\/"},"wordCount":781,"commentCount":0,"image":{"@id":"https:\/\/paulinenaue.info\/index.php\/super-schnelle-vorbeifahrten\/#primaryimage"},"thumbnailUrl":"https:\/\/paulinenaue.info\/wp-content\/uploads\/2018\/01\/20180819-_DSC7879.jpg","keywords":["Atelier Haus Stern","Bahnhof Paulinenaue","Havelland","Havell\u00e4ndischer Gro\u00dfer Hauptkanal","Havell\u00e4ndisches Luch","Kultur","Kunst"],"articleSection":{"1":"Dorfentwicklung","2":"Eisenbahn","3":"Hier Zuhause","4":"Historie","5":"Kulturverein","6":"Natur","7":"Neuigkeiten","8":"Tourismus","9":"Veranstaltungen","10":"Vereine"},"inLanguage":"de","potentialAction":[{"@type":"CommentAction","name":"Comment","target":["https:\/\/paulinenaue.info\/index.php\/super-schnelle-vorbeifahrten\/#respond"]}]},{"@type":"WebPage","@id":"https:\/\/paulinenaue.info\/index.php\/super-schnelle-vorbeifahrten\/","url":"https:\/\/paulinenaue.info\/index.php\/super-schnelle-vorbeifahrten\/","name":"\u201eSchnelle Vorbeifahrten\u201c - Paulinenaue","isPartOf":{"@id":"https:\/\/paulinenaue.info\/#website"},"primaryImageOfPage":{"@id":"https:\/\/paulinenaue.info\/index.php\/super-schnelle-vorbeifahrten\/#primaryimage"},"image":{"@id":"https:\/\/paulinenaue.info\/index.php\/super-schnelle-vorbeifahrten\/#primaryimage"},"thumbnailUrl":"https:\/\/paulinenaue.info\/wp-content\/uploads\/2018\/01\/20180819-_DSC7879.jpg","datePublished":"2018-08-22T20:58:55+00:00","dateModified":"2018-09-03T19:51:03+00:00","author":{"@id":"https:\/\/paulinenaue.info\/#\/schema\/person\/3f9e818fd7b69b0d2bd937ac506897cc"},"breadcrumb":{"@id":"https:\/\/paulinenaue.info\/index.php\/super-schnelle-vorbeifahrten\/#breadcrumb"},"inLanguage":"de","potentialAction":[{"@type":"ReadAction","target":["https:\/\/paulinenaue.info\/index.php\/super-schnelle-vorbeifahrten\/"]}]},{"@type":"ImageObject","inLanguage":"de","@id":"https:\/\/paulinenaue.info\/index.php\/super-schnelle-vorbeifahrten\/#primaryimage","url":"https:\/\/paulinenaue.info\/wp-content\/uploads\/2018\/01\/20180819-_DSC7879.jpg","contentUrl":"https:\/\/paulinenaue.info\/wp-content\/uploads\/2018\/01\/20180819-_DSC7879.jpg","width":2000,"height":1335},{"@type":"BreadcrumbList","@id":"https:\/\/paulinenaue.info\/index.php\/super-schnelle-vorbeifahrten\/#breadcrumb","itemListElement":[{"@type":"ListItem","position":1,"name":"Home","item":"https:\/\/paulinenaue.info\/"},{"@type":"ListItem","position":2,"name":"\u201eSchnelle Vorbeifahrten\u201c"}]},{"@type":"WebSite","@id":"https:\/\/paulinenaue.info\/#website","url":"https:\/\/paulinenaue.info\/","name":"Paulinenaue","description":"Ein Dorf im Havelland","potentialAction":[{"@type":"SearchAction","target":{"@type":"EntryPoint","urlTemplate":"https:\/\/paulinenaue.info\/?s={search_term_string}"},"query-input":{"@type":"PropertyValueSpecification","valueRequired":true,"valueName":"search_term_string"}}],"inLanguage":"de"},{"@type":"Person","@id":"https:\/\/paulinenaue.info\/#\/schema\/person\/3f9e818fd7b69b0d2bd937ac506897cc","name":"Joachim Scholz","url":"https:\/\/paulinenaue.info\/index.php\/author\/jjscholz\/"}]}},"jetpack_publicize_connections":[],"jetpack_featured_media_url":"https:\/\/paulinenaue.info\/wp-content\/uploads\/2018\/01\/20180819-_DSC7879.jpg","jetpack_sharing_enabled":true,"jetpack_shortlink":"https:\/\/wp.me\/pcYhWA-AR","jetpack-related-posts":[{"id":416768,"url":"https:\/\/paulinenaue.info\/index.php\/die-biene-und-du\/","url_meta":{"origin":2285,"position":0},"title":"Die Biene und Du!","author":"Joachim Scholz","date":"11. September 2024","format":false,"excerpt":"Schulprojektwoche im Rahmen der \u201eSchnellen Vorbeifahrten\u201c 2024 Das neue Schuljahr begann an der Karibu-Grundschule au\u00dfergew\u00f6hnlich. Die Sch\u00fclerinnen und Sch\u00fcler erwartete eine Projektwoche unter dem Motto: \u201eDie Biene und Du\u201c. Dahinter verbarg sich eine Workshopreihe im Rahmen des Paulinenauer Kunstfestivals \u201eSchnelle Vorbeifahrten\u201c, das in diesem Jahr wieder vom Paulinenauer Kulturverein, dem\u2026","rel":"","context":"In &quot;\"Gr\u00fcnes Luch e.V.\"&quot;","block_context":{"text":"\"Gr\u00fcnes Luch e.V.\"","link":"https:\/\/paulinenaue.info\/index.php\/category\/hier-zuhause\/gruenes-luch-e-v\/"},"img":{"alt_text":"","src":"https:\/\/i0.wp.com\/paulinenaue.info\/wp-content\/uploads\/2024\/09\/DSCF5770.jpeg?resize=350%2C200&ssl=1","width":350,"height":200,"srcset":"https:\/\/i0.wp.com\/paulinenaue.info\/wp-content\/uploads\/2024\/09\/DSCF5770.jpeg?resize=350%2C200&ssl=1 1x, https:\/\/i0.wp.com\/paulinenaue.info\/wp-content\/uploads\/2024\/09\/DSCF5770.jpeg?resize=525%2C300&ssl=1 1.5x"},"classes":[]},{"id":2192,"url":"https:\/\/paulinenaue.info\/index.php\/sommerfest-auf-dem-kleinen-sportplatz\/","url_meta":{"origin":2285,"position":1},"title":"Sommerfest auf dem Kleinen Sportplatz","author":"Joachim Scholz","date":"1. Juli 2018","format":false,"excerpt":"Mit vollem Programm feierte Paulinenaue am 30. Juni 2018 den Sommer. Auf dem Kleinen Sportplatz war seit 14.00 Uhr ordentlich etwas los. Die Freiwillige Feuerwehr bespielte den Festplatz mit Torwandspritzen, einer H\u00fcpfburg und Fahrten mit dem Feuerwehrauto f\u00fcr die Kleinen sowie einer Bar, Grill und Burgerstand f\u00fcr die Gro\u00dfen. Musik\u2026","rel":"","context":"In &quot;Allgemein&quot;","block_context":{"text":"Allgemein","link":"https:\/\/paulinenaue.info\/index.php\/category\/allgemein\/"},"img":{"alt_text":"Sommerfest 2018","src":"https:\/\/i0.wp.com\/paulinenaue.info\/wp-content\/uploads\/2018\/07\/DSC01080.jpg?resize=350%2C200&ssl=1","width":350,"height":200,"srcset":"https:\/\/i0.wp.com\/paulinenaue.info\/wp-content\/uploads\/2018\/07\/DSC01080.jpg?resize=350%2C200&ssl=1 1x, https:\/\/i0.wp.com\/paulinenaue.info\/wp-content\/uploads\/2018\/07\/DSC01080.jpg?resize=525%2C300&ssl=1 1.5x, https:\/\/i0.wp.com\/paulinenaue.info\/wp-content\/uploads\/2018\/07\/DSC01080.jpg?resize=700%2C400&ssl=1 2x, https:\/\/i0.wp.com\/paulinenaue.info\/wp-content\/uploads\/2018\/07\/DSC01080.jpg?resize=1050%2C600&ssl=1 3x"},"classes":[]},{"id":416102,"url":"https:\/\/paulinenaue.info\/index.php\/kulturverein-zur-kommunalwahl-2024\/","url_meta":{"origin":2285,"position":2},"title":"Kulturverein zur Kommunalwahl 2024","author":"Joachim Scholz","date":"15. M\u00e4rz 2024","format":false,"excerpt":"Die Kandidaten des Kulturvereins stellen sich vor Der Paulinenauer Kulturverein pflegt mit Veranstaltungen wie dem Weihnachtsmarkt, dem Tag des offenen Denkmals oder dem Kunstfestival \u201eSchnelle Vorbeifahrten\u201c das gemeinschaftliche Leben in Paulinenaue. Unser Verein bewahrt die Geschichte des Ortes und h\u00e4lt sie auf der Internetseite www.paulinenaue.info lebendig. Besonders am Herzen liegt\u2026","rel":"","context":"In &quot;Allgemein&quot;","block_context":{"text":"Allgemein","link":"https:\/\/paulinenaue.info\/index.php\/category\/allgemein\/"},"img":{"alt_text":"","src":"https:\/\/i0.wp.com\/paulinenaue.info\/wp-content\/uploads\/2024\/03\/Kandidaten-Kulturverein-2024.jpeg?resize=350%2C200&ssl=1","width":350,"height":200,"srcset":"https:\/\/i0.wp.com\/paulinenaue.info\/wp-content\/uploads\/2024\/03\/Kandidaten-Kulturverein-2024.jpeg?resize=350%2C200&ssl=1 1x, https:\/\/i0.wp.com\/paulinenaue.info\/wp-content\/uploads\/2024\/03\/Kandidaten-Kulturverein-2024.jpeg?resize=525%2C300&ssl=1 1.5x, https:\/\/i0.wp.com\/paulinenaue.info\/wp-content\/uploads\/2024\/03\/Kandidaten-Kulturverein-2024.jpeg?resize=700%2C400&ssl=1 2x"},"classes":[]},{"id":5362,"url":"https:\/\/paulinenaue.info\/index.php\/einsatz-im-bahnhof\/","url_meta":{"origin":2285,"position":3},"title":"Einsatz im Bahnhof","author":"Joachim Scholz","date":"11. Juni 2020","format":false,"excerpt":"Im letzten Jahr konnte durch Mittel aus dem Programm \u201eKleine lokale Initiativen\u201c, die der Kulturverein eingeworben hatte, die Durchgangshalle des Bahnhofsgeb\u00e4udes wieder zug\u00e4nglich gemacht werden. Die Treppe wurde wieder hergerichtet, Strom verlegt und die maroden T\u00fcren erhielten eine neue Verglasung. Auch vom Interesse und den kleinen Interventionen eines Seminars aus\u2026","rel":"","context":"In &quot;Allgemein&quot;","block_context":{"text":"Allgemein","link":"https:\/\/paulinenaue.info\/index.php\/category\/allgemein\/"},"img":{"alt_text":"","src":"https:\/\/i0.wp.com\/paulinenaue.info\/wp-content\/uploads\/2020\/06\/DSC09760.jpg?resize=350%2C200&ssl=1","width":350,"height":200,"srcset":"https:\/\/i0.wp.com\/paulinenaue.info\/wp-content\/uploads\/2020\/06\/DSC09760.jpg?resize=350%2C200&ssl=1 1x, https:\/\/i0.wp.com\/paulinenaue.info\/wp-content\/uploads\/2020\/06\/DSC09760.jpg?resize=525%2C300&ssl=1 1.5x, https:\/\/i0.wp.com\/paulinenaue.info\/wp-content\/uploads\/2020\/06\/DSC09760.jpg?resize=700%2C400&ssl=1 2x, https:\/\/i0.wp.com\/paulinenaue.info\/wp-content\/uploads\/2020\/06\/DSC09760.jpg?resize=1050%2C600&ssl=1 3x, https:\/\/i0.wp.com\/paulinenaue.info\/wp-content\/uploads\/2020\/06\/DSC09760.jpg?resize=1400%2C800&ssl=1 4x"},"classes":[]},{"id":415084,"url":"https:\/\/paulinenaue.info\/index.php\/king-charles-faehrt-durch-paulinenaue\/","url_meta":{"origin":2285,"position":4},"title":"King Charles f\u00e4hrt durch Paulinenaue","author":"Joachim Scholz","date":"31. M\u00e4rz 2023","format":false,"excerpt":"","rel":"","context":"In &quot;Allgemein&quot;","block_context":{"text":"Allgemein","link":"https:\/\/paulinenaue.info\/index.php\/category\/allgemein\/"},"img":{"alt_text":"","src":"https:\/\/i0.wp.com\/paulinenaue.info\/wp-content\/uploads\/2023\/03\/5BDEEAB5-CF77-4AFD-BEEB-3658C3052641_1_105_c.jpeg?resize=350%2C200&ssl=1","width":350,"height":200,"srcset":"https:\/\/i0.wp.com\/paulinenaue.info\/wp-content\/uploads\/2023\/03\/5BDEEAB5-CF77-4AFD-BEEB-3658C3052641_1_105_c.jpeg?resize=350%2C200&ssl=1 1x, https:\/\/i0.wp.com\/paulinenaue.info\/wp-content\/uploads\/2023\/03\/5BDEEAB5-CF77-4AFD-BEEB-3658C3052641_1_105_c.jpeg?resize=525%2C300&ssl=1 1.5x, https:\/\/i0.wp.com\/paulinenaue.info\/wp-content\/uploads\/2023\/03\/5BDEEAB5-CF77-4AFD-BEEB-3658C3052641_1_105_c.jpeg?resize=700%2C400&ssl=1 2x, https:\/\/i0.wp.com\/paulinenaue.info\/wp-content\/uploads\/2023\/03\/5BDEEAB5-CF77-4AFD-BEEB-3658C3052641_1_105_c.jpeg?resize=1050%2C600&ssl=1 3x"},"classes":[]},{"id":5006,"url":"https:\/\/paulinenaue.info\/index.php\/bahnhof-unter-strom-am-tag-des-offenen-denkmals\/","url_meta":{"origin":2285,"position":5},"title":"Bahnhof unter Strom am Tag des offenen Denkmals","author":"Joachim Scholz","date":"9. September 2019","format":false,"excerpt":"Wieder einmal lockte der \u201eTag des offenen Denkmals\u201c am ersten Septemberwochenende viele Schaulustige nach Paulinenaue. Der Kulturverein hatte daf\u00fcr gesorgt, dass das Bahnhofsgeb\u00e4ude an diesem Tag ge\u00f6ffnet wurde. Die beiden F\u00fchrungen durch das 1847 errichtete und 1883 erweiterte imposante Geb\u00e4ude besuchten ca. 60 Personen. Etwas Besonderes war die in Teilen\u2026","rel":"","context":"In &quot;Bahnhof&quot;","block_context":{"text":"Bahnhof","link":"https:\/\/paulinenaue.info\/index.php\/category\/bahnhof\/"},"img":{"alt_text":"","src":"https:\/\/i0.wp.com\/paulinenaue.info\/wp-content\/uploads\/2019\/09\/DSC05546.jpg?resize=350%2C200&ssl=1","width":350,"height":200,"srcset":"https:\/\/i0.wp.com\/paulinenaue.info\/wp-content\/uploads\/2019\/09\/DSC05546.jpg?resize=350%2C200&ssl=1 1x, https:\/\/i0.wp.com\/paulinenaue.info\/wp-content\/uploads\/2019\/09\/DSC05546.jpg?resize=525%2C300&ssl=1 1.5x, https:\/\/i0.wp.com\/paulinenaue.info\/wp-content\/uploads\/2019\/09\/DSC05546.jpg?resize=700%2C400&ssl=1 2x"},"classes":[]}],"_links":{"self":[{"href":"https:\/\/paulinenaue.info\/index.php\/wp-json\/wp\/v2\/posts\/2285","targetHints":{"allow":["GET"]}}],"collection":[{"href":"https:\/\/paulinenaue.info\/index.php\/wp-json\/wp\/v2\/posts"}],"about":[{"href":"https:\/\/paulinenaue.info\/index.php\/wp-json\/wp\/v2\/types\/post"}],"author":[{"embeddable":true,"href":"https:\/\/paulinenaue.info\/index.php\/wp-json\/wp\/v2\/users\/1"}],"replies":[{"embeddable":true,"href":"https:\/\/paulinenaue.info\/index.php\/wp-json\/wp\/v2\/comments?post=2285"}],"version-history":[{"count":48,"href":"https:\/\/paulinenaue.info\/index.php\/wp-json\/wp\/v2\/posts\/2285\/revisions"}],"predecessor-version":[{"id":2347,"href":"https:\/\/paulinenaue.info\/index.php\/wp-json\/wp\/v2\/posts\/2285\/revisions\/2347"}],"wp:featuredmedia":[{"embeddable":true,"href":"https:\/\/paulinenaue.info\/index.php\/wp-json\/wp\/v2\/media\/2294"}],"wp:attachment":[{"href":"https:\/\/paulinenaue.info\/index.php\/wp-json\/wp\/v2\/media?parent=2285"}],"wp:term":[{"taxonomy":"category","embeddable":true,"href":"https:\/\/paulinenaue.info\/index.php\/wp-json\/wp\/v2\/categories?post=2285"},{"taxonomy":"post_tag","embeddable":true,"href":"https:\/\/paulinenaue.info\/index.php\/wp-json\/wp\/v2\/tags?post=2285"}],"curies":[{"name":"wp","href":"https:\/\/api.w.org\/{rel}","templated":true}]}}