{"id":2350,"date":"2018-09-07T23:33:41","date_gmt":"2018-09-07T21:33:41","guid":{"rendered":"http:\/\/paulinenaue.info\/?p=2350"},"modified":"2018-09-08T19:12:04","modified_gmt":"2018-09-08T17:12:04","slug":"heizhausdach-eingestuerzt","status":"publish","type":"post","link":"https:\/\/paulinenaue.info\/index.php\/heizhausdach-eingestuerzt\/","title":{"rendered":"Heizhausdach eingest\u00fcrzt"},"content":{"rendered":"<p>Es ist nicht so leicht, die Mitte von Paulinenaue zu bestimmen. Ohne seine Ortsteile genommen, zieht das eigentliche Dorf sich fast drei Kilometer schlauchf\u00f6rmig von der ehemaligen Milchviehanlage (MVA) bis zum Rothen Husaren die Stra\u00dfe entlang. Mittendrin liegen, wie man&#8217;n nimmt, der Bahnhof oder die Feuerwehr oder sogar die Kirche. Wenn \u00fcberhaupt, so wurde\u00a0 in DDR-Zeiten eine Mitte von Paulinenaue baulich bestimmt. In den 1960er Jahren wurden Wohnbl\u00f6cke f\u00fcr die Besch\u00e4ftigten von Institut und MVA in die Gartenwelt hineingebaut, die sich zuvor aufgetan hatte, wenn man in Paulinenaue aus dem Zug stieg. Die Leute in den Neubauten wollten versorgt sein und so wurden neben den Blocks auch Konsum und Heizhaus errichtet. Auch wenn sie nicht besonders sch\u00f6n aussehen: Die Mitte von Paulinenaue wird noch heute durch einige dieser Geb\u00e4ude markiert.<\/p>\n<p>Nach der Wende fielen die beiden gro\u00dfen Arbeitgeber weg, die lokale Infrastruktur wurde nicht mehr so n\u00f6tig gebraucht, verschlankte und modernisierte sich oder verschwand ganz. Der Konsum <a href=\"http:\/\/archiv.paulinenaue.info\/neues\/neues\/neues_2010\/20101008_sichtachse_bahnhof.html?m=2010\">wurde 2010 abgerissen<\/a>, das nicht mehr ben\u00f6tigte Heizhaus blieb stehen und verfiel. Schon seit vielen Jahren gilt das funktionslose Geb\u00e4ude als Schandfleck. Der Institutsfotograf Georg Drasch\u00e9 schlug einmal vor, <a href=\"http:\/\/archiv.paulinenaue.info\/Quartier\/paulinenaue\/sendungen\/sendungen2006\/sendung_125.html\">es von Efeu umranken zu lassen<\/a>, doch auch ohne alle Ma\u00dfnahmen holt die Natur sich zur\u00fcck, was mal als fortschrittlich galt. Nun ist im August, 55 Jahre nach seiner Errichtung, das Dach des gro\u00dfen Geb\u00e4udes eingest\u00fcrzt.<\/p>\n\n\t\t<style type=\"text\/css\">\n\t\t\t#gallery-1 {\n\t\t\t\tmargin: auto;\n\t\t\t}\n\t\t\t#gallery-1 .gallery-item {\n\t\t\t\tfloat: left;\n\t\t\t\tmargin-top: 10px;\n\t\t\t\ttext-align: center;\n\t\t\t\twidth: 33%;\n\t\t\t}\n\t\t\t#gallery-1 img {\n\t\t\t\tborder: 2px solid #cfcfcf;\n\t\t\t}\n\t\t\t#gallery-1 .gallery-caption {\n\t\t\t\tmargin-left: 0;\n\t\t\t}\n\t\t\t\/* see gallery_shortcode() in wp-includes\/media.php *\/\n\t\t<\/style>\n\t\t<div data-carousel-extra='{&quot;blog_id&quot;:1,&quot;permalink&quot;:&quot;https:\/\/paulinenaue.info\/index.php\/heizhausdach-eingestuerzt\/&quot;}' id='gallery-1' class='gallery galleryid-2350 gallery-columns-3 gallery-size-thumbnail'><dl class='gallery-item'>\n\t\t\t<dt class='gallery-icon landscape'>\n\t\t\t\t<a data-rel=\"iLightbox[postimages]\" data-title=\"1967, Heizhaus\" data-caption=\"Das zentale Heizhaus von Paulinenaue 1967 \" href='https:\/\/paulinenaue.info\/1967-heizhaus\/'><img decoding=\"async\" width=\"150\" height=\"150\" src=\"https:\/\/paulinenaue.info\/wp-content\/uploads\/2018\/09\/1967-Heizhaus-150x150.jpg\" class=\"attachment-thumbnail size-thumbnail lazyload\" alt=\"\" aria-describedby=\"gallery-1-2353\" srcset=\"data:image\/svg+xml,%3Csvg%20xmlns%3D%27http%3A%2F%2Fwww.w3.org%2F2000%2Fsvg%27%20width%3D%271000%27%20height%3D%27634%27%20viewBox%3D%270%200%201000%20634%27%3E%3Crect%20width%3D%271000%27%20height%3D%27634%27%20fill-opacity%3D%220%22%2F%3E%3C%2Fsvg%3E\" data-orig-src=\"https:\/\/paulinenaue.info\/wp-content\/uploads\/2018\/09\/1967-Heizhaus-150x150.jpg\" data-srcset=\"https:\/\/paulinenaue.info\/wp-content\/uploads\/2018\/09\/1967-Heizhaus-100x100.jpg 100w, https:\/\/paulinenaue.info\/wp-content\/uploads\/2018\/09\/1967-Heizhaus-150x150.jpg 150w, https:\/\/paulinenaue.info\/wp-content\/uploads\/2018\/09\/1967-Heizhaus-210x210.jpg 210w, https:\/\/paulinenaue.info\/wp-content\/uploads\/2018\/09\/1967-Heizhaus-400x400.jpg 400w\" data-sizes=\"auto\" data-attachment-id=\"2353\" data-permalink=\"https:\/\/paulinenaue.info\/1967-heizhaus\/\" data-orig-file=\"https:\/\/paulinenaue.info\/wp-content\/uploads\/2018\/09\/1967-Heizhaus.jpg\" data-orig-size=\"1000,634\" data-comments-opened=\"1\" data-image-meta=\"{&quot;aperture&quot;:&quot;0&quot;,&quot;credit&quot;:&quot;&quot;,&quot;camera&quot;:&quot;&quot;,&quot;caption&quot;:&quot;&quot;,&quot;created_timestamp&quot;:&quot;0&quot;,&quot;copyright&quot;:&quot;&quot;,&quot;focal_length&quot;:&quot;0&quot;,&quot;iso&quot;:&quot;0&quot;,&quot;shutter_speed&quot;:&quot;0&quot;,&quot;title&quot;:&quot;&quot;,&quot;orientation&quot;:&quot;1&quot;}\" data-image-title=\"1967, Heizhaus\" data-image-description=\"\" data-image-caption=\"&lt;p&gt;Das zentale Heizhaus von Paulinenaue 1967 &lt;\/p&gt;\n\" data-large-file=\"https:\/\/paulinenaue.info\/wp-content\/uploads\/2018\/09\/1967-Heizhaus.jpg\" \/><\/a>\n\t\t\t<\/dt>\n\t\t\t\t<dd class='wp-caption-text gallery-caption' id='gallery-1-2353'>\n\t\t\t\tDas zentale Heizhaus von Paulinenaue 1967 \n\t\t\t\t<\/dd><\/dl><dl class='gallery-item'>\n\t\t\t<dt class='gallery-icon portrait'>\n\t\t\t\t<a data-rel=\"iLightbox[postimages]\" data-title=\"Heizhaus1\" data-caption=\"Heizhausbetrieb in den fr\u00fchen Jahren.\" href='https:\/\/paulinenaue.info\/heizhaus1\/'><img decoding=\"async\" width=\"150\" height=\"150\" src=\"https:\/\/paulinenaue.info\/wp-content\/uploads\/2018\/09\/Heizhaus1-150x150.jpg\" class=\"attachment-thumbnail size-thumbnail lazyload\" alt=\"\" aria-describedby=\"gallery-1-2355\" srcset=\"data:image\/svg+xml,%3Csvg%20xmlns%3D%27http%3A%2F%2Fwww.w3.org%2F2000%2Fsvg%27%20width%3D%27746%27%20height%3D%271000%27%20viewBox%3D%270%200%20746%201000%27%3E%3Crect%20width%3D%27746%27%20height%3D%271000%27%20fill-opacity%3D%220%22%2F%3E%3C%2Fsvg%3E\" data-orig-src=\"https:\/\/paulinenaue.info\/wp-content\/uploads\/2018\/09\/Heizhaus1-150x150.jpg\" data-srcset=\"https:\/\/paulinenaue.info\/wp-content\/uploads\/2018\/09\/Heizhaus1-100x100.jpg 100w, https:\/\/paulinenaue.info\/wp-content\/uploads\/2018\/09\/Heizhaus1-150x150.jpg 150w, https:\/\/paulinenaue.info\/wp-content\/uploads\/2018\/09\/Heizhaus1-210x210.jpg 210w, https:\/\/paulinenaue.info\/wp-content\/uploads\/2018\/09\/Heizhaus1-400x400.jpg 400w\" data-sizes=\"auto\" data-attachment-id=\"2355\" data-permalink=\"https:\/\/paulinenaue.info\/heizhaus1\/\" data-orig-file=\"https:\/\/paulinenaue.info\/wp-content\/uploads\/2018\/09\/Heizhaus1.jpg\" data-orig-size=\"746,1000\" data-comments-opened=\"1\" data-image-meta=\"{&quot;aperture&quot;:&quot;0&quot;,&quot;credit&quot;:&quot;&quot;,&quot;camera&quot;:&quot;&quot;,&quot;caption&quot;:&quot;&quot;,&quot;created_timestamp&quot;:&quot;0&quot;,&quot;copyright&quot;:&quot;&quot;,&quot;focal_length&quot;:&quot;0&quot;,&quot;iso&quot;:&quot;0&quot;,&quot;shutter_speed&quot;:&quot;0&quot;,&quot;title&quot;:&quot;&quot;,&quot;orientation&quot;:&quot;1&quot;}\" data-image-title=\"Heizhaus1\" data-image-description=\"\" data-image-caption=\"&lt;p&gt;Heizhausbetrieb in den fr\u00fchen Jahren.&lt;\/p&gt;\n\" data-large-file=\"https:\/\/paulinenaue.info\/wp-content\/uploads\/2018\/09\/Heizhaus1.jpg\" \/><\/a>\n\t\t\t<\/dt>\n\t\t\t\t<dd class='wp-caption-text gallery-caption' id='gallery-1-2355'>\n\t\t\t\tHeizhausbetrieb in den fr\u00fchen Jahren.\n\t\t\t\t<\/dd><\/dl><dl class='gallery-item'>\n\t\t\t<dt class='gallery-icon landscape'>\n\t\t\t\t<a data-rel=\"iLightbox[postimages]\" data-title=\"Paulinenaue Heizhaus, 1997\" data-caption=\"Das Heizhaus, schon au\u00dfer Betrieb, 1997.\" href='https:\/\/paulinenaue.info\/paulinenaue-heizhaus-1997\/'><img decoding=\"async\" width=\"150\" height=\"150\" src=\"https:\/\/paulinenaue.info\/wp-content\/uploads\/2018\/09\/04-082-150x150.jpg\" class=\"attachment-thumbnail size-thumbnail lazyload\" alt=\"\" aria-describedby=\"gallery-1-2354\" srcset=\"data:image\/svg+xml,%3Csvg%20xmlns%3D%27http%3A%2F%2Fwww.w3.org%2F2000%2Fsvg%27%20width%3D%271000%27%20height%3D%27669%27%20viewBox%3D%270%200%201000%20669%27%3E%3Crect%20width%3D%271000%27%20height%3D%27669%27%20fill-opacity%3D%220%22%2F%3E%3C%2Fsvg%3E\" data-orig-src=\"https:\/\/paulinenaue.info\/wp-content\/uploads\/2018\/09\/04-082-150x150.jpg\" data-srcset=\"https:\/\/paulinenaue.info\/wp-content\/uploads\/2018\/09\/04-082-100x100.jpg 100w, https:\/\/paulinenaue.info\/wp-content\/uploads\/2018\/09\/04-082-150x150.jpg 150w, https:\/\/paulinenaue.info\/wp-content\/uploads\/2018\/09\/04-082-210x210.jpg 210w, https:\/\/paulinenaue.info\/wp-content\/uploads\/2018\/09\/04-082-400x400.jpg 400w\" data-sizes=\"auto\" data-attachment-id=\"2354\" data-permalink=\"https:\/\/paulinenaue.info\/paulinenaue-heizhaus-1997\/\" data-orig-file=\"https:\/\/paulinenaue.info\/wp-content\/uploads\/2018\/09\/04-082.jpg\" data-orig-size=\"1000,669\" data-comments-opened=\"1\" data-image-meta=\"{&quot;aperture&quot;:&quot;0&quot;,&quot;credit&quot;:&quot;&quot;,&quot;camera&quot;:&quot;&quot;,&quot;caption&quot;:&quot;Dia unbeschriftet, Bild 35, 35A (AGFA EXCL CTx 100) Hier nach Aha-Effekt am 12.09.2017 eingeordnet, kann noch n\\u00e4her zugeodnet werden.&quot;,&quot;created_timestamp&quot;:&quot;872965215&quot;,&quot;copyright&quot;:&quot;&quot;,&quot;focal_length&quot;:&quot;0&quot;,&quot;iso&quot;:&quot;0&quot;,&quot;shutter_speed&quot;:&quot;0&quot;,&quot;title&quot;:&quot;Paulinenaue Heizhaus, 1997&quot;,&quot;orientation&quot;:&quot;1&quot;}\" data-image-title=\"Paulinenaue Heizhaus, 1997\" data-image-description=\"\" data-image-caption=\"&lt;p&gt;Das Heizhaus, schon au\u00dfer Betrieb, 1997.&lt;\/p&gt;\n\" data-large-file=\"https:\/\/paulinenaue.info\/wp-content\/uploads\/2018\/09\/04-082.jpg\" \/><\/a>\n\t\t\t<\/dt>\n\t\t\t\t<dd class='wp-caption-text gallery-caption' id='gallery-1-2354'>\n\t\t\t\tDas Heizhaus, schon au\u00dfer Betrieb, 1997.\n\t\t\t\t<\/dd><\/dl><br style=\"clear: both\" \/><dl class='gallery-item'>\n\t\t\t<dt class='gallery-icon landscape'>\n\t\t\t\t<a data-rel=\"iLightbox[postimages]\" data-title=\"Paulinenaue Heizhaus\" data-caption=\"Blick in den Innenraum im Juni 2018\" href='https:\/\/paulinenaue.info\/paulinenaue-heizhaus-2\/'><img decoding=\"async\" width=\"150\" height=\"150\" src=\"https:\/\/paulinenaue.info\/wp-content\/uploads\/2018\/09\/2018-06-27-Heizhaus-Innenansicht-150x150.jpg\" class=\"attachment-thumbnail size-thumbnail lazyload\" alt=\"\" aria-describedby=\"gallery-1-2357\" srcset=\"data:image\/svg+xml,%3Csvg%20xmlns%3D%27http%3A%2F%2Fwww.w3.org%2F2000%2Fsvg%27%20width%3D%271000%27%20height%3D%27667%27%20viewBox%3D%270%200%201000%20667%27%3E%3Crect%20width%3D%271000%27%20height%3D%27667%27%20fill-opacity%3D%220%22%2F%3E%3C%2Fsvg%3E\" data-orig-src=\"https:\/\/paulinenaue.info\/wp-content\/uploads\/2018\/09\/2018-06-27-Heizhaus-Innenansicht-150x150.jpg\" data-srcset=\"https:\/\/paulinenaue.info\/wp-content\/uploads\/2018\/09\/2018-06-27-Heizhaus-Innenansicht-100x100.jpg 100w, https:\/\/paulinenaue.info\/wp-content\/uploads\/2018\/09\/2018-06-27-Heizhaus-Innenansicht-150x150.jpg 150w, https:\/\/paulinenaue.info\/wp-content\/uploads\/2018\/09\/2018-06-27-Heizhaus-Innenansicht-210x210.jpg 210w, https:\/\/paulinenaue.info\/wp-content\/uploads\/2018\/09\/2018-06-27-Heizhaus-Innenansicht-400x400.jpg 400w\" data-sizes=\"auto\" data-attachment-id=\"2357\" data-permalink=\"https:\/\/paulinenaue.info\/paulinenaue-heizhaus-2\/\" data-orig-file=\"https:\/\/paulinenaue.info\/wp-content\/uploads\/2018\/09\/2018-06-27-Heizhaus-Innenansicht.jpg\" data-orig-size=\"1000,667\" data-comments-opened=\"1\" data-image-meta=\"{&quot;aperture&quot;:&quot;4&quot;,&quot;credit&quot;:&quot;&quot;,&quot;camera&quot;:&quot;DSC-RX10&quot;,&quot;caption&quot;:&quot;Die Ruine des 1963 errichteten zentralen Paulinenauer Heizhauses&quot;,&quot;created_timestamp&quot;:&quot;1530125111&quot;,&quot;copyright&quot;:&quot;&quot;,&quot;focal_length&quot;:&quot;8.9&quot;,&quot;iso&quot;:&quot;125&quot;,&quot;shutter_speed&quot;:&quot;0.004&quot;,&quot;title&quot;:&quot;Paulinenaue Heizhaus&quot;,&quot;orientation&quot;:&quot;1&quot;}\" data-image-title=\"Paulinenaue Heizhaus\" data-image-description=\"\" data-image-caption=\"&lt;p&gt;Blick in den Innenraum im Juni 2018&lt;\/p&gt;\n\" data-large-file=\"https:\/\/paulinenaue.info\/wp-content\/uploads\/2018\/09\/2018-06-27-Heizhaus-Innenansicht.jpg\" \/><\/a>\n\t\t\t<\/dt>\n\t\t\t\t<dd class='wp-caption-text gallery-caption' id='gallery-1-2357'>\n\t\t\t\tBlick in den Innenraum im Juni 2018\n\t\t\t\t<\/dd><\/dl><dl class='gallery-item'>\n\t\t\t<dt class='gallery-icon landscape'>\n\t\t\t\t<a data-rel=\"iLightbox[postimages]\" data-title=\"Paulinenaue, Heizhaus\" data-caption=\"Die gleiche Perspektive zwei Monate sp\u00e4ter\" href='https:\/\/paulinenaue.info\/paulinenaue-heizhaus-3\/'><img decoding=\"async\" width=\"150\" height=\"150\" src=\"https:\/\/paulinenaue.info\/wp-content\/uploads\/2018\/09\/2018-09-02-Heinzhaus-Innenansicht-150x150.jpg\" class=\"attachment-thumbnail size-thumbnail lazyload\" alt=\"\" aria-describedby=\"gallery-1-2358\" srcset=\"data:image\/svg+xml,%3Csvg%20xmlns%3D%27http%3A%2F%2Fwww.w3.org%2F2000%2Fsvg%27%20width%3D%271000%27%20height%3D%27667%27%20viewBox%3D%270%200%201000%20667%27%3E%3Crect%20width%3D%271000%27%20height%3D%27667%27%20fill-opacity%3D%220%22%2F%3E%3C%2Fsvg%3E\" data-orig-src=\"https:\/\/paulinenaue.info\/wp-content\/uploads\/2018\/09\/2018-09-02-Heinzhaus-Innenansicht-150x150.jpg\" data-srcset=\"https:\/\/paulinenaue.info\/wp-content\/uploads\/2018\/09\/2018-09-02-Heinzhaus-Innenansicht-100x100.jpg 100w, https:\/\/paulinenaue.info\/wp-content\/uploads\/2018\/09\/2018-09-02-Heinzhaus-Innenansicht-150x150.jpg 150w, https:\/\/paulinenaue.info\/wp-content\/uploads\/2018\/09\/2018-09-02-Heinzhaus-Innenansicht-210x210.jpg 210w, https:\/\/paulinenaue.info\/wp-content\/uploads\/2018\/09\/2018-09-02-Heinzhaus-Innenansicht-400x400.jpg 400w\" data-sizes=\"auto\" data-attachment-id=\"2358\" data-permalink=\"https:\/\/paulinenaue.info\/paulinenaue-heizhaus-3\/\" data-orig-file=\"https:\/\/paulinenaue.info\/wp-content\/uploads\/2018\/09\/2018-09-02-Heinzhaus-Innenansicht.jpg\" data-orig-size=\"1000,667\" data-comments-opened=\"1\" data-image-meta=\"{&quot;aperture&quot;:&quot;3.5&quot;,&quot;credit&quot;:&quot;&quot;,&quot;camera&quot;:&quot;ILCE-6000&quot;,&quot;caption&quot;:&quot;&quot;,&quot;created_timestamp&quot;:&quot;1535906825&quot;,&quot;copyright&quot;:&quot;&quot;,&quot;focal_length&quot;:&quot;16&quot;,&quot;iso&quot;:&quot;100&quot;,&quot;shutter_speed&quot;:&quot;0.004&quot;,&quot;title&quot;:&quot;Paulinenaue, Heizhaus&quot;,&quot;orientation&quot;:&quot;1&quot;}\" data-image-title=\"Paulinenaue, Heizhaus\" data-image-description=\"\" data-image-caption=\"&lt;p&gt;Die gleiche Perspektive zwei Monate sp\u00e4ter&lt;\/p&gt;\n\" data-large-file=\"https:\/\/paulinenaue.info\/wp-content\/uploads\/2018\/09\/2018-09-02-Heinzhaus-Innenansicht.jpg\" \/><\/a>\n\t\t\t<\/dt>\n\t\t\t\t<dd class='wp-caption-text gallery-caption' id='gallery-1-2358'>\n\t\t\t\tDie gleiche Perspektive zwei Monate sp\u00e4ter\n\t\t\t\t<\/dd><\/dl><dl class='gallery-item'>\n\t\t\t<dt class='gallery-icon landscape'>\n\t\t\t\t<a data-rel=\"iLightbox[postimages]\" data-title=\"Paulinenaue Heizhaus\" data-caption=\"Bedrohlich tief h\u00e4ngt auch die Decke im kleineren Nachbarraum.\" href='https:\/\/paulinenaue.info\/paulinenaue-heizhaus\/'><img decoding=\"async\" width=\"150\" height=\"150\" src=\"https:\/\/paulinenaue.info\/wp-content\/uploads\/2018\/09\/2018-06-27-Heizhaus-innen-150x150.jpg\" class=\"attachment-thumbnail size-thumbnail lazyload\" alt=\"\" aria-describedby=\"gallery-1-2356\" srcset=\"data:image\/svg+xml,%3Csvg%20xmlns%3D%27http%3A%2F%2Fwww.w3.org%2F2000%2Fsvg%27%20width%3D%271000%27%20height%3D%27667%27%20viewBox%3D%270%200%201000%20667%27%3E%3Crect%20width%3D%271000%27%20height%3D%27667%27%20fill-opacity%3D%220%22%2F%3E%3C%2Fsvg%3E\" data-orig-src=\"https:\/\/paulinenaue.info\/wp-content\/uploads\/2018\/09\/2018-06-27-Heizhaus-innen-150x150.jpg\" data-srcset=\"https:\/\/paulinenaue.info\/wp-content\/uploads\/2018\/09\/2018-06-27-Heizhaus-innen-100x100.jpg 100w, https:\/\/paulinenaue.info\/wp-content\/uploads\/2018\/09\/2018-06-27-Heizhaus-innen-150x150.jpg 150w, https:\/\/paulinenaue.info\/wp-content\/uploads\/2018\/09\/2018-06-27-Heizhaus-innen-210x210.jpg 210w, https:\/\/paulinenaue.info\/wp-content\/uploads\/2018\/09\/2018-06-27-Heizhaus-innen-400x400.jpg 400w\" data-sizes=\"auto\" data-attachment-id=\"2356\" data-permalink=\"https:\/\/paulinenaue.info\/paulinenaue-heizhaus\/\" data-orig-file=\"https:\/\/paulinenaue.info\/wp-content\/uploads\/2018\/09\/2018-06-27-Heizhaus-innen.jpg\" data-orig-size=\"1000,667\" data-comments-opened=\"1\" data-image-meta=\"{&quot;aperture&quot;:&quot;2.8&quot;,&quot;credit&quot;:&quot;&quot;,&quot;camera&quot;:&quot;DSC-RX10&quot;,&quot;caption&quot;:&quot;Die Ruine des 1963 errichteten zentralen Paulinenauer Heizhauses&quot;,&quot;created_timestamp&quot;:&quot;1530125261&quot;,&quot;copyright&quot;:&quot;&quot;,&quot;focal_length&quot;:&quot;8.9&quot;,&quot;iso&quot;:&quot;320&quot;,&quot;shutter_speed&quot;:&quot;0.033333333333333&quot;,&quot;title&quot;:&quot;Paulinenaue Heizhaus&quot;,&quot;orientation&quot;:&quot;1&quot;}\" data-image-title=\"Paulinenaue Heizhaus\" data-image-description=\"\" data-image-caption=\"&lt;p&gt;Bedrohlich tief h\u00e4ngt auch die Decke im kleineren Nachbarraum.&lt;\/p&gt;\n\" data-large-file=\"https:\/\/paulinenaue.info\/wp-content\/uploads\/2018\/09\/2018-06-27-Heizhaus-innen.jpg\" \/><\/a>\n\t\t\t<\/dt>\n\t\t\t\t<dd class='wp-caption-text gallery-caption' id='gallery-1-2356'>\n\t\t\t\tBedrohlich tief h\u00e4ngt auch die Decke im kleineren Nachbarraum.\n\t\t\t\t<\/dd><\/dl><br style=\"clear: both\" \/>\n\t\t<\/div>\n\n<p>&nbsp;<\/p>\n","protected":false},"excerpt":{"rendered":"<p>Es ist nicht so leicht, die Mitte von Paulinenaue zu [&hellip;]<\/p>\n","protected":false},"author":1,"featured_media":2359,"comment_status":"open","ping_status":"open","sticky":false,"template":"","format":"standard","meta":{"_acf_changed":false,"_price":"","_stock":"","_tribe_ticket_header":"","_tribe_default_ticket_provider":"","_tribe_ticket_capacity":"0","_ticket_start_date":"","_ticket_end_date":"","_tribe_ticket_show_description":"","_tribe_ticket_show_not_going":false,"_tribe_ticket_use_global_stock":"","_tribe_ticket_global_stock_level":"","_global_stock_mode":"","_global_stock_cap":"","_tribe_rsvp_for_event":"","_tribe_ticket_going_count":"","_tribe_ticket_not_going_count":"","_tribe_tickets_list":"[]","_tribe_ticket_has_attendee_info_fields":false,"jetpack_post_was_ever_published":false,"_jetpack_newsletter_access":"","_jetpack_dont_email_post_to_subs":false,"_jetpack_newsletter_tier_id":0,"_jetpack_memberships_contains_paywalled_content":false,"_jetpack_memberships_contains_paid_content":false,"footnotes":"","jetpack_publicize_message":"","jetpack_publicize_feature_enabled":true,"jetpack_social_post_already_shared":true,"jetpack_social_options":{"image_generator_settings":{"template":"highway","default_image_id":0,"font":"","enabled":false},"version":2}},"categories":[1,40,6,9],"tags":[],"class_list":["post-2350","post","type-post","status-publish","format-standard","has-post-thumbnail","hentry","category-allgemein","category-dorfentwicklung","category-hier-zuhause","category-neuigkeiten"],"acf":[],"yoast_head":"<!-- This site is optimized with the Yoast SEO plugin v27.5 - https:\/\/yoast.com\/product\/yoast-seo-wordpress\/ -->\n<title>Heizhausdach eingest\u00fcrzt - Paulinenaue<\/title>\n<meta name=\"robots\" content=\"index, follow, max-snippet:-1, max-image-preview:large, max-video-preview:-1\" \/>\n<link rel=\"canonical\" href=\"https:\/\/paulinenaue.info\/index.php\/heizhausdach-eingestuerzt\/\" \/>\n<meta property=\"og:locale\" content=\"de_DE\" \/>\n<meta property=\"og:type\" content=\"article\" \/>\n<meta property=\"og:title\" content=\"Heizhausdach eingest\u00fcrzt - Paulinenaue\" \/>\n<meta property=\"og:description\" content=\"Es ist nicht so leicht, die Mitte von Paulinenaue zu [&hellip;]\" \/>\n<meta property=\"og:url\" content=\"https:\/\/paulinenaue.info\/index.php\/heizhausdach-eingestuerzt\/\" \/>\n<meta property=\"og:site_name\" content=\"Paulinenaue\" \/>\n<meta property=\"article:published_time\" content=\"2018-09-07T21:33:41+00:00\" \/>\n<meta property=\"article:modified_time\" content=\"2018-09-08T17:12:04+00:00\" \/>\n<meta property=\"og:image\" content=\"https:\/\/i1.wp.com\/paulinenaue.info\/wp-content\/uploads\/2018\/09\/2018-09-02-Heinzhaus-Paulinenaue.jpg?fit=1000%2C667&ssl=1\" \/>\n\t<meta property=\"og:image:width\" content=\"1000\" \/>\n\t<meta property=\"og:image:height\" content=\"667\" \/>\n\t<meta property=\"og:image:type\" content=\"image\/jpeg\" \/>\n<meta name=\"author\" content=\"Joachim Scholz\" \/>\n<meta name=\"twitter:card\" content=\"summary_large_image\" \/>\n<meta name=\"twitter:label1\" content=\"Verfasst von\" \/>\n\t<meta name=\"twitter:data1\" content=\"Joachim Scholz\" \/>\n\t<meta name=\"twitter:label2\" content=\"Gesch\u00e4tzte Lesezeit\" \/>\n\t<meta name=\"twitter:data2\" content=\"1\u00a0Minute\" \/>\n<script type=\"application\/ld+json\" class=\"yoast-schema-graph\">{\"@context\":\"https:\\\/\\\/schema.org\",\"@graph\":[{\"@type\":\"Article\",\"@id\":\"https:\\\/\\\/paulinenaue.info\\\/index.php\\\/heizhausdach-eingestuerzt\\\/#article\",\"isPartOf\":{\"@id\":\"https:\\\/\\\/paulinenaue.info\\\/index.php\\\/heizhausdach-eingestuerzt\\\/\"},\"author\":{\"name\":\"Joachim Scholz\",\"@id\":\"https:\\\/\\\/paulinenaue.info\\\/#\\\/schema\\\/person\\\/3f9e818fd7b69b0d2bd937ac506897cc\"},\"headline\":\"Heizhausdach eingest\u00fcrzt\",\"datePublished\":\"2018-09-07T21:33:41+00:00\",\"dateModified\":\"2018-09-08T17:12:04+00:00\",\"mainEntityOfPage\":{\"@id\":\"https:\\\/\\\/paulinenaue.info\\\/index.php\\\/heizhausdach-eingestuerzt\\\/\"},\"wordCount\":243,\"commentCount\":0,\"image\":{\"@id\":\"https:\\\/\\\/paulinenaue.info\\\/index.php\\\/heizhausdach-eingestuerzt\\\/#primaryimage\"},\"thumbnailUrl\":\"https:\\\/\\\/paulinenaue.info\\\/wp-content\\\/uploads\\\/2018\\\/09\\\/2018-09-02-Heinzhaus-Paulinenaue.jpg\",\"articleSection\":{\"1\":\"Dorfentwicklung\",\"2\":\"Hier Zuhause\",\"3\":\"Neuigkeiten\"},\"inLanguage\":\"de\",\"potentialAction\":[{\"@type\":\"CommentAction\",\"name\":\"Comment\",\"target\":[\"https:\\\/\\\/paulinenaue.info\\\/index.php\\\/heizhausdach-eingestuerzt\\\/#respond\"]}]},{\"@type\":\"WebPage\",\"@id\":\"https:\\\/\\\/paulinenaue.info\\\/index.php\\\/heizhausdach-eingestuerzt\\\/\",\"url\":\"https:\\\/\\\/paulinenaue.info\\\/index.php\\\/heizhausdach-eingestuerzt\\\/\",\"name\":\"Heizhausdach eingest\u00fcrzt - Paulinenaue\",\"isPartOf\":{\"@id\":\"https:\\\/\\\/paulinenaue.info\\\/#website\"},\"primaryImageOfPage\":{\"@id\":\"https:\\\/\\\/paulinenaue.info\\\/index.php\\\/heizhausdach-eingestuerzt\\\/#primaryimage\"},\"image\":{\"@id\":\"https:\\\/\\\/paulinenaue.info\\\/index.php\\\/heizhausdach-eingestuerzt\\\/#primaryimage\"},\"thumbnailUrl\":\"https:\\\/\\\/paulinenaue.info\\\/wp-content\\\/uploads\\\/2018\\\/09\\\/2018-09-02-Heinzhaus-Paulinenaue.jpg\",\"datePublished\":\"2018-09-07T21:33:41+00:00\",\"dateModified\":\"2018-09-08T17:12:04+00:00\",\"author\":{\"@id\":\"https:\\\/\\\/paulinenaue.info\\\/#\\\/schema\\\/person\\\/3f9e818fd7b69b0d2bd937ac506897cc\"},\"breadcrumb\":{\"@id\":\"https:\\\/\\\/paulinenaue.info\\\/index.php\\\/heizhausdach-eingestuerzt\\\/#breadcrumb\"},\"inLanguage\":\"de\",\"potentialAction\":[{\"@type\":\"ReadAction\",\"target\":[\"https:\\\/\\\/paulinenaue.info\\\/index.php\\\/heizhausdach-eingestuerzt\\\/\"]}]},{\"@type\":\"ImageObject\",\"inLanguage\":\"de\",\"@id\":\"https:\\\/\\\/paulinenaue.info\\\/index.php\\\/heizhausdach-eingestuerzt\\\/#primaryimage\",\"url\":\"https:\\\/\\\/paulinenaue.info\\\/wp-content\\\/uploads\\\/2018\\\/09\\\/2018-09-02-Heinzhaus-Paulinenaue.jpg\",\"contentUrl\":\"https:\\\/\\\/paulinenaue.info\\\/wp-content\\\/uploads\\\/2018\\\/09\\\/2018-09-02-Heinzhaus-Paulinenaue.jpg\",\"width\":1000,\"height\":667},{\"@type\":\"BreadcrumbList\",\"@id\":\"https:\\\/\\\/paulinenaue.info\\\/index.php\\\/heizhausdach-eingestuerzt\\\/#breadcrumb\",\"itemListElement\":[{\"@type\":\"ListItem\",\"position\":1,\"name\":\"Home\",\"item\":\"https:\\\/\\\/paulinenaue.info\\\/\"},{\"@type\":\"ListItem\",\"position\":2,\"name\":\"Heizhausdach eingest\u00fcrzt\"}]},{\"@type\":\"WebSite\",\"@id\":\"https:\\\/\\\/paulinenaue.info\\\/#website\",\"url\":\"https:\\\/\\\/paulinenaue.info\\\/\",\"name\":\"Paulinenaue\",\"description\":\"Ein Dorf im Havelland\",\"potentialAction\":[{\"@type\":\"SearchAction\",\"target\":{\"@type\":\"EntryPoint\",\"urlTemplate\":\"https:\\\/\\\/paulinenaue.info\\\/?s={search_term_string}\"},\"query-input\":{\"@type\":\"PropertyValueSpecification\",\"valueRequired\":true,\"valueName\":\"search_term_string\"}}],\"inLanguage\":\"de\"},{\"@type\":\"Person\",\"@id\":\"https:\\\/\\\/paulinenaue.info\\\/#\\\/schema\\\/person\\\/3f9e818fd7b69b0d2bd937ac506897cc\",\"name\":\"Joachim Scholz\",\"url\":\"https:\\\/\\\/paulinenaue.info\\\/index.php\\\/author\\\/jjscholz\\\/\"}]}<\/script>\n<!-- \/ Yoast SEO plugin. -->","yoast_head_json":{"title":"Heizhausdach eingest\u00fcrzt - Paulinenaue","robots":{"index":"index","follow":"follow","max-snippet":"max-snippet:-1","max-image-preview":"max-image-preview:large","max-video-preview":"max-video-preview:-1"},"canonical":"https:\/\/paulinenaue.info\/index.php\/heizhausdach-eingestuerzt\/","og_locale":"de_DE","og_type":"article","og_title":"Heizhausdach eingest\u00fcrzt - Paulinenaue","og_description":"Es ist nicht so leicht, die Mitte von Paulinenaue zu [&hellip;]","og_url":"https:\/\/paulinenaue.info\/index.php\/heizhausdach-eingestuerzt\/","og_site_name":"Paulinenaue","article_published_time":"2018-09-07T21:33:41+00:00","article_modified_time":"2018-09-08T17:12:04+00:00","og_image":[{"width":1000,"height":667,"url":"https:\/\/i1.wp.com\/paulinenaue.info\/wp-content\/uploads\/2018\/09\/2018-09-02-Heinzhaus-Paulinenaue.jpg?fit=1000%2C667&ssl=1","type":"image\/jpeg"}],"author":"Joachim Scholz","twitter_card":"summary_large_image","twitter_misc":{"Verfasst von":"Joachim Scholz","Gesch\u00e4tzte Lesezeit":"1\u00a0Minute"},"schema":{"@context":"https:\/\/schema.org","@graph":[{"@type":"Article","@id":"https:\/\/paulinenaue.info\/index.php\/heizhausdach-eingestuerzt\/#article","isPartOf":{"@id":"https:\/\/paulinenaue.info\/index.php\/heizhausdach-eingestuerzt\/"},"author":{"name":"Joachim Scholz","@id":"https:\/\/paulinenaue.info\/#\/schema\/person\/3f9e818fd7b69b0d2bd937ac506897cc"},"headline":"Heizhausdach eingest\u00fcrzt","datePublished":"2018-09-07T21:33:41+00:00","dateModified":"2018-09-08T17:12:04+00:00","mainEntityOfPage":{"@id":"https:\/\/paulinenaue.info\/index.php\/heizhausdach-eingestuerzt\/"},"wordCount":243,"commentCount":0,"image":{"@id":"https:\/\/paulinenaue.info\/index.php\/heizhausdach-eingestuerzt\/#primaryimage"},"thumbnailUrl":"https:\/\/paulinenaue.info\/wp-content\/uploads\/2018\/09\/2018-09-02-Heinzhaus-Paulinenaue.jpg","articleSection":{"1":"Dorfentwicklung","2":"Hier Zuhause","3":"Neuigkeiten"},"inLanguage":"de","potentialAction":[{"@type":"CommentAction","name":"Comment","target":["https:\/\/paulinenaue.info\/index.php\/heizhausdach-eingestuerzt\/#respond"]}]},{"@type":"WebPage","@id":"https:\/\/paulinenaue.info\/index.php\/heizhausdach-eingestuerzt\/","url":"https:\/\/paulinenaue.info\/index.php\/heizhausdach-eingestuerzt\/","name":"Heizhausdach eingest\u00fcrzt - Paulinenaue","isPartOf":{"@id":"https:\/\/paulinenaue.info\/#website"},"primaryImageOfPage":{"@id":"https:\/\/paulinenaue.info\/index.php\/heizhausdach-eingestuerzt\/#primaryimage"},"image":{"@id":"https:\/\/paulinenaue.info\/index.php\/heizhausdach-eingestuerzt\/#primaryimage"},"thumbnailUrl":"https:\/\/paulinenaue.info\/wp-content\/uploads\/2018\/09\/2018-09-02-Heinzhaus-Paulinenaue.jpg","datePublished":"2018-09-07T21:33:41+00:00","dateModified":"2018-09-08T17:12:04+00:00","author":{"@id":"https:\/\/paulinenaue.info\/#\/schema\/person\/3f9e818fd7b69b0d2bd937ac506897cc"},"breadcrumb":{"@id":"https:\/\/paulinenaue.info\/index.php\/heizhausdach-eingestuerzt\/#breadcrumb"},"inLanguage":"de","potentialAction":[{"@type":"ReadAction","target":["https:\/\/paulinenaue.info\/index.php\/heizhausdach-eingestuerzt\/"]}]},{"@type":"ImageObject","inLanguage":"de","@id":"https:\/\/paulinenaue.info\/index.php\/heizhausdach-eingestuerzt\/#primaryimage","url":"https:\/\/paulinenaue.info\/wp-content\/uploads\/2018\/09\/2018-09-02-Heinzhaus-Paulinenaue.jpg","contentUrl":"https:\/\/paulinenaue.info\/wp-content\/uploads\/2018\/09\/2018-09-02-Heinzhaus-Paulinenaue.jpg","width":1000,"height":667},{"@type":"BreadcrumbList","@id":"https:\/\/paulinenaue.info\/index.php\/heizhausdach-eingestuerzt\/#breadcrumb","itemListElement":[{"@type":"ListItem","position":1,"name":"Home","item":"https:\/\/paulinenaue.info\/"},{"@type":"ListItem","position":2,"name":"Heizhausdach eingest\u00fcrzt"}]},{"@type":"WebSite","@id":"https:\/\/paulinenaue.info\/#website","url":"https:\/\/paulinenaue.info\/","name":"Paulinenaue","description":"Ein Dorf im Havelland","potentialAction":[{"@type":"SearchAction","target":{"@type":"EntryPoint","urlTemplate":"https:\/\/paulinenaue.info\/?s={search_term_string}"},"query-input":{"@type":"PropertyValueSpecification","valueRequired":true,"valueName":"search_term_string"}}],"inLanguage":"de"},{"@type":"Person","@id":"https:\/\/paulinenaue.info\/#\/schema\/person\/3f9e818fd7b69b0d2bd937ac506897cc","name":"Joachim Scholz","url":"https:\/\/paulinenaue.info\/index.php\/author\/jjscholz\/"}]}},"jetpack_publicize_connections":[],"jetpack_featured_media_url":"https:\/\/paulinenaue.info\/wp-content\/uploads\/2018\/09\/2018-09-02-Heinzhaus-Paulinenaue.jpg","jetpack_sharing_enabled":true,"jetpack_shortlink":"https:\/\/wp.me\/pcYhWA-BU","jetpack-related-posts":[{"id":184284,"url":"https:\/\/paulinenaue.info\/index.php\/kirche-wird-saniert-und-multifunktional-nutzbar\/","url_meta":{"origin":2350,"position":0},"title":"Kirche wird saniert und multifunktional nutzbar","author":"Joachim Scholz","date":"29. Mai 2022","format":false,"excerpt":"von Andreas Flender, ehrenamtlicher Mitarbeiter und Bauverantwortlicher der evangelischen Kirchengemeinde In der Paulinenauer Kirche soll demn\u00e4chst ein Dorftreff entstehen. Es gibt daf\u00fcr Interesse von Vereinen, die bisher keine eigenen R\u00e4ume haben. Denkbar ist, dass der Kulturverein oder das Gemeinschaftswerk Soziale Dienste den Treff nutzen wird. Die Notfallseelsorge m\u00f6chte dort Gruppenabende\u2026","rel":"","context":"In &quot;Allgemein&quot;","block_context":{"text":"Allgemein","link":"https:\/\/paulinenaue.info\/index.php\/category\/allgemein\/"},"img":{"alt_text":"","src":"https:\/\/i0.wp.com\/paulinenaue.info\/wp-content\/uploads\/2022\/05\/2022-05-28-Paulinenaue-Kirche.jpg?resize=350%2C200&ssl=1","width":350,"height":200,"srcset":"https:\/\/i0.wp.com\/paulinenaue.info\/wp-content\/uploads\/2022\/05\/2022-05-28-Paulinenaue-Kirche.jpg?resize=350%2C200&ssl=1 1x, https:\/\/i0.wp.com\/paulinenaue.info\/wp-content\/uploads\/2022\/05\/2022-05-28-Paulinenaue-Kirche.jpg?resize=525%2C300&ssl=1 1.5x, https:\/\/i0.wp.com\/paulinenaue.info\/wp-content\/uploads\/2022\/05\/2022-05-28-Paulinenaue-Kirche.jpg?resize=700%2C400&ssl=1 2x"},"classes":[]},{"id":414827,"url":"https:\/\/paulinenaue.info\/index.php\/vom-donut-zum-pfannkuchen-gemeindevertretersitzung-zur-neuen-mitte-paulinenaue-stoesst-auf-grosses-interesse\/","url_meta":{"origin":2350,"position":1},"title":"Vom Donut zum Pfannkuchen: Gemeindevertretersitzung zur Neuen Mitte Paulinenaue st\u00f6\u00dft auf gro\u00dfes Interesse","author":"Joachim Scholz","date":"6. September 2022","format":false,"excerpt":"","rel":"","context":"In &quot;Allgemein&quot;","block_context":{"text":"Allgemein","link":"https:\/\/paulinenaue.info\/index.php\/category\/allgemein\/"},"img":{"alt_text":"","src":"https:\/\/i0.wp.com\/paulinenaue.info\/wp-content\/uploads\/2022\/09\/2022-09-05-GV-Neue-Mitte-01.jpeg?resize=350%2C200&ssl=1","width":350,"height":200,"srcset":"https:\/\/i0.wp.com\/paulinenaue.info\/wp-content\/uploads\/2022\/09\/2022-09-05-GV-Neue-Mitte-01.jpeg?resize=350%2C200&ssl=1 1x, https:\/\/i0.wp.com\/paulinenaue.info\/wp-content\/uploads\/2022\/09\/2022-09-05-GV-Neue-Mitte-01.jpeg?resize=525%2C300&ssl=1 1.5x, https:\/\/i0.wp.com\/paulinenaue.info\/wp-content\/uploads\/2022\/09\/2022-09-05-GV-Neue-Mitte-01.jpeg?resize=700%2C400&ssl=1 2x"},"classes":[]},{"id":189,"url":"https:\/\/paulinenaue.info\/index.php\/50-jahre-heizhausschornstein-wir-erinnern-an-die-erstbesteigung-des-hoechsten-paulinenauer-bauwerks\/","url_meta":{"origin":2350,"position":2},"title":"50 Jahre Heizhausschornstein 2013 \u2013 Wir erinnern an die Erstbesteigung des h\u00f6chsten Paulinenauer Bauwerks","author":"Joachim Scholz","date":"25. August 2013","format":false,"excerpt":"Joachim Scholz Der Schornstein am Heizhaus ist (2013) 50 Jahre alt und 34 Meter hoch. \u201eDass Du da nicht wieder hochkletterst\u201c, warnt Gerlinde Schmidt ihren Mann noch kurz vor unserem Fototermin am alten Heizhaus. Vielleicht war es vor 50 Jahren \u00e4hnlich, als beide sich noch gar nicht lange kannten und\u2026","rel":"","context":"In &quot;Dorfentwicklung&quot;","block_context":{"text":"Dorfentwicklung","link":"https:\/\/paulinenaue.info\/index.php\/category\/dorfentwicklung\/"},"img":{"alt_text":"","src":"https:\/\/i0.wp.com\/paulinenaue.info\/wp-content\/uploads\/2016\/03\/schornstein_20130825_01.jpg?resize=350%2C200&ssl=1","width":350,"height":200},"classes":[]},{"id":4717,"url":"https:\/\/paulinenaue.info\/index.php\/thema-torf-eine-exkursion-mit-karl-weirauch\/","url_meta":{"origin":2350,"position":3},"title":"Thema Torf \u2013 eine\u00a0Exkursion mit Karl Weirauch","author":"Joachim Scholz","date":"1. Mai 2019","format":false,"excerpt":"Karl Weirauch ist ein Ph\u00e4nomen. Das \u00e4lteste Foto von ihm zeigt ihn als Dreij\u00e4hrigen auf einer monstr\u00f6sen Wiesenwalze vor dem Paulinenauer \u201eNeubau\u201c, in der heutigen Philipp-M\u00fcller-Stra\u00dfe. Es wurde 1928 aufgenommen. Wenn er heute \u00fcber das Schicksal der Walze berichtet, die Mitte der 1930er Jahre erst ausrangiert und dann ausgeweidet wurde,\u2026","rel":"","context":"In &quot;Dorfentwicklung&quot;","block_context":{"text":"Dorfentwicklung","link":"https:\/\/paulinenaue.info\/index.php\/category\/dorfentwicklung\/"},"img":{"alt_text":"","src":"https:\/\/i0.wp.com\/paulinenaue.info\/wp-content\/uploads\/2019\/04\/DSC01130.jpg?resize=350%2C200&ssl=1","width":350,"height":200,"srcset":"https:\/\/i0.wp.com\/paulinenaue.info\/wp-content\/uploads\/2019\/04\/DSC01130.jpg?resize=350%2C200&ssl=1 1x, https:\/\/i0.wp.com\/paulinenaue.info\/wp-content\/uploads\/2019\/04\/DSC01130.jpg?resize=525%2C300&ssl=1 1.5x, https:\/\/i0.wp.com\/paulinenaue.info\/wp-content\/uploads\/2019\/04\/DSC01130.jpg?resize=700%2C400&ssl=1 2x"},"classes":[]},{"id":1166,"url":"https:\/\/paulinenaue.info\/index.php\/paulinenaues-nachbarn\/","url_meta":{"origin":2350,"position":4},"title":"Paulinenaues Nachbarn","author":"Sarah","date":"21. Juni 2017","format":false,"excerpt":"29.11.2005 Nach der Novemberumfrage im Fotoforum k\u00f6nnte man vermuten, dass Wagenitzer unter den Besuchern unserer Interetseite reichlich vertreten sind. Oder sollte Wagenitz wirklich so sch\u00f6n sein? Ein Fototoermin an einem der letzten sonnigen Herbstwochenenden ergab das folgende Portrait der wichtigsten Nachbarorte Paulinenaues und eine interessante Verteilung von engagiertem Auschwung und\u2026","rel":"","context":"In &quot;Allgemein&quot;","block_context":{"text":"Allgemein","link":"https:\/\/paulinenaue.info\/index.php\/category\/allgemein\/"},"img":{"alt_text":"Umfrage im Fotoforum vom 20.10. bis 21.11.2005 mit 47 Stimmen.","src":"https:\/\/i0.wp.com\/paulinenaue.info\/wp-content\/uploads\/2017\/06\/200511_nachbarorte.jpg?resize=350%2C200","width":350,"height":200},"classes":[]},{"id":143058,"url":"https:\/\/paulinenaue.info\/index.php\/erfolgreicher-dorfputz\/","url_meta":{"origin":2350,"position":5},"title":"Erfolgreicher Dorfputz","author":"Sarah","date":"26. April 2022","format":false,"excerpt":"","rel":"","context":"In &quot;Gemeinde Paulinenaue&quot;","block_context":{"text":"Gemeinde Paulinenaue","link":"https:\/\/paulinenaue.info\/index.php\/category\/gemeinde-paulinenaue\/"},"img":{"alt_text":"","src":"https:\/\/i0.wp.com\/paulinenaue.info\/wp-content\/uploads\/2022\/04\/IMG-20220409-WA0000.jpg?resize=350%2C200&ssl=1","width":350,"height":200,"srcset":"https:\/\/i0.wp.com\/paulinenaue.info\/wp-content\/uploads\/2022\/04\/IMG-20220409-WA0000.jpg?resize=350%2C200&ssl=1 1x, https:\/\/i0.wp.com\/paulinenaue.info\/wp-content\/uploads\/2022\/04\/IMG-20220409-WA0000.jpg?resize=525%2C300&ssl=1 1.5x, https:\/\/i0.wp.com\/paulinenaue.info\/wp-content\/uploads\/2022\/04\/IMG-20220409-WA0000.jpg?resize=700%2C400&ssl=1 2x"},"classes":[]}],"_links":{"self":[{"href":"https:\/\/paulinenaue.info\/index.php\/wp-json\/wp\/v2\/posts\/2350","targetHints":{"allow":["GET"]}}],"collection":[{"href":"https:\/\/paulinenaue.info\/index.php\/wp-json\/wp\/v2\/posts"}],"about":[{"href":"https:\/\/paulinenaue.info\/index.php\/wp-json\/wp\/v2\/types\/post"}],"author":[{"embeddable":true,"href":"https:\/\/paulinenaue.info\/index.php\/wp-json\/wp\/v2\/users\/1"}],"replies":[{"embeddable":true,"href":"https:\/\/paulinenaue.info\/index.php\/wp-json\/wp\/v2\/comments?post=2350"}],"version-history":[{"count":11,"href":"https:\/\/paulinenaue.info\/index.php\/wp-json\/wp\/v2\/posts\/2350\/revisions"}],"predecessor-version":[{"id":2369,"href":"https:\/\/paulinenaue.info\/index.php\/wp-json\/wp\/v2\/posts\/2350\/revisions\/2369"}],"wp:featuredmedia":[{"embeddable":true,"href":"https:\/\/paulinenaue.info\/index.php\/wp-json\/wp\/v2\/media\/2359"}],"wp:attachment":[{"href":"https:\/\/paulinenaue.info\/index.php\/wp-json\/wp\/v2\/media?parent=2350"}],"wp:term":[{"taxonomy":"category","embeddable":true,"href":"https:\/\/paulinenaue.info\/index.php\/wp-json\/wp\/v2\/categories?post=2350"},{"taxonomy":"post_tag","embeddable":true,"href":"https:\/\/paulinenaue.info\/index.php\/wp-json\/wp\/v2\/tags?post=2350"}],"curies":[{"name":"wp","href":"https:\/\/api.w.org\/{rel}","templated":true}]}}