{"id":35376,"date":"2003-07-02T12:00:23","date_gmt":"2003-07-02T10:00:23","guid":{"rendered":"https:\/\/paulinenaue.info\/?p=35376"},"modified":"2024-04-13T01:36:10","modified_gmt":"2024-04-12T23:36:10","slug":"fleischer-schroeder-schliesst","status":"publish","type":"post","link":"https:\/\/paulinenaue.info\/index.php\/fleischer-schroeder-schliesst\/","title":{"rendered":"Fleischer Schr\u00f6der schlie\u00dft"},"content":{"rendered":"<h2>Zu Besuch am letzten \u00d6ffnungstag<\/h2>\n<p>Am Samstag, dem 28. Juni 2003, war die Fleischerei Herbert Schr\u00f6der (\u201eMulle\u201c) zum letzten Mal f\u00fcr ihre Kundschaft ge\u00f6ffnet. Nach 72 Jahren wird das traditionsreiche Familienunternehmen an den \u201eM\u00e4rkischen Hof\u201c Selbelang \u00fcbergeben, der wahrscheinlich schon im Juli den Fleischereibetrieb wieder aufnehmen wird.<\/p>\n<div id=\"attachment_35377\" style=\"width: 810px\" class=\"wp-caption alignnone\"><a href=\"https:\/\/paulinenaue.info\/wp-content\/uploads\/2022\/02\/2003-06-29-Paulinenaue-Fleischerei-Schro\u0308der.jpg\"><img decoding=\"async\" aria-describedby=\"caption-attachment-35377\" data-attachment-id=\"35377\" data-permalink=\"https:\/\/paulinenaue.info\/index.php\/fleischer-schroeder-schliesst\/2003-06-29-paulinenaue-fleischerei-schro%cc%88der\/\" data-orig-file=\"https:\/\/paulinenaue.info\/wp-content\/uploads\/2022\/02\/2003-06-29-Paulinenaue-Fleischerei-Schro\u0308der.jpg\" data-orig-size=\"1000,602\" data-comments-opened=\"1\" data-image-meta=\"{&quot;aperture&quot;:&quot;0&quot;,&quot;credit&quot;:&quot;&quot;,&quot;camera&quot;:&quot;&quot;,&quot;caption&quot;:&quot;&quot;,&quot;created_timestamp&quot;:&quot;0&quot;,&quot;copyright&quot;:&quot;&quot;,&quot;focal_length&quot;:&quot;0&quot;,&quot;iso&quot;:&quot;0&quot;,&quot;shutter_speed&quot;:&quot;0&quot;,&quot;title&quot;:&quot;&quot;,&quot;orientation&quot;:&quot;1&quot;}\" data-image-title=\"2003-06-29, Paulinenaue, Fleischerei Schro\u0308der\" data-image-description=\"&lt;p&gt;Die Fleischerei Herbert Schr\u00f6der einen Tag nach ihrer Schlie\u00dfung am 29.06.2003. Wohl schon im Juli wird das Gesch\u00e4ft vom \u201eM\u00e4rkischen Hof\u201c Selbelang \u00fcbernommen.&lt;\/p&gt;\n\" data-image-caption=\"&lt;p&gt;Die Fleischerei Herbert Schr\u00f6der einen Tag nach ihrer Schlie\u00dfung. Wohl schon im Juli wird das Gesch\u00e4ft vom \u201eM\u00e4rkischen Hof\u201c Selbelang \u00fcbernommen. Foto: Joachim Scholz, 2003.&lt;\/p&gt;\n\" data-large-file=\"https:\/\/paulinenaue.info\/wp-content\/uploads\/2022\/02\/2003-06-29-Paulinenaue-Fleischerei-Schro\u0308der.jpg\" class=\"lazyload wp-image-35377 size-fusion-800\" src=\"https:\/\/paulinenaue.info\/wp-content\/uploads\/2022\/02\/2003-06-29-Paulinenaue-Fleischerei-Schro\u0308der-800x482.jpg\" data-orig-src=\"https:\/\/paulinenaue.info\/wp-content\/uploads\/2022\/02\/2003-06-29-Paulinenaue-Fleischerei-Schro\u0308der-800x482.jpg\" alt=\"\" width=\"800\" height=\"482\" srcset=\"data:image\/svg+xml,%3Csvg%20xmlns%3D%27http%3A%2F%2Fwww.w3.org%2F2000%2Fsvg%27%20width%3D%27800%27%20height%3D%27482%27%20viewBox%3D%270%200%20800%20482%27%3E%3Crect%20width%3D%27800%27%20height%3D%27482%27%20fill-opacity%3D%220%22%2F%3E%3C%2Fsvg%3E\" data-srcset=\"https:\/\/paulinenaue.info\/wp-content\/uploads\/2022\/02\/2003-06-29-Paulinenaue-Fleischerei-Schro\u0308der-200x120.jpg 200w, https:\/\/paulinenaue.info\/wp-content\/uploads\/2022\/02\/2003-06-29-Paulinenaue-Fleischerei-Schro\u0308der-300x181.jpg 300w, https:\/\/paulinenaue.info\/wp-content\/uploads\/2022\/02\/2003-06-29-Paulinenaue-Fleischerei-Schro\u0308der-400x241.jpg 400w, https:\/\/paulinenaue.info\/wp-content\/uploads\/2022\/02\/2003-06-29-Paulinenaue-Fleischerei-Schro\u0308der-600x361.jpg 600w, https:\/\/paulinenaue.info\/wp-content\/uploads\/2022\/02\/2003-06-29-Paulinenaue-Fleischerei-Schro\u0308der-768x462.jpg 768w, https:\/\/paulinenaue.info\/wp-content\/uploads\/2022\/02\/2003-06-29-Paulinenaue-Fleischerei-Schro\u0308der-800x482.jpg 800w, https:\/\/paulinenaue.info\/wp-content\/uploads\/2022\/02\/2003-06-29-Paulinenaue-Fleischerei-Schro\u0308der.jpg 1000w\" data-sizes=\"auto\" data-orig-sizes=\"(max-width: 800px) 100vw, 800px\" \/><\/a><p id=\"caption-attachment-35377\" class=\"wp-caption-text\"><em>Die Fleischerei Herbert Schr\u00f6der einen Tag nach ihrer Schlie\u00dfung. Wohl schon im Juli wird das Gesch\u00e4ft vom \u201eM\u00e4rkischen Hof\u201c Selbelang \u00fcbernommen. Foto: J. Scholz, 2003.<\/em><\/p><\/div>\n<h3>Der letzte \u00d6ffnungstag als Thema im \u201eFotoforum Paulinenaue\u201c<\/h3>\n<p><em>Der Betriebs\u00fcbergabe bei Fleischer Schr\u00f6der waren auch zwei Beitr\u00e4ge des \u201eFotoforums Paulinenaue\u201c gewidmet. Das Fotoforum war eine Mailingliste, die zwischen 2003 und 2014 in w\u00f6chentlichen Sendungen Geschichten aus dem Paulinenauer Dorfleben erz\u00e4hlte und diskutierte. Meist leitete eine Quizfrage zur n\u00e4chsten Sendung \u00fcber. Sendung 46 vom 02.07.2003 portr\u00e4tiert Familie Schr\u00f6der am letzten \u00d6ffnungstag, in Sendung 47 vom 09.07.2003 war das charakteristische Schaufenster der Fleischerei Thema.<\/em><\/p>\n<p>02.07.2003 (JS): Das Ereignis, dem wir uns heute zuwenden, geh\u00f6rt einmal mehr zu jenen Denkw\u00fcrdigkeiten, die lebhafte Erinnerungen in den meisten Paulinenauern wachrufen werden, sofern sie sich nicht gerade zum Kreis der Vegetarier z\u00e4hlen. Nach vielen Jahren tritt Fleischermeister Herbert Schr\u00f6der seinen wohlverdienten Ruhestand an und schlie\u00dft die T\u00fcr des Ladens in der Ruppiner Stra\u00dfe. Am Wochenende konnte man ihn schon bei einem Feierabendbier in Kr\u00fcgers Kneipe antreffen, wo ihm von vielen Seiten Gr\u00fc\u00dfe und herzliche Zukunftsw\u00fcnsche entgegengebracht wurden. In aller Ruhe will er, wie er da sagte, den neuen Lebensabschnitt angehen. Auch das Fotoforum w\u00fcnscht daf\u00fcr alles Gute!<\/p>\n<div id=\"attachment_35841\" style=\"width: 810px\" class=\"wp-caption alignnone\"><a href=\"https:\/\/paulinenaue.info\/wp-content\/uploads\/2022\/02\/2003-06-28-Fleischerei-Schro\u0308der-01.jpg\"><img decoding=\"async\" aria-describedby=\"caption-attachment-35841\" data-attachment-id=\"35841\" data-permalink=\"https:\/\/paulinenaue.info\/index.php\/fleischer-schroeder-schliesst\/2003-06-28-fleischerei-schro%cc%88der-01\/\" data-orig-file=\"https:\/\/paulinenaue.info\/wp-content\/uploads\/2022\/02\/2003-06-28-Fleischerei-Schro\u0308der-01.jpg\" data-orig-size=\"1750,1179\" data-comments-opened=\"1\" data-image-meta=\"{&quot;aperture&quot;:&quot;0&quot;,&quot;credit&quot;:&quot;&quot;,&quot;camera&quot;:&quot;&quot;,&quot;caption&quot;:&quot;&quot;,&quot;created_timestamp&quot;:&quot;0&quot;,&quot;copyright&quot;:&quot;&quot;,&quot;focal_length&quot;:&quot;0&quot;,&quot;iso&quot;:&quot;0&quot;,&quot;shutter_speed&quot;:&quot;0&quot;,&quot;title&quot;:&quot;&quot;,&quot;orientation&quot;:&quot;1&quot;}\" data-image-title=\"2003-06-28, Fleischerei Schro\u0308der 01\" data-image-description=\"&lt;p&gt;Familie Schr\u00f6der am letzten \u00d6ffnungstag ihrer Fleischerei (28.06.2003)&lt;\/p&gt;\n\" data-image-caption=\"&lt;p&gt;Familie Schr\u00f6der am letzten \u00d6ffnungstag ihrer Fleischerei (28.06.2003)&lt;\/p&gt;\n\" data-large-file=\"https:\/\/paulinenaue.info\/wp-content\/uploads\/2022\/02\/2003-06-28-Fleischerei-Schro\u0308der-01-1024x690.jpg\" class=\"lazyload wp-image-35841 \" src=\"https:\/\/paulinenaue.info\/wp-content\/uploads\/2022\/02\/2003-06-28-Fleischerei-Schro\u0308der-01-1200x808.jpg\" data-orig-src=\"https:\/\/paulinenaue.info\/wp-content\/uploads\/2022\/02\/2003-06-28-Fleischerei-Schro\u0308der-01-1200x808.jpg\" alt=\"\" width=\"800\" height=\"538\" srcset=\"data:image\/svg+xml,%3Csvg%20xmlns%3D%27http%3A%2F%2Fwww.w3.org%2F2000%2Fsvg%27%20width%3D%27800%27%20height%3D%27538%27%20viewBox%3D%270%200%20800%20538%27%3E%3Crect%20width%3D%27800%27%20height%3D%27538%27%20fill-opacity%3D%220%22%2F%3E%3C%2Fsvg%3E\" data-srcset=\"https:\/\/paulinenaue.info\/wp-content\/uploads\/2022\/02\/2003-06-28-Fleischerei-Schro\u0308der-01-200x135.jpg 200w, https:\/\/paulinenaue.info\/wp-content\/uploads\/2022\/02\/2003-06-28-Fleischerei-Schro\u0308der-01-300x202.jpg 300w, https:\/\/paulinenaue.info\/wp-content\/uploads\/2022\/02\/2003-06-28-Fleischerei-Schro\u0308der-01-400x269.jpg 400w, https:\/\/paulinenaue.info\/wp-content\/uploads\/2022\/02\/2003-06-28-Fleischerei-Schro\u0308der-01-600x404.jpg 600w, https:\/\/paulinenaue.info\/wp-content\/uploads\/2022\/02\/2003-06-28-Fleischerei-Schro\u0308der-01-768x517.jpg 768w, https:\/\/paulinenaue.info\/wp-content\/uploads\/2022\/02\/2003-06-28-Fleischerei-Schro\u0308der-01-800x539.jpg 800w, https:\/\/paulinenaue.info\/wp-content\/uploads\/2022\/02\/2003-06-28-Fleischerei-Schro\u0308der-01-1024x690.jpg 1024w, https:\/\/paulinenaue.info\/wp-content\/uploads\/2022\/02\/2003-06-28-Fleischerei-Schro\u0308der-01-1200x808.jpg 1200w, https:\/\/paulinenaue.info\/wp-content\/uploads\/2022\/02\/2003-06-28-Fleischerei-Schro\u0308der-01-1536x1035.jpg 1536w, https:\/\/paulinenaue.info\/wp-content\/uploads\/2022\/02\/2003-06-28-Fleischerei-Schro\u0308der-01.jpg 1750w\" data-sizes=\"auto\" data-orig-sizes=\"(max-width: 800px) 100vw, 800px\" \/><\/a><p id=\"caption-attachment-35841\" class=\"wp-caption-text\"><em>Familie Schr\u00f6der am letzten \u00d6ffnungstag ihrer Fleischerei (28.06.2003). Foto: J. Scholz.<\/em><\/p><\/div>\n<p>Die Fleischerei Herbert Schr\u00f6der bestand als Familienbetrieb seit mehr als siebzig Jahren. Das Bild der heutigen Sendung zeigt die am letzten \u00d6ffnungstag versammelte Familie und es sind darauf noch einmal all die zu erkennen, die wir in Zukunft hinter dem Ladentisch vermissen werden. Leer sind schon die W\u00e4nde, an denen einst S-f\u00f6rmige Haken Fleisch- und Wurstwaren trugen. Beim Fleischer gab es immer Beeindruckendes zu betrachten, tieranatomische Details, wie zum Beispiel eine Schale mit Gehirn, oder Rinderzungen &#8211; alles Dinge, die ich mit leichtem Grausen hier zum ersten Mal gesehen habe. Als letzter Kunde verlie\u00df ich nun am vergangenen Samstag das Gesch\u00e4ft, am letzten Hackepeterbr\u00f6tchen kauend &#8211; dem leckeren Hackepeter, dem wohl kaum jemand so nachtrauern wird wie Konstanze Mietz, die man oft dar\u00fcber schw\u00e4rmen h\u00f6rte. Dabei sei am Hackepeterrezept gar nichts Besonderes, erkl\u00e4rt Frau Schr\u00f6der. Eher das, was daran fehlte, h\u00e4tte die Unverwechselbarkeit des Geschmacks garantiert. Von den neuen W\u00fcrzsalzen, mit denen die Fleischer hierzulande nach der Wende Bekanntschaft schlossen, waren Schr\u00f6ders nie begeistert. Sie verfeinerten ihre Produkte weiter nach der alten Art und vertrauten auf die Frische des Fleisches. In den Bereich des Traditionellen geh\u00f6rt auch der Spitzname unseres Paulinenauer Fleischers: &#8222;Mulle&#8220;. Schon als Kind wurde Herbert Schr\u00f6der so genannt.<\/p>\n<p>Und zur Quizfrage schlie\u00dflich kommt mit dem Schaufenster des Fleischereigesch\u00e4ftes noch einmal eine besondere Attraktion zur Sprache. Eine immer gut gelaunte Tiergruppe ziert die Kachel- und Blumenlandschaft, die dort aufgebaut ist. Um welche Spezies aber handelt es sich dabei:<\/p>\n<p>a) um ein Schwein, eine Kuh und einen Puter,<br \/>\nb) um zwei Schweine und eine Kuh,<br \/>\noder c) um drei Schweine?<\/p>\n<h3>Die Schweinchen im Schaufenster der Fleischerei Schr\u00f6der<\/h3>\n<div id=\"attachment_35842\" style=\"width: 810px\" class=\"wp-caption alignnone\"><a href=\"https:\/\/paulinenaue.info\/wp-content\/uploads\/2022\/02\/2003-06-28-Fleischerei-Schro\u0308der-02.jpg\"><img decoding=\"async\" aria-describedby=\"caption-attachment-35842\" data-attachment-id=\"35842\" data-permalink=\"https:\/\/paulinenaue.info\/index.php\/fleischer-schroeder-schliesst\/2003-06-28-fleischerei-schro%cc%88der-02\/\" data-orig-file=\"https:\/\/paulinenaue.info\/wp-content\/uploads\/2022\/02\/2003-06-28-Fleischerei-Schro\u0308der-02.jpg\" data-orig-size=\"1734,1194\" data-comments-opened=\"1\" data-image-meta=\"{&quot;aperture&quot;:&quot;0&quot;,&quot;credit&quot;:&quot;&quot;,&quot;camera&quot;:&quot;&quot;,&quot;caption&quot;:&quot;&quot;,&quot;created_timestamp&quot;:&quot;0&quot;,&quot;copyright&quot;:&quot;&quot;,&quot;focal_length&quot;:&quot;0&quot;,&quot;iso&quot;:&quot;0&quot;,&quot;shutter_speed&quot;:&quot;0&quot;,&quot;title&quot;:&quot;&quot;,&quot;orientation&quot;:&quot;1&quot;}\" data-image-title=\"2003-06-28, Fleischerei Schro\u0308der 02\" data-image-description=\"&lt;p&gt;Schweinchen im Schaufenster der Fleischerei Schr\u00f6der 2003&lt;\/p&gt;\n\" data-image-caption=\"&lt;p&gt;Schweinchen im Schaufenster der Fleischerei Schr\u00f6der&lt;\/p&gt;\n\" data-large-file=\"https:\/\/paulinenaue.info\/wp-content\/uploads\/2022\/02\/2003-06-28-Fleischerei-Schro\u0308der-02-1024x705.jpg\" class=\"lazyload size-fusion-800 wp-image-35842\" src=\"https:\/\/paulinenaue.info\/wp-content\/uploads\/2022\/02\/2003-06-28-Fleischerei-Schro\u0308der-02-800x551.jpg\" data-orig-src=\"https:\/\/paulinenaue.info\/wp-content\/uploads\/2022\/02\/2003-06-28-Fleischerei-Schro\u0308der-02-800x551.jpg\" alt=\"\" width=\"800\" height=\"551\" srcset=\"data:image\/svg+xml,%3Csvg%20xmlns%3D%27http%3A%2F%2Fwww.w3.org%2F2000%2Fsvg%27%20width%3D%27800%27%20height%3D%27551%27%20viewBox%3D%270%200%20800%20551%27%3E%3Crect%20width%3D%27800%27%20height%3D%27551%27%20fill-opacity%3D%220%22%2F%3E%3C%2Fsvg%3E\" data-srcset=\"https:\/\/paulinenaue.info\/wp-content\/uploads\/2022\/02\/2003-06-28-Fleischerei-Schro\u0308der-02-200x138.jpg 200w, https:\/\/paulinenaue.info\/wp-content\/uploads\/2022\/02\/2003-06-28-Fleischerei-Schro\u0308der-02-300x207.jpg 300w, https:\/\/paulinenaue.info\/wp-content\/uploads\/2022\/02\/2003-06-28-Fleischerei-Schro\u0308der-02-400x275.jpg 400w, https:\/\/paulinenaue.info\/wp-content\/uploads\/2022\/02\/2003-06-28-Fleischerei-Schro\u0308der-02-600x413.jpg 600w, https:\/\/paulinenaue.info\/wp-content\/uploads\/2022\/02\/2003-06-28-Fleischerei-Schro\u0308der-02-768x529.jpg 768w, https:\/\/paulinenaue.info\/wp-content\/uploads\/2022\/02\/2003-06-28-Fleischerei-Schro\u0308der-02-800x551.jpg 800w, https:\/\/paulinenaue.info\/wp-content\/uploads\/2022\/02\/2003-06-28-Fleischerei-Schro\u0308der-02-1024x705.jpg 1024w, https:\/\/paulinenaue.info\/wp-content\/uploads\/2022\/02\/2003-06-28-Fleischerei-Schro\u0308der-02-1200x826.jpg 1200w, https:\/\/paulinenaue.info\/wp-content\/uploads\/2022\/02\/2003-06-28-Fleischerei-Schro\u0308der-02-1536x1058.jpg 1536w, https:\/\/paulinenaue.info\/wp-content\/uploads\/2022\/02\/2003-06-28-Fleischerei-Schro\u0308der-02.jpg 1734w\" data-sizes=\"auto\" data-orig-sizes=\"(max-width: 800px) 100vw, 800px\" \/><\/a><p id=\"caption-attachment-35842\" class=\"wp-caption-text\"><em>Schweinchen im Schaufenster der Fleischerei Schr\u00f6der. Foto: J. Scholz, 2003.<\/em><\/p><\/div>\n<p>09.07.2003 (JS): Herzlich willkommen zur Sendung 47. Heute wird Geschichte geschrieben, erh\u00e4lt doch das Fotoforum wieder einmal die dankbare Funktion, bildgewordene Erinnerungen zu konservieren. Schon sind die drei Kameraden, nach denen beim letzten Mal gefragt worden ist und die es nun zu betrachten gibt, ihrem angestammten Platz entnommen worden. Eberhard Schwarz hat zur L\u00f6sung der Wochenfrage noch einmal den Weg zum Fleischer angetreten und machte dort eine traurige Entdeckung: \u201eWer zu sp\u00e4t kommt, sieht ein leeres Schaufenster\u201c, schreibt er im Fotoforum. Weiter bemerkt er: \u201eIch bin jetzt zusammen mit meiner Frau seit M\u00e4rz 1981 Paulinenauer B\u00fcrger, aber das Fotoforum lehrt, dass nicht die Jahre allein z\u00e4hlen. F\u00fcr viele Mitstreiter des Forums, die hier aufgewachsen sind, besteht eine besondere Bindung zu Paulinenaue.\u201c Mit dieser Meinung, die ja gewisserma\u00dfen den Gr\u00fcndungsmythos des Fotoforum wiedergibt, steht er tats\u00e4chlich nicht allein da. Dass Paulinenauer Allt\u00e4glichkeiten \u2013 in diesem Falle die Gipsschweinchen des Fleischers \u2013 Gef\u00fchle der R\u00fchrung aufsteigen lassen k\u00f6nnen, beweist auch die Zuschrift von Karsten Schulze. Die Tiere, die immerhin seit Vorkriegstagen in Schr\u00f6ders Diensten standen und sogar schon eine Restaurierung erfahren haben, sind Karsten als \u201efreundliche Viecher\u201c in Erinnerung und er bekennt: \u201eDie Schaufensterdeko hat auch mich schon in fr\u00fchester Jugend in ihren Bann gezogen.\u201c<\/p>\n","protected":false},"excerpt":{"rendered":"<p>Zu Besuch am letzten \u00d6ffnungstag Am Samstag, dem 28. Juni [&hellip;]<\/p>\n","protected":false},"author":1,"featured_media":35842,"comment_status":"open","ping_status":"open","sticky":false,"template":"","format":"standard","meta":{"_acf_changed":false,"_price":"","_stock":"","_tribe_ticket_header":"","_tribe_default_ticket_provider":"","_tribe_ticket_capacity":"0","_ticket_start_date":"","_ticket_end_date":"","_tribe_ticket_show_description":"","_tribe_ticket_show_not_going":false,"_tribe_ticket_use_global_stock":"","_tribe_ticket_global_stock_level":"","_global_stock_mode":"","_global_stock_cap":"","_tribe_rsvp_for_event":"","_tribe_ticket_going_count":"","_tribe_ticket_not_going_count":"","_tribe_tickets_list":"[]","_tribe_ticket_has_attendee_info_fields":false,"jetpack_post_was_ever_published":false,"_jetpack_newsletter_access":"","_jetpack_dont_email_post_to_subs":false,"_jetpack_newsletter_tier_id":0,"_jetpack_memberships_contains_paywalled_content":false,"_jetpack_memberships_contains_paid_content":false,"footnotes":"","jetpack_publicize_message":"","jetpack_publicize_feature_enabled":true,"jetpack_social_post_already_shared":true,"jetpack_social_options":{"image_generator_settings":{"template":"highway","default_image_id":0,"font":"","enabled":false},"version":2}},"categories":[40,9,25],"tags":[459,458,460],"class_list":["post-35376","post","type-post","status-publish","format-standard","has-post-thumbnail","hentry","category-dorfentwicklung","category-neuigkeiten","category-wirtschaft","tag-fleischer-schroeder","tag-herbert-schroeder","tag-schaufenster"],"acf":[],"yoast_head":"<!-- This site is optimized with the Yoast SEO plugin v27.5 - https:\/\/yoast.com\/product\/yoast-seo-wordpress\/ -->\n<title>Fleischer Schr\u00f6der schlie\u00dft - Paulinenaue<\/title>\n<meta name=\"description\" content=\"Nach 72 Jahren wurde die als Familienunternehmen gef\u00fchrte Paulinenauer Fleischerei Schr\u00f6der am 28.06.2003 \u00fcbergeben.\" \/>\n<meta name=\"robots\" content=\"index, follow, max-snippet:-1, max-image-preview:large, max-video-preview:-1\" \/>\n<link rel=\"canonical\" href=\"https:\/\/paulinenaue.info\/index.php\/fleischer-schroeder-schliesst\/\" \/>\n<meta property=\"og:locale\" content=\"de_DE\" \/>\n<meta property=\"og:type\" content=\"article\" \/>\n<meta property=\"og:title\" content=\"Fleischer Schr\u00f6der schlie\u00dft - Paulinenaue\" \/>\n<meta property=\"og:description\" content=\"Nach 72 Jahren wurde die als Familienunternehmen gef\u00fchrte Paulinenauer Fleischerei Schr\u00f6der am 28.06.2003 \u00fcbergeben.\" \/>\n<meta property=\"og:url\" content=\"https:\/\/paulinenaue.info\/index.php\/fleischer-schroeder-schliesst\/\" \/>\n<meta property=\"og:site_name\" content=\"Paulinenaue\" \/>\n<meta property=\"article:published_time\" content=\"2003-07-02T10:00:23+00:00\" \/>\n<meta property=\"article:modified_time\" content=\"2024-04-12T23:36:10+00:00\" \/>\n<meta property=\"og:image\" content=\"https:\/\/paulinenaue.info\/wp-content\/uploads\/2022\/02\/2003-06-28-Fleischerei-Schro\u0308der-02.jpg\" \/>\n\t<meta property=\"og:image:width\" content=\"1734\" \/>\n\t<meta property=\"og:image:height\" content=\"1194\" \/>\n\t<meta property=\"og:image:type\" content=\"image\/jpeg\" \/>\n<meta name=\"author\" content=\"Joachim Scholz\" \/>\n<meta name=\"twitter:card\" content=\"summary_large_image\" \/>\n<meta name=\"twitter:label1\" content=\"Verfasst von\" \/>\n\t<meta name=\"twitter:data1\" content=\"Joachim Scholz\" \/>\n\t<meta name=\"twitter:label2\" content=\"Gesch\u00e4tzte Lesezeit\" \/>\n\t<meta name=\"twitter:data2\" content=\"5\u00a0Minuten\" \/>\n<script type=\"application\/ld+json\" class=\"yoast-schema-graph\">{\"@context\":\"https:\\\/\\\/schema.org\",\"@graph\":[{\"@type\":\"Article\",\"@id\":\"https:\\\/\\\/paulinenaue.info\\\/index.php\\\/fleischer-schroeder-schliesst\\\/#article\",\"isPartOf\":{\"@id\":\"https:\\\/\\\/paulinenaue.info\\\/index.php\\\/fleischer-schroeder-schliesst\\\/\"},\"author\":{\"name\":\"Joachim Scholz\",\"@id\":\"https:\\\/\\\/paulinenaue.info\\\/#\\\/schema\\\/person\\\/3f9e818fd7b69b0d2bd937ac506897cc\"},\"headline\":\"Fleischer Schr\u00f6der schlie\u00dft\",\"datePublished\":\"2003-07-02T10:00:23+00:00\",\"dateModified\":\"2024-04-12T23:36:10+00:00\",\"mainEntityOfPage\":{\"@id\":\"https:\\\/\\\/paulinenaue.info\\\/index.php\\\/fleischer-schroeder-schliesst\\\/\"},\"wordCount\":807,\"commentCount\":0,\"image\":{\"@id\":\"https:\\\/\\\/paulinenaue.info\\\/index.php\\\/fleischer-schroeder-schliesst\\\/#primaryimage\"},\"thumbnailUrl\":\"https:\\\/\\\/paulinenaue.info\\\/wp-content\\\/uploads\\\/2022\\\/02\\\/2003-06-28-Fleischerei-Schro\u0308der-02.jpg\",\"keywords\":[\"Fleischer Schr\u00f6der\",\"Herbert Schr\u00f6der\",\"Schaufenster\"],\"articleSection\":[\"Dorfentwicklung\",\"Neuigkeiten\",\"Wirtschaft\"],\"inLanguage\":\"de\",\"potentialAction\":[{\"@type\":\"CommentAction\",\"name\":\"Comment\",\"target\":[\"https:\\\/\\\/paulinenaue.info\\\/index.php\\\/fleischer-schroeder-schliesst\\\/#respond\"]}]},{\"@type\":\"WebPage\",\"@id\":\"https:\\\/\\\/paulinenaue.info\\\/index.php\\\/fleischer-schroeder-schliesst\\\/\",\"url\":\"https:\\\/\\\/paulinenaue.info\\\/index.php\\\/fleischer-schroeder-schliesst\\\/\",\"name\":\"Fleischer Schr\u00f6der schlie\u00dft - Paulinenaue\",\"isPartOf\":{\"@id\":\"https:\\\/\\\/paulinenaue.info\\\/#website\"},\"primaryImageOfPage\":{\"@id\":\"https:\\\/\\\/paulinenaue.info\\\/index.php\\\/fleischer-schroeder-schliesst\\\/#primaryimage\"},\"image\":{\"@id\":\"https:\\\/\\\/paulinenaue.info\\\/index.php\\\/fleischer-schroeder-schliesst\\\/#primaryimage\"},\"thumbnailUrl\":\"https:\\\/\\\/paulinenaue.info\\\/wp-content\\\/uploads\\\/2022\\\/02\\\/2003-06-28-Fleischerei-Schro\u0308der-02.jpg\",\"datePublished\":\"2003-07-02T10:00:23+00:00\",\"dateModified\":\"2024-04-12T23:36:10+00:00\",\"author\":{\"@id\":\"https:\\\/\\\/paulinenaue.info\\\/#\\\/schema\\\/person\\\/3f9e818fd7b69b0d2bd937ac506897cc\"},\"description\":\"Nach 72 Jahren wurde die als Familienunternehmen gef\u00fchrte Paulinenauer Fleischerei Schr\u00f6der am 28.06.2003 \u00fcbergeben.\",\"breadcrumb\":{\"@id\":\"https:\\\/\\\/paulinenaue.info\\\/index.php\\\/fleischer-schroeder-schliesst\\\/#breadcrumb\"},\"inLanguage\":\"de\",\"potentialAction\":[{\"@type\":\"ReadAction\",\"target\":[\"https:\\\/\\\/paulinenaue.info\\\/index.php\\\/fleischer-schroeder-schliesst\\\/\"]}]},{\"@type\":\"ImageObject\",\"inLanguage\":\"de\",\"@id\":\"https:\\\/\\\/paulinenaue.info\\\/index.php\\\/fleischer-schroeder-schliesst\\\/#primaryimage\",\"url\":\"https:\\\/\\\/paulinenaue.info\\\/wp-content\\\/uploads\\\/2022\\\/02\\\/2003-06-28-Fleischerei-Schro\u0308der-02.jpg\",\"contentUrl\":\"https:\\\/\\\/paulinenaue.info\\\/wp-content\\\/uploads\\\/2022\\\/02\\\/2003-06-28-Fleischerei-Schro\u0308der-02.jpg\",\"width\":1734,\"height\":1194,\"caption\":\"Schweinchen im Schaufenster der Fleischerei Schr\u00f6der\"},{\"@type\":\"BreadcrumbList\",\"@id\":\"https:\\\/\\\/paulinenaue.info\\\/index.php\\\/fleischer-schroeder-schliesst\\\/#breadcrumb\",\"itemListElement\":[{\"@type\":\"ListItem\",\"position\":1,\"name\":\"Home\",\"item\":\"https:\\\/\\\/paulinenaue.info\\\/\"},{\"@type\":\"ListItem\",\"position\":2,\"name\":\"Fleischer Schr\u00f6der schlie\u00dft\"}]},{\"@type\":\"WebSite\",\"@id\":\"https:\\\/\\\/paulinenaue.info\\\/#website\",\"url\":\"https:\\\/\\\/paulinenaue.info\\\/\",\"name\":\"Paulinenaue\",\"description\":\"Ein Dorf im Havelland\",\"potentialAction\":[{\"@type\":\"SearchAction\",\"target\":{\"@type\":\"EntryPoint\",\"urlTemplate\":\"https:\\\/\\\/paulinenaue.info\\\/?s={search_term_string}\"},\"query-input\":{\"@type\":\"PropertyValueSpecification\",\"valueRequired\":true,\"valueName\":\"search_term_string\"}}],\"inLanguage\":\"de\"},{\"@type\":\"Person\",\"@id\":\"https:\\\/\\\/paulinenaue.info\\\/#\\\/schema\\\/person\\\/3f9e818fd7b69b0d2bd937ac506897cc\",\"name\":\"Joachim Scholz\",\"url\":\"https:\\\/\\\/paulinenaue.info\\\/index.php\\\/author\\\/jjscholz\\\/\"}]}<\/script>\n<!-- \/ Yoast SEO plugin. -->","yoast_head_json":{"title":"Fleischer Schr\u00f6der schlie\u00dft - Paulinenaue","description":"Nach 72 Jahren wurde die als Familienunternehmen gef\u00fchrte Paulinenauer Fleischerei Schr\u00f6der am 28.06.2003 \u00fcbergeben.","robots":{"index":"index","follow":"follow","max-snippet":"max-snippet:-1","max-image-preview":"max-image-preview:large","max-video-preview":"max-video-preview:-1"},"canonical":"https:\/\/paulinenaue.info\/index.php\/fleischer-schroeder-schliesst\/","og_locale":"de_DE","og_type":"article","og_title":"Fleischer Schr\u00f6der schlie\u00dft - Paulinenaue","og_description":"Nach 72 Jahren wurde die als Familienunternehmen gef\u00fchrte Paulinenauer Fleischerei Schr\u00f6der am 28.06.2003 \u00fcbergeben.","og_url":"https:\/\/paulinenaue.info\/index.php\/fleischer-schroeder-schliesst\/","og_site_name":"Paulinenaue","article_published_time":"2003-07-02T10:00:23+00:00","article_modified_time":"2024-04-12T23:36:10+00:00","og_image":[{"width":1734,"height":1194,"url":"https:\/\/paulinenaue.info\/wp-content\/uploads\/2022\/02\/2003-06-28-Fleischerei-Schro\u0308der-02.jpg","type":"image\/jpeg"}],"author":"Joachim Scholz","twitter_card":"summary_large_image","twitter_misc":{"Verfasst von":"Joachim Scholz","Gesch\u00e4tzte Lesezeit":"5\u00a0Minuten"},"schema":{"@context":"https:\/\/schema.org","@graph":[{"@type":"Article","@id":"https:\/\/paulinenaue.info\/index.php\/fleischer-schroeder-schliesst\/#article","isPartOf":{"@id":"https:\/\/paulinenaue.info\/index.php\/fleischer-schroeder-schliesst\/"},"author":{"name":"Joachim Scholz","@id":"https:\/\/paulinenaue.info\/#\/schema\/person\/3f9e818fd7b69b0d2bd937ac506897cc"},"headline":"Fleischer Schr\u00f6der schlie\u00dft","datePublished":"2003-07-02T10:00:23+00:00","dateModified":"2024-04-12T23:36:10+00:00","mainEntityOfPage":{"@id":"https:\/\/paulinenaue.info\/index.php\/fleischer-schroeder-schliesst\/"},"wordCount":807,"commentCount":0,"image":{"@id":"https:\/\/paulinenaue.info\/index.php\/fleischer-schroeder-schliesst\/#primaryimage"},"thumbnailUrl":"https:\/\/paulinenaue.info\/wp-content\/uploads\/2022\/02\/2003-06-28-Fleischerei-Schro\u0308der-02.jpg","keywords":["Fleischer Schr\u00f6der","Herbert Schr\u00f6der","Schaufenster"],"articleSection":["Dorfentwicklung","Neuigkeiten","Wirtschaft"],"inLanguage":"de","potentialAction":[{"@type":"CommentAction","name":"Comment","target":["https:\/\/paulinenaue.info\/index.php\/fleischer-schroeder-schliesst\/#respond"]}]},{"@type":"WebPage","@id":"https:\/\/paulinenaue.info\/index.php\/fleischer-schroeder-schliesst\/","url":"https:\/\/paulinenaue.info\/index.php\/fleischer-schroeder-schliesst\/","name":"Fleischer Schr\u00f6der schlie\u00dft - Paulinenaue","isPartOf":{"@id":"https:\/\/paulinenaue.info\/#website"},"primaryImageOfPage":{"@id":"https:\/\/paulinenaue.info\/index.php\/fleischer-schroeder-schliesst\/#primaryimage"},"image":{"@id":"https:\/\/paulinenaue.info\/index.php\/fleischer-schroeder-schliesst\/#primaryimage"},"thumbnailUrl":"https:\/\/paulinenaue.info\/wp-content\/uploads\/2022\/02\/2003-06-28-Fleischerei-Schro\u0308der-02.jpg","datePublished":"2003-07-02T10:00:23+00:00","dateModified":"2024-04-12T23:36:10+00:00","author":{"@id":"https:\/\/paulinenaue.info\/#\/schema\/person\/3f9e818fd7b69b0d2bd937ac506897cc"},"description":"Nach 72 Jahren wurde die als Familienunternehmen gef\u00fchrte Paulinenauer Fleischerei Schr\u00f6der am 28.06.2003 \u00fcbergeben.","breadcrumb":{"@id":"https:\/\/paulinenaue.info\/index.php\/fleischer-schroeder-schliesst\/#breadcrumb"},"inLanguage":"de","potentialAction":[{"@type":"ReadAction","target":["https:\/\/paulinenaue.info\/index.php\/fleischer-schroeder-schliesst\/"]}]},{"@type":"ImageObject","inLanguage":"de","@id":"https:\/\/paulinenaue.info\/index.php\/fleischer-schroeder-schliesst\/#primaryimage","url":"https:\/\/paulinenaue.info\/wp-content\/uploads\/2022\/02\/2003-06-28-Fleischerei-Schro\u0308der-02.jpg","contentUrl":"https:\/\/paulinenaue.info\/wp-content\/uploads\/2022\/02\/2003-06-28-Fleischerei-Schro\u0308der-02.jpg","width":1734,"height":1194,"caption":"Schweinchen im Schaufenster der Fleischerei Schr\u00f6der"},{"@type":"BreadcrumbList","@id":"https:\/\/paulinenaue.info\/index.php\/fleischer-schroeder-schliesst\/#breadcrumb","itemListElement":[{"@type":"ListItem","position":1,"name":"Home","item":"https:\/\/paulinenaue.info\/"},{"@type":"ListItem","position":2,"name":"Fleischer Schr\u00f6der schlie\u00dft"}]},{"@type":"WebSite","@id":"https:\/\/paulinenaue.info\/#website","url":"https:\/\/paulinenaue.info\/","name":"Paulinenaue","description":"Ein Dorf im Havelland","potentialAction":[{"@type":"SearchAction","target":{"@type":"EntryPoint","urlTemplate":"https:\/\/paulinenaue.info\/?s={search_term_string}"},"query-input":{"@type":"PropertyValueSpecification","valueRequired":true,"valueName":"search_term_string"}}],"inLanguage":"de"},{"@type":"Person","@id":"https:\/\/paulinenaue.info\/#\/schema\/person\/3f9e818fd7b69b0d2bd937ac506897cc","name":"Joachim Scholz","url":"https:\/\/paulinenaue.info\/index.php\/author\/jjscholz\/"}]}},"jetpack_publicize_connections":[],"jetpack_featured_media_url":"https:\/\/paulinenaue.info\/wp-content\/uploads\/2022\/02\/2003-06-28-Fleischerei-Schro\u0308der-02.jpg","jetpack_sharing_enabled":true,"jetpack_shortlink":"https:\/\/wp.me\/pcYhWA-9cA","jetpack-related-posts":[{"id":34249,"url":"https:\/\/paulinenaue.info\/index.php\/eroeffnung-des-havelland-radwanderweges-in-paulinenaue\/","url_meta":{"origin":35376,"position":0},"title":"Er\u00f6ffnung des Havelland-Radwanderweges in Paulinenaue","author":"Joachim Scholz","date":"12. April 2003","format":false,"excerpt":"Am 12. April 2003 wurde in Paulinenaue der beinahe 100 Kilometer lange Havelland-Radweg er\u00f6ffnet. F\u00fcr die Er\u00f6ffnungsveranstaltung zur Freigabe des Havelland-Radweges war Paulinenaue ausgew\u00e4hlt worden, weil die Gemeinde einerseits nahezu auf der H\u00e4lfte der Gesamtstrecke liegt und andererseits mit der Bahn auch f\u00fcr diejenigen gut zu erreichen ist, die nur\u2026","rel":"","context":"In &quot;Allgemein&quot;","block_context":{"text":"Allgemein","link":"https:\/\/paulinenaue.info\/index.php\/category\/allgemein\/"},"img":{"alt_text":"","src":"https:\/\/i0.wp.com\/paulinenaue.info\/wp-content\/uploads\/2022\/02\/2003-04-12-Eroeffnung-Havellandradweg-02.jpg?resize=350%2C200&ssl=1","width":350,"height":200,"srcset":"https:\/\/i0.wp.com\/paulinenaue.info\/wp-content\/uploads\/2022\/02\/2003-04-12-Eroeffnung-Havellandradweg-02.jpg?resize=350%2C200&ssl=1 1x, https:\/\/i0.wp.com\/paulinenaue.info\/wp-content\/uploads\/2022\/02\/2003-04-12-Eroeffnung-Havellandradweg-02.jpg?resize=525%2C300&ssl=1 1.5x, https:\/\/i0.wp.com\/paulinenaue.info\/wp-content\/uploads\/2022\/02\/2003-04-12-Eroeffnung-Havellandradweg-02.jpg?resize=700%2C400&ssl=1 2x, https:\/\/i0.wp.com\/paulinenaue.info\/wp-content\/uploads\/2022\/02\/2003-04-12-Eroeffnung-Havellandradweg-02.jpg?resize=1050%2C600&ssl=1 3x, https:\/\/i0.wp.com\/paulinenaue.info\/wp-content\/uploads\/2022\/02\/2003-04-12-Eroeffnung-Havellandradweg-02.jpg?resize=1400%2C800&ssl=1 4x"},"classes":[]},{"id":1166,"url":"https:\/\/paulinenaue.info\/index.php\/paulinenaues-nachbarn\/","url_meta":{"origin":35376,"position":1},"title":"Paulinenaues Nachbarn","author":"Sarah","date":"21. Juni 2017","format":false,"excerpt":"29.11.2005 Nach der Novemberumfrage im Fotoforum k\u00f6nnte man vermuten, dass Wagenitzer unter den Besuchern unserer Interetseite reichlich vertreten sind. Oder sollte Wagenitz wirklich so sch\u00f6n sein? Ein Fototoermin an einem der letzten sonnigen Herbstwochenenden ergab das folgende Portrait der wichtigsten Nachbarorte Paulinenaues und eine interessante Verteilung von engagiertem Auschwung und\u2026","rel":"","context":"In &quot;Allgemein&quot;","block_context":{"text":"Allgemein","link":"https:\/\/paulinenaue.info\/index.php\/category\/allgemein\/"},"img":{"alt_text":"Umfrage im Fotoforum vom 20.10. bis 21.11.2005 mit 47 Stimmen.","src":"https:\/\/i0.wp.com\/paulinenaue.info\/wp-content\/uploads\/2017\/06\/200511_nachbarorte.jpg?resize=350%2C200","width":350,"height":200},"classes":[]},{"id":6380,"url":"https:\/\/paulinenaue.info\/index.php\/rueckblick-auf-den-weihnachtsmarkt-2011\/","url_meta":{"origin":35376,"position":2},"title":"R\u00fcckblick auf den Weihnachtsmarkt 2011","author":"Joachim Scholz","date":"26. November 2011","format":false,"excerpt":"26.11.2011. Auf bew\u00e4hrtem Gel\u00e4nde und zusammen mit Kita und Kirchgemeinde fand auch 2011 wieder der vom Kulturverein initiierte Weihnachtsmarkt statt. Der j\u00e4hrliche Termin hat sich mittlerweile auf den 1. Advent eingependelt. Auch wenn die Feuerwehr diesmal nicht dabei war und kein Kalender f\u00fcr das neue Jahr angeboten werden konnte, ist\u2026","rel":"","context":"In &quot;Allgemein&quot;","block_context":{"text":"Allgemein","link":"https:\/\/paulinenaue.info\/index.php\/category\/allgemein\/"},"img":{"alt_text":"","src":"https:\/\/i0.wp.com\/paulinenaue.info\/wp-content\/uploads\/2021\/12\/2012-11-26-Weihnachtsmarkt-Paulinenaue-05.jpg?resize=350%2C200&ssl=1","width":350,"height":200,"srcset":"https:\/\/i0.wp.com\/paulinenaue.info\/wp-content\/uploads\/2021\/12\/2012-11-26-Weihnachtsmarkt-Paulinenaue-05.jpg?resize=350%2C200&ssl=1 1x, https:\/\/i0.wp.com\/paulinenaue.info\/wp-content\/uploads\/2021\/12\/2012-11-26-Weihnachtsmarkt-Paulinenaue-05.jpg?resize=525%2C300&ssl=1 1.5x, https:\/\/i0.wp.com\/paulinenaue.info\/wp-content\/uploads\/2021\/12\/2012-11-26-Weihnachtsmarkt-Paulinenaue-05.jpg?resize=700%2C400&ssl=1 2x"},"classes":[]},{"id":215195,"url":"https:\/\/paulinenaue.info\/index.php\/andenken-an-die-gebrueder-knauer\/","url_meta":{"origin":35376,"position":3},"title":"Andenken an die Gebr\u00fcder Knauer","author":"Joachim Scholz","date":"12. Juni 2022","format":false,"excerpt":"Paulinenaue feiert die Sanierung des Grabsteins der ber\u00fchmten Pferdez\u00fcchter Im Paulinenauer Kulturverein wurde hin und her \u00fcberlegt, ob nicht einer der frisch in den sanierten Grabstein geschlagenen Datumseintr\u00e4ge sich f\u00fcr die feierliche \u00dcbergabe eben dieses Steines eignen w\u00fcrde. Doch bis zum 150. Geburtstag von Arthur Knauer sind es noch zwei\u2026","rel":"","context":"In &quot;Bienenfarm&quot;","block_context":{"text":"Bienenfarm","link":"https:\/\/paulinenaue.info\/index.php\/category\/bienenfarm\/"},"img":{"alt_text":"","src":"https:\/\/i0.wp.com\/paulinenaue.info\/wp-content\/uploads\/2022\/06\/2022-06-12-Knauerehrung-03.jpeg?resize=350%2C200&ssl=1","width":350,"height":200,"srcset":"https:\/\/i0.wp.com\/paulinenaue.info\/wp-content\/uploads\/2022\/06\/2022-06-12-Knauerehrung-03.jpeg?resize=350%2C200&ssl=1 1x, https:\/\/i0.wp.com\/paulinenaue.info\/wp-content\/uploads\/2022\/06\/2022-06-12-Knauerehrung-03.jpeg?resize=525%2C300&ssl=1 1.5x, https:\/\/i0.wp.com\/paulinenaue.info\/wp-content\/uploads\/2022\/06\/2022-06-12-Knauerehrung-03.jpeg?resize=700%2C400&ssl=1 2x"},"classes":[]},{"id":881,"url":"https:\/\/paulinenaue.info\/index.php\/eine-kleine-sammlung-paulinenauer-souvenirs\/","url_meta":{"origin":35376,"position":4},"title":"Eine kleine Sammlung Paulinenauer Souvenirs","author":"Sarah","date":"10. Juni 2017","format":false,"excerpt":"28.05.2003","rel":"","context":"In &quot;Allgemein&quot;","block_context":{"text":"Allgemein","link":"https:\/\/paulinenaue.info\/index.php\/category\/allgemein\/"},"img":{"alt_text":"","src":"https:\/\/i0.wp.com\/paulinenaue.info\/wp-content\/uploads\/2017\/06\/20030507_kuhkrug.jpg?resize=350%2C200&ssl=1","width":350,"height":200},"classes":[]},{"id":197,"url":"https:\/\/paulinenaue.info\/index.php\/kleine-geschichte-von-bienenfarm-und-der-lindholzfarm\/","url_meta":{"origin":35376,"position":5},"title":"Kleine Geschichte von Bienenfarm und Lindholzfarm","author":"Joachim Scholz","date":"11. Februar 2013","format":false,"excerpt":"Im Schmettauschen Kartenwerk von 1774 sieht man am Waldrand des Lindholzes - den Stra\u00dfend\u00f6rfern Ribbeck, Selbelang und Pessin vorgelagert - drei \u00e4hnlich gro\u00dfe Vierseitenh\u00f6fe in der Wiesenfl\u00e4che liegen, die hier \u201edas Blache Luch\u201c hei\u00dft. An der helleren Ausmalung erkennt man die Fl\u00e4chen, die von diesen Meiereien bewirtschaftet wurden. Dass auf\u2026","rel":"","context":"In &quot;Bienenfarm&quot;","block_context":{"text":"Bienenfarm","link":"https:\/\/paulinenaue.info\/index.php\/category\/bienenfarm\/"},"img":{"alt_text":"","src":"https:\/\/i0.wp.com\/paulinenaue.info\/wp-content\/uploads\/2018\/03\/Verwalterhaus-Bienenfarm-2012.jpg?resize=350%2C200&ssl=1","width":350,"height":200,"srcset":"https:\/\/i0.wp.com\/paulinenaue.info\/wp-content\/uploads\/2018\/03\/Verwalterhaus-Bienenfarm-2012.jpg?resize=350%2C200&ssl=1 1x, https:\/\/i0.wp.com\/paulinenaue.info\/wp-content\/uploads\/2018\/03\/Verwalterhaus-Bienenfarm-2012.jpg?resize=525%2C300&ssl=1 1.5x, https:\/\/i0.wp.com\/paulinenaue.info\/wp-content\/uploads\/2018\/03\/Verwalterhaus-Bienenfarm-2012.jpg?resize=700%2C400&ssl=1 2x"},"classes":[]}],"_links":{"self":[{"href":"https:\/\/paulinenaue.info\/index.php\/wp-json\/wp\/v2\/posts\/35376","targetHints":{"allow":["GET"]}}],"collection":[{"href":"https:\/\/paulinenaue.info\/index.php\/wp-json\/wp\/v2\/posts"}],"about":[{"href":"https:\/\/paulinenaue.info\/index.php\/wp-json\/wp\/v2\/types\/post"}],"author":[{"embeddable":true,"href":"https:\/\/paulinenaue.info\/index.php\/wp-json\/wp\/v2\/users\/1"}],"replies":[{"embeddable":true,"href":"https:\/\/paulinenaue.info\/index.php\/wp-json\/wp\/v2\/comments?post=35376"}],"version-history":[{"count":32,"href":"https:\/\/paulinenaue.info\/index.php\/wp-json\/wp\/v2\/posts\/35376\/revisions"}],"predecessor-version":[{"id":416200,"href":"https:\/\/paulinenaue.info\/index.php\/wp-json\/wp\/v2\/posts\/35376\/revisions\/416200"}],"wp:featuredmedia":[{"embeddable":true,"href":"https:\/\/paulinenaue.info\/index.php\/wp-json\/wp\/v2\/media\/35842"}],"wp:attachment":[{"href":"https:\/\/paulinenaue.info\/index.php\/wp-json\/wp\/v2\/media?parent=35376"}],"wp:term":[{"taxonomy":"category","embeddable":true,"href":"https:\/\/paulinenaue.info\/index.php\/wp-json\/wp\/v2\/categories?post=35376"},{"taxonomy":"post_tag","embeddable":true,"href":"https:\/\/paulinenaue.info\/index.php\/wp-json\/wp\/v2\/tags?post=35376"}],"curies":[{"name":"wp","href":"https:\/\/api.w.org\/{rel}","templated":true}]}}