{"id":37106,"date":"2022-02-18T20:19:34","date_gmt":"2022-02-18T19:19:34","guid":{"rendered":"https:\/\/paulinenaue.info\/?p=37106"},"modified":"2022-02-18T20:22:54","modified_gmt":"2022-02-18T19:22:54","slug":"das-knauergrab-ist-fertig","status":"publish","type":"post","link":"https:\/\/paulinenaue.info\/index.php\/das-knauergrab-ist-fertig\/","title":{"rendered":"Das Knauergrab ist fertig"},"content":{"rendered":"<p>Dar\u00fcber h\u00e4tten sich die Gebr\u00fcder Knauer und ihre Haush\u00e4lterin Charlotte Quoo\u00df sicherlich gefreut, wenn sie es noch erlebt h\u00e4tten, m\u00f6chte man beinahe ausrufen. Aber das ist freilich paradox und klingt unwirklich. Und doch sind die drei Paulinenauer Ber\u00fchmtheiten wohl die ersten auf unserem Friedhof, deren Grabstein saniert wurde. Schon vor einer Woche hat die Firma Bernd Kuhne aus Berlin-Spandau die Restaurierungsarbeiten an der Grabstelle fertiggestellt. Herr Kuhne schickte nun die folgenden eindrucksvollen Bilder von der Wiederaufstellung des wuchtigen Grabsteines. Im Kulturverein wird nun dar\u00fcber nachgedacht, wie das Ereignis recht bald feierlich begangen werden kann. Doch dazu muss erst einmal das Wetter besser werden.<\/p>\n<p>&nbsp;<\/p>\n<div id=\"attachment_37108\" style=\"width: 610px\" class=\"wp-caption alignnone\"><a href=\"https:\/\/paulinenaue.info\/wp-content\/uploads\/2022\/02\/2022-02-10-Knauer-02-rotated.jpeg\"><img decoding=\"async\" aria-describedby=\"caption-attachment-37108\" data-attachment-id=\"37108\" data-permalink=\"https:\/\/paulinenaue.info\/index.php\/das-knauergrab-ist-fertig\/2022-02-10-knauer-02\/\" data-orig-file=\"https:\/\/paulinenaue.info\/wp-content\/uploads\/2022\/02\/2022-02-10-Knauer-02-rotated.jpeg\" data-orig-size=\"960,1280\" data-comments-opened=\"1\" data-image-meta=\"{&quot;aperture&quot;:&quot;1.5&quot;,&quot;credit&quot;:&quot;&quot;,&quot;camera&quot;:&quot;iPhone 13 Pro Max&quot;,&quot;caption&quot;:&quot;&quot;,&quot;created_timestamp&quot;:&quot;1644487596&quot;,&quot;copyright&quot;:&quot;&quot;,&quot;focal_length&quot;:&quot;5.7&quot;,&quot;iso&quot;:&quot;50&quot;,&quot;shutter_speed&quot;:&quot;0.0082644628099174&quot;,&quot;title&quot;:&quot;&quot;,&quot;orientation&quot;:&quot;1&quot;}\" data-image-title=\"2022-02-10, Knauer 02\" data-image-description=\"\" data-image-caption=\"\" data-large-file=\"https:\/\/paulinenaue.info\/wp-content\/uploads\/2022\/02\/2022-02-10-Knauer-02-768x1024.jpeg\" class=\"lazyload wp-image-37108\" src=\"https:\/\/paulinenaue.info\/wp-content\/uploads\/2022\/02\/2022-02-10-Knauer-02-800x1067.jpeg\" data-orig-src=\"https:\/\/paulinenaue.info\/wp-content\/uploads\/2022\/02\/2022-02-10-Knauer-02-800x1067.jpeg\" alt=\"\" width=\"600\" height=\"800\" srcset=\"data:image\/svg+xml,%3Csvg%20xmlns%3D%27http%3A%2F%2Fwww.w3.org%2F2000%2Fsvg%27%20width%3D%27600%27%20height%3D%27800%27%20viewBox%3D%270%200%20600%20800%27%3E%3Crect%20width%3D%27600%27%20height%3D%27800%27%20fill-opacity%3D%220%22%2F%3E%3C%2Fsvg%3E\" data-srcset=\"https:\/\/paulinenaue.info\/wp-content\/uploads\/2022\/02\/2022-02-10-Knauer-02-200x267.jpeg 200w, https:\/\/paulinenaue.info\/wp-content\/uploads\/2022\/02\/2022-02-10-Knauer-02-225x300.jpeg 225w, https:\/\/paulinenaue.info\/wp-content\/uploads\/2022\/02\/2022-02-10-Knauer-02-400x533.jpeg 400w, https:\/\/paulinenaue.info\/wp-content\/uploads\/2022\/02\/2022-02-10-Knauer-02-600x800.jpeg 600w, https:\/\/paulinenaue.info\/wp-content\/uploads\/2022\/02\/2022-02-10-Knauer-02-768x1024.jpeg 768w, https:\/\/paulinenaue.info\/wp-content\/uploads\/2022\/02\/2022-02-10-Knauer-02-800x1067.jpeg 800w, https:\/\/paulinenaue.info\/wp-content\/uploads\/2022\/02\/2022-02-10-Knauer-02-rotated.jpeg 960w\" data-sizes=\"auto\" data-orig-sizes=\"(max-width: 600px) 100vw, 600px\" \/><\/a><p id=\"caption-attachment-37108\" class=\"wp-caption-text\">F\u00fcr den Grabstein wird zun\u00e4chst ein Fundament gegraben. Foto: Firma Kuhne, 2022.<\/p><\/div>\n<p>&nbsp;<\/p>\n<div id=\"attachment_37110\" style=\"width: 610px\" class=\"wp-caption alignnone\"><a href=\"https:\/\/paulinenaue.info\/wp-content\/uploads\/2022\/02\/2022-02-10-Knauer-04-rotated.jpeg\"><img decoding=\"async\" aria-describedby=\"caption-attachment-37110\" data-attachment-id=\"37110\" data-permalink=\"https:\/\/paulinenaue.info\/index.php\/das-knauergrab-ist-fertig\/2022-02-10-knauer-04\/\" data-orig-file=\"https:\/\/paulinenaue.info\/wp-content\/uploads\/2022\/02\/2022-02-10-Knauer-04-rotated.jpeg\" data-orig-size=\"960,1280\" data-comments-opened=\"1\" data-image-meta=\"{&quot;aperture&quot;:&quot;1.5&quot;,&quot;credit&quot;:&quot;&quot;,&quot;camera&quot;:&quot;iPhone 13 Pro Max&quot;,&quot;caption&quot;:&quot;&quot;,&quot;created_timestamp&quot;:&quot;1644488974&quot;,&quot;copyright&quot;:&quot;&quot;,&quot;focal_length&quot;:&quot;5.7&quot;,&quot;iso&quot;:&quot;40&quot;,&quot;shutter_speed&quot;:&quot;0.0057142857142857&quot;,&quot;title&quot;:&quot;&quot;,&quot;orientation&quot;:&quot;1&quot;}\" data-image-title=\"2022-02-10, Knauer 04\" data-image-description=\"\" data-image-caption=\"\" data-large-file=\"https:\/\/paulinenaue.info\/wp-content\/uploads\/2022\/02\/2022-02-10-Knauer-04-768x1024.jpeg\" class=\"lazyload wp-image-37110\" src=\"https:\/\/paulinenaue.info\/wp-content\/uploads\/2022\/02\/2022-02-10-Knauer-04-800x1067.jpeg\" data-orig-src=\"https:\/\/paulinenaue.info\/wp-content\/uploads\/2022\/02\/2022-02-10-Knauer-04-800x1067.jpeg\" alt=\"\" width=\"600\" height=\"800\" srcset=\"data:image\/svg+xml,%3Csvg%20xmlns%3D%27http%3A%2F%2Fwww.w3.org%2F2000%2Fsvg%27%20width%3D%27600%27%20height%3D%27800%27%20viewBox%3D%270%200%20600%20800%27%3E%3Crect%20width%3D%27600%27%20height%3D%27800%27%20fill-opacity%3D%220%22%2F%3E%3C%2Fsvg%3E\" data-srcset=\"https:\/\/paulinenaue.info\/wp-content\/uploads\/2022\/02\/2022-02-10-Knauer-04-200x267.jpeg 200w, https:\/\/paulinenaue.info\/wp-content\/uploads\/2022\/02\/2022-02-10-Knauer-04-225x300.jpeg 225w, https:\/\/paulinenaue.info\/wp-content\/uploads\/2022\/02\/2022-02-10-Knauer-04-400x533.jpeg 400w, https:\/\/paulinenaue.info\/wp-content\/uploads\/2022\/02\/2022-02-10-Knauer-04-600x800.jpeg 600w, https:\/\/paulinenaue.info\/wp-content\/uploads\/2022\/02\/2022-02-10-Knauer-04-768x1024.jpeg 768w, https:\/\/paulinenaue.info\/wp-content\/uploads\/2022\/02\/2022-02-10-Knauer-04-800x1067.jpeg 800w, https:\/\/paulinenaue.info\/wp-content\/uploads\/2022\/02\/2022-02-10-Knauer-04-rotated.jpeg 960w\" data-sizes=\"auto\" data-orig-sizes=\"(max-width: 600px) 100vw, 600px\" \/><\/a><p id=\"caption-attachment-37110\" class=\"wp-caption-text\">Das Fundament wird mit Beton ausgegossen. Foto: Firma Kuhne, 2022.<\/p><\/div>\n<p>&nbsp;<\/p>\n<div id=\"attachment_37111\" style=\"width: 810px\" class=\"wp-caption alignnone\"><a href=\"https:\/\/paulinenaue.info\/wp-content\/uploads\/2022\/02\/2022-02-10-Knauer-05.jpeg\"><img decoding=\"async\" aria-describedby=\"caption-attachment-37111\" data-attachment-id=\"37111\" data-permalink=\"https:\/\/paulinenaue.info\/index.php\/das-knauergrab-ist-fertig\/2022-02-10-knauer-05\/\" data-orig-file=\"https:\/\/paulinenaue.info\/wp-content\/uploads\/2022\/02\/2022-02-10-Knauer-05.jpeg\" data-orig-size=\"1280,960\" data-comments-opened=\"1\" data-image-meta=\"{&quot;aperture&quot;:&quot;1.5&quot;,&quot;credit&quot;:&quot;&quot;,&quot;camera&quot;:&quot;iPhone 13 Pro Max&quot;,&quot;caption&quot;:&quot;&quot;,&quot;created_timestamp&quot;:&quot;1644491423&quot;,&quot;copyright&quot;:&quot;&quot;,&quot;focal_length&quot;:&quot;5.7&quot;,&quot;iso&quot;:&quot;50&quot;,&quot;shutter_speed&quot;:&quot;0.0010537407797682&quot;,&quot;title&quot;:&quot;&quot;,&quot;orientation&quot;:&quot;1&quot;}\" data-image-title=\"2022-02-10, Knauer 05\" data-image-description=\"\" data-image-caption=\"\" data-large-file=\"https:\/\/paulinenaue.info\/wp-content\/uploads\/2022\/02\/2022-02-10-Knauer-05-1024x768.jpeg\" class=\"lazyload wp-image-37111\" src=\"https:\/\/paulinenaue.info\/wp-content\/uploads\/2022\/02\/2022-02-10-Knauer-05-800x600.jpeg\" data-orig-src=\"https:\/\/paulinenaue.info\/wp-content\/uploads\/2022\/02\/2022-02-10-Knauer-05-800x600.jpeg\" alt=\"\" width=\"800\" height=\"600\" srcset=\"data:image\/svg+xml,%3Csvg%20xmlns%3D%27http%3A%2F%2Fwww.w3.org%2F2000%2Fsvg%27%20width%3D%27800%27%20height%3D%27600%27%20viewBox%3D%270%200%20800%20600%27%3E%3Crect%20width%3D%27800%27%20height%3D%27600%27%20fill-opacity%3D%220%22%2F%3E%3C%2Fsvg%3E\" data-srcset=\"https:\/\/paulinenaue.info\/wp-content\/uploads\/2022\/02\/2022-02-10-Knauer-05-200x150.jpeg 200w, https:\/\/paulinenaue.info\/wp-content\/uploads\/2022\/02\/2022-02-10-Knauer-05-300x225.jpeg 300w, https:\/\/paulinenaue.info\/wp-content\/uploads\/2022\/02\/2022-02-10-Knauer-05-400x300.jpeg 400w, https:\/\/paulinenaue.info\/wp-content\/uploads\/2022\/02\/2022-02-10-Knauer-05-600x450.jpeg 600w, https:\/\/paulinenaue.info\/wp-content\/uploads\/2022\/02\/2022-02-10-Knauer-05-768x576.jpeg 768w, https:\/\/paulinenaue.info\/wp-content\/uploads\/2022\/02\/2022-02-10-Knauer-05-800x600.jpeg 800w, https:\/\/paulinenaue.info\/wp-content\/uploads\/2022\/02\/2022-02-10-Knauer-05-1024x768.jpeg 1024w, https:\/\/paulinenaue.info\/wp-content\/uploads\/2022\/02\/2022-02-10-Knauer-05-1200x900.jpeg 1200w, https:\/\/paulinenaue.info\/wp-content\/uploads\/2022\/02\/2022-02-10-Knauer-05.jpeg 1280w\" data-sizes=\"auto\" data-orig-sizes=\"(max-width: 800px) 100vw, 800px\" \/><\/a><p id=\"caption-attachment-37111\" class=\"wp-caption-text\">Mit einer Hebeb\u00fchne wird der Stein platziert. Foto: Firma Kuhne, 2022.<\/p><\/div>\n<p>&nbsp;<\/p>\n<div id=\"attachment_37113\" style=\"width: 810px\" class=\"wp-caption alignnone\"><a href=\"https:\/\/paulinenaue.info\/wp-content\/uploads\/2022\/02\/2022-02-10-Knauer-07.jpg\"><img decoding=\"async\" aria-describedby=\"caption-attachment-37113\" data-attachment-id=\"37113\" data-permalink=\"https:\/\/paulinenaue.info\/index.php\/das-knauergrab-ist-fertig\/2022-02-10-knauer-07\/\" data-orig-file=\"https:\/\/paulinenaue.info\/wp-content\/uploads\/2022\/02\/2022-02-10-Knauer-07.jpg\" data-orig-size=\"1280,960\" data-comments-opened=\"1\" data-image-meta=\"{&quot;aperture&quot;:&quot;0&quot;,&quot;credit&quot;:&quot;&quot;,&quot;camera&quot;:&quot;&quot;,&quot;caption&quot;:&quot;&quot;,&quot;created_timestamp&quot;:&quot;0&quot;,&quot;copyright&quot;:&quot;&quot;,&quot;focal_length&quot;:&quot;0&quot;,&quot;iso&quot;:&quot;0&quot;,&quot;shutter_speed&quot;:&quot;0&quot;,&quot;title&quot;:&quot;&quot;,&quot;orientation&quot;:&quot;0&quot;}\" data-image-title=\"2022-02-10, Knauer 07\" data-image-description=\"\" data-image-caption=\"\" data-large-file=\"https:\/\/paulinenaue.info\/wp-content\/uploads\/2022\/02\/2022-02-10-Knauer-07-1024x768.jpg\" class=\"lazyload wp-image-37113 size-fusion-800\" src=\"https:\/\/paulinenaue.info\/wp-content\/uploads\/2022\/02\/2022-02-10-Knauer-07-800x600.jpg\" data-orig-src=\"https:\/\/paulinenaue.info\/wp-content\/uploads\/2022\/02\/2022-02-10-Knauer-07-800x600.jpg\" alt=\"\" width=\"800\" height=\"600\" srcset=\"data:image\/svg+xml,%3Csvg%20xmlns%3D%27http%3A%2F%2Fwww.w3.org%2F2000%2Fsvg%27%20width%3D%27800%27%20height%3D%27600%27%20viewBox%3D%270%200%20800%20600%27%3E%3Crect%20width%3D%27800%27%20height%3D%27600%27%20fill-opacity%3D%220%22%2F%3E%3C%2Fsvg%3E\" data-srcset=\"https:\/\/paulinenaue.info\/wp-content\/uploads\/2022\/02\/2022-02-10-Knauer-07-200x150.jpg 200w, https:\/\/paulinenaue.info\/wp-content\/uploads\/2022\/02\/2022-02-10-Knauer-07-300x225.jpg 300w, https:\/\/paulinenaue.info\/wp-content\/uploads\/2022\/02\/2022-02-10-Knauer-07-400x300.jpg 400w, https:\/\/paulinenaue.info\/wp-content\/uploads\/2022\/02\/2022-02-10-Knauer-07-600x450.jpg 600w, https:\/\/paulinenaue.info\/wp-content\/uploads\/2022\/02\/2022-02-10-Knauer-07-768x576.jpg 768w, https:\/\/paulinenaue.info\/wp-content\/uploads\/2022\/02\/2022-02-10-Knauer-07-800x600.jpg 800w, https:\/\/paulinenaue.info\/wp-content\/uploads\/2022\/02\/2022-02-10-Knauer-07-1024x768.jpg 1024w, https:\/\/paulinenaue.info\/wp-content\/uploads\/2022\/02\/2022-02-10-Knauer-07-1200x900.jpg 1200w, https:\/\/paulinenaue.info\/wp-content\/uploads\/2022\/02\/2022-02-10-Knauer-07.jpg 1280w\" data-sizes=\"auto\" data-orig-sizes=\"(max-width: 800px) 100vw, 800px\" \/><\/a><p id=\"caption-attachment-37113\" class=\"wp-caption-text\">Das Resultat. Foto: Firma Kuhne, 2022.<\/p><\/div>\n","protected":false},"excerpt":{"rendered":"<p>Dar\u00fcber h\u00e4tten sich die Gebr\u00fcder Knauer und ihre Haush\u00e4lterin Charlotte [&hellip;]<\/p>\n","protected":false},"author":1,"featured_media":37113,"comment_status":"open","ping_status":"open","sticky":false,"template":"","format":"standard","meta":{"_acf_changed":false,"_price":"","_stock":"","_tribe_ticket_header":"","_tribe_default_ticket_provider":"","_tribe_ticket_capacity":"0","_ticket_start_date":"","_ticket_end_date":"","_tribe_ticket_show_description":"","_tribe_ticket_show_not_going":false,"_tribe_ticket_use_global_stock":"","_tribe_ticket_global_stock_level":"","_global_stock_mode":"","_global_stock_cap":"","_tribe_rsvp_for_event":"","_tribe_ticket_going_count":"","_tribe_ticket_not_going_count":"","_tribe_tickets_list":"[]","_tribe_ticket_has_attendee_info_fields":false,"jetpack_post_was_ever_published":false,"_jetpack_newsletter_access":"","_jetpack_dont_email_post_to_subs":false,"_jetpack_newsletter_tier_id":0,"_jetpack_memberships_contains_paywalled_content":false,"_jetpack_memberships_contains_paid_content":false,"footnotes":"","jetpack_publicize_message":"","jetpack_publicize_feature_enabled":true,"jetpack_social_post_already_shared":true,"jetpack_social_options":{"image_generator_settings":{"template":"highway","default_image_id":0,"font":"","enabled":false},"version":2}},"categories":[442,7,9],"tags":[409,123],"class_list":["post-37106","post","type-post","status-publish","format-standard","has-post-thumbnail","hentry","category-friedhof","category-historie","category-neuigkeiten","tag-arthur-knauer","tag-gebrueder-knauer"],"acf":[],"yoast_head":"<!-- This site is optimized with the Yoast SEO plugin v27.5 - https:\/\/yoast.com\/product\/yoast-seo-wordpress\/ -->\n<title>Das Knauergrab ist fertig - Paulinenaue<\/title>\n<meta name=\"description\" content=\"Die Firma Bernd Kuhne aus Berlin-Spandau hat die Restaurierungsarbeiten am Grabstein der Br\u00fcder Knauer fertiggestellt.\" \/>\n<meta name=\"robots\" content=\"index, follow, max-snippet:-1, max-image-preview:large, max-video-preview:-1\" \/>\n<link rel=\"canonical\" href=\"https:\/\/paulinenaue.info\/index.php\/das-knauergrab-ist-fertig\/\" \/>\n<meta property=\"og:locale\" content=\"de_DE\" \/>\n<meta property=\"og:type\" content=\"article\" \/>\n<meta property=\"og:title\" content=\"Das Knauergrab ist fertig - Paulinenaue\" \/>\n<meta property=\"og:description\" content=\"Die Firma Bernd Kuhne aus Berlin-Spandau hat die Restaurierungsarbeiten am Grabstein der Br\u00fcder Knauer fertiggestellt.\" \/>\n<meta property=\"og:url\" content=\"https:\/\/paulinenaue.info\/index.php\/das-knauergrab-ist-fertig\/\" \/>\n<meta property=\"og:site_name\" content=\"Paulinenaue\" \/>\n<meta property=\"article:published_time\" content=\"2022-02-18T19:19:34+00:00\" \/>\n<meta property=\"article:modified_time\" content=\"2022-02-18T19:22:54+00:00\" \/>\n<meta property=\"og:image\" content=\"https:\/\/paulinenaue.info\/wp-content\/uploads\/2022\/02\/2022-02-10-Knauer-07.jpg\" \/>\n\t<meta property=\"og:image:width\" content=\"1280\" \/>\n\t<meta property=\"og:image:height\" content=\"960\" \/>\n\t<meta property=\"og:image:type\" content=\"image\/jpeg\" \/>\n<meta name=\"author\" content=\"Joachim Scholz\" \/>\n<meta name=\"twitter:card\" content=\"summary_large_image\" \/>\n<meta name=\"twitter:label1\" content=\"Verfasst von\" \/>\n\t<meta name=\"twitter:data1\" content=\"Joachim Scholz\" \/>\n\t<meta name=\"twitter:label2\" content=\"Gesch\u00e4tzte Lesezeit\" \/>\n\t<meta name=\"twitter:data2\" content=\"2\u00a0Minuten\" \/>\n<script type=\"application\/ld+json\" class=\"yoast-schema-graph\">{\"@context\":\"https:\\\/\\\/schema.org\",\"@graph\":[{\"@type\":\"Article\",\"@id\":\"https:\\\/\\\/paulinenaue.info\\\/index.php\\\/das-knauergrab-ist-fertig\\\/#article\",\"isPartOf\":{\"@id\":\"https:\\\/\\\/paulinenaue.info\\\/index.php\\\/das-knauergrab-ist-fertig\\\/\"},\"author\":{\"name\":\"Joachim Scholz\",\"@id\":\"https:\\\/\\\/paulinenaue.info\\\/#\\\/schema\\\/person\\\/3f9e818fd7b69b0d2bd937ac506897cc\"},\"headline\":\"Das Knauergrab ist fertig\",\"datePublished\":\"2022-02-18T19:19:34+00:00\",\"dateModified\":\"2022-02-18T19:22:54+00:00\",\"mainEntityOfPage\":{\"@id\":\"https:\\\/\\\/paulinenaue.info\\\/index.php\\\/das-knauergrab-ist-fertig\\\/\"},\"wordCount\":185,\"commentCount\":0,\"image\":{\"@id\":\"https:\\\/\\\/paulinenaue.info\\\/index.php\\\/das-knauergrab-ist-fertig\\\/#primaryimage\"},\"thumbnailUrl\":\"https:\\\/\\\/paulinenaue.info\\\/wp-content\\\/uploads\\\/2022\\\/02\\\/2022-02-10-Knauer-07.jpg\",\"keywords\":[\"Arthur Knauer\",\"Gebr\u00fcder Knauer\"],\"articleSection\":[\"Friedhof\",\"Historie\",\"Neuigkeiten\"],\"inLanguage\":\"de\",\"potentialAction\":[{\"@type\":\"CommentAction\",\"name\":\"Comment\",\"target\":[\"https:\\\/\\\/paulinenaue.info\\\/index.php\\\/das-knauergrab-ist-fertig\\\/#respond\"]}]},{\"@type\":\"WebPage\",\"@id\":\"https:\\\/\\\/paulinenaue.info\\\/index.php\\\/das-knauergrab-ist-fertig\\\/\",\"url\":\"https:\\\/\\\/paulinenaue.info\\\/index.php\\\/das-knauergrab-ist-fertig\\\/\",\"name\":\"Das Knauergrab ist fertig - Paulinenaue\",\"isPartOf\":{\"@id\":\"https:\\\/\\\/paulinenaue.info\\\/#website\"},\"primaryImageOfPage\":{\"@id\":\"https:\\\/\\\/paulinenaue.info\\\/index.php\\\/das-knauergrab-ist-fertig\\\/#primaryimage\"},\"image\":{\"@id\":\"https:\\\/\\\/paulinenaue.info\\\/index.php\\\/das-knauergrab-ist-fertig\\\/#primaryimage\"},\"thumbnailUrl\":\"https:\\\/\\\/paulinenaue.info\\\/wp-content\\\/uploads\\\/2022\\\/02\\\/2022-02-10-Knauer-07.jpg\",\"datePublished\":\"2022-02-18T19:19:34+00:00\",\"dateModified\":\"2022-02-18T19:22:54+00:00\",\"author\":{\"@id\":\"https:\\\/\\\/paulinenaue.info\\\/#\\\/schema\\\/person\\\/3f9e818fd7b69b0d2bd937ac506897cc\"},\"description\":\"Die Firma Bernd Kuhne aus Berlin-Spandau hat die Restaurierungsarbeiten am Grabstein der Br\u00fcder Knauer fertiggestellt.\",\"breadcrumb\":{\"@id\":\"https:\\\/\\\/paulinenaue.info\\\/index.php\\\/das-knauergrab-ist-fertig\\\/#breadcrumb\"},\"inLanguage\":\"de\",\"potentialAction\":[{\"@type\":\"ReadAction\",\"target\":[\"https:\\\/\\\/paulinenaue.info\\\/index.php\\\/das-knauergrab-ist-fertig\\\/\"]}]},{\"@type\":\"ImageObject\",\"inLanguage\":\"de\",\"@id\":\"https:\\\/\\\/paulinenaue.info\\\/index.php\\\/das-knauergrab-ist-fertig\\\/#primaryimage\",\"url\":\"https:\\\/\\\/paulinenaue.info\\\/wp-content\\\/uploads\\\/2022\\\/02\\\/2022-02-10-Knauer-07.jpg\",\"contentUrl\":\"https:\\\/\\\/paulinenaue.info\\\/wp-content\\\/uploads\\\/2022\\\/02\\\/2022-02-10-Knauer-07.jpg\",\"width\":1280,\"height\":960},{\"@type\":\"BreadcrumbList\",\"@id\":\"https:\\\/\\\/paulinenaue.info\\\/index.php\\\/das-knauergrab-ist-fertig\\\/#breadcrumb\",\"itemListElement\":[{\"@type\":\"ListItem\",\"position\":1,\"name\":\"Home\",\"item\":\"https:\\\/\\\/paulinenaue.info\\\/\"},{\"@type\":\"ListItem\",\"position\":2,\"name\":\"Das Knauergrab ist fertig\"}]},{\"@type\":\"WebSite\",\"@id\":\"https:\\\/\\\/paulinenaue.info\\\/#website\",\"url\":\"https:\\\/\\\/paulinenaue.info\\\/\",\"name\":\"Paulinenaue\",\"description\":\"Ein Dorf im Havelland\",\"potentialAction\":[{\"@type\":\"SearchAction\",\"target\":{\"@type\":\"EntryPoint\",\"urlTemplate\":\"https:\\\/\\\/paulinenaue.info\\\/?s={search_term_string}\"},\"query-input\":{\"@type\":\"PropertyValueSpecification\",\"valueRequired\":true,\"valueName\":\"search_term_string\"}}],\"inLanguage\":\"de\"},{\"@type\":\"Person\",\"@id\":\"https:\\\/\\\/paulinenaue.info\\\/#\\\/schema\\\/person\\\/3f9e818fd7b69b0d2bd937ac506897cc\",\"name\":\"Joachim Scholz\",\"url\":\"https:\\\/\\\/paulinenaue.info\\\/index.php\\\/author\\\/jjscholz\\\/\"}]}<\/script>\n<!-- \/ Yoast SEO plugin. -->","yoast_head_json":{"title":"Das Knauergrab ist fertig - Paulinenaue","description":"Die Firma Bernd Kuhne aus Berlin-Spandau hat die Restaurierungsarbeiten am Grabstein der Br\u00fcder Knauer fertiggestellt.","robots":{"index":"index","follow":"follow","max-snippet":"max-snippet:-1","max-image-preview":"max-image-preview:large","max-video-preview":"max-video-preview:-1"},"canonical":"https:\/\/paulinenaue.info\/index.php\/das-knauergrab-ist-fertig\/","og_locale":"de_DE","og_type":"article","og_title":"Das Knauergrab ist fertig - Paulinenaue","og_description":"Die Firma Bernd Kuhne aus Berlin-Spandau hat die Restaurierungsarbeiten am Grabstein der Br\u00fcder Knauer fertiggestellt.","og_url":"https:\/\/paulinenaue.info\/index.php\/das-knauergrab-ist-fertig\/","og_site_name":"Paulinenaue","article_published_time":"2022-02-18T19:19:34+00:00","article_modified_time":"2022-02-18T19:22:54+00:00","og_image":[{"width":1280,"height":960,"url":"https:\/\/paulinenaue.info\/wp-content\/uploads\/2022\/02\/2022-02-10-Knauer-07.jpg","type":"image\/jpeg"}],"author":"Joachim Scholz","twitter_card":"summary_large_image","twitter_misc":{"Verfasst von":"Joachim Scholz","Gesch\u00e4tzte Lesezeit":"2\u00a0Minuten"},"schema":{"@context":"https:\/\/schema.org","@graph":[{"@type":"Article","@id":"https:\/\/paulinenaue.info\/index.php\/das-knauergrab-ist-fertig\/#article","isPartOf":{"@id":"https:\/\/paulinenaue.info\/index.php\/das-knauergrab-ist-fertig\/"},"author":{"name":"Joachim Scholz","@id":"https:\/\/paulinenaue.info\/#\/schema\/person\/3f9e818fd7b69b0d2bd937ac506897cc"},"headline":"Das Knauergrab ist fertig","datePublished":"2022-02-18T19:19:34+00:00","dateModified":"2022-02-18T19:22:54+00:00","mainEntityOfPage":{"@id":"https:\/\/paulinenaue.info\/index.php\/das-knauergrab-ist-fertig\/"},"wordCount":185,"commentCount":0,"image":{"@id":"https:\/\/paulinenaue.info\/index.php\/das-knauergrab-ist-fertig\/#primaryimage"},"thumbnailUrl":"https:\/\/paulinenaue.info\/wp-content\/uploads\/2022\/02\/2022-02-10-Knauer-07.jpg","keywords":["Arthur Knauer","Gebr\u00fcder Knauer"],"articleSection":["Friedhof","Historie","Neuigkeiten"],"inLanguage":"de","potentialAction":[{"@type":"CommentAction","name":"Comment","target":["https:\/\/paulinenaue.info\/index.php\/das-knauergrab-ist-fertig\/#respond"]}]},{"@type":"WebPage","@id":"https:\/\/paulinenaue.info\/index.php\/das-knauergrab-ist-fertig\/","url":"https:\/\/paulinenaue.info\/index.php\/das-knauergrab-ist-fertig\/","name":"Das Knauergrab ist fertig - Paulinenaue","isPartOf":{"@id":"https:\/\/paulinenaue.info\/#website"},"primaryImageOfPage":{"@id":"https:\/\/paulinenaue.info\/index.php\/das-knauergrab-ist-fertig\/#primaryimage"},"image":{"@id":"https:\/\/paulinenaue.info\/index.php\/das-knauergrab-ist-fertig\/#primaryimage"},"thumbnailUrl":"https:\/\/paulinenaue.info\/wp-content\/uploads\/2022\/02\/2022-02-10-Knauer-07.jpg","datePublished":"2022-02-18T19:19:34+00:00","dateModified":"2022-02-18T19:22:54+00:00","author":{"@id":"https:\/\/paulinenaue.info\/#\/schema\/person\/3f9e818fd7b69b0d2bd937ac506897cc"},"description":"Die Firma Bernd Kuhne aus Berlin-Spandau hat die Restaurierungsarbeiten am Grabstein der Br\u00fcder Knauer fertiggestellt.","breadcrumb":{"@id":"https:\/\/paulinenaue.info\/index.php\/das-knauergrab-ist-fertig\/#breadcrumb"},"inLanguage":"de","potentialAction":[{"@type":"ReadAction","target":["https:\/\/paulinenaue.info\/index.php\/das-knauergrab-ist-fertig\/"]}]},{"@type":"ImageObject","inLanguage":"de","@id":"https:\/\/paulinenaue.info\/index.php\/das-knauergrab-ist-fertig\/#primaryimage","url":"https:\/\/paulinenaue.info\/wp-content\/uploads\/2022\/02\/2022-02-10-Knauer-07.jpg","contentUrl":"https:\/\/paulinenaue.info\/wp-content\/uploads\/2022\/02\/2022-02-10-Knauer-07.jpg","width":1280,"height":960},{"@type":"BreadcrumbList","@id":"https:\/\/paulinenaue.info\/index.php\/das-knauergrab-ist-fertig\/#breadcrumb","itemListElement":[{"@type":"ListItem","position":1,"name":"Home","item":"https:\/\/paulinenaue.info\/"},{"@type":"ListItem","position":2,"name":"Das Knauergrab ist fertig"}]},{"@type":"WebSite","@id":"https:\/\/paulinenaue.info\/#website","url":"https:\/\/paulinenaue.info\/","name":"Paulinenaue","description":"Ein Dorf im Havelland","potentialAction":[{"@type":"SearchAction","target":{"@type":"EntryPoint","urlTemplate":"https:\/\/paulinenaue.info\/?s={search_term_string}"},"query-input":{"@type":"PropertyValueSpecification","valueRequired":true,"valueName":"search_term_string"}}],"inLanguage":"de"},{"@type":"Person","@id":"https:\/\/paulinenaue.info\/#\/schema\/person\/3f9e818fd7b69b0d2bd937ac506897cc","name":"Joachim Scholz","url":"https:\/\/paulinenaue.info\/index.php\/author\/jjscholz\/"}]}},"jetpack_publicize_connections":[],"jetpack_featured_media_url":"https:\/\/paulinenaue.info\/wp-content\/uploads\/2022\/02\/2022-02-10-Knauer-07.jpg","jetpack_sharing_enabled":true,"jetpack_shortlink":"https:\/\/wp.me\/pcYhWA-9Eu","jetpack-related-posts":[{"id":6791,"url":"https:\/\/paulinenaue.info\/index.php\/in-arbeit-der-knauergrabstein\/","url_meta":{"origin":37106,"position":0},"title":"In Arbeit \u2013 Der Knauergrabstein wird saniert","author":"Joachim Scholz","date":"28. Januar 2022","format":false,"excerpt":"Manchem Friedhofsbesucher wird am letzten Wochenende aufgefallen sein, dass pl\u00f6tzlich ein Grab auf dem Paulinenauer Friedhof fehlte, oder besser: ein Grabstein. Wo bis vor kurzem der tonnenschwere Granitfindling stand, unter dem die Gebr\u00fcder Knauer und ihre Haush\u00e4lterin vor Jahrzehnten ihre letzte Ruhest\u00e4tte gefunden haben, tut sich ein klaffendes Loch auf.\u2026","rel":"","context":"In &quot;Friedhof&quot;","block_context":{"text":"Friedhof","link":"https:\/\/paulinenaue.info\/index.php\/category\/friedhof\/"},"img":{"alt_text":"","src":"https:\/\/i0.wp.com\/paulinenaue.info\/wp-content\/uploads\/2022\/01\/2022-01-27-Knauer-Grabstein-04.jpg?resize=350%2C200&ssl=1","width":350,"height":200,"srcset":"https:\/\/i0.wp.com\/paulinenaue.info\/wp-content\/uploads\/2022\/01\/2022-01-27-Knauer-Grabstein-04.jpg?resize=350%2C200&ssl=1 1x, https:\/\/i0.wp.com\/paulinenaue.info\/wp-content\/uploads\/2022\/01\/2022-01-27-Knauer-Grabstein-04.jpg?resize=525%2C300&ssl=1 1.5x, https:\/\/i0.wp.com\/paulinenaue.info\/wp-content\/uploads\/2022\/01\/2022-01-27-Knauer-Grabstein-04.jpg?resize=700%2C400&ssl=1 2x"},"classes":[]},{"id":215195,"url":"https:\/\/paulinenaue.info\/index.php\/andenken-an-die-gebrueder-knauer\/","url_meta":{"origin":37106,"position":1},"title":"Andenken an die Gebr\u00fcder Knauer","author":"Joachim Scholz","date":"12. Juni 2022","format":false,"excerpt":"Paulinenaue feiert die Sanierung des Grabsteins der ber\u00fchmten Pferdez\u00fcchter Im Paulinenauer Kulturverein wurde hin und her \u00fcberlegt, ob nicht einer der frisch in den sanierten Grabstein geschlagenen Datumseintr\u00e4ge sich f\u00fcr die feierliche \u00dcbergabe eben dieses Steines eignen w\u00fcrde. Doch bis zum 150. Geburtstag von Arthur Knauer sind es noch zwei\u2026","rel":"","context":"In &quot;Bienenfarm&quot;","block_context":{"text":"Bienenfarm","link":"https:\/\/paulinenaue.info\/index.php\/category\/bienenfarm\/"},"img":{"alt_text":"","src":"https:\/\/i0.wp.com\/paulinenaue.info\/wp-content\/uploads\/2022\/06\/2022-06-12-Knauerehrung-03.jpeg?resize=350%2C200&ssl=1","width":350,"height":200,"srcset":"https:\/\/i0.wp.com\/paulinenaue.info\/wp-content\/uploads\/2022\/06\/2022-06-12-Knauerehrung-03.jpeg?resize=350%2C200&ssl=1 1x, https:\/\/i0.wp.com\/paulinenaue.info\/wp-content\/uploads\/2022\/06\/2022-06-12-Knauerehrung-03.jpeg?resize=525%2C300&ssl=1 1.5x, https:\/\/i0.wp.com\/paulinenaue.info\/wp-content\/uploads\/2022\/06\/2022-06-12-Knauerehrung-03.jpeg?resize=700%2C400&ssl=1 2x"},"classes":[]},{"id":6135,"url":"https:\/\/paulinenaue.info\/index.php\/spendenaufruf-fuer-das-grab-der-gebrueder-knauer\/","url_meta":{"origin":37106,"position":2},"title":"Spendenaufruf f\u00fcr das Grab der Gebr\u00fcder Knauer","author":"Joachim Scholz","date":"23. Oktober 2021","format":false,"excerpt":"","rel":"","context":"In &quot;Historie&quot;","block_context":{"text":"Historie","link":"https:\/\/paulinenaue.info\/index.php\/category\/historie\/"},"img":{"alt_text":"Grab der Gebr\u00fcder Knauer","src":"https:\/\/i0.wp.com\/paulinenaue.info\/wp-content\/uploads\/2021\/10\/2021-09-18-Grab-Knauers.jpg?resize=350%2C200&ssl=1","width":350,"height":200,"srcset":"https:\/\/i0.wp.com\/paulinenaue.info\/wp-content\/uploads\/2021\/10\/2021-09-18-Grab-Knauers.jpg?resize=350%2C200&ssl=1 1x, https:\/\/i0.wp.com\/paulinenaue.info\/wp-content\/uploads\/2021\/10\/2021-09-18-Grab-Knauers.jpg?resize=525%2C300&ssl=1 1.5x, https:\/\/i0.wp.com\/paulinenaue.info\/wp-content\/uploads\/2021\/10\/2021-09-18-Grab-Knauers.jpg?resize=700%2C400&ssl=1 2x"},"classes":[]},{"id":416666,"url":"https:\/\/paulinenaue.info\/index.php\/arthur-knauer-150-jahre\/","url_meta":{"origin":37106,"position":3},"title":"Arthur Knauer \u2013\u00a0150 Jahre","author":"Joachim Scholz","date":"28. Juli 2024","format":false,"excerpt":"Unter den wenigen Paulinenauer Ber\u00fchmtheiten rangiert er weit vorn \u2013\u00a0und das, ohne Wissenschaftler gewesen zu sein! Die Rede ist von Arthur Knauer (1874\u20131964), der zur Zeit des Ersten Weltkrieges gemeinsam mit seinem Bruder Carl aus Berlin kommend in unser Dorf \u00fcbersiedelte, um auf dem frisch urbar gemachten Luchland eine Pferdezucht\u2026","rel":"","context":"In &quot;Ehrenamt&quot;","block_context":{"text":"Ehrenamt","link":"https:\/\/paulinenaue.info\/index.php\/category\/ehrenamt\/"},"img":{"alt_text":"","src":"https:\/\/i0.wp.com\/paulinenaue.info\/wp-content\/uploads\/2024\/07\/2024-07-28-Knauergrab-01.jpeg?resize=350%2C200&ssl=1","width":350,"height":200,"srcset":"https:\/\/i0.wp.com\/paulinenaue.info\/wp-content\/uploads\/2024\/07\/2024-07-28-Knauergrab-01.jpeg?resize=350%2C200&ssl=1 1x, https:\/\/i0.wp.com\/paulinenaue.info\/wp-content\/uploads\/2024\/07\/2024-07-28-Knauergrab-01.jpeg?resize=525%2C300&ssl=1 1.5x, https:\/\/i0.wp.com\/paulinenaue.info\/wp-content\/uploads\/2024\/07\/2024-07-28-Knauergrab-01.jpeg?resize=700%2C400&ssl=1 2x"},"classes":[]},{"id":415702,"url":"https:\/\/paulinenaue.info\/index.php\/ehrengraeber-auf-dem-paulinenauer-friedhof\/","url_meta":{"origin":37106,"position":4},"title":"Ehrengr\u00e4ber auf dem Paulinenauer Friedhof","author":"Joachim Scholz","date":"14. Januar 2024","format":false,"excerpt":"Er ist einer der wenigen \u00f6ffentlichen Orte in Paulinenaue, an dem man zugleich etwas Sinnvolles tun, Leute treffen, sich erz\u00e4hlen und vielleicht sogar erholen kann: unser Friedhof. Selbst wenn niemand hier gerade harkt und hegt, ist man auf dem Friedhof Verwandten, Nachbarn und Freunden nah. Je l\u00e4nger man lebt, desto\u2026","rel":"","context":"In &quot;Dorfentwicklung&quot;","block_context":{"text":"Dorfentwicklung","link":"https:\/\/paulinenaue.info\/index.php\/category\/dorfentwicklung\/"},"img":{"alt_text":"","src":"https:\/\/i0.wp.com\/paulinenaue.info\/wp-content\/uploads\/2024\/01\/2021-09-18-Grabstelle-Ramsauer.jpeg?resize=350%2C200&ssl=1","width":350,"height":200,"srcset":"https:\/\/i0.wp.com\/paulinenaue.info\/wp-content\/uploads\/2024\/01\/2021-09-18-Grabstelle-Ramsauer.jpeg?resize=350%2C200&ssl=1 1x, https:\/\/i0.wp.com\/paulinenaue.info\/wp-content\/uploads\/2024\/01\/2021-09-18-Grabstelle-Ramsauer.jpeg?resize=525%2C300&ssl=1 1.5x, https:\/\/i0.wp.com\/paulinenaue.info\/wp-content\/uploads\/2024\/01\/2021-09-18-Grabstelle-Ramsauer.jpeg?resize=700%2C400&ssl=1 2x"},"classes":[]},{"id":415648,"url":"https:\/\/paulinenaue.info\/index.php\/erweiterung-des-ortshistorischen-archivs\/","url_meta":{"origin":37106,"position":5},"title":"Erweiterung des ortshistorischen Archivs","author":"Joachim Scholz","date":"27. Dezember 2023","format":false,"excerpt":"Kulturverein erh\u00e4lt wertvolles Quellenmaterial zu den Gebr\u00fcdern Knauer Es gibt Spezialgebiete des Wissens und die dazu geh\u00f6renden Spezialisten. Das ist nicht nur in den Wissenschaften so, sondern auch im Pferdesport. Interessiert man sich zum Beispiel f\u00fcr die Geschichte des deutschen Trabrennsports, kommt man an Karl Dold nicht vorbei. \u00dcber Umwege\u2026","rel":"","context":"In &quot;Dorfentwicklung&quot;","block_context":{"text":"Dorfentwicklung","link":"https:\/\/paulinenaue.info\/index.php\/category\/dorfentwicklung\/"},"img":{"alt_text":"","src":"https:\/\/i0.wp.com\/paulinenaue.info\/wp-content\/uploads\/2023\/12\/1910-ca-Arthur-Knauer-Zeichnung-scaled.jpg?resize=350%2C200&ssl=1","width":350,"height":200,"srcset":"https:\/\/i0.wp.com\/paulinenaue.info\/wp-content\/uploads\/2023\/12\/1910-ca-Arthur-Knauer-Zeichnung-scaled.jpg?resize=350%2C200&ssl=1 1x, https:\/\/i0.wp.com\/paulinenaue.info\/wp-content\/uploads\/2023\/12\/1910-ca-Arthur-Knauer-Zeichnung-scaled.jpg?resize=525%2C300&ssl=1 1.5x, https:\/\/i0.wp.com\/paulinenaue.info\/wp-content\/uploads\/2023\/12\/1910-ca-Arthur-Knauer-Zeichnung-scaled.jpg?resize=700%2C400&ssl=1 2x, https:\/\/i0.wp.com\/paulinenaue.info\/wp-content\/uploads\/2023\/12\/1910-ca-Arthur-Knauer-Zeichnung-scaled.jpg?resize=1050%2C600&ssl=1 3x, https:\/\/i0.wp.com\/paulinenaue.info\/wp-content\/uploads\/2023\/12\/1910-ca-Arthur-Knauer-Zeichnung-scaled.jpg?resize=1400%2C800&ssl=1 4x"},"classes":[]}],"_links":{"self":[{"href":"https:\/\/paulinenaue.info\/index.php\/wp-json\/wp\/v2\/posts\/37106","targetHints":{"allow":["GET"]}}],"collection":[{"href":"https:\/\/paulinenaue.info\/index.php\/wp-json\/wp\/v2\/posts"}],"about":[{"href":"https:\/\/paulinenaue.info\/index.php\/wp-json\/wp\/v2\/types\/post"}],"author":[{"embeddable":true,"href":"https:\/\/paulinenaue.info\/index.php\/wp-json\/wp\/v2\/users\/1"}],"replies":[{"embeddable":true,"href":"https:\/\/paulinenaue.info\/index.php\/wp-json\/wp\/v2\/comments?post=37106"}],"version-history":[{"count":10,"href":"https:\/\/paulinenaue.info\/index.php\/wp-json\/wp\/v2\/posts\/37106\/revisions"}],"predecessor-version":[{"id":37145,"href":"https:\/\/paulinenaue.info\/index.php\/wp-json\/wp\/v2\/posts\/37106\/revisions\/37145"}],"wp:featuredmedia":[{"embeddable":true,"href":"https:\/\/paulinenaue.info\/index.php\/wp-json\/wp\/v2\/media\/37113"}],"wp:attachment":[{"href":"https:\/\/paulinenaue.info\/index.php\/wp-json\/wp\/v2\/media?parent=37106"}],"wp:term":[{"taxonomy":"category","embeddable":true,"href":"https:\/\/paulinenaue.info\/index.php\/wp-json\/wp\/v2\/categories?post=37106"},{"taxonomy":"post_tag","embeddable":true,"href":"https:\/\/paulinenaue.info\/index.php\/wp-json\/wp\/v2\/tags?post=37106"}],"curies":[{"name":"wp","href":"https:\/\/api.w.org\/{rel}","templated":true}]}}