{"id":3976,"date":"2019-01-25T23:09:04","date_gmt":"2019-01-25T22:09:04","guid":{"rendered":"http:\/\/paulinenaue.info\/?p=3976"},"modified":"2021-12-30T20:54:22","modified_gmt":"2021-12-30T19:54:22","slug":"das-weihnachtsbaumverbrennen","status":"publish","type":"post","link":"https:\/\/paulinenaue.info\/index.php\/das-weihnachtsbaumverbrennen\/","title":{"rendered":"Das Weihnachtsbaumverbrennen"},"content":{"rendered":"<div>F\u00fcr einen leuchtenden w\u00e4rmenden Auftakt sorgte die Feuerwehr am 12. Januar 2019. \u201eAb um neun sammelten wir wieder die B\u00e4ume ein,\u201c schreibt Ortswehrf\u00fchrer Arne Breder.\u00a0 \u201eDas Feuer spendete bis in die sp\u00e4ten Abendstunden W\u00e4rme und ein Baum nach dem anderen wurde Opfer der Flammen. Am Verpflegungsstand gab es dieses Jahr wieder gebratene Champions, Bratwurst sowie Fleisch. Es war ein rundum sch\u00f6ner Abend bei bestem Wetter.<\/div>\n<div id=\"m_-4278874123351986839ydp70103420yiv7844395043\">Vielen Dank an alle Paulinenauer, die unser Einladung gefolgt sind.\u201c<\/div>\n<div><\/div>\n<div>\n<div id=\"attachment_3961\" style=\"width: 610px\" class=\"wp-caption alignnone\"><a href=\"http:\/\/paulinenaue.info\/wp-content\/uploads\/2019\/01\/IMG-20190123-WA0001.jpg\"><img decoding=\"async\" aria-describedby=\"caption-attachment-3961\" data-attachment-id=\"3961\" data-permalink=\"https:\/\/paulinenaue.info\/index.php\/das-weihnachtsbaumverbrennen\/img-20190123-wa0001\/\" data-orig-file=\"https:\/\/paulinenaue.info\/wp-content\/uploads\/2019\/01\/IMG-20190123-WA0001.jpg\" data-orig-size=\"1200,1600\" data-comments-opened=\"1\" data-image-meta=\"{&quot;aperture&quot;:&quot;0&quot;,&quot;credit&quot;:&quot;&quot;,&quot;camera&quot;:&quot;&quot;,&quot;caption&quot;:&quot;&quot;,&quot;created_timestamp&quot;:&quot;0&quot;,&quot;copyright&quot;:&quot;&quot;,&quot;focal_length&quot;:&quot;0&quot;,&quot;iso&quot;:&quot;0&quot;,&quot;shutter_speed&quot;:&quot;0&quot;,&quot;title&quot;:&quot;&quot;,&quot;orientation&quot;:&quot;0&quot;}\" data-image-title=\"IMG-20190123-WA0001\" data-image-description=\"\" data-image-caption=\"\" data-large-file=\"https:\/\/paulinenaue.info\/wp-content\/uploads\/2019\/01\/IMG-20190123-WA0001-768x1024.jpg\" class=\"lazyload wp-image-3961\" src=\"http:\/\/paulinenaue.info\/wp-content\/uploads\/2019\/01\/IMG-20190123-WA0001-768x1024.jpg\" data-orig-src=\"http:\/\/paulinenaue.info\/wp-content\/uploads\/2019\/01\/IMG-20190123-WA0001-768x1024.jpg\" alt=\"\" width=\"600\" height=\"800\" srcset=\"data:image\/svg+xml,%3Csvg%20xmlns%3D%27http%3A%2F%2Fwww.w3.org%2F2000%2Fsvg%27%20width%3D%27600%27%20height%3D%27800%27%20viewBox%3D%270%200%20600%20800%27%3E%3Crect%20width%3D%27600%27%20height%3D%27800%27%20fill-opacity%3D%220%22%2F%3E%3C%2Fsvg%3E\" data-srcset=\"https:\/\/paulinenaue.info\/wp-content\/uploads\/2019\/01\/IMG-20190123-WA0001-225x300.jpg 225w, https:\/\/paulinenaue.info\/wp-content\/uploads\/2019\/01\/IMG-20190123-WA0001-768x1024.jpg 768w, https:\/\/paulinenaue.info\/wp-content\/uploads\/2019\/01\/IMG-20190123-WA0001-958x1277.jpg 958w, https:\/\/paulinenaue.info\/wp-content\/uploads\/2019\/01\/IMG-20190123-WA0001.jpg 1200w\" data-sizes=\"auto\" data-orig-sizes=\"(max-width: 600px) 100vw, 600px\" \/><\/a><p id=\"caption-attachment-3961\" class=\"wp-caption-text\">Ein Dorf, ein Baum \u2026\u00a0Die Paulinenauer Weihnachtsb\u00e4ume 2018 sehen ihrem Schicksal entgegen.<\/p><\/div>\n<p>&nbsp;<\/p>\n<div id=\"attachment_3965\" style=\"width: 610px\" class=\"wp-caption alignnone\"><a href=\"http:\/\/paulinenaue.info\/wp-content\/uploads\/2019\/01\/IMG-20190123-WA0003.jpg\"><img decoding=\"async\" aria-describedby=\"caption-attachment-3965\" data-attachment-id=\"3965\" data-permalink=\"https:\/\/paulinenaue.info\/index.php\/das-weihnachtsbaumverbrennen\/img-20190123-wa0003\/\" data-orig-file=\"https:\/\/paulinenaue.info\/wp-content\/uploads\/2019\/01\/IMG-20190123-WA0003.jpg\" data-orig-size=\"768,1024\" data-comments-opened=\"1\" data-image-meta=\"{&quot;aperture&quot;:&quot;0&quot;,&quot;credit&quot;:&quot;&quot;,&quot;camera&quot;:&quot;&quot;,&quot;caption&quot;:&quot;&quot;,&quot;created_timestamp&quot;:&quot;0&quot;,&quot;copyright&quot;:&quot;&quot;,&quot;focal_length&quot;:&quot;0&quot;,&quot;iso&quot;:&quot;0&quot;,&quot;shutter_speed&quot;:&quot;0&quot;,&quot;title&quot;:&quot;&quot;,&quot;orientation&quot;:&quot;0&quot;}\" data-image-title=\"IMG-20190123-WA0003\" data-image-description=\"\" data-image-caption=\"\" data-large-file=\"https:\/\/paulinenaue.info\/wp-content\/uploads\/2019\/01\/IMG-20190123-WA0003-768x1024.jpg\" class=\"lazyload wp-image-3965\" src=\"http:\/\/paulinenaue.info\/wp-content\/uploads\/2019\/01\/IMG-20190123-WA0003-768x1024.jpg\" data-orig-src=\"http:\/\/paulinenaue.info\/wp-content\/uploads\/2019\/01\/IMG-20190123-WA0003-768x1024.jpg\" alt=\"\" width=\"600\" height=\"800\" srcset=\"data:image\/svg+xml,%3Csvg%20xmlns%3D%27http%3A%2F%2Fwww.w3.org%2F2000%2Fsvg%27%20width%3D%27600%27%20height%3D%27800%27%20viewBox%3D%270%200%20600%20800%27%3E%3Crect%20width%3D%27600%27%20height%3D%27800%27%20fill-opacity%3D%220%22%2F%3E%3C%2Fsvg%3E\" data-srcset=\"https:\/\/paulinenaue.info\/wp-content\/uploads\/2019\/01\/IMG-20190123-WA0003-225x300.jpg 225w, https:\/\/paulinenaue.info\/wp-content\/uploads\/2019\/01\/IMG-20190123-WA0003.jpg 768w\" data-sizes=\"auto\" data-orig-sizes=\"(max-width: 600px) 100vw, 600px\" \/><\/a><p id=\"caption-attachment-3965\" class=\"wp-caption-text\">Vertrautes Bild zum Jahresanfang.<\/p><\/div>\n<\/div>\n","protected":false},"excerpt":{"rendered":"<p>F\u00fcr einen leuchtenden w\u00e4rmenden Auftakt sorgte die Feuerwehr am 12. [&hellip;]<\/p>\n","protected":false},"author":1,"featured_media":3968,"comment_status":"open","ping_status":"open","sticky":false,"template":"","format":"standard","meta":{"_acf_changed":false,"_price":"","_stock":"","_tribe_ticket_header":"","_tribe_default_ticket_provider":"","_tribe_ticket_capacity":"0","_ticket_start_date":"","_ticket_end_date":"","_tribe_ticket_show_description":"","_tribe_ticket_show_not_going":false,"_tribe_ticket_use_global_stock":"","_tribe_ticket_global_stock_level":"","_global_stock_mode":"","_global_stock_cap":"","_tribe_rsvp_for_event":"","_tribe_ticket_going_count":"","_tribe_ticket_not_going_count":"","_tribe_tickets_list":"[]","_tribe_ticket_has_attendee_info_fields":false,"jetpack_post_was_ever_published":false,"_jetpack_newsletter_access":"","_jetpack_dont_email_post_to_subs":false,"_jetpack_newsletter_tier_id":0,"_jetpack_memberships_contains_paywalled_content":false,"_jetpack_memberships_contains_paid_content":false,"footnotes":"","jetpack_publicize_message":"","jetpack_publicize_feature_enabled":true,"jetpack_social_post_already_shared":true,"jetpack_social_options":{"image_generator_settings":{"template":"highway","default_image_id":0,"font":"","enabled":false},"version":2}},"categories":[1,16,6,9,10],"tags":[18],"class_list":["post-3976","post","type-post","status-publish","format-standard","has-post-thumbnail","hentry","category-allgemein","category-feuerwehr","category-hier-zuhause","category-neuigkeiten","category-vereine","tag-weihnachtsbaumverbrennen"],"acf":[],"yoast_head":"<!-- This site is optimized with the Yoast SEO plugin v27.5 - https:\/\/yoast.com\/product\/yoast-seo-wordpress\/ -->\n<title>Das Weihnachtsbaumverbrennen - Paulinenaue<\/title>\n<meta name=\"robots\" content=\"index, follow, max-snippet:-1, max-image-preview:large, max-video-preview:-1\" \/>\n<link rel=\"canonical\" href=\"https:\/\/paulinenaue.info\/index.php\/das-weihnachtsbaumverbrennen\/\" \/>\n<meta property=\"og:locale\" content=\"de_DE\" \/>\n<meta property=\"og:type\" content=\"article\" \/>\n<meta property=\"og:title\" content=\"Das Weihnachtsbaumverbrennen - Paulinenaue\" \/>\n<meta property=\"og:description\" content=\"F\u00fcr einen leuchtenden w\u00e4rmenden Auftakt sorgte die Feuerwehr am 12. [&hellip;]\" \/>\n<meta property=\"og:url\" content=\"https:\/\/paulinenaue.info\/index.php\/das-weihnachtsbaumverbrennen\/\" \/>\n<meta property=\"og:site_name\" content=\"Paulinenaue\" \/>\n<meta property=\"article:published_time\" content=\"2019-01-25T22:09:04+00:00\" \/>\n<meta property=\"article:modified_time\" content=\"2021-12-30T19:54:22+00:00\" \/>\n<meta property=\"og:image\" content=\"https:\/\/paulinenaue.info\/wp-content\/uploads\/2019\/01\/IMG-20190123-WA0004_1.jpg\" \/>\n\t<meta property=\"og:image:width\" content=\"768\" \/>\n\t<meta property=\"og:image:height\" content=\"1024\" \/>\n\t<meta property=\"og:image:type\" content=\"image\/jpeg\" \/>\n<meta name=\"author\" content=\"Joachim Scholz\" \/>\n<meta name=\"twitter:card\" content=\"summary_large_image\" \/>\n<meta name=\"twitter:label1\" content=\"Verfasst von\" \/>\n\t<meta name=\"twitter:data1\" content=\"Joachim Scholz\" \/>\n\t<meta name=\"twitter:label2\" content=\"Gesch\u00e4tzte Lesezeit\" \/>\n\t<meta name=\"twitter:data2\" content=\"1\u00a0Minute\" \/>\n<script type=\"application\/ld+json\" class=\"yoast-schema-graph\">{\"@context\":\"https:\\\/\\\/schema.org\",\"@graph\":[{\"@type\":\"Article\",\"@id\":\"https:\\\/\\\/paulinenaue.info\\\/index.php\\\/das-weihnachtsbaumverbrennen\\\/#article\",\"isPartOf\":{\"@id\":\"https:\\\/\\\/paulinenaue.info\\\/index.php\\\/das-weihnachtsbaumverbrennen\\\/\"},\"author\":{\"name\":\"Joachim Scholz\",\"@id\":\"https:\\\/\\\/paulinenaue.info\\\/#\\\/schema\\\/person\\\/3f9e818fd7b69b0d2bd937ac506897cc\"},\"headline\":\"Das Weihnachtsbaumverbrennen\",\"datePublished\":\"2019-01-25T22:09:04+00:00\",\"dateModified\":\"2021-12-30T19:54:22+00:00\",\"mainEntityOfPage\":{\"@id\":\"https:\\\/\\\/paulinenaue.info\\\/index.php\\\/das-weihnachtsbaumverbrennen\\\/\"},\"wordCount\":113,\"commentCount\":0,\"image\":{\"@id\":\"https:\\\/\\\/paulinenaue.info\\\/index.php\\\/das-weihnachtsbaumverbrennen\\\/#primaryimage\"},\"thumbnailUrl\":\"https:\\\/\\\/paulinenaue.info\\\/wp-content\\\/uploads\\\/2019\\\/01\\\/IMG-20190123-WA0004_1.jpg\",\"keywords\":[\"Weihnachtsbaumverbrennen\"],\"articleSection\":{\"1\":\"Feuerwehr\",\"2\":\"Hier Zuhause\",\"3\":\"Neuigkeiten\",\"4\":\"Vereine\"},\"inLanguage\":\"de\",\"potentialAction\":[{\"@type\":\"CommentAction\",\"name\":\"Comment\",\"target\":[\"https:\\\/\\\/paulinenaue.info\\\/index.php\\\/das-weihnachtsbaumverbrennen\\\/#respond\"]}]},{\"@type\":\"WebPage\",\"@id\":\"https:\\\/\\\/paulinenaue.info\\\/index.php\\\/das-weihnachtsbaumverbrennen\\\/\",\"url\":\"https:\\\/\\\/paulinenaue.info\\\/index.php\\\/das-weihnachtsbaumverbrennen\\\/\",\"name\":\"Das Weihnachtsbaumverbrennen - Paulinenaue\",\"isPartOf\":{\"@id\":\"https:\\\/\\\/paulinenaue.info\\\/#website\"},\"primaryImageOfPage\":{\"@id\":\"https:\\\/\\\/paulinenaue.info\\\/index.php\\\/das-weihnachtsbaumverbrennen\\\/#primaryimage\"},\"image\":{\"@id\":\"https:\\\/\\\/paulinenaue.info\\\/index.php\\\/das-weihnachtsbaumverbrennen\\\/#primaryimage\"},\"thumbnailUrl\":\"https:\\\/\\\/paulinenaue.info\\\/wp-content\\\/uploads\\\/2019\\\/01\\\/IMG-20190123-WA0004_1.jpg\",\"datePublished\":\"2019-01-25T22:09:04+00:00\",\"dateModified\":\"2021-12-30T19:54:22+00:00\",\"author\":{\"@id\":\"https:\\\/\\\/paulinenaue.info\\\/#\\\/schema\\\/person\\\/3f9e818fd7b69b0d2bd937ac506897cc\"},\"breadcrumb\":{\"@id\":\"https:\\\/\\\/paulinenaue.info\\\/index.php\\\/das-weihnachtsbaumverbrennen\\\/#breadcrumb\"},\"inLanguage\":\"de\",\"potentialAction\":[{\"@type\":\"ReadAction\",\"target\":[\"https:\\\/\\\/paulinenaue.info\\\/index.php\\\/das-weihnachtsbaumverbrennen\\\/\"]}]},{\"@type\":\"ImageObject\",\"inLanguage\":\"de\",\"@id\":\"https:\\\/\\\/paulinenaue.info\\\/index.php\\\/das-weihnachtsbaumverbrennen\\\/#primaryimage\",\"url\":\"https:\\\/\\\/paulinenaue.info\\\/wp-content\\\/uploads\\\/2019\\\/01\\\/IMG-20190123-WA0004_1.jpg\",\"contentUrl\":\"https:\\\/\\\/paulinenaue.info\\\/wp-content\\\/uploads\\\/2019\\\/01\\\/IMG-20190123-WA0004_1.jpg\",\"width\":768,\"height\":1024},{\"@type\":\"BreadcrumbList\",\"@id\":\"https:\\\/\\\/paulinenaue.info\\\/index.php\\\/das-weihnachtsbaumverbrennen\\\/#breadcrumb\",\"itemListElement\":[{\"@type\":\"ListItem\",\"position\":1,\"name\":\"Home\",\"item\":\"https:\\\/\\\/paulinenaue.info\\\/\"},{\"@type\":\"ListItem\",\"position\":2,\"name\":\"Das Weihnachtsbaumverbrennen\"}]},{\"@type\":\"WebSite\",\"@id\":\"https:\\\/\\\/paulinenaue.info\\\/#website\",\"url\":\"https:\\\/\\\/paulinenaue.info\\\/\",\"name\":\"Paulinenaue\",\"description\":\"Ein Dorf im Havelland\",\"potentialAction\":[{\"@type\":\"SearchAction\",\"target\":{\"@type\":\"EntryPoint\",\"urlTemplate\":\"https:\\\/\\\/paulinenaue.info\\\/?s={search_term_string}\"},\"query-input\":{\"@type\":\"PropertyValueSpecification\",\"valueRequired\":true,\"valueName\":\"search_term_string\"}}],\"inLanguage\":\"de\"},{\"@type\":\"Person\",\"@id\":\"https:\\\/\\\/paulinenaue.info\\\/#\\\/schema\\\/person\\\/3f9e818fd7b69b0d2bd937ac506897cc\",\"name\":\"Joachim Scholz\",\"url\":\"https:\\\/\\\/paulinenaue.info\\\/index.php\\\/author\\\/jjscholz\\\/\"}]}<\/script>\n<!-- \/ Yoast SEO plugin. -->","yoast_head_json":{"title":"Das Weihnachtsbaumverbrennen - Paulinenaue","robots":{"index":"index","follow":"follow","max-snippet":"max-snippet:-1","max-image-preview":"max-image-preview:large","max-video-preview":"max-video-preview:-1"},"canonical":"https:\/\/paulinenaue.info\/index.php\/das-weihnachtsbaumverbrennen\/","og_locale":"de_DE","og_type":"article","og_title":"Das Weihnachtsbaumverbrennen - Paulinenaue","og_description":"F\u00fcr einen leuchtenden w\u00e4rmenden Auftakt sorgte die Feuerwehr am 12. [&hellip;]","og_url":"https:\/\/paulinenaue.info\/index.php\/das-weihnachtsbaumverbrennen\/","og_site_name":"Paulinenaue","article_published_time":"2019-01-25T22:09:04+00:00","article_modified_time":"2021-12-30T19:54:22+00:00","og_image":[{"width":768,"height":1024,"url":"https:\/\/paulinenaue.info\/wp-content\/uploads\/2019\/01\/IMG-20190123-WA0004_1.jpg","type":"image\/jpeg"}],"author":"Joachim Scholz","twitter_card":"summary_large_image","twitter_misc":{"Verfasst von":"Joachim Scholz","Gesch\u00e4tzte Lesezeit":"1\u00a0Minute"},"schema":{"@context":"https:\/\/schema.org","@graph":[{"@type":"Article","@id":"https:\/\/paulinenaue.info\/index.php\/das-weihnachtsbaumverbrennen\/#article","isPartOf":{"@id":"https:\/\/paulinenaue.info\/index.php\/das-weihnachtsbaumverbrennen\/"},"author":{"name":"Joachim Scholz","@id":"https:\/\/paulinenaue.info\/#\/schema\/person\/3f9e818fd7b69b0d2bd937ac506897cc"},"headline":"Das Weihnachtsbaumverbrennen","datePublished":"2019-01-25T22:09:04+00:00","dateModified":"2021-12-30T19:54:22+00:00","mainEntityOfPage":{"@id":"https:\/\/paulinenaue.info\/index.php\/das-weihnachtsbaumverbrennen\/"},"wordCount":113,"commentCount":0,"image":{"@id":"https:\/\/paulinenaue.info\/index.php\/das-weihnachtsbaumverbrennen\/#primaryimage"},"thumbnailUrl":"https:\/\/paulinenaue.info\/wp-content\/uploads\/2019\/01\/IMG-20190123-WA0004_1.jpg","keywords":["Weihnachtsbaumverbrennen"],"articleSection":{"1":"Feuerwehr","2":"Hier Zuhause","3":"Neuigkeiten","4":"Vereine"},"inLanguage":"de","potentialAction":[{"@type":"CommentAction","name":"Comment","target":["https:\/\/paulinenaue.info\/index.php\/das-weihnachtsbaumverbrennen\/#respond"]}]},{"@type":"WebPage","@id":"https:\/\/paulinenaue.info\/index.php\/das-weihnachtsbaumverbrennen\/","url":"https:\/\/paulinenaue.info\/index.php\/das-weihnachtsbaumverbrennen\/","name":"Das Weihnachtsbaumverbrennen - Paulinenaue","isPartOf":{"@id":"https:\/\/paulinenaue.info\/#website"},"primaryImageOfPage":{"@id":"https:\/\/paulinenaue.info\/index.php\/das-weihnachtsbaumverbrennen\/#primaryimage"},"image":{"@id":"https:\/\/paulinenaue.info\/index.php\/das-weihnachtsbaumverbrennen\/#primaryimage"},"thumbnailUrl":"https:\/\/paulinenaue.info\/wp-content\/uploads\/2019\/01\/IMG-20190123-WA0004_1.jpg","datePublished":"2019-01-25T22:09:04+00:00","dateModified":"2021-12-30T19:54:22+00:00","author":{"@id":"https:\/\/paulinenaue.info\/#\/schema\/person\/3f9e818fd7b69b0d2bd937ac506897cc"},"breadcrumb":{"@id":"https:\/\/paulinenaue.info\/index.php\/das-weihnachtsbaumverbrennen\/#breadcrumb"},"inLanguage":"de","potentialAction":[{"@type":"ReadAction","target":["https:\/\/paulinenaue.info\/index.php\/das-weihnachtsbaumverbrennen\/"]}]},{"@type":"ImageObject","inLanguage":"de","@id":"https:\/\/paulinenaue.info\/index.php\/das-weihnachtsbaumverbrennen\/#primaryimage","url":"https:\/\/paulinenaue.info\/wp-content\/uploads\/2019\/01\/IMG-20190123-WA0004_1.jpg","contentUrl":"https:\/\/paulinenaue.info\/wp-content\/uploads\/2019\/01\/IMG-20190123-WA0004_1.jpg","width":768,"height":1024},{"@type":"BreadcrumbList","@id":"https:\/\/paulinenaue.info\/index.php\/das-weihnachtsbaumverbrennen\/#breadcrumb","itemListElement":[{"@type":"ListItem","position":1,"name":"Home","item":"https:\/\/paulinenaue.info\/"},{"@type":"ListItem","position":2,"name":"Das Weihnachtsbaumverbrennen"}]},{"@type":"WebSite","@id":"https:\/\/paulinenaue.info\/#website","url":"https:\/\/paulinenaue.info\/","name":"Paulinenaue","description":"Ein Dorf im Havelland","potentialAction":[{"@type":"SearchAction","target":{"@type":"EntryPoint","urlTemplate":"https:\/\/paulinenaue.info\/?s={search_term_string}"},"query-input":{"@type":"PropertyValueSpecification","valueRequired":true,"valueName":"search_term_string"}}],"inLanguage":"de"},{"@type":"Person","@id":"https:\/\/paulinenaue.info\/#\/schema\/person\/3f9e818fd7b69b0d2bd937ac506897cc","name":"Joachim Scholz","url":"https:\/\/paulinenaue.info\/index.php\/author\/jjscholz\/"}]}},"jetpack_publicize_connections":[],"jetpack_featured_media_url":"https:\/\/paulinenaue.info\/wp-content\/uploads\/2019\/01\/IMG-20190123-WA0004_1.jpg","jetpack_sharing_enabled":true,"jetpack_shortlink":"https:\/\/wp.me\/pcYhWA-128","jetpack-related-posts":[{"id":125,"url":"https:\/\/paulinenaue.info\/index.php\/weihnachtsbaumverbrennen-2013\/","url_meta":{"origin":3976,"position":0},"title":"Weihnachtsbaumverbrennen 2013","author":"Joachim Scholz","date":"22. M\u00e4rz 2016","format":false,"excerpt":"Arne Breder 26.01.2013. Schon zu einer kleinen Tradition geworden ist das Verbrennen der Weihnachtsb\u00e4ume bei der Feuerwehr Paulinenaue. In diesem Jahr war der Termin etwas sp\u00e4ter als sonst, aber es ging leider nicht anders. Die am Vormittag eingesammelten B\u00e4ume (ca. 50 St\u00fcck) wurden zu einem gro\u00dfen Haufen aufget\u00fcrmt. Um ca.\u2026","rel":"","context":"In &quot;Feuerwehr&quot;","block_context":{"text":"Feuerwehr","link":"https:\/\/paulinenaue.info\/index.php\/category\/feuerwehr\/"},"img":{"alt_text":"","src":"https:\/\/i0.wp.com\/paulinenaue.info\/wp-content\/uploads\/2016\/03\/20130126_weihnachtsbaumverbrennen_05_ab.jpg?resize=350%2C200&ssl=1","width":350,"height":200},"classes":[]},{"id":95,"url":"https:\/\/paulinenaue.info\/index.php\/weihnachtsbaumverbrennen-2014\/","url_meta":{"origin":3976,"position":1},"title":"Weihnachtsbaumverbrennen 2014","author":"Joachim Scholz","date":"30. Januar 2014","format":false,"excerpt":"Am 25. Januar 2014 war es wieder so weit. Ab 9:00 Uhr sammelte die Feuerwehr die Weihnachtsb\u00e4ume im Ort ein. Sie sollten am Abend den Flammen \u00fcbergeben werden. Leider liegen jedes Jahr immer weniger B\u00e4ume bereit. Haben viele Paulinenauer k\u00fcnstliche Weihnachtsb\u00e4ume oder vielleicht gar keinen Baum mehr? Zum Gl\u00fcck hatten\u2026","rel":"","context":"In &quot;Feuerwehr&quot;","block_context":{"text":"Feuerwehr","link":"https:\/\/paulinenaue.info\/index.php\/category\/feuerwehr\/"},"img":{"alt_text":"","src":"https:\/\/i0.wp.com\/paulinenaue.info\/wp-content\/uploads\/2016\/03\/20140125_weihnachtsbaumverbrennen_03.jpg?resize=350%2C200&ssl=1","width":350,"height":200},"classes":[]},{"id":1846,"url":"https:\/\/paulinenaue.info\/index.php\/das-neue-jahr-begann-mit-der-weihnachtsbaumverbrennung\/","url_meta":{"origin":3976,"position":2},"title":"Warm und satt und auch noch Lichteffekte: die Feuerwehr setzt zu Jahresbeginn die richtigen Zeichen","author":"Joachim Scholz","date":"20. Januar 2018","format":false,"excerpt":"Hoch und hei\u00df her ging es wieder, als am 13. Januar die Kameraden der Freiwilligen Feuerwehr die Paulinenauer Weihnachtsb\u00e4ume verbrannten. F\u00fcr die Paulinenauer\/innen ist der Termin am Jahresanfang seit Jahren beliebt als eine Veranstaltung, die das N\u00fctzliche mit dem Angenehmen verbindet. Wenn man sich f\u00fcr einige Minuten am Feuer w\u00e4rmt\u2026","rel":"","context":"In &quot;Allgemein&quot;","block_context":{"text":"Allgemein","link":"https:\/\/paulinenaue.info\/index.php\/category\/allgemein\/"},"img":{"alt_text":"","src":"https:\/\/i0.wp.com\/paulinenaue.info\/wp-content\/uploads\/2018\/01\/DSC08811.jpg?resize=350%2C200&ssl=1","width":350,"height":200,"srcset":"https:\/\/i0.wp.com\/paulinenaue.info\/wp-content\/uploads\/2018\/01\/DSC08811.jpg?resize=350%2C200&ssl=1 1x, https:\/\/i0.wp.com\/paulinenaue.info\/wp-content\/uploads\/2018\/01\/DSC08811.jpg?resize=525%2C300&ssl=1 1.5x, https:\/\/i0.wp.com\/paulinenaue.info\/wp-content\/uploads\/2018\/01\/DSC08811.jpg?resize=700%2C400&ssl=1 2x"},"classes":[]},{"id":598,"url":"https:\/\/paulinenaue.info\/index.php\/598\/","url_meta":{"origin":3976,"position":3},"title":"Traditionelle Baumverbrennung","author":"Donata Kienitz-Jannermann","date":"7. Januar 2017","format":false,"excerpt":"Die Freiwillige Feuerwehr Paulinenaue lud am 12. Januar wieder zum traditionellen Weihnachtsbaumverbrennen auf den Platz vor dem Feuerwehrdepot ein. Die Funken flogen und mit lautem Knistern wurden die gerade noch prachtvoll geschm\u00fcckten B\u00e4ume allesamt ein Opfer der Flammen. Schon um 9.00 Uhr hatten die Feuerwehrleute begonnen, die B\u00e4ume einzusammeln. \u00a0\u2026","rel":"","context":"In &quot;Feuerwehr&quot;","block_context":{"text":"Feuerwehr","link":"https:\/\/paulinenaue.info\/index.php\/category\/feuerwehr\/"},"img":{"alt_text":"","src":"https:\/\/i0.wp.com\/paulinenaue.info\/wp-content\/uploads\/2017\/01\/File0013-e1483786660710.jpg?resize=350%2C200&ssl=1","width":350,"height":200,"srcset":"https:\/\/i0.wp.com\/paulinenaue.info\/wp-content\/uploads\/2017\/01\/File0013-e1483786660710.jpg?resize=350%2C200&ssl=1 1x, https:\/\/i0.wp.com\/paulinenaue.info\/wp-content\/uploads\/2017\/01\/File0013-e1483786660710.jpg?resize=525%2C300&ssl=1 1.5x, https:\/\/i0.wp.com\/paulinenaue.info\/wp-content\/uploads\/2017\/01\/File0013-e1483786660710.jpg?resize=700%2C400&ssl=1 2x, https:\/\/i0.wp.com\/paulinenaue.info\/wp-content\/uploads\/2017\/01\/File0013-e1483786660710.jpg?resize=1050%2C600&ssl=1 3x, https:\/\/i0.wp.com\/paulinenaue.info\/wp-content\/uploads\/2017\/01\/File0013-e1483786660710.jpg?resize=1400%2C800&ssl=1 4x"},"classes":[]},{"id":5662,"url":"https:\/\/paulinenaue.info\/index.php\/jahresrueckblick-feuerwehr\/","url_meta":{"origin":3976,"position":4},"title":"Jahresr\u00fcckblick Feuerwehr","author":"Christian Gnewikow","date":"15. Januar 2021","format":false,"excerpt":"Auch hinter unserer Feuerwehr liegt ein denkw\u00fcrdiges und in jeder Hinsicht au\u00dfergew\u00f6hnliches Jahr, auf das wir hier einmal zur\u00fcckblicken wollen. Begonnen hat das Jahr 2020 eher unaufgeregt. So konnten wir noch am 25. Januar in gewohnter Weise unser Weihnachtsbaumverbrennen feiern. Die Planungen f\u00fcr weitere Aktivit\u00e4ten liefen schon auf Hochtouren: wir\u2026","rel":"","context":"In &quot;Allgemein&quot;","block_context":{"text":"Allgemein","link":"https:\/\/paulinenaue.info\/index.php\/category\/allgemein\/"},"img":{"alt_text":"","src":"https:\/\/i0.wp.com\/paulinenaue.info\/wp-content\/uploads\/2021\/01\/01-WBV-300x225.jpg?resize=350%2C200&ssl=1","width":350,"height":200},"classes":[]},{"id":415469,"url":"https:\/\/paulinenaue.info\/index.php\/winterlicher-weihnachtsmarkt-2023\/","url_meta":{"origin":3976,"position":5},"title":"Winterlicher Weihnachtsmarkt 2023","author":"Joachim Scholz","date":"3. Dezember 2023","format":false,"excerpt":"Den Beginn der Weihnachtszeit erlebt jeder individuell. Auch wenn man die Zeit vielleicht noch nicht f\u00fcr gekommen h\u00e4lt, an einem Punkt ist es schlie\u00dflich so weit. F\u00fcr mich ist das nun schon seit ein paar Jahren der Augenblick, wo ich dicht neben B\u00fcrgermeister Arne Breder stehe und mit ihm zusammen\u2026","rel":"","context":"In &quot;Allgemein&quot;","block_context":{"text":"Allgemein","link":"https:\/\/paulinenaue.info\/index.php\/category\/allgemein\/"},"img":{"alt_text":"","src":"https:\/\/i0.wp.com\/paulinenaue.info\/wp-content\/uploads\/2023\/12\/2023-12-01-Weihnachtsmarkt-00.jpeg?resize=350%2C200&ssl=1","width":350,"height":200,"srcset":"https:\/\/i0.wp.com\/paulinenaue.info\/wp-content\/uploads\/2023\/12\/2023-12-01-Weihnachtsmarkt-00.jpeg?resize=350%2C200&ssl=1 1x, https:\/\/i0.wp.com\/paulinenaue.info\/wp-content\/uploads\/2023\/12\/2023-12-01-Weihnachtsmarkt-00.jpeg?resize=525%2C300&ssl=1 1.5x, https:\/\/i0.wp.com\/paulinenaue.info\/wp-content\/uploads\/2023\/12\/2023-12-01-Weihnachtsmarkt-00.jpeg?resize=700%2C400&ssl=1 2x"},"classes":[]}],"_links":{"self":[{"href":"https:\/\/paulinenaue.info\/index.php\/wp-json\/wp\/v2\/posts\/3976","targetHints":{"allow":["GET"]}}],"collection":[{"href":"https:\/\/paulinenaue.info\/index.php\/wp-json\/wp\/v2\/posts"}],"about":[{"href":"https:\/\/paulinenaue.info\/index.php\/wp-json\/wp\/v2\/types\/post"}],"author":[{"embeddable":true,"href":"https:\/\/paulinenaue.info\/index.php\/wp-json\/wp\/v2\/users\/1"}],"replies":[{"embeddable":true,"href":"https:\/\/paulinenaue.info\/index.php\/wp-json\/wp\/v2\/comments?post=3976"}],"version-history":[{"count":5,"href":"https:\/\/paulinenaue.info\/index.php\/wp-json\/wp\/v2\/posts\/3976\/revisions"}],"predecessor-version":[{"id":6625,"href":"https:\/\/paulinenaue.info\/index.php\/wp-json\/wp\/v2\/posts\/3976\/revisions\/6625"}],"wp:featuredmedia":[{"embeddable":true,"href":"https:\/\/paulinenaue.info\/index.php\/wp-json\/wp\/v2\/media\/3968"}],"wp:attachment":[{"href":"https:\/\/paulinenaue.info\/index.php\/wp-json\/wp\/v2\/media?parent=3976"}],"wp:term":[{"taxonomy":"category","embeddable":true,"href":"https:\/\/paulinenaue.info\/index.php\/wp-json\/wp\/v2\/categories?post=3976"},{"taxonomy":"post_tag","embeddable":true,"href":"https:\/\/paulinenaue.info\/index.php\/wp-json\/wp\/v2\/tags?post=3976"}],"curies":[{"name":"wp","href":"https:\/\/api.w.org\/{rel}","templated":true}]}}