{"id":414948,"date":"2022-11-12T23:44:32","date_gmt":"2022-11-12T22:44:32","guid":{"rendered":"https:\/\/paulinenaue.info\/?p=414948"},"modified":"2022-11-12T23:45:16","modified_gmt":"2022-11-12T22:45:16","slug":"ein-jahr-apne-3","status":"publish","type":"post","link":"https:\/\/paulinenaue.info\/index.php\/ein-jahr-apne-3\/","title":{"rendered":"Ein Jahr Apne 3"},"content":{"rendered":"<h2>Paulinenaues indisches Restaurant feiert Geburtstag<\/h2>\n<p>\u201eWir gehen zum Inder\u201c, oder \u201eWir holen uns was vom Inder\u201c: Diese S\u00e4tze sind im Laufe des letzten Jahres in Paulinenaue gel\u00e4ufig geworden. Das indische Restaurant \u201eApne 3\u201c, das am 9. Oktober 2021 in der Dorfmitte er\u00f6ffnete, ist l\u00e4ngst eine Institution. Das Essen schmeckt und die Preise sind ok, das Personal ist freundlich und vor allen: Es gibt endlich wieder einen \u00f6ffentlichen Ort, an dem man sich treffen kann.<\/p>\n<p>Am 12. November 2022 wird der erste Jahrestag unseres indischen Restaurant mit Cocktails und einer DJ-Party begangen. Herzlichen Gl\u00fcckwunsch und weiter so!<\/p>\n<div id=\"attachment_414949\" style=\"width: 810px\" class=\"wp-caption alignnone\"><a href=\"https:\/\/paulinenaue.info\/wp-content\/uploads\/2022\/11\/2022-11-13-Apne-3.jpeg\"><img decoding=\"async\" aria-describedby=\"caption-attachment-414949\" data-attachment-id=\"414949\" data-permalink=\"https:\/\/paulinenaue.info\/index.php\/ein-jahr-apne-3\/2022-11-13-apne-3\/\" data-orig-file=\"https:\/\/paulinenaue.info\/wp-content\/uploads\/2022\/11\/2022-11-13-Apne-3.jpeg\" data-orig-size=\"1000,667\" data-comments-opened=\"1\" data-image-meta=\"{&quot;aperture&quot;:&quot;2.8&quot;,&quot;credit&quot;:&quot;&quot;,&quot;camera&quot;:&quot;DSC-RX10M3&quot;,&quot;caption&quot;:&quot;&quot;,&quot;created_timestamp&quot;:&quot;1668275112&quot;,&quot;copyright&quot;:&quot;&quot;,&quot;focal_length&quot;:&quot;11.26&quot;,&quot;iso&quot;:&quot;800&quot;,&quot;shutter_speed&quot;:&quot;0.1&quot;,&quot;title&quot;:&quot;&quot;,&quot;orientation&quot;:&quot;0&quot;}\" data-image-title=\"2022-11-13, Apne 3\" data-image-description=\"&lt;p&gt;Gurpreet Singh vom indischen Restaurant Apne 3 pr\u00e4sentiert die Geburtstagstorte f\u00fcr das Restaurant.&lt;\/p&gt;\n\" data-image-caption=\"&lt;p&gt;Gurpreet Singh vom indischen Restaurant Apne 3 pr\u00e4sentiert die Geburtstagstorte f\u00fcr das Restaurant. Foto: Joachim Scholz 2022.&lt;\/p&gt;\n\" data-large-file=\"https:\/\/paulinenaue.info\/wp-content\/uploads\/2022\/11\/2022-11-13-Apne-3.jpeg\" class=\"lazyload size-fusion-800 wp-image-414949\" src=\"https:\/\/paulinenaue.info\/wp-content\/uploads\/2022\/11\/2022-11-13-Apne-3-800x534.jpeg\" data-orig-src=\"https:\/\/paulinenaue.info\/wp-content\/uploads\/2022\/11\/2022-11-13-Apne-3-800x534.jpeg\" alt=\"\" width=\"800\" height=\"534\" srcset=\"data:image\/svg+xml,%3Csvg%20xmlns%3D%27http%3A%2F%2Fwww.w3.org%2F2000%2Fsvg%27%20width%3D%27800%27%20height%3D%27534%27%20viewBox%3D%270%200%20800%20534%27%3E%3Crect%20width%3D%27800%27%20height%3D%27534%27%20fill-opacity%3D%220%22%2F%3E%3C%2Fsvg%3E\" data-srcset=\"https:\/\/paulinenaue.info\/wp-content\/uploads\/2022\/11\/2022-11-13-Apne-3-200x133.jpeg 200w, https:\/\/paulinenaue.info\/wp-content\/uploads\/2022\/11\/2022-11-13-Apne-3-300x200.jpeg 300w, https:\/\/paulinenaue.info\/wp-content\/uploads\/2022\/11\/2022-11-13-Apne-3-400x267.jpeg 400w, https:\/\/paulinenaue.info\/wp-content\/uploads\/2022\/11\/2022-11-13-Apne-3-600x400.jpeg 600w, https:\/\/paulinenaue.info\/wp-content\/uploads\/2022\/11\/2022-11-13-Apne-3-768x512.jpeg 768w, https:\/\/paulinenaue.info\/wp-content\/uploads\/2022\/11\/2022-11-13-Apne-3-800x534.jpeg 800w, https:\/\/paulinenaue.info\/wp-content\/uploads\/2022\/11\/2022-11-13-Apne-3.jpeg 1000w\" data-sizes=\"auto\" data-orig-sizes=\"(max-width: 800px) 100vw, 800px\" \/><\/a><p id=\"caption-attachment-414949\" class=\"wp-caption-text\">Gurpreet Singh vom indischen Restaurant Apne 3 pr\u00e4sentiert die Geburtstagstorte f\u00fcr das Restaurant. Foto: Joachim Scholz 2022.<\/p><\/div>\n","protected":false},"excerpt":{"rendered":"<p>Paulinenaues indisches Restaurant feiert Geburtstag \u201eWir gehen zum Inder\u201c, oder [&hellip;]<\/p>\n","protected":false},"author":1,"featured_media":414949,"comment_status":"open","ping_status":"open","sticky":false,"template":"","format":"standard","meta":{"_acf_changed":false,"_price":"","_stock":"","_tribe_ticket_header":"","_tribe_default_ticket_provider":"","_tribe_ticket_capacity":"0","_ticket_start_date":"","_ticket_end_date":"","_tribe_ticket_show_description":"","_tribe_ticket_show_not_going":false,"_tribe_ticket_use_global_stock":"","_tribe_ticket_global_stock_level":"","_global_stock_mode":"","_global_stock_cap":"","_tribe_rsvp_for_event":"","_tribe_ticket_going_count":"","_tribe_ticket_not_going_count":"","_tribe_tickets_list":"[]","_tribe_ticket_has_attendee_info_fields":false,"jetpack_post_was_ever_published":false,"_jetpack_newsletter_access":"","_jetpack_dont_email_post_to_subs":false,"_jetpack_newsletter_tier_id":0,"_jetpack_memberships_contains_paywalled_content":false,"_jetpack_memberships_contains_paid_content":false,"footnotes":"","jetpack_publicize_message":"","jetpack_publicize_feature_enabled":true,"jetpack_social_post_already_shared":true,"jetpack_social_options":{"image_generator_settings":{"template":"highway","default_image_id":0,"font":"","enabled":false},"version":2}},"categories":[1,40,404,6],"tags":[405,489,407],"class_list":["post-414948","post","type-post","status-publish","format-standard","has-post-thumbnail","hentry","category-allgemein","category-dorfentwicklung","category-gastronomie","category-hier-zuhause","tag-apne-3","tag-inder","tag-restaurant"],"acf":[],"yoast_head":"<!-- This site is optimized with the Yoast SEO plugin v27.5 - https:\/\/yoast.com\/product\/yoast-seo-wordpress\/ -->\n<title>Ein Jahr Apne 3 - Paulinenaue<\/title>\n<meta name=\"description\" content=\"Das indische Restaurant \u201eApne 3\u201c in Paulinenaue besteht ein Jahr und feiert am 22. November 2022 Geburtstag.\" \/>\n<meta name=\"robots\" content=\"index, follow, max-snippet:-1, max-image-preview:large, max-video-preview:-1\" \/>\n<link rel=\"canonical\" href=\"https:\/\/paulinenaue.info\/index.php\/ein-jahr-apne-3\/\" \/>\n<meta property=\"og:locale\" content=\"de_DE\" \/>\n<meta property=\"og:type\" content=\"article\" \/>\n<meta property=\"og:title\" content=\"Ein Jahr Apne 3 - Paulinenaue\" \/>\n<meta property=\"og:description\" content=\"Das indische Restaurant \u201eApne 3\u201c in Paulinenaue besteht ein Jahr und feiert am 22. November 2022 Geburtstag.\" \/>\n<meta property=\"og:url\" content=\"https:\/\/paulinenaue.info\/index.php\/ein-jahr-apne-3\/\" \/>\n<meta property=\"og:site_name\" content=\"Paulinenaue\" \/>\n<meta property=\"article:published_time\" content=\"2022-11-12T22:44:32+00:00\" \/>\n<meta property=\"article:modified_time\" content=\"2022-11-12T22:45:16+00:00\" \/>\n<meta property=\"og:image\" content=\"https:\/\/paulinenaue.info\/wp-content\/uploads\/2022\/11\/2022-11-13-Apne-3.jpeg\" \/>\n\t<meta property=\"og:image:width\" content=\"1000\" \/>\n\t<meta property=\"og:image:height\" content=\"667\" \/>\n\t<meta property=\"og:image:type\" content=\"image\/jpeg\" \/>\n<meta name=\"author\" content=\"Joachim Scholz\" \/>\n<meta name=\"twitter:card\" content=\"summary_large_image\" \/>\n<meta name=\"twitter:label1\" content=\"Verfasst von\" \/>\n\t<meta name=\"twitter:data1\" content=\"Joachim Scholz\" \/>\n\t<meta name=\"twitter:label2\" content=\"Gesch\u00e4tzte Lesezeit\" \/>\n\t<meta name=\"twitter:data2\" content=\"1\u00a0Minute\" \/>\n<script type=\"application\/ld+json\" class=\"yoast-schema-graph\">{\"@context\":\"https:\\\/\\\/schema.org\",\"@graph\":[{\"@type\":\"Article\",\"@id\":\"https:\\\/\\\/paulinenaue.info\\\/index.php\\\/ein-jahr-apne-3\\\/#article\",\"isPartOf\":{\"@id\":\"https:\\\/\\\/paulinenaue.info\\\/index.php\\\/ein-jahr-apne-3\\\/\"},\"author\":{\"name\":\"Joachim Scholz\",\"@id\":\"https:\\\/\\\/paulinenaue.info\\\/#\\\/schema\\\/person\\\/3f9e818fd7b69b0d2bd937ac506897cc\"},\"headline\":\"Ein Jahr Apne 3\",\"datePublished\":\"2022-11-12T22:44:32+00:00\",\"dateModified\":\"2022-11-12T22:45:16+00:00\",\"mainEntityOfPage\":{\"@id\":\"https:\\\/\\\/paulinenaue.info\\\/index.php\\\/ein-jahr-apne-3\\\/\"},\"wordCount\":123,\"commentCount\":0,\"image\":{\"@id\":\"https:\\\/\\\/paulinenaue.info\\\/index.php\\\/ein-jahr-apne-3\\\/#primaryimage\"},\"thumbnailUrl\":\"https:\\\/\\\/paulinenaue.info\\\/wp-content\\\/uploads\\\/2022\\\/11\\\/2022-11-13-Apne-3.jpeg\",\"keywords\":[\"Apne 3\",\"Inder\",\"Restaurant\"],\"articleSection\":{\"1\":\"Dorfentwicklung\",\"2\":\"Gastronomie\",\"3\":\"Hier Zuhause\"},\"inLanguage\":\"de\",\"potentialAction\":[{\"@type\":\"CommentAction\",\"name\":\"Comment\",\"target\":[\"https:\\\/\\\/paulinenaue.info\\\/index.php\\\/ein-jahr-apne-3\\\/#respond\"]}]},{\"@type\":\"WebPage\",\"@id\":\"https:\\\/\\\/paulinenaue.info\\\/index.php\\\/ein-jahr-apne-3\\\/\",\"url\":\"https:\\\/\\\/paulinenaue.info\\\/index.php\\\/ein-jahr-apne-3\\\/\",\"name\":\"Ein Jahr Apne 3 - Paulinenaue\",\"isPartOf\":{\"@id\":\"https:\\\/\\\/paulinenaue.info\\\/#website\"},\"primaryImageOfPage\":{\"@id\":\"https:\\\/\\\/paulinenaue.info\\\/index.php\\\/ein-jahr-apne-3\\\/#primaryimage\"},\"image\":{\"@id\":\"https:\\\/\\\/paulinenaue.info\\\/index.php\\\/ein-jahr-apne-3\\\/#primaryimage\"},\"thumbnailUrl\":\"https:\\\/\\\/paulinenaue.info\\\/wp-content\\\/uploads\\\/2022\\\/11\\\/2022-11-13-Apne-3.jpeg\",\"datePublished\":\"2022-11-12T22:44:32+00:00\",\"dateModified\":\"2022-11-12T22:45:16+00:00\",\"author\":{\"@id\":\"https:\\\/\\\/paulinenaue.info\\\/#\\\/schema\\\/person\\\/3f9e818fd7b69b0d2bd937ac506897cc\"},\"description\":\"Das indische Restaurant \u201eApne 3\u201c in Paulinenaue besteht ein Jahr und feiert am 22. November 2022 Geburtstag.\",\"breadcrumb\":{\"@id\":\"https:\\\/\\\/paulinenaue.info\\\/index.php\\\/ein-jahr-apne-3\\\/#breadcrumb\"},\"inLanguage\":\"de\",\"potentialAction\":[{\"@type\":\"ReadAction\",\"target\":[\"https:\\\/\\\/paulinenaue.info\\\/index.php\\\/ein-jahr-apne-3\\\/\"]}]},{\"@type\":\"ImageObject\",\"inLanguage\":\"de\",\"@id\":\"https:\\\/\\\/paulinenaue.info\\\/index.php\\\/ein-jahr-apne-3\\\/#primaryimage\",\"url\":\"https:\\\/\\\/paulinenaue.info\\\/wp-content\\\/uploads\\\/2022\\\/11\\\/2022-11-13-Apne-3.jpeg\",\"contentUrl\":\"https:\\\/\\\/paulinenaue.info\\\/wp-content\\\/uploads\\\/2022\\\/11\\\/2022-11-13-Apne-3.jpeg\",\"width\":1000,\"height\":667,\"caption\":\"Gurpreet Singh vom indischen Restaurant Apne 3 pr\u00e4sentiert die Geburtstagstorte f\u00fcr das Restaurant. Foto: Joachim Scholz 2022.\"},{\"@type\":\"BreadcrumbList\",\"@id\":\"https:\\\/\\\/paulinenaue.info\\\/index.php\\\/ein-jahr-apne-3\\\/#breadcrumb\",\"itemListElement\":[{\"@type\":\"ListItem\",\"position\":1,\"name\":\"Home\",\"item\":\"https:\\\/\\\/paulinenaue.info\\\/\"},{\"@type\":\"ListItem\",\"position\":2,\"name\":\"Ein Jahr Apne 3\"}]},{\"@type\":\"WebSite\",\"@id\":\"https:\\\/\\\/paulinenaue.info\\\/#website\",\"url\":\"https:\\\/\\\/paulinenaue.info\\\/\",\"name\":\"Paulinenaue\",\"description\":\"Ein Dorf im Havelland\",\"potentialAction\":[{\"@type\":\"SearchAction\",\"target\":{\"@type\":\"EntryPoint\",\"urlTemplate\":\"https:\\\/\\\/paulinenaue.info\\\/?s={search_term_string}\"},\"query-input\":{\"@type\":\"PropertyValueSpecification\",\"valueRequired\":true,\"valueName\":\"search_term_string\"}}],\"inLanguage\":\"de\"},{\"@type\":\"Person\",\"@id\":\"https:\\\/\\\/paulinenaue.info\\\/#\\\/schema\\\/person\\\/3f9e818fd7b69b0d2bd937ac506897cc\",\"name\":\"Joachim Scholz\",\"url\":\"https:\\\/\\\/paulinenaue.info\\\/index.php\\\/author\\\/jjscholz\\\/\"}]}<\/script>\n<!-- \/ Yoast SEO plugin. -->","yoast_head_json":{"title":"Ein Jahr Apne 3 - Paulinenaue","description":"Das indische Restaurant \u201eApne 3\u201c in Paulinenaue besteht ein Jahr und feiert am 22. November 2022 Geburtstag.","robots":{"index":"index","follow":"follow","max-snippet":"max-snippet:-1","max-image-preview":"max-image-preview:large","max-video-preview":"max-video-preview:-1"},"canonical":"https:\/\/paulinenaue.info\/index.php\/ein-jahr-apne-3\/","og_locale":"de_DE","og_type":"article","og_title":"Ein Jahr Apne 3 - Paulinenaue","og_description":"Das indische Restaurant \u201eApne 3\u201c in Paulinenaue besteht ein Jahr und feiert am 22. November 2022 Geburtstag.","og_url":"https:\/\/paulinenaue.info\/index.php\/ein-jahr-apne-3\/","og_site_name":"Paulinenaue","article_published_time":"2022-11-12T22:44:32+00:00","article_modified_time":"2022-11-12T22:45:16+00:00","og_image":[{"width":1000,"height":667,"url":"https:\/\/paulinenaue.info\/wp-content\/uploads\/2022\/11\/2022-11-13-Apne-3.jpeg","type":"image\/jpeg"}],"author":"Joachim Scholz","twitter_card":"summary_large_image","twitter_misc":{"Verfasst von":"Joachim Scholz","Gesch\u00e4tzte Lesezeit":"1\u00a0Minute"},"schema":{"@context":"https:\/\/schema.org","@graph":[{"@type":"Article","@id":"https:\/\/paulinenaue.info\/index.php\/ein-jahr-apne-3\/#article","isPartOf":{"@id":"https:\/\/paulinenaue.info\/index.php\/ein-jahr-apne-3\/"},"author":{"name":"Joachim Scholz","@id":"https:\/\/paulinenaue.info\/#\/schema\/person\/3f9e818fd7b69b0d2bd937ac506897cc"},"headline":"Ein Jahr Apne 3","datePublished":"2022-11-12T22:44:32+00:00","dateModified":"2022-11-12T22:45:16+00:00","mainEntityOfPage":{"@id":"https:\/\/paulinenaue.info\/index.php\/ein-jahr-apne-3\/"},"wordCount":123,"commentCount":0,"image":{"@id":"https:\/\/paulinenaue.info\/index.php\/ein-jahr-apne-3\/#primaryimage"},"thumbnailUrl":"https:\/\/paulinenaue.info\/wp-content\/uploads\/2022\/11\/2022-11-13-Apne-3.jpeg","keywords":["Apne 3","Inder","Restaurant"],"articleSection":{"1":"Dorfentwicklung","2":"Gastronomie","3":"Hier Zuhause"},"inLanguage":"de","potentialAction":[{"@type":"CommentAction","name":"Comment","target":["https:\/\/paulinenaue.info\/index.php\/ein-jahr-apne-3\/#respond"]}]},{"@type":"WebPage","@id":"https:\/\/paulinenaue.info\/index.php\/ein-jahr-apne-3\/","url":"https:\/\/paulinenaue.info\/index.php\/ein-jahr-apne-3\/","name":"Ein Jahr Apne 3 - Paulinenaue","isPartOf":{"@id":"https:\/\/paulinenaue.info\/#website"},"primaryImageOfPage":{"@id":"https:\/\/paulinenaue.info\/index.php\/ein-jahr-apne-3\/#primaryimage"},"image":{"@id":"https:\/\/paulinenaue.info\/index.php\/ein-jahr-apne-3\/#primaryimage"},"thumbnailUrl":"https:\/\/paulinenaue.info\/wp-content\/uploads\/2022\/11\/2022-11-13-Apne-3.jpeg","datePublished":"2022-11-12T22:44:32+00:00","dateModified":"2022-11-12T22:45:16+00:00","author":{"@id":"https:\/\/paulinenaue.info\/#\/schema\/person\/3f9e818fd7b69b0d2bd937ac506897cc"},"description":"Das indische Restaurant \u201eApne 3\u201c in Paulinenaue besteht ein Jahr und feiert am 22. November 2022 Geburtstag.","breadcrumb":{"@id":"https:\/\/paulinenaue.info\/index.php\/ein-jahr-apne-3\/#breadcrumb"},"inLanguage":"de","potentialAction":[{"@type":"ReadAction","target":["https:\/\/paulinenaue.info\/index.php\/ein-jahr-apne-3\/"]}]},{"@type":"ImageObject","inLanguage":"de","@id":"https:\/\/paulinenaue.info\/index.php\/ein-jahr-apne-3\/#primaryimage","url":"https:\/\/paulinenaue.info\/wp-content\/uploads\/2022\/11\/2022-11-13-Apne-3.jpeg","contentUrl":"https:\/\/paulinenaue.info\/wp-content\/uploads\/2022\/11\/2022-11-13-Apne-3.jpeg","width":1000,"height":667,"caption":"Gurpreet Singh vom indischen Restaurant Apne 3 pr\u00e4sentiert die Geburtstagstorte f\u00fcr das Restaurant. Foto: Joachim Scholz 2022."},{"@type":"BreadcrumbList","@id":"https:\/\/paulinenaue.info\/index.php\/ein-jahr-apne-3\/#breadcrumb","itemListElement":[{"@type":"ListItem","position":1,"name":"Home","item":"https:\/\/paulinenaue.info\/"},{"@type":"ListItem","position":2,"name":"Ein Jahr Apne 3"}]},{"@type":"WebSite","@id":"https:\/\/paulinenaue.info\/#website","url":"https:\/\/paulinenaue.info\/","name":"Paulinenaue","description":"Ein Dorf im Havelland","potentialAction":[{"@type":"SearchAction","target":{"@type":"EntryPoint","urlTemplate":"https:\/\/paulinenaue.info\/?s={search_term_string}"},"query-input":{"@type":"PropertyValueSpecification","valueRequired":true,"valueName":"search_term_string"}}],"inLanguage":"de"},{"@type":"Person","@id":"https:\/\/paulinenaue.info\/#\/schema\/person\/3f9e818fd7b69b0d2bd937ac506897cc","name":"Joachim Scholz","url":"https:\/\/paulinenaue.info\/index.php\/author\/jjscholz\/"}]}},"jetpack_publicize_connections":[],"jetpack_featured_media_url":"https:\/\/paulinenaue.info\/wp-content\/uploads\/2022\/11\/2022-11-13-Apne-3.jpeg","jetpack_sharing_enabled":true,"jetpack_shortlink":"https:\/\/wp.me\/pcYhWA-1JWI","jetpack-related-posts":[{"id":415791,"url":"https:\/\/paulinenaue.info\/index.php\/guenstiger-mittagstisch-beim-inder\/","url_meta":{"origin":414948,"position":0},"title":"G\u00fcnstiger Mittagstisch beim Inder","author":"Joachim Scholz","date":"21. Januar 2024","format":false,"excerpt":"Ein bisschen Werbung f\u00fcr\u2019s Paulinenauer Indische Restaurant \u201eApne 3\u201c. Ab sofort gibt es dort g\u00fcnstige Mittagsangebote. Von Montag bis Freitag in der Zeit von 12 bis 16.00 Uhr erh\u00e4lt man ab 6,90 \u20ac ein Mittagessen inklusive Suppe, Reis, drei Saucen und Salat. Das teuerste Gericht auf der Karte kostet 12,90\u2026","rel":"","context":"In &quot;Allgemein&quot;","block_context":{"text":"Allgemein","link":"https:\/\/paulinenaue.info\/index.php\/category\/allgemein\/"},"img":{"alt_text":"","src":"https:\/\/i0.wp.com\/paulinenaue.info\/wp-content\/uploads\/2024\/01\/2024-01-20-Apne-3-Guri.jpeg?resize=350%2C200&ssl=1","width":350,"height":200,"srcset":"https:\/\/i0.wp.com\/paulinenaue.info\/wp-content\/uploads\/2024\/01\/2024-01-20-Apne-3-Guri.jpeg?resize=350%2C200&ssl=1 1x, https:\/\/i0.wp.com\/paulinenaue.info\/wp-content\/uploads\/2024\/01\/2024-01-20-Apne-3-Guri.jpeg?resize=525%2C300&ssl=1 1.5x, https:\/\/i0.wp.com\/paulinenaue.info\/wp-content\/uploads\/2024\/01\/2024-01-20-Apne-3-Guri.jpeg?resize=700%2C400&ssl=1 2x"},"classes":[]},{"id":6038,"url":"https:\/\/paulinenaue.info\/index.php\/aller-guten-dinge-sind-drei-paulinenaue-hat-ein-neues-restaurant\/","url_meta":{"origin":414948,"position":1},"title":"\u201eApne 3\u201c: Paulinenaue hat ein neues Restaurant","author":"Joachim Scholz","date":"11. Oktober 2021","format":false,"excerpt":"Das 1886 in Paulinenaue von Wilhelm Grabau er\u00f6ffnete Gasthaus \u201eZu den drei Landkreisen\u201c ist eines der \u00e4ltesten H\u00e4user von Paulinenaue. Es hat H\u00f6hen und Tiefen und manchen Neuanfang erlebt. Hier wurde 1923 der Paulinenauer Sportverein gegr\u00fcndet, im 1933 errichteten Saal lie\u00df P\u00e4chter Paul Eickhoff Reichsarbeitsdienstler aus Bienenfarm tanzen und es\u2026","rel":"","context":"In &quot;Allgemein&quot;","block_context":{"text":"Allgemein","link":"https:\/\/paulinenaue.info\/index.php\/category\/allgemein\/"},"img":{"alt_text":"","src":"https:\/\/i0.wp.com\/paulinenaue.info\/wp-content\/uploads\/2021\/10\/DSC04568.jpg?resize=350%2C200&ssl=1","width":350,"height":200,"srcset":"https:\/\/i0.wp.com\/paulinenaue.info\/wp-content\/uploads\/2021\/10\/DSC04568.jpg?resize=350%2C200&ssl=1 1x, https:\/\/i0.wp.com\/paulinenaue.info\/wp-content\/uploads\/2021\/10\/DSC04568.jpg?resize=525%2C300&ssl=1 1.5x, https:\/\/i0.wp.com\/paulinenaue.info\/wp-content\/uploads\/2021\/10\/DSC04568.jpg?resize=700%2C400&ssl=1 2x"},"classes":[]},{"id":415552,"url":"https:\/\/paulinenaue.info\/index.php\/rueckblick-auf-die-feier-zum-ptsv-jubilaeum-am-25-november-2023\/","url_meta":{"origin":414948,"position":2},"title":"R\u00fcckblick auf die Feier zum PTSV-Jubil\u00e4um am 25. November 2023","author":"Joachim Scholz","date":"9. Dezember 2023","format":false,"excerpt":"Viele Sportlerinnen und Sportler, die aktiven und die nicht mehr so aktiven, wohnten am 25. November 2023 der Feier zum Jubil\u00e4um der Gr\u00fcndung des Paulinenauer Turn- und Sportvereins bei, die auf den Tag genau 100 Jahre zuvor am selben Ort, im Gasthaus \u201eZu den drei Landkreisen\u201c (heute \u201eApne 3\u201c) stattfand.\u2026","rel":"","context":"In &quot;PTSV&quot;","block_context":{"text":"PTSV","link":"https:\/\/paulinenaue.info\/index.php\/category\/ptsv\/"},"img":{"alt_text":"","src":"https:\/\/i0.wp.com\/paulinenaue.info\/wp-content\/uploads\/2023\/12\/2023-11-25-Apne-3-100-Jahre-PTSV-03.jpeg?resize=350%2C200&ssl=1","width":350,"height":200,"srcset":"https:\/\/i0.wp.com\/paulinenaue.info\/wp-content\/uploads\/2023\/12\/2023-11-25-Apne-3-100-Jahre-PTSV-03.jpeg?resize=350%2C200&ssl=1 1x, https:\/\/i0.wp.com\/paulinenaue.info\/wp-content\/uploads\/2023\/12\/2023-11-25-Apne-3-100-Jahre-PTSV-03.jpeg?resize=525%2C300&ssl=1 1.5x, https:\/\/i0.wp.com\/paulinenaue.info\/wp-content\/uploads\/2023\/12\/2023-11-25-Apne-3-100-Jahre-PTSV-03.jpeg?resize=700%2C400&ssl=1 2x"},"classes":[]},{"id":415382,"url":"https:\/\/paulinenaue.info\/index.php\/sport-frei-100-jahre-paulinenauer-turn-und-sportverein\/","url_meta":{"origin":414948,"position":3},"title":"Sport frei! \u2013 100 Jahre Paulinenauer Turn- und Sportverein","author":"Joachim Scholz","date":"25. November 2023","format":false,"excerpt":"Im Roman ,Drei Kameraden\u2018 l\u00e4sst der Schriftsteller Erich Maria Remarque seinen Protagonisten \u00fcber das Jahresende 1923 sagen: \u201eDas war in der Inflation. Zweihundert Billionen Mark hatte ich monatlich verdient. Zweimal am Tag gab es Geld und jedesmal eine halbe Stunde Urlaub, damit man in die L\u00e4den rasen und etwas kaufen\u2026","rel":"","context":"In &quot;Allgemein&quot;","block_context":{"text":"Allgemein","link":"https:\/\/paulinenaue.info\/index.php\/category\/allgemein\/"},"img":{"alt_text":"","src":"https:\/\/i0.wp.com\/paulinenaue.info\/wp-content\/uploads\/2023\/11\/1952_mannschaft_01.jpg?resize=350%2C200&ssl=1","width":350,"height":200,"srcset":"https:\/\/i0.wp.com\/paulinenaue.info\/wp-content\/uploads\/2023\/11\/1952_mannschaft_01.jpg?resize=350%2C200&ssl=1 1x, https:\/\/i0.wp.com\/paulinenaue.info\/wp-content\/uploads\/2023\/11\/1952_mannschaft_01.jpg?resize=525%2C300&ssl=1 1.5x, https:\/\/i0.wp.com\/paulinenaue.info\/wp-content\/uploads\/2023\/11\/1952_mannschaft_01.jpg?resize=700%2C400&ssl=1 2x, https:\/\/i0.wp.com\/paulinenaue.info\/wp-content\/uploads\/2023\/11\/1952_mannschaft_01.jpg?resize=1050%2C600&ssl=1 3x, https:\/\/i0.wp.com\/paulinenaue.info\/wp-content\/uploads\/2023\/11\/1952_mannschaft_01.jpg?resize=1400%2C800&ssl=1 4x"},"classes":[]},{"id":418139,"url":"https:\/\/paulinenaue.info\/index.php\/klassentreffen-50-jahre-nach-schulabschluss\/","url_meta":{"origin":414948,"position":4},"title":"Klassentreffen 50 Jahre nach Schulabschluss","author":"Joachim Scholz","date":"13. Juni 2025","format":false,"excerpt":"Im September 1967 waren sie eingeschult worden, 1975 wurden sie am Ende der 8. Klasse wieder entlassen. Erst mit dem folgenden Jahrgang wurde die Paulinenauer Schule zehnklassig. W\u00e4hrend ihrer Schulzeit fuhren noch Personenz\u00fcge nach Neuruppin, verlie\u00dfen die letzten Bewohner den Knauerhof im Lindholz, z\u00e4hlten die neue Milchviehanlage und das \u201eInstitut\u2026","rel":"","context":"In &quot;Grundschule&quot;","block_context":{"text":"Grundschule","link":"https:\/\/paulinenaue.info\/index.php\/category\/grundschule\/"},"img":{"alt_text":"","src":"https:\/\/i0.wp.com\/paulinenaue.info\/wp-content\/uploads\/2025\/06\/3262B388-38A6-4FAE-9712-8A0C0B535EAC_1_105_c.jpeg?resize=350%2C200&ssl=1","width":350,"height":200,"srcset":"https:\/\/i0.wp.com\/paulinenaue.info\/wp-content\/uploads\/2025\/06\/3262B388-38A6-4FAE-9712-8A0C0B535EAC_1_105_c.jpeg?resize=350%2C200&ssl=1 1x, https:\/\/i0.wp.com\/paulinenaue.info\/wp-content\/uploads\/2025\/06\/3262B388-38A6-4FAE-9712-8A0C0B535EAC_1_105_c.jpeg?resize=525%2C300&ssl=1 1.5x, https:\/\/i0.wp.com\/paulinenaue.info\/wp-content\/uploads\/2025\/06\/3262B388-38A6-4FAE-9712-8A0C0B535EAC_1_105_c.jpeg?resize=700%2C400&ssl=1 2x, https:\/\/i0.wp.com\/paulinenaue.info\/wp-content\/uploads\/2025\/06\/3262B388-38A6-4FAE-9712-8A0C0B535EAC_1_105_c.jpeg?resize=1050%2C600&ssl=1 3x"},"classes":[]},{"id":109773,"url":"https:\/\/paulinenaue.info\/index.php\/vor-ostern-2022\/","url_meta":{"origin":414948,"position":5},"title":"Vor Ostern 2022","author":"Sarah","date":"8. April 2022","format":false,"excerpt":"","rel":"","context":"In &quot;Allgemein&quot;","block_context":{"text":"Allgemein","link":"https:\/\/paulinenaue.info\/index.php\/category\/allgemein\/"},"img":{"alt_text":"","src":"https:\/\/i0.wp.com\/paulinenaue.info\/wp-content\/uploads\/2022\/04\/ostern1.jpg?resize=350%2C200&ssl=1","width":350,"height":200,"srcset":"https:\/\/i0.wp.com\/paulinenaue.info\/wp-content\/uploads\/2022\/04\/ostern1.jpg?resize=350%2C200&ssl=1 1x, https:\/\/i0.wp.com\/paulinenaue.info\/wp-content\/uploads\/2022\/04\/ostern1.jpg?resize=525%2C300&ssl=1 1.5x, https:\/\/i0.wp.com\/paulinenaue.info\/wp-content\/uploads\/2022\/04\/ostern1.jpg?resize=700%2C400&ssl=1 2x, https:\/\/i0.wp.com\/paulinenaue.info\/wp-content\/uploads\/2022\/04\/ostern1.jpg?resize=1050%2C600&ssl=1 3x, https:\/\/i0.wp.com\/paulinenaue.info\/wp-content\/uploads\/2022\/04\/ostern1.jpg?resize=1400%2C800&ssl=1 4x"},"classes":[]}],"_links":{"self":[{"href":"https:\/\/paulinenaue.info\/index.php\/wp-json\/wp\/v2\/posts\/414948","targetHints":{"allow":["GET"]}}],"collection":[{"href":"https:\/\/paulinenaue.info\/index.php\/wp-json\/wp\/v2\/posts"}],"about":[{"href":"https:\/\/paulinenaue.info\/index.php\/wp-json\/wp\/v2\/types\/post"}],"author":[{"embeddable":true,"href":"https:\/\/paulinenaue.info\/index.php\/wp-json\/wp\/v2\/users\/1"}],"replies":[{"embeddable":true,"href":"https:\/\/paulinenaue.info\/index.php\/wp-json\/wp\/v2\/comments?post=414948"}],"version-history":[{"count":10,"href":"https:\/\/paulinenaue.info\/index.php\/wp-json\/wp\/v2\/posts\/414948\/revisions"}],"predecessor-version":[{"id":414959,"href":"https:\/\/paulinenaue.info\/index.php\/wp-json\/wp\/v2\/posts\/414948\/revisions\/414959"}],"wp:featuredmedia":[{"embeddable":true,"href":"https:\/\/paulinenaue.info\/index.php\/wp-json\/wp\/v2\/media\/414949"}],"wp:attachment":[{"href":"https:\/\/paulinenaue.info\/index.php\/wp-json\/wp\/v2\/media?parent=414948"}],"wp:term":[{"taxonomy":"category","embeddable":true,"href":"https:\/\/paulinenaue.info\/index.php\/wp-json\/wp\/v2\/categories?post=414948"},{"taxonomy":"post_tag","embeddable":true,"href":"https:\/\/paulinenaue.info\/index.php\/wp-json\/wp\/v2\/tags?post=414948"}],"curies":[{"name":"wp","href":"https:\/\/api.w.org\/{rel}","templated":true}]}}