{"id":414966,"date":"2022-11-27T00:56:45","date_gmt":"2022-11-26T23:56:45","guid":{"rendered":"https:\/\/paulinenaue.info\/?p=414966"},"modified":"2022-11-27T00:56:45","modified_gmt":"2022-11-26T23:56:45","slug":"wieder-weihnachtsmarkt-in-paulinenaue","status":"publish","type":"post","link":"https:\/\/paulinenaue.info\/index.php\/wieder-weihnachtsmarkt-in-paulinenaue\/","title":{"rendered":"Wieder Weihnachtsmarkt in Paulinenaue"},"content":{"rendered":"<p>Nach zwei Jahren Coronapause war am Samstag vor dem Ersten Advent 2022 wieder Weihnachtsmarkt in Paulinenaue. Und es war ein sch\u00f6ner, ein fast formvollendeter Weihnachtsmarkt. So h\u00f6rte man es von vielen Seiten. Und wohin man blickte, Leute im Gespr\u00e4ch, vertraute Gesichter, manche extra angereist f\u00fcr ein Wiedersehen. St\u00e4nde lockten mit \u00dcberraschungen, andere mit dem, was man erwartete und braucht in der Weihnachtszeit (z.B. Adventsgestecke). Die in 14, eigentlich 16 Jahren, in denen es den Weihnachtsmarkt nun schon gibt, eingespielten Programmbausteine waren gut zusammengef\u00fcgt:\u00a0 Die Einstimmung in die Weihnachtszeit durch Pfarrer Michael Jurk in der Kirche, das gemeinsame Liedersingen, Kaffee und Kuchen in der Kirchbaracke, der Grill-Stand der Freiwilligen Feuerwehr, der Weihnachtsgesteckestand, herumflanierende Engelchen. Nicht zu vergessen ein h\u00fcbscher Flyer zur Ank\u00fcndigung und flei\u00dfige Helfer f\u00fcr den Auf- und Abbau. Alles war da. Sogar einen Paulinenauer Kalender sollte es in diesem Jahr wieder geben. Doch der kam nicht p\u00fcnktlich aus der Druckerei. Es w\u00e4re zu sch\u00f6n gewesen. Der Kalender\u00a0wird auf Bestellung ausgeliefert.<\/p>\n<div id=\"attachment_414971\" style=\"width: 610px\" class=\"wp-caption alignnone\"><a href=\"https:\/\/paulinenaue.info\/wp-content\/uploads\/2022\/11\/2022-11-26-Weihnachtsmarkt-05.jpeg\"><img decoding=\"async\" aria-describedby=\"caption-attachment-414971\" data-attachment-id=\"414971\" data-permalink=\"https:\/\/paulinenaue.info\/index.php\/wieder-weihnachtsmarkt-in-paulinenaue\/2022-11-26-weihnachtsmarkt-05\/\" data-orig-file=\"https:\/\/paulinenaue.info\/wp-content\/uploads\/2022\/11\/2022-11-26-Weihnachtsmarkt-05.jpeg\" data-orig-size=\"1000,667\" data-comments-opened=\"1\" data-image-meta=\"{&quot;aperture&quot;:&quot;2.8&quot;,&quot;credit&quot;:&quot;&quot;,&quot;camera&quot;:&quot;DSC-RX10M3&quot;,&quot;caption&quot;:&quot;&quot;,&quot;created_timestamp&quot;:&quot;1669475703&quot;,&quot;copyright&quot;:&quot;&quot;,&quot;focal_length&quot;:&quot;10.18&quot;,&quot;iso&quot;:&quot;250&quot;,&quot;shutter_speed&quot;:&quot;0.033333333333333&quot;,&quot;title&quot;:&quot;&quot;,&quot;orientation&quot;:&quot;1&quot;}\" data-image-title=\"2022-11-26, Weihnachtsmarkt 05\" data-image-description=\"\" data-image-caption=\"\" data-large-file=\"https:\/\/paulinenaue.info\/wp-content\/uploads\/2022\/11\/2022-11-26-Weihnachtsmarkt-05.jpeg\" class=\"lazyload wp-image-414971 size-fusion-600\" src=\"https:\/\/paulinenaue.info\/wp-content\/uploads\/2022\/11\/2022-11-26-Weihnachtsmarkt-05-600x400.jpeg\" data-orig-src=\"https:\/\/paulinenaue.info\/wp-content\/uploads\/2022\/11\/2022-11-26-Weihnachtsmarkt-05-600x400.jpeg\" alt=\"\" width=\"600\" height=\"400\" srcset=\"data:image\/svg+xml,%3Csvg%20xmlns%3D%27http%3A%2F%2Fwww.w3.org%2F2000%2Fsvg%27%20width%3D%27600%27%20height%3D%27400%27%20viewBox%3D%270%200%20600%20400%27%3E%3Crect%20width%3D%27600%27%20height%3D%27400%27%20fill-opacity%3D%220%22%2F%3E%3C%2Fsvg%3E\" data-srcset=\"https:\/\/paulinenaue.info\/wp-content\/uploads\/2022\/11\/2022-11-26-Weihnachtsmarkt-05-200x133.jpeg 200w, https:\/\/paulinenaue.info\/wp-content\/uploads\/2022\/11\/2022-11-26-Weihnachtsmarkt-05-300x200.jpeg 300w, https:\/\/paulinenaue.info\/wp-content\/uploads\/2022\/11\/2022-11-26-Weihnachtsmarkt-05-400x267.jpeg 400w, https:\/\/paulinenaue.info\/wp-content\/uploads\/2022\/11\/2022-11-26-Weihnachtsmarkt-05-600x400.jpeg 600w, https:\/\/paulinenaue.info\/wp-content\/uploads\/2022\/11\/2022-11-26-Weihnachtsmarkt-05-768x512.jpeg 768w, https:\/\/paulinenaue.info\/wp-content\/uploads\/2022\/11\/2022-11-26-Weihnachtsmarkt-05-800x534.jpeg 800w, https:\/\/paulinenaue.info\/wp-content\/uploads\/2022\/11\/2022-11-26-Weihnachtsmarkt-05.jpeg 1000w\" data-sizes=\"auto\" data-orig-sizes=\"(max-width: 600px) 100vw, 600px\" \/><\/a><p id=\"caption-attachment-414971\" class=\"wp-caption-text\">Hereinspaziert nach zwei Jahren Pause. Foto: Joachim Scholz, 2022.<\/p><\/div>\n<div class=\"mceTemp\"><\/div>\n<div id=\"attachment_414968\" style=\"width: 610px\" class=\"wp-caption alignnone\"><a href=\"https:\/\/paulinenaue.info\/wp-content\/uploads\/2022\/11\/2022-11-26-Weihnachtsmarkt-02.jpeg\"><img decoding=\"async\" aria-describedby=\"caption-attachment-414968\" data-attachment-id=\"414968\" data-permalink=\"https:\/\/paulinenaue.info\/index.php\/wieder-weihnachtsmarkt-in-paulinenaue\/2022-11-26-weihnachtsmarkt-02\/\" data-orig-file=\"https:\/\/paulinenaue.info\/wp-content\/uploads\/2022\/11\/2022-11-26-Weihnachtsmarkt-02.jpeg\" data-orig-size=\"1000,667\" data-comments-opened=\"1\" data-image-meta=\"{&quot;aperture&quot;:&quot;2.4&quot;,&quot;credit&quot;:&quot;&quot;,&quot;camera&quot;:&quot;DSC-RX10M3&quot;,&quot;caption&quot;:&quot;&quot;,&quot;created_timestamp&quot;:&quot;1669475259&quot;,&quot;copyright&quot;:&quot;&quot;,&quot;focal_length&quot;:&quot;8.8&quot;,&quot;iso&quot;:&quot;100&quot;,&quot;shutter_speed&quot;:&quot;0.033333333333333&quot;,&quot;title&quot;:&quot;&quot;,&quot;orientation&quot;:&quot;1&quot;}\" data-image-title=\"2022-11-26, Weihnachtsmarkt 02\" data-image-description=\"\" data-image-caption=\"\" data-large-file=\"https:\/\/paulinenaue.info\/wp-content\/uploads\/2022\/11\/2022-11-26-Weihnachtsmarkt-02.jpeg\" class=\"lazyload wp-image-414968 size-fusion-600\" src=\"https:\/\/paulinenaue.info\/wp-content\/uploads\/2022\/11\/2022-11-26-Weihnachtsmarkt-02-600x400.jpeg\" data-orig-src=\"https:\/\/paulinenaue.info\/wp-content\/uploads\/2022\/11\/2022-11-26-Weihnachtsmarkt-02-600x400.jpeg\" alt=\"\" width=\"600\" height=\"400\" srcset=\"data:image\/svg+xml,%3Csvg%20xmlns%3D%27http%3A%2F%2Fwww.w3.org%2F2000%2Fsvg%27%20width%3D%27600%27%20height%3D%27400%27%20viewBox%3D%270%200%20600%20400%27%3E%3Crect%20width%3D%27600%27%20height%3D%27400%27%20fill-opacity%3D%220%22%2F%3E%3C%2Fsvg%3E\" data-srcset=\"https:\/\/paulinenaue.info\/wp-content\/uploads\/2022\/11\/2022-11-26-Weihnachtsmarkt-02-200x133.jpeg 200w, https:\/\/paulinenaue.info\/wp-content\/uploads\/2022\/11\/2022-11-26-Weihnachtsmarkt-02-300x200.jpeg 300w, https:\/\/paulinenaue.info\/wp-content\/uploads\/2022\/11\/2022-11-26-Weihnachtsmarkt-02-400x267.jpeg 400w, https:\/\/paulinenaue.info\/wp-content\/uploads\/2022\/11\/2022-11-26-Weihnachtsmarkt-02-600x400.jpeg 600w, https:\/\/paulinenaue.info\/wp-content\/uploads\/2022\/11\/2022-11-26-Weihnachtsmarkt-02-768x512.jpeg 768w, https:\/\/paulinenaue.info\/wp-content\/uploads\/2022\/11\/2022-11-26-Weihnachtsmarkt-02-800x534.jpeg 800w, https:\/\/paulinenaue.info\/wp-content\/uploads\/2022\/11\/2022-11-26-Weihnachtsmarkt-02.jpeg 1000w\" data-sizes=\"auto\" data-orig-sizes=\"(max-width: 600px) 100vw, 600px\" \/><\/a><p id=\"caption-attachment-414968\" class=\"wp-caption-text\">Nach der Er\u00f6ffnung mit Andacht vor der Kirche. Foto: Joachim Scholz, 2022.<\/p><\/div>\n<div class=\"mceTemp\"><\/div>\n<div id=\"attachment_414969\" style=\"width: 610px\" class=\"wp-caption alignnone\"><a href=\"https:\/\/paulinenaue.info\/wp-content\/uploads\/2022\/11\/2022-11-26-Weihnachtsmarkt-03.jpeg\"><img decoding=\"async\" aria-describedby=\"caption-attachment-414969\" data-attachment-id=\"414969\" data-permalink=\"https:\/\/paulinenaue.info\/index.php\/wieder-weihnachtsmarkt-in-paulinenaue\/2022-11-26-weihnachtsmarkt-03\/\" data-orig-file=\"https:\/\/paulinenaue.info\/wp-content\/uploads\/2022\/11\/2022-11-26-Weihnachtsmarkt-03.jpeg\" data-orig-size=\"1000,667\" data-comments-opened=\"1\" data-image-meta=\"{&quot;aperture&quot;:&quot;2.8&quot;,&quot;credit&quot;:&quot;&quot;,&quot;camera&quot;:&quot;DSC-RX10M3&quot;,&quot;caption&quot;:&quot;&quot;,&quot;created_timestamp&quot;:&quot;1669475329&quot;,&quot;copyright&quot;:&quot;&quot;,&quot;focal_length&quot;:&quot;10.38&quot;,&quot;iso&quot;:&quot;250&quot;,&quot;shutter_speed&quot;:&quot;0.033333333333333&quot;,&quot;title&quot;:&quot;&quot;,&quot;orientation&quot;:&quot;1&quot;}\" data-image-title=\"2022-11-26, Weihnachtsmarkt 03\" data-image-description=\"\" data-image-caption=\"\" data-large-file=\"https:\/\/paulinenaue.info\/wp-content\/uploads\/2022\/11\/2022-11-26-Weihnachtsmarkt-03.jpeg\" class=\"lazyload wp-image-414969 size-fusion-600\" src=\"https:\/\/paulinenaue.info\/wp-content\/uploads\/2022\/11\/2022-11-26-Weihnachtsmarkt-03-600x400.jpeg\" data-orig-src=\"https:\/\/paulinenaue.info\/wp-content\/uploads\/2022\/11\/2022-11-26-Weihnachtsmarkt-03-600x400.jpeg\" alt=\"\" width=\"600\" height=\"400\" srcset=\"data:image\/svg+xml,%3Csvg%20xmlns%3D%27http%3A%2F%2Fwww.w3.org%2F2000%2Fsvg%27%20width%3D%27600%27%20height%3D%27400%27%20viewBox%3D%270%200%20600%20400%27%3E%3Crect%20width%3D%27600%27%20height%3D%27400%27%20fill-opacity%3D%220%22%2F%3E%3C%2Fsvg%3E\" data-srcset=\"https:\/\/paulinenaue.info\/wp-content\/uploads\/2022\/11\/2022-11-26-Weihnachtsmarkt-03-200x133.jpeg 200w, https:\/\/paulinenaue.info\/wp-content\/uploads\/2022\/11\/2022-11-26-Weihnachtsmarkt-03-300x200.jpeg 300w, https:\/\/paulinenaue.info\/wp-content\/uploads\/2022\/11\/2022-11-26-Weihnachtsmarkt-03-400x267.jpeg 400w, https:\/\/paulinenaue.info\/wp-content\/uploads\/2022\/11\/2022-11-26-Weihnachtsmarkt-03-600x400.jpeg 600w, https:\/\/paulinenaue.info\/wp-content\/uploads\/2022\/11\/2022-11-26-Weihnachtsmarkt-03-768x512.jpeg 768w, https:\/\/paulinenaue.info\/wp-content\/uploads\/2022\/11\/2022-11-26-Weihnachtsmarkt-03-800x534.jpeg 800w, https:\/\/paulinenaue.info\/wp-content\/uploads\/2022\/11\/2022-11-26-Weihnachtsmarkt-03.jpeg 1000w\" data-sizes=\"auto\" data-orig-sizes=\"(max-width: 600px) 100vw, 600px\" \/><\/a><p id=\"caption-attachment-414969\" class=\"wp-caption-text\">Neu dabei: Der Obstbaubetrieb von Mike Bittner hat sich auf Aroniabeeren spezialisiert und belebt damit die alte Paulinenauer Gartenbautradition. Im Angebot waren auch k\u00f6stliche Lik\u00f6re. Foto: Joachim Scholz, 2022.<\/p><\/div>\n<div class=\"mceTemp\"><\/div>\n<div id=\"attachment_414970\" style=\"width: 610px\" class=\"wp-caption alignnone\"><a href=\"https:\/\/paulinenaue.info\/wp-content\/uploads\/2022\/11\/2022-11-26-Weihnachtsmarkt-04.jpeg\"><img decoding=\"async\" aria-describedby=\"caption-attachment-414970\" data-attachment-id=\"414970\" data-permalink=\"https:\/\/paulinenaue.info\/index.php\/wieder-weihnachtsmarkt-in-paulinenaue\/2022-11-26-weihnachtsmarkt-04\/\" data-orig-file=\"https:\/\/paulinenaue.info\/wp-content\/uploads\/2022\/11\/2022-11-26-Weihnachtsmarkt-04.jpeg\" data-orig-size=\"1000,667\" data-comments-opened=\"1\" data-image-meta=\"{&quot;aperture&quot;:&quot;2.8&quot;,&quot;credit&quot;:&quot;&quot;,&quot;camera&quot;:&quot;DSC-RX10M3&quot;,&quot;caption&quot;:&quot;&quot;,&quot;created_timestamp&quot;:&quot;1669475603&quot;,&quot;copyright&quot;:&quot;&quot;,&quot;focal_length&quot;:&quot;10.18&quot;,&quot;iso&quot;:&quot;400&quot;,&quot;shutter_speed&quot;:&quot;0.033333333333333&quot;,&quot;title&quot;:&quot;&quot;,&quot;orientation&quot;:&quot;1&quot;}\" data-image-title=\"2022-11-26, Weihnachtsmarkt 04\" data-image-description=\"\" data-image-caption=\"\" data-large-file=\"https:\/\/paulinenaue.info\/wp-content\/uploads\/2022\/11\/2022-11-26-Weihnachtsmarkt-04.jpeg\" class=\"lazyload wp-image-414970 size-fusion-600\" src=\"https:\/\/paulinenaue.info\/wp-content\/uploads\/2022\/11\/2022-11-26-Weihnachtsmarkt-04-600x400.jpeg\" data-orig-src=\"https:\/\/paulinenaue.info\/wp-content\/uploads\/2022\/11\/2022-11-26-Weihnachtsmarkt-04-600x400.jpeg\" alt=\"\" width=\"600\" height=\"400\" srcset=\"data:image\/svg+xml,%3Csvg%20xmlns%3D%27http%3A%2F%2Fwww.w3.org%2F2000%2Fsvg%27%20width%3D%27600%27%20height%3D%27400%27%20viewBox%3D%270%200%20600%20400%27%3E%3Crect%20width%3D%27600%27%20height%3D%27400%27%20fill-opacity%3D%220%22%2F%3E%3C%2Fsvg%3E\" data-srcset=\"https:\/\/paulinenaue.info\/wp-content\/uploads\/2022\/11\/2022-11-26-Weihnachtsmarkt-04-200x133.jpeg 200w, https:\/\/paulinenaue.info\/wp-content\/uploads\/2022\/11\/2022-11-26-Weihnachtsmarkt-04-300x200.jpeg 300w, https:\/\/paulinenaue.info\/wp-content\/uploads\/2022\/11\/2022-11-26-Weihnachtsmarkt-04-400x267.jpeg 400w, https:\/\/paulinenaue.info\/wp-content\/uploads\/2022\/11\/2022-11-26-Weihnachtsmarkt-04-600x400.jpeg 600w, https:\/\/paulinenaue.info\/wp-content\/uploads\/2022\/11\/2022-11-26-Weihnachtsmarkt-04-768x512.jpeg 768w, https:\/\/paulinenaue.info\/wp-content\/uploads\/2022\/11\/2022-11-26-Weihnachtsmarkt-04-800x534.jpeg 800w, https:\/\/paulinenaue.info\/wp-content\/uploads\/2022\/11\/2022-11-26-Weihnachtsmarkt-04.jpeg 1000w\" data-sizes=\"auto\" data-orig-sizes=\"(max-width: 600px) 100vw, 600px\" \/><\/a><p id=\"caption-attachment-414970\" class=\"wp-caption-text\">Darf nicht fehlen: Christian Wendt aus Eichberge mit Honigprodukten aus dem Havelland. Foto: Joachim Scholz, 2022.<\/p><\/div>\n<div class=\"mceTemp\"><\/div>\n<div id=\"attachment_414972\" style=\"width: 610px\" class=\"wp-caption alignnone\"><a href=\"https:\/\/paulinenaue.info\/wp-content\/uploads\/2022\/11\/2022-11-26-Weihnachtsmarkt-06.jpeg\"><img decoding=\"async\" aria-describedby=\"caption-attachment-414972\" data-attachment-id=\"414972\" data-permalink=\"https:\/\/paulinenaue.info\/index.php\/wieder-weihnachtsmarkt-in-paulinenaue\/2022-11-26-weihnachtsmarkt-06\/\" data-orig-file=\"https:\/\/paulinenaue.info\/wp-content\/uploads\/2022\/11\/2022-11-26-Weihnachtsmarkt-06.jpeg\" data-orig-size=\"1000,667\" data-comments-opened=\"1\" data-image-meta=\"{&quot;aperture&quot;:&quot;2.4&quot;,&quot;credit&quot;:&quot;&quot;,&quot;camera&quot;:&quot;DSC-RX10M3&quot;,&quot;caption&quot;:&quot;&quot;,&quot;created_timestamp&quot;:&quot;1669478235&quot;,&quot;copyright&quot;:&quot;&quot;,&quot;focal_length&quot;:&quot;8.8&quot;,&quot;iso&quot;:&quot;800&quot;,&quot;shutter_speed&quot;:&quot;0.033333333333333&quot;,&quot;title&quot;:&quot;&quot;,&quot;orientation&quot;:&quot;1&quot;}\" data-image-title=\"2022-11-26, Weihnachtsmarkt 06\" data-image-description=\"\" data-image-caption=\"\" data-large-file=\"https:\/\/paulinenaue.info\/wp-content\/uploads\/2022\/11\/2022-11-26-Weihnachtsmarkt-06.jpeg\" class=\"lazyload wp-image-414972 size-fusion-600\" src=\"https:\/\/paulinenaue.info\/wp-content\/uploads\/2022\/11\/2022-11-26-Weihnachtsmarkt-06-600x400.jpeg\" data-orig-src=\"https:\/\/paulinenaue.info\/wp-content\/uploads\/2022\/11\/2022-11-26-Weihnachtsmarkt-06-600x400.jpeg\" alt=\"\" width=\"600\" height=\"400\" srcset=\"data:image\/svg+xml,%3Csvg%20xmlns%3D%27http%3A%2F%2Fwww.w3.org%2F2000%2Fsvg%27%20width%3D%27600%27%20height%3D%27400%27%20viewBox%3D%270%200%20600%20400%27%3E%3Crect%20width%3D%27600%27%20height%3D%27400%27%20fill-opacity%3D%220%22%2F%3E%3C%2Fsvg%3E\" data-srcset=\"https:\/\/paulinenaue.info\/wp-content\/uploads\/2022\/11\/2022-11-26-Weihnachtsmarkt-06-200x133.jpeg 200w, https:\/\/paulinenaue.info\/wp-content\/uploads\/2022\/11\/2022-11-26-Weihnachtsmarkt-06-300x200.jpeg 300w, https:\/\/paulinenaue.info\/wp-content\/uploads\/2022\/11\/2022-11-26-Weihnachtsmarkt-06-400x267.jpeg 400w, https:\/\/paulinenaue.info\/wp-content\/uploads\/2022\/11\/2022-11-26-Weihnachtsmarkt-06-600x400.jpeg 600w, https:\/\/paulinenaue.info\/wp-content\/uploads\/2022\/11\/2022-11-26-Weihnachtsmarkt-06-768x512.jpeg 768w, https:\/\/paulinenaue.info\/wp-content\/uploads\/2022\/11\/2022-11-26-Weihnachtsmarkt-06-800x534.jpeg 800w, https:\/\/paulinenaue.info\/wp-content\/uploads\/2022\/11\/2022-11-26-Weihnachtsmarkt-06.jpeg 1000w\" data-sizes=\"auto\" data-orig-sizes=\"(max-width: 600px) 100vw, 600px\" \/><\/a><p id=\"caption-attachment-414972\" class=\"wp-caption-text\">Der Paulinenaue-Kalender f\u00fcr das neue Jahr 2023 hat eine Werkschau von Eberhard Schwarz zum Thema. Foto: Joachim Scholz, 2022.<\/p><\/div>\n<div class=\"mceTemp\"><\/div>\n<div id=\"attachment_414973\" style=\"width: 610px\" class=\"wp-caption alignnone\"><a href=\"https:\/\/paulinenaue.info\/wp-content\/uploads\/2022\/11\/2022-11-26-Weihnachtsmarkt-07.jpeg\"><img decoding=\"async\" aria-describedby=\"caption-attachment-414973\" data-attachment-id=\"414973\" data-permalink=\"https:\/\/paulinenaue.info\/index.php\/wieder-weihnachtsmarkt-in-paulinenaue\/2022-11-26-weihnachtsmarkt-07\/\" data-orig-file=\"https:\/\/paulinenaue.info\/wp-content\/uploads\/2022\/11\/2022-11-26-Weihnachtsmarkt-07.jpeg\" data-orig-size=\"1000,667\" data-comments-opened=\"1\" data-image-meta=\"{&quot;aperture&quot;:&quot;2.4&quot;,&quot;credit&quot;:&quot;&quot;,&quot;camera&quot;:&quot;DSC-RX10M3&quot;,&quot;caption&quot;:&quot;&quot;,&quot;created_timestamp&quot;:&quot;1669480144&quot;,&quot;copyright&quot;:&quot;&quot;,&quot;focal_length&quot;:&quot;8.8&quot;,&quot;iso&quot;:&quot;800&quot;,&quot;shutter_speed&quot;:&quot;0.1&quot;,&quot;title&quot;:&quot;&quot;,&quot;orientation&quot;:&quot;1&quot;}\" data-image-title=\"2022-11-26, Weihnachtsmarkt 07\" data-image-description=\"\" data-image-caption=\"\" data-large-file=\"https:\/\/paulinenaue.info\/wp-content\/uploads\/2022\/11\/2022-11-26-Weihnachtsmarkt-07.jpeg\" class=\"lazyload wp-image-414973 size-fusion-600\" src=\"https:\/\/paulinenaue.info\/wp-content\/uploads\/2022\/11\/2022-11-26-Weihnachtsmarkt-07-600x400.jpeg\" data-orig-src=\"https:\/\/paulinenaue.info\/wp-content\/uploads\/2022\/11\/2022-11-26-Weihnachtsmarkt-07-600x400.jpeg\" alt=\"\" width=\"600\" height=\"400\" srcset=\"data:image\/svg+xml,%3Csvg%20xmlns%3D%27http%3A%2F%2Fwww.w3.org%2F2000%2Fsvg%27%20width%3D%27600%27%20height%3D%27400%27%20viewBox%3D%270%200%20600%20400%27%3E%3Crect%20width%3D%27600%27%20height%3D%27400%27%20fill-opacity%3D%220%22%2F%3E%3C%2Fsvg%3E\" data-srcset=\"https:\/\/paulinenaue.info\/wp-content\/uploads\/2022\/11\/2022-11-26-Weihnachtsmarkt-07-200x133.jpeg 200w, https:\/\/paulinenaue.info\/wp-content\/uploads\/2022\/11\/2022-11-26-Weihnachtsmarkt-07-300x200.jpeg 300w, https:\/\/paulinenaue.info\/wp-content\/uploads\/2022\/11\/2022-11-26-Weihnachtsmarkt-07-400x267.jpeg 400w, https:\/\/paulinenaue.info\/wp-content\/uploads\/2022\/11\/2022-11-26-Weihnachtsmarkt-07-600x400.jpeg 600w, https:\/\/paulinenaue.info\/wp-content\/uploads\/2022\/11\/2022-11-26-Weihnachtsmarkt-07-768x512.jpeg 768w, https:\/\/paulinenaue.info\/wp-content\/uploads\/2022\/11\/2022-11-26-Weihnachtsmarkt-07-800x534.jpeg 800w, https:\/\/paulinenaue.info\/wp-content\/uploads\/2022\/11\/2022-11-26-Weihnachtsmarkt-07.jpeg 1000w\" data-sizes=\"auto\" data-orig-sizes=\"(max-width: 600px) 100vw, 600px\" \/><\/a><p id=\"caption-attachment-414973\" class=\"wp-caption-text\">Der Keramikstand von Cathleen Ball aus Selbelang ist ein Garant f\u00fcr Weihnachtsgeschenke. Foto: Joachim Scholz, 2022.<\/p><\/div>\n<div id=\"attachment_414977\" style=\"width: 610px\" class=\"wp-caption alignnone\"><a href=\"https:\/\/paulinenaue.info\/wp-content\/uploads\/2022\/11\/2022-11-26-Weihnachtsmarkt-11.jpeg\"><img decoding=\"async\" aria-describedby=\"caption-attachment-414977\" data-attachment-id=\"414977\" data-permalink=\"https:\/\/paulinenaue.info\/index.php\/wieder-weihnachtsmarkt-in-paulinenaue\/2022-11-26-weihnachtsmarkt-11\/\" data-orig-file=\"https:\/\/paulinenaue.info\/wp-content\/uploads\/2022\/11\/2022-11-26-Weihnachtsmarkt-11.jpeg\" data-orig-size=\"1000,667\" data-comments-opened=\"1\" data-image-meta=\"{&quot;aperture&quot;:&quot;2.4&quot;,&quot;credit&quot;:&quot;&quot;,&quot;camera&quot;:&quot;DSC-RX10M3&quot;,&quot;caption&quot;:&quot;&quot;,&quot;created_timestamp&quot;:&quot;1669483509&quot;,&quot;copyright&quot;:&quot;&quot;,&quot;focal_length&quot;:&quot;8.8&quot;,&quot;iso&quot;:&quot;2000&quot;,&quot;shutter_speed&quot;:&quot;0.25&quot;,&quot;title&quot;:&quot;&quot;,&quot;orientation&quot;:&quot;1&quot;}\" data-image-title=\"2022-11-26, Weihnachtsmarkt 11\" data-image-description=\"\" data-image-caption=\"&lt;p&gt;Blick \u00fcber den Weihnachtsmarkt. Foto: Joachim Scholz, 2022.&lt;\/p&gt;\n\" data-large-file=\"https:\/\/paulinenaue.info\/wp-content\/uploads\/2022\/11\/2022-11-26-Weihnachtsmarkt-11.jpeg\" class=\"lazyload wp-image-414977 size-fusion-600\" src=\"https:\/\/paulinenaue.info\/wp-content\/uploads\/2022\/11\/2022-11-26-Weihnachtsmarkt-11-600x400.jpeg\" data-orig-src=\"https:\/\/paulinenaue.info\/wp-content\/uploads\/2022\/11\/2022-11-26-Weihnachtsmarkt-11-600x400.jpeg\" alt=\"\" width=\"600\" height=\"400\" srcset=\"data:image\/svg+xml,%3Csvg%20xmlns%3D%27http%3A%2F%2Fwww.w3.org%2F2000%2Fsvg%27%20width%3D%27600%27%20height%3D%27400%27%20viewBox%3D%270%200%20600%20400%27%3E%3Crect%20width%3D%27600%27%20height%3D%27400%27%20fill-opacity%3D%220%22%2F%3E%3C%2Fsvg%3E\" data-srcset=\"https:\/\/paulinenaue.info\/wp-content\/uploads\/2022\/11\/2022-11-26-Weihnachtsmarkt-11-200x133.jpeg 200w, https:\/\/paulinenaue.info\/wp-content\/uploads\/2022\/11\/2022-11-26-Weihnachtsmarkt-11-300x200.jpeg 300w, https:\/\/paulinenaue.info\/wp-content\/uploads\/2022\/11\/2022-11-26-Weihnachtsmarkt-11-400x267.jpeg 400w, https:\/\/paulinenaue.info\/wp-content\/uploads\/2022\/11\/2022-11-26-Weihnachtsmarkt-11-600x400.jpeg 600w, https:\/\/paulinenaue.info\/wp-content\/uploads\/2022\/11\/2022-11-26-Weihnachtsmarkt-11-768x512.jpeg 768w, https:\/\/paulinenaue.info\/wp-content\/uploads\/2022\/11\/2022-11-26-Weihnachtsmarkt-11-800x534.jpeg 800w, https:\/\/paulinenaue.info\/wp-content\/uploads\/2022\/11\/2022-11-26-Weihnachtsmarkt-11.jpeg 1000w\" data-sizes=\"auto\" data-orig-sizes=\"(max-width: 600px) 100vw, 600px\" \/><\/a><p id=\"caption-attachment-414977\" class=\"wp-caption-text\">Blick \u00fcber den Weihnachtsmarkt. Foto: Joachim Scholz, 2022.<\/p><\/div>\n<div class=\"mceTemp\"><\/div>\n<div id=\"attachment_414975\" style=\"width: 610px\" class=\"wp-caption alignnone\"><a href=\"https:\/\/paulinenaue.info\/wp-content\/uploads\/2022\/11\/2022-11-26-Weihnachtsmarkt-09.jpeg\"><img decoding=\"async\" aria-describedby=\"caption-attachment-414975\" data-attachment-id=\"414975\" data-permalink=\"https:\/\/paulinenaue.info\/index.php\/wieder-weihnachtsmarkt-in-paulinenaue\/2022-11-26-weihnachtsmarkt-09\/\" data-orig-file=\"https:\/\/paulinenaue.info\/wp-content\/uploads\/2022\/11\/2022-11-26-Weihnachtsmarkt-09.jpeg\" data-orig-size=\"1000,667\" data-comments-opened=\"1\" data-image-meta=\"{&quot;aperture&quot;:&quot;2.4&quot;,&quot;credit&quot;:&quot;&quot;,&quot;camera&quot;:&quot;DSC-RX10M3&quot;,&quot;caption&quot;:&quot;&quot;,&quot;created_timestamp&quot;:&quot;1669481095&quot;,&quot;copyright&quot;:&quot;&quot;,&quot;focal_length&quot;:&quot;8.8&quot;,&quot;iso&quot;:&quot;1600&quot;,&quot;shutter_speed&quot;:&quot;0.125&quot;,&quot;title&quot;:&quot;&quot;,&quot;orientation&quot;:&quot;1&quot;}\" data-image-title=\"2022-11-26, Weihnachtsmarkt 09\" data-image-description=\"\" data-image-caption=\"\" data-large-file=\"https:\/\/paulinenaue.info\/wp-content\/uploads\/2022\/11\/2022-11-26-Weihnachtsmarkt-09.jpeg\" class=\"lazyload wp-image-414975 size-fusion-600\" src=\"https:\/\/paulinenaue.info\/wp-content\/uploads\/2022\/11\/2022-11-26-Weihnachtsmarkt-09-600x400.jpeg\" data-orig-src=\"https:\/\/paulinenaue.info\/wp-content\/uploads\/2022\/11\/2022-11-26-Weihnachtsmarkt-09-600x400.jpeg\" alt=\"\" width=\"600\" height=\"400\" srcset=\"data:image\/svg+xml,%3Csvg%20xmlns%3D%27http%3A%2F%2Fwww.w3.org%2F2000%2Fsvg%27%20width%3D%27600%27%20height%3D%27400%27%20viewBox%3D%270%200%20600%20400%27%3E%3Crect%20width%3D%27600%27%20height%3D%27400%27%20fill-opacity%3D%220%22%2F%3E%3C%2Fsvg%3E\" data-srcset=\"https:\/\/paulinenaue.info\/wp-content\/uploads\/2022\/11\/2022-11-26-Weihnachtsmarkt-09-200x133.jpeg 200w, https:\/\/paulinenaue.info\/wp-content\/uploads\/2022\/11\/2022-11-26-Weihnachtsmarkt-09-300x200.jpeg 300w, https:\/\/paulinenaue.info\/wp-content\/uploads\/2022\/11\/2022-11-26-Weihnachtsmarkt-09-400x267.jpeg 400w, https:\/\/paulinenaue.info\/wp-content\/uploads\/2022\/11\/2022-11-26-Weihnachtsmarkt-09-600x400.jpeg 600w, https:\/\/paulinenaue.info\/wp-content\/uploads\/2022\/11\/2022-11-26-Weihnachtsmarkt-09-768x512.jpeg 768w, https:\/\/paulinenaue.info\/wp-content\/uploads\/2022\/11\/2022-11-26-Weihnachtsmarkt-09-800x534.jpeg 800w, https:\/\/paulinenaue.info\/wp-content\/uploads\/2022\/11\/2022-11-26-Weihnachtsmarkt-09.jpeg 1000w\" data-sizes=\"auto\" data-orig-sizes=\"(max-width: 600px) 100vw, 600px\" \/><\/a><p id=\"caption-attachment-414975\" class=\"wp-caption-text\">Die Paulinenauer Weihnachtsengel. Foto: Joachim Scholz, 2022.<\/p><\/div>\n<div class=\"mceTemp\"><\/div>\n<div id=\"attachment_414978\" style=\"width: 610px\" class=\"wp-caption alignnone\"><a href=\"https:\/\/paulinenaue.info\/wp-content\/uploads\/2022\/11\/2022-11-26-Weihnachtsmarkt-12.jpeg\"><img decoding=\"async\" aria-describedby=\"caption-attachment-414978\" data-attachment-id=\"414978\" data-permalink=\"https:\/\/paulinenaue.info\/index.php\/wieder-weihnachtsmarkt-in-paulinenaue\/2022-11-26-weihnachtsmarkt-12\/\" data-orig-file=\"https:\/\/paulinenaue.info\/wp-content\/uploads\/2022\/11\/2022-11-26-Weihnachtsmarkt-12.jpeg\" data-orig-size=\"1000,667\" data-comments-opened=\"1\" data-image-meta=\"{&quot;aperture&quot;:&quot;2.4&quot;,&quot;credit&quot;:&quot;&quot;,&quot;camera&quot;:&quot;DSC-RX10M3&quot;,&quot;caption&quot;:&quot;&quot;,&quot;created_timestamp&quot;:&quot;1669483605&quot;,&quot;copyright&quot;:&quot;&quot;,&quot;focal_length&quot;:&quot;8.8&quot;,&quot;iso&quot;:&quot;1600&quot;,&quot;shutter_speed&quot;:&quot;0.25&quot;,&quot;title&quot;:&quot;&quot;,&quot;orientation&quot;:&quot;1&quot;}\" data-image-title=\"2022-11-26, Weihnachtsmarkt 12\" data-image-description=\"\" data-image-caption=\"\" data-large-file=\"https:\/\/paulinenaue.info\/wp-content\/uploads\/2022\/11\/2022-11-26-Weihnachtsmarkt-12.jpeg\" class=\"lazyload wp-image-414978 size-fusion-600\" src=\"https:\/\/paulinenaue.info\/wp-content\/uploads\/2022\/11\/2022-11-26-Weihnachtsmarkt-12-600x400.jpeg\" data-orig-src=\"https:\/\/paulinenaue.info\/wp-content\/uploads\/2022\/11\/2022-11-26-Weihnachtsmarkt-12-600x400.jpeg\" alt=\"\" width=\"600\" height=\"400\" srcset=\"data:image\/svg+xml,%3Csvg%20xmlns%3D%27http%3A%2F%2Fwww.w3.org%2F2000%2Fsvg%27%20width%3D%27600%27%20height%3D%27400%27%20viewBox%3D%270%200%20600%20400%27%3E%3Crect%20width%3D%27600%27%20height%3D%27400%27%20fill-opacity%3D%220%22%2F%3E%3C%2Fsvg%3E\" data-srcset=\"https:\/\/paulinenaue.info\/wp-content\/uploads\/2022\/11\/2022-11-26-Weihnachtsmarkt-12-200x133.jpeg 200w, https:\/\/paulinenaue.info\/wp-content\/uploads\/2022\/11\/2022-11-26-Weihnachtsmarkt-12-300x200.jpeg 300w, https:\/\/paulinenaue.info\/wp-content\/uploads\/2022\/11\/2022-11-26-Weihnachtsmarkt-12-400x267.jpeg 400w, https:\/\/paulinenaue.info\/wp-content\/uploads\/2022\/11\/2022-11-26-Weihnachtsmarkt-12-600x400.jpeg 600w, https:\/\/paulinenaue.info\/wp-content\/uploads\/2022\/11\/2022-11-26-Weihnachtsmarkt-12-768x512.jpeg 768w, https:\/\/paulinenaue.info\/wp-content\/uploads\/2022\/11\/2022-11-26-Weihnachtsmarkt-12-800x534.jpeg 800w, https:\/\/paulinenaue.info\/wp-content\/uploads\/2022\/11\/2022-11-26-Weihnachtsmarkt-12.jpeg 1000w\" data-sizes=\"auto\" data-orig-sizes=\"(max-width: 600px) 100vw, 600px\" \/><\/a><p id=\"caption-attachment-414978\" class=\"wp-caption-text\">Sarah und der Weihnachtsmann. Foto: Joachim Scholz, 2022.<\/p><\/div>\n<div class=\"mceTemp\"><\/div>\n<div id=\"attachment_414974\" style=\"width: 610px\" class=\"wp-caption alignnone\"><a href=\"https:\/\/paulinenaue.info\/wp-content\/uploads\/2022\/11\/2022-11-26-Weihnachtsmarkt-08.jpeg\"><img decoding=\"async\" aria-describedby=\"caption-attachment-414974\" data-attachment-id=\"414974\" data-permalink=\"https:\/\/paulinenaue.info\/index.php\/wieder-weihnachtsmarkt-in-paulinenaue\/2022-11-26-weihnachtsmarkt-08\/\" data-orig-file=\"https:\/\/paulinenaue.info\/wp-content\/uploads\/2022\/11\/2022-11-26-Weihnachtsmarkt-08.jpeg\" data-orig-size=\"1000,667\" data-comments-opened=\"1\" data-image-meta=\"{&quot;aperture&quot;:&quot;2.4&quot;,&quot;credit&quot;:&quot;&quot;,&quot;camera&quot;:&quot;DSC-RX10M3&quot;,&quot;caption&quot;:&quot;&quot;,&quot;created_timestamp&quot;:&quot;1669481012&quot;,&quot;copyright&quot;:&quot;&quot;,&quot;focal_length&quot;:&quot;8.8&quot;,&quot;iso&quot;:&quot;3200&quot;,&quot;shutter_speed&quot;:&quot;0.125&quot;,&quot;title&quot;:&quot;&quot;,&quot;orientation&quot;:&quot;1&quot;}\" data-image-title=\"2022-11-26, Weihnachtsmarkt 08\" data-image-description=\"\" data-image-caption=\"\" data-large-file=\"https:\/\/paulinenaue.info\/wp-content\/uploads\/2022\/11\/2022-11-26-Weihnachtsmarkt-08.jpeg\" class=\"lazyload wp-image-414974 size-fusion-600\" src=\"https:\/\/paulinenaue.info\/wp-content\/uploads\/2022\/11\/2022-11-26-Weihnachtsmarkt-08-600x400.jpeg\" data-orig-src=\"https:\/\/paulinenaue.info\/wp-content\/uploads\/2022\/11\/2022-11-26-Weihnachtsmarkt-08-600x400.jpeg\" alt=\"\" width=\"600\" height=\"400\" srcset=\"data:image\/svg+xml,%3Csvg%20xmlns%3D%27http%3A%2F%2Fwww.w3.org%2F2000%2Fsvg%27%20width%3D%27600%27%20height%3D%27400%27%20viewBox%3D%270%200%20600%20400%27%3E%3Crect%20width%3D%27600%27%20height%3D%27400%27%20fill-opacity%3D%220%22%2F%3E%3C%2Fsvg%3E\" data-srcset=\"https:\/\/paulinenaue.info\/wp-content\/uploads\/2022\/11\/2022-11-26-Weihnachtsmarkt-08-200x133.jpeg 200w, https:\/\/paulinenaue.info\/wp-content\/uploads\/2022\/11\/2022-11-26-Weihnachtsmarkt-08-300x200.jpeg 300w, https:\/\/paulinenaue.info\/wp-content\/uploads\/2022\/11\/2022-11-26-Weihnachtsmarkt-08-400x267.jpeg 400w, https:\/\/paulinenaue.info\/wp-content\/uploads\/2022\/11\/2022-11-26-Weihnachtsmarkt-08-600x400.jpeg 600w, https:\/\/paulinenaue.info\/wp-content\/uploads\/2022\/11\/2022-11-26-Weihnachtsmarkt-08-768x512.jpeg 768w, https:\/\/paulinenaue.info\/wp-content\/uploads\/2022\/11\/2022-11-26-Weihnachtsmarkt-08-800x534.jpeg 800w, https:\/\/paulinenaue.info\/wp-content\/uploads\/2022\/11\/2022-11-26-Weihnachtsmarkt-08.jpeg 1000w\" data-sizes=\"auto\" data-orig-sizes=\"(max-width: 600px) 100vw, 600px\" \/><\/a><p id=\"caption-attachment-414974\" class=\"wp-caption-text\">Abendstimmung auf dem Weihnachtsmarkt. Foto: Joachim Scholz, 2022.<\/p><\/div>\n<p>&nbsp;<\/p>\n","protected":false},"excerpt":{"rendered":"<p>Nach zwei Jahren Coronapause war am Samstag vor dem Ersten [&hellip;]<\/p>\n","protected":false},"author":1,"featured_media":414977,"comment_status":"open","ping_status":"open","sticky":false,"template":"","format":"standard","meta":{"_acf_changed":false,"_price":"","_stock":"","_tribe_ticket_header":"","_tribe_default_ticket_provider":"","_tribe_ticket_capacity":"0","_ticket_start_date":"","_ticket_end_date":"","_tribe_ticket_show_description":"","_tribe_ticket_show_not_going":false,"_tribe_ticket_use_global_stock":"","_tribe_ticket_global_stock_level":"","_global_stock_mode":"","_global_stock_cap":"","_tribe_rsvp_for_event":"","_tribe_ticket_going_count":"","_tribe_ticket_not_going_count":"","_tribe_tickets_list":"[]","_tribe_ticket_has_attendee_info_fields":false,"jetpack_post_was_ever_published":false,"_jetpack_newsletter_access":"","_jetpack_dont_email_post_to_subs":false,"_jetpack_newsletter_tier_id":0,"_jetpack_memberships_contains_paywalled_content":false,"_jetpack_memberships_contains_paid_content":false,"footnotes":"","jetpack_publicize_message":"","jetpack_publicize_feature_enabled":true,"jetpack_social_post_already_shared":true,"jetpack_social_options":{"image_generator_settings":{"template":"highway","default_image_id":0,"font":"","enabled":false},"version":2}},"categories":[1,6,26,47,9,354],"tags":[28],"class_list":["post-414966","post","type-post","status-publish","format-standard","has-post-thumbnail","hentry","category-allgemein","category-hier-zuhause","category-kirche","category-kulturverein","category-neuigkeiten","category-selbelang","tag-weihnachtsmarkt"],"acf":[],"yoast_head":"<!-- This site is optimized with the Yoast SEO plugin v27.5 - https:\/\/yoast.com\/product\/yoast-seo-wordpress\/ -->\n<title>Wieder Weihnachtsmarkt in Paulinenaue - Paulinenaue<\/title>\n<meta name=\"description\" content=\"Nach zwei Jahren Coronapause war am Samstag vor dem Ersten Advent 2022 wieder Weihnachtsmarkt in Paulinenaue.\" \/>\n<meta name=\"robots\" content=\"index, follow, max-snippet:-1, max-image-preview:large, max-video-preview:-1\" \/>\n<link rel=\"canonical\" href=\"https:\/\/paulinenaue.info\/index.php\/wieder-weihnachtsmarkt-in-paulinenaue\/\" \/>\n<meta property=\"og:locale\" content=\"de_DE\" \/>\n<meta property=\"og:type\" content=\"article\" \/>\n<meta property=\"og:title\" content=\"Wieder Weihnachtsmarkt in Paulinenaue - Paulinenaue\" \/>\n<meta property=\"og:description\" content=\"Nach zwei Jahren Coronapause war am Samstag vor dem Ersten Advent 2022 wieder Weihnachtsmarkt in Paulinenaue.\" \/>\n<meta property=\"og:url\" content=\"https:\/\/paulinenaue.info\/index.php\/wieder-weihnachtsmarkt-in-paulinenaue\/\" \/>\n<meta property=\"og:site_name\" content=\"Paulinenaue\" \/>\n<meta property=\"article:published_time\" content=\"2022-11-26T23:56:45+00:00\" \/>\n<meta property=\"og:image\" content=\"https:\/\/paulinenaue.info\/wp-content\/uploads\/2022\/11\/2022-11-26-Weihnachtsmarkt-11.jpeg\" \/>\n\t<meta property=\"og:image:width\" content=\"1000\" \/>\n\t<meta property=\"og:image:height\" content=\"667\" \/>\n\t<meta property=\"og:image:type\" content=\"image\/jpeg\" \/>\n<meta name=\"author\" content=\"Joachim Scholz\" \/>\n<meta name=\"twitter:card\" content=\"summary_large_image\" \/>\n<meta name=\"twitter:label1\" content=\"Verfasst von\" \/>\n\t<meta name=\"twitter:data1\" content=\"Joachim Scholz\" \/>\n\t<meta name=\"twitter:label2\" content=\"Gesch\u00e4tzte Lesezeit\" \/>\n\t<meta name=\"twitter:data2\" content=\"4\u00a0Minuten\" \/>\n<script type=\"application\/ld+json\" class=\"yoast-schema-graph\">{\"@context\":\"https:\\\/\\\/schema.org\",\"@graph\":[{\"@type\":\"Article\",\"@id\":\"https:\\\/\\\/paulinenaue.info\\\/index.php\\\/wieder-weihnachtsmarkt-in-paulinenaue\\\/#article\",\"isPartOf\":{\"@id\":\"https:\\\/\\\/paulinenaue.info\\\/index.php\\\/wieder-weihnachtsmarkt-in-paulinenaue\\\/\"},\"author\":{\"name\":\"Joachim Scholz\",\"@id\":\"https:\\\/\\\/paulinenaue.info\\\/#\\\/schema\\\/person\\\/3f9e818fd7b69b0d2bd937ac506897cc\"},\"headline\":\"Wieder Weihnachtsmarkt in Paulinenaue\",\"datePublished\":\"2022-11-26T23:56:45+00:00\",\"mainEntityOfPage\":{\"@id\":\"https:\\\/\\\/paulinenaue.info\\\/index.php\\\/wieder-weihnachtsmarkt-in-paulinenaue\\\/\"},\"wordCount\":374,\"commentCount\":0,\"image\":{\"@id\":\"https:\\\/\\\/paulinenaue.info\\\/index.php\\\/wieder-weihnachtsmarkt-in-paulinenaue\\\/#primaryimage\"},\"thumbnailUrl\":\"https:\\\/\\\/paulinenaue.info\\\/wp-content\\\/uploads\\\/2022\\\/11\\\/2022-11-26-Weihnachtsmarkt-11.jpeg\",\"keywords\":[\"Weihnachtsmarkt\"],\"articleSection\":{\"1\":\"Hier Zuhause\",\"2\":\"Kirche\",\"3\":\"Kulturverein\",\"4\":\"Neuigkeiten\",\"5\":\"Selbelang\"},\"inLanguage\":\"de\",\"potentialAction\":[{\"@type\":\"CommentAction\",\"name\":\"Comment\",\"target\":[\"https:\\\/\\\/paulinenaue.info\\\/index.php\\\/wieder-weihnachtsmarkt-in-paulinenaue\\\/#respond\"]}]},{\"@type\":\"WebPage\",\"@id\":\"https:\\\/\\\/paulinenaue.info\\\/index.php\\\/wieder-weihnachtsmarkt-in-paulinenaue\\\/\",\"url\":\"https:\\\/\\\/paulinenaue.info\\\/index.php\\\/wieder-weihnachtsmarkt-in-paulinenaue\\\/\",\"name\":\"Wieder Weihnachtsmarkt in Paulinenaue - Paulinenaue\",\"isPartOf\":{\"@id\":\"https:\\\/\\\/paulinenaue.info\\\/#website\"},\"primaryImageOfPage\":{\"@id\":\"https:\\\/\\\/paulinenaue.info\\\/index.php\\\/wieder-weihnachtsmarkt-in-paulinenaue\\\/#primaryimage\"},\"image\":{\"@id\":\"https:\\\/\\\/paulinenaue.info\\\/index.php\\\/wieder-weihnachtsmarkt-in-paulinenaue\\\/#primaryimage\"},\"thumbnailUrl\":\"https:\\\/\\\/paulinenaue.info\\\/wp-content\\\/uploads\\\/2022\\\/11\\\/2022-11-26-Weihnachtsmarkt-11.jpeg\",\"datePublished\":\"2022-11-26T23:56:45+00:00\",\"author\":{\"@id\":\"https:\\\/\\\/paulinenaue.info\\\/#\\\/schema\\\/person\\\/3f9e818fd7b69b0d2bd937ac506897cc\"},\"description\":\"Nach zwei Jahren Coronapause war am Samstag vor dem Ersten Advent 2022 wieder Weihnachtsmarkt in Paulinenaue.\",\"breadcrumb\":{\"@id\":\"https:\\\/\\\/paulinenaue.info\\\/index.php\\\/wieder-weihnachtsmarkt-in-paulinenaue\\\/#breadcrumb\"},\"inLanguage\":\"de\",\"potentialAction\":[{\"@type\":\"ReadAction\",\"target\":[\"https:\\\/\\\/paulinenaue.info\\\/index.php\\\/wieder-weihnachtsmarkt-in-paulinenaue\\\/\"]}]},{\"@type\":\"ImageObject\",\"inLanguage\":\"de\",\"@id\":\"https:\\\/\\\/paulinenaue.info\\\/index.php\\\/wieder-weihnachtsmarkt-in-paulinenaue\\\/#primaryimage\",\"url\":\"https:\\\/\\\/paulinenaue.info\\\/wp-content\\\/uploads\\\/2022\\\/11\\\/2022-11-26-Weihnachtsmarkt-11.jpeg\",\"contentUrl\":\"https:\\\/\\\/paulinenaue.info\\\/wp-content\\\/uploads\\\/2022\\\/11\\\/2022-11-26-Weihnachtsmarkt-11.jpeg\",\"width\":1000,\"height\":667,\"caption\":\"Blick \u00fcber den Weihnachtsmarkt. Foto: Joachim Scholz, 2022.\"},{\"@type\":\"BreadcrumbList\",\"@id\":\"https:\\\/\\\/paulinenaue.info\\\/index.php\\\/wieder-weihnachtsmarkt-in-paulinenaue\\\/#breadcrumb\",\"itemListElement\":[{\"@type\":\"ListItem\",\"position\":1,\"name\":\"Home\",\"item\":\"https:\\\/\\\/paulinenaue.info\\\/\"},{\"@type\":\"ListItem\",\"position\":2,\"name\":\"Wieder Weihnachtsmarkt in Paulinenaue\"}]},{\"@type\":\"WebSite\",\"@id\":\"https:\\\/\\\/paulinenaue.info\\\/#website\",\"url\":\"https:\\\/\\\/paulinenaue.info\\\/\",\"name\":\"Paulinenaue\",\"description\":\"Ein Dorf im Havelland\",\"potentialAction\":[{\"@type\":\"SearchAction\",\"target\":{\"@type\":\"EntryPoint\",\"urlTemplate\":\"https:\\\/\\\/paulinenaue.info\\\/?s={search_term_string}\"},\"query-input\":{\"@type\":\"PropertyValueSpecification\",\"valueRequired\":true,\"valueName\":\"search_term_string\"}}],\"inLanguage\":\"de\"},{\"@type\":\"Person\",\"@id\":\"https:\\\/\\\/paulinenaue.info\\\/#\\\/schema\\\/person\\\/3f9e818fd7b69b0d2bd937ac506897cc\",\"name\":\"Joachim Scholz\",\"url\":\"https:\\\/\\\/paulinenaue.info\\\/index.php\\\/author\\\/jjscholz\\\/\"}]}<\/script>\n<!-- \/ Yoast SEO plugin. -->","yoast_head_json":{"title":"Wieder Weihnachtsmarkt in Paulinenaue - Paulinenaue","description":"Nach zwei Jahren Coronapause war am Samstag vor dem Ersten Advent 2022 wieder Weihnachtsmarkt in Paulinenaue.","robots":{"index":"index","follow":"follow","max-snippet":"max-snippet:-1","max-image-preview":"max-image-preview:large","max-video-preview":"max-video-preview:-1"},"canonical":"https:\/\/paulinenaue.info\/index.php\/wieder-weihnachtsmarkt-in-paulinenaue\/","og_locale":"de_DE","og_type":"article","og_title":"Wieder Weihnachtsmarkt in Paulinenaue - Paulinenaue","og_description":"Nach zwei Jahren Coronapause war am Samstag vor dem Ersten Advent 2022 wieder Weihnachtsmarkt in Paulinenaue.","og_url":"https:\/\/paulinenaue.info\/index.php\/wieder-weihnachtsmarkt-in-paulinenaue\/","og_site_name":"Paulinenaue","article_published_time":"2022-11-26T23:56:45+00:00","og_image":[{"width":1000,"height":667,"url":"https:\/\/paulinenaue.info\/wp-content\/uploads\/2022\/11\/2022-11-26-Weihnachtsmarkt-11.jpeg","type":"image\/jpeg"}],"author":"Joachim Scholz","twitter_card":"summary_large_image","twitter_misc":{"Verfasst von":"Joachim Scholz","Gesch\u00e4tzte Lesezeit":"4\u00a0Minuten"},"schema":{"@context":"https:\/\/schema.org","@graph":[{"@type":"Article","@id":"https:\/\/paulinenaue.info\/index.php\/wieder-weihnachtsmarkt-in-paulinenaue\/#article","isPartOf":{"@id":"https:\/\/paulinenaue.info\/index.php\/wieder-weihnachtsmarkt-in-paulinenaue\/"},"author":{"name":"Joachim Scholz","@id":"https:\/\/paulinenaue.info\/#\/schema\/person\/3f9e818fd7b69b0d2bd937ac506897cc"},"headline":"Wieder Weihnachtsmarkt in Paulinenaue","datePublished":"2022-11-26T23:56:45+00:00","mainEntityOfPage":{"@id":"https:\/\/paulinenaue.info\/index.php\/wieder-weihnachtsmarkt-in-paulinenaue\/"},"wordCount":374,"commentCount":0,"image":{"@id":"https:\/\/paulinenaue.info\/index.php\/wieder-weihnachtsmarkt-in-paulinenaue\/#primaryimage"},"thumbnailUrl":"https:\/\/paulinenaue.info\/wp-content\/uploads\/2022\/11\/2022-11-26-Weihnachtsmarkt-11.jpeg","keywords":["Weihnachtsmarkt"],"articleSection":{"1":"Hier Zuhause","2":"Kirche","3":"Kulturverein","4":"Neuigkeiten","5":"Selbelang"},"inLanguage":"de","potentialAction":[{"@type":"CommentAction","name":"Comment","target":["https:\/\/paulinenaue.info\/index.php\/wieder-weihnachtsmarkt-in-paulinenaue\/#respond"]}]},{"@type":"WebPage","@id":"https:\/\/paulinenaue.info\/index.php\/wieder-weihnachtsmarkt-in-paulinenaue\/","url":"https:\/\/paulinenaue.info\/index.php\/wieder-weihnachtsmarkt-in-paulinenaue\/","name":"Wieder Weihnachtsmarkt in Paulinenaue - Paulinenaue","isPartOf":{"@id":"https:\/\/paulinenaue.info\/#website"},"primaryImageOfPage":{"@id":"https:\/\/paulinenaue.info\/index.php\/wieder-weihnachtsmarkt-in-paulinenaue\/#primaryimage"},"image":{"@id":"https:\/\/paulinenaue.info\/index.php\/wieder-weihnachtsmarkt-in-paulinenaue\/#primaryimage"},"thumbnailUrl":"https:\/\/paulinenaue.info\/wp-content\/uploads\/2022\/11\/2022-11-26-Weihnachtsmarkt-11.jpeg","datePublished":"2022-11-26T23:56:45+00:00","author":{"@id":"https:\/\/paulinenaue.info\/#\/schema\/person\/3f9e818fd7b69b0d2bd937ac506897cc"},"description":"Nach zwei Jahren Coronapause war am Samstag vor dem Ersten Advent 2022 wieder Weihnachtsmarkt in Paulinenaue.","breadcrumb":{"@id":"https:\/\/paulinenaue.info\/index.php\/wieder-weihnachtsmarkt-in-paulinenaue\/#breadcrumb"},"inLanguage":"de","potentialAction":[{"@type":"ReadAction","target":["https:\/\/paulinenaue.info\/index.php\/wieder-weihnachtsmarkt-in-paulinenaue\/"]}]},{"@type":"ImageObject","inLanguage":"de","@id":"https:\/\/paulinenaue.info\/index.php\/wieder-weihnachtsmarkt-in-paulinenaue\/#primaryimage","url":"https:\/\/paulinenaue.info\/wp-content\/uploads\/2022\/11\/2022-11-26-Weihnachtsmarkt-11.jpeg","contentUrl":"https:\/\/paulinenaue.info\/wp-content\/uploads\/2022\/11\/2022-11-26-Weihnachtsmarkt-11.jpeg","width":1000,"height":667,"caption":"Blick \u00fcber den Weihnachtsmarkt. Foto: Joachim Scholz, 2022."},{"@type":"BreadcrumbList","@id":"https:\/\/paulinenaue.info\/index.php\/wieder-weihnachtsmarkt-in-paulinenaue\/#breadcrumb","itemListElement":[{"@type":"ListItem","position":1,"name":"Home","item":"https:\/\/paulinenaue.info\/"},{"@type":"ListItem","position":2,"name":"Wieder Weihnachtsmarkt in Paulinenaue"}]},{"@type":"WebSite","@id":"https:\/\/paulinenaue.info\/#website","url":"https:\/\/paulinenaue.info\/","name":"Paulinenaue","description":"Ein Dorf im Havelland","potentialAction":[{"@type":"SearchAction","target":{"@type":"EntryPoint","urlTemplate":"https:\/\/paulinenaue.info\/?s={search_term_string}"},"query-input":{"@type":"PropertyValueSpecification","valueRequired":true,"valueName":"search_term_string"}}],"inLanguage":"de"},{"@type":"Person","@id":"https:\/\/paulinenaue.info\/#\/schema\/person\/3f9e818fd7b69b0d2bd937ac506897cc","name":"Joachim Scholz","url":"https:\/\/paulinenaue.info\/index.php\/author\/jjscholz\/"}]}},"jetpack_publicize_connections":[],"jetpack_featured_media_url":"https:\/\/paulinenaue.info\/wp-content\/uploads\/2022\/11\/2022-11-26-Weihnachtsmarkt-11.jpeg","jetpack_sharing_enabled":true,"jetpack_shortlink":"https:\/\/wp.me\/pcYhWA-1JX0","jetpack-related-posts":[{"id":129,"url":"https:\/\/paulinenaue.info\/index.php\/nun-ist-weihnachtszeit-kirche-kita-und-kulturverein-gestalten-gemeinsam-den-7-paulinenauer-weihnachtsmarkt\/","url_meta":{"origin":414966,"position":0},"title":"Nun ist Weihnachtszeit \u2013 Kirche, Kita und Kulturverein gestalten gemeinsam den 7. Paulinenauer Weihnachtsmarkt","author":"Joachim Scholz","date":"22. M\u00e4rz 2016","format":false,"excerpt":"Joachim Scholz 01.12.2012. Der Weihnachtsmarkt hat Paulinenaue am Samstag vor dem ersten Advent wieder in vorweihnachtlichem Rahmen zu gem\u00fctlichen und kurzweiligen Stunden zusammengebracht. Die beschauliche Kulisse rund um das Kirchgel\u00e4nde und die gute Zusammenarbeit von Kirchgemeinde, Kitateam, Kulturverein und auch der Schule: das hat sich in den letzten Jahren bei\u2026","rel":"","context":"In &quot;Kirche&quot;","block_context":{"text":"Kirche","link":"https:\/\/paulinenaue.info\/index.php\/category\/kirche\/"},"img":{"alt_text":"","src":"https:\/\/i0.wp.com\/paulinenaue.info\/wp-content\/uploads\/2016\/03\/20121201_weihnachtsmarkt_04_ft.jpg?resize=350%2C200&ssl=1","width":350,"height":200},"classes":[]},{"id":2465,"url":"https:\/\/paulinenaue.info\/index.php\/mit-dem-weihnachtsmarkt-in-den-advent\/","url_meta":{"origin":414966,"position":1},"title":"Mit dem Weihnachtsmarkt in den Advent","author":"Joachim Scholz","date":"2. Dezember 2018","format":false,"excerpt":"Am Samstag vor dem Ersten Advent fand in Paulinenaue wieder der Weihnachtsmarkt auf dem Gel\u00e4nde der Evangelischen Kirche statt. Mit den Vorbereitungen hatte das Organisationsteam schon im Juni begonnen. In den letzten Wochen wurde es dann spannend. An so vieles musste gedacht und alles koordiniert werden. Zum Paulinenauer Weihnachtsmarkt geh\u00f6ren\u2026","rel":"","context":"In &quot;Allgemein&quot;","block_context":{"text":"Allgemein","link":"https:\/\/paulinenaue.info\/index.php\/category\/allgemein\/"},"img":{"alt_text":"","src":"https:\/\/i0.wp.com\/paulinenaue.info\/wp-content\/uploads\/2018\/12\/DSC05940.jpg?resize=350%2C200&ssl=1","width":350,"height":200,"srcset":"https:\/\/i0.wp.com\/paulinenaue.info\/wp-content\/uploads\/2018\/12\/DSC05940.jpg?resize=350%2C200&ssl=1 1x, https:\/\/i0.wp.com\/paulinenaue.info\/wp-content\/uploads\/2018\/12\/DSC05940.jpg?resize=525%2C300&ssl=1 1.5x, https:\/\/i0.wp.com\/paulinenaue.info\/wp-content\/uploads\/2018\/12\/DSC05940.jpg?resize=700%2C400&ssl=1 2x"},"classes":[]},{"id":418593,"url":"https:\/\/paulinenaue.info\/index.php\/willkommen-auf-dem-weihnachtsmarkt\/","url_meta":{"origin":414966,"position":2},"title":"Willkommen auf dem 17. Paulinenauer Weihnachtsmarkt","author":"Joachim Scholz","date":"30. November 2025","format":false,"excerpt":"29.11.2025. Wer hatte einst die Idee, die Paulinenauer Weihnachtsm\u00e4rkte durchzunummerieren und wird eigentlich noch richtig gez\u00e4hlt? Dass im Jahr 2006 der damals frisch gegr\u00fcndete Paulinenauer Kulturverein seiner ersten gr\u00f6\u00dferen Veranstaltung die Premiere in den Titel einschrieb (\u201e1. Paulinenauer Weihnachtsmarkt\u201c) ist wohl der Grund. Danach wurde einfach weitergez\u00e4hlt. In der Coronazeit\u2026","rel":"","context":"In &quot;Ehrenamt&quot;","block_context":{"text":"Ehrenamt","link":"https:\/\/paulinenaue.info\/index.php\/category\/ehrenamt\/"},"img":{"alt_text":"","src":"https:\/\/i0.wp.com\/paulinenaue.info\/wp-content\/uploads\/2025\/11\/DSC02019.jpeg?resize=350%2C200&ssl=1","width":350,"height":200,"srcset":"https:\/\/i0.wp.com\/paulinenaue.info\/wp-content\/uploads\/2025\/11\/DSC02019.jpeg?resize=350%2C200&ssl=1 1x, https:\/\/i0.wp.com\/paulinenaue.info\/wp-content\/uploads\/2025\/11\/DSC02019.jpeg?resize=525%2C300&ssl=1 1.5x, https:\/\/i0.wp.com\/paulinenaue.info\/wp-content\/uploads\/2025\/11\/DSC02019.jpeg?resize=700%2C400&ssl=1 2x"},"classes":[]},{"id":6287,"url":"https:\/\/paulinenaue.info\/index.php\/information-paulinenauer-weihnachtsmarkt-2021\/","url_meta":{"origin":414966,"position":3},"title":"Information Paulinenauer Weihnachtsmarkt 2021","author":"Sarah","date":"2. November 2021","format":false,"excerpt":"Liebe Paulinenauerinnen und Paulinenauer, leider werden wir auch in diesem Jahr keinen Weihnachtsmarkt durchf\u00fchren. Es gibt zu viele Unsicherheiten und einen deutlich h\u00f6heren Aufwand f\u00fcr uns bei der Organisation und Durchf\u00fchrung. Wir wollen kein Risiko eingehen und daf\u00fcr im n\u00e4chsten Jahr wieder mit euch einen tollen Weihnachtsmarkt erleben. Wir w\u00fcnschen\u2026","rel":"","context":"In &quot;Allgemein&quot;","block_context":{"text":"Allgemein","link":"https:\/\/paulinenaue.info\/index.php\/category\/allgemein\/"},"img":{"alt_text":"","src":"https:\/\/i0.wp.com\/paulinenaue.info\/wp-content\/uploads\/2019\/12\/17.jpg?resize=350%2C200&ssl=1","width":350,"height":200,"srcset":"https:\/\/i0.wp.com\/paulinenaue.info\/wp-content\/uploads\/2019\/12\/17.jpg?resize=350%2C200&ssl=1 1x, https:\/\/i0.wp.com\/paulinenaue.info\/wp-content\/uploads\/2019\/12\/17.jpg?resize=525%2C300&ssl=1 1.5x, https:\/\/i0.wp.com\/paulinenaue.info\/wp-content\/uploads\/2019\/12\/17.jpg?resize=700%2C400&ssl=1 2x, https:\/\/i0.wp.com\/paulinenaue.info\/wp-content\/uploads\/2019\/12\/17.jpg?resize=1050%2C600&ssl=1 3x, https:\/\/i0.wp.com\/paulinenaue.info\/wp-content\/uploads\/2019\/12\/17.jpg?resize=1400%2C800&ssl=1 4x"},"classes":[]},{"id":5166,"url":"https:\/\/paulinenaue.info\/index.php\/mit-dem-weihnachtsmarkt-in-den-advent-2\/","url_meta":{"origin":414966,"position":4},"title":"Mit dem Weihnachtsmarkt in den Advent","author":"Sarah","date":"4. Dezember 2019","format":false,"excerpt":"Ein Highlight durfte auch in diesem Jahr nicht fehlen - der Weihnachtsmarkt rund um unsere Kirche. F\u00fcr mich ist es einer der sch\u00f6nsten, wenn nicht sogar der sch\u00f6nste! Wo findet man einen so gem\u00fctlichen, famili\u00e4ren Weihnachtsmarkt schon? Aber die tolle Atmosph\u00e4re entstand nicht nur durch die liebevolle Dekoration, sondern im\u2026","rel":"","context":"In &quot;Allgemein&quot;","block_context":{"text":"Allgemein","link":"https:\/\/paulinenaue.info\/index.php\/category\/allgemein\/"},"img":{"alt_text":"","src":"https:\/\/i0.wp.com\/paulinenaue.info\/wp-content\/uploads\/2019\/12\/7-scaled.jpg?resize=350%2C200&ssl=1","width":350,"height":200,"srcset":"https:\/\/i0.wp.com\/paulinenaue.info\/wp-content\/uploads\/2019\/12\/7-scaled.jpg?resize=350%2C200&ssl=1 1x, https:\/\/i0.wp.com\/paulinenaue.info\/wp-content\/uploads\/2019\/12\/7-scaled.jpg?resize=525%2C300&ssl=1 1.5x, https:\/\/i0.wp.com\/paulinenaue.info\/wp-content\/uploads\/2019\/12\/7-scaled.jpg?resize=700%2C400&ssl=1 2x, https:\/\/i0.wp.com\/paulinenaue.info\/wp-content\/uploads\/2019\/12\/7-scaled.jpg?resize=1050%2C600&ssl=1 3x, https:\/\/i0.wp.com\/paulinenaue.info\/wp-content\/uploads\/2019\/12\/7-scaled.jpg?resize=1400%2C800&ssl=1 4x"},"classes":[]},{"id":415469,"url":"https:\/\/paulinenaue.info\/index.php\/winterlicher-weihnachtsmarkt-2023\/","url_meta":{"origin":414966,"position":5},"title":"Winterlicher Weihnachtsmarkt 2023","author":"Joachim Scholz","date":"3. Dezember 2023","format":false,"excerpt":"Den Beginn der Weihnachtszeit erlebt jeder individuell. Auch wenn man die Zeit vielleicht noch nicht f\u00fcr gekommen h\u00e4lt, an einem Punkt ist es schlie\u00dflich so weit. F\u00fcr mich ist das nun schon seit ein paar Jahren der Augenblick, wo ich dicht neben B\u00fcrgermeister Arne Breder stehe und mit ihm zusammen\u2026","rel":"","context":"In &quot;Allgemein&quot;","block_context":{"text":"Allgemein","link":"https:\/\/paulinenaue.info\/index.php\/category\/allgemein\/"},"img":{"alt_text":"","src":"https:\/\/i0.wp.com\/paulinenaue.info\/wp-content\/uploads\/2023\/12\/2023-12-01-Weihnachtsmarkt-00.jpeg?resize=350%2C200&ssl=1","width":350,"height":200,"srcset":"https:\/\/i0.wp.com\/paulinenaue.info\/wp-content\/uploads\/2023\/12\/2023-12-01-Weihnachtsmarkt-00.jpeg?resize=350%2C200&ssl=1 1x, https:\/\/i0.wp.com\/paulinenaue.info\/wp-content\/uploads\/2023\/12\/2023-12-01-Weihnachtsmarkt-00.jpeg?resize=525%2C300&ssl=1 1.5x, https:\/\/i0.wp.com\/paulinenaue.info\/wp-content\/uploads\/2023\/12\/2023-12-01-Weihnachtsmarkt-00.jpeg?resize=700%2C400&ssl=1 2x"},"classes":[]}],"_links":{"self":[{"href":"https:\/\/paulinenaue.info\/index.php\/wp-json\/wp\/v2\/posts\/414966","targetHints":{"allow":["GET"]}}],"collection":[{"href":"https:\/\/paulinenaue.info\/index.php\/wp-json\/wp\/v2\/posts"}],"about":[{"href":"https:\/\/paulinenaue.info\/index.php\/wp-json\/wp\/v2\/types\/post"}],"author":[{"embeddable":true,"href":"https:\/\/paulinenaue.info\/index.php\/wp-json\/wp\/v2\/users\/1"}],"replies":[{"embeddable":true,"href":"https:\/\/paulinenaue.info\/index.php\/wp-json\/wp\/v2\/comments?post=414966"}],"version-history":[{"count":8,"href":"https:\/\/paulinenaue.info\/index.php\/wp-json\/wp\/v2\/posts\/414966\/revisions"}],"predecessor-version":[{"id":414986,"href":"https:\/\/paulinenaue.info\/index.php\/wp-json\/wp\/v2\/posts\/414966\/revisions\/414986"}],"wp:featuredmedia":[{"embeddable":true,"href":"https:\/\/paulinenaue.info\/index.php\/wp-json\/wp\/v2\/media\/414977"}],"wp:attachment":[{"href":"https:\/\/paulinenaue.info\/index.php\/wp-json\/wp\/v2\/media?parent=414966"}],"wp:term":[{"taxonomy":"category","embeddable":true,"href":"https:\/\/paulinenaue.info\/index.php\/wp-json\/wp\/v2\/categories?post=414966"},{"taxonomy":"post_tag","embeddable":true,"href":"https:\/\/paulinenaue.info\/index.php\/wp-json\/wp\/v2\/tags?post=414966"}],"curies":[{"name":"wp","href":"https:\/\/api.w.org\/{rel}","templated":true}]}}