{"id":414989,"date":"2022-12-02T23:34:07","date_gmt":"2022-12-02T22:34:07","guid":{"rendered":"https:\/\/paulinenaue.info\/?p=414989"},"modified":"2022-12-02T23:37:46","modified_gmt":"2022-12-02T22:37:46","slug":"paulinenaue-kalender-2023-erschienen","status":"publish","type":"post","link":"https:\/\/paulinenaue.info\/index.php\/paulinenaue-kalender-2023-erschienen\/","title":{"rendered":"Paulinenaue-Kalender 2023 erschienen"},"content":{"rendered":"<p>Es gibt ihn wieder, den Fotokalender mit Paulinenauer Motiven f\u00fcr das n\u00e4chste Jahr. Der aktuelle Kalender ist eine Werkschau von Eberhard Schwarz, der in den 1980er-Jahren bereits dem Fotozirkel des Institutes unter der Leitung von Georg Drasch\u00e9 angeh\u00f6rte. Schwarz, der zu vielen Anl\u00e4ssen die Kamera dabei hat, dokumentiert auch regelm\u00e4\u00dfig das Paulinenauer Ortsbild. Einige der sch\u00f6nsten Aufnahmen enth\u00e4lt nun der Kalender.<\/p>\n<div id=\"attachment_414990\" style=\"width: 1010px\" class=\"wp-caption alignnone\"><a href=\"https:\/\/paulinenaue.info\/wp-content\/uploads\/2022\/12\/2022-12-02-Kalender-2023.jpeg\"><img decoding=\"async\" aria-describedby=\"caption-attachment-414990\" data-attachment-id=\"414990\" data-permalink=\"https:\/\/paulinenaue.info\/index.php\/paulinenaue-kalender-2023-erschienen\/2022-12-02-kalender-2023\/\" data-orig-file=\"https:\/\/paulinenaue.info\/wp-content\/uploads\/2022\/12\/2022-12-02-Kalender-2023.jpeg\" data-orig-size=\"1000,743\" data-comments-opened=\"1\" data-image-meta=\"{&quot;aperture&quot;:&quot;1.5&quot;,&quot;credit&quot;:&quot;&quot;,&quot;camera&quot;:&quot;iPhone 13 Pro&quot;,&quot;caption&quot;:&quot;&quot;,&quot;created_timestamp&quot;:&quot;1669990443&quot;,&quot;copyright&quot;:&quot;&quot;,&quot;focal_length&quot;:&quot;5.7&quot;,&quot;iso&quot;:&quot;125&quot;,&quot;shutter_speed&quot;:&quot;0.02&quot;,&quot;title&quot;:&quot;&quot;,&quot;orientation&quot;:&quot;0&quot;}\" data-image-title=\"2022-12-02, Kalender 2023\" data-image-description=\"\" data-image-caption=\"&lt;p&gt;Beim Autor hat er seinen Platz an der Wand bereits erhalten. Der vom Paulinenauer Kulturverein herausgegebene Kalender f\u00fcr das Jahr 2023. Foto: Eberhard Schwarz 2022. &lt;\/p&gt;\n\" data-large-file=\"https:\/\/paulinenaue.info\/wp-content\/uploads\/2022\/12\/2022-12-02-Kalender-2023.jpeg\" class=\"lazyload size-full wp-image-414990\" src=\"https:\/\/paulinenaue.info\/wp-content\/uploads\/2022\/12\/2022-12-02-Kalender-2023.jpeg\" data-orig-src=\"https:\/\/paulinenaue.info\/wp-content\/uploads\/2022\/12\/2022-12-02-Kalender-2023.jpeg\" alt=\"\" width=\"1000\" height=\"743\" srcset=\"data:image\/svg+xml,%3Csvg%20xmlns%3D%27http%3A%2F%2Fwww.w3.org%2F2000%2Fsvg%27%20width%3D%271000%27%20height%3D%27743%27%20viewBox%3D%270%200%201000%20743%27%3E%3Crect%20width%3D%271000%27%20height%3D%27743%27%20fill-opacity%3D%220%22%2F%3E%3C%2Fsvg%3E\" data-srcset=\"https:\/\/paulinenaue.info\/wp-content\/uploads\/2022\/12\/2022-12-02-Kalender-2023-200x149.jpeg 200w, https:\/\/paulinenaue.info\/wp-content\/uploads\/2022\/12\/2022-12-02-Kalender-2023-300x223.jpeg 300w, https:\/\/paulinenaue.info\/wp-content\/uploads\/2022\/12\/2022-12-02-Kalender-2023-400x297.jpeg 400w, https:\/\/paulinenaue.info\/wp-content\/uploads\/2022\/12\/2022-12-02-Kalender-2023-600x446.jpeg 600w, https:\/\/paulinenaue.info\/wp-content\/uploads\/2022\/12\/2022-12-02-Kalender-2023-768x571.jpeg 768w, https:\/\/paulinenaue.info\/wp-content\/uploads\/2022\/12\/2022-12-02-Kalender-2023-800x594.jpeg 800w, https:\/\/paulinenaue.info\/wp-content\/uploads\/2022\/12\/2022-12-02-Kalender-2023.jpeg 1000w\" data-sizes=\"auto\" data-orig-sizes=\"(max-width: 1000px) 100vw, 1000px\" \/><\/a><p id=\"caption-attachment-414990\" class=\"wp-caption-text\">Beim Fotographen selbst hat er seinen Platz an der Wand bereits erhalten: Der Kalender f\u00fcr das Jahr 2023. Er wurde wieder vom Paulinenauer Kulturverein herausgegeben. Foto: Eberhard Schwarz 2022.<\/p><\/div>\n<p>Sie k\u00f6nnen den Kalender zum Preis von 9,- \u20ac im Friseursalon Haarscharf (Br\u00e4dikower Weg 1) erwerben, oder ihn \u00fcber die E-Mail-Adresse <a href=\"mailto:kulturverein@paulinenaue.info\">kulturverein@paulinenaue.info<\/a> per Post erhalten (Preis dann 10,- \u20ac).<\/p>\n<p>Weitere Bezugsm\u00f6glichkeiten und einen \u00dcberblick \u00fcber die Motive <a href=\"https:\/\/paulinenaue.info\/wp-content\/uploads\/2022\/12\/Kalender.pdf\">entnehmen Sie bitte dem PDF.<\/a><\/p>\n","protected":false},"excerpt":{"rendered":"<p>Es gibt ihn wieder, den Fotokalender mit Paulinenauer Motiven f\u00fcr [&hellip;]<\/p>\n","protected":false},"author":1,"featured_media":414990,"comment_status":"open","ping_status":"open","sticky":false,"template":"","format":"standard","meta":{"_acf_changed":false,"_price":"","_stock":"","_tribe_ticket_header":"","_tribe_default_ticket_provider":"","_tribe_ticket_capacity":"0","_ticket_start_date":"","_ticket_end_date":"","_tribe_ticket_show_description":"","_tribe_ticket_show_not_going":false,"_tribe_ticket_use_global_stock":"","_tribe_ticket_global_stock_level":"","_global_stock_mode":"","_global_stock_cap":"","_tribe_rsvp_for_event":"","_tribe_ticket_going_count":"","_tribe_ticket_not_going_count":"","_tribe_tickets_list":"[]","_tribe_ticket_has_attendee_info_fields":false,"jetpack_post_was_ever_published":false,"_jetpack_newsletter_access":"","_jetpack_dont_email_post_to_subs":false,"_jetpack_newsletter_tier_id":0,"_jetpack_memberships_contains_paywalled_content":false,"_jetpack_memberships_contains_paid_content":false,"footnotes":"","jetpack_publicize_message":"","jetpack_publicize_feature_enabled":true,"jetpack_social_post_already_shared":true,"jetpack_social_options":{"image_generator_settings":{"template":"highway","default_image_id":0,"font":"","enabled":false},"version":2}},"categories":[1,6,47,9,10],"tags":[490,90,360],"class_list":["post-414989","post","type-post","status-publish","format-standard","has-post-thumbnail","hentry","category-allgemein","category-hier-zuhause","category-kulturverein","category-neuigkeiten","category-vereine","tag-490","tag-kalender","tag-paulinenaue-kalender"],"acf":[],"yoast_head":"<!-- This site is optimized with the Yoast SEO plugin v27.5 - https:\/\/yoast.com\/product\/yoast-seo-wordpress\/ -->\n<title>Paulinenaue-Kalender 2023 erschienen - Paulinenaue<\/title>\n<meta name=\"description\" content=\"Der Fotokalender mit Paulinenauer Motiven f\u00fcr das n\u00e4chste Jahr 2023 ist erschienen. Der aktuelle Kalender ist eine Werkschau von Eberhard Schwarz. In den 1980er-Jahren geh\u00f6rte er zum Fotozirkel von Georg Drasch\u00e9. Die Bilder zeigen aktuelle Motive.\" \/>\n<meta name=\"robots\" content=\"index, follow, max-snippet:-1, max-image-preview:large, max-video-preview:-1\" \/>\n<link rel=\"canonical\" href=\"https:\/\/paulinenaue.info\/index.php\/paulinenaue-kalender-2023-erschienen\/\" \/>\n<meta property=\"og:locale\" content=\"de_DE\" \/>\n<meta property=\"og:type\" content=\"article\" \/>\n<meta property=\"og:title\" content=\"Paulinenaue-Kalender 2023 erschienen - Paulinenaue\" \/>\n<meta property=\"og:description\" content=\"Der Fotokalender mit Paulinenauer Motiven f\u00fcr das n\u00e4chste Jahr 2023 ist erschienen. Der aktuelle Kalender ist eine Werkschau von Eberhard Schwarz. In den 1980er-Jahren geh\u00f6rte er zum Fotozirkel von Georg Drasch\u00e9. Die Bilder zeigen aktuelle Motive.\" \/>\n<meta property=\"og:url\" content=\"https:\/\/paulinenaue.info\/index.php\/paulinenaue-kalender-2023-erschienen\/\" \/>\n<meta property=\"og:site_name\" content=\"Paulinenaue\" \/>\n<meta property=\"article:published_time\" content=\"2022-12-02T22:34:07+00:00\" \/>\n<meta property=\"article:modified_time\" content=\"2022-12-02T22:37:46+00:00\" \/>\n<meta property=\"og:image\" content=\"https:\/\/paulinenaue.info\/wp-content\/uploads\/2022\/12\/2022-12-02-Kalender-2023.jpeg\" \/>\n\t<meta property=\"og:image:width\" content=\"1000\" \/>\n\t<meta property=\"og:image:height\" content=\"743\" \/>\n\t<meta property=\"og:image:type\" content=\"image\/jpeg\" \/>\n<meta name=\"author\" content=\"Joachim Scholz\" \/>\n<meta name=\"twitter:card\" content=\"summary_large_image\" \/>\n<meta name=\"twitter:label1\" content=\"Verfasst von\" \/>\n\t<meta name=\"twitter:data1\" content=\"Joachim Scholz\" \/>\n\t<meta name=\"twitter:label2\" content=\"Gesch\u00e4tzte Lesezeit\" \/>\n\t<meta name=\"twitter:data2\" content=\"1\u00a0Minute\" \/>\n<script type=\"application\/ld+json\" class=\"yoast-schema-graph\">{\"@context\":\"https:\\\/\\\/schema.org\",\"@graph\":[{\"@type\":\"Article\",\"@id\":\"https:\\\/\\\/paulinenaue.info\\\/index.php\\\/paulinenaue-kalender-2023-erschienen\\\/#article\",\"isPartOf\":{\"@id\":\"https:\\\/\\\/paulinenaue.info\\\/index.php\\\/paulinenaue-kalender-2023-erschienen\\\/\"},\"author\":{\"name\":\"Joachim Scholz\",\"@id\":\"https:\\\/\\\/paulinenaue.info\\\/#\\\/schema\\\/person\\\/3f9e818fd7b69b0d2bd937ac506897cc\"},\"headline\":\"Paulinenaue-Kalender 2023 erschienen\",\"datePublished\":\"2022-12-02T22:34:07+00:00\",\"dateModified\":\"2022-12-02T22:37:46+00:00\",\"mainEntityOfPage\":{\"@id\":\"https:\\\/\\\/paulinenaue.info\\\/index.php\\\/paulinenaue-kalender-2023-erschienen\\\/\"},\"wordCount\":149,\"commentCount\":0,\"image\":{\"@id\":\"https:\\\/\\\/paulinenaue.info\\\/index.php\\\/paulinenaue-kalender-2023-erschienen\\\/#primaryimage\"},\"thumbnailUrl\":\"https:\\\/\\\/paulinenaue.info\\\/wp-content\\\/uploads\\\/2022\\\/12\\\/2022-12-02-Kalender-2023.jpeg\",\"keywords\":[\"2023\",\"Kalender\",\"Paulinenaue-Kalender\"],\"articleSection\":{\"1\":\"Hier Zuhause\",\"2\":\"Kulturverein\",\"3\":\"Neuigkeiten\",\"4\":\"Vereine\"},\"inLanguage\":\"de\",\"potentialAction\":[{\"@type\":\"CommentAction\",\"name\":\"Comment\",\"target\":[\"https:\\\/\\\/paulinenaue.info\\\/index.php\\\/paulinenaue-kalender-2023-erschienen\\\/#respond\"]}]},{\"@type\":\"WebPage\",\"@id\":\"https:\\\/\\\/paulinenaue.info\\\/index.php\\\/paulinenaue-kalender-2023-erschienen\\\/\",\"url\":\"https:\\\/\\\/paulinenaue.info\\\/index.php\\\/paulinenaue-kalender-2023-erschienen\\\/\",\"name\":\"Paulinenaue-Kalender 2023 erschienen - Paulinenaue\",\"isPartOf\":{\"@id\":\"https:\\\/\\\/paulinenaue.info\\\/#website\"},\"primaryImageOfPage\":{\"@id\":\"https:\\\/\\\/paulinenaue.info\\\/index.php\\\/paulinenaue-kalender-2023-erschienen\\\/#primaryimage\"},\"image\":{\"@id\":\"https:\\\/\\\/paulinenaue.info\\\/index.php\\\/paulinenaue-kalender-2023-erschienen\\\/#primaryimage\"},\"thumbnailUrl\":\"https:\\\/\\\/paulinenaue.info\\\/wp-content\\\/uploads\\\/2022\\\/12\\\/2022-12-02-Kalender-2023.jpeg\",\"datePublished\":\"2022-12-02T22:34:07+00:00\",\"dateModified\":\"2022-12-02T22:37:46+00:00\",\"author\":{\"@id\":\"https:\\\/\\\/paulinenaue.info\\\/#\\\/schema\\\/person\\\/3f9e818fd7b69b0d2bd937ac506897cc\"},\"description\":\"Der Fotokalender mit Paulinenauer Motiven f\u00fcr das n\u00e4chste Jahr 2023 ist erschienen. Der aktuelle Kalender ist eine Werkschau von Eberhard Schwarz. In den 1980er-Jahren geh\u00f6rte er zum Fotozirkel von Georg Drasch\u00e9. Die Bilder zeigen aktuelle Motive.\",\"breadcrumb\":{\"@id\":\"https:\\\/\\\/paulinenaue.info\\\/index.php\\\/paulinenaue-kalender-2023-erschienen\\\/#breadcrumb\"},\"inLanguage\":\"de\",\"potentialAction\":[{\"@type\":\"ReadAction\",\"target\":[\"https:\\\/\\\/paulinenaue.info\\\/index.php\\\/paulinenaue-kalender-2023-erschienen\\\/\"]}]},{\"@type\":\"ImageObject\",\"inLanguage\":\"de\",\"@id\":\"https:\\\/\\\/paulinenaue.info\\\/index.php\\\/paulinenaue-kalender-2023-erschienen\\\/#primaryimage\",\"url\":\"https:\\\/\\\/paulinenaue.info\\\/wp-content\\\/uploads\\\/2022\\\/12\\\/2022-12-02-Kalender-2023.jpeg\",\"contentUrl\":\"https:\\\/\\\/paulinenaue.info\\\/wp-content\\\/uploads\\\/2022\\\/12\\\/2022-12-02-Kalender-2023.jpeg\",\"width\":1000,\"height\":743,\"caption\":\"Beim Autor hat er seinen Platz an der Wand bereits erhalten. Der vom Paulinenauer Kulturverein herausgegebene Kalender f\u00fcr das Jahr 2023. Foto: Eberhard Schwarz 2022.\"},{\"@type\":\"BreadcrumbList\",\"@id\":\"https:\\\/\\\/paulinenaue.info\\\/index.php\\\/paulinenaue-kalender-2023-erschienen\\\/#breadcrumb\",\"itemListElement\":[{\"@type\":\"ListItem\",\"position\":1,\"name\":\"Home\",\"item\":\"https:\\\/\\\/paulinenaue.info\\\/\"},{\"@type\":\"ListItem\",\"position\":2,\"name\":\"Paulinenaue-Kalender 2023 erschienen\"}]},{\"@type\":\"WebSite\",\"@id\":\"https:\\\/\\\/paulinenaue.info\\\/#website\",\"url\":\"https:\\\/\\\/paulinenaue.info\\\/\",\"name\":\"Paulinenaue\",\"description\":\"Ein Dorf im Havelland\",\"potentialAction\":[{\"@type\":\"SearchAction\",\"target\":{\"@type\":\"EntryPoint\",\"urlTemplate\":\"https:\\\/\\\/paulinenaue.info\\\/?s={search_term_string}\"},\"query-input\":{\"@type\":\"PropertyValueSpecification\",\"valueRequired\":true,\"valueName\":\"search_term_string\"}}],\"inLanguage\":\"de\"},{\"@type\":\"Person\",\"@id\":\"https:\\\/\\\/paulinenaue.info\\\/#\\\/schema\\\/person\\\/3f9e818fd7b69b0d2bd937ac506897cc\",\"name\":\"Joachim Scholz\",\"url\":\"https:\\\/\\\/paulinenaue.info\\\/index.php\\\/author\\\/jjscholz\\\/\"}]}<\/script>\n<!-- \/ Yoast SEO plugin. -->","yoast_head_json":{"title":"Paulinenaue-Kalender 2023 erschienen - Paulinenaue","description":"Der Fotokalender mit Paulinenauer Motiven f\u00fcr das n\u00e4chste Jahr 2023 ist erschienen. Der aktuelle Kalender ist eine Werkschau von Eberhard Schwarz. In den 1980er-Jahren geh\u00f6rte er zum Fotozirkel von Georg Drasch\u00e9. Die Bilder zeigen aktuelle Motive.","robots":{"index":"index","follow":"follow","max-snippet":"max-snippet:-1","max-image-preview":"max-image-preview:large","max-video-preview":"max-video-preview:-1"},"canonical":"https:\/\/paulinenaue.info\/index.php\/paulinenaue-kalender-2023-erschienen\/","og_locale":"de_DE","og_type":"article","og_title":"Paulinenaue-Kalender 2023 erschienen - Paulinenaue","og_description":"Der Fotokalender mit Paulinenauer Motiven f\u00fcr das n\u00e4chste Jahr 2023 ist erschienen. Der aktuelle Kalender ist eine Werkschau von Eberhard Schwarz. In den 1980er-Jahren geh\u00f6rte er zum Fotozirkel von Georg Drasch\u00e9. Die Bilder zeigen aktuelle Motive.","og_url":"https:\/\/paulinenaue.info\/index.php\/paulinenaue-kalender-2023-erschienen\/","og_site_name":"Paulinenaue","article_published_time":"2022-12-02T22:34:07+00:00","article_modified_time":"2022-12-02T22:37:46+00:00","og_image":[{"width":1000,"height":743,"url":"https:\/\/paulinenaue.info\/wp-content\/uploads\/2022\/12\/2022-12-02-Kalender-2023.jpeg","type":"image\/jpeg"}],"author":"Joachim Scholz","twitter_card":"summary_large_image","twitter_misc":{"Verfasst von":"Joachim Scholz","Gesch\u00e4tzte Lesezeit":"1\u00a0Minute"},"schema":{"@context":"https:\/\/schema.org","@graph":[{"@type":"Article","@id":"https:\/\/paulinenaue.info\/index.php\/paulinenaue-kalender-2023-erschienen\/#article","isPartOf":{"@id":"https:\/\/paulinenaue.info\/index.php\/paulinenaue-kalender-2023-erschienen\/"},"author":{"name":"Joachim Scholz","@id":"https:\/\/paulinenaue.info\/#\/schema\/person\/3f9e818fd7b69b0d2bd937ac506897cc"},"headline":"Paulinenaue-Kalender 2023 erschienen","datePublished":"2022-12-02T22:34:07+00:00","dateModified":"2022-12-02T22:37:46+00:00","mainEntityOfPage":{"@id":"https:\/\/paulinenaue.info\/index.php\/paulinenaue-kalender-2023-erschienen\/"},"wordCount":149,"commentCount":0,"image":{"@id":"https:\/\/paulinenaue.info\/index.php\/paulinenaue-kalender-2023-erschienen\/#primaryimage"},"thumbnailUrl":"https:\/\/paulinenaue.info\/wp-content\/uploads\/2022\/12\/2022-12-02-Kalender-2023.jpeg","keywords":["2023","Kalender","Paulinenaue-Kalender"],"articleSection":{"1":"Hier Zuhause","2":"Kulturverein","3":"Neuigkeiten","4":"Vereine"},"inLanguage":"de","potentialAction":[{"@type":"CommentAction","name":"Comment","target":["https:\/\/paulinenaue.info\/index.php\/paulinenaue-kalender-2023-erschienen\/#respond"]}]},{"@type":"WebPage","@id":"https:\/\/paulinenaue.info\/index.php\/paulinenaue-kalender-2023-erschienen\/","url":"https:\/\/paulinenaue.info\/index.php\/paulinenaue-kalender-2023-erschienen\/","name":"Paulinenaue-Kalender 2023 erschienen - Paulinenaue","isPartOf":{"@id":"https:\/\/paulinenaue.info\/#website"},"primaryImageOfPage":{"@id":"https:\/\/paulinenaue.info\/index.php\/paulinenaue-kalender-2023-erschienen\/#primaryimage"},"image":{"@id":"https:\/\/paulinenaue.info\/index.php\/paulinenaue-kalender-2023-erschienen\/#primaryimage"},"thumbnailUrl":"https:\/\/paulinenaue.info\/wp-content\/uploads\/2022\/12\/2022-12-02-Kalender-2023.jpeg","datePublished":"2022-12-02T22:34:07+00:00","dateModified":"2022-12-02T22:37:46+00:00","author":{"@id":"https:\/\/paulinenaue.info\/#\/schema\/person\/3f9e818fd7b69b0d2bd937ac506897cc"},"description":"Der Fotokalender mit Paulinenauer Motiven f\u00fcr das n\u00e4chste Jahr 2023 ist erschienen. Der aktuelle Kalender ist eine Werkschau von Eberhard Schwarz. In den 1980er-Jahren geh\u00f6rte er zum Fotozirkel von Georg Drasch\u00e9. Die Bilder zeigen aktuelle Motive.","breadcrumb":{"@id":"https:\/\/paulinenaue.info\/index.php\/paulinenaue-kalender-2023-erschienen\/#breadcrumb"},"inLanguage":"de","potentialAction":[{"@type":"ReadAction","target":["https:\/\/paulinenaue.info\/index.php\/paulinenaue-kalender-2023-erschienen\/"]}]},{"@type":"ImageObject","inLanguage":"de","@id":"https:\/\/paulinenaue.info\/index.php\/paulinenaue-kalender-2023-erschienen\/#primaryimage","url":"https:\/\/paulinenaue.info\/wp-content\/uploads\/2022\/12\/2022-12-02-Kalender-2023.jpeg","contentUrl":"https:\/\/paulinenaue.info\/wp-content\/uploads\/2022\/12\/2022-12-02-Kalender-2023.jpeg","width":1000,"height":743,"caption":"Beim Autor hat er seinen Platz an der Wand bereits erhalten. Der vom Paulinenauer Kulturverein herausgegebene Kalender f\u00fcr das Jahr 2023. Foto: Eberhard Schwarz 2022."},{"@type":"BreadcrumbList","@id":"https:\/\/paulinenaue.info\/index.php\/paulinenaue-kalender-2023-erschienen\/#breadcrumb","itemListElement":[{"@type":"ListItem","position":1,"name":"Home","item":"https:\/\/paulinenaue.info\/"},{"@type":"ListItem","position":2,"name":"Paulinenaue-Kalender 2023 erschienen"}]},{"@type":"WebSite","@id":"https:\/\/paulinenaue.info\/#website","url":"https:\/\/paulinenaue.info\/","name":"Paulinenaue","description":"Ein Dorf im Havelland","potentialAction":[{"@type":"SearchAction","target":{"@type":"EntryPoint","urlTemplate":"https:\/\/paulinenaue.info\/?s={search_term_string}"},"query-input":{"@type":"PropertyValueSpecification","valueRequired":true,"valueName":"search_term_string"}}],"inLanguage":"de"},{"@type":"Person","@id":"https:\/\/paulinenaue.info\/#\/schema\/person\/3f9e818fd7b69b0d2bd937ac506897cc","name":"Joachim Scholz","url":"https:\/\/paulinenaue.info\/index.php\/author\/jjscholz\/"}]}},"jetpack_publicize_connections":[],"jetpack_featured_media_url":"https:\/\/paulinenaue.info\/wp-content\/uploads\/2022\/12\/2022-12-02-Kalender-2023.jpeg","jetpack_sharing_enabled":true,"jetpack_shortlink":"https:\/\/wp.me\/pcYhWA-1JXn","jetpack-related-posts":[{"id":414966,"url":"https:\/\/paulinenaue.info\/index.php\/wieder-weihnachtsmarkt-in-paulinenaue\/","url_meta":{"origin":414989,"position":0},"title":"Wieder Weihnachtsmarkt in Paulinenaue","author":"Joachim Scholz","date":"27. November 2022","format":false,"excerpt":"Nach zwei Jahren Coronapause war am Samstag vor dem Ersten Advent 2022 wieder Weihnachtsmarkt in Paulinenaue. Und es war ein sch\u00f6ner, ein fast formvollendeter Weihnachtsmarkt. So h\u00f6rte man es von vielen Seiten. Und wohin man blickte, Leute im Gespr\u00e4ch, vertraute Gesichter, manche extra angereist f\u00fcr ein Wiedersehen. St\u00e4nde lockten mit\u2026","rel":"","context":"In &quot;Allgemein&quot;","block_context":{"text":"Allgemein","link":"https:\/\/paulinenaue.info\/index.php\/category\/allgemein\/"},"img":{"alt_text":"","src":"https:\/\/i0.wp.com\/paulinenaue.info\/wp-content\/uploads\/2022\/11\/2022-11-26-Weihnachtsmarkt-11.jpeg?resize=350%2C200&ssl=1","width":350,"height":200,"srcset":"https:\/\/i0.wp.com\/paulinenaue.info\/wp-content\/uploads\/2022\/11\/2022-11-26-Weihnachtsmarkt-11.jpeg?resize=350%2C200&ssl=1 1x, https:\/\/i0.wp.com\/paulinenaue.info\/wp-content\/uploads\/2022\/11\/2022-11-26-Weihnachtsmarkt-11.jpeg?resize=525%2C300&ssl=1 1.5x, https:\/\/i0.wp.com\/paulinenaue.info\/wp-content\/uploads\/2022\/11\/2022-11-26-Weihnachtsmarkt-11.jpeg?resize=700%2C400&ssl=1 2x"},"classes":[]},{"id":415004,"url":"https:\/\/paulinenaue.info\/index.php\/winterliches-paulinenaue-2022\/","url_meta":{"origin":414989,"position":1},"title":"Winterliches Paulinenaue 2022","author":"Joachim Scholz","date":"17. Dezember 2022","format":false,"excerpt":"Paulinenaue zeigt sich kurz vor den Weihnachtstagen in winterlicher Pracht und Sch\u00f6nheit. Eberhard Schwarz hat diese besondere Stimmung auf einem Wochenend-Spaziergang eingefangen. Es sind Bilder, die Vorfreude auf wei\u00dfe Weihnachten machen. Von Eberhard ist aktuell auch der Paulinenaue-Kalender f\u00fcr das neue Jahr 2023 erh\u00e4ltlich. Ein perfektes Weihnachtsgeschenk f\u00fcr Kurzentschlossene! \u00a0\u2026","rel":"","context":"In &quot;Hier Zuhause&quot;","block_context":{"text":"Hier Zuhause","link":"https:\/\/paulinenaue.info\/index.php\/category\/hier-zuhause\/"},"img":{"alt_text":"","src":"https:\/\/i0.wp.com\/paulinenaue.info\/wp-content\/uploads\/2022\/12\/2022-10-17-Paulinenaue-im-Winter-Bienenhaus-ES.jpg?resize=350%2C200&ssl=1","width":350,"height":200,"srcset":"https:\/\/i0.wp.com\/paulinenaue.info\/wp-content\/uploads\/2022\/12\/2022-10-17-Paulinenaue-im-Winter-Bienenhaus-ES.jpg?resize=350%2C200&ssl=1 1x, https:\/\/i0.wp.com\/paulinenaue.info\/wp-content\/uploads\/2022\/12\/2022-10-17-Paulinenaue-im-Winter-Bienenhaus-ES.jpg?resize=525%2C300&ssl=1 1.5x, https:\/\/i0.wp.com\/paulinenaue.info\/wp-content\/uploads\/2022\/12\/2022-10-17-Paulinenaue-im-Winter-Bienenhaus-ES.jpg?resize=700%2C400&ssl=1 2x"},"classes":[]},{"id":415469,"url":"https:\/\/paulinenaue.info\/index.php\/winterlicher-weihnachtsmarkt-2023\/","url_meta":{"origin":414989,"position":2},"title":"Winterlicher Weihnachtsmarkt 2023","author":"Joachim Scholz","date":"3. Dezember 2023","format":false,"excerpt":"Den Beginn der Weihnachtszeit erlebt jeder individuell. Auch wenn man die Zeit vielleicht noch nicht f\u00fcr gekommen h\u00e4lt, an einem Punkt ist es schlie\u00dflich so weit. F\u00fcr mich ist das nun schon seit ein paar Jahren der Augenblick, wo ich dicht neben B\u00fcrgermeister Arne Breder stehe und mit ihm zusammen\u2026","rel":"","context":"In &quot;Allgemein&quot;","block_context":{"text":"Allgemein","link":"https:\/\/paulinenaue.info\/index.php\/category\/allgemein\/"},"img":{"alt_text":"","src":"https:\/\/i0.wp.com\/paulinenaue.info\/wp-content\/uploads\/2023\/12\/2023-12-01-Weihnachtsmarkt-00.jpeg?resize=350%2C200&ssl=1","width":350,"height":200,"srcset":"https:\/\/i0.wp.com\/paulinenaue.info\/wp-content\/uploads\/2023\/12\/2023-12-01-Weihnachtsmarkt-00.jpeg?resize=350%2C200&ssl=1 1x, https:\/\/i0.wp.com\/paulinenaue.info\/wp-content\/uploads\/2023\/12\/2023-12-01-Weihnachtsmarkt-00.jpeg?resize=525%2C300&ssl=1 1.5x, https:\/\/i0.wp.com\/paulinenaue.info\/wp-content\/uploads\/2023\/12\/2023-12-01-Weihnachtsmarkt-00.jpeg?resize=700%2C400&ssl=1 2x"},"classes":[]},{"id":416956,"url":"https:\/\/paulinenaue.info\/index.php\/von-bank-zu-bank-im-havelland\/","url_meta":{"origin":414989,"position":3},"title":"\u201eVon Bank zu Bank im Havelland\u201c","author":"Sarah","date":"29. November 2024","format":false,"excerpt":"B\u00e4nke, Tisch und Waldkauz - Holzkunstwerk vor der Schule Text: Eckhard Vierjahn Beitragsbild: Eckhard Vierjahn Als am Sonnabend, den 23. November 2024, Gerg\u00f6 Schmidt kurz vor 09:00 Uhr mit einem voll beladenen PKW-Anh\u00e4nger an der Schule hielt, konnte man nur erahnen, was in einigen Stunden vor der Schule aufgebaut sein\u2026","rel":"","context":"In &quot;Allgemein&quot;","block_context":{"text":"Allgemein","link":"https:\/\/paulinenaue.info\/index.php\/category\/allgemein\/"},"img":{"alt_text":"","src":"https:\/\/i0.wp.com\/paulinenaue.info\/wp-content\/uploads\/2024\/11\/Baenke-und-Tisch-nach-Fertigstellung.jpg?resize=350%2C200&ssl=1","width":350,"height":200,"srcset":"https:\/\/i0.wp.com\/paulinenaue.info\/wp-content\/uploads\/2024\/11\/Baenke-und-Tisch-nach-Fertigstellung.jpg?resize=350%2C200&ssl=1 1x, https:\/\/i0.wp.com\/paulinenaue.info\/wp-content\/uploads\/2024\/11\/Baenke-und-Tisch-nach-Fertigstellung.jpg?resize=525%2C300&ssl=1 1.5x, https:\/\/i0.wp.com\/paulinenaue.info\/wp-content\/uploads\/2024\/11\/Baenke-und-Tisch-nach-Fertigstellung.jpg?resize=700%2C400&ssl=1 2x, https:\/\/i0.wp.com\/paulinenaue.info\/wp-content\/uploads\/2024\/11\/Baenke-und-Tisch-nach-Fertigstellung.jpg?resize=1050%2C600&ssl=1 3x, https:\/\/i0.wp.com\/paulinenaue.info\/wp-content\/uploads\/2024\/11\/Baenke-und-Tisch-nach-Fertigstellung.jpg?resize=1400%2C800&ssl=1 4x"},"classes":[]},{"id":416948,"url":"https:\/\/paulinenaue.info\/index.php\/100-jahre-gemeinde-paulinenaue\/","url_meta":{"origin":414989,"position":4},"title":"100 Jahre Gemeinde Paulinenaue","author":"Sarah","date":"17. November 2024","format":false,"excerpt":"Text: Eckhard Vierjahn Ein Blick in die Vergangenheit, Gegenwart und Zukunft Wer wusste schon, dass Paulinenaue und Bergerdamm bis 1924 zu einem gemeinsamen Gutsbezirk geh\u00f6rten? Das und noch viel mehr \u00fcber die Geschichte von Paulinenaue, das 1833 seinen Namen bekam und urkundlich erstmals 1390 als Gemarkung erw\u00e4hnt wurde, konnte man\u2026","rel":"","context":"In &quot;Allgemein&quot;","block_context":{"text":"Allgemein","link":"https:\/\/paulinenaue.info\/index.php\/category\/allgemein\/"},"img":{"alt_text":"","src":"https:\/\/i0.wp.com\/paulinenaue.info\/wp-content\/uploads\/2024\/11\/Publikum-Jubilaeumsfeier.jpg?resize=350%2C200&ssl=1","width":350,"height":200,"srcset":"https:\/\/i0.wp.com\/paulinenaue.info\/wp-content\/uploads\/2024\/11\/Publikum-Jubilaeumsfeier.jpg?resize=350%2C200&ssl=1 1x, https:\/\/i0.wp.com\/paulinenaue.info\/wp-content\/uploads\/2024\/11\/Publikum-Jubilaeumsfeier.jpg?resize=525%2C300&ssl=1 1.5x, https:\/\/i0.wp.com\/paulinenaue.info\/wp-content\/uploads\/2024\/11\/Publikum-Jubilaeumsfeier.jpg?resize=700%2C400&ssl=1 2x"},"classes":[]},{"id":182,"url":"https:\/\/paulinenaue.info\/index.php\/der-paulinenauer-weihnachtsmarkt-in-diesem-jahr\/","url_meta":{"origin":414989,"position":5},"title":"Der Paulinenauer Weihnachtsmarkt in diesem Jahr","author":"Joachim Scholz","date":"22. M\u00e4rz 2016","format":false,"excerpt":"Joachim Scholz 28.11.2010. Eine feine Reifschicht bedeckte das Kirchengel\u00e4nde, als allen Terrorwarnungen im Lande zum Trotz viele Paulinenauer am Samstag vor dem ersten Advent auf den belebten Weihnachtsmarkt str\u00f6mten. Vor f\u00fcnf Jahren hatte der Kulturverein den Markt ins Leben gerufen, den seither die Vereine des Ortes und die Kirchengemeinde ohne\u2026","rel":"","context":"In &quot;Kulturverein&quot;","block_context":{"text":"Kulturverein","link":"https:\/\/paulinenaue.info\/index.php\/category\/kulturverein\/"},"img":{"alt_text":"","src":"https:\/\/i0.wp.com\/paulinenaue.info\/wp-content\/uploads\/2016\/03\/20101127_weihnachtsmarkt_03.jpg?resize=350%2C200&ssl=1","width":350,"height":200},"classes":[]}],"_links":{"self":[{"href":"https:\/\/paulinenaue.info\/index.php\/wp-json\/wp\/v2\/posts\/414989","targetHints":{"allow":["GET"]}}],"collection":[{"href":"https:\/\/paulinenaue.info\/index.php\/wp-json\/wp\/v2\/posts"}],"about":[{"href":"https:\/\/paulinenaue.info\/index.php\/wp-json\/wp\/v2\/types\/post"}],"author":[{"embeddable":true,"href":"https:\/\/paulinenaue.info\/index.php\/wp-json\/wp\/v2\/users\/1"}],"replies":[{"embeddable":true,"href":"https:\/\/paulinenaue.info\/index.php\/wp-json\/wp\/v2\/comments?post=414989"}],"version-history":[{"count":6,"href":"https:\/\/paulinenaue.info\/index.php\/wp-json\/wp\/v2\/posts\/414989\/revisions"}],"predecessor-version":[{"id":414997,"href":"https:\/\/paulinenaue.info\/index.php\/wp-json\/wp\/v2\/posts\/414989\/revisions\/414997"}],"wp:featuredmedia":[{"embeddable":true,"href":"https:\/\/paulinenaue.info\/index.php\/wp-json\/wp\/v2\/media\/414990"}],"wp:attachment":[{"href":"https:\/\/paulinenaue.info\/index.php\/wp-json\/wp\/v2\/media?parent=414989"}],"wp:term":[{"taxonomy":"category","embeddable":true,"href":"https:\/\/paulinenaue.info\/index.php\/wp-json\/wp\/v2\/categories?post=414989"},{"taxonomy":"post_tag","embeddable":true,"href":"https:\/\/paulinenaue.info\/index.php\/wp-json\/wp\/v2\/tags?post=414989"}],"curies":[{"name":"wp","href":"https:\/\/api.w.org\/{rel}","templated":true}]}}