{"id":415004,"date":"2022-12-17T15:36:44","date_gmt":"2022-12-17T14:36:44","guid":{"rendered":"https:\/\/paulinenaue.info\/?p=415004"},"modified":"2022-12-17T15:38:49","modified_gmt":"2022-12-17T14:38:49","slug":"winterliches-paulinenaue-2022","status":"publish","type":"post","link":"https:\/\/paulinenaue.info\/index.php\/winterliches-paulinenaue-2022\/","title":{"rendered":"Winterliches Paulinenaue 2022"},"content":{"rendered":"<p>Paulinenaue zeigt sich kurz vor den Weihnachtstagen in winterlicher Pracht und Sch\u00f6nheit. Eberhard Schwarz hat diese besondere Stimmung auf einem Wochenend-Spaziergang eingefangen. Es sind Bilder, die Vorfreude auf wei\u00dfe Weihnachten machen. Von Eberhard ist aktuell auch der <a href=\"https:\/\/paulinenaue.info\/index.php\/paulinenaue-kalender-2023-erschienen\/\">Paulinenaue-Kalender f\u00fcr das neue Jahr 2023<\/a> erh\u00e4ltlich. Ein perfektes Weihnachtsgeschenk f\u00fcr Kurzentschlossene!<\/p>\n<div id=\"attachment_415012\" style=\"width: 810px\" class=\"wp-caption alignnone\"><a href=\"https:\/\/paulinenaue.info\/wp-content\/uploads\/2022\/12\/2022-10-17-Unter-den-Eichen.jpg\"><img decoding=\"async\" aria-describedby=\"caption-attachment-415012\" data-attachment-id=\"415012\" data-permalink=\"https:\/\/paulinenaue.info\/index.php\/winterliches-paulinenaue-2022\/2022-10-17-unter-den-eichen\/\" data-orig-file=\"https:\/\/paulinenaue.info\/wp-content\/uploads\/2022\/12\/2022-10-17-Unter-den-Eichen.jpg\" data-orig-size=\"1000,563\" data-comments-opened=\"1\" data-image-meta=\"{&quot;aperture&quot;:&quot;1.5&quot;,&quot;credit&quot;:&quot;&quot;,&quot;camera&quot;:&quot;iPhone 13 Pro&quot;,&quot;caption&quot;:&quot;&quot;,&quot;created_timestamp&quot;:&quot;1670841569&quot;,&quot;copyright&quot;:&quot;&quot;,&quot;focal_length&quot;:&quot;5.7&quot;,&quot;iso&quot;:&quot;50&quot;,&quot;shutter_speed&quot;:&quot;0.00026001040041602&quot;,&quot;title&quot;:&quot;&quot;,&quot;orientation&quot;:&quot;1&quot;}\" data-image-title=\"2022-10-17, Unter den Eichen\" data-image-description=\"\" data-image-caption=\"&lt;p&gt;Paulinenaue, Winterstimmung Unter den Eichen. Foto: Eberhard Schwarz, 2022&lt;\/p&gt;\n\" data-large-file=\"https:\/\/paulinenaue.info\/wp-content\/uploads\/2022\/12\/2022-10-17-Unter-den-Eichen.jpg\" class=\"lazyload wp-image-415012 size-fusion-800\" src=\"https:\/\/paulinenaue.info\/wp-content\/uploads\/2022\/12\/2022-10-17-Unter-den-Eichen-800x450.jpg\" data-orig-src=\"https:\/\/paulinenaue.info\/wp-content\/uploads\/2022\/12\/2022-10-17-Unter-den-Eichen-800x450.jpg\" alt=\"\" width=\"800\" height=\"450\" srcset=\"data:image\/svg+xml,%3Csvg%20xmlns%3D%27http%3A%2F%2Fwww.w3.org%2F2000%2Fsvg%27%20width%3D%27800%27%20height%3D%27450%27%20viewBox%3D%270%200%20800%20450%27%3E%3Crect%20width%3D%27800%27%20height%3D%27450%27%20fill-opacity%3D%220%22%2F%3E%3C%2Fsvg%3E\" data-srcset=\"https:\/\/paulinenaue.info\/wp-content\/uploads\/2022\/12\/2022-10-17-Unter-den-Eichen-200x113.jpg 200w, https:\/\/paulinenaue.info\/wp-content\/uploads\/2022\/12\/2022-10-17-Unter-den-Eichen-300x169.jpg 300w, https:\/\/paulinenaue.info\/wp-content\/uploads\/2022\/12\/2022-10-17-Unter-den-Eichen-400x225.jpg 400w, https:\/\/paulinenaue.info\/wp-content\/uploads\/2022\/12\/2022-10-17-Unter-den-Eichen-600x338.jpg 600w, https:\/\/paulinenaue.info\/wp-content\/uploads\/2022\/12\/2022-10-17-Unter-den-Eichen-768x432.jpg 768w, https:\/\/paulinenaue.info\/wp-content\/uploads\/2022\/12\/2022-10-17-Unter-den-Eichen-800x450.jpg 800w, https:\/\/paulinenaue.info\/wp-content\/uploads\/2022\/12\/2022-10-17-Unter-den-Eichen.jpg 1000w\" data-sizes=\"auto\" data-orig-sizes=\"(max-width: 800px) 100vw, 800px\" \/><\/a><p id=\"caption-attachment-415012\" class=\"wp-caption-text\">Paulinenaue, Winterstimmung Unter den Eichen. Foto: Eberhard Schwarz, 2022<\/p><\/div>\n<p>&nbsp;<\/p>\n<div id=\"attachment_415005\" style=\"width: 810px\" class=\"wp-caption alignnone\"><a href=\"https:\/\/paulinenaue.info\/wp-content\/uploads\/2022\/12\/2022-10-17-Paulinenaue-im-Winter-Netz-ES.jpg\"><img decoding=\"async\" aria-describedby=\"caption-attachment-415005\" data-attachment-id=\"415005\" data-permalink=\"https:\/\/paulinenaue.info\/index.php\/winterliches-paulinenaue-2022\/2022-10-17-paulinenaue-im-winter-netz-es\/\" data-orig-file=\"https:\/\/paulinenaue.info\/wp-content\/uploads\/2022\/12\/2022-10-17-Paulinenaue-im-Winter-Netz-ES.jpg\" data-orig-size=\"1000,563\" data-comments-opened=\"1\" data-image-meta=\"{&quot;aperture&quot;:&quot;1.5&quot;,&quot;credit&quot;:&quot;&quot;,&quot;camera&quot;:&quot;iPhone 13 Pro&quot;,&quot;caption&quot;:&quot;&quot;,&quot;created_timestamp&quot;:&quot;1671102755&quot;,&quot;copyright&quot;:&quot;&quot;,&quot;focal_length&quot;:&quot;5.7&quot;,&quot;iso&quot;:&quot;50&quot;,&quot;shutter_speed&quot;:&quot;0.0001880052641474&quot;,&quot;title&quot;:&quot;&quot;,&quot;orientation&quot;:&quot;1&quot;}\" data-image-title=\"2022-10-17, Paulinenaue im Winter Netz, ES\" data-image-description=\"\" data-image-caption=\"&lt;p&gt;Winterzauber. Foto: Eberhard Schwarz, 2022&lt;\/p&gt;\n\" data-large-file=\"https:\/\/paulinenaue.info\/wp-content\/uploads\/2022\/12\/2022-10-17-Paulinenaue-im-Winter-Netz-ES.jpg\" class=\"lazyload wp-image-415005 size-fusion-800\" src=\"https:\/\/paulinenaue.info\/wp-content\/uploads\/2022\/12\/2022-10-17-Paulinenaue-im-Winter-Netz-ES-800x450.jpg\" data-orig-src=\"https:\/\/paulinenaue.info\/wp-content\/uploads\/2022\/12\/2022-10-17-Paulinenaue-im-Winter-Netz-ES-800x450.jpg\" alt=\"\" width=\"800\" height=\"450\" srcset=\"data:image\/svg+xml,%3Csvg%20xmlns%3D%27http%3A%2F%2Fwww.w3.org%2F2000%2Fsvg%27%20width%3D%27800%27%20height%3D%27450%27%20viewBox%3D%270%200%20800%20450%27%3E%3Crect%20width%3D%27800%27%20height%3D%27450%27%20fill-opacity%3D%220%22%2F%3E%3C%2Fsvg%3E\" data-srcset=\"https:\/\/paulinenaue.info\/wp-content\/uploads\/2022\/12\/2022-10-17-Paulinenaue-im-Winter-Netz-ES-200x113.jpg 200w, https:\/\/paulinenaue.info\/wp-content\/uploads\/2022\/12\/2022-10-17-Paulinenaue-im-Winter-Netz-ES-300x169.jpg 300w, https:\/\/paulinenaue.info\/wp-content\/uploads\/2022\/12\/2022-10-17-Paulinenaue-im-Winter-Netz-ES-400x225.jpg 400w, https:\/\/paulinenaue.info\/wp-content\/uploads\/2022\/12\/2022-10-17-Paulinenaue-im-Winter-Netz-ES-600x338.jpg 600w, https:\/\/paulinenaue.info\/wp-content\/uploads\/2022\/12\/2022-10-17-Paulinenaue-im-Winter-Netz-ES-768x432.jpg 768w, https:\/\/paulinenaue.info\/wp-content\/uploads\/2022\/12\/2022-10-17-Paulinenaue-im-Winter-Netz-ES-800x450.jpg 800w, https:\/\/paulinenaue.info\/wp-content\/uploads\/2022\/12\/2022-10-17-Paulinenaue-im-Winter-Netz-ES.jpg 1000w\" data-sizes=\"auto\" data-orig-sizes=\"(max-width: 800px) 100vw, 800px\" \/><\/a><p id=\"caption-attachment-415005\" class=\"wp-caption-text\">Winterzauber. Foto: Eberhard Schwarz, 2022<\/p><\/div>\n<p>&nbsp;<\/p>\n<div id=\"attachment_415008\" style=\"width: 810px\" class=\"wp-caption alignnone\"><a href=\"https:\/\/paulinenaue.info\/wp-content\/uploads\/2022\/12\/2022-10-17-Paulinenaue-im-Winter-Eisenbahn-02-ES.jpg\"><img decoding=\"async\" aria-describedby=\"caption-attachment-415008\" data-attachment-id=\"415008\" data-permalink=\"https:\/\/paulinenaue.info\/index.php\/winterliches-paulinenaue-2022\/2022-10-17-paulinenaue-im-winter-eisenbahn-02-es\/\" data-orig-file=\"https:\/\/paulinenaue.info\/wp-content\/uploads\/2022\/12\/2022-10-17-Paulinenaue-im-Winter-Eisenbahn-02-ES.jpg\" data-orig-size=\"1000,563\" data-comments-opened=\"1\" data-image-meta=\"{&quot;aperture&quot;:&quot;1.5&quot;,&quot;credit&quot;:&quot;&quot;,&quot;camera&quot;:&quot;iPhone 13 Pro&quot;,&quot;caption&quot;:&quot;&quot;,&quot;created_timestamp&quot;:&quot;1671101979&quot;,&quot;copyright&quot;:&quot;&quot;,&quot;focal_length&quot;:&quot;5.7&quot;,&quot;iso&quot;:&quot;50&quot;,&quot;shutter_speed&quot;:&quot;0.00037993920972644&quot;,&quot;title&quot;:&quot;&quot;,&quot;orientation&quot;:&quot;1&quot;}\" data-image-title=\"2022-10-17, Paulinenaue im Winter, Eisenbahn, 02, ES\" data-image-description=\"\" data-image-caption=\"&lt;p&gt;Mit dem RE 8 st\u00fcndlich zum Flughafen BER. Foto: Eberhard Schwarz, 2022.&lt;\/p&gt;\n\" data-large-file=\"https:\/\/paulinenaue.info\/wp-content\/uploads\/2022\/12\/2022-10-17-Paulinenaue-im-Winter-Eisenbahn-02-ES.jpg\" class=\"lazyload size-fusion-800 wp-image-415008\" src=\"https:\/\/paulinenaue.info\/wp-content\/uploads\/2022\/12\/2022-10-17-Paulinenaue-im-Winter-Eisenbahn-02-ES-800x450.jpg\" data-orig-src=\"https:\/\/paulinenaue.info\/wp-content\/uploads\/2022\/12\/2022-10-17-Paulinenaue-im-Winter-Eisenbahn-02-ES-800x450.jpg\" alt=\"\" width=\"800\" height=\"450\" srcset=\"data:image\/svg+xml,%3Csvg%20xmlns%3D%27http%3A%2F%2Fwww.w3.org%2F2000%2Fsvg%27%20width%3D%27800%27%20height%3D%27450%27%20viewBox%3D%270%200%20800%20450%27%3E%3Crect%20width%3D%27800%27%20height%3D%27450%27%20fill-opacity%3D%220%22%2F%3E%3C%2Fsvg%3E\" data-srcset=\"https:\/\/paulinenaue.info\/wp-content\/uploads\/2022\/12\/2022-10-17-Paulinenaue-im-Winter-Eisenbahn-02-ES-200x113.jpg 200w, https:\/\/paulinenaue.info\/wp-content\/uploads\/2022\/12\/2022-10-17-Paulinenaue-im-Winter-Eisenbahn-02-ES-300x169.jpg 300w, https:\/\/paulinenaue.info\/wp-content\/uploads\/2022\/12\/2022-10-17-Paulinenaue-im-Winter-Eisenbahn-02-ES-400x225.jpg 400w, https:\/\/paulinenaue.info\/wp-content\/uploads\/2022\/12\/2022-10-17-Paulinenaue-im-Winter-Eisenbahn-02-ES-600x338.jpg 600w, https:\/\/paulinenaue.info\/wp-content\/uploads\/2022\/12\/2022-10-17-Paulinenaue-im-Winter-Eisenbahn-02-ES-768x432.jpg 768w, https:\/\/paulinenaue.info\/wp-content\/uploads\/2022\/12\/2022-10-17-Paulinenaue-im-Winter-Eisenbahn-02-ES-800x450.jpg 800w, https:\/\/paulinenaue.info\/wp-content\/uploads\/2022\/12\/2022-10-17-Paulinenaue-im-Winter-Eisenbahn-02-ES.jpg 1000w\" data-sizes=\"auto\" data-orig-sizes=\"(max-width: 800px) 100vw, 800px\" \/><\/a><p id=\"caption-attachment-415008\" class=\"wp-caption-text\">Mit dem RE 8 st\u00fcndlich zum Flughafen BER. Foto: Eberhard Schwarz, 2022.<\/p><\/div>\n<p>&nbsp;<\/p>\n<div id=\"attachment_415010\" style=\"width: 810px\" class=\"wp-caption alignnone\"><a href=\"https:\/\/paulinenaue.info\/wp-content\/uploads\/2022\/12\/2022-10-17-Paulinenaue-im-Winter-Kanal-ES.jpg\"><img decoding=\"async\" aria-describedby=\"caption-attachment-415010\" data-attachment-id=\"415010\" data-permalink=\"https:\/\/paulinenaue.info\/index.php\/winterliches-paulinenaue-2022\/2022-10-17-paulinenaue-im-winter-kanal-es\/\" data-orig-file=\"https:\/\/paulinenaue.info\/wp-content\/uploads\/2022\/12\/2022-10-17-Paulinenaue-im-Winter-Kanal-ES.jpg\" data-orig-size=\"1000,563\" data-comments-opened=\"1\" data-image-meta=\"{&quot;aperture&quot;:&quot;2.8&quot;,&quot;credit&quot;:&quot;&quot;,&quot;camera&quot;:&quot;iPhone 13 Pro&quot;,&quot;caption&quot;:&quot;&quot;,&quot;created_timestamp&quot;:&quot;1670843056&quot;,&quot;copyright&quot;:&quot;&quot;,&quot;focal_length&quot;:&quot;9&quot;,&quot;iso&quot;:&quot;32&quot;,&quot;shutter_speed&quot;:&quot;0.0015220700152207&quot;,&quot;title&quot;:&quot;&quot;,&quot;orientation&quot;:&quot;1&quot;}\" data-image-title=\"2022-10-17, Paulinenaue im Winter, Kanal, ES\" data-image-description=\"\" data-image-caption=\"&lt;p&gt;Schw\u00e4ne auf dem Gro\u00dfen Havell\u00e4ndischen Hauptkanal. Foto: Eberhard Schwarz, 2022&lt;\/p&gt;\n\" data-large-file=\"https:\/\/paulinenaue.info\/wp-content\/uploads\/2022\/12\/2022-10-17-Paulinenaue-im-Winter-Kanal-ES.jpg\" class=\"lazyload wp-image-415010 size-fusion-800\" src=\"https:\/\/paulinenaue.info\/wp-content\/uploads\/2022\/12\/2022-10-17-Paulinenaue-im-Winter-Kanal-ES-800x450.jpg\" data-orig-src=\"https:\/\/paulinenaue.info\/wp-content\/uploads\/2022\/12\/2022-10-17-Paulinenaue-im-Winter-Kanal-ES-800x450.jpg\" alt=\"\" width=\"800\" height=\"450\" srcset=\"data:image\/svg+xml,%3Csvg%20xmlns%3D%27http%3A%2F%2Fwww.w3.org%2F2000%2Fsvg%27%20width%3D%27800%27%20height%3D%27450%27%20viewBox%3D%270%200%20800%20450%27%3E%3Crect%20width%3D%27800%27%20height%3D%27450%27%20fill-opacity%3D%220%22%2F%3E%3C%2Fsvg%3E\" data-srcset=\"https:\/\/paulinenaue.info\/wp-content\/uploads\/2022\/12\/2022-10-17-Paulinenaue-im-Winter-Kanal-ES-200x113.jpg 200w, https:\/\/paulinenaue.info\/wp-content\/uploads\/2022\/12\/2022-10-17-Paulinenaue-im-Winter-Kanal-ES-300x169.jpg 300w, https:\/\/paulinenaue.info\/wp-content\/uploads\/2022\/12\/2022-10-17-Paulinenaue-im-Winter-Kanal-ES-400x225.jpg 400w, https:\/\/paulinenaue.info\/wp-content\/uploads\/2022\/12\/2022-10-17-Paulinenaue-im-Winter-Kanal-ES-600x338.jpg 600w, https:\/\/paulinenaue.info\/wp-content\/uploads\/2022\/12\/2022-10-17-Paulinenaue-im-Winter-Kanal-ES-768x432.jpg 768w, https:\/\/paulinenaue.info\/wp-content\/uploads\/2022\/12\/2022-10-17-Paulinenaue-im-Winter-Kanal-ES-800x450.jpg 800w, https:\/\/paulinenaue.info\/wp-content\/uploads\/2022\/12\/2022-10-17-Paulinenaue-im-Winter-Kanal-ES.jpg 1000w\" data-sizes=\"auto\" data-orig-sizes=\"(max-width: 800px) 100vw, 800px\" \/><\/a><p id=\"caption-attachment-415010\" class=\"wp-caption-text\">Schw\u00e4ne auf dem Gro\u00dfen Havell\u00e4ndischen Hauptkanal. Foto: Eberhard Schwarz, 2022.<\/p><\/div>\n<p>&nbsp;<\/p>\n<div id=\"attachment_415007\" style=\"width: 810px\" class=\"wp-caption alignnone\"><a href=\"https:\/\/paulinenaue.info\/wp-content\/uploads\/2022\/12\/2022-10-17-Paulinenaue-im-Winter-Eisenbahn-01-ES.jpg\"><img decoding=\"async\" aria-describedby=\"caption-attachment-415007\" data-attachment-id=\"415007\" data-permalink=\"https:\/\/paulinenaue.info\/index.php\/winterliches-paulinenaue-2022\/2022-10-17-paulinenaue-im-winter-eisenbahn-01-es\/\" data-orig-file=\"https:\/\/paulinenaue.info\/wp-content\/uploads\/2022\/12\/2022-10-17-Paulinenaue-im-Winter-Eisenbahn-01-ES.jpg\" data-orig-size=\"1000,563\" data-comments-opened=\"1\" data-image-meta=\"{&quot;aperture&quot;:&quot;2.8&quot;,&quot;credit&quot;:&quot;&quot;,&quot;camera&quot;:&quot;iPhone 13 Pro&quot;,&quot;caption&quot;:&quot;&quot;,&quot;created_timestamp&quot;:&quot;1671100797&quot;,&quot;copyright&quot;:&quot;&quot;,&quot;focal_length&quot;:&quot;9&quot;,&quot;iso&quot;:&quot;32&quot;,&quot;shutter_speed&quot;:&quot;0.0014124293785311&quot;,&quot;title&quot;:&quot;&quot;,&quot;orientation&quot;:&quot;1&quot;}\" data-image-title=\"2022-10-17, Paulinenaue im Winter, Eisenbahn, 01, ES\" data-image-description=\"\" data-image-caption=\"&lt;p&gt;Zwischen Hamburg und Prag unterwegs. Foto: Eberhard Schwarz, 2022&lt;\/p&gt;\n\" data-large-file=\"https:\/\/paulinenaue.info\/wp-content\/uploads\/2022\/12\/2022-10-17-Paulinenaue-im-Winter-Eisenbahn-01-ES.jpg\" class=\"lazyload wp-image-415007 size-fusion-800\" src=\"https:\/\/paulinenaue.info\/wp-content\/uploads\/2022\/12\/2022-10-17-Paulinenaue-im-Winter-Eisenbahn-01-ES-800x450.jpg\" data-orig-src=\"https:\/\/paulinenaue.info\/wp-content\/uploads\/2022\/12\/2022-10-17-Paulinenaue-im-Winter-Eisenbahn-01-ES-800x450.jpg\" alt=\"\" width=\"800\" height=\"450\" srcset=\"data:image\/svg+xml,%3Csvg%20xmlns%3D%27http%3A%2F%2Fwww.w3.org%2F2000%2Fsvg%27%20width%3D%27800%27%20height%3D%27450%27%20viewBox%3D%270%200%20800%20450%27%3E%3Crect%20width%3D%27800%27%20height%3D%27450%27%20fill-opacity%3D%220%22%2F%3E%3C%2Fsvg%3E\" data-srcset=\"https:\/\/paulinenaue.info\/wp-content\/uploads\/2022\/12\/2022-10-17-Paulinenaue-im-Winter-Eisenbahn-01-ES-200x113.jpg 200w, https:\/\/paulinenaue.info\/wp-content\/uploads\/2022\/12\/2022-10-17-Paulinenaue-im-Winter-Eisenbahn-01-ES-300x169.jpg 300w, https:\/\/paulinenaue.info\/wp-content\/uploads\/2022\/12\/2022-10-17-Paulinenaue-im-Winter-Eisenbahn-01-ES-400x225.jpg 400w, https:\/\/paulinenaue.info\/wp-content\/uploads\/2022\/12\/2022-10-17-Paulinenaue-im-Winter-Eisenbahn-01-ES-600x338.jpg 600w, https:\/\/paulinenaue.info\/wp-content\/uploads\/2022\/12\/2022-10-17-Paulinenaue-im-Winter-Eisenbahn-01-ES-768x432.jpg 768w, https:\/\/paulinenaue.info\/wp-content\/uploads\/2022\/12\/2022-10-17-Paulinenaue-im-Winter-Eisenbahn-01-ES-800x450.jpg 800w, https:\/\/paulinenaue.info\/wp-content\/uploads\/2022\/12\/2022-10-17-Paulinenaue-im-Winter-Eisenbahn-01-ES.jpg 1000w\" data-sizes=\"auto\" data-orig-sizes=\"(max-width: 800px) 100vw, 800px\" \/><\/a><p id=\"caption-attachment-415007\" class=\"wp-caption-text\">Zwischen Hamburg und Prag unterwegs. Foto: Eberhard Schwarz, 2022.<\/p><\/div>\n<p>&nbsp;<\/p>\n<div id=\"attachment_415006\" style=\"width: 810px\" class=\"wp-caption alignnone\"><a href=\"https:\/\/paulinenaue.info\/wp-content\/uploads\/2022\/12\/2022-10-17-Paulinenaue-im-Winter-Bienenhaus-ES.jpg\"><img decoding=\"async\" aria-describedby=\"caption-attachment-415006\" data-attachment-id=\"415006\" data-permalink=\"https:\/\/paulinenaue.info\/index.php\/winterliches-paulinenaue-2022\/2022-10-17-paulinenaue-im-winter-bienenhaus-es\/\" data-orig-file=\"https:\/\/paulinenaue.info\/wp-content\/uploads\/2022\/12\/2022-10-17-Paulinenaue-im-Winter-Bienenhaus-ES.jpg\" data-orig-size=\"1000,563\" data-comments-opened=\"1\" data-image-meta=\"{&quot;aperture&quot;:&quot;1.5&quot;,&quot;credit&quot;:&quot;&quot;,&quot;camera&quot;:&quot;iPhone 13 Pro&quot;,&quot;caption&quot;:&quot;&quot;,&quot;created_timestamp&quot;:&quot;1671102784&quot;,&quot;copyright&quot;:&quot;&quot;,&quot;focal_length&quot;:&quot;5.7&quot;,&quot;iso&quot;:&quot;50&quot;,&quot;shutter_speed&quot;:&quot;0.0005350454788657&quot;,&quot;title&quot;:&quot;&quot;,&quot;orientation&quot;:&quot;1&quot;}\" data-image-title=\"2022-10-17, Paulinenaue im Winter, Bienenhaus, ES\" data-image-description=\"\" data-image-caption=\"&lt;p&gt;Altes Bienenhaus von 1935 \u2013 leider ungenutzt und besch\u00e4dig. Foto: Eberhard Schwarz, 2022&lt;\/p&gt;\n\" data-large-file=\"https:\/\/paulinenaue.info\/wp-content\/uploads\/2022\/12\/2022-10-17-Paulinenaue-im-Winter-Bienenhaus-ES.jpg\" class=\"lazyload wp-image-415006 size-fusion-800\" src=\"https:\/\/paulinenaue.info\/wp-content\/uploads\/2022\/12\/2022-10-17-Paulinenaue-im-Winter-Bienenhaus-ES-800x450.jpg\" data-orig-src=\"https:\/\/paulinenaue.info\/wp-content\/uploads\/2022\/12\/2022-10-17-Paulinenaue-im-Winter-Bienenhaus-ES-800x450.jpg\" alt=\"\" width=\"800\" height=\"450\" srcset=\"data:image\/svg+xml,%3Csvg%20xmlns%3D%27http%3A%2F%2Fwww.w3.org%2F2000%2Fsvg%27%20width%3D%27800%27%20height%3D%27450%27%20viewBox%3D%270%200%20800%20450%27%3E%3Crect%20width%3D%27800%27%20height%3D%27450%27%20fill-opacity%3D%220%22%2F%3E%3C%2Fsvg%3E\" data-srcset=\"https:\/\/paulinenaue.info\/wp-content\/uploads\/2022\/12\/2022-10-17-Paulinenaue-im-Winter-Bienenhaus-ES-200x113.jpg 200w, https:\/\/paulinenaue.info\/wp-content\/uploads\/2022\/12\/2022-10-17-Paulinenaue-im-Winter-Bienenhaus-ES-300x169.jpg 300w, https:\/\/paulinenaue.info\/wp-content\/uploads\/2022\/12\/2022-10-17-Paulinenaue-im-Winter-Bienenhaus-ES-400x225.jpg 400w, https:\/\/paulinenaue.info\/wp-content\/uploads\/2022\/12\/2022-10-17-Paulinenaue-im-Winter-Bienenhaus-ES-600x338.jpg 600w, https:\/\/paulinenaue.info\/wp-content\/uploads\/2022\/12\/2022-10-17-Paulinenaue-im-Winter-Bienenhaus-ES-768x432.jpg 768w, https:\/\/paulinenaue.info\/wp-content\/uploads\/2022\/12\/2022-10-17-Paulinenaue-im-Winter-Bienenhaus-ES-800x450.jpg 800w, https:\/\/paulinenaue.info\/wp-content\/uploads\/2022\/12\/2022-10-17-Paulinenaue-im-Winter-Bienenhaus-ES.jpg 1000w\" data-sizes=\"auto\" data-orig-sizes=\"(max-width: 800px) 100vw, 800px\" \/><\/a><p id=\"caption-attachment-415006\" class=\"wp-caption-text\">Altes Bienenhaus von 1935 \u2013 leider ungenutzt und besch\u00e4dig. Foto: Eberhard Schwarz, 2022<\/p><\/div>\n<p>&nbsp;<\/p>\n<div id=\"attachment_415011\" style=\"width: 810px\" class=\"wp-caption alignnone\"><a href=\"https:\/\/paulinenaue.info\/wp-content\/uploads\/2022\/12\/2022-10-17-Paulinenaue-im-Winter-Rudiweg-ES.jpg\"><img decoding=\"async\" aria-describedby=\"caption-attachment-415011\" data-attachment-id=\"415011\" data-permalink=\"https:\/\/paulinenaue.info\/index.php\/winterliches-paulinenaue-2022\/2022-10-17-paulinenaue-im-winter-rudiweg-es\/\" data-orig-file=\"https:\/\/paulinenaue.info\/wp-content\/uploads\/2022\/12\/2022-10-17-Paulinenaue-im-Winter-Rudiweg-ES.jpg\" data-orig-size=\"1000,563\" data-comments-opened=\"1\" data-image-meta=\"{&quot;aperture&quot;:&quot;1.5&quot;,&quot;credit&quot;:&quot;&quot;,&quot;camera&quot;:&quot;iPhone 13 Pro&quot;,&quot;caption&quot;:&quot;&quot;,&quot;created_timestamp&quot;:&quot;1671102894&quot;,&quot;copyright&quot;:&quot;&quot;,&quot;focal_length&quot;:&quot;5.7&quot;,&quot;iso&quot;:&quot;50&quot;,&quot;shutter_speed&quot;:&quot;0.00021598272138229&quot;,&quot;title&quot;:&quot;&quot;,&quot;orientation&quot;:&quot;1&quot;}\" data-image-title=\"2022-10-17, Paulinenaue im Winter, Rudiweg , ES\" data-image-description=\"\" data-image-caption=\"&lt;p&gt;Winterliches Paulinenaue, Rudiweg. Foto: Eberhard Schwarz, 2022&lt;\/p&gt;\n\" data-large-file=\"https:\/\/paulinenaue.info\/wp-content\/uploads\/2022\/12\/2022-10-17-Paulinenaue-im-Winter-Rudiweg-ES.jpg\" class=\"lazyload wp-image-415011 size-fusion-800\" src=\"https:\/\/paulinenaue.info\/wp-content\/uploads\/2022\/12\/2022-10-17-Paulinenaue-im-Winter-Rudiweg-ES-800x450.jpg\" data-orig-src=\"https:\/\/paulinenaue.info\/wp-content\/uploads\/2022\/12\/2022-10-17-Paulinenaue-im-Winter-Rudiweg-ES-800x450.jpg\" alt=\"\" width=\"800\" height=\"450\" srcset=\"data:image\/svg+xml,%3Csvg%20xmlns%3D%27http%3A%2F%2Fwww.w3.org%2F2000%2Fsvg%27%20width%3D%27800%27%20height%3D%27450%27%20viewBox%3D%270%200%20800%20450%27%3E%3Crect%20width%3D%27800%27%20height%3D%27450%27%20fill-opacity%3D%220%22%2F%3E%3C%2Fsvg%3E\" data-srcset=\"https:\/\/paulinenaue.info\/wp-content\/uploads\/2022\/12\/2022-10-17-Paulinenaue-im-Winter-Rudiweg-ES-200x113.jpg 200w, https:\/\/paulinenaue.info\/wp-content\/uploads\/2022\/12\/2022-10-17-Paulinenaue-im-Winter-Rudiweg-ES-300x169.jpg 300w, https:\/\/paulinenaue.info\/wp-content\/uploads\/2022\/12\/2022-10-17-Paulinenaue-im-Winter-Rudiweg-ES-400x225.jpg 400w, https:\/\/paulinenaue.info\/wp-content\/uploads\/2022\/12\/2022-10-17-Paulinenaue-im-Winter-Rudiweg-ES-600x338.jpg 600w, https:\/\/paulinenaue.info\/wp-content\/uploads\/2022\/12\/2022-10-17-Paulinenaue-im-Winter-Rudiweg-ES-768x432.jpg 768w, https:\/\/paulinenaue.info\/wp-content\/uploads\/2022\/12\/2022-10-17-Paulinenaue-im-Winter-Rudiweg-ES-800x450.jpg 800w, https:\/\/paulinenaue.info\/wp-content\/uploads\/2022\/12\/2022-10-17-Paulinenaue-im-Winter-Rudiweg-ES.jpg 1000w\" data-sizes=\"auto\" data-orig-sizes=\"(max-width: 800px) 100vw, 800px\" \/><\/a><p id=\"caption-attachment-415011\" class=\"wp-caption-text\">Winter im Rudiweg. Foto: Eberhard Schwarz, 2022<\/p><\/div>\n<p>&nbsp;<\/p>\n<div id=\"attachment_415009\" style=\"width: 810px\" class=\"wp-caption alignnone\"><a href=\"https:\/\/paulinenaue.info\/wp-content\/uploads\/2022\/12\/2022-10-17-Paulinenaue-im-Winter-ES.jpg\"><img decoding=\"async\" aria-describedby=\"caption-attachment-415009\" data-attachment-id=\"415009\" data-permalink=\"https:\/\/paulinenaue.info\/index.php\/winterliches-paulinenaue-2022\/2022-10-17-paulinenaue-im-winter-es\/\" data-orig-file=\"https:\/\/paulinenaue.info\/wp-content\/uploads\/2022\/12\/2022-10-17-Paulinenaue-im-Winter-ES.jpg\" data-orig-size=\"1000,563\" data-comments-opened=\"1\" data-image-meta=\"{&quot;aperture&quot;:&quot;1.5&quot;,&quot;credit&quot;:&quot;&quot;,&quot;camera&quot;:&quot;iPhone 13 Pro&quot;,&quot;caption&quot;:&quot;&quot;,&quot;created_timestamp&quot;:&quot;1671014448&quot;,&quot;copyright&quot;:&quot;&quot;,&quot;focal_length&quot;:&quot;5.7&quot;,&quot;iso&quot;:&quot;50&quot;,&quot;shutter_speed&quot;:&quot;6.100164704447E-5&quot;,&quot;title&quot;:&quot;&quot;,&quot;orientation&quot;:&quot;1&quot;}\" data-image-title=\"2022-10-17, Paulinenaue im Winter, ES\" data-image-description=\"\" data-image-caption=\"&lt;p&gt;Die Sonne k\u00e4mpft gegen die Minusgrade. Foto: Eberhard Schwarz, 2022&lt;\/p&gt;\n\" data-large-file=\"https:\/\/paulinenaue.info\/wp-content\/uploads\/2022\/12\/2022-10-17-Paulinenaue-im-Winter-ES.jpg\" class=\"lazyload wp-image-415009 size-fusion-800\" src=\"https:\/\/paulinenaue.info\/wp-content\/uploads\/2022\/12\/2022-10-17-Paulinenaue-im-Winter-ES-800x450.jpg\" data-orig-src=\"https:\/\/paulinenaue.info\/wp-content\/uploads\/2022\/12\/2022-10-17-Paulinenaue-im-Winter-ES-800x450.jpg\" alt=\"\" width=\"800\" height=\"450\" srcset=\"data:image\/svg+xml,%3Csvg%20xmlns%3D%27http%3A%2F%2Fwww.w3.org%2F2000%2Fsvg%27%20width%3D%27800%27%20height%3D%27450%27%20viewBox%3D%270%200%20800%20450%27%3E%3Crect%20width%3D%27800%27%20height%3D%27450%27%20fill-opacity%3D%220%22%2F%3E%3C%2Fsvg%3E\" data-srcset=\"https:\/\/paulinenaue.info\/wp-content\/uploads\/2022\/12\/2022-10-17-Paulinenaue-im-Winter-ES-200x113.jpg 200w, https:\/\/paulinenaue.info\/wp-content\/uploads\/2022\/12\/2022-10-17-Paulinenaue-im-Winter-ES-300x169.jpg 300w, https:\/\/paulinenaue.info\/wp-content\/uploads\/2022\/12\/2022-10-17-Paulinenaue-im-Winter-ES-400x225.jpg 400w, https:\/\/paulinenaue.info\/wp-content\/uploads\/2022\/12\/2022-10-17-Paulinenaue-im-Winter-ES-600x338.jpg 600w, https:\/\/paulinenaue.info\/wp-content\/uploads\/2022\/12\/2022-10-17-Paulinenaue-im-Winter-ES-768x432.jpg 768w, https:\/\/paulinenaue.info\/wp-content\/uploads\/2022\/12\/2022-10-17-Paulinenaue-im-Winter-ES-800x450.jpg 800w, https:\/\/paulinenaue.info\/wp-content\/uploads\/2022\/12\/2022-10-17-Paulinenaue-im-Winter-ES.jpg 1000w\" data-sizes=\"auto\" data-orig-sizes=\"(max-width: 800px) 100vw, 800px\" \/><\/a><p id=\"caption-attachment-415009\" class=\"wp-caption-text\">Die Sonne k\u00e4mpft gegen die Minusgrade. Foto: Eberhard Schwarz, 2022<\/p><\/div>\n<p>&nbsp;<\/p>\n<div id=\"attachment_415013\" style=\"width: 810px\" class=\"wp-caption alignnone\"><a href=\"https:\/\/paulinenaue.info\/wp-content\/uploads\/2022\/12\/2022-10-17-Paulinenaue-im-Winter-Bruecke-ES.jpg\"><img decoding=\"async\" aria-describedby=\"caption-attachment-415013\" data-attachment-id=\"415013\" data-permalink=\"https:\/\/paulinenaue.info\/index.php\/winterliches-paulinenaue-2022\/2022-10-17-paulinenaue-im-winter-bruecke-es\/\" data-orig-file=\"https:\/\/paulinenaue.info\/wp-content\/uploads\/2022\/12\/2022-10-17-Paulinenaue-im-Winter-Bruecke-ES.jpg\" data-orig-size=\"1000,563\" data-comments-opened=\"1\" data-image-meta=\"{&quot;aperture&quot;:&quot;1.5&quot;,&quot;credit&quot;:&quot;&quot;,&quot;camera&quot;:&quot;iPhone 13 Pro&quot;,&quot;caption&quot;:&quot;&quot;,&quot;created_timestamp&quot;:&quot;1671101515&quot;,&quot;copyright&quot;:&quot;&quot;,&quot;focal_length&quot;:&quot;5.7&quot;,&quot;iso&quot;:&quot;50&quot;,&quot;shutter_speed&quot;:&quot;0.00032499187520312&quot;,&quot;title&quot;:&quot;&quot;,&quot;orientation&quot;:&quot;1&quot;}\" data-image-title=\"2022-10-17, Paulinenaue im Winter, Br\u00fccke, ES\" data-image-description=\"\" data-image-caption=\"&lt;p&gt;Winterliches Paulinenaue. Foto: Eberhard Schwarz, 2022&lt;\/p&gt;\n\" data-large-file=\"https:\/\/paulinenaue.info\/wp-content\/uploads\/2022\/12\/2022-10-17-Paulinenaue-im-Winter-Bruecke-ES.jpg\" class=\"lazyload wp-image-415013 size-fusion-800\" src=\"https:\/\/paulinenaue.info\/wp-content\/uploads\/2022\/12\/2022-10-17-Paulinenaue-im-Winter-Bruecke-ES-800x450.jpg\" data-orig-src=\"https:\/\/paulinenaue.info\/wp-content\/uploads\/2022\/12\/2022-10-17-Paulinenaue-im-Winter-Bruecke-ES-800x450.jpg\" alt=\"\" width=\"800\" height=\"450\" srcset=\"data:image\/svg+xml,%3Csvg%20xmlns%3D%27http%3A%2F%2Fwww.w3.org%2F2000%2Fsvg%27%20width%3D%27800%27%20height%3D%27450%27%20viewBox%3D%270%200%20800%20450%27%3E%3Crect%20width%3D%27800%27%20height%3D%27450%27%20fill-opacity%3D%220%22%2F%3E%3C%2Fsvg%3E\" data-srcset=\"https:\/\/paulinenaue.info\/wp-content\/uploads\/2022\/12\/2022-10-17-Paulinenaue-im-Winter-Bruecke-ES-200x113.jpg 200w, https:\/\/paulinenaue.info\/wp-content\/uploads\/2022\/12\/2022-10-17-Paulinenaue-im-Winter-Bruecke-ES-300x169.jpg 300w, https:\/\/paulinenaue.info\/wp-content\/uploads\/2022\/12\/2022-10-17-Paulinenaue-im-Winter-Bruecke-ES-400x225.jpg 400w, https:\/\/paulinenaue.info\/wp-content\/uploads\/2022\/12\/2022-10-17-Paulinenaue-im-Winter-Bruecke-ES-600x338.jpg 600w, https:\/\/paulinenaue.info\/wp-content\/uploads\/2022\/12\/2022-10-17-Paulinenaue-im-Winter-Bruecke-ES-768x432.jpg 768w, https:\/\/paulinenaue.info\/wp-content\/uploads\/2022\/12\/2022-10-17-Paulinenaue-im-Winter-Bruecke-ES-800x450.jpg 800w, https:\/\/paulinenaue.info\/wp-content\/uploads\/2022\/12\/2022-10-17-Paulinenaue-im-Winter-Bruecke-ES.jpg 1000w\" data-sizes=\"auto\" data-orig-sizes=\"(max-width: 800px) 100vw, 800px\" \/><\/a><p id=\"caption-attachment-415013\" class=\"wp-caption-text\">Winterliches Paulinenaue. Foto: Eberhard Schwarz, 2022<\/p><\/div>\n<p>&nbsp;<\/p>\n","protected":false},"excerpt":{"rendered":"<p>Paulinenaue zeigt sich kurz vor den Weihnachtstagen in winterlicher Pracht [&hellip;]<\/p>\n","protected":false},"author":1,"featured_media":415006,"comment_status":"open","ping_status":"open","sticky":false,"template":"","format":"standard","meta":{"_acf_changed":false,"_price":"","_stock":"","_tribe_ticket_header":"","_tribe_default_ticket_provider":"","_tribe_ticket_capacity":"0","_ticket_start_date":"","_ticket_end_date":"","_tribe_ticket_show_description":"","_tribe_ticket_show_not_going":false,"_tribe_ticket_use_global_stock":"","_tribe_ticket_global_stock_level":"","_global_stock_mode":"","_global_stock_cap":"","_tribe_rsvp_for_event":"","_tribe_ticket_going_count":"","_tribe_ticket_not_going_count":"","_tribe_tickets_list":"[]","_tribe_ticket_has_attendee_info_fields":false,"jetpack_post_was_ever_published":false,"_jetpack_newsletter_access":"","_jetpack_dont_email_post_to_subs":false,"_jetpack_newsletter_tier_id":0,"_jetpack_memberships_contains_paywalled_content":false,"_jetpack_memberships_contains_paid_content":false,"footnotes":"","jetpack_publicize_message":"","jetpack_publicize_feature_enabled":true,"jetpack_social_post_already_shared":true,"jetpack_social_options":{"image_generator_settings":{"template":"highway","default_image_id":0,"font":"","enabled":false},"version":2}},"categories":[6,216,9],"tags":[245,42,492],"class_list":["post-415004","post","type-post","status-publish","format-standard","has-post-thumbnail","hentry","category-hier-zuhause","category-natur","category-neuigkeiten","tag-ortsansichten","tag-schnee","tag-weisse-weihnachten"],"acf":[],"yoast_head":"<!-- This site is optimized with the Yoast SEO plugin v27.5 - https:\/\/yoast.com\/product\/yoast-seo-wordpress\/ -->\n<title>Winterliches Paulinenaue 2022 - Paulinenaue<\/title>\n<meta name=\"description\" content=\"Paulinenaue zeigt sich kurz vor den Weihnachtstagen in winterlicher Sch\u00f6nheit. Eberhard Schwarz hat die Stimmung im Bild eingefangen.\" \/>\n<meta name=\"robots\" content=\"index, follow, max-snippet:-1, max-image-preview:large, max-video-preview:-1\" \/>\n<link rel=\"canonical\" href=\"https:\/\/paulinenaue.info\/index.php\/winterliches-paulinenaue-2022\/\" \/>\n<meta property=\"og:locale\" content=\"de_DE\" \/>\n<meta property=\"og:type\" content=\"article\" \/>\n<meta property=\"og:title\" content=\"Winterliches Paulinenaue 2022 - Paulinenaue\" \/>\n<meta property=\"og:description\" content=\"Paulinenaue zeigt sich kurz vor den Weihnachtstagen in winterlicher Sch\u00f6nheit. Eberhard Schwarz hat die Stimmung im Bild eingefangen.\" \/>\n<meta property=\"og:url\" content=\"https:\/\/paulinenaue.info\/index.php\/winterliches-paulinenaue-2022\/\" \/>\n<meta property=\"og:site_name\" content=\"Paulinenaue\" \/>\n<meta property=\"article:published_time\" content=\"2022-12-17T14:36:44+00:00\" \/>\n<meta property=\"article:modified_time\" content=\"2022-12-17T14:38:49+00:00\" \/>\n<meta property=\"og:image\" content=\"https:\/\/paulinenaue.info\/wp-content\/uploads\/2022\/12\/2022-10-17-Paulinenaue-im-Winter-Bienenhaus-ES.jpg\" \/>\n\t<meta property=\"og:image:width\" content=\"1000\" \/>\n\t<meta property=\"og:image:height\" content=\"563\" \/>\n\t<meta property=\"og:image:type\" content=\"image\/jpeg\" \/>\n<meta name=\"author\" content=\"Joachim Scholz\" \/>\n<meta name=\"twitter:card\" content=\"summary_large_image\" \/>\n<meta name=\"twitter:label1\" content=\"Verfasst von\" \/>\n\t<meta name=\"twitter:data1\" content=\"Joachim Scholz\" \/>\n\t<meta name=\"twitter:label2\" content=\"Gesch\u00e4tzte Lesezeit\" \/>\n\t<meta name=\"twitter:data2\" content=\"3\u00a0Minuten\" \/>\n<script type=\"application\/ld+json\" class=\"yoast-schema-graph\">{\"@context\":\"https:\\\/\\\/schema.org\",\"@graph\":[{\"@type\":\"Article\",\"@id\":\"https:\\\/\\\/paulinenaue.info\\\/index.php\\\/winterliches-paulinenaue-2022\\\/#article\",\"isPartOf\":{\"@id\":\"https:\\\/\\\/paulinenaue.info\\\/index.php\\\/winterliches-paulinenaue-2022\\\/\"},\"author\":{\"name\":\"Joachim Scholz\",\"@id\":\"https:\\\/\\\/paulinenaue.info\\\/#\\\/schema\\\/person\\\/3f9e818fd7b69b0d2bd937ac506897cc\"},\"headline\":\"Winterliches Paulinenaue 2022\",\"datePublished\":\"2022-12-17T14:36:44+00:00\",\"dateModified\":\"2022-12-17T14:38:49+00:00\",\"mainEntityOfPage\":{\"@id\":\"https:\\\/\\\/paulinenaue.info\\\/index.php\\\/winterliches-paulinenaue-2022\\\/\"},\"wordCount\":202,\"commentCount\":0,\"image\":{\"@id\":\"https:\\\/\\\/paulinenaue.info\\\/index.php\\\/winterliches-paulinenaue-2022\\\/#primaryimage\"},\"thumbnailUrl\":\"https:\\\/\\\/paulinenaue.info\\\/wp-content\\\/uploads\\\/2022\\\/12\\\/2022-10-17-Paulinenaue-im-Winter-Bienenhaus-ES.jpg\",\"keywords\":[\"Ortsansichten\",\"Schnee\",\"Wei\u00dfe Weihnachten\"],\"articleSection\":[\"Hier Zuhause\",\"Natur\",\"Neuigkeiten\"],\"inLanguage\":\"de\",\"potentialAction\":[{\"@type\":\"CommentAction\",\"name\":\"Comment\",\"target\":[\"https:\\\/\\\/paulinenaue.info\\\/index.php\\\/winterliches-paulinenaue-2022\\\/#respond\"]}]},{\"@type\":\"WebPage\",\"@id\":\"https:\\\/\\\/paulinenaue.info\\\/index.php\\\/winterliches-paulinenaue-2022\\\/\",\"url\":\"https:\\\/\\\/paulinenaue.info\\\/index.php\\\/winterliches-paulinenaue-2022\\\/\",\"name\":\"Winterliches Paulinenaue 2022 - Paulinenaue\",\"isPartOf\":{\"@id\":\"https:\\\/\\\/paulinenaue.info\\\/#website\"},\"primaryImageOfPage\":{\"@id\":\"https:\\\/\\\/paulinenaue.info\\\/index.php\\\/winterliches-paulinenaue-2022\\\/#primaryimage\"},\"image\":{\"@id\":\"https:\\\/\\\/paulinenaue.info\\\/index.php\\\/winterliches-paulinenaue-2022\\\/#primaryimage\"},\"thumbnailUrl\":\"https:\\\/\\\/paulinenaue.info\\\/wp-content\\\/uploads\\\/2022\\\/12\\\/2022-10-17-Paulinenaue-im-Winter-Bienenhaus-ES.jpg\",\"datePublished\":\"2022-12-17T14:36:44+00:00\",\"dateModified\":\"2022-12-17T14:38:49+00:00\",\"author\":{\"@id\":\"https:\\\/\\\/paulinenaue.info\\\/#\\\/schema\\\/person\\\/3f9e818fd7b69b0d2bd937ac506897cc\"},\"description\":\"Paulinenaue zeigt sich kurz vor den Weihnachtstagen in winterlicher Sch\u00f6nheit. Eberhard Schwarz hat die Stimmung im Bild eingefangen.\",\"breadcrumb\":{\"@id\":\"https:\\\/\\\/paulinenaue.info\\\/index.php\\\/winterliches-paulinenaue-2022\\\/#breadcrumb\"},\"inLanguage\":\"de\",\"potentialAction\":[{\"@type\":\"ReadAction\",\"target\":[\"https:\\\/\\\/paulinenaue.info\\\/index.php\\\/winterliches-paulinenaue-2022\\\/\"]}]},{\"@type\":\"ImageObject\",\"inLanguage\":\"de\",\"@id\":\"https:\\\/\\\/paulinenaue.info\\\/index.php\\\/winterliches-paulinenaue-2022\\\/#primaryimage\",\"url\":\"https:\\\/\\\/paulinenaue.info\\\/wp-content\\\/uploads\\\/2022\\\/12\\\/2022-10-17-Paulinenaue-im-Winter-Bienenhaus-ES.jpg\",\"contentUrl\":\"https:\\\/\\\/paulinenaue.info\\\/wp-content\\\/uploads\\\/2022\\\/12\\\/2022-10-17-Paulinenaue-im-Winter-Bienenhaus-ES.jpg\",\"width\":1000,\"height\":563,\"caption\":\"Altes Bienenhaus von 1935 \u2013 leider ungenutzt und besch\u00e4dig. Foto: Eberhard Schwarz, 2022\"},{\"@type\":\"BreadcrumbList\",\"@id\":\"https:\\\/\\\/paulinenaue.info\\\/index.php\\\/winterliches-paulinenaue-2022\\\/#breadcrumb\",\"itemListElement\":[{\"@type\":\"ListItem\",\"position\":1,\"name\":\"Home\",\"item\":\"https:\\\/\\\/paulinenaue.info\\\/\"},{\"@type\":\"ListItem\",\"position\":2,\"name\":\"Winterliches Paulinenaue 2022\"}]},{\"@type\":\"WebSite\",\"@id\":\"https:\\\/\\\/paulinenaue.info\\\/#website\",\"url\":\"https:\\\/\\\/paulinenaue.info\\\/\",\"name\":\"Paulinenaue\",\"description\":\"Ein Dorf im Havelland\",\"potentialAction\":[{\"@type\":\"SearchAction\",\"target\":{\"@type\":\"EntryPoint\",\"urlTemplate\":\"https:\\\/\\\/paulinenaue.info\\\/?s={search_term_string}\"},\"query-input\":{\"@type\":\"PropertyValueSpecification\",\"valueRequired\":true,\"valueName\":\"search_term_string\"}}],\"inLanguage\":\"de\"},{\"@type\":\"Person\",\"@id\":\"https:\\\/\\\/paulinenaue.info\\\/#\\\/schema\\\/person\\\/3f9e818fd7b69b0d2bd937ac506897cc\",\"name\":\"Joachim Scholz\",\"url\":\"https:\\\/\\\/paulinenaue.info\\\/index.php\\\/author\\\/jjscholz\\\/\"}]}<\/script>\n<!-- \/ Yoast SEO plugin. -->","yoast_head_json":{"title":"Winterliches Paulinenaue 2022 - Paulinenaue","description":"Paulinenaue zeigt sich kurz vor den Weihnachtstagen in winterlicher Sch\u00f6nheit. Eberhard Schwarz hat die Stimmung im Bild eingefangen.","robots":{"index":"index","follow":"follow","max-snippet":"max-snippet:-1","max-image-preview":"max-image-preview:large","max-video-preview":"max-video-preview:-1"},"canonical":"https:\/\/paulinenaue.info\/index.php\/winterliches-paulinenaue-2022\/","og_locale":"de_DE","og_type":"article","og_title":"Winterliches Paulinenaue 2022 - Paulinenaue","og_description":"Paulinenaue zeigt sich kurz vor den Weihnachtstagen in winterlicher Sch\u00f6nheit. Eberhard Schwarz hat die Stimmung im Bild eingefangen.","og_url":"https:\/\/paulinenaue.info\/index.php\/winterliches-paulinenaue-2022\/","og_site_name":"Paulinenaue","article_published_time":"2022-12-17T14:36:44+00:00","article_modified_time":"2022-12-17T14:38:49+00:00","og_image":[{"width":1000,"height":563,"url":"https:\/\/paulinenaue.info\/wp-content\/uploads\/2022\/12\/2022-10-17-Paulinenaue-im-Winter-Bienenhaus-ES.jpg","type":"image\/jpeg"}],"author":"Joachim Scholz","twitter_card":"summary_large_image","twitter_misc":{"Verfasst von":"Joachim Scholz","Gesch\u00e4tzte Lesezeit":"3\u00a0Minuten"},"schema":{"@context":"https:\/\/schema.org","@graph":[{"@type":"Article","@id":"https:\/\/paulinenaue.info\/index.php\/winterliches-paulinenaue-2022\/#article","isPartOf":{"@id":"https:\/\/paulinenaue.info\/index.php\/winterliches-paulinenaue-2022\/"},"author":{"name":"Joachim Scholz","@id":"https:\/\/paulinenaue.info\/#\/schema\/person\/3f9e818fd7b69b0d2bd937ac506897cc"},"headline":"Winterliches Paulinenaue 2022","datePublished":"2022-12-17T14:36:44+00:00","dateModified":"2022-12-17T14:38:49+00:00","mainEntityOfPage":{"@id":"https:\/\/paulinenaue.info\/index.php\/winterliches-paulinenaue-2022\/"},"wordCount":202,"commentCount":0,"image":{"@id":"https:\/\/paulinenaue.info\/index.php\/winterliches-paulinenaue-2022\/#primaryimage"},"thumbnailUrl":"https:\/\/paulinenaue.info\/wp-content\/uploads\/2022\/12\/2022-10-17-Paulinenaue-im-Winter-Bienenhaus-ES.jpg","keywords":["Ortsansichten","Schnee","Wei\u00dfe Weihnachten"],"articleSection":["Hier Zuhause","Natur","Neuigkeiten"],"inLanguage":"de","potentialAction":[{"@type":"CommentAction","name":"Comment","target":["https:\/\/paulinenaue.info\/index.php\/winterliches-paulinenaue-2022\/#respond"]}]},{"@type":"WebPage","@id":"https:\/\/paulinenaue.info\/index.php\/winterliches-paulinenaue-2022\/","url":"https:\/\/paulinenaue.info\/index.php\/winterliches-paulinenaue-2022\/","name":"Winterliches Paulinenaue 2022 - Paulinenaue","isPartOf":{"@id":"https:\/\/paulinenaue.info\/#website"},"primaryImageOfPage":{"@id":"https:\/\/paulinenaue.info\/index.php\/winterliches-paulinenaue-2022\/#primaryimage"},"image":{"@id":"https:\/\/paulinenaue.info\/index.php\/winterliches-paulinenaue-2022\/#primaryimage"},"thumbnailUrl":"https:\/\/paulinenaue.info\/wp-content\/uploads\/2022\/12\/2022-10-17-Paulinenaue-im-Winter-Bienenhaus-ES.jpg","datePublished":"2022-12-17T14:36:44+00:00","dateModified":"2022-12-17T14:38:49+00:00","author":{"@id":"https:\/\/paulinenaue.info\/#\/schema\/person\/3f9e818fd7b69b0d2bd937ac506897cc"},"description":"Paulinenaue zeigt sich kurz vor den Weihnachtstagen in winterlicher Sch\u00f6nheit. Eberhard Schwarz hat die Stimmung im Bild eingefangen.","breadcrumb":{"@id":"https:\/\/paulinenaue.info\/index.php\/winterliches-paulinenaue-2022\/#breadcrumb"},"inLanguage":"de","potentialAction":[{"@type":"ReadAction","target":["https:\/\/paulinenaue.info\/index.php\/winterliches-paulinenaue-2022\/"]}]},{"@type":"ImageObject","inLanguage":"de","@id":"https:\/\/paulinenaue.info\/index.php\/winterliches-paulinenaue-2022\/#primaryimage","url":"https:\/\/paulinenaue.info\/wp-content\/uploads\/2022\/12\/2022-10-17-Paulinenaue-im-Winter-Bienenhaus-ES.jpg","contentUrl":"https:\/\/paulinenaue.info\/wp-content\/uploads\/2022\/12\/2022-10-17-Paulinenaue-im-Winter-Bienenhaus-ES.jpg","width":1000,"height":563,"caption":"Altes Bienenhaus von 1935 \u2013 leider ungenutzt und besch\u00e4dig. Foto: Eberhard Schwarz, 2022"},{"@type":"BreadcrumbList","@id":"https:\/\/paulinenaue.info\/index.php\/winterliches-paulinenaue-2022\/#breadcrumb","itemListElement":[{"@type":"ListItem","position":1,"name":"Home","item":"https:\/\/paulinenaue.info\/"},{"@type":"ListItem","position":2,"name":"Winterliches Paulinenaue 2022"}]},{"@type":"WebSite","@id":"https:\/\/paulinenaue.info\/#website","url":"https:\/\/paulinenaue.info\/","name":"Paulinenaue","description":"Ein Dorf im Havelland","potentialAction":[{"@type":"SearchAction","target":{"@type":"EntryPoint","urlTemplate":"https:\/\/paulinenaue.info\/?s={search_term_string}"},"query-input":{"@type":"PropertyValueSpecification","valueRequired":true,"valueName":"search_term_string"}}],"inLanguage":"de"},{"@type":"Person","@id":"https:\/\/paulinenaue.info\/#\/schema\/person\/3f9e818fd7b69b0d2bd937ac506897cc","name":"Joachim Scholz","url":"https:\/\/paulinenaue.info\/index.php\/author\/jjscholz\/"}]}},"jetpack_publicize_connections":[],"jetpack_featured_media_url":"https:\/\/paulinenaue.info\/wp-content\/uploads\/2022\/12\/2022-10-17-Paulinenaue-im-Winter-Bienenhaus-ES.jpg","jetpack_sharing_enabled":true,"jetpack_shortlink":"https:\/\/wp.me\/pcYhWA-1JXC","jetpack-related-posts":[{"id":416956,"url":"https:\/\/paulinenaue.info\/index.php\/von-bank-zu-bank-im-havelland\/","url_meta":{"origin":415004,"position":0},"title":"\u201eVon Bank zu Bank im Havelland\u201c","author":"Sarah","date":"29. November 2024","format":false,"excerpt":"B\u00e4nke, Tisch und Waldkauz - Holzkunstwerk vor der Schule Text: Eckhard Vierjahn Beitragsbild: Eckhard Vierjahn Als am Sonnabend, den 23. November 2024, Gerg\u00f6 Schmidt kurz vor 09:00 Uhr mit einem voll beladenen PKW-Anh\u00e4nger an der Schule hielt, konnte man nur erahnen, was in einigen Stunden vor der Schule aufgebaut sein\u2026","rel":"","context":"In &quot;Allgemein&quot;","block_context":{"text":"Allgemein","link":"https:\/\/paulinenaue.info\/index.php\/category\/allgemein\/"},"img":{"alt_text":"","src":"https:\/\/i0.wp.com\/paulinenaue.info\/wp-content\/uploads\/2024\/11\/Baenke-und-Tisch-nach-Fertigstellung.jpg?resize=350%2C200&ssl=1","width":350,"height":200,"srcset":"https:\/\/i0.wp.com\/paulinenaue.info\/wp-content\/uploads\/2024\/11\/Baenke-und-Tisch-nach-Fertigstellung.jpg?resize=350%2C200&ssl=1 1x, https:\/\/i0.wp.com\/paulinenaue.info\/wp-content\/uploads\/2024\/11\/Baenke-und-Tisch-nach-Fertigstellung.jpg?resize=525%2C300&ssl=1 1.5x, https:\/\/i0.wp.com\/paulinenaue.info\/wp-content\/uploads\/2024\/11\/Baenke-und-Tisch-nach-Fertigstellung.jpg?resize=700%2C400&ssl=1 2x, https:\/\/i0.wp.com\/paulinenaue.info\/wp-content\/uploads\/2024\/11\/Baenke-und-Tisch-nach-Fertigstellung.jpg?resize=1050%2C600&ssl=1 3x, https:\/\/i0.wp.com\/paulinenaue.info\/wp-content\/uploads\/2024\/11\/Baenke-und-Tisch-nach-Fertigstellung.jpg?resize=1400%2C800&ssl=1 4x"},"classes":[]},{"id":414966,"url":"https:\/\/paulinenaue.info\/index.php\/wieder-weihnachtsmarkt-in-paulinenaue\/","url_meta":{"origin":415004,"position":1},"title":"Wieder Weihnachtsmarkt in Paulinenaue","author":"Joachim Scholz","date":"27. November 2022","format":false,"excerpt":"Nach zwei Jahren Coronapause war am Samstag vor dem Ersten Advent 2022 wieder Weihnachtsmarkt in Paulinenaue. Und es war ein sch\u00f6ner, ein fast formvollendeter Weihnachtsmarkt. So h\u00f6rte man es von vielen Seiten. Und wohin man blickte, Leute im Gespr\u00e4ch, vertraute Gesichter, manche extra angereist f\u00fcr ein Wiedersehen. St\u00e4nde lockten mit\u2026","rel":"","context":"In &quot;Allgemein&quot;","block_context":{"text":"Allgemein","link":"https:\/\/paulinenaue.info\/index.php\/category\/allgemein\/"},"img":{"alt_text":"","src":"https:\/\/i0.wp.com\/paulinenaue.info\/wp-content\/uploads\/2022\/11\/2022-11-26-Weihnachtsmarkt-11.jpeg?resize=350%2C200&ssl=1","width":350,"height":200,"srcset":"https:\/\/i0.wp.com\/paulinenaue.info\/wp-content\/uploads\/2022\/11\/2022-11-26-Weihnachtsmarkt-11.jpeg?resize=350%2C200&ssl=1 1x, https:\/\/i0.wp.com\/paulinenaue.info\/wp-content\/uploads\/2022\/11\/2022-11-26-Weihnachtsmarkt-11.jpeg?resize=525%2C300&ssl=1 1.5x, https:\/\/i0.wp.com\/paulinenaue.info\/wp-content\/uploads\/2022\/11\/2022-11-26-Weihnachtsmarkt-11.jpeg?resize=700%2C400&ssl=1 2x"},"classes":[]},{"id":131,"url":"https:\/\/paulinenaue.info\/index.php\/solch-einen-stimmungsvollen-ort-habe-ich-selten-erlebt-gisela-heller-liest-im-wintergarten-des-paulinenauer-herrenhauses\/","url_meta":{"origin":415004,"position":2},"title":"\u201eSolch einen stimmungsvollen Ort habe ich selten erlebt\u201c &#8211; Gisela Heller liest im Wintergarten des Paulinenauer Herrenhauses","author":"Joachim Scholz","date":"6. Dezember 2012","format":false,"excerpt":"09.11.2012. \u201eUnterwegs mit Gisela\u201c hie\u00dfen die Radio-Reportagen, mit denen Gisela Heller zu DDR-Zeiten Heimatkundliches \u00fcber den \u00c4ther schickte. Gek\u00fcrzt gingen ausgew\u00e4hlte St\u00fccke dann in ihre beiden Buchpublikationen \u201eM\u00e4rkischer Bilderbogen\u201c (1976) und \u201eNeuer M\u00e4rkischer Bilderbogen\u201c (1986) ein. Eine dieser Reportagen war Paulinenaue gewidmet, denn in jenen Jahren war unser Dorf ein\u2026","rel":"","context":"In &quot;Historie&quot;","block_context":{"text":"Historie","link":"https:\/\/paulinenaue.info\/index.php\/category\/historie\/"},"img":{"alt_text":"","src":"https:\/\/i0.wp.com\/paulinenaue.info\/wp-content\/uploads\/2016\/03\/20121109_heller_06_ft.jpg?resize=350%2C200&ssl=1","width":350,"height":200},"classes":[]},{"id":170,"url":"https:\/\/paulinenaue.info\/index.php\/unterwegs-auf-dem-neuen-radweg-paulinenaue-fehrbellin\/","url_meta":{"origin":415004,"position":3},"title":"Unterwegs auf dem neuen Radweg \u201eStille Pauline\u201c\u00a0zwischen Paulinenaue und Fehrbellin","author":"Joachim Scholz","date":"22. April 2011","format":false,"excerpt":"Eberhard Schwarz, Joachim Scholz 26.04.2011. Der baulich fertiggestellte Radweg Paulinenaue-Fehrbellin wird seit Beginn des Fr\u00fchlingswetters bereits eifrig genutzt. Burkhard Kunkel konnte man hier schon auf Inlinern treffen und Eberhard Schwarz, der im Ort eigentlich als eifriger L\u00e4ufer bekannt ist, brach zusammen mit seiner Frau am Osterwochenende zu einer Fahrradunternehmung nach\u2026","rel":"","context":"In &quot;Dorfentwicklung&quot;","block_context":{"text":"Dorfentwicklung","link":"https:\/\/paulinenaue.info\/index.php\/category\/dorfentwicklung\/"},"img":{"alt_text":"","src":"https:\/\/i0.wp.com\/paulinenaue.info\/wp-content\/uploads\/2016\/03\/20110426_radweg_05_lobe_01.jpg?resize=350%2C200&ssl=1","width":350,"height":200},"classes":[]},{"id":415635,"url":"https:\/\/paulinenaue.info\/index.php\/weihnachtsfeier-der-volkssolidaritaet\/","url_meta":{"origin":415004,"position":4},"title":"Weihnachtsfeier der Volkssolidarit\u00e4t","author":"Sarah","date":"18. Dezember 2023","format":false,"excerpt":"von Helga Henning Die Ortsgruppe der Volkssolidarit\u00e4t hatte am 6.12.2023 zur Weihnachtsfeier alle Seniorinnen und Senioren aus Paulinenaue eingeladen. Die Einladung fand gro\u00dfen Zuspruch, so fanden sich 62\u00a0 Seniorinnen \/ Senioren im Saal des Mehrzweckgeb\u00e4udes zu einem gem\u00fctlichen Nachmittag ein. Als Gast konnte auch Arne Breder, unser B\u00fcrgermeister, begr\u00fc\u00dft werden.\u2026","rel":"","context":"In &quot;Allgemein&quot;","block_context":{"text":"Allgemein","link":"https:\/\/paulinenaue.info\/index.php\/category\/allgemein\/"},"img":{"alt_text":"","src":"https:\/\/i0.wp.com\/paulinenaue.info\/wp-content\/uploads\/2023\/12\/Weihnachtsfeier-Senioren_1.jpg?resize=350%2C200&ssl=1","width":350,"height":200,"srcset":"https:\/\/i0.wp.com\/paulinenaue.info\/wp-content\/uploads\/2023\/12\/Weihnachtsfeier-Senioren_1.jpg?resize=350%2C200&ssl=1 1x, https:\/\/i0.wp.com\/paulinenaue.info\/wp-content\/uploads\/2023\/12\/Weihnachtsfeier-Senioren_1.jpg?resize=525%2C300&ssl=1 1.5x, https:\/\/i0.wp.com\/paulinenaue.info\/wp-content\/uploads\/2023\/12\/Weihnachtsfeier-Senioren_1.jpg?resize=700%2C400&ssl=1 2x, https:\/\/i0.wp.com\/paulinenaue.info\/wp-content\/uploads\/2023\/12\/Weihnachtsfeier-Senioren_1.jpg?resize=1050%2C600&ssl=1 3x, https:\/\/i0.wp.com\/paulinenaue.info\/wp-content\/uploads\/2023\/12\/Weihnachtsfeier-Senioren_1.jpg?resize=1400%2C800&ssl=1 4x"},"classes":[]},{"id":417135,"url":"https:\/\/paulinenaue.info\/index.php\/ein-blick-in-die-fast-fertig-sanierte-kirche\/","url_meta":{"origin":415004,"position":5},"title":"Ein Blick in die fast fertig sanierte Kirche","author":"Joachim Scholz","date":"15. Dezember 2024","format":false,"excerpt":"Nicht nur in Paulinenauer Kinderherzen w\u00e4chst gerade die vorweihnachtliche Spannung. Sie zeigt sich auch in emsigen Vorbereitungen an einem Geb\u00e4ude, das am Heiligen Abend eine besondere Rolle spielen soll. Die Sanierung der Paulinenauer Dorfkirche steht unmittelbar vor dem Abschluss und wenn alles wie geplant abl\u00e4uft, dann wird der Gottesdienst am\u2026","rel":"","context":"In &quot;Allgemein&quot;","block_context":{"text":"Allgemein","link":"https:\/\/paulinenaue.info\/index.php\/category\/allgemein\/"},"img":{"alt_text":"","src":"https:\/\/i0.wp.com\/paulinenaue.info\/wp-content\/uploads\/2024\/12\/2024-12-13_10-21-54-1.jpg?resize=350%2C200&ssl=1","width":350,"height":200,"srcset":"https:\/\/i0.wp.com\/paulinenaue.info\/wp-content\/uploads\/2024\/12\/2024-12-13_10-21-54-1.jpg?resize=350%2C200&ssl=1 1x, https:\/\/i0.wp.com\/paulinenaue.info\/wp-content\/uploads\/2024\/12\/2024-12-13_10-21-54-1.jpg?resize=525%2C300&ssl=1 1.5x, https:\/\/i0.wp.com\/paulinenaue.info\/wp-content\/uploads\/2024\/12\/2024-12-13_10-21-54-1.jpg?resize=700%2C400&ssl=1 2x, https:\/\/i0.wp.com\/paulinenaue.info\/wp-content\/uploads\/2024\/12\/2024-12-13_10-21-54-1.jpg?resize=1050%2C600&ssl=1 3x, https:\/\/i0.wp.com\/paulinenaue.info\/wp-content\/uploads\/2024\/12\/2024-12-13_10-21-54-1.jpg?resize=1400%2C800&ssl=1 4x"},"classes":[]}],"_links":{"self":[{"href":"https:\/\/paulinenaue.info\/index.php\/wp-json\/wp\/v2\/posts\/415004","targetHints":{"allow":["GET"]}}],"collection":[{"href":"https:\/\/paulinenaue.info\/index.php\/wp-json\/wp\/v2\/posts"}],"about":[{"href":"https:\/\/paulinenaue.info\/index.php\/wp-json\/wp\/v2\/types\/post"}],"author":[{"embeddable":true,"href":"https:\/\/paulinenaue.info\/index.php\/wp-json\/wp\/v2\/users\/1"}],"replies":[{"embeddable":true,"href":"https:\/\/paulinenaue.info\/index.php\/wp-json\/wp\/v2\/comments?post=415004"}],"version-history":[{"count":10,"href":"https:\/\/paulinenaue.info\/index.php\/wp-json\/wp\/v2\/posts\/415004\/revisions"}],"predecessor-version":[{"id":415023,"href":"https:\/\/paulinenaue.info\/index.php\/wp-json\/wp\/v2\/posts\/415004\/revisions\/415023"}],"wp:featuredmedia":[{"embeddable":true,"href":"https:\/\/paulinenaue.info\/index.php\/wp-json\/wp\/v2\/media\/415006"}],"wp:attachment":[{"href":"https:\/\/paulinenaue.info\/index.php\/wp-json\/wp\/v2\/media?parent=415004"}],"wp:term":[{"taxonomy":"category","embeddable":true,"href":"https:\/\/paulinenaue.info\/index.php\/wp-json\/wp\/v2\/categories?post=415004"},{"taxonomy":"post_tag","embeddable":true,"href":"https:\/\/paulinenaue.info\/index.php\/wp-json\/wp\/v2\/tags?post=415004"}],"curies":[{"name":"wp","href":"https:\/\/api.w.org\/{rel}","templated":true}]}}