{"id":415111,"date":"2023-04-06T00:11:33","date_gmt":"2023-04-05T22:11:33","guid":{"rendered":"https:\/\/paulinenaue.info\/?p=415111"},"modified":"2023-04-06T00:11:33","modified_gmt":"2023-04-05T22:11:33","slug":"fruehjahrsputz-in-paulinenaue-2023","status":"publish","type":"post","link":"https:\/\/paulinenaue.info\/index.php\/fruehjahrsputz-in-paulinenaue-2023\/","title":{"rendered":"Fr\u00fchjahrsputz 2023"},"content":{"rendered":"<p><em>Ein Dank der Gemeindevertretung, von Sabine Pietschmann<\/em><\/p>\n<p>Trotz Nieselregens, niedriger Temperaturen und trotz des Datums folgten\u00a0 32 B\u00fcrger* innen dem Aufruf zum Fr\u00fchjahrsputz am Sonnabend, dem 1. April. Schwerpunkt war wieder der Bahnhof, aber es wurde auch auf dem Friedhof und dem Tennisplatz im Park gehackt und geharkt. Das Bahnhofsgel\u00e4nde wurde von Unrat und Wildwuchs befreit, die Str\u00e4ucher beschnitten, das Leseh\u00e4uschen neu gestaltet und zwei B\u00e4ume gepflanzt. Das Ergebnis kann sich sehen lassen. Den Abschluss bildete eine gem\u00fctliche Runde bei lecker Bratwurst an der Feuerwehr.<\/p>\n<div id=\"attachment_415116\" style=\"width: 459px\" class=\"wp-caption alignnone\"><a href=\"https:\/\/paulinenaue.info\/wp-content\/uploads\/2023\/04\/Putz231.jpg\"><img decoding=\"async\" aria-describedby=\"caption-attachment-415116\" data-attachment-id=\"415116\" data-permalink=\"https:\/\/paulinenaue.info\/index.php\/fruehjahrsputz-in-paulinenaue-2023\/putz231\/\" data-orig-file=\"https:\/\/paulinenaue.info\/wp-content\/uploads\/2023\/04\/Putz231-e1710539672803.jpg\" data-orig-size=\"1181,936\" data-comments-opened=\"1\" data-image-meta=\"{&quot;aperture&quot;:&quot;0&quot;,&quot;credit&quot;:&quot;&quot;,&quot;camera&quot;:&quot;&quot;,&quot;caption&quot;:&quot;&quot;,&quot;created_timestamp&quot;:&quot;0&quot;,&quot;copyright&quot;:&quot;&quot;,&quot;focal_length&quot;:&quot;0&quot;,&quot;iso&quot;:&quot;0&quot;,&quot;shutter_speed&quot;:&quot;0&quot;,&quot;title&quot;:&quot;&quot;,&quot;orientation&quot;:&quot;0&quot;}\" data-image-title=\"Putz231\" data-image-description=\"\" data-image-caption=\"\" data-large-file=\"https:\/\/paulinenaue.info\/wp-content\/uploads\/2023\/04\/Putz231-e1710539672803-1024x812.jpg\" class=\"lazyload wp-image-415116 \" src=\"data:image\/svg+xml,%3Csvg%20xmlns%3D%27http%3A%2F%2Fwww.w3.org%2F2000%2Fsvg%27%20width%3D%27449%27%20height%3D%27598%27%20viewBox%3D%270%200%20449%20598%27%3E%3Crect%20width%3D%27449%27%20height%3D%27598%27%20fill-opacity%3D%220%22%2F%3E%3C%2Fsvg%3E\" data-orig-src=\"https:\/\/paulinenaue.info\/wp-content\/uploads\/2023\/04\/Putz231-600x800.jpg\" alt=\"\" width=\"449\" height=\"598\" \/><\/a><p id=\"caption-attachment-415116\" class=\"wp-caption-text\">Der Schwerpunktbereich, das Bahnhofsgeb\u00e4ude.<\/p><\/div>\n<p>&nbsp;<\/p>\n<div id=\"attachment_415115\" style=\"width: 458px\" class=\"wp-caption alignnone\"><a href=\"https:\/\/paulinenaue.info\/wp-content\/uploads\/2023\/04\/Putz235.jpg\"><img decoding=\"async\" aria-describedby=\"caption-attachment-415115\" data-attachment-id=\"415115\" data-permalink=\"https:\/\/paulinenaue.info\/index.php\/fruehjahrsputz-in-paulinenaue-2023\/putz235\/\" data-orig-file=\"https:\/\/paulinenaue.info\/wp-content\/uploads\/2023\/04\/Putz235.jpg\" data-orig-size=\"1200,1600\" data-comments-opened=\"1\" data-image-meta=\"{&quot;aperture&quot;:&quot;0&quot;,&quot;credit&quot;:&quot;&quot;,&quot;camera&quot;:&quot;&quot;,&quot;caption&quot;:&quot;&quot;,&quot;created_timestamp&quot;:&quot;0&quot;,&quot;copyright&quot;:&quot;&quot;,&quot;focal_length&quot;:&quot;0&quot;,&quot;iso&quot;:&quot;0&quot;,&quot;shutter_speed&quot;:&quot;0&quot;,&quot;title&quot;:&quot;&quot;,&quot;orientation&quot;:&quot;0&quot;}\" data-image-title=\"Putz235\" data-image-description=\"\" data-image-caption=\"\" data-large-file=\"https:\/\/paulinenaue.info\/wp-content\/uploads\/2023\/04\/Putz235-768x1024.jpg\" class=\"lazyload wp-image-415115\" src=\"https:\/\/paulinenaue.info\/wp-content\/uploads\/2023\/04\/Putz235-600x800.jpg\" data-orig-src=\"https:\/\/paulinenaue.info\/wp-content\/uploads\/2023\/04\/Putz235-600x800.jpg\" alt=\"\" width=\"448\" height=\"598\" srcset=\"data:image\/svg+xml,%3Csvg%20xmlns%3D%27http%3A%2F%2Fwww.w3.org%2F2000%2Fsvg%27%20width%3D%27448%27%20height%3D%27598%27%20viewBox%3D%270%200%20448%20598%27%3E%3Crect%20width%3D%27448%27%20height%3D%27598%27%20fill-opacity%3D%220%22%2F%3E%3C%2Fsvg%3E\" data-srcset=\"https:\/\/paulinenaue.info\/wp-content\/uploads\/2023\/04\/Putz235-200x267.jpg 200w, https:\/\/paulinenaue.info\/wp-content\/uploads\/2023\/04\/Putz235-225x300.jpg 225w, https:\/\/paulinenaue.info\/wp-content\/uploads\/2023\/04\/Putz235-400x533.jpg 400w, https:\/\/paulinenaue.info\/wp-content\/uploads\/2023\/04\/Putz235-600x800.jpg 600w, https:\/\/paulinenaue.info\/wp-content\/uploads\/2023\/04\/Putz235-768x1024.jpg 768w, https:\/\/paulinenaue.info\/wp-content\/uploads\/2023\/04\/Putz235-800x1067.jpg 800w, https:\/\/paulinenaue.info\/wp-content\/uploads\/2023\/04\/Putz235-1152x1536.jpg 1152w, https:\/\/paulinenaue.info\/wp-content\/uploads\/2023\/04\/Putz235.jpg 1200w\" data-sizes=\"auto\" data-orig-sizes=\"(max-width: 448px) 100vw, 448px\" \/><\/a><p id=\"caption-attachment-415115\" class=\"wp-caption-text\">Arbeit hinter Gittern? Keineswegs \u2013 Mehr als 30 Paulinenauer beteiligten sich wieder freiwillg am Fr\u00fchjahrsputz.<\/p><\/div>\n<p>&nbsp;<\/p>\n<div id=\"attachment_415114\" style=\"width: 484px\" class=\"wp-caption alignnone\"><a href=\"https:\/\/paulinenaue.info\/wp-content\/uploads\/2023\/04\/Putz234.jpg\"><img decoding=\"async\" aria-describedby=\"caption-attachment-415114\" data-attachment-id=\"415114\" data-permalink=\"https:\/\/paulinenaue.info\/index.php\/fruehjahrsputz-in-paulinenaue-2023\/putz234\/\" data-orig-file=\"https:\/\/paulinenaue.info\/wp-content\/uploads\/2023\/04\/Putz234.jpg\" data-orig-size=\"1200,1600\" data-comments-opened=\"1\" data-image-meta=\"{&quot;aperture&quot;:&quot;0&quot;,&quot;credit&quot;:&quot;&quot;,&quot;camera&quot;:&quot;&quot;,&quot;caption&quot;:&quot;&quot;,&quot;created_timestamp&quot;:&quot;0&quot;,&quot;copyright&quot;:&quot;&quot;,&quot;focal_length&quot;:&quot;0&quot;,&quot;iso&quot;:&quot;0&quot;,&quot;shutter_speed&quot;:&quot;0&quot;,&quot;title&quot;:&quot;&quot;,&quot;orientation&quot;:&quot;0&quot;}\" data-image-title=\"Putz234\" data-image-description=\"\" data-image-caption=\"&lt;p&gt;Es wurden sogar B\u00e4ume gepflanzt!&lt;\/p&gt;\n\" data-large-file=\"https:\/\/paulinenaue.info\/wp-content\/uploads\/2023\/04\/Putz234-768x1024.jpg\" class=\"lazyload  wp-image-415114\" src=\"https:\/\/paulinenaue.info\/wp-content\/uploads\/2023\/04\/Putz234-600x800.jpg\" data-orig-src=\"https:\/\/paulinenaue.info\/wp-content\/uploads\/2023\/04\/Putz234-600x800.jpg\" alt=\"\" width=\"474\" height=\"632\" srcset=\"data:image\/svg+xml,%3Csvg%20xmlns%3D%27http%3A%2F%2Fwww.w3.org%2F2000%2Fsvg%27%20width%3D%27474%27%20height%3D%27632%27%20viewBox%3D%270%200%20474%20632%27%3E%3Crect%20width%3D%27474%27%20height%3D%27632%27%20fill-opacity%3D%220%22%2F%3E%3C%2Fsvg%3E\" data-srcset=\"https:\/\/paulinenaue.info\/wp-content\/uploads\/2023\/04\/Putz234-200x267.jpg 200w, https:\/\/paulinenaue.info\/wp-content\/uploads\/2023\/04\/Putz234-225x300.jpg 225w, https:\/\/paulinenaue.info\/wp-content\/uploads\/2023\/04\/Putz234-400x533.jpg 400w, https:\/\/paulinenaue.info\/wp-content\/uploads\/2023\/04\/Putz234-600x800.jpg 600w, https:\/\/paulinenaue.info\/wp-content\/uploads\/2023\/04\/Putz234-768x1024.jpg 768w, https:\/\/paulinenaue.info\/wp-content\/uploads\/2023\/04\/Putz234-800x1067.jpg 800w, https:\/\/paulinenaue.info\/wp-content\/uploads\/2023\/04\/Putz234-1152x1536.jpg 1152w, https:\/\/paulinenaue.info\/wp-content\/uploads\/2023\/04\/Putz234.jpg 1200w\" data-sizes=\"auto\" data-orig-sizes=\"(max-width: 474px) 100vw, 474px\" \/><\/a><p id=\"caption-attachment-415114\" class=\"wp-caption-text\">Es wurden sogar B\u00e4ume gepflanzt!<\/p><\/div>\n<p>&nbsp;<\/p>\n<div id=\"attachment_415113\" style=\"width: 610px\" class=\"wp-caption alignnone\"><a href=\"https:\/\/paulinenaue.info\/wp-content\/uploads\/2023\/04\/Putz233.jpg\"><img decoding=\"async\" aria-describedby=\"caption-attachment-415113\" data-attachment-id=\"415113\" data-permalink=\"https:\/\/paulinenaue.info\/index.php\/fruehjahrsputz-in-paulinenaue-2023\/putz233\/\" data-orig-file=\"https:\/\/paulinenaue.info\/wp-content\/uploads\/2023\/04\/Putz233.jpg\" data-orig-size=\"1600,1200\" data-comments-opened=\"1\" data-image-meta=\"{&quot;aperture&quot;:&quot;0&quot;,&quot;credit&quot;:&quot;&quot;,&quot;camera&quot;:&quot;&quot;,&quot;caption&quot;:&quot;&quot;,&quot;created_timestamp&quot;:&quot;0&quot;,&quot;copyright&quot;:&quot;&quot;,&quot;focal_length&quot;:&quot;0&quot;,&quot;iso&quot;:&quot;0&quot;,&quot;shutter_speed&quot;:&quot;0&quot;,&quot;title&quot;:&quot;&quot;,&quot;orientation&quot;:&quot;0&quot;}\" data-image-title=\"Fr\u00fchjahrsputz 2023\" data-image-description=\"\" data-image-caption=\"\" data-large-file=\"https:\/\/paulinenaue.info\/wp-content\/uploads\/2023\/04\/Putz233-1024x768.jpg\" class=\"lazyload wp-image-415113 size-fusion-600\" src=\"https:\/\/paulinenaue.info\/wp-content\/uploads\/2023\/04\/Putz233-600x450.jpg\" data-orig-src=\"https:\/\/paulinenaue.info\/wp-content\/uploads\/2023\/04\/Putz233-600x450.jpg\" alt=\"\" width=\"600\" height=\"450\" srcset=\"data:image\/svg+xml,%3Csvg%20xmlns%3D%27http%3A%2F%2Fwww.w3.org%2F2000%2Fsvg%27%20width%3D%27600%27%20height%3D%27450%27%20viewBox%3D%270%200%20600%20450%27%3E%3Crect%20width%3D%27600%27%20height%3D%27450%27%20fill-opacity%3D%220%22%2F%3E%3C%2Fsvg%3E\" data-srcset=\"https:\/\/paulinenaue.info\/wp-content\/uploads\/2023\/04\/Putz233-200x150.jpg 200w, https:\/\/paulinenaue.info\/wp-content\/uploads\/2023\/04\/Putz233-300x225.jpg 300w, https:\/\/paulinenaue.info\/wp-content\/uploads\/2023\/04\/Putz233-400x300.jpg 400w, https:\/\/paulinenaue.info\/wp-content\/uploads\/2023\/04\/Putz233-600x450.jpg 600w, https:\/\/paulinenaue.info\/wp-content\/uploads\/2023\/04\/Putz233-768x576.jpg 768w, https:\/\/paulinenaue.info\/wp-content\/uploads\/2023\/04\/Putz233-800x600.jpg 800w, https:\/\/paulinenaue.info\/wp-content\/uploads\/2023\/04\/Putz233-1024x768.jpg 1024w, https:\/\/paulinenaue.info\/wp-content\/uploads\/2023\/04\/Putz233-1200x900.jpg 1200w, https:\/\/paulinenaue.info\/wp-content\/uploads\/2023\/04\/Putz233-1536x1152.jpg 1536w, https:\/\/paulinenaue.info\/wp-content\/uploads\/2023\/04\/Putz233.jpg 1600w\" data-sizes=\"auto\" data-orig-sizes=\"(max-width: 600px) 100vw, 600px\" \/><\/a><p id=\"caption-attachment-415113\" class=\"wp-caption-text\">\u2026 und vorhandene B\u00e4ume gehegt und gepflegt!<\/p><\/div>\n<p>&nbsp;<\/p>\n<div id=\"attachment_415112\" style=\"width: 476px\" class=\"wp-caption alignnone\"><a href=\"https:\/\/paulinenaue.info\/wp-content\/uploads\/2023\/04\/putz232.jpg\"><img decoding=\"async\" aria-describedby=\"caption-attachment-415112\" data-attachment-id=\"415112\" data-permalink=\"https:\/\/paulinenaue.info\/index.php\/fruehjahrsputz-in-paulinenaue-2023\/putz232\/\" data-orig-file=\"https:\/\/paulinenaue.info\/wp-content\/uploads\/2023\/04\/putz232.jpg\" data-orig-size=\"1200,1600\" data-comments-opened=\"1\" data-image-meta=\"{&quot;aperture&quot;:&quot;0&quot;,&quot;credit&quot;:&quot;&quot;,&quot;camera&quot;:&quot;&quot;,&quot;caption&quot;:&quot;&quot;,&quot;created_timestamp&quot;:&quot;0&quot;,&quot;copyright&quot;:&quot;&quot;,&quot;focal_length&quot;:&quot;0&quot;,&quot;iso&quot;:&quot;0&quot;,&quot;shutter_speed&quot;:&quot;0&quot;,&quot;title&quot;:&quot;&quot;,&quot;orientation&quot;:&quot;0&quot;}\" data-image-title=\"putz232\" data-image-description=\"\" data-image-caption=\"\" data-large-file=\"https:\/\/paulinenaue.info\/wp-content\/uploads\/2023\/04\/putz232-768x1024.jpg\" class=\"lazyload wp-image-415112\" src=\"https:\/\/paulinenaue.info\/wp-content\/uploads\/2023\/04\/putz232-600x800.jpg\" data-orig-src=\"https:\/\/paulinenaue.info\/wp-content\/uploads\/2023\/04\/putz232-600x800.jpg\" alt=\"\" width=\"466\" height=\"621\" srcset=\"data:image\/svg+xml,%3Csvg%20xmlns%3D%27http%3A%2F%2Fwww.w3.org%2F2000%2Fsvg%27%20width%3D%27466%27%20height%3D%27621%27%20viewBox%3D%270%200%20466%20621%27%3E%3Crect%20width%3D%27466%27%20height%3D%27621%27%20fill-opacity%3D%220%22%2F%3E%3C%2Fsvg%3E\" data-srcset=\"https:\/\/paulinenaue.info\/wp-content\/uploads\/2023\/04\/putz232-200x267.jpg 200w, https:\/\/paulinenaue.info\/wp-content\/uploads\/2023\/04\/putz232-225x300.jpg 225w, https:\/\/paulinenaue.info\/wp-content\/uploads\/2023\/04\/putz232-400x533.jpg 400w, https:\/\/paulinenaue.info\/wp-content\/uploads\/2023\/04\/putz232-600x800.jpg 600w, https:\/\/paulinenaue.info\/wp-content\/uploads\/2023\/04\/putz232-768x1024.jpg 768w, https:\/\/paulinenaue.info\/wp-content\/uploads\/2023\/04\/putz232-800x1067.jpg 800w, https:\/\/paulinenaue.info\/wp-content\/uploads\/2023\/04\/putz232-1152x1536.jpg 1152w, https:\/\/paulinenaue.info\/wp-content\/uploads\/2023\/04\/putz232.jpg 1200w\" data-sizes=\"auto\" data-orig-sizes=\"(max-width: 466px) 100vw, 466px\" \/><\/a><p id=\"caption-attachment-415112\" class=\"wp-caption-text\">Dass so ein Arbeitseinsatz Spa\u00df macht, zeigen diese flei\u00dfigen Paulinenauerinnen!<\/p><\/div>\n<p>Allen Helfer*innen unseren herzlichen Dank. Bis 2024 , vielleicht bei Sonnenschein und (vielleicht) noch etwas mehr Beteiligung.<\/p>\n<p>Die Gemeindevertreter Paulinenaue<\/p>\n","protected":false},"excerpt":{"rendered":"<p>Ein Dank der Gemeindevertretung, von Sabine Pietschmann Trotz Nieselregens, niedriger [&hellip;]<\/p>\n","protected":false},"author":1,"featured_media":415113,"comment_status":"open","ping_status":"open","sticky":false,"template":"","format":"standard","meta":{"_acf_changed":false,"_price":"","_stock":"","_tribe_ticket_header":"","_tribe_default_ticket_provider":"","_tribe_ticket_capacity":"0","_ticket_start_date":"","_ticket_end_date":"","_tribe_ticket_show_description":"","_tribe_ticket_show_not_going":false,"_tribe_ticket_use_global_stock":"","_tribe_ticket_global_stock_level":"","_global_stock_mode":"","_global_stock_cap":"","_tribe_rsvp_for_event":"","_tribe_ticket_going_count":"","_tribe_ticket_not_going_count":"","_tribe_tickets_list":"[]","_tribe_ticket_has_attendee_info_fields":false,"jetpack_post_was_ever_published":false,"_jetpack_newsletter_access":"","_jetpack_dont_email_post_to_subs":false,"_jetpack_newsletter_tier_id":0,"_jetpack_memberships_contains_paywalled_content":false,"_jetpack_memberships_contains_paid_content":false,"footnotes":"","jetpack_publicize_message":"","jetpack_publicize_feature_enabled":true,"jetpack_social_post_already_shared":true,"jetpack_social_options":{"image_generator_settings":{"template":"highway","default_image_id":0,"font":"","enabled":false},"version":2}},"categories":[1,280,40,439,6,9],"tags":[386,497],"class_list":["post-415111","post","type-post","status-publish","format-standard","has-post-thumbnail","hentry","category-allgemein","category-bahnhof","category-dorfentwicklung","category-gemeinde-paulinenaue","category-hier-zuhause","category-neuigkeiten","tag-fruehjahrsputz","tag-subbotnik"],"acf":[],"yoast_head":"<!-- This site is optimized with the Yoast SEO plugin v27.5 - https:\/\/yoast.com\/product\/yoast-seo-wordpress\/ -->\n<title>Fr\u00fchjahrsputz 2023 - Paulinenaue<\/title>\n<meta name=\"description\" content=\"Trotz Nieselregens und niedrigen Temperaturen folgten 32 B\u00fcrgerinnen am 1. April dem Aufruf zum Fr\u00fchjahrsputz in Paulinenaue.\" \/>\n<meta name=\"robots\" content=\"index, follow, max-snippet:-1, max-image-preview:large, max-video-preview:-1\" \/>\n<link rel=\"canonical\" href=\"https:\/\/paulinenaue.info\/index.php\/fruehjahrsputz-in-paulinenaue-2023\/\" \/>\n<meta property=\"og:locale\" content=\"de_DE\" \/>\n<meta property=\"og:type\" content=\"article\" \/>\n<meta property=\"og:title\" content=\"Fr\u00fchjahrsputz 2023 - Paulinenaue\" \/>\n<meta property=\"og:description\" content=\"Trotz Nieselregens und niedrigen Temperaturen folgten 32 B\u00fcrgerinnen am 1. April dem Aufruf zum Fr\u00fchjahrsputz in Paulinenaue.\" \/>\n<meta property=\"og:url\" content=\"https:\/\/paulinenaue.info\/index.php\/fruehjahrsputz-in-paulinenaue-2023\/\" \/>\n<meta property=\"og:site_name\" content=\"Paulinenaue\" \/>\n<meta property=\"article:published_time\" content=\"2023-04-05T22:11:33+00:00\" \/>\n<meta property=\"og:image\" content=\"https:\/\/paulinenaue.info\/wp-content\/uploads\/2023\/04\/Putz233.jpg\" \/>\n\t<meta property=\"og:image:width\" content=\"1600\" \/>\n\t<meta property=\"og:image:height\" content=\"1200\" \/>\n\t<meta property=\"og:image:type\" content=\"image\/jpeg\" \/>\n<meta name=\"author\" content=\"Joachim Scholz\" \/>\n<meta name=\"twitter:card\" content=\"summary_large_image\" \/>\n<meta name=\"twitter:label1\" content=\"Verfasst von\" \/>\n\t<meta name=\"twitter:data1\" content=\"Joachim Scholz\" \/>\n\t<meta name=\"twitter:label2\" content=\"Gesch\u00e4tzte Lesezeit\" \/>\n\t<meta name=\"twitter:data2\" content=\"2\u00a0Minuten\" \/>\n<script type=\"application\/ld+json\" class=\"yoast-schema-graph\">{\"@context\":\"https:\\\/\\\/schema.org\",\"@graph\":[{\"@type\":\"Article\",\"@id\":\"https:\\\/\\\/paulinenaue.info\\\/index.php\\\/fruehjahrsputz-in-paulinenaue-2023\\\/#article\",\"isPartOf\":{\"@id\":\"https:\\\/\\\/paulinenaue.info\\\/index.php\\\/fruehjahrsputz-in-paulinenaue-2023\\\/\"},\"author\":{\"name\":\"Joachim Scholz\",\"@id\":\"https:\\\/\\\/paulinenaue.info\\\/#\\\/schema\\\/person\\\/3f9e818fd7b69b0d2bd937ac506897cc\"},\"headline\":\"Fr\u00fchjahrsputz 2023\",\"datePublished\":\"2023-04-05T22:11:33+00:00\",\"mainEntityOfPage\":{\"@id\":\"https:\\\/\\\/paulinenaue.info\\\/index.php\\\/fruehjahrsputz-in-paulinenaue-2023\\\/\"},\"wordCount\":193,\"commentCount\":0,\"image\":{\"@id\":\"https:\\\/\\\/paulinenaue.info\\\/index.php\\\/fruehjahrsputz-in-paulinenaue-2023\\\/#primaryimage\"},\"thumbnailUrl\":\"https:\\\/\\\/paulinenaue.info\\\/wp-content\\\/uploads\\\/2023\\\/04\\\/Putz233.jpg\",\"keywords\":[\"Fr\u00fchjahrsputz\",\"Subbotnik\"],\"articleSection\":{\"1\":\"Bahnhof\",\"2\":\"Dorfentwicklung\",\"3\":\"Gemeinde Paulinenaue\",\"4\":\"Hier Zuhause\",\"5\":\"Neuigkeiten\"},\"inLanguage\":\"de\",\"potentialAction\":[{\"@type\":\"CommentAction\",\"name\":\"Comment\",\"target\":[\"https:\\\/\\\/paulinenaue.info\\\/index.php\\\/fruehjahrsputz-in-paulinenaue-2023\\\/#respond\"]}]},{\"@type\":\"WebPage\",\"@id\":\"https:\\\/\\\/paulinenaue.info\\\/index.php\\\/fruehjahrsputz-in-paulinenaue-2023\\\/\",\"url\":\"https:\\\/\\\/paulinenaue.info\\\/index.php\\\/fruehjahrsputz-in-paulinenaue-2023\\\/\",\"name\":\"Fr\u00fchjahrsputz 2023 - Paulinenaue\",\"isPartOf\":{\"@id\":\"https:\\\/\\\/paulinenaue.info\\\/#website\"},\"primaryImageOfPage\":{\"@id\":\"https:\\\/\\\/paulinenaue.info\\\/index.php\\\/fruehjahrsputz-in-paulinenaue-2023\\\/#primaryimage\"},\"image\":{\"@id\":\"https:\\\/\\\/paulinenaue.info\\\/index.php\\\/fruehjahrsputz-in-paulinenaue-2023\\\/#primaryimage\"},\"thumbnailUrl\":\"https:\\\/\\\/paulinenaue.info\\\/wp-content\\\/uploads\\\/2023\\\/04\\\/Putz233.jpg\",\"datePublished\":\"2023-04-05T22:11:33+00:00\",\"author\":{\"@id\":\"https:\\\/\\\/paulinenaue.info\\\/#\\\/schema\\\/person\\\/3f9e818fd7b69b0d2bd937ac506897cc\"},\"description\":\"Trotz Nieselregens und niedrigen Temperaturen folgten 32 B\u00fcrgerinnen am 1. April dem Aufruf zum Fr\u00fchjahrsputz in Paulinenaue.\",\"breadcrumb\":{\"@id\":\"https:\\\/\\\/paulinenaue.info\\\/index.php\\\/fruehjahrsputz-in-paulinenaue-2023\\\/#breadcrumb\"},\"inLanguage\":\"de\",\"potentialAction\":[{\"@type\":\"ReadAction\",\"target\":[\"https:\\\/\\\/paulinenaue.info\\\/index.php\\\/fruehjahrsputz-in-paulinenaue-2023\\\/\"]}]},{\"@type\":\"ImageObject\",\"inLanguage\":\"de\",\"@id\":\"https:\\\/\\\/paulinenaue.info\\\/index.php\\\/fruehjahrsputz-in-paulinenaue-2023\\\/#primaryimage\",\"url\":\"https:\\\/\\\/paulinenaue.info\\\/wp-content\\\/uploads\\\/2023\\\/04\\\/Putz233.jpg\",\"contentUrl\":\"https:\\\/\\\/paulinenaue.info\\\/wp-content\\\/uploads\\\/2023\\\/04\\\/Putz233.jpg\",\"width\":1600,\"height\":1200},{\"@type\":\"BreadcrumbList\",\"@id\":\"https:\\\/\\\/paulinenaue.info\\\/index.php\\\/fruehjahrsputz-in-paulinenaue-2023\\\/#breadcrumb\",\"itemListElement\":[{\"@type\":\"ListItem\",\"position\":1,\"name\":\"Home\",\"item\":\"https:\\\/\\\/paulinenaue.info\\\/\"},{\"@type\":\"ListItem\",\"position\":2,\"name\":\"Fr\u00fchjahrsputz 2023\"}]},{\"@type\":\"WebSite\",\"@id\":\"https:\\\/\\\/paulinenaue.info\\\/#website\",\"url\":\"https:\\\/\\\/paulinenaue.info\\\/\",\"name\":\"Paulinenaue\",\"description\":\"Ein Dorf im Havelland\",\"potentialAction\":[{\"@type\":\"SearchAction\",\"target\":{\"@type\":\"EntryPoint\",\"urlTemplate\":\"https:\\\/\\\/paulinenaue.info\\\/?s={search_term_string}\"},\"query-input\":{\"@type\":\"PropertyValueSpecification\",\"valueRequired\":true,\"valueName\":\"search_term_string\"}}],\"inLanguage\":\"de\"},{\"@type\":\"Person\",\"@id\":\"https:\\\/\\\/paulinenaue.info\\\/#\\\/schema\\\/person\\\/3f9e818fd7b69b0d2bd937ac506897cc\",\"name\":\"Joachim Scholz\",\"url\":\"https:\\\/\\\/paulinenaue.info\\\/index.php\\\/author\\\/jjscholz\\\/\"}]}<\/script>\n<!-- \/ Yoast SEO plugin. -->","yoast_head_json":{"title":"Fr\u00fchjahrsputz 2023 - Paulinenaue","description":"Trotz Nieselregens und niedrigen Temperaturen folgten 32 B\u00fcrgerinnen am 1. April dem Aufruf zum Fr\u00fchjahrsputz in Paulinenaue.","robots":{"index":"index","follow":"follow","max-snippet":"max-snippet:-1","max-image-preview":"max-image-preview:large","max-video-preview":"max-video-preview:-1"},"canonical":"https:\/\/paulinenaue.info\/index.php\/fruehjahrsputz-in-paulinenaue-2023\/","og_locale":"de_DE","og_type":"article","og_title":"Fr\u00fchjahrsputz 2023 - Paulinenaue","og_description":"Trotz Nieselregens und niedrigen Temperaturen folgten 32 B\u00fcrgerinnen am 1. April dem Aufruf zum Fr\u00fchjahrsputz in Paulinenaue.","og_url":"https:\/\/paulinenaue.info\/index.php\/fruehjahrsputz-in-paulinenaue-2023\/","og_site_name":"Paulinenaue","article_published_time":"2023-04-05T22:11:33+00:00","og_image":[{"width":1600,"height":1200,"url":"https:\/\/paulinenaue.info\/wp-content\/uploads\/2023\/04\/Putz233.jpg","type":"image\/jpeg"}],"author":"Joachim Scholz","twitter_card":"summary_large_image","twitter_misc":{"Verfasst von":"Joachim Scholz","Gesch\u00e4tzte Lesezeit":"2\u00a0Minuten"},"schema":{"@context":"https:\/\/schema.org","@graph":[{"@type":"Article","@id":"https:\/\/paulinenaue.info\/index.php\/fruehjahrsputz-in-paulinenaue-2023\/#article","isPartOf":{"@id":"https:\/\/paulinenaue.info\/index.php\/fruehjahrsputz-in-paulinenaue-2023\/"},"author":{"name":"Joachim Scholz","@id":"https:\/\/paulinenaue.info\/#\/schema\/person\/3f9e818fd7b69b0d2bd937ac506897cc"},"headline":"Fr\u00fchjahrsputz 2023","datePublished":"2023-04-05T22:11:33+00:00","mainEntityOfPage":{"@id":"https:\/\/paulinenaue.info\/index.php\/fruehjahrsputz-in-paulinenaue-2023\/"},"wordCount":193,"commentCount":0,"image":{"@id":"https:\/\/paulinenaue.info\/index.php\/fruehjahrsputz-in-paulinenaue-2023\/#primaryimage"},"thumbnailUrl":"https:\/\/paulinenaue.info\/wp-content\/uploads\/2023\/04\/Putz233.jpg","keywords":["Fr\u00fchjahrsputz","Subbotnik"],"articleSection":{"1":"Bahnhof","2":"Dorfentwicklung","3":"Gemeinde Paulinenaue","4":"Hier Zuhause","5":"Neuigkeiten"},"inLanguage":"de","potentialAction":[{"@type":"CommentAction","name":"Comment","target":["https:\/\/paulinenaue.info\/index.php\/fruehjahrsputz-in-paulinenaue-2023\/#respond"]}]},{"@type":"WebPage","@id":"https:\/\/paulinenaue.info\/index.php\/fruehjahrsputz-in-paulinenaue-2023\/","url":"https:\/\/paulinenaue.info\/index.php\/fruehjahrsputz-in-paulinenaue-2023\/","name":"Fr\u00fchjahrsputz 2023 - Paulinenaue","isPartOf":{"@id":"https:\/\/paulinenaue.info\/#website"},"primaryImageOfPage":{"@id":"https:\/\/paulinenaue.info\/index.php\/fruehjahrsputz-in-paulinenaue-2023\/#primaryimage"},"image":{"@id":"https:\/\/paulinenaue.info\/index.php\/fruehjahrsputz-in-paulinenaue-2023\/#primaryimage"},"thumbnailUrl":"https:\/\/paulinenaue.info\/wp-content\/uploads\/2023\/04\/Putz233.jpg","datePublished":"2023-04-05T22:11:33+00:00","author":{"@id":"https:\/\/paulinenaue.info\/#\/schema\/person\/3f9e818fd7b69b0d2bd937ac506897cc"},"description":"Trotz Nieselregens und niedrigen Temperaturen folgten 32 B\u00fcrgerinnen am 1. April dem Aufruf zum Fr\u00fchjahrsputz in Paulinenaue.","breadcrumb":{"@id":"https:\/\/paulinenaue.info\/index.php\/fruehjahrsputz-in-paulinenaue-2023\/#breadcrumb"},"inLanguage":"de","potentialAction":[{"@type":"ReadAction","target":["https:\/\/paulinenaue.info\/index.php\/fruehjahrsputz-in-paulinenaue-2023\/"]}]},{"@type":"ImageObject","inLanguage":"de","@id":"https:\/\/paulinenaue.info\/index.php\/fruehjahrsputz-in-paulinenaue-2023\/#primaryimage","url":"https:\/\/paulinenaue.info\/wp-content\/uploads\/2023\/04\/Putz233.jpg","contentUrl":"https:\/\/paulinenaue.info\/wp-content\/uploads\/2023\/04\/Putz233.jpg","width":1600,"height":1200},{"@type":"BreadcrumbList","@id":"https:\/\/paulinenaue.info\/index.php\/fruehjahrsputz-in-paulinenaue-2023\/#breadcrumb","itemListElement":[{"@type":"ListItem","position":1,"name":"Home","item":"https:\/\/paulinenaue.info\/"},{"@type":"ListItem","position":2,"name":"Fr\u00fchjahrsputz 2023"}]},{"@type":"WebSite","@id":"https:\/\/paulinenaue.info\/#website","url":"https:\/\/paulinenaue.info\/","name":"Paulinenaue","description":"Ein Dorf im Havelland","potentialAction":[{"@type":"SearchAction","target":{"@type":"EntryPoint","urlTemplate":"https:\/\/paulinenaue.info\/?s={search_term_string}"},"query-input":{"@type":"PropertyValueSpecification","valueRequired":true,"valueName":"search_term_string"}}],"inLanguage":"de"},{"@type":"Person","@id":"https:\/\/paulinenaue.info\/#\/schema\/person\/3f9e818fd7b69b0d2bd937ac506897cc","name":"Joachim Scholz","url":"https:\/\/paulinenaue.info\/index.php\/author\/jjscholz\/"}]}},"jetpack_publicize_connections":[],"jetpack_featured_media_url":"https:\/\/paulinenaue.info\/wp-content\/uploads\/2023\/04\/Putz233.jpg","jetpack_sharing_enabled":true,"jetpack_shortlink":"https:\/\/wp.me\/pcYhWA-1JZl","jetpack-related-posts":[{"id":419376,"url":"https:\/\/paulinenaue.info\/index.php\/fruehjahrsputz-2026\/","url_meta":{"origin":415111,"position":0},"title":"Fr\u00fchjahrsputz 2026","author":"Sarah","date":"12. April 2026","format":false,"excerpt":"Auch in diesem Jahr hat die Gemeindevertretung wieder zum Fr\u00fchjahrsputz aufgerufen. So fanden sich am Vormittag des 28.03.2026 29 PaulinenauerInnen ein, um unser Dorf vom Winterschmutz zu befreien und etwas zu versch\u00f6nern. Schwerpunkt waren, wie alle Jahre, die Fl\u00e4chen rund um den Bahnhof einschlie\u00dflich der Gr\u00fcnstreifen in der Bahnhofstra\u00dfe und\u2026","rel":"","context":"In &quot;Allgemein&quot;","block_context":{"text":"Allgemein","link":"https:\/\/paulinenaue.info\/index.php\/category\/allgemein\/"},"img":{"alt_text":"","src":"https:\/\/i0.wp.com\/paulinenaue.info\/wp-content\/uploads\/2026\/04\/IMG-20260328-WA0004.jpg?resize=350%2C200&ssl=1","width":350,"height":200,"srcset":"https:\/\/i0.wp.com\/paulinenaue.info\/wp-content\/uploads\/2026\/04\/IMG-20260328-WA0004.jpg?resize=350%2C200&ssl=1 1x, https:\/\/i0.wp.com\/paulinenaue.info\/wp-content\/uploads\/2026\/04\/IMG-20260328-WA0004.jpg?resize=525%2C300&ssl=1 1.5x, https:\/\/i0.wp.com\/paulinenaue.info\/wp-content\/uploads\/2026\/04\/IMG-20260328-WA0004.jpg?resize=700%2C400&ssl=1 2x, https:\/\/i0.wp.com\/paulinenaue.info\/wp-content\/uploads\/2026\/04\/IMG-20260328-WA0004.jpg?resize=1050%2C600&ssl=1 3x, https:\/\/i0.wp.com\/paulinenaue.info\/wp-content\/uploads\/2026\/04\/IMG-20260328-WA0004.jpg?resize=1400%2C800&ssl=1 4x"},"classes":[]},{"id":4623,"url":"https:\/\/paulinenaue.info\/index.php\/dank-an-alle-teilnehmer-des-fruehjahrsputzes-2019\/","url_meta":{"origin":415111,"position":1},"title":"Dank an alle Teilnehmer des Fr\u00fchjahrsputzes 2019!","author":"Sarah","date":"31. M\u00e4rz 2019","format":false,"excerpt":"Bereits zum 5. Mal in Folge trafen sich am 23. M\u00e4rz ca. 50 engagierte Paulinenauer zum Fr\u00fchjahresputz 2019. An 3 Standorten werkelten die flei\u00dfigen Helfer bei gutem Wetter und genauso guter Laune.\u00a0Der diesj\u00e4hrige Haupteinsatzort war erneut der Bahnhof, wo geharkt, geschnitten und M\u00fcll gesammelt wurde. Zus\u00e4tzlich wurde rings um das\u2026","rel":"","context":"In &quot;Allgemein&quot;","block_context":{"text":"Allgemein","link":"https:\/\/paulinenaue.info\/index.php\/category\/allgemein\/"},"img":{"alt_text":"","src":"https:\/\/i0.wp.com\/paulinenaue.info\/wp-content\/uploads\/2019\/03\/1.jpg?resize=350%2C200&ssl=1","width":350,"height":200,"srcset":"https:\/\/i0.wp.com\/paulinenaue.info\/wp-content\/uploads\/2019\/03\/1.jpg?resize=350%2C200&ssl=1 1x, https:\/\/i0.wp.com\/paulinenaue.info\/wp-content\/uploads\/2019\/03\/1.jpg?resize=525%2C300&ssl=1 1.5x, https:\/\/i0.wp.com\/paulinenaue.info\/wp-content\/uploads\/2019\/03\/1.jpg?resize=700%2C400&ssl=1 2x"},"classes":[]},{"id":5827,"url":"https:\/\/paulinenaue.info\/index.php\/erfolgreicher-fruehjahrsputz-2021\/","url_meta":{"origin":415111,"position":2},"title":"Erfolgreicher Fr\u00fchjahrsputz 2021","author":"Sarah","date":"20. April 2021","format":false,"excerpt":"Der j\u00e4hrlich stattfindende Fr\u00fchjahrsputz war auch am vergangenen Samstag wieder ein kleiner Erfolg. An vielen Ecken in Paulinenaue wurde flei\u00dfig geharkt, gefegt, M\u00fcll gesammelt und Gr\u00fcnschnitt ber\u00e4umt. Trotz der andauernden Pandemie konnte unter freiem Himmel und unter Einhaltung von ausreichendem Abstand der Fr\u00fchjahrsputz durchgef\u00fchrt werden. Im Gutspark wurden die Wege\u2026","rel":"","context":"In &quot;Allgemein&quot;","block_context":{"text":"Allgemein","link":"https:\/\/paulinenaue.info\/index.php\/category\/allgemein\/"},"img":{"alt_text":"","src":"https:\/\/i0.wp.com\/paulinenaue.info\/wp-content\/uploads\/2021\/06\/paulinenaue-bahnhof-fruehjahrsputz-e1745016872473.jpg?resize=350%2C200&ssl=1","width":350,"height":200,"srcset":"https:\/\/i0.wp.com\/paulinenaue.info\/wp-content\/uploads\/2021\/06\/paulinenaue-bahnhof-fruehjahrsputz-e1745016872473.jpg?resize=350%2C200&ssl=1 1x, https:\/\/i0.wp.com\/paulinenaue.info\/wp-content\/uploads\/2021\/06\/paulinenaue-bahnhof-fruehjahrsputz-e1745016872473.jpg?resize=525%2C300&ssl=1 1.5x, https:\/\/i0.wp.com\/paulinenaue.info\/wp-content\/uploads\/2021\/06\/paulinenaue-bahnhof-fruehjahrsputz-e1745016872473.jpg?resize=700%2C400&ssl=1 2x, https:\/\/i0.wp.com\/paulinenaue.info\/wp-content\/uploads\/2021\/06\/paulinenaue-bahnhof-fruehjahrsputz-e1745016872473.jpg?resize=1050%2C600&ssl=1 3x, https:\/\/i0.wp.com\/paulinenaue.info\/wp-content\/uploads\/2021\/06\/paulinenaue-bahnhof-fruehjahrsputz-e1745016872473.jpg?resize=1400%2C800&ssl=1 4x"},"classes":[]},{"id":417725,"url":"https:\/\/paulinenaue.info\/index.php\/fruehjahrsputz-2025\/","url_meta":{"origin":415111,"position":3},"title":"Fr\u00fchjahrsputz 2025","author":"Sarah","date":"30. M\u00e4rz 2025","format":false,"excerpt":"Dem Aufruf der Gemeindevertretung folgend fanden sich am Vormittag des 29.03.2025 \u00a026 B\u00fcrger*innen und 8 Kinder zum Fr\u00fchjahrsputz ein. Es wurde flei\u00dfig geharkt, gehackt und gewerkelt. Schwerunkt war dabei der Bahnhofsvorplatz sowie die Bankettabtragung in der Prof.-Mitscherlich-Allee und der Ruppiner Stra\u00dfe. Zum Abschluss trafen sich alle im Park zu einem\u2026","rel":"","context":"In &quot;Allgemein&quot;","block_context":{"text":"Allgemein","link":"https:\/\/paulinenaue.info\/index.php\/category\/allgemein\/"},"img":{"alt_text":"","src":"https:\/\/i0.wp.com\/paulinenaue.info\/wp-content\/uploads\/2025\/03\/WhatsApp-Bild-2025-03-30-um-18.47.24_659bfc34.jpg?resize=350%2C200&ssl=1","width":350,"height":200,"srcset":"https:\/\/i0.wp.com\/paulinenaue.info\/wp-content\/uploads\/2025\/03\/WhatsApp-Bild-2025-03-30-um-18.47.24_659bfc34.jpg?resize=350%2C200&ssl=1 1x, https:\/\/i0.wp.com\/paulinenaue.info\/wp-content\/uploads\/2025\/03\/WhatsApp-Bild-2025-03-30-um-18.47.24_659bfc34.jpg?resize=525%2C300&ssl=1 1.5x, https:\/\/i0.wp.com\/paulinenaue.info\/wp-content\/uploads\/2025\/03\/WhatsApp-Bild-2025-03-30-um-18.47.24_659bfc34.jpg?resize=700%2C400&ssl=1 2x, https:\/\/i0.wp.com\/paulinenaue.info\/wp-content\/uploads\/2025\/03\/WhatsApp-Bild-2025-03-30-um-18.47.24_659bfc34.jpg?resize=1050%2C600&ssl=1 3x, https:\/\/i0.wp.com\/paulinenaue.info\/wp-content\/uploads\/2025\/03\/WhatsApp-Bild-2025-03-30-um-18.47.24_659bfc34.jpg?resize=1400%2C800&ssl=1 4x"},"classes":[]},{"id":5756,"url":"https:\/\/paulinenaue.info\/index.php\/fruehjahrsputz-2021\/","url_meta":{"origin":415111,"position":4},"title":"Fr\u00fchjahrsputz 2021","author":"Sarah","date":"6. April 2021","format":false,"excerpt":"Liebe Paulinenauer:innen, im letzten Jahr entfiel leider der j\u00e4hrlich von der Gemeindevertretung initiierte Dorfputz aufgrund der Pandemie-Situation. Auch jetzt ist ein Zusammentreffen in der Art, wie der Dorfputz in den Vorjahren stattfand, nicht m\u00f6glich. Dennoch wollen wir einen Versuch starten und Sie alle zum \u201eFr\u00fchjahrsputz rund um die eigene Haust\u00fcr\u201c\u2026","rel":"","context":"In &quot;Allgemein&quot;","block_context":{"text":"Allgemein","link":"https:\/\/paulinenaue.info\/index.php\/category\/allgemein\/"},"img":{"alt_text":"","src":"https:\/\/i0.wp.com\/paulinenaue.info\/wp-content\/uploads\/2021\/04\/pauelogo-dunkel-icon-retina-300x287.png?resize=350%2C200&ssl=1","width":350,"height":200},"classes":[]},{"id":143058,"url":"https:\/\/paulinenaue.info\/index.php\/erfolgreicher-dorfputz\/","url_meta":{"origin":415111,"position":5},"title":"Erfolgreicher Dorfputz","author":"Sarah","date":"26. April 2022","format":false,"excerpt":"","rel":"","context":"In &quot;Gemeinde Paulinenaue&quot;","block_context":{"text":"Gemeinde Paulinenaue","link":"https:\/\/paulinenaue.info\/index.php\/category\/gemeinde-paulinenaue\/"},"img":{"alt_text":"","src":"https:\/\/i0.wp.com\/paulinenaue.info\/wp-content\/uploads\/2022\/04\/IMG-20220409-WA0000.jpg?resize=350%2C200&ssl=1","width":350,"height":200,"srcset":"https:\/\/i0.wp.com\/paulinenaue.info\/wp-content\/uploads\/2022\/04\/IMG-20220409-WA0000.jpg?resize=350%2C200&ssl=1 1x, https:\/\/i0.wp.com\/paulinenaue.info\/wp-content\/uploads\/2022\/04\/IMG-20220409-WA0000.jpg?resize=525%2C300&ssl=1 1.5x, https:\/\/i0.wp.com\/paulinenaue.info\/wp-content\/uploads\/2022\/04\/IMG-20220409-WA0000.jpg?resize=700%2C400&ssl=1 2x"},"classes":[]}],"_links":{"self":[{"href":"https:\/\/paulinenaue.info\/index.php\/wp-json\/wp\/v2\/posts\/415111","targetHints":{"allow":["GET"]}}],"collection":[{"href":"https:\/\/paulinenaue.info\/index.php\/wp-json\/wp\/v2\/posts"}],"about":[{"href":"https:\/\/paulinenaue.info\/index.php\/wp-json\/wp\/v2\/types\/post"}],"author":[{"embeddable":true,"href":"https:\/\/paulinenaue.info\/index.php\/wp-json\/wp\/v2\/users\/1"}],"replies":[{"embeddable":true,"href":"https:\/\/paulinenaue.info\/index.php\/wp-json\/wp\/v2\/comments?post=415111"}],"version-history":[{"count":7,"href":"https:\/\/paulinenaue.info\/index.php\/wp-json\/wp\/v2\/posts\/415111\/revisions"}],"predecessor-version":[{"id":415123,"href":"https:\/\/paulinenaue.info\/index.php\/wp-json\/wp\/v2\/posts\/415111\/revisions\/415123"}],"wp:featuredmedia":[{"embeddable":true,"href":"https:\/\/paulinenaue.info\/index.php\/wp-json\/wp\/v2\/media\/415113"}],"wp:attachment":[{"href":"https:\/\/paulinenaue.info\/index.php\/wp-json\/wp\/v2\/media?parent=415111"}],"wp:term":[{"taxonomy":"category","embeddable":true,"href":"https:\/\/paulinenaue.info\/index.php\/wp-json\/wp\/v2\/categories?post=415111"},{"taxonomy":"post_tag","embeddable":true,"href":"https:\/\/paulinenaue.info\/index.php\/wp-json\/wp\/v2\/tags?post=415111"}],"curies":[{"name":"wp","href":"https:\/\/api.w.org\/{rel}","templated":true}]}}