{"id":415124,"date":"2023-04-07T00:47:29","date_gmt":"2023-04-06T22:47:29","guid":{"rendered":"https:\/\/paulinenaue.info\/?p=415124"},"modified":"2023-04-07T01:31:09","modified_gmt":"2023-04-06T23:31:09","slug":"eindrucksvoller-osterschmuck-2023","status":"publish","type":"post","link":"https:\/\/paulinenaue.info\/index.php\/eindrucksvoller-osterschmuck-2023\/","title":{"rendered":"Eindrucksvoller Osterschmuck 2023"},"content":{"rendered":"<p><em>Von Heide Hesse und Helga Henning<\/em><\/p>\n<p>04.04.2023. Regen, Wind und niedrige Temperaturen lassen keine richtigen Fr\u00fchlingsgef\u00fchle aufkommen. Doch in unseren G\u00e4rten gr\u00fcnt und bl\u00fcht es. Das konnten wir auf unserem traditionellen Streifzug durch den Ort auf der Suche nach der sch\u00f6nsten Paulinenauer Osterdekoration feststellen. Es gab wieder vieles zu entdecken!<\/p>\n<p>&nbsp;<\/p>\n<div id=\"attachment_415127\" style=\"width: 610px\" class=\"wp-caption alignnone\"><a href=\"https:\/\/paulinenaue.info\/wp-content\/uploads\/2023\/04\/2023-04-04-Osterschmuck-02.jpg\"><img decoding=\"async\" aria-describedby=\"caption-attachment-415127\" data-attachment-id=\"415127\" data-permalink=\"https:\/\/paulinenaue.info\/index.php\/eindrucksvoller-osterschmuck-2023\/2023-04-04-osterschmuck-02\/\" data-orig-file=\"https:\/\/paulinenaue.info\/wp-content\/uploads\/2023\/04\/2023-04-04-Osterschmuck-02.jpg\" data-orig-size=\"1200,1600\" data-comments-opened=\"1\" data-image-meta=\"{&quot;aperture&quot;:&quot;0&quot;,&quot;credit&quot;:&quot;&quot;,&quot;camera&quot;:&quot;&quot;,&quot;caption&quot;:&quot;&quot;,&quot;created_timestamp&quot;:&quot;0&quot;,&quot;copyright&quot;:&quot;&quot;,&quot;focal_length&quot;:&quot;0&quot;,&quot;iso&quot;:&quot;0&quot;,&quot;shutter_speed&quot;:&quot;0&quot;,&quot;title&quot;:&quot;&quot;,&quot;orientation&quot;:&quot;0&quot;}\" data-image-title=\"2023-04-04, Osterschmuck, 02\" data-image-description=\"\" data-image-caption=\"\" data-large-file=\"https:\/\/paulinenaue.info\/wp-content\/uploads\/2023\/04\/2023-04-04-Osterschmuck-02-768x1024.jpg\" class=\"lazyload wp-image-415127 \" src=\"https:\/\/paulinenaue.info\/wp-content\/uploads\/2023\/04\/2023-04-04-Osterschmuck-02-600x800.jpg\" data-orig-src=\"https:\/\/paulinenaue.info\/wp-content\/uploads\/2023\/04\/2023-04-04-Osterschmuck-02-600x800.jpg\" alt=\"\" width=\"600\" height=\"800\" srcset=\"data:image\/svg+xml,%3Csvg%20xmlns%3D%27http%3A%2F%2Fwww.w3.org%2F2000%2Fsvg%27%20width%3D%27600%27%20height%3D%27800%27%20viewBox%3D%270%200%20600%20800%27%3E%3Crect%20width%3D%27600%27%20height%3D%27800%27%20fill-opacity%3D%220%22%2F%3E%3C%2Fsvg%3E\" data-srcset=\"https:\/\/paulinenaue.info\/wp-content\/uploads\/2023\/04\/2023-04-04-Osterschmuck-02-200x267.jpg 200w, https:\/\/paulinenaue.info\/wp-content\/uploads\/2023\/04\/2023-04-04-Osterschmuck-02-225x300.jpg 225w, https:\/\/paulinenaue.info\/wp-content\/uploads\/2023\/04\/2023-04-04-Osterschmuck-02-400x533.jpg 400w, https:\/\/paulinenaue.info\/wp-content\/uploads\/2023\/04\/2023-04-04-Osterschmuck-02-600x800.jpg 600w, https:\/\/paulinenaue.info\/wp-content\/uploads\/2023\/04\/2023-04-04-Osterschmuck-02-768x1024.jpg 768w, https:\/\/paulinenaue.info\/wp-content\/uploads\/2023\/04\/2023-04-04-Osterschmuck-02-800x1067.jpg 800w, https:\/\/paulinenaue.info\/wp-content\/uploads\/2023\/04\/2023-04-04-Osterschmuck-02-1152x1536.jpg 1152w, https:\/\/paulinenaue.info\/wp-content\/uploads\/2023\/04\/2023-04-04-Osterschmuck-02.jpg 1200w\" data-sizes=\"auto\" data-orig-sizes=\"(max-width: 600px) 100vw, 600px\" \/><\/a><p id=\"caption-attachment-415127\" class=\"wp-caption-text\">So hat der Osterhase jetzt seinen Platz am Eingangstor zu den neuen Hort-\u00a0 und Schulr\u00e4umen im Park.<\/p><\/div>\n<h4>Der Osterstrau\u00df des Jahres<\/h4>\n<p>Die sch\u00f6nsten Ostereier sind wieder Unter den Eichen zu finden. Im Garten von Familie Bergelt schm\u00fccken 900 bunte Eier die Str\u00e4ucher. Sie werden in liebevoller Handarbeit von Rosi Bergelt in den Wintermonaten gestaltet, kein Ei gleicht dem anderen.<\/p>\n<p>&nbsp;<\/p>\n<p><a href=\"https:\/\/paulinenaue.info\/wp-content\/uploads\/2023\/04\/2023-04-04-Osterschmuck-03.jpeg\"><img decoding=\"async\" data-attachment-id=\"415128\" data-permalink=\"https:\/\/paulinenaue.info\/index.php\/eindrucksvoller-osterschmuck-2023\/2023-04-04-osterschmuck-03\/\" data-orig-file=\"https:\/\/paulinenaue.info\/wp-content\/uploads\/2023\/04\/2023-04-04-Osterschmuck-03.jpeg\" data-orig-size=\"1000,1334\" data-comments-opened=\"1\" data-image-meta=\"{&quot;aperture&quot;:&quot;1.7&quot;,&quot;credit&quot;:&quot;&quot;,&quot;camera&quot;:&quot;SM-A505FN&quot;,&quot;caption&quot;:&quot;&quot;,&quot;created_timestamp&quot;:&quot;1680509243&quot;,&quot;copyright&quot;:&quot;&quot;,&quot;focal_length&quot;:&quot;3.93&quot;,&quot;iso&quot;:&quot;40&quot;,&quot;shutter_speed&quot;:&quot;0.0024213075060533&quot;,&quot;title&quot;:&quot;&quot;,&quot;orientation&quot;:&quot;0&quot;}\" data-image-title=\"2023-04-04, Osterschmuck, 03\" data-image-description=\"\" data-image-caption=\"\" data-large-file=\"https:\/\/paulinenaue.info\/wp-content\/uploads\/2023\/04\/2023-04-04-Osterschmuck-03-768x1024.jpeg\" class=\"lazyload alignnone size-fusion-600 wp-image-415128\" src=\"https:\/\/paulinenaue.info\/wp-content\/uploads\/2023\/04\/2023-04-04-Osterschmuck-03-600x800.jpeg\" data-orig-src=\"https:\/\/paulinenaue.info\/wp-content\/uploads\/2023\/04\/2023-04-04-Osterschmuck-03-600x800.jpeg\" alt=\"\" width=\"600\" height=\"800\" srcset=\"data:image\/svg+xml,%3Csvg%20xmlns%3D%27http%3A%2F%2Fwww.w3.org%2F2000%2Fsvg%27%20width%3D%27600%27%20height%3D%27800%27%20viewBox%3D%270%200%20600%20800%27%3E%3Crect%20width%3D%27600%27%20height%3D%27800%27%20fill-opacity%3D%220%22%2F%3E%3C%2Fsvg%3E\" data-srcset=\"https:\/\/paulinenaue.info\/wp-content\/uploads\/2023\/04\/2023-04-04-Osterschmuck-03-200x267.jpeg 200w, https:\/\/paulinenaue.info\/wp-content\/uploads\/2023\/04\/2023-04-04-Osterschmuck-03-225x300.jpeg 225w, https:\/\/paulinenaue.info\/wp-content\/uploads\/2023\/04\/2023-04-04-Osterschmuck-03-400x534.jpeg 400w, https:\/\/paulinenaue.info\/wp-content\/uploads\/2023\/04\/2023-04-04-Osterschmuck-03-600x800.jpeg 600w, https:\/\/paulinenaue.info\/wp-content\/uploads\/2023\/04\/2023-04-04-Osterschmuck-03-768x1025.jpeg 768w, https:\/\/paulinenaue.info\/wp-content\/uploads\/2023\/04\/2023-04-04-Osterschmuck-03-800x1067.jpeg 800w, https:\/\/paulinenaue.info\/wp-content\/uploads\/2023\/04\/2023-04-04-Osterschmuck-03.jpeg 1000w\" data-sizes=\"auto\" data-orig-sizes=\"(max-width: 600px) 100vw, 600px\" \/><\/a><\/p>\n<div id=\"attachment_415126\" style=\"width: 610px\" class=\"wp-caption alignnone\"><a href=\"https:\/\/paulinenaue.info\/wp-content\/uploads\/2023\/04\/2023-04-04-Osterschmuck-01.jpg\"><img decoding=\"async\" aria-describedby=\"caption-attachment-415126\" data-attachment-id=\"415126\" data-permalink=\"https:\/\/paulinenaue.info\/index.php\/eindrucksvoller-osterschmuck-2023\/2023-04-04-osterschmuck-01\/\" data-orig-file=\"https:\/\/paulinenaue.info\/wp-content\/uploads\/2023\/04\/2023-04-04-Osterschmuck-01.jpg\" data-orig-size=\"1200,1600\" data-comments-opened=\"1\" data-image-meta=\"{&quot;aperture&quot;:&quot;0&quot;,&quot;credit&quot;:&quot;&quot;,&quot;camera&quot;:&quot;&quot;,&quot;caption&quot;:&quot;&quot;,&quot;created_timestamp&quot;:&quot;0&quot;,&quot;copyright&quot;:&quot;&quot;,&quot;focal_length&quot;:&quot;0&quot;,&quot;iso&quot;:&quot;0&quot;,&quot;shutter_speed&quot;:&quot;0&quot;,&quot;title&quot;:&quot;&quot;,&quot;orientation&quot;:&quot;0&quot;}\" data-image-title=\"2023-04-04, Osterschmuck, 01\" data-image-description=\"&lt;p&gt;Der Osterstrau\u00df des Jahres 2023 Unter den Eichen&lt;\/p&gt;\n\" data-image-caption=\"&lt;p&gt;Der Osterstrau\u00df des Jahres 2023&lt;\/p&gt;\n\" data-large-file=\"https:\/\/paulinenaue.info\/wp-content\/uploads\/2023\/04\/2023-04-04-Osterschmuck-01-768x1024.jpg\" class=\"lazyload wp-image-415126 size-fusion-600\" src=\"https:\/\/paulinenaue.info\/wp-content\/uploads\/2023\/04\/2023-04-04-Osterschmuck-01-600x800.jpg\" data-orig-src=\"https:\/\/paulinenaue.info\/wp-content\/uploads\/2023\/04\/2023-04-04-Osterschmuck-01-600x800.jpg\" alt=\"\" width=\"600\" height=\"800\" srcset=\"data:image\/svg+xml,%3Csvg%20xmlns%3D%27http%3A%2F%2Fwww.w3.org%2F2000%2Fsvg%27%20width%3D%27600%27%20height%3D%27800%27%20viewBox%3D%270%200%20600%20800%27%3E%3Crect%20width%3D%27600%27%20height%3D%27800%27%20fill-opacity%3D%220%22%2F%3E%3C%2Fsvg%3E\" data-srcset=\"https:\/\/paulinenaue.info\/wp-content\/uploads\/2023\/04\/2023-04-04-Osterschmuck-01-200x267.jpg 200w, https:\/\/paulinenaue.info\/wp-content\/uploads\/2023\/04\/2023-04-04-Osterschmuck-01-225x300.jpg 225w, https:\/\/paulinenaue.info\/wp-content\/uploads\/2023\/04\/2023-04-04-Osterschmuck-01-400x533.jpg 400w, https:\/\/paulinenaue.info\/wp-content\/uploads\/2023\/04\/2023-04-04-Osterschmuck-01-600x800.jpg 600w, https:\/\/paulinenaue.info\/wp-content\/uploads\/2023\/04\/2023-04-04-Osterschmuck-01-768x1024.jpg 768w, https:\/\/paulinenaue.info\/wp-content\/uploads\/2023\/04\/2023-04-04-Osterschmuck-01-800x1067.jpg 800w, https:\/\/paulinenaue.info\/wp-content\/uploads\/2023\/04\/2023-04-04-Osterschmuck-01-1152x1536.jpg 1152w, https:\/\/paulinenaue.info\/wp-content\/uploads\/2023\/04\/2023-04-04-Osterschmuck-01.jpg 1200w\" data-sizes=\"auto\" data-orig-sizes=\"(max-width: 600px) 100vw, 600px\" \/><\/a><p id=\"caption-attachment-415126\" class=\"wp-caption-text\">F\u00fcr uns ist dies der sch\u00f6nste Osterschmuck. An dem abgebildeten Strauch h\u00e4ngen rund 300 Eier.<\/p><\/div>\n<p>Allen\u00a0 frohe Ostern , bei etwas Sonne.<\/p>\n<p>&nbsp;<\/p>\n","protected":false},"excerpt":{"rendered":"<p>Von Heide Hesse und Helga Henning 04.04.2023. Regen, Wind und [&hellip;]<\/p>\n","protected":false},"author":1,"featured_media":415126,"comment_status":"open","ping_status":"open","sticky":false,"template":"","format":"standard","meta":{"_acf_changed":false,"_price":"","_stock":"","_tribe_ticket_header":"","_tribe_default_ticket_provider":"","_tribe_ticket_capacity":"0","_ticket_start_date":"","_ticket_end_date":"","_tribe_ticket_show_description":"","_tribe_ticket_show_not_going":false,"_tribe_ticket_use_global_stock":"","_tribe_ticket_global_stock_level":"","_global_stock_mode":"","_global_stock_cap":"","_tribe_rsvp_for_event":"","_tribe_ticket_going_count":"","_tribe_ticket_not_going_count":"","_tribe_tickets_list":"[]","_tribe_ticket_has_attendee_info_fields":false,"jetpack_post_was_ever_published":false,"_jetpack_newsletter_access":"","_jetpack_dont_email_post_to_subs":false,"_jetpack_newsletter_tier_id":0,"_jetpack_memberships_contains_paywalled_content":false,"_jetpack_memberships_contains_paid_content":false,"footnotes":"","jetpack_publicize_message":"","jetpack_publicize_feature_enabled":true,"jetpack_social_post_already_shared":true,"jetpack_social_options":{"image_generator_settings":{"template":"highway","default_image_id":0,"font":"","enabled":false},"version":2}},"categories":[6,47,9],"tags":[15,288,385,105],"class_list":["post-415124","post","type-post","status-publish","format-standard","has-post-thumbnail","hentry","category-hier-zuhause","category-kulturverein","category-neuigkeiten","tag-ostern","tag-osterstrauss","tag-osterstrauss-des-jahres","tag-schoenste-osterstraeusse"],"acf":[],"yoast_head":"<!-- This site is optimized with the Yoast SEO plugin v27.5 - https:\/\/yoast.com\/product\/yoast-seo-wordpress\/ -->\n<title>Eindrucksvoller Osterschmuck 2023 - Paulinenaue<\/title>\n<meta name=\"description\" content=\"Der Kulturverein k\u00fcrte wieder den Paulinenauer Osterstrau\u00df des Jahres. Diesmal ist ein besonders eindrucksvolles Exemplar zu bestaunen.\" \/>\n<meta name=\"robots\" content=\"index, follow, max-snippet:-1, max-image-preview:large, max-video-preview:-1\" \/>\n<link rel=\"canonical\" href=\"https:\/\/paulinenaue.info\/index.php\/eindrucksvoller-osterschmuck-2023\/\" \/>\n<meta property=\"og:locale\" content=\"de_DE\" \/>\n<meta property=\"og:type\" content=\"article\" \/>\n<meta property=\"og:title\" content=\"Eindrucksvoller Osterschmuck 2023 - Paulinenaue\" \/>\n<meta property=\"og:description\" content=\"Der Kulturverein k\u00fcrte wieder den Paulinenauer Osterstrau\u00df des Jahres. Diesmal ist ein besonders eindrucksvolles Exemplar zu bestaunen.\" \/>\n<meta property=\"og:url\" content=\"https:\/\/paulinenaue.info\/index.php\/eindrucksvoller-osterschmuck-2023\/\" \/>\n<meta property=\"og:site_name\" content=\"Paulinenaue\" \/>\n<meta property=\"article:published_time\" content=\"2023-04-06T22:47:29+00:00\" \/>\n<meta property=\"article:modified_time\" content=\"2023-04-06T23:31:09+00:00\" \/>\n<meta property=\"og:image\" content=\"https:\/\/paulinenaue.info\/wp-content\/uploads\/2023\/04\/2023-04-04-Osterschmuck-01.jpg\" \/>\n\t<meta property=\"og:image:width\" content=\"1200\" \/>\n\t<meta property=\"og:image:height\" content=\"1600\" \/>\n\t<meta property=\"og:image:type\" content=\"image\/jpeg\" \/>\n<meta name=\"author\" content=\"Joachim Scholz\" \/>\n<meta name=\"twitter:card\" content=\"summary_large_image\" \/>\n<meta name=\"twitter:label1\" content=\"Verfasst von\" \/>\n\t<meta name=\"twitter:data1\" content=\"Joachim Scholz\" \/>\n\t<meta name=\"twitter:label2\" content=\"Gesch\u00e4tzte Lesezeit\" \/>\n\t<meta name=\"twitter:data2\" content=\"2\u00a0Minuten\" \/>\n<script type=\"application\/ld+json\" class=\"yoast-schema-graph\">{\"@context\":\"https:\\\/\\\/schema.org\",\"@graph\":[{\"@type\":\"Article\",\"@id\":\"https:\\\/\\\/paulinenaue.info\\\/index.php\\\/eindrucksvoller-osterschmuck-2023\\\/#article\",\"isPartOf\":{\"@id\":\"https:\\\/\\\/paulinenaue.info\\\/index.php\\\/eindrucksvoller-osterschmuck-2023\\\/\"},\"author\":{\"name\":\"Joachim Scholz\",\"@id\":\"https:\\\/\\\/paulinenaue.info\\\/#\\\/schema\\\/person\\\/3f9e818fd7b69b0d2bd937ac506897cc\"},\"headline\":\"Eindrucksvoller Osterschmuck 2023\",\"datePublished\":\"2023-04-06T22:47:29+00:00\",\"dateModified\":\"2023-04-06T23:31:09+00:00\",\"mainEntityOfPage\":{\"@id\":\"https:\\\/\\\/paulinenaue.info\\\/index.php\\\/eindrucksvoller-osterschmuck-2023\\\/\"},\"wordCount\":159,\"commentCount\":0,\"image\":{\"@id\":\"https:\\\/\\\/paulinenaue.info\\\/index.php\\\/eindrucksvoller-osterschmuck-2023\\\/#primaryimage\"},\"thumbnailUrl\":\"https:\\\/\\\/paulinenaue.info\\\/wp-content\\\/uploads\\\/2023\\\/04\\\/2023-04-04-Osterschmuck-01.jpg\",\"keywords\":[\"Ostern\",\"Osterstrau\u00df\",\"Osterstrau\u00df des Jahres\",\"sch\u00f6nste Osterstr\u00e4u\u00dfe\"],\"articleSection\":[\"Hier Zuhause\",\"Kulturverein\",\"Neuigkeiten\"],\"inLanguage\":\"de\",\"potentialAction\":[{\"@type\":\"CommentAction\",\"name\":\"Comment\",\"target\":[\"https:\\\/\\\/paulinenaue.info\\\/index.php\\\/eindrucksvoller-osterschmuck-2023\\\/#respond\"]}]},{\"@type\":\"WebPage\",\"@id\":\"https:\\\/\\\/paulinenaue.info\\\/index.php\\\/eindrucksvoller-osterschmuck-2023\\\/\",\"url\":\"https:\\\/\\\/paulinenaue.info\\\/index.php\\\/eindrucksvoller-osterschmuck-2023\\\/\",\"name\":\"Eindrucksvoller Osterschmuck 2023 - Paulinenaue\",\"isPartOf\":{\"@id\":\"https:\\\/\\\/paulinenaue.info\\\/#website\"},\"primaryImageOfPage\":{\"@id\":\"https:\\\/\\\/paulinenaue.info\\\/index.php\\\/eindrucksvoller-osterschmuck-2023\\\/#primaryimage\"},\"image\":{\"@id\":\"https:\\\/\\\/paulinenaue.info\\\/index.php\\\/eindrucksvoller-osterschmuck-2023\\\/#primaryimage\"},\"thumbnailUrl\":\"https:\\\/\\\/paulinenaue.info\\\/wp-content\\\/uploads\\\/2023\\\/04\\\/2023-04-04-Osterschmuck-01.jpg\",\"datePublished\":\"2023-04-06T22:47:29+00:00\",\"dateModified\":\"2023-04-06T23:31:09+00:00\",\"author\":{\"@id\":\"https:\\\/\\\/paulinenaue.info\\\/#\\\/schema\\\/person\\\/3f9e818fd7b69b0d2bd937ac506897cc\"},\"description\":\"Der Kulturverein k\u00fcrte wieder den Paulinenauer Osterstrau\u00df des Jahres. Diesmal ist ein besonders eindrucksvolles Exemplar zu bestaunen.\",\"breadcrumb\":{\"@id\":\"https:\\\/\\\/paulinenaue.info\\\/index.php\\\/eindrucksvoller-osterschmuck-2023\\\/#breadcrumb\"},\"inLanguage\":\"de\",\"potentialAction\":[{\"@type\":\"ReadAction\",\"target\":[\"https:\\\/\\\/paulinenaue.info\\\/index.php\\\/eindrucksvoller-osterschmuck-2023\\\/\"]}]},{\"@type\":\"ImageObject\",\"inLanguage\":\"de\",\"@id\":\"https:\\\/\\\/paulinenaue.info\\\/index.php\\\/eindrucksvoller-osterschmuck-2023\\\/#primaryimage\",\"url\":\"https:\\\/\\\/paulinenaue.info\\\/wp-content\\\/uploads\\\/2023\\\/04\\\/2023-04-04-Osterschmuck-01.jpg\",\"contentUrl\":\"https:\\\/\\\/paulinenaue.info\\\/wp-content\\\/uploads\\\/2023\\\/04\\\/2023-04-04-Osterschmuck-01.jpg\",\"width\":1200,\"height\":1600,\"caption\":\"Der Osterstrau\u00df des Jahres 2023\"},{\"@type\":\"BreadcrumbList\",\"@id\":\"https:\\\/\\\/paulinenaue.info\\\/index.php\\\/eindrucksvoller-osterschmuck-2023\\\/#breadcrumb\",\"itemListElement\":[{\"@type\":\"ListItem\",\"position\":1,\"name\":\"Home\",\"item\":\"https:\\\/\\\/paulinenaue.info\\\/\"},{\"@type\":\"ListItem\",\"position\":2,\"name\":\"Eindrucksvoller Osterschmuck 2023\"}]},{\"@type\":\"WebSite\",\"@id\":\"https:\\\/\\\/paulinenaue.info\\\/#website\",\"url\":\"https:\\\/\\\/paulinenaue.info\\\/\",\"name\":\"Paulinenaue\",\"description\":\"Ein Dorf im Havelland\",\"potentialAction\":[{\"@type\":\"SearchAction\",\"target\":{\"@type\":\"EntryPoint\",\"urlTemplate\":\"https:\\\/\\\/paulinenaue.info\\\/?s={search_term_string}\"},\"query-input\":{\"@type\":\"PropertyValueSpecification\",\"valueRequired\":true,\"valueName\":\"search_term_string\"}}],\"inLanguage\":\"de\"},{\"@type\":\"Person\",\"@id\":\"https:\\\/\\\/paulinenaue.info\\\/#\\\/schema\\\/person\\\/3f9e818fd7b69b0d2bd937ac506897cc\",\"name\":\"Joachim Scholz\",\"url\":\"https:\\\/\\\/paulinenaue.info\\\/index.php\\\/author\\\/jjscholz\\\/\"}]}<\/script>\n<!-- \/ Yoast SEO plugin. -->","yoast_head_json":{"title":"Eindrucksvoller Osterschmuck 2023 - Paulinenaue","description":"Der Kulturverein k\u00fcrte wieder den Paulinenauer Osterstrau\u00df des Jahres. Diesmal ist ein besonders eindrucksvolles Exemplar zu bestaunen.","robots":{"index":"index","follow":"follow","max-snippet":"max-snippet:-1","max-image-preview":"max-image-preview:large","max-video-preview":"max-video-preview:-1"},"canonical":"https:\/\/paulinenaue.info\/index.php\/eindrucksvoller-osterschmuck-2023\/","og_locale":"de_DE","og_type":"article","og_title":"Eindrucksvoller Osterschmuck 2023 - Paulinenaue","og_description":"Der Kulturverein k\u00fcrte wieder den Paulinenauer Osterstrau\u00df des Jahres. Diesmal ist ein besonders eindrucksvolles Exemplar zu bestaunen.","og_url":"https:\/\/paulinenaue.info\/index.php\/eindrucksvoller-osterschmuck-2023\/","og_site_name":"Paulinenaue","article_published_time":"2023-04-06T22:47:29+00:00","article_modified_time":"2023-04-06T23:31:09+00:00","og_image":[{"width":1200,"height":1600,"url":"https:\/\/paulinenaue.info\/wp-content\/uploads\/2023\/04\/2023-04-04-Osterschmuck-01.jpg","type":"image\/jpeg"}],"author":"Joachim Scholz","twitter_card":"summary_large_image","twitter_misc":{"Verfasst von":"Joachim Scholz","Gesch\u00e4tzte Lesezeit":"2\u00a0Minuten"},"schema":{"@context":"https:\/\/schema.org","@graph":[{"@type":"Article","@id":"https:\/\/paulinenaue.info\/index.php\/eindrucksvoller-osterschmuck-2023\/#article","isPartOf":{"@id":"https:\/\/paulinenaue.info\/index.php\/eindrucksvoller-osterschmuck-2023\/"},"author":{"name":"Joachim Scholz","@id":"https:\/\/paulinenaue.info\/#\/schema\/person\/3f9e818fd7b69b0d2bd937ac506897cc"},"headline":"Eindrucksvoller Osterschmuck 2023","datePublished":"2023-04-06T22:47:29+00:00","dateModified":"2023-04-06T23:31:09+00:00","mainEntityOfPage":{"@id":"https:\/\/paulinenaue.info\/index.php\/eindrucksvoller-osterschmuck-2023\/"},"wordCount":159,"commentCount":0,"image":{"@id":"https:\/\/paulinenaue.info\/index.php\/eindrucksvoller-osterschmuck-2023\/#primaryimage"},"thumbnailUrl":"https:\/\/paulinenaue.info\/wp-content\/uploads\/2023\/04\/2023-04-04-Osterschmuck-01.jpg","keywords":["Ostern","Osterstrau\u00df","Osterstrau\u00df des Jahres","sch\u00f6nste Osterstr\u00e4u\u00dfe"],"articleSection":["Hier Zuhause","Kulturverein","Neuigkeiten"],"inLanguage":"de","potentialAction":[{"@type":"CommentAction","name":"Comment","target":["https:\/\/paulinenaue.info\/index.php\/eindrucksvoller-osterschmuck-2023\/#respond"]}]},{"@type":"WebPage","@id":"https:\/\/paulinenaue.info\/index.php\/eindrucksvoller-osterschmuck-2023\/","url":"https:\/\/paulinenaue.info\/index.php\/eindrucksvoller-osterschmuck-2023\/","name":"Eindrucksvoller Osterschmuck 2023 - Paulinenaue","isPartOf":{"@id":"https:\/\/paulinenaue.info\/#website"},"primaryImageOfPage":{"@id":"https:\/\/paulinenaue.info\/index.php\/eindrucksvoller-osterschmuck-2023\/#primaryimage"},"image":{"@id":"https:\/\/paulinenaue.info\/index.php\/eindrucksvoller-osterschmuck-2023\/#primaryimage"},"thumbnailUrl":"https:\/\/paulinenaue.info\/wp-content\/uploads\/2023\/04\/2023-04-04-Osterschmuck-01.jpg","datePublished":"2023-04-06T22:47:29+00:00","dateModified":"2023-04-06T23:31:09+00:00","author":{"@id":"https:\/\/paulinenaue.info\/#\/schema\/person\/3f9e818fd7b69b0d2bd937ac506897cc"},"description":"Der Kulturverein k\u00fcrte wieder den Paulinenauer Osterstrau\u00df des Jahres. Diesmal ist ein besonders eindrucksvolles Exemplar zu bestaunen.","breadcrumb":{"@id":"https:\/\/paulinenaue.info\/index.php\/eindrucksvoller-osterschmuck-2023\/#breadcrumb"},"inLanguage":"de","potentialAction":[{"@type":"ReadAction","target":["https:\/\/paulinenaue.info\/index.php\/eindrucksvoller-osterschmuck-2023\/"]}]},{"@type":"ImageObject","inLanguage":"de","@id":"https:\/\/paulinenaue.info\/index.php\/eindrucksvoller-osterschmuck-2023\/#primaryimage","url":"https:\/\/paulinenaue.info\/wp-content\/uploads\/2023\/04\/2023-04-04-Osterschmuck-01.jpg","contentUrl":"https:\/\/paulinenaue.info\/wp-content\/uploads\/2023\/04\/2023-04-04-Osterschmuck-01.jpg","width":1200,"height":1600,"caption":"Der Osterstrau\u00df des Jahres 2023"},{"@type":"BreadcrumbList","@id":"https:\/\/paulinenaue.info\/index.php\/eindrucksvoller-osterschmuck-2023\/#breadcrumb","itemListElement":[{"@type":"ListItem","position":1,"name":"Home","item":"https:\/\/paulinenaue.info\/"},{"@type":"ListItem","position":2,"name":"Eindrucksvoller Osterschmuck 2023"}]},{"@type":"WebSite","@id":"https:\/\/paulinenaue.info\/#website","url":"https:\/\/paulinenaue.info\/","name":"Paulinenaue","description":"Ein Dorf im Havelland","potentialAction":[{"@type":"SearchAction","target":{"@type":"EntryPoint","urlTemplate":"https:\/\/paulinenaue.info\/?s={search_term_string}"},"query-input":{"@type":"PropertyValueSpecification","valueRequired":true,"valueName":"search_term_string"}}],"inLanguage":"de"},{"@type":"Person","@id":"https:\/\/paulinenaue.info\/#\/schema\/person\/3f9e818fd7b69b0d2bd937ac506897cc","name":"Joachim Scholz","url":"https:\/\/paulinenaue.info\/index.php\/author\/jjscholz\/"}]}},"jetpack_publicize_connections":[],"jetpack_featured_media_url":"https:\/\/paulinenaue.info\/wp-content\/uploads\/2023\/04\/2023-04-04-Osterschmuck-01.jpg","jetpack_sharing_enabled":true,"jetpack_shortlink":"https:\/\/wp.me\/pcYhWA-1JZy","jetpack-related-posts":[{"id":4641,"url":"https:\/\/paulinenaue.info\/index.php\/der-osterstrauss-des-jahres-2019\/","url_meta":{"origin":415124,"position":0},"title":"Der Osterstrau\u00df des Jahres 2019","author":"Joachim Scholz","date":"11. April 2019","format":false,"excerpt":"Es ist wieder Osterzeit, Zeit der Br\u00e4uche und Traditionen. Da ist das Eiertrudeln, da ist der Osterstrau\u00df des Jahres auf unserer Website. Auf der Suche nach ihm leuchteten wundersch\u00f6ne Exemplare an schon bl\u00fchenden B\u00fcschen zum Beispiel \u00a0im Lutterweg oder in der Waldstra\u00dfe \u2013 herrlich. Hier hatte die Natur mitgeschm\u00fcckt. Aber\u2026","rel":"","context":"In &quot;Allgemein&quot;","block_context":{"text":"Allgemein","link":"https:\/\/paulinenaue.info\/index.php\/category\/allgemein\/"},"img":{"alt_text":"","src":"https:\/\/i0.wp.com\/paulinenaue.info\/wp-content\/uploads\/2019\/04\/DSC00046.jpg?resize=350%2C200&ssl=1","width":350,"height":200,"srcset":"https:\/\/i0.wp.com\/paulinenaue.info\/wp-content\/uploads\/2019\/04\/DSC00046.jpg?resize=350%2C200&ssl=1 1x, https:\/\/i0.wp.com\/paulinenaue.info\/wp-content\/uploads\/2019\/04\/DSC00046.jpg?resize=525%2C300&ssl=1 1.5x, https:\/\/i0.wp.com\/paulinenaue.info\/wp-content\/uploads\/2019\/04\/DSC00046.jpg?resize=700%2C400&ssl=1 2x"},"classes":[]},{"id":5727,"url":"https:\/\/paulinenaue.info\/index.php\/osterstrauss-des-jahres-2021\/","url_meta":{"origin":415124,"position":1},"title":"Osterstrau\u00df des Jahres 2021","author":"Sarah","date":"1. April 2021","format":false,"excerpt":"Auch in diesem Jahr werden Traditionen gewahrt und der Osterstrau\u00df des Jahres gek\u00fcrt. Bei Sonnenschein machten sich zwei Kulturvereinsmitglieder auf eine Erkundungstour durch Paulinenaue, um den am sch\u00f6nsten geschm\u00fcckten Strau\u00df zu finden. Neben mehreren \u00f6sterlich dekorierten Str\u00e4uchern in den Vorg\u00e4rten, wie in der Gartenstra\u00dfe, fiel ein Exemplar ganz besonders ins\u2026","rel":"","context":"In &quot;Allgemein&quot;","block_context":{"text":"Allgemein","link":"https:\/\/paulinenaue.info\/index.php\/category\/allgemein\/"},"img":{"alt_text":"","src":"https:\/\/i0.wp.com\/paulinenaue.info\/wp-content\/uploads\/2021\/04\/osterstrauss-blog-paue-titel.jpeg?resize=350%2C200&ssl=1","width":350,"height":200,"srcset":"https:\/\/i0.wp.com\/paulinenaue.info\/wp-content\/uploads\/2021\/04\/osterstrauss-blog-paue-titel.jpeg?resize=350%2C200&ssl=1 1x, https:\/\/i0.wp.com\/paulinenaue.info\/wp-content\/uploads\/2021\/04\/osterstrauss-blog-paue-titel.jpeg?resize=525%2C300&ssl=1 1.5x, https:\/\/i0.wp.com\/paulinenaue.info\/wp-content\/uploads\/2021\/04\/osterstrauss-blog-paue-titel.jpeg?resize=700%2C400&ssl=1 2x, https:\/\/i0.wp.com\/paulinenaue.info\/wp-content\/uploads\/2021\/04\/osterstrauss-blog-paue-titel.jpeg?resize=1050%2C600&ssl=1 3x"},"classes":[]},{"id":4674,"url":"https:\/\/paulinenaue.info\/index.php\/der-osterstrauss-des-jahres-2014\/","url_meta":{"origin":415124,"position":2},"title":"Der Osterstrau\u00df des Jahres 2014","author":"Joachim Scholz","date":"21. April 2014","format":false,"excerpt":"Viele Osterstr\u00e4u\u00dfe sind auch in diesem Jahr wieder in Paulinenauer G\u00e4rten zu bestaunen, so dass die Jury f\u00fcr den \u201ePaulinenauer Osterstrau\u00df des Jahres\u201c beim Durchfahren des Ortes am Ostermontag kein leichtes Spiel hatte. In der Waldstra\u00dfe aber zieht ein Strau\u00df die Blicke besonders auf sich. Hier steht im Garten von\u2026","rel":"","context":"In &quot;Allgemein&quot;","block_context":{"text":"Allgemein","link":"https:\/\/paulinenaue.info\/index.php\/category\/allgemein\/"},"img":{"alt_text":"","src":"https:\/\/i0.wp.com\/paulinenaue.info\/wp-content\/uploads\/2019\/04\/20140421_osterstrauss_christine_lass.jpg?resize=350%2C200&ssl=1","width":350,"height":200,"srcset":"https:\/\/i0.wp.com\/paulinenaue.info\/wp-content\/uploads\/2019\/04\/20140421_osterstrauss_christine_lass.jpg?resize=350%2C200&ssl=1 1x, https:\/\/i0.wp.com\/paulinenaue.info\/wp-content\/uploads\/2019\/04\/20140421_osterstrauss_christine_lass.jpg?resize=525%2C300&ssl=1 1.5x, https:\/\/i0.wp.com\/paulinenaue.info\/wp-content\/uploads\/2019\/04\/20140421_osterstrauss_christine_lass.jpg?resize=700%2C400&ssl=1 2x"},"classes":[]},{"id":419258,"url":"https:\/\/paulinenaue.info\/index.php\/der-osterstrauss-des-jahres-2026\/","url_meta":{"origin":415124,"position":3},"title":"Der Osterstrau\u00df des Jahres 2026","author":"Joachim Scholz","date":"4. April 2026","format":false,"excerpt":"Erkundungen in Paulinenaue und Selbelang \u201eThere is nothing you can do that can't be done,\u201c sangen 1967 die Beatles in ihrem Klassiker \u201eAll You Need is Love\u201c. Es gibt nichts Originelles, alles ist so oder \u00e4hnlich schon mal da gewesen. Wenn man allerdings \u201eOsterstrau\u00df des Jahres \u201c in die KI\u2026","rel":"","context":"In &quot;Allgemein&quot;","block_context":{"text":"Allgemein","link":"https:\/\/paulinenaue.info\/index.php\/category\/allgemein\/"},"img":{"alt_text":"","src":"https:\/\/i0.wp.com\/paulinenaue.info\/wp-content\/uploads\/2026\/04\/2026-04-04-Osterstrauss-01.jpeg?resize=350%2C200&ssl=1","width":350,"height":200,"srcset":"https:\/\/i0.wp.com\/paulinenaue.info\/wp-content\/uploads\/2026\/04\/2026-04-04-Osterstrauss-01.jpeg?resize=350%2C200&ssl=1 1x, https:\/\/i0.wp.com\/paulinenaue.info\/wp-content\/uploads\/2026\/04\/2026-04-04-Osterstrauss-01.jpeg?resize=525%2C300&ssl=1 1.5x, https:\/\/i0.wp.com\/paulinenaue.info\/wp-content\/uploads\/2026\/04\/2026-04-04-Osterstrauss-01.jpeg?resize=700%2C400&ssl=1 2x"},"classes":[]},{"id":416108,"url":"https:\/\/paulinenaue.info\/index.php\/der-osterstrauss-des-jahres-2024\/","url_meta":{"origin":415124,"position":4},"title":"Der Osterstrau\u00df des Jahres 2024","author":"Joachim Scholz","date":"24. M\u00e4rz 2024","format":false,"excerpt":"Traditionen entstehen oft, ohne dass man es bemerkt. Am Anfang sind sie einzelnes Ereignis. Erst wenn ihre Wiederholung Sinn ergibt, werden sie zur Tradition. So ist es beim Paulinenauer \u201eOsterstrau\u00df des Jahres\u201c, den der Kulturverein seit 15 Jahren k\u00fcrt. Er macht auf eine Erscheinung aufmerksam, mit der viele Haushalte so\u2026","rel":"","context":"In &quot;Allgemein&quot;","block_context":{"text":"Allgemein","link":"https:\/\/paulinenaue.info\/index.php\/category\/allgemein\/"},"img":{"alt_text":"","src":"https:\/\/i0.wp.com\/paulinenaue.info\/wp-content\/uploads\/2024\/03\/2024-03-20-Osterstrauss-Henning-02.jpeg?resize=350%2C200&ssl=1","width":350,"height":200,"srcset":"https:\/\/i0.wp.com\/paulinenaue.info\/wp-content\/uploads\/2024\/03\/2024-03-20-Osterstrauss-Henning-02.jpeg?resize=350%2C200&ssl=1 1x, https:\/\/i0.wp.com\/paulinenaue.info\/wp-content\/uploads\/2024\/03\/2024-03-20-Osterstrauss-Henning-02.jpeg?resize=525%2C300&ssl=1 1.5x, https:\/\/i0.wp.com\/paulinenaue.info\/wp-content\/uploads\/2024\/03\/2024-03-20-Osterstrauss-Henning-02.jpeg?resize=700%2C400&ssl=1 2x"},"classes":[]},{"id":109773,"url":"https:\/\/paulinenaue.info\/index.php\/vor-ostern-2022\/","url_meta":{"origin":415124,"position":5},"title":"Vor Ostern 2022","author":"Sarah","date":"8. April 2022","format":false,"excerpt":"","rel":"","context":"In &quot;Allgemein&quot;","block_context":{"text":"Allgemein","link":"https:\/\/paulinenaue.info\/index.php\/category\/allgemein\/"},"img":{"alt_text":"","src":"https:\/\/i0.wp.com\/paulinenaue.info\/wp-content\/uploads\/2022\/04\/ostern1.jpg?resize=350%2C200&ssl=1","width":350,"height":200,"srcset":"https:\/\/i0.wp.com\/paulinenaue.info\/wp-content\/uploads\/2022\/04\/ostern1.jpg?resize=350%2C200&ssl=1 1x, https:\/\/i0.wp.com\/paulinenaue.info\/wp-content\/uploads\/2022\/04\/ostern1.jpg?resize=525%2C300&ssl=1 1.5x, https:\/\/i0.wp.com\/paulinenaue.info\/wp-content\/uploads\/2022\/04\/ostern1.jpg?resize=700%2C400&ssl=1 2x, https:\/\/i0.wp.com\/paulinenaue.info\/wp-content\/uploads\/2022\/04\/ostern1.jpg?resize=1050%2C600&ssl=1 3x, https:\/\/i0.wp.com\/paulinenaue.info\/wp-content\/uploads\/2022\/04\/ostern1.jpg?resize=1400%2C800&ssl=1 4x"},"classes":[]}],"_links":{"self":[{"href":"https:\/\/paulinenaue.info\/index.php\/wp-json\/wp\/v2\/posts\/415124","targetHints":{"allow":["GET"]}}],"collection":[{"href":"https:\/\/paulinenaue.info\/index.php\/wp-json\/wp\/v2\/posts"}],"about":[{"href":"https:\/\/paulinenaue.info\/index.php\/wp-json\/wp\/v2\/types\/post"}],"author":[{"embeddable":true,"href":"https:\/\/paulinenaue.info\/index.php\/wp-json\/wp\/v2\/users\/1"}],"replies":[{"embeddable":true,"href":"https:\/\/paulinenaue.info\/index.php\/wp-json\/wp\/v2\/comments?post=415124"}],"version-history":[{"count":5,"href":"https:\/\/paulinenaue.info\/index.php\/wp-json\/wp\/v2\/posts\/415124\/revisions"}],"predecessor-version":[{"id":415141,"href":"https:\/\/paulinenaue.info\/index.php\/wp-json\/wp\/v2\/posts\/415124\/revisions\/415141"}],"wp:featuredmedia":[{"embeddable":true,"href":"https:\/\/paulinenaue.info\/index.php\/wp-json\/wp\/v2\/media\/415126"}],"wp:attachment":[{"href":"https:\/\/paulinenaue.info\/index.php\/wp-json\/wp\/v2\/media?parent=415124"}],"wp:term":[{"taxonomy":"category","embeddable":true,"href":"https:\/\/paulinenaue.info\/index.php\/wp-json\/wp\/v2\/categories?post=415124"},{"taxonomy":"post_tag","embeddable":true,"href":"https:\/\/paulinenaue.info\/index.php\/wp-json\/wp\/v2\/tags?post=415124"}],"curies":[{"name":"wp","href":"https:\/\/api.w.org\/{rel}","templated":true}]}}